{"id":82548,"date":"2023-06-16T09:08:14","date_gmt":"2023-06-16T07:08:14","guid":{"rendered":"https:\/\/centcols.org\/de-bw-foret-noire-wehr\/"},"modified":"2025-09-12T18:39:39","modified_gmt":"2025-09-12T16:39:39","slug":"von-bw-schwarzwald-wehr","status":"publish","type":"post","link":"https:\/\/centcols.org\/de\/de-bw-foret-noire-wehr\/","title":{"rendered":"DE-BW Schwarzwald Wehr - Route 28km, D+640 m, 1 Pass"},"content":{"rendered":"<iframe width=\"100%\" height=\"650\" loading=\"lazy\" src=\"https:\/\/www.openrunner.com\/embed\/31393151556e3048624a4262355371596a3345777858464963767738466e664e694a72396e39376f5737673d3a3a94df5a2fa0c4704abed5d45aa9d7c662?unit=metric\" style=\"border: none;\"><\/iframe>\n\n\n\n<h2 class=\"wp-block-heading\">Beschreibung des Autors<\/h2>\n\n\n\n<p><strong>Autorin:&nbsp;<\/strong>Jean-Luc Ceccato<\/p>\n\n\n\n<p><strong>Parcours&nbsp;<\/strong>durchgef\u00fchrt im Jahr 2022<\/p>\n\n\n\n<p><strong>Abreise&nbsp;<\/strong>Parkplatz an der Kreuzung der Frankenmatt und der Toodtmoserstrasse am n\u00f6rdlichen Ortsausgang von Wehr. H\u00f6he: 370 m<\/p>\n\n\n\n<h2 class=\"wp-block-heading\">Touristische Beschreibung<\/h2>\n\n\n\n<p>Diese Strecke verl\u00e4uft im \u00e4u\u00dfersten S\u00fcden des Schwarzwalds. Der Rhein steht im Blickpunkt.<\/p>\n\n\n\n<p>Einige Aussichtspunkte mit Blick auf die Schweizer Alpen lockern den Weg auf.<\/p>\n\n\n\n<p>1 Kragen<\/p>\n\n\n\n<p>1 Ei&nbsp;<a href=\"https:\/\/centcols.org\/de\/backup\/util\/geo\/visuGen.php\/?code=DE-BW-0668\">DE-BW-0668<\/a><\/p>\n\n\n\n<h2 class=\"wp-block-heading\">Technische Beschreibung<\/h2>\n\n\n\n<p>Die Strecke f\u00fchrt zun\u00e4chst bergab, dann bergauf und erreicht den Pass fast auf dem H\u00f6hepunkt der Spur. Es handelt sich um den s\u00fcdlichsten Pass des Schwarzwaldes. Der gesamte Weg verl\u00e4uft auf asphaltierten Stra\u00dfen.<\/p>\n\n\n\n<p>Wie bei den meisten Strecken im Schwarzwald ist man oft mit ziemlich steilen H\u00e4ngen konfrontiert.<\/p>\n\n\n\n<p>Openrunner-Link, interaktive Karte, Profil, gpx-Track&nbsp;<a href=\"https:\/\/www.openrunner.com\/route-details\/16570748\">https:\/\/www.openrunner.com\/route-details\/16570748<\/a><\/p>\n\n\n\n<p>Stichw\u00f6rter : Schwarzwald, Wehr, Baden, Bad-S\u00e4ckingen, centcols<\/p>\n\n\n\n<p class=\"has-medium-font-size\">Diese Route dient lediglich der Orientierung. Der Autor lehnt jegliche Haftung sowie die Haftung des Club des Cent Cols f\u00fcr Unw\u00e4gbarkeiten ab, die durch den Radfahrer selbst, das verwendete Material oder alles, was die Stra\u00dfe, ihre Umgebung oder andere Verkehrsteilnehmer betrifft, verursacht werden.<\/p>\n\n\n\n<p class=\"has-medium-font-size\"><strong>Link<\/strong> <strong><strong>Openrunner, interaktive Karte, Profil, gpx-Track<\/strong><\/strong> <a href=\"https:\/\/www.openrunner.com\/route-details\/16554368\" target=\"_blank\" rel=\"noopener\" title=\"\">https:\/\/www.openrunner.com\/route-details\/16570748<\/a><\/p>\n\n\n\n<p class=\"has-medium-font-size\"><strong>Schl\u00fcsselw\u00f6rter<\/strong>: Schwarzwald, Wehr, Baden, Bad-S\u00e4ckingen, centcols<\/p>\n\n\n\n<p class=\"has-medium-font-size\">Diese Route dient lediglich der Orientierung. Der Autor lehnt jegliche Haftung sowie die Haftung des Club des Cent Cols f\u00fcr Unw\u00e4gbarkeiten ab, die durch den Radfahrer selbst, das verwendete Material oder alles, was die Stra\u00dfe, ihre Umgebung oder andere Verkehrsteilnehmer betrifft, verursacht werden.<\/p>\n\n\n\n<h2 class=\"wp-block-heading\">Foto<\/h2>\n\n\n<div class=\"wp-block-image\">\n<figure class=\"aligncenter size-full is-resized\"><img loading=\"lazy\" decoding=\"async\" width=\"1000\" height=\"549\" src=\"https:\/\/centcols.org\/wp-content\/uploads\/2023\/06\/2OYY3i5ptkuFScvnlyh8VtmOWjO1.jpg\" alt=\"\" class=\"wp-image-82897\" style=\"width:800px\" srcset=\"https:\/\/centcols.org\/wp-content\/uploads\/2023\/06\/2OYY3i5ptkuFScvnlyh8VtmOWjO1.jpg 1000w, https:\/\/centcols.org\/wp-content\/uploads\/2023\/06\/2OYY3i5ptkuFScvnlyh8VtmOWjO1-768x422.jpg 768w\" sizes=\"auto, (max-width: 1000px) 100vw, 1000px\" \/><figcaption class=\"wp-element-caption\"><strong>Blick auf die Schweizer Alpen<\/strong><\/figcaption><\/figure>\n<\/div>","protected":false},"excerpt":{"rendered":"<p>Description de l&rsquo;auteur Auteur :&nbsp;Jean-Luc Ceccato Parcours&nbsp;effectu\u00e9 en 2022 D\u00e9part&nbsp;: parking au carrefour de la Frankenmatt et de la Toodtmoserstrasse \u00e0 la sortie nord de Wehr. Alt: 370 m Description Touristique Ce circuit est trac\u00e9 dans la partie extr\u00eame sud de la For\u00eat Noire. Le Rhin est en point de mire. Quelques points de vue [&hellip;]<\/p>\n","protected":false},"author":3,"featured_media":82897,"comment_status":"open","ping_status":"open","sticky":false,"template":"","format":"standard","meta":{"_acf_changed":false,"footnotes":""},"categories":[318,302,323,220],"tags":[],"class_list":["post-82548","post","type-post","status-publish","format-standard","has-post-thumbnail","hentry","category-route-type-parcours","category-parcours-allemagne","category-foret-noire-massif-parcours-membres","category-parcours-membres"],"acf":[],"yoast_head":"<!-- This site is optimized with the Yoast SEO plugin v27.2 - https:\/\/yoast.com\/product\/yoast-seo-wordpress\/ -->\n<title>DE-BW For\u00eat Noire Wehr - Route 28km, D+640 m, 1 col - Club des Cent Cols<\/title>\n<meta name=\"robots\" content=\"index, follow, max-snippet:-1, max-image-preview:large, max-video-preview:-1\" \/>\n<link rel=\"canonical\" href=\"https:\/\/centcols.org\/de\/von-bw-schwarzwald-wehr\/\" \/>\n<meta property=\"og:locale\" content=\"de_DE\" \/>\n<meta property=\"og:type\" content=\"article\" \/>\n<meta property=\"og:title\" content=\"DE-BW For\u00eat Noire Wehr - Route 28km, D+640 m, 1 col - Club des Cent Cols\" \/>\n<meta property=\"og:description\" content=\"Description de l&rsquo;auteur Auteur :&nbsp;Jean-Luc Ceccato Parcours&nbsp;effectu\u00e9 en 2022 D\u00e9part&nbsp;: parking au carrefour de la Frankenmatt et de la Toodtmoserstrasse \u00e0 la sortie nord de Wehr. Alt: 370 m Description Touristique Ce circuit est trac\u00e9 dans la partie extr\u00eame sud de la For\u00eat Noire. Le Rhin est en point de mire. Quelques points de vue [&hellip;]\" \/>\n<meta property=\"og:url\" content=\"https:\/\/centcols.org\/de\/von-bw-schwarzwald-wehr\/\" \/>\n<meta property=\"og:site_name\" content=\"Club des Cent Cols\" \/>\n<meta property=\"article:publisher\" content=\"https:\/\/www.facebook.com\/groups\/5261880558\/?locale=fr_FR\" \/>\n<meta property=\"article:published_time\" content=\"2023-06-16T07:08:14+00:00\" \/>\n<meta property=\"article:modified_time\" content=\"2025-09-12T16:39:39+00:00\" \/>\n<meta property=\"og:image\" content=\"https:\/\/centcols.org\/wp-content\/uploads\/2023\/06\/2OYY3i5ptkuFScvnlyh8VtmOWjO1.jpg\" \/>\n\t<meta property=\"og:image:width\" content=\"1000\" \/>\n\t<meta property=\"og:image:height\" content=\"549\" \/>\n\t<meta property=\"og:image:type\" content=\"image\/jpeg\" \/>\n<meta name=\"author\" content=\"Webmestre\" \/>\n<meta name=\"twitter:card\" content=\"summary_large_image\" \/>\n<meta name=\"twitter:label1\" content=\"Verfasst von\" \/>\n\t<meta name=\"twitter:data1\" content=\"Webmestre\" \/>\n\t<meta name=\"twitter:label2\" content=\"Gesch\u00e4tzte Lesezeit\" \/>\n\t<meta name=\"twitter:data2\" content=\"2\u00a0Minuten\" \/>\n<script type=\"application\/ld+json\" class=\"yoast-schema-graph\">{\"@context\":\"https:\/\/schema.org\",\"@graph\":[{\"@type\":\"Article\",\"@id\":\"https:\/\/centcols.org\/de-bw-foret-noire-wehr\/#article\",\"isPartOf\":{\"@id\":\"https:\/\/centcols.org\/de-bw-foret-noire-wehr\/\"},\"author\":{\"name\":\"Webmestre\",\"@id\":\"https:\/\/centcols.org\/#\/schema\/person\/911b404fb133d8c913dd27cdcf71c8e5\"},\"headline\":\"DE-BW For\u00eat Noire Wehr &#8211; Route 28km, D+640 m, 1 col\",\"datePublished\":\"2023-06-16T07:08:14+00:00\",\"dateModified\":\"2025-09-12T16:39:39+00:00\",\"mainEntityOfPage\":{\"@id\":\"https:\/\/centcols.org\/de-bw-foret-noire-wehr\/\"},\"wordCount\":295,\"commentCount\":0,\"publisher\":{\"@id\":\"https:\/\/centcols.org\/#organization\"},\"image\":{\"@id\":\"https:\/\/centcols.org\/de-bw-foret-noire-wehr\/#primaryimage\"},\"thumbnailUrl\":\"https:\/\/centcols.org\/wp-content\/uploads\/2023\/06\/2OYY3i5ptkuFScvnlyh8VtmOWjO1.jpg\",\"articleSection\":[\"Route\",\"Parcours Allemagne\",\"For\u00eat-Noire\",\"Parcours membres\"],\"inLanguage\":\"de\",\"potentialAction\":[{\"@type\":\"CommentAction\",\"name\":\"Comment\",\"target\":[\"https:\/\/centcols.org\/de-bw-foret-noire-wehr\/#respond\"]}]},{\"@type\":\"WebPage\",\"@id\":\"https:\/\/centcols.org\/de-bw-foret-noire-wehr\/\",\"url\":\"https:\/\/centcols.org\/de-bw-foret-noire-wehr\/\",\"name\":\"DE-BW For\u00eat Noire Wehr - Route 28km, D+640 m, 1 col - Club des Cent Cols\",\"isPartOf\":{\"@id\":\"https:\/\/centcols.org\/#website\"},\"primaryImageOfPage\":{\"@id\":\"https:\/\/centcols.org\/de-bw-foret-noire-wehr\/#primaryimage\"},\"image\":{\"@id\":\"https:\/\/centcols.org\/de-bw-foret-noire-wehr\/#primaryimage\"},\"thumbnailUrl\":\"https:\/\/centcols.org\/wp-content\/uploads\/2023\/06\/2OYY3i5ptkuFScvnlyh8VtmOWjO1.jpg\",\"datePublished\":\"2023-06-16T07:08:14+00:00\",\"dateModified\":\"2025-09-12T16:39:39+00:00\",\"breadcrumb\":{\"@id\":\"https:\/\/centcols.org\/de-bw-foret-noire-wehr\/#breadcrumb\"},\"inLanguage\":\"de\",\"potentialAction\":[{\"@type\":\"ReadAction\",\"target\":[\"https:\/\/centcols.org\/de-bw-foret-noire-wehr\/\"]}]},{\"@type\":\"ImageObject\",\"inLanguage\":\"de\",\"@id\":\"https:\/\/centcols.org\/de-bw-foret-noire-wehr\/#primaryimage\",\"url\":\"https:\/\/centcols.org\/wp-content\/uploads\/2023\/06\/2OYY3i5ptkuFScvnlyh8VtmOWjO1.jpg\",\"contentUrl\":\"https:\/\/centcols.org\/wp-content\/uploads\/2023\/06\/2OYY3i5ptkuFScvnlyh8VtmOWjO1.jpg\",\"width\":1000,\"height\":549},{\"@type\":\"BreadcrumbList\",\"@id\":\"https:\/\/centcols.org\/de-bw-foret-noire-wehr\/#breadcrumb\",\"itemListElement\":[{\"@type\":\"ListItem\",\"position\":1,\"name\":\"Accueil\",\"item\":\"https:\/\/centcols.org\/\"},{\"@type\":\"ListItem\",\"position\":2,\"name\":\"Parcours membres\",\"item\":\"https:\/\/centcols.org\/rubrique\/parcours-membres\/\"},{\"@type\":\"ListItem\",\"position\":3,\"name\":\"Pays\",\"item\":\"https:\/\/centcols.org\/rubrique\/parcours-membres\/pays-parcours-membres\/\"},{\"@type\":\"ListItem\",\"position\":4,\"name\":\"Parcours Allemagne\",\"item\":\"https:\/\/centcols.org\/rubrique\/parcours-membres\/pays-parcours-membres\/parcours-allemagne\/\"},{\"@type\":\"ListItem\",\"position\":5,\"name\":\"DE-BW For\u00eat Noire Wehr &#8211; Route 28km, D+640 m, 1 col\"}]},{\"@type\":\"WebSite\",\"@id\":\"https:\/\/centcols.org\/#website\",\"url\":\"https:\/\/centcols.org\/\",\"name\":\"Club des Cent Cols\",\"description\":\"\",\"publisher\":{\"@id\":\"https:\/\/centcols.org\/#organization\"},\"potentialAction\":[{\"@type\":\"SearchAction\",\"target\":{\"@type\":\"EntryPoint\",\"urlTemplate\":\"https:\/\/centcols.org\/?s={search_term_string}\"},\"query-input\":{\"@type\":\"PropertyValueSpecification\",\"valueRequired\":true,\"valueName\":\"search_term_string\"}}],\"inLanguage\":\"de\"},{\"@type\":\"Organization\",\"@id\":\"https:\/\/centcols.org\/#organization\",\"name\":\"Club des Cent Cols\",\"url\":\"https:\/\/centcols.org\/\",\"logo\":{\"@type\":\"ImageObject\",\"inLanguage\":\"de\",\"@id\":\"https:\/\/centcols.org\/#\/schema\/logo\/image\/\",\"url\":\"https:\/\/centcols.org\/wp-content\/uploads\/2025\/01\/carte-icone.png\",\"contentUrl\":\"https:\/\/centcols.org\/wp-content\/uploads\/2025\/01\/carte-icone.png\",\"width\":250,\"height\":250,\"caption\":\"Club des Cent Cols\"},\"image\":{\"@id\":\"https:\/\/centcols.org\/#\/schema\/logo\/image\/\"},\"sameAs\":[\"https:\/\/www.facebook.com\/groups\/5261880558\/?locale=fr_FR\"]},{\"@type\":\"Person\",\"@id\":\"https:\/\/centcols.org\/#\/schema\/person\/911b404fb133d8c913dd27cdcf71c8e5\",\"name\":\"Webmestre\",\"image\":{\"@type\":\"ImageObject\",\"inLanguage\":\"de\",\"@id\":\"https:\/\/centcols.org\/wp-content\/litespeed\/avatar\/2d246e4b6b4f773e08515e1ffc53690b.jpg?ver=1777222892\",\"url\":\"https:\/\/centcols.org\/wp-content\/litespeed\/avatar\/2d246e4b6b4f773e08515e1ffc53690b.jpg?ver=1777222892\",\"contentUrl\":\"https:\/\/centcols.org\/wp-content\/litespeed\/avatar\/2d246e4b6b4f773e08515e1ffc53690b.jpg?ver=1777222892\",\"caption\":\"Webmestre\"},\"url\":\"https:\/\/centcols.org\/de\/author\/webmestre\/\"}]}<\/script>\n<!-- \/ Yoast SEO plugin. -->","yoast_head_json":{"title":"DE-BW Schwarzwald Wehr - Route 28km, D+640 m, 1 Pass - Club des Cent Cols","robots":{"index":"index","follow":"follow","max-snippet":"max-snippet:-1","max-image-preview":"max-image-preview:large","max-video-preview":"max-video-preview:-1"},"canonical":"https:\/\/centcols.org\/de\/von-bw-schwarzwald-wehr\/","og_locale":"de_DE","og_type":"article","og_title":"DE-BW For\u00eat Noire Wehr - Route 28km, D+640 m, 1 col - Club des Cent Cols","og_description":"Description de l&rsquo;auteur Auteur :&nbsp;Jean-Luc Ceccato Parcours&nbsp;effectu\u00e9 en 2022 D\u00e9part&nbsp;: parking au carrefour de la Frankenmatt et de la Toodtmoserstrasse \u00e0 la sortie nord de Wehr. Alt: 370 m Description Touristique Ce circuit est trac\u00e9 dans la partie extr\u00eame sud de la For\u00eat Noire. Le Rhin est en point de mire. Quelques points de vue [&hellip;]","og_url":"https:\/\/centcols.org\/de\/von-bw-schwarzwald-wehr\/","og_site_name":"Club des Cent Cols","article_publisher":"https:\/\/www.facebook.com\/groups\/5261880558\/?locale=fr_FR","article_published_time":"2023-06-16T07:08:14+00:00","article_modified_time":"2025-09-12T16:39:39+00:00","og_image":[{"width":1000,"height":549,"url":"https:\/\/centcols.org\/wp-content\/uploads\/2023\/06\/2OYY3i5ptkuFScvnlyh8VtmOWjO1.jpg","type":"image\/jpeg"}],"author":"Webmestre","twitter_card":"summary_large_image","twitter_misc":{"Verfasst von":"Webmestre","Gesch\u00e4tzte Lesezeit":"2\u00a0Minuten"},"schema":{"@context":"https:\/\/schema.org","@graph":[{"@type":"Article","@id":"https:\/\/centcols.org\/de-bw-foret-noire-wehr\/#article","isPartOf":{"@id":"https:\/\/centcols.org\/de-bw-foret-noire-wehr\/"},"author":{"name":"Webmestre","@id":"https:\/\/centcols.org\/#\/schema\/person\/911b404fb133d8c913dd27cdcf71c8e5"},"headline":"DE-BW For\u00eat Noire Wehr &#8211; Route 28km, D+640 m, 1 col","datePublished":"2023-06-16T07:08:14+00:00","dateModified":"2025-09-12T16:39:39+00:00","mainEntityOfPage":{"@id":"https:\/\/centcols.org\/de-bw-foret-noire-wehr\/"},"wordCount":295,"commentCount":0,"publisher":{"@id":"https:\/\/centcols.org\/#organization"},"image":{"@id":"https:\/\/centcols.org\/de-bw-foret-noire-wehr\/#primaryimage"},"thumbnailUrl":"https:\/\/centcols.org\/wp-content\/uploads\/2023\/06\/2OYY3i5ptkuFScvnlyh8VtmOWjO1.jpg","articleSection":["Route","Parcours Allemagne","For\u00eat-Noire","Parcours membres"],"inLanguage":"de","potentialAction":[{"@type":"CommentAction","name":"Comment","target":["https:\/\/centcols.org\/de-bw-foret-noire-wehr\/#respond"]}]},{"@type":"WebPage","@id":"https:\/\/centcols.org\/de-bw-foret-noire-wehr\/","url":"https:\/\/centcols.org\/de-bw-foret-noire-wehr\/","name":"DE-BW Schwarzwald Wehr - Route 28km, D+640 m, 1 Pass - Club des Cent Cols","isPartOf":{"@id":"https:\/\/centcols.org\/#website"},"primaryImageOfPage":{"@id":"https:\/\/centcols.org\/de-bw-foret-noire-wehr\/#primaryimage"},"image":{"@id":"https:\/\/centcols.org\/de-bw-foret-noire-wehr\/#primaryimage"},"thumbnailUrl":"https:\/\/centcols.org\/wp-content\/uploads\/2023\/06\/2OYY3i5ptkuFScvnlyh8VtmOWjO1.jpg","datePublished":"2023-06-16T07:08:14+00:00","dateModified":"2025-09-12T16:39:39+00:00","breadcrumb":{"@id":"https:\/\/centcols.org\/de-bw-foret-noire-wehr\/#breadcrumb"},"inLanguage":"de","potentialAction":[{"@type":"ReadAction","target":["https:\/\/centcols.org\/de-bw-foret-noire-wehr\/"]}]},{"@type":"ImageObject","inLanguage":"de","@id":"https:\/\/centcols.org\/de-bw-foret-noire-wehr\/#primaryimage","url":"https:\/\/centcols.org\/wp-content\/uploads\/2023\/06\/2OYY3i5ptkuFScvnlyh8VtmOWjO1.jpg","contentUrl":"https:\/\/centcols.org\/wp-content\/uploads\/2023\/06\/2OYY3i5ptkuFScvnlyh8VtmOWjO1.jpg","width":1000,"height":549},{"@type":"BreadcrumbList","@id":"https:\/\/centcols.org\/de-bw-foret-noire-wehr\/#breadcrumb","itemListElement":[{"@type":"ListItem","position":1,"name":"Accueil","item":"https:\/\/centcols.org\/"},{"@type":"ListItem","position":2,"name":"Parcours membres","item":"https:\/\/centcols.org\/rubrique\/parcours-membres\/"},{"@type":"ListItem","position":3,"name":"Pays","item":"https:\/\/centcols.org\/rubrique\/parcours-membres\/pays-parcours-membres\/"},{"@type":"ListItem","position":4,"name":"Parcours Allemagne","item":"https:\/\/centcols.org\/rubrique\/parcours-membres\/pays-parcours-membres\/parcours-allemagne\/"},{"@type":"ListItem","position":5,"name":"DE-BW For\u00eat Noire Wehr &#8211; Route 28km, D+640 m, 1 col"}]},{"@type":"WebSite","@id":"https:\/\/centcols.org\/#website","url":"https:\/\/centcols.org\/","name":"Club des Cent Cols","description":"","publisher":{"@id":"https:\/\/centcols.org\/#organization"},"potentialAction":[{"@type":"SearchAction","target":{"@type":"EntryPoint","urlTemplate":"https:\/\/centcols.org\/?s={search_term_string}"},"query-input":{"@type":"PropertyValueSpecification","valueRequired":true,"valueName":"search_term_string"}}],"inLanguage":"de"},{"@type":"Organization","@id":"https:\/\/centcols.org\/#organization","name":"Club des Cent Cols","url":"https:\/\/centcols.org\/","logo":{"@type":"ImageObject","inLanguage":"de","@id":"https:\/\/centcols.org\/#\/schema\/logo\/image\/","url":"https:\/\/centcols.org\/wp-content\/uploads\/2025\/01\/carte-icone.png","contentUrl":"https:\/\/centcols.org\/wp-content\/uploads\/2025\/01\/carte-icone.png","width":250,"height":250,"caption":"Club des Cent Cols"},"image":{"@id":"https:\/\/centcols.org\/#\/schema\/logo\/image\/"},"sameAs":["https:\/\/www.facebook.com\/groups\/5261880558\/?locale=fr_FR"]},{"@type":"Person","@id":"https:\/\/centcols.org\/#\/schema\/person\/911b404fb133d8c913dd27cdcf71c8e5","name":"Webmaster","image":{"@type":"ImageObject","inLanguage":"de","@id":"https:\/\/centcols.org\/wp-content\/litespeed\/avatar\/2d246e4b6b4f773e08515e1ffc53690b.jpg?ver=1777222892","url":"https:\/\/centcols.org\/wp-content\/litespeed\/avatar\/2d246e4b6b4f773e08515e1ffc53690b.jpg?ver=1777222892","contentUrl":"https:\/\/centcols.org\/wp-content\/litespeed\/avatar\/2d246e4b6b4f773e08515e1ffc53690b.jpg?ver=1777222892","caption":"Webmestre"},"url":"https:\/\/centcols.org\/de\/author\/webmestre\/"}]}},"_links":{"self":[{"href":"https:\/\/centcols.org\/de\/wp-json\/wp\/v2\/posts\/82548","targetHints":{"allow":["GET"]}}],"collection":[{"href":"https:\/\/centcols.org\/de\/wp-json\/wp\/v2\/posts"}],"about":[{"href":"https:\/\/centcols.org\/de\/wp-json\/wp\/v2\/types\/post"}],"author":[{"embeddable":true,"href":"https:\/\/centcols.org\/de\/wp-json\/wp\/v2\/users\/3"}],"replies":[{"embeddable":true,"href":"https:\/\/centcols.org\/de\/wp-json\/wp\/v2\/comments?post=82548"}],"version-history":[{"count":0,"href":"https:\/\/centcols.org\/de\/wp-json\/wp\/v2\/posts\/82548\/revisions"}],"wp:featuredmedia":[{"embeddable":true,"href":"https:\/\/centcols.org\/de\/wp-json\/wp\/v2\/media\/82897"}],"wp:attachment":[{"href":"https:\/\/centcols.org\/de\/wp-json\/wp\/v2\/media?parent=82548"}],"wp:term":[{"taxonomy":"category","embeddable":true,"href":"https:\/\/centcols.org\/de\/wp-json\/wp\/v2\/categories?post=82548"},{"taxonomy":"post_tag","embeddable":true,"href":"https:\/\/centcols.org\/de\/wp-json\/wp\/v2\/tags?post=82548"}],"curies":[{"name":"wp","href":"https:\/\/api.w.org\/{rel}","templated":true}]}}