{"id":82554,"date":"2023-12-21T16:53:24","date_gmt":"2023-12-21T14:53:24","guid":{"rendered":"https:\/\/centcols.org\/mon-tour-de-lhexagone-a-velo-7600-kilometres-le-long-des-frontieres-francaises\/"},"modified":"2026-02-09T18:16:42","modified_gmt":"2026-02-09T16:16:42","slug":"meine-fahrradtour-durch-das-lhexagon-7600-kilometer-entlang-der-franzosischen-grenzen","status":"publish","type":"post","link":"https:\/\/centcols.org\/de\/mon-tour-de-lhexagone-a-velo-7600-kilometres-le-long-des-frontieres-francaises\/","title":{"rendered":"Meine Fahrradtour durch das Hexagon -7600 Kilometer entlang der franz\u00f6sischen Grenzen"},"content":{"rendered":"<div class=\"wp-block-image\">\n<figure class=\"aligncenter size-full\"><img loading=\"lazy\" decoding=\"async\" width=\"800\" height=\"498\" src=\"https:\/\/centcols.org\/wp-content\/uploads\/2025\/05\/Couverture-Hexagone.png\" alt=\"\" class=\"wp-image-82555\" srcset=\"https:\/\/centcols.org\/wp-content\/uploads\/2025\/05\/Couverture-Hexagone.png 800w, https:\/\/centcols.org\/wp-content\/uploads\/2025\/05\/Couverture-Hexagone-768x478.png 768w\" sizes=\"auto, (max-width: 800px) 100vw, 800px\" \/><figcaption class=\"wp-element-caption\"><strong>Buch Chamina Edition (Fotos und Karten) ver\u00f6ffentlicht im Oktober 2023, ISBN: 978-2-84466-619-2 <\/strong><\/figcaption><\/figure>\n<\/div>\n\n\n<p>Pierre H\u00e9rant (CC-Mitglied Nr. 7946) hat seine eigene Tour de France unternommen und dabei die f\u00fcnf Gipfel des Hexagons mit dem Fahrradcamping verbunden, auf einer von R\u00e9gis Paraz erstellten Spur, die so nah wie m\u00f6glich an den Grenzen und K\u00fcsten entlangf\u00fchrt und die gro\u00dfen P\u00e4sse der Alpen und der Pyren\u00e4en \u00fcberquert. In einem sch\u00f6nen gro\u00dfformatigen Buch mit 192 Seiten, das mit 320 Farbfotos und allen Karten der Strecke illustriert ist, beschreibt er mit dem Auge eines Fotografen und der Feder eines Enthusiasten seine 84 Etappen mit insgesamt 7600 km, 80000 positiven H\u00f6henmetern und \u00fcber 80 \u00fcberquerten P\u00e4ssen, die er in sechs Kapiteln f\u00fcr jede Seite des Hexagons aufteilt:<\/p>\n\n\n\n<p>- 1. Seite von Menton (Seealpen) nach Lauterbourg (Niederrhein) w\u00e4hrend 1530 km und 23.260 m D+,&nbsp;<\/p>\n\n\n\n<ul class=\"wp-block-list\">\n<li>3. Seite von Bray-Dunes nach Plouarzel (Finist\u00e8re) w\u00e4hrend 1800 km und 14 400 m D+,<\/li>\n\n\n\n<li>4. Seite von Plourzel nach Hendaye (Pyr\u00e9n\u00e9es-Atlantiques) w\u00e4hrend 1750 km und 10 200 m D+,\u00a0<\/li>\n\n\n\n<li>5. Seite von Hendaye nach Cerb\u00e8re (Pyr\u00e9n\u00e9es-Orientales) w\u00e4hrend 925 km und 19.450 m D+,\u00a0<\/li>\n\n\n\n<li>6. Seite von Cerb\u00e8re nach Menton (Alpes-Maritimes) w\u00e4hrend 745 km und 4 150 m D+ .<\/li>\n<\/ul>\n\n\n\n<p>Je nach verf\u00fcgbarer Zeit kann jede\/r seine\/ihre eigene Tour de France ein- oder mehrmals durchf\u00fchren, mit dem Muskelfahrrad oder dem E-Bike, mit Satteltaschen, im Bikepacking oder im leichten Modus mit Unterst\u00fctzung, und sie an einem beliebigen Ort beginnen, unabh\u00e4ngig von der Jahreszeit (au\u00dfer im Winter f\u00fcr die Bergetappen).<\/p>\n\n\n\n<p>Um mehr Informationen \u00fcber die Verf\u00fcgbarkeit von B\u00fcchern zu erhalten: mehr Informationen \u00fcber die Verf\u00fcgbarkeit von B\u00fcchern zu erhalten. <a href=\"https:\/\/www.fnac.com\/ia11080022\/Pierre-Herant\">fnac.com\/ia11080022\/Pierre-Herant<\/a><br><\/p>","protected":false},"excerpt":{"rendered":"<p>Pierre H\u00e9rant (membre CC n\u00b07946) a effectu\u00e9 son propre Tour de France, reliant en cyclocamping les cinq sommets de l&rsquo;Hexagone sur une trace pr\u00e9c\u00e9demment cr\u00e9\u00e9e par R\u00e9gis Paraz\u00a0au plus pr\u00e8s des fronti\u00e8res et des littoraux et franchissant les grands cols des Alpes et des Pyr\u00e9n\u00e9es.\u00a0Dans un beau livre grand format de 192 pages illustr\u00e9 par [&hellip;]<\/p>\n","protected":false},"author":3,"featured_media":82555,"comment_status":"open","ping_status":"closed","sticky":false,"template":"","format":"standard","meta":{"_acf_changed":false,"footnotes":""},"categories":[309,129],"tags":[],"class_list":["post-82554","post","type-post","status-publish","format-standard","has-post-thumbnail","hentry","category-lectures","category-gazette"],"acf":[],"yoast_head":"<!-- This site is optimized with the Yoast SEO plugin v27.2 - https:\/\/yoast.com\/product\/yoast-seo-wordpress\/ -->\n<title>Mon tour de l&#039;hexagone \u00e0 V\u00e9lo -7600 kilom\u00e8tres le long des fronti\u00e8res fran\u00e7aises - Club des Cent Cols<\/title>\n<meta name=\"robots\" content=\"index, follow, max-snippet:-1, max-image-preview:large, max-video-preview:-1\" \/>\n<link rel=\"canonical\" href=\"https:\/\/centcols.org\/de\/meine-fahrradtour-durch-das-lhexagon-7600-kilometer-entlang-der-franzosischen-grenzen\/\" \/>\n<meta property=\"og:locale\" content=\"de_DE\" \/>\n<meta property=\"og:type\" content=\"article\" \/>\n<meta property=\"og:title\" content=\"Mon tour de l&#039;hexagone \u00e0 V\u00e9lo -7600 kilom\u00e8tres le long des fronti\u00e8res fran\u00e7aises - Club des Cent Cols\" \/>\n<meta property=\"og:description\" content=\"Pierre H\u00e9rant (membre CC n\u00b07946) a effectu\u00e9 son propre Tour de France, reliant en cyclocamping les cinq sommets de l&rsquo;Hexagone sur une trace pr\u00e9c\u00e9demment cr\u00e9\u00e9e par R\u00e9gis Paraz\u00a0au plus pr\u00e8s des fronti\u00e8res et des littoraux et franchissant les grands cols des Alpes et des Pyr\u00e9n\u00e9es.\u00a0Dans un beau livre grand format de 192 pages illustr\u00e9 par [&hellip;]\" \/>\n<meta property=\"og:url\" content=\"https:\/\/centcols.org\/de\/meine-fahrradtour-durch-das-lhexagon-7600-kilometer-entlang-der-franzosischen-grenzen\/\" \/>\n<meta property=\"og:site_name\" content=\"Club des Cent Cols\" \/>\n<meta property=\"article:publisher\" content=\"https:\/\/www.facebook.com\/groups\/5261880558\/?locale=fr_FR\" \/>\n<meta property=\"article:published_time\" content=\"2023-12-21T14:53:24+00:00\" \/>\n<meta property=\"article:modified_time\" content=\"2026-02-09T16:16:42+00:00\" \/>\n<meta property=\"og:image\" content=\"https:\/\/centcols.org\/wp-content\/uploads\/2025\/05\/Couverture-Hexagone.png\" \/>\n\t<meta property=\"og:image:width\" content=\"800\" \/>\n\t<meta property=\"og:image:height\" content=\"498\" \/>\n\t<meta property=\"og:image:type\" content=\"image\/png\" \/>\n<meta name=\"author\" content=\"Webmestre\" \/>\n<meta name=\"twitter:card\" content=\"summary_large_image\" \/>\n<meta name=\"twitter:label1\" content=\"Verfasst von\" \/>\n\t<meta name=\"twitter:data1\" content=\"Webmestre\" \/>\n\t<meta name=\"twitter:label2\" content=\"Gesch\u00e4tzte Lesezeit\" \/>\n\t<meta name=\"twitter:data2\" content=\"2\u00a0Minuten\" \/>\n<script type=\"application\/ld+json\" class=\"yoast-schema-graph\">{\"@context\":\"https:\/\/schema.org\",\"@graph\":[{\"@type\":\"Article\",\"@id\":\"https:\/\/centcols.org\/mon-tour-de-lhexagone-a-velo-7600-kilometres-le-long-des-frontieres-francaises\/#article\",\"isPartOf\":{\"@id\":\"https:\/\/centcols.org\/mon-tour-de-lhexagone-a-velo-7600-kilometres-le-long-des-frontieres-francaises\/\"},\"author\":{\"name\":\"Webmestre\",\"@id\":\"https:\/\/centcols.org\/#\/schema\/person\/911b404fb133d8c913dd27cdcf71c8e5\"},\"headline\":\"Mon tour de l&rsquo;hexagone \u00e0 V\u00e9lo -7600 kilom\u00e8tres le long des fronti\u00e8res fran\u00e7aises\",\"datePublished\":\"2023-12-21T14:53:24+00:00\",\"dateModified\":\"2026-02-09T16:16:42+00:00\",\"mainEntityOfPage\":{\"@id\":\"https:\/\/centcols.org\/mon-tour-de-lhexagone-a-velo-7600-kilometres-le-long-des-frontieres-francaises\/\"},\"wordCount\":321,\"commentCount\":0,\"publisher\":{\"@id\":\"https:\/\/centcols.org\/#organization\"},\"image\":{\"@id\":\"https:\/\/centcols.org\/mon-tour-de-lhexagone-a-velo-7600-kilometres-le-long-des-frontieres-francaises\/#primaryimage\"},\"thumbnailUrl\":\"https:\/\/centcols.org\/wp-content\/uploads\/2025\/05\/Couverture-Hexagone.png\",\"articleSection\":[\"Lectures\",\"Gazette\"],\"inLanguage\":\"de\",\"potentialAction\":[{\"@type\":\"CommentAction\",\"name\":\"Comment\",\"target\":[\"https:\/\/centcols.org\/mon-tour-de-lhexagone-a-velo-7600-kilometres-le-long-des-frontieres-francaises\/#respond\"]}]},{\"@type\":\"WebPage\",\"@id\":\"https:\/\/centcols.org\/mon-tour-de-lhexagone-a-velo-7600-kilometres-le-long-des-frontieres-francaises\/\",\"url\":\"https:\/\/centcols.org\/mon-tour-de-lhexagone-a-velo-7600-kilometres-le-long-des-frontieres-francaises\/\",\"name\":\"Mon tour de l'hexagone \u00e0 V\u00e9lo -7600 kilom\u00e8tres le long des fronti\u00e8res fran\u00e7aises - Club des Cent Cols\",\"isPartOf\":{\"@id\":\"https:\/\/centcols.org\/#website\"},\"primaryImageOfPage\":{\"@id\":\"https:\/\/centcols.org\/mon-tour-de-lhexagone-a-velo-7600-kilometres-le-long-des-frontieres-francaises\/#primaryimage\"},\"image\":{\"@id\":\"https:\/\/centcols.org\/mon-tour-de-lhexagone-a-velo-7600-kilometres-le-long-des-frontieres-francaises\/#primaryimage\"},\"thumbnailUrl\":\"https:\/\/centcols.org\/wp-content\/uploads\/2025\/05\/Couverture-Hexagone.png\",\"datePublished\":\"2023-12-21T14:53:24+00:00\",\"dateModified\":\"2026-02-09T16:16:42+00:00\",\"breadcrumb\":{\"@id\":\"https:\/\/centcols.org\/mon-tour-de-lhexagone-a-velo-7600-kilometres-le-long-des-frontieres-francaises\/#breadcrumb\"},\"inLanguage\":\"de\",\"potentialAction\":[{\"@type\":\"ReadAction\",\"target\":[\"https:\/\/centcols.org\/mon-tour-de-lhexagone-a-velo-7600-kilometres-le-long-des-frontieres-francaises\/\"]}]},{\"@type\":\"ImageObject\",\"inLanguage\":\"de\",\"@id\":\"https:\/\/centcols.org\/mon-tour-de-lhexagone-a-velo-7600-kilometres-le-long-des-frontieres-francaises\/#primaryimage\",\"url\":\"https:\/\/centcols.org\/wp-content\/uploads\/2025\/05\/Couverture-Hexagone.png\",\"contentUrl\":\"https:\/\/centcols.org\/wp-content\/uploads\/2025\/05\/Couverture-Hexagone.png\",\"width\":800,\"height\":498},{\"@type\":\"BreadcrumbList\",\"@id\":\"https:\/\/centcols.org\/mon-tour-de-lhexagone-a-velo-7600-kilometres-le-long-des-frontieres-francaises\/#breadcrumb\",\"itemListElement\":[{\"@type\":\"ListItem\",\"position\":1,\"name\":\"Accueil\",\"item\":\"https:\/\/centcols.org\/\"},{\"@type\":\"ListItem\",\"position\":2,\"name\":\"Gazette\",\"item\":\"https:\/\/centcols.org\/rubrique\/gazette\/\"},{\"@type\":\"ListItem\",\"position\":3,\"name\":\"Mon tour de l&rsquo;hexagone \u00e0 V\u00e9lo -7600 kilom\u00e8tres le long des fronti\u00e8res fran\u00e7aises\"}]},{\"@type\":\"WebSite\",\"@id\":\"https:\/\/centcols.org\/#website\",\"url\":\"https:\/\/centcols.org\/\",\"name\":\"Club des Cent Cols\",\"description\":\"\",\"publisher\":{\"@id\":\"https:\/\/centcols.org\/#organization\"},\"potentialAction\":[{\"@type\":\"SearchAction\",\"target\":{\"@type\":\"EntryPoint\",\"urlTemplate\":\"https:\/\/centcols.org\/?s={search_term_string}\"},\"query-input\":{\"@type\":\"PropertyValueSpecification\",\"valueRequired\":true,\"valueName\":\"search_term_string\"}}],\"inLanguage\":\"de\"},{\"@type\":\"Organization\",\"@id\":\"https:\/\/centcols.org\/#organization\",\"name\":\"Club des Cent Cols\",\"url\":\"https:\/\/centcols.org\/\",\"logo\":{\"@type\":\"ImageObject\",\"inLanguage\":\"de\",\"@id\":\"https:\/\/centcols.org\/#\/schema\/logo\/image\/\",\"url\":\"https:\/\/centcols.org\/wp-content\/uploads\/2025\/01\/carte-icone.png\",\"contentUrl\":\"https:\/\/centcols.org\/wp-content\/uploads\/2025\/01\/carte-icone.png\",\"width\":250,\"height\":250,\"caption\":\"Club des Cent Cols\"},\"image\":{\"@id\":\"https:\/\/centcols.org\/#\/schema\/logo\/image\/\"},\"sameAs\":[\"https:\/\/www.facebook.com\/groups\/5261880558\/?locale=fr_FR\"]},{\"@type\":\"Person\",\"@id\":\"https:\/\/centcols.org\/#\/schema\/person\/911b404fb133d8c913dd27cdcf71c8e5\",\"name\":\"Webmestre\",\"image\":{\"@type\":\"ImageObject\",\"inLanguage\":\"de\",\"@id\":\"https:\/\/centcols.org\/wp-content\/litespeed\/avatar\/2d246e4b6b4f773e08515e1ffc53690b.jpg?ver=1777222892\",\"url\":\"https:\/\/centcols.org\/wp-content\/litespeed\/avatar\/2d246e4b6b4f773e08515e1ffc53690b.jpg?ver=1777222892\",\"contentUrl\":\"https:\/\/centcols.org\/wp-content\/litespeed\/avatar\/2d246e4b6b4f773e08515e1ffc53690b.jpg?ver=1777222892\",\"caption\":\"Webmestre\"},\"url\":\"https:\/\/centcols.org\/de\/author\/webmestre\/\"}]}<\/script>\n<!-- \/ Yoast SEO plugin. -->","yoast_head_json":{"title":"Meine Fahrradtour durch das Hexagon -7600 Kilometer entlang der franz\u00f6sischen Grenzen - Club des Cent Cols","robots":{"index":"index","follow":"follow","max-snippet":"max-snippet:-1","max-image-preview":"max-image-preview:large","max-video-preview":"max-video-preview:-1"},"canonical":"https:\/\/centcols.org\/de\/meine-fahrradtour-durch-das-lhexagon-7600-kilometer-entlang-der-franzosischen-grenzen\/","og_locale":"de_DE","og_type":"article","og_title":"Mon tour de l'hexagone \u00e0 V\u00e9lo -7600 kilom\u00e8tres le long des fronti\u00e8res fran\u00e7aises - Club des Cent Cols","og_description":"Pierre H\u00e9rant (membre CC n\u00b07946) a effectu\u00e9 son propre Tour de France, reliant en cyclocamping les cinq sommets de l&rsquo;Hexagone sur une trace pr\u00e9c\u00e9demment cr\u00e9\u00e9e par R\u00e9gis Paraz\u00a0au plus pr\u00e8s des fronti\u00e8res et des littoraux et franchissant les grands cols des Alpes et des Pyr\u00e9n\u00e9es.\u00a0Dans un beau livre grand format de 192 pages illustr\u00e9 par [&hellip;]","og_url":"https:\/\/centcols.org\/de\/meine-fahrradtour-durch-das-lhexagon-7600-kilometer-entlang-der-franzosischen-grenzen\/","og_site_name":"Club des Cent Cols","article_publisher":"https:\/\/www.facebook.com\/groups\/5261880558\/?locale=fr_FR","article_published_time":"2023-12-21T14:53:24+00:00","article_modified_time":"2026-02-09T16:16:42+00:00","og_image":[{"width":800,"height":498,"url":"https:\/\/centcols.org\/wp-content\/uploads\/2025\/05\/Couverture-Hexagone.png","type":"image\/png"}],"author":"Webmestre","twitter_card":"summary_large_image","twitter_misc":{"Verfasst von":"Webmestre","Gesch\u00e4tzte Lesezeit":"2\u00a0Minuten"},"schema":{"@context":"https:\/\/schema.org","@graph":[{"@type":"Article","@id":"https:\/\/centcols.org\/mon-tour-de-lhexagone-a-velo-7600-kilometres-le-long-des-frontieres-francaises\/#article","isPartOf":{"@id":"https:\/\/centcols.org\/mon-tour-de-lhexagone-a-velo-7600-kilometres-le-long-des-frontieres-francaises\/"},"author":{"name":"Webmestre","@id":"https:\/\/centcols.org\/#\/schema\/person\/911b404fb133d8c913dd27cdcf71c8e5"},"headline":"Mon tour de l&rsquo;hexagone \u00e0 V\u00e9lo -7600 kilom\u00e8tres le long des fronti\u00e8res fran\u00e7aises","datePublished":"2023-12-21T14:53:24+00:00","dateModified":"2026-02-09T16:16:42+00:00","mainEntityOfPage":{"@id":"https:\/\/centcols.org\/mon-tour-de-lhexagone-a-velo-7600-kilometres-le-long-des-frontieres-francaises\/"},"wordCount":321,"commentCount":0,"publisher":{"@id":"https:\/\/centcols.org\/#organization"},"image":{"@id":"https:\/\/centcols.org\/mon-tour-de-lhexagone-a-velo-7600-kilometres-le-long-des-frontieres-francaises\/#primaryimage"},"thumbnailUrl":"https:\/\/centcols.org\/wp-content\/uploads\/2025\/05\/Couverture-Hexagone.png","articleSection":["Lectures","Gazette"],"inLanguage":"de","potentialAction":[{"@type":"CommentAction","name":"Comment","target":["https:\/\/centcols.org\/mon-tour-de-lhexagone-a-velo-7600-kilometres-le-long-des-frontieres-francaises\/#respond"]}]},{"@type":"WebPage","@id":"https:\/\/centcols.org\/mon-tour-de-lhexagone-a-velo-7600-kilometres-le-long-des-frontieres-francaises\/","url":"https:\/\/centcols.org\/mon-tour-de-lhexagone-a-velo-7600-kilometres-le-long-des-frontieres-francaises\/","name":"Meine Fahrradtour durch das Hexagon -7600 Kilometer entlang der franz\u00f6sischen Grenzen - Club des Cent Cols","isPartOf":{"@id":"https:\/\/centcols.org\/#website"},"primaryImageOfPage":{"@id":"https:\/\/centcols.org\/mon-tour-de-lhexagone-a-velo-7600-kilometres-le-long-des-frontieres-francaises\/#primaryimage"},"image":{"@id":"https:\/\/centcols.org\/mon-tour-de-lhexagone-a-velo-7600-kilometres-le-long-des-frontieres-francaises\/#primaryimage"},"thumbnailUrl":"https:\/\/centcols.org\/wp-content\/uploads\/2025\/05\/Couverture-Hexagone.png","datePublished":"2023-12-21T14:53:24+00:00","dateModified":"2026-02-09T16:16:42+00:00","breadcrumb":{"@id":"https:\/\/centcols.org\/mon-tour-de-lhexagone-a-velo-7600-kilometres-le-long-des-frontieres-francaises\/#breadcrumb"},"inLanguage":"de","potentialAction":[{"@type":"ReadAction","target":["https:\/\/centcols.org\/mon-tour-de-lhexagone-a-velo-7600-kilometres-le-long-des-frontieres-francaises\/"]}]},{"@type":"ImageObject","inLanguage":"de","@id":"https:\/\/centcols.org\/mon-tour-de-lhexagone-a-velo-7600-kilometres-le-long-des-frontieres-francaises\/#primaryimage","url":"https:\/\/centcols.org\/wp-content\/uploads\/2025\/05\/Couverture-Hexagone.png","contentUrl":"https:\/\/centcols.org\/wp-content\/uploads\/2025\/05\/Couverture-Hexagone.png","width":800,"height":498},{"@type":"BreadcrumbList","@id":"https:\/\/centcols.org\/mon-tour-de-lhexagone-a-velo-7600-kilometres-le-long-des-frontieres-francaises\/#breadcrumb","itemListElement":[{"@type":"ListItem","position":1,"name":"Accueil","item":"https:\/\/centcols.org\/"},{"@type":"ListItem","position":2,"name":"Gazette","item":"https:\/\/centcols.org\/rubrique\/gazette\/"},{"@type":"ListItem","position":3,"name":"Mon tour de l&rsquo;hexagone \u00e0 V\u00e9lo -7600 kilom\u00e8tres le long des fronti\u00e8res fran\u00e7aises"}]},{"@type":"WebSite","@id":"https:\/\/centcols.org\/#website","url":"https:\/\/centcols.org\/","name":"Club des Cent Cols","description":"","publisher":{"@id":"https:\/\/centcols.org\/#organization"},"potentialAction":[{"@type":"SearchAction","target":{"@type":"EntryPoint","urlTemplate":"https:\/\/centcols.org\/?s={search_term_string}"},"query-input":{"@type":"PropertyValueSpecification","valueRequired":true,"valueName":"search_term_string"}}],"inLanguage":"de"},{"@type":"Organization","@id":"https:\/\/centcols.org\/#organization","name":"Club des Cent Cols","url":"https:\/\/centcols.org\/","logo":{"@type":"ImageObject","inLanguage":"de","@id":"https:\/\/centcols.org\/#\/schema\/logo\/image\/","url":"https:\/\/centcols.org\/wp-content\/uploads\/2025\/01\/carte-icone.png","contentUrl":"https:\/\/centcols.org\/wp-content\/uploads\/2025\/01\/carte-icone.png","width":250,"height":250,"caption":"Club des Cent Cols"},"image":{"@id":"https:\/\/centcols.org\/#\/schema\/logo\/image\/"},"sameAs":["https:\/\/www.facebook.com\/groups\/5261880558\/?locale=fr_FR"]},{"@type":"Person","@id":"https:\/\/centcols.org\/#\/schema\/person\/911b404fb133d8c913dd27cdcf71c8e5","name":"Webmaster","image":{"@type":"ImageObject","inLanguage":"de","@id":"https:\/\/centcols.org\/wp-content\/litespeed\/avatar\/2d246e4b6b4f773e08515e1ffc53690b.jpg?ver=1777222892","url":"https:\/\/centcols.org\/wp-content\/litespeed\/avatar\/2d246e4b6b4f773e08515e1ffc53690b.jpg?ver=1777222892","contentUrl":"https:\/\/centcols.org\/wp-content\/litespeed\/avatar\/2d246e4b6b4f773e08515e1ffc53690b.jpg?ver=1777222892","caption":"Webmestre"},"url":"https:\/\/centcols.org\/de\/author\/webmestre\/"}]}},"_links":{"self":[{"href":"https:\/\/centcols.org\/de\/wp-json\/wp\/v2\/posts\/82554","targetHints":{"allow":["GET"]}}],"collection":[{"href":"https:\/\/centcols.org\/de\/wp-json\/wp\/v2\/posts"}],"about":[{"href":"https:\/\/centcols.org\/de\/wp-json\/wp\/v2\/types\/post"}],"author":[{"embeddable":true,"href":"https:\/\/centcols.org\/de\/wp-json\/wp\/v2\/users\/3"}],"replies":[{"embeddable":true,"href":"https:\/\/centcols.org\/de\/wp-json\/wp\/v2\/comments?post=82554"}],"version-history":[{"count":0,"href":"https:\/\/centcols.org\/de\/wp-json\/wp\/v2\/posts\/82554\/revisions"}],"wp:featuredmedia":[{"embeddable":true,"href":"https:\/\/centcols.org\/de\/wp-json\/wp\/v2\/media\/82555"}],"wp:attachment":[{"href":"https:\/\/centcols.org\/de\/wp-json\/wp\/v2\/media?parent=82554"}],"wp:term":[{"taxonomy":"category","embeddable":true,"href":"https:\/\/centcols.org\/de\/wp-json\/wp\/v2\/categories?post=82554"},{"taxonomy":"post_tag","embeddable":true,"href":"https:\/\/centcols.org\/de\/wp-json\/wp\/v2\/tags?post=82554"}],"curies":[{"name":"wp","href":"https:\/\/api.w.org\/{rel}","templated":true}]}}