{"id":82615,"date":"2024-05-06T14:05:05","date_gmt":"2024-05-06T12:05:05","guid":{"rendered":"https:\/\/centcols.org\/col-du-sabot\/"},"modified":"2025-11-06T04:14:36","modified_gmt":"2025-11-06T02:14:36","slug":"hufbeinhals","status":"publish","type":"post","link":"https:\/\/centcols.org\/de\/col-du-sabot\/","title":{"rendered":"Col du Sabot"},"content":{"rendered":"<p>Die <strong>Col du Sabot<\/strong> (<a href=\"https:\/\/centcols.org\/de\/util\/geo\/visu.php\/?code=FR-38-2100b\" target=\"_blank\" rel=\"noreferrer noopener\">FR-38-2100b<\/a>) ist der einzige \u00fcber 2000 m hohe Pass im D\u00e9partement Is\u00e8re ... und das auch nur auf einer Seite.<\/p>\n\n\n\n<figure class=\"wp-block-image size-full\"><img loading=\"lazy\" decoding=\"async\" width=\"732\" height=\"434\" src=\"https:\/\/centcols.org\/wp-content\/uploads\/2025\/05\/Carte-SABOT.jpg\" alt=\"\" class=\"wp-image-82616\"\/><figcaption class=\"wp-element-caption\"><em>Das blaue Kreuz zeigt die Position des Col du Sabot an.<\/em><\/figcaption><\/figure>\n\n\n\n<h2 class=\"wp-block-heading\">Ortsnamenkunde<\/h2>\n\n\n\n<p class=\"has-medium-font-size\">Sabot kommt von Sabaudia, Savoyen im Dialekt.<\/p>\n\n\n\n<h2 class=\"wp-block-heading\">Geographische Lage<\/h2>\n\n\n\n<h3 class=\"wp-block-heading\">Massiv<\/h3>\n\n\n\n<p class=\"has-medium-font-size\">Der Col du Sabot liegt im Massif des&nbsp;<a href=\"https:\/\/fr.wikipedia.org\/wiki\/Grandes_Rousses\" target=\"_blank\" rel=\"noreferrer noopener\">Grandes Rousses<\/a>.&nbsp;<\/p>\n\n\n\n<figure class=\"wp-block-image size-full is-resized\"><img loading=\"lazy\" decoding=\"async\" width=\"1016\" height=\"659\" src=\"https:\/\/centcols.org\/wp-content\/uploads\/2025\/05\/SABOT-VERSANT-SUD.jpg\" alt=\"\" class=\"wp-image-82617\" style=\"width:840px;height:auto\" srcset=\"https:\/\/centcols.org\/wp-content\/uploads\/2025\/05\/SABOT-VERSANT-SUD.jpg 1016w, https:\/\/centcols.org\/wp-content\/uploads\/2025\/05\/SABOT-VERSANT-SUD-768x498.jpg 768w\" sizes=\"auto, (max-width: 1016px) 100vw, 1016px\" \/><figcaption class=\"wp-element-caption\">Bildunterschrift des Autors \u00abLa bordure nord-ouest du massif des Grandes Rousses sur le versant sud du col du Sabot, vue du sud, d'avion, depuis l'aplomb de Sardonne\u00bb (Der nordwestliche Rand des Massivs der Grandes Rousses am S\u00fcdhang des Col du Sabot, aus dem Flugzeug, vom Lot von Sardonne aus gesehen).\u00bb<br>  (mit dem Mont-Blanc am Horizont ...)<\/figcaption><\/figure>\n\n\n\n<h3 class=\"wp-block-heading has-medium-font-size\">Geologie<\/h3>\n\n\n\n<p>Der Col du Sabot liegt in der Reliefvertiefung zwischen dem Massiv der Aiguillettes auf der rechten Seite und den Rochers Maupas auf der linken Seite. Durch eine kleine Verwerfung wurde hier ein kristalliner Miniblock gekippt und verschoben, wie ein vertikaler Dominostein, der sich auf seinen linken Nachbarn legt.  Die so entstandene Vertiefung wurde sp\u00e4ter mit Ablagerungen aus der Trias gef\u00fcllt. Diese triassische Dolomitbank, die das kristalline Substrat bedeckt, ist einige Dutzend Meter \u00f6stlich des Passes gut sichtbar.<\/p>\n\n\n\n<figure class=\"wp-block-image size-full is-resized\"><img loading=\"lazy\" decoding=\"async\" width=\"629\" height=\"185\" src=\"https:\/\/centcols.org\/wp-content\/uploads\/2025\/05\/image-17.png\" alt=\"\" class=\"wp-image-82618\" style=\"width:816px;height:auto\"\/><\/figure>\n\n\n\n<h3 class=\"wp-block-heading\">Hydrographie<\/h3>\n\n\n\n<p>Beide Seiten sind vom Eau d'Olle (Nebenfluss der Romanche, sp\u00e4ter des Drac und der Is\u00e8re) abh\u00e4ngig.La Vorge, ein Nebenfluss des Flumet, entspringt am Pass und flie\u00dft in s\u00fcdwestlicher Richtung.<br>Im Norden flie\u00dft der Sabot-Bach, der unterhalb des Grand'Maison-Staudamms in die Eau d'Olle m\u00fcndet.<\/p>\n\n\n\n<h2 class=\"wp-block-heading\">Zugang<\/h2>\n\n\n\n<p><strong>Durch den S\u00fcdwesten<\/strong>, Von Le Verney (in der N\u00e4he der Centrale \u00c9lectrique de l'Eau d'Olle) aus, von der Kreuzung der D526 (Route de la Croix de Fer) mit der D43a (818 m), erreichen Sie den Col du Sabot nach 14,5 km. Man durchquert Vaujany ( 10 km entfernt, Alt. 1250 m) und f\u00e4hrt \u00fcber Le Collet&nbsp; <a href=\"https:\/\/centcols.org\/de\/util\/geo\/visu.php\/?code=FR-38-1400\">DE-38-1400<\/a> &nbsp;&nbsp;(in 7,7 km Entfernung).<\/p>\n\n\n\n<figure class=\"wp-block-image size-full is-resized\"><img loading=\"lazy\" decoding=\"async\" width=\"1140\" height=\"460\" src=\"https:\/\/centcols.org\/wp-content\/uploads\/2025\/05\/Du-Col-du-Sabot.jpg\" alt=\"\" class=\"wp-image-82619\" style=\"width:800px\" srcset=\"https:\/\/centcols.org\/wp-content\/uploads\/2025\/05\/Du-Col-du-Sabot.jpg 1140w, https:\/\/centcols.org\/wp-content\/uploads\/2025\/05\/Du-Col-du-Sabot-768x310.jpg 768w\" sizes=\"auto, (max-width: 1140px) 100vw, 1140px\" \/><\/figure>\n\n\n\n<pre class=\"wp-block-preformatted\">Die Stra\u00dfe hinauf zum Col du Sabot ... im Hintergrund der Lac du Verney (Quelle: Is\u00e8re-tourisme)<\/pre>\n\n\n\n<p>Im Norden f\u00fchrt ein Pfad in 2 km zum Grand\u2019 Maison Staudamm (1705 m).<\/p>\n\n\n\n<figure class=\"wp-block-image size-full is-resized\"><img loading=\"lazy\" decoding=\"async\" width=\"1018\" height=\"681\" src=\"https:\/\/centcols.org\/wp-content\/uploads\/2025\/05\/SABOT-VERSANT-NORD-copie.jpg\" alt=\"\" class=\"wp-image-82620\" style=\"width:800px\" srcset=\"https:\/\/centcols.org\/wp-content\/uploads\/2025\/05\/SABOT-VERSANT-NORD-copie.jpg 1018w, https:\/\/centcols.org\/wp-content\/uploads\/2025\/05\/SABOT-VERSANT-NORD-copie-768x514.jpg 768w\" sizes=\"auto, (max-width: 1018px) 100vw, 1018px\" \/><\/figure>\n\n\n\n<pre class=\"wp-block-preformatted\">Legende des Autors : <em>\u00abDas n\u00f6rdliche Ende der Rochers Rissiou und die Staumauer von Grand Maison von Norden aus gesehen, von den unteren H\u00e4ngen des Rocher Pilliozan (Pfad zum Lac de l'Ane)\u00bb.\u00bb<\/em><\/pre>\n\n\n\n<h2 class=\"wp-block-heading\">Sehenswertes - Tourismus\u00a0<\/h2>\n\n\n\n<p>Auf beiden Seiten des Col du Sabot befinden sich die <a href=\"https:\/\/france3-regions.francetvinfo.fr\/auvergne-rhone-alpes\/isere\/video-immersion-a-la-centrale-hydroelectrique-de-grand-maison-en-isere-la-plus-puissante-d-europe-2274700.html\" target=\"_blank\" rel=\"noreferrer noopener\">Wasserkraftanlagen von Grand'Maison<\/a>&nbsp;:<\/p>\n\n\n\n<p><strong>Im Norden<\/strong>, Am Ende des Weges sehen Sie den Grand'Maison-Staudamm und den See.<\/p>\n\n\n\n<p><strong>Im S\u00fcdwesten<\/strong>, Von der D43a aus k\u00f6nnen Sie den Lac du Verney, das Wasserkraftwerk und das Museum EDF Hydrelec besichtigen.<\/p>\n\n\n\n<p>Beziehen Sie sich auf die Artikel <a href=\"https:\/\/centcols.org\/de\/der-eichelhals\/\" target=\"_blank\" rel=\"noreferrer noopener\">Glandon-Pass<\/a> oder <a href=\"https:\/\/centcols.org\/de\/der-pass-des-eisernen-kreuzes\/\" target=\"_blank\" rel=\"noreferrer noopener\">Col de la Croix de Fer<\/a> f\u00fcr Informationen \u00fcber Staud\u00e4mme, elektrische Anlagen und das Hydrelec-Museum.<\/p>\n\n\n\n<h2 class=\"wp-block-heading\">Administrative Situation<\/h2>\n\n\n\n<h3 class=\"wp-block-heading\">Derzeit<\/h3>\n\n\n\n<p>Der Pass und seine beiden H\u00e4nge befinden sich in der Gemeinde Vaujany (Is\u00e8re).<\/p>\n\n\n\n<h3 class=\"wp-block-heading\">Geschichte&nbsp;<\/h3>\n\n\n\n<p><strong>Laut&nbsp;<a href=\"https:\/\/www.oisans.com\/decouvrir\/les-incontournables\/col-glandon-col-de-croix-de-fer\/\" target=\"_blank\" rel=\"noreferrer noopener\">\u00aboisans.com\u00bb<\/a><\/strong>: Bis 1860 markierte der Col du Sabot die Grenze zwischen Frankreich und Savoyen. Vaujany auf der Passstra\u00dfe war damals mit einem&nbsp;<strong>Grenzposten<\/strong>&nbsp;um die Provinz Dauphin\u00e9 zu sch\u00fctzen. ... \/ ... Dort, wo sich heute der Grand'Maison-Stausee erstreckt,&nbsp;<strong>fr\u00fcher wurden gro\u00dfe Almen zwischen Franzosen und Savoyarden geteilt<\/strong>.<\/p>\n\n\n\n<p>Das Grand'Maison war ein gro\u00dfes Geb\u00e4ude, in dem die Hirten untergebracht waren. Informationen erg\u00e4nzt durch&nbsp;<strong>\u00ab&nbsp;<a href=\"https:\/\/www.isere-tourisme.com\/patrimoine-naturel\/au-col-du-sabot-2100-m\" target=\"_blank\" rel=\"noreferrer noopener\">Is\u00e8re-Tourismus&nbsp;<\/a>\u00bb&nbsp;<\/strong>Hinter dem Col du Sabot befand sich ein Grenzposten, von dem noch einige Ruinen existieren.&nbsp;<\/p>\n\n\n\n<p>Diese Rolle als Grenze mit Zollstationen endete 1850 mit dem Anschluss Savoyens an Frankreich. Der Ausbau des Stra\u00dfennetzes mit der Demokratisierung des Autos isolierte diese Stra\u00dfe zugunsten der heutigen Stra\u00dfe, die \u00fcber den Rivier d'Allemond zum Glandon-Pass und zum Croix de Fer f\u00fchrt.<\/p>\n\n\n\n<blockquote class=\"wp-block-quote is-layout-flow wp-block-quote-is-layout-flow\">\n<p>Anmerkung des Redakteurs: Wenn der Col du Sabot die Grenze zwischen Dauphin\u00e9 (Frankreich) und Savoyen war, m\u00fcsste dies bedeuten, dass der Weg \u00fcber den Col du Sabot (Allemond, Vaujany, Col du Sabot, Col du Glandon oder Col de la Croix de Fer) praktikabler war als die Route \u00fcber den Defilee de Maupas . . (siehe:. Erdrutsch am Pic Brunard 1989), (Allemond, Rivier d'Allemond, D\u00e9fil\u00e9 de Maupas, Col du Glandon), aber keine diesbez\u00fcglichen Informationen, die der Verfasser im Internet gefunden hat. Auch zu den Ruinen des von Is\u00e8re-Tourisme zitierten Grenzpostens gibt es keine Informationen oder Fotos.<\/p>\n<\/blockquote>\n\n\n\n<h2 class=\"wp-block-heading\">Radfahren und Fahrradtourismus<\/h2>\n\n\n\n<p>Oisans Tourisme organisiert <a href=\"https:\/\/www.bike-oisans.com\/agenda-cyclo-vtt-oisans\/oisans-col-series\/\" target=\"_blank\" rel=\"noreferrer noopener\">OISANS COL SERIES&nbsp;<\/a>:<\/p>\n\n\n\n<p>Jeden Dienstagmorgen im Sommer ist ein symboltr\u00e4chtiger Pass in Oisans den Radfahrern vorbehalten (f\u00fcr Autos verboten).<\/p>\n\n\n\n<h3 class=\"wp-block-heading\">Profil<\/h3>\n\n\n\n<figure class=\"wp-block-image size-full is-resized\"><img loading=\"lazy\" decoding=\"async\" width=\"1020\" height=\"594\" src=\"https:\/\/centcols.org\/wp-content\/uploads\/2025\/05\/PROFIL-SABOT.jpg\" alt=\"\" class=\"wp-image-82622\" style=\"width:800px\" srcset=\"https:\/\/centcols.org\/wp-content\/uploads\/2025\/05\/PROFIL-SABOT.jpg 1020w, https:\/\/centcols.org\/wp-content\/uploads\/2025\/05\/PROFIL-SABOT-768x447.jpg 768w\" sizes=\"auto, (max-width: 1020px) 100vw, 1020px\" \/><\/figure>\n\n\n\n<figure class=\"wp-block-image size-full\"><img loading=\"lazy\" decoding=\"async\" width=\"375\" height=\"356\" src=\"https:\/\/centcols.org\/wp-content\/uploads\/2025\/05\/image-2-4.png\" alt=\"\" class=\"wp-image-82623\"\/><\/figure>\n\n\n\n<p>                                              <em><em>Ein Artikel von G\u00e9rard Galland <\/em>und Bernard Giraudeau (f\u00fcr den geologischen Teil)<\/em><\/p>","protected":false},"excerpt":{"rendered":"<p>Le Col du Sabot (FR-38-2100b) est le seul col plus de 2000 m rev\u00eatu &nbsp;du d\u00e9partement de l\u2019Is\u00e8re \u2026 et de plus il ne l\u2019est que sur un seul versant. Toponymie Sabot vient de Sabaudia, la Savoie en patois. Situation G\u00e9ographique Massif Le col du Sabot est situ\u00e9 dans le massif des&nbsp;Grandes Rousses.&nbsp; G\u00e9ologie Le [&hellip;]<\/p>\n","protected":false},"author":58,"featured_media":82619,"comment_status":"closed","ping_status":"open","sticky":false,"template":"","format":"standard","meta":{"_acf_changed":false,"footnotes":""},"categories":[308],"tags":[],"class_list":["post-82615","post","type-post","status-publish","format-standard","has-post-thumbnail","hentry","category-cols-en-vrac"],"acf":[],"yoast_head":"<!-- This site is optimized with the Yoast SEO plugin v27.2 - https:\/\/yoast.com\/product\/yoast-seo-wordpress\/ -->\n<title>Col du Sabot - Club des Cent Cols<\/title>\n<meta name=\"robots\" content=\"index, follow, max-snippet:-1, max-image-preview:large, max-video-preview:-1\" \/>\n<link rel=\"canonical\" href=\"https:\/\/centcols.org\/de\/hufbeinhals\/\" \/>\n<meta property=\"og:locale\" content=\"de_DE\" \/>\n<meta property=\"og:type\" content=\"article\" \/>\n<meta property=\"og:title\" content=\"Col du Sabot - Club des Cent Cols\" \/>\n<meta property=\"og:description\" content=\"Le Col du Sabot (FR-38-2100b) est le seul col plus de 2000 m rev\u00eatu &nbsp;du d\u00e9partement de l\u2019Is\u00e8re \u2026 et de plus il ne l\u2019est que sur un seul versant. Toponymie Sabot vient de Sabaudia, la Savoie en patois. Situation G\u00e9ographique Massif Le col du Sabot est situ\u00e9 dans le massif des&nbsp;Grandes Rousses.&nbsp; G\u00e9ologie Le [&hellip;]\" \/>\n<meta property=\"og:url\" content=\"https:\/\/centcols.org\/de\/hufbeinhals\/\" \/>\n<meta property=\"og:site_name\" content=\"Club des Cent Cols\" \/>\n<meta property=\"article:publisher\" content=\"https:\/\/www.facebook.com\/groups\/5261880558\/?locale=fr_FR\" \/>\n<meta property=\"article:published_time\" content=\"2024-05-06T12:05:05+00:00\" \/>\n<meta property=\"article:modified_time\" content=\"2025-11-06T02:14:36+00:00\" \/>\n<meta property=\"og:image\" content=\"https:\/\/centcols.org\/wp-content\/uploads\/2025\/05\/Du-Col-du-Sabot.jpg\" \/>\n\t<meta property=\"og:image:width\" content=\"1140\" \/>\n\t<meta property=\"og:image:height\" content=\"460\" \/>\n\t<meta property=\"og:image:type\" content=\"image\/jpeg\" \/>\n<meta name=\"author\" content=\"Enrico Alberini\" \/>\n<meta name=\"twitter:card\" content=\"summary_large_image\" \/>\n<meta name=\"twitter:label1\" content=\"Verfasst von\" \/>\n\t<meta name=\"twitter:data1\" content=\"Enrico Alberini\" \/>\n\t<meta name=\"twitter:label2\" content=\"Gesch\u00e4tzte Lesezeit\" \/>\n\t<meta name=\"twitter:data2\" content=\"5\u00a0Minuten\" \/>\n<script type=\"application\/ld+json\" class=\"yoast-schema-graph\">{\"@context\":\"https:\/\/schema.org\",\"@graph\":[{\"@type\":\"Article\",\"@id\":\"https:\/\/centcols.org\/col-du-sabot\/#article\",\"isPartOf\":{\"@id\":\"https:\/\/centcols.org\/col-du-sabot\/\"},\"author\":{\"name\":\"Enrico Alberini\",\"@id\":\"https:\/\/centcols.org\/#\/schema\/person\/86c3ec6889d88501a29fccac614bebf8\"},\"headline\":\"Col du Sabot\",\"datePublished\":\"2024-05-06T12:05:05+00:00\",\"dateModified\":\"2025-11-06T02:14:36+00:00\",\"mainEntityOfPage\":{\"@id\":\"https:\/\/centcols.org\/col-du-sabot\/\"},\"wordCount\":785,\"publisher\":{\"@id\":\"https:\/\/centcols.org\/#organization\"},\"image\":{\"@id\":\"https:\/\/centcols.org\/col-du-sabot\/#primaryimage\"},\"thumbnailUrl\":\"https:\/\/centcols.org\/wp-content\/uploads\/2025\/05\/Du-Col-du-Sabot.jpg\",\"articleSection\":[\"Cols en vrac\"],\"inLanguage\":\"de\"},{\"@type\":\"WebPage\",\"@id\":\"https:\/\/centcols.org\/col-du-sabot\/\",\"url\":\"https:\/\/centcols.org\/col-du-sabot\/\",\"name\":\"Col du Sabot - Club des Cent Cols\",\"isPartOf\":{\"@id\":\"https:\/\/centcols.org\/#website\"},\"primaryImageOfPage\":{\"@id\":\"https:\/\/centcols.org\/col-du-sabot\/#primaryimage\"},\"image\":{\"@id\":\"https:\/\/centcols.org\/col-du-sabot\/#primaryimage\"},\"thumbnailUrl\":\"https:\/\/centcols.org\/wp-content\/uploads\/2025\/05\/Du-Col-du-Sabot.jpg\",\"datePublished\":\"2024-05-06T12:05:05+00:00\",\"dateModified\":\"2025-11-06T02:14:36+00:00\",\"breadcrumb\":{\"@id\":\"https:\/\/centcols.org\/col-du-sabot\/#breadcrumb\"},\"inLanguage\":\"de\",\"potentialAction\":[{\"@type\":\"ReadAction\",\"target\":[\"https:\/\/centcols.org\/col-du-sabot\/\"]}]},{\"@type\":\"ImageObject\",\"inLanguage\":\"de\",\"@id\":\"https:\/\/centcols.org\/col-du-sabot\/#primaryimage\",\"url\":\"https:\/\/centcols.org\/wp-content\/uploads\/2025\/05\/Du-Col-du-Sabot.jpg\",\"contentUrl\":\"https:\/\/centcols.org\/wp-content\/uploads\/2025\/05\/Du-Col-du-Sabot.jpg\",\"width\":1140,\"height\":460},{\"@type\":\"BreadcrumbList\",\"@id\":\"https:\/\/centcols.org\/col-du-sabot\/#breadcrumb\",\"itemListElement\":[{\"@type\":\"ListItem\",\"position\":1,\"name\":\"Accueil\",\"item\":\"https:\/\/centcols.org\/\"},{\"@type\":\"ListItem\",\"position\":2,\"name\":\"Cols en vrac\",\"item\":\"https:\/\/centcols.org\/rubrique\/cols-en-vrac\/\"},{\"@type\":\"ListItem\",\"position\":3,\"name\":\"Col du Sabot\"}]},{\"@type\":\"WebSite\",\"@id\":\"https:\/\/centcols.org\/#website\",\"url\":\"https:\/\/centcols.org\/\",\"name\":\"Club des Cent Cols\",\"description\":\"\",\"publisher\":{\"@id\":\"https:\/\/centcols.org\/#organization\"},\"potentialAction\":[{\"@type\":\"SearchAction\",\"target\":{\"@type\":\"EntryPoint\",\"urlTemplate\":\"https:\/\/centcols.org\/?s={search_term_string}\"},\"query-input\":{\"@type\":\"PropertyValueSpecification\",\"valueRequired\":true,\"valueName\":\"search_term_string\"}}],\"inLanguage\":\"de\"},{\"@type\":\"Organization\",\"@id\":\"https:\/\/centcols.org\/#organization\",\"name\":\"Club des Cent Cols\",\"url\":\"https:\/\/centcols.org\/\",\"logo\":{\"@type\":\"ImageObject\",\"inLanguage\":\"de\",\"@id\":\"https:\/\/centcols.org\/#\/schema\/logo\/image\/\",\"url\":\"https:\/\/centcols.org\/wp-content\/uploads\/2025\/01\/carte-icone.png\",\"contentUrl\":\"https:\/\/centcols.org\/wp-content\/uploads\/2025\/01\/carte-icone.png\",\"width\":250,\"height\":250,\"caption\":\"Club des Cent Cols\"},\"image\":{\"@id\":\"https:\/\/centcols.org\/#\/schema\/logo\/image\/\"},\"sameAs\":[\"https:\/\/www.facebook.com\/groups\/5261880558\/?locale=fr_FR\"]},{\"@type\":\"Person\",\"@id\":\"https:\/\/centcols.org\/#\/schema\/person\/86c3ec6889d88501a29fccac614bebf8\",\"name\":\"Enrico Alberini\",\"image\":{\"@type\":\"ImageObject\",\"inLanguage\":\"de\",\"@id\":\"https:\/\/centcols.org\/wp-content\/litespeed\/avatar\/1b26e36a18d85acc8b0f860f9628213f.jpg?ver=1777240766\",\"url\":\"https:\/\/centcols.org\/wp-content\/litespeed\/avatar\/1b26e36a18d85acc8b0f860f9628213f.jpg?ver=1777240766\",\"contentUrl\":\"https:\/\/centcols.org\/wp-content\/litespeed\/avatar\/1b26e36a18d85acc8b0f860f9628213f.jpg?ver=1777240766\",\"caption\":\"Enrico Alberini\"},\"url\":\"https:\/\/centcols.org\/de\/author\/5065\/\"}]}<\/script>\n<!-- \/ Yoast SEO plugin. -->","yoast_head_json":{"title":"Col du Sabot - Club des Cent Cols","robots":{"index":"index","follow":"follow","max-snippet":"max-snippet:-1","max-image-preview":"max-image-preview:large","max-video-preview":"max-video-preview:-1"},"canonical":"https:\/\/centcols.org\/de\/hufbeinhals\/","og_locale":"de_DE","og_type":"article","og_title":"Col du Sabot - Club des Cent Cols","og_description":"Le Col du Sabot (FR-38-2100b) est le seul col plus de 2000 m rev\u00eatu &nbsp;du d\u00e9partement de l\u2019Is\u00e8re \u2026 et de plus il ne l\u2019est que sur un seul versant. Toponymie Sabot vient de Sabaudia, la Savoie en patois. Situation G\u00e9ographique Massif Le col du Sabot est situ\u00e9 dans le massif des&nbsp;Grandes Rousses.&nbsp; G\u00e9ologie Le [&hellip;]","og_url":"https:\/\/centcols.org\/de\/hufbeinhals\/","og_site_name":"Club des Cent Cols","article_publisher":"https:\/\/www.facebook.com\/groups\/5261880558\/?locale=fr_FR","article_published_time":"2024-05-06T12:05:05+00:00","article_modified_time":"2025-11-06T02:14:36+00:00","og_image":[{"width":1140,"height":460,"url":"https:\/\/centcols.org\/wp-content\/uploads\/2025\/05\/Du-Col-du-Sabot.jpg","type":"image\/jpeg"}],"author":"Enrico Alberini","twitter_card":"summary_large_image","twitter_misc":{"Verfasst von":"Enrico Alberini","Gesch\u00e4tzte Lesezeit":"5\u00a0Minuten"},"schema":{"@context":"https:\/\/schema.org","@graph":[{"@type":"Article","@id":"https:\/\/centcols.org\/col-du-sabot\/#article","isPartOf":{"@id":"https:\/\/centcols.org\/col-du-sabot\/"},"author":{"name":"Enrico Alberini","@id":"https:\/\/centcols.org\/#\/schema\/person\/86c3ec6889d88501a29fccac614bebf8"},"headline":"Col du Sabot","datePublished":"2024-05-06T12:05:05+00:00","dateModified":"2025-11-06T02:14:36+00:00","mainEntityOfPage":{"@id":"https:\/\/centcols.org\/col-du-sabot\/"},"wordCount":785,"publisher":{"@id":"https:\/\/centcols.org\/#organization"},"image":{"@id":"https:\/\/centcols.org\/col-du-sabot\/#primaryimage"},"thumbnailUrl":"https:\/\/centcols.org\/wp-content\/uploads\/2025\/05\/Du-Col-du-Sabot.jpg","articleSection":["Cols en vrac"],"inLanguage":"de"},{"@type":"WebPage","@id":"https:\/\/centcols.org\/col-du-sabot\/","url":"https:\/\/centcols.org\/col-du-sabot\/","name":"Col du Sabot - Club des Cent Cols","isPartOf":{"@id":"https:\/\/centcols.org\/#website"},"primaryImageOfPage":{"@id":"https:\/\/centcols.org\/col-du-sabot\/#primaryimage"},"image":{"@id":"https:\/\/centcols.org\/col-du-sabot\/#primaryimage"},"thumbnailUrl":"https:\/\/centcols.org\/wp-content\/uploads\/2025\/05\/Du-Col-du-Sabot.jpg","datePublished":"2024-05-06T12:05:05+00:00","dateModified":"2025-11-06T02:14:36+00:00","breadcrumb":{"@id":"https:\/\/centcols.org\/col-du-sabot\/#breadcrumb"},"inLanguage":"de","potentialAction":[{"@type":"ReadAction","target":["https:\/\/centcols.org\/col-du-sabot\/"]}]},{"@type":"ImageObject","inLanguage":"de","@id":"https:\/\/centcols.org\/col-du-sabot\/#primaryimage","url":"https:\/\/centcols.org\/wp-content\/uploads\/2025\/05\/Du-Col-du-Sabot.jpg","contentUrl":"https:\/\/centcols.org\/wp-content\/uploads\/2025\/05\/Du-Col-du-Sabot.jpg","width":1140,"height":460},{"@type":"BreadcrumbList","@id":"https:\/\/centcols.org\/col-du-sabot\/#breadcrumb","itemListElement":[{"@type":"ListItem","position":1,"name":"Accueil","item":"https:\/\/centcols.org\/"},{"@type":"ListItem","position":2,"name":"Cols en vrac","item":"https:\/\/centcols.org\/rubrique\/cols-en-vrac\/"},{"@type":"ListItem","position":3,"name":"Col du Sabot"}]},{"@type":"WebSite","@id":"https:\/\/centcols.org\/#website","url":"https:\/\/centcols.org\/","name":"Club des Cent Cols","description":"","publisher":{"@id":"https:\/\/centcols.org\/#organization"},"potentialAction":[{"@type":"SearchAction","target":{"@type":"EntryPoint","urlTemplate":"https:\/\/centcols.org\/?s={search_term_string}"},"query-input":{"@type":"PropertyValueSpecification","valueRequired":true,"valueName":"search_term_string"}}],"inLanguage":"de"},{"@type":"Organization","@id":"https:\/\/centcols.org\/#organization","name":"Club des Cent Cols","url":"https:\/\/centcols.org\/","logo":{"@type":"ImageObject","inLanguage":"de","@id":"https:\/\/centcols.org\/#\/schema\/logo\/image\/","url":"https:\/\/centcols.org\/wp-content\/uploads\/2025\/01\/carte-icone.png","contentUrl":"https:\/\/centcols.org\/wp-content\/uploads\/2025\/01\/carte-icone.png","width":250,"height":250,"caption":"Club des Cent Cols"},"image":{"@id":"https:\/\/centcols.org\/#\/schema\/logo\/image\/"},"sameAs":["https:\/\/www.facebook.com\/groups\/5261880558\/?locale=fr_FR"]},{"@type":"Person","@id":"https:\/\/centcols.org\/#\/schema\/person\/86c3ec6889d88501a29fccac614bebf8","name":"Enrico Alberini","image":{"@type":"ImageObject","inLanguage":"de","@id":"https:\/\/centcols.org\/wp-content\/litespeed\/avatar\/1b26e36a18d85acc8b0f860f9628213f.jpg?ver=1777240766","url":"https:\/\/centcols.org\/wp-content\/litespeed\/avatar\/1b26e36a18d85acc8b0f860f9628213f.jpg?ver=1777240766","contentUrl":"https:\/\/centcols.org\/wp-content\/litespeed\/avatar\/1b26e36a18d85acc8b0f860f9628213f.jpg?ver=1777240766","caption":"Enrico Alberini"},"url":"https:\/\/centcols.org\/de\/author\/5065\/"}]}},"_links":{"self":[{"href":"https:\/\/centcols.org\/de\/wp-json\/wp\/v2\/posts\/82615","targetHints":{"allow":["GET"]}}],"collection":[{"href":"https:\/\/centcols.org\/de\/wp-json\/wp\/v2\/posts"}],"about":[{"href":"https:\/\/centcols.org\/de\/wp-json\/wp\/v2\/types\/post"}],"author":[{"embeddable":true,"href":"https:\/\/centcols.org\/de\/wp-json\/wp\/v2\/users\/58"}],"replies":[{"embeddable":true,"href":"https:\/\/centcols.org\/de\/wp-json\/wp\/v2\/comments?post=82615"}],"version-history":[{"count":0,"href":"https:\/\/centcols.org\/de\/wp-json\/wp\/v2\/posts\/82615\/revisions"}],"wp:featuredmedia":[{"embeddable":true,"href":"https:\/\/centcols.org\/de\/wp-json\/wp\/v2\/media\/82619"}],"wp:attachment":[{"href":"https:\/\/centcols.org\/de\/wp-json\/wp\/v2\/media?parent=82615"}],"wp:term":[{"taxonomy":"category","embeddable":true,"href":"https:\/\/centcols.org\/de\/wp-json\/wp\/v2\/categories?post=82615"},{"taxonomy":"post_tag","embeddable":true,"href":"https:\/\/centcols.org\/de\/wp-json\/wp\/v2\/tags?post=82615"}],"curies":[{"name":"wp","href":"https:\/\/api.w.org\/{rel}","templated":true}]}}