{"id":82624,"date":"2024-05-07T13:55:18","date_gmt":"2024-05-07T11:55:18","guid":{"rendered":"https:\/\/centcols.org\/le-col-luitel\/"},"modified":"2025-12-13T19:28:50","modified_gmt":"2025-12-13T17:28:50","slug":"der-col-luitel","status":"publish","type":"post","link":"https:\/\/centcols.org\/de\/le-col-luitel\/","title":{"rendered":"Der Col Luitel"},"content":{"rendered":"<p>Die&nbsp;<strong>Luitel-Pass<\/strong>&nbsp;(<a href=\"https:\/\/centcols.org\/de\/util\/geo\/visuGen.php\/?code=FR-38-1262\" target=\"_blank\" rel=\"noreferrer noopener\">DE-38-1262<\/a>),<\/p>\n\n\n\n<p>F\u00fcr ein Mitglied des Cent Cols Clubs l\u00f6st dieser Name einen \u00abTilt\u00bb aus, da dieser Name mit der <strong>Gr\u00fcndung der Bruderschaft<\/strong>&nbsp;: <a href=\"https:\/\/centcols.org\/de\/historique-cent-cols-3\/\" target=\"_blank\" rel=\"noreferrer noopener\">Nachdem er diesen Pass 1970 bestiegen hatte, kam Jean Perdoux auf die Idee, den \u00abClub des Cent Cols\" zu gr\u00fcnden.<\/a>&nbsp;\u00bb, bevor er die Regeln in <strong>1972.<\/strong><\/p>\n\n\n\n<p>F\u00fcr einen Grenobler, der zum Skifahren nach Chamrousse f\u00e4hrt, ist \u00abder Luitel\u00bb die Kreuzung der D111 (von Uriage nach Chamrousse) und der kleinen Stra\u00dfe, die nach S\u00e9chilienne hinunterf\u00fchrt ... unterhalb des Beginns der Langlaufloipen von Arselle ... und nein, der Pass ist 500 Meter entfernt, inmitten des Naturschutzgebiets Luitel.<\/p>\n\n\n\n<div class=\"wp-block-media-text is-stacked-on-mobile\"><figure class=\"wp-block-media-text__media\"><img loading=\"lazy\" decoding=\"async\" width=\"1200\" height=\"800\" src=\"https:\/\/centcols.org\/wp-content\/uploads\/2024\/05\/1-Panneau1.jpg\" alt=\"\" class=\"wp-image-83301 size-full\" srcset=\"https:\/\/centcols.org\/wp-content\/uploads\/2024\/05\/1-Panneau1.jpg 1200w, https:\/\/centcols.org\/wp-content\/uploads\/2024\/05\/1-Panneau1-768x512.jpg 768w\" sizes=\"auto, (max-width: 1200px) 100vw, 1200px\" \/><\/figure><div class=\"wp-block-media-text__content\">\n<p>Dieser (unbestrittene) Standort stimmt sowohl mit der Position auf der IGN-Karte, der Lokalisierung durch den Club des Cent cols als auch mit der Position des Holzschildes mit der Aufschrift Col Luitel 1262 m \u00fcberein.<\/p>\n<\/div><\/div>\n\n\n\n<div class=\"wp-block-media-text has-media-on-the-right is-stacked-on-mobile\"><div class=\"wp-block-media-text__content\">\n<p>Vor-Ort-Pr\u00fcfung im Mai 2020 : <a href=\"https:\/\/cyclotouristes-grenoblois.assoconnect.com\/articles\/135604-mais-ou-est-donc-exactement-le-col-luitel\" target=\"_blank\" rel=\"noreferrer noopener\">Aber wo genau liegt denn nun der Col Luitel?<\/a><\/p>\n<\/div><figure class=\"wp-block-media-text__media\"><img loading=\"lazy\" decoding=\"async\" width=\"1200\" height=\"708\" src=\"https:\/\/centcols.org\/wp-content\/uploads\/2024\/05\/2-Carte1.jpg\" alt=\"\" class=\"wp-image-83302 size-full\" srcset=\"https:\/\/centcols.org\/wp-content\/uploads\/2024\/05\/2-Carte1.jpg 1200w, https:\/\/centcols.org\/wp-content\/uploads\/2024\/05\/2-Carte1-768x453.jpg 768w\" sizes=\"auto, (max-width: 1200px) 100vw, 1200px\" \/><\/figure><\/div>\n\n\n\n<h2 class=\"wp-block-heading\">Ortsnamenkunde<\/h2>\n\n\n\n<p>Luitel: So hei\u00dfen der Pass, der See, das Torfmoor und das Naturschutzgebiet.<\/p>\n\n\n\n<p>Nach diesem <a href=\"https:\/\/www.tandfonline.com\/doi\/abs\/10.1080\/00378941.1963.10835448\" target=\"_blank\" rel=\"noreferrer noopener\">Artikel im Bulletin de la Soci\u00e9t\u00e9 Botanique de France<\/a> (Seite 150) \u00abHistorische Dokumente \u00fcber den Luitel sind fast nicht vorhanden. Es gibt nur wenige alte Texte, die ihn erw\u00e4hnen, und auch die Archive des Departements Is\u00e8re enthalten keine interessanten Informationen \u00fcber ihn. H\u00f6chstens findet man ihn manchmal unter den Namen Lauvestellum, Lutet, Luther, dann Luytel und Luitel erw\u00e4hnt\u00bb(i).<\/p>\n\n\n\n<h2 class=\"wp-block-heading\">Geographische Lage<\/h2>\n\n\n\n<h3 class=\"wp-block-heading\">Massiv<\/h3>\n\n\n\n<p>Der Col Luitel liegt im S\u00fcden der Belledonne-Kette.<\/p>\n\n\n\n<h3 class=\"wp-block-heading\">Geologie<\/h3>\n\n\n\n<p>An dieser Stelle wanderte vor \u00fcber 50 000 Jahren ein Arm des Romanche-Talgletschers langsam \u00fcber den Col Luitel. Diese wahrhaft kontinuierliche Raspel hat hier mehr oder weniger tiefe Senken (zwischen 11 und 16 m) ausgehoben.  Der urspr\u00fcnglich viel gr\u00f6\u00dfere See Luitel entstand, als sich die Gletscher zur\u00fcckzogen. Der See wird st\u00e4ndig mit Wasser versorgt und hat sich durch das Wachstum und die Ansammlung von Pflanzenresten teilweise in ein Torfmoor verwandelt. Am Col Luitel f\u00fchrte die typische Vermehrung von Moosen (Sphagnum) dazu, dass sich das Torfmoor in einer flacheren Mulde als der See ausw\u00f6lbte.<\/p>\n\n\n\n<figure class=\"wp-block-gallery has-nested-images columns-default is-cropped wp-block-gallery-1 is-layout-flex wp-block-gallery-is-layout-flex\">\n<figure class=\"wp-block-image size-large\"><a href=\"https:\/\/centcols.org\/wp-content\/uploads\/2024\/05\/LA-tourbiere-P1000175-1-1200x8001-1.jpg\"><img loading=\"lazy\" decoding=\"async\" width=\"1200\" height=\"800\" data-id=\"83303\" src=\"https:\/\/centcols.org\/wp-content\/uploads\/2024\/05\/LA-tourbiere-P1000175-1-1200x8001-1.jpg\" alt=\"\" class=\"wp-image-83303\" srcset=\"https:\/\/centcols.org\/wp-content\/uploads\/2024\/05\/LA-tourbiere-P1000175-1-1200x8001-1.jpg 1200w, https:\/\/centcols.org\/wp-content\/uploads\/2024\/05\/LA-tourbiere-P1000175-1-1200x8001-1-768x512.jpg 768w\" sizes=\"auto, (max-width: 1200px) 100vw, 1200px\" \/><\/a><figcaption class=\"wp-element-caption\">das Moor<\/figcaption><\/figure>\n\n\n\n<figure class=\"wp-block-image size-large\"><a href=\"https:\/\/centcols.org\/wp-content\/uploads\/2024\/05\/Le-Lac-Luitel-P1000177-1200x8001-1.jpg\"><img loading=\"lazy\" decoding=\"async\" width=\"1200\" height=\"800\" data-id=\"83304\" src=\"https:\/\/centcols.org\/wp-content\/uploads\/2024\/05\/Le-Lac-Luitel-P1000177-1200x8001-1.jpg\" alt=\"\" class=\"wp-image-83304\" srcset=\"https:\/\/centcols.org\/wp-content\/uploads\/2024\/05\/Le-Lac-Luitel-P1000177-1200x8001-1.jpg 1200w, https:\/\/centcols.org\/wp-content\/uploads\/2024\/05\/Le-Lac-Luitel-P1000177-1200x8001-1-768x512.jpg 768w\" sizes=\"auto, (max-width: 1200px) 100vw, 1200px\" \/><\/a><figcaption class=\"wp-element-caption\">Luitel-See<\/figcaption><\/figure>\n<\/figure>\n\n\n\n<h3 class=\"wp-block-heading\">Hydrographie<\/h3>\n\n\n\n<p>Der Lac Luitel liegt im <strong>Norden des Passes.<\/strong> Er wird vom Ruisseau de Rambert gespeist, der von der Hochebene (Torfmoor) von Arselle kommt. Der Abfluss des Sees befindet sich in der N\u00e4he der Serpentine der D111 (von Uriage kommend), kurz vor der Kreuzung mit der Route de S\u00e9chilienne. Weiter unten flie\u00dft der Ruisseau de Pr\u00e9mol, ein Nebenfluss des Ruisseau de la Grande Maille in Vaulnaveys-le-Bas, der wiederum ein Nebenfluss der Romanche in Vizille ist.<\/p>\n\n\n\n<p>Die Schneer\u00e4umung der Stra\u00dfe von Chamrousse durch Salzstreuung und der Abfluss von Wasser f\u00fchren dazu, dass gro\u00dfe Salzmengen in den See und das Torfmoor von Luitel gelangen. Siehe Studie : <em>\u00abLes effets des \u00e9pandages de sel sur la tourbi\u00e8re lacustre du Luitel (massif de Belledonne, France): la d\u00e9rivation des eaux du ruisseau du Rambert comme rem\u00e8de \u00e0 la pollution\u00bb. <a href=\"https:\/\/www.persee.fr\/doc\/rga_0035-1121_2003_num_91_1_2230\" target=\"_blank\" rel=\"noreferrer noopener\">(Revue de G\u00e9ographie Alpine Jahrgang 2003 91-1 S. 51-66)<\/a><\/em><\/p>\n\n\n\n<h3 class=\"wp-block-heading\">Zugang<\/h3>\n\n\n\n<p><strong>Aus Grenoble<\/strong> (Palais des sport 23,5 km, 213 m), Gi\u00e9res (20 km, alt; 227 m), Uriage (13 km, alt 412m) \u00fcber D524, MF de Pr\u00e9mol (3 km, 1088 m) \u00fcber D111, Kreuzung D111\/ RF (0,5 km - 1268m).<\/p>\n\n\n\n<p><strong>Aus Chamrousse <\/strong>(Roche Beranger) (alt 1745 m) \u00fcber die D111 erreichten nach 7,5 km Abstieg die Kreuzung mit der Route de S\u00e9chilienne.<\/p>\n\n\n\n<p><strong>Aus S\u00e9chilienne <\/strong>(alt. 368m) muss man 10 km (Stra\u00dfe C1) hinaufsteigen, um den Luitel-Pass zu erreichen.<\/p>\n\n\n\n<h2 class=\"wp-block-heading has-medium-font-size\">Sehenswertes - Tourismus&nbsp;<\/h2>\n\n\n\n<h3 class=\"wp-block-heading\">Am Pass<\/h3>\n\n\n\n<p>Die <a href=\"https:\/\/www.isere-tourisme.com\/patrimoine-naturel\/reserve-naturelle-du-luitel\" target=\"_blank\" rel=\"noreferrer noopener\">Naturreservat des Luitel-Sees,<\/a> Der Lac Luitel verdankt seine Existenz den gro\u00dfen Gletschern des Quart\u00e4rs.<\/p>\n\n\n\n<p>Das Torfmoor am Col Luitel wurde 1991 in das Reservat aufgenommen.<\/p>\n\n\n\n<p><a href=\"https:\/\/www.lacsdemontagne.fr\/pages%20web\/38\/Belledonne\/lac%20Luitel\/lac_luitel.htm\" target=\"_blank\" rel=\"noreferrer noopener\">Dieser Vorbehalt<\/a>, Der Lac Luitel, ein Torfmoorsee mit schwimmenden Fl\u00f6\u00dfen, und das Torfmoor des Col Luitel, das teilweise bewaldet ist. Auf angelegten Wanderwegen kann man diesen Lebensraum erkunden.<\/p>\n\n\n\n<h2 class=\"wp-block-heading\">Administrative Situation<\/h2>\n\n\n\n<p>Der Col Luitel befindet sich in der Gemeinde S\u00e9chilienne.<\/p>\n\n\n\n<p>Die Grenze zur Gemeinde Vaulnaveys-le-Haut verl\u00e4uft an der D111 (Route de Chamrousse).<\/p>\n\n\n\n<h2 class=\"wp-block-heading\">Radfahren und Fahrradtourismus<\/h2>\n\n\n\n<p><strong><a href=\"https:\/\/centcols.org\/wp-content\/uploads\/2022\/07\/D-L-100-cols.jpg\" target=\"_blank\" rel=\"noreferrer noopener\">F\u00fcnfzigj\u00e4hriges Jubil\u00e4um des Club des Cents Cols<\/a> (Dauphin\u00e9 Lib\u00e9r\u00e9)<\/strong><\/p>\n\n\n\n<p>Am Samstag, den 25. Juni 2022, feierte der Club des Cent Cols sein 50-j\u00e4hriges Bestehen. Die Versammlung von etwa 100 Personen fand auf dem Parkplatz des Forsthauses von Premol (H\u00f6he 1088 m) statt, das 3 km vom Pass entfernt liegt.<\/p>\n\n\n\n<div class=\"wp-block-media-text has-media-on-the-right is-stacked-on-mobile\" style=\"grid-template-columns:auto 35%\"><div class=\"wp-block-media-text__content\">\n<p>Nach Recherchen und Debatten zwischen Guy Harl\u00e9, dem Organisator des Treffens, und einigen lokalen Centcolists wurde dieser Ort wegen seiner N\u00e4he zum Pass ausgew\u00e4hlt (und weil es unm\u00f6glich war, das Treffen auf dem Pass selbst zu organisieren, da der kleine Parkplatz am Rande des Naturschutzgebiets Luitel zu klein war).<\/p>\n\n\n\n<p>Es musste unbedingt vermieden werden, das Reservat zu zertrampeln ...<\/p>\n<\/div><figure class=\"wp-block-media-text__media\"><img loading=\"lazy\" decoding=\"async\" width=\"414\" height=\"374\" src=\"https:\/\/centcols.org\/wp-content\/uploads\/2024\/05\/3-Plan-Luitel-Parking-1-11.jpg\" alt=\"\" class=\"wp-image-89964 size-full\" srcset=\"https:\/\/centcols.org\/wp-content\/uploads\/2024\/05\/3-Plan-Luitel-Parking-1-11.jpg 414w, https:\/\/centcols.org\/wp-content\/uploads\/2024\/05\/3-Plan-Luitel-Parking-1-11-13x12.jpg 13w\" sizes=\"auto, (max-width: 414px) 100vw, 414px\" \/><\/figure><\/div>\n\n\n\n<div style=\"height:40px\" aria-hidden=\"true\" class=\"wp-block-spacer\"><\/div>\n\n\n<div class=\"wp-block-image\">\n<figure data-wp-context=\"{&quot;imageId&quot;:&quot;69f1618eecd88&quot;}\" data-wp-interactive=\"core\/image\" data-wp-key=\"69f1618eecd88\" class=\"aligncenter size-full is-resized wp-lightbox-container\"><img loading=\"lazy\" decoding=\"async\" width=\"1200\" height=\"800\" data-wp-class--hide=\"state.isContentHidden\" data-wp-class--show=\"state.isContentVisible\" data-wp-init=\"callbacks.setButtonStyles\" data-wp-on--click=\"actions.showLightbox\" data-wp-on--load=\"callbacks.setButtonStyles\" data-wp-on-window--resize=\"callbacks.setButtonStyles\" src=\"https:\/\/centcols.org\/wp-content\/uploads\/2025\/05\/4-Camping-car-a-PREMOL-copie.jpg\" alt=\"\" class=\"wp-image-82631\" style=\"width:587px;height:auto\" srcset=\"https:\/\/centcols.org\/wp-content\/uploads\/2025\/05\/4-Camping-car-a-PREMOL-copie.jpg 1200w, https:\/\/centcols.org\/wp-content\/uploads\/2025\/05\/4-Camping-car-a-PREMOL-copie-768x512.jpg 768w\" sizes=\"auto, (max-width: 1200px) 100vw, 1200px\" \/><button\n\t\t\tclass=\"lightbox-trigger\"\n\t\t\ttype=\"button\"\n\t\t\taria-haspopup=\"dialog\"\n\t\t\taria-label=\"Vergr\u00f6\u00dfern\"\n\t\t\tdata-wp-init=\"callbacks.initTriggerButton\"\n\t\t\tdata-wp-on--click=\"actions.showLightbox\"\n\t\t\tdata-wp-style--right=\"state.imageButtonRight\"\n\t\t\tdata-wp-style--top=\"state.imageButtonTop\"\n\t\t>\n\t\t\t<svg xmlns=\"http:\/\/www.w3.org\/2000\/svg\" width=\"12\" height=\"12\" fill=\"none\" viewbox=\"0 0 12 12\">\n\t\t\t\t<path fill=\"#fff\" d=\"M2 0a2 2 0 0 0-2 2v2h1.5V2a.5.5 0 0 1 .5-.5h2V0H2Zm2 10.5H2a.5.5 0 0 1-.5-.5V8H0v2a2 2 0 0 0 2 2h2v-1.5ZM8 12v-1.5h2a.5.5 0 0 0 .5-.5V8H12v2a2 2 0 0 1-2 2H8Zm2-12a2 2 0 0 1 2 2v2h-1.5V2a.5.5 0 0 0-.5-.5H8V0h2Z\" \/>\n\t\t\t<\/svg>\n\t\t<\/button><figcaption class=\"wp-element-caption\">Der Abend zuvor - die Vorbereitungen f\u00fcr das Treffen<\/figcaption><\/figure>\n<\/div>\n\n\n<div style=\"height:40px\" aria-hidden=\"true\" class=\"wp-block-spacer\"><\/div>\n\n\n<div class=\"wp-block-image\">\n<figure data-wp-context=\"{&quot;imageId&quot;:&quot;69f1618eed823&quot;}\" data-wp-interactive=\"core\/image\" data-wp-key=\"69f1618eed823\" class=\"aligncenter size-full is-resized wp-lightbox-container\"><img loading=\"lazy\" decoding=\"async\" width=\"1200\" height=\"900\" data-wp-class--hide=\"state.isContentHidden\" data-wp-class--show=\"state.isContentVisible\" data-wp-init=\"callbacks.setButtonStyles\" data-wp-on--click=\"actions.showLightbox\" data-wp-on--load=\"callbacks.setButtonStyles\" data-wp-on-window--resize=\"callbacks.setButtonStyles\" src=\"https:\/\/centcols.org\/wp-content\/uploads\/2025\/05\/5-rassemblement-copie.jpg\" alt=\"\" class=\"wp-image-82634\" style=\"width:800px\" srcset=\"https:\/\/centcols.org\/wp-content\/uploads\/2025\/05\/5-rassemblement-copie.jpg 1200w, https:\/\/centcols.org\/wp-content\/uploads\/2025\/05\/5-rassemblement-copie-768x576.jpg 768w\" sizes=\"auto, (max-width: 1200px) 100vw, 1200px\" \/><button\n\t\t\tclass=\"lightbox-trigger\"\n\t\t\ttype=\"button\"\n\t\t\taria-haspopup=\"dialog\"\n\t\t\taria-label=\"Vergr\u00f6\u00dfern\"\n\t\t\tdata-wp-init=\"callbacks.initTriggerButton\"\n\t\t\tdata-wp-on--click=\"actions.showLightbox\"\n\t\t\tdata-wp-style--right=\"state.imageButtonRight\"\n\t\t\tdata-wp-style--top=\"state.imageButtonTop\"\n\t\t>\n\t\t\t<svg xmlns=\"http:\/\/www.w3.org\/2000\/svg\" width=\"12\" height=\"12\" fill=\"none\" viewbox=\"0 0 12 12\">\n\t\t\t\t<path fill=\"#fff\" d=\"M2 0a2 2 0 0 0-2 2v2h1.5V2a.5.5 0 0 1 .5-.5h2V0H2Zm2 10.5H2a.5.5 0 0 1-.5-.5V8H0v2a2 2 0 0 0 2 2h2v-1.5ZM8 12v-1.5h2a.5.5 0 0 0 .5-.5V8H12v2a2 2 0 0 1-2 2H8Zm2-12a2 2 0 0 1 2 2v2h-1.5V2a.5.5 0 0 0-.5-.5H8V0h2Z\" \/>\n\t\t\t<\/svg>\n\t\t<\/button><figcaption class=\"wp-element-caption\">Die Kundgebung und die Rede des Organisators Guy Harl\u00e9<\/figcaption><\/figure>\n<\/div>\n\n\n<figure class=\"wp-block-gallery has-nested-images columns-default is-cropped wp-block-gallery-2 is-layout-flex wp-block-gallery-is-layout-flex\">\n<figure class=\"wp-block-image size-full\"><img loading=\"lazy\" decoding=\"async\" width=\"1200\" height=\"800\" data-id=\"82635\" src=\"https:\/\/centcols.org\/wp-content\/uploads\/2025\/05\/6-discours-1.jpg\" alt=\"\" class=\"wp-image-82635\" srcset=\"https:\/\/centcols.org\/wp-content\/uploads\/2025\/05\/6-discours-1.jpg 1200w, https:\/\/centcols.org\/wp-content\/uploads\/2025\/05\/6-discours-1-768x512.jpg 768w\" sizes=\"auto, (max-width: 1200px) 100vw, 1200px\" \/><figcaption class=\"wp-element-caption\">Die Rede des Gr\u00fcndungspr\u00e4sidenten Jean Perdoux<\/figcaption><\/figure>\n\n\n\n<figure class=\"wp-block-image size-full\"><img loading=\"lazy\" decoding=\"async\" width=\"1200\" height=\"800\" data-id=\"82636\" src=\"https:\/\/centcols.org\/wp-content\/uploads\/2025\/05\/7-discours-2.jpg\" alt=\"\" class=\"wp-image-82636\" srcset=\"https:\/\/centcols.org\/wp-content\/uploads\/2025\/05\/7-discours-2.jpg 1200w, https:\/\/centcols.org\/wp-content\/uploads\/2025\/05\/7-discours-2-768x512.jpg 768w\" sizes=\"auto, (max-width: 1200px) 100vw, 1200px\" \/><figcaption class=\"wp-element-caption\">Die Rede des amtierenden Vorsitzenden Enrico Alberini<\/figcaption><\/figure>\n<\/figure>\n\n\n\n<h3 class=\"wp-block-heading\">Profile<\/h3>\n\n\n\n<div class=\"wp-block-media-text is-stacked-on-mobile\"><figure class=\"wp-block-media-text__media\"><img loading=\"lazy\" decoding=\"async\" width=\"596\" height=\"357\" src=\"https:\/\/centcols.org\/wp-content\/uploads\/2024\/05\/image-31.png\" alt=\"\" class=\"wp-image-83312 size-full\"\/><\/figure><div class=\"wp-block-media-text__content\">\n<p>Start: Vaulnaveys le Haut<br>L\u00e4nge: 10.90 km<br>H\u00f6henunterschied: 855 m<br>% Durchschnittlich: 7.84%<br>% Maximal: 10.2%<br><a href=\"http:\/\/Cols-cyclisme.com\">Cols-cyclisme.com<\/a><\/p>\n\n\n\n<p><em>Profil des Col Luitel von Uriage aus.&nbsp;<\/em><\/p>\n<\/div><\/div>\n\n\n\n<div class=\"wp-block-media-text has-media-on-the-right is-stacked-on-mobile\"><div class=\"wp-block-media-text__content\">\n<p>Start: S\u00e9chilienne<br>L\u00e4nge: 10.30 km<br>H\u00f6henunterschied: 901 m<br>% Durchschnittlich: 8.75%<br>% Maximal: 14.3%<br><a href=\"https:\/\/www.cols-cyclisme.com\/belledonne\/france\/col-luitel-depuis-sechilienne-c102.htm\" target=\"_blank\" rel=\"noreferrer noopener\">Cols-cyclisme.com<\/a><\/p>\n\n\n\n<p><em>Profil des Col Luitel von S\u00e9chilenne aus<\/em><\/p>\n<\/div><figure class=\"wp-block-media-text__media\"><img loading=\"lazy\" decoding=\"async\" width=\"606\" height=\"358\" src=\"https:\/\/centcols.org\/wp-content\/uploads\/2024\/05\/image-41.png\" alt=\"\" class=\"wp-image-83313 size-full\"\/><\/figure><\/div>\n\n\n\n<p class=\"has-medium-font-size\">Und zum Schluss noch ein paar Bilder \u00fcber den  <a href=\"https:\/\/photos.google.com\/share\/AF1QipO-WPhiqBe6q-hi6QVjOhEqKQ1Pp0Ww75PjJzLnOCE1UxwoZTioqhhI_4PyYAHLHQ?key=NnNuOUdPYkwyMHhSQ2xCX09MWWdVWmVkN2NpRmln\" target=\"_blank\" rel=\"noreferrer noopener\">COL LUITEL<\/a><\/p>\n\n\n\n<p class=\"has-text-align-right\"><em>Ein Artikel von G\u00e9rard Galland (und Bernard Giraudeau f\u00fcr den geologischen Teil)<\/em><\/p>","protected":false},"excerpt":{"rendered":"<p>Le&nbsp;Col Luitel&nbsp;(FR-38-1262), Pour un membre du club de Cent Cols, ce nom d\u00e9clenche un \u00ab&nbsp;tilt&nbsp;\u00bb puisque ce nom est li\u00e9 \u00e0 la cr\u00e9ation de la confr\u00e9rie&nbsp;: c\u2019est apr\u00e8s avoir escalad\u00e9 ce col&nbsp; en 1970, que Jean Perdoux eut l\u2019id\u00e9e de cr\u00e9er&nbsp;: \u00ab&nbsp;Le Club des Cent Cols&nbsp;\u00bb &nbsp;avant d\u2019en \u00e9crire&nbsp; le r\u00e8glement en 1972. Pour un [&hellip;]<\/p>\n","protected":false},"author":58,"featured_media":83304,"comment_status":"closed","ping_status":"open","sticky":false,"template":"","format":"standard","meta":{"_acf_changed":false,"footnotes":""},"categories":[308],"tags":[],"class_list":["post-82624","post","type-post","status-publish","format-standard","has-post-thumbnail","hentry","category-cols-en-vrac"],"acf":[],"yoast_head":"<!-- This site is optimized with the Yoast SEO plugin v27.2 - https:\/\/yoast.com\/product\/yoast-seo-wordpress\/ -->\n<title>Le Col Luitel - Club des Cent Cols<\/title>\n<meta name=\"robots\" content=\"index, follow, max-snippet:-1, max-image-preview:large, max-video-preview:-1\" \/>\n<link rel=\"canonical\" href=\"https:\/\/centcols.org\/de\/der-col-luitel\/\" \/>\n<meta property=\"og:locale\" content=\"de_DE\" \/>\n<meta property=\"og:type\" content=\"article\" \/>\n<meta property=\"og:title\" content=\"Le Col Luitel - Club des Cent Cols\" \/>\n<meta property=\"og:description\" content=\"Le&nbsp;Col Luitel&nbsp;(FR-38-1262), Pour un membre du club de Cent Cols, ce nom d\u00e9clenche un \u00ab&nbsp;tilt&nbsp;\u00bb puisque ce nom est li\u00e9 \u00e0 la cr\u00e9ation de la confr\u00e9rie&nbsp;: c\u2019est apr\u00e8s avoir escalad\u00e9 ce col&nbsp; en 1970, que Jean Perdoux eut l\u2019id\u00e9e de cr\u00e9er&nbsp;: \u00ab&nbsp;Le Club des Cent Cols&nbsp;\u00bb &nbsp;avant d\u2019en \u00e9crire&nbsp; le r\u00e8glement en 1972. Pour un [&hellip;]\" \/>\n<meta property=\"og:url\" content=\"https:\/\/centcols.org\/de\/der-col-luitel\/\" \/>\n<meta property=\"og:site_name\" content=\"Club des Cent Cols\" \/>\n<meta property=\"article:publisher\" content=\"https:\/\/www.facebook.com\/groups\/5261880558\/?locale=fr_FR\" \/>\n<meta property=\"article:published_time\" content=\"2024-05-07T11:55:18+00:00\" \/>\n<meta property=\"article:modified_time\" content=\"2025-12-13T17:28:50+00:00\" \/>\n<meta property=\"og:image\" content=\"https:\/\/centcols.org\/wp-content\/uploads\/2024\/05\/Le-Lac-Luitel-P1000177-1200x8001-1.jpg\" \/>\n\t<meta property=\"og:image:width\" content=\"1200\" \/>\n\t<meta property=\"og:image:height\" content=\"800\" \/>\n\t<meta property=\"og:image:type\" content=\"image\/jpeg\" \/>\n<meta name=\"author\" content=\"Enrico Alberini\" \/>\n<meta name=\"twitter:card\" content=\"summary_large_image\" \/>\n<meta name=\"twitter:label1\" content=\"Verfasst von\" \/>\n\t<meta name=\"twitter:data1\" content=\"Enrico Alberini\" \/>\n\t<meta name=\"twitter:label2\" content=\"Gesch\u00e4tzte Lesezeit\" \/>\n\t<meta name=\"twitter:data2\" content=\"8\u00a0Minuten\" \/>\n<script type=\"application\/ld+json\" class=\"yoast-schema-graph\">{\"@context\":\"https:\/\/schema.org\",\"@graph\":[{\"@type\":\"Article\",\"@id\":\"https:\/\/centcols.org\/le-col-luitel\/#article\",\"isPartOf\":{\"@id\":\"https:\/\/centcols.org\/le-col-luitel\/\"},\"author\":{\"name\":\"Enrico Alberini\",\"@id\":\"https:\/\/centcols.org\/#\/schema\/person\/86c3ec6889d88501a29fccac614bebf8\"},\"headline\":\"Le Col Luitel\",\"datePublished\":\"2024-05-07T11:55:18+00:00\",\"dateModified\":\"2025-12-13T17:28:50+00:00\",\"mainEntityOfPage\":{\"@id\":\"https:\/\/centcols.org\/le-col-luitel\/\"},\"wordCount\":1020,\"publisher\":{\"@id\":\"https:\/\/centcols.org\/#organization\"},\"image\":{\"@id\":\"https:\/\/centcols.org\/le-col-luitel\/#primaryimage\"},\"thumbnailUrl\":\"https:\/\/centcols.org\/wp-content\/uploads\/2024\/05\/Le-Lac-Luitel-P1000177-1200x8001-1.jpg\",\"articleSection\":[\"Cols en vrac\"],\"inLanguage\":\"de\"},{\"@type\":\"WebPage\",\"@id\":\"https:\/\/centcols.org\/le-col-luitel\/\",\"url\":\"https:\/\/centcols.org\/le-col-luitel\/\",\"name\":\"Le Col Luitel - Club des Cent Cols\",\"isPartOf\":{\"@id\":\"https:\/\/centcols.org\/#website\"},\"primaryImageOfPage\":{\"@id\":\"https:\/\/centcols.org\/le-col-luitel\/#primaryimage\"},\"image\":{\"@id\":\"https:\/\/centcols.org\/le-col-luitel\/#primaryimage\"},\"thumbnailUrl\":\"https:\/\/centcols.org\/wp-content\/uploads\/2024\/05\/Le-Lac-Luitel-P1000177-1200x8001-1.jpg\",\"datePublished\":\"2024-05-07T11:55:18+00:00\",\"dateModified\":\"2025-12-13T17:28:50+00:00\",\"breadcrumb\":{\"@id\":\"https:\/\/centcols.org\/le-col-luitel\/#breadcrumb\"},\"inLanguage\":\"de\",\"potentialAction\":[{\"@type\":\"ReadAction\",\"target\":[\"https:\/\/centcols.org\/le-col-luitel\/\"]}]},{\"@type\":\"ImageObject\",\"inLanguage\":\"de\",\"@id\":\"https:\/\/centcols.org\/le-col-luitel\/#primaryimage\",\"url\":\"https:\/\/centcols.org\/wp-content\/uploads\/2024\/05\/Le-Lac-Luitel-P1000177-1200x8001-1.jpg\",\"contentUrl\":\"https:\/\/centcols.org\/wp-content\/uploads\/2024\/05\/Le-Lac-Luitel-P1000177-1200x8001-1.jpg\",\"width\":1200,\"height\":800},{\"@type\":\"BreadcrumbList\",\"@id\":\"https:\/\/centcols.org\/le-col-luitel\/#breadcrumb\",\"itemListElement\":[{\"@type\":\"ListItem\",\"position\":1,\"name\":\"Accueil\",\"item\":\"https:\/\/centcols.org\/\"},{\"@type\":\"ListItem\",\"position\":2,\"name\":\"Cols en vrac\",\"item\":\"https:\/\/centcols.org\/rubrique\/cols-en-vrac\/\"},{\"@type\":\"ListItem\",\"position\":3,\"name\":\"Le Col Luitel\"}]},{\"@type\":\"WebSite\",\"@id\":\"https:\/\/centcols.org\/#website\",\"url\":\"https:\/\/centcols.org\/\",\"name\":\"Club des Cent Cols\",\"description\":\"\",\"publisher\":{\"@id\":\"https:\/\/centcols.org\/#organization\"},\"potentialAction\":[{\"@type\":\"SearchAction\",\"target\":{\"@type\":\"EntryPoint\",\"urlTemplate\":\"https:\/\/centcols.org\/?s={search_term_string}\"},\"query-input\":{\"@type\":\"PropertyValueSpecification\",\"valueRequired\":true,\"valueName\":\"search_term_string\"}}],\"inLanguage\":\"de\"},{\"@type\":\"Organization\",\"@id\":\"https:\/\/centcols.org\/#organization\",\"name\":\"Club des Cent Cols\",\"url\":\"https:\/\/centcols.org\/\",\"logo\":{\"@type\":\"ImageObject\",\"inLanguage\":\"de\",\"@id\":\"https:\/\/centcols.org\/#\/schema\/logo\/image\/\",\"url\":\"https:\/\/centcols.org\/wp-content\/uploads\/2025\/01\/carte-icone.png\",\"contentUrl\":\"https:\/\/centcols.org\/wp-content\/uploads\/2025\/01\/carte-icone.png\",\"width\":250,\"height\":250,\"caption\":\"Club des Cent Cols\"},\"image\":{\"@id\":\"https:\/\/centcols.org\/#\/schema\/logo\/image\/\"},\"sameAs\":[\"https:\/\/www.facebook.com\/groups\/5261880558\/?locale=fr_FR\"]},{\"@type\":\"Person\",\"@id\":\"https:\/\/centcols.org\/#\/schema\/person\/86c3ec6889d88501a29fccac614bebf8\",\"name\":\"Enrico Alberini\",\"image\":{\"@type\":\"ImageObject\",\"inLanguage\":\"de\",\"@id\":\"https:\/\/centcols.org\/wp-content\/litespeed\/avatar\/1b26e36a18d85acc8b0f860f9628213f.jpg?ver=1777240766\",\"url\":\"https:\/\/centcols.org\/wp-content\/litespeed\/avatar\/1b26e36a18d85acc8b0f860f9628213f.jpg?ver=1777240766\",\"contentUrl\":\"https:\/\/centcols.org\/wp-content\/litespeed\/avatar\/1b26e36a18d85acc8b0f860f9628213f.jpg?ver=1777240766\",\"caption\":\"Enrico Alberini\"},\"url\":\"https:\/\/centcols.org\/de\/author\/5065\/\"}]}<\/script>\n<!-- \/ Yoast SEO plugin. -->","yoast_head_json":{"title":"Der Col Luitel - Club des Cent Cols","robots":{"index":"index","follow":"follow","max-snippet":"max-snippet:-1","max-image-preview":"max-image-preview:large","max-video-preview":"max-video-preview:-1"},"canonical":"https:\/\/centcols.org\/de\/der-col-luitel\/","og_locale":"de_DE","og_type":"article","og_title":"Le Col Luitel - Club des Cent Cols","og_description":"Le&nbsp;Col Luitel&nbsp;(FR-38-1262), Pour un membre du club de Cent Cols, ce nom d\u00e9clenche un \u00ab&nbsp;tilt&nbsp;\u00bb puisque ce nom est li\u00e9 \u00e0 la cr\u00e9ation de la confr\u00e9rie&nbsp;: c\u2019est apr\u00e8s avoir escalad\u00e9 ce col&nbsp; en 1970, que Jean Perdoux eut l\u2019id\u00e9e de cr\u00e9er&nbsp;: \u00ab&nbsp;Le Club des Cent Cols&nbsp;\u00bb &nbsp;avant d\u2019en \u00e9crire&nbsp; le r\u00e8glement en 1972. Pour un [&hellip;]","og_url":"https:\/\/centcols.org\/de\/der-col-luitel\/","og_site_name":"Club des Cent Cols","article_publisher":"https:\/\/www.facebook.com\/groups\/5261880558\/?locale=fr_FR","article_published_time":"2024-05-07T11:55:18+00:00","article_modified_time":"2025-12-13T17:28:50+00:00","og_image":[{"width":1200,"height":800,"url":"https:\/\/centcols.org\/wp-content\/uploads\/2024\/05\/Le-Lac-Luitel-P1000177-1200x8001-1.jpg","type":"image\/jpeg"}],"author":"Enrico Alberini","twitter_card":"summary_large_image","twitter_misc":{"Verfasst von":"Enrico Alberini","Gesch\u00e4tzte Lesezeit":"8\u00a0Minuten"},"schema":{"@context":"https:\/\/schema.org","@graph":[{"@type":"Article","@id":"https:\/\/centcols.org\/le-col-luitel\/#article","isPartOf":{"@id":"https:\/\/centcols.org\/le-col-luitel\/"},"author":{"name":"Enrico Alberini","@id":"https:\/\/centcols.org\/#\/schema\/person\/86c3ec6889d88501a29fccac614bebf8"},"headline":"Le Col Luitel","datePublished":"2024-05-07T11:55:18+00:00","dateModified":"2025-12-13T17:28:50+00:00","mainEntityOfPage":{"@id":"https:\/\/centcols.org\/le-col-luitel\/"},"wordCount":1020,"publisher":{"@id":"https:\/\/centcols.org\/#organization"},"image":{"@id":"https:\/\/centcols.org\/le-col-luitel\/#primaryimage"},"thumbnailUrl":"https:\/\/centcols.org\/wp-content\/uploads\/2024\/05\/Le-Lac-Luitel-P1000177-1200x8001-1.jpg","articleSection":["Cols en vrac"],"inLanguage":"de"},{"@type":"WebPage","@id":"https:\/\/centcols.org\/le-col-luitel\/","url":"https:\/\/centcols.org\/le-col-luitel\/","name":"Der Col Luitel - Club des Cent Cols","isPartOf":{"@id":"https:\/\/centcols.org\/#website"},"primaryImageOfPage":{"@id":"https:\/\/centcols.org\/le-col-luitel\/#primaryimage"},"image":{"@id":"https:\/\/centcols.org\/le-col-luitel\/#primaryimage"},"thumbnailUrl":"https:\/\/centcols.org\/wp-content\/uploads\/2024\/05\/Le-Lac-Luitel-P1000177-1200x8001-1.jpg","datePublished":"2024-05-07T11:55:18+00:00","dateModified":"2025-12-13T17:28:50+00:00","breadcrumb":{"@id":"https:\/\/centcols.org\/le-col-luitel\/#breadcrumb"},"inLanguage":"de","potentialAction":[{"@type":"ReadAction","target":["https:\/\/centcols.org\/le-col-luitel\/"]}]},{"@type":"ImageObject","inLanguage":"de","@id":"https:\/\/centcols.org\/le-col-luitel\/#primaryimage","url":"https:\/\/centcols.org\/wp-content\/uploads\/2024\/05\/Le-Lac-Luitel-P1000177-1200x8001-1.jpg","contentUrl":"https:\/\/centcols.org\/wp-content\/uploads\/2024\/05\/Le-Lac-Luitel-P1000177-1200x8001-1.jpg","width":1200,"height":800},{"@type":"BreadcrumbList","@id":"https:\/\/centcols.org\/le-col-luitel\/#breadcrumb","itemListElement":[{"@type":"ListItem","position":1,"name":"Accueil","item":"https:\/\/centcols.org\/"},{"@type":"ListItem","position":2,"name":"Cols en vrac","item":"https:\/\/centcols.org\/rubrique\/cols-en-vrac\/"},{"@type":"ListItem","position":3,"name":"Le Col Luitel"}]},{"@type":"WebSite","@id":"https:\/\/centcols.org\/#website","url":"https:\/\/centcols.org\/","name":"Club des Cent Cols","description":"","publisher":{"@id":"https:\/\/centcols.org\/#organization"},"potentialAction":[{"@type":"SearchAction","target":{"@type":"EntryPoint","urlTemplate":"https:\/\/centcols.org\/?s={search_term_string}"},"query-input":{"@type":"PropertyValueSpecification","valueRequired":true,"valueName":"search_term_string"}}],"inLanguage":"de"},{"@type":"Organization","@id":"https:\/\/centcols.org\/#organization","name":"Club des Cent Cols","url":"https:\/\/centcols.org\/","logo":{"@type":"ImageObject","inLanguage":"de","@id":"https:\/\/centcols.org\/#\/schema\/logo\/image\/","url":"https:\/\/centcols.org\/wp-content\/uploads\/2025\/01\/carte-icone.png","contentUrl":"https:\/\/centcols.org\/wp-content\/uploads\/2025\/01\/carte-icone.png","width":250,"height":250,"caption":"Club des Cent Cols"},"image":{"@id":"https:\/\/centcols.org\/#\/schema\/logo\/image\/"},"sameAs":["https:\/\/www.facebook.com\/groups\/5261880558\/?locale=fr_FR"]},{"@type":"Person","@id":"https:\/\/centcols.org\/#\/schema\/person\/86c3ec6889d88501a29fccac614bebf8","name":"Enrico Alberini","image":{"@type":"ImageObject","inLanguage":"de","@id":"https:\/\/centcols.org\/wp-content\/litespeed\/avatar\/1b26e36a18d85acc8b0f860f9628213f.jpg?ver=1777240766","url":"https:\/\/centcols.org\/wp-content\/litespeed\/avatar\/1b26e36a18d85acc8b0f860f9628213f.jpg?ver=1777240766","contentUrl":"https:\/\/centcols.org\/wp-content\/litespeed\/avatar\/1b26e36a18d85acc8b0f860f9628213f.jpg?ver=1777240766","caption":"Enrico Alberini"},"url":"https:\/\/centcols.org\/de\/author\/5065\/"}]}},"_links":{"self":[{"href":"https:\/\/centcols.org\/de\/wp-json\/wp\/v2\/posts\/82624","targetHints":{"allow":["GET"]}}],"collection":[{"href":"https:\/\/centcols.org\/de\/wp-json\/wp\/v2\/posts"}],"about":[{"href":"https:\/\/centcols.org\/de\/wp-json\/wp\/v2\/types\/post"}],"author":[{"embeddable":true,"href":"https:\/\/centcols.org\/de\/wp-json\/wp\/v2\/users\/58"}],"replies":[{"embeddable":true,"href":"https:\/\/centcols.org\/de\/wp-json\/wp\/v2\/comments?post=82624"}],"version-history":[{"count":0,"href":"https:\/\/centcols.org\/de\/wp-json\/wp\/v2\/posts\/82624\/revisions"}],"wp:featuredmedia":[{"embeddable":true,"href":"https:\/\/centcols.org\/de\/wp-json\/wp\/v2\/media\/83304"}],"wp:attachment":[{"href":"https:\/\/centcols.org\/de\/wp-json\/wp\/v2\/media?parent=82624"}],"wp:term":[{"taxonomy":"category","embeddable":true,"href":"https:\/\/centcols.org\/de\/wp-json\/wp\/v2\/categories?post=82624"},{"taxonomy":"post_tag","embeddable":true,"href":"https:\/\/centcols.org\/de\/wp-json\/wp\/v2\/tags?post=82624"}],"curies":[{"name":"wp","href":"https:\/\/api.w.org\/{rel}","templated":true}]}}