{"id":82662,"date":"2024-11-10T10:03:42","date_gmt":"2024-11-10T08:03:42","guid":{"rendered":"https:\/\/centcols.org\/dans-la-roue-de-lapotre-du-650\/"},"modified":"2025-10-15T03:27:59","modified_gmt":"2025-10-15T01:27:59","slug":"im-kutterrad-von-650","status":"publish","type":"post","link":"https:\/\/centcols.org\/de\/dans-la-roue-de-lapotre-du-650\/","title":{"rendered":"Im Rad des Apostels von 650"},"content":{"rendered":"<figure class=\"wp-block-image size-large is-resized\"><img loading=\"lazy\" decoding=\"async\" width=\"1920\" height=\"1331\" src=\"https:\/\/centcols.org\/wp-content\/uploads\/2025\/05\/Bosc_couverture-livre-scaled-1-1920x1331.jpg\" alt=\"\" class=\"wp-image-82663\" style=\"width:840px;height:auto\" srcset=\"https:\/\/centcols.org\/wp-content\/uploads\/2025\/05\/Bosc_couverture-livre-scaled-1-1920x1331.jpg 1920w, https:\/\/centcols.org\/wp-content\/uploads\/2025\/05\/Bosc_couverture-livre-scaled-1-1200x832.jpg 1200w, https:\/\/centcols.org\/wp-content\/uploads\/2025\/05\/Bosc_couverture-livre-scaled-1-768x533.jpg 768w, https:\/\/centcols.org\/wp-content\/uploads\/2025\/05\/Bosc_couverture-livre-scaled-1-1536x1065.jpg 1536w, https:\/\/centcols.org\/wp-content\/uploads\/2025\/05\/Bosc_couverture-livre-scaled-1-2048x1420.jpg 2048w\" sizes=\"auto, (max-width: 1920px) 100vw, 1920px\" \/><\/figure>\n\n\n\n<p> Da einige Texte in diesem Buch den Radtourismus in den Bergen thematisieren, k\u00f6nnte es f\u00fcr Mitglieder der 100 P\u00e4sse von Interesse sein.<\/p>\n\n\n\n<p>Henri BOSC<\/p>\n\n\n\n<p><a href=\"https:\/\/centcols.org\/wp-content\/uploads\/2025\/08\/Bosc_bon-commande-livre.pdf\" target=\"_blank\" rel=\"noreferrer noopener\">um es zu bestellen<\/a><\/p>","protected":false},"excerpt":{"rendered":"<p>Da Texte in diesem Buch den Radtourismus in den Bergen thematisieren, k\u00f6nnte es f\u00fcr Mitglieder der 100 Cols von Interesse sein. Henri BOSC, um es zu bestellen<\/p>","protected":false},"author":58,"featured_media":82663,"comment_status":"open","ping_status":"open","sticky":false,"template":"","format":"standard","meta":{"_acf_changed":false,"footnotes":""},"categories":[309,129],"tags":[],"class_list":["post-82662","post","type-post","status-publish","format-standard","has-post-thumbnail","hentry","category-lectures","category-gazette"],"acf":[],"yoast_head":"<!-- This site is optimized with the Yoast SEO plugin v27.2 - https:\/\/yoast.com\/product\/yoast-seo-wordpress\/ -->\n<title>Dans la roue de l&#039;Ap\u00f4tre du 650 - Club des Cent Cols<\/title>\n<meta name=\"robots\" content=\"index, follow, max-snippet:-1, max-image-preview:large, max-video-preview:-1\" \/>\n<link rel=\"canonical\" href=\"https:\/\/centcols.org\/de\/im-kutterrad-von-650\/\" \/>\n<meta property=\"og:locale\" content=\"de_DE\" \/>\n<meta property=\"og:type\" content=\"article\" \/>\n<meta property=\"og:title\" content=\"Dans la roue de l&#039;Ap\u00f4tre du 650 - Club des Cent Cols\" \/>\n<meta property=\"og:description\" content=\"Des textes de ce livre \u00e9voquant le cyclotourisme en montagne, il peut int\u00e9resser les membres des 100 Cols. Henri BOSC pour le commander\" \/>\n<meta property=\"og:url\" content=\"https:\/\/centcols.org\/de\/im-kutterrad-von-650\/\" \/>\n<meta property=\"og:site_name\" content=\"Club des Cent Cols\" \/>\n<meta property=\"article:publisher\" content=\"https:\/\/www.facebook.com\/groups\/5261880558\/?locale=fr_FR\" \/>\n<meta property=\"article:published_time\" content=\"2024-11-10T08:03:42+00:00\" \/>\n<meta property=\"article:modified_time\" content=\"2025-10-15T01:27:59+00:00\" \/>\n<meta property=\"og:image\" content=\"https:\/\/centcols.org\/wp-content\/uploads\/2025\/05\/Bosc_couverture-livre-scaled-1.jpg\" \/>\n\t<meta property=\"og:image:width\" content=\"2560\" \/>\n\t<meta property=\"og:image:height\" content=\"1775\" \/>\n\t<meta property=\"og:image:type\" content=\"image\/jpeg\" \/>\n<meta name=\"author\" content=\"Enrico Alberini\" \/>\n<meta name=\"twitter:card\" content=\"summary_large_image\" \/>\n<meta name=\"twitter:label1\" content=\"Verfasst von\" \/>\n\t<meta name=\"twitter:data1\" content=\"Enrico Alberini\" \/>\n\t<meta name=\"twitter:label2\" content=\"Gesch\u00e4tzte Lesezeit\" \/>\n\t<meta name=\"twitter:data2\" content=\"1\u00a0Minute\" \/>\n<script type=\"application\/ld+json\" class=\"yoast-schema-graph\">{\"@context\":\"https:\/\/schema.org\",\"@graph\":[{\"@type\":\"Article\",\"@id\":\"https:\/\/centcols.org\/dans-la-roue-de-lapotre-du-650\/#article\",\"isPartOf\":{\"@id\":\"https:\/\/centcols.org\/dans-la-roue-de-lapotre-du-650\/\"},\"author\":{\"name\":\"Enrico Alberini\",\"@id\":\"https:\/\/centcols.org\/#\/schema\/person\/86c3ec6889d88501a29fccac614bebf8\"},\"headline\":\"Dans la roue de l&rsquo;Ap\u00f4tre du 650\",\"datePublished\":\"2024-11-10T08:03:42+00:00\",\"dateModified\":\"2025-10-15T01:27:59+00:00\",\"mainEntityOfPage\":{\"@id\":\"https:\/\/centcols.org\/dans-la-roue-de-lapotre-du-650\/\"},\"wordCount\":31,\"commentCount\":0,\"publisher\":{\"@id\":\"https:\/\/centcols.org\/#organization\"},\"image\":{\"@id\":\"https:\/\/centcols.org\/dans-la-roue-de-lapotre-du-650\/#primaryimage\"},\"thumbnailUrl\":\"https:\/\/centcols.org\/wp-content\/uploads\/2025\/05\/Bosc_couverture-livre-scaled-1.jpg\",\"articleSection\":[\"Lectures\",\"Gazette\"],\"inLanguage\":\"de\",\"potentialAction\":[{\"@type\":\"CommentAction\",\"name\":\"Comment\",\"target\":[\"https:\/\/centcols.org\/dans-la-roue-de-lapotre-du-650\/#respond\"]}]},{\"@type\":\"WebPage\",\"@id\":\"https:\/\/centcols.org\/dans-la-roue-de-lapotre-du-650\/\",\"url\":\"https:\/\/centcols.org\/dans-la-roue-de-lapotre-du-650\/\",\"name\":\"Dans la roue de l'Ap\u00f4tre du 650 - Club des Cent Cols\",\"isPartOf\":{\"@id\":\"https:\/\/centcols.org\/#website\"},\"primaryImageOfPage\":{\"@id\":\"https:\/\/centcols.org\/dans-la-roue-de-lapotre-du-650\/#primaryimage\"},\"image\":{\"@id\":\"https:\/\/centcols.org\/dans-la-roue-de-lapotre-du-650\/#primaryimage\"},\"thumbnailUrl\":\"https:\/\/centcols.org\/wp-content\/uploads\/2025\/05\/Bosc_couverture-livre-scaled-1.jpg\",\"datePublished\":\"2024-11-10T08:03:42+00:00\",\"dateModified\":\"2025-10-15T01:27:59+00:00\",\"breadcrumb\":{\"@id\":\"https:\/\/centcols.org\/dans-la-roue-de-lapotre-du-650\/#breadcrumb\"},\"inLanguage\":\"de\",\"potentialAction\":[{\"@type\":\"ReadAction\",\"target\":[\"https:\/\/centcols.org\/dans-la-roue-de-lapotre-du-650\/\"]}]},{\"@type\":\"ImageObject\",\"inLanguage\":\"de\",\"@id\":\"https:\/\/centcols.org\/dans-la-roue-de-lapotre-du-650\/#primaryimage\",\"url\":\"https:\/\/centcols.org\/wp-content\/uploads\/2025\/05\/Bosc_couverture-livre-scaled-1.jpg\",\"contentUrl\":\"https:\/\/centcols.org\/wp-content\/uploads\/2025\/05\/Bosc_couverture-livre-scaled-1.jpg\",\"width\":2560,\"height\":1775},{\"@type\":\"BreadcrumbList\",\"@id\":\"https:\/\/centcols.org\/dans-la-roue-de-lapotre-du-650\/#breadcrumb\",\"itemListElement\":[{\"@type\":\"ListItem\",\"position\":1,\"name\":\"Accueil\",\"item\":\"https:\/\/centcols.org\/\"},{\"@type\":\"ListItem\",\"position\":2,\"name\":\"Gazette\",\"item\":\"https:\/\/centcols.org\/rubrique\/gazette\/\"},{\"@type\":\"ListItem\",\"position\":3,\"name\":\"Lectures\",\"item\":\"https:\/\/centcols.org\/rubrique\/gazette\/lectures\/\"},{\"@type\":\"ListItem\",\"position\":4,\"name\":\"Dans la roue de l&rsquo;Ap\u00f4tre du 650\"}]},{\"@type\":\"WebSite\",\"@id\":\"https:\/\/centcols.org\/#website\",\"url\":\"https:\/\/centcols.org\/\",\"name\":\"Club des Cent Cols\",\"description\":\"\",\"publisher\":{\"@id\":\"https:\/\/centcols.org\/#organization\"},\"potentialAction\":[{\"@type\":\"SearchAction\",\"target\":{\"@type\":\"EntryPoint\",\"urlTemplate\":\"https:\/\/centcols.org\/?s={search_term_string}\"},\"query-input\":{\"@type\":\"PropertyValueSpecification\",\"valueRequired\":true,\"valueName\":\"search_term_string\"}}],\"inLanguage\":\"de\"},{\"@type\":\"Organization\",\"@id\":\"https:\/\/centcols.org\/#organization\",\"name\":\"Club des Cent Cols\",\"url\":\"https:\/\/centcols.org\/\",\"logo\":{\"@type\":\"ImageObject\",\"inLanguage\":\"de\",\"@id\":\"https:\/\/centcols.org\/#\/schema\/logo\/image\/\",\"url\":\"https:\/\/centcols.org\/wp-content\/uploads\/2025\/01\/carte-icone.png\",\"contentUrl\":\"https:\/\/centcols.org\/wp-content\/uploads\/2025\/01\/carte-icone.png\",\"width\":250,\"height\":250,\"caption\":\"Club des Cent Cols\"},\"image\":{\"@id\":\"https:\/\/centcols.org\/#\/schema\/logo\/image\/\"},\"sameAs\":[\"https:\/\/www.facebook.com\/groups\/5261880558\/?locale=fr_FR\"]},{\"@type\":\"Person\",\"@id\":\"https:\/\/centcols.org\/#\/schema\/person\/86c3ec6889d88501a29fccac614bebf8\",\"name\":\"Enrico Alberini\",\"image\":{\"@type\":\"ImageObject\",\"inLanguage\":\"de\",\"@id\":\"https:\/\/centcols.org\/wp-content\/litespeed\/avatar\/1b26e36a18d85acc8b0f860f9628213f.jpg?ver=1777240766\",\"url\":\"https:\/\/centcols.org\/wp-content\/litespeed\/avatar\/1b26e36a18d85acc8b0f860f9628213f.jpg?ver=1777240766\",\"contentUrl\":\"https:\/\/centcols.org\/wp-content\/litespeed\/avatar\/1b26e36a18d85acc8b0f860f9628213f.jpg?ver=1777240766\",\"caption\":\"Enrico Alberini\"},\"url\":\"https:\/\/centcols.org\/de\/author\/5065\/\"}]}<\/script>\n<!-- \/ Yoast SEO plugin. -->","yoast_head_json":{"title":"Im Rad des Apostels der 650 - Club des Cent Cols","robots":{"index":"index","follow":"follow","max-snippet":"max-snippet:-1","max-image-preview":"max-image-preview:large","max-video-preview":"max-video-preview:-1"},"canonical":"https:\/\/centcols.org\/de\/im-kutterrad-von-650\/","og_locale":"de_DE","og_type":"article","og_title":"Dans la roue de l'Ap\u00f4tre du 650 - Club des Cent Cols","og_description":"Des textes de ce livre \u00e9voquant le cyclotourisme en montagne, il peut int\u00e9resser les membres des 100 Cols. Henri BOSC pour le commander","og_url":"https:\/\/centcols.org\/de\/im-kutterrad-von-650\/","og_site_name":"Club des Cent Cols","article_publisher":"https:\/\/www.facebook.com\/groups\/5261880558\/?locale=fr_FR","article_published_time":"2024-11-10T08:03:42+00:00","article_modified_time":"2025-10-15T01:27:59+00:00","og_image":[{"width":2560,"height":1775,"url":"https:\/\/centcols.org\/wp-content\/uploads\/2025\/05\/Bosc_couverture-livre-scaled-1.jpg","type":"image\/jpeg"}],"author":"Enrico Alberini","twitter_card":"summary_large_image","twitter_misc":{"Verfasst von":"Enrico Alberini","Gesch\u00e4tzte Lesezeit":"1\u00a0Minute"},"schema":{"@context":"https:\/\/schema.org","@graph":[{"@type":"Article","@id":"https:\/\/centcols.org\/dans-la-roue-de-lapotre-du-650\/#article","isPartOf":{"@id":"https:\/\/centcols.org\/dans-la-roue-de-lapotre-du-650\/"},"author":{"name":"Enrico Alberini","@id":"https:\/\/centcols.org\/#\/schema\/person\/86c3ec6889d88501a29fccac614bebf8"},"headline":"Dans la roue de l&rsquo;Ap\u00f4tre du 650","datePublished":"2024-11-10T08:03:42+00:00","dateModified":"2025-10-15T01:27:59+00:00","mainEntityOfPage":{"@id":"https:\/\/centcols.org\/dans-la-roue-de-lapotre-du-650\/"},"wordCount":31,"commentCount":0,"publisher":{"@id":"https:\/\/centcols.org\/#organization"},"image":{"@id":"https:\/\/centcols.org\/dans-la-roue-de-lapotre-du-650\/#primaryimage"},"thumbnailUrl":"https:\/\/centcols.org\/wp-content\/uploads\/2025\/05\/Bosc_couverture-livre-scaled-1.jpg","articleSection":["Lectures","Gazette"],"inLanguage":"de","potentialAction":[{"@type":"CommentAction","name":"Comment","target":["https:\/\/centcols.org\/dans-la-roue-de-lapotre-du-650\/#respond"]}]},{"@type":"WebPage","@id":"https:\/\/centcols.org\/dans-la-roue-de-lapotre-du-650\/","url":"https:\/\/centcols.org\/dans-la-roue-de-lapotre-du-650\/","name":"Im Rad des Apostels der 650 - Club des Cent Cols","isPartOf":{"@id":"https:\/\/centcols.org\/#website"},"primaryImageOfPage":{"@id":"https:\/\/centcols.org\/dans-la-roue-de-lapotre-du-650\/#primaryimage"},"image":{"@id":"https:\/\/centcols.org\/dans-la-roue-de-lapotre-du-650\/#primaryimage"},"thumbnailUrl":"https:\/\/centcols.org\/wp-content\/uploads\/2025\/05\/Bosc_couverture-livre-scaled-1.jpg","datePublished":"2024-11-10T08:03:42+00:00","dateModified":"2025-10-15T01:27:59+00:00","breadcrumb":{"@id":"https:\/\/centcols.org\/dans-la-roue-de-lapotre-du-650\/#breadcrumb"},"inLanguage":"de","potentialAction":[{"@type":"ReadAction","target":["https:\/\/centcols.org\/dans-la-roue-de-lapotre-du-650\/"]}]},{"@type":"ImageObject","inLanguage":"de","@id":"https:\/\/centcols.org\/dans-la-roue-de-lapotre-du-650\/#primaryimage","url":"https:\/\/centcols.org\/wp-content\/uploads\/2025\/05\/Bosc_couverture-livre-scaled-1.jpg","contentUrl":"https:\/\/centcols.org\/wp-content\/uploads\/2025\/05\/Bosc_couverture-livre-scaled-1.jpg","width":2560,"height":1775},{"@type":"BreadcrumbList","@id":"https:\/\/centcols.org\/dans-la-roue-de-lapotre-du-650\/#breadcrumb","itemListElement":[{"@type":"ListItem","position":1,"name":"Accueil","item":"https:\/\/centcols.org\/"},{"@type":"ListItem","position":2,"name":"Gazette","item":"https:\/\/centcols.org\/rubrique\/gazette\/"},{"@type":"ListItem","position":3,"name":"Lectures","item":"https:\/\/centcols.org\/rubrique\/gazette\/lectures\/"},{"@type":"ListItem","position":4,"name":"Dans la roue de l&rsquo;Ap\u00f4tre du 650"}]},{"@type":"WebSite","@id":"https:\/\/centcols.org\/#website","url":"https:\/\/centcols.org\/","name":"Club des Cent Cols","description":"","publisher":{"@id":"https:\/\/centcols.org\/#organization"},"potentialAction":[{"@type":"SearchAction","target":{"@type":"EntryPoint","urlTemplate":"https:\/\/centcols.org\/?s={search_term_string}"},"query-input":{"@type":"PropertyValueSpecification","valueRequired":true,"valueName":"search_term_string"}}],"inLanguage":"de"},{"@type":"Organization","@id":"https:\/\/centcols.org\/#organization","name":"Club des Cent Cols","url":"https:\/\/centcols.org\/","logo":{"@type":"ImageObject","inLanguage":"de","@id":"https:\/\/centcols.org\/#\/schema\/logo\/image\/","url":"https:\/\/centcols.org\/wp-content\/uploads\/2025\/01\/carte-icone.png","contentUrl":"https:\/\/centcols.org\/wp-content\/uploads\/2025\/01\/carte-icone.png","width":250,"height":250,"caption":"Club des Cent Cols"},"image":{"@id":"https:\/\/centcols.org\/#\/schema\/logo\/image\/"},"sameAs":["https:\/\/www.facebook.com\/groups\/5261880558\/?locale=fr_FR"]},{"@type":"Person","@id":"https:\/\/centcols.org\/#\/schema\/person\/86c3ec6889d88501a29fccac614bebf8","name":"Enrico Alberini","image":{"@type":"ImageObject","inLanguage":"de","@id":"https:\/\/centcols.org\/wp-content\/litespeed\/avatar\/1b26e36a18d85acc8b0f860f9628213f.jpg?ver=1777240766","url":"https:\/\/centcols.org\/wp-content\/litespeed\/avatar\/1b26e36a18d85acc8b0f860f9628213f.jpg?ver=1777240766","contentUrl":"https:\/\/centcols.org\/wp-content\/litespeed\/avatar\/1b26e36a18d85acc8b0f860f9628213f.jpg?ver=1777240766","caption":"Enrico Alberini"},"url":"https:\/\/centcols.org\/de\/author\/5065\/"}]}},"_links":{"self":[{"href":"https:\/\/centcols.org\/de\/wp-json\/wp\/v2\/posts\/82662","targetHints":{"allow":["GET"]}}],"collection":[{"href":"https:\/\/centcols.org\/de\/wp-json\/wp\/v2\/posts"}],"about":[{"href":"https:\/\/centcols.org\/de\/wp-json\/wp\/v2\/types\/post"}],"author":[{"embeddable":true,"href":"https:\/\/centcols.org\/de\/wp-json\/wp\/v2\/users\/58"}],"replies":[{"embeddable":true,"href":"https:\/\/centcols.org\/de\/wp-json\/wp\/v2\/comments?post=82662"}],"version-history":[{"count":0,"href":"https:\/\/centcols.org\/de\/wp-json\/wp\/v2\/posts\/82662\/revisions"}],"wp:featuredmedia":[{"embeddable":true,"href":"https:\/\/centcols.org\/de\/wp-json\/wp\/v2\/media\/82663"}],"wp:attachment":[{"href":"https:\/\/centcols.org\/de\/wp-json\/wp\/v2\/media?parent=82662"}],"wp:term":[{"taxonomy":"category","embeddable":true,"href":"https:\/\/centcols.org\/de\/wp-json\/wp\/v2\/categories?post=82662"},{"taxonomy":"post_tag","embeddable":true,"href":"https:\/\/centcols.org\/de\/wp-json\/wp\/v2\/tags?post=82662"}],"curies":[{"name":"wp","href":"https:\/\/api.w.org\/{rel}","templated":true}]}}