{"id":82668,"date":"2024-12-08T21:09:35","date_gmt":"2024-12-08T19:09:35","guid":{"rendered":"https:\/\/centcols.org\/es-b-torregassa-gravel-61-km-d-950-m-13-cols\/"},"modified":"2026-03-14T17:47:48","modified_gmt":"2026-03-14T15:47:48","slug":"es-b-torregassa-gravel-61-km-d-950-m-13-passe","status":"publish","type":"post","link":"https:\/\/centcols.org\/de\/es-b-torregassa-gravel-61-km-d-950-m-13-cols\/","title":{"rendered":"ES-B Torregassa - Gravel 61 km, D+ 950 m, 13 P\u00e4sse"},"content":{"rendered":"<iframe width=\"100%\" height=\"650\" loading=\"lazy\" src=\"https:\/\/www.openrunner.com\/embed\/7934626b5975467969416d5055585562785a42697445626f2f6479683541736a4f665a67704234326946553d3a3aa47c3bfa1c4843df1bcef6ac116417d0?unit=metric\" style=\"border: none;\"><\/iframe>\n\n\n\n<div style=\"height:30px\" aria-hidden=\"true\" class=\"wp-block-spacer\"><\/div>\n\n\n\n<h2 class=\"wp-block-heading\">Beschreibung des Autors<\/h2>\n\n\n\n<p><strong>Autor&nbsp;<\/strong>: G\u00e9rard Birelli<br><strong>Parcours&nbsp;<\/strong>: durchgef\u00fchrt im M\u00e4rz 2023<br><strong>Abreise&nbsp;<\/strong>: Torregassa, in der N\u00e4he von Solsona<\/p>\n\n\n\n<div style=\"height:30px\" aria-hidden=\"true\" class=\"wp-block-spacer\"><\/div>\n\n\n\n<h2 class=\"wp-block-heading\">Touristische Beschreibung<\/h2>\n\n\n\n<p>Die P\u00e4sse liegen inmitten eines H\u00fcgelsystems, Vorgebirge der h\u00f6heren Serrat, die sich weiter n\u00f6rdlich befinden. Der Wald wechselt sich mit landwirtschaftlichen Fl\u00e4chen und wenigen D\u00f6rfern ab.<\/p>\n\n\n\n<div style=\"height:30px\" aria-hidden=\"true\" class=\"wp-block-spacer\"><\/div>\n\n\n\n<h2 class=\"wp-block-heading\">Technische Beschreibung<\/h2>\n\n\n\n<p>Diese Strecke weist keine technischen Schwierigkeiten auf, da sie \u00fcber befestigte Stra\u00dfen oder breite Wald- und Feldwege f\u00fchrt.<br>Es ist fahrradfreundlich in 100%<\/p>\n\n\n\n<div style=\"height:30px\" aria-hidden=\"true\" class=\"wp-block-spacer\"><\/div>\n\n\n\n<p><strong>13 P\u00e4sse<\/strong><\/p>\n\n\n\n<figure class=\"wp-block-table\"><table class=\"has-background has-fixed-layout\" style=\"background-color:#f0f0f0\"><tbody><tr><td>1 - Collada de Cal Badoc<\/td><td class=\"has-text-align-center\" data-align=\"center\">799 m<\/td><td><a href=\"https:\/\/centcols.org\/de\/util\/geo\/visu.php\/?code=ES-L-0790\" target=\"_blank\" rel=\"noreferrer noopener\">ES-L-0790<\/a><\/td><\/tr><tr><td>2 - Collada de Clara<\/td><td class=\"has-text-align-center\" data-align=\"center\">881 m<\/td><td><a href=\"https:\/\/centcols.org\/de\/util\/geo\/visu.php\/?code=ES-L-0887\" target=\"_blank\" rel=\"noreferrer noopener\">ES-L-0887<\/a><\/td><\/tr><tr><td>3 - Coll de la Foradada<\/td><td class=\"has-text-align-center\" data-align=\"center\">810 m<\/td><td><a href=\"https:\/\/centcols.org\/de\/util\/geo\/visu.php\/?code=ES-L-0809\" target=\"_blank\" rel=\"noreferrer noopener\">ES-L-0809<\/a><\/td><\/tr><tr><td>4 - Coll de la Guineu <\/td><td class=\"has-text-align-center\" data-align=\"center\">723 m<\/td><td><a href=\"https:\/\/centcols.org\/de\/util\/geo\/visu.php\/?code=ES-L-0690d\" target=\"_blank\" rel=\"noreferrer noopener\">ES-L-0690d<\/a><\/td><\/tr><tr><td>5 - Collet de Sant Pere<\/td><td class=\"has-text-align-center\" data-align=\"center\">741 m<\/td><td><a href=\"https:\/\/centcols.org\/de\/util\/geo\/visu.php\/?code=ES-L-0730d\" target=\"_blank\" rel=\"noreferrer noopener\">ES-L-0730d<\/a><\/td><\/tr><tr><td>6 - Collada de la Fusta <\/td><td class=\"has-text-align-center\" data-align=\"center\">737 m<\/td><td><a href=\"https:\/\/centcols.org\/de\/util\/geo\/visu.php\/?code=ES-L-0737\" target=\"_blank\" rel=\"noreferrer noopener\">ES-L-0737<\/a><\/td><\/tr><tr><td>7 - Collada de la Creu Negre <\/td><td class=\"has-text-align-center\" data-align=\"center\">603 m<\/td><td><a href=\"https:\/\/centcols.org\/de\/util\/geo\/visu.php\/?code=ES-L-0600\" target=\"_blank\" rel=\"noreferrer noopener\">ES-L-0600<\/a><\/td><\/tr><tr><td>8 - Collet de Cavallol<\/td><td class=\"has-text-align-center\" data-align=\"center\">632 m<\/td><td><a href=\"https:\/\/centcols.org\/de\/util\/geo\/visu.php\/?code=ES-L-0632\" target=\"_blank\" rel=\"noreferrer noopener\">ES-L-0632<\/a><\/td><\/tr><tr><td>9 - Coll d'Estracs<\/td><td class=\"has-text-align-center\" data-align=\"center\">481 m<\/td><td><a href=\"https:\/\/centcols.org\/de\/util\/geo\/visu.php\/?code=ES-L-0490a\" target=\"_blank\" rel=\"noreferrer noopener\">ES-L-0490a<\/a><\/td><\/tr><tr><td>10 - Collada del Cornet <\/td><td class=\"has-text-align-center\" data-align=\"center\">539 m<\/td><td><a href=\"https:\/\/centcols.org\/de\/util\/geo\/visu.php\/?code=ES-L-0530\" target=\"_blank\" rel=\"noreferrer noopener\">ES-L-0530<\/a><\/td><\/tr><tr><td>11 - Collet de Santgr\u00e0 <\/td><td class=\"has-text-align-center\" data-align=\"center\">662 m<\/td><td><a href=\"https:\/\/centcols.org\/de\/util\/geo\/visu.php\/?code=ES-L-0670e\" target=\"_blank\" rel=\"noreferrer noopener\">ES-L-0670e<\/a><\/td><\/tr><tr><td>12 - Els Colls <\/td><td class=\"has-text-align-center\" data-align=\"center\">699 m<\/td><td><a href=\"https:\/\/centcols.org\/de\/util\/geo\/visu.php\/?code=ES-L-0710b\" target=\"_blank\" rel=\"noreferrer noopener\">ES-L-0710b<\/a><\/td><\/tr><tr><td>13 - Collet de Pujaminyons<\/td><td class=\"has-text-align-center\" data-align=\"center\">766 m<\/td><td><a href=\"https:\/\/centcols.org\/de\/util\/geo\/visu.php\/?code=ES-L-0770b\" target=\"_blank\" rel=\"noreferrer noopener\">ES-L-0770b<\/a><\/td><\/tr><\/tbody><\/table><\/figure>\n\n\n\n<p><strong>Schlagw\u00f6rter<\/strong>&nbsp;: Solsona, Torregassa, Katalonien, centcols<\/p>\n\n\n\n<p>Openrunner-Link, interaktive Karte, Profil, Track : <a href=\"https:\/\/www.openrunner.com\/route-details\/16619191\" target=\"_blank\" rel=\"noreferrer noopener\">https:\/\/www.openrunner.com\/route-details\/16619191<\/a><\/p>\n\n\n\n<p>Diese Route wird nur zur Orientierung vorgeschlagen. Der Autor \u00fcbernimmt keine Haftung f\u00fcr Unw\u00e4gbarkeiten, die auf den Radfahrer selbst, das verwendete Material und alles, was die Stra\u00dfe, die Pisten und Wege, ihre Umgebung und andere Benutzer betrifft, zur\u00fcckzuf\u00fchren sind, sowie f\u00fcr die Haftung des Club des Cent Cols.<\/p>\n\n\n\n<div style=\"height:30px\" aria-hidden=\"true\" class=\"wp-block-spacer\"><\/div>\n\n\n\n<h2 class=\"wp-block-heading\">Fotos<\/h2>\n\n\n\n<figure class=\"wp-block-gallery has-nested-images columns-default is-cropped wp-block-gallery-1 is-layout-flex wp-block-gallery-is-layout-flex\">\n<figure class=\"wp-block-image size-full\"><a href=\"https:\/\/centcols.org\/wp-content\/uploads\/2025\/05\/badoc.jpg\"><img loading=\"lazy\" decoding=\"async\" width=\"1000\" height=\"564\" data-id=\"82673\" src=\"https:\/\/centcols.org\/wp-content\/uploads\/2025\/05\/badoc.jpg\" alt=\"\" class=\"wp-image-82673\" srcset=\"https:\/\/centcols.org\/wp-content\/uploads\/2025\/05\/badoc.jpg 1000w, https:\/\/centcols.org\/wp-content\/uploads\/2025\/05\/badoc-768x433.jpg 768w\" sizes=\"auto, (max-width: 1000px) 100vw, 1000px\" \/><\/a><\/figure>\n\n\n\n<figure class=\"wp-block-image size-full\"><a href=\"https:\/\/centcols.org\/wp-content\/uploads\/2025\/05\/clara.jpg\"><img loading=\"lazy\" decoding=\"async\" width=\"1000\" height=\"564\" data-id=\"82671\" src=\"https:\/\/centcols.org\/wp-content\/uploads\/2025\/05\/clara.jpg\" alt=\"\" class=\"wp-image-82671\" srcset=\"https:\/\/centcols.org\/wp-content\/uploads\/2025\/05\/clara.jpg 1000w, https:\/\/centcols.org\/wp-content\/uploads\/2025\/05\/clara-768x433.jpg 768w\" sizes=\"auto, (max-width: 1000px) 100vw, 1000px\" \/><\/a><\/figure>\n\n\n\n<figure class=\"wp-block-image size-full\"><a href=\"https:\/\/centcols.org\/wp-content\/uploads\/2025\/05\/foradada.jpg\"><img loading=\"lazy\" decoding=\"async\" width=\"1000\" height=\"564\" data-id=\"82672\" src=\"https:\/\/centcols.org\/wp-content\/uploads\/2025\/05\/foradada.jpg\" alt=\"\" class=\"wp-image-82672\" srcset=\"https:\/\/centcols.org\/wp-content\/uploads\/2025\/05\/foradada.jpg 1000w, https:\/\/centcols.org\/wp-content\/uploads\/2025\/05\/foradada-768x433.jpg 768w\" sizes=\"auto, (max-width: 1000px) 100vw, 1000px\" \/><\/a><\/figure>\n\n\n\n<figure class=\"wp-block-image size-full\"><a href=\"https:\/\/centcols.org\/wp-content\/uploads\/2025\/05\/guineu.jpg\"><img loading=\"lazy\" decoding=\"async\" width=\"1000\" height=\"564\" data-id=\"82677\" src=\"https:\/\/centcols.org\/wp-content\/uploads\/2025\/05\/guineu.jpg\" alt=\"\" class=\"wp-image-82677\" srcset=\"https:\/\/centcols.org\/wp-content\/uploads\/2025\/05\/guineu.jpg 1000w, https:\/\/centcols.org\/wp-content\/uploads\/2025\/05\/guineu-768x433.jpg 768w\" sizes=\"auto, (max-width: 1000px) 100vw, 1000px\" \/><\/a><\/figure>\n\n\n\n<figure class=\"wp-block-image size-full\"><a href=\"https:\/\/centcols.org\/wp-content\/uploads\/2025\/05\/santpere.jpg\"><img loading=\"lazy\" decoding=\"async\" width=\"1000\" height=\"564\" data-id=\"82679\" src=\"https:\/\/centcols.org\/wp-content\/uploads\/2025\/05\/santpere.jpg\" alt=\"\" class=\"wp-image-82679\" srcset=\"https:\/\/centcols.org\/wp-content\/uploads\/2025\/05\/santpere.jpg 1000w, https:\/\/centcols.org\/wp-content\/uploads\/2025\/05\/santpere-768x433.jpg 768w\" sizes=\"auto, (max-width: 1000px) 100vw, 1000px\" \/><\/a><\/figure>\n\n\n\n<figure class=\"wp-block-image size-full\"><a href=\"https:\/\/centcols.org\/wp-content\/uploads\/2025\/05\/fusta.jpg\"><img loading=\"lazy\" decoding=\"async\" width=\"1000\" height=\"545\" data-id=\"82676\" src=\"https:\/\/centcols.org\/wp-content\/uploads\/2025\/05\/fusta.jpg\" alt=\"\" class=\"wp-image-82676\" srcset=\"https:\/\/centcols.org\/wp-content\/uploads\/2025\/05\/fusta.jpg 1000w, https:\/\/centcols.org\/wp-content\/uploads\/2025\/05\/fusta-768x419.jpg 768w\" sizes=\"auto, (max-width: 1000px) 100vw, 1000px\" \/><\/a><\/figure>\n\n\n\n<figure class=\"wp-block-image size-full\"><a href=\"https:\/\/centcols.org\/wp-content\/uploads\/2025\/05\/cavallol.jpg\"><img loading=\"lazy\" decoding=\"async\" width=\"1000\" height=\"564\" data-id=\"82670\" src=\"https:\/\/centcols.org\/wp-content\/uploads\/2025\/05\/cavallol.jpg\" alt=\"\" class=\"wp-image-82670\" srcset=\"https:\/\/centcols.org\/wp-content\/uploads\/2025\/05\/cavallol.jpg 1000w, https:\/\/centcols.org\/wp-content\/uploads\/2025\/05\/cavallol-768x433.jpg 768w\" sizes=\"auto, (max-width: 1000px) 100vw, 1000px\" \/><\/a><\/figure>\n\n\n\n<figure class=\"wp-block-image size-full\"><a href=\"https:\/\/centcols.org\/wp-content\/uploads\/2025\/05\/estracs.jpg\"><img loading=\"lazy\" decoding=\"async\" width=\"1000\" height=\"564\" data-id=\"82674\" src=\"https:\/\/centcols.org\/wp-content\/uploads\/2025\/05\/estracs.jpg\" alt=\"\" class=\"wp-image-82674\" srcset=\"https:\/\/centcols.org\/wp-content\/uploads\/2025\/05\/estracs.jpg 1000w, https:\/\/centcols.org\/wp-content\/uploads\/2025\/05\/estracs-768x433.jpg 768w\" sizes=\"auto, (max-width: 1000px) 100vw, 1000px\" \/><\/a><\/figure>\n\n\n\n<figure class=\"wp-block-image size-full\"><a href=\"https:\/\/centcols.org\/wp-content\/uploads\/2025\/05\/cornet.jpg\"><img loading=\"lazy\" decoding=\"async\" width=\"1000\" height=\"564\" data-id=\"82675\" src=\"https:\/\/centcols.org\/wp-content\/uploads\/2025\/05\/cornet.jpg\" alt=\"\" class=\"wp-image-82675\" srcset=\"https:\/\/centcols.org\/wp-content\/uploads\/2025\/05\/cornet.jpg 1000w, https:\/\/centcols.org\/wp-content\/uploads\/2025\/05\/cornet-768x433.jpg 768w\" sizes=\"auto, (max-width: 1000px) 100vw, 1000px\" \/><\/a><\/figure>\n\n\n\n<figure class=\"wp-block-image size-full\"><a href=\"https:\/\/centcols.org\/wp-content\/uploads\/2025\/05\/santgra.jpg\"><img loading=\"lazy\" decoding=\"async\" width=\"1000\" height=\"564\" data-id=\"82669\" src=\"https:\/\/centcols.org\/wp-content\/uploads\/2025\/05\/santgra.jpg\" alt=\"\" class=\"wp-image-82669\" srcset=\"https:\/\/centcols.org\/wp-content\/uploads\/2025\/05\/santgra.jpg 1000w, https:\/\/centcols.org\/wp-content\/uploads\/2025\/05\/santgra-768x433.jpg 768w\" sizes=\"auto, (max-width: 1000px) 100vw, 1000px\" \/><\/a><\/figure>\n\n\n\n<figure class=\"wp-block-image size-full\"><a href=\"https:\/\/centcols.org\/wp-content\/uploads\/2025\/05\/elcolls.jpg\"><img loading=\"lazy\" decoding=\"async\" width=\"1000\" height=\"564\" data-id=\"82680\" src=\"https:\/\/centcols.org\/wp-content\/uploads\/2025\/05\/elcolls.jpg\" alt=\"\" class=\"wp-image-82680\" srcset=\"https:\/\/centcols.org\/wp-content\/uploads\/2025\/05\/elcolls.jpg 1000w, https:\/\/centcols.org\/wp-content\/uploads\/2025\/05\/elcolls-768x433.jpg 768w\" sizes=\"auto, (max-width: 1000px) 100vw, 1000px\" \/><\/a><\/figure>\n\n\n\n<figure class=\"wp-block-image size-full\"><a href=\"https:\/\/centcols.org\/wp-content\/uploads\/2025\/05\/Pujaminyons.jpg\"><img loading=\"lazy\" decoding=\"async\" width=\"1000\" height=\"564\" data-id=\"82678\" src=\"https:\/\/centcols.org\/wp-content\/uploads\/2025\/05\/Pujaminyons.jpg\" alt=\"\" class=\"wp-image-82678\" srcset=\"https:\/\/centcols.org\/wp-content\/uploads\/2025\/05\/Pujaminyons.jpg 1000w, https:\/\/centcols.org\/wp-content\/uploads\/2025\/05\/Pujaminyons-768x433.jpg 768w\" sizes=\"auto, (max-width: 1000px) 100vw, 1000px\" \/><\/a><\/figure>\n<\/figure>","protected":false},"excerpt":{"rendered":"<p>Description de l\u2019auteur Auteur&nbsp;: G\u00e9rard BirelliParcours&nbsp;: effectu\u00e9 en mars 2023D\u00e9part&nbsp;: Torregassa, proche Solsona Descriptif touristique Les cols se situent au c\u0153ur d\u2019un syst\u00e8me de collines, pi\u00e9mont de plus hautes Serrat situ\u00e9es plus au nord. La for\u00eat alterne avec des espaces cultiv\u00e9s et de rares villages. Descriptif technique Ce parcours ne pr\u00e9sente aucune difficult\u00e9 technique car [&hellip;]<\/p>\n","protected":false},"author":3,"featured_media":82669,"comment_status":"open","ping_status":"open","sticky":false,"template":"","format":"standard","meta":{"_acf_changed":false,"footnotes":""},"categories":[305,320,345,220],"tags":[],"class_list":["post-82668","post","type-post","status-publish","format-standard","has-post-thumbnail","hentry","category-parcours-espagne","category-gravel-type-parcours","category-barcelone","category-parcours-membres"],"acf":[],"yoast_head":"<!-- This site is optimized with the Yoast SEO plugin v27.2 - https:\/\/yoast.com\/product\/yoast-seo-wordpress\/ -->\n<title>ES-B Torregassa - Gravel 61 km, D+ 950 m, 13 cols - Club des Cent Cols<\/title>\n<meta name=\"robots\" content=\"index, follow, max-snippet:-1, max-image-preview:large, max-video-preview:-1\" \/>\n<link rel=\"canonical\" href=\"https:\/\/centcols.org\/de\/es-b-torregassa-gravel-61-km-d-950-m-13-passe\/\" \/>\n<meta property=\"og:locale\" content=\"de_DE\" \/>\n<meta property=\"og:type\" content=\"article\" \/>\n<meta property=\"og:title\" content=\"ES-B Torregassa - Gravel 61 km, D+ 950 m, 13 cols - Club des Cent Cols\" \/>\n<meta property=\"og:description\" content=\"Description de l\u2019auteur Auteur&nbsp;: G\u00e9rard BirelliParcours&nbsp;: effectu\u00e9 en mars 2023D\u00e9part&nbsp;: Torregassa, proche Solsona Descriptif touristique Les cols se situent au c\u0153ur d\u2019un syst\u00e8me de collines, pi\u00e9mont de plus hautes Serrat situ\u00e9es plus au nord. La for\u00eat alterne avec des espaces cultiv\u00e9s et de rares villages. Descriptif technique Ce parcours ne pr\u00e9sente aucune difficult\u00e9 technique car [&hellip;]\" \/>\n<meta property=\"og:url\" content=\"https:\/\/centcols.org\/de\/es-b-torregassa-gravel-61-km-d-950-m-13-passe\/\" \/>\n<meta property=\"og:site_name\" content=\"Club des Cent Cols\" \/>\n<meta property=\"article:publisher\" content=\"https:\/\/www.facebook.com\/groups\/5261880558\/?locale=fr_FR\" \/>\n<meta property=\"article:published_time\" content=\"2024-12-08T19:09:35+00:00\" \/>\n<meta property=\"article:modified_time\" content=\"2026-03-14T15:47:48+00:00\" \/>\n<meta property=\"og:image\" content=\"https:\/\/centcols.org\/wp-content\/uploads\/2025\/05\/santgra.jpg\" \/>\n\t<meta property=\"og:image:width\" content=\"1000\" \/>\n\t<meta property=\"og:image:height\" content=\"564\" \/>\n\t<meta property=\"og:image:type\" content=\"image\/jpeg\" \/>\n<meta name=\"author\" content=\"Webmestre\" \/>\n<meta name=\"twitter:card\" content=\"summary_large_image\" \/>\n<meta name=\"twitter:label1\" content=\"Verfasst von\" \/>\n\t<meta name=\"twitter:data1\" content=\"Webmestre\" \/>\n\t<meta name=\"twitter:label2\" content=\"Gesch\u00e4tzte Lesezeit\" \/>\n\t<meta name=\"twitter:data2\" content=\"4\u00a0Minuten\" \/>\n<script type=\"application\/ld+json\" class=\"yoast-schema-graph\">{\"@context\":\"https:\/\/schema.org\",\"@graph\":[{\"@type\":\"Article\",\"@id\":\"https:\/\/centcols.org\/es-b-torregassa-gravel-61-km-d-950-m-13-cols\/#article\",\"isPartOf\":{\"@id\":\"https:\/\/centcols.org\/es-b-torregassa-gravel-61-km-d-950-m-13-cols\/\"},\"author\":{\"name\":\"Webmestre\",\"@id\":\"https:\/\/centcols.org\/#\/schema\/person\/911b404fb133d8c913dd27cdcf71c8e5\"},\"headline\":\"ES-B Torregassa &#8211; Gravel 61 km, D+ 950 m, 13 cols\",\"datePublished\":\"2024-12-08T19:09:35+00:00\",\"dateModified\":\"2026-03-14T15:47:48+00:00\",\"mainEntityOfPage\":{\"@id\":\"https:\/\/centcols.org\/es-b-torregassa-gravel-61-km-d-950-m-13-cols\/\"},\"wordCount\":259,\"commentCount\":0,\"publisher\":{\"@id\":\"https:\/\/centcols.org\/#organization\"},\"image\":{\"@id\":\"https:\/\/centcols.org\/es-b-torregassa-gravel-61-km-d-950-m-13-cols\/#primaryimage\"},\"thumbnailUrl\":\"https:\/\/centcols.org\/wp-content\/uploads\/2025\/05\/santgra.jpg\",\"articleSection\":[\"Parcours Espagne\",\"Gravel\",\"Barcelone\",\"Parcours membres\"],\"inLanguage\":\"de\",\"potentialAction\":[{\"@type\":\"CommentAction\",\"name\":\"Comment\",\"target\":[\"https:\/\/centcols.org\/es-b-torregassa-gravel-61-km-d-950-m-13-cols\/#respond\"]}]},{\"@type\":\"WebPage\",\"@id\":\"https:\/\/centcols.org\/es-b-torregassa-gravel-61-km-d-950-m-13-cols\/\",\"url\":\"https:\/\/centcols.org\/es-b-torregassa-gravel-61-km-d-950-m-13-cols\/\",\"name\":\"ES-B Torregassa - Gravel 61 km, D+ 950 m, 13 cols - Club des Cent Cols\",\"isPartOf\":{\"@id\":\"https:\/\/centcols.org\/#website\"},\"primaryImageOfPage\":{\"@id\":\"https:\/\/centcols.org\/es-b-torregassa-gravel-61-km-d-950-m-13-cols\/#primaryimage\"},\"image\":{\"@id\":\"https:\/\/centcols.org\/es-b-torregassa-gravel-61-km-d-950-m-13-cols\/#primaryimage\"},\"thumbnailUrl\":\"https:\/\/centcols.org\/wp-content\/uploads\/2025\/05\/santgra.jpg\",\"datePublished\":\"2024-12-08T19:09:35+00:00\",\"dateModified\":\"2026-03-14T15:47:48+00:00\",\"breadcrumb\":{\"@id\":\"https:\/\/centcols.org\/es-b-torregassa-gravel-61-km-d-950-m-13-cols\/#breadcrumb\"},\"inLanguage\":\"de\",\"potentialAction\":[{\"@type\":\"ReadAction\",\"target\":[\"https:\/\/centcols.org\/es-b-torregassa-gravel-61-km-d-950-m-13-cols\/\"]}]},{\"@type\":\"ImageObject\",\"inLanguage\":\"de\",\"@id\":\"https:\/\/centcols.org\/es-b-torregassa-gravel-61-km-d-950-m-13-cols\/#primaryimage\",\"url\":\"https:\/\/centcols.org\/wp-content\/uploads\/2025\/05\/santgra.jpg\",\"contentUrl\":\"https:\/\/centcols.org\/wp-content\/uploads\/2025\/05\/santgra.jpg\",\"width\":1000,\"height\":564},{\"@type\":\"BreadcrumbList\",\"@id\":\"https:\/\/centcols.org\/es-b-torregassa-gravel-61-km-d-950-m-13-cols\/#breadcrumb\",\"itemListElement\":[{\"@type\":\"ListItem\",\"position\":1,\"name\":\"Accueil\",\"item\":\"https:\/\/centcols.org\/\"},{\"@type\":\"ListItem\",\"position\":2,\"name\":\"Parcours membres\",\"item\":\"https:\/\/centcols.org\/rubrique\/parcours-membres\/\"},{\"@type\":\"ListItem\",\"position\":3,\"name\":\"Pays\",\"item\":\"https:\/\/centcols.org\/rubrique\/parcours-membres\/pays-parcours-membres\/\"},{\"@type\":\"ListItem\",\"position\":4,\"name\":\"Parcours Espagne\",\"item\":\"https:\/\/centcols.org\/rubrique\/parcours-membres\/pays-parcours-membres\/parcours-espagne\/\"},{\"@type\":\"ListItem\",\"position\":5,\"name\":\"ES-B Torregassa &#8211; Gravel 61 km, D+ 950 m, 13 cols\"}]},{\"@type\":\"WebSite\",\"@id\":\"https:\/\/centcols.org\/#website\",\"url\":\"https:\/\/centcols.org\/\",\"name\":\"Club des Cent Cols\",\"description\":\"\",\"publisher\":{\"@id\":\"https:\/\/centcols.org\/#organization\"},\"potentialAction\":[{\"@type\":\"SearchAction\",\"target\":{\"@type\":\"EntryPoint\",\"urlTemplate\":\"https:\/\/centcols.org\/?s={search_term_string}\"},\"query-input\":{\"@type\":\"PropertyValueSpecification\",\"valueRequired\":true,\"valueName\":\"search_term_string\"}}],\"inLanguage\":\"de\"},{\"@type\":\"Organization\",\"@id\":\"https:\/\/centcols.org\/#organization\",\"name\":\"Club des Cent Cols\",\"url\":\"https:\/\/centcols.org\/\",\"logo\":{\"@type\":\"ImageObject\",\"inLanguage\":\"de\",\"@id\":\"https:\/\/centcols.org\/#\/schema\/logo\/image\/\",\"url\":\"https:\/\/centcols.org\/wp-content\/uploads\/2025\/01\/carte-icone.png\",\"contentUrl\":\"https:\/\/centcols.org\/wp-content\/uploads\/2025\/01\/carte-icone.png\",\"width\":250,\"height\":250,\"caption\":\"Club des Cent Cols\"},\"image\":{\"@id\":\"https:\/\/centcols.org\/#\/schema\/logo\/image\/\"},\"sameAs\":[\"https:\/\/www.facebook.com\/groups\/5261880558\/?locale=fr_FR\"]},{\"@type\":\"Person\",\"@id\":\"https:\/\/centcols.org\/#\/schema\/person\/911b404fb133d8c913dd27cdcf71c8e5\",\"name\":\"Webmestre\",\"image\":{\"@type\":\"ImageObject\",\"inLanguage\":\"de\",\"@id\":\"https:\/\/centcols.org\/wp-content\/litespeed\/avatar\/2d246e4b6b4f773e08515e1ffc53690b.jpg?ver=1777222892\",\"url\":\"https:\/\/centcols.org\/wp-content\/litespeed\/avatar\/2d246e4b6b4f773e08515e1ffc53690b.jpg?ver=1777222892\",\"contentUrl\":\"https:\/\/centcols.org\/wp-content\/litespeed\/avatar\/2d246e4b6b4f773e08515e1ffc53690b.jpg?ver=1777222892\",\"caption\":\"Webmestre\"},\"url\":\"https:\/\/centcols.org\/de\/author\/webmestre\/\"}]}<\/script>\n<!-- \/ Yoast SEO plugin. -->","yoast_head_json":{"title":"ES-B Torregassa - Gravel 61 km, D+ 950 m, 13 P\u00e4sse - Club des Cent Cols","robots":{"index":"index","follow":"follow","max-snippet":"max-snippet:-1","max-image-preview":"max-image-preview:large","max-video-preview":"max-video-preview:-1"},"canonical":"https:\/\/centcols.org\/de\/es-b-torregassa-gravel-61-km-d-950-m-13-passe\/","og_locale":"de_DE","og_type":"article","og_title":"ES-B Torregassa - Gravel 61 km, D+ 950 m, 13 cols - Club des Cent Cols","og_description":"Description de l\u2019auteur Auteur&nbsp;: G\u00e9rard BirelliParcours&nbsp;: effectu\u00e9 en mars 2023D\u00e9part&nbsp;: Torregassa, proche Solsona Descriptif touristique Les cols se situent au c\u0153ur d\u2019un syst\u00e8me de collines, pi\u00e9mont de plus hautes Serrat situ\u00e9es plus au nord. La for\u00eat alterne avec des espaces cultiv\u00e9s et de rares villages. Descriptif technique Ce parcours ne pr\u00e9sente aucune difficult\u00e9 technique car [&hellip;]","og_url":"https:\/\/centcols.org\/de\/es-b-torregassa-gravel-61-km-d-950-m-13-passe\/","og_site_name":"Club des Cent Cols","article_publisher":"https:\/\/www.facebook.com\/groups\/5261880558\/?locale=fr_FR","article_published_time":"2024-12-08T19:09:35+00:00","article_modified_time":"2026-03-14T15:47:48+00:00","og_image":[{"width":1000,"height":564,"url":"https:\/\/centcols.org\/wp-content\/uploads\/2025\/05\/santgra.jpg","type":"image\/jpeg"}],"author":"Webmestre","twitter_card":"summary_large_image","twitter_misc":{"Verfasst von":"Webmestre","Gesch\u00e4tzte Lesezeit":"4\u00a0Minuten"},"schema":{"@context":"https:\/\/schema.org","@graph":[{"@type":"Article","@id":"https:\/\/centcols.org\/es-b-torregassa-gravel-61-km-d-950-m-13-cols\/#article","isPartOf":{"@id":"https:\/\/centcols.org\/es-b-torregassa-gravel-61-km-d-950-m-13-cols\/"},"author":{"name":"Webmestre","@id":"https:\/\/centcols.org\/#\/schema\/person\/911b404fb133d8c913dd27cdcf71c8e5"},"headline":"ES-B Torregassa &#8211; Gravel 61 km, D+ 950 m, 13 cols","datePublished":"2024-12-08T19:09:35+00:00","dateModified":"2026-03-14T15:47:48+00:00","mainEntityOfPage":{"@id":"https:\/\/centcols.org\/es-b-torregassa-gravel-61-km-d-950-m-13-cols\/"},"wordCount":259,"commentCount":0,"publisher":{"@id":"https:\/\/centcols.org\/#organization"},"image":{"@id":"https:\/\/centcols.org\/es-b-torregassa-gravel-61-km-d-950-m-13-cols\/#primaryimage"},"thumbnailUrl":"https:\/\/centcols.org\/wp-content\/uploads\/2025\/05\/santgra.jpg","articleSection":["Parcours Espagne","Gravel","Barcelone","Parcours membres"],"inLanguage":"de","potentialAction":[{"@type":"CommentAction","name":"Comment","target":["https:\/\/centcols.org\/es-b-torregassa-gravel-61-km-d-950-m-13-cols\/#respond"]}]},{"@type":"WebPage","@id":"https:\/\/centcols.org\/es-b-torregassa-gravel-61-km-d-950-m-13-cols\/","url":"https:\/\/centcols.org\/es-b-torregassa-gravel-61-km-d-950-m-13-cols\/","name":"ES-B Torregassa - Gravel 61 km, D+ 950 m, 13 P\u00e4sse - Club des Cent Cols","isPartOf":{"@id":"https:\/\/centcols.org\/#website"},"primaryImageOfPage":{"@id":"https:\/\/centcols.org\/es-b-torregassa-gravel-61-km-d-950-m-13-cols\/#primaryimage"},"image":{"@id":"https:\/\/centcols.org\/es-b-torregassa-gravel-61-km-d-950-m-13-cols\/#primaryimage"},"thumbnailUrl":"https:\/\/centcols.org\/wp-content\/uploads\/2025\/05\/santgra.jpg","datePublished":"2024-12-08T19:09:35+00:00","dateModified":"2026-03-14T15:47:48+00:00","breadcrumb":{"@id":"https:\/\/centcols.org\/es-b-torregassa-gravel-61-km-d-950-m-13-cols\/#breadcrumb"},"inLanguage":"de","potentialAction":[{"@type":"ReadAction","target":["https:\/\/centcols.org\/es-b-torregassa-gravel-61-km-d-950-m-13-cols\/"]}]},{"@type":"ImageObject","inLanguage":"de","@id":"https:\/\/centcols.org\/es-b-torregassa-gravel-61-km-d-950-m-13-cols\/#primaryimage","url":"https:\/\/centcols.org\/wp-content\/uploads\/2025\/05\/santgra.jpg","contentUrl":"https:\/\/centcols.org\/wp-content\/uploads\/2025\/05\/santgra.jpg","width":1000,"height":564},{"@type":"BreadcrumbList","@id":"https:\/\/centcols.org\/es-b-torregassa-gravel-61-km-d-950-m-13-cols\/#breadcrumb","itemListElement":[{"@type":"ListItem","position":1,"name":"Accueil","item":"https:\/\/centcols.org\/"},{"@type":"ListItem","position":2,"name":"Parcours membres","item":"https:\/\/centcols.org\/rubrique\/parcours-membres\/"},{"@type":"ListItem","position":3,"name":"Pays","item":"https:\/\/centcols.org\/rubrique\/parcours-membres\/pays-parcours-membres\/"},{"@type":"ListItem","position":4,"name":"Parcours Espagne","item":"https:\/\/centcols.org\/rubrique\/parcours-membres\/pays-parcours-membres\/parcours-espagne\/"},{"@type":"ListItem","position":5,"name":"ES-B Torregassa &#8211; Gravel 61 km, D+ 950 m, 13 cols"}]},{"@type":"WebSite","@id":"https:\/\/centcols.org\/#website","url":"https:\/\/centcols.org\/","name":"Club des Cent Cols","description":"","publisher":{"@id":"https:\/\/centcols.org\/#organization"},"potentialAction":[{"@type":"SearchAction","target":{"@type":"EntryPoint","urlTemplate":"https:\/\/centcols.org\/?s={search_term_string}"},"query-input":{"@type":"PropertyValueSpecification","valueRequired":true,"valueName":"search_term_string"}}],"inLanguage":"de"},{"@type":"Organization","@id":"https:\/\/centcols.org\/#organization","name":"Club des Cent Cols","url":"https:\/\/centcols.org\/","logo":{"@type":"ImageObject","inLanguage":"de","@id":"https:\/\/centcols.org\/#\/schema\/logo\/image\/","url":"https:\/\/centcols.org\/wp-content\/uploads\/2025\/01\/carte-icone.png","contentUrl":"https:\/\/centcols.org\/wp-content\/uploads\/2025\/01\/carte-icone.png","width":250,"height":250,"caption":"Club des Cent Cols"},"image":{"@id":"https:\/\/centcols.org\/#\/schema\/logo\/image\/"},"sameAs":["https:\/\/www.facebook.com\/groups\/5261880558\/?locale=fr_FR"]},{"@type":"Person","@id":"https:\/\/centcols.org\/#\/schema\/person\/911b404fb133d8c913dd27cdcf71c8e5","name":"Webmaster","image":{"@type":"ImageObject","inLanguage":"de","@id":"https:\/\/centcols.org\/wp-content\/litespeed\/avatar\/2d246e4b6b4f773e08515e1ffc53690b.jpg?ver=1777222892","url":"https:\/\/centcols.org\/wp-content\/litespeed\/avatar\/2d246e4b6b4f773e08515e1ffc53690b.jpg?ver=1777222892","contentUrl":"https:\/\/centcols.org\/wp-content\/litespeed\/avatar\/2d246e4b6b4f773e08515e1ffc53690b.jpg?ver=1777222892","caption":"Webmestre"},"url":"https:\/\/centcols.org\/de\/author\/webmestre\/"}]}},"_links":{"self":[{"href":"https:\/\/centcols.org\/de\/wp-json\/wp\/v2\/posts\/82668","targetHints":{"allow":["GET"]}}],"collection":[{"href":"https:\/\/centcols.org\/de\/wp-json\/wp\/v2\/posts"}],"about":[{"href":"https:\/\/centcols.org\/de\/wp-json\/wp\/v2\/types\/post"}],"author":[{"embeddable":true,"href":"https:\/\/centcols.org\/de\/wp-json\/wp\/v2\/users\/3"}],"replies":[{"embeddable":true,"href":"https:\/\/centcols.org\/de\/wp-json\/wp\/v2\/comments?post=82668"}],"version-history":[{"count":0,"href":"https:\/\/centcols.org\/de\/wp-json\/wp\/v2\/posts\/82668\/revisions"}],"wp:featuredmedia":[{"embeddable":true,"href":"https:\/\/centcols.org\/de\/wp-json\/wp\/v2\/media\/82669"}],"wp:attachment":[{"href":"https:\/\/centcols.org\/de\/wp-json\/wp\/v2\/media?parent=82668"}],"wp:term":[{"taxonomy":"category","embeddable":true,"href":"https:\/\/centcols.org\/de\/wp-json\/wp\/v2\/categories?post=82668"},{"taxonomy":"post_tag","embeddable":true,"href":"https:\/\/centcols.org\/de\/wp-json\/wp\/v2\/tags?post=82668"}],"curies":[{"name":"wp","href":"https:\/\/api.w.org\/{rel}","templated":true}]}}