{"id":82711,"date":"2024-12-31T14:31:56","date_gmt":"2024-12-31T12:31:56","guid":{"rendered":"https:\/\/centcols.org\/challenge-des-pyrenees-georges-veron\/"},"modified":"2025-09-13T07:46:25","modified_gmt":"2025-09-13T05:46:25","slug":"challenge-des-pyrenees-georges-veron","status":"publish","type":"post","link":"https:\/\/centcols.org\/de\/challenge-des-pyrenees-georges-veron\/","title":{"rendered":"Challenge des Pyr\u00e9n\u00e9es Georges VERON"},"content":{"rendered":"<p>Christophe CABLAT (CC Nr. 8186) und Boris THOMAS (CC Nr. 8188) bieten uns diese Herausforderung an. <\/p>\n\n\n\n<p>Die Pyren\u00e4en sind international: franz\u00f6sisch, spanisch und andorranisch. Die Challenge des Pyr\u00e9n\u00e9es Georges VERON bietet Ihnen die M\u00f6glichkeit, 534 Stra\u00dfenp\u00e4sse in den Pyren\u00e4en in Frankreich, Spanien und Andorra zu erklimmen. Sie werden die 10 P\u00e4sse mit einer H\u00f6he von \u00fcber 2000 Metern in den Pyren\u00e4en erklimmen. In dieser Liste von P\u00e4ssen sind 23 grenz\u00fcberschreitend zwischen Frankreich und Spanien.<br><br>Die Challenge des Pyr\u00e9n\u00e9es Georges VERON ist eine Hommage an diesen gro\u00dfen Pyren\u00e4enfahrer und Radtouristen (1933-2004), Autor zahlreicher Wanderf\u00fchrer und Topos, Sch\u00f6pfer der Haute Route des Pyr\u00e9n\u00e9es \u00e0 v\u00e9lo oder auch der Tour des Pyr\u00e9n\u00e9es \u00e0 v\u00e9lo, einer 1490 km langen Rundfahrt mit 21000 H\u00f6henmetern. Genau diese Tour des Pyr\u00e9n\u00e9es \u00e0 v\u00e9lo dient als Ma\u00dfstab f\u00fcr diese Herausforderung und \u00abqualifiziert\u00bb die P\u00e4sse. Die im Katalog aufgef\u00fchrten P\u00e4sse sind die P\u00e4sse, die auf V\u00e9rons Route vorhanden sind, plus alle P\u00e4sse innerhalb seiner Route.<\/p>\n\n\n\n<p><a href=\"https:\/\/centcols.org\/wp-content\/uploads\/2025\/08\/Genese-Challenge-Veron.pdf\" target=\"_blank\" rel=\"noreferrer noopener\">Entstehung eines Challenge des Club des Cent Cols<\/a><br><br>Diese Herausforderung steht Mitgliedern und Nichtmitgliedern des Clubs der hundert P\u00e4sse offen. Sie kann \u00fcbrigens f\u00fcr ein neues Mitglied die Grundlage f\u00fcr die ersten hundert P\u00e4sse bilden oder ganz einfach eine Motivation sein, die Intimit\u00e4t und Vielfalt der Pyren\u00e4en zu entdecken.<\/p>\n\n\n\n<p>Kontakt: <br><a href=\"\/de\/c&\/#111;&#x6e;&#x74;a&#99;&#x74;&#x40;c&#97;&#98;&#x6c;&#x61;t&#46;&#x63;&#x6f;m\">contact@cablat.com<\/a><br><a href=\"mailto:&quot;&#x63;&#x61;&#x62;&#x6c;&#x61;&#x74;&#x5f;&#x70;&#x68;&#x6f;&#x74;&#111;&#115;&#64;&#104;&#111;&#116;&#109;ail&#46;fr&quot;\">cablat_photos@hotmail.fr<\/a> <br><a href=\"\/de\/bori&\/#115;&#97;&#110;&#115;&#97;&#98;&#101;&#x72;&#x65;&#x40;&#x69;&#x63;&#x6c;&#x6f;&#x75;&#x64;&#46;com\" target=\"_blank\" rel=\"noreferrer noopener\">borisansabere@icloud.com<\/a><\/p>\n\n\n\n<h2 class=\"wp-block-heading\">Betrieb<\/h2>\n\n\n\n<p>Um sich f\u00fcr diese Challenge anzumelden, <a href=\"https:\/\/centcols.org\/wp-content\/uploads\/2025\/08\/Bulletin-inscription-challenge-gveron.docx\" target=\"_blank\" rel=\"noreferrer noopener\">muss man das Anmeldeformular ausf\u00fcllen<\/a> die als Annahme der Regeln des \"Club des cent cols\" gelten. <strong>Bitte benennen Sie die Datei mit Ihrem Namen um.<\/strong> Vergessen Sie nicht, Ihren Namen und vor allem Ihre Mitgliedsnummer anzugeben, wenn Sie Mitglied des \"Club des cent Cols\" sind.<\/p>\n\n\n\n<p>Die P\u00e4sse m\u00fcssen gem\u00e4\u00df den Spielregeln des \"Club der hundert P\u00e4sse\" bestiegen werden.<br>P\u00e4sse, die vor der Anmeldung zur Challenge \u00fcberquert wurden, k\u00f6nnen gez\u00e4hlt werden.<br>Die P\u00e4sse der Challenge sind diejenigen, die zum Zeitpunkt der Erstellung der Challenge im Katalog aufgef\u00fchrt sind, diese Liste ist endg\u00fcltig. Wenn sp\u00e4ter P\u00e4sse in der von den verschiedenen Zus\u00e4tzen betroffenen Zone hinzugef\u00fcgt werden, werden sie nicht f\u00fcr die Challenge ber\u00fccksichtigt.<\/p>\n\n\n\n<p>Die 3 Ebenen Der Challenge des Pyr\u00e9n\u00e9es Georges V\u00e9ron :<br>Die <strong>Bronze-Level<\/strong> des Challenge des Pyr\u00e9n\u00e9es Georges VERON erh\u00e4lt man, nachdem man 178 der 534 im Katalog eingetragenen P\u00e4sse, also 1\/3 der P\u00e4sse, \u00fcberquert hat.<br> Die <strong>Silberstufe <\/strong>des Challenge des Pyr\u00e9n\u00e9es Georges VERON erh\u00e4lt man, nachdem man 356 der 534 im Katalog eingetragenen Stra\u00dfenp\u00e4sse, also 2\/3 der P\u00e4sse, \u00fcberquert hat.<br>Die <strong>Goldstufe<\/strong> des Challenge des Pyr\u00e9n\u00e9es Georges VERON erh\u00e4lt man, nachdem man alle 534 im Katalog aufgef\u00fchrten Stra\u00dfenp\u00e4sse bezwungen hat.<\/p>\n\n\n\n<p class=\"has-medium-font-size\">Es gibt keine Frist, die Sie einhalten m\u00fcssen.<br>Die Teilnehmer sind selbstst\u00e4ndig, das Tragen eines Helms und die Elemente der Fahrradsicherheit werden dringend empfohlen.<br>Jedes Land hat seine eigenen Verkehrsregeln, die eingehalten werden m\u00fcssen.<br><br>Ein Patent Challenge des Pyr\u00e9n\u00e9es - Georges VERON (Gold, Silber oder Bronze) wird verliehen, wenn die erforderliche Anzahl an P\u00e4ssen erklommen wurde. Der Teilnehmer erh\u00e4lt die M\u00f6glichkeit, die Details der Challenge selbst auszudrucken oder sie sich vom Verantwortlichen der Challenge gegen eine Geb\u00fchr von sechs Euro an den Club des Cent Cols (6 \u20ac) schicken zu lassen. Dieser Betrag umfasst die Kosten f\u00fcr das Spezialpapier, den Druck und den Postversand). Nur f\u00fcr das Patent Challenge des Pyr\u00e9n\u00e9es - Georges VERON <strong><span class=\"stk-highlight\" style=\"color: #fcb900;background-color: #f34957\">oder<\/span><\/strong>, Wenn Sie es w\u00fcnschen, k\u00f6nnen Sie den Wanderpokal auch bei Veranstaltungen des \"Club des Cent Cols\" pers\u00f6nlich \u00fcberreichen.<br><br>Es wird eine Ehrentafel der Inhaber der einzelnen Challenges und der angemeldeten Teilnehmer (mit ihrem Fortschrittsgrad) erstellt. Zun\u00e4chst wird diese Liste beim Challenge-Verantwortlichen erh\u00e4ltlich sein, die Bedingungen f\u00fcr ihre Aufnahme in die Publikationen des 100-P\u00e4sse-Clubs werden sp\u00e4ter entschieden.<br>In der Reihenfolge der Anmeldungen wird eine Nummer vergeben.<br><br>Die j\u00e4hrliche Meldung erfolgt durch \u00dcbermittlung der ausgef\u00fcllten Excel-Datei an den Verantwortlichen der Challenge: challengeveron@centcols.org Verantwortlicher, der die Ergebnisse analysiert und die Ehrentafel erstellt. <br><br>Die P\u00e4sse der Herausforderung in <a href=\"https:\/\/centcols.org\/wp-content\/uploads\/2025\/08\/LISTE-COLS-CHALLENGE-GEORGES-VERON-1.xlsx\" target=\"_blank\" rel=\"noreferrer noopener\">hier herunterladen<\/a>. <strong>Vergessen Sie nicht, Ihren Namen und vor allem Ihre Mitgliedsnummer anzugeben, wenn Sie cent col sind, da sonst die Excel-Tabelle verloren gehen k\u00f6nnte. Bitte benennen Sie die Datei mit Ihrem Namen um.<\/strong><\/p>","protected":false},"excerpt":{"rendered":"<p>Christophe CABLAT (CC N\u00b08186) et Boris THOMAS (CC N\u00b08188) nous proposent ce challenge. Les Pyr\u00e9n\u00e9es sont internationales: fran\u00e7aises, espagnoles et andorranes. Le Challenge des Pyr\u00e9n\u00e9es Georges VERON vous propose de gravir 534 cols routiers des Pyr\u00e9n\u00e9es en France, en Espagne et en Andorre. Vous gravirez les 10 cols \u00e0 plus de 2000 m\u00e8tres d\u2019altitude des [&hellip;]<\/p>\n","protected":false},"author":58,"featured_media":83720,"comment_status":"closed","ping_status":"open","sticky":false,"template":"","format":"standard","meta":{"_acf_changed":false,"footnotes":""},"categories":[219],"tags":[],"class_list":["post-82711","post","type-post","status-publish","format-standard","has-post-thumbnail","hentry","category-challenges"],"acf":[],"yoast_head":"<!-- This site is optimized with the Yoast SEO plugin v27.2 - https:\/\/yoast.com\/product\/yoast-seo-wordpress\/ -->\n<title>Challenge des Pyr\u00e9n\u00e9es Georges VERON - Club des Cent Cols<\/title>\n<meta name=\"robots\" content=\"index, follow, max-snippet:-1, max-image-preview:large, max-video-preview:-1\" \/>\n<link rel=\"canonical\" href=\"https:\/\/centcols.org\/de\/challenge-des-pyrenees-georges-veron\/\" \/>\n<meta property=\"og:locale\" content=\"de_DE\" \/>\n<meta property=\"og:type\" content=\"article\" \/>\n<meta property=\"og:title\" content=\"Challenge des Pyr\u00e9n\u00e9es Georges VERON - Club des Cent Cols\" \/>\n<meta property=\"og:description\" content=\"Christophe CABLAT (CC N\u00b08186) et Boris THOMAS (CC N\u00b08188) nous proposent ce challenge. Les Pyr\u00e9n\u00e9es sont internationales: fran\u00e7aises, espagnoles et andorranes. Le Challenge des Pyr\u00e9n\u00e9es Georges VERON vous propose de gravir 534 cols routiers des Pyr\u00e9n\u00e9es en France, en Espagne et en Andorre. Vous gravirez les 10 cols \u00e0 plus de 2000 m\u00e8tres d\u2019altitude des [&hellip;]\" \/>\n<meta property=\"og:url\" content=\"https:\/\/centcols.org\/de\/challenge-des-pyrenees-georges-veron\/\" \/>\n<meta property=\"og:site_name\" content=\"Club des Cent Cols\" \/>\n<meta property=\"article:publisher\" content=\"https:\/\/www.facebook.com\/groups\/5261880558\/?locale=fr_FR\" \/>\n<meta property=\"article:published_time\" content=\"2024-12-31T12:31:56+00:00\" \/>\n<meta property=\"article:modified_time\" content=\"2025-09-13T05:46:25+00:00\" \/>\n<meta property=\"og:image\" content=\"https:\/\/centcols.org\/wp-content\/uploads\/2024\/12\/Gavarnie-ret2.jpg\" \/>\n\t<meta property=\"og:image:width\" content=\"1300\" \/>\n\t<meta property=\"og:image:height\" content=\"731\" \/>\n\t<meta property=\"og:image:type\" content=\"image\/jpeg\" \/>\n<meta name=\"author\" content=\"Enrico Alberini\" \/>\n<meta name=\"twitter:card\" content=\"summary_large_image\" \/>\n<meta name=\"twitter:label1\" content=\"Verfasst von\" \/>\n\t<meta name=\"twitter:data1\" content=\"Enrico Alberini\" \/>\n\t<meta name=\"twitter:label2\" content=\"Gesch\u00e4tzte Lesezeit\" \/>\n\t<meta name=\"twitter:data2\" content=\"4\u00a0Minuten\" \/>\n<script type=\"application\/ld+json\" class=\"yoast-schema-graph\">{\"@context\":\"https:\/\/schema.org\",\"@graph\":[{\"@type\":\"Article\",\"@id\":\"https:\/\/centcols.org\/challenge-des-pyrenees-georges-veron\/#article\",\"isPartOf\":{\"@id\":\"https:\/\/centcols.org\/challenge-des-pyrenees-georges-veron\/\"},\"author\":{\"name\":\"Enrico Alberini\",\"@id\":\"https:\/\/centcols.org\/#\/schema\/person\/86c3ec6889d88501a29fccac614bebf8\"},\"headline\":\"Challenge des Pyr\u00e9n\u00e9es Georges VERON\",\"datePublished\":\"2024-12-31T12:31:56+00:00\",\"dateModified\":\"2025-09-13T05:46:25+00:00\",\"mainEntityOfPage\":{\"@id\":\"https:\/\/centcols.org\/challenge-des-pyrenees-georges-veron\/\"},\"wordCount\":785,\"publisher\":{\"@id\":\"https:\/\/centcols.org\/#organization\"},\"image\":{\"@id\":\"https:\/\/centcols.org\/challenge-des-pyrenees-georges-veron\/#primaryimage\"},\"thumbnailUrl\":\"https:\/\/centcols.org\/wp-content\/uploads\/2024\/12\/Gavarnie-ret2.jpg\",\"articleSection\":[\"Challenges\"],\"inLanguage\":\"de\"},{\"@type\":\"WebPage\",\"@id\":\"https:\/\/centcols.org\/challenge-des-pyrenees-georges-veron\/\",\"url\":\"https:\/\/centcols.org\/challenge-des-pyrenees-georges-veron\/\",\"name\":\"Challenge des Pyr\u00e9n\u00e9es Georges VERON - Club des Cent Cols\",\"isPartOf\":{\"@id\":\"https:\/\/centcols.org\/#website\"},\"primaryImageOfPage\":{\"@id\":\"https:\/\/centcols.org\/challenge-des-pyrenees-georges-veron\/#primaryimage\"},\"image\":{\"@id\":\"https:\/\/centcols.org\/challenge-des-pyrenees-georges-veron\/#primaryimage\"},\"thumbnailUrl\":\"https:\/\/centcols.org\/wp-content\/uploads\/2024\/12\/Gavarnie-ret2.jpg\",\"datePublished\":\"2024-12-31T12:31:56+00:00\",\"dateModified\":\"2025-09-13T05:46:25+00:00\",\"breadcrumb\":{\"@id\":\"https:\/\/centcols.org\/challenge-des-pyrenees-georges-veron\/#breadcrumb\"},\"inLanguage\":\"de\",\"potentialAction\":[{\"@type\":\"ReadAction\",\"target\":[\"https:\/\/centcols.org\/challenge-des-pyrenees-georges-veron\/\"]}]},{\"@type\":\"ImageObject\",\"inLanguage\":\"de\",\"@id\":\"https:\/\/centcols.org\/challenge-des-pyrenees-georges-veron\/#primaryimage\",\"url\":\"https:\/\/centcols.org\/wp-content\/uploads\/2024\/12\/Gavarnie-ret2.jpg\",\"contentUrl\":\"https:\/\/centcols.org\/wp-content\/uploads\/2024\/12\/Gavarnie-ret2.jpg\",\"width\":1300,\"height\":731},{\"@type\":\"BreadcrumbList\",\"@id\":\"https:\/\/centcols.org\/challenge-des-pyrenees-georges-veron\/#breadcrumb\",\"itemListElement\":[{\"@type\":\"ListItem\",\"position\":1,\"name\":\"Accueil\",\"item\":\"https:\/\/centcols.org\/\"},{\"@type\":\"ListItem\",\"position\":2,\"name\":\"Challenges\",\"item\":\"https:\/\/centcols.org\/rubrique\/challenges\/\"},{\"@type\":\"ListItem\",\"position\":3,\"name\":\"Challenge des Pyr\u00e9n\u00e9es Georges VERON\"}]},{\"@type\":\"WebSite\",\"@id\":\"https:\/\/centcols.org\/#website\",\"url\":\"https:\/\/centcols.org\/\",\"name\":\"Club des Cent Cols\",\"description\":\"\",\"publisher\":{\"@id\":\"https:\/\/centcols.org\/#organization\"},\"potentialAction\":[{\"@type\":\"SearchAction\",\"target\":{\"@type\":\"EntryPoint\",\"urlTemplate\":\"https:\/\/centcols.org\/?s={search_term_string}\"},\"query-input\":{\"@type\":\"PropertyValueSpecification\",\"valueRequired\":true,\"valueName\":\"search_term_string\"}}],\"inLanguage\":\"de\"},{\"@type\":\"Organization\",\"@id\":\"https:\/\/centcols.org\/#organization\",\"name\":\"Club des Cent Cols\",\"url\":\"https:\/\/centcols.org\/\",\"logo\":{\"@type\":\"ImageObject\",\"inLanguage\":\"de\",\"@id\":\"https:\/\/centcols.org\/#\/schema\/logo\/image\/\",\"url\":\"https:\/\/centcols.org\/wp-content\/uploads\/2025\/01\/carte-icone.png\",\"contentUrl\":\"https:\/\/centcols.org\/wp-content\/uploads\/2025\/01\/carte-icone.png\",\"width\":250,\"height\":250,\"caption\":\"Club des Cent Cols\"},\"image\":{\"@id\":\"https:\/\/centcols.org\/#\/schema\/logo\/image\/\"},\"sameAs\":[\"https:\/\/www.facebook.com\/groups\/5261880558\/?locale=fr_FR\"]},{\"@type\":\"Person\",\"@id\":\"https:\/\/centcols.org\/#\/schema\/person\/86c3ec6889d88501a29fccac614bebf8\",\"name\":\"Enrico Alberini\",\"image\":{\"@type\":\"ImageObject\",\"inLanguage\":\"de\",\"@id\":\"https:\/\/centcols.org\/wp-content\/litespeed\/avatar\/1b26e36a18d85acc8b0f860f9628213f.jpg?ver=1777240766\",\"url\":\"https:\/\/centcols.org\/wp-content\/litespeed\/avatar\/1b26e36a18d85acc8b0f860f9628213f.jpg?ver=1777240766\",\"contentUrl\":\"https:\/\/centcols.org\/wp-content\/litespeed\/avatar\/1b26e36a18d85acc8b0f860f9628213f.jpg?ver=1777240766\",\"caption\":\"Enrico Alberini\"},\"url\":\"https:\/\/centcols.org\/de\/author\/5065\/\"}]}<\/script>\n<!-- \/ Yoast SEO plugin. -->","yoast_head_json":{"title":"Challenge des Pyr\u00e9n\u00e9es Georges VERON - Club des Cent Cols","robots":{"index":"index","follow":"follow","max-snippet":"max-snippet:-1","max-image-preview":"max-image-preview:large","max-video-preview":"max-video-preview:-1"},"canonical":"https:\/\/centcols.org\/de\/challenge-des-pyrenees-georges-veron\/","og_locale":"de_DE","og_type":"article","og_title":"Challenge des Pyr\u00e9n\u00e9es Georges VERON - Club des Cent Cols","og_description":"Christophe CABLAT (CC N\u00b08186) et Boris THOMAS (CC N\u00b08188) nous proposent ce challenge. Les Pyr\u00e9n\u00e9es sont internationales: fran\u00e7aises, espagnoles et andorranes. Le Challenge des Pyr\u00e9n\u00e9es Georges VERON vous propose de gravir 534 cols routiers des Pyr\u00e9n\u00e9es en France, en Espagne et en Andorre. Vous gravirez les 10 cols \u00e0 plus de 2000 m\u00e8tres d\u2019altitude des [&hellip;]","og_url":"https:\/\/centcols.org\/de\/challenge-des-pyrenees-georges-veron\/","og_site_name":"Club des Cent Cols","article_publisher":"https:\/\/www.facebook.com\/groups\/5261880558\/?locale=fr_FR","article_published_time":"2024-12-31T12:31:56+00:00","article_modified_time":"2025-09-13T05:46:25+00:00","og_image":[{"width":1300,"height":731,"url":"https:\/\/centcols.org\/wp-content\/uploads\/2024\/12\/Gavarnie-ret2.jpg","type":"image\/jpeg"}],"author":"Enrico Alberini","twitter_card":"summary_large_image","twitter_misc":{"Verfasst von":"Enrico Alberini","Gesch\u00e4tzte Lesezeit":"4\u00a0Minuten"},"schema":{"@context":"https:\/\/schema.org","@graph":[{"@type":"Article","@id":"https:\/\/centcols.org\/challenge-des-pyrenees-georges-veron\/#article","isPartOf":{"@id":"https:\/\/centcols.org\/challenge-des-pyrenees-georges-veron\/"},"author":{"name":"Enrico Alberini","@id":"https:\/\/centcols.org\/#\/schema\/person\/86c3ec6889d88501a29fccac614bebf8"},"headline":"Challenge des Pyr\u00e9n\u00e9es Georges VERON","datePublished":"2024-12-31T12:31:56+00:00","dateModified":"2025-09-13T05:46:25+00:00","mainEntityOfPage":{"@id":"https:\/\/centcols.org\/challenge-des-pyrenees-georges-veron\/"},"wordCount":785,"publisher":{"@id":"https:\/\/centcols.org\/#organization"},"image":{"@id":"https:\/\/centcols.org\/challenge-des-pyrenees-georges-veron\/#primaryimage"},"thumbnailUrl":"https:\/\/centcols.org\/wp-content\/uploads\/2024\/12\/Gavarnie-ret2.jpg","articleSection":["Challenges"],"inLanguage":"de"},{"@type":"WebPage","@id":"https:\/\/centcols.org\/challenge-des-pyrenees-georges-veron\/","url":"https:\/\/centcols.org\/challenge-des-pyrenees-georges-veron\/","name":"Challenge des Pyr\u00e9n\u00e9es Georges VERON - Club des Cent Cols","isPartOf":{"@id":"https:\/\/centcols.org\/#website"},"primaryImageOfPage":{"@id":"https:\/\/centcols.org\/challenge-des-pyrenees-georges-veron\/#primaryimage"},"image":{"@id":"https:\/\/centcols.org\/challenge-des-pyrenees-georges-veron\/#primaryimage"},"thumbnailUrl":"https:\/\/centcols.org\/wp-content\/uploads\/2024\/12\/Gavarnie-ret2.jpg","datePublished":"2024-12-31T12:31:56+00:00","dateModified":"2025-09-13T05:46:25+00:00","breadcrumb":{"@id":"https:\/\/centcols.org\/challenge-des-pyrenees-georges-veron\/#breadcrumb"},"inLanguage":"de","potentialAction":[{"@type":"ReadAction","target":["https:\/\/centcols.org\/challenge-des-pyrenees-georges-veron\/"]}]},{"@type":"ImageObject","inLanguage":"de","@id":"https:\/\/centcols.org\/challenge-des-pyrenees-georges-veron\/#primaryimage","url":"https:\/\/centcols.org\/wp-content\/uploads\/2024\/12\/Gavarnie-ret2.jpg","contentUrl":"https:\/\/centcols.org\/wp-content\/uploads\/2024\/12\/Gavarnie-ret2.jpg","width":1300,"height":731},{"@type":"BreadcrumbList","@id":"https:\/\/centcols.org\/challenge-des-pyrenees-georges-veron\/#breadcrumb","itemListElement":[{"@type":"ListItem","position":1,"name":"Accueil","item":"https:\/\/centcols.org\/"},{"@type":"ListItem","position":2,"name":"Challenges","item":"https:\/\/centcols.org\/rubrique\/challenges\/"},{"@type":"ListItem","position":3,"name":"Challenge des Pyr\u00e9n\u00e9es Georges VERON"}]},{"@type":"WebSite","@id":"https:\/\/centcols.org\/#website","url":"https:\/\/centcols.org\/","name":"Club des Cent Cols","description":"","publisher":{"@id":"https:\/\/centcols.org\/#organization"},"potentialAction":[{"@type":"SearchAction","target":{"@type":"EntryPoint","urlTemplate":"https:\/\/centcols.org\/?s={search_term_string}"},"query-input":{"@type":"PropertyValueSpecification","valueRequired":true,"valueName":"search_term_string"}}],"inLanguage":"de"},{"@type":"Organization","@id":"https:\/\/centcols.org\/#organization","name":"Club des Cent Cols","url":"https:\/\/centcols.org\/","logo":{"@type":"ImageObject","inLanguage":"de","@id":"https:\/\/centcols.org\/#\/schema\/logo\/image\/","url":"https:\/\/centcols.org\/wp-content\/uploads\/2025\/01\/carte-icone.png","contentUrl":"https:\/\/centcols.org\/wp-content\/uploads\/2025\/01\/carte-icone.png","width":250,"height":250,"caption":"Club des Cent Cols"},"image":{"@id":"https:\/\/centcols.org\/#\/schema\/logo\/image\/"},"sameAs":["https:\/\/www.facebook.com\/groups\/5261880558\/?locale=fr_FR"]},{"@type":"Person","@id":"https:\/\/centcols.org\/#\/schema\/person\/86c3ec6889d88501a29fccac614bebf8","name":"Enrico Alberini","image":{"@type":"ImageObject","inLanguage":"de","@id":"https:\/\/centcols.org\/wp-content\/litespeed\/avatar\/1b26e36a18d85acc8b0f860f9628213f.jpg?ver=1777240766","url":"https:\/\/centcols.org\/wp-content\/litespeed\/avatar\/1b26e36a18d85acc8b0f860f9628213f.jpg?ver=1777240766","contentUrl":"https:\/\/centcols.org\/wp-content\/litespeed\/avatar\/1b26e36a18d85acc8b0f860f9628213f.jpg?ver=1777240766","caption":"Enrico Alberini"},"url":"https:\/\/centcols.org\/de\/author\/5065\/"}]}},"_links":{"self":[{"href":"https:\/\/centcols.org\/de\/wp-json\/wp\/v2\/posts\/82711","targetHints":{"allow":["GET"]}}],"collection":[{"href":"https:\/\/centcols.org\/de\/wp-json\/wp\/v2\/posts"}],"about":[{"href":"https:\/\/centcols.org\/de\/wp-json\/wp\/v2\/types\/post"}],"author":[{"embeddable":true,"href":"https:\/\/centcols.org\/de\/wp-json\/wp\/v2\/users\/58"}],"replies":[{"embeddable":true,"href":"https:\/\/centcols.org\/de\/wp-json\/wp\/v2\/comments?post=82711"}],"version-history":[{"count":0,"href":"https:\/\/centcols.org\/de\/wp-json\/wp\/v2\/posts\/82711\/revisions"}],"wp:featuredmedia":[{"embeddable":true,"href":"https:\/\/centcols.org\/de\/wp-json\/wp\/v2\/media\/83720"}],"wp:attachment":[{"href":"https:\/\/centcols.org\/de\/wp-json\/wp\/v2\/media?parent=82711"}],"wp:term":[{"taxonomy":"category","embeddable":true,"href":"https:\/\/centcols.org\/de\/wp-json\/wp\/v2\/categories?post=82711"},{"taxonomy":"post_tag","embeddable":true,"href":"https:\/\/centcols.org\/de\/wp-json\/wp\/v2\/tags?post=82711"}],"curies":[{"name":"wp","href":"https:\/\/api.w.org\/{rel}","templated":true}]}}