{"id":84136,"date":"2025-06-24T02:17:53","date_gmt":"2025-06-24T00:17:53","guid":{"rendered":"https:\/\/centcols.org\/?p=84136"},"modified":"2025-10-15T03:16:50","modified_gmt":"2025-10-15T01:16:50","slug":"yves-bochent","status":"publish","type":"post","link":"https:\/\/centcols.org\/de\/yves-bochent\/","title":{"rendered":"Yves Bochent"},"content":{"rendered":"<p>cc 6526 Yves Bochent<\/p>\n\n\n\n<p>Mit gro\u00dfer Trauer habe ich soeben vom Tod von Yves Bochent erfahren. Er war 2007 in den Club eingetreten und hatte ihn 2022 verlassen. Er war immer engagiert und hilfsbereit, wie bei unserem RP im Schwarzwald, wo er die ganze Woche \u00fcber als Fahrer und Verpfleger fungiert hatte.<\/p>\n\n\n\n<p>Unsere Gedanken sind bei Malou seiner Frau und seiner Familie.<\/p>\n\n\n\n<p>Peter Mai cc 4906<\/p>\n\n\n<div class=\"wp-block-image\">\n<figure class=\"aligncenter size-large is-resized\"><img loading=\"lazy\" decoding=\"async\" width=\"1440\" height=\"1920\" src=\"https:\/\/centcols.org\/wp-content\/uploads\/2025\/06\/bochent01-1440x1920.jpg\" alt=\"\" class=\"wp-image-84137\" style=\"width:294px;height:auto\" srcset=\"https:\/\/centcols.org\/wp-content\/uploads\/2025\/06\/bochent01-1440x1920.jpg 1440w, https:\/\/centcols.org\/wp-content\/uploads\/2025\/06\/bochent01-900x1200.jpg 900w, https:\/\/centcols.org\/wp-content\/uploads\/2025\/06\/bochent01-768x1024.jpg 768w, https:\/\/centcols.org\/wp-content\/uploads\/2025\/06\/bochent01-1152x1536.jpg 1152w, https:\/\/centcols.org\/wp-content\/uploads\/2025\/06\/bochent01-1536x2048.jpg 1536w, https:\/\/centcols.org\/wp-content\/uploads\/2025\/06\/bochent01.jpg 1716w\" sizes=\"auto, (max-width: 1440px) 100vw, 1440px\" \/><\/figure>\n<\/div>\n\n\n<hr class=\"wp-block-separator has-alpha-channel-opacity is-style-default\"\/>\n\n\n\n<p>Ich erfahre die Nachricht mit gro\u00dfer Betroffenheit, denn unser Schweizer Bretone war f\u00fcr mich ein sehr wertvoller Mensch.<\/p>\n\n\n\n<p>Die gesammelten Erinnerungen werden bleiben und ich werde ihn nie vergessen, denn er war jemand, der mich mit seinen schelmischen, aber liebenswerten Seiten, auf die man sich verlassen konnte, sehr gepr\u00e4gt hat.<\/p>\n\n\n\n<p>Liebe Gr\u00fc\u00dfe an Malou und ihre ganze Familie.<\/p>\n\n\n\n<p>Jacques Bezzola cc 3842<\/p>\n\n\n\n<hr class=\"wp-block-separator has-alpha-channel-opacity is-style-default\"\/>\n\n\n\n<p>Ich erfahre die Nachricht, die mich ersch\u00fcttert.&nbsp;<\/p>\n\n\n\n<p>Yves war ein liebenswerter kleiner Mann, der uns nach einer Ihrer Wanderungen mit seiner geliebten Malou bei sich zu Hause empfangen hatte.<\/p>\n\n\n\n<p>Ich werde ihn als diskreten, dynamischen und immer l\u00e4chelnden Mann in Erinnerung behalten.<\/p>\n\n\n\n<p>Wir sind in Gedanken bei Malou, ihrer Familie und dem Club de la rivi\u00e8ra.<\/p>\n\n\n\n<p>Kenavo, mein Freund!<br>Mikael VIALLE cc 5807<\/p>\n\n\n\n<hr class=\"wp-block-separator has-alpha-channel-opacity is-style-default\"\/>\n\n\n\n<p>Eine Nachricht, die auch mich ersch\u00fcttert hat. Ich habe Yves 2011 auf meiner Tour durch Frankreich kennengelernt, bei der ich den K\u00fcsten und Grenzen so nahe wie m\u00f6glich kam. Da ich wusste, dass ich einen Abstecher in die Schweiz geplant hatte, um so nah wie m\u00f6glich an den Grenzen entlang zu fahren, hatte mich Yves Breton Suisse, der mich nicht pers\u00f6nlich kannte, \u00fcber die Kommentare auf meinem Reiseblog kontaktiert. Ich w\u00fcrde sehr nahe an seinem Haus vorbeikommen und er lud mich ein, dort einen Zwischenstopp einzulegen.<br>Er kam mir auf dem Col de la Forclaz in Begleitung von Bernard Besson (cc 550) entgegen, um mich zu seinem Haus in Saint-Triphon zu bringen.<\/p>\n\n\n\n<figure class=\"wp-block-gallery aligncenter has-nested-images columns-default is-cropped wp-block-gallery-1 is-layout-flex wp-block-gallery-is-layout-flex\">\n<figure class=\"wp-block-image size-full\"><img loading=\"lazy\" decoding=\"async\" width=\"1024\" height=\"768\" data-id=\"84138\" src=\"https:\/\/centcols.org\/wp-content\/uploads\/2025\/06\/bochent02.jpg\" alt=\"\" class=\"wp-image-84138\" srcset=\"https:\/\/centcols.org\/wp-content\/uploads\/2025\/06\/bochent02.jpg 1024w, https:\/\/centcols.org\/wp-content\/uploads\/2025\/06\/bochent02-768x576.jpg 768w\" sizes=\"auto, (max-width: 1024px) 100vw, 1024px\" \/><figcaption class=\"wp-element-caption\">erste Begegnung mit Yves auf dem Col de la Forclaz<\/figcaption><\/figure>\n\n\n\n<figure class=\"wp-block-image size-full\"><img loading=\"lazy\" decoding=\"async\" width=\"576\" height=\"768\" data-id=\"84139\" src=\"https:\/\/centcols.org\/wp-content\/uploads\/2025\/06\/bochent03.jpg\" alt=\"\" class=\"wp-image-84139\"\/><figcaption class=\"wp-element-caption\">von rechts nach links Bernard Besson, Yves Bochent und R\u00e9gis Paraz<\/figcaption><\/figure>\n<\/figure>\n\n\n\n<p>Ich wurde von Malou und Yves k\u00f6niglich empfangen. Eine der sch\u00f6nsten Erinnerungen an diese Reise. Sie haben sich sehr viel M\u00fche gegeben und es war mir eine gro\u00dfe Freude, sie kennenzulernen.<\/p>\n\n\n<div class=\"wp-block-image\">\n<figure class=\"aligncenter size-full\"><img loading=\"lazy\" decoding=\"async\" width=\"1024\" height=\"768\" src=\"https:\/\/centcols.org\/wp-content\/uploads\/2025\/06\/bochent04.jpg\" alt=\"\" class=\"wp-image-84140\" srcset=\"https:\/\/centcols.org\/wp-content\/uploads\/2025\/06\/bochent04.jpg 1024w, https:\/\/centcols.org\/wp-content\/uploads\/2025\/06\/bochent04-768x576.jpg 768w\" sizes=\"auto, (max-width: 1024px) 100vw, 1024px\" \/><figcaption class=\"wp-element-caption\">Yves wei\u00df, wie man G\u00e4ste empf\u00e4ngt<\/figcaption><\/figure>\n<\/div>\n\n\n<p>Yves hasste es, im Regen zu fahren. Das hinderte ihn jedoch nicht daran, mich am n\u00e4chsten Morgen auf meiner letzten Etappe bis nach Saint-Gingolph zu begleiten. So fuhr er \u00fcber 40 km im str\u00f6menden Regen, nur um einen Moment der Freundschaft zu teilen.<\/p>\n\n\n\n<p>Yves<strong> <\/strong>war eine Person mit einem lebhaften Charakter, deren Anwesenheit jeden Moment erhellte. Seine Vitalit\u00e4t und Dynamik waren ansteckend. Er war gro\u00dfz\u00fcgig im Herzen und im Geiste und verschenkte seine Zeit, sein L\u00e4cheln und sein Wohlwollen an die Menschen in seiner Umgebung. Ich werde ihn als Quelle der Inspiration und menschlichen W\u00e4rme in Erinnerung behalten.<strong>.<\/strong><br>R\u00e9gis Paraz cc 3225<\/p>","protected":false},"excerpt":{"rendered":"<p>cc 6526 Yves Bochent C\u2019est avec beaucoup de tristesse que je viens d\u2019apprendre le d\u00e9c\u00e8s d\u2019Yves Bochent. Il \u00e9tait entr\u00e9 au club en 2007 et l\u2019avait quitt\u00e9 en 2022. Toujours d\u00e9vou\u00e9, bout en train et pr\u00eat \u00e0 rendre service comme lors de notre RP en For\u00eat Noire o\u00f9 il avait \u00e9t\u00e9 notre chauffeur et ravitailleur [&hellip;]<\/p>\n","protected":false},"author":3,"featured_media":84142,"comment_status":"open","ping_status":"closed","sticky":false,"template":"","format":"standard","meta":{"_acf_changed":false,"footnotes":""},"categories":[130],"tags":[],"class_list":["post-84136","post","type-post","status-publish","format-standard","has-post-thumbnail","hentry","category-carnet-noir"],"acf":[],"yoast_head":"<!-- This site is optimized with the Yoast SEO plugin v27.2 - https:\/\/yoast.com\/product\/yoast-seo-wordpress\/ -->\n<title>Yves Bochent - Club des Cent Cols<\/title>\n<meta name=\"robots\" content=\"index, follow, max-snippet:-1, max-image-preview:large, max-video-preview:-1\" \/>\n<link rel=\"canonical\" href=\"https:\/\/centcols.org\/de\/yves-bochent\/\" \/>\n<meta property=\"og:locale\" content=\"de_DE\" \/>\n<meta property=\"og:type\" content=\"article\" \/>\n<meta property=\"og:title\" content=\"Yves Bochent - Club des Cent Cols\" \/>\n<meta property=\"og:description\" content=\"cc 6526 Yves Bochent C\u2019est avec beaucoup de tristesse que je viens d\u2019apprendre le d\u00e9c\u00e8s d\u2019Yves Bochent. Il \u00e9tait entr\u00e9 au club en 2007 et l\u2019avait quitt\u00e9 en 2022. Toujours d\u00e9vou\u00e9, bout en train et pr\u00eat \u00e0 rendre service comme lors de notre RP en For\u00eat Noire o\u00f9 il avait \u00e9t\u00e9 notre chauffeur et ravitailleur [&hellip;]\" \/>\n<meta property=\"og:url\" content=\"https:\/\/centcols.org\/de\/yves-bochent\/\" \/>\n<meta property=\"og:site_name\" content=\"Club des Cent Cols\" \/>\n<meta property=\"article:publisher\" content=\"https:\/\/www.facebook.com\/groups\/5261880558\/?locale=fr_FR\" \/>\n<meta property=\"article:published_time\" content=\"2025-06-24T00:17:53+00:00\" \/>\n<meta property=\"article:modified_time\" content=\"2025-10-15T01:16:50+00:00\" \/>\n<meta property=\"og:image\" content=\"https:\/\/centcols.org\/wp-content\/uploads\/2025\/06\/bochent05.jpg\" \/>\n\t<meta property=\"og:image:width\" content=\"800\" \/>\n\t<meta property=\"og:image:height\" content=\"450\" \/>\n\t<meta property=\"og:image:type\" content=\"image\/jpeg\" \/>\n<meta name=\"author\" content=\"Webmestre\" \/>\n<meta name=\"twitter:card\" content=\"summary_large_image\" \/>\n<meta name=\"twitter:label1\" content=\"Verfasst von\" \/>\n\t<meta name=\"twitter:data1\" content=\"Webmestre\" \/>\n\t<meta name=\"twitter:label2\" content=\"Gesch\u00e4tzte Lesezeit\" \/>\n\t<meta name=\"twitter:data2\" content=\"4\u00a0Minuten\" \/>\n<script type=\"application\/ld+json\" class=\"yoast-schema-graph\">{\"@context\":\"https:\/\/schema.org\",\"@graph\":[{\"@type\":\"Article\",\"@id\":\"https:\/\/centcols.org\/yves-bochent\/#article\",\"isPartOf\":{\"@id\":\"https:\/\/centcols.org\/yves-bochent\/\"},\"author\":{\"name\":\"Webmestre\",\"@id\":\"https:\/\/centcols.org\/#\/schema\/person\/911b404fb133d8c913dd27cdcf71c8e5\"},\"headline\":\"Yves Bochent\",\"datePublished\":\"2025-06-24T00:17:53+00:00\",\"dateModified\":\"2025-10-15T01:16:50+00:00\",\"mainEntityOfPage\":{\"@id\":\"https:\/\/centcols.org\/yves-bochent\/\"},\"wordCount\":503,\"commentCount\":0,\"publisher\":{\"@id\":\"https:\/\/centcols.org\/#organization\"},\"image\":{\"@id\":\"https:\/\/centcols.org\/yves-bochent\/#primaryimage\"},\"thumbnailUrl\":\"https:\/\/centcols.org\/wp-content\/uploads\/2025\/06\/bochent05.jpg\",\"articleSection\":[\"Carnet noir\"],\"inLanguage\":\"de\",\"potentialAction\":[{\"@type\":\"CommentAction\",\"name\":\"Comment\",\"target\":[\"https:\/\/centcols.org\/yves-bochent\/#respond\"]}]},{\"@type\":\"WebPage\",\"@id\":\"https:\/\/centcols.org\/yves-bochent\/\",\"url\":\"https:\/\/centcols.org\/yves-bochent\/\",\"name\":\"Yves Bochent - Club des Cent Cols\",\"isPartOf\":{\"@id\":\"https:\/\/centcols.org\/#website\"},\"primaryImageOfPage\":{\"@id\":\"https:\/\/centcols.org\/yves-bochent\/#primaryimage\"},\"image\":{\"@id\":\"https:\/\/centcols.org\/yves-bochent\/#primaryimage\"},\"thumbnailUrl\":\"https:\/\/centcols.org\/wp-content\/uploads\/2025\/06\/bochent05.jpg\",\"datePublished\":\"2025-06-24T00:17:53+00:00\",\"dateModified\":\"2025-10-15T01:16:50+00:00\",\"breadcrumb\":{\"@id\":\"https:\/\/centcols.org\/yves-bochent\/#breadcrumb\"},\"inLanguage\":\"de\",\"potentialAction\":[{\"@type\":\"ReadAction\",\"target\":[\"https:\/\/centcols.org\/yves-bochent\/\"]}]},{\"@type\":\"ImageObject\",\"inLanguage\":\"de\",\"@id\":\"https:\/\/centcols.org\/yves-bochent\/#primaryimage\",\"url\":\"https:\/\/centcols.org\/wp-content\/uploads\/2025\/06\/bochent05.jpg\",\"contentUrl\":\"https:\/\/centcols.org\/wp-content\/uploads\/2025\/06\/bochent05.jpg\",\"width\":800,\"height\":450},{\"@type\":\"BreadcrumbList\",\"@id\":\"https:\/\/centcols.org\/yves-bochent\/#breadcrumb\",\"itemListElement\":[{\"@type\":\"ListItem\",\"position\":1,\"name\":\"Accueil\",\"item\":\"https:\/\/centcols.org\/\"},{\"@type\":\"ListItem\",\"position\":2,\"name\":\"Gazette\",\"item\":\"https:\/\/centcols.org\/rubrique\/gazette\/\"},{\"@type\":\"ListItem\",\"position\":3,\"name\":\"Carnet noir\",\"item\":\"https:\/\/centcols.org\/rubrique\/gazette\/carnet-noir\/\"},{\"@type\":\"ListItem\",\"position\":4,\"name\":\"Yves Bochent\"}]},{\"@type\":\"WebSite\",\"@id\":\"https:\/\/centcols.org\/#website\",\"url\":\"https:\/\/centcols.org\/\",\"name\":\"Club des Cent Cols\",\"description\":\"\",\"publisher\":{\"@id\":\"https:\/\/centcols.org\/#organization\"},\"potentialAction\":[{\"@type\":\"SearchAction\",\"target\":{\"@type\":\"EntryPoint\",\"urlTemplate\":\"https:\/\/centcols.org\/?s={search_term_string}\"},\"query-input\":{\"@type\":\"PropertyValueSpecification\",\"valueRequired\":true,\"valueName\":\"search_term_string\"}}],\"inLanguage\":\"de\"},{\"@type\":\"Organization\",\"@id\":\"https:\/\/centcols.org\/#organization\",\"name\":\"Club des Cent Cols\",\"url\":\"https:\/\/centcols.org\/\",\"logo\":{\"@type\":\"ImageObject\",\"inLanguage\":\"de\",\"@id\":\"https:\/\/centcols.org\/#\/schema\/logo\/image\/\",\"url\":\"https:\/\/centcols.org\/wp-content\/uploads\/2025\/01\/carte-icone.png\",\"contentUrl\":\"https:\/\/centcols.org\/wp-content\/uploads\/2025\/01\/carte-icone.png\",\"width\":250,\"height\":250,\"caption\":\"Club des Cent Cols\"},\"image\":{\"@id\":\"https:\/\/centcols.org\/#\/schema\/logo\/image\/\"},\"sameAs\":[\"https:\/\/www.facebook.com\/groups\/5261880558\/?locale=fr_FR\"]},{\"@type\":\"Person\",\"@id\":\"https:\/\/centcols.org\/#\/schema\/person\/911b404fb133d8c913dd27cdcf71c8e5\",\"name\":\"Webmestre\",\"image\":{\"@type\":\"ImageObject\",\"inLanguage\":\"de\",\"@id\":\"https:\/\/centcols.org\/wp-content\/litespeed\/avatar\/2d246e4b6b4f773e08515e1ffc53690b.jpg?ver=1777222892\",\"url\":\"https:\/\/centcols.org\/wp-content\/litespeed\/avatar\/2d246e4b6b4f773e08515e1ffc53690b.jpg?ver=1777222892\",\"contentUrl\":\"https:\/\/centcols.org\/wp-content\/litespeed\/avatar\/2d246e4b6b4f773e08515e1ffc53690b.jpg?ver=1777222892\",\"caption\":\"Webmestre\"},\"url\":\"https:\/\/centcols.org\/de\/author\/webmestre\/\"}]}<\/script>\n<!-- \/ Yoast SEO plugin. -->","yoast_head_json":{"title":"Yves Bochent - Club des Cent Cols","robots":{"index":"index","follow":"follow","max-snippet":"max-snippet:-1","max-image-preview":"max-image-preview:large","max-video-preview":"max-video-preview:-1"},"canonical":"https:\/\/centcols.org\/de\/yves-bochent\/","og_locale":"de_DE","og_type":"article","og_title":"Yves Bochent - Club des Cent Cols","og_description":"cc 6526 Yves Bochent C\u2019est avec beaucoup de tristesse que je viens d\u2019apprendre le d\u00e9c\u00e8s d\u2019Yves Bochent. Il \u00e9tait entr\u00e9 au club en 2007 et l\u2019avait quitt\u00e9 en 2022. Toujours d\u00e9vou\u00e9, bout en train et pr\u00eat \u00e0 rendre service comme lors de notre RP en For\u00eat Noire o\u00f9 il avait \u00e9t\u00e9 notre chauffeur et ravitailleur [&hellip;]","og_url":"https:\/\/centcols.org\/de\/yves-bochent\/","og_site_name":"Club des Cent Cols","article_publisher":"https:\/\/www.facebook.com\/groups\/5261880558\/?locale=fr_FR","article_published_time":"2025-06-24T00:17:53+00:00","article_modified_time":"2025-10-15T01:16:50+00:00","og_image":[{"width":800,"height":450,"url":"https:\/\/centcols.org\/wp-content\/uploads\/2025\/06\/bochent05.jpg","type":"image\/jpeg"}],"author":"Webmestre","twitter_card":"summary_large_image","twitter_misc":{"Verfasst von":"Webmestre","Gesch\u00e4tzte Lesezeit":"4\u00a0Minuten"},"schema":{"@context":"https:\/\/schema.org","@graph":[{"@type":"Article","@id":"https:\/\/centcols.org\/yves-bochent\/#article","isPartOf":{"@id":"https:\/\/centcols.org\/yves-bochent\/"},"author":{"name":"Webmestre","@id":"https:\/\/centcols.org\/#\/schema\/person\/911b404fb133d8c913dd27cdcf71c8e5"},"headline":"Yves Bochent","datePublished":"2025-06-24T00:17:53+00:00","dateModified":"2025-10-15T01:16:50+00:00","mainEntityOfPage":{"@id":"https:\/\/centcols.org\/yves-bochent\/"},"wordCount":503,"commentCount":0,"publisher":{"@id":"https:\/\/centcols.org\/#organization"},"image":{"@id":"https:\/\/centcols.org\/yves-bochent\/#primaryimage"},"thumbnailUrl":"https:\/\/centcols.org\/wp-content\/uploads\/2025\/06\/bochent05.jpg","articleSection":["Carnet noir"],"inLanguage":"de","potentialAction":[{"@type":"CommentAction","name":"Comment","target":["https:\/\/centcols.org\/yves-bochent\/#respond"]}]},{"@type":"WebPage","@id":"https:\/\/centcols.org\/yves-bochent\/","url":"https:\/\/centcols.org\/yves-bochent\/","name":"Yves Bochent - Club des Cent Cols","isPartOf":{"@id":"https:\/\/centcols.org\/#website"},"primaryImageOfPage":{"@id":"https:\/\/centcols.org\/yves-bochent\/#primaryimage"},"image":{"@id":"https:\/\/centcols.org\/yves-bochent\/#primaryimage"},"thumbnailUrl":"https:\/\/centcols.org\/wp-content\/uploads\/2025\/06\/bochent05.jpg","datePublished":"2025-06-24T00:17:53+00:00","dateModified":"2025-10-15T01:16:50+00:00","breadcrumb":{"@id":"https:\/\/centcols.org\/yves-bochent\/#breadcrumb"},"inLanguage":"de","potentialAction":[{"@type":"ReadAction","target":["https:\/\/centcols.org\/yves-bochent\/"]}]},{"@type":"ImageObject","inLanguage":"de","@id":"https:\/\/centcols.org\/yves-bochent\/#primaryimage","url":"https:\/\/centcols.org\/wp-content\/uploads\/2025\/06\/bochent05.jpg","contentUrl":"https:\/\/centcols.org\/wp-content\/uploads\/2025\/06\/bochent05.jpg","width":800,"height":450},{"@type":"BreadcrumbList","@id":"https:\/\/centcols.org\/yves-bochent\/#breadcrumb","itemListElement":[{"@type":"ListItem","position":1,"name":"Accueil","item":"https:\/\/centcols.org\/"},{"@type":"ListItem","position":2,"name":"Gazette","item":"https:\/\/centcols.org\/rubrique\/gazette\/"},{"@type":"ListItem","position":3,"name":"Carnet noir","item":"https:\/\/centcols.org\/rubrique\/gazette\/carnet-noir\/"},{"@type":"ListItem","position":4,"name":"Yves Bochent"}]},{"@type":"WebSite","@id":"https:\/\/centcols.org\/#website","url":"https:\/\/centcols.org\/","name":"Club des Cent Cols","description":"","publisher":{"@id":"https:\/\/centcols.org\/#organization"},"potentialAction":[{"@type":"SearchAction","target":{"@type":"EntryPoint","urlTemplate":"https:\/\/centcols.org\/?s={search_term_string}"},"query-input":{"@type":"PropertyValueSpecification","valueRequired":true,"valueName":"search_term_string"}}],"inLanguage":"de"},{"@type":"Organization","@id":"https:\/\/centcols.org\/#organization","name":"Club des Cent Cols","url":"https:\/\/centcols.org\/","logo":{"@type":"ImageObject","inLanguage":"de","@id":"https:\/\/centcols.org\/#\/schema\/logo\/image\/","url":"https:\/\/centcols.org\/wp-content\/uploads\/2025\/01\/carte-icone.png","contentUrl":"https:\/\/centcols.org\/wp-content\/uploads\/2025\/01\/carte-icone.png","width":250,"height":250,"caption":"Club des Cent Cols"},"image":{"@id":"https:\/\/centcols.org\/#\/schema\/logo\/image\/"},"sameAs":["https:\/\/www.facebook.com\/groups\/5261880558\/?locale=fr_FR"]},{"@type":"Person","@id":"https:\/\/centcols.org\/#\/schema\/person\/911b404fb133d8c913dd27cdcf71c8e5","name":"Webmaster","image":{"@type":"ImageObject","inLanguage":"de","@id":"https:\/\/centcols.org\/wp-content\/litespeed\/avatar\/2d246e4b6b4f773e08515e1ffc53690b.jpg?ver=1777222892","url":"https:\/\/centcols.org\/wp-content\/litespeed\/avatar\/2d246e4b6b4f773e08515e1ffc53690b.jpg?ver=1777222892","contentUrl":"https:\/\/centcols.org\/wp-content\/litespeed\/avatar\/2d246e4b6b4f773e08515e1ffc53690b.jpg?ver=1777222892","caption":"Webmestre"},"url":"https:\/\/centcols.org\/de\/author\/webmestre\/"}]}},"_links":{"self":[{"href":"https:\/\/centcols.org\/de\/wp-json\/wp\/v2\/posts\/84136","targetHints":{"allow":["GET"]}}],"collection":[{"href":"https:\/\/centcols.org\/de\/wp-json\/wp\/v2\/posts"}],"about":[{"href":"https:\/\/centcols.org\/de\/wp-json\/wp\/v2\/types\/post"}],"author":[{"embeddable":true,"href":"https:\/\/centcols.org\/de\/wp-json\/wp\/v2\/users\/3"}],"replies":[{"embeddable":true,"href":"https:\/\/centcols.org\/de\/wp-json\/wp\/v2\/comments?post=84136"}],"version-history":[{"count":0,"href":"https:\/\/centcols.org\/de\/wp-json\/wp\/v2\/posts\/84136\/revisions"}],"wp:featuredmedia":[{"embeddable":true,"href":"https:\/\/centcols.org\/de\/wp-json\/wp\/v2\/media\/84142"}],"wp:attachment":[{"href":"https:\/\/centcols.org\/de\/wp-json\/wp\/v2\/media?parent=84136"}],"wp:term":[{"taxonomy":"category","embeddable":true,"href":"https:\/\/centcols.org\/de\/wp-json\/wp\/v2\/categories?post=84136"},{"taxonomy":"post_tag","embeddable":true,"href":"https:\/\/centcols.org\/de\/wp-json\/wp\/v2\/tags?post=84136"}],"curies":[{"name":"wp","href":"https:\/\/api.w.org\/{rel}","templated":true}]}}