{"id":84432,"date":"2025-06-28T20:40:55","date_gmt":"2025-06-28T18:40:55","guid":{"rendered":"https:\/\/centcols.org\/?p=84432"},"modified":"2025-10-14T14:22:56","modified_gmt":"2025-10-14T12:22:56","slug":"grand-est-2024-plainfaing","status":"publish","type":"post","link":"https:\/\/centcols.org\/de\/grand-est-2024-plainfaing\/","title":{"rendered":"Samstag, 8. Juni 2024, Plainfaing, Grand Est"},"content":{"rendered":"\n<p>Col de la Grimaude (FR-68-1122a)<br>Rendez-vous sur le parking situ\u00e9 \u00e0 Plainfaing (88) \u00e0 l\u2019arri\u00e8re de la Confiserie des Hautes-Vosges voir : <a href=\"https:\/\/www.cdhv.fr\/\" target=\"_blank\" rel=\"noreferrer noopener\">https:\/\/www.cdhv.fr\/<\/a>.<br>L\u2019accueil pour le caf\u00e9 est \u00e0 partir de 8 h 15, d\u00e9part 9 h 00.<br><br><strong>Route :<\/strong> circuit avec 2 \u00e0 8 cols.<br><strong>VTT :<\/strong> Circuit avec 4 cols.<br><strong><a href=\"http:\/\/centcols.org\/membres\/cctours\/tours.php?lieu=Plainfaing&amp;an=2024\" target=\"_blank\" rel=\"noreferrer noopener\">Descriptions et fichiers \u00e0 t\u00e9l\u00e9charger (GPX&#8230;)<\/a><\/strong><br><br>L\u2019acc\u00e8s au col des Immerlins FR-68-1165 et du col de la Grimaude FR-68-1122 se fait par une piste foresti\u00e8re.<br>Les traces passent \u00e0 proximit\u00e9 de la n\u00e9cropole de la t\u00eate des faux avec cimeti\u00e8re fran\u00e7ais et allemand.<br><a href=\"https:\/\/www.paysages-et-sites-de-memoire.fr\/site\/la-tete-des-faux\/\" target=\"_blank\" rel=\"noreferrer noopener\">https:\/\/www.paysages-et-sites-de-memoire.fr\/site\/la-tete-des-faux\/<\/a><br>Il est d\u00e9conseill\u00e9 de faire le circuit route dans l\u2019autre sens, la route montant vers le col du Louschbach FR-68-0977 est fortement d\u00e9grad\u00e9e.<br>Le circuit route peut facilement \u00eatre r\u00e9duit (en reprenant la route descendant du col du Bonhomme direction Plainfaing).<\/p>\n\n\n\n<p><strong>Nota : les 2 circuits peuvent \u00eatre raccourcis en se garant au col du bonhomme et ainsi \u00e9viter la mont\u00e9e d\u00e9grad\u00e9e vers le col du Louschbach<\/strong>.<\/p>\n\n\n\n<h2 class=\"wp-block-heading\"><strong>Contacts<\/strong><\/h2>\n\n\n\n<p>Jean-Christophe Braumann T\u00e9l : +33 6 48 80 28 48 Mail : [email]j&#101;&#x61;&#x6e;-&#99;&#x68;&#x72;i&#115;&#x74;&#x6f;p&#104;&#x65;&#x2e;b&#114;&#x61;&#x75;m&#97;&#110;&#x6e;&#x40;o&#114;&#x61;&#x6e;g&#101;&#x2e;&#x66;r[\/email]<br>Denis Mathieu T\u00e9l : +33 6 85 20 02 55 Mail : [email]&#x64;&#x74;&#x2e;&#x30;&#x33;&#69;&#64;&#99;&#101;ntc&#x6f;&#x6c;&#x73;&#x2e;&#x6f;&#x72;&#103;[\/email]<\/p>\n\n\n<h3 class=\"wp-album-user\"><a href=\"https:\/\/centcols.org\/wp-content\/albums\/90840\/6820\/album-90840-6820-20251017-114702.jpg\" class=\"fancybox\" data-fancybox=\"album-90840-user-283\" rel=\"album-90840-user-283\" data-caption=\"Le col de la Grimaude.\" title=\"Le col de la Grimaude.\">Album de Denis Mathieu - CC 6820<\/a><\/h3><div class=\"wp-album-hidden\"><a href=\"https:\/\/centcols.org\/wp-content\/albums\/90840\/6820\/album-90840-6820-20251017-114705.jpg\" class=\"fancybox wp-album-vh\" data-fancybox=\"album-90840-user-283\" rel=\"album-90840-user-283\" data-caption=\"Au d\u00e9part\" title=\"Au d\u00e9part\"><\/a><a href=\"https:\/\/centcols.org\/wp-content\/albums\/90840\/6820\/album-90840-6820-20251017-114706.jpg\" class=\"fancybox wp-album-vh\" data-fancybox=\"album-90840-user-283\" rel=\"album-90840-user-283\" data-caption=\"Ars\u00e9ne BICKEL et ses 4000 cols.\" title=\"Ars\u00e9ne BICKEL et ses 4000 cols.\"><\/a><a href=\"https:\/\/centcols.org\/wp-content\/albums\/90840\/6820\/album-90840-6820-20251017-114711.jpg\" class=\"fancybox wp-album-vh\" data-fancybox=\"album-90840-user-283\" rel=\"album-90840-user-283\" data-caption=\"Parcours commun au d\u00e9but, le long de la Meurthe\" title=\"Parcours commun au d\u00e9but, le long de la Meurthe\"><\/a><\/div>\n\n\n\n","protected":false},"excerpt":{"rendered":"<p>Col de la Grimaude (FR-68-1122a)Rendez-vous sur le parking situ\u00e9 \u00e0 Plainfaing (88) \u00e0 l\u2019arri\u00e8re de la Confiserie des Hautes-Vosges voir : https:\/\/www.cdhv.fr\/.L\u2019accueil pour le caf\u00e9 est \u00e0 partir de 8 h 15, d\u00e9part 9 h 00. Route : circuit avec 2 \u00e0 8 cols.VTT : Circuit avec 4 cols.Descriptions et fichiers \u00e0 t\u00e9l\u00e9charger (GPX&#8230;) L\u2019acc\u00e8s [&hellip;]<\/p>\n","protected":false},"author":3,"featured_media":84433,"comment_status":"open","ping_status":"open","sticky":false,"template":"","format":"standard","meta":{"_acf_changed":false,"footnotes":""},"categories":[311,135,216],"tags":[],"class_list":["post-84432","post","type-post","status-publish","format-standard","has-post-thumbnail","hentry","category-les-rassemblements-de-2024","category-calendrier","category-rencontres-regionales"],"acf":[],"yoast_head":"<!-- This site is optimized with the Yoast SEO plugin v27.2 - https:\/\/yoast.com\/product\/yoast-seo-wordpress\/ -->\n<title>Samedi 8 juin 2024, Plainfaing, Grand Est - Club des Cent Cols<\/title>\n<meta name=\"robots\" content=\"index, follow, max-snippet:-1, max-image-preview:large, max-video-preview:-1\" \/>\n<link rel=\"canonical\" href=\"https:\/\/centcols.org\/de\/grand-est-2024-plainfaing\/\" \/>\n<meta property=\"og:locale\" content=\"de_DE\" \/>\n<meta property=\"og:type\" content=\"article\" \/>\n<meta property=\"og:title\" content=\"Samedi 8 juin 2024, Plainfaing, Grand Est - Club des Cent Cols\" \/>\n<meta property=\"og:description\" content=\"Col de la Grimaude (FR-68-1122a)Rendez-vous sur le parking situ\u00e9 \u00e0 Plainfaing (88) \u00e0 l\u2019arri\u00e8re de la Confiserie des Hautes-Vosges voir : https:\/\/www.cdhv.fr\/.L\u2019accueil pour le caf\u00e9 est \u00e0 partir de 8 h 15, d\u00e9part 9 h 00. Route : circuit avec 2 \u00e0 8 cols.VTT : Circuit avec 4 cols.Descriptions et fichiers \u00e0 t\u00e9l\u00e9charger (GPX&#8230;) L\u2019acc\u00e8s [&hellip;]\" \/>\n<meta property=\"og:url\" content=\"https:\/\/centcols.org\/de\/grand-est-2024-plainfaing\/\" \/>\n<meta property=\"og:site_name\" content=\"Club des Cent Cols\" \/>\n<meta property=\"article:publisher\" content=\"https:\/\/www.facebook.com\/groups\/5261880558\/?locale=fr_FR\" \/>\n<meta property=\"article:published_time\" content=\"2025-06-28T18:40:55+00:00\" \/>\n<meta property=\"article:modified_time\" content=\"2025-10-14T12:22:56+00:00\" \/>\n<meta property=\"og:image\" content=\"https:\/\/centcols.org\/wp-content\/uploads\/2025\/06\/87071.jpg\" \/>\n\t<meta property=\"og:image:width\" content=\"800\" \/>\n\t<meta property=\"og:image:height\" content=\"600\" \/>\n\t<meta property=\"og:image:type\" content=\"image\/jpeg\" \/>\n<meta name=\"author\" content=\"Webmestre\" \/>\n<meta name=\"twitter:card\" content=\"summary_large_image\" \/>\n<meta name=\"twitter:label1\" content=\"Verfasst von\" \/>\n\t<meta name=\"twitter:data1\" content=\"Webmestre\" \/>\n\t<meta name=\"twitter:label2\" content=\"Gesch\u00e4tzte Lesezeit\" \/>\n\t<meta name=\"twitter:data2\" content=\"2\u00a0Minuten\" \/>\n<script type=\"application\/ld+json\" class=\"yoast-schema-graph\">{\"@context\":\"https:\/\/schema.org\",\"@graph\":[{\"@type\":\"Article\",\"@id\":\"https:\/\/centcols.org\/grand-est-2024-plainfaing\/#article\",\"isPartOf\":{\"@id\":\"https:\/\/centcols.org\/grand-est-2024-plainfaing\/\"},\"author\":{\"name\":\"Webmestre\",\"@id\":\"https:\/\/centcols.org\/#\/schema\/person\/911b404fb133d8c913dd27cdcf71c8e5\"},\"headline\":\"Samedi 8 juin 2024, Plainfaing, Grand Est\",\"datePublished\":\"2025-06-28T18:40:55+00:00\",\"dateModified\":\"2025-10-14T12:22:56+00:00\",\"mainEntityOfPage\":{\"@id\":\"https:\/\/centcols.org\/grand-est-2024-plainfaing\/\"},\"wordCount\":216,\"commentCount\":0,\"publisher\":{\"@id\":\"https:\/\/centcols.org\/#organization\"},\"image\":{\"@id\":\"https:\/\/centcols.org\/grand-est-2024-plainfaing\/#primaryimage\"},\"thumbnailUrl\":\"https:\/\/centcols.org\/wp-content\/uploads\/2025\/06\/87071.jpg\",\"articleSection\":[\"2024-rassemblements\",\"Calendrier\",\"Rencontres r\u00e9gionales\"],\"inLanguage\":\"de\",\"potentialAction\":[{\"@type\":\"CommentAction\",\"name\":\"Comment\",\"target\":[\"https:\/\/centcols.org\/grand-est-2024-plainfaing\/#respond\"]}]},{\"@type\":\"WebPage\",\"@id\":\"https:\/\/centcols.org\/grand-est-2024-plainfaing\/\",\"url\":\"https:\/\/centcols.org\/grand-est-2024-plainfaing\/\",\"name\":\"Samedi 8 juin 2024, Plainfaing, Grand Est - Club des Cent Cols\",\"isPartOf\":{\"@id\":\"https:\/\/centcols.org\/#website\"},\"primaryImageOfPage\":{\"@id\":\"https:\/\/centcols.org\/grand-est-2024-plainfaing\/#primaryimage\"},\"image\":{\"@id\":\"https:\/\/centcols.org\/grand-est-2024-plainfaing\/#primaryimage\"},\"thumbnailUrl\":\"https:\/\/centcols.org\/wp-content\/uploads\/2025\/06\/87071.jpg\",\"datePublished\":\"2025-06-28T18:40:55+00:00\",\"dateModified\":\"2025-10-14T12:22:56+00:00\",\"breadcrumb\":{\"@id\":\"https:\/\/centcols.org\/grand-est-2024-plainfaing\/#breadcrumb\"},\"inLanguage\":\"de\",\"potentialAction\":[{\"@type\":\"ReadAction\",\"target\":[\"https:\/\/centcols.org\/grand-est-2024-plainfaing\/\"]}]},{\"@type\":\"ImageObject\",\"inLanguage\":\"de\",\"@id\":\"https:\/\/centcols.org\/grand-est-2024-plainfaing\/#primaryimage\",\"url\":\"https:\/\/centcols.org\/wp-content\/uploads\/2025\/06\/87071.jpg\",\"contentUrl\":\"https:\/\/centcols.org\/wp-content\/uploads\/2025\/06\/87071.jpg\",\"width\":800,\"height\":600},{\"@type\":\"BreadcrumbList\",\"@id\":\"https:\/\/centcols.org\/grand-est-2024-plainfaing\/#breadcrumb\",\"itemListElement\":[{\"@type\":\"ListItem\",\"position\":1,\"name\":\"Accueil\",\"item\":\"https:\/\/centcols.org\/\"},{\"@type\":\"ListItem\",\"position\":2,\"name\":\"Rencontres r\u00e9gionales\",\"item\":\"https:\/\/centcols.org\/rubrique\/rencontres-regionales\/\"},{\"@type\":\"ListItem\",\"position\":3,\"name\":\"Samedi 8 juin 2024, Plainfaing, Grand Est\"}]},{\"@type\":\"WebSite\",\"@id\":\"https:\/\/centcols.org\/#website\",\"url\":\"https:\/\/centcols.org\/\",\"name\":\"Club des Cent Cols\",\"description\":\"\",\"publisher\":{\"@id\":\"https:\/\/centcols.org\/#organization\"},\"potentialAction\":[{\"@type\":\"SearchAction\",\"target\":{\"@type\":\"EntryPoint\",\"urlTemplate\":\"https:\/\/centcols.org\/?s={search_term_string}\"},\"query-input\":{\"@type\":\"PropertyValueSpecification\",\"valueRequired\":true,\"valueName\":\"search_term_string\"}}],\"inLanguage\":\"de\"},{\"@type\":\"Organization\",\"@id\":\"https:\/\/centcols.org\/#organization\",\"name\":\"Club des Cent Cols\",\"url\":\"https:\/\/centcols.org\/\",\"logo\":{\"@type\":\"ImageObject\",\"inLanguage\":\"de\",\"@id\":\"https:\/\/centcols.org\/#\/schema\/logo\/image\/\",\"url\":\"https:\/\/centcols.org\/wp-content\/uploads\/2025\/01\/carte-icone.png\",\"contentUrl\":\"https:\/\/centcols.org\/wp-content\/uploads\/2025\/01\/carte-icone.png\",\"width\":250,\"height\":250,\"caption\":\"Club des Cent Cols\"},\"image\":{\"@id\":\"https:\/\/centcols.org\/#\/schema\/logo\/image\/\"},\"sameAs\":[\"https:\/\/www.facebook.com\/groups\/5261880558\/?locale=fr_FR\"]},{\"@type\":\"Person\",\"@id\":\"https:\/\/centcols.org\/#\/schema\/person\/911b404fb133d8c913dd27cdcf71c8e5\",\"name\":\"Webmestre\",\"image\":{\"@type\":\"ImageObject\",\"inLanguage\":\"de\",\"@id\":\"https:\/\/centcols.org\/wp-content\/litespeed\/avatar\/2d246e4b6b4f773e08515e1ffc53690b.jpg?ver=1777222892\",\"url\":\"https:\/\/centcols.org\/wp-content\/litespeed\/avatar\/2d246e4b6b4f773e08515e1ffc53690b.jpg?ver=1777222892\",\"contentUrl\":\"https:\/\/centcols.org\/wp-content\/litespeed\/avatar\/2d246e4b6b4f773e08515e1ffc53690b.jpg?ver=1777222892\",\"caption\":\"Webmestre\"},\"url\":\"https:\/\/centcols.org\/de\/author\/webmestre\/\"}]}<\/script>\n<!-- \/ Yoast SEO plugin. -->","yoast_head_json":{"title":"Samstag, 8. Juni 2024, Plainfaing, Grand Est - Club des Cent Cols","robots":{"index":"index","follow":"follow","max-snippet":"max-snippet:-1","max-image-preview":"max-image-preview:large","max-video-preview":"max-video-preview:-1"},"canonical":"https:\/\/centcols.org\/de\/grand-est-2024-plainfaing\/","og_locale":"de_DE","og_type":"article","og_title":"Samedi 8 juin 2024, Plainfaing, Grand Est - Club des Cent Cols","og_description":"Col de la Grimaude (FR-68-1122a)Rendez-vous sur le parking situ\u00e9 \u00e0 Plainfaing (88) \u00e0 l\u2019arri\u00e8re de la Confiserie des Hautes-Vosges voir : https:\/\/www.cdhv.fr\/.L\u2019accueil pour le caf\u00e9 est \u00e0 partir de 8 h 15, d\u00e9part 9 h 00. Route : circuit avec 2 \u00e0 8 cols.VTT : Circuit avec 4 cols.Descriptions et fichiers \u00e0 t\u00e9l\u00e9charger (GPX&#8230;) L\u2019acc\u00e8s [&hellip;]","og_url":"https:\/\/centcols.org\/de\/grand-est-2024-plainfaing\/","og_site_name":"Club des Cent Cols","article_publisher":"https:\/\/www.facebook.com\/groups\/5261880558\/?locale=fr_FR","article_published_time":"2025-06-28T18:40:55+00:00","article_modified_time":"2025-10-14T12:22:56+00:00","og_image":[{"width":800,"height":600,"url":"https:\/\/centcols.org\/wp-content\/uploads\/2025\/06\/87071.jpg","type":"image\/jpeg"}],"author":"Webmestre","twitter_card":"summary_large_image","twitter_misc":{"Verfasst von":"Webmestre","Gesch\u00e4tzte Lesezeit":"2\u00a0Minuten"},"schema":{"@context":"https:\/\/schema.org","@graph":[{"@type":"Article","@id":"https:\/\/centcols.org\/grand-est-2024-plainfaing\/#article","isPartOf":{"@id":"https:\/\/centcols.org\/grand-est-2024-plainfaing\/"},"author":{"name":"Webmestre","@id":"https:\/\/centcols.org\/#\/schema\/person\/911b404fb133d8c913dd27cdcf71c8e5"},"headline":"Samedi 8 juin 2024, Plainfaing, Grand Est","datePublished":"2025-06-28T18:40:55+00:00","dateModified":"2025-10-14T12:22:56+00:00","mainEntityOfPage":{"@id":"https:\/\/centcols.org\/grand-est-2024-plainfaing\/"},"wordCount":216,"commentCount":0,"publisher":{"@id":"https:\/\/centcols.org\/#organization"},"image":{"@id":"https:\/\/centcols.org\/grand-est-2024-plainfaing\/#primaryimage"},"thumbnailUrl":"https:\/\/centcols.org\/wp-content\/uploads\/2025\/06\/87071.jpg","articleSection":["2024-rassemblements","Calendrier","Rencontres r\u00e9gionales"],"inLanguage":"de","potentialAction":[{"@type":"CommentAction","name":"Comment","target":["https:\/\/centcols.org\/grand-est-2024-plainfaing\/#respond"]}]},{"@type":"WebPage","@id":"https:\/\/centcols.org\/grand-est-2024-plainfaing\/","url":"https:\/\/centcols.org\/grand-est-2024-plainfaing\/","name":"Samstag, 8. Juni 2024, Plainfaing, Grand Est - Club des Cent Cols","isPartOf":{"@id":"https:\/\/centcols.org\/#website"},"primaryImageOfPage":{"@id":"https:\/\/centcols.org\/grand-est-2024-plainfaing\/#primaryimage"},"image":{"@id":"https:\/\/centcols.org\/grand-est-2024-plainfaing\/#primaryimage"},"thumbnailUrl":"https:\/\/centcols.org\/wp-content\/uploads\/2025\/06\/87071.jpg","datePublished":"2025-06-28T18:40:55+00:00","dateModified":"2025-10-14T12:22:56+00:00","breadcrumb":{"@id":"https:\/\/centcols.org\/grand-est-2024-plainfaing\/#breadcrumb"},"inLanguage":"de","potentialAction":[{"@type":"ReadAction","target":["https:\/\/centcols.org\/grand-est-2024-plainfaing\/"]}]},{"@type":"ImageObject","inLanguage":"de","@id":"https:\/\/centcols.org\/grand-est-2024-plainfaing\/#primaryimage","url":"https:\/\/centcols.org\/wp-content\/uploads\/2025\/06\/87071.jpg","contentUrl":"https:\/\/centcols.org\/wp-content\/uploads\/2025\/06\/87071.jpg","width":800,"height":600},{"@type":"BreadcrumbList","@id":"https:\/\/centcols.org\/grand-est-2024-plainfaing\/#breadcrumb","itemListElement":[{"@type":"ListItem","position":1,"name":"Accueil","item":"https:\/\/centcols.org\/"},{"@type":"ListItem","position":2,"name":"Rencontres r\u00e9gionales","item":"https:\/\/centcols.org\/rubrique\/rencontres-regionales\/"},{"@type":"ListItem","position":3,"name":"Samedi 8 juin 2024, Plainfaing, Grand Est"}]},{"@type":"WebSite","@id":"https:\/\/centcols.org\/#website","url":"https:\/\/centcols.org\/","name":"Club des Cent Cols","description":"","publisher":{"@id":"https:\/\/centcols.org\/#organization"},"potentialAction":[{"@type":"SearchAction","target":{"@type":"EntryPoint","urlTemplate":"https:\/\/centcols.org\/?s={search_term_string}"},"query-input":{"@type":"PropertyValueSpecification","valueRequired":true,"valueName":"search_term_string"}}],"inLanguage":"de"},{"@type":"Organization","@id":"https:\/\/centcols.org\/#organization","name":"Club des Cent Cols","url":"https:\/\/centcols.org\/","logo":{"@type":"ImageObject","inLanguage":"de","@id":"https:\/\/centcols.org\/#\/schema\/logo\/image\/","url":"https:\/\/centcols.org\/wp-content\/uploads\/2025\/01\/carte-icone.png","contentUrl":"https:\/\/centcols.org\/wp-content\/uploads\/2025\/01\/carte-icone.png","width":250,"height":250,"caption":"Club des Cent Cols"},"image":{"@id":"https:\/\/centcols.org\/#\/schema\/logo\/image\/"},"sameAs":["https:\/\/www.facebook.com\/groups\/5261880558\/?locale=fr_FR"]},{"@type":"Person","@id":"https:\/\/centcols.org\/#\/schema\/person\/911b404fb133d8c913dd27cdcf71c8e5","name":"Webmaster","image":{"@type":"ImageObject","inLanguage":"de","@id":"https:\/\/centcols.org\/wp-content\/litespeed\/avatar\/2d246e4b6b4f773e08515e1ffc53690b.jpg?ver=1777222892","url":"https:\/\/centcols.org\/wp-content\/litespeed\/avatar\/2d246e4b6b4f773e08515e1ffc53690b.jpg?ver=1777222892","contentUrl":"https:\/\/centcols.org\/wp-content\/litespeed\/avatar\/2d246e4b6b4f773e08515e1ffc53690b.jpg?ver=1777222892","caption":"Webmestre"},"url":"https:\/\/centcols.org\/de\/author\/webmestre\/"}]}},"_links":{"self":[{"href":"https:\/\/centcols.org\/de\/wp-json\/wp\/v2\/posts\/84432","targetHints":{"allow":["GET"]}}],"collection":[{"href":"https:\/\/centcols.org\/de\/wp-json\/wp\/v2\/posts"}],"about":[{"href":"https:\/\/centcols.org\/de\/wp-json\/wp\/v2\/types\/post"}],"author":[{"embeddable":true,"href":"https:\/\/centcols.org\/de\/wp-json\/wp\/v2\/users\/3"}],"replies":[{"embeddable":true,"href":"https:\/\/centcols.org\/de\/wp-json\/wp\/v2\/comments?post=84432"}],"version-history":[{"count":0,"href":"https:\/\/centcols.org\/de\/wp-json\/wp\/v2\/posts\/84432\/revisions"}],"wp:featuredmedia":[{"embeddable":true,"href":"https:\/\/centcols.org\/de\/wp-json\/wp\/v2\/media\/84433"}],"wp:attachment":[{"href":"https:\/\/centcols.org\/de\/wp-json\/wp\/v2\/media?parent=84432"}],"wp:term":[{"taxonomy":"category","embeddable":true,"href":"https:\/\/centcols.org\/de\/wp-json\/wp\/v2\/categories?post=84432"},{"taxonomy":"post_tag","embeddable":true,"href":"https:\/\/centcols.org\/de\/wp-json\/wp\/v2\/tags?post=84432"}],"curies":[{"name":"wp","href":"https:\/\/api.w.org\/{rel}","templated":true}]}}