{"id":84764,"date":"2025-03-09T23:18:00","date_gmt":"2025-03-09T21:18:00","guid":{"rendered":"https:\/\/centcols.org\/?p=84764"},"modified":"2025-07-09T23:21:11","modified_gmt":"2025-07-09T21:21:11","slug":"der-club-bekommt-ein-neues-logo","status":"publish","type":"post","link":"https:\/\/centcols.org\/de\/le-club-se-dote-dun-nouveau-logo\/","title":{"rendered":"Der Club bekommt ein neues Logo"},"content":{"rendered":"<div class=\"wp-block-image\">\n<figure class=\"aligncenter size-full is-resized\"><img loading=\"lazy\" decoding=\"async\" width=\"712\" height=\"712\" src=\"https:\/\/centcols.org\/wp-content\/uploads\/2025\/07\/logo.jpg\" alt=\"\" class=\"wp-image-84765\" style=\"width:500px\" srcset=\"https:\/\/centcols.org\/wp-content\/uploads\/2025\/07\/logo.jpg 712w, https:\/\/centcols.org\/wp-content\/uploads\/2025\/07\/logo-150x150.jpg 150w\" sizes=\"auto, (max-width: 712px) 100vw, 712px\" \/><\/figure>\n<\/div>\n\n\n<p>Die aktuelle Website des Clubs wird im Jahr 2025 zehn Jahre alt. Aus Sicherheitsgr\u00fcnden, wegen der Langsamkeit der Seite, um sie an die Navigationsstandards und die neuen Endger\u00e4te (Computer, Smartphones...) anzupassen, die sich seit ihrer Gr\u00fcndung stark ver\u00e4ndert haben, und damit sie von den Suchmaschinen gut gelistet wird, hat der CA beschlossen, die Seite zu erneuern. Eine neue Website soll bis zum Fr\u00fchjahr 2025 entstehen.<br>Mit der Neugestaltung der Website wurde Nouvel \u0152il aus Chamb\u00e9ry beauftragt, nachdem die auf unsere Anfrage hin eingegangenen Angebote sorgf\u00e4ltig ausgewertet worden waren.<br>Die neue Website wird ein neues, modernes grafisches Erscheinungsbild haben, weshalb es angemessen erschien, auch das Logo des Clubs zu \u00e4ndern.<br>Die Diskussionen f\u00fchrten unter anderem dazu, dass die Entwicklung eines neuen Logos f\u00fcr den Verein aus folgenden Gr\u00fcnden einstimmig als notwendig erachtet wurde:<\/p>\n\n\n\n<ul class=\"wp-block-list\">\n<li>Es fehlt das Wichtigste f\u00fcr einen Radsportverein in den Bergen: das Fahrrad!<\/li>\n\n\n\n<li>Das Logo ist 30 Jahre alt und entspricht nicht mehr den heutigen \u00e4sthetischen Kriterien.<\/li>\n\n\n\n<li>Ein modernisiertes Logo wird das Image des Clubs verj\u00fcngen und f\u00fcr unsere potenziellen Zielgruppen attraktiver sein.<br>Die mit der Neugestaltung der Website beauftragte Kommission leistete lange und gr\u00fcndliche Arbeit, sodass der VR auf seiner Sitzung am 8. Februar 2025 das neue Logo genehmigen konnte.<\/li>\n<\/ul>\n\n\n\n<p>Dabei wurden wichtige Aspekte ber\u00fccksichtigt:<\/p>\n\n\n\n<ul class=\"wp-block-list\">\n<li>Lesbarkeit und S\u00e4uberung<\/li>\n\n\n\n<li>Das Design dieses Logos ist minimalistisch, wodurch es auch in kleinen Gr\u00f6\u00dfen sofort erkennbar ist. Die einfachen Formen und klaren Farben erm\u00f6glichen ein fl\u00fcssiges Lesen, egal ob auf einem Bildschirm oder gedruckt auf einem physischen Medium (Papier, Textilien, Goodies).<\/li>\n\n\n\n<li>Anpassungsf\u00e4higkeit an Medien<\/li>\n\n\n\n<li>Dieses Logo ist f\u00fcr eine optimale Anpassung an eine Vielzahl von Medien gedacht: Website, Kleidung, Brosch\u00fcren, Beschilderungen oder auch abgeleitete Produkte wie Trinkflaschen oder M\u00fctzen. Sein schlichtes Design erm\u00f6glicht eine originalgetreue Wiedergabe in Monochrom, was ein gro\u00dfer Vorteil f\u00fcr wirtschaftliche oder technische Anwendungen (Stempel, Gravuren usw.) ist.<\/li>\n\n\n\n<li>Langlebige visuelle Identit\u00e4t Das Logo wurde auf der Grundlage einfacher geometrischer Formen und moderner Typografien entworfen und erstellt. Diese \u00e4sthetischen Entscheidungen verleihen ihm Zeitlosigkeit und eine Anpassung an aktuelle und zuk\u00fcnftige grafische Trends.<\/li>\n\n\n\n<li>Verwendung f\u00fcr ein starkes Logo und eine starke Marke<br>Das Logo wurde als Element der Markenidentit\u00e4t entworfen. Durch seine Einfachheit ist es f\u00fcr die \u00d6ffentlichkeit leicht zu merken.<\/li>\n\n\n\n<li>Koh\u00e4renz mit dem Club des Cent Cols<br>Der Club des Cent Cols ben\u00f6tigt ein Logo, das die Einfachheit und Eleganz des Radsports verk\u00f6rpert und gleichzeitig f\u00fcr ein vielf\u00e4ltiges Publikum funktional ist. Das Logo erf\u00fcllt diese Aufgabe durch :<br>- Sein modernes Aussehen, das junge Radfahrer anzieht und gleichzeitig die traditionellen Werte des Clubs bewahrt.<br>- Eine klare Struktur, die die Quintessenz der Botschaft (Radfahren und Berge) hervorhebt.\n<ul class=\"wp-block-list\">\n<li>Die folgenden Elemente, die den Club des Cent Cols charakterisieren, wurden identifiziert:<br>Berge mit P\u00e4ssen<br>Radfahrer auf ihren Fahrr\u00e4dern<br>Eine Stra\u00dfe, die zu einem Pass f\u00fchrt<\/li>\n<\/ul>\n<\/li>\n\n\n\n<li>Es wurde beschlossen, zwei Radfahrer beiderlei Geschlechts aufzustellen. Beide tragen einen Helm, um an die Bedeutung der Sicherheit beim Radfahren zu erinnern. Um ihr die verdiente Anerkennung zukommen zu lassen, wurde beschlossen, die Frau in den Vordergrund zu stellen. Sie ist leicht an ihrem Pferdeschwanz zu erkennen, der aus ihrem Helm herausragt.<\/li>\n<\/ul>\n\n\n\n<p>Enrico Alberini<br>Pr\u00e4sident des \"Club des Cent Cols<\/p>","protected":false},"excerpt":{"rendered":"<p>Le site internet actuel du club va avoir 10 ans en 2025. Pour des raisons de s\u00e9curit\u00e9, de lenteur du site, pour l\u2019adapter aux standards de navigation et aux nouveaux terminaux (ordinateurs, Smartphones\u2026) qui ont bien \u00e9volu\u00e9 depuis sa cr\u00e9ation et afin qu\u2019il soit bien r\u00e9f\u00e9renc\u00e9 par les moteurs de recherche, le CA a pris [&hellip;]<\/p>\n","protected":false},"author":3,"featured_media":84765,"comment_status":"closed","ping_status":"closed","sticky":false,"template":"","format":"standard","meta":{"_acf_changed":false,"footnotes":""},"categories":[143],"tags":[],"class_list":["post-84764","post","type-post","status-publish","format-standard","has-post-thumbnail","hentry","category-actus-club"],"acf":[],"yoast_head":"<!-- This site is optimized with the Yoast SEO plugin v27.2 - https:\/\/yoast.com\/product\/yoast-seo-wordpress\/ -->\n<title>Le club se dote d\u2019un nouveau logo - Club des Cent Cols<\/title>\n<meta name=\"robots\" content=\"index, follow, max-snippet:-1, max-image-preview:large, max-video-preview:-1\" \/>\n<link rel=\"canonical\" href=\"https:\/\/centcols.org\/de\/der-club-bekommt-ein-neues-logo\/\" \/>\n<meta property=\"og:locale\" content=\"de_DE\" \/>\n<meta property=\"og:type\" content=\"article\" \/>\n<meta property=\"og:title\" content=\"Le club se dote d\u2019un nouveau logo - Club des Cent Cols\" \/>\n<meta property=\"og:description\" content=\"Le site internet actuel du club va avoir 10 ans en 2025. Pour des raisons de s\u00e9curit\u00e9, de lenteur du site, pour l\u2019adapter aux standards de navigation et aux nouveaux terminaux (ordinateurs, Smartphones\u2026) qui ont bien \u00e9volu\u00e9 depuis sa cr\u00e9ation et afin qu\u2019il soit bien r\u00e9f\u00e9renc\u00e9 par les moteurs de recherche, le CA a pris [&hellip;]\" \/>\n<meta property=\"og:url\" content=\"https:\/\/centcols.org\/de\/der-club-bekommt-ein-neues-logo\/\" \/>\n<meta property=\"og:site_name\" content=\"Club des Cent Cols\" \/>\n<meta property=\"article:publisher\" content=\"https:\/\/www.facebook.com\/groups\/5261880558\/?locale=fr_FR\" \/>\n<meta property=\"article:published_time\" content=\"2025-03-09T21:18:00+00:00\" \/>\n<meta property=\"article:modified_time\" content=\"2025-07-09T21:21:11+00:00\" \/>\n<meta property=\"og:image\" content=\"https:\/\/centcols.org\/wp-content\/uploads\/2025\/07\/logo.jpg\" \/>\n\t<meta property=\"og:image:width\" content=\"712\" \/>\n\t<meta property=\"og:image:height\" content=\"712\" \/>\n\t<meta property=\"og:image:type\" content=\"image\/jpeg\" \/>\n<meta name=\"author\" content=\"Webmestre\" \/>\n<meta name=\"twitter:card\" content=\"summary_large_image\" \/>\n<meta name=\"twitter:label1\" content=\"Verfasst von\" \/>\n\t<meta name=\"twitter:data1\" content=\"Webmestre\" \/>\n\t<meta name=\"twitter:label2\" content=\"Gesch\u00e4tzte Lesezeit\" \/>\n\t<meta name=\"twitter:data2\" content=\"4\u00a0Minuten\" \/>\n<script type=\"application\/ld+json\" class=\"yoast-schema-graph\">{\"@context\":\"https:\/\/schema.org\",\"@graph\":[{\"@type\":\"Article\",\"@id\":\"https:\/\/centcols.org\/le-club-se-dote-dun-nouveau-logo\/#article\",\"isPartOf\":{\"@id\":\"https:\/\/centcols.org\/le-club-se-dote-dun-nouveau-logo\/\"},\"author\":{\"name\":\"Webmestre\",\"@id\":\"https:\/\/centcols.org\/#\/schema\/person\/911b404fb133d8c913dd27cdcf71c8e5\"},\"headline\":\"Le club se dote d\u2019un nouveau logo\",\"datePublished\":\"2025-03-09T21:18:00+00:00\",\"dateModified\":\"2025-07-09T21:21:11+00:00\",\"mainEntityOfPage\":{\"@id\":\"https:\/\/centcols.org\/le-club-se-dote-dun-nouveau-logo\/\"},\"wordCount\":605,\"publisher\":{\"@id\":\"https:\/\/centcols.org\/#organization\"},\"image\":{\"@id\":\"https:\/\/centcols.org\/le-club-se-dote-dun-nouveau-logo\/#primaryimage\"},\"thumbnailUrl\":\"https:\/\/centcols.org\/wp-content\/uploads\/2025\/07\/logo.jpg\",\"articleSection\":[\"Actus-Club\"],\"inLanguage\":\"de\"},{\"@type\":\"WebPage\",\"@id\":\"https:\/\/centcols.org\/le-club-se-dote-dun-nouveau-logo\/\",\"url\":\"https:\/\/centcols.org\/le-club-se-dote-dun-nouveau-logo\/\",\"name\":\"Le club se dote d\u2019un nouveau logo - Club des Cent Cols\",\"isPartOf\":{\"@id\":\"https:\/\/centcols.org\/#website\"},\"primaryImageOfPage\":{\"@id\":\"https:\/\/centcols.org\/le-club-se-dote-dun-nouveau-logo\/#primaryimage\"},\"image\":{\"@id\":\"https:\/\/centcols.org\/le-club-se-dote-dun-nouveau-logo\/#primaryimage\"},\"thumbnailUrl\":\"https:\/\/centcols.org\/wp-content\/uploads\/2025\/07\/logo.jpg\",\"datePublished\":\"2025-03-09T21:18:00+00:00\",\"dateModified\":\"2025-07-09T21:21:11+00:00\",\"breadcrumb\":{\"@id\":\"https:\/\/centcols.org\/le-club-se-dote-dun-nouveau-logo\/#breadcrumb\"},\"inLanguage\":\"de\",\"potentialAction\":[{\"@type\":\"ReadAction\",\"target\":[\"https:\/\/centcols.org\/le-club-se-dote-dun-nouveau-logo\/\"]}]},{\"@type\":\"ImageObject\",\"inLanguage\":\"de\",\"@id\":\"https:\/\/centcols.org\/le-club-se-dote-dun-nouveau-logo\/#primaryimage\",\"url\":\"https:\/\/centcols.org\/wp-content\/uploads\/2025\/07\/logo.jpg\",\"contentUrl\":\"https:\/\/centcols.org\/wp-content\/uploads\/2025\/07\/logo.jpg\",\"width\":712,\"height\":712},{\"@type\":\"BreadcrumbList\",\"@id\":\"https:\/\/centcols.org\/le-club-se-dote-dun-nouveau-logo\/#breadcrumb\",\"itemListElement\":[{\"@type\":\"ListItem\",\"position\":1,\"name\":\"Accueil\",\"item\":\"https:\/\/centcols.org\/\"},{\"@type\":\"ListItem\",\"position\":2,\"name\":\"Gazette\",\"item\":\"https:\/\/centcols.org\/rubrique\/gazette\/\"},{\"@type\":\"ListItem\",\"position\":3,\"name\":\"Actus-Club\",\"item\":\"https:\/\/centcols.org\/rubrique\/gazette\/actus-club\/\"},{\"@type\":\"ListItem\",\"position\":4,\"name\":\"Le club se dote d\u2019un nouveau logo\"}]},{\"@type\":\"WebSite\",\"@id\":\"https:\/\/centcols.org\/#website\",\"url\":\"https:\/\/centcols.org\/\",\"name\":\"Club des Cent Cols\",\"description\":\"\",\"publisher\":{\"@id\":\"https:\/\/centcols.org\/#organization\"},\"potentialAction\":[{\"@type\":\"SearchAction\",\"target\":{\"@type\":\"EntryPoint\",\"urlTemplate\":\"https:\/\/centcols.org\/?s={search_term_string}\"},\"query-input\":{\"@type\":\"PropertyValueSpecification\",\"valueRequired\":true,\"valueName\":\"search_term_string\"}}],\"inLanguage\":\"de\"},{\"@type\":\"Organization\",\"@id\":\"https:\/\/centcols.org\/#organization\",\"name\":\"Club des Cent Cols\",\"url\":\"https:\/\/centcols.org\/\",\"logo\":{\"@type\":\"ImageObject\",\"inLanguage\":\"de\",\"@id\":\"https:\/\/centcols.org\/#\/schema\/logo\/image\/\",\"url\":\"https:\/\/centcols.org\/wp-content\/uploads\/2025\/01\/carte-icone.png\",\"contentUrl\":\"https:\/\/centcols.org\/wp-content\/uploads\/2025\/01\/carte-icone.png\",\"width\":250,\"height\":250,\"caption\":\"Club des Cent Cols\"},\"image\":{\"@id\":\"https:\/\/centcols.org\/#\/schema\/logo\/image\/\"},\"sameAs\":[\"https:\/\/www.facebook.com\/groups\/5261880558\/?locale=fr_FR\"]},{\"@type\":\"Person\",\"@id\":\"https:\/\/centcols.org\/#\/schema\/person\/911b404fb133d8c913dd27cdcf71c8e5\",\"name\":\"Webmestre\",\"image\":{\"@type\":\"ImageObject\",\"inLanguage\":\"de\",\"@id\":\"https:\/\/centcols.org\/wp-content\/litespeed\/avatar\/2d246e4b6b4f773e08515e1ffc53690b.jpg?ver=1777222892\",\"url\":\"https:\/\/centcols.org\/wp-content\/litespeed\/avatar\/2d246e4b6b4f773e08515e1ffc53690b.jpg?ver=1777222892\",\"contentUrl\":\"https:\/\/centcols.org\/wp-content\/litespeed\/avatar\/2d246e4b6b4f773e08515e1ffc53690b.jpg?ver=1777222892\",\"caption\":\"Webmestre\"},\"url\":\"https:\/\/centcols.org\/de\/author\/webmestre\/\"}]}<\/script>\n<!-- \/ Yoast SEO plugin. -->","yoast_head_json":{"title":"Der Club bekommt ein neues Logo - Club des Cent Cols","robots":{"index":"index","follow":"follow","max-snippet":"max-snippet:-1","max-image-preview":"max-image-preview:large","max-video-preview":"max-video-preview:-1"},"canonical":"https:\/\/centcols.org\/de\/der-club-bekommt-ein-neues-logo\/","og_locale":"de_DE","og_type":"article","og_title":"Le club se dote d\u2019un nouveau logo - Club des Cent Cols","og_description":"Le site internet actuel du club va avoir 10 ans en 2025. Pour des raisons de s\u00e9curit\u00e9, de lenteur du site, pour l\u2019adapter aux standards de navigation et aux nouveaux terminaux (ordinateurs, Smartphones\u2026) qui ont bien \u00e9volu\u00e9 depuis sa cr\u00e9ation et afin qu\u2019il soit bien r\u00e9f\u00e9renc\u00e9 par les moteurs de recherche, le CA a pris [&hellip;]","og_url":"https:\/\/centcols.org\/de\/der-club-bekommt-ein-neues-logo\/","og_site_name":"Club des Cent Cols","article_publisher":"https:\/\/www.facebook.com\/groups\/5261880558\/?locale=fr_FR","article_published_time":"2025-03-09T21:18:00+00:00","article_modified_time":"2025-07-09T21:21:11+00:00","og_image":[{"width":712,"height":712,"url":"https:\/\/centcols.org\/wp-content\/uploads\/2025\/07\/logo.jpg","type":"image\/jpeg"}],"author":"Webmestre","twitter_card":"summary_large_image","twitter_misc":{"Verfasst von":"Webmestre","Gesch\u00e4tzte Lesezeit":"4\u00a0Minuten"},"schema":{"@context":"https:\/\/schema.org","@graph":[{"@type":"Article","@id":"https:\/\/centcols.org\/le-club-se-dote-dun-nouveau-logo\/#article","isPartOf":{"@id":"https:\/\/centcols.org\/le-club-se-dote-dun-nouveau-logo\/"},"author":{"name":"Webmestre","@id":"https:\/\/centcols.org\/#\/schema\/person\/911b404fb133d8c913dd27cdcf71c8e5"},"headline":"Le club se dote d\u2019un nouveau logo","datePublished":"2025-03-09T21:18:00+00:00","dateModified":"2025-07-09T21:21:11+00:00","mainEntityOfPage":{"@id":"https:\/\/centcols.org\/le-club-se-dote-dun-nouveau-logo\/"},"wordCount":605,"publisher":{"@id":"https:\/\/centcols.org\/#organization"},"image":{"@id":"https:\/\/centcols.org\/le-club-se-dote-dun-nouveau-logo\/#primaryimage"},"thumbnailUrl":"https:\/\/centcols.org\/wp-content\/uploads\/2025\/07\/logo.jpg","articleSection":["Actus-Club"],"inLanguage":"de"},{"@type":"WebPage","@id":"https:\/\/centcols.org\/le-club-se-dote-dun-nouveau-logo\/","url":"https:\/\/centcols.org\/le-club-se-dote-dun-nouveau-logo\/","name":"Der Club bekommt ein neues Logo - Club des Cent Cols","isPartOf":{"@id":"https:\/\/centcols.org\/#website"},"primaryImageOfPage":{"@id":"https:\/\/centcols.org\/le-club-se-dote-dun-nouveau-logo\/#primaryimage"},"image":{"@id":"https:\/\/centcols.org\/le-club-se-dote-dun-nouveau-logo\/#primaryimage"},"thumbnailUrl":"https:\/\/centcols.org\/wp-content\/uploads\/2025\/07\/logo.jpg","datePublished":"2025-03-09T21:18:00+00:00","dateModified":"2025-07-09T21:21:11+00:00","breadcrumb":{"@id":"https:\/\/centcols.org\/le-club-se-dote-dun-nouveau-logo\/#breadcrumb"},"inLanguage":"de","potentialAction":[{"@type":"ReadAction","target":["https:\/\/centcols.org\/le-club-se-dote-dun-nouveau-logo\/"]}]},{"@type":"ImageObject","inLanguage":"de","@id":"https:\/\/centcols.org\/le-club-se-dote-dun-nouveau-logo\/#primaryimage","url":"https:\/\/centcols.org\/wp-content\/uploads\/2025\/07\/logo.jpg","contentUrl":"https:\/\/centcols.org\/wp-content\/uploads\/2025\/07\/logo.jpg","width":712,"height":712},{"@type":"BreadcrumbList","@id":"https:\/\/centcols.org\/le-club-se-dote-dun-nouveau-logo\/#breadcrumb","itemListElement":[{"@type":"ListItem","position":1,"name":"Accueil","item":"https:\/\/centcols.org\/"},{"@type":"ListItem","position":2,"name":"Gazette","item":"https:\/\/centcols.org\/rubrique\/gazette\/"},{"@type":"ListItem","position":3,"name":"Actus-Club","item":"https:\/\/centcols.org\/rubrique\/gazette\/actus-club\/"},{"@type":"ListItem","position":4,"name":"Le club se dote d\u2019un nouveau logo"}]},{"@type":"WebSite","@id":"https:\/\/centcols.org\/#website","url":"https:\/\/centcols.org\/","name":"Club des Cent Cols","description":"","publisher":{"@id":"https:\/\/centcols.org\/#organization"},"potentialAction":[{"@type":"SearchAction","target":{"@type":"EntryPoint","urlTemplate":"https:\/\/centcols.org\/?s={search_term_string}"},"query-input":{"@type":"PropertyValueSpecification","valueRequired":true,"valueName":"search_term_string"}}],"inLanguage":"de"},{"@type":"Organization","@id":"https:\/\/centcols.org\/#organization","name":"Club des Cent Cols","url":"https:\/\/centcols.org\/","logo":{"@type":"ImageObject","inLanguage":"de","@id":"https:\/\/centcols.org\/#\/schema\/logo\/image\/","url":"https:\/\/centcols.org\/wp-content\/uploads\/2025\/01\/carte-icone.png","contentUrl":"https:\/\/centcols.org\/wp-content\/uploads\/2025\/01\/carte-icone.png","width":250,"height":250,"caption":"Club des Cent Cols"},"image":{"@id":"https:\/\/centcols.org\/#\/schema\/logo\/image\/"},"sameAs":["https:\/\/www.facebook.com\/groups\/5261880558\/?locale=fr_FR"]},{"@type":"Person","@id":"https:\/\/centcols.org\/#\/schema\/person\/911b404fb133d8c913dd27cdcf71c8e5","name":"Webmaster","image":{"@type":"ImageObject","inLanguage":"de","@id":"https:\/\/centcols.org\/wp-content\/litespeed\/avatar\/2d246e4b6b4f773e08515e1ffc53690b.jpg?ver=1777222892","url":"https:\/\/centcols.org\/wp-content\/litespeed\/avatar\/2d246e4b6b4f773e08515e1ffc53690b.jpg?ver=1777222892","contentUrl":"https:\/\/centcols.org\/wp-content\/litespeed\/avatar\/2d246e4b6b4f773e08515e1ffc53690b.jpg?ver=1777222892","caption":"Webmestre"},"url":"https:\/\/centcols.org\/de\/author\/webmestre\/"}]}},"_links":{"self":[{"href":"https:\/\/centcols.org\/de\/wp-json\/wp\/v2\/posts\/84764","targetHints":{"allow":["GET"]}}],"collection":[{"href":"https:\/\/centcols.org\/de\/wp-json\/wp\/v2\/posts"}],"about":[{"href":"https:\/\/centcols.org\/de\/wp-json\/wp\/v2\/types\/post"}],"author":[{"embeddable":true,"href":"https:\/\/centcols.org\/de\/wp-json\/wp\/v2\/users\/3"}],"replies":[{"embeddable":true,"href":"https:\/\/centcols.org\/de\/wp-json\/wp\/v2\/comments?post=84764"}],"version-history":[{"count":0,"href":"https:\/\/centcols.org\/de\/wp-json\/wp\/v2\/posts\/84764\/revisions"}],"wp:featuredmedia":[{"embeddable":true,"href":"https:\/\/centcols.org\/de\/wp-json\/wp\/v2\/media\/84765"}],"wp:attachment":[{"href":"https:\/\/centcols.org\/de\/wp-json\/wp\/v2\/media?parent=84764"}],"wp:term":[{"taxonomy":"category","embeddable":true,"href":"https:\/\/centcols.org\/de\/wp-json\/wp\/v2\/categories?post=84764"},{"taxonomy":"post_tag","embeddable":true,"href":"https:\/\/centcols.org\/de\/wp-json\/wp\/v2\/tags?post=84764"}],"curies":[{"name":"wp","href":"https:\/\/api.w.org\/{rel}","templated":true}]}}