{"id":91155,"date":"2025-11-14T14:03:05","date_gmt":"2025-11-14T12:03:05","guid":{"rendered":"https:\/\/centcols.org\/?p=91155"},"modified":"2026-02-12T21:29:31","modified_gmt":"2026-02-12T19:29:31","slug":"thonon-trieste-fred-singla-2025","status":"publish","type":"post","link":"https:\/\/centcols.org\/de\/thonon-trieste-fred-singla-2025\/","title":{"rendered":"Thonon Trieste: Fred Singla cc 5173"},"content":{"rendered":"<p>Nach dem <a href=\"https:\/\/centcols.org\/de\/thonon-trieste-jean-marc-lefevre-cc-3331\/\" target=\"_blank\" rel=\"noreferrer noopener\">Erz\u00e4hlung von Jean-Marc Lef\u00e8vre<\/a> und <a href=\"https:\/\/centcols.org\/de\/trieste-thonon-traversee-de-larc-alpin-a-velo\/\" target=\"_blank\" rel=\"noreferrer noopener\">die von Philippe Chazottier<\/a> ist Fred Singla an der Reihe, uns von seinem Abenteuer zu erz\u00e4hlen. Eine wundersch\u00f6ne, von Georges Rossini entworfene Radtour, die den Genfer See mit der Adria verbindet und dabei zahlreiche P\u00e4sse \u00fcberquert.<\/p>\n\n\n\n<figure class=\"wp-block-image size-full\"><a href=\"https:\/\/centcols.org\/wp-content\/uploads\/2025\/10\/carte-thono-trieste.jpeg\"><img loading=\"lazy\" decoding=\"async\" width=\"1307\" height=\"318\" src=\"https:\/\/centcols.org\/wp-content\/uploads\/2025\/10\/carte-thono-trieste.jpeg\" alt=\"\" class=\"wp-image-91161\" srcset=\"https:\/\/centcols.org\/wp-content\/uploads\/2025\/10\/carte-thono-trieste.jpeg 1307w, https:\/\/centcols.org\/wp-content\/uploads\/2025\/10\/carte-thono-trieste-1200x292.jpeg 1200w, https:\/\/centcols.org\/wp-content\/uploads\/2025\/10\/carte-thono-trieste-768x187.jpeg 768w, https:\/\/centcols.org\/wp-content\/uploads\/2025\/10\/carte-thono-trieste-18x4.jpeg 18w\" sizes=\"auto, (max-width: 1307px) 100vw, 1307px\" \/><\/a><\/figure>\n\n\n\n<blockquote class=\"wp-block-quote is-layout-flow wp-block-quote-is-layout-flow\">\n<p>Klicke auf den Titel der Etappe unter dem Bild, um mit Fred und seinen beiden Freunden zu reisen. In jeder Episode sind alle Bilder anklickbar, um sie in einer gr\u00f6\u00dferen Ansicht zu sehen.<\/p>\n<\/blockquote>\n\n\n\n<div class=\"wp-block-group has-background\" style=\"background-color:#abb7c21f\"><div class=\"wp-block-group__inner-container is-layout-constrained wp-block-group-is-layout-constrained\">\n<h2 class=\"wp-block-heading has-text-align-center\">Zusammenfassung der Schritte<\/h2>\n\n\n\n<div class=\"wp-block-columns is-layout-flex wp-container-core-columns-is-layout-9d6595d7 wp-block-columns-is-layout-flex\">\n<div class=\"wp-block-column is-layout-flow wp-block-column-is-layout-flow\">\n<figure class=\"wp-block-image size-large img-angles-carres\"><a href=\"https:\/\/centcols.org\/wp-content\/uploads\/2025\/10\/Thonon-Trieste-FS_etape01-01.jpg\"><img decoding=\"async\" src=\"https:\/\/centcols.org\/wp-content\/uploads\/2025\/10\/Thonon-Trieste-FS_etape01-01.jpg\" alt=\"\"\/><\/a><\/figure>\n\n\n\n<h5 class=\"wp-block-heading\"><em><a href=\"https:\/\/centcols.org\/de\/thonon-trieste-fred-singla-2025\/2\/\" target=\"_blank\" rel=\"noreferrer noopener\">Tag 1: von Thonon-les-Bains nach Brig (Schweiz)<\/a><\/em><\/h5>\n<\/div>\n\n\n\n<div class=\"wp-block-column is-layout-flow wp-block-column-is-layout-flow\">\n<figure class=\"wp-block-image size-full img-angles-carres\"><img loading=\"lazy\" decoding=\"async\" width=\"1176\" height=\"785\" src=\"https:\/\/centcols.org\/wp-content\/uploads\/2025\/10\/Thonon-Trieste-FS_etape02-09.jpg\" alt=\"\" class=\"wp-image-91227\" srcset=\"https:\/\/centcols.org\/wp-content\/uploads\/2025\/10\/Thonon-Trieste-FS_etape02-09.jpg 1176w, https:\/\/centcols.org\/wp-content\/uploads\/2025\/10\/Thonon-Trieste-FS_etape02-09-768x513.jpg 768w, https:\/\/centcols.org\/wp-content\/uploads\/2025\/10\/Thonon-Trieste-FS_etape02-09-18x12.jpg 18w\" sizes=\"auto, (max-width: 1176px) 100vw, 1176px\" \/><\/figure>\n\n\n\n<h5 class=\"wp-block-heading\"><em><a href=\"https:\/\/centcols.org\/de\/thonon-trieste-fred-singla-2025\/1\/\" target=\"_blank\" rel=\"noreferrer noopener\"><\/a><a href=\"https:\/\/centcols.org\/de\/thonon-trieste-fred-singla-2025\/3\/\" target=\"_blank\" rel=\"noreferrer noopener\">Tag 2: Brig (Schweiz) nach Verbania (Italien)<\/a><\/em><\/h5>\n<\/div>\n\n\n\n<div class=\"wp-block-column is-layout-flow wp-block-column-is-layout-flow\">\n<figure class=\"wp-block-image size-full img-angles-carres\"><img loading=\"lazy\" decoding=\"async\" width=\"1200\" height=\"802\" src=\"https:\/\/centcols.org\/wp-content\/uploads\/2025\/10\/Thonon-Trieste-FS_etape03-15.jpg\" alt=\"\" class=\"wp-image-91257\" srcset=\"https:\/\/centcols.org\/wp-content\/uploads\/2025\/10\/Thonon-Trieste-FS_etape03-15.jpg 1200w, https:\/\/centcols.org\/wp-content\/uploads\/2025\/10\/Thonon-Trieste-FS_etape03-15-768x513.jpg 768w, https:\/\/centcols.org\/wp-content\/uploads\/2025\/10\/Thonon-Trieste-FS_etape03-15-18x12.jpg 18w\" sizes=\"auto, (max-width: 1200px) 100vw, 1200px\" \/><\/figure>\n\n\n\n<h5 class=\"wp-block-heading\"><em><a href=\"https:\/\/centcols.org\/de\/thonon-trieste-fred-singla-2025\/4\/\" target=\"_blank\" rel=\"noreferrer noopener\">3. Tag: Von Verbania nach Campodolcino<\/a><\/em><\/h5>\n<\/div>\n\n\n\n<div class=\"wp-block-column is-layout-flow wp-block-column-is-layout-flow\">\n<figure class=\"wp-block-image size-full img-angles-carres\"><img loading=\"lazy\" decoding=\"async\" width=\"1307\" height=\"873\" src=\"https:\/\/centcols.org\/wp-content\/uploads\/2025\/10\/Thonon-Trieste-FS_etape04-07.jpg\" alt=\"\" class=\"wp-image-91269\" srcset=\"https:\/\/centcols.org\/wp-content\/uploads\/2025\/10\/Thonon-Trieste-FS_etape04-07.jpg 1307w, https:\/\/centcols.org\/wp-content\/uploads\/2025\/10\/Thonon-Trieste-FS_etape04-07-1200x802.jpg 1200w, https:\/\/centcols.org\/wp-content\/uploads\/2025\/10\/Thonon-Trieste-FS_etape04-07-768x513.jpg 768w, https:\/\/centcols.org\/wp-content\/uploads\/2025\/10\/Thonon-Trieste-FS_etape04-07-18x12.jpg 18w\" sizes=\"auto, (max-width: 1307px) 100vw, 1307px\" \/><\/figure>\n\n\n\n<h5 class=\"wp-block-heading\"><em><a href=\"https:\/\/centcols.org\/de\/thonon-trieste-fred-singla-2025\/1\/\" target=\"_blank\" rel=\"noreferrer noopener\"><\/a><a href=\"https:\/\/centcols.org\/de\/thonon-trieste-fred-singla-2025\/5\/\" target=\"_blank\" rel=\"noreferrer noopener\">4. Tag: Von Campodolcino nach Livigno<\/a><\/em><\/h5>\n<\/div>\n\n\n\n<div class=\"wp-block-column is-layout-flow wp-block-column-is-layout-flow\">\n<figure class=\"wp-block-image size-full img-angles-carres\"><img loading=\"lazy\" decoding=\"async\" width=\"1307\" height=\"873\" src=\"https:\/\/centcols.org\/wp-content\/uploads\/2025\/10\/Thonon-Trieste-FS_etape05-12.jpg\" alt=\"\" class=\"wp-image-91319\" srcset=\"https:\/\/centcols.org\/wp-content\/uploads\/2025\/10\/Thonon-Trieste-FS_etape05-12.jpg 1307w, https:\/\/centcols.org\/wp-content\/uploads\/2025\/10\/Thonon-Trieste-FS_etape05-12-1200x802.jpg 1200w, https:\/\/centcols.org\/wp-content\/uploads\/2025\/10\/Thonon-Trieste-FS_etape05-12-768x513.jpg 768w, https:\/\/centcols.org\/wp-content\/uploads\/2025\/10\/Thonon-Trieste-FS_etape05-12-18x12.jpg 18w\" sizes=\"auto, (max-width: 1307px) 100vw, 1307px\" \/><\/figure>\n\n\n\n<h5 class=\"wp-block-heading\"><em><a href=\"https:\/\/centcols.org\/de\/thonon-trieste-fred-singla-2025\/1\/\" target=\"_blank\" rel=\"noreferrer noopener\"><\/a><a href=\"https:\/\/centcols.org\/de\/thonon-trieste-fred-singla-2025\/6\/\" target=\"_blank\" rel=\"noreferrer noopener\">5. Tag: Von Livigno nach Malles-Venosta<\/a><\/em><\/h5>\n<\/div>\n\n\n\n<div class=\"wp-block-column is-layout-flow wp-block-column-is-layout-flow\">\n<figure class=\"wp-block-image size-full img-angles-carres\"><img loading=\"lazy\" decoding=\"async\" width=\"1307\" height=\"873\" src=\"https:\/\/centcols.org\/wp-content\/uploads\/2025\/10\/Thonon-Trieste-FS_etape06-05.jpg\" alt=\"\" class=\"wp-image-91365\" srcset=\"https:\/\/centcols.org\/wp-content\/uploads\/2025\/10\/Thonon-Trieste-FS_etape06-05.jpg 1307w, https:\/\/centcols.org\/wp-content\/uploads\/2025\/10\/Thonon-Trieste-FS_etape06-05-1200x802.jpg 1200w, https:\/\/centcols.org\/wp-content\/uploads\/2025\/10\/Thonon-Trieste-FS_etape06-05-768x513.jpg 768w, https:\/\/centcols.org\/wp-content\/uploads\/2025\/10\/Thonon-Trieste-FS_etape06-05-18x12.jpg 18w\" sizes=\"auto, (max-width: 1307px) 100vw, 1307px\" \/><\/figure>\n\n\n\n<h5 class=\"wp-block-heading\"><em><a href=\"https:\/\/centcols.org\/de\/thonon-trieste-fred-singla-2025\/1\/\" target=\"_blank\" rel=\"noreferrer noopener\"><\/a><a href=\"https:\/\/centcols.org\/de\/thonon-trieste-fred-singla-2025\/7\/\" target=\"_blank\" rel=\"noreferrer noopener\">6. Tag: von Malles-Venosta nach Bozen<\/a><\/em><\/h5>\n<\/div>\n<\/div>\n\n\n\n<div class=\"wp-block-columns is-layout-flex wp-container-core-columns-is-layout-9d6595d7 wp-block-columns-is-layout-flex\">\n<div class=\"wp-block-column is-layout-flow wp-block-column-is-layout-flow\">\n<figure class=\"wp-block-image size-full img-angles-carres\"><img loading=\"lazy\" decoding=\"async\" width=\"1200\" height=\"802\" src=\"https:\/\/centcols.org\/wp-content\/uploads\/2025\/10\/Thonon-Trieste-FS_etape07-29.jpg\" alt=\"\" class=\"wp-image-91476\" srcset=\"https:\/\/centcols.org\/wp-content\/uploads\/2025\/10\/Thonon-Trieste-FS_etape07-29.jpg 1200w, https:\/\/centcols.org\/wp-content\/uploads\/2025\/10\/Thonon-Trieste-FS_etape07-29-768x513.jpg 768w, https:\/\/centcols.org\/wp-content\/uploads\/2025\/10\/Thonon-Trieste-FS_etape07-29-18x12.jpg 18w\" sizes=\"auto, (max-width: 1200px) 100vw, 1200px\" \/><\/figure>\n\n\n\n<h5 class=\"wp-block-heading\"><em><a href=\"https:\/\/centcols.org\/de\/thonon-trieste-fred-singla-2025\/1\/\" target=\"_blank\" rel=\"noreferrer noopener\"><\/a><a href=\"https:\/\/centcols.org\/de\/thonon-trieste-fred-singla-2025\/8\/\" target=\"_blank\" rel=\"noreferrer noopener\">7. Tag: Von Bozen nach Arabba<\/a><\/em><\/h5>\n<\/div>\n\n\n\n<div class=\"wp-block-column is-layout-flow wp-block-column-is-layout-flow\">\n<figure class=\"wp-block-image size-full img-angles-carres\"><img loading=\"lazy\" decoding=\"async\" width=\"1200\" height=\"802\" src=\"https:\/\/centcols.org\/wp-content\/uploads\/2025\/10\/Thonon-Trieste-FS_etape08-05.jpg\" alt=\"\" class=\"wp-image-91511\" srcset=\"https:\/\/centcols.org\/wp-content\/uploads\/2025\/10\/Thonon-Trieste-FS_etape08-05.jpg 1200w, https:\/\/centcols.org\/wp-content\/uploads\/2025\/10\/Thonon-Trieste-FS_etape08-05-768x513.jpg 768w, https:\/\/centcols.org\/wp-content\/uploads\/2025\/10\/Thonon-Trieste-FS_etape08-05-18x12.jpg 18w\" sizes=\"auto, (max-width: 1200px) 100vw, 1200px\" \/><\/figure>\n\n\n\n<h5 class=\"wp-block-heading\"><em><a href=\"https:\/\/centcols.org\/de\/thonon-trieste-fred-singla-2025\/1\/\" target=\"_blank\" rel=\"noreferrer noopener\"><\/a><a href=\"https:\/\/centcols.org\/de\/thonon-trieste-fred-singla-2025\/9\/\" target=\"_blank\" rel=\"noreferrer noopener\">8. Tag: Ruhetag.  Schleife um das Hotel.<\/a><\/em><\/h5>\n<\/div>\n\n\n\n<div class=\"wp-block-column is-layout-flow wp-block-column-is-layout-flow\">\n<figure class=\"wp-block-image size-full img-angles-carres\"><img loading=\"lazy\" decoding=\"async\" width=\"1200\" height=\"802\" src=\"https:\/\/centcols.org\/wp-content\/uploads\/2025\/10\/Thonon-Trieste-FS_etape09-07.jpg\" alt=\"\" class=\"wp-image-91566\" srcset=\"https:\/\/centcols.org\/wp-content\/uploads\/2025\/10\/Thonon-Trieste-FS_etape09-07.jpg 1200w, https:\/\/centcols.org\/wp-content\/uploads\/2025\/10\/Thonon-Trieste-FS_etape09-07-768x513.jpg 768w, https:\/\/centcols.org\/wp-content\/uploads\/2025\/10\/Thonon-Trieste-FS_etape09-07-18x12.jpg 18w\" sizes=\"auto, (max-width: 1200px) 100vw, 1200px\" \/><\/figure>\n\n\n\n<h5 class=\"wp-block-heading\"><em><a href=\"https:\/\/centcols.org\/de\/thonon-trieste-fred-singla-2025\/9\/\"><\/a><a href=\"https:\/\/centcols.org\/de\/thonon-trieste-fred-singla-2025\/#heading-1761755335652-9\"><\/a><a href=\"https:\/\/centcols.org\/de\/thonon-trieste-fred-singla-2025\/10\/\" target=\"_blank\" rel=\"noreferrer noopener\">9. Tag: Von Arabba nach Vigo-di-Cadore<\/a><\/em><\/h5>\n<\/div>\n\n\n\n<div class=\"wp-block-column is-layout-flow wp-block-column-is-layout-flow\">\n<figure class=\"wp-block-image size-full img-angles-carres\"><img loading=\"lazy\" decoding=\"async\" width=\"1200\" height=\"802\" src=\"https:\/\/centcols.org\/wp-content\/uploads\/2025\/10\/Thonon-Trieste-FS_etape10-16.jpg\" alt=\"\" class=\"wp-image-91612\" srcset=\"https:\/\/centcols.org\/wp-content\/uploads\/2025\/10\/Thonon-Trieste-FS_etape10-16.jpg 1200w, https:\/\/centcols.org\/wp-content\/uploads\/2025\/10\/Thonon-Trieste-FS_etape10-16-768x513.jpg 768w, https:\/\/centcols.org\/wp-content\/uploads\/2025\/10\/Thonon-Trieste-FS_etape10-16-18x12.jpg 18w\" sizes=\"auto, (max-width: 1200px) 100vw, 1200px\" \/><\/figure>\n\n\n\n<h5 class=\"wp-block-heading\"><em><a href=\"https:\/\/centcols.org\/de\/thonon-trieste-fred-singla-2025\/1\/\" target=\"_blank\" rel=\"noreferrer noopener\"><\/a><a href=\"https:\/\/centcols.org\/de\/thonon-trieste-fred-singla-2025\/11\/\" target=\"_blank\" rel=\"noreferrer noopener\">Tag 10: Von Vigo-di-Cadore nach<\/a><a href=\"https:\/\/centcols.org\/de\/thonon-trieste-fred-singla-2025\/10\/\" target=\"_blank\" rel=\"noreferrer noopener\"> <\/a><a href=\"https:\/\/centcols.org\/de\/thonon-trieste-fred-singla-2025\/1\/\" target=\"_blank\" rel=\"noreferrer noopener\"><\/a><a href=\"https:\/\/centcols.org\/de\/thonon-trieste-fred-singla-2025\/#heading-1761755335652-10\">Tarcento + DER Zoncolan!!!<\/a><\/em><\/h5>\n<\/div>\n\n\n\n<div class=\"wp-block-column is-layout-flow wp-block-column-is-layout-flow\">\n<figure class=\"wp-block-image size-full img-angles-carres\"><img loading=\"lazy\" decoding=\"async\" width=\"1200\" height=\"802\" src=\"https:\/\/centcols.org\/wp-content\/uploads\/2025\/10\/Thonon-Trieste-FS_etape11-10.jpg\" alt=\"\" class=\"wp-image-91686\" srcset=\"https:\/\/centcols.org\/wp-content\/uploads\/2025\/10\/Thonon-Trieste-FS_etape11-10.jpg 1200w, https:\/\/centcols.org\/wp-content\/uploads\/2025\/10\/Thonon-Trieste-FS_etape11-10-768x513.jpg 768w, https:\/\/centcols.org\/wp-content\/uploads\/2025\/10\/Thonon-Trieste-FS_etape11-10-18x12.jpg 18w\" sizes=\"auto, (max-width: 1200px) 100vw, 1200px\" \/><\/figure>\n\n\n\n<h5 class=\"wp-block-heading\"><a href=\"https:\/\/centcols.org\/de\/thonon-trieste-fred-singla-2025\/12\/\" target=\"_blank\" rel=\"noreferrer noopener\"><em>11. Tag: von Tarcento nach <\/em>Triest<\/a><\/h5>\n<\/div>\n\n\n\n<div class=\"wp-block-column is-layout-flow wp-block-column-is-layout-flow\">\n<figure class=\"wp-block-image size-full img-angles-carres\"><img loading=\"lazy\" decoding=\"async\" width=\"1200\" height=\"802\" src=\"https:\/\/centcols.org\/wp-content\/uploads\/2025\/10\/Thonon-Trieste-FS_etape12-09.jpg\" alt=\"\" class=\"wp-image-91713\" srcset=\"https:\/\/centcols.org\/wp-content\/uploads\/2025\/10\/Thonon-Trieste-FS_etape12-09.jpg 1200w, https:\/\/centcols.org\/wp-content\/uploads\/2025\/10\/Thonon-Trieste-FS_etape12-09-768x513.jpg 768w, https:\/\/centcols.org\/wp-content\/uploads\/2025\/10\/Thonon-Trieste-FS_etape12-09-18x12.jpg 18w\" sizes=\"auto, (max-width: 1200px) 100vw, 1200px\" \/><\/figure>\n\n\n\n<h5 class=\"wp-block-heading\"><em><a href=\"https:\/\/centcols.org\/de\/thonon-trieste-fred-singla-2025\/13\/\" target=\"_blank\" rel=\"noreferrer noopener\">12. Tag: Radfahren in Slowenien und Besichtigung von Triest<\/a><\/em><\/h5>\n<\/div>\n<\/div>\n<\/div><\/div>\n\n\n\n<h2 class=\"wp-block-heading\">Der Prolog<\/h2>\n\n\n\n<p><em>Samstag, 23. August :<\/em><\/p>\n\n\n\n<p>Es ist soweit, wir sind in Thonon-les-Bains! Nachdem es mehrere Jahre lang verschoben wurde, kann das Abenteuer nun beginnen \ud83d\ude0a. In ein paar Tagen sollten wir in Triest sein, nachdem wir den Alpenbogen \u00fcberquert und die gro\u00dfen Alpenp\u00e4sse bew\u00e4ltigt haben. Hier sind wir also, Bruno (cc 7753) und ich, am Fu\u00df der Mauer und Jean-Marc am Steuer des Partners.<\/p>\n\n\n\n<p>Jean-Marc und ich kennen uns seit dem Studium. Das sind immerhin 42 Jahre. Wir haben die Geburt unserer jeweiligen Kinder miterlebt. Ich kann nicht mehr z\u00e4hlen, wie viele gemeinsame Mahlzeiten, Silvesterpartys und andere Feierlichkeiten wir geteilt haben. Unsere beiden Paare sind schon zusammen in Urlaub gefahren. Bruno und ich haben uns vor \u00fcber 25 Jahren kennengelernt und uns gut verstanden. Er hat oft an Silvesterfeiern und anderen oben erw\u00e4hnten Mahlzeiten teilgenommen. Und ich kann die Anzahl der gemeinsamen Radtouren nicht mehr z\u00e4hlen. Beide haben mich 2013 auf einer Radreise durch Marokko begleitet. Und 2019 auf einer Reise, ebenfalls mit dem Fahrrad, nach Colorado. Nach dieser Reise trat Bruno \u00fcbrigens unserer sch\u00f6nen Bruderschaft bei. Ich selbst bin seit dem Jahr 2000 Mitglied. In den letzten Jahren habe ich an vielen CCC-Touren teilgenommen. Meistens \u00fcbrigens in Begleitung von Bruno. Und einige von Ihnen kennen mich vielleicht von der Rassemblement Pyr\u00e9n\u00e9en Bernardini, die ich Ihnen seit einigen Jahren anbiete.<\/p>\n\n\n\n<p>Ich habe also absolut keine Bedenken, dass unsere kleine Gruppe gut funktionieren sollte (und das wird sie nat\u00fcrlich auch!). Soweit die Vorstellung unseres Teams. Nun zu den Materialien.<br><br>Ich hatte geplant, mit meinem Gravel zu starten (angepasste Entwicklungen und sehr bequeme Position). Ein technisches Problem an einem der Kettenbl\u00e4tter hindert mich daran, es mitzunehmen. Es war unm\u00f6glich, das Teil vor unserer Abreise zu bekommen. Was das Roubaix betrifft, so h\u00e4tten mir seine Entwicklungen nicht erlaubt, die geplanten schwierigen Anstiege zu bew\u00e4ltigen.<br>. Ich musste also dringend ein neues Fahrrad kaufen. In einem Notfall? Nicht wirklich, denn ich hatte schon vor einigen Wochen begonnen, mir die Modelle anzusehen. Das Roubaix wurde mit seinen 15 Jahren und fast 160.000 Euro langsam m\u00fcde.<br>km ... (Wenn man seinen Hund t\u00f6ten will, beschuldigt man ihn der Tollwut \ud83d\ude09).<br><br>Diese Reise \u00fcber 1300 Kilometer und 25.000 H\u00f6henmeter wird ein guter Aufw\u00e4rmgalopp f\u00fcr dieses neue Fahrrad sein: Orbea Orca M30 f\u00fcr die Kenner.<\/p>\n\n\n<div class=\"wp-block-image\">\n<figure class=\"aligncenter size-full is-resized\"><img loading=\"lazy\" decoding=\"async\" width=\"1200\" height=\"554\" src=\"https:\/\/centcols.org\/wp-content\/uploads\/2025\/10\/Orbea-Orca-M30r.jpg\" alt=\"\" class=\"wp-image-91197\" style=\"width:800px\" srcset=\"https:\/\/centcols.org\/wp-content\/uploads\/2025\/10\/Orbea-Orca-M30r.jpg 1200w, https:\/\/centcols.org\/wp-content\/uploads\/2025\/10\/Orbea-Orca-M30r-768x355.jpg 768w, https:\/\/centcols.org\/wp-content\/uploads\/2025\/10\/Orbea-Orca-M30r-18x8.jpg 18w\" sizes=\"auto, (max-width: 1200px) 100vw, 1200px\" \/><figcaption class=\"wp-element-caption\">Hier ist das Tier. Und ich kann Ihnen im Nachhinein sagen, dass sie ihre Rolle sehr gut erf\u00fcllt hat!<\/figcaption><\/figure>\n<\/div>\n\n\n<div class=\"wp-block-buttons is-content-justification-right is-layout-flex wp-container-core-buttons-is-layout-765c4724 wp-block-buttons-is-layout-flex\">\n<div class=\"wp-block-button\"><a class=\"wp-block-button__link has-text-color has-background has-link-color wp-element-button\" href=\"https:\/\/centcols.org\/de\/thonon-trieste-fred-singla-2025\/2\/\" style=\"color:#2a488c;background-color:#88f2fd;text-transform:uppercase\"><strong>Erste<\/strong> <strong>Schritt <\/strong><\/a><\/div>\n<\/div>\n\n\n\n<!--nextpage-->\n\n\n\n<h2 class=\"wp-block-heading\"><em> Tag 1: von Thonon-les-Bains nach Brig (Schweiz)<\/em><\/h2>\n\n\n\n<p>169 km - 1700 m H\u00f6henunterschied, 1 Pass<\/p>\n\n\n\n<p>Ein kurzer Blick auf den Genfer See, und wir verlassen Thonon-les-Bains. Auf geht's zu einer langen Reise .<\/p>\n\n\n<div class=\"wp-block-image\">\n<figure class=\"aligncenter size-full\"><a href=\"https:\/\/centcols.org\/wp-content\/uploads\/2025\/10\/Thonon-Trieste-FS_etape01-01.jpg\"><img loading=\"lazy\" decoding=\"async\" width=\"1176\" height=\"785\" src=\"https:\/\/centcols.org\/wp-content\/uploads\/2025\/10\/Thonon-Trieste-FS_etape01-01.jpg\" alt=\"\" class=\"wp-image-91163\" srcset=\"https:\/\/centcols.org\/wp-content\/uploads\/2025\/10\/Thonon-Trieste-FS_etape01-01.jpg 1176w, https:\/\/centcols.org\/wp-content\/uploads\/2025\/10\/Thonon-Trieste-FS_etape01-01-768x513.jpg 768w, https:\/\/centcols.org\/wp-content\/uploads\/2025\/10\/Thonon-Trieste-FS_etape01-01-18x12.jpg 18w\" sizes=\"auto, (max-width: 1176px) 100vw, 1176px\" \/><\/a><figcaption class=\"wp-element-caption\">Der Genfer See<\/figcaption><\/figure>\n<\/div>\n\n\n<p>Nach 15 km sto\u00dfen wir auf eine Stra\u00dfe, die wegen Bauarbeiten gesperrt ist. Die vorgeschlagene Umleitung ist sehr lang und wir beschlie\u00dfen, sie zu \u00fcberspringen.<br>Zum Gl\u00fcck ist Sonntag, denn die Arbeiter h\u00e4tten uns nie durchgelassen ...<br>Sie s\u00e4ubern die Klippe \u00fcber der Stra\u00dfe, auf der Bruno unterwegs ist. Wir \u00fcberwinden das Hindernis und sehr schnell ... gibt es keine Stra\u00dfe mehr!<\/p>\n\n\n\n<p>Danach werden wir auf nicht weniger als zwei Portale treffen. Der Spruch \u00abGemeinsam sind wir stark\u00bb ist gerade im Angesicht von Widrigkeiten von gro\u00dfer Bedeutung. F\u00fcr einen Einzelnen w\u00e4ren diese Hindernisse fast unm\u00f6glich zu \u00fcberwinden gewesen.<\/p>\n\n\n\n<figure class=\"wp-block-gallery has-nested-images columns-default is-cropped wp-block-gallery-1 is-layout-flex wp-block-gallery-is-layout-flex\">\n<figure class=\"wp-block-image size-large\"><a href=\"https:\/\/centcols.org\/wp-content\/uploads\/2025\/10\/Thonon-Trieste-FS_etape01-02.jpg\"><img loading=\"lazy\" decoding=\"async\" width=\"1176\" height=\"785\" data-id=\"91164\" src=\"https:\/\/centcols.org\/wp-content\/uploads\/2025\/10\/Thonon-Trieste-FS_etape01-02.jpg\" alt=\"\" class=\"wp-image-91164\" srcset=\"https:\/\/centcols.org\/wp-content\/uploads\/2025\/10\/Thonon-Trieste-FS_etape01-02.jpg 1176w, https:\/\/centcols.org\/wp-content\/uploads\/2025\/10\/Thonon-Trieste-FS_etape01-02-768x513.jpg 768w, https:\/\/centcols.org\/wp-content\/uploads\/2025\/10\/Thonon-Trieste-FS_etape01-02-18x12.jpg 18w\" sizes=\"auto, (max-width: 1176px) 100vw, 1176px\" \/><\/a><\/figure>\n\n\n\n<figure class=\"wp-block-image size-large\"><a href=\"https:\/\/centcols.org\/wp-content\/uploads\/2025\/10\/Thonon-Trieste-FS_etape01-03.jpg\"><img loading=\"lazy\" decoding=\"async\" width=\"1176\" height=\"785\" data-id=\"91165\" src=\"https:\/\/centcols.org\/wp-content\/uploads\/2025\/10\/Thonon-Trieste-FS_etape01-03.jpg\" alt=\"\" class=\"wp-image-91165\" srcset=\"https:\/\/centcols.org\/wp-content\/uploads\/2025\/10\/Thonon-Trieste-FS_etape01-03.jpg 1176w, https:\/\/centcols.org\/wp-content\/uploads\/2025\/10\/Thonon-Trieste-FS_etape01-03-768x513.jpg 768w, https:\/\/centcols.org\/wp-content\/uploads\/2025\/10\/Thonon-Trieste-FS_etape01-03-18x12.jpg 18w\" sizes=\"auto, (max-width: 1176px) 100vw, 1176px\" \/><\/a><\/figure>\n<\/figure>\n\n\n\n<p>Anschlie\u00dfend fuhren wir durch Abondance und Ch\u00e2tel. Letztere Ortschaft hatte das Vergn\u00fcgen, einige Wochen zuvor die Tour de France f\u00fcr Frauen zu beherbergen.<br>Einen Anstieg sp\u00e4ter erreichen Sie den Pas de Morgins oder Col d'Abondance, der die Grenze markiert. Wir haben in die Schweiz gewechselt und befinden uns im Wallis.<br>Der Pass ist also der erste auf unserer Reise. Wir bleiben einige Zeit dort, um die sch\u00f6ne Aussicht auf Ch\u00e2tel zu genie\u00dfen.<\/p>\n\n\n\n<figure class=\"wp-block-gallery aligncenter has-nested-images columns-default is-cropped wp-block-gallery-2 is-layout-flex wp-block-gallery-is-layout-flex\">\n<figure class=\"wp-block-image size-full\"><a href=\"https:\/\/centcols.org\/wp-content\/uploads\/2025\/10\/Thonon-Trieste-FS_etape01-05a.jpg\"><img loading=\"lazy\" decoding=\"async\" width=\"942\" height=\"1246\" data-id=\"91384\" src=\"https:\/\/centcols.org\/wp-content\/uploads\/2025\/10\/Thonon-Trieste-FS_etape01-05a.jpg\" alt=\"\" class=\"wp-image-91384\" srcset=\"https:\/\/centcols.org\/wp-content\/uploads\/2025\/10\/Thonon-Trieste-FS_etape01-05a.jpg 942w, https:\/\/centcols.org\/wp-content\/uploads\/2025\/10\/Thonon-Trieste-FS_etape01-05a-907x1200.jpg 907w, https:\/\/centcols.org\/wp-content\/uploads\/2025\/10\/Thonon-Trieste-FS_etape01-05a-768x1016.jpg 768w, https:\/\/centcols.org\/wp-content\/uploads\/2025\/10\/Thonon-Trieste-FS_etape01-05a-9x12.jpg 9w\" sizes=\"auto, (max-width: 942px) 100vw, 942px\" \/><\/a><figcaption class=\"wp-element-caption\">Fred<\/figcaption><\/figure>\n\n\n\n<figure class=\"wp-block-image size-full\"><a href=\"https:\/\/centcols.org\/wp-content\/uploads\/2025\/10\/Thonon-Trieste-FS_etape01-05.jpg\"><img loading=\"lazy\" decoding=\"async\" width=\"847\" height=\"1115\" data-id=\"91383\" src=\"https:\/\/centcols.org\/wp-content\/uploads\/2025\/10\/Thonon-Trieste-FS_etape01-05.jpg\" alt=\"\" class=\"wp-image-91383\" srcset=\"https:\/\/centcols.org\/wp-content\/uploads\/2025\/10\/Thonon-Trieste-FS_etape01-05.jpg 847w, https:\/\/centcols.org\/wp-content\/uploads\/2025\/10\/Thonon-Trieste-FS_etape01-05-768x1011.jpg 768w, https:\/\/centcols.org\/wp-content\/uploads\/2025\/10\/Thonon-Trieste-FS_etape01-05-9x12.jpg 9w\" sizes=\"auto, (max-width: 847px) 100vw, 847px\" \/><\/a><figcaption class=\"wp-element-caption\">Bruno und Jean-Marc<\/figcaption><\/figure>\n<figcaption class=\"blocks-gallery-caption wp-element-caption\">Das feine Team am ersten Pass der Reise<\/figcaption><\/figure>\n\n\n\n<p>Es folgt ein herrlicher Abstieg, der uns in ein breites Tal voller Obstplantagen f\u00fchrt.<br>Ein Radweg sichert das Vorankommen fast durchgehend. Er f\u00fchrt am Fu\u00df des Wasserfalls mit dem poetischen Namen Pissevaches vorbei.&nbsp;<br>Die Rh\u00f4ne, die mehrmals \u00fcberquert wird, hat die Farbe von Schneeschmelzwasser.<br>In der Umgebung von Sion werden die Obstg\u00e4rten von wundersch\u00f6nen Weinbergen an steilen H\u00e4ngen abgel\u00f6st. .<\/p>\n\n\n\n<figure class=\"wp-block-gallery has-nested-images columns-default is-cropped wp-block-gallery-3 is-layout-flex wp-block-gallery-is-layout-flex\">\n<figure class=\"wp-block-image size-large\"><a href=\"https:\/\/centcols.org\/wp-content\/uploads\/2025\/10\/Thonon-Trieste-FS_etape01-04.jpg\"><img loading=\"lazy\" decoding=\"async\" width=\"1176\" height=\"785\" data-id=\"91167\" src=\"https:\/\/centcols.org\/wp-content\/uploads\/2025\/10\/Thonon-Trieste-FS_etape01-04.jpg\" alt=\"\" class=\"wp-image-91167\" srcset=\"https:\/\/centcols.org\/wp-content\/uploads\/2025\/10\/Thonon-Trieste-FS_etape01-04.jpg 1176w, https:\/\/centcols.org\/wp-content\/uploads\/2025\/10\/Thonon-Trieste-FS_etape01-04-768x513.jpg 768w, https:\/\/centcols.org\/wp-content\/uploads\/2025\/10\/Thonon-Trieste-FS_etape01-04-18x12.jpg 18w\" sizes=\"auto, (max-width: 1176px) 100vw, 1176px\" \/><\/a><figcaption class=\"wp-element-caption\">Ch\u00e2tel vom Pas de Morgins aus<\/figcaption><\/figure>\n\n\n\n<figure class=\"wp-block-image size-large\"><a href=\"https:\/\/centcols.org\/wp-content\/uploads\/2025\/10\/Thonon-Trieste-FS_etape01-06.jpg\"><img loading=\"lazy\" decoding=\"async\" width=\"1176\" height=\"785\" data-id=\"91169\" src=\"https:\/\/centcols.org\/wp-content\/uploads\/2025\/10\/Thonon-Trieste-FS_etape01-06.jpg\" alt=\"\" class=\"wp-image-91169\" srcset=\"https:\/\/centcols.org\/wp-content\/uploads\/2025\/10\/Thonon-Trieste-FS_etape01-06.jpg 1176w, https:\/\/centcols.org\/wp-content\/uploads\/2025\/10\/Thonon-Trieste-FS_etape01-06-768x513.jpg 768w, https:\/\/centcols.org\/wp-content\/uploads\/2025\/10\/Thonon-Trieste-FS_etape01-06-18x12.jpg 18w\" sizes=\"auto, (max-width: 1176px) 100vw, 1176px\" \/><\/a><figcaption class=\"wp-element-caption\">\u00dcberquerung der Rhone in Riddes (Schweiz)<\/figcaption><\/figure>\n\n\n\n<figure class=\"wp-block-image size-large\"><a href=\"https:\/\/centcols.org\/wp-content\/uploads\/2025\/10\/Thonon-Trieste-FS_etape01-07.jpg\"><img loading=\"lazy\" decoding=\"async\" width=\"1176\" height=\"785\" data-id=\"91168\" src=\"https:\/\/centcols.org\/wp-content\/uploads\/2025\/10\/Thonon-Trieste-FS_etape01-07.jpg\" alt=\"\" class=\"wp-image-91168\" srcset=\"https:\/\/centcols.org\/wp-content\/uploads\/2025\/10\/Thonon-Trieste-FS_etape01-07.jpg 1176w, https:\/\/centcols.org\/wp-content\/uploads\/2025\/10\/Thonon-Trieste-FS_etape01-07-768x513.jpg 768w, https:\/\/centcols.org\/wp-content\/uploads\/2025\/10\/Thonon-Trieste-FS_etape01-07-18x12.jpg 18w\" sizes=\"auto, (max-width: 1176px) 100vw, 1176px\" \/><\/a><figcaption class=\"wp-element-caption\">Weinberg von Sion.<\/figcaption><\/figure>\n\n\n\n<figure class=\"wp-block-image size-large\"><a href=\"https:\/\/centcols.org\/wp-content\/uploads\/2025\/10\/Thonon-Trieste-FS_etape01-08.jpg\"><img loading=\"lazy\" decoding=\"async\" width=\"1176\" height=\"785\" data-id=\"91166\" src=\"https:\/\/centcols.org\/wp-content\/uploads\/2025\/10\/Thonon-Trieste-FS_etape01-08.jpg\" alt=\"\" class=\"wp-image-91166\" srcset=\"https:\/\/centcols.org\/wp-content\/uploads\/2025\/10\/Thonon-Trieste-FS_etape01-08.jpg 1176w, https:\/\/centcols.org\/wp-content\/uploads\/2025\/10\/Thonon-Trieste-FS_etape01-08-768x513.jpg 768w, https:\/\/centcols.org\/wp-content\/uploads\/2025\/10\/Thonon-Trieste-FS_etape01-08-18x12.jpg 18w\" sizes=\"auto, (max-width: 1176px) 100vw, 1176px\" \/><\/a><figcaption class=\"wp-element-caption\">Weinberg von Sion<\/figcaption><\/figure>\n<\/figure>\n\n\n\n<p>Nach 169 km, D 1700 und einem Pass kommen wir in Brig an.<br><br>Brig, wo es keine Stra\u00dfen mehr gibt, sondern nur noch stra\u00dfe. Es sind tats\u00e4chlich mehrere Kilometer, die wir vom franz\u00f6sischsprachigen in den deutschsprachigen Teil gerutscht sind.<br>Die gleichen Werbungen, die man in Monthey, Martigny oder Sion auf Franz\u00f6sisch gesehen hat, sind nun auf Deutsch . Ebenso wie die Familiennamen, die Namen von D\u00f6rfern oder Unternehmen. Und die Leute sprechen kein Franz\u00f6sisch mehr ...<\/p>\n\n\n<div class=\"wp-block-image\">\n<figure class=\"aligncenter size-full\"><a href=\"https:\/\/centcols.org\/wp-content\/uploads\/2025\/10\/Thonon-Trieste-FS_etape01-09.jpg\"><img loading=\"lazy\" decoding=\"async\" width=\"1176\" height=\"785\" src=\"https:\/\/centcols.org\/wp-content\/uploads\/2025\/10\/Thonon-Trieste-FS_etape01-09.jpg\" alt=\"\" class=\"wp-image-91170\" srcset=\"https:\/\/centcols.org\/wp-content\/uploads\/2025\/10\/Thonon-Trieste-FS_etape01-09.jpg 1176w, https:\/\/centcols.org\/wp-content\/uploads\/2025\/10\/Thonon-Trieste-FS_etape01-09-768x513.jpg 768w, https:\/\/centcols.org\/wp-content\/uploads\/2025\/10\/Thonon-Trieste-FS_etape01-09-18x12.jpg 18w\" sizes=\"auto, (max-width: 1176px) 100vw, 1176px\" \/><\/a><\/figure>\n<\/div>\n\n\n<p>Morgen beginnen die Anstiege zu den gro\u00dfen P\u00e4ssen.<\/p>\n\n\n\n<div class=\"wp-block-buttons is-content-justification-space-between is-layout-flex wp-container-core-buttons-is-layout-3d213aab wp-block-buttons-is-layout-flex\">\n<div class=\"wp-block-button\"><a class=\"wp-block-button__link has-text-color has-background has-link-color wp-element-button\" href=\"https:\/\/centcols.org\/de\/thonon-trieste-fred-singla-2025\/\" style=\"color:#2a488c;background-color:#88f2fd;text-transform:uppercase\"><strong>Prolog<\/strong><\/a><\/div>\n\n\n\n<div class=\"wp-block-button\"><a class=\"wp-block-button__link has-text-color has-background has-link-color wp-element-button\" href=\"https:\/\/centcols.org\/de\/thonon-trieste-fred-singla-2025\/3\/\" style=\"color:#2a488c;background-color:#88f2fd;text-transform:uppercase\"><strong>N\u00e4chster Schritt<\/strong><\/a><\/div>\n<\/div>\n\n\n\n<!--nextpage-->\n\n\n\n<h2 class=\"wp-block-heading\"><em> Tag 2: von Brig (Schweiz)<\/em> in Verbania (Italien)<\/h2>\n\n\n\n<p>100 km - 1500 m Den+, 1 Pass &gt;2000<\/p>\n\n\n<div class=\"wp-block-image\">\n<figure class=\"aligncenter size-full is-resized\"><a href=\"https:\/\/centcols.org\/wp-content\/uploads\/2025\/10\/Thonon-Trieste-FS_etape02-01.jpg\"><img loading=\"lazy\" decoding=\"async\" width=\"1176\" height=\"785\" src=\"https:\/\/centcols.org\/wp-content\/uploads\/2025\/10\/Thonon-Trieste-FS_etape02-01.jpg\" alt=\"\" class=\"wp-image-91214\" style=\"width:800px\" srcset=\"https:\/\/centcols.org\/wp-content\/uploads\/2025\/10\/Thonon-Trieste-FS_etape02-01.jpg 1176w, https:\/\/centcols.org\/wp-content\/uploads\/2025\/10\/Thonon-Trieste-FS_etape02-01-768x513.jpg 768w, https:\/\/centcols.org\/wp-content\/uploads\/2025\/10\/Thonon-Trieste-FS_etape02-01-18x12.jpg 18w\" sizes=\"auto, (max-width: 1176px) 100vw, 1176px\" \/><\/a><figcaption class=\"wp-element-caption\">Sch\u00f6ne Scheune auf \u00abStelzen\u00bb in Ried-Brig<\/figcaption><\/figure>\n<\/div>\n\n\n<p>Es gibt kein Aufw\u00e4rmen, als wir das Hotel verlassen. Und das aus gutem Grund, denn es befindet sich am Fu\u00dfe des Passes! Es geht sofort zur Sache.<br>Wir beginnen mit 7 km ohne Verkehr auf der alten Stra\u00dfe, die durch Ried f\u00fchrt. Der Anstieg bietet einen sch\u00f6nen Blick auf die Stra\u00dfe, die wir als N\u00e4chstes befahren werden.  Sie steht auf Stelzen und scheint am Berg zu h\u00e4ngen. <\/p>\n\n\n<div class=\"wp-block-image\">\n<figure class=\"aligncenter size-full\"><a href=\"https:\/\/centcols.org\/wp-content\/uploads\/2025\/10\/Thonon-Trieste-FS_etape02-02.jpg\"><img loading=\"lazy\" decoding=\"async\" width=\"1176\" height=\"785\" src=\"https:\/\/centcols.org\/wp-content\/uploads\/2025\/10\/Thonon-Trieste-FS_etape02-02.jpg\" alt=\"\" class=\"wp-image-91215\" srcset=\"https:\/\/centcols.org\/wp-content\/uploads\/2025\/10\/Thonon-Trieste-FS_etape02-02.jpg 1176w, https:\/\/centcols.org\/wp-content\/uploads\/2025\/10\/Thonon-Trieste-FS_etape02-02-768x513.jpg 768w, https:\/\/centcols.org\/wp-content\/uploads\/2025\/10\/Thonon-Trieste-FS_etape02-02-18x12.jpg 18w\" sizes=\"auto, (max-width: 1176px) 100vw, 1176px\" \/><\/a><figcaption class=\"wp-element-caption\">Beim Aufstieg Aussichtspunkt auf Brig, der sich \u00abschnell\u00ab entfernt .<\/figcaption><\/figure>\n<\/div>\n\n\n<p>Bei km 7 treffen wir also wieder auf die Hauptstra\u00dfe. Trotz des Simplontunnels ist der Verkehr stark, aber es ist noch 5 oder 6 km lang in Ordnung. Dann kommen die vielen langen Lawinenverbauungen, wo der Verkehr aufgrund der Uhrzeit zugenommen hat und der L\u00e4rm h\u00f6llisch ist!<br>Und die Stra\u00dfe ist lang, aber wir haben Zeit, h\u00fcbsche Weiler und die umliegenden Gipfel zu genie\u00dfen. .<\/p>\n\n\n\n<figure class=\"wp-block-gallery has-nested-images columns-default is-cropped wp-block-gallery-4 is-layout-flex wp-block-gallery-is-layout-flex\">\n<figure class=\"wp-block-image size-large\"><a href=\"https:\/\/centcols.org\/wp-content\/uploads\/2025\/10\/Thonon-Trieste-FS_etape02-04.jpg\"><img loading=\"lazy\" decoding=\"async\" width=\"1176\" height=\"543\" data-id=\"91218\" src=\"https:\/\/centcols.org\/wp-content\/uploads\/2025\/10\/Thonon-Trieste-FS_etape02-04.jpg\" alt=\"\" class=\"wp-image-91218\" srcset=\"https:\/\/centcols.org\/wp-content\/uploads\/2025\/10\/Thonon-Trieste-FS_etape02-04.jpg 1176w, https:\/\/centcols.org\/wp-content\/uploads\/2025\/10\/Thonon-Trieste-FS_etape02-04-768x355.jpg 768w, https:\/\/centcols.org\/wp-content\/uploads\/2025\/10\/Thonon-Trieste-FS_etape02-04-18x8.jpg 18w\" sizes=\"auto, (max-width: 1176px) 100vw, 1176px\" \/><\/a><\/figure>\n\n\n\n<figure class=\"wp-block-image size-large\"><a href=\"https:\/\/centcols.org\/wp-content\/uploads\/2025\/10\/Thonon-Trieste-FS_etape02-03.jpg\"><img loading=\"lazy\" decoding=\"async\" width=\"1176\" height=\"785\" data-id=\"91217\" src=\"https:\/\/centcols.org\/wp-content\/uploads\/2025\/10\/Thonon-Trieste-FS_etape02-03.jpg\" alt=\"\" class=\"wp-image-91217\" srcset=\"https:\/\/centcols.org\/wp-content\/uploads\/2025\/10\/Thonon-Trieste-FS_etape02-03.jpg 1176w, https:\/\/centcols.org\/wp-content\/uploads\/2025\/10\/Thonon-Trieste-FS_etape02-03-768x513.jpg 768w, https:\/\/centcols.org\/wp-content\/uploads\/2025\/10\/Thonon-Trieste-FS_etape02-03-18x12.jpg 18w\" sizes=\"auto, (max-width: 1176px) 100vw, 1176px\" \/><\/a><\/figure>\n<\/figure>\n\n\n\n<p>Schlie\u00dflich wird der Simplonpass erreicht sowie sein 9 m hoher Adler. Er wurde nach dem Zweiten Weltkrieg errichtet und symbolisiert den Mut der \u00abFreiheitsbrigaden\u00ab.<\/p>\n\n\n\n<figure class=\"wp-block-gallery has-nested-images columns-2 is-cropped wp-block-gallery-5 is-layout-flex wp-block-gallery-is-layout-flex\">\n<figure class=\"wp-block-image size-large\"><a href=\"https:\/\/centcols.org\/wp-content\/uploads\/2025\/10\/Thonon-Trieste-FS_etape02-05.jpg\"><img loading=\"lazy\" decoding=\"async\" width=\"900\" height=\"1121\" data-id=\"91221\" src=\"https:\/\/centcols.org\/wp-content\/uploads\/2025\/10\/Thonon-Trieste-FS_etape02-05.jpg\" alt=\"\" class=\"wp-image-91221\" srcset=\"https:\/\/centcols.org\/wp-content\/uploads\/2025\/10\/Thonon-Trieste-FS_etape02-05.jpg 900w, https:\/\/centcols.org\/wp-content\/uploads\/2025\/10\/Thonon-Trieste-FS_etape02-05-768x957.jpg 768w, https:\/\/centcols.org\/wp-content\/uploads\/2025\/10\/Thonon-Trieste-FS_etape02-05-10x12.jpg 10w\" sizes=\"auto, (max-width: 900px) 100vw, 900px\" \/><\/a><\/figure>\n\n\n\n<figure class=\"wp-block-image size-large\"><a href=\"https:\/\/centcols.org\/wp-content\/uploads\/2025\/10\/Thonon-Trieste-FS_etape02-06.jpg\"><img loading=\"lazy\" decoding=\"async\" width=\"785\" height=\"1121\" data-id=\"91223\" src=\"https:\/\/centcols.org\/wp-content\/uploads\/2025\/10\/Thonon-Trieste-FS_etape02-06.jpg\" alt=\"\" class=\"wp-image-91223\" srcset=\"https:\/\/centcols.org\/wp-content\/uploads\/2025\/10\/Thonon-Trieste-FS_etape02-06.jpg 785w, https:\/\/centcols.org\/wp-content\/uploads\/2025\/10\/Thonon-Trieste-FS_etape02-06-768x1097.jpg 768w, https:\/\/centcols.org\/wp-content\/uploads\/2025\/10\/Thonon-Trieste-FS_etape02-06-8x12.jpg 8w\" sizes=\"auto, (max-width: 785px) 100vw, 785px\" \/><\/a><\/figure>\n\n\n\n<figure class=\"wp-block-image size-large\"><a href=\"https:\/\/centcols.org\/wp-content\/uploads\/2025\/10\/Thonon-Trieste-FS_etape02-07.jpg\"><img loading=\"lazy\" decoding=\"async\" width=\"1176\" height=\"785\" data-id=\"91219\" src=\"https:\/\/centcols.org\/wp-content\/uploads\/2025\/10\/Thonon-Trieste-FS_etape02-07.jpg\" alt=\"\" class=\"wp-image-91219\" srcset=\"https:\/\/centcols.org\/wp-content\/uploads\/2025\/10\/Thonon-Trieste-FS_etape02-07.jpg 1176w, https:\/\/centcols.org\/wp-content\/uploads\/2025\/10\/Thonon-Trieste-FS_etape02-07-768x513.jpg 768w, https:\/\/centcols.org\/wp-content\/uploads\/2025\/10\/Thonon-Trieste-FS_etape02-07-18x12.jpg 18w\" sizes=\"auto, (max-width: 1176px) 100vw, 1176px\" \/><\/a><\/figure>\n\n\n\n<figure class=\"wp-block-image size-large\"><a href=\"https:\/\/centcols.org\/wp-content\/uploads\/2025\/10\/Thonon-Trieste-FS_etape02-08.jpg\"><img loading=\"lazy\" decoding=\"async\" width=\"1130\" height=\"753\" data-id=\"91224\" src=\"https:\/\/centcols.org\/wp-content\/uploads\/2025\/10\/Thonon-Trieste-FS_etape02-08.jpg\" alt=\"\" class=\"wp-image-91224\" srcset=\"https:\/\/centcols.org\/wp-content\/uploads\/2025\/10\/Thonon-Trieste-FS_etape02-08.jpg 1130w, https:\/\/centcols.org\/wp-content\/uploads\/2025\/10\/Thonon-Trieste-FS_etape02-08-768x512.jpg 768w, https:\/\/centcols.org\/wp-content\/uploads\/2025\/10\/Thonon-Trieste-FS_etape02-08-18x12.jpg 18w\" sizes=\"auto, (max-width: 1130px) 100vw, 1130px\" \/><\/a><figcaption class=\"wp-element-caption\">Hospiz auf dem Simplonpass<\/figcaption><\/figure>\n<\/figure>\n\n\n\n<p>Der Abstieg umfasst genauso viele Lawinenverbauungen wie der Aufstieg, wenn nicht sogar mehr, da er l\u00e4nger ist. Immer noch sch\u00f6ne D\u00f6rfer, kurz bevor wir wieder nach Italien fahren.<\/p>\n\n\n<div class=\"wp-block-image\">\n<figure class=\"aligncenter size-full\"><a href=\"https:\/\/centcols.org\/wp-content\/uploads\/2025\/10\/Thonon-Trieste-FS_etape02-09.jpg\"><img loading=\"lazy\" decoding=\"async\" width=\"1176\" height=\"785\" src=\"https:\/\/centcols.org\/wp-content\/uploads\/2025\/10\/Thonon-Trieste-FS_etape02-09.jpg\" alt=\"\" class=\"wp-image-91227\" srcset=\"https:\/\/centcols.org\/wp-content\/uploads\/2025\/10\/Thonon-Trieste-FS_etape02-09.jpg 1176w, https:\/\/centcols.org\/wp-content\/uploads\/2025\/10\/Thonon-Trieste-FS_etape02-09-768x513.jpg 768w, https:\/\/centcols.org\/wp-content\/uploads\/2025\/10\/Thonon-Trieste-FS_etape02-09-18x12.jpg 18w\" sizes=\"auto, (max-width: 1176px) 100vw, 1176px\" \/><\/a><figcaption class=\"wp-element-caption\">Simplon Dorf (Schweiz)<\/figcaption><\/figure>\n<\/div>\n\n\n<p>In Domodossola treffen wir Jean-Marc vor dem sch\u00f6nen Bahnhof. Wir machen eine Mittagspause in einer sympathischen Trattoria. Danach haben wir noch etwa 40 km vor uns, haupts\u00e4chlich auf geraden Strecken und mit einem ziemlich starken und nat\u00fcrlich ung\u00fcnstigen Wind.<br>Nachdem wir den Toce \u00fcberquert haben, laufen wir eine ganze Weile an ihm entlang. All dies f\u00fchrt uns an den Rand des Lago Maggiore, wo sich unser Hotel befindet.<\/p>\n\n\n\n<figure class=\"wp-block-gallery has-nested-images columns-default is-cropped wp-block-gallery-6 is-layout-flex wp-block-gallery-is-layout-flex\">\n<figure class=\"wp-block-image size-large\"><a href=\"https:\/\/centcols.org\/wp-content\/uploads\/2025\/10\/Thonon-Trieste-FS_etape02-10.jpg\"><img loading=\"lazy\" decoding=\"async\" width=\"1176\" height=\"785\" data-id=\"91229\" src=\"https:\/\/centcols.org\/wp-content\/uploads\/2025\/10\/Thonon-Trieste-FS_etape02-10.jpg\" alt=\"\" class=\"wp-image-91229\" srcset=\"https:\/\/centcols.org\/wp-content\/uploads\/2025\/10\/Thonon-Trieste-FS_etape02-10.jpg 1176w, https:\/\/centcols.org\/wp-content\/uploads\/2025\/10\/Thonon-Trieste-FS_etape02-10-768x513.jpg 768w, https:\/\/centcols.org\/wp-content\/uploads\/2025\/10\/Thonon-Trieste-FS_etape02-10-18x12.jpg 18w\" sizes=\"auto, (max-width: 1176px) 100vw, 1176px\" \/><\/a><figcaption class=\"wp-element-caption\">der Toce<\/figcaption><\/figure>\n\n\n\n<figure class=\"wp-block-image size-large\"><a href=\"https:\/\/centcols.org\/wp-content\/uploads\/2025\/10\/Thonon-Trieste-FS_etape02-11.jpg\"><img loading=\"lazy\" decoding=\"async\" width=\"1176\" height=\"785\" data-id=\"91228\" src=\"https:\/\/centcols.org\/wp-content\/uploads\/2025\/10\/Thonon-Trieste-FS_etape02-11.jpg\" alt=\"\" class=\"wp-image-91228\" srcset=\"https:\/\/centcols.org\/wp-content\/uploads\/2025\/10\/Thonon-Trieste-FS_etape02-11.jpg 1176w, https:\/\/centcols.org\/wp-content\/uploads\/2025\/10\/Thonon-Trieste-FS_etape02-11-768x513.jpg 768w, https:\/\/centcols.org\/wp-content\/uploads\/2025\/10\/Thonon-Trieste-FS_etape02-11-18x12.jpg 18w\" sizes=\"auto, (max-width: 1176px) 100vw, 1176px\" \/><\/a><figcaption class=\"wp-element-caption\">Verbania an den Ufern des Lago Maggiore<\/figcaption><\/figure>\n<\/figure>\n\n\n\n<p>Nachdem wir uns eingerichtet haben, machen wir einen kleinen Spaziergang am See entlang.<\/p>\n\n\n\n<figure class=\"wp-block-gallery has-nested-images columns-default is-cropped wp-block-gallery-7 is-layout-flex wp-block-gallery-is-layout-flex\">\n<figure class=\"wp-block-image size-large\"><a href=\"https:\/\/centcols.org\/wp-content\/uploads\/2025\/10\/Thonon-Trieste-FS_etape02-12.jpg\"><img loading=\"lazy\" decoding=\"async\" width=\"1176\" height=\"1049\" data-id=\"91389\" src=\"https:\/\/centcols.org\/wp-content\/uploads\/2025\/10\/Thonon-Trieste-FS_etape02-12.jpg\" alt=\"\" class=\"wp-image-91389\" srcset=\"https:\/\/centcols.org\/wp-content\/uploads\/2025\/10\/Thonon-Trieste-FS_etape02-12.jpg 1176w, https:\/\/centcols.org\/wp-content\/uploads\/2025\/10\/Thonon-Trieste-FS_etape02-12-768x685.jpg 768w, https:\/\/centcols.org\/wp-content\/uploads\/2025\/10\/Thonon-Trieste-FS_etape02-12-13x12.jpg 13w\" sizes=\"auto, (max-width: 1176px) 100vw, 1176px\" \/><\/a><\/figure>\n\n\n\n<figure class=\"wp-block-image size-large\"><a href=\"https:\/\/centcols.org\/wp-content\/uploads\/2025\/10\/Thonon-Trieste-FS_etape02-13.jpg\"><img loading=\"lazy\" decoding=\"async\" width=\"1176\" height=\"785\" data-id=\"91388\" src=\"https:\/\/centcols.org\/wp-content\/uploads\/2025\/10\/Thonon-Trieste-FS_etape02-13.jpg\" alt=\"\" class=\"wp-image-91388\" srcset=\"https:\/\/centcols.org\/wp-content\/uploads\/2025\/10\/Thonon-Trieste-FS_etape02-13.jpg 1176w, https:\/\/centcols.org\/wp-content\/uploads\/2025\/10\/Thonon-Trieste-FS_etape02-13-768x513.jpg 768w, https:\/\/centcols.org\/wp-content\/uploads\/2025\/10\/Thonon-Trieste-FS_etape02-13-18x12.jpg 18w\" sizes=\"auto, (max-width: 1176px) 100vw, 1176px\" \/><\/a><\/figure>\n<\/figure>\n\n\n\n<p>Ein Spaziergang, der uns auf eine Terrasse f\u00fchrt, wo ein gutes Bier nach 100 runden Kilometern, 1500 H\u00f6henmetern und einem sch\u00f6nen Pass auf 2000 Schweizer Franken gut ankommt.<\/p>\n\n\n<div class=\"wp-block-image\">\n<figure class=\"aligncenter size-full is-resized\"><a href=\"https:\/\/centcols.org\/wp-content\/uploads\/2025\/10\/Thonon-Trieste-FS_etape02-14.jpg\"><img loading=\"lazy\" decoding=\"async\" width=\"1176\" height=\"882\" src=\"https:\/\/centcols.org\/wp-content\/uploads\/2025\/10\/Thonon-Trieste-FS_etape02-14.jpg\" alt=\"\" class=\"wp-image-91230\" style=\"width:800px\" srcset=\"https:\/\/centcols.org\/wp-content\/uploads\/2025\/10\/Thonon-Trieste-FS_etape02-14.jpg 1176w, https:\/\/centcols.org\/wp-content\/uploads\/2025\/10\/Thonon-Trieste-FS_etape02-14-768x576.jpg 768w, https:\/\/centcols.org\/wp-content\/uploads\/2025\/10\/Thonon-Trieste-FS_etape02-14-16x12.jpg 16w\" sizes=\"auto, (max-width: 1176px) 100vw, 1176px\" \/><\/a><\/figure>\n<\/div>\n\n\n<p>Die Sonne geht \u00fcber dem Lago Maggiore unter und ich werde auch ins Bett gehen, da uns morgen ein SEHR harter Tag bevorsteht. Vielleicht der h\u00e4rteste der ganzen Reise...<\/p>\n\n\n\n<div class=\"wp-block-buttons is-content-justification-space-between is-layout-flex wp-container-core-buttons-is-layout-3d213aab wp-block-buttons-is-layout-flex\">\n<div class=\"wp-block-button\"><a class=\"wp-block-button__link has-text-color has-background has-link-color wp-element-button\" href=\"https:\/\/centcols.org\/de\/thonon-trieste-fred-singla-2025\/2\/\" style=\"color:#2a488c;background-color:#88f2fd;text-transform:uppercase\"><strong>Vorheriger Schritt<\/strong><\/a><\/div>\n\n\n\n<div class=\"wp-block-button\"><a class=\"wp-block-button__link has-text-color has-background has-link-color wp-element-button\" href=\"https:\/\/centcols.org\/de\/thonon-trieste-fred-singla-2025\/4\/\" style=\"color:#2a488c;background-color:#88f2fd;text-transform:uppercase\"><strong>N\u00e4chster Schritt<\/strong><\/a><\/div>\n<\/div>\n\n\n\n<!--nextpage-->\n\n\n\n<h2 class=\"wp-block-heading\"><em> Tag 3: von <\/em>Verbania in Campodolcino<\/h2>\n\n\n\n<p>167 km - 3000 m H\u00f6henunterschied, 3 P\u00e4sse<\/p>\n\n\n<div class=\"wp-block-image\">\n<figure class=\"aligncenter size-full is-resized\"><a href=\"https:\/\/centcols.org\/wp-content\/uploads\/2025\/10\/Thonon-Trieste-FS_etape02-16.jpg\"><img loading=\"lazy\" decoding=\"async\" width=\"1176\" height=\"785\" src=\"https:\/\/centcols.org\/wp-content\/uploads\/2025\/10\/Thonon-Trieste-FS_etape02-16.jpg\" alt=\"\" class=\"wp-image-91231\" style=\"width:800px\" srcset=\"https:\/\/centcols.org\/wp-content\/uploads\/2025\/10\/Thonon-Trieste-FS_etape02-16.jpg 1176w, https:\/\/centcols.org\/wp-content\/uploads\/2025\/10\/Thonon-Trieste-FS_etape02-16-768x513.jpg 768w, https:\/\/centcols.org\/wp-content\/uploads\/2025\/10\/Thonon-Trieste-FS_etape02-16-18x12.jpg 18w\" sizes=\"auto, (max-width: 1176px) 100vw, 1176px\" \/><\/a><figcaption class=\"wp-element-caption\">Sonnenaufgang \u00fcber dem Lago Maggiore<\/figcaption><\/figure>\n<\/div>\n\n\n<p>Das Fr\u00fchst\u00fcck wird f\u00fcr uns, die wir angesichts des bevorstehenden anstrengenden Tages fr\u00fch aufbrechen wollen, zu sp\u00e4t serviert.<br>Bruno und ich \u00abbrechen also den Samen\u00bb (Wurst, K\u00e4se und Obst) auf dem Parkplatz des Hotels. So k\u00f6nnen wir einen herrlichen Sonnenaufgang \u00fcber dem Lago Maggiore genie\u00dfen.<\/p>\n\n\n<div class=\"wp-block-image\">\n<figure class=\"aligncenter size-full is-resized\"><a href=\"https:\/\/centcols.org\/wp-content\/uploads\/2025\/10\/Thonon-Trieste-FS_etape03.jpg\"><img loading=\"lazy\" decoding=\"async\" width=\"1307\" height=\"1177\" src=\"https:\/\/centcols.org\/wp-content\/uploads\/2025\/10\/Thonon-Trieste-FS_etape03.jpg\" alt=\"\" class=\"wp-image-91390\" style=\"width:800px\" srcset=\"https:\/\/centcols.org\/wp-content\/uploads\/2025\/10\/Thonon-Trieste-FS_etape03.jpg 1307w, https:\/\/centcols.org\/wp-content\/uploads\/2025\/10\/Thonon-Trieste-FS_etape03-1200x1081.jpg 1200w, https:\/\/centcols.org\/wp-content\/uploads\/2025\/10\/Thonon-Trieste-FS_etape03-768x692.jpg 768w, https:\/\/centcols.org\/wp-content\/uploads\/2025\/10\/Thonon-Trieste-FS_etape03-13x12.jpg 13w\" sizes=\"auto, (max-width: 1307px) 100vw, 1307px\" \/><\/a><\/figure>\n<\/div>\n\n\n<p>Wir starten um 06:45 Uhr und sind schon bald in Sichtweite des h\u00fcbschen Dorfes Cannobio. Wir fahren 50 km am See entlang. Die Stra\u00dfe ist schmal und trotz der Uhrzeit herrscht reger Verkehr.<br>Die ersten 35 km befinden wir uns auf der italienischen Seite mit wundersch\u00f6nen Villen aus den 20er Jahren. Die letzten 15 km sind in der Schweiz mit ebenfalls hochwertigen, aber neueren H\u00e4usern. Einige haben sogar einen riesigen Au\u00dfenaufzug ...<\/p>\n\n\n<div class=\"wp-block-image\">\n<figure class=\"aligncenter size-full is-resized\"><a href=\"https:\/\/centcols.org\/wp-content\/uploads\/2025\/10\/Thonon-Trieste-FS_etape03-01.jpg\"><img loading=\"lazy\" decoding=\"async\" width=\"1200\" height=\"802\" src=\"https:\/\/centcols.org\/wp-content\/uploads\/2025\/10\/Thonon-Trieste-FS_etape03-01.jpg\" alt=\"\" class=\"wp-image-91243\" style=\"width:800px\" srcset=\"https:\/\/centcols.org\/wp-content\/uploads\/2025\/10\/Thonon-Trieste-FS_etape03-01.jpg 1200w, https:\/\/centcols.org\/wp-content\/uploads\/2025\/10\/Thonon-Trieste-FS_etape03-01-768x513.jpg 768w, https:\/\/centcols.org\/wp-content\/uploads\/2025\/10\/Thonon-Trieste-FS_etape03-01-18x12.jpg 18w\" sizes=\"auto, (max-width: 1200px) 100vw, 1200px\" \/><\/a><figcaption class=\"wp-element-caption\">Cannobio<\/figcaption><\/figure>\n<\/div>\n\n\n<p>Nach 80 flachen Kilometern befinden wir uns im Herzen der Berge. Die ersten Serpentinen des Passo di san Bernardino tauchen auf.<\/p>\n\n\n\n<figure class=\"wp-block-gallery has-nested-images columns-default is-cropped wp-block-gallery-8 is-layout-flex wp-block-gallery-is-layout-flex\">\n<figure class=\"wp-block-image size-large\"><a href=\"https:\/\/centcols.org\/wp-content\/uploads\/2025\/10\/Thonon-Trieste-FS_etape03-02.jpg\"><img loading=\"lazy\" decoding=\"async\" width=\"1200\" height=\"1138\" data-id=\"91248\" src=\"https:\/\/centcols.org\/wp-content\/uploads\/2025\/10\/Thonon-Trieste-FS_etape03-02.jpg\" alt=\"\" class=\"wp-image-91248\" srcset=\"https:\/\/centcols.org\/wp-content\/uploads\/2025\/10\/Thonon-Trieste-FS_etape03-02.jpg 1200w, https:\/\/centcols.org\/wp-content\/uploads\/2025\/10\/Thonon-Trieste-FS_etape03-02-768x728.jpg 768w, https:\/\/centcols.org\/wp-content\/uploads\/2025\/10\/Thonon-Trieste-FS_etape03-02-13x12.jpg 13w\" sizes=\"auto, (max-width: 1200px) 100vw, 1200px\" \/><\/a><figcaption class=\"wp-element-caption\">Fu\u00df des Passo di San Bernardino.<br>Ich wusste, dass Schweizer Reservisten ihre Waffen zu Hause aufbewahren, aber ein Kampfflugzeug ????...<\/figcaption><\/figure>\n\n\n\n<figure class=\"wp-block-image size-large\"><a href=\"https:\/\/centcols.org\/wp-content\/uploads\/2025\/10\/Thonon-Trieste-FS_etape03-03.jpg\"><img loading=\"lazy\" decoding=\"async\" width=\"1200\" height=\"1172\" data-id=\"91245\" src=\"https:\/\/centcols.org\/wp-content\/uploads\/2025\/10\/Thonon-Trieste-FS_etape03-03.jpg\" alt=\"\" class=\"wp-image-91245\" srcset=\"https:\/\/centcols.org\/wp-content\/uploads\/2025\/10\/Thonon-Trieste-FS_etape03-03.jpg 1200w, https:\/\/centcols.org\/wp-content\/uploads\/2025\/10\/Thonon-Trieste-FS_etape03-03-768x750.jpg 768w, https:\/\/centcols.org\/wp-content\/uploads\/2025\/10\/Thonon-Trieste-FS_etape03-03-12x12.jpg 12w\" sizes=\"auto, (max-width: 1200px) 100vw, 1200px\" \/><\/a><figcaption class=\"wp-element-caption\">Keine Zeit, um am \u00abCaff\u00e9\u00bb anzuhalten ...<\/figcaption><\/figure>\n\n\n\n<figure class=\"wp-block-image size-large\"><a href=\"https:\/\/centcols.org\/wp-content\/uploads\/2025\/10\/Thonon-Trieste-FS_etape03-04.jpg\"><img loading=\"lazy\" decoding=\"async\" width=\"1200\" height=\"802\" data-id=\"91246\" src=\"https:\/\/centcols.org\/wp-content\/uploads\/2025\/10\/Thonon-Trieste-FS_etape03-04.jpg\" alt=\"\" class=\"wp-image-91246\" srcset=\"https:\/\/centcols.org\/wp-content\/uploads\/2025\/10\/Thonon-Trieste-FS_etape03-04.jpg 1200w, https:\/\/centcols.org\/wp-content\/uploads\/2025\/10\/Thonon-Trieste-FS_etape03-04-768x513.jpg 768w, https:\/\/centcols.org\/wp-content\/uploads\/2025\/10\/Thonon-Trieste-FS_etape03-04-18x12.jpg 18w\" sizes=\"auto, (max-width: 1200px) 100vw, 1200px\" \/><\/a><figcaption class=\"wp-element-caption\">Erste Serpentinen des San Bernardino<\/figcaption><\/figure>\n\n\n\n<figure class=\"wp-block-image size-large\"><a href=\"https:\/\/centcols.org\/wp-content\/uploads\/2025\/10\/Thonon-Trieste-FS_etape03-05.jpg\"><img loading=\"lazy\" decoding=\"async\" width=\"1200\" height=\"802\" data-id=\"91247\" src=\"https:\/\/centcols.org\/wp-content\/uploads\/2025\/10\/Thonon-Trieste-FS_etape03-05.jpg\" alt=\"\" class=\"wp-image-91247\" srcset=\"https:\/\/centcols.org\/wp-content\/uploads\/2025\/10\/Thonon-Trieste-FS_etape03-05.jpg 1200w, https:\/\/centcols.org\/wp-content\/uploads\/2025\/10\/Thonon-Trieste-FS_etape03-05-768x513.jpg 768w, https:\/\/centcols.org\/wp-content\/uploads\/2025\/10\/Thonon-Trieste-FS_etape03-05-18x12.jpg 18w\" sizes=\"auto, (max-width: 1200px) 100vw, 1200px\" \/><\/a><figcaption class=\"wp-element-caption\">Wenn man den San Berdardino hinaufgeht, schnell zur\u00fcck nach Forcola (CH-1598)<\/figcaption><\/figure>\n<\/figure>\n\n\n\n<p><br>20 km sp\u00e4ter erreichten wir \u00abnur\u00bb das Dorf San Bernardino, in dem eine sch\u00f6ne Basilika thront.<\/p>\n\n\n<div class=\"wp-block-image\">\n<figure class=\"aligncenter size-full is-resized\"><a href=\"https:\/\/centcols.org\/wp-content\/uploads\/2025\/10\/Thonon-Trieste-FS_etape03-06.jpg\"><img loading=\"lazy\" decoding=\"async\" width=\"506\" height=\"600\" src=\"https:\/\/centcols.org\/wp-content\/uploads\/2025\/10\/Thonon-Trieste-FS_etape03-06.jpg\" alt=\"\" class=\"wp-image-91249\" style=\"width:auto;height:600px\" srcset=\"https:\/\/centcols.org\/wp-content\/uploads\/2025\/10\/Thonon-Trieste-FS_etape03-06.jpg 506w, https:\/\/centcols.org\/wp-content\/uploads\/2025\/10\/Thonon-Trieste-FS_etape03-06-10x12.jpg 10w\" sizes=\"auto, (max-width: 506px) 100vw, 506px\" \/><\/a><figcaption class=\"wp-element-caption\">In San Bernardino, Chiesa Rotonda (1867 \/ 1897).<\/figcaption><\/figure>\n<\/div>\n\n\n<p>Die letzten Serpentinen sind lang, mehr als 10 km zus\u00e4tzlich, und gef\u00fcrchtet. Der Passo di San Bernardino ist ein gro\u00dfer Brocken: mehr als 30 km und mehr als 1500 m H\u00f6henunterschied. Ein Felsriegel \u00fcberragt den Moesola-See auf dem Pass, wo sich unser kleines Team versammelt.<\/p>\n\n\n\n<figure class=\"wp-block-gallery has-nested-images columns-3 is-cropped wp-block-gallery-9 is-layout-flex wp-block-gallery-is-layout-flex\">\n<figure class=\"wp-block-image size-large\"><a href=\"https:\/\/centcols.org\/wp-content\/uploads\/2025\/10\/Thonon-Trieste-FS_etape03-07.jpg\"><img loading=\"lazy\" decoding=\"async\" width=\"1200\" height=\"802\" data-id=\"91250\" src=\"https:\/\/centcols.org\/wp-content\/uploads\/2025\/10\/Thonon-Trieste-FS_etape03-07.jpg\" alt=\"\" class=\"wp-image-91250\" srcset=\"https:\/\/centcols.org\/wp-content\/uploads\/2025\/10\/Thonon-Trieste-FS_etape03-07.jpg 1200w, https:\/\/centcols.org\/wp-content\/uploads\/2025\/10\/Thonon-Trieste-FS_etape03-07-768x513.jpg 768w, https:\/\/centcols.org\/wp-content\/uploads\/2025\/10\/Thonon-Trieste-FS_etape03-07-18x12.jpg 18w\" sizes=\"auto, (max-width: 1200px) 100vw, 1200px\" \/><\/a><figcaption class=\"wp-element-caption\">Die letzten Serpentinen des Passo di San Bernardino<\/figcaption><\/figure>\n\n\n\n<figure class=\"wp-block-image size-large\"><a href=\"https:\/\/centcols.org\/wp-content\/uploads\/2025\/10\/Thonon-Trieste-FS_etape03-08.jpg\"><img loading=\"lazy\" decoding=\"async\" width=\"1200\" height=\"643\" data-id=\"91253\" src=\"https:\/\/centcols.org\/wp-content\/uploads\/2025\/10\/Thonon-Trieste-FS_etape03-08.jpg\" alt=\"\" class=\"wp-image-91253\" srcset=\"https:\/\/centcols.org\/wp-content\/uploads\/2025\/10\/Thonon-Trieste-FS_etape03-08.jpg 1200w, https:\/\/centcols.org\/wp-content\/uploads\/2025\/10\/Thonon-Trieste-FS_etape03-08-768x412.jpg 768w, https:\/\/centcols.org\/wp-content\/uploads\/2025\/10\/Thonon-Trieste-FS_etape03-08-18x10.jpg 18w\" sizes=\"auto, (max-width: 1200px) 100vw, 1200px\" \/><\/a><figcaption class=\"wp-element-caption\">In der N\u00e4he des Gipfels<\/figcaption><\/figure>\n\n\n\n<figure class=\"wp-block-image size-large\"><a href=\"https:\/\/centcols.org\/wp-content\/uploads\/2025\/10\/Thonon-Trieste-FS_etape03-09.jpg\"><img loading=\"lazy\" decoding=\"async\" width=\"1200\" height=\"802\" data-id=\"91252\" src=\"https:\/\/centcols.org\/wp-content\/uploads\/2025\/10\/Thonon-Trieste-FS_etape03-09.jpg\" alt=\"\" class=\"wp-image-91252\" srcset=\"https:\/\/centcols.org\/wp-content\/uploads\/2025\/10\/Thonon-Trieste-FS_etape03-09.jpg 1200w, https:\/\/centcols.org\/wp-content\/uploads\/2025\/10\/Thonon-Trieste-FS_etape03-09-768x513.jpg 768w, https:\/\/centcols.org\/wp-content\/uploads\/2025\/10\/Thonon-Trieste-FS_etape03-09-18x12.jpg 18w\" sizes=\"auto, (max-width: 1200px) 100vw, 1200px\" \/><\/a><figcaption class=\"wp-element-caption\">Moesola-See<\/figcaption><\/figure>\n<\/figure>\n\n\n\n<figure class=\"wp-block-gallery aligncenter has-nested-images columns-3 is-cropped wp-block-gallery-10 is-layout-flex wp-block-gallery-is-layout-flex\">\n<figure class=\"wp-block-image size-full\"><a href=\"https:\/\/centcols.org\/wp-content\/uploads\/2025\/10\/Thonon-Trieste-FS_etape03-10a.jpg\"><img loading=\"lazy\" decoding=\"async\" width=\"1008\" height=\"1246\" data-id=\"91392\" src=\"https:\/\/centcols.org\/wp-content\/uploads\/2025\/10\/Thonon-Trieste-FS_etape03-10a.jpg\" alt=\"\" class=\"wp-image-91392\" srcset=\"https:\/\/centcols.org\/wp-content\/uploads\/2025\/10\/Thonon-Trieste-FS_etape03-10a.jpg 1008w, https:\/\/centcols.org\/wp-content\/uploads\/2025\/10\/Thonon-Trieste-FS_etape03-10a-971x1200.jpg 971w, https:\/\/centcols.org\/wp-content\/uploads\/2025\/10\/Thonon-Trieste-FS_etape03-10a-768x949.jpg 768w, https:\/\/centcols.org\/wp-content\/uploads\/2025\/10\/Thonon-Trieste-FS_etape03-10a-10x12.jpg 10w\" sizes=\"auto, (max-width: 1008px) 100vw, 1008px\" \/><\/a><\/figure>\n\n\n\n<figure class=\"wp-block-image size-full\"><a href=\"https:\/\/centcols.org\/wp-content\/uploads\/2025\/10\/Thonon-Trieste-FS_etape03-10.jpg\"><img loading=\"lazy\" decoding=\"async\" width=\"674\" height=\"800\" data-id=\"91251\" src=\"https:\/\/centcols.org\/wp-content\/uploads\/2025\/10\/Thonon-Trieste-FS_etape03-10.jpg\" alt=\"\" class=\"wp-image-91251\" srcset=\"https:\/\/centcols.org\/wp-content\/uploads\/2025\/10\/Thonon-Trieste-FS_etape03-10.jpg 674w, https:\/\/centcols.org\/wp-content\/uploads\/2025\/10\/Thonon-Trieste-FS_etape03-10-10x12.jpg 10w\" sizes=\"auto, (max-width: 674px) 100vw, 674px\" \/><\/a><\/figure>\n<\/figure>\n\n\n\n<p>Die lange Abfahrt beginnt mit einer Reihe von Serpentinen und wir st\u00fcrzen uns auf Spl\u00fcgen, das fast 1000 m tiefer liegt. Jean Marc hatte keinen Spa\u00df mit dem Partner.<br>Der Spl\u00fcgenpass ist wundersch\u00f6n zu besteigen, aber von sehr hohem Schwierigkeitsgrad. Ein \u00abkleines\u00bb Stilfser Joch? Das werden wir \u00fcbermorgen sehen ...<\/p>\n\n\n<div class=\"wp-block-image\">\n<figure class=\"aligncenter size-large is-resized\"><a href=\"https:\/\/centcols.org\/wp-content\/uploads\/2025\/10\/Thonon-Trieste-FS_etape03-13.jpg\"><img loading=\"lazy\" decoding=\"async\" width=\"1200\" height=\"802\" src=\"https:\/\/centcols.org\/wp-content\/uploads\/2025\/10\/Thonon-Trieste-FS_etape03-13.jpg\" alt=\"\" class=\"wp-image-91255\" style=\"width:800px\" srcset=\"https:\/\/centcols.org\/wp-content\/uploads\/2025\/10\/Thonon-Trieste-FS_etape03-13.jpg 1200w, https:\/\/centcols.org\/wp-content\/uploads\/2025\/10\/Thonon-Trieste-FS_etape03-13-768x513.jpg 768w, https:\/\/centcols.org\/wp-content\/uploads\/2025\/10\/Thonon-Trieste-FS_etape03-13-18x12.jpg 18w\" sizes=\"auto, (max-width: 1200px) 100vw, 1200px\" \/><\/a><figcaption class=\"wp-element-caption\">Schn\u00fcrsenkel des Sl\u00fcgenpasses oder Passo dello Spluga<\/figcaption><\/figure>\n<\/div>\n\n\n<figure class=\"wp-block-gallery has-nested-images columns-default is-cropped wp-block-gallery-11 is-layout-flex wp-block-gallery-is-layout-flex\">\n<figure class=\"wp-block-image size-large\"><a href=\"https:\/\/centcols.org\/wp-content\/uploads\/2025\/10\/Thonon-Trieste-FS_etape03-11.jpg\"><img loading=\"lazy\" decoding=\"async\" width=\"1200\" height=\"802\" data-id=\"91256\" src=\"https:\/\/centcols.org\/wp-content\/uploads\/2025\/10\/Thonon-Trieste-FS_etape03-11.jpg\" alt=\"\" class=\"wp-image-91256\" srcset=\"https:\/\/centcols.org\/wp-content\/uploads\/2025\/10\/Thonon-Trieste-FS_etape03-11.jpg 1200w, https:\/\/centcols.org\/wp-content\/uploads\/2025\/10\/Thonon-Trieste-FS_etape03-11-768x513.jpg 768w, https:\/\/centcols.org\/wp-content\/uploads\/2025\/10\/Thonon-Trieste-FS_etape03-11-18x12.jpg 18w\" sizes=\"auto, (max-width: 1200px) 100vw, 1200px\" \/><\/a><figcaption class=\"wp-element-caption\">Abstieg vom San Bernardino<\/figcaption><\/figure>\n\n\n\n<figure class=\"wp-block-image size-large\"><a href=\"https:\/\/centcols.org\/wp-content\/uploads\/2025\/10\/Thonon-Trieste-FS_etape03-12.jpg\"><img loading=\"lazy\" decoding=\"async\" width=\"1200\" height=\"802\" data-id=\"91254\" src=\"https:\/\/centcols.org\/wp-content\/uploads\/2025\/10\/Thonon-Trieste-FS_etape03-12.jpg\" alt=\"\" class=\"wp-image-91254\" srcset=\"https:\/\/centcols.org\/wp-content\/uploads\/2025\/10\/Thonon-Trieste-FS_etape03-12.jpg 1200w, https:\/\/centcols.org\/wp-content\/uploads\/2025\/10\/Thonon-Trieste-FS_etape03-12-768x513.jpg 768w, https:\/\/centcols.org\/wp-content\/uploads\/2025\/10\/Thonon-Trieste-FS_etape03-12-18x12.jpg 18w\" sizes=\"auto, (max-width: 1200px) 100vw, 1200px\" \/><\/a><figcaption class=\"wp-element-caption\">Spl\u00fcgen<\/figcaption><\/figure>\n<\/figure>\n\n\n\n<p><br>Danach geht es hinunter nach Spluga in Italien, dem Grenzpass. Nicht ohne den \u00abStapel\u00bb von mindestens 10 Tunneln und 33 Kurven zu durchfahren, die schwierig zu bew\u00e4ltigen sind, da hier keine zwei Autos aneinander vorbeifahren k\u00f6nnen!<\/p>\n\n\n<div class=\"wp-block-image\">\n<figure class=\"aligncenter size-full is-resized\"><a href=\"https:\/\/centcols.org\/wp-content\/uploads\/2025\/10\/Thonon-Trieste-FS_etape03-15.jpg\"><img loading=\"lazy\" decoding=\"async\" width=\"1200\" height=\"802\" src=\"https:\/\/centcols.org\/wp-content\/uploads\/2025\/10\/Thonon-Trieste-FS_etape03-15.jpg\" alt=\"\" class=\"wp-image-91257\" style=\"width:800px\" srcset=\"https:\/\/centcols.org\/wp-content\/uploads\/2025\/10\/Thonon-Trieste-FS_etape03-15.jpg 1200w, https:\/\/centcols.org\/wp-content\/uploads\/2025\/10\/Thonon-Trieste-FS_etape03-15-768x513.jpg 768w, https:\/\/centcols.org\/wp-content\/uploads\/2025\/10\/Thonon-Trieste-FS_etape03-15-18x12.jpg 18w\" sizes=\"auto, (max-width: 1200px) 100vw, 1200px\" \/><\/a><figcaption class=\"wp-element-caption\">Wundersch\u00f6ne Stra\u00dfe mit diesen Spiraltunneln<\/figcaption><\/figure>\n<\/div>\n\n\n<p>Ankunft in Campodolcino, wo wir mit einem Fruchtsaft empfangen werden. Netter Empfang und wohlverdient bei 167 km, \u00fcber 3000 m H\u00f6henunterschied und zwei gro\u00dfen Schweizer P\u00e4ssen (plus einem \u00abkleinen\u00bb, der nebenbei gejagt wurde).<br>Ein SEHR gro\u00dfer Ausflug!!!<\/p>\n\n\n\n<div class=\"wp-block-buttons is-content-justification-space-between is-layout-flex wp-container-core-buttons-is-layout-3d213aab wp-block-buttons-is-layout-flex\">\n<div class=\"wp-block-button\"><a class=\"wp-block-button__link has-text-color has-background has-link-color wp-element-button\" href=\"https:\/\/centcols.org\/de\/thonon-trieste-fred-singla-2025\/3\/\" style=\"color:#2a488c;background-color:#88f2fd;text-transform:uppercase\"><strong>Vorheriger Schritt<\/strong><\/a><\/div>\n\n\n\n<div class=\"wp-block-button\"><a class=\"wp-block-button__link has-text-color has-background has-link-color wp-element-button\" href=\"https:\/\/centcols.org\/de\/thonon-trieste-fred-singla-2025\/5\/\" style=\"color:#2a488c;background-color:#88f2fd;text-transform:uppercase\"><strong>N\u00e4chster Schritt<\/strong><\/a><\/div>\n<\/div>\n\n\n\n<!--nextpage-->\n\n\n\n<h2 class=\"wp-block-heading\"><em> Tag 4: d<\/em>e Campodolcino in Livigno<\/h2>\n\n\n\n<p>106 km - 2455 m H\u00f6he+, 3 P\u00e4sse, davon 2 &gt; 2000<\/p>\n\n\n\n<p>Es regnet heute Morgen, als wir fr\u00fchst\u00fccken. Aber der Regen hat aufgeh\u00f6rt und bleibt den ganzen Tag \u00fcber aus.<br>Auf nasser Stra\u00dfe wird die 10 km lange Abfahrt vorsichtig angegangen.<\/p>\n\n\n<div class=\"wp-block-image\">\n<figure class=\"aligncenter size-large is-resized\"><a href=\"https:\/\/centcols.org\/wp-content\/uploads\/2025\/10\/Thonon-Trieste-FS_etape04-01.jpg\"><img loading=\"lazy\" decoding=\"async\" width=\"1307\" height=\"873\" src=\"https:\/\/centcols.org\/wp-content\/uploads\/2025\/10\/Thonon-Trieste-FS_etape04-01.jpg\" alt=\"\" class=\"wp-image-91396\" style=\"width:800px\" srcset=\"https:\/\/centcols.org\/wp-content\/uploads\/2025\/10\/Thonon-Trieste-FS_etape04-01.jpg 1307w, https:\/\/centcols.org\/wp-content\/uploads\/2025\/10\/Thonon-Trieste-FS_etape04-01-1200x802.jpg 1200w, https:\/\/centcols.org\/wp-content\/uploads\/2025\/10\/Thonon-Trieste-FS_etape04-01-768x513.jpg 768w, https:\/\/centcols.org\/wp-content\/uploads\/2025\/10\/Thonon-Trieste-FS_etape04-01-18x12.jpg 18w\" sizes=\"auto, (max-width: 1307px) 100vw, 1307px\" \/><\/a><figcaption class=\"wp-element-caption\">Nach einem sch\u00f6nen Abstieg von Campodolcino aus erreichen wir Borgonuovo und die Cascate dell'Acquafraggia.<\/figcaption><\/figure>\n<\/div>\n\n\n<p>800 m negativer H\u00f6henunterschied sp\u00e4ter sind wir in Chiavenna. Dort gibt es einen Automaten, an dem wir Milch, Joghurt und K\u00e4se kaufen k\u00f6nnen. Aber wir brauchen das nicht, da wir im Hotel ein tolles Fr\u00fchst\u00fcck hatten...<\/p>\n\n\n<div class=\"wp-block-image\">\n<figure class=\"aligncenter size-full is-resized\"><a href=\"https:\/\/centcols.org\/wp-content\/uploads\/2025\/10\/Thonon-Trieste-FS_etape04-02.jpg\"><img loading=\"lazy\" decoding=\"async\" width=\"1307\" height=\"873\" src=\"https:\/\/centcols.org\/wp-content\/uploads\/2025\/10\/Thonon-Trieste-FS_etape04-02.jpg\" alt=\"\" class=\"wp-image-91261\" style=\"width:800px\" srcset=\"https:\/\/centcols.org\/wp-content\/uploads\/2025\/10\/Thonon-Trieste-FS_etape04-02.jpg 1307w, https:\/\/centcols.org\/wp-content\/uploads\/2025\/10\/Thonon-Trieste-FS_etape04-02-1200x802.jpg 1200w, https:\/\/centcols.org\/wp-content\/uploads\/2025\/10\/Thonon-Trieste-FS_etape04-02-768x513.jpg 768w, https:\/\/centcols.org\/wp-content\/uploads\/2025\/10\/Thonon-Trieste-FS_etape04-02-18x12.jpg 18w\" sizes=\"auto, (max-width: 1307px) 100vw, 1307px\" \/><\/a><figcaption class=\"wp-element-caption\">La Mera in Promontogno, wir sind wieder in der Schweiz<\/figcaption><\/figure>\n<\/div>\n\n\n<p>Sehr schnell verlassen wir Italien und fahren wieder durch die Schweiz. Hier begegnen wir einigen K\u00fchen. Was w\u00e4re die Schweiz ohne ihre K\u00fche? Und doch haben wir letztendlich nur wenige gesehen. Eigentlich gibt es hier viel mehr verr\u00fcckte Motorradfahrer.<\/p>\n\n\n\n<figure class=\"wp-block-gallery has-nested-images columns-default is-cropped wp-block-gallery-12 is-layout-flex wp-block-gallery-is-layout-flex\">\n<figure class=\"wp-block-image size-large\"><a href=\"https:\/\/centcols.org\/wp-content\/uploads\/2025\/10\/Thonon-Trieste-FS_etape04-03.jpg\"><img loading=\"lazy\" decoding=\"async\" width=\"1307\" height=\"873\" data-id=\"91265\" src=\"https:\/\/centcols.org\/wp-content\/uploads\/2025\/10\/Thonon-Trieste-FS_etape04-03.jpg\" alt=\"\" class=\"wp-image-91265\" srcset=\"https:\/\/centcols.org\/wp-content\/uploads\/2025\/10\/Thonon-Trieste-FS_etape04-03.jpg 1307w, https:\/\/centcols.org\/wp-content\/uploads\/2025\/10\/Thonon-Trieste-FS_etape04-03-1200x802.jpg 1200w, https:\/\/centcols.org\/wp-content\/uploads\/2025\/10\/Thonon-Trieste-FS_etape04-03-768x513.jpg 768w, https:\/\/centcols.org\/wp-content\/uploads\/2025\/10\/Thonon-Trieste-FS_etape04-03-18x12.jpg 18w\" sizes=\"auto, (max-width: 1307px) 100vw, 1307px\" \/><\/a><\/figure>\n\n\n\n<figure class=\"wp-block-image size-large\"><a href=\"https:\/\/centcols.org\/wp-content\/uploads\/2025\/10\/Thonon-Trieste-FS_etape04-05.jpg\"><img loading=\"lazy\" decoding=\"async\" width=\"1307\" height=\"873\" data-id=\"91263\" src=\"https:\/\/centcols.org\/wp-content\/uploads\/2025\/10\/Thonon-Trieste-FS_etape04-05.jpg\" alt=\"\" class=\"wp-image-91263\" srcset=\"https:\/\/centcols.org\/wp-content\/uploads\/2025\/10\/Thonon-Trieste-FS_etape04-05.jpg 1307w, https:\/\/centcols.org\/wp-content\/uploads\/2025\/10\/Thonon-Trieste-FS_etape04-05-1200x802.jpg 1200w, https:\/\/centcols.org\/wp-content\/uploads\/2025\/10\/Thonon-Trieste-FS_etape04-05-768x513.jpg 768w, https:\/\/centcols.org\/wp-content\/uploads\/2025\/10\/Thonon-Trieste-FS_etape04-05-18x12.jpg 18w\" sizes=\"auto, (max-width: 1307px) 100vw, 1307px\" \/><\/a><\/figure>\n<\/figure>\n\n\n\n<p>Wir nehmen schnell den wundersch\u00f6nen Passo de Maloja in Angriff, den ich von vornherein in meine Top 10 aufnehme. Wie sch\u00f6n er ist!<\/p>\n\n\n\n<figure class=\"wp-block-gallery has-nested-images columns-4 is-cropped wp-block-gallery-13 is-layout-flex wp-block-gallery-is-layout-flex\">\n<figure class=\"wp-block-image size-large\"><a href=\"https:\/\/centcols.org\/wp-content\/uploads\/2025\/10\/Thonon-Trieste-FS_etape04-04.jpg\"><img loading=\"lazy\" decoding=\"async\" width=\"1307\" height=\"873\" data-id=\"91262\" src=\"https:\/\/centcols.org\/wp-content\/uploads\/2025\/10\/Thonon-Trieste-FS_etape04-04.jpg\" alt=\"\" class=\"wp-image-91262\" srcset=\"https:\/\/centcols.org\/wp-content\/uploads\/2025\/10\/Thonon-Trieste-FS_etape04-04.jpg 1307w, https:\/\/centcols.org\/wp-content\/uploads\/2025\/10\/Thonon-Trieste-FS_etape04-04-1200x802.jpg 1200w, https:\/\/centcols.org\/wp-content\/uploads\/2025\/10\/Thonon-Trieste-FS_etape04-04-768x513.jpg 768w, https:\/\/centcols.org\/wp-content\/uploads\/2025\/10\/Thonon-Trieste-FS_etape04-04-18x12.jpg 18w\" sizes=\"auto, (max-width: 1307px) 100vw, 1307px\" \/><\/a><figcaption class=\"wp-element-caption\">Wenn Sie den Passo del Majola hinaufgehen<\/figcaption><\/figure>\n\n\n\n<figure class=\"wp-block-image size-large\"><a href=\"https:\/\/centcols.org\/wp-content\/uploads\/2025\/10\/Thonon-Trieste-FS_etape04-08.jpg\"><img loading=\"lazy\" decoding=\"async\" width=\"1266\" height=\"1246\" data-id=\"91268\" src=\"https:\/\/centcols.org\/wp-content\/uploads\/2025\/10\/Thonon-Trieste-FS_etape04-08.jpg\" alt=\"\" class=\"wp-image-91268\" srcset=\"https:\/\/centcols.org\/wp-content\/uploads\/2025\/10\/Thonon-Trieste-FS_etape04-08.jpg 1266w, https:\/\/centcols.org\/wp-content\/uploads\/2025\/10\/Thonon-Trieste-FS_etape04-08-1200x1181.jpg 1200w, https:\/\/centcols.org\/wp-content\/uploads\/2025\/10\/Thonon-Trieste-FS_etape04-08-768x756.jpg 768w, https:\/\/centcols.org\/wp-content\/uploads\/2025\/10\/Thonon-Trieste-FS_etape04-08-12x12.jpg 12w\" sizes=\"auto, (max-width: 1266px) 100vw, 1266px\" \/><\/a><\/figure>\n\n\n\n<figure class=\"wp-block-image size-large\"><a href=\"https:\/\/centcols.org\/wp-content\/uploads\/2025\/10\/Thonon-Trieste-FS_etape04-09.jpg\"><img loading=\"lazy\" decoding=\"async\" width=\"1172\" height=\"1246\" data-id=\"91266\" src=\"https:\/\/centcols.org\/wp-content\/uploads\/2025\/10\/Thonon-Trieste-FS_etape04-09.jpg\" alt=\"\" class=\"wp-image-91266\" srcset=\"https:\/\/centcols.org\/wp-content\/uploads\/2025\/10\/Thonon-Trieste-FS_etape04-09.jpg 1172w, https:\/\/centcols.org\/wp-content\/uploads\/2025\/10\/Thonon-Trieste-FS_etape04-09-1129x1200.jpg 1129w, https:\/\/centcols.org\/wp-content\/uploads\/2025\/10\/Thonon-Trieste-FS_etape04-09-768x816.jpg 768w, https:\/\/centcols.org\/wp-content\/uploads\/2025\/10\/Thonon-Trieste-FS_etape04-09-11x12.jpg 11w\" sizes=\"auto, (max-width: 1172px) 100vw, 1172px\" \/><\/a><\/figure>\n\n\n\n<figure class=\"wp-block-image size-large\"><a href=\"https:\/\/centcols.org\/wp-content\/uploads\/2025\/10\/Thonon-Trieste-FS_etape04-06.jpg\"><img loading=\"lazy\" decoding=\"async\" width=\"1307\" height=\"873\" data-id=\"91267\" src=\"https:\/\/centcols.org\/wp-content\/uploads\/2025\/10\/Thonon-Trieste-FS_etape04-06.jpg\" alt=\"\" class=\"wp-image-91267\" srcset=\"https:\/\/centcols.org\/wp-content\/uploads\/2025\/10\/Thonon-Trieste-FS_etape04-06.jpg 1307w, https:\/\/centcols.org\/wp-content\/uploads\/2025\/10\/Thonon-Trieste-FS_etape04-06-1200x802.jpg 1200w, https:\/\/centcols.org\/wp-content\/uploads\/2025\/10\/Thonon-Trieste-FS_etape04-06-768x513.jpg 768w, https:\/\/centcols.org\/wp-content\/uploads\/2025\/10\/Thonon-Trieste-FS_etape04-06-18x12.jpg 18w\" sizes=\"auto, (max-width: 1307px) 100vw, 1307px\" \/><\/a><\/figure>\n<figcaption class=\"blocks-gallery-caption wp-element-caption\">Der Aufstieg zum Passo del Majola<\/figcaption><\/figure>\n\n\n\n<figure class=\"wp-block-image size-large\"><a href=\"https:\/\/centcols.org\/wp-content\/uploads\/2025\/10\/Thonon-Trieste-FS_etape04-07.jpg\"><img loading=\"lazy\" decoding=\"async\" width=\"1307\" height=\"873\" src=\"https:\/\/centcols.org\/wp-content\/uploads\/2025\/10\/Thonon-Trieste-FS_etape04-07.jpg\" alt=\"\" class=\"wp-image-91269\" srcset=\"https:\/\/centcols.org\/wp-content\/uploads\/2025\/10\/Thonon-Trieste-FS_etape04-07.jpg 1307w, https:\/\/centcols.org\/wp-content\/uploads\/2025\/10\/Thonon-Trieste-FS_etape04-07-1200x802.jpg 1200w, https:\/\/centcols.org\/wp-content\/uploads\/2025\/10\/Thonon-Trieste-FS_etape04-07-768x513.jpg 768w, https:\/\/centcols.org\/wp-content\/uploads\/2025\/10\/Thonon-Trieste-FS_etape04-07-18x12.jpg 18w\" sizes=\"auto, (max-width: 1307px) 100vw, 1307px\" \/><\/a><\/figure>\n\n\n\n<p>Am Ende des Anstiegs erreichen wir ein wundersch\u00f6nes Hochplateau. Sie beginnt mit einem riesigen See und endet 16 km weiter in St. Moritz.&nbsp;<\/p>\n\n\n\n<p>Wir befinden uns im Engandinental zwischen den Passi del Maloja und den Passi del Bernina. In St. Moritz befindet sich das Grand Hotel des Bains ... wo ich nicht reserviert habe.<\/p>\n\n\n\n<figure class=\"wp-block-gallery has-nested-images columns-default is-cropped wp-block-gallery-14 is-layout-flex wp-block-gallery-is-layout-flex\">\n<figure class=\"wp-block-image size-large\"><a href=\"https:\/\/centcols.org\/wp-content\/uploads\/2025\/10\/Thonon-Trieste-FS_etape04-10.jpg\"><img loading=\"lazy\" decoding=\"async\" width=\"1307\" height=\"873\" data-id=\"91271\" src=\"https:\/\/centcols.org\/wp-content\/uploads\/2025\/10\/Thonon-Trieste-FS_etape04-10.jpg\" alt=\"\" class=\"wp-image-91271\" srcset=\"https:\/\/centcols.org\/wp-content\/uploads\/2025\/10\/Thonon-Trieste-FS_etape04-10.jpg 1307w, https:\/\/centcols.org\/wp-content\/uploads\/2025\/10\/Thonon-Trieste-FS_etape04-10-1200x802.jpg 1200w, https:\/\/centcols.org\/wp-content\/uploads\/2025\/10\/Thonon-Trieste-FS_etape04-10-768x513.jpg 768w, https:\/\/centcols.org\/wp-content\/uploads\/2025\/10\/Thonon-Trieste-FS_etape04-10-18x12.jpg 18w\" sizes=\"auto, (max-width: 1307px) 100vw, 1307px\" \/><\/a><figcaption class=\"wp-element-caption\">Lago di Sils im Engandinental, zwischen den Passi del Maloja und del Bernina.<\/figcaption><\/figure>\n\n\n\n<figure class=\"wp-block-image size-large\"><a href=\"https:\/\/centcols.org\/wp-content\/uploads\/2025\/10\/Thonon-Trieste-FS_etape04-11.jpg\"><img loading=\"lazy\" decoding=\"async\" width=\"1307\" height=\"873\" data-id=\"91270\" src=\"https:\/\/centcols.org\/wp-content\/uploads\/2025\/10\/Thonon-Trieste-FS_etape04-11.jpg\" alt=\"\" class=\"wp-image-91270\" srcset=\"https:\/\/centcols.org\/wp-content\/uploads\/2025\/10\/Thonon-Trieste-FS_etape04-11.jpg 1307w, https:\/\/centcols.org\/wp-content\/uploads\/2025\/10\/Thonon-Trieste-FS_etape04-11-1200x802.jpg 1200w, https:\/\/centcols.org\/wp-content\/uploads\/2025\/10\/Thonon-Trieste-FS_etape04-11-768x513.jpg 768w, https:\/\/centcols.org\/wp-content\/uploads\/2025\/10\/Thonon-Trieste-FS_etape04-11-18x12.jpg 18w\" sizes=\"auto, (max-width: 1307px) 100vw, 1307px\" \/><\/a><figcaption class=\"wp-element-caption\">In Sankt Moritz, Grand Hotel des Bains ... wo ich nicht gebucht hatte!!!<\/figcaption><\/figure>\n<\/figure>\n\n\n\n<p>Dann beginnt der Aufstieg zum Passo del Bernina, dem h\u00f6chsten ganzj\u00e4hrig ge\u00f6ffneten Pass der Schweizer Alpen. Hier treffen wir auf den Bernina Express, der \u00fcber 195 Br\u00fccken und 55 Tunnels Chur (Graub\u00fcnden) mit Tirano (Lombardei) verbindet. Es ist erstaunlich, in dieser H\u00f6he einen Zug zu sehen, der nicht mit Zahnradantrieb f\u00e4hrt. Maximale Steigung 7%, sonst kommt er nicht durch! Eisenbahnnorm verpflichtet.<br>Bevor wir den Pass erreichen, wandern wir an einem wundersch\u00f6nen See entlang. Und wir haben das Gl\u00fcck, dort dem Bernina Express zu begegnen.<\/p>\n\n\n\n<figure class=\"wp-block-gallery has-nested-images columns-2 is-cropped wp-block-gallery-15 is-layout-flex wp-block-gallery-is-layout-flex\">\n<figure class=\"wp-block-image size-large\"><a href=\"https:\/\/centcols.org\/wp-content\/uploads\/2025\/10\/Thonon-Trieste-FS_etape04-12.jpg\"><img loading=\"lazy\" decoding=\"async\" width=\"1307\" height=\"873\" data-id=\"91272\" src=\"https:\/\/centcols.org\/wp-content\/uploads\/2025\/10\/Thonon-Trieste-FS_etape04-12.jpg\" alt=\"\" class=\"wp-image-91272\" srcset=\"https:\/\/centcols.org\/wp-content\/uploads\/2025\/10\/Thonon-Trieste-FS_etape04-12.jpg 1307w, https:\/\/centcols.org\/wp-content\/uploads\/2025\/10\/Thonon-Trieste-FS_etape04-12-1200x802.jpg 1200w, https:\/\/centcols.org\/wp-content\/uploads\/2025\/10\/Thonon-Trieste-FS_etape04-12-768x513.jpg 768w, https:\/\/centcols.org\/wp-content\/uploads\/2025\/10\/Thonon-Trieste-FS_etape04-12-18x12.jpg 18w\" sizes=\"auto, (max-width: 1307px) 100vw, 1307px\" \/><\/a><figcaption class=\"wp-element-caption\">Beim Aufstieg zum Passo del Bernina, dem h\u00f6chsten Pass der Schweizer Alpen, der das ganze Jahr \u00fcber ge\u00f6ffnet ist.<\/figcaption><\/figure>\n\n\n\n<figure class=\"wp-block-image size-large\"><a href=\"https:\/\/centcols.org\/wp-content\/uploads\/2025\/10\/Thonon-Trieste-FS_etape04-13.jpg\"><img loading=\"lazy\" decoding=\"async\" width=\"1307\" height=\"873\" data-id=\"91274\" src=\"https:\/\/centcols.org\/wp-content\/uploads\/2025\/10\/Thonon-Trieste-FS_etape04-13.jpg\" alt=\"\" class=\"wp-image-91274\" srcset=\"https:\/\/centcols.org\/wp-content\/uploads\/2025\/10\/Thonon-Trieste-FS_etape04-13.jpg 1307w, https:\/\/centcols.org\/wp-content\/uploads\/2025\/10\/Thonon-Trieste-FS_etape04-13-1200x802.jpg 1200w, https:\/\/centcols.org\/wp-content\/uploads\/2025\/10\/Thonon-Trieste-FS_etape04-13-768x513.jpg 768w, https:\/\/centcols.org\/wp-content\/uploads\/2025\/10\/Thonon-Trieste-FS_etape04-13-18x12.jpg 18w\" sizes=\"auto, (max-width: 1307px) 100vw, 1307px\" \/><\/a><figcaption class=\"wp-element-caption\">Der Bernina Express (der \u00fcber 195 Br\u00fccken und 55 Tunnel von Croire, Graub\u00fcnden, nach Tirano, Lombardei, f\u00fchrt) f\u00e4hrt am Lej Nair (Schwarzer See) vorbei.<\/figcaption><\/figure>\n<\/figure>\n\n\n\n<figure class=\"wp-block-gallery aligncenter has-nested-images columns-default is-cropped wp-block-gallery-16 is-layout-flex wp-block-gallery-is-layout-flex\">\n<figure class=\"wp-block-image size-large\"><a href=\"https:\/\/centcols.org\/wp-content\/uploads\/2025\/10\/Thonon-Trieste-FS_etape04b.jpg\"><img loading=\"lazy\" decoding=\"async\" width=\"626\" height=\"1246\" data-id=\"91401\" src=\"https:\/\/centcols.org\/wp-content\/uploads\/2025\/10\/Thonon-Trieste-FS_etape04b.jpg\" alt=\"\" class=\"wp-image-91401\" srcset=\"https:\/\/centcols.org\/wp-content\/uploads\/2025\/10\/Thonon-Trieste-FS_etape04b.jpg 626w, https:\/\/centcols.org\/wp-content\/uploads\/2025\/10\/Thonon-Trieste-FS_etape04b-603x1200.jpg 603w, https:\/\/centcols.org\/wp-content\/uploads\/2025\/10\/Thonon-Trieste-FS_etape04b-6x12.jpg 6w\" sizes=\"auto, (max-width: 626px) 100vw, 626px\" \/><\/a><\/figure>\n\n\n\n<figure class=\"wp-block-image size-large\"><a href=\"https:\/\/centcols.org\/wp-content\/uploads\/2025\/10\/Thonon-Trieste-FS_etape04a.jpg\"><img loading=\"lazy\" decoding=\"async\" width=\"611\" height=\"1246\" data-id=\"91400\" src=\"https:\/\/centcols.org\/wp-content\/uploads\/2025\/10\/Thonon-Trieste-FS_etape04a.jpg\" alt=\"\" class=\"wp-image-91400\" srcset=\"https:\/\/centcols.org\/wp-content\/uploads\/2025\/10\/Thonon-Trieste-FS_etape04a.jpg 611w, https:\/\/centcols.org\/wp-content\/uploads\/2025\/10\/Thonon-Trieste-FS_etape04a-588x1200.jpg 588w, https:\/\/centcols.org\/wp-content\/uploads\/2025\/10\/Thonon-Trieste-FS_etape04a-6x12.jpg 6w\" sizes=\"auto, (max-width: 611px) 100vw, 611px\" \/><\/a><\/figure>\n\n\n\n<figure class=\"wp-block-image size-large\"><a href=\"https:\/\/centcols.org\/wp-content\/uploads\/2025\/10\/Thonon-Trieste-FS_etape04-14.jpg\"><img loading=\"lazy\" decoding=\"async\" width=\"798\" height=\"1246\" data-id=\"91273\" src=\"https:\/\/centcols.org\/wp-content\/uploads\/2025\/10\/Thonon-Trieste-FS_etape04-14.jpg\" alt=\"\" class=\"wp-image-91273\" srcset=\"https:\/\/centcols.org\/wp-content\/uploads\/2025\/10\/Thonon-Trieste-FS_etape04-14.jpg 798w, https:\/\/centcols.org\/wp-content\/uploads\/2025\/10\/Thonon-Trieste-FS_etape04-14-769x1200.jpg 769w, https:\/\/centcols.org\/wp-content\/uploads\/2025\/10\/Thonon-Trieste-FS_etape04-14-768x1199.jpg 768w, https:\/\/centcols.org\/wp-content\/uploads\/2025\/10\/Thonon-Trieste-FS_etape04-14-8x12.jpg 8w\" sizes=\"auto, (max-width: 798px) 100vw, 798px\" \/><\/a><figcaption class=\"wp-element-caption\">Bestens ger\u00fcstet f\u00fcr die Bernina-Abfahrt<\/figcaption><\/figure>\n<\/figure>\n\n\n\n<p>Auf dem Abstieg vom Bernina stehen noch ein paar K\u00fche. Einige haben eckige, andere runde Glocken.<\/p>\n\n\n<div class=\"wp-block-image\">\n<figure class=\"aligncenter size-large is-resized\"><a href=\"https:\/\/centcols.org\/wp-content\/uploads\/2025\/10\/Thonon-Trieste-FS_etape04-19.jpg\"><img loading=\"lazy\" decoding=\"async\" width=\"1200\" height=\"802\" src=\"https:\/\/centcols.org\/wp-content\/uploads\/2025\/10\/Thonon-Trieste-FS_etape04-19.jpg\" alt=\"\" class=\"wp-image-91287\" style=\"width:800px\" srcset=\"https:\/\/centcols.org\/wp-content\/uploads\/2025\/10\/Thonon-Trieste-FS_etape04-19.jpg 1200w, https:\/\/centcols.org\/wp-content\/uploads\/2025\/10\/Thonon-Trieste-FS_etape04-19-768x513.jpg 768w, https:\/\/centcols.org\/wp-content\/uploads\/2025\/10\/Thonon-Trieste-FS_etape04-19-18x12.jpg 18w\" sizes=\"auto, (max-width: 1200px) 100vw, 1200px\" \/><\/a><\/figure>\n<\/div>\n\n\n<p>Wir m\u00fcssen noch zum Forcala di Livigno auf 2313 m aufsteigen, in 3 km mit einem Durchschnitt von 9%. Wir begegnen sehr vielen Tankwagen. Wir werden verstehen, warum, wenn wir erfahren, dass Livigno eine Freihandelszone ist. Und dass wir dort Diesel f\u00fcr 1 \u20ac 15 pro Liter tanken. Im Vergleich zu 1 \u20ac 60 in ganz Italien.<br>Am Ende einer langen Abfahrt kommen wir in Livigno an, wo es strenge st\u00e4dtebauliche Regeln geben muss. Der gr\u00f6\u00dfte Teil der vielen Blumen, die die Balkone schm\u00fccken, sind n\u00e4mlich in den gleichen Farben gehalten.<\/p>\n\n\n\n<figure class=\"wp-block-gallery has-nested-images columns-default is-cropped wp-block-gallery-17 is-layout-flex wp-block-gallery-is-layout-flex\">\n<figure class=\"wp-block-image size-large\"><a href=\"https:\/\/centcols.org\/wp-content\/uploads\/2025\/10\/Thonon-Trieste-FS_etape04-15a.jpg\"><img loading=\"lazy\" decoding=\"async\" width=\"1307\" height=\"873\" data-id=\"91403\" src=\"https:\/\/centcols.org\/wp-content\/uploads\/2025\/10\/Thonon-Trieste-FS_etape04-15a.jpg\" alt=\"\" class=\"wp-image-91403\" srcset=\"https:\/\/centcols.org\/wp-content\/uploads\/2025\/10\/Thonon-Trieste-FS_etape04-15a.jpg 1307w, https:\/\/centcols.org\/wp-content\/uploads\/2025\/10\/Thonon-Trieste-FS_etape04-15a-1200x802.jpg 1200w, https:\/\/centcols.org\/wp-content\/uploads\/2025\/10\/Thonon-Trieste-FS_etape04-15a-768x513.jpg 768w, https:\/\/centcols.org\/wp-content\/uploads\/2025\/10\/Thonon-Trieste-FS_etape04-15a-18x12.jpg 18w\" sizes=\"auto, (max-width: 1307px) 100vw, 1307px\" \/><\/a><\/figure>\n\n\n\n<figure class=\"wp-block-image size-large\"><a href=\"https:\/\/centcols.org\/wp-content\/uploads\/2025\/10\/Thonon-Trieste-FS_etape04-15.jpg\"><img loading=\"lazy\" decoding=\"async\" width=\"1307\" height=\"873\" data-id=\"91275\" src=\"https:\/\/centcols.org\/wp-content\/uploads\/2025\/10\/Thonon-Trieste-FS_etape04-15.jpg\" alt=\"\" class=\"wp-image-91275\" srcset=\"https:\/\/centcols.org\/wp-content\/uploads\/2025\/10\/Thonon-Trieste-FS_etape04-15.jpg 1307w, https:\/\/centcols.org\/wp-content\/uploads\/2025\/10\/Thonon-Trieste-FS_etape04-15-1200x802.jpg 1200w, https:\/\/centcols.org\/wp-content\/uploads\/2025\/10\/Thonon-Trieste-FS_etape04-15-768x513.jpg 768w, https:\/\/centcols.org\/wp-content\/uploads\/2025\/10\/Thonon-Trieste-FS_etape04-15-18x12.jpg 18w\" sizes=\"auto, (max-width: 1307px) 100vw, 1307px\" \/><\/a><\/figure>\n\n\n\n<figure class=\"wp-block-image size-large\"><a href=\"https:\/\/centcols.org\/wp-content\/uploads\/2025\/10\/Thonon-Trieste-FS_etape04-16.jpg\"><img loading=\"lazy\" decoding=\"async\" width=\"1307\" height=\"873\" data-id=\"91276\" src=\"https:\/\/centcols.org\/wp-content\/uploads\/2025\/10\/Thonon-Trieste-FS_etape04-16.jpg\" alt=\"\" class=\"wp-image-91276\" srcset=\"https:\/\/centcols.org\/wp-content\/uploads\/2025\/10\/Thonon-Trieste-FS_etape04-16.jpg 1307w, https:\/\/centcols.org\/wp-content\/uploads\/2025\/10\/Thonon-Trieste-FS_etape04-16-1200x802.jpg 1200w, https:\/\/centcols.org\/wp-content\/uploads\/2025\/10\/Thonon-Trieste-FS_etape04-16-768x513.jpg 768w, https:\/\/centcols.org\/wp-content\/uploads\/2025\/10\/Thonon-Trieste-FS_etape04-16-18x12.jpg 18w\" sizes=\"auto, (max-width: 1307px) 100vw, 1307px\" \/><\/a><figcaption class=\"wp-element-caption\">Abstieg nach Livigno<\/figcaption><\/figure>\n<\/figure>\n\n\n\n<p>Livignio ist also eine Freihandelszone, und zwar aufgrund seiner Abgeschiedenheit. Es gibt also sehr, sehr wenig Steuern ... und viele Touristen.<\/p>\n\n\n\n<p>Wir genie\u00dfen den Komfort unserer Unterkunft nach 106 km, 2455 m H\u00f6henunterschied und 3 wundersch\u00f6nen P\u00e4ssen, darunter 2 \u00ab2000er\u00bb.<\/p>\n\n\n<div class=\"wp-block-image\">\n<figure class=\"aligncenter size-full is-resized\"><a href=\"https:\/\/centcols.org\/wp-content\/uploads\/2025\/10\/Thonon-Trieste-FS_etape04-17.jpg\"><img loading=\"lazy\" decoding=\"async\" width=\"1307\" height=\"873\" src=\"https:\/\/centcols.org\/wp-content\/uploads\/2025\/10\/Thonon-Trieste-FS_etape04-17.jpg\" alt=\"\" class=\"wp-image-91277\" style=\"width:800px\" srcset=\"https:\/\/centcols.org\/wp-content\/uploads\/2025\/10\/Thonon-Trieste-FS_etape04-17.jpg 1307w, https:\/\/centcols.org\/wp-content\/uploads\/2025\/10\/Thonon-Trieste-FS_etape04-17-1200x802.jpg 1200w, https:\/\/centcols.org\/wp-content\/uploads\/2025\/10\/Thonon-Trieste-FS_etape04-17-768x513.jpg 768w, https:\/\/centcols.org\/wp-content\/uploads\/2025\/10\/Thonon-Trieste-FS_etape04-17-18x12.jpg 18w\" sizes=\"auto, (max-width: 1307px) 100vw, 1307px\" \/><\/a><figcaption class=\"wp-element-caption\">Unsere Unterkunft in Livigno<\/figcaption><\/figure>\n<\/div>\n\n\n<div class=\"wp-block-buttons is-content-justification-space-between is-layout-flex wp-container-core-buttons-is-layout-3d213aab wp-block-buttons-is-layout-flex\">\n<div class=\"wp-block-button\"><a class=\"wp-block-button__link has-text-color has-background has-link-color wp-element-button\" href=\"https:\/\/centcols.org\/de\/thonon-trieste-fred-singla-2025\/4\/\" style=\"color:#2a488c;background-color:#88f2fd;text-transform:uppercase\"><strong>Vorheriger Schritt<\/strong><\/a><\/div>\n\n\n\n<div class=\"wp-block-button\"><a class=\"wp-block-button__link has-text-color has-background has-link-color wp-element-button\" href=\"https:\/\/centcols.org\/de\/thonon-trieste-fred-singla-2025\/6\/\" style=\"color:#2a488c;background-color:#88f2fd;text-transform:uppercase\"><strong>N\u00e4chster Schritt<\/strong><\/a><\/div>\n<\/div>\n\n\n\n<!--nextpage-->\n\n\n\n<h2 class=\"wp-block-heading\"><em> Tag 5: von <\/em>Livigno in Malles-Venosta: Das Stilfser Joch: DANTESK aber WAHOU!!!<\/h2>\n\n\n\n<p>95 km - 2200 m von den+ und \ud83c\udf27\ud83c\udf27\ud83c\udf27\ud83c\udf27<\/p>\n\n\n\n<figure class=\"wp-block-gallery has-nested-images columns-default is-cropped wp-block-gallery-18 is-layout-flex wp-block-gallery-is-layout-flex\">\n<figure class=\"wp-block-image size-full\"><a href=\"https:\/\/centcols.org\/wp-content\/uploads\/2025\/10\/Thonon-Trieste-FS_etape05-01.jpg\"><img loading=\"lazy\" decoding=\"async\" width=\"1307\" height=\"604\" data-id=\"91308\" src=\"https:\/\/centcols.org\/wp-content\/uploads\/2025\/10\/Thonon-Trieste-FS_etape05-01.jpg\" alt=\"\" class=\"wp-image-91308\" srcset=\"https:\/\/centcols.org\/wp-content\/uploads\/2025\/10\/Thonon-Trieste-FS_etape05-01.jpg 1307w, https:\/\/centcols.org\/wp-content\/uploads\/2025\/10\/Thonon-Trieste-FS_etape05-01-1200x555.jpg 1200w, https:\/\/centcols.org\/wp-content\/uploads\/2025\/10\/Thonon-Trieste-FS_etape05-01-768x355.jpg 768w, https:\/\/centcols.org\/wp-content\/uploads\/2025\/10\/Thonon-Trieste-FS_etape05-01-18x8.jpg 18w\" sizes=\"auto, (max-width: 1307px) 100vw, 1307px\" \/><\/a><figcaption class=\"wp-element-caption\">Donnerstag, 28. wie jeden Tag, Aufstehen in den fr\u00fchen Morgenstunden<\/figcaption><\/figure>\n\n\n\n<figure class=\"wp-block-image size-full\"><a href=\"https:\/\/centcols.org\/wp-content\/uploads\/2025\/10\/Thonon-Trieste-FS_etape05-02.jpg\"><img loading=\"lazy\" decoding=\"async\" width=\"1307\" height=\"604\" data-id=\"91309\" src=\"https:\/\/centcols.org\/wp-content\/uploads\/2025\/10\/Thonon-Trieste-FS_etape05-02.jpg\" alt=\"\" class=\"wp-image-91309\" srcset=\"https:\/\/centcols.org\/wp-content\/uploads\/2025\/10\/Thonon-Trieste-FS_etape05-02.jpg 1307w, https:\/\/centcols.org\/wp-content\/uploads\/2025\/10\/Thonon-Trieste-FS_etape05-02-1200x555.jpg 1200w, https:\/\/centcols.org\/wp-content\/uploads\/2025\/10\/Thonon-Trieste-FS_etape05-02-768x355.jpg 768w, https:\/\/centcols.org\/wp-content\/uploads\/2025\/10\/Thonon-Trieste-FS_etape05-02-18x8.jpg 18w\" sizes=\"auto, (max-width: 1307px) 100vw, 1307px\" \/><\/a><figcaption class=\"wp-element-caption\">Wie jeden Tag, solides Fr\u00fchst\u00fcck, dies ist nur eine Auswahl ...<\/figcaption><\/figure>\n<\/figure>\n\n\n<div class=\"wp-block-image\">\n<figure class=\"aligncenter size-full is-resized\"><a href=\"https:\/\/centcols.org\/wp-content\/uploads\/2025\/10\/Thonon-Trieste-FS_etape05-02a.jpg\"><img loading=\"lazy\" decoding=\"async\" width=\"1307\" height=\"873\" src=\"https:\/\/centcols.org\/wp-content\/uploads\/2025\/10\/Thonon-Trieste-FS_etape05-02a.jpg\" alt=\"\" class=\"wp-image-91406\" style=\"width:800px\" srcset=\"https:\/\/centcols.org\/wp-content\/uploads\/2025\/10\/Thonon-Trieste-FS_etape05-02a.jpg 1307w, https:\/\/centcols.org\/wp-content\/uploads\/2025\/10\/Thonon-Trieste-FS_etape05-02a-1200x802.jpg 1200w, https:\/\/centcols.org\/wp-content\/uploads\/2025\/10\/Thonon-Trieste-FS_etape05-02a-768x513.jpg 768w, https:\/\/centcols.org\/wp-content\/uploads\/2025\/10\/Thonon-Trieste-FS_etape05-02a-18x12.jpg 18w\" sizes=\"auto, (max-width: 1307px) 100vw, 1307px\" \/><\/a><figcaption class=\"wp-element-caption\">Wir verlassen Livigno im Regen<\/figcaption><\/figure>\n<\/div>\n\n\n<p>Wie kann man das Stilfser Joch ohne ein einziges Auto (oder Fahrrad ...) besteigen? Das ist ganz einfach: Befolgen Sie die Punkte 1 bis 6 :<\/p>\n\n\n\n<ol class=\"wp-block-list\">\n<li>Sie starten in Livigno und beginnen die Tagesetappe mit dem Aufstieg zum Passo d'Eira.<\/li>\n\n\n\n<li>Anschlie\u00dfend steigen Sie in ein kleines Tal hinab und passieren Trepalle (sch\u00f6nes Fresko) zwischen den Passi d'Eira und di Foscagno.<\/li>\n\n\n\n<li>Steigen Sie wieder zum Passo di Foscagno auf, bevor Sie bei str\u00f6mendem Regen \ud83c\udf27\ud83c\udf27 eine tolle Abfahrt nach Bormio beginnen. Auf dieser Abfahrt bleibt uns nichts erspart: Regen also, unz\u00e4hlige Lawinenverbauungen, Baustellen und ein h\u00f6llischer Verkehr. Sicherlich nicht der beste Moment der Reise!!!<\/li>\n\n\n\n<li>In Bormio sto\u00dfen Sie auf ein Schild, das die Sperrung der Stra\u00dfe ank\u00fcndigt.<\/li>\n\n\n\n<li>Auf einen italienischen Taxifahrer treffen, der die Schranke hochzieht, vorbeif\u00e4hrt und sagt: \u00bbOkay, es ist verboten, aber es gibt absolut nichts und es geht problemlos durch\u00ab.<\/li>\n\n\n\n<li>Es versuchen, wie Bruno und ich es tun ... trotzdem ein wenig besorgt. Was werden wir am Ende finden?<\/li>\n\n\n\n<li>Das Gl\u00fcck zu haben, dass Jean-Marc unten auf uns wartet, falls wir gezwungen sind, wieder abzusteigen.<\/li>\n<\/ol>\n\n\n\n<figure class=\"wp-block-gallery has-nested-images columns-3 is-cropped wp-block-gallery-19 is-layout-flex wp-block-gallery-is-layout-flex\">\n<figure class=\"wp-block-image size-full\"><a href=\"https:\/\/centcols.org\/wp-content\/uploads\/2025\/10\/Thonon-Trieste-FS_etape05-03.jpg\"><img loading=\"lazy\" decoding=\"async\" width=\"997\" height=\"1246\" data-id=\"91310\" src=\"https:\/\/centcols.org\/wp-content\/uploads\/2025\/10\/Thonon-Trieste-FS_etape05-03.jpg\" alt=\"\" class=\"wp-image-91310\" srcset=\"https:\/\/centcols.org\/wp-content\/uploads\/2025\/10\/Thonon-Trieste-FS_etape05-03.jpg 997w, https:\/\/centcols.org\/wp-content\/uploads\/2025\/10\/Thonon-Trieste-FS_etape05-03-960x1200.jpg 960w, https:\/\/centcols.org\/wp-content\/uploads\/2025\/10\/Thonon-Trieste-FS_etape05-03-768x960.jpg 768w, https:\/\/centcols.org\/wp-content\/uploads\/2025\/10\/Thonon-Trieste-FS_etape05-03-10x12.jpg 10w\" sizes=\"auto, (max-width: 997px) 100vw, 997px\" \/><\/a><figcaption class=\"wp-element-caption\">Passo Eira (IT 2208).<\/figcaption><\/figure>\n\n\n\n<figure class=\"wp-block-image size-full\"><a href=\"https:\/\/centcols.org\/wp-content\/uploads\/2025\/10\/Thonon-Trieste-FS_etape05-05.jpg\"><img loading=\"lazy\" decoding=\"async\" width=\"1307\" height=\"873\" data-id=\"91311\" src=\"https:\/\/centcols.org\/wp-content\/uploads\/2025\/10\/Thonon-Trieste-FS_etape05-05.jpg\" alt=\"\" class=\"wp-image-91311\" srcset=\"https:\/\/centcols.org\/wp-content\/uploads\/2025\/10\/Thonon-Trieste-FS_etape05-05.jpg 1307w, https:\/\/centcols.org\/wp-content\/uploads\/2025\/10\/Thonon-Trieste-FS_etape05-05-1200x802.jpg 1200w, https:\/\/centcols.org\/wp-content\/uploads\/2025\/10\/Thonon-Trieste-FS_etape05-05-768x513.jpg 768w, https:\/\/centcols.org\/wp-content\/uploads\/2025\/10\/Thonon-Trieste-FS_etape05-05-18x12.jpg 18w\" sizes=\"auto, (max-width: 1307px) 100vw, 1307px\" \/><\/a><figcaption class=\"wp-element-caption\">Trepalle zwischen den Passi d'Eira und di Foscagno<\/figcaption><\/figure>\n\n\n\n<figure class=\"wp-block-image size-full\"><a href=\"https:\/\/centcols.org\/wp-content\/uploads\/2025\/10\/Thonon-Trieste-FS_etape05-06.jpg\"><img loading=\"lazy\" decoding=\"async\" width=\"1307\" height=\"1223\" data-id=\"91313\" src=\"https:\/\/centcols.org\/wp-content\/uploads\/2025\/10\/Thonon-Trieste-FS_etape05-06.jpg\" alt=\"\" class=\"wp-image-91313\" srcset=\"https:\/\/centcols.org\/wp-content\/uploads\/2025\/10\/Thonon-Trieste-FS_etape05-06.jpg 1307w, https:\/\/centcols.org\/wp-content\/uploads\/2025\/10\/Thonon-Trieste-FS_etape05-06-1200x1123.jpg 1200w, https:\/\/centcols.org\/wp-content\/uploads\/2025\/10\/Thonon-Trieste-FS_etape05-06-768x719.jpg 768w, https:\/\/centcols.org\/wp-content\/uploads\/2025\/10\/Thonon-Trieste-FS_etape05-06-13x12.jpg 13w\" sizes=\"auto, (max-width: 1307px) 100vw, 1307px\" \/><\/a><figcaption class=\"wp-element-caption\">Passo di Foscagno (IT 2292), dessen Abstieg sehr anstrengend sein wird (lang, regnerisch, eiskalt, besch\u00e4digte Stra\u00dfe, starker Verkehr etc.)<\/figcaption><\/figure>\n\n\n\n<figure class=\"wp-block-image size-full\"><a href=\"https:\/\/centcols.org\/wp-content\/uploads\/2025\/10\/Thonon-Trieste-FS_etape05-04.jpg\"><img loading=\"lazy\" decoding=\"async\" width=\"1307\" height=\"246\" data-id=\"91312\" src=\"https:\/\/centcols.org\/wp-content\/uploads\/2025\/10\/Thonon-Trieste-FS_etape05-04.jpg\" alt=\"\" class=\"wp-image-91312\" srcset=\"https:\/\/centcols.org\/wp-content\/uploads\/2025\/10\/Thonon-Trieste-FS_etape05-04.jpg 1307w, https:\/\/centcols.org\/wp-content\/uploads\/2025\/10\/Thonon-Trieste-FS_etape05-04-1200x226.jpg 1200w, https:\/\/centcols.org\/wp-content\/uploads\/2025\/10\/Thonon-Trieste-FS_etape05-04-768x145.jpg 768w, https:\/\/centcols.org\/wp-content\/uploads\/2025\/10\/Thonon-Trieste-FS_etape05-04-18x3.jpg 18w\" sizes=\"auto, (max-width: 1307px) 100vw, 1307px\" \/><\/a><figcaption class=\"wp-element-caption\">Fresko in Trepalle<\/figcaption><\/figure>\n<\/figure>\n\n\n\n<p>Es ist ein wirklich seltsamer Anstieg. Wir sind beide allein in dieser unendlichen Weite.<\/p>\n\n\n\n<figure class=\"wp-block-gallery has-nested-images columns-3 is-cropped wp-block-gallery-20 is-layout-flex wp-block-gallery-is-layout-flex\">\n<figure class=\"wp-block-image size-full\"><a href=\"https:\/\/centcols.org\/wp-content\/uploads\/2025\/10\/Thonon-Trieste-FS_etape05-07.jpg\"><img loading=\"lazy\" decoding=\"async\" width=\"1307\" height=\"873\" data-id=\"91314\" src=\"https:\/\/centcols.org\/wp-content\/uploads\/2025\/10\/Thonon-Trieste-FS_etape05-07.jpg\" alt=\"\" class=\"wp-image-91314\" srcset=\"https:\/\/centcols.org\/wp-content\/uploads\/2025\/10\/Thonon-Trieste-FS_etape05-07.jpg 1307w, https:\/\/centcols.org\/wp-content\/uploads\/2025\/10\/Thonon-Trieste-FS_etape05-07-1200x802.jpg 1200w, https:\/\/centcols.org\/wp-content\/uploads\/2025\/10\/Thonon-Trieste-FS_etape05-07-768x513.jpg 768w, https:\/\/centcols.org\/wp-content\/uploads\/2025\/10\/Thonon-Trieste-FS_etape05-07-18x12.jpg 18w\" sizes=\"auto, (max-width: 1307px) 100vw, 1307px\" \/><\/a><figcaption class=\"wp-element-caption\">Erste Stra\u00dfensperre, die von vielen Fahrzeugen passiert wird. Auch wir ...<\/figcaption><\/figure>\n\n\n\n<figure class=\"wp-block-image size-full\"><a href=\"https:\/\/centcols.org\/wp-content\/uploads\/2025\/10\/Thonon-Trieste-FS_etape05-08.jpg\"><img loading=\"lazy\" decoding=\"async\" width=\"1307\" height=\"873\" data-id=\"91315\" src=\"https:\/\/centcols.org\/wp-content\/uploads\/2025\/10\/Thonon-Trieste-FS_etape05-08.jpg\" alt=\"\" class=\"wp-image-91315\" srcset=\"https:\/\/centcols.org\/wp-content\/uploads\/2025\/10\/Thonon-Trieste-FS_etape05-08.jpg 1307w, https:\/\/centcols.org\/wp-content\/uploads\/2025\/10\/Thonon-Trieste-FS_etape05-08-1200x802.jpg 1200w, https:\/\/centcols.org\/wp-content\/uploads\/2025\/10\/Thonon-Trieste-FS_etape05-08-768x513.jpg 768w, https:\/\/centcols.org\/wp-content\/uploads\/2025\/10\/Thonon-Trieste-FS_etape05-08-18x12.jpg 18w\" sizes=\"auto, (max-width: 1307px) 100vw, 1307px\" \/><\/a><figcaption class=\"wp-element-caption\">Zwei Kilometer weiter wird es ernster. Aber ein italienisches Taxi hebt die Schranke und sagt: \"Es gibt nichts\". Bruno und ich fahren los ....<\/figcaption><\/figure>\n\n\n\n<figure class=\"wp-block-image size-full\"><a href=\"https:\/\/centcols.org\/wp-content\/uploads\/2025\/10\/Thonon-Trieste-FS_etape05-09.jpg\"><img loading=\"lazy\" decoding=\"async\" width=\"1307\" height=\"873\" data-id=\"91316\" src=\"https:\/\/centcols.org\/wp-content\/uploads\/2025\/10\/Thonon-Trieste-FS_etape05-09.jpg\" alt=\"\" class=\"wp-image-91316\" srcset=\"https:\/\/centcols.org\/wp-content\/uploads\/2025\/10\/Thonon-Trieste-FS_etape05-09.jpg 1307w, https:\/\/centcols.org\/wp-content\/uploads\/2025\/10\/Thonon-Trieste-FS_etape05-09-1200x802.jpg 1200w, https:\/\/centcols.org\/wp-content\/uploads\/2025\/10\/Thonon-Trieste-FS_etape05-09-768x513.jpg 768w, https:\/\/centcols.org\/wp-content\/uploads\/2025\/10\/Thonon-Trieste-FS_etape05-09-18x12.jpg 18w\" sizes=\"auto, (max-width: 1307px) 100vw, 1307px\" \/><\/a><figcaption class=\"wp-element-caption\">Ein bisschen be\u00e4ngstigend. Was werden wir am Ende finden ...<\/figcaption><\/figure>\n\n\n\n<figure class=\"wp-block-image size-full\"><a href=\"https:\/\/centcols.org\/wp-content\/uploads\/2025\/10\/Thonon-Trieste-FS_etape05-10.jpg\"><img loading=\"lazy\" decoding=\"async\" width=\"1262\" height=\"1246\" data-id=\"91317\" src=\"https:\/\/centcols.org\/wp-content\/uploads\/2025\/10\/Thonon-Trieste-FS_etape05-10.jpg\" alt=\"\" class=\"wp-image-91317\" srcset=\"https:\/\/centcols.org\/wp-content\/uploads\/2025\/10\/Thonon-Trieste-FS_etape05-10.jpg 1262w, https:\/\/centcols.org\/wp-content\/uploads\/2025\/10\/Thonon-Trieste-FS_etape05-10-1200x1185.jpg 1200w, https:\/\/centcols.org\/wp-content\/uploads\/2025\/10\/Thonon-Trieste-FS_etape05-10-768x758.jpg 768w, https:\/\/centcols.org\/wp-content\/uploads\/2025\/10\/Thonon-Trieste-FS_etape05-10-12x12.jpg 12w\" sizes=\"auto, (max-width: 1262px) 100vw, 1262px\" \/><\/a><figcaption class=\"wp-element-caption\">Es regnet ... viel ...<\/figcaption><\/figure>\n\n\n\n<figure class=\"wp-block-image size-large\"><a href=\"https:\/\/centcols.org\/wp-content\/uploads\/2025\/10\/Thonon-Trieste-FS_etape05-11.jpg\"><img loading=\"lazy\" decoding=\"async\" width=\"1307\" height=\"873\" data-id=\"91318\" src=\"https:\/\/centcols.org\/wp-content\/uploads\/2025\/10\/Thonon-Trieste-FS_etape05-11.jpg\" alt=\"\" class=\"wp-image-91318\" srcset=\"https:\/\/centcols.org\/wp-content\/uploads\/2025\/10\/Thonon-Trieste-FS_etape05-11.jpg 1307w, https:\/\/centcols.org\/wp-content\/uploads\/2025\/10\/Thonon-Trieste-FS_etape05-11-1200x802.jpg 1200w, https:\/\/centcols.org\/wp-content\/uploads\/2025\/10\/Thonon-Trieste-FS_etape05-11-768x513.jpg 768w, https:\/\/centcols.org\/wp-content\/uploads\/2025\/10\/Thonon-Trieste-FS_etape05-11-18x12.jpg 18w\" sizes=\"auto, (max-width: 1307px) 100vw, 1307px\" \/><\/a><figcaption class=\"wp-element-caption\">Die Stra\u00dfe geh\u00f6rt uns ganz allein. Es ist angenehm, aber seltsam und be\u00e4ngstigend.<\/figcaption><\/figure>\n<\/figure>\n\n\n\n<p>&nbsp;Positiv ist, dass wir nicht sehen, wie das Taxi wieder nach unten f\u00e4hrt. Nach etwa zehn Kilometern begegnen wir einem Auto. Ich winke ihm zu, anzuhalten, aber der Fahrer denkt, ich gr\u00fc\u00dfe ihn und gr\u00fc\u00dft zur\u00fcck, ohne anzuhalten. Nach weiteren drei Kilometern treffen wir auf ein anderes Auto (die einzigen beiden, die wir aussteigen sehen). Dieses Auto antwortet auf meine Rufe, h\u00e4lt an und der Fahrer best\u00e4tigt mir, dass oben \u00aballes in Ordnung\u00bb sei. Tats\u00e4chlich ist die Situation oben die gleiche wie unten: eine Schranke, die aber nicht blockiert ist, sodass man sie aufheben kann.<br>Nat\u00fcrlich gibt es kein Netz! Nach zwei weiteren Kilometern ist ein Telefongespr\u00e4ch m\u00f6glich. Ich rufe sofort Jean-Marc an und sage ihm: \u00abMach schon!!!\u00bb. Das oder ein Umweg von f\u00fcnf Stunden ...<br>Bis er ankommt, erklimmen wir noch ein paar weitere Kurven. Auf der lombardischen Seite gibt es 40 davon. Ich muss zugeben, dass ich sie vor lauter Stress nicht gez\u00e4hlt habe.<\/p>\n\n\n\n<figure class=\"wp-block-gallery has-nested-images columns-4 is-cropped wp-block-gallery-21 is-layout-flex wp-block-gallery-is-layout-flex\">\n<figure class=\"wp-block-image size-full\"><a href=\"https:\/\/centcols.org\/wp-content\/uploads\/2025\/10\/Thonon-Trieste-FS_etape05-12.jpg\"><img loading=\"lazy\" decoding=\"async\" width=\"1307\" height=\"873\" data-id=\"91319\" src=\"https:\/\/centcols.org\/wp-content\/uploads\/2025\/10\/Thonon-Trieste-FS_etape05-12.jpg\" alt=\"\" class=\"wp-image-91319\" srcset=\"https:\/\/centcols.org\/wp-content\/uploads\/2025\/10\/Thonon-Trieste-FS_etape05-12.jpg 1307w, https:\/\/centcols.org\/wp-content\/uploads\/2025\/10\/Thonon-Trieste-FS_etape05-12-1200x802.jpg 1200w, https:\/\/centcols.org\/wp-content\/uploads\/2025\/10\/Thonon-Trieste-FS_etape05-12-768x513.jpg 768w, https:\/\/centcols.org\/wp-content\/uploads\/2025\/10\/Thonon-Trieste-FS_etape05-12-18x12.jpg 18w\" sizes=\"auto, (max-width: 1307px) 100vw, 1307px\" \/><\/a><figcaption class=\"wp-element-caption\">Einer von 40 Schn\u00fcrsenkeln (48 auf der anderen Seite)<\/figcaption><\/figure>\n\n\n\n<figure class=\"wp-block-image size-full\"><a href=\"https:\/\/centcols.org\/wp-content\/uploads\/2025\/10\/Thonon-Trieste-FS_etape05-13.jpg\"><img loading=\"lazy\" decoding=\"async\" width=\"1307\" height=\"873\" data-id=\"91320\" src=\"https:\/\/centcols.org\/wp-content\/uploads\/2025\/10\/Thonon-Trieste-FS_etape05-13.jpg\" alt=\"\" class=\"wp-image-91320\" srcset=\"https:\/\/centcols.org\/wp-content\/uploads\/2025\/10\/Thonon-Trieste-FS_etape05-13.jpg 1307w, https:\/\/centcols.org\/wp-content\/uploads\/2025\/10\/Thonon-Trieste-FS_etape05-13-1200x802.jpg 1200w, https:\/\/centcols.org\/wp-content\/uploads\/2025\/10\/Thonon-Trieste-FS_etape05-13-768x513.jpg 768w, https:\/\/centcols.org\/wp-content\/uploads\/2025\/10\/Thonon-Trieste-FS_etape05-13-18x12.jpg 18w\" sizes=\"auto, (max-width: 1307px) 100vw, 1307px\" \/><\/a><figcaption class=\"wp-element-caption\">Endlich habe ich Empfang. Ich rufe Jean Marc an und fordere ihn auf, vorbeizukommen.<\/figcaption><\/figure>\n\n\n\n<figure class=\"wp-block-image size-full\"><a href=\"https:\/\/centcols.org\/wp-content\/uploads\/2025\/10\/Thonon-Trieste-FS_etape05-14.jpg\"><img loading=\"lazy\" decoding=\"async\" width=\"1307\" height=\"873\" data-id=\"91321\" src=\"https:\/\/centcols.org\/wp-content\/uploads\/2025\/10\/Thonon-Trieste-FS_etape05-14.jpg\" alt=\"\" class=\"wp-image-91321\" srcset=\"https:\/\/centcols.org\/wp-content\/uploads\/2025\/10\/Thonon-Trieste-FS_etape05-14.jpg 1307w, https:\/\/centcols.org\/wp-content\/uploads\/2025\/10\/Thonon-Trieste-FS_etape05-14-1200x802.jpg 1200w, https:\/\/centcols.org\/wp-content\/uploads\/2025\/10\/Thonon-Trieste-FS_etape05-14-768x513.jpg 768w, https:\/\/centcols.org\/wp-content\/uploads\/2025\/10\/Thonon-Trieste-FS_etape05-14-18x12.jpg 18w\" sizes=\"auto, (max-width: 1307px) 100vw, 1307px\" \/><\/a><figcaption class=\"wp-element-caption\">Sacrario militare dello Stelvio (1. Weltkrieg)<\/figcaption><\/figure>\n<\/figure>\n\n\n\n<p>3 km vor dem Gipfel geht es schnell zur\u00fcck, um den h\u00f6chsten Stra\u00dfenpass der Schweiz, den Umbrail Pass auf 2501 m, zu holen. Die letzten Kilometer sind solide und wir erreichen schlie\u00dflich das Stilfser Joch, mit 2758 m der h\u00f6chste Stra\u00dfenpass der italienischen Alpen (der h\u00f6chste der Alpen ist der Iseran).<\/p>\n\n\n\n<figure class=\"wp-block-gallery has-nested-images columns-2 is-cropped wp-block-gallery-22 is-layout-flex wp-block-gallery-is-layout-flex\">\n<figure class=\"wp-block-image size-full\"><a href=\"https:\/\/centcols.org\/wp-content\/uploads\/2025\/10\/Thonon-Trieste-FS_etape05-15.jpg\"><img loading=\"lazy\" decoding=\"async\" width=\"1307\" height=\"873\" data-id=\"91322\" src=\"https:\/\/centcols.org\/wp-content\/uploads\/2025\/10\/Thonon-Trieste-FS_etape05-15.jpg\" alt=\"\" class=\"wp-image-91322\" srcset=\"https:\/\/centcols.org\/wp-content\/uploads\/2025\/10\/Thonon-Trieste-FS_etape05-15.jpg 1307w, https:\/\/centcols.org\/wp-content\/uploads\/2025\/10\/Thonon-Trieste-FS_etape05-15-1200x802.jpg 1200w, https:\/\/centcols.org\/wp-content\/uploads\/2025\/10\/Thonon-Trieste-FS_etape05-15-768x513.jpg 768w, https:\/\/centcols.org\/wp-content\/uploads\/2025\/10\/Thonon-Trieste-FS_etape05-15-18x12.jpg 18w\" sizes=\"auto, (max-width: 1307px) 100vw, 1307px\" \/><\/a><figcaption class=\"wp-element-caption\">Schneller Abstecher in die Schweiz zum Umbrail Pass (CH 2501)<\/figcaption><\/figure>\n\n\n\n<figure class=\"wp-block-image size-full\"><a href=\"https:\/\/centcols.org\/wp-content\/uploads\/2025\/10\/Thonon-Trieste-FS_etape05-16.jpg\"><img loading=\"lazy\" decoding=\"async\" width=\"1307\" height=\"873\" data-id=\"91323\" src=\"https:\/\/centcols.org\/wp-content\/uploads\/2025\/10\/Thonon-Trieste-FS_etape05-16.jpg\" alt=\"\" class=\"wp-image-91323\" srcset=\"https:\/\/centcols.org\/wp-content\/uploads\/2025\/10\/Thonon-Trieste-FS_etape05-16.jpg 1307w, https:\/\/centcols.org\/wp-content\/uploads\/2025\/10\/Thonon-Trieste-FS_etape05-16-1200x802.jpg 1200w, https:\/\/centcols.org\/wp-content\/uploads\/2025\/10\/Thonon-Trieste-FS_etape05-16-768x513.jpg 768w, https:\/\/centcols.org\/wp-content\/uploads\/2025\/10\/Thonon-Trieste-FS_etape05-16-18x12.jpg 18w\" sizes=\"auto, (max-width: 1307px) 100vw, 1307px\" \/><\/a><figcaption class=\"wp-element-caption\">Stelvio in Sicht!<\/figcaption><\/figure>\n<\/figure>\n\n\n<div class=\"wp-block-image\">\n<figure class=\"aligncenter size-full is-resized\"><a href=\"https:\/\/centcols.org\/wp-content\/uploads\/2025\/10\/Thonon-Trieste-FS_etape05-17.jpg\"><img loading=\"lazy\" decoding=\"async\" width=\"909\" height=\"1246\" src=\"https:\/\/centcols.org\/wp-content\/uploads\/2025\/10\/Thonon-Trieste-FS_etape05-17.jpg\" alt=\"\" class=\"wp-image-91324\" style=\"width:auto;height:500px\" srcset=\"https:\/\/centcols.org\/wp-content\/uploads\/2025\/10\/Thonon-Trieste-FS_etape05-17.jpg 909w, https:\/\/centcols.org\/wp-content\/uploads\/2025\/10\/Thonon-Trieste-FS_etape05-17-875x1200.jpg 875w, https:\/\/centcols.org\/wp-content\/uploads\/2025\/10\/Thonon-Trieste-FS_etape05-17-768x1053.jpg 768w, https:\/\/centcols.org\/wp-content\/uploads\/2025\/10\/Thonon-Trieste-FS_etape05-17-9x12.jpg 9w\" sizes=\"auto, (max-width: 909px) 100vw, 909px\" \/><\/a><\/figure>\n<\/div>\n\n\n<p>Endlich wieder vereint (uff!!), genie\u00dfen wir die hei\u00dfe Schokolade. Bitte mit Sahne! Dank Jean Marc, der f\u00fcr die Verpflegung sorgt, k\u00f6nnen wir zus\u00e4tzliche Schichten und lange Handschuhe anziehen.<\/p>\n\n\n\n<figure class=\"wp-block-gallery has-nested-images columns-default is-cropped wp-block-gallery-23 is-layout-flex wp-block-gallery-is-layout-flex\">\n<figure class=\"wp-block-image size-large\"><a href=\"https:\/\/centcols.org\/wp-content\/uploads\/2025\/10\/Thonon-Trieste-FS_etape05-18.jpg\"><img loading=\"lazy\" decoding=\"async\" width=\"1307\" height=\"1170\" data-id=\"91332\" src=\"https:\/\/centcols.org\/wp-content\/uploads\/2025\/10\/Thonon-Trieste-FS_etape05-18.jpg\" alt=\"\" class=\"wp-image-91332\" srcset=\"https:\/\/centcols.org\/wp-content\/uploads\/2025\/10\/Thonon-Trieste-FS_etape05-18.jpg 1307w, https:\/\/centcols.org\/wp-content\/uploads\/2025\/10\/Thonon-Trieste-FS_etape05-18-1200x1074.jpg 1200w, https:\/\/centcols.org\/wp-content\/uploads\/2025\/10\/Thonon-Trieste-FS_etape05-18-768x687.jpg 768w, https:\/\/centcols.org\/wp-content\/uploads\/2025\/10\/Thonon-Trieste-FS_etape05-18-13x12.jpg 13w\" sizes=\"auto, (max-width: 1307px) 100vw, 1307px\" \/><\/a><\/figure>\n\n\n\n<figure class=\"wp-block-image size-large\"><a href=\"https:\/\/centcols.org\/wp-content\/uploads\/2025\/10\/Thonon-Trieste-FS_etape05-20.jpg\"><img loading=\"lazy\" decoding=\"async\" width=\"1307\" height=\"557\" data-id=\"91327\" src=\"https:\/\/centcols.org\/wp-content\/uploads\/2025\/10\/Thonon-Trieste-FS_etape05-20.jpg\" alt=\"\" class=\"wp-image-91327\" srcset=\"https:\/\/centcols.org\/wp-content\/uploads\/2025\/10\/Thonon-Trieste-FS_etape05-20.jpg 1307w, https:\/\/centcols.org\/wp-content\/uploads\/2025\/10\/Thonon-Trieste-FS_etape05-20-1200x511.jpg 1200w, https:\/\/centcols.org\/wp-content\/uploads\/2025\/10\/Thonon-Trieste-FS_etape05-20-768x327.jpg 768w, https:\/\/centcols.org\/wp-content\/uploads\/2025\/10\/Thonon-Trieste-FS_etape05-20-18x8.jpg 18w\" sizes=\"auto, (max-width: 1307px) 100vw, 1307px\" \/><\/a><figcaption class=\"wp-element-caption\">Passo dello Stelvio (IT-BZ-2758), h\u00f6chster Pass der Reise<\/figcaption><\/figure>\n\n\n\n<figure class=\"wp-block-image size-large\"><a href=\"https:\/\/centcols.org\/wp-content\/uploads\/2025\/10\/Thonon-Trieste-FS_etape05-19.jpg\"><img loading=\"lazy\" decoding=\"async\" width=\"1307\" height=\"961\" data-id=\"91333\" src=\"https:\/\/centcols.org\/wp-content\/uploads\/2025\/10\/Thonon-Trieste-FS_etape05-19.jpg\" alt=\"\" class=\"wp-image-91333\" srcset=\"https:\/\/centcols.org\/wp-content\/uploads\/2025\/10\/Thonon-Trieste-FS_etape05-19.jpg 1307w, https:\/\/centcols.org\/wp-content\/uploads\/2025\/10\/Thonon-Trieste-FS_etape05-19-1200x882.jpg 1200w, https:\/\/centcols.org\/wp-content\/uploads\/2025\/10\/Thonon-Trieste-FS_etape05-19-768x565.jpg 768w, https:\/\/centcols.org\/wp-content\/uploads\/2025\/10\/Thonon-Trieste-FS_etape05-19-16x12.jpg 16w\" sizes=\"auto, (max-width: 1307px) 100vw, 1307px\" \/><\/a><\/figure>\n<\/figure>\n\n\n\n<figure class=\"wp-block-gallery has-nested-images columns-default is-cropped wp-block-gallery-24 is-layout-flex wp-block-gallery-is-layout-flex\">\n<figure class=\"wp-block-image size-large\"><a href=\"https:\/\/centcols.org\/wp-content\/uploads\/2025\/10\/Thonon-Trieste-FS_etape05-21.jpg\"><img loading=\"lazy\" decoding=\"async\" width=\"1307\" height=\"873\" data-id=\"91326\" src=\"https:\/\/centcols.org\/wp-content\/uploads\/2025\/10\/Thonon-Trieste-FS_etape05-21.jpg\" alt=\"\" class=\"wp-image-91326\" srcset=\"https:\/\/centcols.org\/wp-content\/uploads\/2025\/10\/Thonon-Trieste-FS_etape05-21.jpg 1307w, https:\/\/centcols.org\/wp-content\/uploads\/2025\/10\/Thonon-Trieste-FS_etape05-21-1200x802.jpg 1200w, https:\/\/centcols.org\/wp-content\/uploads\/2025\/10\/Thonon-Trieste-FS_etape05-21-768x513.jpg 768w, https:\/\/centcols.org\/wp-content\/uploads\/2025\/10\/Thonon-Trieste-FS_etape05-21-18x12.jpg 18w\" sizes=\"auto, (max-width: 1307px) 100vw, 1307px\" \/><\/a><figcaption class=\"wp-element-caption\">Eine gute hei\u00dfe Schokolade auf dem Gipfel des Stilfser Jochs vor dem anstrengenden Abstieg<\/figcaption><\/figure>\n\n\n\n<figure class=\"wp-block-image size-large\"><a href=\"https:\/\/centcols.org\/wp-content\/uploads\/2025\/10\/Thonon-Trieste-FS_etape05-22.jpg\"><img loading=\"lazy\" decoding=\"async\" width=\"1282\" height=\"1246\" data-id=\"91325\" src=\"https:\/\/centcols.org\/wp-content\/uploads\/2025\/10\/Thonon-Trieste-FS_etape05-22.jpg\" alt=\"\" class=\"wp-image-91325\" srcset=\"https:\/\/centcols.org\/wp-content\/uploads\/2025\/10\/Thonon-Trieste-FS_etape05-22.jpg 1282w, https:\/\/centcols.org\/wp-content\/uploads\/2025\/10\/Thonon-Trieste-FS_etape05-22-1200x1166.jpg 1200w, https:\/\/centcols.org\/wp-content\/uploads\/2025\/10\/Thonon-Trieste-FS_etape05-22-768x746.jpg 768w, https:\/\/centcols.org\/wp-content\/uploads\/2025\/10\/Thonon-Trieste-FS_etape05-22-12x12.jpg 12w\" sizes=\"auto, (max-width: 1282px) 100vw, 1282px\" \/><\/a><figcaption class=\"wp-element-caption\">Vor dem Abstieg r\u00fcsten wir uns so warm wie m\u00f6glich aus.<\/figcaption><\/figure>\n<\/figure>\n\n\n\n<p class=\"has-text-align-center\">Unsere Abfahrt auf der S\u00fcdtiroler Seite mit ihren 48 Kurven findet im str\u00f6menden Regen statt \ud83c\udf27\ud83c\udf27.<\/p>\n\n\n\n<figure class=\"wp-block-gallery has-nested-images columns-default is-cropped wp-block-gallery-25 is-layout-flex wp-block-gallery-is-layout-flex\">\n<figure class=\"wp-block-image size-large\"><a href=\"https:\/\/centcols.org\/wp-content\/uploads\/2025\/10\/Thonon-Trieste-FS_etape05-23.jpg\"><img loading=\"lazy\" decoding=\"async\" width=\"1307\" height=\"873\" data-id=\"91329\" src=\"https:\/\/centcols.org\/wp-content\/uploads\/2025\/10\/Thonon-Trieste-FS_etape05-23.jpg\" alt=\"\" class=\"wp-image-91329\" srcset=\"https:\/\/centcols.org\/wp-content\/uploads\/2025\/10\/Thonon-Trieste-FS_etape05-23.jpg 1307w, https:\/\/centcols.org\/wp-content\/uploads\/2025\/10\/Thonon-Trieste-FS_etape05-23-1200x802.jpg 1200w, https:\/\/centcols.org\/wp-content\/uploads\/2025\/10\/Thonon-Trieste-FS_etape05-23-768x513.jpg 768w, https:\/\/centcols.org\/wp-content\/uploads\/2025\/10\/Thonon-Trieste-FS_etape05-23-18x12.jpg 18w\" sizes=\"auto, (max-width: 1307px) 100vw, 1307px\" \/><\/a><\/figure>\n\n\n\n<figure class=\"wp-block-image size-large\"><a href=\"https:\/\/centcols.org\/wp-content\/uploads\/2025\/10\/Thonon-Trieste-FS_etape05-24.jpg\"><img loading=\"lazy\" decoding=\"async\" width=\"1307\" height=\"873\" data-id=\"91328\" src=\"https:\/\/centcols.org\/wp-content\/uploads\/2025\/10\/Thonon-Trieste-FS_etape05-24.jpg\" alt=\"\" class=\"wp-image-91328\" srcset=\"https:\/\/centcols.org\/wp-content\/uploads\/2025\/10\/Thonon-Trieste-FS_etape05-24.jpg 1307w, https:\/\/centcols.org\/wp-content\/uploads\/2025\/10\/Thonon-Trieste-FS_etape05-24-1200x802.jpg 1200w, https:\/\/centcols.org\/wp-content\/uploads\/2025\/10\/Thonon-Trieste-FS_etape05-24-768x513.jpg 768w, https:\/\/centcols.org\/wp-content\/uploads\/2025\/10\/Thonon-Trieste-FS_etape05-24-18x12.jpg 18w\" sizes=\"auto, (max-width: 1307px) 100vw, 1307px\" \/><\/a><\/figure>\n<\/figure>\n\n\n\n<p>Wir kommen v\u00f6llig durchn\u00e4sst in Malles-Venosta an. Unser Zimmer nimmt schnell den Charakter eines Zeltlagers an.<\/p>\n\n\n\n<figure class=\"wp-block-gallery has-nested-images columns-default is-cropped wp-block-gallery-26 is-layout-flex wp-block-gallery-is-layout-flex\">\n<figure class=\"wp-block-image size-large\"><a href=\"https:\/\/centcols.org\/wp-content\/uploads\/2025\/10\/Thonon-Trieste-FS_etape05-25.jpg\"><img loading=\"lazy\" decoding=\"async\" width=\"1307\" height=\"873\" data-id=\"91331\" src=\"https:\/\/centcols.org\/wp-content\/uploads\/2025\/10\/Thonon-Trieste-FS_etape05-25.jpg\" alt=\"\" class=\"wp-image-91331\" srcset=\"https:\/\/centcols.org\/wp-content\/uploads\/2025\/10\/Thonon-Trieste-FS_etape05-25.jpg 1307w, https:\/\/centcols.org\/wp-content\/uploads\/2025\/10\/Thonon-Trieste-FS_etape05-25-1200x802.jpg 1200w, https:\/\/centcols.org\/wp-content\/uploads\/2025\/10\/Thonon-Trieste-FS_etape05-25-768x513.jpg 768w, https:\/\/centcols.org\/wp-content\/uploads\/2025\/10\/Thonon-Trieste-FS_etape05-25-18x12.jpg 18w\" sizes=\"auto, (max-width: 1307px) 100vw, 1307px\" \/><\/a><\/figure>\n\n\n\n<figure class=\"wp-block-image size-large\"><a href=\"https:\/\/centcols.org\/wp-content\/uploads\/2025\/10\/Thonon-Trieste-FS_etape05-26.jpg\"><img loading=\"lazy\" decoding=\"async\" width=\"1307\" height=\"873\" data-id=\"91330\" src=\"https:\/\/centcols.org\/wp-content\/uploads\/2025\/10\/Thonon-Trieste-FS_etape05-26.jpg\" alt=\"\" class=\"wp-image-91330\" srcset=\"https:\/\/centcols.org\/wp-content\/uploads\/2025\/10\/Thonon-Trieste-FS_etape05-26.jpg 1307w, https:\/\/centcols.org\/wp-content\/uploads\/2025\/10\/Thonon-Trieste-FS_etape05-26-1200x802.jpg 1200w, https:\/\/centcols.org\/wp-content\/uploads\/2025\/10\/Thonon-Trieste-FS_etape05-26-768x513.jpg 768w, https:\/\/centcols.org\/wp-content\/uploads\/2025\/10\/Thonon-Trieste-FS_etape05-26-18x12.jpg 18w\" sizes=\"auto, (max-width: 1307px) 100vw, 1307px\" \/><\/a><figcaption class=\"wp-element-caption\">Wir befinden uns im deutschsprachigen Teil Italiens. Deutsch hat bei weitem Vorrang vor Italienisch.<br>\u00dcberraschend ...<\/figcaption><\/figure>\n<\/figure>\n\n\n\n<p>Wenn Sie das Stilfser Joch ohne Auto, aber mit vielen Fahrr\u00e4dern besteigen wollen, gibt es zwei Tage nach unserem Besuch einen speziellen Tag \u00abStilfser Joch ohne Auto\u00bb.\u00bb<br>Und, wenn Sie das Stilfser Joch bei Sonnenschein besteigen wollen, kommen Sie an einem sonnigen Tag \ud83d\ude09 ... Ich habe es mir zur Freude gemacht, diesen mythischen Pass zu besteigen. Zugegeben, wir haben ihn nicht unter optimalen Bedingungen geschafft. Allerdings hatte ich mich bei der Vorbereitung unserer Reise mit dem Gedanken angefreundet, dass der Aufstieg vielleicht unm\u00f6glich sein k\u00f6nnte. Ich dachte an einen m\u00f6glichen Schneesturm. Ich bin also positiv gestimmt und gehe sehr zufrieden aus diesem Abenteuer hervor. Und, um es vorwegzunehmen, am n\u00e4chsten Tag schneite es auf dem Gipfel. Dies ist auf der Webcam auf dem Gipfel zu sehen.<br>Wir erfahren es erst am n\u00e4chsten Tag, aber die Stra\u00dfe war wegen eines roten Alarms gesperrt: Unwetter in der Lombardei. Also halte ich mich nat\u00fcrlich bedeckt, denn es ist offensichtlich, dass wir nicht h\u00e4tten durchfahren sollen. Aber: Danke an den italienischen Taxifahrer!<\/p>\n\n\n\n<div class=\"wp-block-buttons is-content-justification-space-between is-layout-flex wp-container-core-buttons-is-layout-3d213aab wp-block-buttons-is-layout-flex\">\n<div class=\"wp-block-button\"><a class=\"wp-block-button__link has-text-color has-background has-link-color wp-element-button\" href=\"https:\/\/centcols.org\/de\/thonon-trieste-fred-singla-2025\/5\/\" style=\"color:#2a488c;background-color:#88f2fd;text-transform:uppercase\"><strong>Vorheriger Schritt<\/strong><\/a><\/div>\n\n\n\n<div class=\"wp-block-button\"><a class=\"wp-block-button__link has-text-color has-background has-link-color wp-element-button\" href=\"https:\/\/centcols.org\/de\/thonon-trieste-fred-singla-2025\/7\/\" style=\"color:#2a488c;background-color:#88f2fd;text-transform:uppercase\"><strong>N\u00e4chster Schritt<\/strong><\/a><\/div>\n<\/div>\n\n\n\n<!--nextpage-->\n\n\n\n<h2 class=\"wp-block-heading\"><em> Tag 6: von<\/em> Malles-Venosta in Bozen<\/h2>\n\n\n\n<p>137 km - 1950 m H\u00f6henunterschied, 2 P\u00e4sse <\/p>\n\n\n\n<p>In Malles-Venosta, wo wir gestern also Schritt f\u00fcr Schritt gegangen sind, waren wir zwar in Italien, aber in einer deutschsprachigen Region. Jeder spricht Deutsch und alles wird zuerst auf Deutsch und dann auf Italienisch geschrieben. Alle St\u00e4dte, Orte und andere Dinge haben zwei Namen ... Man sp\u00fcrt \u00fcberall viel mehr den deutschen Einfluss als den italienischen. Wir werden diese Besonderheit fast bis nach Bozen feststellen.<br>So sehr ich auch wusste, dass die Schweiz auf mehrere Kultur- und Sprachregionen aufgeteilt ist. Deutsch, Franz\u00f6sisch, Italienisch und R\u00e4toromanisch, um nur einige zu nennen. Dasselbe gilt f\u00fcr Belgien mit den franz\u00f6sischsprachigen und den niederl\u00e4ndischsprachigen L\u00e4ndern. Mir war v\u00f6llig unbekannt, dass in einigen Regionen Italiens Deutsch die Hauptsprache ist.<br><br>Wir verlassen Malle im Regen und die ersten 20 km sind sehr unangenehm. Nachdem wir Glorenza (Glurns) durchquert haben, biegen wir anschlie\u00dfend f\u00fcr 30 km auf einen Radweg ab. Er folgt der Etsch (Etsch), die durch die Unwetter der letzten Tage ziemlich vergr\u00f6bert wurde.<\/p>\n\n\n<div class=\"wp-block-image\">\n<figure class=\"aligncenter size-full is-resized\"><a href=\"https:\/\/centcols.org\/wp-content\/uploads\/2025\/10\/Thonon-Trieste-FS_etape06-01.jpg\"><img loading=\"lazy\" decoding=\"async\" width=\"1307\" height=\"873\" src=\"https:\/\/centcols.org\/wp-content\/uploads\/2025\/10\/Thonon-Trieste-FS_etape06-01.jpg\" alt=\"\" class=\"wp-image-91361\" style=\"width:800px\" srcset=\"https:\/\/centcols.org\/wp-content\/uploads\/2025\/10\/Thonon-Trieste-FS_etape06-01.jpg 1307w, https:\/\/centcols.org\/wp-content\/uploads\/2025\/10\/Thonon-Trieste-FS_etape06-01-1200x802.jpg 1200w, https:\/\/centcols.org\/wp-content\/uploads\/2025\/10\/Thonon-Trieste-FS_etape06-01-768x513.jpg 768w, https:\/\/centcols.org\/wp-content\/uploads\/2025\/10\/Thonon-Trieste-FS_etape06-01-18x12.jpg 18w\" sizes=\"auto, (max-width: 1307px) 100vw, 1307px\" \/><\/a><figcaption class=\"wp-element-caption\">Wir durchqueren Glurns (Glorenza) im Regen.<br>Das wird zur Gewohnheit<\/figcaption><\/figure>\n<\/div>\n\n\n<figure class=\"wp-block-gallery has-nested-images columns-default is-cropped wp-block-gallery-27 is-layout-flex wp-block-gallery-is-layout-flex\">\n<figure class=\"wp-block-image size-large\"><a href=\"https:\/\/centcols.org\/wp-content\/uploads\/2025\/10\/Thonon-Trieste-FS_etape06-02.jpg\"><img loading=\"lazy\" decoding=\"async\" width=\"1307\" height=\"873\" data-id=\"91363\" src=\"https:\/\/centcols.org\/wp-content\/uploads\/2025\/10\/Thonon-Trieste-FS_etape06-02.jpg\" alt=\"\" class=\"wp-image-91363\" srcset=\"https:\/\/centcols.org\/wp-content\/uploads\/2025\/10\/Thonon-Trieste-FS_etape06-02.jpg 1307w, https:\/\/centcols.org\/wp-content\/uploads\/2025\/10\/Thonon-Trieste-FS_etape06-02-1200x802.jpg 1200w, https:\/\/centcols.org\/wp-content\/uploads\/2025\/10\/Thonon-Trieste-FS_etape06-02-768x513.jpg 768w, https:\/\/centcols.org\/wp-content\/uploads\/2025\/10\/Thonon-Trieste-FS_etape06-02-18x12.jpg 18w\" sizes=\"auto, (max-width: 1307px) 100vw, 1307px\" \/><\/a><\/figure>\n\n\n\n<figure class=\"wp-block-image size-large\"><a href=\"https:\/\/centcols.org\/wp-content\/uploads\/2025\/10\/Thonon-Trieste-FS_etape06-04.jpg\"><img loading=\"lazy\" decoding=\"async\" width=\"731\" height=\"1246\" data-id=\"91362\" src=\"https:\/\/centcols.org\/wp-content\/uploads\/2025\/10\/Thonon-Trieste-FS_etape06-04.jpg\" alt=\"\" class=\"wp-image-91362\" srcset=\"https:\/\/centcols.org\/wp-content\/uploads\/2025\/10\/Thonon-Trieste-FS_etape06-04.jpg 731w, https:\/\/centcols.org\/wp-content\/uploads\/2025\/10\/Thonon-Trieste-FS_etape06-04-704x1200.jpg 704w, https:\/\/centcols.org\/wp-content\/uploads\/2025\/10\/Thonon-Trieste-FS_etape06-04-7x12.jpg 7w\" sizes=\"auto, (max-width: 731px) 100vw, 731px\" \/><\/a><figcaption class=\"wp-element-caption\">Zuerst auf Deutsch, dann auf Italienisch<\/figcaption><\/figure>\n\n\n\n<figure class=\"wp-block-image size-large\"><a href=\"https:\/\/centcols.org\/wp-content\/uploads\/2025\/10\/Thonon-Trieste-FS_etape06-03.jpg\"><img loading=\"lazy\" decoding=\"async\" width=\"1307\" height=\"873\" data-id=\"91364\" src=\"https:\/\/centcols.org\/wp-content\/uploads\/2025\/10\/Thonon-Trieste-FS_etape06-03.jpg\" alt=\"\" class=\"wp-image-91364\" srcset=\"https:\/\/centcols.org\/wp-content\/uploads\/2025\/10\/Thonon-Trieste-FS_etape06-03.jpg 1307w, https:\/\/centcols.org\/wp-content\/uploads\/2025\/10\/Thonon-Trieste-FS_etape06-03-1200x802.jpg 1200w, https:\/\/centcols.org\/wp-content\/uploads\/2025\/10\/Thonon-Trieste-FS_etape06-03-768x513.jpg 768w, https:\/\/centcols.org\/wp-content\/uploads\/2025\/10\/Thonon-Trieste-FS_etape06-03-18x12.jpg 18w\" sizes=\"auto, (max-width: 1307px) 100vw, 1307px\" \/><\/a><\/figure>\n<\/figure>\n\n\n\n<p><br>Wir befinden uns im Vinschgau, wo es von Apfelplantagen nur so wimmelt. Ich dachte, ich h\u00e4tte sie am ersten Tag in der Schweiz gesehen, aber hier sind wir in einer anderen Dimension. Ein sehr breites Tal voller Obstplantagen, dem wir 60 km lang folgen. Endlich h\u00f6rt es auf zu regnen \ud83d\ude0a.<\/p>\n\n\n<div class=\"wp-block-image\">\n<figure class=\"aligncenter size-full is-resized\"><a href=\"https:\/\/centcols.org\/wp-content\/uploads\/2025\/10\/Thonon-Trieste-FS_etape06-05.jpg\"><img loading=\"lazy\" decoding=\"async\" width=\"1307\" height=\"873\" src=\"https:\/\/centcols.org\/wp-content\/uploads\/2025\/10\/Thonon-Trieste-FS_etape06-05.jpg\" alt=\"\" class=\"wp-image-91365\" style=\"width:800px\" srcset=\"https:\/\/centcols.org\/wp-content\/uploads\/2025\/10\/Thonon-Trieste-FS_etape06-05.jpg 1307w, https:\/\/centcols.org\/wp-content\/uploads\/2025\/10\/Thonon-Trieste-FS_etape06-05-1200x802.jpg 1200w, https:\/\/centcols.org\/wp-content\/uploads\/2025\/10\/Thonon-Trieste-FS_etape06-05-768x513.jpg 768w, https:\/\/centcols.org\/wp-content\/uploads\/2025\/10\/Thonon-Trieste-FS_etape06-05-18x12.jpg 18w\" sizes=\"auto, (max-width: 1307px) 100vw, 1307px\" \/><\/a><\/figure>\n<\/div>\n\n\n<p><br>Aufstieg zum Passo Palade, der von Motorradfahrern \u00fcberrannt wird. Ihre Hauptabwechslung, nach dem \u00dcberholen von Radfahrern mit aufheulenden Motoren, scheint darin zu bestehen, Vereinsaufkleber an den Passschildern anzubringen.<\/p>\n\n\n<div class=\"wp-block-image\">\n<figure class=\"aligncenter size-large is-resized\"><a href=\"https:\/\/centcols.org\/wp-content\/uploads\/2025\/10\/Thonon-Trieste-FS_etape06-06.jpg\"><img loading=\"lazy\" decoding=\"async\" width=\"641\" height=\"1246\" src=\"https:\/\/centcols.org\/wp-content\/uploads\/2025\/10\/Thonon-Trieste-FS_etape06-06.jpg\" alt=\"\" class=\"wp-image-91366\" style=\"width:auto;height:500px\" srcset=\"https:\/\/centcols.org\/wp-content\/uploads\/2025\/10\/Thonon-Trieste-FS_etape06-06.jpg 641w, https:\/\/centcols.org\/wp-content\/uploads\/2025\/10\/Thonon-Trieste-FS_etape06-06-617x1200.jpg 617w, https:\/\/centcols.org\/wp-content\/uploads\/2025\/10\/Thonon-Trieste-FS_etape06-06-6x12.jpg 6w\" sizes=\"auto, (max-width: 641px) 100vw, 641px\" \/><\/a><figcaption class=\"wp-element-caption\">Der Grenzstein zwischen den beiden Provinzen markiert den Passo Palade<\/figcaption><\/figure>\n<\/div>\n\n<div class=\"wp-block-image\">\n<figure class=\"aligncenter size-large is-resized\"><a href=\"https:\/\/centcols.org\/wp-content\/uploads\/2025\/10\/Thonon-Trieste-FS_etape06-07.jpg\"><img loading=\"lazy\" decoding=\"async\" width=\"1238\" height=\"1246\" src=\"https:\/\/centcols.org\/wp-content\/uploads\/2025\/10\/Thonon-Trieste-FS_etape06-07.jpg\" alt=\"\" class=\"wp-image-91367\" style=\"width:600px\" srcset=\"https:\/\/centcols.org\/wp-content\/uploads\/2025\/10\/Thonon-Trieste-FS_etape06-07.jpg 1238w, https:\/\/centcols.org\/wp-content\/uploads\/2025\/10\/Thonon-Trieste-FS_etape06-07-1192x1200.jpg 1192w, https:\/\/centcols.org\/wp-content\/uploads\/2025\/10\/Thonon-Trieste-FS_etape06-07-150x150.jpg 150w, https:\/\/centcols.org\/wp-content\/uploads\/2025\/10\/Thonon-Trieste-FS_etape06-07-768x773.jpg 768w, https:\/\/centcols.org\/wp-content\/uploads\/2025\/10\/Thonon-Trieste-FS_etape06-07-12x12.jpg 12w\" sizes=\"auto, (max-width: 1238px) 100vw, 1238px\" \/><\/a><\/figure>\n<\/div>\n\n\n<p><br>In Villini dell\u2019 Alpe sind die H\u00e4user wie \u00fcberall geschm\u00fcckt. Die Besitzerin des Hauses erkl\u00e4rte mir, dass \u00abil pap\u00e0\u00bb Taxi fuhr und \u00abla mamma\u00bb das Brot auslieferte. So habe ich es zumindest verstanden, da sie weder Franz\u00f6sisch noch Englisch spricht und ich kein Italienisch. Was ich jedoch perfekt verstehe, ist, was sie zu ihrem Mann sagt, als ich wieder gehe: \u00abil signore dice \u00e9 molto bello\u00bb, was ich mit \u00abDer Herr, er hat gesagt, dass es sehr sch\u00f6n ist\u00bb \u00fcbersetzt habe.\u00bb<\/p>\n\n\n\n<figure class=\"wp-block-gallery has-nested-images columns-default is-cropped wp-block-gallery-28 is-layout-flex wp-block-gallery-is-layout-flex\">\n<figure class=\"wp-block-image size-large\"><a href=\"https:\/\/centcols.org\/wp-content\/uploads\/2025\/10\/Thonon-Trieste-FS_etape06-08.jpg\"><img loading=\"lazy\" decoding=\"async\" width=\"1307\" height=\"873\" data-id=\"91370\" src=\"https:\/\/centcols.org\/wp-content\/uploads\/2025\/10\/Thonon-Trieste-FS_etape06-08.jpg\" alt=\"\" class=\"wp-image-91370\" srcset=\"https:\/\/centcols.org\/wp-content\/uploads\/2025\/10\/Thonon-Trieste-FS_etape06-08.jpg 1307w, https:\/\/centcols.org\/wp-content\/uploads\/2025\/10\/Thonon-Trieste-FS_etape06-08-1200x802.jpg 1200w, https:\/\/centcols.org\/wp-content\/uploads\/2025\/10\/Thonon-Trieste-FS_etape06-08-768x513.jpg 768w, https:\/\/centcols.org\/wp-content\/uploads\/2025\/10\/Thonon-Trieste-FS_etape06-08-18x12.jpg 18w\" sizes=\"auto, (max-width: 1307px) 100vw, 1307px\" \/><\/a><\/figure>\n\n\n\n<figure class=\"wp-block-image size-large\"><a href=\"https:\/\/centcols.org\/wp-content\/uploads\/2025\/10\/Thonon-Trieste-FS_etape06-09.jpg\"><img loading=\"lazy\" decoding=\"async\" width=\"1307\" height=\"873\" data-id=\"91369\" src=\"https:\/\/centcols.org\/wp-content\/uploads\/2025\/10\/Thonon-Trieste-FS_etape06-09.jpg\" alt=\"\" class=\"wp-image-91369\" srcset=\"https:\/\/centcols.org\/wp-content\/uploads\/2025\/10\/Thonon-Trieste-FS_etape06-09.jpg 1307w, https:\/\/centcols.org\/wp-content\/uploads\/2025\/10\/Thonon-Trieste-FS_etape06-09-1200x802.jpg 1200w, https:\/\/centcols.org\/wp-content\/uploads\/2025\/10\/Thonon-Trieste-FS_etape06-09-768x513.jpg 768w, https:\/\/centcols.org\/wp-content\/uploads\/2025\/10\/Thonon-Trieste-FS_etape06-09-18x12.jpg 18w\" sizes=\"auto, (max-width: 1307px) 100vw, 1307px\" \/><\/a><figcaption class=\"wp-element-caption\">Ich unterhielt mich mit der Besitzerin und glaubte zu verstehen, dass damals: Die Mama lieferte das Brot aus und der Papa fuhr Taxi.<\/figcaption><\/figure>\n<\/figure>\n\n\n\n<p>Es ist wieder ein sch\u00f6ner Radweg, der uns zum Passo della Mendola f\u00fchrt. Er hat die Besonderheit, dass er auf den letzten drei Kilometern zwischen 9 und 20 % liegt. Ah, wir sind weit entfernt von den Radwegen in den Landes! Es ist zwar nicht das Stilfser Joch, aber immerhin!<\/p>\n\n\n\n<figure class=\"wp-block-gallery has-nested-images columns-default is-cropped wp-block-gallery-29 is-layout-flex wp-block-gallery-is-layout-flex\">\n<figure class=\"wp-block-image size-large\"><a href=\"https:\/\/centcols.org\/wp-content\/uploads\/2025\/10\/Thonon-Trieste-FS_etape06-10.jpg\"><img loading=\"lazy\" decoding=\"async\" width=\"1307\" height=\"873\" data-id=\"91371\" src=\"https:\/\/centcols.org\/wp-content\/uploads\/2025\/10\/Thonon-Trieste-FS_etape06-10.jpg\" alt=\"\" class=\"wp-image-91371\" srcset=\"https:\/\/centcols.org\/wp-content\/uploads\/2025\/10\/Thonon-Trieste-FS_etape06-10.jpg 1307w, https:\/\/centcols.org\/wp-content\/uploads\/2025\/10\/Thonon-Trieste-FS_etape06-10-1200x802.jpg 1200w, https:\/\/centcols.org\/wp-content\/uploads\/2025\/10\/Thonon-Trieste-FS_etape06-10-768x513.jpg 768w, https:\/\/centcols.org\/wp-content\/uploads\/2025\/10\/Thonon-Trieste-FS_etape06-10-18x12.jpg 18w\" sizes=\"auto, (max-width: 1307px) 100vw, 1307px\" \/><\/a><figcaption class=\"wp-element-caption\">Fahrradweg<\/figcaption><\/figure>\n\n\n\n<figure class=\"wp-block-image size-large\"><a href=\"https:\/\/centcols.org\/wp-content\/uploads\/2025\/10\/Thonon-Trieste-FS_etape06-11.jpg\"><img loading=\"lazy\" decoding=\"async\" width=\"1307\" height=\"724\" data-id=\"91372\" src=\"https:\/\/centcols.org\/wp-content\/uploads\/2025\/10\/Thonon-Trieste-FS_etape06-11.jpg\" alt=\"\" class=\"wp-image-91372\" srcset=\"https:\/\/centcols.org\/wp-content\/uploads\/2025\/10\/Thonon-Trieste-FS_etape06-11.jpg 1307w, https:\/\/centcols.org\/wp-content\/uploads\/2025\/10\/Thonon-Trieste-FS_etape06-11-1200x665.jpg 1200w, https:\/\/centcols.org\/wp-content\/uploads\/2025\/10\/Thonon-Trieste-FS_etape06-11-768x425.jpg 768w, https:\/\/centcols.org\/wp-content\/uploads\/2025\/10\/Thonon-Trieste-FS_etape06-11-18x10.jpg 18w\" sizes=\"auto, (max-width: 1307px) 100vw, 1307px\" \/><\/a><figcaption class=\"wp-element-caption\">Passo Mendola (IT-BZ-1363)<\/figcaption><\/figure>\n<\/figure>\n\n\n<div class=\"wp-block-image\">\n<figure class=\"aligncenter size-large is-resized\"><a href=\"https:\/\/centcols.org\/wp-content\/uploads\/2025\/10\/Thonon-Trieste-FS_etape06-15-scaled.jpg\"><img loading=\"lazy\" decoding=\"async\" width=\"1920\" height=\"1283\" src=\"https:\/\/centcols.org\/wp-content\/uploads\/2025\/10\/Thonon-Trieste-FS_etape06-15-1920x1283.jpg\" alt=\"\" class=\"wp-image-91368\" style=\"width:600px\" srcset=\"https:\/\/centcols.org\/wp-content\/uploads\/2025\/10\/Thonon-Trieste-FS_etape06-15-1920x1283.jpg 1920w, https:\/\/centcols.org\/wp-content\/uploads\/2025\/10\/Thonon-Trieste-FS_etape06-15-1200x802.jpg 1200w, https:\/\/centcols.org\/wp-content\/uploads\/2025\/10\/Thonon-Trieste-FS_etape06-15-768x513.jpg 768w, https:\/\/centcols.org\/wp-content\/uploads\/2025\/10\/Thonon-Trieste-FS_etape06-15-1536x1026.jpg 1536w, https:\/\/centcols.org\/wp-content\/uploads\/2025\/10\/Thonon-Trieste-FS_etape06-15-2048x1368.jpg 2048w, https:\/\/centcols.org\/wp-content\/uploads\/2025\/10\/Thonon-Trieste-FS_etape06-15-18x12.jpg 18w\" sizes=\"auto, (max-width: 1920px) 100vw, 1920px\" \/><\/a><figcaption class=\"wp-element-caption\">Um meine vorherige Bemerkung zu den Motorradfahrern zu unterst\u00fctzen, sei angemerkt, dass dieses Schild etwa 5 m \u00fcber dem Boden thront!<\/figcaption><\/figure>\n<\/div>\n\n\n<p>Auf der wundersch\u00f6nen Abfahrt vom Mendola atemberaubende Ausblicke auf Bozen (Bolsen) und das Etschtal.<\/p>\n\n\n\n<figure class=\"wp-block-gallery has-nested-images columns-default is-cropped wp-block-gallery-30 is-layout-flex wp-block-gallery-is-layout-flex\">\n<figure class=\"wp-block-image size-large\"><a href=\"https:\/\/centcols.org\/wp-content\/uploads\/2025\/10\/Thonon-Trieste-FS_etape06-12.jpg\"><img loading=\"lazy\" decoding=\"async\" width=\"1307\" height=\"873\" data-id=\"91374\" src=\"https:\/\/centcols.org\/wp-content\/uploads\/2025\/10\/Thonon-Trieste-FS_etape06-12.jpg\" alt=\"\" class=\"wp-image-91374\" srcset=\"https:\/\/centcols.org\/wp-content\/uploads\/2025\/10\/Thonon-Trieste-FS_etape06-12.jpg 1307w, https:\/\/centcols.org\/wp-content\/uploads\/2025\/10\/Thonon-Trieste-FS_etape06-12-1200x802.jpg 1200w, https:\/\/centcols.org\/wp-content\/uploads\/2025\/10\/Thonon-Trieste-FS_etape06-12-768x513.jpg 768w, https:\/\/centcols.org\/wp-content\/uploads\/2025\/10\/Thonon-Trieste-FS_etape06-12-18x12.jpg 18w\" sizes=\"auto, (max-width: 1307px) 100vw, 1307px\" \/><\/a><\/figure>\n\n\n\n<figure class=\"wp-block-image size-large\"><a href=\"https:\/\/centcols.org\/wp-content\/uploads\/2025\/10\/Thonon-Trieste-FS_etape06-13.jpg\"><img loading=\"lazy\" decoding=\"async\" width=\"1307\" height=\"873\" data-id=\"91373\" src=\"https:\/\/centcols.org\/wp-content\/uploads\/2025\/10\/Thonon-Trieste-FS_etape06-13.jpg\" alt=\"\" class=\"wp-image-91373\" srcset=\"https:\/\/centcols.org\/wp-content\/uploads\/2025\/10\/Thonon-Trieste-FS_etape06-13.jpg 1307w, https:\/\/centcols.org\/wp-content\/uploads\/2025\/10\/Thonon-Trieste-FS_etape06-13-1200x802.jpg 1200w, https:\/\/centcols.org\/wp-content\/uploads\/2025\/10\/Thonon-Trieste-FS_etape06-13-768x513.jpg 768w, https:\/\/centcols.org\/wp-content\/uploads\/2025\/10\/Thonon-Trieste-FS_etape06-13-18x12.jpg 18w\" sizes=\"auto, (max-width: 1307px) 100vw, 1307px\" \/><\/a><\/figure>\n<\/figure>\n\n\n\n<p>Ein sch\u00f6ner Radweg, noch einer, f\u00fchrt uns durch das Tal zwischen den vielen Weinbergen.<\/p>\n\n\n<div class=\"wp-block-image\">\n<figure class=\"aligncenter size-full is-resized\"><a href=\"https:\/\/centcols.org\/wp-content\/uploads\/2025\/10\/Thonon-Trieste-FS_etape06-14-1.jpg\"><img loading=\"lazy\" decoding=\"async\" width=\"1307\" height=\"873\" src=\"https:\/\/centcols.org\/wp-content\/uploads\/2025\/10\/Thonon-Trieste-FS_etape06-14-1.jpg\" alt=\"\" class=\"wp-image-91376\" style=\"width:800px\" srcset=\"https:\/\/centcols.org\/wp-content\/uploads\/2025\/10\/Thonon-Trieste-FS_etape06-14-1.jpg 1307w, https:\/\/centcols.org\/wp-content\/uploads\/2025\/10\/Thonon-Trieste-FS_etape06-14-1-1200x802.jpg 1200w, https:\/\/centcols.org\/wp-content\/uploads\/2025\/10\/Thonon-Trieste-FS_etape06-14-1-768x513.jpg 768w, https:\/\/centcols.org\/wp-content\/uploads\/2025\/10\/Thonon-Trieste-FS_etape06-14-1-18x12.jpg 18w\" sizes=\"auto, (max-width: 1307px) 100vw, 1307px\" \/><\/a><\/figure>\n<\/div>\n\n\n<p><br>Ankunft in unserem Hotel nach 137 km, D 1950 und 2 P\u00e4ssen mit geringer H\u00f6he (1512 und 1363), die aber nicht so einfach sind! 50 km wundersch\u00f6ne Radwege heute.<br><br>Morgen geht es in die Dolomiten. Wir dr\u00fccken die Daumen f\u00fcr das Wetter.<\/p>\n\n\n\n<p>Als wir das Restaurant verlassen, tobt \u00fcber den Bergen, die die Stadt umgeben, ein gro\u00dfes Gewitter. Die Donnerschl\u00e4ge und Blitze sind beeindruckend. <\/p>\n\n\n\n<p>Kommen Sie, alles, was heute Abend f\u00e4llt, wird morgen nicht fallen ... im Prinzip.<\/p>\n\n\n\n<div class=\"wp-block-buttons is-content-justification-space-between is-layout-flex wp-container-core-buttons-is-layout-3d213aab wp-block-buttons-is-layout-flex\">\n<div class=\"wp-block-button\"><a class=\"wp-block-button__link has-text-color has-background has-link-color wp-element-button\" href=\"https:\/\/centcols.org\/de\/thonon-trieste-fred-singla-2025\/6\/\" style=\"color:#2a488c;background-color:#88f2fd;text-transform:uppercase\"><strong>Vorheriger Schritt<\/strong><\/a><\/div>\n\n\n\n<div class=\"wp-block-button\"><a class=\"wp-block-button__link has-text-color has-background has-link-color wp-element-button\" href=\"https:\/\/centcols.org\/de\/thonon-trieste-fred-singla-2025\/8\/\" style=\"color:#2a488c;background-color:#88f2fd;text-transform:uppercase\"><strong>N\u00e4chster Schritt<\/strong><\/a><\/div>\n<\/div>\n\n\n\n<!--nextpage-->\n\n\n\n<h2 class=\"wp-block-heading\"><em> Tag 7: von <\/em>Bozen nach Arabba<\/h2>\n\n\n\n<p>96 km - 3200 m H\u00f6henunterschied, 7 P\u00e4sse, davon 6 &gt;2000 m<\/p>\n\n\n\n<p>Auf dieser Etappe werden wir uns in einer Region bewegen, die f\u00fcr jeden Radfahrer, der die Berge liebt, ein Traum ist. F\u00fcr einen Centcolist ist es nicht \u00fcbertrieben, von einem Must zu sprechen, wenn man die Dolomiten erw\u00e4hnt. Ein Muss, aber auch sehr anspruchsvoll!<\/p>\n\n\n\n<p>Wieder einmal verlassen wir das Hotel im Regen. Bozen ist ein gro\u00dfer Ballungsraum, aber die Ausfahrt aus der Stadt wird durch ein sehr sch\u00f6nes Radwegenetz erleichtert.<\/p>\n\n\n\n<p>Wir gehen am Isarco (Eisack) entlang, den wir dann \u00fcber eine seltsame \u00fcberdachte Br\u00fccke ganz aus Holz \u00fcberqueren. Sobald wir das Tal verlassen, sind die Prozents\u00e4tze beeindruckend. Bis dahin hatte ich die 34 x 34 nicht angezogen. Das habe ich getan ...<\/p>\n\n\n\n<figure class=\"wp-block-gallery has-nested-images columns-default is-cropped wp-block-gallery-31 is-layout-flex wp-block-gallery-is-layout-flex\">\n<figure class=\"wp-block-image size-large\"><a href=\"https:\/\/centcols.org\/wp-content\/uploads\/2025\/10\/Thonon-Trieste-FS_etape07-01.jpg\"><img loading=\"lazy\" decoding=\"async\" width=\"1200\" height=\"802\" data-id=\"91447\" src=\"https:\/\/centcols.org\/wp-content\/uploads\/2025\/10\/Thonon-Trieste-FS_etape07-01.jpg\" alt=\"\" class=\"wp-image-91447\" srcset=\"https:\/\/centcols.org\/wp-content\/uploads\/2025\/10\/Thonon-Trieste-FS_etape07-01.jpg 1200w, https:\/\/centcols.org\/wp-content\/uploads\/2025\/10\/Thonon-Trieste-FS_etape07-01-768x513.jpg 768w, https:\/\/centcols.org\/wp-content\/uploads\/2025\/10\/Thonon-Trieste-FS_etape07-01-18x12.jpg 18w\" sizes=\"auto, (max-width: 1200px) 100vw, 1200px\" \/><\/a><\/figure>\n\n\n\n<figure class=\"wp-block-image size-large\"><a href=\"https:\/\/centcols.org\/wp-content\/uploads\/2025\/10\/Thonon-Trieste-FS_etape07-02.jpg\"><img loading=\"lazy\" decoding=\"async\" width=\"1200\" height=\"802\" data-id=\"91446\" src=\"https:\/\/centcols.org\/wp-content\/uploads\/2025\/10\/Thonon-Trieste-FS_etape07-02.jpg\" alt=\"\" class=\"wp-image-91446\" srcset=\"https:\/\/centcols.org\/wp-content\/uploads\/2025\/10\/Thonon-Trieste-FS_etape07-02.jpg 1200w, https:\/\/centcols.org\/wp-content\/uploads\/2025\/10\/Thonon-Trieste-FS_etape07-02-768x513.jpg 768w, https:\/\/centcols.org\/wp-content\/uploads\/2025\/10\/Thonon-Trieste-FS_etape07-02-18x12.jpg 18w\" sizes=\"auto, (max-width: 1200px) 100vw, 1200px\" \/><\/a><figcaption class=\"wp-element-caption\">Sobald wir das Isarco-Tal verlassen, b\u00e4umt sich die Stra\u00dfe SEHR ernsthaft auf.<\/figcaption><\/figure>\n<\/figure>\n\n\n\n<p>Nach der Durchquerung von Kasteltuth (Castelrotto), wo ein Haus mehr verziert ist als das andere, erreichen wir den Passo di Pin\u00e9i ... im Nebel. Alle Inschriften sind jetzt dreisprachig, ladinisch, deutsch und italienisch. Wir tauchen also auf Runcadic oder Rungaditsch oder Roncadizza ein. Gibt es auch 3 Gentilen f\u00fcr die Einwohner? Mysterium ....&nbsp;<\/p>\n\n\n\n<figure class=\"wp-block-gallery has-nested-images columns-default is-cropped wp-block-gallery-32 is-layout-flex wp-block-gallery-is-layout-flex\">\n<figure class=\"wp-block-image size-large\"><a href=\"https:\/\/centcols.org\/wp-content\/uploads\/2025\/10\/Thonon-Trieste-FS_etape07-03.jpg\"><img loading=\"lazy\" decoding=\"async\" width=\"1200\" height=\"802\" data-id=\"91452\" src=\"https:\/\/centcols.org\/wp-content\/uploads\/2025\/10\/Thonon-Trieste-FS_etape07-03.jpg\" alt=\"\" class=\"wp-image-91452\" srcset=\"https:\/\/centcols.org\/wp-content\/uploads\/2025\/10\/Thonon-Trieste-FS_etape07-03.jpg 1200w, https:\/\/centcols.org\/wp-content\/uploads\/2025\/10\/Thonon-Trieste-FS_etape07-03-768x513.jpg 768w, https:\/\/centcols.org\/wp-content\/uploads\/2025\/10\/Thonon-Trieste-FS_etape07-03-18x12.jpg 18w\" sizes=\"auto, (max-width: 1200px) 100vw, 1200px\" \/><\/a><\/figure>\n\n\n\n<figure class=\"wp-block-image size-large\"><a href=\"https:\/\/centcols.org\/wp-content\/uploads\/2025\/10\/Thonon-Trieste-FS_etape07-04.jpg\"><img loading=\"lazy\" decoding=\"async\" width=\"1200\" height=\"802\" data-id=\"91450\" src=\"https:\/\/centcols.org\/wp-content\/uploads\/2025\/10\/Thonon-Trieste-FS_etape07-04.jpg\" alt=\"\" class=\"wp-image-91450\" srcset=\"https:\/\/centcols.org\/wp-content\/uploads\/2025\/10\/Thonon-Trieste-FS_etape07-04.jpg 1200w, https:\/\/centcols.org\/wp-content\/uploads\/2025\/10\/Thonon-Trieste-FS_etape07-04-768x513.jpg 768w, https:\/\/centcols.org\/wp-content\/uploads\/2025\/10\/Thonon-Trieste-FS_etape07-04-18x12.jpg 18w\" sizes=\"auto, (max-width: 1200px) 100vw, 1200px\" \/><\/a><\/figure>\n\n\n\n<figure class=\"wp-block-image size-large\"><a href=\"https:\/\/centcols.org\/wp-content\/uploads\/2025\/10\/Thonon-Trieste-FS_etape07-05.jpg\"><img loading=\"lazy\" decoding=\"async\" width=\"1200\" height=\"802\" data-id=\"91453\" src=\"https:\/\/centcols.org\/wp-content\/uploads\/2025\/10\/Thonon-Trieste-FS_etape07-05.jpg\" alt=\"\" class=\"wp-image-91453\" srcset=\"https:\/\/centcols.org\/wp-content\/uploads\/2025\/10\/Thonon-Trieste-FS_etape07-05.jpg 1200w, https:\/\/centcols.org\/wp-content\/uploads\/2025\/10\/Thonon-Trieste-FS_etape07-05-768x513.jpg 768w, https:\/\/centcols.org\/wp-content\/uploads\/2025\/10\/Thonon-Trieste-FS_etape07-05-18x12.jpg 18w\" sizes=\"auto, (max-width: 1200px) 100vw, 1200px\" \/><\/a><\/figure>\n<figcaption class=\"blocks-gallery-caption wp-element-caption\">Kasteltuth (Kastelrotto)<\/figcaption><\/figure>\n\n\n\n<figure class=\"wp-block-gallery has-nested-images columns-default is-cropped wp-block-gallery-33 is-layout-flex wp-block-gallery-is-layout-flex\">\n<figure class=\"wp-block-image size-large\"><a href=\"https:\/\/centcols.org\/wp-content\/uploads\/2025\/10\/Thonon-Trieste-FS_etape07-06.jpg\"><img loading=\"lazy\" decoding=\"async\" width=\"1200\" height=\"1079\" data-id=\"91449\" src=\"https:\/\/centcols.org\/wp-content\/uploads\/2025\/10\/Thonon-Trieste-FS_etape07-06.jpg\" alt=\"\" class=\"wp-image-91449\" srcset=\"https:\/\/centcols.org\/wp-content\/uploads\/2025\/10\/Thonon-Trieste-FS_etape07-06.jpg 1200w, https:\/\/centcols.org\/wp-content\/uploads\/2025\/10\/Thonon-Trieste-FS_etape07-06-768x691.jpg 768w, https:\/\/centcols.org\/wp-content\/uploads\/2025\/10\/Thonon-Trieste-FS_etape07-06-13x12.jpg 13w\" sizes=\"auto, (max-width: 1200px) 100vw, 1200px\" \/><\/a><figcaption class=\"wp-element-caption\">Zum Gl\u00fcck ist die Villa Gabriela da, um uns daran zu erinnern, dass wir uns in Italien und nicht in Deutschland befinden.<\/figcaption><\/figure>\n\n\n\n<figure class=\"wp-block-image size-large\"><a href=\"https:\/\/centcols.org\/wp-content\/uploads\/2025\/10\/Thonon-Trieste-FS_etape07-07.jpg\"><img loading=\"lazy\" decoding=\"async\" width=\"1200\" height=\"802\" data-id=\"91454\" src=\"https:\/\/centcols.org\/wp-content\/uploads\/2025\/10\/Thonon-Trieste-FS_etape07-07.jpg\" alt=\"\" class=\"wp-image-91454\" srcset=\"https:\/\/centcols.org\/wp-content\/uploads\/2025\/10\/Thonon-Trieste-FS_etape07-07.jpg 1200w, https:\/\/centcols.org\/wp-content\/uploads\/2025\/10\/Thonon-Trieste-FS_etape07-07-768x513.jpg 768w, https:\/\/centcols.org\/wp-content\/uploads\/2025\/10\/Thonon-Trieste-FS_etape07-07-18x12.jpg 18w\" sizes=\"auto, (max-width: 1200px) 100vw, 1200px\" \/><\/a><\/figure>\n\n\n\n<figure class=\"wp-block-image size-large\"><a href=\"https:\/\/centcols.org\/wp-content\/uploads\/2025\/10\/Thonon-Trieste-FS_etape07-08.jpg\"><img loading=\"lazy\" decoding=\"async\" width=\"1200\" height=\"1701\" data-id=\"91451\" src=\"https:\/\/centcols.org\/wp-content\/uploads\/2025\/10\/Thonon-Trieste-FS_etape07-08.jpg\" alt=\"\" class=\"wp-image-91451\" srcset=\"https:\/\/centcols.org\/wp-content\/uploads\/2025\/10\/Thonon-Trieste-FS_etape07-08.jpg 1200w, https:\/\/centcols.org\/wp-content\/uploads\/2025\/10\/Thonon-Trieste-FS_etape07-08-847x1200.jpg 847w, https:\/\/centcols.org\/wp-content\/uploads\/2025\/10\/Thonon-Trieste-FS_etape07-08-768x1089.jpg 768w, https:\/\/centcols.org\/wp-content\/uploads\/2025\/10\/Thonon-Trieste-FS_etape07-08-1084x1536.jpg 1084w, https:\/\/centcols.org\/wp-content\/uploads\/2025\/10\/Thonon-Trieste-FS_etape07-08-8x12.jpg 8w\" sizes=\"auto, (max-width: 1200px) 100vw, 1200px\" \/><\/a><figcaption class=\"wp-element-caption\">Alle Anmeldungen sind auf Ladinisch, Deutsch und Italienisch<\/figcaption><\/figure>\n<\/figure>\n\n\n<div class=\"wp-block-image\">\n<figure class=\"aligncenter size-full is-resized\"><a href=\"https:\/\/centcols.org\/wp-content\/uploads\/2025\/10\/Thonon-Trieste-FS_etape07-09-1.jpg\"><img loading=\"lazy\" decoding=\"async\" width=\"1200\" height=\"802\" src=\"https:\/\/centcols.org\/wp-content\/uploads\/2025\/10\/Thonon-Trieste-FS_etape07-09-1.jpg\" alt=\"\" class=\"wp-image-91463\" style=\"width:800px\" srcset=\"https:\/\/centcols.org\/wp-content\/uploads\/2025\/10\/Thonon-Trieste-FS_etape07-09-1.jpg 1200w, https:\/\/centcols.org\/wp-content\/uploads\/2025\/10\/Thonon-Trieste-FS_etape07-09-1-768x513.jpg 768w, https:\/\/centcols.org\/wp-content\/uploads\/2025\/10\/Thonon-Trieste-FS_etape07-09-1-18x12.jpg 18w\" sizes=\"auto, (max-width: 1200px) 100vw, 1200px\" \/><\/a><figcaption class=\"wp-element-caption\">Ankunft auf Runcadic, Rungaditsch oder Roncadizza<\/figcaption><\/figure>\n<\/div>\n\n\n<p>Ich habe den gr\u00f6\u00dften Teil meiner beruflichen Laufbahn bei der Post verbracht. Dass Jean-Marc den Ort Santa Crestina f\u00fcr das Picknick ausgew\u00e4hlt hat, kann also nur ein Augenzwinkern sein! In der Ortschaft gibt es auch sehr sch\u00f6ne Hausdekorationen.<\/p>\n\n\n\n<figure class=\"wp-block-gallery has-nested-images columns-4 is-cropped wp-block-gallery-34 is-layout-flex wp-block-gallery-is-layout-flex\">\n<figure class=\"wp-block-image size-large\"><a href=\"https:\/\/centcols.org\/wp-content\/uploads\/2025\/10\/Thonon-Trieste-FS_etape07-10.jpg\"><img loading=\"lazy\" decoding=\"async\" width=\"1200\" height=\"802\" data-id=\"91455\" src=\"https:\/\/centcols.org\/wp-content\/uploads\/2025\/10\/Thonon-Trieste-FS_etape07-10.jpg\" alt=\"\" class=\"wp-image-91455\" srcset=\"https:\/\/centcols.org\/wp-content\/uploads\/2025\/10\/Thonon-Trieste-FS_etape07-10.jpg 1200w, https:\/\/centcols.org\/wp-content\/uploads\/2025\/10\/Thonon-Trieste-FS_etape07-10-768x513.jpg 768w, https:\/\/centcols.org\/wp-content\/uploads\/2025\/10\/Thonon-Trieste-FS_etape07-10-18x12.jpg 18w\" sizes=\"auto, (max-width: 1200px) 100vw, 1200px\" \/><\/a><figcaption class=\"wp-element-caption\">Ladinisch, Deutsch, Italienisch ...<\/figcaption><\/figure>\n\n\n\n<figure class=\"wp-block-image size-large\"><a href=\"https:\/\/centcols.org\/wp-content\/uploads\/2025\/10\/Thonon-Trieste-FS_etape07-11.jpg\"><img loading=\"lazy\" decoding=\"async\" width=\"1200\" height=\"802\" data-id=\"91456\" src=\"https:\/\/centcols.org\/wp-content\/uploads\/2025\/10\/Thonon-Trieste-FS_etape07-11.jpg\" alt=\"\" class=\"wp-image-91456\" srcset=\"https:\/\/centcols.org\/wp-content\/uploads\/2025\/10\/Thonon-Trieste-FS_etape07-11.jpg 1200w, https:\/\/centcols.org\/wp-content\/uploads\/2025\/10\/Thonon-Trieste-FS_etape07-11-768x513.jpg 768w, https:\/\/centcols.org\/wp-content\/uploads\/2025\/10\/Thonon-Trieste-FS_etape07-11-18x12.jpg 18w\" sizes=\"auto, (max-width: 1200px) 100vw, 1200px\" \/><\/a><\/figure>\n\n\n\n<figure class=\"wp-block-image size-large\"><a href=\"https:\/\/centcols.org\/wp-content\/uploads\/2025\/10\/Thonon-Trieste-FS_etape07-12.jpg\"><img loading=\"lazy\" decoding=\"async\" width=\"1200\" height=\"873\" data-id=\"91458\" src=\"https:\/\/centcols.org\/wp-content\/uploads\/2025\/10\/Thonon-Trieste-FS_etape07-12.jpg\" alt=\"\" class=\"wp-image-91458\" srcset=\"https:\/\/centcols.org\/wp-content\/uploads\/2025\/10\/Thonon-Trieste-FS_etape07-12.jpg 1200w, https:\/\/centcols.org\/wp-content\/uploads\/2025\/10\/Thonon-Trieste-FS_etape07-12-768x559.jpg 768w, https:\/\/centcols.org\/wp-content\/uploads\/2025\/10\/Thonon-Trieste-FS_etape07-12-16x12.jpg 16w\" sizes=\"auto, (max-width: 1200px) 100vw, 1200px\" \/><\/a><figcaption class=\"wp-element-caption\">Jean-Marcs Augenzwinkern bei der Wahl des Ortes f\u00fcr das Picknick in Santa Crestina<\/figcaption><\/figure>\n\n\n\n<figure class=\"wp-block-image size-large\"><a href=\"https:\/\/centcols.org\/wp-content\/uploads\/2025\/10\/Thonon-Trieste-FS_etape07-13.jpg\"><img loading=\"lazy\" decoding=\"async\" width=\"1200\" height=\"802\" data-id=\"91461\" src=\"https:\/\/centcols.org\/wp-content\/uploads\/2025\/10\/Thonon-Trieste-FS_etape07-13.jpg\" alt=\"\" class=\"wp-image-91461\" srcset=\"https:\/\/centcols.org\/wp-content\/uploads\/2025\/10\/Thonon-Trieste-FS_etape07-13.jpg 1200w, https:\/\/centcols.org\/wp-content\/uploads\/2025\/10\/Thonon-Trieste-FS_etape07-13-768x513.jpg 768w, https:\/\/centcols.org\/wp-content\/uploads\/2025\/10\/Thonon-Trieste-FS_etape07-13-18x12.jpg 18w\" sizes=\"auto, (max-width: 1200px) 100vw, 1200px\" \/><\/a><\/figure>\n\n\n\n<figure class=\"wp-block-image size-large\"><a href=\"https:\/\/centcols.org\/wp-content\/uploads\/2025\/10\/Thonon-Trieste-FS_etape07-14.jpg\"><img loading=\"lazy\" decoding=\"async\" width=\"1200\" height=\"802\" data-id=\"91460\" src=\"https:\/\/centcols.org\/wp-content\/uploads\/2025\/10\/Thonon-Trieste-FS_etape07-14.jpg\" alt=\"\" class=\"wp-image-91460\" srcset=\"https:\/\/centcols.org\/wp-content\/uploads\/2025\/10\/Thonon-Trieste-FS_etape07-14.jpg 1200w, https:\/\/centcols.org\/wp-content\/uploads\/2025\/10\/Thonon-Trieste-FS_etape07-14-768x513.jpg 768w, https:\/\/centcols.org\/wp-content\/uploads\/2025\/10\/Thonon-Trieste-FS_etape07-14-18x12.jpg 18w\" sizes=\"auto, (max-width: 1200px) 100vw, 1200px\" \/><\/a><\/figure>\n\n\n\n<figure class=\"wp-block-image size-large\"><a href=\"https:\/\/centcols.org\/wp-content\/uploads\/2025\/10\/Thonon-Trieste-FS_etape07-15.jpg\"><img loading=\"lazy\" decoding=\"async\" width=\"1200\" height=\"1918\" data-id=\"91462\" src=\"https:\/\/centcols.org\/wp-content\/uploads\/2025\/10\/Thonon-Trieste-FS_etape07-15.jpg\" alt=\"\" class=\"wp-image-91462\" srcset=\"https:\/\/centcols.org\/wp-content\/uploads\/2025\/10\/Thonon-Trieste-FS_etape07-15.jpg 1200w, https:\/\/centcols.org\/wp-content\/uploads\/2025\/10\/Thonon-Trieste-FS_etape07-15-751x1200.jpg 751w, https:\/\/centcols.org\/wp-content\/uploads\/2025\/10\/Thonon-Trieste-FS_etape07-15-768x1228.jpg 768w, https:\/\/centcols.org\/wp-content\/uploads\/2025\/10\/Thonon-Trieste-FS_etape07-15-961x1536.jpg 961w, https:\/\/centcols.org\/wp-content\/uploads\/2025\/10\/Thonon-Trieste-FS_etape07-15-8x12.jpg 8w\" sizes=\"auto, (max-width: 1200px) 100vw, 1200px\" \/><\/a><\/figure>\n<figcaption class=\"blocks-gallery-caption wp-element-caption\">Santa Crestina<\/figcaption><\/figure>\n\n\n<div class=\"wp-block-image\">\n<figure class=\"aligncenter size-large is-resized\"><a href=\"https:\/\/centcols.org\/wp-content\/uploads\/2025\/10\/Thonon-Trieste-FS_etape07-16.jpg\"><img loading=\"lazy\" decoding=\"async\" width=\"1200\" height=\"802\" src=\"https:\/\/centcols.org\/wp-content\/uploads\/2025\/10\/Thonon-Trieste-FS_etape07-16.jpg\" alt=\"\" class=\"wp-image-91459\" style=\"width:800px\" srcset=\"https:\/\/centcols.org\/wp-content\/uploads\/2025\/10\/Thonon-Trieste-FS_etape07-16.jpg 1200w, https:\/\/centcols.org\/wp-content\/uploads\/2025\/10\/Thonon-Trieste-FS_etape07-16-768x513.jpg 768w, https:\/\/centcols.org\/wp-content\/uploads\/2025\/10\/Thonon-Trieste-FS_etape07-16-18x12.jpg 18w\" sizes=\"auto, (max-width: 1200px) 100vw, 1200px\" \/><\/a><\/figure>\n<\/div>\n\n\n<p>Im Anstieg, \u00abkleiner\u00bb R\u00fcckweg, um die Sella del Cullac auf 2018 m zu holen, aber vor allem den Passo Gardena auf 2121 m. Der majest\u00e4tische Passo Gardena sollte ich sagen.<\/p>\n\n\n\n<figure class=\"wp-block-gallery has-nested-images columns-5 is-cropped wp-block-gallery-35 is-layout-flex wp-block-gallery-is-layout-flex\">\n<figure class=\"wp-block-image size-full\"><a href=\"https:\/\/centcols.org\/wp-content\/uploads\/2025\/10\/Thonon-Trieste-FS_etape07-17.jpg\"><img loading=\"lazy\" decoding=\"async\" width=\"1200\" height=\"802\" data-id=\"91470\" src=\"https:\/\/centcols.org\/wp-content\/uploads\/2025\/10\/Thonon-Trieste-FS_etape07-17.jpg\" alt=\"\" class=\"wp-image-91470\" srcset=\"https:\/\/centcols.org\/wp-content\/uploads\/2025\/10\/Thonon-Trieste-FS_etape07-17.jpg 1200w, https:\/\/centcols.org\/wp-content\/uploads\/2025\/10\/Thonon-Trieste-FS_etape07-17-768x513.jpg 768w, https:\/\/centcols.org\/wp-content\/uploads\/2025\/10\/Thonon-Trieste-FS_etape07-17-18x12.jpg 18w\" sizes=\"auto, (max-width: 1200px) 100vw, 1200px\" \/><\/a><\/figure>\n\n\n\n<figure class=\"wp-block-image size-full\"><a href=\"https:\/\/centcols.org\/wp-content\/uploads\/2025\/10\/Thonon-Trieste-FS_etape07-18.jpg\"><img loading=\"lazy\" decoding=\"async\" width=\"1200\" height=\"802\" data-id=\"91468\" src=\"https:\/\/centcols.org\/wp-content\/uploads\/2025\/10\/Thonon-Trieste-FS_etape07-18.jpg\" alt=\"\" class=\"wp-image-91468\" srcset=\"https:\/\/centcols.org\/wp-content\/uploads\/2025\/10\/Thonon-Trieste-FS_etape07-18.jpg 1200w, https:\/\/centcols.org\/wp-content\/uploads\/2025\/10\/Thonon-Trieste-FS_etape07-18-768x513.jpg 768w, https:\/\/centcols.org\/wp-content\/uploads\/2025\/10\/Thonon-Trieste-FS_etape07-18-18x12.jpg 18w\" sizes=\"auto, (max-width: 1200px) 100vw, 1200px\" \/><\/a><\/figure>\n\n\n\n<figure class=\"wp-block-image size-full\"><a href=\"https:\/\/centcols.org\/wp-content\/uploads\/2025\/10\/Thonon-Trieste-FS_etape07-19.jpg\"><img loading=\"lazy\" decoding=\"async\" width=\"1200\" height=\"802\" data-id=\"91467\" src=\"https:\/\/centcols.org\/wp-content\/uploads\/2025\/10\/Thonon-Trieste-FS_etape07-19.jpg\" alt=\"\" class=\"wp-image-91467\" srcset=\"https:\/\/centcols.org\/wp-content\/uploads\/2025\/10\/Thonon-Trieste-FS_etape07-19.jpg 1200w, https:\/\/centcols.org\/wp-content\/uploads\/2025\/10\/Thonon-Trieste-FS_etape07-19-768x513.jpg 768w, https:\/\/centcols.org\/wp-content\/uploads\/2025\/10\/Thonon-Trieste-FS_etape07-19-18x12.jpg 18w\" sizes=\"auto, (max-width: 1200px) 100vw, 1200px\" \/><\/a><figcaption class=\"wp-element-caption\">in der N\u00e4he von Passo Gardena<\/figcaption><\/figure>\n\n\n\n<figure class=\"wp-block-image size-full\"><a href=\"https:\/\/centcols.org\/wp-content\/uploads\/2025\/10\/Thonon-Trieste-FS_etape07-20.jpg\"><img loading=\"lazy\" decoding=\"async\" width=\"1200\" height=\"802\" data-id=\"91465\" src=\"https:\/\/centcols.org\/wp-content\/uploads\/2025\/10\/Thonon-Trieste-FS_etape07-20.jpg\" alt=\"\" class=\"wp-image-91465\" srcset=\"https:\/\/centcols.org\/wp-content\/uploads\/2025\/10\/Thonon-Trieste-FS_etape07-20.jpg 1200w, https:\/\/centcols.org\/wp-content\/uploads\/2025\/10\/Thonon-Trieste-FS_etape07-20-768x513.jpg 768w, https:\/\/centcols.org\/wp-content\/uploads\/2025\/10\/Thonon-Trieste-FS_etape07-20-18x12.jpg 18w\" sizes=\"auto, (max-width: 1200px) 100vw, 1200px\" \/><\/a><\/figure>\n\n\n\n<figure class=\"wp-block-image size-full\"><a href=\"https:\/\/centcols.org\/wp-content\/uploads\/2025\/10\/Thonon-Trieste-FS_etape07-22.jpg\"><img loading=\"lazy\" decoding=\"async\" width=\"1200\" height=\"802\" data-id=\"91464\" src=\"https:\/\/centcols.org\/wp-content\/uploads\/2025\/10\/Thonon-Trieste-FS_etape07-22.jpg\" alt=\"\" class=\"wp-image-91464\" srcset=\"https:\/\/centcols.org\/wp-content\/uploads\/2025\/10\/Thonon-Trieste-FS_etape07-22.jpg 1200w, https:\/\/centcols.org\/wp-content\/uploads\/2025\/10\/Thonon-Trieste-FS_etape07-22-768x513.jpg 768w, https:\/\/centcols.org\/wp-content\/uploads\/2025\/10\/Thonon-Trieste-FS_etape07-22-18x12.jpg 18w\" sizes=\"auto, (max-width: 1200px) 100vw, 1200px\" \/><\/a><\/figure>\n\n\n\n<figure class=\"wp-block-image size-full\"><a href=\"https:\/\/centcols.org\/wp-content\/uploads\/2025\/10\/Thonon-Trieste-FS_etape07-21.jpg\"><img loading=\"lazy\" decoding=\"async\" width=\"1200\" height=\"676\" data-id=\"91469\" src=\"https:\/\/centcols.org\/wp-content\/uploads\/2025\/10\/Thonon-Trieste-FS_etape07-21.jpg\" alt=\"\" class=\"wp-image-91469\" srcset=\"https:\/\/centcols.org\/wp-content\/uploads\/2025\/10\/Thonon-Trieste-FS_etape07-21.jpg 1200w, https:\/\/centcols.org\/wp-content\/uploads\/2025\/10\/Thonon-Trieste-FS_etape07-21-768x433.jpg 768w, https:\/\/centcols.org\/wp-content\/uploads\/2025\/10\/Thonon-Trieste-FS_etape07-21-18x10.jpg 18w\" sizes=\"auto, (max-width: 1200px) 100vw, 1200px\" \/><\/a><figcaption class=\"wp-element-caption\">Passo Gardena (IT-BZ-2121)<\/figcaption><\/figure>\n<\/figure>\n\n\n<div class=\"wp-block-image\">\n<figure class=\"aligncenter size-large is-resized\"><a href=\"https:\/\/centcols.org\/wp-content\/uploads\/2025\/10\/Thonon-Trieste-FS_etape07-23.jpg\"><img loading=\"lazy\" decoding=\"async\" width=\"1200\" height=\"1328\" src=\"https:\/\/centcols.org\/wp-content\/uploads\/2025\/10\/Thonon-Trieste-FS_etape07-23.jpg\" alt=\"\" class=\"wp-image-91466\" style=\"width:auto;height:500px\" srcset=\"https:\/\/centcols.org\/wp-content\/uploads\/2025\/10\/Thonon-Trieste-FS_etape07-23.jpg 1200w, https:\/\/centcols.org\/wp-content\/uploads\/2025\/10\/Thonon-Trieste-FS_etape07-23-1084x1200.jpg 1084w, https:\/\/centcols.org\/wp-content\/uploads\/2025\/10\/Thonon-Trieste-FS_etape07-23-768x850.jpg 768w, https:\/\/centcols.org\/wp-content\/uploads\/2025\/10\/Thonon-Trieste-FS_etape07-23-11x12.jpg 11w\" sizes=\"auto, (max-width: 1200px) 100vw, 1200px\" \/><\/a><\/figure>\n<\/div>\n\n\n<p>Zur\u00fcck auf der Hauptroute wird der Passo del Sella (erster seines Namens) bei 2231 ohne Schaden passiert. Anschlie\u00dfend dr\u00e4nge ich Bruno, die Forcella Rodella zu pfl\u00fccken, unter dem tr\u00fcgerischen Versprechen \u00abEr ist nicht weit und leicht\u00bb. Der erste Punkt stimmte. Der zweite etwas weniger ...<\/p>\n\n\n\n<figure class=\"wp-block-gallery has-nested-images columns-default is-cropped wp-block-gallery-36 is-layout-flex wp-block-gallery-is-layout-flex\">\n<figure class=\"wp-block-image size-large\"><a href=\"https:\/\/centcols.org\/wp-content\/uploads\/2025\/10\/Thonon-Trieste-FS_etape07-24.jpg\"><img loading=\"lazy\" decoding=\"async\" width=\"1200\" height=\"802\" data-id=\"91472\" src=\"https:\/\/centcols.org\/wp-content\/uploads\/2025\/10\/Thonon-Trieste-FS_etape07-24.jpg\" alt=\"\" class=\"wp-image-91472\" srcset=\"https:\/\/centcols.org\/wp-content\/uploads\/2025\/10\/Thonon-Trieste-FS_etape07-24.jpg 1200w, https:\/\/centcols.org\/wp-content\/uploads\/2025\/10\/Thonon-Trieste-FS_etape07-24-768x513.jpg 768w, https:\/\/centcols.org\/wp-content\/uploads\/2025\/10\/Thonon-Trieste-FS_etape07-24-18x12.jpg 18w\" sizes=\"auto, (max-width: 1200px) 100vw, 1200px\" \/><\/a><figcaption class=\"wp-element-caption\">Zur\u00fcck aus Gardena<\/figcaption><\/figure>\n\n\n\n<figure class=\"wp-block-image size-large\"><a href=\"https:\/\/centcols.org\/wp-content\/uploads\/2025\/10\/Thonon-Trieste-FS_etape07-25.jpg\"><img loading=\"lazy\" decoding=\"async\" width=\"1200\" height=\"802\" data-id=\"91471\" src=\"https:\/\/centcols.org\/wp-content\/uploads\/2025\/10\/Thonon-Trieste-FS_etape07-25.jpg\" alt=\"\" class=\"wp-image-91471\" srcset=\"https:\/\/centcols.org\/wp-content\/uploads\/2025\/10\/Thonon-Trieste-FS_etape07-25.jpg 1200w, https:\/\/centcols.org\/wp-content\/uploads\/2025\/10\/Thonon-Trieste-FS_etape07-25-768x513.jpg 768w, https:\/\/centcols.org\/wp-content\/uploads\/2025\/10\/Thonon-Trieste-FS_etape07-25-18x12.jpg 18w\" sizes=\"auto, (max-width: 1200px) 100vw, 1200px\" \/><\/a><figcaption class=\"wp-element-caption\">Seit passo del Sella<\/figcaption><\/figure>\n<\/figure>\n\n\n\n<figure class=\"wp-block-gallery has-nested-images columns-default is-cropped wp-block-gallery-37 is-layout-flex wp-block-gallery-is-layout-flex\">\n<figure class=\"wp-block-image size-large\"><a href=\"https:\/\/centcols.org\/wp-content\/uploads\/2025\/10\/Thonon-Trieste-FS_etape07-26.jpg\"><img loading=\"lazy\" decoding=\"async\" width=\"1200\" height=\"626\" data-id=\"91474\" src=\"https:\/\/centcols.org\/wp-content\/uploads\/2025\/10\/Thonon-Trieste-FS_etape07-26.jpg\" alt=\"\" class=\"wp-image-91474\" srcset=\"https:\/\/centcols.org\/wp-content\/uploads\/2025\/10\/Thonon-Trieste-FS_etape07-26.jpg 1200w, https:\/\/centcols.org\/wp-content\/uploads\/2025\/10\/Thonon-Trieste-FS_etape07-26-768x401.jpg 768w, https:\/\/centcols.org\/wp-content\/uploads\/2025\/10\/Thonon-Trieste-FS_etape07-26-18x9.jpg 18w\" sizes=\"auto, (max-width: 1200px) 100vw, 1200px\" \/><\/a><figcaption class=\"wp-element-caption\">Zur Forcella Rodella<\/figcaption><\/figure>\n\n\n\n<figure class=\"wp-block-image size-large\"><a href=\"https:\/\/centcols.org\/wp-content\/uploads\/2025\/10\/Thonon-Trieste-FS_etape07-27.jpg\"><img loading=\"lazy\" decoding=\"async\" width=\"1200\" height=\"802\" data-id=\"91473\" src=\"https:\/\/centcols.org\/wp-content\/uploads\/2025\/10\/Thonon-Trieste-FS_etape07-27.jpg\" alt=\"\" class=\"wp-image-91473\" srcset=\"https:\/\/centcols.org\/wp-content\/uploads\/2025\/10\/Thonon-Trieste-FS_etape07-27.jpg 1200w, https:\/\/centcols.org\/wp-content\/uploads\/2025\/10\/Thonon-Trieste-FS_etape07-27-768x513.jpg 768w, https:\/\/centcols.org\/wp-content\/uploads\/2025\/10\/Thonon-Trieste-FS_etape07-27-18x12.jpg 18w\" sizes=\"auto, (max-width: 1200px) 100vw, 1200px\" \/><\/a><figcaption class=\"wp-element-caption\">Forcella Rodella (IT-TN-2318<\/figcaption><\/figure>\n\n\n\n<figure class=\"wp-block-image size-large\"><a href=\"https:\/\/centcols.org\/wp-content\/uploads\/2025\/10\/Thonon-Trieste-FS_etape07-28.jpg\"><img loading=\"lazy\" decoding=\"async\" width=\"1200\" height=\"802\" data-id=\"91475\" src=\"https:\/\/centcols.org\/wp-content\/uploads\/2025\/10\/Thonon-Trieste-FS_etape07-28.jpg\" alt=\"\" class=\"wp-image-91475\" srcset=\"https:\/\/centcols.org\/wp-content\/uploads\/2025\/10\/Thonon-Trieste-FS_etape07-28.jpg 1200w, https:\/\/centcols.org\/wp-content\/uploads\/2025\/10\/Thonon-Trieste-FS_etape07-28-768x513.jpg 768w, https:\/\/centcols.org\/wp-content\/uploads\/2025\/10\/Thonon-Trieste-FS_etape07-28-18x12.jpg 18w\" sizes=\"auto, (max-width: 1200px) 100vw, 1200px\" \/><\/a><figcaption class=\"wp-element-caption\">Zur\u00fcck von Forcella Rodella<\/figcaption><\/figure>\n<\/figure>\n\n\n\n<p>Der Passo del Sella auf 2244 m, der zweite seines Namens, ist viel ausgepr\u00e4gter als der erste.<\/p>\n\n\n<div class=\"wp-block-image\">\n<figure class=\"aligncenter size-full is-resized\"><a href=\"https:\/\/centcols.org\/wp-content\/uploads\/2025\/10\/Thonon-Trieste-FS_etape07-29.jpg\"><img loading=\"lazy\" decoding=\"async\" width=\"1200\" height=\"802\" src=\"https:\/\/centcols.org\/wp-content\/uploads\/2025\/10\/Thonon-Trieste-FS_etape07-29.jpg\" alt=\"\" class=\"wp-image-91476\" style=\"width:800px\" srcset=\"https:\/\/centcols.org\/wp-content\/uploads\/2025\/10\/Thonon-Trieste-FS_etape07-29.jpg 1200w, https:\/\/centcols.org\/wp-content\/uploads\/2025\/10\/Thonon-Trieste-FS_etape07-29-768x513.jpg 768w, https:\/\/centcols.org\/wp-content\/uploads\/2025\/10\/Thonon-Trieste-FS_etape07-29-18x12.jpg 18w\" sizes=\"auto, (max-width: 1200px) 100vw, 1200px\" \/><\/a><figcaption class=\"wp-element-caption\">Zwischen den beiden passi del Sella<\/figcaption><\/figure>\n<\/div>\n\n\n<figure class=\"wp-block-gallery has-nested-images columns-default is-cropped wp-block-gallery-38 is-layout-flex wp-block-gallery-is-layout-flex\">\n<figure class=\"wp-block-image size-large\"><a href=\"https:\/\/centcols.org\/wp-content\/uploads\/2025\/10\/Thonon-Trieste-FS_etape07-31.jpg\"><img loading=\"lazy\" decoding=\"async\" width=\"1200\" height=\"802\" data-id=\"91478\" src=\"https:\/\/centcols.org\/wp-content\/uploads\/2025\/10\/Thonon-Trieste-FS_etape07-31.jpg\" alt=\"\" class=\"wp-image-91478\" srcset=\"https:\/\/centcols.org\/wp-content\/uploads\/2025\/10\/Thonon-Trieste-FS_etape07-31.jpg 1200w, https:\/\/centcols.org\/wp-content\/uploads\/2025\/10\/Thonon-Trieste-FS_etape07-31-768x513.jpg 768w, https:\/\/centcols.org\/wp-content\/uploads\/2025\/10\/Thonon-Trieste-FS_etape07-31-18x12.jpg 18w\" sizes=\"auto, (max-width: 1200px) 100vw, 1200px\" \/><\/a><\/figure>\n\n\n\n<figure class=\"wp-block-image size-large\"><a href=\"https:\/\/centcols.org\/wp-content\/uploads\/2025\/10\/Thonon-Trieste-FS_etape07-30.jpg\"><img loading=\"lazy\" decoding=\"async\" width=\"1200\" height=\"802\" data-id=\"91479\" src=\"https:\/\/centcols.org\/wp-content\/uploads\/2025\/10\/Thonon-Trieste-FS_etape07-30.jpg\" alt=\"\" class=\"wp-image-91479\" srcset=\"https:\/\/centcols.org\/wp-content\/uploads\/2025\/10\/Thonon-Trieste-FS_etape07-30.jpg 1200w, https:\/\/centcols.org\/wp-content\/uploads\/2025\/10\/Thonon-Trieste-FS_etape07-30-768x513.jpg 768w, https:\/\/centcols.org\/wp-content\/uploads\/2025\/10\/Thonon-Trieste-FS_etape07-30-18x12.jpg 18w\" sizes=\"auto, (max-width: 1200px) 100vw, 1200px\" \/><\/a><\/figure>\n\n\n\n<figure class=\"wp-block-image size-large\"><a href=\"https:\/\/centcols.org\/wp-content\/uploads\/2025\/10\/Thonon-Trieste-FS_etape07-32.jpg\"><img loading=\"lazy\" decoding=\"async\" width=\"1200\" height=\"802\" data-id=\"91477\" src=\"https:\/\/centcols.org\/wp-content\/uploads\/2025\/10\/Thonon-Trieste-FS_etape07-32.jpg\" alt=\"\" class=\"wp-image-91477\" srcset=\"https:\/\/centcols.org\/wp-content\/uploads\/2025\/10\/Thonon-Trieste-FS_etape07-32.jpg 1200w, https:\/\/centcols.org\/wp-content\/uploads\/2025\/10\/Thonon-Trieste-FS_etape07-32-768x513.jpg 768w, https:\/\/centcols.org\/wp-content\/uploads\/2025\/10\/Thonon-Trieste-FS_etape07-32-18x12.jpg 18w\" sizes=\"auto, (max-width: 1200px) 100vw, 1200px\" \/><\/a><figcaption class=\"wp-element-caption\">Blick auf den Passo del Sella<\/figcaption><\/figure>\n<\/figure>\n\n\n\n<p>Danach kommt der ber\u00fchmte Passo Pordoi. Die ersten Kilometer sind schwierig, aber sie entsprechen dem, was man von einem gro\u00dfen Pass erwarten kann. Auf den letzten Kilometern wird es dann richtig schlimm. Ein sehr heftiges Hagelgewitter zieht ohne Vorwarnung auf. Auf dem Gipfel z\u00fccke ich schnell meinen Fotoapparat f\u00fcr einen Schnappschuss, der etwas spontan entstanden ist. Dann packt er sie sofort wieder weg, um sie vor den Hagelk\u00f6rnern zu sch\u00fctzen. Die Hagelk\u00f6rner waren zwar klein, aber in gro\u00dfer Zahl vorhanden und im Gesicht schwer zu ertragen.<\/p>\n\n\n\n<figure class=\"wp-block-gallery has-nested-images columns-default is-cropped wp-block-gallery-39 is-layout-flex wp-block-gallery-is-layout-flex\">\n<figure class=\"wp-block-image size-large\"><a href=\"https:\/\/centcols.org\/wp-content\/uploads\/2025\/10\/Thonon-Trieste-FS_etape07-33.jpg\"><img loading=\"lazy\" decoding=\"async\" width=\"1200\" height=\"802\" data-id=\"91480\" src=\"https:\/\/centcols.org\/wp-content\/uploads\/2025\/10\/Thonon-Trieste-FS_etape07-33.jpg\" alt=\"\" class=\"wp-image-91480\" srcset=\"https:\/\/centcols.org\/wp-content\/uploads\/2025\/10\/Thonon-Trieste-FS_etape07-33.jpg 1200w, https:\/\/centcols.org\/wp-content\/uploads\/2025\/10\/Thonon-Trieste-FS_etape07-33-768x513.jpg 768w, https:\/\/centcols.org\/wp-content\/uploads\/2025\/10\/Thonon-Trieste-FS_etape07-33-18x12.jpg 18w\" sizes=\"auto, (max-width: 1200px) 100vw, 1200px\" \/><\/a><figcaption class=\"wp-element-caption\">An der Fassade eines Hotels, wenn man den Pordo hinaufgeht<\/figcaption><\/figure>\n\n\n\n<figure class=\"wp-block-image size-large\"><a href=\"https:\/\/centcols.org\/wp-content\/uploads\/2025\/10\/Thonon-Trieste-FS_etape07-34.jpg\"><img loading=\"lazy\" decoding=\"async\" width=\"1200\" height=\"884\" data-id=\"91482\" src=\"https:\/\/centcols.org\/wp-content\/uploads\/2025\/10\/Thonon-Trieste-FS_etape07-34.jpg\" alt=\"\" class=\"wp-image-91482\" srcset=\"https:\/\/centcols.org\/wp-content\/uploads\/2025\/10\/Thonon-Trieste-FS_etape07-34.jpg 1200w, https:\/\/centcols.org\/wp-content\/uploads\/2025\/10\/Thonon-Trieste-FS_etape07-34-768x566.jpg 768w, https:\/\/centcols.org\/wp-content\/uploads\/2025\/10\/Thonon-Trieste-FS_etape07-34-16x12.jpg 16w\" sizes=\"auto, (max-width: 1200px) 100vw, 1200px\" \/><\/a><\/figure>\n\n\n\n<figure class=\"wp-block-image size-large\"><a href=\"https:\/\/centcols.org\/wp-content\/uploads\/2025\/10\/Thonon-Trieste-FS_etape07-35.jpg\"><img loading=\"lazy\" decoding=\"async\" width=\"1200\" height=\"802\" data-id=\"91481\" src=\"https:\/\/centcols.org\/wp-content\/uploads\/2025\/10\/Thonon-Trieste-FS_etape07-35.jpg\" alt=\"\" class=\"wp-image-91481\" srcset=\"https:\/\/centcols.org\/wp-content\/uploads\/2025\/10\/Thonon-Trieste-FS_etape07-35.jpg 1200w, https:\/\/centcols.org\/wp-content\/uploads\/2025\/10\/Thonon-Trieste-FS_etape07-35-768x513.jpg 768w, https:\/\/centcols.org\/wp-content\/uploads\/2025\/10\/Thonon-Trieste-FS_etape07-35-18x12.jpg 18w\" sizes=\"auto, (max-width: 1200px) 100vw, 1200px\" \/><\/a><\/figure>\n<\/figure>\n\n\n\n<p>Wir hatten also schon Regen gehabt. Jetzt kommt der Hagel! Ah, man muss gut drauf sein \ud83d\ude09\ud83d\ude04. Und auf dem Gipfel des Pordoi waren es 5 Grad!!!<\/p>\n\n\n\n<p>Unser Hotel befindet sich in Arraba, am Fu\u00dfe des Pordoi. Wir haben also nur noch 10 km vor uns. Der Abstieg erfolgt in gedrosseltem Tempo, da es regnet und die Stra\u00dfe rutschig ist.<\/p>\n\n\n<div class=\"wp-block-image\">\n<figure class=\"aligncenter size-full is-resized\"><a href=\"https:\/\/centcols.org\/wp-content\/uploads\/2025\/10\/Thonon-Trieste-FS_etape07-36a.jpg\"><img loading=\"lazy\" decoding=\"async\" width=\"1200\" height=\"802\" src=\"https:\/\/centcols.org\/wp-content\/uploads\/2025\/10\/Thonon-Trieste-FS_etape07-36a.jpg\" alt=\"\" class=\"wp-image-91483\" style=\"width:800px\" srcset=\"https:\/\/centcols.org\/wp-content\/uploads\/2025\/10\/Thonon-Trieste-FS_etape07-36a.jpg 1200w, https:\/\/centcols.org\/wp-content\/uploads\/2025\/10\/Thonon-Trieste-FS_etape07-36a-768x513.jpg 768w, https:\/\/centcols.org\/wp-content\/uploads\/2025\/10\/Thonon-Trieste-FS_etape07-36a-18x12.jpg 18w\" sizes=\"auto, (max-width: 1200px) 100vw, 1200px\" \/><\/a><\/figure>\n<\/div>\n\n\n<p>Ich habe zwei N\u00e4chte hintereinander in Arraba gebucht, da morgen der sogenannte \u00abRuhetag\u00bb sein wird.<br>Wer zwei N\u00e4chte im selben Hotel verbringt, muss waschen! Die Zimmer sind gro\u00df, ebenso wie das Badezimmer, das sehr schnell mit trocknender Radsportkleidung \u00fcberf\u00fcllt ist. Wie immer habe ich ein paar Meter Schnur mitgehen lassen und W\u00e4scheklammern mitgebracht. Beides ist uns wieder einmal sehr n\u00fctzlich.<\/p>\n\n\n\n<figure class=\"wp-block-gallery has-nested-images columns-default is-cropped wp-block-gallery-40 is-layout-flex wp-block-gallery-is-layout-flex\">\n<figure class=\"wp-block-image size-large\"><a href=\"https:\/\/centcols.org\/wp-content\/uploads\/2025\/10\/Thonon-Trieste-FS_etape07-37.jpg\"><img loading=\"lazy\" decoding=\"async\" width=\"1200\" height=\"802\" data-id=\"91486\" src=\"https:\/\/centcols.org\/wp-content\/uploads\/2025\/10\/Thonon-Trieste-FS_etape07-37.jpg\" alt=\"\" class=\"wp-image-91486\" srcset=\"https:\/\/centcols.org\/wp-content\/uploads\/2025\/10\/Thonon-Trieste-FS_etape07-37.jpg 1200w, https:\/\/centcols.org\/wp-content\/uploads\/2025\/10\/Thonon-Trieste-FS_etape07-37-768x513.jpg 768w, https:\/\/centcols.org\/wp-content\/uploads\/2025\/10\/Thonon-Trieste-FS_etape07-37-18x12.jpg 18w\" sizes=\"auto, (max-width: 1200px) 100vw, 1200px\" \/><\/a><figcaption class=\"wp-element-caption\">Sind wir wirklich im Sommer?<\/figcaption><\/figure>\n\n\n\n<figure class=\"wp-block-image size-large\"><a href=\"https:\/\/centcols.org\/wp-content\/uploads\/2025\/10\/Thonon-Trieste-FS_etape07-38.jpg\"><img loading=\"lazy\" decoding=\"async\" width=\"1200\" height=\"802\" data-id=\"91485\" src=\"https:\/\/centcols.org\/wp-content\/uploads\/2025\/10\/Thonon-Trieste-FS_etape07-38.jpg\" alt=\"\" class=\"wp-image-91485\" srcset=\"https:\/\/centcols.org\/wp-content\/uploads\/2025\/10\/Thonon-Trieste-FS_etape07-38.jpg 1200w, https:\/\/centcols.org\/wp-content\/uploads\/2025\/10\/Thonon-Trieste-FS_etape07-38-768x513.jpg 768w, https:\/\/centcols.org\/wp-content\/uploads\/2025\/10\/Thonon-Trieste-FS_etape07-38-18x12.jpg 18w\" sizes=\"auto, (max-width: 1200px) 100vw, 1200px\" \/><\/a><\/figure>\n\n\n\n<figure class=\"wp-block-image size-large\"><a href=\"https:\/\/centcols.org\/wp-content\/uploads\/2025\/10\/Thonon-Trieste-FS_etape07-39.jpg\"><img loading=\"lazy\" decoding=\"async\" width=\"1200\" height=\"802\" data-id=\"91484\" src=\"https:\/\/centcols.org\/wp-content\/uploads\/2025\/10\/Thonon-Trieste-FS_etape07-39.jpg\" alt=\"\" class=\"wp-image-91484\" srcset=\"https:\/\/centcols.org\/wp-content\/uploads\/2025\/10\/Thonon-Trieste-FS_etape07-39.jpg 1200w, https:\/\/centcols.org\/wp-content\/uploads\/2025\/10\/Thonon-Trieste-FS_etape07-39-768x513.jpg 768w, https:\/\/centcols.org\/wp-content\/uploads\/2025\/10\/Thonon-Trieste-FS_etape07-39-18x12.jpg 18w\" sizes=\"auto, (max-width: 1200px) 100vw, 1200px\" \/><\/a><\/figure>\n<\/figure>\n\n\n\n<p>Logischerweise h\u00e4tte ich den Ruhetag 1 oder 2 Tage vorher ansetzen m\u00fcssen. Und nicht am achten Tag. Aber ich habe es vorgezogen, den Ort, im Herzen der Dolomiten, dem Datum vorzuziehen. Die Zukunft wird zeigen, ob ich das Richtige getan habe. Aber das werden Sie morgen sehen!Die heutige Etappe war mit 96 km kurz, aber mit 3200 m H\u00f6henunterschied steil. Und es gab viele P\u00e4sse, denn wir haben 7 davon \u00fcberquert, davon 6 \u00ab2000er\u00bb.<\/p>\n\n\n\n<div class=\"wp-block-buttons is-content-justification-space-between is-layout-flex wp-container-core-buttons-is-layout-3d213aab wp-block-buttons-is-layout-flex\">\n<div class=\"wp-block-button\"><a class=\"wp-block-button__link has-text-color has-background has-link-color wp-element-button\" href=\"https:\/\/centcols.org\/de\/thonon-trieste-fred-singla-2025\/7\/\" style=\"color:#2a488c;background-color:#88f2fd;text-transform:uppercase\"><strong>Vorheriger Schritt<\/strong><\/a><\/div>\n\n\n\n<div class=\"wp-block-button\"><a class=\"wp-block-button__link has-text-color has-background has-link-color wp-element-button\" href=\"https:\/\/centcols.org\/de\/thonon-trieste-fred-singla-2025\/9\/\" style=\"color:#2a488c;background-color:#88f2fd;text-transform:uppercase\"><strong>N\u00e4chster Schritt<\/strong><\/a><\/div>\n<\/div>\n\n\n\n<!--nextpage-->\n\n\n\n<h2 class=\"wp-block-heading\"><em> Tag 8 : <\/em>Tag zur Erholung (\ud83d\ude09\ud83d\ude02). Schleife um das Hotel.<\/h2>\n\n\n\n<p>55 km - 1460 m H\u00f6henunterschied, 3 P\u00e4sse, davon 2 &gt; 2000<\/p>\n\n\n\n<p>Wer Ruhetag sagt, meint nicht Tag ohne Fahrrad! Aber ein etwas coolerer Tag, wie f\u00fcr die Fahrer der Tour de France!<br>Da das Wetter sch\u00f6n ist, wandert unsere W\u00e4sche aus dem Badezimmer vor das Zimmer. Wir befinden uns im ersten Stock, aber da das Hotel am Hang liegt und wir uns auf der R\u00fcckseite des Geb\u00e4udes befinden, haben wir einen ebenerdigen Ausgang.<br>Als wir aufbrechen, ruft uns Jean-Marc sp\u00f6ttisch von seinem Balkon aus zu: \u00abHey, Leute, sollte das nicht ein Ruhetag sein?!\u00bb.\u00bb<\/p>\n\n\n<div class=\"wp-block-image\">\n<figure class=\"aligncenter size-full is-resized\"><a href=\"https:\/\/centcols.org\/wp-content\/uploads\/2025\/10\/Thonon-Trieste-FS_etape08-01.jpg\"><img loading=\"lazy\" decoding=\"async\" width=\"461\" height=\"800\" src=\"https:\/\/centcols.org\/wp-content\/uploads\/2025\/10\/Thonon-Trieste-FS_etape08-01.jpg\" alt=\"\" class=\"wp-image-91494\" style=\"width:auto;height:600px\" srcset=\"https:\/\/centcols.org\/wp-content\/uploads\/2025\/10\/Thonon-Trieste-FS_etape08-01.jpg 461w, https:\/\/centcols.org\/wp-content\/uploads\/2025\/10\/Thonon-Trieste-FS_etape08-01-7x12.jpg 7w\" sizes=\"auto, (max-width: 461px) 100vw, 461px\" \/><\/a><\/figure>\n<\/div>\n\n\n<p> Wir verlassen das Hotel gegen 10.00 Uhr und uns wird sofort klar, dass wir nicht denselben Tag wie gestern haben werden. Zum Gl\u00fcck!<br>Der Blick auf den Pordoi unterscheidet sich von dem, den wir gestern im Hagel hatten.<\/p>\n\n\n<div class=\"wp-block-image\">\n<figure class=\"aligncenter size-full is-resized\"><a href=\"https:\/\/centcols.org\/wp-content\/uploads\/2025\/10\/Thonon-Trieste-FS_etape08-02.jpg\"><img loading=\"lazy\" decoding=\"async\" width=\"1200\" height=\"802\" src=\"https:\/\/centcols.org\/wp-content\/uploads\/2025\/10\/Thonon-Trieste-FS_etape08-02.jpg\" alt=\"\" class=\"wp-image-91505\" style=\"width:800px\" srcset=\"https:\/\/centcols.org\/wp-content\/uploads\/2025\/10\/Thonon-Trieste-FS_etape08-02.jpg 1200w, https:\/\/centcols.org\/wp-content\/uploads\/2025\/10\/Thonon-Trieste-FS_etape08-02-768x513.jpg 768w, https:\/\/centcols.org\/wp-content\/uploads\/2025\/10\/Thonon-Trieste-FS_etape08-02-18x12.jpg 18w\" sizes=\"auto, (max-width: 1200px) 100vw, 1200px\" \/><\/a><figcaption class=\"wp-element-caption\">Der Pordoi, wie wir ihn gestern nicht gesehen haben<\/figcaption><\/figure>\n<\/div>\n\n\n<p>Ein sch\u00f6ner Abstieg , eigentlich das Ende des Pordoi, geht dem Aufstieg zum Passo Campalongo voraus.<\/p>\n\n\n<div class=\"wp-block-image\">\n<figure class=\"aligncenter size-full is-resized\"><a href=\"https:\/\/centcols.org\/wp-content\/uploads\/2025\/10\/Thonon-Trieste-FS_etape08-03.jpg\"><img loading=\"lazy\" decoding=\"async\" width=\"1200\" height=\"1279\" src=\"https:\/\/centcols.org\/wp-content\/uploads\/2025\/10\/Thonon-Trieste-FS_etape08-03.jpg\" alt=\"\" class=\"wp-image-91508\" style=\"width:auto;height:600px\" srcset=\"https:\/\/centcols.org\/wp-content\/uploads\/2025\/10\/Thonon-Trieste-FS_etape08-03.jpg 1200w, https:\/\/centcols.org\/wp-content\/uploads\/2025\/10\/Thonon-Trieste-FS_etape08-03-1126x1200.jpg 1126w, https:\/\/centcols.org\/wp-content\/uploads\/2025\/10\/Thonon-Trieste-FS_etape08-03-768x819.jpg 768w, https:\/\/centcols.org\/wp-content\/uploads\/2025\/10\/Thonon-Trieste-FS_etape08-03-11x12.jpg 11w\" sizes=\"auto, (max-width: 1200px) 100vw, 1200px\" \/><\/a><\/figure>\n<\/div>\n\n\n<p><br>Wundersch\u00f6ne Aussicht auf die Dolomiten, bevor wir nach Corvara in Badia abbiegen. Gestern war es sehr kalt und wir hatten nur ein paar Meter Sicht.<\/p>\n\n\n\n<figure class=\"wp-block-gallery has-nested-images columns-default is-cropped wp-block-gallery-41 is-layout-flex wp-block-gallery-is-layout-flex\">\n<figure class=\"wp-block-image size-large\"><a href=\"https:\/\/centcols.org\/wp-content\/uploads\/2025\/10\/Thonon-Trieste-FS_etape08-04.jpg\"><img loading=\"lazy\" decoding=\"async\" width=\"1200\" height=\"802\" data-id=\"91510\" src=\"https:\/\/centcols.org\/wp-content\/uploads\/2025\/10\/Thonon-Trieste-FS_etape08-04.jpg\" alt=\"\" class=\"wp-image-91510\" srcset=\"https:\/\/centcols.org\/wp-content\/uploads\/2025\/10\/Thonon-Trieste-FS_etape08-04.jpg 1200w, https:\/\/centcols.org\/wp-content\/uploads\/2025\/10\/Thonon-Trieste-FS_etape08-04-768x513.jpg 768w, https:\/\/centcols.org\/wp-content\/uploads\/2025\/10\/Thonon-Trieste-FS_etape08-04-18x12.jpg 18w\" sizes=\"auto, (max-width: 1200px) 100vw, 1200px\" \/><\/a><\/figure>\n\n\n\n<figure class=\"wp-block-image size-large\"><a href=\"https:\/\/centcols.org\/wp-content\/uploads\/2025\/10\/Thonon-Trieste-FS_etape08-05.jpg\"><img loading=\"lazy\" decoding=\"async\" width=\"1200\" height=\"802\" data-id=\"91511\" src=\"https:\/\/centcols.org\/wp-content\/uploads\/2025\/10\/Thonon-Trieste-FS_etape08-05.jpg\" alt=\"\" class=\"wp-image-91511\" srcset=\"https:\/\/centcols.org\/wp-content\/uploads\/2025\/10\/Thonon-Trieste-FS_etape08-05.jpg 1200w, https:\/\/centcols.org\/wp-content\/uploads\/2025\/10\/Thonon-Trieste-FS_etape08-05-768x513.jpg 768w, https:\/\/centcols.org\/wp-content\/uploads\/2025\/10\/Thonon-Trieste-FS_etape08-05-18x12.jpg 18w\" sizes=\"auto, (max-width: 1200px) 100vw, 1200px\" \/><\/a><figcaption class=\"wp-element-caption\">Corvara in Badia<\/figcaption><\/figure>\n<\/figure>\n\n\n\n<p><br>In San Cassigno, sch\u00f6nes und sehr logisches Schild f\u00fcr ein Ski- und Fahrradgesch\u00e4ft.<\/p>\n\n\n<div class=\"wp-block-image\">\n<figure class=\"aligncenter size-full is-resized\"><a href=\"https:\/\/centcols.org\/wp-content\/uploads\/2025\/10\/Thonon-Trieste-FS_etape08-07-1.jpg\"><img loading=\"lazy\" decoding=\"async\" width=\"1200\" height=\"802\" src=\"https:\/\/centcols.org\/wp-content\/uploads\/2025\/10\/Thonon-Trieste-FS_etape08-07-1.jpg\" alt=\"\" class=\"wp-image-91514\" style=\"width:600px\" srcset=\"https:\/\/centcols.org\/wp-content\/uploads\/2025\/10\/Thonon-Trieste-FS_etape08-07-1.jpg 1200w, https:\/\/centcols.org\/wp-content\/uploads\/2025\/10\/Thonon-Trieste-FS_etape08-07-1-768x513.jpg 768w, https:\/\/centcols.org\/wp-content\/uploads\/2025\/10\/Thonon-Trieste-FS_etape08-07-1-18x12.jpg 18w\" sizes=\"auto, (max-width: 1200px) 100vw, 1200px\" \/><\/a><\/figure>\n<\/div>\n\n\n<p>Der lange, 12 km lange Anstieg zum Passo di Valparola f\u00fchrt uns am gleichnamigen See vorbei. Und, immer wieder atemberaubende Ausblicke, bevor wir den Gipfel auf 2196 m H\u00f6he erreichen.<\/p>\n\n\n<div class=\"wp-block-image\">\n<figure class=\"aligncenter size-large is-resized\"><a href=\"https:\/\/centcols.org\/wp-content\/uploads\/2025\/10\/Thonon-Trieste-FS_etape08-06.jpg\"><img loading=\"lazy\" decoding=\"async\" width=\"1200\" height=\"634\" src=\"https:\/\/centcols.org\/wp-content\/uploads\/2025\/10\/Thonon-Trieste-FS_etape08-06.jpg\" alt=\"\" class=\"wp-image-91512\" style=\"width:800px\" srcset=\"https:\/\/centcols.org\/wp-content\/uploads\/2025\/10\/Thonon-Trieste-FS_etape08-06.jpg 1200w, https:\/\/centcols.org\/wp-content\/uploads\/2025\/10\/Thonon-Trieste-FS_etape08-06-768x406.jpg 768w, https:\/\/centcols.org\/wp-content\/uploads\/2025\/10\/Thonon-Trieste-FS_etape08-06-18x10.jpg 18w\" sizes=\"auto, (max-width: 1200px) 100vw, 1200px\" \/><\/a><figcaption class=\"wp-element-caption\">Von Costadedoi aus den Passo di Valparola hinaufgehen<\/figcaption><\/figure>\n<\/div>\n\n\n<figure class=\"wp-block-gallery has-nested-images columns-default is-cropped wp-block-gallery-42 is-layout-flex wp-block-gallery-is-layout-flex\">\n<figure class=\"wp-block-image size-large\"><a href=\"https:\/\/centcols.org\/wp-content\/uploads\/2025\/10\/Thonon-Trieste-FS_etape08-08.jpg\"><img loading=\"lazy\" decoding=\"async\" width=\"1200\" height=\"802\" data-id=\"91518\" src=\"https:\/\/centcols.org\/wp-content\/uploads\/2025\/10\/Thonon-Trieste-FS_etape08-08.jpg\" alt=\"\" class=\"wp-image-91518\" srcset=\"https:\/\/centcols.org\/wp-content\/uploads\/2025\/10\/Thonon-Trieste-FS_etape08-08.jpg 1200w, https:\/\/centcols.org\/wp-content\/uploads\/2025\/10\/Thonon-Trieste-FS_etape08-08-768x513.jpg 768w, https:\/\/centcols.org\/wp-content\/uploads\/2025\/10\/Thonon-Trieste-FS_etape08-08-18x12.jpg 18w\" sizes=\"auto, (max-width: 1200px) 100vw, 1200px\" \/><\/a><figcaption class=\"wp-element-caption\">Von Armentarola aus<\/figcaption><\/figure>\n\n\n\n<figure class=\"wp-block-image size-large\"><a href=\"https:\/\/centcols.org\/wp-content\/uploads\/2025\/10\/Thonon-Trieste-FS_etape08-09.jpg\"><img loading=\"lazy\" decoding=\"async\" width=\"1200\" height=\"802\" data-id=\"91520\" src=\"https:\/\/centcols.org\/wp-content\/uploads\/2025\/10\/Thonon-Trieste-FS_etape08-09.jpg\" alt=\"\" class=\"wp-image-91520\" srcset=\"https:\/\/centcols.org\/wp-content\/uploads\/2025\/10\/Thonon-Trieste-FS_etape08-09.jpg 1200w, https:\/\/centcols.org\/wp-content\/uploads\/2025\/10\/Thonon-Trieste-FS_etape08-09-768x513.jpg 768w, https:\/\/centcols.org\/wp-content\/uploads\/2025\/10\/Thonon-Trieste-FS_etape08-09-18x12.jpg 18w\" sizes=\"auto, (max-width: 1200px) 100vw, 1200px\" \/><\/a><\/figure>\n\n\n\n<figure class=\"wp-block-image size-large\"><a href=\"https:\/\/centcols.org\/wp-content\/uploads\/2025\/10\/Thonon-Trieste-FS_etape08-10.jpg\"><img loading=\"lazy\" decoding=\"async\" width=\"1200\" height=\"802\" data-id=\"91516\" src=\"https:\/\/centcols.org\/wp-content\/uploads\/2025\/10\/Thonon-Trieste-FS_etape08-10.jpg\" alt=\"\" class=\"wp-image-91516\" srcset=\"https:\/\/centcols.org\/wp-content\/uploads\/2025\/10\/Thonon-Trieste-FS_etape08-10.jpg 1200w, https:\/\/centcols.org\/wp-content\/uploads\/2025\/10\/Thonon-Trieste-FS_etape08-10-768x513.jpg 768w, https:\/\/centcols.org\/wp-content\/uploads\/2025\/10\/Thonon-Trieste-FS_etape08-10-18x12.jpg 18w\" sizes=\"auto, (max-width: 1200px) 100vw, 1200px\" \/><\/a><figcaption class=\"wp-element-caption\">Lago Valparola<\/figcaption><\/figure>\n\n\n\n<figure class=\"wp-block-image size-large\"><a href=\"https:\/\/centcols.org\/wp-content\/uploads\/2025\/10\/Thonon-Trieste-FS_etape08-11.jpg\"><img loading=\"lazy\" decoding=\"async\" width=\"1200\" height=\"802\" data-id=\"91517\" src=\"https:\/\/centcols.org\/wp-content\/uploads\/2025\/10\/Thonon-Trieste-FS_etape08-11.jpg\" alt=\"\" class=\"wp-image-91517\" srcset=\"https:\/\/centcols.org\/wp-content\/uploads\/2025\/10\/Thonon-Trieste-FS_etape08-11.jpg 1200w, https:\/\/centcols.org\/wp-content\/uploads\/2025\/10\/Thonon-Trieste-FS_etape08-11-768x513.jpg 768w, https:\/\/centcols.org\/wp-content\/uploads\/2025\/10\/Thonon-Trieste-FS_etape08-11-18x12.jpg 18w\" sizes=\"auto, (max-width: 1200px) 100vw, 1200px\" \/><\/a><figcaption class=\"wp-element-caption\">Fort Tre Sassi, zwischen dem See und dem Pass<\/figcaption><\/figure>\n\n\n\n<figure class=\"wp-block-image size-large\"><a href=\"https:\/\/centcols.org\/wp-content\/uploads\/2025\/10\/Thonon-Trieste-FS_etape08-12.jpg\"><img loading=\"lazy\" decoding=\"async\" width=\"1200\" height=\"1121\" data-id=\"91519\" src=\"https:\/\/centcols.org\/wp-content\/uploads\/2025\/10\/Thonon-Trieste-FS_etape08-12.jpg\" alt=\"\" class=\"wp-image-91519\" srcset=\"https:\/\/centcols.org\/wp-content\/uploads\/2025\/10\/Thonon-Trieste-FS_etape08-12.jpg 1200w, https:\/\/centcols.org\/wp-content\/uploads\/2025\/10\/Thonon-Trieste-FS_etape08-12-768x717.jpg 768w, https:\/\/centcols.org\/wp-content\/uploads\/2025\/10\/Thonon-Trieste-FS_etape08-12-13x12.jpg 13w\" sizes=\"auto, (max-width: 1200px) 100vw, 1200px\" \/><\/a><figcaption class=\"wp-element-caption\">Von der Festung Tre Sassi<\/figcaption><\/figure>\n\n\n\n<figure class=\"wp-block-image size-large\"><a href=\"https:\/\/centcols.org\/wp-content\/uploads\/2025\/10\/Thonon-Trieste-FS_etape08-13.jpg\"><img loading=\"lazy\" decoding=\"async\" width=\"1200\" height=\"802\" data-id=\"91515\" src=\"https:\/\/centcols.org\/wp-content\/uploads\/2025\/10\/Thonon-Trieste-FS_etape08-13.jpg\" alt=\"\" class=\"wp-image-91515\" srcset=\"https:\/\/centcols.org\/wp-content\/uploads\/2025\/10\/Thonon-Trieste-FS_etape08-13.jpg 1200w, https:\/\/centcols.org\/wp-content\/uploads\/2025\/10\/Thonon-Trieste-FS_etape08-13-768x513.jpg 768w, https:\/\/centcols.org\/wp-content\/uploads\/2025\/10\/Thonon-Trieste-FS_etape08-13-18x12.jpg 18w\" sizes=\"auto, (max-width: 1200px) 100vw, 1200px\" \/><\/a><\/figure>\n<\/figure>\n\n\n\n<p>Anschlie\u00dfend erreichen wir den Passo Falzarego, wo wir ein paar Paninis zu Mittag essen.<\/p>\n\n\n<div class=\"wp-block-image\">\n<figure class=\"aligncenter size-large is-resized\"><a href=\"https:\/\/centcols.org\/wp-content\/uploads\/2025\/10\/Thonon-Trieste-FS_etape08-15.jpg\"><img loading=\"lazy\" decoding=\"async\" width=\"1200\" height=\"675\" src=\"https:\/\/centcols.org\/wp-content\/uploads\/2025\/10\/Thonon-Trieste-FS_etape08-15.jpg\" alt=\"\" class=\"wp-image-91521\" style=\"width:800px\" srcset=\"https:\/\/centcols.org\/wp-content\/uploads\/2025\/10\/Thonon-Trieste-FS_etape08-15.jpg 1200w, https:\/\/centcols.org\/wp-content\/uploads\/2025\/10\/Thonon-Trieste-FS_etape08-15-768x432.jpg 768w, https:\/\/centcols.org\/wp-content\/uploads\/2025\/10\/Thonon-Trieste-FS_etape08-15-18x10.jpg 18w\" sizes=\"auto, (max-width: 1200px) 100vw, 1200px\" \/><\/a><\/figure>\n<\/div>\n\n\n<p><br>Am Falzarego, auch \u00abFalscher K\u00f6nig\u00bb genannt, ist der Andrang gro\u00df. Die Seilbahn, die auf den Gipfel des Berges f\u00fchrt, ist ein wahrer Publikumsmagnet. Auch auf den Stra\u00dfen sind viele Menschen unterwegs. Es ist Sonntag und das Wetter ist sch\u00f6n. Es gibt sehr viele Motorradfahrer. Es gibt auch viele Radfahrer, die meisten von ihnen in Paaren. Ich habe keine einzige Gruppe oder keinen einzigen Verein gesehen.<br>Auf jeden Fall viel mehr Radfahrer als gestern im Hagel oder vor zwei Tagen im Regen auf dem Stilfser Joch ... \ud83e\udd14.<\/p>\n\n\n\n<figure class=\"wp-block-gallery has-nested-images columns-default is-cropped wp-block-gallery-43 is-layout-flex wp-block-gallery-is-layout-flex\">\n<figure class=\"wp-block-image size-large\"><a href=\"https:\/\/centcols.org\/wp-content\/uploads\/2025\/10\/Thonon-Trieste-FS_etape08-19.jpg\"><img loading=\"lazy\" decoding=\"async\" width=\"1200\" height=\"1124\" data-id=\"91525\" src=\"https:\/\/centcols.org\/wp-content\/uploads\/2025\/10\/Thonon-Trieste-FS_etape08-19.jpg\" alt=\"\" class=\"wp-image-91525\" srcset=\"https:\/\/centcols.org\/wp-content\/uploads\/2025\/10\/Thonon-Trieste-FS_etape08-19.jpg 1200w, https:\/\/centcols.org\/wp-content\/uploads\/2025\/10\/Thonon-Trieste-FS_etape08-19-768x719.jpg 768w, https:\/\/centcols.org\/wp-content\/uploads\/2025\/10\/Thonon-Trieste-FS_etape08-19-13x12.jpg 13w\" sizes=\"auto, (max-width: 1200px) 100vw, 1200px\" \/><\/a><figcaption class=\"wp-element-caption\">Bei Schmerzen in den Beinen!<\/figcaption><\/figure>\n\n\n\n<figure class=\"wp-block-image size-large\"><a href=\"https:\/\/centcols.org\/wp-content\/uploads\/2025\/10\/Thonon-Trieste-FS_etape08-16.jpg\"><img loading=\"lazy\" decoding=\"async\" width=\"1200\" height=\"802\" data-id=\"91522\" src=\"https:\/\/centcols.org\/wp-content\/uploads\/2025\/10\/Thonon-Trieste-FS_etape08-16.jpg\" alt=\"\" class=\"wp-image-91522\" srcset=\"https:\/\/centcols.org\/wp-content\/uploads\/2025\/10\/Thonon-Trieste-FS_etape08-16.jpg 1200w, https:\/\/centcols.org\/wp-content\/uploads\/2025\/10\/Thonon-Trieste-FS_etape08-16-768x513.jpg 768w, https:\/\/centcols.org\/wp-content\/uploads\/2025\/10\/Thonon-Trieste-FS_etape08-16-18x12.jpg 18w\" sizes=\"auto, (max-width: 1200px) 100vw, 1200px\" \/><\/a><figcaption class=\"wp-element-caption\">Seilbahn und Lagazuoi-H\u00fctte<\/figcaption><\/figure>\n<\/figure>\n\n\n\n<p><br>Eine sch\u00f6ne 15 km lange Abfahrt \ud83d\ude0a, gefolgt von einem 4 km langen Anstieg \ud83d\ude21, bringt uns nach 55 km, D 1460 und 3 P\u00e4ssen, darunter 2 \u00ab2000er\u00bb, zur\u00fcck nach Arabba.<\/p>\n\n\n\n<figure class=\"wp-block-gallery has-nested-images columns-default is-cropped wp-block-gallery-44 is-layout-flex wp-block-gallery-is-layout-flex\">\n<figure class=\"wp-block-image size-large\"><a href=\"https:\/\/centcols.org\/wp-content\/uploads\/2025\/10\/Thonon-Trieste-FS_etape08-17.jpg\"><img loading=\"lazy\" decoding=\"async\" width=\"1200\" height=\"802\" data-id=\"91524\" src=\"https:\/\/centcols.org\/wp-content\/uploads\/2025\/10\/Thonon-Trieste-FS_etape08-17.jpg\" alt=\"\" class=\"wp-image-91524\" srcset=\"https:\/\/centcols.org\/wp-content\/uploads\/2025\/10\/Thonon-Trieste-FS_etape08-17.jpg 1200w, https:\/\/centcols.org\/wp-content\/uploads\/2025\/10\/Thonon-Trieste-FS_etape08-17-768x513.jpg 768w, https:\/\/centcols.org\/wp-content\/uploads\/2025\/10\/Thonon-Trieste-FS_etape08-17-18x12.jpg 18w\" sizes=\"auto, (max-width: 1200px) 100vw, 1200px\" \/><\/a><\/figure>\n\n\n\n<figure class=\"wp-block-image size-large\"><a href=\"https:\/\/centcols.org\/wp-content\/uploads\/2025\/10\/Thonon-Trieste-FS_etape08-18.jpg\"><img loading=\"lazy\" decoding=\"async\" width=\"1200\" height=\"802\" data-id=\"91523\" src=\"https:\/\/centcols.org\/wp-content\/uploads\/2025\/10\/Thonon-Trieste-FS_etape08-18.jpg\" alt=\"\" class=\"wp-image-91523\" srcset=\"https:\/\/centcols.org\/wp-content\/uploads\/2025\/10\/Thonon-Trieste-FS_etape08-18.jpg 1200w, https:\/\/centcols.org\/wp-content\/uploads\/2025\/10\/Thonon-Trieste-FS_etape08-18-768x513.jpg 768w, https:\/\/centcols.org\/wp-content\/uploads\/2025\/10\/Thonon-Trieste-FS_etape08-18-18x12.jpg 18w\" sizes=\"auto, (max-width: 1200px) 100vw, 1200px\" \/><\/a><\/figure>\n<\/figure>\n\n\n<div class=\"wp-block-image\">\n<figure class=\"aligncenter size-full\"><a href=\"https:\/\/centcols.org\/wp-content\/uploads\/2025\/10\/Thonon-Trieste-FS_etape08-20.jpg\"><img loading=\"lazy\" decoding=\"async\" width=\"1200\" height=\"802\" src=\"https:\/\/centcols.org\/wp-content\/uploads\/2025\/10\/Thonon-Trieste-FS_etape08-20.jpg\" alt=\"\" class=\"wp-image-91527\" srcset=\"https:\/\/centcols.org\/wp-content\/uploads\/2025\/10\/Thonon-Trieste-FS_etape08-20.jpg 1200w, https:\/\/centcols.org\/wp-content\/uploads\/2025\/10\/Thonon-Trieste-FS_etape08-20-768x513.jpg 768w, https:\/\/centcols.org\/wp-content\/uploads\/2025\/10\/Thonon-Trieste-FS_etape08-20-18x12.jpg 18w\" sizes=\"auto, (max-width: 1200px) 100vw, 1200px\" \/><\/a><figcaption class=\"wp-element-caption\">Zur\u00fcck nach Arabba<\/figcaption><\/figure>\n<\/div>\n\n\n<p>Unsere W\u00e4sche wandert wieder. Diesmal stellen wir sie in die pralle Sonne, wo sie schnell zu Ende trocknet. Zum Gl\u00fcck befanden wir uns im hinteren Teil der Einrichtung ...<\/p>\n\n\n<div class=\"wp-block-image\">\n<figure class=\"aligncenter size-full is-resized\"><a href=\"https:\/\/centcols.org\/wp-content\/uploads\/2025\/10\/Thonon-Trieste-FS_etape08-21.jpg\"><img loading=\"lazy\" decoding=\"async\" width=\"1200\" height=\"802\" src=\"https:\/\/centcols.org\/wp-content\/uploads\/2025\/10\/Thonon-Trieste-FS_etape08-21.jpg\" alt=\"\" class=\"wp-image-91492\" style=\"width:600px\" srcset=\"https:\/\/centcols.org\/wp-content\/uploads\/2025\/10\/Thonon-Trieste-FS_etape08-21.jpg 1200w, https:\/\/centcols.org\/wp-content\/uploads\/2025\/10\/Thonon-Trieste-FS_etape08-21-768x513.jpg 768w, https:\/\/centcols.org\/wp-content\/uploads\/2025\/10\/Thonon-Trieste-FS_etape08-21-18x12.jpg 18w\" sizes=\"auto, (max-width: 1200px) 100vw, 1200px\" \/><\/a><\/figure>\n<\/div>\n\n\n<p>In Arabba sprechen die Hotelangestellten nat\u00fcrlich Italienisch und Deutsch (und gl\u00fccklicherweise auch Englisch). Vor allem aber Ladinisch. Das Ladinische, das dem R\u00e4toromanischen und dem Friaulischen nahesteht, wird in Trentino-S\u00fcdtirol von etwa 30.000 Sprechern gesprochen. Die Schilder in den St\u00e4dten und auf den P\u00e4ssen sind oft in dieser Reihenfolge auf Italienisch, Deutsch und Ladinisch.<br>Das ist zum Verzweifeln!<\/p>\n\n\n\n<div class=\"wp-block-buttons is-content-justification-space-between is-layout-flex wp-container-core-buttons-is-layout-3d213aab wp-block-buttons-is-layout-flex\">\n<div class=\"wp-block-button\"><a class=\"wp-block-button__link has-text-color has-background has-link-color wp-element-button\" href=\"https:\/\/centcols.org\/de\/thonon-trieste-fred-singla-2025\/8\/\" style=\"color:#2a488c;background-color:#88f2fd;text-transform:uppercase\"><strong>Vorheriger Schritt<\/strong><\/a><\/div>\n\n\n\n<div class=\"wp-block-button\"><a class=\"wp-block-button__link has-text-color has-background has-link-color wp-element-button\" href=\"https:\/\/centcols.org\/de\/thonon-trieste-fred-singla-2025\/10\/\" style=\"color:#2a488c;background-color:#88f2fd;text-transform:uppercase\"><strong>N\u00e4chster Schritt<\/strong><\/a><\/div>\n<\/div>\n\n\n\n<!--nextpage-->\n\n\n\n<h2 class=\"wp-block-heading\"><em> Tag 9 : <\/em>Von Arabba nach Vigo-di-Cadore \u00fcber die Strada Regionale 48 delle Dolomiti<\/h2>\n\n\n\n<p>97 km - 2085 m H\u00f6henunterschied, 2 P\u00e4sse, davon 1 &gt; 2000<\/p>\n\n\n<div class=\"wp-block-image\">\n<figure class=\"aligncenter size-full is-resized\"><a href=\"https:\/\/centcols.org\/wp-content\/uploads\/2025\/10\/Thonon-Trieste-FS_etape09-01.jpg\"><img loading=\"lazy\" decoding=\"async\" width=\"1200\" height=\"802\" src=\"https:\/\/centcols.org\/wp-content\/uploads\/2025\/10\/Thonon-Trieste-FS_etape09-01.jpg\" alt=\"\" class=\"wp-image-91554\" style=\"width:800px\" srcset=\"https:\/\/centcols.org\/wp-content\/uploads\/2025\/10\/Thonon-Trieste-FS_etape09-01.jpg 1200w, https:\/\/centcols.org\/wp-content\/uploads\/2025\/10\/Thonon-Trieste-FS_etape09-01-768x513.jpg 768w, https:\/\/centcols.org\/wp-content\/uploads\/2025\/10\/Thonon-Trieste-FS_etape09-01-18x12.jpg 18w\" sizes=\"auto, (max-width: 1200px) 100vw, 1200px\" \/><\/a><figcaption class=\"wp-element-caption\">der Tag bricht \u00fcber Arabba an.<\/figcaption><\/figure>\n<\/div>\n\n\n<p>In der Hotellobby rufen diese wundersch\u00f6nen Clubsessel zur Entspannung und Konzentration auf. Prosaischer ausgedr\u00fcckt: Wir dachten, das Fr\u00fchst\u00fcck sei um 07:00 Uhr, aber es war um halb ...<\/p>\n\n\n<div class=\"wp-block-image\">\n<figure class=\"aligncenter size-full is-resized\"><a href=\"https:\/\/centcols.org\/wp-content\/uploads\/2025\/10\/Thonon-Trieste-FS_etape09-02.jpg\"><img loading=\"lazy\" decoding=\"async\" width=\"1200\" height=\"802\" src=\"https:\/\/centcols.org\/wp-content\/uploads\/2025\/10\/Thonon-Trieste-FS_etape09-02.jpg\" alt=\"\" class=\"wp-image-91556\" style=\"width:600px\" srcset=\"https:\/\/centcols.org\/wp-content\/uploads\/2025\/10\/Thonon-Trieste-FS_etape09-02.jpg 1200w, https:\/\/centcols.org\/wp-content\/uploads\/2025\/10\/Thonon-Trieste-FS_etape09-02-768x513.jpg 768w, https:\/\/centcols.org\/wp-content\/uploads\/2025\/10\/Thonon-Trieste-FS_etape09-02-18x12.jpg 18w\" sizes=\"auto, (max-width: 1200px) 100vw, 1200px\" \/><\/a><figcaption class=\"wp-element-caption\">In voller Konzentration!<\/figcaption><\/figure>\n<\/div>\n\n\n<p>Wir verlassen Arabba \u00fcber einen sch\u00f6nen Abstieg und einen gro\u00dfen Anstieg, der uns zu einem Aussichtspunkt f\u00fchrt, von dem aus wir Caprile am Ende des Tals und die Zima de Agnar\u00e9ze bewundern k\u00f6nnen. .<\/p>\n\n\n\n<figure class=\"wp-block-gallery has-nested-images columns-default is-cropped wp-block-gallery-45 is-layout-flex wp-block-gallery-is-layout-flex\">\n<figure class=\"wp-block-image size-full\"><a href=\"https:\/\/centcols.org\/wp-content\/uploads\/2025\/10\/Thonon-Trieste-FS_etape09-03.jpg\"><img loading=\"lazy\" decoding=\"async\" width=\"1200\" height=\"802\" data-id=\"91557\" src=\"https:\/\/centcols.org\/wp-content\/uploads\/2025\/10\/Thonon-Trieste-FS_etape09-03.jpg\" alt=\"\" class=\"wp-image-91557\" srcset=\"https:\/\/centcols.org\/wp-content\/uploads\/2025\/10\/Thonon-Trieste-FS_etape09-03.jpg 1200w, https:\/\/centcols.org\/wp-content\/uploads\/2025\/10\/Thonon-Trieste-FS_etape09-03-768x513.jpg 768w, https:\/\/centcols.org\/wp-content\/uploads\/2025\/10\/Thonon-Trieste-FS_etape09-03-18x12.jpg 18w\" sizes=\"auto, (max-width: 1200px) 100vw, 1200px\" \/><\/a><\/figure>\n\n\n\n<figure class=\"wp-block-image size-full\"><a href=\"https:\/\/centcols.org\/wp-content\/uploads\/2025\/10\/Thonon-Trieste-FS_etape09-04.jpg\"><img loading=\"lazy\" decoding=\"async\" width=\"1200\" height=\"802\" data-id=\"91559\" src=\"https:\/\/centcols.org\/wp-content\/uploads\/2025\/10\/Thonon-Trieste-FS_etape09-04.jpg\" alt=\"\" class=\"wp-image-91559\" srcset=\"https:\/\/centcols.org\/wp-content\/uploads\/2025\/10\/Thonon-Trieste-FS_etape09-04.jpg 1200w, https:\/\/centcols.org\/wp-content\/uploads\/2025\/10\/Thonon-Trieste-FS_etape09-04-768x513.jpg 768w, https:\/\/centcols.org\/wp-content\/uploads\/2025\/10\/Thonon-Trieste-FS_etape09-04-18x12.jpg 18w\" sizes=\"auto, (max-width: 1200px) 100vw, 1200px\" \/><\/a><figcaption class=\"wp-element-caption\">Caprile, nistet entlang des Torrente Cordevole und unterhalb des Zima de Aragn\u00e8ze.<\/figcaption><\/figure>\n\n\n\n<figure class=\"wp-block-image size-full\"><a href=\"https:\/\/centcols.org\/wp-content\/uploads\/2025\/10\/Thonon-Trieste-FS_etape09-05.jpg\"><img loading=\"lazy\" decoding=\"async\" width=\"1200\" height=\"802\" data-id=\"91558\" src=\"https:\/\/centcols.org\/wp-content\/uploads\/2025\/10\/Thonon-Trieste-FS_etape09-05.jpg\" alt=\"\" class=\"wp-image-91558\" srcset=\"https:\/\/centcols.org\/wp-content\/uploads\/2025\/10\/Thonon-Trieste-FS_etape09-05.jpg 1200w, https:\/\/centcols.org\/wp-content\/uploads\/2025\/10\/Thonon-Trieste-FS_etape09-05-768x513.jpg 768w, https:\/\/centcols.org\/wp-content\/uploads\/2025\/10\/Thonon-Trieste-FS_etape09-05-18x12.jpg 18w\" sizes=\"auto, (max-width: 1200px) 100vw, 1200px\" \/><\/a><figcaption class=\"wp-element-caption\">Colle Santa Lucia<\/figcaption><\/figure>\n<\/figure>\n\n\n\n<p>Es folgt der sehr lange Anstieg zum Passo di Giau: 16 km, 1235 m H\u00f6henunterschied, 29 Kurven, 8% im Durchschnitt mit Abschnitten von 15 ...<\/p>\n\n\n<div class=\"wp-block-image\">\n<figure class=\"aligncenter size-large is-resized\"><a href=\"https:\/\/centcols.org\/wp-content\/uploads\/2025\/10\/Thonon-Trieste-FS_etape09-06.jpg\"><img loading=\"lazy\" decoding=\"async\" width=\"1200\" height=\"802\" src=\"https:\/\/centcols.org\/wp-content\/uploads\/2025\/10\/Thonon-Trieste-FS_etape09-06.jpg\" alt=\"\" class=\"wp-image-91562\" style=\"width:400px\" srcset=\"https:\/\/centcols.org\/wp-content\/uploads\/2025\/10\/Thonon-Trieste-FS_etape09-06.jpg 1200w, https:\/\/centcols.org\/wp-content\/uploads\/2025\/10\/Thonon-Trieste-FS_etape09-06-768x513.jpg 768w, https:\/\/centcols.org\/wp-content\/uploads\/2025\/10\/Thonon-Trieste-FS_etape09-06-18x12.jpg 18w\" sizes=\"auto, (max-width: 1200px) 100vw, 1200px\" \/><\/a><\/figure>\n<\/div>\n\n\n<figure class=\"wp-block-gallery has-nested-images columns-default is-cropped wp-block-gallery-46 is-layout-flex wp-block-gallery-is-layout-flex\">\n<figure class=\"wp-block-image size-large\"><a href=\"https:\/\/centcols.org\/wp-content\/uploads\/2025\/10\/Thonon-Trieste-FS_etape09-08.jpg\"><img loading=\"lazy\" decoding=\"async\" width=\"1200\" height=\"802\" data-id=\"91563\" src=\"https:\/\/centcols.org\/wp-content\/uploads\/2025\/10\/Thonon-Trieste-FS_etape09-08.jpg\" alt=\"\" class=\"wp-image-91563\" srcset=\"https:\/\/centcols.org\/wp-content\/uploads\/2025\/10\/Thonon-Trieste-FS_etape09-08.jpg 1200w, https:\/\/centcols.org\/wp-content\/uploads\/2025\/10\/Thonon-Trieste-FS_etape09-08-768x513.jpg 768w, https:\/\/centcols.org\/wp-content\/uploads\/2025\/10\/Thonon-Trieste-FS_etape09-08-18x12.jpg 18w\" sizes=\"auto, (max-width: 1200px) 100vw, 1200px\" \/><\/a><figcaption class=\"wp-element-caption\">Trotz dieser erschreckenden Zahlen ist der Partner immer noch tapfer.<br><\/figcaption><\/figure>\n\n\n\n<figure class=\"wp-block-image size-large\"><a href=\"https:\/\/centcols.org\/wp-content\/uploads\/2025\/10\/Thonon-Trieste-FS_etape09-09.jpg\"><img loading=\"lazy\" decoding=\"async\" width=\"1200\" height=\"802\" data-id=\"91564\" src=\"https:\/\/centcols.org\/wp-content\/uploads\/2025\/10\/Thonon-Trieste-FS_etape09-09.jpg\" alt=\"\" class=\"wp-image-91564\" srcset=\"https:\/\/centcols.org\/wp-content\/uploads\/2025\/10\/Thonon-Trieste-FS_etape09-09.jpg 1200w, https:\/\/centcols.org\/wp-content\/uploads\/2025\/10\/Thonon-Trieste-FS_etape09-09-768x513.jpg 768w, https:\/\/centcols.org\/wp-content\/uploads\/2025\/10\/Thonon-Trieste-FS_etape09-09-18x12.jpg 18w\" sizes=\"auto, (max-width: 1200px) 100vw, 1200px\" \/><\/a><figcaption class=\"wp-element-caption\">Trotz dieser erschreckenden Zahlen ist Jean Marc immer noch tapfer \ud83d\ude09.<\/figcaption><\/figure>\n<\/figure>\n\n\n<div class=\"wp-block-image\">\n<figure class=\"aligncenter size-full is-resized\"><a href=\"https:\/\/centcols.org\/wp-content\/uploads\/2025\/10\/Thonon-Trieste-FS_etape09-07.jpg\"><img loading=\"lazy\" decoding=\"async\" width=\"1200\" height=\"802\" src=\"https:\/\/centcols.org\/wp-content\/uploads\/2025\/10\/Thonon-Trieste-FS_etape09-07.jpg\" alt=\"\" class=\"wp-image-91566\" style=\"width:800px\" srcset=\"https:\/\/centcols.org\/wp-content\/uploads\/2025\/10\/Thonon-Trieste-FS_etape09-07.jpg 1200w, https:\/\/centcols.org\/wp-content\/uploads\/2025\/10\/Thonon-Trieste-FS_etape09-07-768x513.jpg 768w, https:\/\/centcols.org\/wp-content\/uploads\/2025\/10\/Thonon-Trieste-FS_etape09-07-18x12.jpg 18w\" sizes=\"auto, (max-width: 1200px) 100vw, 1200px\" \/><\/a><\/figure>\n<\/div>\n\n\n<p>Wenn man den Gipfel erreicht, hat man wirklich das Gef\u00fchl, einen \u00abGro\u00dfen von Italien\u00bb bezwungen zu haben. Wir befinden uns auf einer H\u00f6he von 2232 m. Es gibt sehr viele Motorr\u00e4der. Ich habe den alten Grenzstein, der die Grenze zwischen dem Kaiserreich \u00d6sterreich und der Republik Venedig markiert, nicht gesehen.<\/p>\n\n\n\n<figure class=\"wp-block-gallery has-nested-images columns-default is-cropped wp-block-gallery-47 is-layout-flex wp-block-gallery-is-layout-flex\">\n<figure class=\"wp-block-image size-large\"><a href=\"https:\/\/centcols.org\/wp-content\/uploads\/2025\/10\/Thonon-Trieste-FS_etape09-10.jpg\"><img loading=\"lazy\" decoding=\"async\" width=\"1200\" height=\"1179\" data-id=\"91569\" src=\"https:\/\/centcols.org\/wp-content\/uploads\/2025\/10\/Thonon-Trieste-FS_etape09-10.jpg\" alt=\"\" class=\"wp-image-91569\" srcset=\"https:\/\/centcols.org\/wp-content\/uploads\/2025\/10\/Thonon-Trieste-FS_etape09-10.jpg 1200w, https:\/\/centcols.org\/wp-content\/uploads\/2025\/10\/Thonon-Trieste-FS_etape09-10-768x755.jpg 768w, https:\/\/centcols.org\/wp-content\/uploads\/2025\/10\/Thonon-Trieste-FS_etape09-10-12x12.jpg 12w\" sizes=\"auto, (max-width: 1200px) 100vw, 1200px\" \/><\/a><\/figure>\n\n\n\n<figure class=\"wp-block-image size-large\"><a href=\"https:\/\/centcols.org\/wp-content\/uploads\/2025\/10\/Thonon-Trieste-FS_etape09-12.jpg\"><img loading=\"lazy\" decoding=\"async\" width=\"1200\" height=\"802\" data-id=\"91570\" src=\"https:\/\/centcols.org\/wp-content\/uploads\/2025\/10\/Thonon-Trieste-FS_etape09-12.jpg\" alt=\"\" class=\"wp-image-91570\" srcset=\"https:\/\/centcols.org\/wp-content\/uploads\/2025\/10\/Thonon-Trieste-FS_etape09-12.jpg 1200w, https:\/\/centcols.org\/wp-content\/uploads\/2025\/10\/Thonon-Trieste-FS_etape09-12-768x513.jpg 768w, https:\/\/centcols.org\/wp-content\/uploads\/2025\/10\/Thonon-Trieste-FS_etape09-12-18x12.jpg 18w\" sizes=\"auto, (max-width: 1200px) 100vw, 1200px\" \/><\/a><\/figure>\n\n\n\n<figure class=\"wp-block-image size-large\"><a href=\"https:\/\/centcols.org\/wp-content\/uploads\/2025\/10\/Thonon-Trieste-FS_etape09-11.jpg\"><img loading=\"lazy\" decoding=\"async\" width=\"1140\" height=\"1920\" data-id=\"91572\" src=\"https:\/\/centcols.org\/wp-content\/uploads\/2025\/10\/Thonon-Trieste-FS_etape09-11-1140x1920.jpg\" alt=\"\" class=\"wp-image-91572\" srcset=\"https:\/\/centcols.org\/wp-content\/uploads\/2025\/10\/Thonon-Trieste-FS_etape09-11-1140x1920.jpg 1140w, https:\/\/centcols.org\/wp-content\/uploads\/2025\/10\/Thonon-Trieste-FS_etape09-11-713x1200.jpg 713w, https:\/\/centcols.org\/wp-content\/uploads\/2025\/10\/Thonon-Trieste-FS_etape09-11-768x1293.jpg 768w, https:\/\/centcols.org\/wp-content\/uploads\/2025\/10\/Thonon-Trieste-FS_etape09-11-912x1536.jpg 912w, https:\/\/centcols.org\/wp-content\/uploads\/2025\/10\/Thonon-Trieste-FS_etape09-11-7x12.jpg 7w, https:\/\/centcols.org\/wp-content\/uploads\/2025\/10\/Thonon-Trieste-FS_etape09-11.jpg 1200w\" sizes=\"auto, (max-width: 1140px) 100vw, 1140px\" \/><\/a><\/figure>\n\n\n\n<figure class=\"wp-block-image size-large\"><a href=\"https:\/\/centcols.org\/wp-content\/uploads\/2025\/10\/Thonon-Trieste-FS_etape09-13.jpg\"><img loading=\"lazy\" decoding=\"async\" width=\"1200\" height=\"1121\" data-id=\"91571\" src=\"https:\/\/centcols.org\/wp-content\/uploads\/2025\/10\/Thonon-Trieste-FS_etape09-13.jpg\" alt=\"\" class=\"wp-image-91571\" srcset=\"https:\/\/centcols.org\/wp-content\/uploads\/2025\/10\/Thonon-Trieste-FS_etape09-13.jpg 1200w, https:\/\/centcols.org\/wp-content\/uploads\/2025\/10\/Thonon-Trieste-FS_etape09-13-768x717.jpg 768w, https:\/\/centcols.org\/wp-content\/uploads\/2025\/10\/Thonon-Trieste-FS_etape09-13-13x12.jpg 13w\" sizes=\"auto, (max-width: 1200px) 100vw, 1200px\" \/><\/a><\/figure>\n<\/figure>\n\n\n\n<p>Ph\u00e4nomenale Abfahrt auf einer breiten, freien Stra\u00dfe mit wenig Verkehr nach Cortina d'Ampezzo. Cortina ist ein sehr exklusiver Ort, in dem die Restaurants nicht gerade preisg\u00fcnstig sind. Wir halten uns daher nicht lange auf.<\/p>\n\n\n\n<figure class=\"wp-block-gallery has-nested-images columns-default is-cropped wp-block-gallery-48 is-layout-flex wp-block-gallery-is-layout-flex\">\n<figure class=\"wp-block-image size-large\"><a href=\"https:\/\/centcols.org\/wp-content\/uploads\/2025\/10\/Thonon-Trieste-FS_etape09-14.jpg\"><img loading=\"lazy\" decoding=\"async\" width=\"1200\" height=\"713\" data-id=\"91575\" src=\"https:\/\/centcols.org\/wp-content\/uploads\/2025\/10\/Thonon-Trieste-FS_etape09-14.jpg\" alt=\"\" class=\"wp-image-91575\" srcset=\"https:\/\/centcols.org\/wp-content\/uploads\/2025\/10\/Thonon-Trieste-FS_etape09-14.jpg 1200w, https:\/\/centcols.org\/wp-content\/uploads\/2025\/10\/Thonon-Trieste-FS_etape09-14-768x456.jpg 768w, https:\/\/centcols.org\/wp-content\/uploads\/2025\/10\/Thonon-Trieste-FS_etape09-14-18x12.jpg 18w\" sizes=\"auto, (max-width: 1200px) 100vw, 1200px\" \/><\/a><\/figure>\n\n\n\n<figure class=\"wp-block-image size-large\"><a href=\"https:\/\/centcols.org\/wp-content\/uploads\/2025\/10\/Thonon-Trieste-FS_etape09-15.jpg\"><img loading=\"lazy\" decoding=\"async\" width=\"1200\" height=\"802\" data-id=\"91574\" src=\"https:\/\/centcols.org\/wp-content\/uploads\/2025\/10\/Thonon-Trieste-FS_etape09-15.jpg\" alt=\"\" class=\"wp-image-91574\" srcset=\"https:\/\/centcols.org\/wp-content\/uploads\/2025\/10\/Thonon-Trieste-FS_etape09-15.jpg 1200w, https:\/\/centcols.org\/wp-content\/uploads\/2025\/10\/Thonon-Trieste-FS_etape09-15-768x513.jpg 768w, https:\/\/centcols.org\/wp-content\/uploads\/2025\/10\/Thonon-Trieste-FS_etape09-15-18x12.jpg 18w\" sizes=\"auto, (max-width: 1200px) 100vw, 1200px\" \/><\/a><figcaption class=\"wp-element-caption\">Cortina d'Ampezzo<\/figcaption><\/figure>\n<\/figure>\n\n\n\n<p>Umso mehr, da sich ein weiteres Denkmal anbietet, der Passo Tre Croci. Der Aufstieg ist lang, aber nicht besonders schwierig. Auf dem Gipfel, mitten im Nirgendwo, thronen zwei riesige Hotels. Der Ort ist Ausgangspunkt f\u00fcr zahlreiche Wanderungen und es gibt unz\u00e4hlige Wanderer.<\/p>\n\n\n<div class=\"wp-block-image\">\n<figure class=\"aligncenter size-full\"><a href=\"https:\/\/centcols.org\/wp-content\/uploads\/2025\/10\/Thonon-Trieste-FS_etape09-16.jpg\"><img loading=\"lazy\" decoding=\"async\" width=\"1200\" height=\"802\" src=\"https:\/\/centcols.org\/wp-content\/uploads\/2025\/10\/Thonon-Trieste-FS_etape09-16.jpg\" alt=\"\" class=\"wp-image-91578\" srcset=\"https:\/\/centcols.org\/wp-content\/uploads\/2025\/10\/Thonon-Trieste-FS_etape09-16.jpg 1200w, https:\/\/centcols.org\/wp-content\/uploads\/2025\/10\/Thonon-Trieste-FS_etape09-16-768x513.jpg 768w, https:\/\/centcols.org\/wp-content\/uploads\/2025\/10\/Thonon-Trieste-FS_etape09-16-18x12.jpg 18w\" sizes=\"auto, (max-width: 1200px) 100vw, 1200px\" \/><\/a><figcaption class=\"wp-element-caption\">Alver\u00e0 im Tre-Croci-R\u00fccken<\/figcaption><\/figure>\n<\/div>\n\n\n<p>Seitdem wir uns auf den gro\u00dfen P\u00e4ssen befinden, werden wir st\u00e4ndig von Ferraris, Mas\u00e9ratis, Audis, BMWs und Mercedes' ungew\u00f6hnlichen Modellen \u00fcberholt. Und was soll man \u00fcber die Anzahl der Porsche sagen?!<br>Heute kommt noch ein pr\u00e4chtiger Rolls mit Schweizer Kennzeichen dazu.<\/p>\n\n\n\n<p>Wir lassen die Wanderer wandern und nehmen einen langen Abstieg mit den letzten Marmorgipfeln des Tages in Angriff.<\/p>\n\n\n\n<p>Nachdem wir Laggio di Cadore durchquert haben, kommen wir in Vigo di Cadore an, wo sich unser Hotel befindet: Hotel da Marco. Da der freundliche Besitzer den Vornamen Dario tr\u00e4gt, k\u00f6nnte es der Sohn des besagten Marco \ud83e\udd14 sein.<br>Wie auch immer, die Mamma bereitete die hervorragenden R\u00fcbenravioli zu, die zum Essen angeboten wurden.<\/p>\n\n\n\n<figure class=\"wp-block-gallery has-nested-images columns-default is-cropped wp-block-gallery-49 is-layout-flex wp-block-gallery-is-layout-flex\">\n<figure class=\"wp-block-image size-large\"><a href=\"https:\/\/centcols.org\/wp-content\/uploads\/2025\/10\/Thonon-Trieste-FS_etape09-18.jpg\"><img loading=\"lazy\" decoding=\"async\" width=\"1200\" height=\"802\" data-id=\"91580\" src=\"https:\/\/centcols.org\/wp-content\/uploads\/2025\/10\/Thonon-Trieste-FS_etape09-18.jpg\" alt=\"\" class=\"wp-image-91580\" srcset=\"https:\/\/centcols.org\/wp-content\/uploads\/2025\/10\/Thonon-Trieste-FS_etape09-18.jpg 1200w, https:\/\/centcols.org\/wp-content\/uploads\/2025\/10\/Thonon-Trieste-FS_etape09-18-768x513.jpg 768w, https:\/\/centcols.org\/wp-content\/uploads\/2025\/10\/Thonon-Trieste-FS_etape09-18-18x12.jpg 18w\" sizes=\"auto, (max-width: 1200px) 100vw, 1200px\" \/><\/a><figcaption class=\"wp-element-caption\">Aurenzo di Cadore, an den Ufern des Lago Santa Caterina (oder Lago di Auronzo)<\/figcaption><\/figure>\n\n\n\n<figure class=\"wp-block-image size-large\"><a href=\"https:\/\/centcols.org\/wp-content\/uploads\/2025\/10\/Thonon-Trieste-FS_etape09-19.jpg\"><img loading=\"lazy\" decoding=\"async\" width=\"1200\" height=\"802\" data-id=\"91579\" src=\"https:\/\/centcols.org\/wp-content\/uploads\/2025\/10\/Thonon-Trieste-FS_etape09-19.jpg\" alt=\"\" class=\"wp-image-91579\" srcset=\"https:\/\/centcols.org\/wp-content\/uploads\/2025\/10\/Thonon-Trieste-FS_etape09-19.jpg 1200w, https:\/\/centcols.org\/wp-content\/uploads\/2025\/10\/Thonon-Trieste-FS_etape09-19-768x513.jpg 768w, https:\/\/centcols.org\/wp-content\/uploads\/2025\/10\/Thonon-Trieste-FS_etape09-19-18x12.jpg 18w\" sizes=\"auto, (max-width: 1200px) 100vw, 1200px\" \/><\/a><figcaption class=\"wp-element-caption\">Vigo di Cadore<\/figcaption><\/figure>\n<\/figure>\n\n\n\n<p>Bevor Sie sie probieren, sind Erfrischungen nach 97 km, D 2085 und 2 P\u00e4ssen, darunter ein \u00ab2000er\u00bb, angebracht.<\/p>\n\n\n<div class=\"wp-block-image\">\n<figure class=\"aligncenter size-full is-resized\"><a href=\"https:\/\/centcols.org\/wp-content\/uploads\/2025\/10\/Thonon-Trieste-FS_etape09-20.jpg\"><img loading=\"lazy\" decoding=\"async\" width=\"1200\" height=\"950\" src=\"https:\/\/centcols.org\/wp-content\/uploads\/2025\/10\/Thonon-Trieste-FS_etape09-20.jpg\" alt=\"\" class=\"wp-image-91581\" style=\"width:800px\" srcset=\"https:\/\/centcols.org\/wp-content\/uploads\/2025\/10\/Thonon-Trieste-FS_etape09-20.jpg 1200w, https:\/\/centcols.org\/wp-content\/uploads\/2025\/10\/Thonon-Trieste-FS_etape09-20-768x608.jpg 768w, https:\/\/centcols.org\/wp-content\/uploads\/2025\/10\/Thonon-Trieste-FS_etape09-20-15x12.jpg 15w\" sizes=\"auto, (max-width: 1200px) 100vw, 1200px\" \/><\/a><\/figure>\n<\/div>\n\n\n<p>Heute gab es keinen einzigen flachen Abschnitt, sondern nur Steigungen und Gef\u00e4lle! Und wir haben die 1000 km seit dem Start \u00fcberschritten. Triest kommt n\u00e4her!<br>Oder besser gesagt: Da Triest sich nicht bewegt, n\u00e4hern wir uns Triest ...<\/p>\n\n\n\n<div class=\"wp-block-buttons is-content-justification-space-between is-layout-flex wp-container-core-buttons-is-layout-3d213aab wp-block-buttons-is-layout-flex\">\n<div class=\"wp-block-button\"><a class=\"wp-block-button__link has-text-color has-background has-link-color wp-element-button\" href=\"https:\/\/centcols.org\/de\/thonon-trieste-fred-singla-2025\/9\/\" style=\"color:#2a488c;background-color:#88f2fd;text-transform:uppercase\"><strong>Vorheriger Schritt<\/strong><\/a><\/div>\n\n\n\n<div class=\"wp-block-button\"><a class=\"wp-block-button__link has-text-color has-background has-link-color wp-element-button\" href=\"https:\/\/centcols.org\/de\/thonon-trieste-fred-singla-2025\/11\/\" style=\"color:#2a488c;background-color:#88f2fd;text-transform:uppercase\"><strong>N\u00e4chster Schritt<\/strong><\/a><\/div>\n<\/div>\n\n\n\n<!--nextpage-->\n\n\n\n<h2 class=\"wp-block-heading\"><em> Tag 10 : <\/em>Von Vigo-di-Cadore nach Tarcento + DER Zoncolan!!!<\/h2>\n\n\n\n<p>148 km - 2800 m H\u00f6henunterschied, 7 P\u00e4sse, darunter der beeindruckende und unvergessliche Zoncolan-Pass<\/p>\n\n\n<div class=\"wp-block-image\">\n<figure class=\"aligncenter size-full is-resized\"><a href=\"https:\/\/centcols.org\/wp-content\/uploads\/2025\/10\/Thonon-Trieste-FS_etape10-01.jpg\"><img loading=\"lazy\" decoding=\"async\" width=\"1200\" height=\"802\" src=\"https:\/\/centcols.org\/wp-content\/uploads\/2025\/10\/Thonon-Trieste-FS_etape10-01.jpg\" alt=\"\" class=\"wp-image-91589\" style=\"width:800px\" srcset=\"https:\/\/centcols.org\/wp-content\/uploads\/2025\/10\/Thonon-Trieste-FS_etape10-01.jpg 1200w, https:\/\/centcols.org\/wp-content\/uploads\/2025\/10\/Thonon-Trieste-FS_etape10-01-768x513.jpg 768w, https:\/\/centcols.org\/wp-content\/uploads\/2025\/10\/Thonon-Trieste-FS_etape10-01-18x12.jpg 18w\" sizes=\"auto, (max-width: 1200px) 100vw, 1200px\" \/><\/a><figcaption class=\"wp-element-caption\">Chiesa Sant'Orsola aus dem 14. Jahrhundert, in Vigo-di-Cadore<\/figcaption><\/figure>\n<\/div>\n\n\n<p>Wie jeden Morgen schaut Jean Marc sp\u00f6ttisch zu, wie wir losfahren. Heute starten wir im Trockenen, aber es wird sehr schnell zu regnen beginnen. Daf\u00fcr ist der Nebel von Anfang an sehr pr\u00e4sent. Ich mache mir einen Spa\u00df daraus, das gleiche Foto von Vigo di Cadore zu machen wie das, das wir gestern bei unserer Ankunft gemacht haben. So kann ich sie in meinem zuk\u00fcnftigen Album nebeneinander stellen.<\/p>\n\n\n<div class=\"wp-block-image\">\n<figure class=\"aligncenter size-full is-resized\"><a href=\"https:\/\/centcols.org\/wp-content\/uploads\/2025\/10\/Thonon-Trieste-FS_etape10-02.jpg\"><img loading=\"lazy\" decoding=\"async\" width=\"1200\" height=\"802\" src=\"https:\/\/centcols.org\/wp-content\/uploads\/2025\/10\/Thonon-Trieste-FS_etape10-02.jpg\" alt=\"\" class=\"wp-image-91590\" style=\"width:800px\" srcset=\"https:\/\/centcols.org\/wp-content\/uploads\/2025\/10\/Thonon-Trieste-FS_etape10-02.jpg 1200w, https:\/\/centcols.org\/wp-content\/uploads\/2025\/10\/Thonon-Trieste-FS_etape10-02-768x513.jpg 768w, https:\/\/centcols.org\/wp-content\/uploads\/2025\/10\/Thonon-Trieste-FS_etape10-02-18x12.jpg 18w\" sizes=\"auto, (max-width: 1200px) 100vw, 1200px\" \/><\/a><\/figure>\n<\/div>\n\n\n<p>In Laggio di Cadore habe ich Zeit, diese Asseln zu fotografieren, im Gegensatz zu den beiden Hirschk\u00fchen, die ich sp\u00e4ter sehen werde. Sie werden viel schneller sein als ich.<\/p>\n\n\n<div class=\"wp-block-image\">\n<figure class=\"aligncenter size-full is-resized\"><a href=\"https:\/\/centcols.org\/wp-content\/uploads\/2025\/10\/Thonon-Trieste-FS_etape10-03.jpg\"><img loading=\"lazy\" decoding=\"async\" width=\"1200\" height=\"802\" src=\"https:\/\/centcols.org\/wp-content\/uploads\/2025\/10\/Thonon-Trieste-FS_etape10-03.jpg\" alt=\"\" class=\"wp-image-91591\" style=\"width:800px\" srcset=\"https:\/\/centcols.org\/wp-content\/uploads\/2025\/10\/Thonon-Trieste-FS_etape10-03.jpg 1200w, https:\/\/centcols.org\/wp-content\/uploads\/2025\/10\/Thonon-Trieste-FS_etape10-03-768x513.jpg 768w, https:\/\/centcols.org\/wp-content\/uploads\/2025\/10\/Thonon-Trieste-FS_etape10-03-18x12.jpg 18w\" sizes=\"auto, (max-width: 1200px) 100vw, 1200px\" \/><\/a><\/figure>\n<\/div>\n\n\n<p><em><strong>Ndlr :<\/strong> isard, isard...bisard, bizarr! Wir befinden uns in den Alpen und daher sind es G\u00e4msen, die auf dieser Vorderseite gezeichnet sind. Aber was soll man machen? Einmal Pyren\u00e4en, immer Pyren\u00e4en! Fred hat also Isarden gesehen.<\/em><\/p>\n\n\n\n<p>Der erste, 19 km lange Anstieg findet im Regen statt. Ein schwieriger, aber sehr sch\u00f6ner Anstieg, den wir aufgrund des Nebels nicht genie\u00dfen k\u00f6nnen.<br>Wir befinden uns inmitten riesiger W\u00e4lder, in denen die Forstwirtschaft gut entwickelt ist. Die Stra\u00dfe, die durch sie hindurchf\u00fchrt, ist absolut menschenleer.<br>In der Sella di Razzo befindet sich ein kleines, fast verlassenes Skigebiet.<\/p>\n\n\n<div class=\"wp-block-image\">\n<figure class=\"aligncenter size-full is-resized\"><a href=\"https:\/\/centcols.org\/wp-content\/uploads\/2025\/10\/Thonon-Trieste-FS_etape10-04.jpg\"><img loading=\"lazy\" decoding=\"async\" width=\"800\" height=\"1200\" src=\"https:\/\/centcols.org\/wp-content\/uploads\/2025\/10\/Thonon-Trieste-FS_etape10-04.jpg\" alt=\"\" class=\"wp-image-91595\" style=\"width:auto;height:600px\" srcset=\"https:\/\/centcols.org\/wp-content\/uploads\/2025\/10\/Thonon-Trieste-FS_etape10-04.jpg 800w, https:\/\/centcols.org\/wp-content\/uploads\/2025\/10\/Thonon-Trieste-FS_etape10-04-768x1152.jpg 768w, https:\/\/centcols.org\/wp-content\/uploads\/2025\/10\/Thonon-Trieste-FS_etape10-04-8x12.jpg 8w\" sizes=\"auto, (max-width: 800px) 100vw, 800px\" \/><\/a><figcaption class=\"wp-element-caption\">Valico di Cima Campigotto<\/figcaption><\/figure>\n<\/div>\n\n\n<figure class=\"wp-block-gallery has-nested-images columns-3 is-cropped wp-block-gallery-50 is-layout-flex wp-block-gallery-is-layout-flex\">\n<figure class=\"wp-block-image size-large\"><a href=\"https:\/\/centcols.org\/wp-content\/uploads\/2025\/10\/Thonon-Trieste-FS_etape10-05.jpg\"><img loading=\"lazy\" decoding=\"async\" width=\"1200\" height=\"802\" data-id=\"91596\" src=\"https:\/\/centcols.org\/wp-content\/uploads\/2025\/10\/Thonon-Trieste-FS_etape10-05.jpg\" alt=\"\" class=\"wp-image-91596\" srcset=\"https:\/\/centcols.org\/wp-content\/uploads\/2025\/10\/Thonon-Trieste-FS_etape10-05.jpg 1200w, https:\/\/centcols.org\/wp-content\/uploads\/2025\/10\/Thonon-Trieste-FS_etape10-05-768x513.jpg 768w, https:\/\/centcols.org\/wp-content\/uploads\/2025\/10\/Thonon-Trieste-FS_etape10-05-18x12.jpg 18w\" sizes=\"auto, (max-width: 1200px) 100vw, 1200px\" \/><\/a><\/figure>\n\n\n\n<figure class=\"wp-block-image size-large\"><a href=\"https:\/\/centcols.org\/wp-content\/uploads\/2025\/10\/Thonon-Trieste-FS_etape10-20.jpg\"><img loading=\"lazy\" decoding=\"async\" width=\"1200\" height=\"802\" data-id=\"91659\" src=\"https:\/\/centcols.org\/wp-content\/uploads\/2025\/10\/Thonon-Trieste-FS_etape10-20.jpg\" alt=\"\" class=\"wp-image-91659\" srcset=\"https:\/\/centcols.org\/wp-content\/uploads\/2025\/10\/Thonon-Trieste-FS_etape10-20.jpg 1200w, https:\/\/centcols.org\/wp-content\/uploads\/2025\/10\/Thonon-Trieste-FS_etape10-20-768x513.jpg 768w, https:\/\/centcols.org\/wp-content\/uploads\/2025\/10\/Thonon-Trieste-FS_etape10-20-18x12.jpg 18w\" sizes=\"auto, (max-width: 1200px) 100vw, 1200px\" \/><\/a><figcaption class=\"wp-element-caption\">Die Kuh fragt sich, was wir hier machen. Ich auch ...<\/figcaption><\/figure>\n\n\n\n<figure class=\"wp-block-image size-large\"><a href=\"https:\/\/centcols.org\/wp-content\/uploads\/2025\/10\/Thonon-Trieste-FS_etape10-06.jpg\"><img loading=\"lazy\" decoding=\"async\" width=\"1200\" height=\"802\" data-id=\"91597\" src=\"https:\/\/centcols.org\/wp-content\/uploads\/2025\/10\/Thonon-Trieste-FS_etape10-06.jpg\" alt=\"\" class=\"wp-image-91597\" srcset=\"https:\/\/centcols.org\/wp-content\/uploads\/2025\/10\/Thonon-Trieste-FS_etape10-06.jpg 1200w, https:\/\/centcols.org\/wp-content\/uploads\/2025\/10\/Thonon-Trieste-FS_etape10-06-768x513.jpg 768w, https:\/\/centcols.org\/wp-content\/uploads\/2025\/10\/Thonon-Trieste-FS_etape10-06-18x12.jpg 18w\" sizes=\"auto, (max-width: 1200px) 100vw, 1200px\" \/><\/a><figcaption class=\"wp-element-caption\">Forcella Rioda, immer noch im Nebel<\/figcaption><\/figure>\n<\/figure>\n\n\n\n<p>Langer Abstieg durch die Tannen auf einer vom Winter ziemlich ramponierten Stra\u00dfe.<\/p>\n\n\n<div class=\"wp-block-image\">\n<figure class=\"aligncenter size-full is-resized\"><a href=\"https:\/\/centcols.org\/wp-content\/uploads\/2025\/10\/Thonon-Trieste-FS_etape10-07.jpg\"><img loading=\"lazy\" decoding=\"async\" width=\"1200\" height=\"802\" src=\"https:\/\/centcols.org\/wp-content\/uploads\/2025\/10\/Thonon-Trieste-FS_etape10-07.jpg\" alt=\"\" class=\"wp-image-91598\" style=\"width:800px\" srcset=\"https:\/\/centcols.org\/wp-content\/uploads\/2025\/10\/Thonon-Trieste-FS_etape10-07.jpg 1200w, https:\/\/centcols.org\/wp-content\/uploads\/2025\/10\/Thonon-Trieste-FS_etape10-07-768x513.jpg 768w, https:\/\/centcols.org\/wp-content\/uploads\/2025\/10\/Thonon-Trieste-FS_etape10-07-18x12.jpg 18w\" sizes=\"auto, (max-width: 1200px) 100vw, 1200px\" \/><\/a><\/figure>\n<\/div>\n\n\n<p>Wir verlassen die Dolomiten mit ihren charakteristischen Gipfeln.<br>Durchqueren Sie h\u00fcbsche kleine D\u00f6rfer, die sehr abgelegen sind. Wir befinden uns im P\u00e9sarina-Tal, dem valle del tempo (Tal der Zeit).<\/p>\n\n\n\n<figure class=\"wp-block-gallery has-nested-images columns-2 is-cropped wp-block-gallery-51 is-layout-flex wp-block-gallery-is-layout-flex\">\n<figure class=\"wp-block-image size-large\"><a href=\"https:\/\/centcols.org\/wp-content\/uploads\/2025\/10\/Thonon-Trieste-FS_etape10-08.jpg\"><img loading=\"lazy\" decoding=\"async\" width=\"1200\" height=\"802\" data-id=\"91600\" src=\"https:\/\/centcols.org\/wp-content\/uploads\/2025\/10\/Thonon-Trieste-FS_etape10-08.jpg\" alt=\"\" class=\"wp-image-91600\" srcset=\"https:\/\/centcols.org\/wp-content\/uploads\/2025\/10\/Thonon-Trieste-FS_etape10-08.jpg 1200w, https:\/\/centcols.org\/wp-content\/uploads\/2025\/10\/Thonon-Trieste-FS_etape10-08-768x513.jpg 768w, https:\/\/centcols.org\/wp-content\/uploads\/2025\/10\/Thonon-Trieste-FS_etape10-08-18x12.jpg 18w\" sizes=\"auto, (max-width: 1200px) 100vw, 1200px\" \/><\/a><figcaption class=\"wp-element-caption\">Prato Carniro<\/figcaption><\/figure>\n\n\n\n<figure class=\"wp-block-image size-large\"><a href=\"https:\/\/centcols.org\/wp-content\/uploads\/2025\/10\/Thonon-Trieste-FS_etape10-09.jpg\"><img loading=\"lazy\" decoding=\"async\" width=\"1200\" height=\"802\" data-id=\"91599\" src=\"https:\/\/centcols.org\/wp-content\/uploads\/2025\/10\/Thonon-Trieste-FS_etape10-09.jpg\" alt=\"\" class=\"wp-image-91599\" srcset=\"https:\/\/centcols.org\/wp-content\/uploads\/2025\/10\/Thonon-Trieste-FS_etape10-09.jpg 1200w, https:\/\/centcols.org\/wp-content\/uploads\/2025\/10\/Thonon-Trieste-FS_etape10-09-768x513.jpg 768w, https:\/\/centcols.org\/wp-content\/uploads\/2025\/10\/Thonon-Trieste-FS_etape10-09-18x12.jpg 18w\" sizes=\"auto, (max-width: 1200px) 100vw, 1200px\" \/><\/a><figcaption class=\"wp-element-caption\">das P\u00e9sarina-Tal, das Tempo-Tal.<\/figcaption><\/figure>\n<\/figure>\n\n\n<div class=\"wp-block-image\">\n<figure class=\"aligncenter size-large is-resized\"><a href=\"https:\/\/centcols.org\/wp-content\/uploads\/2025\/10\/Thonon-Trieste-FS_etape10-19.jpg\"><img loading=\"lazy\" decoding=\"async\" width=\"800\" height=\"1200\" src=\"https:\/\/centcols.org\/wp-content\/uploads\/2025\/10\/Thonon-Trieste-FS_etape10-19.jpg\" alt=\"\" class=\"wp-image-91614\" style=\"width:auto;height:600px\" srcset=\"https:\/\/centcols.org\/wp-content\/uploads\/2025\/10\/Thonon-Trieste-FS_etape10-19.jpg 800w, https:\/\/centcols.org\/wp-content\/uploads\/2025\/10\/Thonon-Trieste-FS_etape10-19-768x1152.jpg 768w, https:\/\/centcols.org\/wp-content\/uploads\/2025\/10\/Thonon-Trieste-FS_etape10-19-8x12.jpg 8w\" sizes=\"auto, (max-width: 800px) 100vw, 800px\" \/><\/a><\/figure>\n<\/div>\n\n\n<p>W\u00e4hrend Bruno und Jean-Marc sich ein gutes Essen g\u00f6nnen, nehme ich drei Riegel und zwei Kompotte mit und mache mich auf den Weg, um die Sella del Monte Zoncolan in Angriff zu nehmen, obwohl die geplante Strecke bereits lang und steil ist. <br>Unwissenheit ? Wahnsinn ? Herausforderung ? Leidenschaft?<\/p>\n\n\n<div class=\"wp-block-image\">\n<figure class=\"aligncenter size-full is-resized\"><a href=\"https:\/\/centcols.org\/wp-content\/uploads\/2025\/10\/Thonon-Trieste-FS_etape10-18.jpg\"><img loading=\"lazy\" decoding=\"async\" width=\"1080\" height=\"1321\" src=\"https:\/\/centcols.org\/wp-content\/uploads\/2025\/10\/Thonon-Trieste-FS_etape10-18.jpg\" alt=\"\" class=\"wp-image-91602\" style=\"width:auto;height:600px\" srcset=\"https:\/\/centcols.org\/wp-content\/uploads\/2025\/10\/Thonon-Trieste-FS_etape10-18.jpg 1080w, https:\/\/centcols.org\/wp-content\/uploads\/2025\/10\/Thonon-Trieste-FS_etape10-18-981x1200.jpg 981w, https:\/\/centcols.org\/wp-content\/uploads\/2025\/10\/Thonon-Trieste-FS_etape10-18-768x939.jpg 768w, https:\/\/centcols.org\/wp-content\/uploads\/2025\/10\/Thonon-Trieste-FS_etape10-18-10x12.jpg 10w\" sizes=\"auto, (max-width: 1080px) 100vw, 1080px\" \/><\/a><\/figure>\n<\/div>\n\n\n<p>Es war nicht wirklich geplant, aber ich hatte mir trotzdem gut gemerkt, dass wir in der N\u00e4he vorbeifahren w\u00fcrden. Da ich Bruno und Jean-Marc nichts aufzwingen wollte, \u00fcberlie\u00df ich es ein wenig dem Zufall. Allerdings hatte ich mir am Vortag notiert, dass die Restaurantpause angesichts der Entfernungen h\u00f6chstwahrscheinlich in Comeglians, quasi am Fu\u00df des Anstiegs, stattfinden w\u00fcrde. Bingo!!! Der Zufall wollte es, dass Jean-Marc mich anrief und mir mitteilte: \u00abIch habe in Comeglians angehalten und glaube, ein nettes Restaurant gefunden zu haben. Die Gelegenheit war einfach zu gut ... Ich lasse meine Gef\u00e4hrten zur\u00fcck und mache mich auf den Weg zu einem Aufstieg, der es in sich hat.<\/p>\n\n\n<div class=\"wp-block-image\">\n<figure class=\"aligncenter size-full is-resized\"><a href=\"https:\/\/centcols.org\/wp-content\/uploads\/2025\/10\/Thonon-Trieste-FS_etape10-10.jpg\"><img loading=\"lazy\" decoding=\"async\" width=\"1200\" height=\"802\" src=\"https:\/\/centcols.org\/wp-content\/uploads\/2025\/10\/Thonon-Trieste-FS_etape10-10.jpg\" alt=\"\" class=\"wp-image-91604\" style=\"width:800px\" srcset=\"https:\/\/centcols.org\/wp-content\/uploads\/2025\/10\/Thonon-Trieste-FS_etape10-10.jpg 1200w, https:\/\/centcols.org\/wp-content\/uploads\/2025\/10\/Thonon-Trieste-FS_etape10-10-768x513.jpg 768w, https:\/\/centcols.org\/wp-content\/uploads\/2025\/10\/Thonon-Trieste-FS_etape10-10-18x12.jpg 18w\" sizes=\"auto, (max-width: 1200px) 100vw, 1200px\" \/><\/a><figcaption class=\"wp-element-caption\">Auf der schwierigsten Seite, die es gibt ...<\/figcaption><\/figure>\n<\/div>\n\n\n<p>Die letzten 8 km sind gef\u00fcrchtet. Sie schwanken zwischen 16 und 24 %. Und die ersten sind auch nicht ohne!<\/p>\n\n\n<div class=\"wp-block-image\">\n<figure class=\"aligncenter size-full\"><a href=\"https:\/\/centcols.org\/wp-content\/uploads\/2025\/10\/Thonon-Trieste-FS_etape10-11.jpg\"><img loading=\"lazy\" decoding=\"async\" width=\"1200\" height=\"802\" src=\"https:\/\/centcols.org\/wp-content\/uploads\/2025\/10\/Thonon-Trieste-FS_etape10-11.jpg\" alt=\"\" class=\"wp-image-91606\" srcset=\"https:\/\/centcols.org\/wp-content\/uploads\/2025\/10\/Thonon-Trieste-FS_etape10-11.jpg 1200w, https:\/\/centcols.org\/wp-content\/uploads\/2025\/10\/Thonon-Trieste-FS_etape10-11-768x513.jpg 768w, https:\/\/centcols.org\/wp-content\/uploads\/2025\/10\/Thonon-Trieste-FS_etape10-11-18x12.jpg 18w\" sizes=\"auto, (max-width: 1200px) 100vw, 1200px\" \/><\/a><\/figure>\n<\/div>\n\n\n<p>Der Zoncolan ist daf\u00fcr bekannt, der h\u00e4rteste Radsportanstieg Europas zu sein. Nur der Angliru in Spanien kann diesem Vergleich standhalten.<br>Meine Route nach Triest f\u00fchrt am Fu\u00df des Weges vorbei, es w\u00e4re eine Schande gewesen, sie nicht zu machen...<br>Als Bruno mich anruft und sagt: \u00abWir sind gerade dabei, das Tiramisu fertig zu machen, dann trinken wir Kaffee. Sollen wir warten, bis du zu uns kommst?\u00bb Ich kann ihm nur antworten: \u00abOh nein, ich habe noch 5 km vor mir, dazu kommt noch der Abstieg auf der anderen Seite, was mir einen Umweg bescheren wird. Sie w\u00fcrden zu lange warten, also gehen Sie und wir treffen uns in Tarcento\u00bb.<br>Tats\u00e4chlich werden diese 5 km mich ... eine gewisse Zeit kosten (wie Bourvil gesagt h\u00e4tte).<\/p>\n\n\n\n<figure class=\"wp-block-gallery has-nested-images columns-default is-cropped wp-block-gallery-52 is-layout-flex wp-block-gallery-is-layout-flex\">\n<figure class=\"wp-block-image size-large\"><a href=\"https:\/\/centcols.org\/wp-content\/uploads\/2025\/10\/Thonon-Trieste-FS_etape10-12.jpg\"><img loading=\"lazy\" decoding=\"async\" width=\"1200\" height=\"802\" data-id=\"91607\" src=\"https:\/\/centcols.org\/wp-content\/uploads\/2025\/10\/Thonon-Trieste-FS_etape10-12.jpg\" alt=\"\" class=\"wp-image-91607\" srcset=\"https:\/\/centcols.org\/wp-content\/uploads\/2025\/10\/Thonon-Trieste-FS_etape10-12.jpg 1200w, https:\/\/centcols.org\/wp-content\/uploads\/2025\/10\/Thonon-Trieste-FS_etape10-12-768x513.jpg 768w, https:\/\/centcols.org\/wp-content\/uploads\/2025\/10\/Thonon-Trieste-FS_etape10-12-18x12.jpg 18w\" sizes=\"auto, (max-width: 1200px) 100vw, 1200px\" \/><\/a><\/figure>\n\n\n\n<figure class=\"wp-block-image size-large\"><a href=\"https:\/\/centcols.org\/wp-content\/uploads\/2025\/10\/Thonon-Trieste-FS_etape10-13.jpg\"><img loading=\"lazy\" decoding=\"async\" width=\"1200\" height=\"1697\" data-id=\"91608\" src=\"https:\/\/centcols.org\/wp-content\/uploads\/2025\/10\/Thonon-Trieste-FS_etape10-13.jpg\" alt=\"\" class=\"wp-image-91608\" srcset=\"https:\/\/centcols.org\/wp-content\/uploads\/2025\/10\/Thonon-Trieste-FS_etape10-13.jpg 1200w, https:\/\/centcols.org\/wp-content\/uploads\/2025\/10\/Thonon-Trieste-FS_etape10-13-849x1200.jpg 849w, https:\/\/centcols.org\/wp-content\/uploads\/2025\/10\/Thonon-Trieste-FS_etape10-13-768x1086.jpg 768w, https:\/\/centcols.org\/wp-content\/uploads\/2025\/10\/Thonon-Trieste-FS_etape10-13-1086x1536.jpg 1086w, https:\/\/centcols.org\/wp-content\/uploads\/2025\/10\/Thonon-Trieste-FS_etape10-13-8x12.jpg 8w\" sizes=\"auto, (max-width: 1200px) 100vw, 1200px\" \/><\/a><\/figure>\n<\/figure>\n\n\n\n<p>Auf der Steigung h\u00f6rte ich mein nagelneues Fahrrad schimpfen: \u00bbDieser Verr\u00fcckte muss mich gekauft haben! Wenn ich doch nur einen Radfahrer gefunden h\u00e4tte, der am Sonntag 60 Kilometer f\u00e4hrt und mich dann die ganze Woche ausruhen l\u00e4sst!\u00bb<\/p>\n\n\n<div class=\"wp-block-image\">\n<figure class=\"aligncenter size-full is-resized\"><a href=\"https:\/\/centcols.org\/wp-content\/uploads\/2025\/10\/Thonon-Trieste-FS_etape10-14.jpg\"><img loading=\"lazy\" decoding=\"async\" width=\"1200\" height=\"802\" src=\"https:\/\/centcols.org\/wp-content\/uploads\/2025\/10\/Thonon-Trieste-FS_etape10-14.jpg\" alt=\"\" class=\"wp-image-91609\" style=\"width:800px\" srcset=\"https:\/\/centcols.org\/wp-content\/uploads\/2025\/10\/Thonon-Trieste-FS_etape10-14.jpg 1200w, https:\/\/centcols.org\/wp-content\/uploads\/2025\/10\/Thonon-Trieste-FS_etape10-14-768x513.jpg 768w, https:\/\/centcols.org\/wp-content\/uploads\/2025\/10\/Thonon-Trieste-FS_etape10-14-18x12.jpg 18w\" sizes=\"auto, (max-width: 1200px) 100vw, 1200px\" \/><\/a><\/figure>\n<\/div>\n\n\n<p>Ich steige auf der anderen Seite wieder ins Tal hinab. Sie ist weniger schwierig, aber dennoch einen Abstecher wert und beherbergt ein sch\u00f6nes Skigebiet. Vom Gipfel aus habe ich noch etwa 80 km bis nach Tarcento.<br>Ich \u00fcberquere den sehr breiten Tagliamento mehrmals. Er muss w\u00e4hrend der Schneeschmelze riesig sein.<br>Ich gehe am h\u00fcbschen Lagodi Cjaseria Muarta entlang.<\/p>\n\n\n\n<figure class=\"wp-block-gallery has-nested-images columns-default is-cropped wp-block-gallery-53 is-layout-flex wp-block-gallery-is-layout-flex\">\n<figure class=\"wp-block-image size-large\"><a href=\"https:\/\/centcols.org\/wp-content\/uploads\/2025\/10\/Thonon-Trieste-FS_etape10-15.jpg\"><img loading=\"lazy\" decoding=\"async\" width=\"1200\" height=\"802\" data-id=\"91611\" src=\"https:\/\/centcols.org\/wp-content\/uploads\/2025\/10\/Thonon-Trieste-FS_etape10-15.jpg\" alt=\"\" class=\"wp-image-91611\" srcset=\"https:\/\/centcols.org\/wp-content\/uploads\/2025\/10\/Thonon-Trieste-FS_etape10-15.jpg 1200w, https:\/\/centcols.org\/wp-content\/uploads\/2025\/10\/Thonon-Trieste-FS_etape10-15-768x513.jpg 768w, https:\/\/centcols.org\/wp-content\/uploads\/2025\/10\/Thonon-Trieste-FS_etape10-15-18x12.jpg 18w\" sizes=\"auto, (max-width: 1200px) 100vw, 1200px\" \/><\/a><figcaption class=\"wp-element-caption\">Abstieg ins Tal nach Sustrio<\/figcaption><\/figure>\n\n\n\n<figure class=\"wp-block-image size-large\"><a href=\"https:\/\/centcols.org\/wp-content\/uploads\/2025\/10\/Thonon-Trieste-FS_etape10-16.jpg\"><img loading=\"lazy\" decoding=\"async\" width=\"1200\" height=\"802\" data-id=\"91612\" src=\"https:\/\/centcols.org\/wp-content\/uploads\/2025\/10\/Thonon-Trieste-FS_etape10-16.jpg\" alt=\"\" class=\"wp-image-91612\" srcset=\"https:\/\/centcols.org\/wp-content\/uploads\/2025\/10\/Thonon-Trieste-FS_etape10-16.jpg 1200w, https:\/\/centcols.org\/wp-content\/uploads\/2025\/10\/Thonon-Trieste-FS_etape10-16-768x513.jpg 768w, https:\/\/centcols.org\/wp-content\/uploads\/2025\/10\/Thonon-Trieste-FS_etape10-16-18x12.jpg 18w\" sizes=\"auto, (max-width: 1200px) 100vw, 1200px\" \/><\/a><figcaption class=\"wp-element-caption\">Lago di Cavazzo<\/figcaption><\/figure>\n<\/figure>\n\n\n\n<p class=\"has-text-align-center\">Ich habe heute Abend gro\u00dfen Hunger ... Was ist nach einer solchen Anstrengung, bei der ich eine Mahlzeit ausgelassen habe, normaler?<\/p>\n\n\n<div class=\"wp-block-image\">\n<figure class=\"aligncenter size-full is-resized\"><a href=\"https:\/\/centcols.org\/wp-content\/uploads\/2025\/10\/Thonon-Trieste-FS_etape10-17.jpg\"><img loading=\"lazy\" decoding=\"async\" width=\"1200\" height=\"802\" src=\"https:\/\/centcols.org\/wp-content\/uploads\/2025\/10\/Thonon-Trieste-FS_etape10-17.jpg\" alt=\"\" class=\"wp-image-91610\" style=\"width:600px\" srcset=\"https:\/\/centcols.org\/wp-content\/uploads\/2025\/10\/Thonon-Trieste-FS_etape10-17.jpg 1200w, https:\/\/centcols.org\/wp-content\/uploads\/2025\/10\/Thonon-Trieste-FS_etape10-17-768x513.jpg 768w, https:\/\/centcols.org\/wp-content\/uploads\/2025\/10\/Thonon-Trieste-FS_etape10-17-18x12.jpg 18w\" sizes=\"auto, (max-width: 1200px) 100vw, 1200px\" \/><\/a><\/figure>\n<\/div>\n\n\n<div class=\"wp-block-buttons is-content-justification-space-between is-layout-flex wp-container-core-buttons-is-layout-3d213aab wp-block-buttons-is-layout-flex\">\n<div class=\"wp-block-button\"><a class=\"wp-block-button__link has-text-color has-background has-link-color wp-element-button\" href=\"https:\/\/centcols.org\/de\/thonon-trieste-fred-singla-2025\/10\/\" style=\"color:#2a488c;background-color:#88f2fd;text-transform:uppercase\"><strong>Vorheriger Schritt<\/strong><\/a><\/div>\n\n\n\n<div class=\"wp-block-button\"><a class=\"wp-block-button__link has-text-color has-background has-link-color wp-element-button\" href=\"https:\/\/centcols.org\/de\/thonon-trieste-fred-singla-2025\/12\/\" style=\"color:#2a488c;background-color:#88f2fd;text-transform:uppercase\"><strong>N\u00e4chster Schritt<\/strong><\/a><\/div>\n<\/div>\n\n\n\n<!--nextpage-->\n\n\n\n<h2 class=\"wp-block-heading\"><em> Tag 11 : <\/em>Von Tarcento nach Triest.<\/h2>\n\n\n\n<p>127 km - 800 m H\u00f6henmeter+, 5 P\u00e4sse \u00fcber Triest<\/p>\n\n\n\n<p>Wir verlassen das von den Bergen gesch\u00fctzte Tarcento bei strahlendem Sonnenschein.<\/p>\n\n\n<div class=\"wp-block-image\">\n<figure class=\"aligncenter size-full is-resized\"><a href=\"https:\/\/centcols.org\/wp-content\/uploads\/2025\/10\/Thonon-Trieste-FS_etape11-01.jpg\"><img loading=\"lazy\" decoding=\"async\" width=\"1200\" height=\"802\" src=\"https:\/\/centcols.org\/wp-content\/uploads\/2025\/10\/Thonon-Trieste-FS_etape11-01.jpg\" alt=\"\" class=\"wp-image-91669\" style=\"width:800px\" srcset=\"https:\/\/centcols.org\/wp-content\/uploads\/2025\/10\/Thonon-Trieste-FS_etape11-01.jpg 1200w, https:\/\/centcols.org\/wp-content\/uploads\/2025\/10\/Thonon-Trieste-FS_etape11-01-768x513.jpg 768w, https:\/\/centcols.org\/wp-content\/uploads\/2025\/10\/Thonon-Trieste-FS_etape11-01-18x12.jpg 18w\" sizes=\"auto, (max-width: 1200px) 100vw, 1200px\" \/><\/a><\/figure>\n<\/div>\n\n\n<p>Ich habe die perfekte Stra\u00dfe f\u00fcr Jean Marc und Bruno gefunden, die sehr kuchenliebend sind. F\u00fcr mich wird es eher ein Steak sein. Dann k\u00f6nnen wir alle zusammen eine Birra trinken gehen.<\/p>\n\n\n\n<figure class=\"wp-block-gallery has-nested-images columns-4 is-cropped wp-block-gallery-54 is-layout-flex wp-block-gallery-is-layout-flex\">\n<figure class=\"wp-block-image size-full\"><a href=\"https:\/\/centcols.org\/wp-content\/uploads\/2025\/10\/Thonon-Trieste-FS_etape11-15.jpg\"><img loading=\"lazy\" decoding=\"async\" width=\"800\" height=\"379\" data-id=\"91671\" src=\"https:\/\/centcols.org\/wp-content\/uploads\/2025\/10\/Thonon-Trieste-FS_etape11-15.jpg\" alt=\"\" class=\"wp-image-91671\" srcset=\"https:\/\/centcols.org\/wp-content\/uploads\/2025\/10\/Thonon-Trieste-FS_etape11-15.jpg 800w, https:\/\/centcols.org\/wp-content\/uploads\/2025\/10\/Thonon-Trieste-FS_etape11-15-768x364.jpg 768w, https:\/\/centcols.org\/wp-content\/uploads\/2025\/10\/Thonon-Trieste-FS_etape11-15-18x9.jpg 18w\" sizes=\"auto, (max-width: 800px) 100vw, 800px\" \/><\/a><\/figure>\n\n\n\n<figure class=\"wp-block-image size-full\"><a href=\"https:\/\/centcols.org\/wp-content\/uploads\/2025\/10\/Thonon-Trieste-FS_etape11-16.jpg\"><img loading=\"lazy\" decoding=\"async\" width=\"800\" height=\"282\" data-id=\"91672\" src=\"https:\/\/centcols.org\/wp-content\/uploads\/2025\/10\/Thonon-Trieste-FS_etape11-16.jpg\" alt=\"\" class=\"wp-image-91672\" srcset=\"https:\/\/centcols.org\/wp-content\/uploads\/2025\/10\/Thonon-Trieste-FS_etape11-16.jpg 800w, https:\/\/centcols.org\/wp-content\/uploads\/2025\/10\/Thonon-Trieste-FS_etape11-16-768x271.jpg 768w, https:\/\/centcols.org\/wp-content\/uploads\/2025\/10\/Thonon-Trieste-FS_etape11-16-18x6.jpg 18w\" sizes=\"auto, (max-width: 800px) 100vw, 800px\" \/><\/a><\/figure>\n\n\n\n<figure class=\"wp-block-image size-full\"><a href=\"https:\/\/centcols.org\/wp-content\/uploads\/2025\/10\/Thonon-Trieste-FS_etape11-17.jpg\"><img loading=\"lazy\" decoding=\"async\" width=\"800\" height=\"407\" data-id=\"91673\" src=\"https:\/\/centcols.org\/wp-content\/uploads\/2025\/10\/Thonon-Trieste-FS_etape11-17.jpg\" alt=\"\" class=\"wp-image-91673\" srcset=\"https:\/\/centcols.org\/wp-content\/uploads\/2025\/10\/Thonon-Trieste-FS_etape11-17.jpg 800w, https:\/\/centcols.org\/wp-content\/uploads\/2025\/10\/Thonon-Trieste-FS_etape11-17-768x391.jpg 768w, https:\/\/centcols.org\/wp-content\/uploads\/2025\/10\/Thonon-Trieste-FS_etape11-17-18x9.jpg 18w\" sizes=\"auto, (max-width: 800px) 100vw, 800px\" \/><\/a><\/figure>\n<\/figure>\n\n\n\n<p>Das war auch n\u00f6tig! Eine Reifenpanne nach 14 km und etwas mehr als 100 km vor dem endg\u00fcltigen Ziel. Kurz vor der Durchquerung von Buttrio, der Stadt des Weins.<\/p>\n\n\n\n<figure class=\"wp-block-gallery has-nested-images columns-default is-cropped wp-block-gallery-55 is-layout-flex wp-block-gallery-is-layout-flex\">\n<figure class=\"wp-block-image size-large\"><a href=\"https:\/\/centcols.org\/wp-content\/uploads\/2025\/10\/Thonon-Trieste-FS_etape11-02.jpg\"><img loading=\"lazy\" decoding=\"async\" width=\"1200\" height=\"802\" data-id=\"91676\" src=\"https:\/\/centcols.org\/wp-content\/uploads\/2025\/10\/Thonon-Trieste-FS_etape11-02.jpg\" alt=\"\" class=\"wp-image-91676\" srcset=\"https:\/\/centcols.org\/wp-content\/uploads\/2025\/10\/Thonon-Trieste-FS_etape11-02.jpg 1200w, https:\/\/centcols.org\/wp-content\/uploads\/2025\/10\/Thonon-Trieste-FS_etape11-02-768x513.jpg 768w, https:\/\/centcols.org\/wp-content\/uploads\/2025\/10\/Thonon-Trieste-FS_etape11-02-18x12.jpg 18w\" sizes=\"auto, (max-width: 1200px) 100vw, 1200px\" \/><\/a><\/figure>\n\n\n\n<figure class=\"wp-block-image size-large\"><a href=\"https:\/\/centcols.org\/wp-content\/uploads\/2025\/10\/Thonon-Trieste-FS_etape11-03.jpg\"><img loading=\"lazy\" decoding=\"async\" width=\"1200\" height=\"802\" data-id=\"91677\" src=\"https:\/\/centcols.org\/wp-content\/uploads\/2025\/10\/Thonon-Trieste-FS_etape11-03.jpg\" alt=\"\" class=\"wp-image-91677\" srcset=\"https:\/\/centcols.org\/wp-content\/uploads\/2025\/10\/Thonon-Trieste-FS_etape11-03.jpg 1200w, https:\/\/centcols.org\/wp-content\/uploads\/2025\/10\/Thonon-Trieste-FS_etape11-03-768x513.jpg 768w, https:\/\/centcols.org\/wp-content\/uploads\/2025\/10\/Thonon-Trieste-FS_etape11-03-18x12.jpg 18w\" sizes=\"auto, (max-width: 1200px) 100vw, 1200px\" \/><\/a><figcaption class=\"wp-element-caption\">Weingut in Buttrio<\/figcaption><\/figure>\n<\/figure>\n\n\n\n<p>Anschlie\u00dfend kommen wir an einem heiligen Bed &amp; Breakfast vorbei ... es sei denn, es ist ein heiliges Bed &amp; Breakfast ... <\/p>\n\n\n<div class=\"wp-block-image\">\n<figure class=\"aligncenter size-full is-resized\"><a href=\"https:\/\/centcols.org\/wp-content\/uploads\/2025\/10\/Thonon-Trieste-FS_etape11-04-1.jpg\"><img loading=\"lazy\" decoding=\"async\" width=\"1200\" height=\"1395\" src=\"https:\/\/centcols.org\/wp-content\/uploads\/2025\/10\/Thonon-Trieste-FS_etape11-04-1.jpg\" alt=\"\" class=\"wp-image-91679\" style=\"width:auto;height:600px\" srcset=\"https:\/\/centcols.org\/wp-content\/uploads\/2025\/10\/Thonon-Trieste-FS_etape11-04-1.jpg 1200w, https:\/\/centcols.org\/wp-content\/uploads\/2025\/10\/Thonon-Trieste-FS_etape11-04-1-1032x1200.jpg 1032w, https:\/\/centcols.org\/wp-content\/uploads\/2025\/10\/Thonon-Trieste-FS_etape11-04-1-768x893.jpg 768w, https:\/\/centcols.org\/wp-content\/uploads\/2025\/10\/Thonon-Trieste-FS_etape11-04-1-10x12.jpg 10w\" sizes=\"auto, (max-width: 1200px) 100vw, 1200px\" \/><\/a><\/figure>\n<\/div>\n\n\n<p>Nach 80 km n\u00e4hern wir uns Triest und die Schilder werden zweisprachig: italienisch und slowenisch.<\/p>\n\n\n<div class=\"wp-block-image\">\n<figure class=\"aligncenter size-full is-resized\"><a href=\"https:\/\/centcols.org\/wp-content\/uploads\/2025\/10\/Thonon-Trieste-FS_etape11-18.jpg\"><img loading=\"lazy\" decoding=\"async\" width=\"800\" height=\"343\" src=\"https:\/\/centcols.org\/wp-content\/uploads\/2025\/10\/Thonon-Trieste-FS_etape11-18.jpg\" alt=\"\" class=\"wp-image-91674\" style=\"width:600px\" srcset=\"https:\/\/centcols.org\/wp-content\/uploads\/2025\/10\/Thonon-Trieste-FS_etape11-18.jpg 800w, https:\/\/centcols.org\/wp-content\/uploads\/2025\/10\/Thonon-Trieste-FS_etape11-18-768x329.jpg 768w, https:\/\/centcols.org\/wp-content\/uploads\/2025\/10\/Thonon-Trieste-FS_etape11-18-18x8.jpg 18w\" sizes=\"auto, (max-width: 800px) 100vw, 800px\" \/><\/a><\/figure>\n<\/div>\n\n\n<p class=\"has-text-align-center\">Es ist geschafft, die Adria ist in Sicht!<\/p>\n\n\n<div class=\"wp-block-image\">\n<figure class=\"aligncenter size-full is-resized\"><a href=\"https:\/\/centcols.org\/wp-content\/uploads\/2025\/10\/Thonon-Trieste-FS_etape11-05.jpg\"><img loading=\"lazy\" decoding=\"async\" width=\"1200\" height=\"802\" src=\"https:\/\/centcols.org\/wp-content\/uploads\/2025\/10\/Thonon-Trieste-FS_etape11-05.jpg\" alt=\"\" class=\"wp-image-91680\" style=\"width:800px\" srcset=\"https:\/\/centcols.org\/wp-content\/uploads\/2025\/10\/Thonon-Trieste-FS_etape11-05.jpg 1200w, https:\/\/centcols.org\/wp-content\/uploads\/2025\/10\/Thonon-Trieste-FS_etape11-05-768x513.jpg 768w, https:\/\/centcols.org\/wp-content\/uploads\/2025\/10\/Thonon-Trieste-FS_etape11-05-18x12.jpg 18w\" sizes=\"auto, (max-width: 1200px) 100vw, 1200px\" \/><\/a><figcaption class=\"wp-element-caption\">die Adria!!!<\/figcaption><\/figure>\n<\/div>\n\n\n<p>Wir sind in Triest, und das nach 1300 km und 23200 m H\u00f6henunterschied. Wir haben 36 P\u00e4sse \u00fcberquert, davon 18 auf einer H\u00f6he von \u00fcber 2000 m. All dies in 10 Etappen plus 1 Tag \u00abRuhe\u00bb. Es gab viel (zu viel) Regen und sogar Hagel, aber das sind die Unw\u00e4gbarkeiten von Wanderreisen. Wenn man ein Begleitfahrzeug hat, muss man es einfach aushalten k\u00f6nnen und darf es nicht benutzen ...<\/p>\n\n\n<div class=\"wp-block-image\">\n<figure class=\"aligncenter size-full is-resized\"><a href=\"https:\/\/centcols.org\/wp-content\/uploads\/2025\/10\/Thonon-Trieste-FS_etape11-06-1.jpg\"><img loading=\"lazy\" decoding=\"async\" width=\"1200\" height=\"1344\" src=\"https:\/\/centcols.org\/wp-content\/uploads\/2025\/10\/Thonon-Trieste-FS_etape11-06-1.jpg\" alt=\"\" class=\"wp-image-91682\" style=\"width:600px\" srcset=\"https:\/\/centcols.org\/wp-content\/uploads\/2025\/10\/Thonon-Trieste-FS_etape11-06-1.jpg 1200w, https:\/\/centcols.org\/wp-content\/uploads\/2025\/10\/Thonon-Trieste-FS_etape11-06-1-1071x1200.jpg 1071w, https:\/\/centcols.org\/wp-content\/uploads\/2025\/10\/Thonon-Trieste-FS_etape11-06-1-768x860.jpg 768w, https:\/\/centcols.org\/wp-content\/uploads\/2025\/10\/Thonon-Trieste-FS_etape11-06-1-11x12.jpg 11w\" sizes=\"auto, (max-width: 1200px) 100vw, 1200px\" \/><\/a><\/figure>\n<\/div>\n\n\n<p>Der Leuchtturm La Victoire auf dem Poggio di Gretta ist schon von weitem zu sehen. Das ist normal, denn er \u00fcberragt uns mit seinen 68 Metern. Der Seemann selbst misst 8,60 m. Der Leuchtturm erinnert an die Zugeh\u00f6rigkeit Triests zu Italien und feiert die Seesoldaten, die im Ersten Weltkrieg auf See gefallen sind.<\/p>\n\n\n<div class=\"wp-block-image\">\n<figure class=\"aligncenter size-full is-resized\"><a href=\"https:\/\/centcols.org\/wp-content\/uploads\/2025\/10\/Thonon-Trieste-FS_etape11-07.jpg\"><img loading=\"lazy\" decoding=\"async\" width=\"800\" height=\"1200\" src=\"https:\/\/centcols.org\/wp-content\/uploads\/2025\/10\/Thonon-Trieste-FS_etape11-07.jpg\" alt=\"\" class=\"wp-image-91684\" style=\"width:auto;height:600px\" srcset=\"https:\/\/centcols.org\/wp-content\/uploads\/2025\/10\/Thonon-Trieste-FS_etape11-07.jpg 800w, https:\/\/centcols.org\/wp-content\/uploads\/2025\/10\/Thonon-Trieste-FS_etape11-07-768x1152.jpg 768w, https:\/\/centcols.org\/wp-content\/uploads\/2025\/10\/Thonon-Trieste-FS_etape11-07-8x12.jpg 8w\" sizes=\"auto, (max-width: 800px) 100vw, 800px\" \/><\/a><\/figure>\n<\/div>\n\n\n<p>Da das Ziel erreicht war, konnten wir zu unserem Hotel zur\u00fcckkehren. Aber ein Centcolist bleibt ein Centcolist, und erst recht zwei, also machen wir uns auf den Weg, um f\u00fcnf Centcolists auf den Anh\u00f6hen von Triest zu finden. Die Bezeichnung \"auf den H\u00f6hen\" ist nicht falsch. Der erste Pass gleicht n\u00e4mlich einem kleinen Zoncolan. Mehrere Passagen mit 20 % f\u00fchren uns dorthin.<br>Es geht weiter bergauf, was uns eine sch\u00f6ne Aussicht auf die Stadt und das Meer beschert.<\/p>\n\n\n\n<figure class=\"wp-block-gallery has-nested-images columns-2 is-cropped wp-block-gallery-56 is-layout-flex wp-block-gallery-is-layout-flex\">\n<figure class=\"wp-block-image size-large\"><a href=\"https:\/\/centcols.org\/wp-content\/uploads\/2025\/10\/Thonon-Trieste-FS_etape11-08.jpg\"><img loading=\"lazy\" decoding=\"async\" width=\"1200\" height=\"802\" data-id=\"91685\" src=\"https:\/\/centcols.org\/wp-content\/uploads\/2025\/10\/Thonon-Trieste-FS_etape11-08.jpg\" alt=\"\" class=\"wp-image-91685\" srcset=\"https:\/\/centcols.org\/wp-content\/uploads\/2025\/10\/Thonon-Trieste-FS_etape11-08.jpg 1200w, https:\/\/centcols.org\/wp-content\/uploads\/2025\/10\/Thonon-Trieste-FS_etape11-08-768x513.jpg 768w, https:\/\/centcols.org\/wp-content\/uploads\/2025\/10\/Thonon-Trieste-FS_etape11-08-18x12.jpg 18w\" sizes=\"auto, (max-width: 1200px) 100vw, 1200px\" \/><\/a><figcaption class=\"wp-element-caption\">die sella di Opicina ist zwar nur 344 m hoch, aber der Zugang ist wirklich sehr steil.<\/figcaption><\/figure>\n\n\n\n<figure class=\"wp-block-image size-large\"><a href=\"https:\/\/centcols.org\/wp-content\/uploads\/2025\/10\/Thonon-Trieste-FS_etape11-09.jpg\"><img loading=\"lazy\" decoding=\"async\" width=\"1200\" height=\"802\" data-id=\"91687\" src=\"https:\/\/centcols.org\/wp-content\/uploads\/2025\/10\/Thonon-Trieste-FS_etape11-09.jpg\" alt=\"\" class=\"wp-image-91687\" srcset=\"https:\/\/centcols.org\/wp-content\/uploads\/2025\/10\/Thonon-Trieste-FS_etape11-09.jpg 1200w, https:\/\/centcols.org\/wp-content\/uploads\/2025\/10\/Thonon-Trieste-FS_etape11-09-768x513.jpg 768w, https:\/\/centcols.org\/wp-content\/uploads\/2025\/10\/Thonon-Trieste-FS_etape11-09-18x12.jpg 18w\" sizes=\"auto, (max-width: 1200px) 100vw, 1200px\" \/><\/a><figcaption class=\"wp-element-caption\">Zur Sella di Trebiciano<\/figcaption><\/figure>\n\n\n\n<figure class=\"wp-block-image size-large\"><a href=\"https:\/\/centcols.org\/wp-content\/uploads\/2025\/10\/Thonon-Trieste-FS_etape11-10.jpg\"><img loading=\"lazy\" decoding=\"async\" width=\"1200\" height=\"802\" data-id=\"91686\" src=\"https:\/\/centcols.org\/wp-content\/uploads\/2025\/10\/Thonon-Trieste-FS_etape11-10.jpg\" alt=\"\" class=\"wp-image-91686\" srcset=\"https:\/\/centcols.org\/wp-content\/uploads\/2025\/10\/Thonon-Trieste-FS_etape11-10.jpg 1200w, https:\/\/centcols.org\/wp-content\/uploads\/2025\/10\/Thonon-Trieste-FS_etape11-10-768x513.jpg 768w, https:\/\/centcols.org\/wp-content\/uploads\/2025\/10\/Thonon-Trieste-FS_etape11-10-18x12.jpg 18w\" sizes=\"auto, (max-width: 1200px) 100vw, 1200px\" \/><\/a><figcaption class=\"wp-element-caption\">Triest von oben<\/figcaption><\/figure>\n<\/figure>\n\n\n\n<p>Nachdem wir die f\u00fcnf P\u00e4sse \u00fcberquert haben und uns ein wenig auf riesigen Umgehungsstra\u00dfen verirrt haben, k\u00f6nnen wir endlich das Aparthotel erreichen.<\/p>\n\n\n\n<p>Gestern gab es ein danteskes Gewitter \u00fcber Triest. Der Fahrradraum des Wohnheims, in dem wir untergebracht sind, ist daher unzug\u00e4nglich. Die Verantwortliche l\u00e4sst uns Zugang zu einem zus\u00e4tzlichen Zimmer. Dort sind unsere Fahrr\u00e4der f\u00fcr die n\u00e4chsten zwei Tage und N\u00e4chte sicher untergebracht. .<br>Ein Thonon Trieste Looping rechtfertigt durchaus eine Birra<\/p>\n\n\n<div class=\"wp-block-image\">\n<figure class=\"aligncenter size-full is-resized\"><a href=\"https:\/\/centcols.org\/wp-content\/uploads\/2025\/10\/Thonon-Trieste-FS_etape11-14.jpg\"><img loading=\"lazy\" decoding=\"async\" width=\"1200\" height=\"802\" src=\"https:\/\/centcols.org\/wp-content\/uploads\/2025\/10\/Thonon-Trieste-FS_etape11-14.jpg\" alt=\"\" class=\"wp-image-91691\" style=\"width:800px\" srcset=\"https:\/\/centcols.org\/wp-content\/uploads\/2025\/10\/Thonon-Trieste-FS_etape11-14.jpg 1200w, https:\/\/centcols.org\/wp-content\/uploads\/2025\/10\/Thonon-Trieste-FS_etape11-14-768x513.jpg 768w, https:\/\/centcols.org\/wp-content\/uploads\/2025\/10\/Thonon-Trieste-FS_etape11-14-18x12.jpg 18w\" sizes=\"auto, (max-width: 1200px) 100vw, 1200px\" \/><\/a><\/figure>\n<\/div>\n\n\n<p>Abendessen in einer Trattoria und Spaziergang durch Triest, das eine sehr sch\u00f6ne Stadt ist. Ihr Status als Hafen und ihre geografische Lage haben dazu beigetragen, ihren Reichtum zu begr\u00fcnden.<\/p>\n\n\n\n<figure class=\"wp-block-gallery has-nested-images columns-default is-cropped wp-block-gallery-57 is-layout-flex wp-block-gallery-is-layout-flex\">\n<figure class=\"wp-block-image size-large\"><a href=\"https:\/\/centcols.org\/wp-content\/uploads\/2025\/10\/Thonon-Trieste-FS_etape11-11.jpg\"><img loading=\"lazy\" decoding=\"async\" width=\"1200\" height=\"802\" data-id=\"91688\" src=\"https:\/\/centcols.org\/wp-content\/uploads\/2025\/10\/Thonon-Trieste-FS_etape11-11.jpg\" alt=\"\" class=\"wp-image-91688\" srcset=\"https:\/\/centcols.org\/wp-content\/uploads\/2025\/10\/Thonon-Trieste-FS_etape11-11.jpg 1200w, https:\/\/centcols.org\/wp-content\/uploads\/2025\/10\/Thonon-Trieste-FS_etape11-11-768x513.jpg 768w, https:\/\/centcols.org\/wp-content\/uploads\/2025\/10\/Thonon-Trieste-FS_etape11-11-18x12.jpg 18w\" sizes=\"auto, (max-width: 1200px) 100vw, 1200px\" \/><\/a><figcaption class=\"wp-element-caption\">Castello di San Guisto<\/figcaption><\/figure>\n\n\n\n<figure class=\"wp-block-image size-large\"><a href=\"https:\/\/centcols.org\/wp-content\/uploads\/2025\/10\/Thonon-Trieste-FS_etape11-12.jpg\"><img loading=\"lazy\" decoding=\"async\" width=\"1200\" height=\"802\" data-id=\"91689\" src=\"https:\/\/centcols.org\/wp-content\/uploads\/2025\/10\/Thonon-Trieste-FS_etape11-12.jpg\" alt=\"\" class=\"wp-image-91689\" srcset=\"https:\/\/centcols.org\/wp-content\/uploads\/2025\/10\/Thonon-Trieste-FS_etape11-12.jpg 1200w, https:\/\/centcols.org\/wp-content\/uploads\/2025\/10\/Thonon-Trieste-FS_etape11-12-768x513.jpg 768w, https:\/\/centcols.org\/wp-content\/uploads\/2025\/10\/Thonon-Trieste-FS_etape11-12-18x12.jpg 18w\" sizes=\"auto, (max-width: 1200px) 100vw, 1200px\" \/><\/a><\/figure>\n\n\n\n<figure class=\"wp-block-image size-large\"><a href=\"https:\/\/centcols.org\/wp-content\/uploads\/2025\/10\/Thonon-Trieste-FS_etape11-13.jpg\"><img loading=\"lazy\" decoding=\"async\" width=\"1200\" height=\"802\" data-id=\"91690\" src=\"https:\/\/centcols.org\/wp-content\/uploads\/2025\/10\/Thonon-Trieste-FS_etape11-13.jpg\" alt=\"\" class=\"wp-image-91690\" srcset=\"https:\/\/centcols.org\/wp-content\/uploads\/2025\/10\/Thonon-Trieste-FS_etape11-13.jpg 1200w, https:\/\/centcols.org\/wp-content\/uploads\/2025\/10\/Thonon-Trieste-FS_etape11-13-768x513.jpg 768w, https:\/\/centcols.org\/wp-content\/uploads\/2025\/10\/Thonon-Trieste-FS_etape11-13-18x12.jpg 18w\" sizes=\"auto, (max-width: 1200px) 100vw, 1200px\" \/><\/a><figcaption class=\"wp-element-caption\">Cattedrale di San Guisto<\/figcaption><\/figure>\n<\/figure>\n\n\n\n<p>Heute: 127 km, D 800 und 5 italienische P\u00e4sse oberhalb von Triest. Bescheidene H\u00f6henlagen, aber mit einem Start an der K\u00fcste Null. Nicht einfach ...<br>Wie dem auch sei, der Winter ist endlich vorbei und wir sind wieder bei angenehmen Temperaturen angekommen.<br><br>\ud83d\ude0a\ud83c\udf89\ud83d\udc4dTHONON- TRIEST ES IST GESCHAFFT!!!\ud83d\ude0a\ud83c\udf89\ud83d\udc4d<br>Von Thonon aus, 1300 km, D 23500 und 36 P\u00e4sse, davon 18 \u00ab2000er\u00bb.<br>Eine sch\u00f6ne Herausforderung!!! Eine Wanderreise, die zwar anstrengend war, aber wundersch\u00f6ne Landschaften bot. Wir haben Orte mit sehr unterschiedlichen Kulturen durchquert, sogar innerhalb desselben Landes. Und wir konnten Menschen treffen, die gr\u00f6\u00dftenteils angenehm und gastfreundlich waren.<br>Da wir zwei N\u00e4chte in Triest bleiben, werden wir morgen ein wenig Sightseeing machen. Das wird aber erst am Nachmittag sein. <br>Am Morgen ist Slowenien zu nah, als dass wir die R\u00e4der unserer Fahrr\u00e4der dorthin schleifen w\u00fcrden. <\/p>\n\n\n<div class=\"wp-block-image\">\n<figure class=\"aligncenter size-full is-resized\"><a href=\"https:\/\/centcols.org\/wp-content\/uploads\/2025\/10\/Thonon-Trieste-FS_etape12-02.jpg\"><img loading=\"lazy\" decoding=\"async\" width=\"1200\" height=\"802\" src=\"https:\/\/centcols.org\/wp-content\/uploads\/2025\/10\/Thonon-Trieste-FS_etape12-02.jpg\" alt=\"\" class=\"wp-image-91695\" style=\"width:800px\" srcset=\"https:\/\/centcols.org\/wp-content\/uploads\/2025\/10\/Thonon-Trieste-FS_etape12-02.jpg 1200w, https:\/\/centcols.org\/wp-content\/uploads\/2025\/10\/Thonon-Trieste-FS_etape12-02-768x513.jpg 768w, https:\/\/centcols.org\/wp-content\/uploads\/2025\/10\/Thonon-Trieste-FS_etape12-02-18x12.jpg 18w\" sizes=\"auto, (max-width: 1200px) 100vw, 1200px\" \/><\/a><figcaption class=\"wp-element-caption\"><em>(folgt)<\/em><\/figcaption><\/figure>\n<\/div>\n\n\n<div class=\"wp-block-buttons is-content-justification-space-between is-layout-flex wp-container-core-buttons-is-layout-3d213aab wp-block-buttons-is-layout-flex\">\n<div class=\"wp-block-button\"><a class=\"wp-block-button__link has-text-color has-background has-link-color wp-element-button\" href=\"https:\/\/centcols.org\/de\/thonon-trieste-fred-singla-2025\/11\/\" style=\"color:#2a488c;background-color:#88f2fd;text-transform:uppercase\"><strong>Vorheriger Schritt<\/strong><\/a><\/div>\n\n\n\n<div class=\"wp-block-button\"><a class=\"wp-block-button__link has-text-color has-background has-link-color wp-element-button\" href=\"https:\/\/centcols.org\/de\/thonon-trieste-fred-singla-2025\/13\/\" style=\"color:#2a488c;background-color:#88f2fd;text-transform:uppercase\"><strong>N\u00e4chster Schritt: Epilog<\/strong><\/a><\/div>\n<\/div>\n\n\n\n<!--nextpage-->\n\n\n\n<h2 class=\"wp-block-heading\"><em> Tag 12 : <\/em>morgens Radfahren in Slowenien und nachmittags Besichtigung von Triest<\/h2>\n\n\n\n<p>Thonon - Triest ist zwar vorbei, aber der Tag nach unserer Ankunft in einem sicheren Hafen war trotz allem gut gef\u00fcllt ...<br>W\u00e4hrend Jean Marc mit dem Bus durch Triest f\u00e4hrt, f\u00fcllen Bruno und ich den Vormittag mit einer kleinen Radtour ins benachbarte Slowenien. Die Grenze ist wirklich zu nah, als dass wir unsere R\u00e4der nicht in ein neues Land stellen w\u00fcrden. Und als Sahneh\u00e4ubchen gibt es auch noch P\u00e4sse!!! Wie ich bereits geschrieben habe, ist Triest eine gro\u00dfe Stadt. Es sind entweder die Autobahn oder gro\u00dfe Stra\u00dfen, die sie mit dem Nachbarland verbinden. Wir machen also die Ann\u00e4herung mit dem Auto.&nbsp;<br>Sobald wir die Grenze \u00fcberquert haben, ist das Relief ziemlich h\u00fcgelig. Wir bewegen uns durch wundersch\u00f6ne Weinberge, die fast den gesamten Raum einnehmen. Wie jede Weinregion scheint auch diese Gegend reich zu sein. Die H\u00e4user sind imposant und sch\u00f6n gebaut.<\/p>\n\n\n<div class=\"wp-block-image\">\n<figure class=\"aligncenter size-full is-resized\"><a href=\"https:\/\/centcols.org\/wp-content\/uploads\/2025\/10\/Thonon-Trieste-FS_etape12-04.jpg\"><img loading=\"lazy\" decoding=\"async\" width=\"1200\" height=\"802\" src=\"https:\/\/centcols.org\/wp-content\/uploads\/2025\/10\/Thonon-Trieste-FS_etape12-04.jpg\" alt=\"\" class=\"wp-image-91710\" style=\"width:800px\" srcset=\"https:\/\/centcols.org\/wp-content\/uploads\/2025\/10\/Thonon-Trieste-FS_etape12-04.jpg 1200w, https:\/\/centcols.org\/wp-content\/uploads\/2025\/10\/Thonon-Trieste-FS_etape12-04-768x513.jpg 768w, https:\/\/centcols.org\/wp-content\/uploads\/2025\/10\/Thonon-Trieste-FS_etape12-04-18x12.jpg 18w\" sizes=\"auto, (max-width: 1200px) 100vw, 1200px\" \/><\/a><figcaption class=\"wp-element-caption\">Skopo<\/figcaption><\/figure>\n<\/div>\n\n\n<p>Der erste Pass, den wir \u00fcberqueren, ist vor allem deshalb interessant, weil er slowenisch ist. Er wird mir keine bleibende Erinnerung hinterlassen ...<\/p>\n\n\n<div class=\"wp-block-image\">\n<figure class=\"aligncenter size-full is-resized\"><a href=\"https:\/\/centcols.org\/wp-content\/uploads\/2025\/10\/Thonon-Trieste-FS_etape12-03.jpg\"><img loading=\"lazy\" decoding=\"async\" width=\"1200\" height=\"802\" src=\"https:\/\/centcols.org\/wp-content\/uploads\/2025\/10\/Thonon-Trieste-FS_etape12-03.jpg\" alt=\"\" class=\"wp-image-91708\" style=\"width:800px\" srcset=\"https:\/\/centcols.org\/wp-content\/uploads\/2025\/10\/Thonon-Trieste-FS_etape12-03.jpg 1200w, https:\/\/centcols.org\/wp-content\/uploads\/2025\/10\/Thonon-Trieste-FS_etape12-03-768x513.jpg 768w, https:\/\/centcols.org\/wp-content\/uploads\/2025\/10\/Thonon-Trieste-FS_etape12-03-18x12.jpg 18w\" sizes=\"auto, (max-width: 1200px) 100vw, 1200px\" \/><\/a><figcaption class=\"wp-element-caption\">Preval Prevolec (SL-0333), dessen einziger Vorteil darin besteht, dass es unser erster slowenischer Pass ist<\/figcaption><\/figure>\n<\/div>\n\n\n<p>Im Gegensatz dazu ist der zweite Teil viel sch\u00f6ner und angenehmer. Eine sch\u00f6ne Stra\u00dfe schl\u00e4ngelt sich durch die Weinberge und steigt an. Oben angekommen, f\u00fchlt man sich ein wenig an die Toskana erinnert. Abgesehen von dem wundersch\u00f6nen Felsriegel, der sich am Horizont abzeichnet.<\/p>\n\n\n\n<figure class=\"wp-block-gallery has-nested-images columns-default is-cropped wp-block-gallery-58 is-layout-flex wp-block-gallery-is-layout-flex\">\n<figure class=\"wp-block-image size-large\"><a href=\"https:\/\/centcols.org\/wp-content\/uploads\/2025\/10\/Thonon-Trieste-FS_etape12-06.jpg\"><img loading=\"lazy\" decoding=\"async\" width=\"1200\" height=\"802\" data-id=\"91714\" src=\"https:\/\/centcols.org\/wp-content\/uploads\/2025\/10\/Thonon-Trieste-FS_etape12-06.jpg\" alt=\"\" class=\"wp-image-91714\" srcset=\"https:\/\/centcols.org\/wp-content\/uploads\/2025\/10\/Thonon-Trieste-FS_etape12-06.jpg 1200w, https:\/\/centcols.org\/wp-content\/uploads\/2025\/10\/Thonon-Trieste-FS_etape12-06-768x513.jpg 768w, https:\/\/centcols.org\/wp-content\/uploads\/2025\/10\/Thonon-Trieste-FS_etape12-06-18x12.jpg 18w\" sizes=\"auto, (max-width: 1200px) 100vw, 1200px\" \/><\/a><figcaption class=\"wp-element-caption\">Goski Preval (SL-0233)<\/figcaption><\/figure>\n\n\n\n<figure class=\"wp-block-image size-large\"><a href=\"https:\/\/centcols.org\/wp-content\/uploads\/2025\/10\/Thonon-Trieste-FS_etape12-07.jpg\"><img loading=\"lazy\" decoding=\"async\" width=\"1200\" height=\"802\" data-id=\"91715\" src=\"https:\/\/centcols.org\/wp-content\/uploads\/2025\/10\/Thonon-Trieste-FS_etape12-07.jpg\" alt=\"\" class=\"wp-image-91715\" srcset=\"https:\/\/centcols.org\/wp-content\/uploads\/2025\/10\/Thonon-Trieste-FS_etape12-07.jpg 1200w, https:\/\/centcols.org\/wp-content\/uploads\/2025\/10\/Thonon-Trieste-FS_etape12-07-768x513.jpg 768w, https:\/\/centcols.org\/wp-content\/uploads\/2025\/10\/Thonon-Trieste-FS_etape12-07-18x12.jpg 18w\" sizes=\"auto, (max-width: 1200px) 100vw, 1200px\" \/><\/a><figcaption class=\"wp-element-caption\">Seit dem Goski Preval<\/figcaption><\/figure>\n\n\n\n<figure class=\"wp-block-image size-large\"><a href=\"https:\/\/centcols.org\/wp-content\/uploads\/2025\/10\/Thonon-Trieste-FS_etape12-08.jpg\"><img loading=\"lazy\" decoding=\"async\" width=\"1200\" height=\"802\" data-id=\"91716\" src=\"https:\/\/centcols.org\/wp-content\/uploads\/2025\/10\/Thonon-Trieste-FS_etape12-08.jpg\" alt=\"\" class=\"wp-image-91716\" srcset=\"https:\/\/centcols.org\/wp-content\/uploads\/2025\/10\/Thonon-Trieste-FS_etape12-08.jpg 1200w, https:\/\/centcols.org\/wp-content\/uploads\/2025\/10\/Thonon-Trieste-FS_etape12-08-768x513.jpg 768w, https:\/\/centcols.org\/wp-content\/uploads\/2025\/10\/Thonon-Trieste-FS_etape12-08-18x12.jpg 18w\" sizes=\"auto, (max-width: 1200px) 100vw, 1200px\" \/><\/a><figcaption class=\"wp-element-caption\">Im Goski Preval, ein Hauch von Toskana<\/figcaption><\/figure>\n\n\n\n<figure class=\"wp-block-image size-large\"><a href=\"https:\/\/centcols.org\/wp-content\/uploads\/2025\/10\/Thonon-Trieste-FS_etape12-09.jpg\"><img loading=\"lazy\" decoding=\"async\" width=\"1200\" height=\"802\" data-id=\"91713\" src=\"https:\/\/centcols.org\/wp-content\/uploads\/2025\/10\/Thonon-Trieste-FS_etape12-09.jpg\" alt=\"\" class=\"wp-image-91713\" srcset=\"https:\/\/centcols.org\/wp-content\/uploads\/2025\/10\/Thonon-Trieste-FS_etape12-09.jpg 1200w, https:\/\/centcols.org\/wp-content\/uploads\/2025\/10\/Thonon-Trieste-FS_etape12-09-768x513.jpg 768w, https:\/\/centcols.org\/wp-content\/uploads\/2025\/10\/Thonon-Trieste-FS_etape12-09-18x12.jpg 18w\" sizes=\"auto, (max-width: 1200px) 100vw, 1200px\" \/><\/a><figcaption class=\"wp-element-caption\">Podnanos<\/figcaption><\/figure>\n<\/figure>\n\n\n\n<p>Wir befinden uns im Weinanbaugebiet, in dem die Kras Teran angebaut wird. Teran ist eine Rebsorte, die in den Regionen Kast in Slowenien und Karst in Italien heimisch ist. Sie bringt einen Wein mit intensiven Aromen hervor. Intensiv, wie unser Abenteuer war!<\/p>\n\n\n<div class=\"wp-block-image\">\n<figure class=\"aligncenter size-full is-resized\"><a href=\"https:\/\/centcols.org\/wp-content\/uploads\/2025\/10\/Thonon-Trieste-FS_etape12-05.jpg\"><img loading=\"lazy\" decoding=\"async\" width=\"1200\" height=\"801\" src=\"https:\/\/centcols.org\/wp-content\/uploads\/2025\/10\/Thonon-Trieste-FS_etape12-05.jpg\" alt=\"\" class=\"wp-image-91711\" style=\"width:800px\" srcset=\"https:\/\/centcols.org\/wp-content\/uploads\/2025\/10\/Thonon-Trieste-FS_etape12-05.jpg 1200w, https:\/\/centcols.org\/wp-content\/uploads\/2025\/10\/Thonon-Trieste-FS_etape12-05-768x513.jpg 768w, https:\/\/centcols.org\/wp-content\/uploads\/2025\/10\/Thonon-Trieste-FS_etape12-05-18x12.jpg 18w\" sizes=\"auto, (max-width: 1200px) 100vw, 1200px\" \/><\/a><figcaption class=\"wp-element-caption\">Teran ist eine Rebsorte, die in den Regionen Kast (Slowenien) und Karts (Italien) heimisch ist.<\/figcaption><\/figure>\n<\/div>\n\n\n<p>Anzumerken ist, dass Radfahrer in Slowenien eckiger sind als in Frankreich. Dasselbe gilt f\u00fcr K\u00fche, Rehe und sogar Kinder...<\/p>\n\n\n\n<figure class=\"wp-block-gallery has-nested-images columns-4 is-cropped wp-block-gallery-59 is-layout-flex wp-block-gallery-is-layout-flex\">\n<figure class=\"wp-block-image size-large\"><a href=\"https:\/\/centcols.org\/wp-content\/uploads\/2025\/10\/Thonon-Trieste-FS_etape12-12.jpg\"><img loading=\"lazy\" decoding=\"async\" width=\"1200\" height=\"882\" data-id=\"91718\" src=\"https:\/\/centcols.org\/wp-content\/uploads\/2025\/10\/Thonon-Trieste-FS_etape12-12.jpg\" alt=\"\" class=\"wp-image-91718\" srcset=\"https:\/\/centcols.org\/wp-content\/uploads\/2025\/10\/Thonon-Trieste-FS_etape12-12.jpg 1200w, https:\/\/centcols.org\/wp-content\/uploads\/2025\/10\/Thonon-Trieste-FS_etape12-12-768x564.jpg 768w, https:\/\/centcols.org\/wp-content\/uploads\/2025\/10\/Thonon-Trieste-FS_etape12-12-16x12.jpg 16w\" sizes=\"auto, (max-width: 1200px) 100vw, 1200px\" \/><\/a><\/figure>\n\n\n\n<figure class=\"wp-block-image size-large\"><a href=\"https:\/\/centcols.org\/wp-content\/uploads\/2025\/10\/Thonon-Trieste-FS_etape12-10.jpg\"><img loading=\"lazy\" decoding=\"async\" width=\"1200\" height=\"921\" data-id=\"91721\" src=\"https:\/\/centcols.org\/wp-content\/uploads\/2025\/10\/Thonon-Trieste-FS_etape12-10.jpg\" alt=\"\" class=\"wp-image-91721\" srcset=\"https:\/\/centcols.org\/wp-content\/uploads\/2025\/10\/Thonon-Trieste-FS_etape12-10.jpg 1200w, https:\/\/centcols.org\/wp-content\/uploads\/2025\/10\/Thonon-Trieste-FS_etape12-10-768x589.jpg 768w, https:\/\/centcols.org\/wp-content\/uploads\/2025\/10\/Thonon-Trieste-FS_etape12-10-16x12.jpg 16w\" sizes=\"auto, (max-width: 1200px) 100vw, 1200px\" \/><\/a><\/figure>\n\n\n\n<figure class=\"wp-block-image size-large\"><a href=\"https:\/\/centcols.org\/wp-content\/uploads\/2025\/10\/Thonon-Trieste-FS_etape12-11.jpg\"><img loading=\"lazy\" decoding=\"async\" width=\"1200\" height=\"1016\" data-id=\"91719\" src=\"https:\/\/centcols.org\/wp-content\/uploads\/2025\/10\/Thonon-Trieste-FS_etape12-11.jpg\" alt=\"\" class=\"wp-image-91719\" srcset=\"https:\/\/centcols.org\/wp-content\/uploads\/2025\/10\/Thonon-Trieste-FS_etape12-11.jpg 1200w, https:\/\/centcols.org\/wp-content\/uploads\/2025\/10\/Thonon-Trieste-FS_etape12-11-768x650.jpg 768w, https:\/\/centcols.org\/wp-content\/uploads\/2025\/10\/Thonon-Trieste-FS_etape12-11-14x12.jpg 14w\" sizes=\"auto, (max-width: 1200px) 100vw, 1200px\" \/><\/a><\/figure>\n\n\n\n<figure class=\"wp-block-image size-large\"><a href=\"https:\/\/centcols.org\/wp-content\/uploads\/2025\/10\/Thonon-Trieste-FS_etape12-13.jpg\"><img loading=\"lazy\" decoding=\"async\" width=\"1200\" height=\"1160\" data-id=\"91720\" src=\"https:\/\/centcols.org\/wp-content\/uploads\/2025\/10\/Thonon-Trieste-FS_etape12-13.jpg\" alt=\"\" class=\"wp-image-91720\" srcset=\"https:\/\/centcols.org\/wp-content\/uploads\/2025\/10\/Thonon-Trieste-FS_etape12-13.jpg 1200w, https:\/\/centcols.org\/wp-content\/uploads\/2025\/10\/Thonon-Trieste-FS_etape12-13-768x742.jpg 768w, https:\/\/centcols.org\/wp-content\/uploads\/2025\/10\/Thonon-Trieste-FS_etape12-13-12x12.jpg 12w\" sizes=\"auto, (max-width: 1200px) 100vw, 1200px\" \/><\/a><\/figure>\n<\/figure>\n\n\n\n<p>Bilanz des Vormittags: 54 km D 900 und meine ersten beiden slowenischen P\u00e4sse.<br><\/p>\n\n\n\n<figure class=\"wp-block-gallery has-nested-images columns-default is-cropped wp-block-gallery-60 is-layout-flex wp-block-gallery-is-layout-flex\">\n<figure class=\"wp-block-image size-large\"><a href=\"https:\/\/centcols.org\/wp-content\/uploads\/2025\/10\/Thonon-Trieste-FS_etape12-14.jpg\"><img loading=\"lazy\" decoding=\"async\" width=\"1200\" height=\"802\" data-id=\"91722\" src=\"https:\/\/centcols.org\/wp-content\/uploads\/2025\/10\/Thonon-Trieste-FS_etape12-14.jpg\" alt=\"\" class=\"wp-image-91722\" srcset=\"https:\/\/centcols.org\/wp-content\/uploads\/2025\/10\/Thonon-Trieste-FS_etape12-14.jpg 1200w, https:\/\/centcols.org\/wp-content\/uploads\/2025\/10\/Thonon-Trieste-FS_etape12-14-768x513.jpg 768w, https:\/\/centcols.org\/wp-content\/uploads\/2025\/10\/Thonon-Trieste-FS_etape12-14-18x12.jpg 18w\" sizes=\"auto, (max-width: 1200px) 100vw, 1200px\" \/><\/a><\/figure>\n\n\n\n<figure class=\"wp-block-image size-large\"><a href=\"https:\/\/centcols.org\/wp-content\/uploads\/2025\/10\/Thonon-Trieste-FS_etape12-15.jpg\"><img loading=\"lazy\" decoding=\"async\" width=\"1200\" height=\"802\" data-id=\"91723\" src=\"https:\/\/centcols.org\/wp-content\/uploads\/2025\/10\/Thonon-Trieste-FS_etape12-15.jpg\" alt=\"\" class=\"wp-image-91723\" srcset=\"https:\/\/centcols.org\/wp-content\/uploads\/2025\/10\/Thonon-Trieste-FS_etape12-15.jpg 1200w, https:\/\/centcols.org\/wp-content\/uploads\/2025\/10\/Thonon-Trieste-FS_etape12-15-768x513.jpg 768w, https:\/\/centcols.org\/wp-content\/uploads\/2025\/10\/Thonon-Trieste-FS_etape12-15-18x12.jpg 18w\" sizes=\"auto, (max-width: 1200px) 100vw, 1200px\" \/><\/a><\/figure>\n<figcaption class=\"blocks-gallery-caption wp-element-caption\">R\u00fcckkehr nach Sezana<\/figcaption><\/figure>\n\n\n\n<p>Wir treffen uns mit Jean Marc und nach dem Mittagessen machen wir uns auf den Weg, um das Castello di Miramare zu besichtigen. Es wurde zwischen 1856 und 1860 f\u00fcr Maximilian von Hasburg Lothringen Erzherzog von \u00d6sterreich (und sp\u00e4terer Kaiser von Mexiko) und seine Frau Charlotte von Belgien erbaut. Sein Name lehnt sich an das spanische Wort \u00bbmira mar\u00bb an.<br>Da der wundersch\u00f6ne Park sich selbst gen\u00fcgt, verbringen wir einen Teil des Nachmittags dort. Er ist riesig und wir legen dort 7 km zur\u00fcck.<\/p>\n\n\n<div class=\"wp-block-image\">\n<figure class=\"aligncenter size-full is-resized\"><a href=\"https:\/\/centcols.org\/wp-content\/uploads\/2025\/10\/Thonon-Trieste-FS_etape12-16.jpg\"><img loading=\"lazy\" decoding=\"async\" width=\"1200\" height=\"802\" src=\"https:\/\/centcols.org\/wp-content\/uploads\/2025\/10\/Thonon-Trieste-FS_etape12-16.jpg\" alt=\"\" class=\"wp-image-91733\" style=\"width:800px\" srcset=\"https:\/\/centcols.org\/wp-content\/uploads\/2025\/10\/Thonon-Trieste-FS_etape12-16.jpg 1200w, https:\/\/centcols.org\/wp-content\/uploads\/2025\/10\/Thonon-Trieste-FS_etape12-16-768x513.jpg 768w, https:\/\/centcols.org\/wp-content\/uploads\/2025\/10\/Thonon-Trieste-FS_etape12-16-18x12.jpg 18w\" sizes=\"auto, (max-width: 1200px) 100vw, 1200px\" \/><\/a><figcaption class=\"wp-element-caption\">Nachmittags Spaziergang in Miramare<\/figcaption><\/figure>\n<\/div>\n\n\n<figure class=\"wp-block-gallery has-nested-images columns-default is-cropped wp-block-gallery-61 is-layout-flex wp-block-gallery-is-layout-flex\">\n<figure class=\"wp-block-image size-large\"><a href=\"https:\/\/centcols.org\/wp-content\/uploads\/2025\/10\/Thonon-Trieste-FS_etape12-23.jpg\"><img loading=\"lazy\" decoding=\"async\" width=\"1200\" height=\"802\" data-id=\"91727\" src=\"https:\/\/centcols.org\/wp-content\/uploads\/2025\/10\/Thonon-Trieste-FS_etape12-23.jpg\" alt=\"\" class=\"wp-image-91727\" srcset=\"https:\/\/centcols.org\/wp-content\/uploads\/2025\/10\/Thonon-Trieste-FS_etape12-23.jpg 1200w, https:\/\/centcols.org\/wp-content\/uploads\/2025\/10\/Thonon-Trieste-FS_etape12-23-768x513.jpg 768w, https:\/\/centcols.org\/wp-content\/uploads\/2025\/10\/Thonon-Trieste-FS_etape12-23-18x12.jpg 18w\" sizes=\"auto, (max-width: 1200px) 100vw, 1200px\" \/><\/a><\/figure>\n\n\n\n<figure class=\"wp-block-image size-large\"><a href=\"https:\/\/centcols.org\/wp-content\/uploads\/2025\/10\/Thonon-Trieste-FS_etape12-22.jpg\"><img loading=\"lazy\" decoding=\"async\" width=\"1200\" height=\"802\" data-id=\"91729\" src=\"https:\/\/centcols.org\/wp-content\/uploads\/2025\/10\/Thonon-Trieste-FS_etape12-22.jpg\" alt=\"\" class=\"wp-image-91729\" srcset=\"https:\/\/centcols.org\/wp-content\/uploads\/2025\/10\/Thonon-Trieste-FS_etape12-22.jpg 1200w, https:\/\/centcols.org\/wp-content\/uploads\/2025\/10\/Thonon-Trieste-FS_etape12-22-768x513.jpg 768w, https:\/\/centcols.org\/wp-content\/uploads\/2025\/10\/Thonon-Trieste-FS_etape12-22-18x12.jpg 18w\" sizes=\"auto, (max-width: 1200px) 100vw, 1200px\" \/><\/a><\/figure>\n\n\n\n<figure class=\"wp-block-image size-large\"><a href=\"https:\/\/centcols.org\/wp-content\/uploads\/2025\/10\/Thonon-Trieste-FS_etape12-20.jpg\"><img loading=\"lazy\" decoding=\"async\" width=\"1200\" height=\"802\" data-id=\"91730\" src=\"https:\/\/centcols.org\/wp-content\/uploads\/2025\/10\/Thonon-Trieste-FS_etape12-20.jpg\" alt=\"\" class=\"wp-image-91730\" srcset=\"https:\/\/centcols.org\/wp-content\/uploads\/2025\/10\/Thonon-Trieste-FS_etape12-20.jpg 1200w, https:\/\/centcols.org\/wp-content\/uploads\/2025\/10\/Thonon-Trieste-FS_etape12-20-768x513.jpg 768w, https:\/\/centcols.org\/wp-content\/uploads\/2025\/10\/Thonon-Trieste-FS_etape12-20-18x12.jpg 18w\" sizes=\"auto, (max-width: 1200px) 100vw, 1200px\" \/><\/a><\/figure>\n\n\n\n<figure class=\"wp-block-image size-large\"><a href=\"https:\/\/centcols.org\/wp-content\/uploads\/2025\/10\/Thonon-Trieste-FS_etape12-18.jpg\"><img loading=\"lazy\" decoding=\"async\" width=\"1200\" height=\"802\" data-id=\"91732\" src=\"https:\/\/centcols.org\/wp-content\/uploads\/2025\/10\/Thonon-Trieste-FS_etape12-18.jpg\" alt=\"\" class=\"wp-image-91732\" srcset=\"https:\/\/centcols.org\/wp-content\/uploads\/2025\/10\/Thonon-Trieste-FS_etape12-18.jpg 1200w, https:\/\/centcols.org\/wp-content\/uploads\/2025\/10\/Thonon-Trieste-FS_etape12-18-768x513.jpg 768w, https:\/\/centcols.org\/wp-content\/uploads\/2025\/10\/Thonon-Trieste-FS_etape12-18-18x12.jpg 18w\" sizes=\"auto, (max-width: 1200px) 100vw, 1200px\" \/><\/a><\/figure>\n\n\n\n<figure class=\"wp-block-image size-large\"><a href=\"https:\/\/centcols.org\/wp-content\/uploads\/2025\/10\/Thonon-Trieste-FS_etape12-19.jpg\"><img loading=\"lazy\" decoding=\"async\" width=\"1200\" height=\"802\" data-id=\"91728\" src=\"https:\/\/centcols.org\/wp-content\/uploads\/2025\/10\/Thonon-Trieste-FS_etape12-19.jpg\" alt=\"\" class=\"wp-image-91728\" srcset=\"https:\/\/centcols.org\/wp-content\/uploads\/2025\/10\/Thonon-Trieste-FS_etape12-19.jpg 1200w, https:\/\/centcols.org\/wp-content\/uploads\/2025\/10\/Thonon-Trieste-FS_etape12-19-768x513.jpg 768w, https:\/\/centcols.org\/wp-content\/uploads\/2025\/10\/Thonon-Trieste-FS_etape12-19-18x12.jpg 18w\" sizes=\"auto, (max-width: 1200px) 100vw, 1200px\" \/><\/a><\/figure>\n\n\n\n<figure class=\"wp-block-image size-large\"><a href=\"https:\/\/centcols.org\/wp-content\/uploads\/2025\/10\/Thonon-Trieste-FS_etape12-21.jpg\"><img loading=\"lazy\" decoding=\"async\" width=\"1200\" height=\"802\" data-id=\"91731\" src=\"https:\/\/centcols.org\/wp-content\/uploads\/2025\/10\/Thonon-Trieste-FS_etape12-21.jpg\" alt=\"\" class=\"wp-image-91731\" srcset=\"https:\/\/centcols.org\/wp-content\/uploads\/2025\/10\/Thonon-Trieste-FS_etape12-21.jpg 1200w, https:\/\/centcols.org\/wp-content\/uploads\/2025\/10\/Thonon-Trieste-FS_etape12-21-768x513.jpg 768w, https:\/\/centcols.org\/wp-content\/uploads\/2025\/10\/Thonon-Trieste-FS_etape12-21-18x12.jpg 18w\" sizes=\"auto, (max-width: 1200px) 100vw, 1200px\" \/><\/a><\/figure>\n<\/figure>\n\n\n<div class=\"wp-block-image\">\n<figure class=\"aligncenter size-full is-resized\"><a href=\"https:\/\/centcols.org\/wp-content\/uploads\/2025\/10\/Thonon-Trieste-FS_etape12-17.jpg\"><img loading=\"lazy\" decoding=\"async\" width=\"1200\" height=\"802\" src=\"https:\/\/centcols.org\/wp-content\/uploads\/2025\/10\/Thonon-Trieste-FS_etape12-17.jpg\" alt=\"\" class=\"wp-image-91726\" style=\"width:800px\" srcset=\"https:\/\/centcols.org\/wp-content\/uploads\/2025\/10\/Thonon-Trieste-FS_etape12-17.jpg 1200w, https:\/\/centcols.org\/wp-content\/uploads\/2025\/10\/Thonon-Trieste-FS_etape12-17-768x513.jpg 768w, https:\/\/centcols.org\/wp-content\/uploads\/2025\/10\/Thonon-Trieste-FS_etape12-17-18x12.jpg 18w\" sizes=\"auto, (max-width: 1200px) 100vw, 1200px\" \/><\/a><\/figure>\n<\/div>\n\n\n<p>Zur\u00fcck im Wohnheim hatten wir kaum Zeit zum Verschnaufen und machten uns wieder auf den Weg ins Zentrum von Triest, um zu bummeln und etwas zu essen.<br>Sch\u00f6ne Geb\u00e4ude s\u00e4umen unseren Weg zur Piazza dell'Unita d\u2019 Italia.<\/p>\n\n\n\n<figure class=\"wp-block-gallery has-nested-images columns-2 is-cropped wp-block-gallery-62 is-layout-flex wp-block-gallery-is-layout-flex\">\n<figure class=\"wp-block-image size-large\"><a href=\"https:\/\/centcols.org\/wp-content\/uploads\/2025\/10\/Thonon-Trieste-FS_etape12-24.jpg\"><img loading=\"lazy\" decoding=\"async\" width=\"1200\" height=\"844\" data-id=\"91735\" src=\"https:\/\/centcols.org\/wp-content\/uploads\/2025\/10\/Thonon-Trieste-FS_etape12-24.jpg\" alt=\"\" class=\"wp-image-91735\" srcset=\"https:\/\/centcols.org\/wp-content\/uploads\/2025\/10\/Thonon-Trieste-FS_etape12-24.jpg 1200w, https:\/\/centcols.org\/wp-content\/uploads\/2025\/10\/Thonon-Trieste-FS_etape12-24-768x540.jpg 768w, https:\/\/centcols.org\/wp-content\/uploads\/2025\/10\/Thonon-Trieste-FS_etape12-24-18x12.jpg 18w\" sizes=\"auto, (max-width: 1200px) 100vw, 1200px\" \/><\/a><\/figure>\n\n\n\n<figure class=\"wp-block-image size-large\"><a href=\"https:\/\/centcols.org\/wp-content\/uploads\/2025\/10\/Thonon-Trieste-FS_etape12-25.jpg\"><img loading=\"lazy\" decoding=\"async\" width=\"1200\" height=\"1336\" data-id=\"91736\" src=\"https:\/\/centcols.org\/wp-content\/uploads\/2025\/10\/Thonon-Trieste-FS_etape12-25.jpg\" alt=\"\" class=\"wp-image-91736\" srcset=\"https:\/\/centcols.org\/wp-content\/uploads\/2025\/10\/Thonon-Trieste-FS_etape12-25.jpg 1200w, https:\/\/centcols.org\/wp-content\/uploads\/2025\/10\/Thonon-Trieste-FS_etape12-25-1078x1200.jpg 1078w, https:\/\/centcols.org\/wp-content\/uploads\/2025\/10\/Thonon-Trieste-FS_etape12-25-768x855.jpg 768w, https:\/\/centcols.org\/wp-content\/uploads\/2025\/10\/Thonon-Trieste-FS_etape12-25-11x12.jpg 11w\" sizes=\"auto, (max-width: 1200px) 100vw, 1200px\" \/><\/a><\/figure>\n\n\n\n<figure class=\"wp-block-image size-large\"><a href=\"https:\/\/centcols.org\/wp-content\/uploads\/2025\/10\/Thonon-Trieste-FS_etape12-26.jpg\"><img loading=\"lazy\" decoding=\"async\" width=\"1200\" height=\"802\" data-id=\"91742\" src=\"https:\/\/centcols.org\/wp-content\/uploads\/2025\/10\/Thonon-Trieste-FS_etape12-26.jpg\" alt=\"\" class=\"wp-image-91742\" srcset=\"https:\/\/centcols.org\/wp-content\/uploads\/2025\/10\/Thonon-Trieste-FS_etape12-26.jpg 1200w, https:\/\/centcols.org\/wp-content\/uploads\/2025\/10\/Thonon-Trieste-FS_etape12-26-768x513.jpg 768w, https:\/\/centcols.org\/wp-content\/uploads\/2025\/10\/Thonon-Trieste-FS_etape12-26-18x12.jpg 18w\" sizes=\"auto, (max-width: 1200px) 100vw, 1200px\" \/><\/a><figcaption class=\"wp-element-caption\">Piazza dell'Unita d'Italia (Platz der Einheit Italiens)<\/figcaption><\/figure>\n<\/figure>\n\n\n\n<p><br>Der Fortschritt wird durch einen \u00abBirra\u00bb-Stopp, einen weiteren f\u00fcr das Essen und den letzten f\u00fcr einen \u00abGelatti\u00ab-Stopp verlangsamt.<br>Auf dieser Fahrt wurden wieder 7 km zur\u00fcckgelegt. Wie ich oben schon geschrieben habe, ein sehr ereignisreicher Tag.<\/p>\n\n\n\n<figure class=\"wp-block-gallery has-nested-images columns-default is-cropped wp-block-gallery-63 is-layout-flex wp-block-gallery-is-layout-flex\">\n<figure class=\"wp-block-image size-large\"><a href=\"https:\/\/centcols.org\/wp-content\/uploads\/2025\/10\/Thonon-Trieste-FS_etape12-28.jpg\"><img loading=\"lazy\" decoding=\"async\" width=\"1200\" height=\"802\" data-id=\"91744\" src=\"https:\/\/centcols.org\/wp-content\/uploads\/2025\/10\/Thonon-Trieste-FS_etape12-28.jpg\" alt=\"\" class=\"wp-image-91744\" srcset=\"https:\/\/centcols.org\/wp-content\/uploads\/2025\/10\/Thonon-Trieste-FS_etape12-28.jpg 1200w, https:\/\/centcols.org\/wp-content\/uploads\/2025\/10\/Thonon-Trieste-FS_etape12-28-768x513.jpg 768w, https:\/\/centcols.org\/wp-content\/uploads\/2025\/10\/Thonon-Trieste-FS_etape12-28-18x12.jpg 18w\" sizes=\"auto, (max-width: 1200px) 100vw, 1200px\" \/><\/a><figcaption class=\"wp-element-caption\">Arrivederci Trieste!!!<\/figcaption><\/figure>\n\n\n\n<figure class=\"wp-block-image size-large\"><a href=\"https:\/\/centcols.org\/wp-content\/uploads\/2025\/10\/Thonon-Trieste-FS_etape12-27.jpg\"><img loading=\"lazy\" decoding=\"async\" width=\"1200\" height=\"802\" data-id=\"91743\" src=\"https:\/\/centcols.org\/wp-content\/uploads\/2025\/10\/Thonon-Trieste-FS_etape12-27.jpg\" alt=\"\" class=\"wp-image-91743\" srcset=\"https:\/\/centcols.org\/wp-content\/uploads\/2025\/10\/Thonon-Trieste-FS_etape12-27.jpg 1200w, https:\/\/centcols.org\/wp-content\/uploads\/2025\/10\/Thonon-Trieste-FS_etape12-27-768x513.jpg 768w, https:\/\/centcols.org\/wp-content\/uploads\/2025\/10\/Thonon-Trieste-FS_etape12-27-18x12.jpg 18w\" sizes=\"auto, (max-width: 1200px) 100vw, 1200px\" \/><\/a><\/figure>\n<\/figure>\n\n\n\n<p><br>Der Reichtum Triests ist also zum Teil auf seinen Hafen zur\u00fcckzuf\u00fchren. Die Stadt war lange Zeit das Tor f\u00fcr den gesamten Kaffee, der in Italien konsumiert wurde. Und wenn Italien das Land des Kaffees ist, dann ist Triest die Hauptstadt. Die Triestiner konsumieren doppelt so viel Kaffee wie der Rest des Landes. Es gibt ihn in verschiedenen Formen. Der Capo in B ist die Spezialit\u00e4t der Stadt. Capo steht f\u00fcr Cappuccino und B f\u00fcr Bicchiere (Glas). Es handelt sich also um einen Cappuccino in einem Glas. Aber nicht nur das ... Er ist s\u00fc\u00dfer als ein Cappuccino und kommt einem Macchiato sehr nahe. Ohne ein solcher zu sein ... Ach, die Nuancen und Feinheiten der verschiedenen \u00abModelle\u00bb. So subtil wie die Aromen des besagten Kaffees!<\/p>\n\n\n\n<figure class=\"wp-block-gallery has-nested-images columns-default is-cropped wp-block-gallery-64 is-layout-flex wp-block-gallery-is-layout-flex\">\n<figure class=\"wp-block-image size-large\"><a href=\"https:\/\/centcols.org\/wp-content\/uploads\/2025\/10\/Thonon-Trieste-FS_etape12-01.jpg\"><img loading=\"lazy\" decoding=\"async\" width=\"1200\" height=\"1150\" data-id=\"91741\" src=\"https:\/\/centcols.org\/wp-content\/uploads\/2025\/10\/Thonon-Trieste-FS_etape12-01.jpg\" alt=\"\" class=\"wp-image-91741\" srcset=\"https:\/\/centcols.org\/wp-content\/uploads\/2025\/10\/Thonon-Trieste-FS_etape12-01.jpg 1200w, https:\/\/centcols.org\/wp-content\/uploads\/2025\/10\/Thonon-Trieste-FS_etape12-01-768x736.jpg 768w, https:\/\/centcols.org\/wp-content\/uploads\/2025\/10\/Thonon-Trieste-FS_etape12-01-13x12.jpg 13w\" sizes=\"auto, (max-width: 1200px) 100vw, 1200px\" \/><\/a><\/figure>\n\n\n\n<figure class=\"wp-block-image size-large\"><a href=\"https:\/\/centcols.org\/wp-content\/uploads\/2025\/10\/Thonon-Trieste-FS_etape12-29.jpg\"><img loading=\"lazy\" decoding=\"async\" width=\"1200\" height=\"1790\" data-id=\"91745\" src=\"https:\/\/centcols.org\/wp-content\/uploads\/2025\/10\/Thonon-Trieste-FS_etape12-29.jpg\" alt=\"\" class=\"wp-image-91745\" srcset=\"https:\/\/centcols.org\/wp-content\/uploads\/2025\/10\/Thonon-Trieste-FS_etape12-29.jpg 1200w, https:\/\/centcols.org\/wp-content\/uploads\/2025\/10\/Thonon-Trieste-FS_etape12-29-804x1200.jpg 804w, https:\/\/centcols.org\/wp-content\/uploads\/2025\/10\/Thonon-Trieste-FS_etape12-29-768x1146.jpg 768w, https:\/\/centcols.org\/wp-content\/uploads\/2025\/10\/Thonon-Trieste-FS_etape12-29-1030x1536.jpg 1030w, https:\/\/centcols.org\/wp-content\/uploads\/2025\/10\/Thonon-Trieste-FS_etape12-29-8x12.jpg 8w\" sizes=\"auto, (max-width: 1200px) 100vw, 1200px\" \/><\/a><\/figure>\n<\/figure>\n\n\n\n<p>Morgen geht es zur\u00fcck nach, in dieser Reihenfolge, Castelnaudary, P\u00e9chabou und L\u00e9guevin.<br>Da der Weg lang ist, wird es zwei Etappen mit einem Zwischenstopp f\u00fcr eine Nacht in Aix en Provence geben.<\/p>\n\n\n\n<div class=\"wp-block-buttons is-content-justification-space-between is-layout-flex wp-container-core-buttons-is-layout-d3c43caa wp-block-buttons-is-layout-flex\">\n<div class=\"wp-block-button\"><a class=\"wp-block-button__link has-text-color has-background has-link-color wp-element-button\" href=\"https:\/\/centcols.org\/de\/thonon-trieste-fred-singla-2025\/12\/\" style=\"color:#2a488c;background-color:#88f2fd;text-transform:uppercase\"><strong>Vorheriger Schritt<\/strong><\/a><\/div>\n\n\n\n<div class=\"wp-block-button\"><a class=\"wp-block-button__link has-text-color has-background has-link-color wp-element-button\" href=\"https:\/\/centcols.org\/de\/thonon-trieste-fred-singla-2025\/\" style=\"color:#2a488c;background-color:#88f2fd;text-transform:uppercase\"><strong>Zur\u00fcck zum Anfang<\/strong><\/a><\/div>\n<\/div>\n\n\n\n<p><\/p>","protected":false},"excerpt":{"rendered":"<p>Apr\u00e8s le r\u00e9cit de Jean-Marc Lef\u00e8vre et celui de Philippe Chazottier c&rsquo;est au tour de Fred Singla de nous raconter son aventure. Une magnifique randonn\u00e9e \u00e0 v\u00e9lo, con\u00e7ue par Georges Rossini, qui joint le lac L\u00e9man \u00e0 l&rsquo;Adriatique en franchissant de nombreux cols. Cliquer sur le titre de l&rsquo;\u00e9tape sous l&rsquo;image pour voyager avec Fred [&hellip;]<\/p>\n","protected":false},"author":5112,"featured_media":91787,"comment_status":"open","ping_status":"closed","sticky":false,"template":"","format":"standard","meta":{"_acf_changed":false,"footnotes":""},"categories":[82,129],"tags":[],"class_list":["post-91155","post","type-post","status-publish","format-standard","has-post-thumbnail","hentry","category-voyages","category-gazette"],"acf":[],"yoast_head":"<!-- This site is optimized with the Yoast SEO plugin v27.2 - https:\/\/yoast.com\/product\/yoast-seo-wordpress\/ -->\n<title>Randonn\u00e9e \u00e0 v\u00e9lo du lac L\u00e9man \u00e0 l&#039;Adriatique - Club des Cent Cols<\/title>\n<meta name=\"description\" content=\"Plongez dans l&#039;aventure d&#039;une randonn\u00e9e \u00e0 v\u00e9lo inoubliable, reliant le lac L\u00e9man \u00e0 Trieste par de grands cols des Alpes.\" \/>\n<meta name=\"robots\" content=\"index, follow, max-snippet:-1, max-image-preview:large, max-video-preview:-1\" \/>\n<link rel=\"canonical\" href=\"https:\/\/centcols.org\/de\/thonon-trieste-fred-singla-2025\/\" \/>\n<link rel=\"next\" href=\"https:\/\/centcols.org\/en\/thonon-trieste-fred-singla-2025\/2\/\" \/>\n<meta property=\"og:locale\" content=\"de_DE\" \/>\n<meta property=\"og:type\" content=\"article\" \/>\n<meta property=\"og:title\" content=\"Randonn\u00e9e \u00e0 v\u00e9lo du lac L\u00e9man \u00e0 l&#039;Adriatique - Club des Cent Cols\" \/>\n<meta property=\"og:description\" content=\"Plongez dans l&#039;aventure d&#039;une randonn\u00e9e \u00e0 v\u00e9lo inoubliable, reliant le lac L\u00e9man \u00e0 Trieste par de grands cols des Alpes.\" \/>\n<meta property=\"og:url\" content=\"https:\/\/centcols.org\/de\/thonon-trieste-fred-singla-2025\/\" \/>\n<meta property=\"og:site_name\" content=\"Club des Cent Cols\" \/>\n<meta property=\"article:publisher\" content=\"https:\/\/www.facebook.com\/groups\/5261880558\/?locale=fr_FR\" \/>\n<meta property=\"article:published_time\" content=\"2025-11-14T12:03:05+00:00\" \/>\n<meta property=\"article:modified_time\" content=\"2026-02-12T19:29:31+00:00\" \/>\n<meta property=\"og:image\" content=\"https:\/\/centcols.org\/wp-content\/uploads\/2025\/10\/Thonon-Trieste-FS_etape09-07-1.jpg\" \/>\n\t<meta property=\"og:image:width\" content=\"1200\" \/>\n\t<meta property=\"og:image:height\" content=\"802\" \/>\n\t<meta property=\"og:image:type\" content=\"image\/jpeg\" \/>\n<meta name=\"author\" content=\"R\u00e9gis Paraz\" \/>\n<meta name=\"twitter:card\" content=\"summary_large_image\" \/>\n<meta name=\"twitter:label1\" content=\"Verfasst von\" \/>\n\t<meta name=\"twitter:data1\" content=\"R\u00e9gis Paraz\" \/>\n\t<meta name=\"twitter:label2\" content=\"Gesch\u00e4tzte Lesezeit\" \/>\n\t<meta name=\"twitter:data2\" content=\"92\u00a0Minuten\" \/>\n<script type=\"application\/ld+json\" class=\"yoast-schema-graph\">{\"@context\":\"https:\/\/schema.org\",\"@graph\":[{\"@type\":\"Article\",\"@id\":\"https:\/\/centcols.org\/en\/thonon-trieste-fred-singla-2025\/#article\",\"isPartOf\":{\"@id\":\"https:\/\/centcols.org\/en\/thonon-trieste-fred-singla-2025\/\"},\"author\":{\"name\":\"R\u00e9gis Paraz\",\"@id\":\"https:\/\/centcols.org\/#\/schema\/person\/6733615a03fdc98c0aef104567c81e13\"},\"headline\":\"Thonon Trieste : Fred Singla cc 5173\",\"datePublished\":\"2025-11-14T12:03:05+00:00\",\"dateModified\":\"2026-02-12T19:29:31+00:00\",\"mainEntityOfPage\":{\"@id\":\"https:\/\/centcols.org\/en\/thonon-trieste-fred-singla-2025\/\"},\"wordCount\":8086,\"commentCount\":34,\"publisher\":{\"@id\":\"https:\/\/centcols.org\/#organization\"},\"image\":{\"@id\":\"https:\/\/centcols.org\/en\/thonon-trieste-fred-singla-2025\/#primaryimage\"},\"thumbnailUrl\":\"https:\/\/centcols.org\/wp-content\/uploads\/2025\/10\/Thonon-Trieste-FS_etape09-07-1.jpg\",\"articleSection\":[\"Voyages\",\"Gazette\"],\"inLanguage\":\"de\",\"potentialAction\":[{\"@type\":\"CommentAction\",\"name\":\"Comment\",\"target\":[\"https:\/\/centcols.org\/en\/thonon-trieste-fred-singla-2025\/#respond\"]}]},{\"@type\":\"WebPage\",\"@id\":\"https:\/\/centcols.org\/en\/thonon-trieste-fred-singla-2025\/\",\"url\":\"https:\/\/centcols.org\/en\/thonon-trieste-fred-singla-2025\/\",\"name\":\"Randonn\u00e9e \u00e0 v\u00e9lo du lac L\u00e9man \u00e0 l'Adriatique - Club des Cent Cols\",\"isPartOf\":{\"@id\":\"https:\/\/centcols.org\/#website\"},\"primaryImageOfPage\":{\"@id\":\"https:\/\/centcols.org\/en\/thonon-trieste-fred-singla-2025\/#primaryimage\"},\"image\":{\"@id\":\"https:\/\/centcols.org\/en\/thonon-trieste-fred-singla-2025\/#primaryimage\"},\"thumbnailUrl\":\"https:\/\/centcols.org\/wp-content\/uploads\/2025\/10\/Thonon-Trieste-FS_etape09-07-1.jpg\",\"datePublished\":\"2025-11-14T12:03:05+00:00\",\"dateModified\":\"2026-02-12T19:29:31+00:00\",\"description\":\"Plongez dans l'aventure d'une randonn\u00e9e \u00e0 v\u00e9lo inoubliable, reliant le lac L\u00e9man \u00e0 Trieste par de grands cols des Alpes.\",\"breadcrumb\":{\"@id\":\"https:\/\/centcols.org\/en\/thonon-trieste-fred-singla-2025\/#breadcrumb\"},\"inLanguage\":\"de\",\"potentialAction\":[{\"@type\":\"ReadAction\",\"target\":[\"https:\/\/centcols.org\/en\/thonon-trieste-fred-singla-2025\/\"]}]},{\"@type\":\"ImageObject\",\"inLanguage\":\"de\",\"@id\":\"https:\/\/centcols.org\/en\/thonon-trieste-fred-singla-2025\/#primaryimage\",\"url\":\"https:\/\/centcols.org\/wp-content\/uploads\/2025\/10\/Thonon-Trieste-FS_etape09-07-1.jpg\",\"contentUrl\":\"https:\/\/centcols.org\/wp-content\/uploads\/2025\/10\/Thonon-Trieste-FS_etape09-07-1.jpg\",\"width\":1200,\"height\":802},{\"@type\":\"BreadcrumbList\",\"@id\":\"https:\/\/centcols.org\/en\/thonon-trieste-fred-singla-2025\/#breadcrumb\",\"itemListElement\":[{\"@type\":\"ListItem\",\"position\":1,\"name\":\"Accueil\",\"item\":\"https:\/\/centcols.org\/\"},{\"@type\":\"ListItem\",\"position\":2,\"name\":\"Gazette\",\"item\":\"https:\/\/centcols.org\/rubrique\/gazette\/\"},{\"@type\":\"ListItem\",\"position\":3,\"name\":\"Voyages\"}]},{\"@type\":\"WebSite\",\"@id\":\"https:\/\/centcols.org\/#website\",\"url\":\"https:\/\/centcols.org\/\",\"name\":\"Club des Cent Cols\",\"description\":\"\",\"publisher\":{\"@id\":\"https:\/\/centcols.org\/#organization\"},\"potentialAction\":[{\"@type\":\"SearchAction\",\"target\":{\"@type\":\"EntryPoint\",\"urlTemplate\":\"https:\/\/centcols.org\/?s={search_term_string}\"},\"query-input\":{\"@type\":\"PropertyValueSpecification\",\"valueRequired\":true,\"valueName\":\"search_term_string\"}}],\"inLanguage\":\"de\"},{\"@type\":\"Organization\",\"@id\":\"https:\/\/centcols.org\/#organization\",\"name\":\"Club des Cent Cols\",\"url\":\"https:\/\/centcols.org\/\",\"logo\":{\"@type\":\"ImageObject\",\"inLanguage\":\"de\",\"@id\":\"https:\/\/centcols.org\/#\/schema\/logo\/image\/\",\"url\":\"https:\/\/centcols.org\/wp-content\/uploads\/2025\/01\/carte-icone.png\",\"contentUrl\":\"https:\/\/centcols.org\/wp-content\/uploads\/2025\/01\/carte-icone.png\",\"width\":250,\"height\":250,\"caption\":\"Club des Cent Cols\"},\"image\":{\"@id\":\"https:\/\/centcols.org\/#\/schema\/logo\/image\/\"},\"sameAs\":[\"https:\/\/www.facebook.com\/groups\/5261880558\/?locale=fr_FR\"]},{\"@type\":\"Person\",\"@id\":\"https:\/\/centcols.org\/#\/schema\/person\/6733615a03fdc98c0aef104567c81e13\",\"name\":\"R\u00e9gis Paraz\",\"image\":{\"@type\":\"ImageObject\",\"inLanguage\":\"de\",\"@id\":\"https:\/\/centcols.org\/wp-content\/litespeed\/avatar\/e5679bd124a28f7319d109cd5c2c0dd7.jpg?ver=1777239746\",\"url\":\"https:\/\/centcols.org\/wp-content\/litespeed\/avatar\/e5679bd124a28f7319d109cd5c2c0dd7.jpg?ver=1777239746\",\"contentUrl\":\"https:\/\/centcols.org\/wp-content\/litespeed\/avatar\/e5679bd124a28f7319d109cd5c2c0dd7.jpg?ver=1777239746\",\"caption\":\"R\u00e9gis Paraz\"},\"url\":\"https:\/\/centcols.org\/de\/author\/3225\/\"}]}<\/script>\n<!-- \/ Yoast SEO plugin. -->","yoast_head_json":{"title":"Radtour vom Genfer See bis zur Adria - Club des Cent Cols","description":"Tauchen Sie ein in das Abenteuer einer unvergesslichen Radtour vom Genfer See nach Triest \u00fcber gro\u00dfe Alpenp\u00e4sse.","robots":{"index":"index","follow":"follow","max-snippet":"max-snippet:-1","max-image-preview":"max-image-preview:large","max-video-preview":"max-video-preview:-1"},"canonical":"https:\/\/centcols.org\/de\/thonon-trieste-fred-singla-2025\/","next":"https:\/\/centcols.org\/en\/thonon-trieste-fred-singla-2025\/2\/","og_locale":"de_DE","og_type":"article","og_title":"Randonn\u00e9e \u00e0 v\u00e9lo du lac L\u00e9man \u00e0 l'Adriatique - Club des Cent Cols","og_description":"Plongez dans l'aventure d'une randonn\u00e9e \u00e0 v\u00e9lo inoubliable, reliant le lac L\u00e9man \u00e0 Trieste par de grands cols des Alpes.","og_url":"https:\/\/centcols.org\/de\/thonon-trieste-fred-singla-2025\/","og_site_name":"Club des Cent Cols","article_publisher":"https:\/\/www.facebook.com\/groups\/5261880558\/?locale=fr_FR","article_published_time":"2025-11-14T12:03:05+00:00","article_modified_time":"2026-02-12T19:29:31+00:00","og_image":[{"width":1200,"height":802,"url":"https:\/\/centcols.org\/wp-content\/uploads\/2025\/10\/Thonon-Trieste-FS_etape09-07-1.jpg","type":"image\/jpeg"}],"author":"R\u00e9gis Paraz","twitter_card":"summary_large_image","twitter_misc":{"Verfasst von":"R\u00e9gis Paraz","Gesch\u00e4tzte Lesezeit":"92\u00a0Minuten"},"schema":{"@context":"https:\/\/schema.org","@graph":[{"@type":"Article","@id":"https:\/\/centcols.org\/en\/thonon-trieste-fred-singla-2025\/#article","isPartOf":{"@id":"https:\/\/centcols.org\/en\/thonon-trieste-fred-singla-2025\/"},"author":{"name":"R\u00e9gis Paraz","@id":"https:\/\/centcols.org\/#\/schema\/person\/6733615a03fdc98c0aef104567c81e13"},"headline":"Thonon Trieste : Fred Singla cc 5173","datePublished":"2025-11-14T12:03:05+00:00","dateModified":"2026-02-12T19:29:31+00:00","mainEntityOfPage":{"@id":"https:\/\/centcols.org\/en\/thonon-trieste-fred-singla-2025\/"},"wordCount":8086,"commentCount":34,"publisher":{"@id":"https:\/\/centcols.org\/#organization"},"image":{"@id":"https:\/\/centcols.org\/en\/thonon-trieste-fred-singla-2025\/#primaryimage"},"thumbnailUrl":"https:\/\/centcols.org\/wp-content\/uploads\/2025\/10\/Thonon-Trieste-FS_etape09-07-1.jpg","articleSection":["Voyages","Gazette"],"inLanguage":"de","potentialAction":[{"@type":"CommentAction","name":"Comment","target":["https:\/\/centcols.org\/en\/thonon-trieste-fred-singla-2025\/#respond"]}]},{"@type":"WebPage","@id":"https:\/\/centcols.org\/en\/thonon-trieste-fred-singla-2025\/","url":"https:\/\/centcols.org\/en\/thonon-trieste-fred-singla-2025\/","name":"Radtour vom Genfer See bis zur Adria - Club des Cent Cols","isPartOf":{"@id":"https:\/\/centcols.org\/#website"},"primaryImageOfPage":{"@id":"https:\/\/centcols.org\/en\/thonon-trieste-fred-singla-2025\/#primaryimage"},"image":{"@id":"https:\/\/centcols.org\/en\/thonon-trieste-fred-singla-2025\/#primaryimage"},"thumbnailUrl":"https:\/\/centcols.org\/wp-content\/uploads\/2025\/10\/Thonon-Trieste-FS_etape09-07-1.jpg","datePublished":"2025-11-14T12:03:05+00:00","dateModified":"2026-02-12T19:29:31+00:00","description":"Tauchen Sie ein in das Abenteuer einer unvergesslichen Radtour vom Genfer See nach Triest \u00fcber gro\u00dfe Alpenp\u00e4sse.","breadcrumb":{"@id":"https:\/\/centcols.org\/en\/thonon-trieste-fred-singla-2025\/#breadcrumb"},"inLanguage":"de","potentialAction":[{"@type":"ReadAction","target":["https:\/\/centcols.org\/en\/thonon-trieste-fred-singla-2025\/"]}]},{"@type":"ImageObject","inLanguage":"de","@id":"https:\/\/centcols.org\/en\/thonon-trieste-fred-singla-2025\/#primaryimage","url":"https:\/\/centcols.org\/wp-content\/uploads\/2025\/10\/Thonon-Trieste-FS_etape09-07-1.jpg","contentUrl":"https:\/\/centcols.org\/wp-content\/uploads\/2025\/10\/Thonon-Trieste-FS_etape09-07-1.jpg","width":1200,"height":802},{"@type":"BreadcrumbList","@id":"https:\/\/centcols.org\/en\/thonon-trieste-fred-singla-2025\/#breadcrumb","itemListElement":[{"@type":"ListItem","position":1,"name":"Accueil","item":"https:\/\/centcols.org\/"},{"@type":"ListItem","position":2,"name":"Gazette","item":"https:\/\/centcols.org\/rubrique\/gazette\/"},{"@type":"ListItem","position":3,"name":"Voyages"}]},{"@type":"WebSite","@id":"https:\/\/centcols.org\/#website","url":"https:\/\/centcols.org\/","name":"Club des Cent Cols","description":"","publisher":{"@id":"https:\/\/centcols.org\/#organization"},"potentialAction":[{"@type":"SearchAction","target":{"@type":"EntryPoint","urlTemplate":"https:\/\/centcols.org\/?s={search_term_string}"},"query-input":{"@type":"PropertyValueSpecification","valueRequired":true,"valueName":"search_term_string"}}],"inLanguage":"de"},{"@type":"Organization","@id":"https:\/\/centcols.org\/#organization","name":"Club des Cent Cols","url":"https:\/\/centcols.org\/","logo":{"@type":"ImageObject","inLanguage":"de","@id":"https:\/\/centcols.org\/#\/schema\/logo\/image\/","url":"https:\/\/centcols.org\/wp-content\/uploads\/2025\/01\/carte-icone.png","contentUrl":"https:\/\/centcols.org\/wp-content\/uploads\/2025\/01\/carte-icone.png","width":250,"height":250,"caption":"Club des Cent Cols"},"image":{"@id":"https:\/\/centcols.org\/#\/schema\/logo\/image\/"},"sameAs":["https:\/\/www.facebook.com\/groups\/5261880558\/?locale=fr_FR"]},{"@type":"Person","@id":"https:\/\/centcols.org\/#\/schema\/person\/6733615a03fdc98c0aef104567c81e13","name":"R\u00e9gis Paraz","image":{"@type":"ImageObject","inLanguage":"de","@id":"https:\/\/centcols.org\/wp-content\/litespeed\/avatar\/e5679bd124a28f7319d109cd5c2c0dd7.jpg?ver=1777239746","url":"https:\/\/centcols.org\/wp-content\/litespeed\/avatar\/e5679bd124a28f7319d109cd5c2c0dd7.jpg?ver=1777239746","contentUrl":"https:\/\/centcols.org\/wp-content\/litespeed\/avatar\/e5679bd124a28f7319d109cd5c2c0dd7.jpg?ver=1777239746","caption":"R\u00e9gis Paraz"},"url":"https:\/\/centcols.org\/de\/author\/3225\/"}]}},"_links":{"self":[{"href":"https:\/\/centcols.org\/de\/wp-json\/wp\/v2\/posts\/91155","targetHints":{"allow":["GET"]}}],"collection":[{"href":"https:\/\/centcols.org\/de\/wp-json\/wp\/v2\/posts"}],"about":[{"href":"https:\/\/centcols.org\/de\/wp-json\/wp\/v2\/types\/post"}],"author":[{"embeddable":true,"href":"https:\/\/centcols.org\/de\/wp-json\/wp\/v2\/users\/5112"}],"replies":[{"embeddable":true,"href":"https:\/\/centcols.org\/de\/wp-json\/wp\/v2\/comments?post=91155"}],"version-history":[{"count":0,"href":"https:\/\/centcols.org\/de\/wp-json\/wp\/v2\/posts\/91155\/revisions"}],"wp:featuredmedia":[{"embeddable":true,"href":"https:\/\/centcols.org\/de\/wp-json\/wp\/v2\/media\/91787"}],"wp:attachment":[{"href":"https:\/\/centcols.org\/de\/wp-json\/wp\/v2\/media?parent=91155"}],"wp:term":[{"taxonomy":"category","embeddable":true,"href":"https:\/\/centcols.org\/de\/wp-json\/wp\/v2\/categories?post=91155"},{"taxonomy":"post_tag","embeddable":true,"href":"https:\/\/centcols.org\/de\/wp-json\/wp\/v2\/tags?post=91155"}],"curies":[{"name":"wp","href":"https:\/\/api.w.org\/{rel}","templated":true}]}}