{"id":91889,"date":"2025-11-07T23:55:36","date_gmt":"2025-11-07T21:55:36","guid":{"rendered":"https:\/\/centcols.org\/?p=91889"},"modified":"2026-03-14T17:07:17","modified_gmt":"2026-03-14T15:07:17","slug":"de-69-col-des-echarmeaux-route","status":"publish","type":"post","link":"https:\/\/centcols.org\/de\/fr-69-col-des-echarmeaux-route\/","title":{"rendered":"FR-69 Col des Echarmeaux - Stra\u00dfe 96 km, D+ 2087 m, 20 P\u00e4sse"},"content":{"rendered":"<iframe width=\"100%\" height=\"650\" loading=\"lazy\" src=\"https:\/\/www.openrunner.com\/embed\/47596566696d4246557a4f486c66572b424a547036664a69315155327948753864623073444a48367474673d3a3ad51add9910245a38a0a1e40b0a6fe46c?unit=metric\" style=\"border: none;\"><\/iframe>\n\n\n\n<div style=\"height:30px\" aria-hidden=\"true\" class=\"wp-block-spacer\"><\/div>\n\n\n\n<h2 class=\"wp-block-heading\">Beschreibung des Autors<\/h2>\n\n\n\n<p><strong>Autor&nbsp;<\/strong>: Luc Rioland<br><strong>Parcours&nbsp;<\/strong>: durchgef\u00fchrt im September 2018<br><strong>Abreise&nbsp;<\/strong>: Gro\u00dfer Parkplatz und Start vom Col des Echarmeaux<\/p>\n\n\n\n<div style=\"height:30px\" aria-hidden=\"true\" class=\"wp-block-spacer\"><\/div>\n\n\n\n<h2 class=\"wp-block-heading\">Touristische Beschreibung<\/h2>\n\n\n\n<p>Eine Strecke im Herzen des Beaujolais und seiner Weinberge mit 20 P\u00e4ssen auf dem Men\u00fc. Genie\u00dfen Sie ohne M\u00e4\u00dfigung.<\/p>\n\n\n\n<div style=\"height:30px\" aria-hidden=\"true\" class=\"wp-block-spacer\"><\/div>\n\n\n\n<h2 class=\"wp-block-heading\">Technische Beschreibung<\/h2>\n\n\n\n<p>Stra\u00dfenstrecke bei 98% in der vorgestellten Version bei 96 km, 2 km nicht asphaltierte R1-Piste, um den zweiten Labourons-Pass zu erreichen und auf die D26 zu gelangen, ersparen einen ziemlich langen Hin- und R\u00fcckweg.<br>Stra\u00dfenkurs mit 99,50 % mit einem Hin- und R\u00fcckweg nach dem zweiten Col des Labourons, der mit R1 \u00fcber 500 m erreichbar ist (lange Version 104 km)<br>Der empfohlene Zeitraum von Mitte September bis Mitte Oktober erm\u00f6glicht es, die Ankunft des Herbstes und die sch\u00f6nen Farben zu genie\u00dfen. Abwechselnde W\u00e4lder, Weinberge und Wiesen<br>Einige steile, aber recht kurze Stra\u00dfen.<br>Lebensmittel, B\u00e4ckerei, Caf\u00e9 nur in Beaujeu.<\/p>\n\n\n\n<div style=\"height:30px\" aria-hidden=\"true\" class=\"wp-block-spacer\"><\/div>\n\n\n\n<p><strong>20 P\u00e4sse<\/strong><\/p>\n\n\n\n<figure class=\"wp-block-table\"><table class=\"has-background\" style=\"background-color:#f0f0f0\"><tbody><tr><td>1 - Col des Aillets<\/td><td class=\"has-text-align-center\" data-align=\"center\">715 m<\/td><td><a href=\"https:\/\/centcols.org\/de\/util\/geo\/visu.php\/?code=FR-69-0715\" target=\"_blank\" rel=\"noreferrer noopener\">DE-69-0715<\/a><\/td><\/tr><tr><td>2 - Col des Escorbans<\/td><td class=\"has-text-align-center\" data-align=\"center\">825 m<\/td><td><a href=\"https:\/\/centcols.org\/de\/util\/geo\/visu.php\/?code=FR-42-0825\" target=\"_blank\" rel=\"noreferrer noopener\">DE-42-0825<\/a><\/td><\/tr><tr><td>3 - Favardy-Pass<\/td><td class=\"has-text-align-center\" data-align=\"center\">856 m<\/td><td><a href=\"https:\/\/centcols.org\/de\/util\/geo\/visu.php\/?code=FR-69-0856\" target=\"_blank\" rel=\"noreferrer noopener\">DE-69-0856<\/a><\/td><\/tr><tr><td>4 - Col de la Croix Nicelle<\/td><td class=\"has-text-align-center\" data-align=\"center\">782 m<\/td><td><a href=\"https:\/\/centcols.org\/de\/util\/geo\/visu.php\/?code=FR-69-0782\" target=\"_blank\" rel=\"noreferrer noopener\">DE-69-0782<\/a><\/td><\/tr><tr><td>5 - Col de la Croix Montmain<\/td><td class=\"has-text-align-center\" data-align=\"center\">737 m<\/td><td><a href=\"https:\/\/centcols.org\/de\/util\/geo\/visu.php\/?code=FR-69-0737\" target=\"_blank\" rel=\"noreferrer noopener\">DE-69-0737<\/a><\/td><\/tr><tr><td>6 - Col de Pierre Plate<\/td><td class=\"has-text-align-center\" data-align=\"center\">593 m<\/td><td><a href=\"https:\/\/centcols.org\/de\/util\/geo\/visu.php\/?code=FR-69-0593\" target=\"_blank\" rel=\"noreferrer noopener\">DE-69-0593<\/a><\/td><\/tr><tr><td>7 - Col de la Croix Rosier<\/td><td class=\"has-text-align-center\" data-align=\"center\">721 m<\/td><td><a href=\"https:\/\/centcols.org\/de\/util\/geo\/visu.php\/?code=FR-69-0721\" target=\"_blank\" rel=\"noreferrer noopener\">DE-69-0721<\/a><\/td><\/tr><tr><td>8 - Col de la Croix Marchampt<\/td><td class=\"has-text-align-center\" data-align=\"center\">687 m<\/td><td><a href=\"https:\/\/centcols.org\/de\/util\/geo\/visu.php\/?code=FR-69-0687\" target=\"_blank\" rel=\"noreferrer noopener\">DE-69-0687<\/a><\/td><\/tr><tr><td>9 - Col de la Casse Froide<\/td><td class=\"has-text-align-center\" data-align=\"center\">739 m<\/td><td><a href=\"https:\/\/centcols.org\/de\/util\/geo\/visu.php\/?code=FR-69-0739\" target=\"_blank\" rel=\"noreferrer noopener\">DE-69-0739<\/a><\/td><\/tr><tr><td>10 - Truges-Pass<\/td><td class=\"has-text-align-center\" data-align=\"center\">480 m<\/td><td><a href=\"https:\/\/centcols.org\/de\/util\/geo\/visu.php\/?code=FR-69-0445\" target=\"_blank\" rel=\"noreferrer noopener\">DE-69-0445<\/a><\/td><\/tr><tr><td>11 - Durbize-Pass<\/td><td class=\"has-text-align-center\" data-align=\"center\">543 m<\/td><td><a href=\"https:\/\/centcols.org\/de\/util\/geo\/visu.php\/?code=FR-69-0541\" target=\"_blank\" rel=\"noreferrer noopener\">DE-69-0541<\/a><\/td><\/tr><tr><td>12 - Labourons-Pass<\/td><td class=\"has-text-align-center\" data-align=\"center\">436 m<\/td><td><a href=\"https:\/\/centcols.org\/de\/util\/geo\/visu.php\/?code=FR-69-0431\" target=\"_blank\" rel=\"noreferrer noopener\">DE-69-0431<\/a><\/td><\/tr><tr><td>13 - Labourons-Pass<\/td><td class=\"has-text-align-center\" data-align=\"center\">471 m<\/td><td><a href=\"https:\/\/centcols.org\/de\/util\/geo\/visu.php\/?code=FR-69-0473\" target=\"_blank\" rel=\"noreferrer noopener\">DE-69-0473<\/a><\/td><\/tr><tr><td>14 - Pass des Fut d'Avenas<\/td><td class=\"has-text-align-center\" data-align=\"center\">743 m<\/td><td><a href=\"https:\/\/centcols.org\/de\/util\/geo\/visu.php\/?code=FR-69-0740\" target=\"_blank\" rel=\"noreferrer noopener\">DE-69-0740<\/a><\/td><\/tr><tr><td>15 - Col de la Serve<\/td><td class=\"has-text-align-center\" data-align=\"center\">708 m<\/td><td><a href=\"https:\/\/centcols.org\/de\/util\/geo\/visu.php\/?code=FR-69-0643\" target=\"_blank\" rel=\"noreferrer noopener\">DE-69-0643<\/a><\/td><\/tr><tr><td>16 - Crie-Pass<\/td><td class=\"has-text-align-center\" data-align=\"center\">624 m<\/td><td><a href=\"https:\/\/centcols.org\/de\/util\/geo\/visu.php\/?code=FR-69-0622\" target=\"_blank\" rel=\"noreferrer noopener\">DE-69-0622<\/a><\/td><\/tr><tr><td>17 - Col des Oncins<\/td><td class=\"has-text-align-center\" data-align=\"center\">702 m<\/td><td><a href=\"https:\/\/centcols.org\/de\/util\/geo\/visu.php\/?code=FR-69-0702\" target=\"_blank\" rel=\"noreferrer noopener\">DE-69-0702<\/a><\/td><\/tr><tr><td>18 - Col de Patoux<\/td><td class=\"has-text-align-center\" data-align=\"center\">910 m<\/td><td><a href=\"https:\/\/centcols.org\/de\/util\/geo\/visu.php\/?code=FR-69-0915\" target=\"_blank\" rel=\"noreferrer noopener\">DE-69-0915<\/a><\/td><\/tr><tr><td>19 - Col de la Croix d'Ajoux (Pass des Kreuzes von Ajoux)<\/td><td class=\"has-text-align-center\" data-align=\"center\">853 m<\/td><td><a href=\"https:\/\/centcols.org\/de\/util\/geo\/visu.php\/?code=FR-69-0855\" target=\"_blank\" rel=\"noreferrer noopener\">DE-69-0855<\/a><\/td><\/tr><tr><td>20 - Col des Echarmeaux<\/td><td class=\"has-text-align-center\" data-align=\"center\">712 m<\/td><td><a href=\"https:\/\/centcols.org\/de\/util\/geo\/visu.php\/?code=FR-69-0712\" target=\"_blank\" rel=\"noreferrer noopener\">DE-69-0712<\/a><\/td><\/tr><\/tbody><\/table><\/figure>\n\n\n\n<p><strong>Schlagw\u00f6rter<\/strong>&nbsp;: Beaujolais, Beaujeu, Echarmeaux, centcols<\/p>\n\n\n\n<p>Openrunner-Link, interaktive Karte, Profil, Track : <a href=\"https:\/\/www.openrunner.com\/route-details\/22832709\" target=\"_blank\" rel=\"noreferrer noopener\">https:\/\/www.openrunner.com\/route-details\/22785004<\/a><\/p>\n\n\n\n<p>Diese Route wird nur zur Orientierung vorgeschlagen. Der Autor \u00fcbernimmt keine Haftung f\u00fcr Unw\u00e4gbarkeiten, die auf den Radfahrer selbst, das verwendete Material und alles, was die Stra\u00dfe, die Pisten und Wege, ihre Umgebung und andere Benutzer betrifft, zur\u00fcckzuf\u00fchren sind, sowie f\u00fcr die Haftung des Club des Cent Cols.<\/p>\n\n\n\n<div style=\"height:30px\" aria-hidden=\"true\" class=\"wp-block-spacer\"><\/div>\n\n\n\n<h2 class=\"wp-block-heading\">Fotos<\/h2>\n\n\n\n<figure class=\"wp-block-gallery has-nested-images columns-default is-cropped wp-block-gallery-1 is-layout-flex wp-block-gallery-is-layout-flex\">\n<figure class=\"wp-block-image size-large\"><a href=\"https:\/\/centcols.org\/wp-content\/uploads\/2025\/11\/Le-vignoble-Beaujolais-en-septembre.jpg\"><img loading=\"lazy\" decoding=\"async\" width=\"1000\" height=\"750\" data-id=\"91891\" src=\"https:\/\/centcols.org\/wp-content\/uploads\/2025\/11\/Le-vignoble-Beaujolais-en-septembre.jpg\" alt=\"\" class=\"wp-image-91891\" srcset=\"https:\/\/centcols.org\/wp-content\/uploads\/2025\/11\/Le-vignoble-Beaujolais-en-septembre.jpg 1000w, https:\/\/centcols.org\/wp-content\/uploads\/2025\/11\/Le-vignoble-Beaujolais-en-septembre-768x576.jpg 768w, https:\/\/centcols.org\/wp-content\/uploads\/2025\/11\/Le-vignoble-Beaujolais-en-septembre-16x12.jpg 16w\" sizes=\"auto, (max-width: 1000px) 100vw, 1000px\" \/><\/a><figcaption class=\"wp-element-caption\">Das Weinbaugebiet Beaujolais im September<\/figcaption><\/figure>\n\n\n\n<figure class=\"wp-block-image size-large\"><a href=\"https:\/\/centcols.org\/wp-content\/uploads\/2025\/11\/Alternance-de-couleurs-et-de-vegetation.jpg\"><img loading=\"lazy\" decoding=\"async\" width=\"1000\" height=\"750\" data-id=\"91890\" src=\"https:\/\/centcols.org\/wp-content\/uploads\/2025\/11\/Alternance-de-couleurs-et-de-vegetation.jpg\" alt=\"\" class=\"wp-image-91890\" srcset=\"https:\/\/centcols.org\/wp-content\/uploads\/2025\/11\/Alternance-de-couleurs-et-de-vegetation.jpg 1000w, https:\/\/centcols.org\/wp-content\/uploads\/2025\/11\/Alternance-de-couleurs-et-de-vegetation-768x576.jpg 768w, https:\/\/centcols.org\/wp-content\/uploads\/2025\/11\/Alternance-de-couleurs-et-de-vegetation-16x12.jpg 16w\" sizes=\"auto, (max-width: 1000px) 100vw, 1000px\" \/><\/a><figcaption class=\"wp-element-caption\">Abwechselnde Farben und Vegetation<\/figcaption><\/figure>\n\n\n\n<figure class=\"wp-block-image size-large\"><a href=\"https:\/\/centcols.org\/wp-content\/uploads\/2025\/11\/Vue-matinale-en-montant-au-col-de-la-Croix-de-Montmain.jpg\"><img loading=\"lazy\" decoding=\"async\" width=\"1000\" height=\"750\" data-id=\"91892\" src=\"https:\/\/centcols.org\/wp-content\/uploads\/2025\/11\/Vue-matinale-en-montant-au-col-de-la-Croix-de-Montmain.jpg\" alt=\"\" class=\"wp-image-91892\" srcset=\"https:\/\/centcols.org\/wp-content\/uploads\/2025\/11\/Vue-matinale-en-montant-au-col-de-la-Croix-de-Montmain.jpg 1000w, https:\/\/centcols.org\/wp-content\/uploads\/2025\/11\/Vue-matinale-en-montant-au-col-de-la-Croix-de-Montmain-768x576.jpg 768w, https:\/\/centcols.org\/wp-content\/uploads\/2025\/11\/Vue-matinale-en-montant-au-col-de-la-Croix-de-Montmain-16x12.jpg 16w\" sizes=\"auto, (max-width: 1000px) 100vw, 1000px\" \/><\/a><figcaption class=\"wp-element-caption\">Morgenblick beim Aufstieg zum Col de la Croix de Montmain<\/figcaption><\/figure>\n<\/figure>","protected":false},"excerpt":{"rendered":"<p>Description de l\u2019auteur Auteur&nbsp;: Luc RiolandParcours&nbsp;: effectu\u00e9 en septembre 2018D\u00e9part&nbsp;: Vaste parking et d\u00e9part du col des Echarmeaux Descriptif touristique Parcours r\u00e9alis\u00e9 au coeur du Beaujolais et de ses vignobles avec 20 cols au menu. A d\u00e9guster sans mod\u00e9ration. Descriptif technique Parcours routier \u00e0 98% en version pr\u00e9sent\u00e9e \u00e0 96 km, 2 km de piste [&hellip;]<\/p>\n","protected":false},"author":64,"featured_media":91890,"comment_status":"open","ping_status":"open","sticky":false,"template":"","format":"standard","meta":{"_acf_changed":false,"footnotes":""},"categories":[303,318,330,341,453,220],"tags":[],"class_list":["post-91889","post","type-post","status-publish","format-standard","has-post-thumbnail","hentry","category-parcours-france","category-route-type-parcours","category-auvergne-rhone-alpes-region-parcours-membres","category-massif-central-massif-parcours-membres","category-69-rhone-2","category-parcours-membres"],"acf":[],"yoast_head":"<!-- This site is optimized with the Yoast SEO plugin v27.2 - https:\/\/yoast.com\/product\/yoast-seo-wordpress\/ -->\n<title>FR-69 Col des Echarmeaux - Route 96 km, D+ 2087 m, 20 cols - Club des Cent Cols<\/title>\n<meta name=\"robots\" content=\"index, follow, max-snippet:-1, max-image-preview:large, max-video-preview:-1\" \/>\n<link rel=\"canonical\" href=\"https:\/\/centcols.org\/de\/de-69-col-des-echarmeaux-route\/\" \/>\n<meta property=\"og:locale\" content=\"de_DE\" \/>\n<meta property=\"og:type\" content=\"article\" \/>\n<meta property=\"og:title\" content=\"FR-69 Col des Echarmeaux - Route 96 km, D+ 2087 m, 20 cols - Club des Cent Cols\" \/>\n<meta property=\"og:description\" content=\"Description de l\u2019auteur Auteur&nbsp;: Luc RiolandParcours&nbsp;: effectu\u00e9 en septembre 2018D\u00e9part&nbsp;: Vaste parking et d\u00e9part du col des Echarmeaux Descriptif touristique Parcours r\u00e9alis\u00e9 au coeur du Beaujolais et de ses vignobles avec 20 cols au menu. A d\u00e9guster sans mod\u00e9ration. Descriptif technique Parcours routier \u00e0 98% en version pr\u00e9sent\u00e9e \u00e0 96 km, 2 km de piste [&hellip;]\" \/>\n<meta property=\"og:url\" content=\"https:\/\/centcols.org\/de\/de-69-col-des-echarmeaux-route\/\" \/>\n<meta property=\"og:site_name\" content=\"Club des Cent Cols\" \/>\n<meta property=\"article:publisher\" content=\"https:\/\/www.facebook.com\/groups\/5261880558\/?locale=fr_FR\" \/>\n<meta property=\"article:published_time\" content=\"2025-11-07T21:55:36+00:00\" \/>\n<meta property=\"article:modified_time\" content=\"2026-03-14T15:07:17+00:00\" \/>\n<meta property=\"og:image\" content=\"https:\/\/centcols.org\/wp-content\/uploads\/2025\/11\/Alternance-de-couleurs-et-de-vegetation.jpg\" \/>\n\t<meta property=\"og:image:width\" content=\"1000\" \/>\n\t<meta property=\"og:image:height\" content=\"750\" \/>\n\t<meta property=\"og:image:type\" content=\"image\/jpeg\" \/>\n<meta name=\"author\" content=\"Christophe Badonnel\" \/>\n<meta name=\"twitter:card\" content=\"summary_large_image\" \/>\n<meta name=\"twitter:label1\" content=\"Verfasst von\" \/>\n\t<meta name=\"twitter:data1\" content=\"Christophe Badonnel\" \/>\n\t<meta name=\"twitter:label2\" content=\"Gesch\u00e4tzte Lesezeit\" \/>\n\t<meta name=\"twitter:data2\" content=\"3\u00a0Minuten\" \/>\n<script type=\"application\/ld+json\" class=\"yoast-schema-graph\">{\"@context\":\"https:\/\/schema.org\",\"@graph\":[{\"@type\":\"Article\",\"@id\":\"https:\/\/centcols.org\/fr-69-col-des-echarmeaux-route\/#article\",\"isPartOf\":{\"@id\":\"https:\/\/centcols.org\/fr-69-col-des-echarmeaux-route\/\"},\"author\":{\"name\":\"Christophe Badonnel\",\"@id\":\"https:\/\/centcols.org\/#\/schema\/person\/5c1a9d61132fb33ccec149272abff6e1\"},\"headline\":\"FR-69 Col des Echarmeaux &#8211; Route 96 km, D+ 2087 m, 20 cols\",\"datePublished\":\"2025-11-07T21:55:36+00:00\",\"dateModified\":\"2026-03-14T15:07:17+00:00\",\"mainEntityOfPage\":{\"@id\":\"https:\/\/centcols.org\/fr-69-col-des-echarmeaux-route\/\"},\"wordCount\":410,\"commentCount\":0,\"publisher\":{\"@id\":\"https:\/\/centcols.org\/#organization\"},\"image\":{\"@id\":\"https:\/\/centcols.org\/fr-69-col-des-echarmeaux-route\/#primaryimage\"},\"thumbnailUrl\":\"https:\/\/centcols.org\/wp-content\/uploads\/2025\/11\/Alternance-de-couleurs-et-de-vegetation.jpg\",\"articleSection\":[\"Parcours France\",\"Route\",\"Auvergne-Rh\u00f4ne-Alpes\",\"Massif-Central\",\"69 - Rh\u00f4ne\",\"Parcours membres\"],\"inLanguage\":\"de\",\"potentialAction\":[{\"@type\":\"CommentAction\",\"name\":\"Comment\",\"target\":[\"https:\/\/centcols.org\/fr-69-col-des-echarmeaux-route\/#respond\"]}]},{\"@type\":\"WebPage\",\"@id\":\"https:\/\/centcols.org\/fr-69-col-des-echarmeaux-route\/\",\"url\":\"https:\/\/centcols.org\/fr-69-col-des-echarmeaux-route\/\",\"name\":\"FR-69 Col des Echarmeaux - Route 96 km, D+ 2087 m, 20 cols - Club des Cent Cols\",\"isPartOf\":{\"@id\":\"https:\/\/centcols.org\/#website\"},\"primaryImageOfPage\":{\"@id\":\"https:\/\/centcols.org\/fr-69-col-des-echarmeaux-route\/#primaryimage\"},\"image\":{\"@id\":\"https:\/\/centcols.org\/fr-69-col-des-echarmeaux-route\/#primaryimage\"},\"thumbnailUrl\":\"https:\/\/centcols.org\/wp-content\/uploads\/2025\/11\/Alternance-de-couleurs-et-de-vegetation.jpg\",\"datePublished\":\"2025-11-07T21:55:36+00:00\",\"dateModified\":\"2026-03-14T15:07:17+00:00\",\"breadcrumb\":{\"@id\":\"https:\/\/centcols.org\/fr-69-col-des-echarmeaux-route\/#breadcrumb\"},\"inLanguage\":\"de\",\"potentialAction\":[{\"@type\":\"ReadAction\",\"target\":[\"https:\/\/centcols.org\/fr-69-col-des-echarmeaux-route\/\"]}]},{\"@type\":\"ImageObject\",\"inLanguage\":\"de\",\"@id\":\"https:\/\/centcols.org\/fr-69-col-des-echarmeaux-route\/#primaryimage\",\"url\":\"https:\/\/centcols.org\/wp-content\/uploads\/2025\/11\/Alternance-de-couleurs-et-de-vegetation.jpg\",\"contentUrl\":\"https:\/\/centcols.org\/wp-content\/uploads\/2025\/11\/Alternance-de-couleurs-et-de-vegetation.jpg\",\"width\":1000,\"height\":750,\"caption\":\"Alternance de couleurs et de v\u00e9g\u00e9tation\"},{\"@type\":\"BreadcrumbList\",\"@id\":\"https:\/\/centcols.org\/fr-69-col-des-echarmeaux-route\/#breadcrumb\",\"itemListElement\":[{\"@type\":\"ListItem\",\"position\":1,\"name\":\"Accueil\",\"item\":\"https:\/\/centcols.org\/\"},{\"@type\":\"ListItem\",\"position\":2,\"name\":\"Parcours membres\",\"item\":\"https:\/\/centcols.org\/rubrique\/parcours-membres\/\"},{\"@type\":\"ListItem\",\"position\":3,\"name\":\"Pays\",\"item\":\"https:\/\/centcols.org\/rubrique\/parcours-membres\/pays-parcours-membres\/\"},{\"@type\":\"ListItem\",\"position\":4,\"name\":\"Parcours France\",\"item\":\"https:\/\/centcols.org\/rubrique\/parcours-membres\/pays-parcours-membres\/parcours-france\/\"},{\"@type\":\"ListItem\",\"position\":5,\"name\":\"FR-69 Col des Echarmeaux &#8211; Route 96 km, D+ 2087 m, 20 cols\"}]},{\"@type\":\"WebSite\",\"@id\":\"https:\/\/centcols.org\/#website\",\"url\":\"https:\/\/centcols.org\/\",\"name\":\"Club des Cent Cols\",\"description\":\"\",\"publisher\":{\"@id\":\"https:\/\/centcols.org\/#organization\"},\"potentialAction\":[{\"@type\":\"SearchAction\",\"target\":{\"@type\":\"EntryPoint\",\"urlTemplate\":\"https:\/\/centcols.org\/?s={search_term_string}\"},\"query-input\":{\"@type\":\"PropertyValueSpecification\",\"valueRequired\":true,\"valueName\":\"search_term_string\"}}],\"inLanguage\":\"de\"},{\"@type\":\"Organization\",\"@id\":\"https:\/\/centcols.org\/#organization\",\"name\":\"Club des Cent Cols\",\"url\":\"https:\/\/centcols.org\/\",\"logo\":{\"@type\":\"ImageObject\",\"inLanguage\":\"de\",\"@id\":\"https:\/\/centcols.org\/#\/schema\/logo\/image\/\",\"url\":\"https:\/\/centcols.org\/wp-content\/uploads\/2025\/01\/carte-icone.png\",\"contentUrl\":\"https:\/\/centcols.org\/wp-content\/uploads\/2025\/01\/carte-icone.png\",\"width\":250,\"height\":250,\"caption\":\"Club des Cent Cols\"},\"image\":{\"@id\":\"https:\/\/centcols.org\/#\/schema\/logo\/image\/\"},\"sameAs\":[\"https:\/\/www.facebook.com\/groups\/5261880558\/?locale=fr_FR\"]},{\"@type\":\"Person\",\"@id\":\"https:\/\/centcols.org\/#\/schema\/person\/5c1a9d61132fb33ccec149272abff6e1\",\"name\":\"Christophe Badonnel\",\"image\":{\"@type\":\"ImageObject\",\"inLanguage\":\"de\",\"@id\":\"https:\/\/centcols.org\/wp-content\/litespeed\/avatar\/9f363966b51271bd99ebbb6ebd632889.jpg?ver=1777238111\",\"url\":\"https:\/\/centcols.org\/wp-content\/litespeed\/avatar\/9f363966b51271bd99ebbb6ebd632889.jpg?ver=1777238111\",\"contentUrl\":\"https:\/\/centcols.org\/wp-content\/litespeed\/avatar\/9f363966b51271bd99ebbb6ebd632889.jpg?ver=1777238111\",\"caption\":\"Christophe Badonnel\"},\"url\":\"https:\/\/centcols.org\/de\/author\/5799\/\"}]}<\/script>\n<!-- \/ Yoast SEO plugin. -->","yoast_head_json":{"title":"FR-69 Col des Echarmeaux - Route 96 km, D+ 2087 m, 20 P\u00e4sse - Club des Cent Cols","robots":{"index":"index","follow":"follow","max-snippet":"max-snippet:-1","max-image-preview":"max-image-preview:large","max-video-preview":"max-video-preview:-1"},"canonical":"https:\/\/centcols.org\/de\/de-69-col-des-echarmeaux-route\/","og_locale":"de_DE","og_type":"article","og_title":"FR-69 Col des Echarmeaux - Route 96 km, D+ 2087 m, 20 cols - Club des Cent Cols","og_description":"Description de l\u2019auteur Auteur&nbsp;: Luc RiolandParcours&nbsp;: effectu\u00e9 en septembre 2018D\u00e9part&nbsp;: Vaste parking et d\u00e9part du col des Echarmeaux Descriptif touristique Parcours r\u00e9alis\u00e9 au coeur du Beaujolais et de ses vignobles avec 20 cols au menu. A d\u00e9guster sans mod\u00e9ration. Descriptif technique Parcours routier \u00e0 98% en version pr\u00e9sent\u00e9e \u00e0 96 km, 2 km de piste [&hellip;]","og_url":"https:\/\/centcols.org\/de\/de-69-col-des-echarmeaux-route\/","og_site_name":"Club des Cent Cols","article_publisher":"https:\/\/www.facebook.com\/groups\/5261880558\/?locale=fr_FR","article_published_time":"2025-11-07T21:55:36+00:00","article_modified_time":"2026-03-14T15:07:17+00:00","og_image":[{"width":1000,"height":750,"url":"https:\/\/centcols.org\/wp-content\/uploads\/2025\/11\/Alternance-de-couleurs-et-de-vegetation.jpg","type":"image\/jpeg"}],"author":"Christophe Badonnel","twitter_card":"summary_large_image","twitter_misc":{"Verfasst von":"Christophe Badonnel","Gesch\u00e4tzte Lesezeit":"3\u00a0Minuten"},"schema":{"@context":"https:\/\/schema.org","@graph":[{"@type":"Article","@id":"https:\/\/centcols.org\/fr-69-col-des-echarmeaux-route\/#article","isPartOf":{"@id":"https:\/\/centcols.org\/fr-69-col-des-echarmeaux-route\/"},"author":{"name":"Christophe Badonnel","@id":"https:\/\/centcols.org\/#\/schema\/person\/5c1a9d61132fb33ccec149272abff6e1"},"headline":"FR-69 Col des Echarmeaux &#8211; Route 96 km, D+ 2087 m, 20 cols","datePublished":"2025-11-07T21:55:36+00:00","dateModified":"2026-03-14T15:07:17+00:00","mainEntityOfPage":{"@id":"https:\/\/centcols.org\/fr-69-col-des-echarmeaux-route\/"},"wordCount":410,"commentCount":0,"publisher":{"@id":"https:\/\/centcols.org\/#organization"},"image":{"@id":"https:\/\/centcols.org\/fr-69-col-des-echarmeaux-route\/#primaryimage"},"thumbnailUrl":"https:\/\/centcols.org\/wp-content\/uploads\/2025\/11\/Alternance-de-couleurs-et-de-vegetation.jpg","articleSection":["Parcours France","Route","Auvergne-Rh\u00f4ne-Alpes","Massif-Central","69 - Rh\u00f4ne","Parcours membres"],"inLanguage":"de","potentialAction":[{"@type":"CommentAction","name":"Comment","target":["https:\/\/centcols.org\/fr-69-col-des-echarmeaux-route\/#respond"]}]},{"@type":"WebPage","@id":"https:\/\/centcols.org\/fr-69-col-des-echarmeaux-route\/","url":"https:\/\/centcols.org\/fr-69-col-des-echarmeaux-route\/","name":"FR-69 Col des Echarmeaux - Route 96 km, D+ 2087 m, 20 P\u00e4sse - Club des Cent Cols","isPartOf":{"@id":"https:\/\/centcols.org\/#website"},"primaryImageOfPage":{"@id":"https:\/\/centcols.org\/fr-69-col-des-echarmeaux-route\/#primaryimage"},"image":{"@id":"https:\/\/centcols.org\/fr-69-col-des-echarmeaux-route\/#primaryimage"},"thumbnailUrl":"https:\/\/centcols.org\/wp-content\/uploads\/2025\/11\/Alternance-de-couleurs-et-de-vegetation.jpg","datePublished":"2025-11-07T21:55:36+00:00","dateModified":"2026-03-14T15:07:17+00:00","breadcrumb":{"@id":"https:\/\/centcols.org\/fr-69-col-des-echarmeaux-route\/#breadcrumb"},"inLanguage":"de","potentialAction":[{"@type":"ReadAction","target":["https:\/\/centcols.org\/fr-69-col-des-echarmeaux-route\/"]}]},{"@type":"ImageObject","inLanguage":"de","@id":"https:\/\/centcols.org\/fr-69-col-des-echarmeaux-route\/#primaryimage","url":"https:\/\/centcols.org\/wp-content\/uploads\/2025\/11\/Alternance-de-couleurs-et-de-vegetation.jpg","contentUrl":"https:\/\/centcols.org\/wp-content\/uploads\/2025\/11\/Alternance-de-couleurs-et-de-vegetation.jpg","width":1000,"height":750,"caption":"Alternance de couleurs et de v\u00e9g\u00e9tation"},{"@type":"BreadcrumbList","@id":"https:\/\/centcols.org\/fr-69-col-des-echarmeaux-route\/#breadcrumb","itemListElement":[{"@type":"ListItem","position":1,"name":"Accueil","item":"https:\/\/centcols.org\/"},{"@type":"ListItem","position":2,"name":"Parcours membres","item":"https:\/\/centcols.org\/rubrique\/parcours-membres\/"},{"@type":"ListItem","position":3,"name":"Pays","item":"https:\/\/centcols.org\/rubrique\/parcours-membres\/pays-parcours-membres\/"},{"@type":"ListItem","position":4,"name":"Parcours France","item":"https:\/\/centcols.org\/rubrique\/parcours-membres\/pays-parcours-membres\/parcours-france\/"},{"@type":"ListItem","position":5,"name":"FR-69 Col des Echarmeaux &#8211; Route 96 km, D+ 2087 m, 20 cols"}]},{"@type":"WebSite","@id":"https:\/\/centcols.org\/#website","url":"https:\/\/centcols.org\/","name":"Club des Cent Cols","description":"","publisher":{"@id":"https:\/\/centcols.org\/#organization"},"potentialAction":[{"@type":"SearchAction","target":{"@type":"EntryPoint","urlTemplate":"https:\/\/centcols.org\/?s={search_term_string}"},"query-input":{"@type":"PropertyValueSpecification","valueRequired":true,"valueName":"search_term_string"}}],"inLanguage":"de"},{"@type":"Organization","@id":"https:\/\/centcols.org\/#organization","name":"Club des Cent Cols","url":"https:\/\/centcols.org\/","logo":{"@type":"ImageObject","inLanguage":"de","@id":"https:\/\/centcols.org\/#\/schema\/logo\/image\/","url":"https:\/\/centcols.org\/wp-content\/uploads\/2025\/01\/carte-icone.png","contentUrl":"https:\/\/centcols.org\/wp-content\/uploads\/2025\/01\/carte-icone.png","width":250,"height":250,"caption":"Club des Cent Cols"},"image":{"@id":"https:\/\/centcols.org\/#\/schema\/logo\/image\/"},"sameAs":["https:\/\/www.facebook.com\/groups\/5261880558\/?locale=fr_FR"]},{"@type":"Person","@id":"https:\/\/centcols.org\/#\/schema\/person\/5c1a9d61132fb33ccec149272abff6e1","name":"Christophe Badonnel","image":{"@type":"ImageObject","inLanguage":"de","@id":"https:\/\/centcols.org\/wp-content\/litespeed\/avatar\/9f363966b51271bd99ebbb6ebd632889.jpg?ver=1777238111","url":"https:\/\/centcols.org\/wp-content\/litespeed\/avatar\/9f363966b51271bd99ebbb6ebd632889.jpg?ver=1777238111","contentUrl":"https:\/\/centcols.org\/wp-content\/litespeed\/avatar\/9f363966b51271bd99ebbb6ebd632889.jpg?ver=1777238111","caption":"Christophe Badonnel"},"url":"https:\/\/centcols.org\/de\/author\/5799\/"}]}},"_links":{"self":[{"href":"https:\/\/centcols.org\/de\/wp-json\/wp\/v2\/posts\/91889","targetHints":{"allow":["GET"]}}],"collection":[{"href":"https:\/\/centcols.org\/de\/wp-json\/wp\/v2\/posts"}],"about":[{"href":"https:\/\/centcols.org\/de\/wp-json\/wp\/v2\/types\/post"}],"author":[{"embeddable":true,"href":"https:\/\/centcols.org\/de\/wp-json\/wp\/v2\/users\/64"}],"replies":[{"embeddable":true,"href":"https:\/\/centcols.org\/de\/wp-json\/wp\/v2\/comments?post=91889"}],"version-history":[{"count":0,"href":"https:\/\/centcols.org\/de\/wp-json\/wp\/v2\/posts\/91889\/revisions"}],"wp:featuredmedia":[{"embeddable":true,"href":"https:\/\/centcols.org\/de\/wp-json\/wp\/v2\/media\/91890"}],"wp:attachment":[{"href":"https:\/\/centcols.org\/de\/wp-json\/wp\/v2\/media?parent=91889"}],"wp:term":[{"taxonomy":"category","embeddable":true,"href":"https:\/\/centcols.org\/de\/wp-json\/wp\/v2\/categories?post=91889"},{"taxonomy":"post_tag","embeddable":true,"href":"https:\/\/centcols.org\/de\/wp-json\/wp\/v2\/tags?post=91889"}],"curies":[{"name":"wp","href":"https:\/\/api.w.org\/{rel}","templated":true}]}}