{"id":92208,"date":"2025-11-21T19:58:18","date_gmt":"2025-11-21T17:58:18","guid":{"rendered":"https:\/\/centcols.org\/?p=92208"},"modified":"2026-03-14T16:29:38","modified_gmt":"2026-03-14T14:29:38","slug":"fr-01-souclin-bugey-vtt","status":"publish","type":"post","link":"https:\/\/centcols.org\/de\/fr-01-souclin-bugey-vtt\/","title":{"rendered":"FR-01 Souclin - Bugey - MTB 35 km, D+ 1030 m, 7 P\u00e4sse"},"content":{"rendered":"<iframe width=\"100%\" height=\"650\" loading=\"lazy\" src=\"https:\/\/www.openrunner.com\/embed\/337a6674534b375255694351793551746f47597a61423445547a755931504f647a51543433526c736d34383d3a3a3873a581238f52890763eaa59411a600?unit=metric\" style=\"border: none;\"><\/iframe>\n\n\n\n<div style=\"height:30px\" aria-hidden=\"true\" class=\"wp-block-spacer\"><\/div>\n\n\n\n<h2 class=\"wp-block-heading\">Beschreibung des Autors<\/h2>\n\n\n\n<p><strong>Autor<\/strong> : Philippe Chazottier<br><strong>Parcours<\/strong> : durchgef\u00fchrt am 17. September 2025<br><strong>Abreise<\/strong> : Parkplatz des Festsaals im Dorf Souclin, neben dem Rathaus.<\/p>\n\n\n\n<div style=\"height:30px\" aria-hidden=\"true\" class=\"wp-block-spacer\"><\/div>\n\n\n\n<h2 class=\"wp-block-heading\">Touristische Beschreibung<\/h2>\n\n\n\n<p>Sch\u00f6ne Aussicht auf die Ain-Ebene und die Rh\u00f4ne. Abwechslungsreiche Strecke mit netten Unterholzpassagen, insbesondere der Golet du Feyet. Golet de P\u00e9trement: Sch\u00f6ner Hin- und R\u00fcckweg auf einer sch\u00f6nen Piste.<\/p>\n\n\n\n<div style=\"height:30px\" aria-hidden=\"true\" class=\"wp-block-spacer\"><\/div>\n\n\n\n<h2 class=\"wp-block-heading\">Technische Beschreibung<\/h2>\n\n\n\n<p>Radstrecke bei 95%. Golet d'Ars: Abfahrt und Wiederaufstieg auf einem schwierigen Pfad mit Schluchten und Steinen. Gollet de la Cula: Nicht immer fahrradtauglicher Pfad. Le Grand Golet und Gollet des haies: Pfad und Piste.<br>Es besteht die M\u00f6glichkeit, zwei Stra\u00dfenp\u00e4sse in Hin- und R\u00fcckfahrt hinzuzuf\u00fcgen: den Col de Fay (FR-01-0680) 1 km von Souclin entfernt und den Col de Portes (FR-01-1010a), bevor Sie den Golet du Feyet beginnen.<\/p>\n\n\n\n<div style=\"height:30px\" aria-hidden=\"true\" class=\"wp-block-spacer\"><\/div>\n\n\n\n<p><strong>7 P\u00e4sse<\/strong><\/p>\n\n\n\n<figure class=\"wp-block-table\"><table class=\"has-fixed-layout\"><tbody><tr><td>1 - Golet au Loup<\/td><td class=\"has-text-align-center\" data-align=\"center\">858 m<\/td><td><a href=\"https:\/\/centcols.org\/de\/util\/geo\/visu.php\/?code=FR-01-0858\" target=\"_blank\" rel=\"noreferrer noopener\">DE-01-0858<\/a><\/td><\/tr><tr><td>2 - Golet du Feyet<\/td><td class=\"has-text-align-center\" data-align=\"center\">956 m<\/td><td><a href=\"https:\/\/centcols.org\/de\/util\/geo\/visu.php\/?code=FR-01-0956\" target=\"_blank\" rel=\"noreferrer noopener\">DE-01-0956<\/a><\/td><\/tr><tr><td>3 - Golet d'Ars<\/td><td class=\"has-text-align-center\" data-align=\"center\">875 m<\/td><td><a href=\"https:\/\/centcols.org\/de\/util\/geo\/visu.php\/?code=FR-01-0875\" target=\"_blank\" rel=\"noreferrer noopener\">DE-01-0875<\/a><\/td><\/tr><tr><td>4 - Gollet de la Cula<\/td><td class=\"has-text-align-center\" data-align=\"center\">972 m<\/td><td><a href=\"https:\/\/centcols.org\/de\/util\/geo\/visu.php\/?code=FR-01-0972a\" target=\"_blank\" rel=\"noreferrer noopener\">DE-01-0972a<\/a><\/td><\/tr><tr><td>5 - Le Grand Golet<\/td><td class=\"has-text-align-center\" data-align=\"center\">835 m<\/td><td><a href=\"https:\/\/centcols.org\/de\/util\/geo\/visu.php\/?code=FR-01-0840\" target=\"_blank\" rel=\"noreferrer noopener\">DE-01-0840<\/a><\/td><\/tr><tr><td>6 - Gollet des Haies<\/td><td class=\"has-text-align-center\" data-align=\"center\">743 m<\/td><td><a href=\"https:\/\/centcols.org\/de\/util\/geo\/visu.php\/?code=FR-01-0743a\" target=\"_blank\" rel=\"noreferrer noopener\">DE-01-0743a<\/a><\/td><\/tr><tr><td>7 - Knetgummi<\/td><td class=\"has-text-align-center\" data-align=\"center\">700 m<\/td><td><a href=\"https:\/\/centcols.org\/de\/util\/geo\/visu.php\/?code=FR-01-0700\" target=\"_blank\" rel=\"noreferrer noopener\">DE-01-0700<\/a><\/td><\/tr><\/tbody><\/table><\/figure>\n\n\n\n<p><strong>Schlagw\u00f6rter<\/strong> : Souclin, Bugey, centcols<\/p>\n\n\n\n<p>Openrunner-Link, interaktive Karte, Profil, Track : <a href=\"https:\/\/www.openrunner.com\/route-details\/22915086\" target=\"_blank\" rel=\"noreferrer noopener\">https:\/\/www.openrunner.com\/route-details\/22915086<\/a><\/p>\n\n\n\n<p>Diese Route wird nur zur Orientierung vorgeschlagen. Der Autor \u00fcbernimmt keine Haftung f\u00fcr Unw\u00e4gbarkeiten, die auf den Radfahrer selbst, das verwendete Material und alles, was die Stra\u00dfe, die Pisten und Wege, ihre Umgebung und andere Benutzer betrifft, zur\u00fcckzuf\u00fchren sind, sowie f\u00fcr die Haftung des Club des Cent Cols.<\/p>\n\n\n\n<div style=\"height:30px\" aria-hidden=\"true\" class=\"wp-block-spacer\"><\/div>\n\n\n\n<h2 class=\"wp-block-heading\">Fotos<\/h2>\n\n\n\n<figure class=\"wp-block-gallery has-nested-images columns-default is-cropped wp-block-gallery-1 is-layout-flex wp-block-gallery-is-layout-flex\">\n<figure class=\"wp-block-image size-full\"><a href=\"https:\/\/centcols.org\/wp-content\/uploads\/2025\/11\/SOUCLIN-1-la-plaine-de-lAin.jpg\" target=\"_blank\" rel=\" noreferrer noopener\"><img loading=\"lazy\" decoding=\"async\" width=\"1199\" height=\"588\" data-id=\"92221\" src=\"https:\/\/centcols.org\/wp-content\/uploads\/2025\/11\/SOUCLIN-1-la-plaine-de-lAin.jpg\" alt=\"\" class=\"wp-image-92221\" srcset=\"https:\/\/centcols.org\/wp-content\/uploads\/2025\/11\/SOUCLIN-1-la-plaine-de-lAin.jpg 1199w, https:\/\/centcols.org\/wp-content\/uploads\/2025\/11\/SOUCLIN-1-la-plaine-de-lAin-768x377.jpg 768w, https:\/\/centcols.org\/wp-content\/uploads\/2025\/11\/SOUCLIN-1-la-plaine-de-lAin-18x9.jpg 18w\" sizes=\"auto, (max-width: 1199px) 100vw, 1199px\" \/><\/a><figcaption class=\"wp-element-caption\">Die Ain-Ebene<\/figcaption><\/figure>\n\n\n\n<figure class=\"wp-block-image size-full\"><a href=\"https:\/\/centcols.org\/wp-content\/uploads\/2025\/11\/SOUCLIN-2-Debut-du-sentier-pour-le-Golet-du-Feyet.jpg\"><img loading=\"lazy\" decoding=\"async\" width=\"900\" height=\"1200\" data-id=\"92219\" src=\"https:\/\/centcols.org\/wp-content\/uploads\/2025\/11\/SOUCLIN-2-Debut-du-sentier-pour-le-Golet-du-Feyet.jpg\" alt=\"\" class=\"wp-image-92219\" srcset=\"https:\/\/centcols.org\/wp-content\/uploads\/2025\/11\/SOUCLIN-2-Debut-du-sentier-pour-le-Golet-du-Feyet.jpg 900w, https:\/\/centcols.org\/wp-content\/uploads\/2025\/11\/SOUCLIN-2-Debut-du-sentier-pour-le-Golet-du-Feyet-768x1024.jpg 768w, https:\/\/centcols.org\/wp-content\/uploads\/2025\/11\/SOUCLIN-2-Debut-du-sentier-pour-le-Golet-du-Feyet-9x12.jpg 9w\" sizes=\"auto, (max-width: 900px) 100vw, 900px\" \/><\/a><figcaption class=\"wp-element-caption\">Beginn des Pfades zum Golet du Feyet<\/figcaption><\/figure>\n\n\n\n<figure class=\"wp-block-image size-full\"><a href=\"https:\/\/centcols.org\/wp-content\/uploads\/2025\/11\/SOUCLIN-3-Au-dessus-de-Cleyzieu.jpg\"><img loading=\"lazy\" decoding=\"async\" width=\"1200\" height=\"780\" data-id=\"92222\" src=\"https:\/\/centcols.org\/wp-content\/uploads\/2025\/11\/SOUCLIN-3-Au-dessus-de-Cleyzieu.jpg\" alt=\"\" class=\"wp-image-92222\" srcset=\"https:\/\/centcols.org\/wp-content\/uploads\/2025\/11\/SOUCLIN-3-Au-dessus-de-Cleyzieu.jpg 1200w, https:\/\/centcols.org\/wp-content\/uploads\/2025\/11\/SOUCLIN-3-Au-dessus-de-Cleyzieu-768x499.jpg 768w, https:\/\/centcols.org\/wp-content\/uploads\/2025\/11\/SOUCLIN-3-Au-dessus-de-Cleyzieu-18x12.jpg 18w\" sizes=\"auto, (max-width: 1200px) 100vw, 1200px\" \/><\/a><figcaption class=\"wp-element-caption\">Oberhalb von Cleyzieu<\/figcaption><\/figure>\n\n\n\n<figure class=\"wp-block-image size-full\"><a href=\"https:\/\/centcols.org\/wp-content\/uploads\/2025\/11\/SOUCLIN-4-le-village-de-Souclin-et-le-Rhone.jpg\"><img loading=\"lazy\" decoding=\"async\" width=\"1200\" height=\"694\" data-id=\"92220\" src=\"https:\/\/centcols.org\/wp-content\/uploads\/2025\/11\/SOUCLIN-4-le-village-de-Souclin-et-le-Rhone.jpg\" alt=\"\" class=\"wp-image-92220\" srcset=\"https:\/\/centcols.org\/wp-content\/uploads\/2025\/11\/SOUCLIN-4-le-village-de-Souclin-et-le-Rhone.jpg 1200w, https:\/\/centcols.org\/wp-content\/uploads\/2025\/11\/SOUCLIN-4-le-village-de-Souclin-et-le-Rhone-768x444.jpg 768w, https:\/\/centcols.org\/wp-content\/uploads\/2025\/11\/SOUCLIN-4-le-village-de-Souclin-et-le-Rhone-18x10.jpg 18w\" sizes=\"auto, (max-width: 1200px) 100vw, 1200px\" \/><\/a><figcaption class=\"wp-element-caption\">Das Dorf Souclin und die Rh\u00f4ne<\/figcaption><\/figure>\n<\/figure>","protected":false},"excerpt":{"rendered":"<p>Description de l\u2019auteur Auteur : Philippe ChazottierParcours : effectu\u00e9 le 17 septembre 2025D\u00e9part : parking de la salle des f\u00eates du village de Souclin, \u00e0 c\u00f4t\u00e9 de la mairie. Descriptif touristique Belles vues sur la plaine de l&rsquo;Ain et sur le Rh\u00f4ne. Circuit vari\u00e9 avec des passages en sous-bois sympathiques, notamment le Golet du Feyet. [&hellip;]<\/p>\n","protected":false},"author":1726,"featured_media":92222,"comment_status":"open","ping_status":"open","sticky":false,"template":"","format":"standard","meta":{"_acf_changed":false,"footnotes":""},"categories":[303,330,451,319,325,334,220],"tags":[],"class_list":["post-92208","post","type-post","status-publish","format-standard","has-post-thumbnail","hentry","category-parcours-france","category-auvergne-rhone-alpes-region-parcours-membres","category-01-ain","category-vtt-type-parcours","category-departement","category-jura-massif-parcours-membres","category-parcours-membres"],"acf":[],"yoast_head":"<!-- This site is optimized with the Yoast SEO plugin v27.2 - https:\/\/yoast.com\/product\/yoast-seo-wordpress\/ -->\n<title>FR-01 Souclin - Bugey \u2013 VTT 35 km, D+ 1030 m, 7 cols - Club des Cent Cols<\/title>\n<meta name=\"robots\" content=\"index, follow, max-snippet:-1, max-image-preview:large, max-video-preview:-1\" \/>\n<link rel=\"canonical\" href=\"https:\/\/centcols.org\/de\/fr-01-souclin-bugey-vtt\/\" \/>\n<meta property=\"og:locale\" content=\"de_DE\" \/>\n<meta property=\"og:type\" content=\"article\" \/>\n<meta property=\"og:title\" content=\"FR-01 Souclin - Bugey \u2013 VTT 35 km, D+ 1030 m, 7 cols - Club des Cent Cols\" \/>\n<meta property=\"og:description\" content=\"Description de l\u2019auteur Auteur : Philippe ChazottierParcours : effectu\u00e9 le 17 septembre 2025D\u00e9part : parking de la salle des f\u00eates du village de Souclin, \u00e0 c\u00f4t\u00e9 de la mairie. Descriptif touristique Belles vues sur la plaine de l&rsquo;Ain et sur le Rh\u00f4ne. Circuit vari\u00e9 avec des passages en sous-bois sympathiques, notamment le Golet du Feyet. [&hellip;]\" \/>\n<meta property=\"og:url\" content=\"https:\/\/centcols.org\/de\/fr-01-souclin-bugey-vtt\/\" \/>\n<meta property=\"og:site_name\" content=\"Club des Cent Cols\" \/>\n<meta property=\"article:publisher\" content=\"https:\/\/www.facebook.com\/groups\/5261880558\/?locale=fr_FR\" \/>\n<meta property=\"article:published_time\" content=\"2025-11-21T17:58:18+00:00\" \/>\n<meta property=\"article:modified_time\" content=\"2026-03-14T14:29:38+00:00\" \/>\n<meta property=\"og:image\" content=\"https:\/\/centcols.org\/wp-content\/uploads\/2025\/11\/SOUCLIN-3-Au-dessus-de-Cleyzieu.jpg\" \/>\n\t<meta property=\"og:image:width\" content=\"1200\" \/>\n\t<meta property=\"og:image:height\" content=\"780\" \/>\n\t<meta property=\"og:image:type\" content=\"image\/jpeg\" \/>\n<meta name=\"author\" content=\"Ren\u00e9 Mercier\" \/>\n<meta name=\"twitter:card\" content=\"summary_large_image\" \/>\n<meta name=\"twitter:label1\" content=\"Verfasst von\" \/>\n\t<meta name=\"twitter:data1\" content=\"Ren\u00e9 Mercier\" \/>\n\t<meta name=\"twitter:label2\" content=\"Gesch\u00e4tzte Lesezeit\" \/>\n\t<meta name=\"twitter:data2\" content=\"3\u00a0Minuten\" \/>\n<script type=\"application\/ld+json\" class=\"yoast-schema-graph\">{\"@context\":\"https:\/\/schema.org\",\"@graph\":[{\"@type\":\"Article\",\"@id\":\"https:\/\/centcols.org\/fr-01-souclin-bugey-vtt\/#article\",\"isPartOf\":{\"@id\":\"https:\/\/centcols.org\/fr-01-souclin-bugey-vtt\/\"},\"author\":{\"name\":\"Ren\u00e9 Mercier\",\"@id\":\"https:\/\/centcols.org\/#\/schema\/person\/0cc8f723679c98f3fb7798df5a50c018\"},\"headline\":\"FR-01 Souclin &#8211; Bugey \u2013 VTT 35 km, D+ 1030 m, 7 cols\",\"datePublished\":\"2025-11-21T17:58:18+00:00\",\"dateModified\":\"2026-03-14T14:29:38+00:00\",\"mainEntityOfPage\":{\"@id\":\"https:\/\/centcols.org\/fr-01-souclin-bugey-vtt\/\"},\"wordCount\":289,\"commentCount\":0,\"publisher\":{\"@id\":\"https:\/\/centcols.org\/#organization\"},\"image\":{\"@id\":\"https:\/\/centcols.org\/fr-01-souclin-bugey-vtt\/#primaryimage\"},\"thumbnailUrl\":\"https:\/\/centcols.org\/wp-content\/uploads\/2025\/11\/SOUCLIN-3-Au-dessus-de-Cleyzieu.jpg\",\"articleSection\":[\"Parcours France\",\"Auvergne-Rh\u00f4ne-Alpes\",\"01-Ain\",\"VTT\",\"D\u00e9partement\",\"Jura\",\"Parcours membres\"],\"inLanguage\":\"de\",\"potentialAction\":[{\"@type\":\"CommentAction\",\"name\":\"Comment\",\"target\":[\"https:\/\/centcols.org\/fr-01-souclin-bugey-vtt\/#respond\"]}]},{\"@type\":\"WebPage\",\"@id\":\"https:\/\/centcols.org\/fr-01-souclin-bugey-vtt\/\",\"url\":\"https:\/\/centcols.org\/fr-01-souclin-bugey-vtt\/\",\"name\":\"FR-01 Souclin - Bugey \u2013 VTT 35 km, D+ 1030 m, 7 cols - Club des Cent Cols\",\"isPartOf\":{\"@id\":\"https:\/\/centcols.org\/#website\"},\"primaryImageOfPage\":{\"@id\":\"https:\/\/centcols.org\/fr-01-souclin-bugey-vtt\/#primaryimage\"},\"image\":{\"@id\":\"https:\/\/centcols.org\/fr-01-souclin-bugey-vtt\/#primaryimage\"},\"thumbnailUrl\":\"https:\/\/centcols.org\/wp-content\/uploads\/2025\/11\/SOUCLIN-3-Au-dessus-de-Cleyzieu.jpg\",\"datePublished\":\"2025-11-21T17:58:18+00:00\",\"dateModified\":\"2026-03-14T14:29:38+00:00\",\"breadcrumb\":{\"@id\":\"https:\/\/centcols.org\/fr-01-souclin-bugey-vtt\/#breadcrumb\"},\"inLanguage\":\"de\",\"potentialAction\":[{\"@type\":\"ReadAction\",\"target\":[\"https:\/\/centcols.org\/fr-01-souclin-bugey-vtt\/\"]}]},{\"@type\":\"ImageObject\",\"inLanguage\":\"de\",\"@id\":\"https:\/\/centcols.org\/fr-01-souclin-bugey-vtt\/#primaryimage\",\"url\":\"https:\/\/centcols.org\/wp-content\/uploads\/2025\/11\/SOUCLIN-3-Au-dessus-de-Cleyzieu.jpg\",\"contentUrl\":\"https:\/\/centcols.org\/wp-content\/uploads\/2025\/11\/SOUCLIN-3-Au-dessus-de-Cleyzieu.jpg\",\"width\":1200,\"height\":780},{\"@type\":\"BreadcrumbList\",\"@id\":\"https:\/\/centcols.org\/fr-01-souclin-bugey-vtt\/#breadcrumb\",\"itemListElement\":[{\"@type\":\"ListItem\",\"position\":1,\"name\":\"Accueil\",\"item\":\"https:\/\/centcols.org\/\"},{\"@type\":\"ListItem\",\"position\":2,\"name\":\"Parcours membres\",\"item\":\"https:\/\/centcols.org\/rubrique\/parcours-membres\/\"},{\"@type\":\"ListItem\",\"position\":3,\"name\":\"Pays\",\"item\":\"https:\/\/centcols.org\/rubrique\/parcours-membres\/pays-parcours-membres\/\"},{\"@type\":\"ListItem\",\"position\":4,\"name\":\"Parcours France\",\"item\":\"https:\/\/centcols.org\/rubrique\/parcours-membres\/pays-parcours-membres\/parcours-france\/\"},{\"@type\":\"ListItem\",\"position\":5,\"name\":\"FR-01 Souclin &#8211; Bugey \u2013 VTT 35 km, D+ 1030 m, 7 cols\"}]},{\"@type\":\"WebSite\",\"@id\":\"https:\/\/centcols.org\/#website\",\"url\":\"https:\/\/centcols.org\/\",\"name\":\"Club des Cent Cols\",\"description\":\"\",\"publisher\":{\"@id\":\"https:\/\/centcols.org\/#organization\"},\"potentialAction\":[{\"@type\":\"SearchAction\",\"target\":{\"@type\":\"EntryPoint\",\"urlTemplate\":\"https:\/\/centcols.org\/?s={search_term_string}\"},\"query-input\":{\"@type\":\"PropertyValueSpecification\",\"valueRequired\":true,\"valueName\":\"search_term_string\"}}],\"inLanguage\":\"de\"},{\"@type\":\"Organization\",\"@id\":\"https:\/\/centcols.org\/#organization\",\"name\":\"Club des Cent Cols\",\"url\":\"https:\/\/centcols.org\/\",\"logo\":{\"@type\":\"ImageObject\",\"inLanguage\":\"de\",\"@id\":\"https:\/\/centcols.org\/#\/schema\/logo\/image\/\",\"url\":\"https:\/\/centcols.org\/wp-content\/uploads\/2025\/01\/carte-icone.png\",\"contentUrl\":\"https:\/\/centcols.org\/wp-content\/uploads\/2025\/01\/carte-icone.png\",\"width\":250,\"height\":250,\"caption\":\"Club des Cent Cols\"},\"image\":{\"@id\":\"https:\/\/centcols.org\/#\/schema\/logo\/image\/\"},\"sameAs\":[\"https:\/\/www.facebook.com\/groups\/5261880558\/?locale=fr_FR\"]},{\"@type\":\"Person\",\"@id\":\"https:\/\/centcols.org\/#\/schema\/person\/0cc8f723679c98f3fb7798df5a50c018\",\"name\":\"Ren\u00e9 Mercier\",\"image\":{\"@type\":\"ImageObject\",\"inLanguage\":\"de\",\"@id\":\"https:\/\/centcols.org\/wp-content\/litespeed\/avatar\/c2275eeaf79d4f7456274de381abeeab.jpg?ver=1777347562\",\"url\":\"https:\/\/centcols.org\/wp-content\/litespeed\/avatar\/c2275eeaf79d4f7456274de381abeeab.jpg?ver=1777347562\",\"contentUrl\":\"https:\/\/centcols.org\/wp-content\/litespeed\/avatar\/c2275eeaf79d4f7456274de381abeeab.jpg?ver=1777347562\",\"caption\":\"Ren\u00e9 Mercier\"},\"url\":\"https:\/\/centcols.org\/de\/author\/7552\/\"}]}<\/script>\n<!-- \/ Yoast SEO plugin. -->","yoast_head_json":{"title":"FR-01 Souclin - Bugey - MTB 35 km, D+ 1030 m, 7 P\u00e4sse - Club des Cent Cols","robots":{"index":"index","follow":"follow","max-snippet":"max-snippet:-1","max-image-preview":"max-image-preview:large","max-video-preview":"max-video-preview:-1"},"canonical":"https:\/\/centcols.org\/de\/fr-01-souclin-bugey-vtt\/","og_locale":"de_DE","og_type":"article","og_title":"FR-01 Souclin - Bugey \u2013 VTT 35 km, D+ 1030 m, 7 cols - Club des Cent Cols","og_description":"Description de l\u2019auteur Auteur : Philippe ChazottierParcours : effectu\u00e9 le 17 septembre 2025D\u00e9part : parking de la salle des f\u00eates du village de Souclin, \u00e0 c\u00f4t\u00e9 de la mairie. Descriptif touristique Belles vues sur la plaine de l&rsquo;Ain et sur le Rh\u00f4ne. Circuit vari\u00e9 avec des passages en sous-bois sympathiques, notamment le Golet du Feyet. [&hellip;]","og_url":"https:\/\/centcols.org\/de\/fr-01-souclin-bugey-vtt\/","og_site_name":"Club des Cent Cols","article_publisher":"https:\/\/www.facebook.com\/groups\/5261880558\/?locale=fr_FR","article_published_time":"2025-11-21T17:58:18+00:00","article_modified_time":"2026-03-14T14:29:38+00:00","og_image":[{"width":1200,"height":780,"url":"https:\/\/centcols.org\/wp-content\/uploads\/2025\/11\/SOUCLIN-3-Au-dessus-de-Cleyzieu.jpg","type":"image\/jpeg"}],"author":"Ren\u00e9 Mercier","twitter_card":"summary_large_image","twitter_misc":{"Verfasst von":"Ren\u00e9 Mercier","Gesch\u00e4tzte Lesezeit":"3\u00a0Minuten"},"schema":{"@context":"https:\/\/schema.org","@graph":[{"@type":"Article","@id":"https:\/\/centcols.org\/fr-01-souclin-bugey-vtt\/#article","isPartOf":{"@id":"https:\/\/centcols.org\/fr-01-souclin-bugey-vtt\/"},"author":{"name":"Ren\u00e9 Mercier","@id":"https:\/\/centcols.org\/#\/schema\/person\/0cc8f723679c98f3fb7798df5a50c018"},"headline":"FR-01 Souclin &#8211; Bugey \u2013 VTT 35 km, D+ 1030 m, 7 cols","datePublished":"2025-11-21T17:58:18+00:00","dateModified":"2026-03-14T14:29:38+00:00","mainEntityOfPage":{"@id":"https:\/\/centcols.org\/fr-01-souclin-bugey-vtt\/"},"wordCount":289,"commentCount":0,"publisher":{"@id":"https:\/\/centcols.org\/#organization"},"image":{"@id":"https:\/\/centcols.org\/fr-01-souclin-bugey-vtt\/#primaryimage"},"thumbnailUrl":"https:\/\/centcols.org\/wp-content\/uploads\/2025\/11\/SOUCLIN-3-Au-dessus-de-Cleyzieu.jpg","articleSection":["Parcours France","Auvergne-Rh\u00f4ne-Alpes","01-Ain","VTT","D\u00e9partement","Jura","Parcours membres"],"inLanguage":"de","potentialAction":[{"@type":"CommentAction","name":"Comment","target":["https:\/\/centcols.org\/fr-01-souclin-bugey-vtt\/#respond"]}]},{"@type":"WebPage","@id":"https:\/\/centcols.org\/fr-01-souclin-bugey-vtt\/","url":"https:\/\/centcols.org\/fr-01-souclin-bugey-vtt\/","name":"FR-01 Souclin - Bugey - MTB 35 km, D+ 1030 m, 7 P\u00e4sse - Club des Cent Cols","isPartOf":{"@id":"https:\/\/centcols.org\/#website"},"primaryImageOfPage":{"@id":"https:\/\/centcols.org\/fr-01-souclin-bugey-vtt\/#primaryimage"},"image":{"@id":"https:\/\/centcols.org\/fr-01-souclin-bugey-vtt\/#primaryimage"},"thumbnailUrl":"https:\/\/centcols.org\/wp-content\/uploads\/2025\/11\/SOUCLIN-3-Au-dessus-de-Cleyzieu.jpg","datePublished":"2025-11-21T17:58:18+00:00","dateModified":"2026-03-14T14:29:38+00:00","breadcrumb":{"@id":"https:\/\/centcols.org\/fr-01-souclin-bugey-vtt\/#breadcrumb"},"inLanguage":"de","potentialAction":[{"@type":"ReadAction","target":["https:\/\/centcols.org\/fr-01-souclin-bugey-vtt\/"]}]},{"@type":"ImageObject","inLanguage":"de","@id":"https:\/\/centcols.org\/fr-01-souclin-bugey-vtt\/#primaryimage","url":"https:\/\/centcols.org\/wp-content\/uploads\/2025\/11\/SOUCLIN-3-Au-dessus-de-Cleyzieu.jpg","contentUrl":"https:\/\/centcols.org\/wp-content\/uploads\/2025\/11\/SOUCLIN-3-Au-dessus-de-Cleyzieu.jpg","width":1200,"height":780},{"@type":"BreadcrumbList","@id":"https:\/\/centcols.org\/fr-01-souclin-bugey-vtt\/#breadcrumb","itemListElement":[{"@type":"ListItem","position":1,"name":"Accueil","item":"https:\/\/centcols.org\/"},{"@type":"ListItem","position":2,"name":"Parcours membres","item":"https:\/\/centcols.org\/rubrique\/parcours-membres\/"},{"@type":"ListItem","position":3,"name":"Pays","item":"https:\/\/centcols.org\/rubrique\/parcours-membres\/pays-parcours-membres\/"},{"@type":"ListItem","position":4,"name":"Parcours France","item":"https:\/\/centcols.org\/rubrique\/parcours-membres\/pays-parcours-membres\/parcours-france\/"},{"@type":"ListItem","position":5,"name":"FR-01 Souclin &#8211; Bugey \u2013 VTT 35 km, D+ 1030 m, 7 cols"}]},{"@type":"WebSite","@id":"https:\/\/centcols.org\/#website","url":"https:\/\/centcols.org\/","name":"Club des Cent Cols","description":"","publisher":{"@id":"https:\/\/centcols.org\/#organization"},"potentialAction":[{"@type":"SearchAction","target":{"@type":"EntryPoint","urlTemplate":"https:\/\/centcols.org\/?s={search_term_string}"},"query-input":{"@type":"PropertyValueSpecification","valueRequired":true,"valueName":"search_term_string"}}],"inLanguage":"de"},{"@type":"Organization","@id":"https:\/\/centcols.org\/#organization","name":"Club des Cent Cols","url":"https:\/\/centcols.org\/","logo":{"@type":"ImageObject","inLanguage":"de","@id":"https:\/\/centcols.org\/#\/schema\/logo\/image\/","url":"https:\/\/centcols.org\/wp-content\/uploads\/2025\/01\/carte-icone.png","contentUrl":"https:\/\/centcols.org\/wp-content\/uploads\/2025\/01\/carte-icone.png","width":250,"height":250,"caption":"Club des Cent Cols"},"image":{"@id":"https:\/\/centcols.org\/#\/schema\/logo\/image\/"},"sameAs":["https:\/\/www.facebook.com\/groups\/5261880558\/?locale=fr_FR"]},{"@type":"Person","@id":"https:\/\/centcols.org\/#\/schema\/person\/0cc8f723679c98f3fb7798df5a50c018","name":"Ren\u00e9 Mercier","image":{"@type":"ImageObject","inLanguage":"de","@id":"https:\/\/centcols.org\/wp-content\/litespeed\/avatar\/c2275eeaf79d4f7456274de381abeeab.jpg?ver=1777347562","url":"https:\/\/centcols.org\/wp-content\/litespeed\/avatar\/c2275eeaf79d4f7456274de381abeeab.jpg?ver=1777347562","contentUrl":"https:\/\/centcols.org\/wp-content\/litespeed\/avatar\/c2275eeaf79d4f7456274de381abeeab.jpg?ver=1777347562","caption":"Ren\u00e9 Mercier"},"url":"https:\/\/centcols.org\/de\/author\/7552\/"}]}},"_links":{"self":[{"href":"https:\/\/centcols.org\/de\/wp-json\/wp\/v2\/posts\/92208","targetHints":{"allow":["GET"]}}],"collection":[{"href":"https:\/\/centcols.org\/de\/wp-json\/wp\/v2\/posts"}],"about":[{"href":"https:\/\/centcols.org\/de\/wp-json\/wp\/v2\/types\/post"}],"author":[{"embeddable":true,"href":"https:\/\/centcols.org\/de\/wp-json\/wp\/v2\/users\/1726"}],"replies":[{"embeddable":true,"href":"https:\/\/centcols.org\/de\/wp-json\/wp\/v2\/comments?post=92208"}],"version-history":[{"count":0,"href":"https:\/\/centcols.org\/de\/wp-json\/wp\/v2\/posts\/92208\/revisions"}],"wp:featuredmedia":[{"embeddable":true,"href":"https:\/\/centcols.org\/de\/wp-json\/wp\/v2\/media\/92222"}],"wp:attachment":[{"href":"https:\/\/centcols.org\/de\/wp-json\/wp\/v2\/media?parent=92208"}],"wp:term":[{"taxonomy":"category","embeddable":true,"href":"https:\/\/centcols.org\/de\/wp-json\/wp\/v2\/categories?post=92208"},{"taxonomy":"post_tag","embeddable":true,"href":"https:\/\/centcols.org\/de\/wp-json\/wp\/v2\/tags?post=92208"}],"curies":[{"name":"wp","href":"https:\/\/api.w.org\/{rel}","templated":true}]}}