{"id":92228,"date":"2025-11-26T16:47:43","date_gmt":"2025-11-26T14:47:43","guid":{"rendered":"https:\/\/centcols.org\/?p=92228"},"modified":"2026-03-14T16:25:10","modified_gmt":"2026-03-14T14:25:10","slug":"es-gi-besalu-vtt","status":"publish","type":"post","link":"https:\/\/centcols.org\/de\/es-gi-besalu-vtt\/","title":{"rendered":"ES-GI Besal\u00fa - MTB 34 km, D+ 820 m, 9 P\u00e4sse"},"content":{"rendered":"<iframe width=\"100%\" height=\"650\" loading=\"lazy\" src=\"https:\/\/www.openrunner.com\/embed\/58574431524d4538596672616e3145466446642b2b44556f4a64704a4c4973313158795a516779517462733d3a3a5249520e4145ebe89ec8c5e1e7ddccb2?unit=metric\" style=\"border: none;\"><\/iframe>\n\n\n\n<div style=\"height:30px\" aria-hidden=\"true\" class=\"wp-block-spacer\"><\/div>\n\n\n\n<h2 class=\"wp-block-heading\">Beschreibung des Autors<\/h2>\n\n\n\n<p><strong>Autor<\/strong>s : Philippe Chazottier und Christophe Badonnel<br><strong>Parcours<\/strong> : durchgef\u00fchrt am 30. September 2025<br><strong>Abreise<\/strong> Besal\u00fa, Provinz Girona, Parkplatz an der mittelalterlichen Br\u00fccke.<\/p>\n\n\n\n<div style=\"height:30px\" aria-hidden=\"true\" class=\"wp-block-spacer\"><\/div>\n\n\n\n<h2 class=\"wp-block-heading\">Touristische Beschreibung<\/h2>\n\n\n\n<p>Mittelalterliche katalanische Architektur in Besal\u00fa wie die mittelalterliche Br\u00fccke.<\/p>\n\n\n\n<div style=\"height:30px\" aria-hidden=\"true\" class=\"wp-block-spacer\"><\/div>\n\n\n\n<h2 class=\"wp-block-heading\">Technische Beschreibung<\/h2>\n\n\n\n<p>Fahrradstrecke bei 90%. Mit dem Gravel-Rad machbar, aber bequemer mit dem Mountainbike. Die ersten 13 km verlaufen auf der Stra\u00dfe. Nach dem Collet de Can Font ist der Weg unwegsam und \u00fcberf\u00fcllt. Langwieriger Hin- und R\u00fcckweg zum Coll de Palomers. Leichter Hin- und R\u00fcckweg zu den Coll de Cavaller und Travesses. Sch\u00f6ne Wege zu den letzten f\u00fcnf P\u00e4ssen.<\/p>\n\n\n\n<div style=\"height:30px\" aria-hidden=\"true\" class=\"wp-block-spacer\"><\/div>\n\n\n\n<p><strong>9 P\u00e4sse<\/strong><\/p>\n\n\n\n<figure class=\"wp-block-table\"><table class=\"has-fixed-layout\"><tbody><tr><td>1 - Collet de Can Font<\/td><td class=\"has-text-align-center\" data-align=\"center\">280 m<\/td><td><a href=\"https:\/\/centcols.org\/de\/util\/geo\/visu.php\/?code=ES-GI-0282\" target=\"_blank\" rel=\"noreferrer noopener\">ES-GI-0282<\/a><\/td><\/tr><tr><td>2 - Coll de Palomers<\/td><td class=\"has-text-align-center\" data-align=\"center\">634 m<\/td><td><a href=\"https:\/\/centcols.org\/de\/util\/geo\/visu.php\/?code=ES-GI-0630d\" target=\"_blank\" rel=\"noreferrer noopener\">ES-GI-0630d<\/a><\/td><\/tr><tr><td>3 - Coll de Cavaller<\/td><td class=\"has-text-align-center\" data-align=\"center\">437 m<\/td><td><a href=\"https:\/\/centcols.org\/de\/util\/geo\/visu.php\/?code=ES-GI-0437a\" target=\"_blank\" rel=\"noreferrer noopener\">ES-GI-0437a<\/a><\/td><\/tr><tr><td>4 - Coll de Travesses<\/td><td class=\"has-text-align-center\" data-align=\"center\">468 m<\/td><td><a href=\"https:\/\/centcols.org\/de\/util\/geo\/visu.php\/?code=ES-GI-0467\" target=\"_blank\" rel=\"noreferrer noopener\">ES-GI-0467<\/a><\/td><\/tr><tr><td>5 - Coll de Can Jou<\/td><td class=\"has-text-align-center\" data-align=\"center\">431 m<\/td><td><a href=\"https:\/\/centcols.org\/de\/util\/geo\/visu.php\/?code=ES-GI-0430a\" target=\"_blank\" rel=\"noreferrer noopener\">ES-GI-0430a<\/a><\/td><\/tr><tr><td>6 - Collet de Montir\u00f3<\/td><td class=\"has-text-align-center\" data-align=\"center\">491 m<\/td><td><a href=\"https:\/\/centcols.org\/de\/util\/geo\/visu.php\/?code=ES-GI-0470a\" target=\"_blank\" rel=\"noreferrer noopener\">ES-GI-0470a<\/a><\/td><\/tr><tr><td>7 - Bet-Hals<\/td><td class=\"has-text-align-center\" data-align=\"center\">446 m<\/td><td><a href=\"https:\/\/centcols.org\/de\/util\/geo\/visu.php\/?code=ES-GI-0449\" target=\"_blank\" rel=\"noreferrer noopener\">ES-GI-0449<\/a><\/td><\/tr><tr><td>8 - Coll de Bruc<\/td><td class=\"has-text-align-center\" data-align=\"center\">417 m<\/td><td><a href=\"https:\/\/centcols.org\/de\/util\/geo\/visu.php\/?code=ES-GI-0410a\" target=\"_blank\" rel=\"noreferrer noopener\">ES-GI-0410a<\/a><\/td><\/tr><tr><td>9 - Collet de la Serra<\/td><td class=\"has-text-align-center\" data-align=\"center\">408 m<\/td><td><a href=\"https:\/\/centcols.org\/de\/util\/geo\/visu.php\/?code=ES-GI-0400a\" target=\"_blank\" rel=\"noreferrer noopener\">ES-GI-0400a<\/a><\/td><\/tr><\/tbody><\/table><\/figure>\n\n\n\n<p><strong>Schlagw\u00f6rter<\/strong> : Besal\u00fa, mittelalterlich, centcols<\/p>\n\n\n\n<p>Openrunner-Link, interaktive Karte, Profil, Track : <a href=\"https:\/\/www.openrunner.com\/route-details\/22923731\" target=\"_blank\" rel=\"noreferrer noopener\">https:\/\/www.openrunner.com\/route-details\/22923731<\/a><\/p>\n\n\n\n<p>Diese Route wird nur zur Orientierung vorgeschlagen. Der Autor \u00fcbernimmt keine Haftung f\u00fcr Unw\u00e4gbarkeiten, die auf den Radfahrer selbst, das verwendete Material und alles, was die Stra\u00dfe, die Pisten und Wege, ihre Umgebung und andere Benutzer betrifft, zur\u00fcckzuf\u00fchren sind, sowie f\u00fcr die Haftung des Club des Cent Cols.<\/p>\n\n\n\n<div style=\"height:30px\" aria-hidden=\"true\" class=\"wp-block-spacer\"><\/div>\n\n\n\n<h2 class=\"wp-block-heading\">Fotos<\/h2>\n\n\n\n<figure class=\"wp-block-gallery has-nested-images columns-default is-cropped wp-block-gallery-1 is-layout-flex wp-block-gallery-is-layout-flex\">\n<figure class=\"wp-block-image size-full\"><a href=\"https:\/\/centcols.org\/wp-content\/uploads\/2025\/11\/BESALU-1.jpg\" target=\"_blank\" rel=\" noreferrer noopener\"><img loading=\"lazy\" decoding=\"async\" width=\"900\" height=\"1200\" data-id=\"92234\" src=\"https:\/\/centcols.org\/wp-content\/uploads\/2025\/11\/BESALU-1.jpg\" alt=\"\" class=\"wp-image-92234\" srcset=\"https:\/\/centcols.org\/wp-content\/uploads\/2025\/11\/BESALU-1.jpg 900w, https:\/\/centcols.org\/wp-content\/uploads\/2025\/11\/BESALU-1-768x1024.jpg 768w, https:\/\/centcols.org\/wp-content\/uploads\/2025\/11\/BESALU-1-9x12.jpg 9w\" sizes=\"auto, (max-width: 900px) 100vw, 900px\" \/><\/a><figcaption class=\"wp-element-caption\">Fluss in der N\u00e4he von Besal\u00fa<\/figcaption><\/figure>\n\n\n\n<figure class=\"wp-block-image size-full\"><a href=\"https:\/\/centcols.org\/wp-content\/uploads\/2025\/11\/BESALU-3.jpg\"><img loading=\"lazy\" decoding=\"async\" width=\"900\" height=\"1200\" data-id=\"92235\" src=\"https:\/\/centcols.org\/wp-content\/uploads\/2025\/11\/BESALU-3.jpg\" alt=\"\" class=\"wp-image-92235\" srcset=\"https:\/\/centcols.org\/wp-content\/uploads\/2025\/11\/BESALU-3.jpg 900w, https:\/\/centcols.org\/wp-content\/uploads\/2025\/11\/BESALU-3-768x1024.jpg 768w, https:\/\/centcols.org\/wp-content\/uploads\/2025\/11\/BESALU-3-9x12.jpg 9w\" sizes=\"auto, (max-width: 900px) 100vw, 900px\" \/><\/a><figcaption class=\"wp-element-caption\">Centcolist in voller Anstrengung<\/figcaption><\/figure>\n\n\n\n<figure class=\"wp-block-image size-full\"><a href=\"https:\/\/centcols.org\/wp-content\/uploads\/2025\/11\/BESALU.jpg\"><img loading=\"lazy\" decoding=\"async\" width=\"1200\" height=\"976\" data-id=\"92236\" src=\"https:\/\/centcols.org\/wp-content\/uploads\/2025\/11\/BESALU.jpg\" alt=\"\" class=\"wp-image-92236\" srcset=\"https:\/\/centcols.org\/wp-content\/uploads\/2025\/11\/BESALU.jpg 1200w, https:\/\/centcols.org\/wp-content\/uploads\/2025\/11\/BESALU-768x625.jpg 768w, https:\/\/centcols.org\/wp-content\/uploads\/2025\/11\/BESALU-15x12.jpg 15w\" sizes=\"auto, (max-width: 1200px) 100vw, 1200px\" \/><\/a><figcaption class=\"wp-element-caption\">Besal\u00fa und seine mittelalterliche Br\u00fccke<\/figcaption><\/figure>\n<\/figure>","protected":false},"excerpt":{"rendered":"<p>Description de l\u2019auteur Auteurs : Philippe Chazottier et Christophe BadonnelParcours : effectu\u00e9 le 30 septembre 2025D\u00e9part : Besal\u00fa, province de G\u00e9rone, parking du pont m\u00e9di\u00e9val. Descriptif touristique Architecture m\u00e9di\u00e9vale catalane \u00e0 Besal\u00fa comme le pont m\u00e9di\u00e9val. Descriptif technique Parcours cyclable \u00e0 90%. Faisable en gravel mais plus confortable en VTT. Les treize premiers kilom\u00e8tres sont [&hellip;]<\/p>\n","protected":false},"author":1726,"featured_media":92236,"comment_status":"open","ping_status":"open","sticky":false,"template":"","format":"standard","meta":{"_acf_changed":false,"footnotes":""},"categories":[305,319,461,220],"tags":[],"class_list":["post-92228","post","type-post","status-publish","format-standard","has-post-thumbnail","hentry","category-parcours-espagne","category-vtt-type-parcours","category-gerone-region-parcours-membres","category-parcours-membres"],"acf":[],"yoast_head":"<!-- This site is optimized with the Yoast SEO plugin v27.2 - https:\/\/yoast.com\/product\/yoast-seo-wordpress\/ -->\n<title>ES-GI Besal\u00fa \u2013 VTT 34 km, D+ 820 m, 9 cols - Club des Cent Cols<\/title>\n<meta name=\"robots\" content=\"index, follow, max-snippet:-1, max-image-preview:large, max-video-preview:-1\" \/>\n<link rel=\"canonical\" href=\"https:\/\/centcols.org\/de\/es-gi-besalu-vtt\/\" \/>\n<meta property=\"og:locale\" content=\"de_DE\" \/>\n<meta property=\"og:type\" content=\"article\" \/>\n<meta property=\"og:title\" content=\"ES-GI Besal\u00fa \u2013 VTT 34 km, D+ 820 m, 9 cols - Club des Cent Cols\" \/>\n<meta property=\"og:description\" content=\"Description de l\u2019auteur Auteurs : Philippe Chazottier et Christophe BadonnelParcours : effectu\u00e9 le 30 septembre 2025D\u00e9part : Besal\u00fa, province de G\u00e9rone, parking du pont m\u00e9di\u00e9val. Descriptif touristique Architecture m\u00e9di\u00e9vale catalane \u00e0 Besal\u00fa comme le pont m\u00e9di\u00e9val. Descriptif technique Parcours cyclable \u00e0 90%. Faisable en gravel mais plus confortable en VTT. Les treize premiers kilom\u00e8tres sont [&hellip;]\" \/>\n<meta property=\"og:url\" content=\"https:\/\/centcols.org\/de\/es-gi-besalu-vtt\/\" \/>\n<meta property=\"og:site_name\" content=\"Club des Cent Cols\" \/>\n<meta property=\"article:publisher\" content=\"https:\/\/www.facebook.com\/groups\/5261880558\/?locale=fr_FR\" \/>\n<meta property=\"article:published_time\" content=\"2025-11-26T14:47:43+00:00\" \/>\n<meta property=\"article:modified_time\" content=\"2026-03-14T14:25:10+00:00\" \/>\n<meta property=\"og:image\" content=\"https:\/\/centcols.org\/wp-content\/uploads\/2025\/11\/BESALU.jpg\" \/>\n\t<meta property=\"og:image:width\" content=\"1200\" \/>\n\t<meta property=\"og:image:height\" content=\"976\" \/>\n\t<meta property=\"og:image:type\" content=\"image\/jpeg\" \/>\n<meta name=\"author\" content=\"Ren\u00e9 Mercier\" \/>\n<meta name=\"twitter:card\" content=\"summary_large_image\" \/>\n<meta name=\"twitter:label1\" content=\"Verfasst von\" \/>\n\t<meta name=\"twitter:data1\" content=\"Ren\u00e9 Mercier\" \/>\n\t<meta name=\"twitter:label2\" content=\"Gesch\u00e4tzte Lesezeit\" \/>\n\t<meta name=\"twitter:data2\" content=\"2\u00a0Minuten\" \/>\n<script type=\"application\/ld+json\" class=\"yoast-schema-graph\">{\"@context\":\"https:\/\/schema.org\",\"@graph\":[{\"@type\":\"Article\",\"@id\":\"https:\/\/centcols.org\/de\/es-gi-besalu-vtt\/#article\",\"isPartOf\":{\"@id\":\"https:\/\/centcols.org\/de\/es-gi-besalu-vtt\/\"},\"author\":{\"name\":\"Ren\u00e9 Mercier\",\"@id\":\"https:\/\/centcols.org\/#\/schema\/person\/0cc8f723679c98f3fb7798df5a50c018\"},\"headline\":\"ES-GI Besal\u00fa \u2013 VTT 34 km, D+ 820 m, 9 cols\",\"datePublished\":\"2025-11-26T14:47:43+00:00\",\"dateModified\":\"2026-03-14T14:25:10+00:00\",\"mainEntityOfPage\":{\"@id\":\"https:\/\/centcols.org\/de\/es-gi-besalu-vtt\/\"},\"wordCount\":246,\"commentCount\":0,\"publisher\":{\"@id\":\"https:\/\/centcols.org\/#organization\"},\"image\":{\"@id\":\"https:\/\/centcols.org\/de\/es-gi-besalu-vtt\/#primaryimage\"},\"thumbnailUrl\":\"https:\/\/centcols.org\/wp-content\/uploads\/2025\/11\/BESALU.jpg\",\"articleSection\":[\"Parcours Espagne\",\"VTT\",\"G\u00e9rone\",\"Parcours membres\"],\"inLanguage\":\"de\",\"potentialAction\":[{\"@type\":\"CommentAction\",\"name\":\"Comment\",\"target\":[\"https:\/\/centcols.org\/de\/es-gi-besalu-vtt\/#respond\"]}]},{\"@type\":\"WebPage\",\"@id\":\"https:\/\/centcols.org\/de\/es-gi-besalu-vtt\/\",\"url\":\"https:\/\/centcols.org\/de\/es-gi-besalu-vtt\/\",\"name\":\"ES-GI Besal\u00fa \u2013 VTT 34 km, D+ 820 m, 9 cols - Club des Cent Cols\",\"isPartOf\":{\"@id\":\"https:\/\/centcols.org\/#website\"},\"primaryImageOfPage\":{\"@id\":\"https:\/\/centcols.org\/de\/es-gi-besalu-vtt\/#primaryimage\"},\"image\":{\"@id\":\"https:\/\/centcols.org\/de\/es-gi-besalu-vtt\/#primaryimage\"},\"thumbnailUrl\":\"https:\/\/centcols.org\/wp-content\/uploads\/2025\/11\/BESALU.jpg\",\"datePublished\":\"2025-11-26T14:47:43+00:00\",\"dateModified\":\"2026-03-14T14:25:10+00:00\",\"breadcrumb\":{\"@id\":\"https:\/\/centcols.org\/de\/es-gi-besalu-vtt\/#breadcrumb\"},\"inLanguage\":\"de\",\"potentialAction\":[{\"@type\":\"ReadAction\",\"target\":[\"https:\/\/centcols.org\/de\/es-gi-besalu-vtt\/\"]}]},{\"@type\":\"ImageObject\",\"inLanguage\":\"de\",\"@id\":\"https:\/\/centcols.org\/de\/es-gi-besalu-vtt\/#primaryimage\",\"url\":\"https:\/\/centcols.org\/wp-content\/uploads\/2025\/11\/BESALU.jpg\",\"contentUrl\":\"https:\/\/centcols.org\/wp-content\/uploads\/2025\/11\/BESALU.jpg\",\"width\":1200,\"height\":976},{\"@type\":\"BreadcrumbList\",\"@id\":\"https:\/\/centcols.org\/de\/es-gi-besalu-vtt\/#breadcrumb\",\"itemListElement\":[{\"@type\":\"ListItem\",\"position\":1,\"name\":\"Accueil\",\"item\":\"https:\/\/centcols.org\/\"},{\"@type\":\"ListItem\",\"position\":2,\"name\":\"Parcours membres\",\"item\":\"https:\/\/centcols.org\/rubrique\/parcours-membres\/\"},{\"@type\":\"ListItem\",\"position\":3,\"name\":\"Pays\",\"item\":\"https:\/\/centcols.org\/rubrique\/parcours-membres\/pays-parcours-membres\/\"},{\"@type\":\"ListItem\",\"position\":4,\"name\":\"Parcours Espagne\",\"item\":\"https:\/\/centcols.org\/rubrique\/parcours-membres\/pays-parcours-membres\/parcours-espagne\/\"},{\"@type\":\"ListItem\",\"position\":5,\"name\":\"ES-GI Besal\u00fa \u2013 VTT 34 km, D+ 820 m, 9 cols\"}]},{\"@type\":\"WebSite\",\"@id\":\"https:\/\/centcols.org\/#website\",\"url\":\"https:\/\/centcols.org\/\",\"name\":\"Club des Cent Cols\",\"description\":\"\",\"publisher\":{\"@id\":\"https:\/\/centcols.org\/#organization\"},\"potentialAction\":[{\"@type\":\"SearchAction\",\"target\":{\"@type\":\"EntryPoint\",\"urlTemplate\":\"https:\/\/centcols.org\/?s={search_term_string}\"},\"query-input\":{\"@type\":\"PropertyValueSpecification\",\"valueRequired\":true,\"valueName\":\"search_term_string\"}}],\"inLanguage\":\"de\"},{\"@type\":\"Organization\",\"@id\":\"https:\/\/centcols.org\/#organization\",\"name\":\"Club des Cent Cols\",\"url\":\"https:\/\/centcols.org\/\",\"logo\":{\"@type\":\"ImageObject\",\"inLanguage\":\"de\",\"@id\":\"https:\/\/centcols.org\/#\/schema\/logo\/image\/\",\"url\":\"https:\/\/centcols.org\/wp-content\/uploads\/2025\/01\/carte-icone.png\",\"contentUrl\":\"https:\/\/centcols.org\/wp-content\/uploads\/2025\/01\/carte-icone.png\",\"width\":250,\"height\":250,\"caption\":\"Club des Cent Cols\"},\"image\":{\"@id\":\"https:\/\/centcols.org\/#\/schema\/logo\/image\/\"},\"sameAs\":[\"https:\/\/www.facebook.com\/groups\/5261880558\/?locale=fr_FR\"]},{\"@type\":\"Person\",\"@id\":\"https:\/\/centcols.org\/#\/schema\/person\/0cc8f723679c98f3fb7798df5a50c018\",\"name\":\"Ren\u00e9 Mercier\",\"image\":{\"@type\":\"ImageObject\",\"inLanguage\":\"de\",\"@id\":\"https:\/\/centcols.org\/wp-content\/litespeed\/avatar\/c2275eeaf79d4f7456274de381abeeab.jpg?ver=1777347562\",\"url\":\"https:\/\/centcols.org\/wp-content\/litespeed\/avatar\/c2275eeaf79d4f7456274de381abeeab.jpg?ver=1777347562\",\"contentUrl\":\"https:\/\/centcols.org\/wp-content\/litespeed\/avatar\/c2275eeaf79d4f7456274de381abeeab.jpg?ver=1777347562\",\"caption\":\"Ren\u00e9 Mercier\"},\"url\":\"https:\/\/centcols.org\/de\/author\/7552\/\"}]}<\/script>\n<!-- \/ Yoast SEO plugin. -->","yoast_head_json":{"title":"ES-GI Besal\u00fa - MTB 34 km, D+ 820 m, 9 P\u00e4sse - Club des Cent Cols","robots":{"index":"index","follow":"follow","max-snippet":"max-snippet:-1","max-image-preview":"max-image-preview:large","max-video-preview":"max-video-preview:-1"},"canonical":"https:\/\/centcols.org\/de\/es-gi-besalu-vtt\/","og_locale":"de_DE","og_type":"article","og_title":"ES-GI Besal\u00fa \u2013 VTT 34 km, D+ 820 m, 9 cols - Club des Cent Cols","og_description":"Description de l\u2019auteur Auteurs : Philippe Chazottier et Christophe BadonnelParcours : effectu\u00e9 le 30 septembre 2025D\u00e9part : Besal\u00fa, province de G\u00e9rone, parking du pont m\u00e9di\u00e9val. Descriptif touristique Architecture m\u00e9di\u00e9vale catalane \u00e0 Besal\u00fa comme le pont m\u00e9di\u00e9val. Descriptif technique Parcours cyclable \u00e0 90%. Faisable en gravel mais plus confortable en VTT. Les treize premiers kilom\u00e8tres sont [&hellip;]","og_url":"https:\/\/centcols.org\/de\/es-gi-besalu-vtt\/","og_site_name":"Club des Cent Cols","article_publisher":"https:\/\/www.facebook.com\/groups\/5261880558\/?locale=fr_FR","article_published_time":"2025-11-26T14:47:43+00:00","article_modified_time":"2026-03-14T14:25:10+00:00","og_image":[{"width":1200,"height":976,"url":"https:\/\/centcols.org\/wp-content\/uploads\/2025\/11\/BESALU.jpg","type":"image\/jpeg"}],"author":"Ren\u00e9 Mercier","twitter_card":"summary_large_image","twitter_misc":{"Verfasst von":"Ren\u00e9 Mercier","Gesch\u00e4tzte Lesezeit":"2\u00a0Minuten"},"schema":{"@context":"https:\/\/schema.org","@graph":[{"@type":"Article","@id":"https:\/\/centcols.org\/de\/es-gi-besalu-vtt\/#article","isPartOf":{"@id":"https:\/\/centcols.org\/de\/es-gi-besalu-vtt\/"},"author":{"name":"Ren\u00e9 Mercier","@id":"https:\/\/centcols.org\/#\/schema\/person\/0cc8f723679c98f3fb7798df5a50c018"},"headline":"ES-GI Besal\u00fa \u2013 VTT 34 km, D+ 820 m, 9 cols","datePublished":"2025-11-26T14:47:43+00:00","dateModified":"2026-03-14T14:25:10+00:00","mainEntityOfPage":{"@id":"https:\/\/centcols.org\/de\/es-gi-besalu-vtt\/"},"wordCount":246,"commentCount":0,"publisher":{"@id":"https:\/\/centcols.org\/#organization"},"image":{"@id":"https:\/\/centcols.org\/de\/es-gi-besalu-vtt\/#primaryimage"},"thumbnailUrl":"https:\/\/centcols.org\/wp-content\/uploads\/2025\/11\/BESALU.jpg","articleSection":["Parcours Espagne","VTT","G\u00e9rone","Parcours membres"],"inLanguage":"de","potentialAction":[{"@type":"CommentAction","name":"Comment","target":["https:\/\/centcols.org\/de\/es-gi-besalu-vtt\/#respond"]}]},{"@type":"WebPage","@id":"https:\/\/centcols.org\/de\/es-gi-besalu-vtt\/","url":"https:\/\/centcols.org\/de\/es-gi-besalu-vtt\/","name":"ES-GI Besal\u00fa - MTB 34 km, D+ 820 m, 9 P\u00e4sse - Club des Cent Cols","isPartOf":{"@id":"https:\/\/centcols.org\/#website"},"primaryImageOfPage":{"@id":"https:\/\/centcols.org\/de\/es-gi-besalu-vtt\/#primaryimage"},"image":{"@id":"https:\/\/centcols.org\/de\/es-gi-besalu-vtt\/#primaryimage"},"thumbnailUrl":"https:\/\/centcols.org\/wp-content\/uploads\/2025\/11\/BESALU.jpg","datePublished":"2025-11-26T14:47:43+00:00","dateModified":"2026-03-14T14:25:10+00:00","breadcrumb":{"@id":"https:\/\/centcols.org\/de\/es-gi-besalu-vtt\/#breadcrumb"},"inLanguage":"de","potentialAction":[{"@type":"ReadAction","target":["https:\/\/centcols.org\/de\/es-gi-besalu-vtt\/"]}]},{"@type":"ImageObject","inLanguage":"de","@id":"https:\/\/centcols.org\/de\/es-gi-besalu-vtt\/#primaryimage","url":"https:\/\/centcols.org\/wp-content\/uploads\/2025\/11\/BESALU.jpg","contentUrl":"https:\/\/centcols.org\/wp-content\/uploads\/2025\/11\/BESALU.jpg","width":1200,"height":976},{"@type":"BreadcrumbList","@id":"https:\/\/centcols.org\/de\/es-gi-besalu-vtt\/#breadcrumb","itemListElement":[{"@type":"ListItem","position":1,"name":"Accueil","item":"https:\/\/centcols.org\/"},{"@type":"ListItem","position":2,"name":"Parcours membres","item":"https:\/\/centcols.org\/rubrique\/parcours-membres\/"},{"@type":"ListItem","position":3,"name":"Pays","item":"https:\/\/centcols.org\/rubrique\/parcours-membres\/pays-parcours-membres\/"},{"@type":"ListItem","position":4,"name":"Parcours Espagne","item":"https:\/\/centcols.org\/rubrique\/parcours-membres\/pays-parcours-membres\/parcours-espagne\/"},{"@type":"ListItem","position":5,"name":"ES-GI Besal\u00fa \u2013 VTT 34 km, D+ 820 m, 9 cols"}]},{"@type":"WebSite","@id":"https:\/\/centcols.org\/#website","url":"https:\/\/centcols.org\/","name":"Club des Cent Cols","description":"","publisher":{"@id":"https:\/\/centcols.org\/#organization"},"potentialAction":[{"@type":"SearchAction","target":{"@type":"EntryPoint","urlTemplate":"https:\/\/centcols.org\/?s={search_term_string}"},"query-input":{"@type":"PropertyValueSpecification","valueRequired":true,"valueName":"search_term_string"}}],"inLanguage":"de"},{"@type":"Organization","@id":"https:\/\/centcols.org\/#organization","name":"Club des Cent Cols","url":"https:\/\/centcols.org\/","logo":{"@type":"ImageObject","inLanguage":"de","@id":"https:\/\/centcols.org\/#\/schema\/logo\/image\/","url":"https:\/\/centcols.org\/wp-content\/uploads\/2025\/01\/carte-icone.png","contentUrl":"https:\/\/centcols.org\/wp-content\/uploads\/2025\/01\/carte-icone.png","width":250,"height":250,"caption":"Club des Cent Cols"},"image":{"@id":"https:\/\/centcols.org\/#\/schema\/logo\/image\/"},"sameAs":["https:\/\/www.facebook.com\/groups\/5261880558\/?locale=fr_FR"]},{"@type":"Person","@id":"https:\/\/centcols.org\/#\/schema\/person\/0cc8f723679c98f3fb7798df5a50c018","name":"Ren\u00e9 Mercier","image":{"@type":"ImageObject","inLanguage":"de","@id":"https:\/\/centcols.org\/wp-content\/litespeed\/avatar\/c2275eeaf79d4f7456274de381abeeab.jpg?ver=1777347562","url":"https:\/\/centcols.org\/wp-content\/litespeed\/avatar\/c2275eeaf79d4f7456274de381abeeab.jpg?ver=1777347562","contentUrl":"https:\/\/centcols.org\/wp-content\/litespeed\/avatar\/c2275eeaf79d4f7456274de381abeeab.jpg?ver=1777347562","caption":"Ren\u00e9 Mercier"},"url":"https:\/\/centcols.org\/de\/author\/7552\/"}]}},"_links":{"self":[{"href":"https:\/\/centcols.org\/de\/wp-json\/wp\/v2\/posts\/92228","targetHints":{"allow":["GET"]}}],"collection":[{"href":"https:\/\/centcols.org\/de\/wp-json\/wp\/v2\/posts"}],"about":[{"href":"https:\/\/centcols.org\/de\/wp-json\/wp\/v2\/types\/post"}],"author":[{"embeddable":true,"href":"https:\/\/centcols.org\/de\/wp-json\/wp\/v2\/users\/1726"}],"replies":[{"embeddable":true,"href":"https:\/\/centcols.org\/de\/wp-json\/wp\/v2\/comments?post=92228"}],"version-history":[{"count":0,"href":"https:\/\/centcols.org\/de\/wp-json\/wp\/v2\/posts\/92228\/revisions"}],"wp:featuredmedia":[{"embeddable":true,"href":"https:\/\/centcols.org\/de\/wp-json\/wp\/v2\/media\/92236"}],"wp:attachment":[{"href":"https:\/\/centcols.org\/de\/wp-json\/wp\/v2\/media?parent=92228"}],"wp:term":[{"taxonomy":"category","embeddable":true,"href":"https:\/\/centcols.org\/de\/wp-json\/wp\/v2\/categories?post=92228"},{"taxonomy":"post_tag","embeddable":true,"href":"https:\/\/centcols.org\/de\/wp-json\/wp\/v2\/tags?post=92228"}],"curies":[{"name":"wp","href":"https:\/\/api.w.org\/{rel}","templated":true}]}}