{"id":92428,"date":"2025-12-16T16:40:39","date_gmt":"2025-12-16T14:40:39","guid":{"rendered":"https:\/\/centcols.org\/?p=92428"},"modified":"2026-03-10T20:02:22","modified_gmt":"2026-03-10T18:02:22","slug":"de-01-lochieu-vtt","status":"publish","type":"post","link":"https:\/\/centcols.org\/de\/fr-01-lochieu-vtt\/","title":{"rendered":"FR-01 Lochieu - Bugey - MTB 47 km, D+ 1470 m, 9 P\u00e4sse"},"content":{"rendered":"<iframe width=\"100%\" height=\"650\" loading=\"lazy\" src=\"https:\/\/www.openrunner.com\/embed\/4a776779456f34732f4a6a374b4572526c6e476156546c2f395443467579693845424a774a7068367a42773d3a3ae8b1910299ff4bd3d0cb1a668de87e5e?unit=metric\" style=\"border: none;\"><\/iframe>\n\n\n\n<div style=\"height:30px\" aria-hidden=\"true\" class=\"wp-block-spacer\"><\/div>\n\n\n\n<h2 class=\"wp-block-heading\">Beschreibung des Autors<\/h2>\n\n\n\n<p><strong>Autor<\/strong> : Philippe Chazottier<br><strong>Parcours<\/strong> : durchgef\u00fchrt am 8. August 2025<br><strong>Abreise<\/strong> : Lochieu, Parkplatz des Museums von Bugey-Valromey. Die Strecke beginnt an der Haarnadelkurve nach Bord\u00e8ze auf der D120 in Richtung Grand Colombier (Parkm\u00f6glichkeit).<\/p>\n\n\n\n<div style=\"height:30px\" aria-hidden=\"true\" class=\"wp-block-spacer\"><\/div>\n\n\n\n<h2 class=\"wp-block-heading\">Touristische Beschreibung<\/h2>\n\n\n\n<div class=\"wp-block-group is-vertical is-layout-flex wp-container-core-group-is-layout-8cf370e7 wp-block-group-is-layout-flex\">\n<p>Die Strecke verl\u00e4uft gr\u00f6\u00dftenteils auf Bergk\u00e4mmen. Auf dem Grand Colombier: Orientierungstisch mit 360\u00b0-Blick auf das Valromey, den Jura, die Alpen, den Lac du Bourget, den Lac du L\u00e9man und den Lac d'Annecy. Getr\u00e4nkestand auf dem Gipfel des Grand Colombier in der Sommersaison. Ein weiterer Anziehungspunkt ist das Museum des <a href=\"https:\/\/www.bugeysud-tourisme.fr\/decouvrir\/les-incontournables\/le-musee-du-bugey-valromey\/\" target=\"_blank\" rel=\"noreferrer noopener\">Bugey-Valromey<\/a> von Lochieu.<\/p>\n\n\n\n<p>Bruderschaft der F\u00eal\u00e9s du Grand Colombier : <a href=\"https:\/\/www.felesducolombier.fr\/\" target=\"_blank\" rel=\"noreferrer noopener\">https:\/\/www.felesducolombier.fr\/<\/a> <\/p>\n<\/div>\n\n\n\n<div style=\"height:30px\" aria-hidden=\"true\" class=\"wp-block-spacer\"><\/div>\n\n\n\n<h2 class=\"wp-block-heading\">Technische Beschreibung<\/h2>\n\n\n\n<div class=\"wp-block-group is-vertical is-layout-flex wp-container-core-group-is-layout-8cf370e7 wp-block-group-is-layout-flex\">\n<p>Radstrecke bei ca. 95%: Einige Abfahrten k\u00f6nnen bei Gravel knifflig sein.<\/p>\n\n\n\n<p>Beobachtung: Die Verbindung zwischen dem Col de Charbem\u00e8nes und dem Col du Grand Colombier kann \u00fcber den Kammweg hergestellt werden, aber das bedeutet 1,7 km und 200 m H\u00f6henunterschied beim Schieben und Tragen.<\/p>\n<\/div>\n\n\n\n<div style=\"height:30px\" aria-hidden=\"true\" class=\"wp-block-spacer\"><\/div>\n\n\n\n<p><strong>9 P\u00e4sse<\/strong><\/p>\n\n\n\n<figure class=\"wp-block-table\"><table class=\"has-fixed-layout\"><tbody><tr><td>1 - Golet des Org\u00e8res<\/td><td class=\"has-text-align-center\" data-align=\"center\">1048 m<\/td><td><a href=\"https:\/\/centcols.org\/de\/util\/geo\/visu.php\/?code=FR-01-1048\" target=\"_blank\" rel=\"noreferrer noopener\">DE-01-1048<\/a><\/td><\/tr><tr><td>2 - Golet Truffet<\/td><td class=\"has-text-align-center\" data-align=\"center\">1146 m<\/td><td><a href=\"https:\/\/centcols.org\/de\/util\/geo\/visu.php\/?code=FR-01-1146\" target=\"_blank\" rel=\"noreferrer noopener\">DE-01-1146<\/a><\/td><\/tr><tr><td>3 - Golet R\u00e9by<\/td><td class=\"has-text-align-center\" data-align=\"center\">1075 m<\/td><td><a href=\"https:\/\/centcols.org\/de\/util\/geo\/visu.php\/?code=FR-01-1075\" target=\"_blank\" rel=\"noreferrer noopener\">DE-01-1075<\/a><\/td><\/tr><tr><td>4 - Richemond-Pass<\/td><td class=\"has-text-align-center\" data-align=\"center\">1036 m<\/td><td><a href=\"https:\/\/centcols.org\/de\/util\/geo\/visu.php\/?code=FR-01-1036\" target=\"_blank\" rel=\"noreferrer noopener\">DE-01-1036<\/a><\/td><\/tr><tr><td>5 - Golet de la Biche<\/td><td class=\"has-text-align-center\" data-align=\"center\">1310 m<\/td><td><a href=\"https:\/\/centcols.org\/de\/util\/geo\/visu.php\/?code=FR-01-1310\" target=\"_blank\" rel=\"noreferrer noopener\">DE-01-1310<\/a><\/td><\/tr><tr><td>6 - Golet des Faies<\/td><td class=\"has-text-align-center\" data-align=\"center\">1330 m<\/td><td><a href=\"https:\/\/centcols.org\/de\/util\/geo\/visu.php\/?code=FR-01-1330\" target=\"_blank\" rel=\"noreferrer noopener\">DE-01-1330<\/a><\/td><\/tr><tr><td>7 - Charbem\u00e8nes-Pass<\/td><td class=\"has-text-align-center\" data-align=\"center\">1317 m<\/td><td><a href=\"https:\/\/centcols.org\/de\/util\/geo\/visu.php\/?code=FR-01-1298\" target=\"_blank\" rel=\"noreferrer noopener\">DE-01-1298<\/a><\/td><\/tr><tr><td>8 - Col du Colombier<\/td><td class=\"has-text-align-center\" data-align=\"center\">1498 m<\/td><td><a href=\"https:\/\/centcols.org\/de\/util\/geo\/visu.php\/?code=FR-01-1500\" target=\"_blank\" rel=\"noreferrer noopener\">DE-01-1500<\/a><\/td><\/tr><tr><td>9 - Der Sattel<\/td><td class=\"has-text-align-center\" data-align=\"center\">1175 m<\/td><td><a href=\"https:\/\/centcols.org\/de\/util\/geo\/visu.php\/?code=FR-01-1175\" target=\"_blank\" rel=\"noreferrer noopener\">DE-01-1175<\/a><\/td><\/tr><\/tbody><\/table><\/figure>\n\n\n\n<p><strong>Schlagw\u00f6rter<\/strong> : Lochieu, Valromey, Colombier, Bugey, centcols<\/p>\n\n\n\n<p>Openrunner-Link, interaktive Karte, Profil, Track : <a href=\"https:\/\/www.openrunner.com\/route-details\/23035476\" target=\"_blank\" rel=\"noreferrer noopener\">https:\/\/www.openrunner.com\/route-details\/23035476<\/a><\/p>\n\n\n\n<p>Diese Route wird nur zur Orientierung vorgeschlagen. Der Autor \u00fcbernimmt keine Haftung f\u00fcr Unw\u00e4gbarkeiten, die auf den Radfahrer selbst, das verwendete Material und alles, was die Stra\u00dfe, die Pisten und Wege, ihre Umgebung und andere Benutzer betrifft, zur\u00fcckzuf\u00fchren sind, sowie f\u00fcr die Haftung des Club des Cent Cols.<\/p>\n\n\n\n<div style=\"height:30px\" aria-hidden=\"true\" class=\"wp-block-spacer\"><\/div>\n\n\n\n<h2 class=\"wp-block-heading\">Fotos<\/h2>\n\n\n\n<figure class=\"wp-block-gallery has-nested-images columns-default is-cropped wp-block-gallery-1 is-layout-flex wp-block-gallery-is-layout-flex\">\n<figure class=\"wp-block-image size-full\"><a href=\"https:\/\/centcols.org\/wp-content\/uploads\/2025\/12\/Belle-piste-en-direction-du-col-de-la-Biche.jpg\" target=\"_blank\" rel=\" noreferrer noopener\"><img loading=\"lazy\" decoding=\"async\" width=\"900\" height=\"1200\" data-id=\"92435\" src=\"https:\/\/centcols.org\/wp-content\/uploads\/2025\/12\/Belle-piste-en-direction-du-col-de-la-Biche.jpg\" alt=\"\" class=\"wp-image-92435\" srcset=\"https:\/\/centcols.org\/wp-content\/uploads\/2025\/12\/Belle-piste-en-direction-du-col-de-la-Biche.jpg 900w, https:\/\/centcols.org\/wp-content\/uploads\/2025\/12\/Belle-piste-en-direction-du-col-de-la-Biche-768x1024.jpg 768w, https:\/\/centcols.org\/wp-content\/uploads\/2025\/12\/Belle-piste-en-direction-du-col-de-la-Biche-9x12.jpg 9w\" sizes=\"auto, (max-width: 900px) 100vw, 900px\" \/><\/a><figcaption class=\"wp-element-caption\">Sch\u00f6ne Piste in Richtung Col de la Biche<\/figcaption><\/figure>\n\n\n\n<figure class=\"wp-block-image size-full\"><a href=\"https:\/\/centcols.org\/wp-content\/uploads\/2025\/12\/En-direction-du-Golet-Truffet.jpg\"><img loading=\"lazy\" decoding=\"async\" width=\"900\" height=\"1200\" data-id=\"92436\" src=\"https:\/\/centcols.org\/wp-content\/uploads\/2025\/12\/En-direction-du-Golet-Truffet.jpg\" alt=\"\" class=\"wp-image-92436\" srcset=\"https:\/\/centcols.org\/wp-content\/uploads\/2025\/12\/En-direction-du-Golet-Truffet.jpg 900w, https:\/\/centcols.org\/wp-content\/uploads\/2025\/12\/En-direction-du-Golet-Truffet-768x1024.jpg 768w, https:\/\/centcols.org\/wp-content\/uploads\/2025\/12\/En-direction-du-Golet-Truffet-9x12.jpg 9w\" sizes=\"auto, (max-width: 900px) 100vw, 900px\" \/><\/a><figcaption class=\"wp-element-caption\">In Richtung Golet Truffet<\/figcaption><\/figure>\n\n\n\n<figure class=\"wp-block-image size-full\"><a href=\"https:\/\/centcols.org\/wp-content\/uploads\/2025\/12\/Croix-du-Grand-Colombier.jpg\"><img loading=\"lazy\" decoding=\"async\" width=\"832\" height=\"1200\" data-id=\"92437\" src=\"https:\/\/centcols.org\/wp-content\/uploads\/2025\/12\/Croix-du-Grand-Colombier.jpg\" alt=\"\" class=\"wp-image-92437\" srcset=\"https:\/\/centcols.org\/wp-content\/uploads\/2025\/12\/Croix-du-Grand-Colombier.jpg 832w, https:\/\/centcols.org\/wp-content\/uploads\/2025\/12\/Croix-du-Grand-Colombier-768x1108.jpg 768w, https:\/\/centcols.org\/wp-content\/uploads\/2025\/12\/Croix-du-Grand-Colombier-8x12.jpg 8w\" sizes=\"auto, (max-width: 832px) 100vw, 832px\" \/><\/a><figcaption class=\"wp-element-caption\">Kreuz von Grand Colombier<\/figcaption><\/figure>\n\n\n\n<figure class=\"wp-block-image size-full\"><a href=\"https:\/\/centcols.org\/wp-content\/uploads\/2025\/12\/Le-Grand-Colombier.jpg\"><img loading=\"lazy\" decoding=\"async\" width=\"865\" height=\"1200\" data-id=\"92438\" src=\"https:\/\/centcols.org\/wp-content\/uploads\/2025\/12\/Le-Grand-Colombier.jpg\" alt=\"\" class=\"wp-image-92438\" srcset=\"https:\/\/centcols.org\/wp-content\/uploads\/2025\/12\/Le-Grand-Colombier.jpg 865w, https:\/\/centcols.org\/wp-content\/uploads\/2025\/12\/Le-Grand-Colombier-768x1065.jpg 768w, https:\/\/centcols.org\/wp-content\/uploads\/2025\/12\/Le-Grand-Colombier-9x12.jpg 9w\" sizes=\"auto, (max-width: 865px) 100vw, 865px\" \/><\/a><figcaption class=\"wp-element-caption\">Le Grand Colombier<\/figcaption><\/figure>\n<\/figure>","protected":false},"excerpt":{"rendered":"<p>Description de l\u2019auteur Auteur : Philippe ChazottierParcours : effectu\u00e9 le 8 ao\u00fbt 2025D\u00e9part : Lochieu, parking du mus\u00e9e du Bugey-Valromey. Le parcours d\u00e9marre de l&rsquo;\u00e9pingle apr\u00e8s Bord\u00e8ze, sur la D120 en direction du Grand Colombier (possibilit\u00e9 de stationner le v\u00e9hicule). Descriptif touristique Parcours en grande partie en cr\u00eates. Sur celle du Grand Colombier : table [&hellip;]<\/p>\n","protected":false},"author":1726,"featured_media":92437,"comment_status":"open","ping_status":"open","sticky":false,"template":"","format":"standard","meta":{"_acf_changed":false,"footnotes":""},"categories":[303,330,451,319,325,334,220],"tags":[],"class_list":["post-92428","post","type-post","status-publish","format-standard","has-post-thumbnail","hentry","category-parcours-france","category-auvergne-rhone-alpes-region-parcours-membres","category-01-ain","category-vtt-type-parcours","category-departement","category-jura-massif-parcours-membres","category-parcours-membres"],"acf":[],"yoast_head":"<!-- This site is optimized with the Yoast SEO plugin v27.2 - https:\/\/yoast.com\/product\/yoast-seo-wordpress\/ -->\n<title>FR-01 Lochieu - Bugey - VTT 47 km, D+ 1470 m, 9 cols - Club des Cent Cols<\/title>\n<meta name=\"robots\" content=\"index, follow, max-snippet:-1, max-image-preview:large, max-video-preview:-1\" \/>\n<link rel=\"canonical\" href=\"https:\/\/centcols.org\/de\/de-01-lochieu-vtt\/\" \/>\n<meta property=\"og:locale\" content=\"de_DE\" \/>\n<meta property=\"og:type\" content=\"article\" \/>\n<meta property=\"og:title\" content=\"FR-01 Lochieu - Bugey - VTT 47 km, D+ 1470 m, 9 cols - Club des Cent Cols\" \/>\n<meta property=\"og:description\" content=\"Description de l\u2019auteur Auteur : Philippe ChazottierParcours : effectu\u00e9 le 8 ao\u00fbt 2025D\u00e9part : Lochieu, parking du mus\u00e9e du Bugey-Valromey. Le parcours d\u00e9marre de l&rsquo;\u00e9pingle apr\u00e8s Bord\u00e8ze, sur la D120 en direction du Grand Colombier (possibilit\u00e9 de stationner le v\u00e9hicule). Descriptif touristique Parcours en grande partie en cr\u00eates. Sur celle du Grand Colombier : table [&hellip;]\" \/>\n<meta property=\"og:url\" content=\"https:\/\/centcols.org\/de\/de-01-lochieu-vtt\/\" \/>\n<meta property=\"og:site_name\" content=\"Club des Cent Cols\" \/>\n<meta property=\"article:publisher\" content=\"https:\/\/www.facebook.com\/groups\/5261880558\/?locale=fr_FR\" \/>\n<meta property=\"article:published_time\" content=\"2025-12-16T14:40:39+00:00\" \/>\n<meta property=\"article:modified_time\" content=\"2026-03-10T18:02:22+00:00\" \/>\n<meta property=\"og:image\" content=\"https:\/\/centcols.org\/wp-content\/uploads\/2025\/12\/Croix-du-Grand-Colombier.jpg\" \/>\n\t<meta property=\"og:image:width\" content=\"832\" \/>\n\t<meta property=\"og:image:height\" content=\"1200\" \/>\n\t<meta property=\"og:image:type\" content=\"image\/jpeg\" \/>\n<meta name=\"author\" content=\"Ren\u00e9 Mercier\" \/>\n<meta name=\"twitter:card\" content=\"summary_large_image\" \/>\n<meta name=\"twitter:label1\" content=\"Verfasst von\" \/>\n\t<meta name=\"twitter:data1\" content=\"Ren\u00e9 Mercier\" \/>\n\t<meta name=\"twitter:label2\" content=\"Gesch\u00e4tzte Lesezeit\" \/>\n\t<meta name=\"twitter:data2\" content=\"3\u00a0Minuten\" \/>\n<script type=\"application\/ld+json\" class=\"yoast-schema-graph\">{\"@context\":\"https:\/\/schema.org\",\"@graph\":[{\"@type\":\"Article\",\"@id\":\"https:\/\/centcols.org\/it\/fr-01-lochieu-vtt\/#article\",\"isPartOf\":{\"@id\":\"https:\/\/centcols.org\/it\/fr-01-lochieu-vtt\/\"},\"author\":{\"name\":\"Ren\u00e9 Mercier\",\"@id\":\"https:\/\/centcols.org\/#\/schema\/person\/0cc8f723679c98f3fb7798df5a50c018\"},\"headline\":\"FR-01 Lochieu &#8211; Bugey &#8211; VTT 47 km, D+ 1470 m, 9 cols\",\"datePublished\":\"2025-12-16T14:40:39+00:00\",\"dateModified\":\"2026-03-10T18:02:22+00:00\",\"mainEntityOfPage\":{\"@id\":\"https:\/\/centcols.org\/it\/fr-01-lochieu-vtt\/\"},\"wordCount\":332,\"commentCount\":0,\"publisher\":{\"@id\":\"https:\/\/centcols.org\/#organization\"},\"image\":{\"@id\":\"https:\/\/centcols.org\/it\/fr-01-lochieu-vtt\/#primaryimage\"},\"thumbnailUrl\":\"https:\/\/centcols.org\/wp-content\/uploads\/2025\/12\/Croix-du-Grand-Colombier.jpg\",\"articleSection\":[\"Parcours France\",\"Auvergne-Rh\u00f4ne-Alpes\",\"01-Ain\",\"VTT\",\"D\u00e9partement\",\"Jura\",\"Parcours membres\"],\"inLanguage\":\"de\",\"potentialAction\":[{\"@type\":\"CommentAction\",\"name\":\"Comment\",\"target\":[\"https:\/\/centcols.org\/it\/fr-01-lochieu-vtt\/#respond\"]}]},{\"@type\":\"WebPage\",\"@id\":\"https:\/\/centcols.org\/it\/fr-01-lochieu-vtt\/\",\"url\":\"https:\/\/centcols.org\/it\/fr-01-lochieu-vtt\/\",\"name\":\"FR-01 Lochieu - Bugey - VTT 47 km, D+ 1470 m, 9 cols - Club des Cent Cols\",\"isPartOf\":{\"@id\":\"https:\/\/centcols.org\/#website\"},\"primaryImageOfPage\":{\"@id\":\"https:\/\/centcols.org\/it\/fr-01-lochieu-vtt\/#primaryimage\"},\"image\":{\"@id\":\"https:\/\/centcols.org\/it\/fr-01-lochieu-vtt\/#primaryimage\"},\"thumbnailUrl\":\"https:\/\/centcols.org\/wp-content\/uploads\/2025\/12\/Croix-du-Grand-Colombier.jpg\",\"datePublished\":\"2025-12-16T14:40:39+00:00\",\"dateModified\":\"2026-03-10T18:02:22+00:00\",\"breadcrumb\":{\"@id\":\"https:\/\/centcols.org\/it\/fr-01-lochieu-vtt\/#breadcrumb\"},\"inLanguage\":\"de\",\"potentialAction\":[{\"@type\":\"ReadAction\",\"target\":[\"https:\/\/centcols.org\/it\/fr-01-lochieu-vtt\/\"]}]},{\"@type\":\"ImageObject\",\"inLanguage\":\"de\",\"@id\":\"https:\/\/centcols.org\/it\/fr-01-lochieu-vtt\/#primaryimage\",\"url\":\"https:\/\/centcols.org\/wp-content\/uploads\/2025\/12\/Croix-du-Grand-Colombier.jpg\",\"contentUrl\":\"https:\/\/centcols.org\/wp-content\/uploads\/2025\/12\/Croix-du-Grand-Colombier.jpg\",\"width\":832,\"height\":1200},{\"@type\":\"BreadcrumbList\",\"@id\":\"https:\/\/centcols.org\/it\/fr-01-lochieu-vtt\/#breadcrumb\",\"itemListElement\":[{\"@type\":\"ListItem\",\"position\":1,\"name\":\"Accueil\",\"item\":\"https:\/\/centcols.org\/\"},{\"@type\":\"ListItem\",\"position\":2,\"name\":\"Parcours membres\",\"item\":\"https:\/\/centcols.org\/rubrique\/parcours-membres\/\"},{\"@type\":\"ListItem\",\"position\":3,\"name\":\"Pays\",\"item\":\"https:\/\/centcols.org\/rubrique\/parcours-membres\/pays-parcours-membres\/\"},{\"@type\":\"ListItem\",\"position\":4,\"name\":\"Parcours France\",\"item\":\"https:\/\/centcols.org\/rubrique\/parcours-membres\/pays-parcours-membres\/parcours-france\/\"},{\"@type\":\"ListItem\",\"position\":5,\"name\":\"FR-01 Lochieu &#8211; Bugey &#8211; VTT 47 km, D+ 1470 m, 9 cols\"}]},{\"@type\":\"WebSite\",\"@id\":\"https:\/\/centcols.org\/#website\",\"url\":\"https:\/\/centcols.org\/\",\"name\":\"Club des Cent Cols\",\"description\":\"\",\"publisher\":{\"@id\":\"https:\/\/centcols.org\/#organization\"},\"potentialAction\":[{\"@type\":\"SearchAction\",\"target\":{\"@type\":\"EntryPoint\",\"urlTemplate\":\"https:\/\/centcols.org\/?s={search_term_string}\"},\"query-input\":{\"@type\":\"PropertyValueSpecification\",\"valueRequired\":true,\"valueName\":\"search_term_string\"}}],\"inLanguage\":\"de\"},{\"@type\":\"Organization\",\"@id\":\"https:\/\/centcols.org\/#organization\",\"name\":\"Club des Cent Cols\",\"url\":\"https:\/\/centcols.org\/\",\"logo\":{\"@type\":\"ImageObject\",\"inLanguage\":\"de\",\"@id\":\"https:\/\/centcols.org\/#\/schema\/logo\/image\/\",\"url\":\"https:\/\/centcols.org\/wp-content\/uploads\/2025\/01\/carte-icone.png\",\"contentUrl\":\"https:\/\/centcols.org\/wp-content\/uploads\/2025\/01\/carte-icone.png\",\"width\":250,\"height\":250,\"caption\":\"Club des Cent Cols\"},\"image\":{\"@id\":\"https:\/\/centcols.org\/#\/schema\/logo\/image\/\"},\"sameAs\":[\"https:\/\/www.facebook.com\/groups\/5261880558\/?locale=fr_FR\"]},{\"@type\":\"Person\",\"@id\":\"https:\/\/centcols.org\/#\/schema\/person\/0cc8f723679c98f3fb7798df5a50c018\",\"name\":\"Ren\u00e9 Mercier\",\"image\":{\"@type\":\"ImageObject\",\"inLanguage\":\"de\",\"@id\":\"https:\/\/centcols.org\/wp-content\/litespeed\/avatar\/c2275eeaf79d4f7456274de381abeeab.jpg?ver=1777347562\",\"url\":\"https:\/\/centcols.org\/wp-content\/litespeed\/avatar\/c2275eeaf79d4f7456274de381abeeab.jpg?ver=1777347562\",\"contentUrl\":\"https:\/\/centcols.org\/wp-content\/litespeed\/avatar\/c2275eeaf79d4f7456274de381abeeab.jpg?ver=1777347562\",\"caption\":\"Ren\u00e9 Mercier\"},\"url\":\"https:\/\/centcols.org\/de\/author\/7552\/\"}]}<\/script>\n<!-- \/ Yoast SEO plugin. -->","yoast_head_json":{"title":"FR-01 Lochieu - Bugey - MTB 47 km, D+ 1470 m, 9 P\u00e4sse - Club des Cent Cols","robots":{"index":"index","follow":"follow","max-snippet":"max-snippet:-1","max-image-preview":"max-image-preview:large","max-video-preview":"max-video-preview:-1"},"canonical":"https:\/\/centcols.org\/de\/de-01-lochieu-vtt\/","og_locale":"de_DE","og_type":"article","og_title":"FR-01 Lochieu - Bugey - VTT 47 km, D+ 1470 m, 9 cols - Club des Cent Cols","og_description":"Description de l\u2019auteur Auteur : Philippe ChazottierParcours : effectu\u00e9 le 8 ao\u00fbt 2025D\u00e9part : Lochieu, parking du mus\u00e9e du Bugey-Valromey. Le parcours d\u00e9marre de l&rsquo;\u00e9pingle apr\u00e8s Bord\u00e8ze, sur la D120 en direction du Grand Colombier (possibilit\u00e9 de stationner le v\u00e9hicule). Descriptif touristique Parcours en grande partie en cr\u00eates. Sur celle du Grand Colombier : table [&hellip;]","og_url":"https:\/\/centcols.org\/de\/de-01-lochieu-vtt\/","og_site_name":"Club des Cent Cols","article_publisher":"https:\/\/www.facebook.com\/groups\/5261880558\/?locale=fr_FR","article_published_time":"2025-12-16T14:40:39+00:00","article_modified_time":"2026-03-10T18:02:22+00:00","og_image":[{"width":832,"height":1200,"url":"https:\/\/centcols.org\/wp-content\/uploads\/2025\/12\/Croix-du-Grand-Colombier.jpg","type":"image\/jpeg"}],"author":"Ren\u00e9 Mercier","twitter_card":"summary_large_image","twitter_misc":{"Verfasst von":"Ren\u00e9 Mercier","Gesch\u00e4tzte Lesezeit":"3\u00a0Minuten"},"schema":{"@context":"https:\/\/schema.org","@graph":[{"@type":"Article","@id":"https:\/\/centcols.org\/it\/fr-01-lochieu-vtt\/#article","isPartOf":{"@id":"https:\/\/centcols.org\/it\/fr-01-lochieu-vtt\/"},"author":{"name":"Ren\u00e9 Mercier","@id":"https:\/\/centcols.org\/#\/schema\/person\/0cc8f723679c98f3fb7798df5a50c018"},"headline":"FR-01 Lochieu &#8211; Bugey &#8211; VTT 47 km, D+ 1470 m, 9 cols","datePublished":"2025-12-16T14:40:39+00:00","dateModified":"2026-03-10T18:02:22+00:00","mainEntityOfPage":{"@id":"https:\/\/centcols.org\/it\/fr-01-lochieu-vtt\/"},"wordCount":332,"commentCount":0,"publisher":{"@id":"https:\/\/centcols.org\/#organization"},"image":{"@id":"https:\/\/centcols.org\/it\/fr-01-lochieu-vtt\/#primaryimage"},"thumbnailUrl":"https:\/\/centcols.org\/wp-content\/uploads\/2025\/12\/Croix-du-Grand-Colombier.jpg","articleSection":["Parcours France","Auvergne-Rh\u00f4ne-Alpes","01-Ain","VTT","D\u00e9partement","Jura","Parcours membres"],"inLanguage":"de","potentialAction":[{"@type":"CommentAction","name":"Comment","target":["https:\/\/centcols.org\/it\/fr-01-lochieu-vtt\/#respond"]}]},{"@type":"WebPage","@id":"https:\/\/centcols.org\/it\/fr-01-lochieu-vtt\/","url":"https:\/\/centcols.org\/it\/fr-01-lochieu-vtt\/","name":"FR-01 Lochieu - Bugey - MTB 47 km, D+ 1470 m, 9 P\u00e4sse - Club des Cent Cols","isPartOf":{"@id":"https:\/\/centcols.org\/#website"},"primaryImageOfPage":{"@id":"https:\/\/centcols.org\/it\/fr-01-lochieu-vtt\/#primaryimage"},"image":{"@id":"https:\/\/centcols.org\/it\/fr-01-lochieu-vtt\/#primaryimage"},"thumbnailUrl":"https:\/\/centcols.org\/wp-content\/uploads\/2025\/12\/Croix-du-Grand-Colombier.jpg","datePublished":"2025-12-16T14:40:39+00:00","dateModified":"2026-03-10T18:02:22+00:00","breadcrumb":{"@id":"https:\/\/centcols.org\/it\/fr-01-lochieu-vtt\/#breadcrumb"},"inLanguage":"de","potentialAction":[{"@type":"ReadAction","target":["https:\/\/centcols.org\/it\/fr-01-lochieu-vtt\/"]}]},{"@type":"ImageObject","inLanguage":"de","@id":"https:\/\/centcols.org\/it\/fr-01-lochieu-vtt\/#primaryimage","url":"https:\/\/centcols.org\/wp-content\/uploads\/2025\/12\/Croix-du-Grand-Colombier.jpg","contentUrl":"https:\/\/centcols.org\/wp-content\/uploads\/2025\/12\/Croix-du-Grand-Colombier.jpg","width":832,"height":1200},{"@type":"BreadcrumbList","@id":"https:\/\/centcols.org\/it\/fr-01-lochieu-vtt\/#breadcrumb","itemListElement":[{"@type":"ListItem","position":1,"name":"Accueil","item":"https:\/\/centcols.org\/"},{"@type":"ListItem","position":2,"name":"Parcours membres","item":"https:\/\/centcols.org\/rubrique\/parcours-membres\/"},{"@type":"ListItem","position":3,"name":"Pays","item":"https:\/\/centcols.org\/rubrique\/parcours-membres\/pays-parcours-membres\/"},{"@type":"ListItem","position":4,"name":"Parcours France","item":"https:\/\/centcols.org\/rubrique\/parcours-membres\/pays-parcours-membres\/parcours-france\/"},{"@type":"ListItem","position":5,"name":"FR-01 Lochieu &#8211; Bugey &#8211; VTT 47 km, D+ 1470 m, 9 cols"}]},{"@type":"WebSite","@id":"https:\/\/centcols.org\/#website","url":"https:\/\/centcols.org\/","name":"Club des Cent Cols","description":"","publisher":{"@id":"https:\/\/centcols.org\/#organization"},"potentialAction":[{"@type":"SearchAction","target":{"@type":"EntryPoint","urlTemplate":"https:\/\/centcols.org\/?s={search_term_string}"},"query-input":{"@type":"PropertyValueSpecification","valueRequired":true,"valueName":"search_term_string"}}],"inLanguage":"de"},{"@type":"Organization","@id":"https:\/\/centcols.org\/#organization","name":"Club des Cent Cols","url":"https:\/\/centcols.org\/","logo":{"@type":"ImageObject","inLanguage":"de","@id":"https:\/\/centcols.org\/#\/schema\/logo\/image\/","url":"https:\/\/centcols.org\/wp-content\/uploads\/2025\/01\/carte-icone.png","contentUrl":"https:\/\/centcols.org\/wp-content\/uploads\/2025\/01\/carte-icone.png","width":250,"height":250,"caption":"Club des Cent Cols"},"image":{"@id":"https:\/\/centcols.org\/#\/schema\/logo\/image\/"},"sameAs":["https:\/\/www.facebook.com\/groups\/5261880558\/?locale=fr_FR"]},{"@type":"Person","@id":"https:\/\/centcols.org\/#\/schema\/person\/0cc8f723679c98f3fb7798df5a50c018","name":"Ren\u00e9 Mercier","image":{"@type":"ImageObject","inLanguage":"de","@id":"https:\/\/centcols.org\/wp-content\/litespeed\/avatar\/c2275eeaf79d4f7456274de381abeeab.jpg?ver=1777347562","url":"https:\/\/centcols.org\/wp-content\/litespeed\/avatar\/c2275eeaf79d4f7456274de381abeeab.jpg?ver=1777347562","contentUrl":"https:\/\/centcols.org\/wp-content\/litespeed\/avatar\/c2275eeaf79d4f7456274de381abeeab.jpg?ver=1777347562","caption":"Ren\u00e9 Mercier"},"url":"https:\/\/centcols.org\/de\/author\/7552\/"}]}},"_links":{"self":[{"href":"https:\/\/centcols.org\/de\/wp-json\/wp\/v2\/posts\/92428","targetHints":{"allow":["GET"]}}],"collection":[{"href":"https:\/\/centcols.org\/de\/wp-json\/wp\/v2\/posts"}],"about":[{"href":"https:\/\/centcols.org\/de\/wp-json\/wp\/v2\/types\/post"}],"author":[{"embeddable":true,"href":"https:\/\/centcols.org\/de\/wp-json\/wp\/v2\/users\/1726"}],"replies":[{"embeddable":true,"href":"https:\/\/centcols.org\/de\/wp-json\/wp\/v2\/comments?post=92428"}],"version-history":[{"count":0,"href":"https:\/\/centcols.org\/de\/wp-json\/wp\/v2\/posts\/92428\/revisions"}],"wp:featuredmedia":[{"embeddable":true,"href":"https:\/\/centcols.org\/de\/wp-json\/wp\/v2\/media\/92437"}],"wp:attachment":[{"href":"https:\/\/centcols.org\/de\/wp-json\/wp\/v2\/media?parent=92428"}],"wp:term":[{"taxonomy":"category","embeddable":true,"href":"https:\/\/centcols.org\/de\/wp-json\/wp\/v2\/categories?post=92428"},{"taxonomy":"post_tag","embeddable":true,"href":"https:\/\/centcols.org\/de\/wp-json\/wp\/v2\/tags?post=92428"}],"curies":[{"name":"wp","href":"https:\/\/api.w.org\/{rel}","templated":true}]}}