{"id":92494,"date":"2025-12-23T15:26:53","date_gmt":"2025-12-23T13:26:53","guid":{"rendered":"https:\/\/centcols.org\/?p=92494"},"modified":"2026-03-10T19:53:57","modified_gmt":"2026-03-10T17:53:57","slug":"fr-01-plateau-dhauteville-haut-bugey","status":"publish","type":"post","link":"https:\/\/centcols.org\/de\/fr-01-plateau-dhauteville-haut-bugey\/","title":{"rendered":"FR-01 Plateau d'Hauteville - Haut-Bugey - MTB 58 km, D+ 1260 m, 9 P\u00e4sse"},"content":{"rendered":"<iframe width=\"100%\" height=\"650\" loading=\"lazy\" src=\"https:\/\/www.openrunner.com\/embed\/554c6b32486f36565a5a315238324558596f38412b334d6136704a74396739695241474a644b5568344f343d3a3a47538d65f9757a6b223ef01db2a3548f?unit=metric\" style=\"border: none;\"><\/iframe>\n\n\n\n<div style=\"height:30px\" aria-hidden=\"true\" class=\"wp-block-spacer\"><\/div>\n\n\n\n<h2 class=\"wp-block-heading\">Beschreibung des Autors<\/h2>\n\n\n\n<p><strong>Autor<\/strong> : Philippe Chazottier<br><strong>Parcours<\/strong> : durchgef\u00fchrt am 12. September 2025<br><strong>Abreise<\/strong> : Dorf von Corlier. Parkplatz am Dorfausgang, Richtung Hauteville.<\/p>\n\n\n\n<div style=\"height:30px\" aria-hidden=\"true\" class=\"wp-block-spacer\"><\/div>\n\n\n\n<h2 class=\"wp-block-heading\">Touristische Beschreibung<\/h2>\n\n\n\n<div class=\"wp-block-group is-vertical is-layout-flex wp-container-core-group-is-layout-8cf370e7 wp-block-group-is-layout-flex\">\n<div class=\"wp-block-group is-vertical is-layout-flex wp-container-core-group-is-layout-8cf370e7 wp-block-group-is-layout-flex\">\n<p>Malerisches Dorf in\u2019<a href=\"https:\/\/patrimoines.ain.fr\/n\/oncieu\/n:392\" target=\"_blank\" rel=\"noreferrer noopener\">Oncieu<\/a>.<\/p>\n<\/div>\n<\/div>\n\n\n\n<div style=\"height:30px\" aria-hidden=\"true\" class=\"wp-block-spacer\"><\/div>\n\n\n\n<h2 class=\"wp-block-heading\">Technische Beschreibung<\/h2>\n\n\n\n<div class=\"wp-block-group is-vertical is-layout-flex wp-container-core-group-is-layout-8cf370e7 wp-block-group-is-layout-flex\">\n<p>Cyclable zu 95%, erreichbar mit Gravel.<br>Am Croix du Plan in Richtung Golet du Sapey kann man auf der Stra\u00dfe zum Col d'Evosges gelangen (+5,7 km und +100 D+), und von dort aus einen Blick auf das malerische Dorf d\u2019<a href=\"https:\/\/patrimoines.ain.fr\/n\/oncieu\/n:392\" target=\"_blank\" rel=\"noreferrer noopener\">Oncieu<\/a>.<br>Alle Gesch\u00e4fte und Aktivit\u00e4ten in Hauteville-Lompnes, einem Luftkurort 1 km vom Golfplatz entfernt.<\/p>\n\n\n\n<p><\/p>\n\n\n\n<p><strong>9 P\u00e4sse<\/strong><\/p>\n\n\n\n<figure class=\"wp-block-table\"><table class=\"has-fixed-layout\"><tbody><tr><td>1 - Hirschgulasch<\/td><td class=\"has-text-align-center\" data-align=\"center\">996 m<\/td><td><a href=\"https:\/\/centcols.org\/de\/util\/geo\/visu.php\/?code=FR-01-0996\" target=\"_blank\" rel=\"noreferrer noopener\">DE-01-0996<\/a><\/td><\/tr><tr><td>2 - Golet du Sapey<\/td><td class=\"has-text-align-center\" data-align=\"center\">940 m<\/td><td><a href=\"https:\/\/centcols.org\/de\/util\/geo\/visu.php\/?code=FR-01-0940\" target=\"_blank\" rel=\"noreferrer noopener\">DE-01-0940<\/a><\/td><\/tr><tr><td>3 - Golet Sublet<\/td><td class=\"has-text-align-center\" data-align=\"center\">829 m<\/td><td><a href=\"https:\/\/centcols.org\/de\/util\/geo\/visu.php\/?code=FR-01-0829\" target=\"_blank\" rel=\"noreferrer noopener\">DE-01-0829<\/a><\/td><\/tr><tr><td>4 - K\u00f6hler-Gletscher<\/td><td class=\"has-text-align-center\" data-align=\"center\">854 m<\/td><td><a href=\"https:\/\/centcols.org\/de\/util\/geo\/visu.php\/?code=FR-01-0854\" target=\"_blank\" rel=\"noreferrer noopener\">DE-01-0854<\/a><\/td><\/tr><tr><td>5 - Golet du Thioux<\/td><td class=\"has-text-align-center\" data-align=\"center\">740 m<\/td><td><a href=\"https:\/\/centcols.org\/de\/util\/geo\/visu.php\/?code=FR-01-0740\" target=\"_blank\" rel=\"noreferrer noopener\">DE-01-0740<\/a><\/td><\/tr><tr><td>6 - Golet de Vaux<\/td><td class=\"has-text-align-center\" data-align=\"center\">985 m<\/td><td><a href=\"https:\/\/centcols.org\/de\/util\/geo\/visu.php\/?code=FR-01-0985\" target=\"_blank\" rel=\"noreferrer noopener\">DE-01-0985<\/a><\/td><\/tr><tr><td>7 - Col de la Berche<\/td><td class=\"has-text-align-center\" data-align=\"center\">864 m<\/td><td><a href=\"https:\/\/centcols.org\/de\/util\/geo\/visu.php\/?code=FR-01-0864\" target=\"_blank\" rel=\"noreferrer noopener\">DE-01-0864<\/a><\/td><\/tr><tr><td>8 - Golet du Tillet<\/td><td class=\"has-text-align-center\" data-align=\"center\">784 m<\/td><td><a href=\"https:\/\/centcols.org\/de\/util\/geo\/visu.php\/?code=FR-01-0784\" target=\"_blank\" rel=\"noreferrer noopener\">DE-01-0784<\/a><\/td><\/tr><tr><td>9 - Eichelh\u00e4her-Golet<\/td><td class=\"has-text-align-center\" data-align=\"center\">955 m<\/td><td><a href=\"https:\/\/centcols.org\/de\/util\/geo\/visu.php\/?code=FR-01-0955\" target=\"_blank\" rel=\"noreferrer noopener\">DE-01-0955<\/a><\/td><\/tr><\/tbody><\/table><\/figure>\n<\/div>\n\n\n\n<p><strong>Schlagw\u00f6rter<\/strong> : Corlier, Haut-Bugey, Hauteville, Oncieu, centcols<\/p>\n\n\n\n<p>Openrunner-Link, interaktive Karte, Profil, Track : <a href=\"https:\/\/www.openrunner.com\/route-details\/23068821\" target=\"_blank\" rel=\"noreferrer noopener\">https:\/\/www.openrunner.com\/route-details\/23068821<\/a><\/p>\n\n\n\n<p>Diese Route wird nur zur Orientierung vorgeschlagen. Der Autor \u00fcbernimmt keine Haftung f\u00fcr Unw\u00e4gbarkeiten, die auf den Radfahrer selbst, das verwendete Material und alles, was die Stra\u00dfe, die Pisten und Wege, ihre Umgebung und andere Benutzer betrifft, zur\u00fcckzuf\u00fchren sind, sowie f\u00fcr die Haftung des Club des Cent Cols.<\/p>\n\n\n\n<div style=\"height:30px\" aria-hidden=\"true\" class=\"wp-block-spacer\"><\/div>\n\n\n\n<h2 class=\"wp-block-heading\">Fotos<\/h2>\n\n\n\n<figure class=\"wp-block-gallery has-nested-images columns-default is-cropped wp-block-gallery-1 is-layout-flex wp-block-gallery-is-layout-flex\">\n<figure class=\"wp-block-image size-full\"><a href=\"https:\/\/centcols.org\/wp-content\/uploads\/2025\/12\/Herbages-sur-le-plateau-dHauteville.jpg\"><img loading=\"lazy\" decoding=\"async\" width=\"1200\" height=\"809\" data-id=\"92498\" src=\"https:\/\/centcols.org\/wp-content\/uploads\/2025\/12\/Herbages-sur-le-plateau-dHauteville.jpg\" alt=\"\" class=\"wp-image-92498\" srcset=\"https:\/\/centcols.org\/wp-content\/uploads\/2025\/12\/Herbages-sur-le-plateau-dHauteville.jpg 1200w, https:\/\/centcols.org\/wp-content\/uploads\/2025\/12\/Herbages-sur-le-plateau-dHauteville-768x518.jpg 768w, https:\/\/centcols.org\/wp-content\/uploads\/2025\/12\/Herbages-sur-le-plateau-dHauteville-18x12.jpg 18w\" sizes=\"auto, (max-width: 1200px) 100vw, 1200px\" \/><\/a><figcaption class=\"wp-element-caption\">Grasland auf dem Plateau von Hauteville<\/figcaption><\/figure>\n\n\n\n<figure class=\"wp-block-image size-full\"><a href=\"https:\/\/centcols.org\/wp-content\/uploads\/2025\/12\/Village-dIzenave.jpg\"><img loading=\"lazy\" decoding=\"async\" width=\"1200\" height=\"760\" data-id=\"92499\" src=\"https:\/\/centcols.org\/wp-content\/uploads\/2025\/12\/Village-dIzenave.jpg\" alt=\"\" class=\"wp-image-92499\" srcset=\"https:\/\/centcols.org\/wp-content\/uploads\/2025\/12\/Village-dIzenave.jpg 1200w, https:\/\/centcols.org\/wp-content\/uploads\/2025\/12\/Village-dIzenave-768x486.jpg 768w, https:\/\/centcols.org\/wp-content\/uploads\/2025\/12\/Village-dIzenave-18x12.jpg 18w\" sizes=\"auto, (max-width: 1200px) 100vw, 1200px\" \/><\/a><figcaption class=\"wp-element-caption\">Dorf Izenave<\/figcaption><\/figure>\n<\/figure>\n\n\n\n<p><\/p>","protected":false},"excerpt":{"rendered":"<p>Description de l\u2019auteur Auteur : Philippe ChazottierParcours : effectu\u00e9 le 12 septembre 2025D\u00e9part : Village de Corlier. Parking \u00e0 la sortie du village, direction Hauteville. Descriptif touristique Village pittoresque d&rsquo;Oncieu. Descriptif technique Cyclable \u00e0 95%, accessible en gravel.A la Croix du Plan en direction du Golet du Sapey on peut rejoindre le col d&rsquo;Evosges par [&hellip;]<\/p>\n","protected":false},"author":1726,"featured_media":92498,"comment_status":"open","ping_status":"open","sticky":false,"template":"","format":"standard","meta":{"_acf_changed":false,"footnotes":""},"categories":[330,451,303,319,325,334,220],"tags":[],"class_list":["post-92494","post","type-post","status-publish","format-standard","has-post-thumbnail","hentry","category-auvergne-rhone-alpes-region-parcours-membres","category-01-ain","category-parcours-france","category-vtt-type-parcours","category-departement","category-jura-massif-parcours-membres","category-parcours-membres"],"acf":[],"yoast_head":"<!-- This site is optimized with the Yoast SEO plugin v27.2 - https:\/\/yoast.com\/product\/yoast-seo-wordpress\/ -->\n<title>FR-01 Plateau d&#039;Hauteville - Haut-Bugey \u2013 VTT 58 km, D+ 1260 m, 9 cols - Club des Cent Cols<\/title>\n<meta name=\"robots\" content=\"index, follow, max-snippet:-1, max-image-preview:large, max-video-preview:-1\" \/>\n<link rel=\"canonical\" href=\"https:\/\/centcols.org\/de\/fr-01-plateau-dhauteville-haut-bugey\/\" \/>\n<meta property=\"og:locale\" content=\"de_DE\" \/>\n<meta property=\"og:type\" content=\"article\" \/>\n<meta property=\"og:title\" content=\"FR-01 Plateau d&#039;Hauteville - Haut-Bugey \u2013 VTT 58 km, D+ 1260 m, 9 cols - Club des Cent Cols\" \/>\n<meta property=\"og:description\" content=\"Description de l\u2019auteur Auteur : Philippe ChazottierParcours : effectu\u00e9 le 12 septembre 2025D\u00e9part : Village de Corlier. Parking \u00e0 la sortie du village, direction Hauteville. Descriptif touristique Village pittoresque d&rsquo;Oncieu. Descriptif technique Cyclable \u00e0 95%, accessible en gravel.A la Croix du Plan en direction du Golet du Sapey on peut rejoindre le col d&rsquo;Evosges par [&hellip;]\" \/>\n<meta property=\"og:url\" content=\"https:\/\/centcols.org\/de\/fr-01-plateau-dhauteville-haut-bugey\/\" \/>\n<meta property=\"og:site_name\" content=\"Club des Cent Cols\" \/>\n<meta property=\"article:publisher\" content=\"https:\/\/www.facebook.com\/groups\/5261880558\/?locale=fr_FR\" \/>\n<meta property=\"article:published_time\" content=\"2025-12-23T13:26:53+00:00\" \/>\n<meta property=\"article:modified_time\" content=\"2026-03-10T17:53:57+00:00\" \/>\n<meta property=\"og:image\" content=\"https:\/\/centcols.org\/wp-content\/uploads\/2025\/12\/Herbages-sur-le-plateau-dHauteville.jpg\" \/>\n\t<meta property=\"og:image:width\" content=\"1200\" \/>\n\t<meta property=\"og:image:height\" content=\"809\" \/>\n\t<meta property=\"og:image:type\" content=\"image\/jpeg\" \/>\n<meta name=\"author\" content=\"Ren\u00e9 Mercier\" \/>\n<meta name=\"twitter:card\" content=\"summary_large_image\" \/>\n<meta name=\"twitter:label1\" content=\"Verfasst von\" \/>\n\t<meta name=\"twitter:data1\" content=\"Ren\u00e9 Mercier\" \/>\n\t<meta name=\"twitter:label2\" content=\"Gesch\u00e4tzte Lesezeit\" \/>\n\t<meta name=\"twitter:data2\" content=\"2\u00a0Minuten\" \/>\n<script type=\"application\/ld+json\" class=\"yoast-schema-graph\">{\"@context\":\"https:\/\/schema.org\",\"@graph\":[{\"@type\":\"Article\",\"@id\":\"https:\/\/centcols.org\/de\/fr-01-plateau-dhauteville-haut-bugey\/#article\",\"isPartOf\":{\"@id\":\"https:\/\/centcols.org\/de\/fr-01-plateau-dhauteville-haut-bugey\/\"},\"author\":{\"name\":\"Ren\u00e9 Mercier\",\"@id\":\"https:\/\/centcols.org\/#\/schema\/person\/0cc8f723679c98f3fb7798df5a50c018\"},\"headline\":\"FR-01 Plateau d&rsquo;Hauteville &#8211; Haut-Bugey \u2013 VTT 58 km, D+ 1260 m, 9 cols\",\"datePublished\":\"2025-12-23T13:26:53+00:00\",\"dateModified\":\"2026-03-10T17:53:57+00:00\",\"mainEntityOfPage\":{\"@id\":\"https:\/\/centcols.org\/de\/fr-01-plateau-dhauteville-haut-bugey\/\"},\"wordCount\":233,\"commentCount\":0,\"publisher\":{\"@id\":\"https:\/\/centcols.org\/#organization\"},\"image\":{\"@id\":\"https:\/\/centcols.org\/de\/fr-01-plateau-dhauteville-haut-bugey\/#primaryimage\"},\"thumbnailUrl\":\"https:\/\/centcols.org\/wp-content\/uploads\/2025\/12\/Herbages-sur-le-plateau-dHauteville.jpg\",\"articleSection\":[\"Auvergne-Rh\u00f4ne-Alpes\",\"01-Ain\",\"Parcours France\",\"VTT\",\"D\u00e9partement\",\"Jura\",\"Parcours membres\"],\"inLanguage\":\"de\",\"potentialAction\":[{\"@type\":\"CommentAction\",\"name\":\"Comment\",\"target\":[\"https:\/\/centcols.org\/de\/fr-01-plateau-dhauteville-haut-bugey\/#respond\"]}]},{\"@type\":\"WebPage\",\"@id\":\"https:\/\/centcols.org\/de\/fr-01-plateau-dhauteville-haut-bugey\/\",\"url\":\"https:\/\/centcols.org\/de\/fr-01-plateau-dhauteville-haut-bugey\/\",\"name\":\"FR-01 Plateau d'Hauteville - Haut-Bugey \u2013 VTT 58 km, D+ 1260 m, 9 cols - Club des Cent Cols\",\"isPartOf\":{\"@id\":\"https:\/\/centcols.org\/#website\"},\"primaryImageOfPage\":{\"@id\":\"https:\/\/centcols.org\/de\/fr-01-plateau-dhauteville-haut-bugey\/#primaryimage\"},\"image\":{\"@id\":\"https:\/\/centcols.org\/de\/fr-01-plateau-dhauteville-haut-bugey\/#primaryimage\"},\"thumbnailUrl\":\"https:\/\/centcols.org\/wp-content\/uploads\/2025\/12\/Herbages-sur-le-plateau-dHauteville.jpg\",\"datePublished\":\"2025-12-23T13:26:53+00:00\",\"dateModified\":\"2026-03-10T17:53:57+00:00\",\"breadcrumb\":{\"@id\":\"https:\/\/centcols.org\/de\/fr-01-plateau-dhauteville-haut-bugey\/#breadcrumb\"},\"inLanguage\":\"de\",\"potentialAction\":[{\"@type\":\"ReadAction\",\"target\":[\"https:\/\/centcols.org\/de\/fr-01-plateau-dhauteville-haut-bugey\/\"]}]},{\"@type\":\"ImageObject\",\"inLanguage\":\"de\",\"@id\":\"https:\/\/centcols.org\/de\/fr-01-plateau-dhauteville-haut-bugey\/#primaryimage\",\"url\":\"https:\/\/centcols.org\/wp-content\/uploads\/2025\/12\/Herbages-sur-le-plateau-dHauteville.jpg\",\"contentUrl\":\"https:\/\/centcols.org\/wp-content\/uploads\/2025\/12\/Herbages-sur-le-plateau-dHauteville.jpg\",\"width\":1200,\"height\":809},{\"@type\":\"BreadcrumbList\",\"@id\":\"https:\/\/centcols.org\/de\/fr-01-plateau-dhauteville-haut-bugey\/#breadcrumb\",\"itemListElement\":[{\"@type\":\"ListItem\",\"position\":1,\"name\":\"Accueil\",\"item\":\"https:\/\/centcols.org\/\"},{\"@type\":\"ListItem\",\"position\":2,\"name\":\"Parcours membres\",\"item\":\"https:\/\/centcols.org\/rubrique\/parcours-membres\/\"},{\"@type\":\"ListItem\",\"position\":3,\"name\":\"Pays\",\"item\":\"https:\/\/centcols.org\/rubrique\/parcours-membres\/pays-parcours-membres\/\"},{\"@type\":\"ListItem\",\"position\":4,\"name\":\"Parcours France\",\"item\":\"https:\/\/centcols.org\/rubrique\/parcours-membres\/pays-parcours-membres\/parcours-france\/\"},{\"@type\":\"ListItem\",\"position\":5,\"name\":\"FR-01 Plateau d&rsquo;Hauteville &#8211; Haut-Bugey \u2013 VTT 58 km, D+ 1260 m, 9 cols\"}]},{\"@type\":\"WebSite\",\"@id\":\"https:\/\/centcols.org\/#website\",\"url\":\"https:\/\/centcols.org\/\",\"name\":\"Club des Cent Cols\",\"description\":\"\",\"publisher\":{\"@id\":\"https:\/\/centcols.org\/#organization\"},\"potentialAction\":[{\"@type\":\"SearchAction\",\"target\":{\"@type\":\"EntryPoint\",\"urlTemplate\":\"https:\/\/centcols.org\/?s={search_term_string}\"},\"query-input\":{\"@type\":\"PropertyValueSpecification\",\"valueRequired\":true,\"valueName\":\"search_term_string\"}}],\"inLanguage\":\"de\"},{\"@type\":\"Organization\",\"@id\":\"https:\/\/centcols.org\/#organization\",\"name\":\"Club des Cent Cols\",\"url\":\"https:\/\/centcols.org\/\",\"logo\":{\"@type\":\"ImageObject\",\"inLanguage\":\"de\",\"@id\":\"https:\/\/centcols.org\/#\/schema\/logo\/image\/\",\"url\":\"https:\/\/centcols.org\/wp-content\/uploads\/2025\/01\/carte-icone.png\",\"contentUrl\":\"https:\/\/centcols.org\/wp-content\/uploads\/2025\/01\/carte-icone.png\",\"width\":250,\"height\":250,\"caption\":\"Club des Cent Cols\"},\"image\":{\"@id\":\"https:\/\/centcols.org\/#\/schema\/logo\/image\/\"},\"sameAs\":[\"https:\/\/www.facebook.com\/groups\/5261880558\/?locale=fr_FR\"]},{\"@type\":\"Person\",\"@id\":\"https:\/\/centcols.org\/#\/schema\/person\/0cc8f723679c98f3fb7798df5a50c018\",\"name\":\"Ren\u00e9 Mercier\",\"image\":{\"@type\":\"ImageObject\",\"inLanguage\":\"de\",\"@id\":\"https:\/\/centcols.org\/wp-content\/litespeed\/avatar\/c2275eeaf79d4f7456274de381abeeab.jpg?ver=1777347562\",\"url\":\"https:\/\/centcols.org\/wp-content\/litespeed\/avatar\/c2275eeaf79d4f7456274de381abeeab.jpg?ver=1777347562\",\"contentUrl\":\"https:\/\/centcols.org\/wp-content\/litespeed\/avatar\/c2275eeaf79d4f7456274de381abeeab.jpg?ver=1777347562\",\"caption\":\"Ren\u00e9 Mercier\"},\"url\":\"https:\/\/centcols.org\/de\/author\/7552\/\"}]}<\/script>\n<!-- \/ Yoast SEO plugin. -->","yoast_head_json":{"title":"FR-01 Plateau d'Hauteville - Haut-Bugey - MTB 58 km, D+ 1260 m, 9 P\u00e4sse - Club des Cent Cols","robots":{"index":"index","follow":"follow","max-snippet":"max-snippet:-1","max-image-preview":"max-image-preview:large","max-video-preview":"max-video-preview:-1"},"canonical":"https:\/\/centcols.org\/de\/fr-01-plateau-dhauteville-haut-bugey\/","og_locale":"de_DE","og_type":"article","og_title":"FR-01 Plateau d'Hauteville - Haut-Bugey \u2013 VTT 58 km, D+ 1260 m, 9 cols - Club des Cent Cols","og_description":"Description de l\u2019auteur Auteur : Philippe ChazottierParcours : effectu\u00e9 le 12 septembre 2025D\u00e9part : Village de Corlier. Parking \u00e0 la sortie du village, direction Hauteville. Descriptif touristique Village pittoresque d&rsquo;Oncieu. Descriptif technique Cyclable \u00e0 95%, accessible en gravel.A la Croix du Plan en direction du Golet du Sapey on peut rejoindre le col d&rsquo;Evosges par [&hellip;]","og_url":"https:\/\/centcols.org\/de\/fr-01-plateau-dhauteville-haut-bugey\/","og_site_name":"Club des Cent Cols","article_publisher":"https:\/\/www.facebook.com\/groups\/5261880558\/?locale=fr_FR","article_published_time":"2025-12-23T13:26:53+00:00","article_modified_time":"2026-03-10T17:53:57+00:00","og_image":[{"width":1200,"height":809,"url":"https:\/\/centcols.org\/wp-content\/uploads\/2025\/12\/Herbages-sur-le-plateau-dHauteville.jpg","type":"image\/jpeg"}],"author":"Ren\u00e9 Mercier","twitter_card":"summary_large_image","twitter_misc":{"Verfasst von":"Ren\u00e9 Mercier","Gesch\u00e4tzte Lesezeit":"2\u00a0Minuten"},"schema":{"@context":"https:\/\/schema.org","@graph":[{"@type":"Article","@id":"https:\/\/centcols.org\/de\/fr-01-plateau-dhauteville-haut-bugey\/#article","isPartOf":{"@id":"https:\/\/centcols.org\/de\/fr-01-plateau-dhauteville-haut-bugey\/"},"author":{"name":"Ren\u00e9 Mercier","@id":"https:\/\/centcols.org\/#\/schema\/person\/0cc8f723679c98f3fb7798df5a50c018"},"headline":"FR-01 Plateau d&rsquo;Hauteville &#8211; Haut-Bugey \u2013 VTT 58 km, D+ 1260 m, 9 cols","datePublished":"2025-12-23T13:26:53+00:00","dateModified":"2026-03-10T17:53:57+00:00","mainEntityOfPage":{"@id":"https:\/\/centcols.org\/de\/fr-01-plateau-dhauteville-haut-bugey\/"},"wordCount":233,"commentCount":0,"publisher":{"@id":"https:\/\/centcols.org\/#organization"},"image":{"@id":"https:\/\/centcols.org\/de\/fr-01-plateau-dhauteville-haut-bugey\/#primaryimage"},"thumbnailUrl":"https:\/\/centcols.org\/wp-content\/uploads\/2025\/12\/Herbages-sur-le-plateau-dHauteville.jpg","articleSection":["Auvergne-Rh\u00f4ne-Alpes","01-Ain","Parcours France","VTT","D\u00e9partement","Jura","Parcours membres"],"inLanguage":"de","potentialAction":[{"@type":"CommentAction","name":"Comment","target":["https:\/\/centcols.org\/de\/fr-01-plateau-dhauteville-haut-bugey\/#respond"]}]},{"@type":"WebPage","@id":"https:\/\/centcols.org\/de\/fr-01-plateau-dhauteville-haut-bugey\/","url":"https:\/\/centcols.org\/de\/fr-01-plateau-dhauteville-haut-bugey\/","name":"FR-01 Plateau d'Hauteville - Haut-Bugey - MTB 58 km, D+ 1260 m, 9 P\u00e4sse - Club des Cent Cols","isPartOf":{"@id":"https:\/\/centcols.org\/#website"},"primaryImageOfPage":{"@id":"https:\/\/centcols.org\/de\/fr-01-plateau-dhauteville-haut-bugey\/#primaryimage"},"image":{"@id":"https:\/\/centcols.org\/de\/fr-01-plateau-dhauteville-haut-bugey\/#primaryimage"},"thumbnailUrl":"https:\/\/centcols.org\/wp-content\/uploads\/2025\/12\/Herbages-sur-le-plateau-dHauteville.jpg","datePublished":"2025-12-23T13:26:53+00:00","dateModified":"2026-03-10T17:53:57+00:00","breadcrumb":{"@id":"https:\/\/centcols.org\/de\/fr-01-plateau-dhauteville-haut-bugey\/#breadcrumb"},"inLanguage":"de","potentialAction":[{"@type":"ReadAction","target":["https:\/\/centcols.org\/de\/fr-01-plateau-dhauteville-haut-bugey\/"]}]},{"@type":"ImageObject","inLanguage":"de","@id":"https:\/\/centcols.org\/de\/fr-01-plateau-dhauteville-haut-bugey\/#primaryimage","url":"https:\/\/centcols.org\/wp-content\/uploads\/2025\/12\/Herbages-sur-le-plateau-dHauteville.jpg","contentUrl":"https:\/\/centcols.org\/wp-content\/uploads\/2025\/12\/Herbages-sur-le-plateau-dHauteville.jpg","width":1200,"height":809},{"@type":"BreadcrumbList","@id":"https:\/\/centcols.org\/de\/fr-01-plateau-dhauteville-haut-bugey\/#breadcrumb","itemListElement":[{"@type":"ListItem","position":1,"name":"Accueil","item":"https:\/\/centcols.org\/"},{"@type":"ListItem","position":2,"name":"Parcours membres","item":"https:\/\/centcols.org\/rubrique\/parcours-membres\/"},{"@type":"ListItem","position":3,"name":"Pays","item":"https:\/\/centcols.org\/rubrique\/parcours-membres\/pays-parcours-membres\/"},{"@type":"ListItem","position":4,"name":"Parcours France","item":"https:\/\/centcols.org\/rubrique\/parcours-membres\/pays-parcours-membres\/parcours-france\/"},{"@type":"ListItem","position":5,"name":"FR-01 Plateau d&rsquo;Hauteville &#8211; Haut-Bugey \u2013 VTT 58 km, D+ 1260 m, 9 cols"}]},{"@type":"WebSite","@id":"https:\/\/centcols.org\/#website","url":"https:\/\/centcols.org\/","name":"Club des Cent Cols","description":"","publisher":{"@id":"https:\/\/centcols.org\/#organization"},"potentialAction":[{"@type":"SearchAction","target":{"@type":"EntryPoint","urlTemplate":"https:\/\/centcols.org\/?s={search_term_string}"},"query-input":{"@type":"PropertyValueSpecification","valueRequired":true,"valueName":"search_term_string"}}],"inLanguage":"de"},{"@type":"Organization","@id":"https:\/\/centcols.org\/#organization","name":"Club des Cent Cols","url":"https:\/\/centcols.org\/","logo":{"@type":"ImageObject","inLanguage":"de","@id":"https:\/\/centcols.org\/#\/schema\/logo\/image\/","url":"https:\/\/centcols.org\/wp-content\/uploads\/2025\/01\/carte-icone.png","contentUrl":"https:\/\/centcols.org\/wp-content\/uploads\/2025\/01\/carte-icone.png","width":250,"height":250,"caption":"Club des Cent Cols"},"image":{"@id":"https:\/\/centcols.org\/#\/schema\/logo\/image\/"},"sameAs":["https:\/\/www.facebook.com\/groups\/5261880558\/?locale=fr_FR"]},{"@type":"Person","@id":"https:\/\/centcols.org\/#\/schema\/person\/0cc8f723679c98f3fb7798df5a50c018","name":"Ren\u00e9 Mercier","image":{"@type":"ImageObject","inLanguage":"de","@id":"https:\/\/centcols.org\/wp-content\/litespeed\/avatar\/c2275eeaf79d4f7456274de381abeeab.jpg?ver=1777347562","url":"https:\/\/centcols.org\/wp-content\/litespeed\/avatar\/c2275eeaf79d4f7456274de381abeeab.jpg?ver=1777347562","contentUrl":"https:\/\/centcols.org\/wp-content\/litespeed\/avatar\/c2275eeaf79d4f7456274de381abeeab.jpg?ver=1777347562","caption":"Ren\u00e9 Mercier"},"url":"https:\/\/centcols.org\/de\/author\/7552\/"}]}},"_links":{"self":[{"href":"https:\/\/centcols.org\/de\/wp-json\/wp\/v2\/posts\/92494","targetHints":{"allow":["GET"]}}],"collection":[{"href":"https:\/\/centcols.org\/de\/wp-json\/wp\/v2\/posts"}],"about":[{"href":"https:\/\/centcols.org\/de\/wp-json\/wp\/v2\/types\/post"}],"author":[{"embeddable":true,"href":"https:\/\/centcols.org\/de\/wp-json\/wp\/v2\/users\/1726"}],"replies":[{"embeddable":true,"href":"https:\/\/centcols.org\/de\/wp-json\/wp\/v2\/comments?post=92494"}],"version-history":[{"count":0,"href":"https:\/\/centcols.org\/de\/wp-json\/wp\/v2\/posts\/92494\/revisions"}],"wp:featuredmedia":[{"embeddable":true,"href":"https:\/\/centcols.org\/de\/wp-json\/wp\/v2\/media\/92498"}],"wp:attachment":[{"href":"https:\/\/centcols.org\/de\/wp-json\/wp\/v2\/media?parent=92494"}],"wp:term":[{"taxonomy":"category","embeddable":true,"href":"https:\/\/centcols.org\/de\/wp-json\/wp\/v2\/categories?post=92494"},{"taxonomy":"post_tag","embeddable":true,"href":"https:\/\/centcols.org\/de\/wp-json\/wp\/v2\/tags?post=92494"}],"curies":[{"name":"wp","href":"https:\/\/api.w.org\/{rel}","templated":true}]}}