{"id":92557,"date":"2026-01-11T10:47:41","date_gmt":"2026-01-11T08:47:41","guid":{"rendered":"https:\/\/centcols.org\/?p=92557"},"modified":"2026-03-10T19:44:30","modified_gmt":"2026-03-10T17:44:30","slug":"ch-be-massif-du-chasseral-gravel","status":"publish","type":"post","link":"https:\/\/centcols.org\/de\/ch-be-massif-du-chasseral-gravel\/","title":{"rendered":"CH-BE Chasseral-Massiv - Gravel 48 km, D+ 1580 m, 8 P\u00e4sse"},"content":{"rendered":"<iframe width=\"100%\" height=\"650\" loading=\"lazy\" src=\"https:\/\/www.openrunner.com\/embed\/34425164764178356c74444169647635366e4333377234594952306a427273313650583648366e4b4175303d3a3ae932a080d1f3b4a43f72a704d8bcd68b?unit=metric\" style=\"border: none;\"><\/iframe>\n\n\n\n<div style=\"height:30px\" aria-hidden=\"true\" class=\"wp-block-spacer\"><\/div>\n\n\n\n<h2 class=\"wp-block-heading\">Beschreibung des Autors<\/h2>\n\n\n\n<p><strong>Autoren<\/strong> : Christian Binggeli und Philippe Chazottier<br><strong>Parcours<\/strong> : durchgef\u00fchrt am 21. Juni 2025, bei der Ausfahrt von Les Cent Cols suisses<br><strong>Abreise<\/strong> Les Bugnenets, gro\u00dfer Parkplatz des Skigebiets, 1 km von \u00abLes Pontins\u00bb entfernt, s\u00fcdlich von Saint-Imier.<\/p>\n\n\n\n<div style=\"height:30px\" aria-hidden=\"true\" class=\"wp-block-spacer\"><\/div>\n\n\n\n<h2 class=\"wp-block-heading\">Touristische Beschreibung<\/h2>\n\n\n\n<div class=\"wp-block-group is-vertical is-layout-flex wp-container-core-group-is-layout-8cf370e7 wp-block-group-is-layout-flex\">\n<div class=\"wp-block-group is-vertical is-layout-flex wp-container-core-group-is-layout-8cf370e7 wp-block-group-is-layout-flex\">\n<p>Der Berg Chasseral ist mit seiner 120 m hohen Telekomantenne auf seinem Gipfel (Hotel-Restaurant) weithin sichtbar. Als Privatstra\u00dfe war sie lange Zeit mautpflichtig, die seit 2007 mit dem R\u00fcckkauf durch den Kanton Bern abgeschafft wurde. Vom Gipfel aus kann man das weiteste Panorama bewundern: Jura, Berner Oberland, franz\u00f6sische Alpen, Neufch\u00e2tel- und Bielersee.<br>Informationen \u00fcber : <a href=\"https:\/\/fr.wikipedia.org\/wiki\/Chasseral#:~:text=sur%20438%2C725%20MHz.-,Tourisme,plus%20soumis%20%C3%A0%20une%20taxe\" target=\"_blank\" rel=\"noreferrer noopener\">der Chasseral<\/a>.<\/p>\n<\/div>\n<\/div>\n\n\n\n<div style=\"height:30px\" aria-hidden=\"true\" class=\"wp-block-spacer\"><\/div>\n\n\n\n<h2 class=\"wp-block-heading\">Technische Beschreibung<\/h2>\n\n\n\n<div class=\"wp-block-group is-vertical is-layout-flex wp-container-core-group-is-layout-8cf370e7 wp-block-group-is-layout-flex\">\n<p>Cyclable in 100%.<br>Sehr sch\u00f6ne Strecke ohne gro\u00dfe Schwierigkeiten mit vielen Stra\u00dfen, der Rest gr\u00f6\u00dftenteils auf sch\u00f6nen Wegen.<br>M\u00f6glichkeit vom Chasseral-Pass aus, zwei zus\u00e4tzliche P\u00e4sse (Combe Biosse CH-BE-1389 und Egasse CH-BE-1427) in Hin- und R\u00fcckfahrt abzuholen (+5 km Hin- und R\u00fcckweg und 152 m D+), oder ab km 3 (+6 km Hin- und R\u00fcckweg und 230 m D+).<\/p>\n\n\n\n<p><strong>8 P\u00e4sse<\/strong><\/p>\n<\/div>\n\n\n\n<figure class=\"wp-block-table\"><table class=\"has-fixed-layout\"><tbody><tr><td>1 - Col des Pontins<\/td><td class=\"has-text-align-center\" data-align=\"center\">1119 m<\/td><td><a href=\"https:\/\/centcols.org\/de\/util\/geo\/visu.php\/?code=CH-BE-1110\" target=\"_blank\" rel=\"noreferrer noopener\">CH-BE-1110<\/a><\/td><\/tr><tr><td>2 - Col de la M\u00e9tairie-Derri\u00e8re de Bienne (Bieler Hinterland)<\/td><td class=\"has-text-align-center\" data-align=\"center\">1462 m<\/td><td><a href=\"https:\/\/centcols.org\/de\/util\/geo\/visu.php\/?code=CH-BE-1462\" target=\"_blank\" rel=\"noreferrer noopener\">CH-BE-1462<\/a><\/td><\/tr><tr><td>3 - Cl\u00e9dar de Pierrefeu<\/td><td class=\"has-text-align-center\" data-align=\"center\">1293 m<\/td><td><a href=\"https:\/\/centcols.org\/de\/util\/geo\/visu.php\/?code=CH-BE-1293\" target=\"_blank\" rel=\"noreferrer noopener\">CH-BE-1293<\/a><\/td><\/tr><tr><td>4 - Das Pertuis<\/td><td class=\"has-text-align-center\" data-align=\"center\">1541 m<\/td><td><a href=\"https:\/\/centcols.org\/de\/util\/geo\/visu.php\/?code=CH-BE-1541\" target=\"_blank\" rel=\"noreferrer noopener\">CH-BE-1541<\/a><\/td><\/tr><tr><td>5 - Chasseral-Pass<\/td><td class=\"has-text-align-center\" data-align=\"center\">1502 m<\/td><td><a href=\"https:\/\/centcols.org\/de\/util\/geo\/visu.php\/?code=CH-BE-1502\" target=\"_blank\" rel=\"noreferrer noopener\">CH-BE-1502<\/a><\/td><\/tr><tr><td>6 - Son Mont Pass<\/td><td class=\"has-text-align-center\" data-align=\"center\">962 m<\/td><td><a href=\"https:\/\/centcols.org\/de\/util\/geo\/visu.php\/?code=CH-NE-0962\" target=\"_blank\" rel=\"noreferrer noopener\">CH-NE-0962<\/a><\/td><\/tr><tr><td>7 - Col de la Dame<\/td><td class=\"has-text-align-center\" data-align=\"center\">1217 m<\/td><td><a href=\"https:\/\/centcols.org\/de\/util\/geo\/visu.php\/?code=CH-NE-1217\" target=\"_blank\" rel=\"noreferrer noopener\">CH-NE-1217<\/a><\/td><\/tr><tr><td>8 - Chuffort-Pass<\/td><td class=\"has-text-align-center\" data-align=\"center\">1225 m<\/td><td><a href=\"https:\/\/centcols.org\/de\/util\/geo\/visu.php\/?code=CH-NE-1225\" target=\"_blank\" rel=\"noreferrer noopener\">CH-NE-1225<\/a><\/td><\/tr><\/tbody><\/table><\/figure>\n\n\n\n<p><strong>Schlagw\u00f6rter<\/strong> : Chasseral, Bugnenets, Jura, centcols<\/p>\n\n\n\n<p>Openrunner-Link, interaktive Karte, Profil, Track : <a href=\"https:\/\/www.openrunner.com\/route-details\/23155871\" target=\"_blank\" rel=\"noreferrer noopener\">https:\/\/www.openrunner.com\/route-details\/23155871<\/a><\/p>\n\n\n\n<p>Diese Route wird nur zur Orientierung vorgeschlagen. Der Autor \u00fcbernimmt keine Haftung f\u00fcr Unw\u00e4gbarkeiten, die auf den Radfahrer selbst, das verwendete Material und alles, was die Stra\u00dfe, die Pisten und Wege, ihre Umgebung und andere Benutzer betrifft, zur\u00fcckzuf\u00fchren sind, sowie f\u00fcr die Haftung des Club des Cent Cols.<\/p>\n\n\n\n<div style=\"height:30px\" aria-hidden=\"true\" class=\"wp-block-spacer\"><\/div>\n\n\n\n<h2 class=\"wp-block-heading\">Fotos<\/h2>\n\n\n\n<figure class=\"wp-block-gallery has-nested-images columns-default is-cropped wp-block-gallery-1 is-layout-flex wp-block-gallery-is-layout-flex\">\n<figure class=\"wp-block-image size-full\"><a href=\"https:\/\/centcols.org\/wp-content\/uploads\/2026\/01\/La-Suisse-ca-se-revendique-.jpg\"><img loading=\"lazy\" decoding=\"async\" width=\"750\" height=\"1000\" data-id=\"92563\" src=\"https:\/\/centcols.org\/wp-content\/uploads\/2026\/01\/La-Suisse-ca-se-revendique-.jpg\" alt=\"\" class=\"wp-image-92563\" srcset=\"https:\/\/centcols.org\/wp-content\/uploads\/2026\/01\/La-Suisse-ca-se-revendique-.jpg 750w, https:\/\/centcols.org\/wp-content\/uploads\/2026\/01\/La-Suisse-ca-se-revendique--9x12.jpg 9w\" sizes=\"auto, (max-width: 750px) 100vw, 750px\" \/><\/a><figcaption class=\"wp-element-caption\">Die Schweiz muss man f\u00fcr sich beanspruchen!<\/figcaption><\/figure>\n\n\n\n<figure class=\"wp-block-image size-full\"><a href=\"https:\/\/centcols.org\/wp-content\/uploads\/2026\/01\/Depart-de-Les-Bugnenets-les-remontees-mecaniques-sont-tres-discretes-.jpg\"><img loading=\"lazy\" decoding=\"async\" width=\"750\" height=\"1000\" data-id=\"92564\" src=\"https:\/\/centcols.org\/wp-content\/uploads\/2026\/01\/Depart-de-Les-Bugnenets-les-remontees-mecaniques-sont-tres-discretes-.jpg\" alt=\"\" class=\"wp-image-92564\" srcset=\"https:\/\/centcols.org\/wp-content\/uploads\/2026\/01\/Depart-de-Les-Bugnenets-les-remontees-mecaniques-sont-tres-discretes-.jpg 750w, https:\/\/centcols.org\/wp-content\/uploads\/2026\/01\/Depart-de-Les-Bugnenets-les-remontees-mecaniques-sont-tres-discretes--9x12.jpg 9w\" sizes=\"auto, (max-width: 750px) 100vw, 750px\" \/><\/a><figcaption class=\"wp-element-caption\">Start in \u00abLes Bugnenets\u00bb, die Skilifte sind sehr unauff\u00e4llig<\/figcaption><\/figure>\n\n\n\n<figure class=\"wp-block-image size-large\"><a href=\"https:\/\/centcols.org\/wp-content\/uploads\/2026\/01\/Col-de-la-Metairie-Derriere-de-Bienne.jpg\"><img loading=\"lazy\" decoding=\"async\" width=\"750\" height=\"1000\" data-id=\"92565\" src=\"https:\/\/centcols.org\/wp-content\/uploads\/2026\/01\/Col-de-la-Metairie-Derriere-de-Bienne.jpg\" alt=\"\" class=\"wp-image-92565\" srcset=\"https:\/\/centcols.org\/wp-content\/uploads\/2026\/01\/Col-de-la-Metairie-Derriere-de-Bienne.jpg 750w, https:\/\/centcols.org\/wp-content\/uploads\/2026\/01\/Col-de-la-Metairie-Derriere-de-Bienne-9x12.jpg 9w\" sizes=\"auto, (max-width: 750px) 100vw, 750px\" \/><\/a><figcaption class=\"wp-element-caption\">Col de la M\u00e9tairie-Derri\u00e8re de Bienne (Bieler Hinterland)<\/figcaption><\/figure>\n\n\n\n<figure class=\"wp-block-image size-large\"><a href=\"https:\/\/centcols.org\/wp-content\/uploads\/2026\/01\/CH-BE-1541-Le-Pertuis-et-le-Mont-Chasseral.jpg\"><img loading=\"lazy\" decoding=\"async\" width=\"750\" height=\"1000\" data-id=\"92566\" src=\"https:\/\/centcols.org\/wp-content\/uploads\/2026\/01\/CH-BE-1541-Le-Pertuis-et-le-Mont-Chasseral.jpg\" alt=\"\" class=\"wp-image-92566\" srcset=\"https:\/\/centcols.org\/wp-content\/uploads\/2026\/01\/CH-BE-1541-Le-Pertuis-et-le-Mont-Chasseral.jpg 750w, https:\/\/centcols.org\/wp-content\/uploads\/2026\/01\/CH-BE-1541-Le-Pertuis-et-le-Mont-Chasseral-9x12.jpg 9w\" sizes=\"auto, (max-width: 750px) 100vw, 750px\" \/><\/a><figcaption class=\"wp-element-caption\">Le Pertuis und der Berg Chasseral<\/figcaption><\/figure>\n\n\n\n<figure class=\"wp-block-image size-large\"><a href=\"https:\/\/centcols.org\/wp-content\/uploads\/2026\/01\/Cent-cols-aux-sommets-du-Chasseral.jpg\"><img loading=\"lazy\" decoding=\"async\" width=\"750\" height=\"1000\" data-id=\"92567\" src=\"https:\/\/centcols.org\/wp-content\/uploads\/2026\/01\/Cent-cols-aux-sommets-du-Chasseral.jpg\" alt=\"\" class=\"wp-image-92567\" srcset=\"https:\/\/centcols.org\/wp-content\/uploads\/2026\/01\/Cent-cols-aux-sommets-du-Chasseral.jpg 750w, https:\/\/centcols.org\/wp-content\/uploads\/2026\/01\/Cent-cols-aux-sommets-du-Chasseral-9x12.jpg 9w\" sizes=\"auto, (max-width: 750px) 100vw, 750px\" \/><\/a><figcaption class=\"wp-element-caption\">Hundertf\u00fc\u00dfler auf dem Gipfel des Chasseral<\/figcaption><\/figure>\n<\/figure>\n\n\n\n<p><\/p>","protected":false},"excerpt":{"rendered":"<p>Description de l\u2019auteur Auteurs : Christian Binggeli et Philippe ChazottierParcours : effectu\u00e9 le 21 juin 2025, lors de la sortie des Cent Cols suissesD\u00e9part : Les Bugnenets, grand parking de la station de ski \u00e0 1 km de \u00ab\u00a0Les Pontins\u00a0\u00bb au sud de Saint-Imier. Descriptif touristique Le mont Chasseral est visible de loin avec son [&hellip;]<\/p>\n","protected":false},"author":1726,"featured_media":92567,"comment_status":"open","ping_status":"open","sticky":false,"template":"","format":"standard","meta":{"_acf_changed":false,"footnotes":""},"categories":[320,307,334,220],"tags":[],"class_list":["post-92557","post","type-post","status-publish","format-standard","has-post-thumbnail","hentry","category-gravel-type-parcours","category-parcours-suisse","category-jura-massif-parcours-membres","category-parcours-membres"],"acf":[],"yoast_head":"<!-- This site is optimized with the Yoast SEO plugin v27.2 - https:\/\/yoast.com\/product\/yoast-seo-wordpress\/ -->\n<title>CH-BE Massif du Chasseral \u2013 Gravel 48 km, D+ 1580 m, 8 cols - Club des Cent Cols<\/title>\n<meta name=\"robots\" content=\"index, follow, max-snippet:-1, max-image-preview:large, max-video-preview:-1\" \/>\n<link rel=\"canonical\" href=\"https:\/\/centcols.org\/de\/ch-be-massif-du-chasseral-gravel\/\" \/>\n<meta property=\"og:locale\" content=\"de_DE\" \/>\n<meta property=\"og:type\" content=\"article\" \/>\n<meta property=\"og:title\" content=\"CH-BE Massif du Chasseral \u2013 Gravel 48 km, D+ 1580 m, 8 cols - Club des Cent Cols\" \/>\n<meta property=\"og:description\" content=\"Description de l\u2019auteur Auteurs : Christian Binggeli et Philippe ChazottierParcours : effectu\u00e9 le 21 juin 2025, lors de la sortie des Cent Cols suissesD\u00e9part : Les Bugnenets, grand parking de la station de ski \u00e0 1 km de \u00ab\u00a0Les Pontins\u00a0\u00bb au sud de Saint-Imier. Descriptif touristique Le mont Chasseral est visible de loin avec son [&hellip;]\" \/>\n<meta property=\"og:url\" content=\"https:\/\/centcols.org\/de\/ch-be-massif-du-chasseral-gravel\/\" \/>\n<meta property=\"og:site_name\" content=\"Club des Cent Cols\" \/>\n<meta property=\"article:publisher\" content=\"https:\/\/www.facebook.com\/groups\/5261880558\/?locale=fr_FR\" \/>\n<meta property=\"article:published_time\" content=\"2026-01-11T08:47:41+00:00\" \/>\n<meta property=\"article:modified_time\" content=\"2026-03-10T17:44:30+00:00\" \/>\n<meta property=\"og:image\" content=\"https:\/\/centcols.org\/wp-content\/uploads\/2026\/01\/Cent-cols-aux-sommets-du-Chasseral.jpg\" \/>\n\t<meta property=\"og:image:width\" content=\"750\" \/>\n\t<meta property=\"og:image:height\" content=\"1000\" \/>\n\t<meta property=\"og:image:type\" content=\"image\/jpeg\" \/>\n<meta name=\"author\" content=\"Ren\u00e9 Mercier\" \/>\n<meta name=\"twitter:card\" content=\"summary_large_image\" \/>\n<meta name=\"twitter:label1\" content=\"Verfasst von\" \/>\n\t<meta name=\"twitter:data1\" content=\"Ren\u00e9 Mercier\" \/>\n\t<meta name=\"twitter:label2\" content=\"Gesch\u00e4tzte Lesezeit\" \/>\n\t<meta name=\"twitter:data2\" content=\"3\u00a0Minuten\" \/>\n<script type=\"application\/ld+json\" class=\"yoast-schema-graph\">{\"@context\":\"https:\/\/schema.org\",\"@graph\":[{\"@type\":\"Article\",\"@id\":\"https:\/\/centcols.org\/nl\/ch-be-massief-van-chasseral-grind\/#article\",\"isPartOf\":{\"@id\":\"https:\/\/centcols.org\/nl\/ch-be-massief-van-chasseral-grind\/\"},\"author\":{\"name\":\"Ren\u00e9 Mercier\",\"@id\":\"https:\/\/centcols.org\/#\/schema\/person\/0cc8f723679c98f3fb7798df5a50c018\"},\"headline\":\"CH-BE Massif du Chasseral \u2013 Gravel 48 km, D+ 1580 m, 8 cols\",\"datePublished\":\"2026-01-11T08:47:41+00:00\",\"dateModified\":\"2026-03-10T17:44:30+00:00\",\"mainEntityOfPage\":{\"@id\":\"https:\/\/centcols.org\/nl\/ch-be-massief-van-chasseral-grind\/\"},\"wordCount\":344,\"commentCount\":0,\"publisher\":{\"@id\":\"https:\/\/centcols.org\/#organization\"},\"image\":{\"@id\":\"https:\/\/centcols.org\/nl\/ch-be-massief-van-chasseral-grind\/#primaryimage\"},\"thumbnailUrl\":\"https:\/\/centcols.org\/wp-content\/uploads\/2026\/01\/Cent-cols-aux-sommets-du-Chasseral.jpg\",\"articleSection\":[\"Gravel\",\"Parcours Suisse\",\"Jura\",\"Parcours membres\"],\"inLanguage\":\"de\",\"potentialAction\":[{\"@type\":\"CommentAction\",\"name\":\"Comment\",\"target\":[\"https:\/\/centcols.org\/nl\/ch-be-massief-van-chasseral-grind\/#respond\"]}]},{\"@type\":\"WebPage\",\"@id\":\"https:\/\/centcols.org\/nl\/ch-be-massief-van-chasseral-grind\/\",\"url\":\"https:\/\/centcols.org\/nl\/ch-be-massief-van-chasseral-grind\/\",\"name\":\"CH-BE Massif du Chasseral \u2013 Gravel 48 km, D+ 1580 m, 8 cols - Club des Cent Cols\",\"isPartOf\":{\"@id\":\"https:\/\/centcols.org\/#website\"},\"primaryImageOfPage\":{\"@id\":\"https:\/\/centcols.org\/nl\/ch-be-massief-van-chasseral-grind\/#primaryimage\"},\"image\":{\"@id\":\"https:\/\/centcols.org\/nl\/ch-be-massief-van-chasseral-grind\/#primaryimage\"},\"thumbnailUrl\":\"https:\/\/centcols.org\/wp-content\/uploads\/2026\/01\/Cent-cols-aux-sommets-du-Chasseral.jpg\",\"datePublished\":\"2026-01-11T08:47:41+00:00\",\"dateModified\":\"2026-03-10T17:44:30+00:00\",\"breadcrumb\":{\"@id\":\"https:\/\/centcols.org\/nl\/ch-be-massief-van-chasseral-grind\/#breadcrumb\"},\"inLanguage\":\"de\",\"potentialAction\":[{\"@type\":\"ReadAction\",\"target\":[\"https:\/\/centcols.org\/nl\/ch-be-massief-van-chasseral-grind\/\"]}]},{\"@type\":\"ImageObject\",\"inLanguage\":\"de\",\"@id\":\"https:\/\/centcols.org\/nl\/ch-be-massief-van-chasseral-grind\/#primaryimage\",\"url\":\"https:\/\/centcols.org\/wp-content\/uploads\/2026\/01\/Cent-cols-aux-sommets-du-Chasseral.jpg\",\"contentUrl\":\"https:\/\/centcols.org\/wp-content\/uploads\/2026\/01\/Cent-cols-aux-sommets-du-Chasseral.jpg\",\"width\":750,\"height\":1000},{\"@type\":\"BreadcrumbList\",\"@id\":\"https:\/\/centcols.org\/nl\/ch-be-massief-van-chasseral-grind\/#breadcrumb\",\"itemListElement\":[{\"@type\":\"ListItem\",\"position\":1,\"name\":\"Accueil\",\"item\":\"https:\/\/centcols.org\/\"},{\"@type\":\"ListItem\",\"position\":2,\"name\":\"Parcours membres\",\"item\":\"https:\/\/centcols.org\/rubrique\/parcours-membres\/\"},{\"@type\":\"ListItem\",\"position\":3,\"name\":\"Pays\",\"item\":\"https:\/\/centcols.org\/rubrique\/parcours-membres\/pays-parcours-membres\/\"},{\"@type\":\"ListItem\",\"position\":4,\"name\":\"Parcours Suisse\",\"item\":\"https:\/\/centcols.org\/rubrique\/parcours-membres\/pays-parcours-membres\/parcours-suisse\/\"},{\"@type\":\"ListItem\",\"position\":5,\"name\":\"CH-BE Massif du Chasseral \u2013 Gravel 48 km, D+ 1580 m, 8 cols\"}]},{\"@type\":\"WebSite\",\"@id\":\"https:\/\/centcols.org\/#website\",\"url\":\"https:\/\/centcols.org\/\",\"name\":\"Club des Cent Cols\",\"description\":\"\",\"publisher\":{\"@id\":\"https:\/\/centcols.org\/#organization\"},\"potentialAction\":[{\"@type\":\"SearchAction\",\"target\":{\"@type\":\"EntryPoint\",\"urlTemplate\":\"https:\/\/centcols.org\/?s={search_term_string}\"},\"query-input\":{\"@type\":\"PropertyValueSpecification\",\"valueRequired\":true,\"valueName\":\"search_term_string\"}}],\"inLanguage\":\"de\"},{\"@type\":\"Organization\",\"@id\":\"https:\/\/centcols.org\/#organization\",\"name\":\"Club des Cent Cols\",\"url\":\"https:\/\/centcols.org\/\",\"logo\":{\"@type\":\"ImageObject\",\"inLanguage\":\"de\",\"@id\":\"https:\/\/centcols.org\/#\/schema\/logo\/image\/\",\"url\":\"https:\/\/centcols.org\/wp-content\/uploads\/2025\/01\/carte-icone.png\",\"contentUrl\":\"https:\/\/centcols.org\/wp-content\/uploads\/2025\/01\/carte-icone.png\",\"width\":250,\"height\":250,\"caption\":\"Club des Cent Cols\"},\"image\":{\"@id\":\"https:\/\/centcols.org\/#\/schema\/logo\/image\/\"},\"sameAs\":[\"https:\/\/www.facebook.com\/groups\/5261880558\/?locale=fr_FR\"]},{\"@type\":\"Person\",\"@id\":\"https:\/\/centcols.org\/#\/schema\/person\/0cc8f723679c98f3fb7798df5a50c018\",\"name\":\"Ren\u00e9 Mercier\",\"image\":{\"@type\":\"ImageObject\",\"inLanguage\":\"de\",\"@id\":\"https:\/\/centcols.org\/wp-content\/litespeed\/avatar\/c2275eeaf79d4f7456274de381abeeab.jpg?ver=1777347562\",\"url\":\"https:\/\/centcols.org\/wp-content\/litespeed\/avatar\/c2275eeaf79d4f7456274de381abeeab.jpg?ver=1777347562\",\"contentUrl\":\"https:\/\/centcols.org\/wp-content\/litespeed\/avatar\/c2275eeaf79d4f7456274de381abeeab.jpg?ver=1777347562\",\"caption\":\"Ren\u00e9 Mercier\"},\"url\":\"https:\/\/centcols.org\/de\/author\/7552\/\"}]}<\/script>\n<!-- \/ Yoast SEO plugin. -->","yoast_head_json":{"title":"CH-BE Chasseral-Massiv - Gravel 48 km, D+ 1580 m, 8 P\u00e4sse - Club des Cent Cols","robots":{"index":"index","follow":"follow","max-snippet":"max-snippet:-1","max-image-preview":"max-image-preview:large","max-video-preview":"max-video-preview:-1"},"canonical":"https:\/\/centcols.org\/de\/ch-be-massif-du-chasseral-gravel\/","og_locale":"de_DE","og_type":"article","og_title":"CH-BE Massif du Chasseral \u2013 Gravel 48 km, D+ 1580 m, 8 cols - Club des Cent Cols","og_description":"Description de l\u2019auteur Auteurs : Christian Binggeli et Philippe ChazottierParcours : effectu\u00e9 le 21 juin 2025, lors de la sortie des Cent Cols suissesD\u00e9part : Les Bugnenets, grand parking de la station de ski \u00e0 1 km de \u00ab\u00a0Les Pontins\u00a0\u00bb au sud de Saint-Imier. Descriptif touristique Le mont Chasseral est visible de loin avec son [&hellip;]","og_url":"https:\/\/centcols.org\/de\/ch-be-massif-du-chasseral-gravel\/","og_site_name":"Club des Cent Cols","article_publisher":"https:\/\/www.facebook.com\/groups\/5261880558\/?locale=fr_FR","article_published_time":"2026-01-11T08:47:41+00:00","article_modified_time":"2026-03-10T17:44:30+00:00","og_image":[{"width":750,"height":1000,"url":"https:\/\/centcols.org\/wp-content\/uploads\/2026\/01\/Cent-cols-aux-sommets-du-Chasseral.jpg","type":"image\/jpeg"}],"author":"Ren\u00e9 Mercier","twitter_card":"summary_large_image","twitter_misc":{"Verfasst von":"Ren\u00e9 Mercier","Gesch\u00e4tzte Lesezeit":"3\u00a0Minuten"},"schema":{"@context":"https:\/\/schema.org","@graph":[{"@type":"Article","@id":"https:\/\/centcols.org\/nl\/ch-be-massief-van-chasseral-grind\/#article","isPartOf":{"@id":"https:\/\/centcols.org\/nl\/ch-be-massief-van-chasseral-grind\/"},"author":{"name":"Ren\u00e9 Mercier","@id":"https:\/\/centcols.org\/#\/schema\/person\/0cc8f723679c98f3fb7798df5a50c018"},"headline":"CH-BE Massif du Chasseral \u2013 Gravel 48 km, D+ 1580 m, 8 cols","datePublished":"2026-01-11T08:47:41+00:00","dateModified":"2026-03-10T17:44:30+00:00","mainEntityOfPage":{"@id":"https:\/\/centcols.org\/nl\/ch-be-massief-van-chasseral-grind\/"},"wordCount":344,"commentCount":0,"publisher":{"@id":"https:\/\/centcols.org\/#organization"},"image":{"@id":"https:\/\/centcols.org\/nl\/ch-be-massief-van-chasseral-grind\/#primaryimage"},"thumbnailUrl":"https:\/\/centcols.org\/wp-content\/uploads\/2026\/01\/Cent-cols-aux-sommets-du-Chasseral.jpg","articleSection":["Gravel","Parcours Suisse","Jura","Parcours membres"],"inLanguage":"de","potentialAction":[{"@type":"CommentAction","name":"Comment","target":["https:\/\/centcols.org\/nl\/ch-be-massief-van-chasseral-grind\/#respond"]}]},{"@type":"WebPage","@id":"https:\/\/centcols.org\/nl\/ch-be-massief-van-chasseral-grind\/","url":"https:\/\/centcols.org\/nl\/ch-be-massief-van-chasseral-grind\/","name":"CH-BE Chasseral-Massiv - Gravel 48 km, D+ 1580 m, 8 P\u00e4sse - Club des Cent Cols","isPartOf":{"@id":"https:\/\/centcols.org\/#website"},"primaryImageOfPage":{"@id":"https:\/\/centcols.org\/nl\/ch-be-massief-van-chasseral-grind\/#primaryimage"},"image":{"@id":"https:\/\/centcols.org\/nl\/ch-be-massief-van-chasseral-grind\/#primaryimage"},"thumbnailUrl":"https:\/\/centcols.org\/wp-content\/uploads\/2026\/01\/Cent-cols-aux-sommets-du-Chasseral.jpg","datePublished":"2026-01-11T08:47:41+00:00","dateModified":"2026-03-10T17:44:30+00:00","breadcrumb":{"@id":"https:\/\/centcols.org\/nl\/ch-be-massief-van-chasseral-grind\/#breadcrumb"},"inLanguage":"de","potentialAction":[{"@type":"ReadAction","target":["https:\/\/centcols.org\/nl\/ch-be-massief-van-chasseral-grind\/"]}]},{"@type":"ImageObject","inLanguage":"de","@id":"https:\/\/centcols.org\/nl\/ch-be-massief-van-chasseral-grind\/#primaryimage","url":"https:\/\/centcols.org\/wp-content\/uploads\/2026\/01\/Cent-cols-aux-sommets-du-Chasseral.jpg","contentUrl":"https:\/\/centcols.org\/wp-content\/uploads\/2026\/01\/Cent-cols-aux-sommets-du-Chasseral.jpg","width":750,"height":1000},{"@type":"BreadcrumbList","@id":"https:\/\/centcols.org\/nl\/ch-be-massief-van-chasseral-grind\/#breadcrumb","itemListElement":[{"@type":"ListItem","position":1,"name":"Accueil","item":"https:\/\/centcols.org\/"},{"@type":"ListItem","position":2,"name":"Parcours membres","item":"https:\/\/centcols.org\/rubrique\/parcours-membres\/"},{"@type":"ListItem","position":3,"name":"Pays","item":"https:\/\/centcols.org\/rubrique\/parcours-membres\/pays-parcours-membres\/"},{"@type":"ListItem","position":4,"name":"Parcours Suisse","item":"https:\/\/centcols.org\/rubrique\/parcours-membres\/pays-parcours-membres\/parcours-suisse\/"},{"@type":"ListItem","position":5,"name":"CH-BE Massif du Chasseral \u2013 Gravel 48 km, D+ 1580 m, 8 cols"}]},{"@type":"WebSite","@id":"https:\/\/centcols.org\/#website","url":"https:\/\/centcols.org\/","name":"Club des Cent Cols","description":"","publisher":{"@id":"https:\/\/centcols.org\/#organization"},"potentialAction":[{"@type":"SearchAction","target":{"@type":"EntryPoint","urlTemplate":"https:\/\/centcols.org\/?s={search_term_string}"},"query-input":{"@type":"PropertyValueSpecification","valueRequired":true,"valueName":"search_term_string"}}],"inLanguage":"de"},{"@type":"Organization","@id":"https:\/\/centcols.org\/#organization","name":"Club des Cent Cols","url":"https:\/\/centcols.org\/","logo":{"@type":"ImageObject","inLanguage":"de","@id":"https:\/\/centcols.org\/#\/schema\/logo\/image\/","url":"https:\/\/centcols.org\/wp-content\/uploads\/2025\/01\/carte-icone.png","contentUrl":"https:\/\/centcols.org\/wp-content\/uploads\/2025\/01\/carte-icone.png","width":250,"height":250,"caption":"Club des Cent Cols"},"image":{"@id":"https:\/\/centcols.org\/#\/schema\/logo\/image\/"},"sameAs":["https:\/\/www.facebook.com\/groups\/5261880558\/?locale=fr_FR"]},{"@type":"Person","@id":"https:\/\/centcols.org\/#\/schema\/person\/0cc8f723679c98f3fb7798df5a50c018","name":"Ren\u00e9 Mercier","image":{"@type":"ImageObject","inLanguage":"de","@id":"https:\/\/centcols.org\/wp-content\/litespeed\/avatar\/c2275eeaf79d4f7456274de381abeeab.jpg?ver=1777347562","url":"https:\/\/centcols.org\/wp-content\/litespeed\/avatar\/c2275eeaf79d4f7456274de381abeeab.jpg?ver=1777347562","contentUrl":"https:\/\/centcols.org\/wp-content\/litespeed\/avatar\/c2275eeaf79d4f7456274de381abeeab.jpg?ver=1777347562","caption":"Ren\u00e9 Mercier"},"url":"https:\/\/centcols.org\/de\/author\/7552\/"}]}},"_links":{"self":[{"href":"https:\/\/centcols.org\/de\/wp-json\/wp\/v2\/posts\/92557","targetHints":{"allow":["GET"]}}],"collection":[{"href":"https:\/\/centcols.org\/de\/wp-json\/wp\/v2\/posts"}],"about":[{"href":"https:\/\/centcols.org\/de\/wp-json\/wp\/v2\/types\/post"}],"author":[{"embeddable":true,"href":"https:\/\/centcols.org\/de\/wp-json\/wp\/v2\/users\/1726"}],"replies":[{"embeddable":true,"href":"https:\/\/centcols.org\/de\/wp-json\/wp\/v2\/comments?post=92557"}],"version-history":[{"count":0,"href":"https:\/\/centcols.org\/de\/wp-json\/wp\/v2\/posts\/92557\/revisions"}],"wp:featuredmedia":[{"embeddable":true,"href":"https:\/\/centcols.org\/de\/wp-json\/wp\/v2\/media\/92567"}],"wp:attachment":[{"href":"https:\/\/centcols.org\/de\/wp-json\/wp\/v2\/media?parent=92557"}],"wp:term":[{"taxonomy":"category","embeddable":true,"href":"https:\/\/centcols.org\/de\/wp-json\/wp\/v2\/categories?post=92557"},{"taxonomy":"post_tag","embeddable":true,"href":"https:\/\/centcols.org\/de\/wp-json\/wp\/v2\/tags?post=92557"}],"curies":[{"name":"wp","href":"https:\/\/api.w.org\/{rel}","templated":true}]}}