{"id":92587,"date":"2026-01-15T16:39:03","date_gmt":"2026-01-15T14:39:03","guid":{"rendered":"https:\/\/centcols.org\/?p=92587"},"modified":"2026-03-10T19:39:06","modified_gmt":"2026-03-10T17:39:06","slug":"ch-vd-bougy-villars-route","status":"publish","type":"post","link":"https:\/\/centcols.org\/de\/ch-vd-bougy-villars-route\/","title":{"rendered":"CH-VD Bougy-Villars - Route 93 km, D+ 1290 m, 7 P\u00e4sse"},"content":{"rendered":"<iframe width=\"100%\" height=\"650\" loading=\"lazy\" src=\"https:\/\/www.openrunner.com\/embed\/684a615a4c3764306f663750495957503135305538637938496d787178524f2b6c776c73463951627052493d3a3a45202f30abb41465e0e129f8eb3146d4?unit=metric\" style=\"border: none;\"><\/iframe>\n\n\n\n<div style=\"height:30px\" aria-hidden=\"true\" class=\"wp-block-spacer\"><\/div>\n\n\n\n<h2 class=\"wp-block-heading\">Beschreibung des Autors<\/h2>\n\n\n\n<p><strong>Autor&nbsp;<\/strong>: Philippe Chazottier (mit Beratung von Pierre Mai)<br><strong>Parcours&nbsp;<\/strong>: durchgef\u00fchrt am 7. M\u00e4rz 2025<br><strong>Abreise&nbsp;<\/strong>: Bougy-Villars, vom Parkplatz des Signals von Bougy (1,20 CHF\/Stunde) bis zum Norden des Dorfes.<\/p>\n\n\n\n<div style=\"height:30px\" aria-hidden=\"true\" class=\"wp-block-spacer\"><\/div>\n\n\n\n<h2 class=\"wp-block-heading\">Touristische Beschreibung<\/h2>\n\n\n\n<p>Sch\u00f6ne Aussicht auf das Genferseebecken. Vergn\u00fcgungspark und herrliches Panorama auf den Genfer See und die Alpenkette.<\/p>\n\n\n\n<div style=\"height:30px\" aria-hidden=\"true\" class=\"wp-block-spacer\"><\/div>\n\n\n\n<h2 class=\"wp-block-heading\">Technische Beschreibung<\/h2>\n\n\n\n<p>Stra\u00dfenstrecke mit 100%, ohne gro\u00dfe Schwierigkeiten und vom Verkehr verschont.<br>In der Schweiz sind praktisch alle Parkpl\u00e4tze reglementiert: Sie sind entweder geb\u00fchrenpflichtig oder auf maximal drei kostenlose Stunden beschr\u00e4nkt, in Ballungsgebieten sogar auf eine Stunde. Zudem gibt es auf dem Land kaum oder gar keine Haltem\u00f6glichkeiten: <a href=\"https:\/\/www.carvolution.com\/fr\/magazine\/zones-de-stationnement\" target=\"_blank\" rel=\"noreferrer noopener\">parken in der Schweiz<\/a>.<\/p>\n\n\n\n<p><strong>7 P\u00e4sse<\/strong><\/p>\n\n\n\n<figure class=\"wp-block-table\"><table class=\"has-background\" style=\"background-color:#f0f0f0\"><tbody><tr><td>1 - Collet de Ch\u00e2tel<\/td><td class=\"has-text-align-center\" data-align=\"center\">762 m<\/td><td><a href=\"https:\/\/centcols.org\/de\/util\/geo\/visu.php\/?code=CH-VD-0762\" target=\"_blank\" rel=\"noreferrer noopener\">CH-VD-0762<\/a><\/td><\/tr><tr><td>2 - Aux Creuses<\/td><td class=\"has-text-align-center\" data-align=\"center\">810 m<\/td><td><a href=\"https:\/\/centcols.org\/de\/util\/geo\/visu.php\/?code=CH-VD-0810\" target=\"_blank\" rel=\"noreferrer noopener\">CH-VD-0810<\/a><\/td><\/tr><tr><td>3 - Col de la Taille<\/td><td class=\"has-text-align-center\" data-align=\"center\">670 m<\/td><td><a href=\"https:\/\/centcols.org\/de\/util\/geo\/visu.php\/?code=CH-VD-0670\" target=\"_blank\" rel=\"noreferrer noopener\">CH-VD-0670<\/a><\/td><\/tr><tr><td>4 - Gabeln<\/td><td class=\"has-text-align-center\" data-align=\"center\">599 m<\/td><td><a href=\"https:\/\/centcols.org\/de\/util\/geo\/visu.php\/?code=CH-VD-0599\" target=\"_blank\" rel=\"noreferrer noopener\">CH-VD-0599<\/a><\/td><\/tr><tr><td>5 - Col de la Sarraz<\/td><td class=\"has-text-align-center\" data-align=\"center\">496 m<\/td><td><a href=\"https:\/\/centcols.org\/de\/util\/geo\/visu.php\/?code=CH-VD-0496\" target=\"_blank\" rel=\"noreferrer noopener\">CH-VD-0496<\/a><\/td><\/tr><tr><td>6 - Passage von Entreroches<\/td><td class=\"has-text-align-center\" data-align=\"center\">456 m<\/td><td><a href=\"https:\/\/centcols.org\/de\/util\/geo\/visu.php\/?code=CH-VD-0456\" target=\"_blank\" rel=\"noreferrer noopener\">CH-VD-0456<\/a><\/td><\/tr><tr><td>7 - Le Creu du Bon<\/td><td class=\"has-text-align-center\" data-align=\"center\">528 m<\/td><td><a href=\"https:\/\/centcols.org\/de\/util\/geo\/visu.php\/?code=CH-VD-0528\" target=\"_blank\" rel=\"noreferrer noopener\">CH-VD-0528<\/a><\/td><\/tr><\/tbody><\/table><\/figure>\n\n\n\n<p><strong>Schlagw\u00f6rter<\/strong>&nbsp;: Bougy-Villars, Waadtl\u00e4nder, Aubonne, Genfersee, Centcols<\/p>\n\n\n\n<p>Openrunner-Link, interaktive Karte, Profil, Track : <a href=\"https:\/\/www.openrunner.com\/route-details\/23173038\" target=\"_blank\" rel=\"noreferrer noopener\">https:\/\/www.openrunner.com\/route-details\/23173038<\/a><\/p>\n\n\n\n<p>Diese Route wird nur zur Orientierung vorgeschlagen. Der Autor \u00fcbernimmt keine Haftung f\u00fcr Unw\u00e4gbarkeiten, die auf den Radfahrer selbst, das verwendete Material und alles, was die Stra\u00dfe, die Pisten und Wege, ihre Umgebung und andere Benutzer betrifft, zur\u00fcckzuf\u00fchren sind, sowie f\u00fcr die Haftung des Club des Cent Cols.<\/p>\n\n\n\n<div style=\"height:30px\" aria-hidden=\"true\" class=\"wp-block-spacer\"><\/div>\n\n\n\n<h2 class=\"wp-block-heading\">Fotos<\/h2>\n\n\n\n<figure class=\"wp-block-gallery has-nested-images columns-default is-cropped wp-block-gallery-1 is-layout-flex wp-block-gallery-is-layout-flex\">\n<figure class=\"wp-block-image size-full\"><a href=\"https:\/\/centcols.org\/wp-content\/uploads\/2026\/01\/Aubonne.jpg\"><img loading=\"lazy\" decoding=\"async\" width=\"1200\" height=\"823\" data-id=\"92592\" src=\"https:\/\/centcols.org\/wp-content\/uploads\/2026\/01\/Aubonne.jpg\" alt=\"\" class=\"wp-image-92592\" srcset=\"https:\/\/centcols.org\/wp-content\/uploads\/2026\/01\/Aubonne.jpg 1200w, https:\/\/centcols.org\/wp-content\/uploads\/2026\/01\/Aubonne-768x527.jpg 768w, https:\/\/centcols.org\/wp-content\/uploads\/2026\/01\/Aubonne-18x12.jpg 18w\" sizes=\"auto, (max-width: 1200px) 100vw, 1200px\" \/><\/a><figcaption class=\"wp-element-caption\">Aubonne<\/figcaption><\/figure>\n\n\n\n<figure class=\"wp-block-image size-full\"><a href=\"https:\/\/centcols.org\/wp-content\/uploads\/2026\/01\/Le-Jura-vaudois.jpg\"><img loading=\"lazy\" decoding=\"async\" width=\"1200\" height=\"765\" data-id=\"92593\" src=\"https:\/\/centcols.org\/wp-content\/uploads\/2026\/01\/Le-Jura-vaudois.jpg\" alt=\"\" class=\"wp-image-92593\" srcset=\"https:\/\/centcols.org\/wp-content\/uploads\/2026\/01\/Le-Jura-vaudois.jpg 1200w, https:\/\/centcols.org\/wp-content\/uploads\/2026\/01\/Le-Jura-vaudois-768x490.jpg 768w, https:\/\/centcols.org\/wp-content\/uploads\/2026\/01\/Le-Jura-vaudois-18x12.jpg 18w\" sizes=\"auto, (max-width: 1200px) 100vw, 1200px\" \/><\/a><figcaption class=\"wp-element-caption\">Waadtl\u00e4nder Jura<\/figcaption><\/figure>\n\n\n\n<figure class=\"wp-block-image size-full\"><a href=\"https:\/\/centcols.org\/wp-content\/uploads\/2026\/01\/Tilleul-centenaire-a-proximite-du-Passage-dEntreroches.jpg\"><img loading=\"lazy\" decoding=\"async\" width=\"825\" height=\"1100\" data-id=\"92594\" src=\"https:\/\/centcols.org\/wp-content\/uploads\/2026\/01\/Tilleul-centenaire-a-proximite-du-Passage-dEntreroches.jpg\" alt=\"\" class=\"wp-image-92594\" srcset=\"https:\/\/centcols.org\/wp-content\/uploads\/2026\/01\/Tilleul-centenaire-a-proximite-du-Passage-dEntreroches.jpg 825w, https:\/\/centcols.org\/wp-content\/uploads\/2026\/01\/Tilleul-centenaire-a-proximite-du-Passage-dEntreroches-768x1024.jpg 768w, https:\/\/centcols.org\/wp-content\/uploads\/2026\/01\/Tilleul-centenaire-a-proximite-du-Passage-dEntreroches-9x12.jpg 9w\" sizes=\"auto, (max-width: 825px) 100vw, 825px\" \/><\/a><figcaption class=\"wp-element-caption\">Hundertj\u00e4hrige Linde in der N\u00e4he der Passage d'Entreroches<\/figcaption><\/figure>\n<\/figure>","protected":false},"excerpt":{"rendered":"<p>Description de l\u2019auteur Auteur&nbsp;: Philippe Chazottier (avec les conseils de Pierre Mai)Parcours&nbsp;: effectu\u00e9 le 7 mars 2025D\u00e9part&nbsp;: Bougy-Villars, du parking du signal de Bougy (1,20 CHF\/heure) au nord du village. Descriptif touristique Belles vues sur le bassin l\u00e9manique. Parc d&rsquo;attractions et superbe panorama sur le lac L\u00e9man et la cha\u00eene des Alpes. Descriptif technique Parcours [&hellip;]<\/p>\n","protected":false},"author":1726,"featured_media":92594,"comment_status":"open","ping_status":"open","sticky":false,"template":"","format":"standard","meta":{"_acf_changed":false,"footnotes":""},"categories":[318,307,334,220],"tags":[],"class_list":["post-92587","post","type-post","status-publish","format-standard","has-post-thumbnail","hentry","category-route-type-parcours","category-parcours-suisse","category-jura-massif-parcours-membres","category-parcours-membres"],"acf":[],"yoast_head":"<!-- This site is optimized with the Yoast SEO plugin v27.2 - https:\/\/yoast.com\/product\/yoast-seo-wordpress\/ -->\n<title>CH-VD Bougy-Villars - Route 93 km, D+ 1290 m, 7 cols - Club des Cent Cols<\/title>\n<meta name=\"robots\" content=\"index, follow, max-snippet:-1, max-image-preview:large, max-video-preview:-1\" \/>\n<link rel=\"canonical\" href=\"https:\/\/centcols.org\/de\/ch-vd-bougy-villars-route\/\" \/>\n<meta property=\"og:locale\" content=\"de_DE\" \/>\n<meta property=\"og:type\" content=\"article\" \/>\n<meta property=\"og:title\" content=\"CH-VD Bougy-Villars - Route 93 km, D+ 1290 m, 7 cols - Club des Cent Cols\" \/>\n<meta property=\"og:description\" content=\"Description de l\u2019auteur Auteur&nbsp;: Philippe Chazottier (avec les conseils de Pierre Mai)Parcours&nbsp;: effectu\u00e9 le 7 mars 2025D\u00e9part&nbsp;: Bougy-Villars, du parking du signal de Bougy (1,20 CHF\/heure) au nord du village. Descriptif touristique Belles vues sur le bassin l\u00e9manique. Parc d&rsquo;attractions et superbe panorama sur le lac L\u00e9man et la cha\u00eene des Alpes. Descriptif technique Parcours [&hellip;]\" \/>\n<meta property=\"og:url\" content=\"https:\/\/centcols.org\/de\/ch-vd-bougy-villars-route\/\" \/>\n<meta property=\"og:site_name\" content=\"Club des Cent Cols\" \/>\n<meta property=\"article:publisher\" content=\"https:\/\/www.facebook.com\/groups\/5261880558\/?locale=fr_FR\" \/>\n<meta property=\"article:published_time\" content=\"2026-01-15T14:39:03+00:00\" \/>\n<meta property=\"article:modified_time\" content=\"2026-03-10T17:39:06+00:00\" \/>\n<meta property=\"og:image\" content=\"https:\/\/centcols.org\/wp-content\/uploads\/2026\/01\/Tilleul-centenaire-a-proximite-du-Passage-dEntreroches.jpg\" \/>\n\t<meta property=\"og:image:width\" content=\"825\" \/>\n\t<meta property=\"og:image:height\" content=\"1100\" \/>\n\t<meta property=\"og:image:type\" content=\"image\/jpeg\" \/>\n<meta name=\"author\" content=\"Ren\u00e9 Mercier\" \/>\n<meta name=\"twitter:card\" content=\"summary_large_image\" \/>\n<meta name=\"twitter:label1\" content=\"Verfasst von\" \/>\n\t<meta name=\"twitter:data1\" content=\"Ren\u00e9 Mercier\" \/>\n\t<meta name=\"twitter:label2\" content=\"Gesch\u00e4tzte Lesezeit\" \/>\n\t<meta name=\"twitter:data2\" content=\"2\u00a0Minuten\" \/>\n<script type=\"application\/ld+json\" class=\"yoast-schema-graph\">{\"@context\":\"https:\/\/schema.org\",\"@graph\":[{\"@type\":\"Article\",\"@id\":\"https:\/\/centcols.org\/es\/ch-vd-bougy-villars-ruta\/#article\",\"isPartOf\":{\"@id\":\"https:\/\/centcols.org\/es\/ch-vd-bougy-villars-ruta\/\"},\"author\":{\"name\":\"Ren\u00e9 Mercier\",\"@id\":\"https:\/\/centcols.org\/#\/schema\/person\/0cc8f723679c98f3fb7798df5a50c018\"},\"headline\":\"CH-VD Bougy-Villars &#8211; Route 93 km, D+ 1290 m, 7 cols\",\"datePublished\":\"2026-01-15T14:39:03+00:00\",\"dateModified\":\"2026-03-10T17:39:06+00:00\",\"mainEntityOfPage\":{\"@id\":\"https:\/\/centcols.org\/es\/ch-vd-bougy-villars-ruta\/\"},\"wordCount\":256,\"commentCount\":0,\"publisher\":{\"@id\":\"https:\/\/centcols.org\/#organization\"},\"image\":{\"@id\":\"https:\/\/centcols.org\/es\/ch-vd-bougy-villars-ruta\/#primaryimage\"},\"thumbnailUrl\":\"https:\/\/centcols.org\/wp-content\/uploads\/2026\/01\/Tilleul-centenaire-a-proximite-du-Passage-dEntreroches.jpg\",\"articleSection\":[\"Route\",\"Parcours Suisse\",\"Jura\",\"Parcours membres\"],\"inLanguage\":\"de\",\"potentialAction\":[{\"@type\":\"CommentAction\",\"name\":\"Comment\",\"target\":[\"https:\/\/centcols.org\/es\/ch-vd-bougy-villars-ruta\/#respond\"]}]},{\"@type\":\"WebPage\",\"@id\":\"https:\/\/centcols.org\/es\/ch-vd-bougy-villars-ruta\/\",\"url\":\"https:\/\/centcols.org\/es\/ch-vd-bougy-villars-ruta\/\",\"name\":\"CH-VD Bougy-Villars - Route 93 km, D+ 1290 m, 7 cols - Club des Cent Cols\",\"isPartOf\":{\"@id\":\"https:\/\/centcols.org\/#website\"},\"primaryImageOfPage\":{\"@id\":\"https:\/\/centcols.org\/es\/ch-vd-bougy-villars-ruta\/#primaryimage\"},\"image\":{\"@id\":\"https:\/\/centcols.org\/es\/ch-vd-bougy-villars-ruta\/#primaryimage\"},\"thumbnailUrl\":\"https:\/\/centcols.org\/wp-content\/uploads\/2026\/01\/Tilleul-centenaire-a-proximite-du-Passage-dEntreroches.jpg\",\"datePublished\":\"2026-01-15T14:39:03+00:00\",\"dateModified\":\"2026-03-10T17:39:06+00:00\",\"breadcrumb\":{\"@id\":\"https:\/\/centcols.org\/es\/ch-vd-bougy-villars-ruta\/#breadcrumb\"},\"inLanguage\":\"de\",\"potentialAction\":[{\"@type\":\"ReadAction\",\"target\":[\"https:\/\/centcols.org\/es\/ch-vd-bougy-villars-ruta\/\"]}]},{\"@type\":\"ImageObject\",\"inLanguage\":\"de\",\"@id\":\"https:\/\/centcols.org\/es\/ch-vd-bougy-villars-ruta\/#primaryimage\",\"url\":\"https:\/\/centcols.org\/wp-content\/uploads\/2026\/01\/Tilleul-centenaire-a-proximite-du-Passage-dEntreroches.jpg\",\"contentUrl\":\"https:\/\/centcols.org\/wp-content\/uploads\/2026\/01\/Tilleul-centenaire-a-proximite-du-Passage-dEntreroches.jpg\",\"width\":825,\"height\":1100},{\"@type\":\"BreadcrumbList\",\"@id\":\"https:\/\/centcols.org\/es\/ch-vd-bougy-villars-ruta\/#breadcrumb\",\"itemListElement\":[{\"@type\":\"ListItem\",\"position\":1,\"name\":\"Accueil\",\"item\":\"https:\/\/centcols.org\/\"},{\"@type\":\"ListItem\",\"position\":2,\"name\":\"Parcours membres\",\"item\":\"https:\/\/centcols.org\/rubrique\/parcours-membres\/\"},{\"@type\":\"ListItem\",\"position\":3,\"name\":\"Pays\",\"item\":\"https:\/\/centcols.org\/rubrique\/parcours-membres\/pays-parcours-membres\/\"},{\"@type\":\"ListItem\",\"position\":4,\"name\":\"Parcours Suisse\",\"item\":\"https:\/\/centcols.org\/rubrique\/parcours-membres\/pays-parcours-membres\/parcours-suisse\/\"},{\"@type\":\"ListItem\",\"position\":5,\"name\":\"CH-VD Bougy-Villars &#8211; Route 93 km, D+ 1290 m, 7 cols\"}]},{\"@type\":\"WebSite\",\"@id\":\"https:\/\/centcols.org\/#website\",\"url\":\"https:\/\/centcols.org\/\",\"name\":\"Club des Cent Cols\",\"description\":\"\",\"publisher\":{\"@id\":\"https:\/\/centcols.org\/#organization\"},\"potentialAction\":[{\"@type\":\"SearchAction\",\"target\":{\"@type\":\"EntryPoint\",\"urlTemplate\":\"https:\/\/centcols.org\/?s={search_term_string}\"},\"query-input\":{\"@type\":\"PropertyValueSpecification\",\"valueRequired\":true,\"valueName\":\"search_term_string\"}}],\"inLanguage\":\"de\"},{\"@type\":\"Organization\",\"@id\":\"https:\/\/centcols.org\/#organization\",\"name\":\"Club des Cent Cols\",\"url\":\"https:\/\/centcols.org\/\",\"logo\":{\"@type\":\"ImageObject\",\"inLanguage\":\"de\",\"@id\":\"https:\/\/centcols.org\/#\/schema\/logo\/image\/\",\"url\":\"https:\/\/centcols.org\/wp-content\/uploads\/2025\/01\/carte-icone.png\",\"contentUrl\":\"https:\/\/centcols.org\/wp-content\/uploads\/2025\/01\/carte-icone.png\",\"width\":250,\"height\":250,\"caption\":\"Club des Cent Cols\"},\"image\":{\"@id\":\"https:\/\/centcols.org\/#\/schema\/logo\/image\/\"},\"sameAs\":[\"https:\/\/www.facebook.com\/groups\/5261880558\/?locale=fr_FR\"]},{\"@type\":\"Person\",\"@id\":\"https:\/\/centcols.org\/#\/schema\/person\/0cc8f723679c98f3fb7798df5a50c018\",\"name\":\"Ren\u00e9 Mercier\",\"image\":{\"@type\":\"ImageObject\",\"inLanguage\":\"de\",\"@id\":\"https:\/\/centcols.org\/wp-content\/litespeed\/avatar\/c2275eeaf79d4f7456274de381abeeab.jpg?ver=1777347562\",\"url\":\"https:\/\/centcols.org\/wp-content\/litespeed\/avatar\/c2275eeaf79d4f7456274de381abeeab.jpg?ver=1777347562\",\"contentUrl\":\"https:\/\/centcols.org\/wp-content\/litespeed\/avatar\/c2275eeaf79d4f7456274de381abeeab.jpg?ver=1777347562\",\"caption\":\"Ren\u00e9 Mercier\"},\"url\":\"https:\/\/centcols.org\/de\/author\/7552\/\"}]}<\/script>\n<!-- \/ Yoast SEO plugin. -->","yoast_head_json":{"title":"CH-VD Bougy-Villars - Route 93 km, D+ 1290 m, 7 P\u00e4sse - Club des Cent Cols","robots":{"index":"index","follow":"follow","max-snippet":"max-snippet:-1","max-image-preview":"max-image-preview:large","max-video-preview":"max-video-preview:-1"},"canonical":"https:\/\/centcols.org\/de\/ch-vd-bougy-villars-route\/","og_locale":"de_DE","og_type":"article","og_title":"CH-VD Bougy-Villars - Route 93 km, D+ 1290 m, 7 cols - Club des Cent Cols","og_description":"Description de l\u2019auteur Auteur&nbsp;: Philippe Chazottier (avec les conseils de Pierre Mai)Parcours&nbsp;: effectu\u00e9 le 7 mars 2025D\u00e9part&nbsp;: Bougy-Villars, du parking du signal de Bougy (1,20 CHF\/heure) au nord du village. Descriptif touristique Belles vues sur le bassin l\u00e9manique. Parc d&rsquo;attractions et superbe panorama sur le lac L\u00e9man et la cha\u00eene des Alpes. Descriptif technique Parcours [&hellip;]","og_url":"https:\/\/centcols.org\/de\/ch-vd-bougy-villars-route\/","og_site_name":"Club des Cent Cols","article_publisher":"https:\/\/www.facebook.com\/groups\/5261880558\/?locale=fr_FR","article_published_time":"2026-01-15T14:39:03+00:00","article_modified_time":"2026-03-10T17:39:06+00:00","og_image":[{"width":825,"height":1100,"url":"https:\/\/centcols.org\/wp-content\/uploads\/2026\/01\/Tilleul-centenaire-a-proximite-du-Passage-dEntreroches.jpg","type":"image\/jpeg"}],"author":"Ren\u00e9 Mercier","twitter_card":"summary_large_image","twitter_misc":{"Verfasst von":"Ren\u00e9 Mercier","Gesch\u00e4tzte Lesezeit":"2\u00a0Minuten"},"schema":{"@context":"https:\/\/schema.org","@graph":[{"@type":"Article","@id":"https:\/\/centcols.org\/es\/ch-vd-bougy-villars-ruta\/#article","isPartOf":{"@id":"https:\/\/centcols.org\/es\/ch-vd-bougy-villars-ruta\/"},"author":{"name":"Ren\u00e9 Mercier","@id":"https:\/\/centcols.org\/#\/schema\/person\/0cc8f723679c98f3fb7798df5a50c018"},"headline":"CH-VD Bougy-Villars &#8211; Route 93 km, D+ 1290 m, 7 cols","datePublished":"2026-01-15T14:39:03+00:00","dateModified":"2026-03-10T17:39:06+00:00","mainEntityOfPage":{"@id":"https:\/\/centcols.org\/es\/ch-vd-bougy-villars-ruta\/"},"wordCount":256,"commentCount":0,"publisher":{"@id":"https:\/\/centcols.org\/#organization"},"image":{"@id":"https:\/\/centcols.org\/es\/ch-vd-bougy-villars-ruta\/#primaryimage"},"thumbnailUrl":"https:\/\/centcols.org\/wp-content\/uploads\/2026\/01\/Tilleul-centenaire-a-proximite-du-Passage-dEntreroches.jpg","articleSection":["Route","Parcours Suisse","Jura","Parcours membres"],"inLanguage":"de","potentialAction":[{"@type":"CommentAction","name":"Comment","target":["https:\/\/centcols.org\/es\/ch-vd-bougy-villars-ruta\/#respond"]}]},{"@type":"WebPage","@id":"https:\/\/centcols.org\/es\/ch-vd-bougy-villars-ruta\/","url":"https:\/\/centcols.org\/es\/ch-vd-bougy-villars-ruta\/","name":"CH-VD Bougy-Villars - Route 93 km, D+ 1290 m, 7 P\u00e4sse - Club des Cent Cols","isPartOf":{"@id":"https:\/\/centcols.org\/#website"},"primaryImageOfPage":{"@id":"https:\/\/centcols.org\/es\/ch-vd-bougy-villars-ruta\/#primaryimage"},"image":{"@id":"https:\/\/centcols.org\/es\/ch-vd-bougy-villars-ruta\/#primaryimage"},"thumbnailUrl":"https:\/\/centcols.org\/wp-content\/uploads\/2026\/01\/Tilleul-centenaire-a-proximite-du-Passage-dEntreroches.jpg","datePublished":"2026-01-15T14:39:03+00:00","dateModified":"2026-03-10T17:39:06+00:00","breadcrumb":{"@id":"https:\/\/centcols.org\/es\/ch-vd-bougy-villars-ruta\/#breadcrumb"},"inLanguage":"de","potentialAction":[{"@type":"ReadAction","target":["https:\/\/centcols.org\/es\/ch-vd-bougy-villars-ruta\/"]}]},{"@type":"ImageObject","inLanguage":"de","@id":"https:\/\/centcols.org\/es\/ch-vd-bougy-villars-ruta\/#primaryimage","url":"https:\/\/centcols.org\/wp-content\/uploads\/2026\/01\/Tilleul-centenaire-a-proximite-du-Passage-dEntreroches.jpg","contentUrl":"https:\/\/centcols.org\/wp-content\/uploads\/2026\/01\/Tilleul-centenaire-a-proximite-du-Passage-dEntreroches.jpg","width":825,"height":1100},{"@type":"BreadcrumbList","@id":"https:\/\/centcols.org\/es\/ch-vd-bougy-villars-ruta\/#breadcrumb","itemListElement":[{"@type":"ListItem","position":1,"name":"Accueil","item":"https:\/\/centcols.org\/"},{"@type":"ListItem","position":2,"name":"Parcours membres","item":"https:\/\/centcols.org\/rubrique\/parcours-membres\/"},{"@type":"ListItem","position":3,"name":"Pays","item":"https:\/\/centcols.org\/rubrique\/parcours-membres\/pays-parcours-membres\/"},{"@type":"ListItem","position":4,"name":"Parcours Suisse","item":"https:\/\/centcols.org\/rubrique\/parcours-membres\/pays-parcours-membres\/parcours-suisse\/"},{"@type":"ListItem","position":5,"name":"CH-VD Bougy-Villars &#8211; Route 93 km, D+ 1290 m, 7 cols"}]},{"@type":"WebSite","@id":"https:\/\/centcols.org\/#website","url":"https:\/\/centcols.org\/","name":"Club des Cent Cols","description":"","publisher":{"@id":"https:\/\/centcols.org\/#organization"},"potentialAction":[{"@type":"SearchAction","target":{"@type":"EntryPoint","urlTemplate":"https:\/\/centcols.org\/?s={search_term_string}"},"query-input":{"@type":"PropertyValueSpecification","valueRequired":true,"valueName":"search_term_string"}}],"inLanguage":"de"},{"@type":"Organization","@id":"https:\/\/centcols.org\/#organization","name":"Club des Cent Cols","url":"https:\/\/centcols.org\/","logo":{"@type":"ImageObject","inLanguage":"de","@id":"https:\/\/centcols.org\/#\/schema\/logo\/image\/","url":"https:\/\/centcols.org\/wp-content\/uploads\/2025\/01\/carte-icone.png","contentUrl":"https:\/\/centcols.org\/wp-content\/uploads\/2025\/01\/carte-icone.png","width":250,"height":250,"caption":"Club des Cent Cols"},"image":{"@id":"https:\/\/centcols.org\/#\/schema\/logo\/image\/"},"sameAs":["https:\/\/www.facebook.com\/groups\/5261880558\/?locale=fr_FR"]},{"@type":"Person","@id":"https:\/\/centcols.org\/#\/schema\/person\/0cc8f723679c98f3fb7798df5a50c018","name":"Ren\u00e9 Mercier","image":{"@type":"ImageObject","inLanguage":"de","@id":"https:\/\/centcols.org\/wp-content\/litespeed\/avatar\/c2275eeaf79d4f7456274de381abeeab.jpg?ver=1777347562","url":"https:\/\/centcols.org\/wp-content\/litespeed\/avatar\/c2275eeaf79d4f7456274de381abeeab.jpg?ver=1777347562","contentUrl":"https:\/\/centcols.org\/wp-content\/litespeed\/avatar\/c2275eeaf79d4f7456274de381abeeab.jpg?ver=1777347562","caption":"Ren\u00e9 Mercier"},"url":"https:\/\/centcols.org\/de\/author\/7552\/"}]}},"_links":{"self":[{"href":"https:\/\/centcols.org\/de\/wp-json\/wp\/v2\/posts\/92587","targetHints":{"allow":["GET"]}}],"collection":[{"href":"https:\/\/centcols.org\/de\/wp-json\/wp\/v2\/posts"}],"about":[{"href":"https:\/\/centcols.org\/de\/wp-json\/wp\/v2\/types\/post"}],"author":[{"embeddable":true,"href":"https:\/\/centcols.org\/de\/wp-json\/wp\/v2\/users\/1726"}],"replies":[{"embeddable":true,"href":"https:\/\/centcols.org\/de\/wp-json\/wp\/v2\/comments?post=92587"}],"version-history":[{"count":0,"href":"https:\/\/centcols.org\/de\/wp-json\/wp\/v2\/posts\/92587\/revisions"}],"wp:featuredmedia":[{"embeddable":true,"href":"https:\/\/centcols.org\/de\/wp-json\/wp\/v2\/media\/92594"}],"wp:attachment":[{"href":"https:\/\/centcols.org\/de\/wp-json\/wp\/v2\/media?parent=92587"}],"wp:term":[{"taxonomy":"category","embeddable":true,"href":"https:\/\/centcols.org\/de\/wp-json\/wp\/v2\/categories?post=92587"},{"taxonomy":"post_tag","embeddable":true,"href":"https:\/\/centcols.org\/de\/wp-json\/wp\/v2\/tags?post=92587"}],"curies":[{"name":"wp","href":"https:\/\/api.w.org\/{rel}","templated":true}]}}