{"id":92596,"date":"2026-01-17T19:15:11","date_gmt":"2026-01-17T17:15:11","guid":{"rendered":"https:\/\/centcols.org\/?p=92596"},"modified":"2026-03-17T23:52:00","modified_gmt":"2026-03-17T21:52:00","slug":"de-07-saint-etienne-de-boulogne-route","status":"publish","type":"post","link":"https:\/\/centcols.org\/de\/fr-07-saint-etienne-de-boulogne-route\/","title":{"rendered":"FR-07 Saint-Etienne-de-Boulogne - Stra\u00dfe 80 km, D+ 1600 m, 14 P\u00e4sse"},"content":{"rendered":"<iframe width=\"100%\" height=\"650\" loading=\"lazy\" src=\"https:\/\/www.openrunner.com\/embed\/6c484d7a735678414f33663942316549734874715364465a366b50302f62334f6857736f75424f637a75553d3a3aa8a692baed8973de1202614a85c48d34?unit=metric\" style=\"border: none;\"><\/iframe>\n\n\n\n<div style=\"height:30px\" aria-hidden=\"true\" class=\"wp-block-spacer\"><\/div>\n\n\n\n<h2 class=\"wp-block-heading\">Beschreibung des Autors<\/h2>\n\n\n\n<p><strong>Autor&nbsp;<\/strong>: Ren\u00e9 Mercier<br><strong>Parcours&nbsp;<\/strong>: erfolgt im Juni 2023<br><strong>Abreise&nbsp;<\/strong>: Saint-Etienne-de-Boulogne von der Kirche dieses kleinen Dorfes aus. Hier kann man sein Auto im Schatten parken.<\/p>\n\n\n\n<div style=\"height:30px\" aria-hidden=\"true\" class=\"wp-block-spacer\"><\/div>\n\n\n\n<h2 class=\"wp-block-heading\">Touristische Beschreibung<\/h2>\n\n\n\n<p>Die Ard\u00e8che ist ein Land zum Radfahren. Diese Tour f\u00fchrt durch einen Teil der <a href=\"https:\/\/www.parc-monts-ardeche.fr\/\" target=\"_blank\" rel=\"noreferrer noopener\">Monts d'Ard\u00e8che<\/a> zwischen 400 m und 1000 m \u00fcber dem Meeresspiegel. Die Landschaft ist sehr gr\u00fcn, die D\u00f6rfer sind klein und gepflegt. Man kommt an der Burg von <a href=\"https:\/\/www.bassin-aubenas.fr\/intercommunalite\/territoire\/28-communes\/saint-michel-de-boulogne\/\" target=\"_blank\" rel=\"noreferrer noopener\">Saint-Michel-de-Boulogne<\/a>. Nach der H\u00e4lfte der Strecke, am Col de Vals, kann man noch 6 km hinzuf\u00fcgen und sich mit dem ber\u00fchmten Mineralwasser von <a href=\"https:\/\/www.vals-les-bains.fr\/lieux-incontournables\/\" target=\"_blank\" rel=\"noreferrer noopener\">Vals-les-Bains<\/a> (Kurstadt).<\/p>\n\n\n\n<div style=\"height:30px\" aria-hidden=\"true\" class=\"wp-block-spacer\"><\/div>\n\n\n\n<h2 class=\"wp-block-heading\">Technische Beschreibung<\/h2>\n\n\n\n<p>Die Strecke verl\u00e4uft auf der Stra\u00dfe fast 100% (es gibt 100 m Weg, um Le Coulet zu erreichen). Es gibt nur sehr wenig Verkehr, au\u00dfer zwischen den P\u00e4ssen Auriolles und Ar\u00e9nier, aber diese Departementsstra\u00dfe, die Aubenas mit Privas verbindet, ist sehr breit.<br>Es gibt nur wenige Wasserstellen. Verpassen Sie nicht den Wasserhahn auf der rechten Seite bei der Kirche von Saint-Joseph-des-Bancs (versuchen Sie es sonst auf den Friedh\u00f6fen). Wasser finden Sie auch in Saint-And\u00e9ol-de-Vals nach zwei Dritteln der Strecke.<br>Zu dieser Strecke kann man leicht den Col de Valaurie (FR-07-0649) direkt nach dem Col d'Auriolles hinzuf\u00fcgen, und eventuell einige P\u00e4sse auf dem Pfad, die einige hundert Meter von der Stra\u00dfenroute entfernt sind.<\/p>\n\n\n\n<div style=\"height:30px\" aria-hidden=\"true\" class=\"wp-block-spacer\"><\/div>\n\n\n\n<p><strong>14 P\u00e4sse<\/strong><\/p>\n\n\n\n<figure class=\"wp-block-table\"><table class=\"has-background\" style=\"background-color:#f0f0f0\"><tbody><tr><td>1 - Col d'Auriolles<\/td><td class=\"has-text-align-center\" data-align=\"center\">495 m<\/td><td><a href=\"https:\/\/centcols.org\/de\/util\/geo\/visu.php\/?code=FR-07-0495\" target=\"_blank\" rel=\"noreferrer noopener\">DE-07-0495<\/a><\/td><\/tr><tr><td>2 - Col de l'Escrinet<\/td><td class=\"has-text-align-center\" data-align=\"center\">787 m<\/td><td><a href=\"https:\/\/centcols.org\/de\/util\/geo\/visu.php\/?code=FR-07-0787\" target=\"_blank\" rel=\"noreferrer noopener\">DE-07-0787<\/a><\/td><\/tr><tr><td>3 - Ar\u00e9nier-Pass<\/td><td class=\"has-text-align-center\" data-align=\"center\">682 m<\/td><td><a href=\"https:\/\/centcols.org\/de\/util\/geo\/visu.php\/?code=FR-07-0682\" target=\"_blank\" rel=\"noreferrer noopener\">DE-07-0682<\/a><\/td><\/tr><tr><td>4 - Col des Pierres de Faux<\/td><td class=\"has-text-align-center\" data-align=\"center\">793 m<\/td><td><a href=\"https:\/\/centcols.org\/de\/util\/geo\/visu.php\/?code=FR-07-0793\" target=\"_blank\" rel=\"noreferrer noopener\">DE-07-0793<\/a><\/td><\/tr><tr><td>5 - Sarrasset-Pass<\/td><td class=\"has-text-align-center\" data-align=\"center\">825 m<\/td><td><a href=\"https:\/\/centcols.org\/de\/util\/geo\/visu.php\/?code=FR-07-0825\" target=\"_blank\" rel=\"noreferrer noopener\">DE-07-0825<\/a><\/td><\/tr><tr><td>6 - Col de la Fayolle<\/td><td class=\"has-text-align-center\" data-align=\"center\">877 m<\/td><td><a href=\"https:\/\/centcols.org\/de\/util\/geo\/visu.php\/?code=FR-07-0877\" target=\"_blank\" rel=\"noreferrer noopener\">DE-07-0877<\/a><\/td><\/tr><tr><td>7 - Miraud-Pass<\/td><td class=\"has-text-align-center\" data-align=\"center\">986 m<\/td><td><a href=\"https:\/\/centcols.org\/de\/util\/geo\/visu.php\/?code=FR-07-0986\" target=\"_blank\" rel=\"noreferrer noopener\">DE-07-0986<\/a><\/td><\/tr><tr><td>8 - Peyrille Gulch<\/td><td class=\"has-text-align-center\" data-align=\"center\">832 m<\/td><td><a href=\"https:\/\/centcols.org\/de\/util\/geo\/visu.php\/?code=FR-07-0832\" target=\"_blank\" rel=\"noreferrer noopener\">DE-07-0832<\/a><\/td><\/tr><tr><td>9 - Conchis-Pass<\/td><td class=\"has-text-align-center\" data-align=\"center\">694 m<\/td><td><a href=\"https:\/\/centcols.org\/de\/util\/geo\/visu.php\/?code=FR-07-0694\" target=\"_blank\" rel=\"noreferrer noopener\">DE-07-0694<\/a><\/td><\/tr><tr><td>10 - Genestelle-Pass<\/td><td class=\"has-text-align-center\" data-align=\"center\">648 m<\/td><td><a href=\"https:\/\/centcols.org\/de\/util\/geo\/visu.php\/?code=FR-07-0648\" target=\"_blank\" rel=\"noreferrer noopener\">DE-07-0648<\/a><\/td><\/tr><tr><td>11 - Montagnac-Pass<\/td><td class=\"has-text-align-center\" data-align=\"center\">558 m<\/td><td><a href=\"https:\/\/centcols.org\/de\/util\/geo\/visu.php\/?code=FR-07-0558\" target=\"_blank\" rel=\"noreferrer noopener\">DE-07-0558<\/a><\/td><\/tr><tr><td>12 - Vals-Pass<\/td><td class=\"has-text-align-center\" data-align=\"center\">402 m<\/td><td><a href=\"https:\/\/centcols.org\/de\/util\/geo\/visu.php\/?code=FR-07-0402\" target=\"_blank\" rel=\"noreferrer noopener\">DE-07-0402<\/a><\/td><\/tr><tr><td>13 - Le Couletet<\/td><td class=\"has-text-align-center\" data-align=\"center\">605 m<\/td><td><a href=\"https:\/\/centcols.org\/de\/util\/geo\/visu.php\/?code=FR-07-0605\" target=\"_blank\" rel=\"noreferrer noopener\">DE-07-0605<\/a><\/td><\/tr><tr><td>14 - Le Coulet<\/td><td class=\"has-text-align-center\" data-align=\"center\">655 m<\/td><td><a href=\"https:\/\/centcols.org\/de\/util\/geo\/visu.php\/?code=FR-07-0650\" target=\"_blank\" rel=\"noreferrer noopener\">DE-07-0650<\/a><\/td><\/tr><\/tbody><\/table><\/figure>\n\n\n\n<p><strong>Schlagw\u00f6rter<\/strong>&nbsp;Saint-Etienne-de-Boulogne, Vals, Genestelle, Saint-Joseph-des-Bancs, centcols<\/p>\n\n\n\n<p>Openrunner-Link, interaktive Karte, Profil, Track : <a href=\"https:\/\/www.openrunner.com\/route-details\/23175141\" target=\"_blank\" rel=\"noreferrer noopener\">https:\/\/www.openrunner.com\/route-details\/23175141<\/a><\/p>\n\n\n\n<p>Diese Route wird nur zur Orientierung vorgeschlagen. Der Autor \u00fcbernimmt keine Haftung f\u00fcr Unw\u00e4gbarkeiten, die auf den Radfahrer selbst, das verwendete Material und alles, was die Stra\u00dfe, die Pisten und Wege, ihre Umgebung und andere Benutzer betrifft, zur\u00fcckzuf\u00fchren sind, sowie f\u00fcr die Haftung des Club des Cent Cols.<\/p>\n\n\n\n<div style=\"height:30px\" aria-hidden=\"true\" class=\"wp-block-spacer\"><\/div>\n\n\n\n<h2 class=\"wp-block-heading\">Fotos<\/h2>\n\n\n\n<figure class=\"wp-block-gallery has-nested-images columns-default is-cropped wp-block-gallery-1 is-layout-flex wp-block-gallery-is-layout-flex\">\n<figure class=\"wp-block-image size-full\"><a href=\"https:\/\/centcols.org\/wp-content\/uploads\/2026\/01\/2023-06-Ardeche1-St-Etienne-de-Boulogne.jpg\"><img loading=\"lazy\" decoding=\"async\" width=\"634\" height=\"1100\" data-id=\"92604\" src=\"https:\/\/centcols.org\/wp-content\/uploads\/2026\/01\/2023-06-Ardeche1-St-Etienne-de-Boulogne.jpg\" alt=\"\" class=\"wp-image-92604\" srcset=\"https:\/\/centcols.org\/wp-content\/uploads\/2026\/01\/2023-06-Ardeche1-St-Etienne-de-Boulogne.jpg 634w, https:\/\/centcols.org\/wp-content\/uploads\/2026\/01\/2023-06-Ardeche1-St-Etienne-de-Boulogne-7x12.jpg 7w\" sizes=\"auto, (max-width: 634px) 100vw, 634px\" \/><\/a><figcaption class=\"wp-element-caption\">Kirche von Saint-Etienne-de-Boulogne<\/figcaption><\/figure>\n\n\n\n<figure class=\"wp-block-image size-full\"><a href=\"https:\/\/centcols.org\/wp-content\/uploads\/2026\/01\/2023-06-ardeche2-Vers-le-col-de-Miraud.jpg\"><img loading=\"lazy\" decoding=\"async\" width=\"1200\" height=\"786\" data-id=\"92605\" src=\"https:\/\/centcols.org\/wp-content\/uploads\/2026\/01\/2023-06-ardeche2-Vers-le-col-de-Miraud.jpg\" alt=\"\" class=\"wp-image-92605\" srcset=\"https:\/\/centcols.org\/wp-content\/uploads\/2026\/01\/2023-06-ardeche2-Vers-le-col-de-Miraud.jpg 1200w, https:\/\/centcols.org\/wp-content\/uploads\/2026\/01\/2023-06-ardeche2-Vers-le-col-de-Miraud-768x503.jpg 768w, https:\/\/centcols.org\/wp-content\/uploads\/2026\/01\/2023-06-ardeche2-Vers-le-col-de-Miraud-18x12.jpg 18w\" sizes=\"auto, (max-width: 1200px) 100vw, 1200px\" \/><\/a><figcaption class=\"wp-element-caption\">Zum Miraud-Pass<\/figcaption><\/figure>\n\n\n\n<figure class=\"wp-block-image size-full\"><a href=\"https:\/\/centcols.org\/wp-content\/uploads\/2026\/01\/2023-06-Ardeche3-St-Andeol-de-Vals.jpg\"><img loading=\"lazy\" decoding=\"async\" width=\"1200\" height=\"900\" data-id=\"92606\" src=\"https:\/\/centcols.org\/wp-content\/uploads\/2026\/01\/2023-06-Ardeche3-St-Andeol-de-Vals.jpg\" alt=\"\" class=\"wp-image-92606\" srcset=\"https:\/\/centcols.org\/wp-content\/uploads\/2026\/01\/2023-06-Ardeche3-St-Andeol-de-Vals.jpg 1200w, https:\/\/centcols.org\/wp-content\/uploads\/2026\/01\/2023-06-Ardeche3-St-Andeol-de-Vals-768x576.jpg 768w, https:\/\/centcols.org\/wp-content\/uploads\/2026\/01\/2023-06-Ardeche3-St-Andeol-de-Vals-16x12.jpg 16w\" sizes=\"auto, (max-width: 1200px) 100vw, 1200px\" \/><\/a><figcaption class=\"wp-element-caption\">Monts d'Ard\u00e8che<\/figcaption><\/figure>\n\n\n\n<figure class=\"wp-block-image size-full\"><a href=\"https:\/\/centcols.org\/wp-content\/uploads\/2026\/01\/2023-06-Ardeche4-Au-col-de-Conchis.jpg\"><img loading=\"lazy\" decoding=\"async\" width=\"1200\" height=\"900\" data-id=\"92607\" src=\"https:\/\/centcols.org\/wp-content\/uploads\/2026\/01\/2023-06-Ardeche4-Au-col-de-Conchis.jpg\" alt=\"\" class=\"wp-image-92607\" srcset=\"https:\/\/centcols.org\/wp-content\/uploads\/2026\/01\/2023-06-Ardeche4-Au-col-de-Conchis.jpg 1200w, https:\/\/centcols.org\/wp-content\/uploads\/2026\/01\/2023-06-Ardeche4-Au-col-de-Conchis-768x576.jpg 768w, https:\/\/centcols.org\/wp-content\/uploads\/2026\/01\/2023-06-Ardeche4-Au-col-de-Conchis-16x12.jpg 16w\" sizes=\"auto, (max-width: 1200px) 100vw, 1200px\" \/><\/a><\/figure>\n\n\n\n<figure class=\"wp-block-image size-large\"><a href=\"https:\/\/centcols.org\/wp-content\/uploads\/2026\/01\/2023-06-Ardeche5-Chateau-de-St-Michel-de-Boulogne.jpg\"><img loading=\"lazy\" decoding=\"async\" width=\"1200\" height=\"900\" data-id=\"92608\" src=\"https:\/\/centcols.org\/wp-content\/uploads\/2026\/01\/2023-06-Ardeche5-Chateau-de-St-Michel-de-Boulogne.jpg\" alt=\"\" class=\"wp-image-92608\" srcset=\"https:\/\/centcols.org\/wp-content\/uploads\/2026\/01\/2023-06-Ardeche5-Chateau-de-St-Michel-de-Boulogne.jpg 1200w, https:\/\/centcols.org\/wp-content\/uploads\/2026\/01\/2023-06-Ardeche5-Chateau-de-St-Michel-de-Boulogne-768x576.jpg 768w, https:\/\/centcols.org\/wp-content\/uploads\/2026\/01\/2023-06-Ardeche5-Chateau-de-St-Michel-de-Boulogne-16x12.jpg 16w\" sizes=\"auto, (max-width: 1200px) 100vw, 1200px\" \/><\/a><figcaption class=\"wp-element-caption\">Burg von Saint-Michel-de-Boulogne<\/figcaption><\/figure>\n<\/figure>","protected":false},"excerpt":{"rendered":"<p>Description de l\u2019auteur Auteur&nbsp;: Ren\u00e9 MercierParcours&nbsp;: effectu\u00e9 en juin 2023D\u00e9part&nbsp;: Saint-Etienne-de-Boulogne depuis l&rsquo;\u00e9glise de ce petit village. On peut y garer sa voiture \u00e0 l&rsquo;ombre. Descriptif touristique L&rsquo;Ard\u00e8che est une terre de v\u00e9lo. Ce circuit sillonne une partie des Monts d&rsquo;Ard\u00e8che entre 400 m et 1000 m d&rsquo;altitude. Les paysages sont tr\u00e8s verdoyants, les villages [&hellip;]<\/p>\n","protected":false},"author":1726,"featured_media":92608,"comment_status":"open","ping_status":"open","sticky":false,"template":"","format":"standard","meta":{"_acf_changed":false,"footnotes":""},"categories":[330,303,318,464,341,220],"tags":[],"class_list":["post-92596","post","type-post","status-publish","format-standard","has-post-thumbnail","hentry","category-auvergne-rhone-alpes-region-parcours-membres","category-parcours-france","category-route-type-parcours","category-07-ardeche-departement","category-massif-central-massif-parcours-membres","category-parcours-membres"],"acf":[],"yoast_head":"<!-- This site is optimized with the Yoast SEO plugin v27.2 - https:\/\/yoast.com\/product\/yoast-seo-wordpress\/ -->\n<title>FR-07 Saint-Etienne-de-Boulogne - Route 80 km, D+ 1600 m, 14 cols - Club des Cent Cols<\/title>\n<meta name=\"robots\" content=\"index, follow, max-snippet:-1, max-image-preview:large, max-video-preview:-1\" \/>\n<link rel=\"canonical\" href=\"https:\/\/centcols.org\/de\/de-07-saint-etienne-de-boulogne-route\/\" \/>\n<meta property=\"og:locale\" content=\"de_DE\" \/>\n<meta property=\"og:type\" content=\"article\" \/>\n<meta property=\"og:title\" content=\"FR-07 Saint-Etienne-de-Boulogne - Route 80 km, D+ 1600 m, 14 cols - Club des Cent Cols\" \/>\n<meta property=\"og:description\" content=\"Description de l\u2019auteur Auteur&nbsp;: Ren\u00e9 MercierParcours&nbsp;: effectu\u00e9 en juin 2023D\u00e9part&nbsp;: Saint-Etienne-de-Boulogne depuis l&rsquo;\u00e9glise de ce petit village. On peut y garer sa voiture \u00e0 l&rsquo;ombre. Descriptif touristique L&rsquo;Ard\u00e8che est une terre de v\u00e9lo. Ce circuit sillonne une partie des Monts d&rsquo;Ard\u00e8che entre 400 m et 1000 m d&rsquo;altitude. Les paysages sont tr\u00e8s verdoyants, les villages [&hellip;]\" \/>\n<meta property=\"og:url\" content=\"https:\/\/centcols.org\/de\/de-07-saint-etienne-de-boulogne-route\/\" \/>\n<meta property=\"og:site_name\" content=\"Club des Cent Cols\" \/>\n<meta property=\"article:publisher\" content=\"https:\/\/www.facebook.com\/groups\/5261880558\/?locale=fr_FR\" \/>\n<meta property=\"article:published_time\" content=\"2026-01-17T17:15:11+00:00\" \/>\n<meta property=\"article:modified_time\" content=\"2026-03-17T21:52:00+00:00\" \/>\n<meta property=\"og:image\" content=\"https:\/\/centcols.org\/wp-content\/uploads\/2026\/01\/2023-06-Ardeche5-Chateau-de-St-Michel-de-Boulogne.jpg\" \/>\n\t<meta property=\"og:image:width\" content=\"1200\" \/>\n\t<meta property=\"og:image:height\" content=\"900\" \/>\n\t<meta property=\"og:image:type\" content=\"image\/jpeg\" \/>\n<meta name=\"author\" content=\"Ren\u00e9 Mercier\" \/>\n<meta name=\"twitter:card\" content=\"summary_large_image\" \/>\n<meta name=\"twitter:label1\" content=\"Verfasst von\" \/>\n\t<meta name=\"twitter:data1\" content=\"Ren\u00e9 Mercier\" \/>\n\t<meta name=\"twitter:label2\" content=\"Gesch\u00e4tzte Lesezeit\" \/>\n\t<meta name=\"twitter:data2\" content=\"4\u00a0Minuten\" \/>\n<script type=\"application\/ld+json\" class=\"yoast-schema-graph\">{\"@context\":\"https:\/\/schema.org\",\"@graph\":[{\"@type\":\"Article\",\"@id\":\"https:\/\/centcols.org\/es\/fr-07-ruta-de-saint-etienne-de-boulogne\/#article\",\"isPartOf\":{\"@id\":\"https:\/\/centcols.org\/es\/fr-07-ruta-de-saint-etienne-de-boulogne\/\"},\"author\":{\"name\":\"Ren\u00e9 Mercier\",\"@id\":\"https:\/\/centcols.org\/#\/schema\/person\/0cc8f723679c98f3fb7798df5a50c018\"},\"headline\":\"FR-07 Saint-Etienne-de-Boulogne &#8211; Route 80 km, D+ 1600 m, 14 cols\",\"datePublished\":\"2026-01-17T17:15:11+00:00\",\"dateModified\":\"2026-03-17T21:52:00+00:00\",\"mainEntityOfPage\":{\"@id\":\"https:\/\/centcols.org\/es\/fr-07-ruta-de-saint-etienne-de-boulogne\/\"},\"wordCount\":433,\"commentCount\":0,\"publisher\":{\"@id\":\"https:\/\/centcols.org\/#organization\"},\"image\":{\"@id\":\"https:\/\/centcols.org\/es\/fr-07-ruta-de-saint-etienne-de-boulogne\/#primaryimage\"},\"thumbnailUrl\":\"https:\/\/centcols.org\/wp-content\/uploads\/2026\/01\/2023-06-Ardeche5-Chateau-de-St-Michel-de-Boulogne.jpg\",\"articleSection\":[\"Auvergne-Rh\u00f4ne-Alpes\",\"Parcours France\",\"Route\",\"07-Ard\u00e8che\",\"Massif-Central\",\"Parcours membres\"],\"inLanguage\":\"de\",\"potentialAction\":[{\"@type\":\"CommentAction\",\"name\":\"Comment\",\"target\":[\"https:\/\/centcols.org\/es\/fr-07-ruta-de-saint-etienne-de-boulogne\/#respond\"]}]},{\"@type\":\"WebPage\",\"@id\":\"https:\/\/centcols.org\/es\/fr-07-ruta-de-saint-etienne-de-boulogne\/\",\"url\":\"https:\/\/centcols.org\/es\/fr-07-ruta-de-saint-etienne-de-boulogne\/\",\"name\":\"FR-07 Saint-Etienne-de-Boulogne - Route 80 km, D+ 1600 m, 14 cols - Club des Cent Cols\",\"isPartOf\":{\"@id\":\"https:\/\/centcols.org\/#website\"},\"primaryImageOfPage\":{\"@id\":\"https:\/\/centcols.org\/es\/fr-07-ruta-de-saint-etienne-de-boulogne\/#primaryimage\"},\"image\":{\"@id\":\"https:\/\/centcols.org\/es\/fr-07-ruta-de-saint-etienne-de-boulogne\/#primaryimage\"},\"thumbnailUrl\":\"https:\/\/centcols.org\/wp-content\/uploads\/2026\/01\/2023-06-Ardeche5-Chateau-de-St-Michel-de-Boulogne.jpg\",\"datePublished\":\"2026-01-17T17:15:11+00:00\",\"dateModified\":\"2026-03-17T21:52:00+00:00\",\"breadcrumb\":{\"@id\":\"https:\/\/centcols.org\/es\/fr-07-ruta-de-saint-etienne-de-boulogne\/#breadcrumb\"},\"inLanguage\":\"de\",\"potentialAction\":[{\"@type\":\"ReadAction\",\"target\":[\"https:\/\/centcols.org\/es\/fr-07-ruta-de-saint-etienne-de-boulogne\/\"]}]},{\"@type\":\"ImageObject\",\"inLanguage\":\"de\",\"@id\":\"https:\/\/centcols.org\/es\/fr-07-ruta-de-saint-etienne-de-boulogne\/#primaryimage\",\"url\":\"https:\/\/centcols.org\/wp-content\/uploads\/2026\/01\/2023-06-Ardeche5-Chateau-de-St-Michel-de-Boulogne.jpg\",\"contentUrl\":\"https:\/\/centcols.org\/wp-content\/uploads\/2026\/01\/2023-06-Ardeche5-Chateau-de-St-Michel-de-Boulogne.jpg\",\"width\":1200,\"height\":900},{\"@type\":\"BreadcrumbList\",\"@id\":\"https:\/\/centcols.org\/es\/fr-07-ruta-de-saint-etienne-de-boulogne\/#breadcrumb\",\"itemListElement\":[{\"@type\":\"ListItem\",\"position\":1,\"name\":\"Accueil\",\"item\":\"https:\/\/centcols.org\/\"},{\"@type\":\"ListItem\",\"position\":2,\"name\":\"Parcours membres\",\"item\":\"https:\/\/centcols.org\/rubrique\/parcours-membres\/\"},{\"@type\":\"ListItem\",\"position\":3,\"name\":\"Pays\",\"item\":\"https:\/\/centcols.org\/rubrique\/parcours-membres\/pays-parcours-membres\/\"},{\"@type\":\"ListItem\",\"position\":4,\"name\":\"Parcours France\",\"item\":\"https:\/\/centcols.org\/rubrique\/parcours-membres\/pays-parcours-membres\/parcours-france\/\"},{\"@type\":\"ListItem\",\"position\":5,\"name\":\"FR-07 Saint-Etienne-de-Boulogne &#8211; Route 80 km, D+ 1600 m, 14 cols\"}]},{\"@type\":\"WebSite\",\"@id\":\"https:\/\/centcols.org\/#website\",\"url\":\"https:\/\/centcols.org\/\",\"name\":\"Club des Cent Cols\",\"description\":\"\",\"publisher\":{\"@id\":\"https:\/\/centcols.org\/#organization\"},\"potentialAction\":[{\"@type\":\"SearchAction\",\"target\":{\"@type\":\"EntryPoint\",\"urlTemplate\":\"https:\/\/centcols.org\/?s={search_term_string}\"},\"query-input\":{\"@type\":\"PropertyValueSpecification\",\"valueRequired\":true,\"valueName\":\"search_term_string\"}}],\"inLanguage\":\"de\"},{\"@type\":\"Organization\",\"@id\":\"https:\/\/centcols.org\/#organization\",\"name\":\"Club des Cent Cols\",\"url\":\"https:\/\/centcols.org\/\",\"logo\":{\"@type\":\"ImageObject\",\"inLanguage\":\"de\",\"@id\":\"https:\/\/centcols.org\/#\/schema\/logo\/image\/\",\"url\":\"https:\/\/centcols.org\/wp-content\/uploads\/2025\/01\/carte-icone.png\",\"contentUrl\":\"https:\/\/centcols.org\/wp-content\/uploads\/2025\/01\/carte-icone.png\",\"width\":250,\"height\":250,\"caption\":\"Club des Cent Cols\"},\"image\":{\"@id\":\"https:\/\/centcols.org\/#\/schema\/logo\/image\/\"},\"sameAs\":[\"https:\/\/www.facebook.com\/groups\/5261880558\/?locale=fr_FR\"]},{\"@type\":\"Person\",\"@id\":\"https:\/\/centcols.org\/#\/schema\/person\/0cc8f723679c98f3fb7798df5a50c018\",\"name\":\"Ren\u00e9 Mercier\",\"image\":{\"@type\":\"ImageObject\",\"inLanguage\":\"de\",\"@id\":\"https:\/\/centcols.org\/wp-content\/litespeed\/avatar\/c2275eeaf79d4f7456274de381abeeab.jpg?ver=1777347562\",\"url\":\"https:\/\/centcols.org\/wp-content\/litespeed\/avatar\/c2275eeaf79d4f7456274de381abeeab.jpg?ver=1777347562\",\"contentUrl\":\"https:\/\/centcols.org\/wp-content\/litespeed\/avatar\/c2275eeaf79d4f7456274de381abeeab.jpg?ver=1777347562\",\"caption\":\"Ren\u00e9 Mercier\"},\"url\":\"https:\/\/centcols.org\/de\/author\/7552\/\"}]}<\/script>\n<!-- \/ Yoast SEO plugin. -->","yoast_head_json":{"title":"FR-07 Saint-Etienne-de-Boulogne - Stra\u00dfe 80 km, D+ 1600 m, 14 P\u00e4sse - Club des Cent Cols","robots":{"index":"index","follow":"follow","max-snippet":"max-snippet:-1","max-image-preview":"max-image-preview:large","max-video-preview":"max-video-preview:-1"},"canonical":"https:\/\/centcols.org\/de\/de-07-saint-etienne-de-boulogne-route\/","og_locale":"de_DE","og_type":"article","og_title":"FR-07 Saint-Etienne-de-Boulogne - Route 80 km, D+ 1600 m, 14 cols - Club des Cent Cols","og_description":"Description de l\u2019auteur Auteur&nbsp;: Ren\u00e9 MercierParcours&nbsp;: effectu\u00e9 en juin 2023D\u00e9part&nbsp;: Saint-Etienne-de-Boulogne depuis l&rsquo;\u00e9glise de ce petit village. On peut y garer sa voiture \u00e0 l&rsquo;ombre. Descriptif touristique L&rsquo;Ard\u00e8che est une terre de v\u00e9lo. Ce circuit sillonne une partie des Monts d&rsquo;Ard\u00e8che entre 400 m et 1000 m d&rsquo;altitude. Les paysages sont tr\u00e8s verdoyants, les villages [&hellip;]","og_url":"https:\/\/centcols.org\/de\/de-07-saint-etienne-de-boulogne-route\/","og_site_name":"Club des Cent Cols","article_publisher":"https:\/\/www.facebook.com\/groups\/5261880558\/?locale=fr_FR","article_published_time":"2026-01-17T17:15:11+00:00","article_modified_time":"2026-03-17T21:52:00+00:00","og_image":[{"width":1200,"height":900,"url":"https:\/\/centcols.org\/wp-content\/uploads\/2026\/01\/2023-06-Ardeche5-Chateau-de-St-Michel-de-Boulogne.jpg","type":"image\/jpeg"}],"author":"Ren\u00e9 Mercier","twitter_card":"summary_large_image","twitter_misc":{"Verfasst von":"Ren\u00e9 Mercier","Gesch\u00e4tzte Lesezeit":"4\u00a0Minuten"},"schema":{"@context":"https:\/\/schema.org","@graph":[{"@type":"Article","@id":"https:\/\/centcols.org\/es\/fr-07-ruta-de-saint-etienne-de-boulogne\/#article","isPartOf":{"@id":"https:\/\/centcols.org\/es\/fr-07-ruta-de-saint-etienne-de-boulogne\/"},"author":{"name":"Ren\u00e9 Mercier","@id":"https:\/\/centcols.org\/#\/schema\/person\/0cc8f723679c98f3fb7798df5a50c018"},"headline":"FR-07 Saint-Etienne-de-Boulogne &#8211; Route 80 km, D+ 1600 m, 14 cols","datePublished":"2026-01-17T17:15:11+00:00","dateModified":"2026-03-17T21:52:00+00:00","mainEntityOfPage":{"@id":"https:\/\/centcols.org\/es\/fr-07-ruta-de-saint-etienne-de-boulogne\/"},"wordCount":433,"commentCount":0,"publisher":{"@id":"https:\/\/centcols.org\/#organization"},"image":{"@id":"https:\/\/centcols.org\/es\/fr-07-ruta-de-saint-etienne-de-boulogne\/#primaryimage"},"thumbnailUrl":"https:\/\/centcols.org\/wp-content\/uploads\/2026\/01\/2023-06-Ardeche5-Chateau-de-St-Michel-de-Boulogne.jpg","articleSection":["Auvergne-Rh\u00f4ne-Alpes","Parcours France","Route","07-Ard\u00e8che","Massif-Central","Parcours membres"],"inLanguage":"de","potentialAction":[{"@type":"CommentAction","name":"Comment","target":["https:\/\/centcols.org\/es\/fr-07-ruta-de-saint-etienne-de-boulogne\/#respond"]}]},{"@type":"WebPage","@id":"https:\/\/centcols.org\/es\/fr-07-ruta-de-saint-etienne-de-boulogne\/","url":"https:\/\/centcols.org\/es\/fr-07-ruta-de-saint-etienne-de-boulogne\/","name":"FR-07 Saint-Etienne-de-Boulogne - Stra\u00dfe 80 km, D+ 1600 m, 14 P\u00e4sse - Club des Cent Cols","isPartOf":{"@id":"https:\/\/centcols.org\/#website"},"primaryImageOfPage":{"@id":"https:\/\/centcols.org\/es\/fr-07-ruta-de-saint-etienne-de-boulogne\/#primaryimage"},"image":{"@id":"https:\/\/centcols.org\/es\/fr-07-ruta-de-saint-etienne-de-boulogne\/#primaryimage"},"thumbnailUrl":"https:\/\/centcols.org\/wp-content\/uploads\/2026\/01\/2023-06-Ardeche5-Chateau-de-St-Michel-de-Boulogne.jpg","datePublished":"2026-01-17T17:15:11+00:00","dateModified":"2026-03-17T21:52:00+00:00","breadcrumb":{"@id":"https:\/\/centcols.org\/es\/fr-07-ruta-de-saint-etienne-de-boulogne\/#breadcrumb"},"inLanguage":"de","potentialAction":[{"@type":"ReadAction","target":["https:\/\/centcols.org\/es\/fr-07-ruta-de-saint-etienne-de-boulogne\/"]}]},{"@type":"ImageObject","inLanguage":"de","@id":"https:\/\/centcols.org\/es\/fr-07-ruta-de-saint-etienne-de-boulogne\/#primaryimage","url":"https:\/\/centcols.org\/wp-content\/uploads\/2026\/01\/2023-06-Ardeche5-Chateau-de-St-Michel-de-Boulogne.jpg","contentUrl":"https:\/\/centcols.org\/wp-content\/uploads\/2026\/01\/2023-06-Ardeche5-Chateau-de-St-Michel-de-Boulogne.jpg","width":1200,"height":900},{"@type":"BreadcrumbList","@id":"https:\/\/centcols.org\/es\/fr-07-ruta-de-saint-etienne-de-boulogne\/#breadcrumb","itemListElement":[{"@type":"ListItem","position":1,"name":"Accueil","item":"https:\/\/centcols.org\/"},{"@type":"ListItem","position":2,"name":"Parcours membres","item":"https:\/\/centcols.org\/rubrique\/parcours-membres\/"},{"@type":"ListItem","position":3,"name":"Pays","item":"https:\/\/centcols.org\/rubrique\/parcours-membres\/pays-parcours-membres\/"},{"@type":"ListItem","position":4,"name":"Parcours France","item":"https:\/\/centcols.org\/rubrique\/parcours-membres\/pays-parcours-membres\/parcours-france\/"},{"@type":"ListItem","position":5,"name":"FR-07 Saint-Etienne-de-Boulogne &#8211; Route 80 km, D+ 1600 m, 14 cols"}]},{"@type":"WebSite","@id":"https:\/\/centcols.org\/#website","url":"https:\/\/centcols.org\/","name":"Club des Cent Cols","description":"","publisher":{"@id":"https:\/\/centcols.org\/#organization"},"potentialAction":[{"@type":"SearchAction","target":{"@type":"EntryPoint","urlTemplate":"https:\/\/centcols.org\/?s={search_term_string}"},"query-input":{"@type":"PropertyValueSpecification","valueRequired":true,"valueName":"search_term_string"}}],"inLanguage":"de"},{"@type":"Organization","@id":"https:\/\/centcols.org\/#organization","name":"Club des Cent Cols","url":"https:\/\/centcols.org\/","logo":{"@type":"ImageObject","inLanguage":"de","@id":"https:\/\/centcols.org\/#\/schema\/logo\/image\/","url":"https:\/\/centcols.org\/wp-content\/uploads\/2025\/01\/carte-icone.png","contentUrl":"https:\/\/centcols.org\/wp-content\/uploads\/2025\/01\/carte-icone.png","width":250,"height":250,"caption":"Club des Cent Cols"},"image":{"@id":"https:\/\/centcols.org\/#\/schema\/logo\/image\/"},"sameAs":["https:\/\/www.facebook.com\/groups\/5261880558\/?locale=fr_FR"]},{"@type":"Person","@id":"https:\/\/centcols.org\/#\/schema\/person\/0cc8f723679c98f3fb7798df5a50c018","name":"Ren\u00e9 Mercier","image":{"@type":"ImageObject","inLanguage":"de","@id":"https:\/\/centcols.org\/wp-content\/litespeed\/avatar\/c2275eeaf79d4f7456274de381abeeab.jpg?ver=1777347562","url":"https:\/\/centcols.org\/wp-content\/litespeed\/avatar\/c2275eeaf79d4f7456274de381abeeab.jpg?ver=1777347562","contentUrl":"https:\/\/centcols.org\/wp-content\/litespeed\/avatar\/c2275eeaf79d4f7456274de381abeeab.jpg?ver=1777347562","caption":"Ren\u00e9 Mercier"},"url":"https:\/\/centcols.org\/de\/author\/7552\/"}]}},"_links":{"self":[{"href":"https:\/\/centcols.org\/de\/wp-json\/wp\/v2\/posts\/92596","targetHints":{"allow":["GET"]}}],"collection":[{"href":"https:\/\/centcols.org\/de\/wp-json\/wp\/v2\/posts"}],"about":[{"href":"https:\/\/centcols.org\/de\/wp-json\/wp\/v2\/types\/post"}],"author":[{"embeddable":true,"href":"https:\/\/centcols.org\/de\/wp-json\/wp\/v2\/users\/1726"}],"replies":[{"embeddable":true,"href":"https:\/\/centcols.org\/de\/wp-json\/wp\/v2\/comments?post=92596"}],"version-history":[{"count":0,"href":"https:\/\/centcols.org\/de\/wp-json\/wp\/v2\/posts\/92596\/revisions"}],"wp:featuredmedia":[{"embeddable":true,"href":"https:\/\/centcols.org\/de\/wp-json\/wp\/v2\/media\/92608"}],"wp:attachment":[{"href":"https:\/\/centcols.org\/de\/wp-json\/wp\/v2\/media?parent=92596"}],"wp:term":[{"taxonomy":"category","embeddable":true,"href":"https:\/\/centcols.org\/de\/wp-json\/wp\/v2\/categories?post=92596"},{"taxonomy":"post_tag","embeddable":true,"href":"https:\/\/centcols.org\/de\/wp-json\/wp\/v2\/tags?post=92596"}],"curies":[{"name":"wp","href":"https:\/\/api.w.org\/{rel}","templated":true}]}}