{"id":92649,"date":"2026-01-16T18:55:36","date_gmt":"2026-01-16T16:55:36","guid":{"rendered":"https:\/\/centcols.org\/?p=92649"},"modified":"2026-03-10T19:29:38","modified_gmt":"2026-03-10T17:29:38","slug":"de-11-espezel-vtt","status":"publish","type":"post","link":"https:\/\/centcols.org\/de\/fr-11-espezel-vtt\/","title":{"rendered":"FR-11 Espezel - MTB 48 km, D+ 1310 m, 14 P\u00e4sse"},"content":{"rendered":"<iframe width=\"100%\" height=\"650\" loading=\"lazy\" src=\"https:\/\/www.openrunner.com\/embed\/764c414a4a36415331306652544177766a4532632b644559624f3064497a6a6c4972302f56756f587a35383d3a3a87c30eb8e703a623aa29ffebc704cb05?unit=metric\" style=\"border: none;\"><\/iframe>\n\n\n\n<div style=\"height:30px\" aria-hidden=\"true\" class=\"wp-block-spacer\"><\/div>\n\n\n\n<h2 class=\"wp-block-heading\">Beschreibung des Autors<\/h2>\n\n\n\n<p><strong>Autoren&nbsp;<\/strong>: Patrick Mandard und Philippe Chazottier<br><strong>Parcours&nbsp;<\/strong>: durchgef\u00fchrt am 2. April 2025<br><strong>Abreise&nbsp;<\/strong>: Dorf Espezel, in der N\u00e4he des Stadions route des Rives.<\/p>\n\n\n\n<div style=\"height:30px\" aria-hidden=\"true\" class=\"wp-block-spacer\"><\/div>\n\n\n\n<h2 class=\"wp-block-heading\">Touristische Beschreibung<\/h2>\n\n\n\n<p>Das Pays de Sault in den Pyren\u00e4en von Audoises besteht aus einem Hochplateau auf \u00fcber 1000 m H\u00f6he und bietet herrliche Panoramen auf die Pyren\u00e4en von Ari\u00e9geois. Zahlreiche H\u00f6hlen, in denen noch Spuren pr\u00e4historischer Besiedlung zu finden sind, von denen einige mit Parietalgravuren verziert sind, sind in diesem Gebiet verstreut (k\u00f6nnen nicht besichtigt werden). Im Dorf Belvis (nicht von diesem Rundgang betroffen) findet man zeitgen\u00f6ssische Fresken, wobei diese einige Zeichnungen wieder aufgreifen.<br>Im Dorf Espezel findet jedes letzte Wochenende im Oktober eine Viehzuchtmesse statt, die fast 30 000 Menschen anzieht. Die <a href=\"https:\/\/paysdesault.fr\/\" target=\"_blank\" rel=\"noreferrer noopener\">Pays de Sault<\/a> ist auch f\u00fcr seinen Kartoffelanbau bekannt.<br>Die permanente Wanderung \u00ab100 P\u00e4sse auf der Wasserscheide Atlantik-Mittelmeer\u00bb f\u00fchrt durch diese herrliche Region.<br>Wenn Sie nur einen Tag zur Verf\u00fcgung haben, kann ich Ihnen eine der beiden Routen empfehlen, die entweder vom Dorf Espezel oder vom Dorf Belcaire aus starten.<\/p>\n\n\n\n<div style=\"height:30px\" aria-hidden=\"true\" class=\"wp-block-spacer\"><\/div>\n\n\n\n<h2 class=\"wp-block-heading\">Technische Beschreibung<\/h2>\n\n\n\n<p>Radstrecke mit 95%, die abwechselnd durch Unterholz und Hochplateau f\u00fchrt.<\/p>\n\n\n\n<p><\/p>\n\n\n\n<p><strong>14 P\u00e4sse<\/strong><\/p>\n\n\n\n<figure class=\"wp-block-table\"><table class=\"has-background\" style=\"background-color:#f0f0f0\"><tbody><tr><td>1 - Ubi-Pass<\/td><td class=\"has-text-align-center\" data-align=\"center\">1055 m<\/td><td><a href=\"https:\/\/centcols.org\/de\/util\/geo\/visu.php\/?code=FR-11-1055b\" target=\"_blank\" rel=\"noreferrer noopener\">DE-11-1055b<\/a><\/td><\/tr><tr><td>2 - Col de la Fage<\/td><td class=\"has-text-align-center\" data-align=\"center\">1255 m<\/td><td><a href=\"https:\/\/centcols.org\/de\/util\/geo\/visu.php\/?code=FR-11-1255b\" target=\"_blank\" rel=\"noreferrer noopener\">DE-11-1255b<\/a><\/td><\/tr><tr><td>3 - Col de Rodes<\/td><td class=\"has-text-align-center\" data-align=\"center\">995 m<\/td><td><a href=\"https:\/\/centcols.org\/de\/util\/geo\/visu.php\/?code=FR-11-0995c\" target=\"_blank\" rel=\"noreferrer noopener\">DE-11-0995c<\/a><\/td><\/tr><tr><td>4 - Col de la Serre<\/td><td class=\"has-text-align-center\" data-align=\"center\">946 m<\/td><td><a href=\"https:\/\/centcols.org\/de\/util\/geo\/visu.php\/?code=FR-11-0946\" target=\"_blank\" rel=\"noreferrer noopener\">DE-11-0946<\/a><\/td><\/tr><tr><td>5 - Der Pass<\/td><td class=\"has-text-align-center\" data-align=\"center\">975 m<\/td><td><a href=\"https:\/\/centcols.org\/de\/util\/geo\/visu.php\/?code=FR-11-0975\" target=\"_blank\" rel=\"noreferrer noopener\">DE-11-0975<\/a><\/td><\/tr><tr><td>6 - Col de la Clause<\/td><td class=\"has-text-align-center\" data-align=\"center\">1164 m<\/td><td><a href=\"https:\/\/centcols.org\/de\/util\/geo\/visu.php\/?code=FR-11-1164\" target=\"_blank\" rel=\"noreferrer noopener\">DE-11-1164<\/a><\/td><\/tr><tr><td>7 - Aychidenpass<\/td><td class=\"has-text-align-center\" data-align=\"center\">1007 m<\/td><td><a href=\"https:\/\/centcols.org\/de\/util\/geo\/visu.php\/?code=FR-11-1007\" target=\"_blank\" rel=\"noreferrer noopener\">DE-11-1007<\/a><\/td><\/tr><tr><td>8 - Col des Clausels<\/td><td class=\"has-text-align-center\" data-align=\"center\">977 m<\/td><td><a href=\"https:\/\/centcols.org\/de\/util\/geo\/visu.php\/?code=FR-11-0977\" target=\"_blank\" rel=\"noreferrer noopener\">DE-11-0977<\/a><\/td><\/tr><tr><td>9 - Notre Dame Pass<\/td><td class=\"has-text-align-center\" data-align=\"center\">950 m<\/td><td><a href=\"https:\/\/centcols.org\/de\/util\/geo\/visu.php\/?code=FR-11-0950\" target=\"_blank\" rel=\"noreferrer noopener\">FR-11-0950<\/a><\/td><\/tr><tr><td>10 - Der Pass<\/td><td class=\"has-text-align-center\" data-align=\"center\">1015 m<\/td><td><a href=\"https:\/\/centcols.org\/de\/util\/geo\/visu.php\/?code=FR-11-1015a\" target=\"_blank\" rel=\"noreferrer noopener\">DE-11-1015a<\/a><\/td><\/tr><tr><td>11 - Col de l'Espinas<\/td><td class=\"has-text-align-center\" data-align=\"center\">995 m<\/td><td><a href=\"https:\/\/centcols.org\/de\/util\/geo\/visu.php\/?code=FR-11-0995a\" target=\"_blank\" rel=\"noreferrer noopener\">DE-11-0995a<\/a><\/td><\/tr><tr><td>12 - B\u00e8s-Pass<\/td><td class=\"has-text-align-center\" data-align=\"center\">965 m<\/td><td><a href=\"https:\/\/centcols.org\/de\/util\/geo\/visu.php\/?code=FR-11-0965a\" target=\"_blank\" rel=\"noreferrer noopener\">DE-11-0965a<\/a><\/td><\/tr><tr><td>13 - Col de la Crouts<\/td><td class=\"has-text-align-center\" data-align=\"center\">825 m<\/td><td><a href=\"https:\/\/centcols.org\/de\/util\/geo\/visu.php\/?code=FR-11-0843\" target=\"_blank\" rel=\"noreferrer noopener\">DE-11-0843<\/a><\/td><\/tr><tr><td>14 - Col des Rives<\/td><td class=\"has-text-align-center\" data-align=\"center\">907 m<\/td><td><a href=\"https:\/\/centcols.org\/de\/util\/geo\/visu.php\/?code=FR-11-0907\" target=\"_blank\" rel=\"noreferrer noopener\">DE-11-0907<\/a><\/td><\/tr><\/tbody><\/table><\/figure>\n\n\n\n<p><strong>Schlagw\u00f6rter<\/strong>&nbsp;: Espezel, Sault, centcols<\/p>\n\n\n\n<p>Openrunner-Link, interaktive Karte, Profil, Track : <a href=\"https:\/\/www.openrunner.com\/route-details\/23190189\" target=\"_blank\" rel=\"noreferrer noopener\">https:\/\/www.openrunner.com\/route-details\/23190189<\/a><\/p>\n\n\n\n<p>Diese Route wird nur zur Orientierung vorgeschlagen. Der Autor \u00fcbernimmt keine Haftung f\u00fcr Unw\u00e4gbarkeiten, die auf den Radfahrer selbst, das verwendete Material und alles, was die Stra\u00dfe, die Pisten und Wege, ihre Umgebung und andere Benutzer betrifft, zur\u00fcckzuf\u00fchren sind, sowie f\u00fcr die Haftung des Club des Cent Cols.<\/p>\n\n\n\n<div style=\"height:30px\" aria-hidden=\"true\" class=\"wp-block-spacer\"><\/div>\n\n\n\n<h2 class=\"wp-block-heading\">Fotos<\/h2>\n\n\n\n<figure class=\"wp-block-gallery has-nested-images columns-default is-cropped wp-block-gallery-1 is-layout-flex wp-block-gallery-is-layout-flex\">\n<figure class=\"wp-block-image size-full\"><a href=\"https:\/\/centcols.org\/wp-content\/uploads\/2026\/01\/Beau-passage-en-sous-bois.jpg\"><img loading=\"lazy\" decoding=\"async\" width=\"900\" height=\"1200\" data-id=\"92652\" src=\"https:\/\/centcols.org\/wp-content\/uploads\/2026\/01\/Beau-passage-en-sous-bois.jpg\" alt=\"\" class=\"wp-image-92652\" srcset=\"https:\/\/centcols.org\/wp-content\/uploads\/2026\/01\/Beau-passage-en-sous-bois.jpg 900w, https:\/\/centcols.org\/wp-content\/uploads\/2026\/01\/Beau-passage-en-sous-bois-768x1024.jpg 768w, https:\/\/centcols.org\/wp-content\/uploads\/2026\/01\/Beau-passage-en-sous-bois-9x12.jpg 9w\" sizes=\"auto, (max-width: 900px) 100vw, 900px\" \/><\/a><figcaption class=\"wp-element-caption\">Sch\u00f6ne Passage im Unterholz<\/figcaption><\/figure>\n\n\n\n<figure class=\"wp-block-image size-full\"><a href=\"https:\/\/centcols.org\/wp-content\/uploads\/2026\/01\/Chapelle-au-col-Notre-dame.jpg\"><img loading=\"lazy\" decoding=\"async\" width=\"900\" height=\"1200\" data-id=\"92653\" src=\"https:\/\/centcols.org\/wp-content\/uploads\/2026\/01\/Chapelle-au-col-Notre-dame.jpg\" alt=\"\" class=\"wp-image-92653\" srcset=\"https:\/\/centcols.org\/wp-content\/uploads\/2026\/01\/Chapelle-au-col-Notre-dame.jpg 900w, https:\/\/centcols.org\/wp-content\/uploads\/2026\/01\/Chapelle-au-col-Notre-dame-768x1024.jpg 768w, https:\/\/centcols.org\/wp-content\/uploads\/2026\/01\/Chapelle-au-col-Notre-dame-9x12.jpg 9w\" sizes=\"auto, (max-width: 900px) 100vw, 900px\" \/><\/a><figcaption class=\"wp-element-caption\">Kapelle auf dem Pass Notre Dame<\/figcaption><\/figure>\n\n\n\n<figure class=\"wp-block-image size-full\"><a href=\"https:\/\/centcols.org\/wp-content\/uploads\/2026\/01\/Le-plateau-de-Sault-depuis-le-col-de-Rodes.jpg\"><img loading=\"lazy\" decoding=\"async\" width=\"900\" height=\"1200\" data-id=\"92654\" src=\"https:\/\/centcols.org\/wp-content\/uploads\/2026\/01\/Le-plateau-de-Sault-depuis-le-col-de-Rodes.jpg\" alt=\"\" class=\"wp-image-92654\" srcset=\"https:\/\/centcols.org\/wp-content\/uploads\/2026\/01\/Le-plateau-de-Sault-depuis-le-col-de-Rodes.jpg 900w, https:\/\/centcols.org\/wp-content\/uploads\/2026\/01\/Le-plateau-de-Sault-depuis-le-col-de-Rodes-768x1024.jpg 768w, https:\/\/centcols.org\/wp-content\/uploads\/2026\/01\/Le-plateau-de-Sault-depuis-le-col-de-Rodes-9x12.jpg 9w\" sizes=\"auto, (max-width: 900px) 100vw, 900px\" \/><\/a><figcaption class=\"wp-element-caption\">Die Hochebene von Sault vom Col de Rodes aus<\/figcaption><\/figure>\n\n\n\n<figure class=\"wp-block-image size-full\"><a href=\"https:\/\/centcols.org\/wp-content\/uploads\/2026\/01\/Village-dAunat.jpg\"><img loading=\"lazy\" decoding=\"async\" width=\"1200\" height=\"540\" data-id=\"92655\" src=\"https:\/\/centcols.org\/wp-content\/uploads\/2026\/01\/Village-dAunat.jpg\" alt=\"\" class=\"wp-image-92655\" srcset=\"https:\/\/centcols.org\/wp-content\/uploads\/2026\/01\/Village-dAunat.jpg 1200w, https:\/\/centcols.org\/wp-content\/uploads\/2026\/01\/Village-dAunat-768x346.jpg 768w, https:\/\/centcols.org\/wp-content\/uploads\/2026\/01\/Village-dAunat-18x8.jpg 18w\" sizes=\"auto, (max-width: 1200px) 100vw, 1200px\" \/><\/a><figcaption class=\"wp-element-caption\">Dorf Aunat<\/figcaption><\/figure>\n\n\n\n<figure class=\"wp-block-image size-full\"><a href=\"https:\/\/centcols.org\/wp-content\/uploads\/2026\/01\/Village-de-Mazuby.jpg\"><img loading=\"lazy\" decoding=\"async\" width=\"900\" height=\"1200\" data-id=\"92656\" src=\"https:\/\/centcols.org\/wp-content\/uploads\/2026\/01\/Village-de-Mazuby.jpg\" alt=\"\" class=\"wp-image-92656\" srcset=\"https:\/\/centcols.org\/wp-content\/uploads\/2026\/01\/Village-de-Mazuby.jpg 900w, https:\/\/centcols.org\/wp-content\/uploads\/2026\/01\/Village-de-Mazuby-768x1024.jpg 768w, https:\/\/centcols.org\/wp-content\/uploads\/2026\/01\/Village-de-Mazuby-9x12.jpg 9w\" sizes=\"auto, (max-width: 900px) 100vw, 900px\" \/><\/a><figcaption class=\"wp-element-caption\">Dorf Mazuby<\/figcaption><\/figure>\n<\/figure>","protected":false},"excerpt":{"rendered":"<p>Description de l\u2019auteur Auteurs&nbsp;: Patrick Mandard et Philippe ChazottierParcours&nbsp;: effectu\u00e9 le 2 avril 2025D\u00e9part&nbsp;: village d&rsquo;Espezel, pr\u00e8s du stade route des Rives. Descriptif touristique En Pyr\u00e9n\u00e9es audoises, le Pays de Sault est constitu\u00e9 d\u2019un haut plateau situ\u00e9 \u00e0 plus de 1000 m d\u2019altitude et propose de magnifiques panoramas sur les Pyr\u00e9n\u00e9es ari\u00e9geoises. De nombreuses grottes [&hellip;]<\/p>\n","protected":false},"author":1726,"featured_media":92653,"comment_status":"open","ping_status":"open","sticky":false,"template":"","format":"standard","meta":{"_acf_changed":false,"footnotes":""},"categories":[303,319,396,455,220],"tags":[],"class_list":["post-92649","post","type-post","status-publish","format-standard","has-post-thumbnail","hentry","category-parcours-france","category-vtt-type-parcours","category-11-aude","category-occitanie-region-parcours-membres","category-parcours-membres"],"acf":[],"yoast_head":"<!-- This site is optimized with the Yoast SEO plugin v27.2 - https:\/\/yoast.com\/product\/yoast-seo-wordpress\/ -->\n<title>FR-11 Espezel - VTT 48 km, D+ 1310 m, 14 cols - Club des Cent Cols<\/title>\n<meta name=\"robots\" content=\"index, follow, max-snippet:-1, max-image-preview:large, max-video-preview:-1\" \/>\n<link rel=\"canonical\" href=\"https:\/\/centcols.org\/de\/de-11-espezel-vtt\/\" \/>\n<meta property=\"og:locale\" content=\"de_DE\" \/>\n<meta property=\"og:type\" content=\"article\" \/>\n<meta property=\"og:title\" content=\"FR-11 Espezel - VTT 48 km, D+ 1310 m, 14 cols - Club des Cent Cols\" \/>\n<meta property=\"og:description\" content=\"Description de l\u2019auteur Auteurs&nbsp;: Patrick Mandard et Philippe ChazottierParcours&nbsp;: effectu\u00e9 le 2 avril 2025D\u00e9part&nbsp;: village d&rsquo;Espezel, pr\u00e8s du stade route des Rives. Descriptif touristique En Pyr\u00e9n\u00e9es audoises, le Pays de Sault est constitu\u00e9 d\u2019un haut plateau situ\u00e9 \u00e0 plus de 1000 m d\u2019altitude et propose de magnifiques panoramas sur les Pyr\u00e9n\u00e9es ari\u00e9geoises. De nombreuses grottes [&hellip;]\" \/>\n<meta property=\"og:url\" content=\"https:\/\/centcols.org\/de\/de-11-espezel-vtt\/\" \/>\n<meta property=\"og:site_name\" content=\"Club des Cent Cols\" \/>\n<meta property=\"article:publisher\" content=\"https:\/\/www.facebook.com\/groups\/5261880558\/?locale=fr_FR\" \/>\n<meta property=\"article:published_time\" content=\"2026-01-16T16:55:36+00:00\" \/>\n<meta property=\"article:modified_time\" content=\"2026-03-10T17:29:38+00:00\" \/>\n<meta property=\"og:image\" content=\"https:\/\/centcols.org\/wp-content\/uploads\/2026\/01\/Chapelle-au-col-Notre-dame.jpg\" \/>\n\t<meta property=\"og:image:width\" content=\"900\" \/>\n\t<meta property=\"og:image:height\" content=\"1200\" \/>\n\t<meta property=\"og:image:type\" content=\"image\/jpeg\" \/>\n<meta name=\"author\" content=\"Ren\u00e9 Mercier\" \/>\n<meta name=\"twitter:card\" content=\"summary_large_image\" \/>\n<meta name=\"twitter:label1\" content=\"Verfasst von\" \/>\n\t<meta name=\"twitter:data1\" content=\"Ren\u00e9 Mercier\" \/>\n\t<meta name=\"twitter:label2\" content=\"Gesch\u00e4tzte Lesezeit\" \/>\n\t<meta name=\"twitter:data2\" content=\"4\u00a0Minuten\" \/>\n<script type=\"application\/ld+json\" class=\"yoast-schema-graph\">{\"@context\":\"https:\/\/schema.org\",\"@graph\":[{\"@type\":\"Article\",\"@id\":\"https:\/\/centcols.org\/nl\/fr-11-espezel-vtt\/#article\",\"isPartOf\":{\"@id\":\"https:\/\/centcols.org\/nl\/fr-11-espezel-vtt\/\"},\"author\":{\"name\":\"Ren\u00e9 Mercier\",\"@id\":\"https:\/\/centcols.org\/#\/schema\/person\/0cc8f723679c98f3fb7798df5a50c018\"},\"headline\":\"FR-11 Espezel &#8211; VTT 48 km, D+ 1310 m, 14 cols\",\"datePublished\":\"2026-01-16T16:55:36+00:00\",\"dateModified\":\"2026-03-10T17:29:38+00:00\",\"mainEntityOfPage\":{\"@id\":\"https:\/\/centcols.org\/nl\/fr-11-espezel-vtt\/\"},\"wordCount\":429,\"commentCount\":0,\"publisher\":{\"@id\":\"https:\/\/centcols.org\/#organization\"},\"image\":{\"@id\":\"https:\/\/centcols.org\/nl\/fr-11-espezel-vtt\/#primaryimage\"},\"thumbnailUrl\":\"https:\/\/centcols.org\/wp-content\/uploads\/2026\/01\/Chapelle-au-col-Notre-dame.jpg\",\"articleSection\":[\"Parcours France\",\"VTT\",\"11-Aude\",\"Occitanie\",\"Parcours membres\"],\"inLanguage\":\"de\",\"potentialAction\":[{\"@type\":\"CommentAction\",\"name\":\"Comment\",\"target\":[\"https:\/\/centcols.org\/nl\/fr-11-espezel-vtt\/#respond\"]}]},{\"@type\":\"WebPage\",\"@id\":\"https:\/\/centcols.org\/nl\/fr-11-espezel-vtt\/\",\"url\":\"https:\/\/centcols.org\/nl\/fr-11-espezel-vtt\/\",\"name\":\"FR-11 Espezel - VTT 48 km, D+ 1310 m, 14 cols - Club des Cent Cols\",\"isPartOf\":{\"@id\":\"https:\/\/centcols.org\/#website\"},\"primaryImageOfPage\":{\"@id\":\"https:\/\/centcols.org\/nl\/fr-11-espezel-vtt\/#primaryimage\"},\"image\":{\"@id\":\"https:\/\/centcols.org\/nl\/fr-11-espezel-vtt\/#primaryimage\"},\"thumbnailUrl\":\"https:\/\/centcols.org\/wp-content\/uploads\/2026\/01\/Chapelle-au-col-Notre-dame.jpg\",\"datePublished\":\"2026-01-16T16:55:36+00:00\",\"dateModified\":\"2026-03-10T17:29:38+00:00\",\"breadcrumb\":{\"@id\":\"https:\/\/centcols.org\/nl\/fr-11-espezel-vtt\/#breadcrumb\"},\"inLanguage\":\"de\",\"potentialAction\":[{\"@type\":\"ReadAction\",\"target\":[\"https:\/\/centcols.org\/nl\/fr-11-espezel-vtt\/\"]}]},{\"@type\":\"ImageObject\",\"inLanguage\":\"de\",\"@id\":\"https:\/\/centcols.org\/nl\/fr-11-espezel-vtt\/#primaryimage\",\"url\":\"https:\/\/centcols.org\/wp-content\/uploads\/2026\/01\/Chapelle-au-col-Notre-dame.jpg\",\"contentUrl\":\"https:\/\/centcols.org\/wp-content\/uploads\/2026\/01\/Chapelle-au-col-Notre-dame.jpg\",\"width\":900,\"height\":1200,\"caption\":\"maison\"},{\"@type\":\"BreadcrumbList\",\"@id\":\"https:\/\/centcols.org\/nl\/fr-11-espezel-vtt\/#breadcrumb\",\"itemListElement\":[{\"@type\":\"ListItem\",\"position\":1,\"name\":\"Accueil\",\"item\":\"https:\/\/centcols.org\/\"},{\"@type\":\"ListItem\",\"position\":2,\"name\":\"Parcours membres\",\"item\":\"https:\/\/centcols.org\/rubrique\/parcours-membres\/\"},{\"@type\":\"ListItem\",\"position\":3,\"name\":\"Pays\",\"item\":\"https:\/\/centcols.org\/rubrique\/parcours-membres\/pays-parcours-membres\/\"},{\"@type\":\"ListItem\",\"position\":4,\"name\":\"Parcours France\",\"item\":\"https:\/\/centcols.org\/rubrique\/parcours-membres\/pays-parcours-membres\/parcours-france\/\"},{\"@type\":\"ListItem\",\"position\":5,\"name\":\"FR-11 Espezel &#8211; VTT 48 km, D+ 1310 m, 14 cols\"}]},{\"@type\":\"WebSite\",\"@id\":\"https:\/\/centcols.org\/#website\",\"url\":\"https:\/\/centcols.org\/\",\"name\":\"Club des Cent Cols\",\"description\":\"\",\"publisher\":{\"@id\":\"https:\/\/centcols.org\/#organization\"},\"potentialAction\":[{\"@type\":\"SearchAction\",\"target\":{\"@type\":\"EntryPoint\",\"urlTemplate\":\"https:\/\/centcols.org\/?s={search_term_string}\"},\"query-input\":{\"@type\":\"PropertyValueSpecification\",\"valueRequired\":true,\"valueName\":\"search_term_string\"}}],\"inLanguage\":\"de\"},{\"@type\":\"Organization\",\"@id\":\"https:\/\/centcols.org\/#organization\",\"name\":\"Club des Cent Cols\",\"url\":\"https:\/\/centcols.org\/\",\"logo\":{\"@type\":\"ImageObject\",\"inLanguage\":\"de\",\"@id\":\"https:\/\/centcols.org\/#\/schema\/logo\/image\/\",\"url\":\"https:\/\/centcols.org\/wp-content\/uploads\/2025\/01\/carte-icone.png\",\"contentUrl\":\"https:\/\/centcols.org\/wp-content\/uploads\/2025\/01\/carte-icone.png\",\"width\":250,\"height\":250,\"caption\":\"Club des Cent Cols\"},\"image\":{\"@id\":\"https:\/\/centcols.org\/#\/schema\/logo\/image\/\"},\"sameAs\":[\"https:\/\/www.facebook.com\/groups\/5261880558\/?locale=fr_FR\"]},{\"@type\":\"Person\",\"@id\":\"https:\/\/centcols.org\/#\/schema\/person\/0cc8f723679c98f3fb7798df5a50c018\",\"name\":\"Ren\u00e9 Mercier\",\"image\":{\"@type\":\"ImageObject\",\"inLanguage\":\"de\",\"@id\":\"https:\/\/centcols.org\/wp-content\/litespeed\/avatar\/c2275eeaf79d4f7456274de381abeeab.jpg?ver=1777347562\",\"url\":\"https:\/\/centcols.org\/wp-content\/litespeed\/avatar\/c2275eeaf79d4f7456274de381abeeab.jpg?ver=1777347562\",\"contentUrl\":\"https:\/\/centcols.org\/wp-content\/litespeed\/avatar\/c2275eeaf79d4f7456274de381abeeab.jpg?ver=1777347562\",\"caption\":\"Ren\u00e9 Mercier\"},\"url\":\"https:\/\/centcols.org\/de\/author\/7552\/\"}]}<\/script>\n<!-- \/ Yoast SEO plugin. -->","yoast_head_json":{"title":"FR-11 Espezel - MTB 48 km, D+ 1310 m, 14 P\u00e4sse - Club des Cent Cols","robots":{"index":"index","follow":"follow","max-snippet":"max-snippet:-1","max-image-preview":"max-image-preview:large","max-video-preview":"max-video-preview:-1"},"canonical":"https:\/\/centcols.org\/de\/de-11-espezel-vtt\/","og_locale":"de_DE","og_type":"article","og_title":"FR-11 Espezel - VTT 48 km, D+ 1310 m, 14 cols - Club des Cent Cols","og_description":"Description de l\u2019auteur Auteurs&nbsp;: Patrick Mandard et Philippe ChazottierParcours&nbsp;: effectu\u00e9 le 2 avril 2025D\u00e9part&nbsp;: village d&rsquo;Espezel, pr\u00e8s du stade route des Rives. Descriptif touristique En Pyr\u00e9n\u00e9es audoises, le Pays de Sault est constitu\u00e9 d\u2019un haut plateau situ\u00e9 \u00e0 plus de 1000 m d\u2019altitude et propose de magnifiques panoramas sur les Pyr\u00e9n\u00e9es ari\u00e9geoises. De nombreuses grottes [&hellip;]","og_url":"https:\/\/centcols.org\/de\/de-11-espezel-vtt\/","og_site_name":"Club des Cent Cols","article_publisher":"https:\/\/www.facebook.com\/groups\/5261880558\/?locale=fr_FR","article_published_time":"2026-01-16T16:55:36+00:00","article_modified_time":"2026-03-10T17:29:38+00:00","og_image":[{"width":900,"height":1200,"url":"https:\/\/centcols.org\/wp-content\/uploads\/2026\/01\/Chapelle-au-col-Notre-dame.jpg","type":"image\/jpeg"}],"author":"Ren\u00e9 Mercier","twitter_card":"summary_large_image","twitter_misc":{"Verfasst von":"Ren\u00e9 Mercier","Gesch\u00e4tzte Lesezeit":"4\u00a0Minuten"},"schema":{"@context":"https:\/\/schema.org","@graph":[{"@type":"Article","@id":"https:\/\/centcols.org\/nl\/fr-11-espezel-vtt\/#article","isPartOf":{"@id":"https:\/\/centcols.org\/nl\/fr-11-espezel-vtt\/"},"author":{"name":"Ren\u00e9 Mercier","@id":"https:\/\/centcols.org\/#\/schema\/person\/0cc8f723679c98f3fb7798df5a50c018"},"headline":"FR-11 Espezel &#8211; VTT 48 km, D+ 1310 m, 14 cols","datePublished":"2026-01-16T16:55:36+00:00","dateModified":"2026-03-10T17:29:38+00:00","mainEntityOfPage":{"@id":"https:\/\/centcols.org\/nl\/fr-11-espezel-vtt\/"},"wordCount":429,"commentCount":0,"publisher":{"@id":"https:\/\/centcols.org\/#organization"},"image":{"@id":"https:\/\/centcols.org\/nl\/fr-11-espezel-vtt\/#primaryimage"},"thumbnailUrl":"https:\/\/centcols.org\/wp-content\/uploads\/2026\/01\/Chapelle-au-col-Notre-dame.jpg","articleSection":["Parcours France","VTT","11-Aude","Occitanie","Parcours membres"],"inLanguage":"de","potentialAction":[{"@type":"CommentAction","name":"Comment","target":["https:\/\/centcols.org\/nl\/fr-11-espezel-vtt\/#respond"]}]},{"@type":"WebPage","@id":"https:\/\/centcols.org\/nl\/fr-11-espezel-vtt\/","url":"https:\/\/centcols.org\/nl\/fr-11-espezel-vtt\/","name":"FR-11 Espezel - MTB 48 km, D+ 1310 m, 14 P\u00e4sse - Club des Cent Cols","isPartOf":{"@id":"https:\/\/centcols.org\/#website"},"primaryImageOfPage":{"@id":"https:\/\/centcols.org\/nl\/fr-11-espezel-vtt\/#primaryimage"},"image":{"@id":"https:\/\/centcols.org\/nl\/fr-11-espezel-vtt\/#primaryimage"},"thumbnailUrl":"https:\/\/centcols.org\/wp-content\/uploads\/2026\/01\/Chapelle-au-col-Notre-dame.jpg","datePublished":"2026-01-16T16:55:36+00:00","dateModified":"2026-03-10T17:29:38+00:00","breadcrumb":{"@id":"https:\/\/centcols.org\/nl\/fr-11-espezel-vtt\/#breadcrumb"},"inLanguage":"de","potentialAction":[{"@type":"ReadAction","target":["https:\/\/centcols.org\/nl\/fr-11-espezel-vtt\/"]}]},{"@type":"ImageObject","inLanguage":"de","@id":"https:\/\/centcols.org\/nl\/fr-11-espezel-vtt\/#primaryimage","url":"https:\/\/centcols.org\/wp-content\/uploads\/2026\/01\/Chapelle-au-col-Notre-dame.jpg","contentUrl":"https:\/\/centcols.org\/wp-content\/uploads\/2026\/01\/Chapelle-au-col-Notre-dame.jpg","width":900,"height":1200,"caption":"maison"},{"@type":"BreadcrumbList","@id":"https:\/\/centcols.org\/nl\/fr-11-espezel-vtt\/#breadcrumb","itemListElement":[{"@type":"ListItem","position":1,"name":"Accueil","item":"https:\/\/centcols.org\/"},{"@type":"ListItem","position":2,"name":"Parcours membres","item":"https:\/\/centcols.org\/rubrique\/parcours-membres\/"},{"@type":"ListItem","position":3,"name":"Pays","item":"https:\/\/centcols.org\/rubrique\/parcours-membres\/pays-parcours-membres\/"},{"@type":"ListItem","position":4,"name":"Parcours France","item":"https:\/\/centcols.org\/rubrique\/parcours-membres\/pays-parcours-membres\/parcours-france\/"},{"@type":"ListItem","position":5,"name":"FR-11 Espezel &#8211; VTT 48 km, D+ 1310 m, 14 cols"}]},{"@type":"WebSite","@id":"https:\/\/centcols.org\/#website","url":"https:\/\/centcols.org\/","name":"Club des Cent Cols","description":"","publisher":{"@id":"https:\/\/centcols.org\/#organization"},"potentialAction":[{"@type":"SearchAction","target":{"@type":"EntryPoint","urlTemplate":"https:\/\/centcols.org\/?s={search_term_string}"},"query-input":{"@type":"PropertyValueSpecification","valueRequired":true,"valueName":"search_term_string"}}],"inLanguage":"de"},{"@type":"Organization","@id":"https:\/\/centcols.org\/#organization","name":"Club des Cent Cols","url":"https:\/\/centcols.org\/","logo":{"@type":"ImageObject","inLanguage":"de","@id":"https:\/\/centcols.org\/#\/schema\/logo\/image\/","url":"https:\/\/centcols.org\/wp-content\/uploads\/2025\/01\/carte-icone.png","contentUrl":"https:\/\/centcols.org\/wp-content\/uploads\/2025\/01\/carte-icone.png","width":250,"height":250,"caption":"Club des Cent Cols"},"image":{"@id":"https:\/\/centcols.org\/#\/schema\/logo\/image\/"},"sameAs":["https:\/\/www.facebook.com\/groups\/5261880558\/?locale=fr_FR"]},{"@type":"Person","@id":"https:\/\/centcols.org\/#\/schema\/person\/0cc8f723679c98f3fb7798df5a50c018","name":"Ren\u00e9 Mercier","image":{"@type":"ImageObject","inLanguage":"de","@id":"https:\/\/centcols.org\/wp-content\/litespeed\/avatar\/c2275eeaf79d4f7456274de381abeeab.jpg?ver=1777347562","url":"https:\/\/centcols.org\/wp-content\/litespeed\/avatar\/c2275eeaf79d4f7456274de381abeeab.jpg?ver=1777347562","contentUrl":"https:\/\/centcols.org\/wp-content\/litespeed\/avatar\/c2275eeaf79d4f7456274de381abeeab.jpg?ver=1777347562","caption":"Ren\u00e9 Mercier"},"url":"https:\/\/centcols.org\/de\/author\/7552\/"}]}},"_links":{"self":[{"href":"https:\/\/centcols.org\/de\/wp-json\/wp\/v2\/posts\/92649","targetHints":{"allow":["GET"]}}],"collection":[{"href":"https:\/\/centcols.org\/de\/wp-json\/wp\/v2\/posts"}],"about":[{"href":"https:\/\/centcols.org\/de\/wp-json\/wp\/v2\/types\/post"}],"author":[{"embeddable":true,"href":"https:\/\/centcols.org\/de\/wp-json\/wp\/v2\/users\/1726"}],"replies":[{"embeddable":true,"href":"https:\/\/centcols.org\/de\/wp-json\/wp\/v2\/comments?post=92649"}],"version-history":[{"count":0,"href":"https:\/\/centcols.org\/de\/wp-json\/wp\/v2\/posts\/92649\/revisions"}],"wp:featuredmedia":[{"embeddable":true,"href":"https:\/\/centcols.org\/de\/wp-json\/wp\/v2\/media\/92653"}],"wp:attachment":[{"href":"https:\/\/centcols.org\/de\/wp-json\/wp\/v2\/media?parent=92649"}],"wp:term":[{"taxonomy":"category","embeddable":true,"href":"https:\/\/centcols.org\/de\/wp-json\/wp\/v2\/categories?post=92649"},{"taxonomy":"post_tag","embeddable":true,"href":"https:\/\/centcols.org\/de\/wp-json\/wp\/v2\/tags?post=92649"}],"curies":[{"name":"wp","href":"https:\/\/api.w.org\/{rel}","templated":true}]}}