{"id":92842,"date":"2026-02-04T22:59:22","date_gmt":"2026-02-04T20:59:22","guid":{"rendered":"https:\/\/centcols.org\/?p=92842"},"modified":"2026-02-06T20:16:21","modified_gmt":"2026-02-06T18:16:21","slug":"55-passe-auf-den-strasen-des-haut-languedoc","status":"publish","type":"post","link":"https:\/\/centcols.org\/de\/55-cols-sur-les-routes-du-haut-languedoc\/","title":{"rendered":"55 P\u00e4sse auf den Stra\u00dfen des Haut-Languedoc"},"content":{"rendered":"<p>Pierre Gasc* schl\u00e4gt uns eine wundersch\u00f6ne Tour in der Region Haut-Languedoc vor. F\u00fcnfundf\u00fcnfzig P\u00e4sse schm\u00fccken die etwa 300 km lange Tour, die auf sehr ruhigen Stra\u00dfen fernab der motorisierten Hektik verl\u00e4uft. Die Tour kann in zwei (oder mehr) Schleifen gefahren werden, um eine wundersch\u00f6ne Region zu entdecken, die von den H\u00f6hen des Espinouse und des Somail \u00fcber die Sch\u00e4tze von Olargues oder Saint-Pons-de-Thomi\u00e8res bis hin zu den Weinbauebenen von Saint-Chinian sehr kontrastreich ist. Es werden drei Departements besucht: H\u00e9rault, Tarn und Aveyron.<\/p>\n\n\n\n<p><em>NDLR: Im Jahr 2026 wurde dieser Artikel aktualisiert, da neue P\u00e4sse auf der Strecke hinzugekommen sind. Urspr\u00fcnglich waren es 50 P\u00e4sse, heute sind es 55, ohne die vielen P\u00e4sse in der N\u00e4he zu z\u00e4hlen, die in der Tabelle auf der Route aufgef\u00fchrt sind. Die meisten dieser P\u00e4sse finden Sie als \u00abTagestouren\u00bb in der Rubrik Wandern.<\/em><\/p>\n\n\n\n<p>In diesem Dossier finden Sie :<br><\/p>\n\n\n\n<ul class=\"wp-block-list\">\n<li>eine \u00dcbersichtskarte, auf der die P\u00e4sse und die wichtigsten Sehensw\u00fcrdigkeiten verzeichnet sind.<\/li>\n\n\n\n<li>das Wanderprofil und den OpenRunner-Track.<\/li>\n\n\n\n<li>ein Kurzprofil des Rundgangs.<\/li>\n\n\n\n<li>eine Tabelle der Tour: Beschreibung der Wanderung, die insbesondere die Namen der \u00fcberquerten P\u00e4sse (sowie der P\u00e4sse in unmittelbarer N\u00e4he, insgesamt 79 P\u00e4sse) einschlie\u00dflich der 2 OpenRunner-Tracks enth\u00e4lt.<\/li>\n\n\n\n<li>einen \u00abtouristischen\u00bb Teil, der sich auf Unterk\u00fcnfte und n\u00fctzliche Adressen (Fremdenverkehrsb\u00fcros) bezieht. <\/li>\n<\/ul>\n\n\n\n<p>Um \u00fcber die P\u00e4sse hinauszugehen, finden Sie hier auch einen F\u00fchrer zu einer der Spezialit\u00e4ten der Region: den \u00abStatuen-Menhiren\u00bb. Was Sie aber nicht davon abhalten wird, sich auch f\u00fcr irdischere Speisen wie die Wurstwaren aus Lacaune zu interessieren!<\/p>\n\n\n\n<p>Gute Fahrt<br>Ren\u00e9 POTY<\/p>\n\n\n\n<p>* Pierre GASC : Cent Cols n\u00b01531<br>1 rue des Tambourins<br>34690 FABREGUES<\/p>\n\n\n\n<p>Ehemaliger Leiter von Cent Cols Languedoc.<br>Ehemaliger Pr\u00e4sident der Liga Languedoc-Roussillon.<\/p>\n\n\n\n<p>Vergessen Sie nicht, Pierre auf Ihrer Wanderung von Pass zu Pass im Haut-Languedoc eine Postkarte zu schicken!<br>... und ein Bericht f\u00fcr die Jahresschrift der \"Cent Cols\"!<\/p>\n\n\n<div class=\"wp-block-image\">\n<figure class=\"aligncenter size-full is-resized\"><img loading=\"lazy\" decoding=\"async\" width=\"1200\" height=\"1263\" src=\"https:\/\/centcols.org\/wp-content\/uploads\/2026\/01\/carte_du_circuit_HtLanguedoc.jpeg\" alt=\"\" class=\"wp-image-92878\" style=\"width:850px\" srcset=\"https:\/\/centcols.org\/wp-content\/uploads\/2026\/01\/carte_du_circuit_HtLanguedoc.jpeg 1200w, https:\/\/centcols.org\/wp-content\/uploads\/2026\/01\/carte_du_circuit_HtLanguedoc-1140x1200.jpeg 1140w, https:\/\/centcols.org\/wp-content\/uploads\/2026\/01\/carte_du_circuit_HtLanguedoc-768x808.jpeg 768w, https:\/\/centcols.org\/wp-content\/uploads\/2026\/01\/carte_du_circuit_HtLanguedoc-11x12.jpeg 11w\" sizes=\"auto, (max-width: 1200px) 100vw, 1200px\" \/><figcaption class=\"wp-element-caption\">Karte des urspr\u00fcnglichen Rundgangs<\/figcaption><\/figure>\n<\/div>\n\n\n<p><\/p>\n\n\n\n<iframe width=\"100%\" height=\"650\" loading=\"lazy\" src=\"https:\/\/www.openrunner.com\/embed.html?code=32696c765475567957414e4f4e5952395971574378796f4e514e4678425144655037386d326d2f335273453d3a3a6d08c678953e2178cf04b3556cb3a878&#038;lang=fr&#038;unit=metric\" style=\"border: none;\"><\/iframe>\n\n\n\n<div class=\"wp-block-group\"><div class=\"wp-block-group__inner-container is-layout-constrained wp-block-group-is-layout-constrained\">\n<div class=\"wp-block-columns is-layout-flex wp-container-core-columns-is-layout-9d6595d7 wp-block-columns-is-layout-flex\">\n<div class=\"wp-block-column is-layout-flow wp-block-column-is-layout-flow\" style=\"flex-basis:100%\">\n<div class=\"wp-block-buttons is-content-justification-center is-layout-flex wp-container-core-buttons-is-layout-16018d1d wp-block-buttons-is-layout-flex\">\n<div class=\"wp-block-button\"><a class=\"wp-block-button__link has-black-color has-cyan-bluish-gray-background-color has-text-color has-background has-link-color wp-element-button\" href=\"https:\/\/centcols.org\/wp-content\/uploads\/2026\/01\/profil_HtLanguedoc.jpeg\" target=\"_blank\" rel=\"noreferrer noopener\"><strong><em>Streckenprofil<\/em><\/strong><\/a><\/div>\n\n\n\n<div class=\"wp-block-button\"><a class=\"wp-block-button__link has-black-color has-cyan-bluish-gray-background-color has-text-color has-background has-link-color wp-element-button\" href=\"https:\/\/centcols.org\/wp-content\/uploads\/2026\/02\/tableau_parcours_55cols_HtLanguedoc.xlsx\"><strong><em>Tabelle der Schaltung<\/em><\/strong><\/a><\/div>\n\n\n\n<div class=\"wp-block-button\"><a class=\"wp-block-button__link has-black-color has-cyan-bluish-gray-background-color has-text-color has-background has-link-color wp-element-button\" href=\"https:\/\/centcols.org\/wp-content\/uploads\/2026\/02\/De-cols-en-menhirs.pdf\" target=\"_blank\" rel=\"noreferrer noopener\"><strong><em>Von P\u00e4ssen zu Menhiren<\/em><\/strong><\/a><\/div>\n<\/div>\n<\/div>\n<\/div>\n<\/div><\/div>\n\n\n\n<p><\/p>\n\n\n\n<figure class=\"wp-block-gallery has-nested-images columns-default is-cropped wp-block-gallery-1 is-layout-flex wp-block-gallery-is-layout-flex\">\n<figure class=\"wp-block-image size-large\"><a href=\"https:\/\/centcols.org\/wp-content\/uploads\/2026\/01\/col_du_poirier.jpg\"><img loading=\"lazy\" decoding=\"async\" width=\"400\" height=\"609\" data-id=\"92857\" src=\"https:\/\/centcols.org\/wp-content\/uploads\/2026\/01\/col_du_poirier.jpg\" alt=\"\" class=\"wp-image-92857\" srcset=\"https:\/\/centcols.org\/wp-content\/uploads\/2026\/01\/col_du_poirier.jpg 400w, https:\/\/centcols.org\/wp-content\/uploads\/2026\/01\/col_du_poirier-8x12.jpg 8w\" sizes=\"auto, (max-width: 400px) 100vw, 400px\" \/><\/a><figcaption class=\"wp-element-caption\">Birnbaum-Pass<\/figcaption><\/figure>\n\n\n\n<figure class=\"wp-block-image size-large\"><a href=\"https:\/\/centcols.org\/wp-content\/uploads\/2026\/01\/roc_dorques-croix_de_mounis.jpg\"><img loading=\"lazy\" decoding=\"async\" width=\"750\" height=\"497\" data-id=\"92860\" src=\"https:\/\/centcols.org\/wp-content\/uploads\/2026\/01\/roc_dorques-croix_de_mounis.jpg\" alt=\"\" class=\"wp-image-92860\" srcset=\"https:\/\/centcols.org\/wp-content\/uploads\/2026\/01\/roc_dorques-croix_de_mounis.jpg 750w, https:\/\/centcols.org\/wp-content\/uploads\/2026\/01\/roc_dorques-croix_de_mounis-18x12.jpg 18w\" sizes=\"auto, (max-width: 750px) 100vw, 750px\" \/><\/a><figcaption class=\"wp-element-caption\">Roc d'Orques - Croix de Mounis<\/figcaption><\/figure>\n\n\n\n<figure class=\"wp-block-image size-large\"><a href=\"https:\/\/centcols.org\/wp-content\/uploads\/2026\/01\/lac_de_vezoles.jpg\"><img loading=\"lazy\" decoding=\"async\" width=\"400\" height=\"621\" data-id=\"92861\" src=\"https:\/\/centcols.org\/wp-content\/uploads\/2026\/01\/lac_de_vezoles.jpg\" alt=\"\" class=\"wp-image-92861\" srcset=\"https:\/\/centcols.org\/wp-content\/uploads\/2026\/01\/lac_de_vezoles.jpg 400w, https:\/\/centcols.org\/wp-content\/uploads\/2026\/01\/lac_de_vezoles-8x12.jpg 8w\" sizes=\"auto, (max-width: 400px) 100vw, 400px\" \/><\/a><figcaption class=\"wp-element-caption\">See von Vezoles<\/figcaption><\/figure>\n\n\n\n<figure class=\"wp-block-image size-large\"><a href=\"https:\/\/centcols.org\/wp-content\/uploads\/2026\/01\/col_de_bouissou.jpg\"><img loading=\"lazy\" decoding=\"async\" width=\"650\" height=\"487\" data-id=\"92859\" src=\"https:\/\/centcols.org\/wp-content\/uploads\/2026\/01\/col_de_bouissou.jpg\" alt=\"\" class=\"wp-image-92859\" srcset=\"https:\/\/centcols.org\/wp-content\/uploads\/2026\/01\/col_de_bouissou.jpg 650w, https:\/\/centcols.org\/wp-content\/uploads\/2026\/01\/col_de_bouissou-16x12.jpg 16w\" sizes=\"auto, (max-width: 650px) 100vw, 650px\" \/><\/a><figcaption class=\"wp-element-caption\">Bouissou-Pass<\/figcaption><\/figure>\n<\/figure>\n\n\n\n<h2 class=\"wp-block-heading\">Tourismus und Unterk\u00fcnfte<\/h2>\n\n\n\n<p><strong>Olargues<\/strong><br>Mittelalterliche Stadt, eines der sch\u00f6nsten D\u00f6rfer Frankreichs. Hotel, Restaurants, Campingplatz,<br><a href=\"https:\/\/www.minervois-caroux.com\/village\/olargues\" target=\"_blank\" rel=\"noreferrer noopener\">Tourismusb\u00fcro<\/a> : place Alexandre Laissac, 34390 Olargues<\/p>\n\n\n\n<p><strong>Saint-Gervais-sur-Mare<\/strong><br>Hotel-Restaurant<\/p>\n\n\n\n<p><strong>Murat-sur-V\u00e8bre<\/strong><br>Unterk\u00fcnfte, Campingplatz, <a href=\"https:\/\/www.tourisme-tarn.com\/patrimoine-culturel\/murat-sur-vebre\/\" target=\"_blank\" rel=\"noreferrer noopener\">Megalithenmuseum<\/a>,<br><a href=\"https:\/\/www.tourisme-tarn.com\/commerceservice\/bureau-dinformation-touristique-de-murat-sur-vebre\/\" target=\"_blank\" rel=\"noreferrer noopener\">Touristeninformationsb\u00fcro<\/a> : 10 rue de la salle des f\u00eates, 81320 Murat-sur-V\u00e8bre<\/p>\n\n\n\n<p><strong>Lacaune-les-Bains<\/strong> (\u00fcblicherweise Lacaune)<br>BCN-BPF Tarn, P\u00f6kelfleisch IGP, Hotels, Restaurants, Camping,<br><a href=\"https:\/\/www.tourisme-tarn.com\/commerceservice\/bureau-dinformation-touristique-de-lacaune-les-bains\/\" target=\"_blank\" rel=\"noreferrer noopener\">Touristeninformationsb\u00fcro<\/a> : 6 rue de la Balme, 81230 Lacaune<\/p>\n\n\n\n<p><strong>La Salvetat-sur-Agout<\/strong><br>Campingplatz, Unterk\u00fcnfte, Hotel-Restaurant. In der N\u00e4he f\u00fchrt der Tolosane-Weg nach Santiago de Compostela. Informationen <a href=\"https:\/\/www.herault-tourisme.com\/fr\/decouvrir\/villes-et-villages-dans-lherault\/la-salvetat-sur-agout\/\" target=\"_blank\" rel=\"noreferrer noopener\">Touristen<\/a>. B\u00fcro von\u2019<a href=\"https:\/\/www.destinationhautlanguedoc.fr\/\" target=\"_blank\" rel=\"noreferrer noopener\">Touristeninformation<\/a> : rue des consuls, 34330 La Salvetat-sur-Agout.<\/p>\n\n\n\n<p><strong>Fra\u00efsse-sur-Agout<\/strong><br>BCN BPF. Hotel, Restaurant, Campingpl\u00e4tze in der N\u00e4he,<br>B\u00fcro von\u2019<a href=\"https:\/\/www.herault-tourisme.com\/fr\/fiche\/patrimoine-culturel\/fraisse-sur-agout-fraisse-sur-agout_TFOPCULAR034V52I3T2\/\" target=\"_blank\" rel=\"noreferrer noopener\">Touristeninformation<\/a> : 6 all\u00e9e des cerisiers, 34330 Fra\u00efsse-sur-Agout<\/p>\n\n\n\n<p><strong>Courniou<\/strong><br><a href=\"https:\/\/lafileusedeverre.fr\/\" target=\"_blank\" rel=\"noreferrer noopener\">H\u00f6hle der Glasspinnerin<\/a> la D\u00e9v\u00e8ze (H\u00f6hlenforschungsmuseum), und Pfad der Capitelles.<\/p>\n\n\n\n<p><strong>Saint-Pons-de-Thomi\u00e8res<\/strong><br>Hotels und Restaurants. Museum f\u00fcr Vorgeschichte. Kathedrale Saint-Pons-de Cimiez. <a href=\"https:\/\/www.minervois-caroux.com\/village\/saint-pons-de-thomieres\" target=\"_blank\" rel=\"noreferrer noopener\">Tourismus<\/a> in der Stadt des Marmors.<br>Haus des <a href=\"https:\/\/www.parc-haut-languedoc.fr\/\" target=\"_blank\" rel=\"noreferrer noopener\">regionaler Naturpark Haut-Languedoc<\/a> : 2 Grand rue - BP 9, 34220 Saint-Pons-de-Thomi\u00e8res<\/p>\n\n\n\n<p><strong>Saint-Chinian<\/strong><br>Hotel, Restaurants. Anlaufstelle f\u00fcr Tourismus: 8 all\u00e9e Gaubert. 34360 Saint-Chinian.<br>Tourismus <a href=\"https:\/\/www.tourismecanaldumidi.fr\/\" target=\"_blank\" rel=\"noreferrer noopener\">Canal du Midi<\/a><\/p>\n\n\n\n<p><strong>Berlou<\/strong><br><a href=\"https:\/\/www.minervois-caroux.com\/village\/berlou\" target=\"_blank\" rel=\"noreferrer noopener\">Geschichte, Kulturerbe und Weinkeller<\/a>.<\/p>\n\n\n\n<p><strong>Tarassac<\/strong><br>Hotel, Restaurant, Campingplatz in Mons la Trivalle.<\/p>","protected":false},"excerpt":{"rendered":"<p>Pierre Gasc* nous propose une superbe balade dans la r\u00e9gion du Haut-Languedoc. Cinquante-cinq cols agr\u00e9mentent le circuit d&rsquo;environ 300km se d\u00e9roulant sur des routes tr\u00e8s tranquilles, loin de l&rsquo;agitation motoris\u00e9e. Le circuit peut \u00eatre effectu\u00e9 en deux boucles (ou plus) pour d\u00e9couvrir une r\u00e9gion magnifique, tr\u00e8s contrast\u00e9e depuis les hauteurs de l&rsquo;Espinouse et du Somail [&hellip;]<\/p>\n","protected":false},"author":1726,"featured_media":92860,"comment_status":"closed","ping_status":"closed","sticky":false,"template":"","format":"standard","meta":{"_acf_changed":false,"footnotes":""},"categories":[308],"tags":[],"class_list":["post-92842","post","type-post","status-publish","format-standard","has-post-thumbnail","hentry","category-cols-en-vrac"],"acf":[],"yoast_head":"<!-- This site is optimized with the Yoast SEO plugin v27.2 - https:\/\/yoast.com\/product\/yoast-seo-wordpress\/ -->\n<title>55 cols sur les routes du Haut-Languedoc - Club des Cent Cols<\/title>\n<meta name=\"robots\" content=\"index, follow, max-snippet:-1, max-image-preview:large, max-video-preview:-1\" \/>\n<link rel=\"canonical\" href=\"https:\/\/centcols.org\/de\/55-passe-auf-den-strasen-des-haut-languedoc\/\" \/>\n<meta property=\"og:locale\" content=\"de_DE\" \/>\n<meta property=\"og:type\" content=\"article\" \/>\n<meta property=\"og:title\" content=\"55 cols sur les routes du Haut-Languedoc - Club des Cent Cols\" \/>\n<meta property=\"og:description\" content=\"Pierre Gasc* nous propose une superbe balade dans la r\u00e9gion du Haut-Languedoc. Cinquante-cinq cols agr\u00e9mentent le circuit d&rsquo;environ 300km se d\u00e9roulant sur des routes tr\u00e8s tranquilles, loin de l&rsquo;agitation motoris\u00e9e. Le circuit peut \u00eatre effectu\u00e9 en deux boucles (ou plus) pour d\u00e9couvrir une r\u00e9gion magnifique, tr\u00e8s contrast\u00e9e depuis les hauteurs de l&rsquo;Espinouse et du Somail [&hellip;]\" \/>\n<meta property=\"og:url\" content=\"https:\/\/centcols.org\/de\/55-passe-auf-den-strasen-des-haut-languedoc\/\" \/>\n<meta property=\"og:site_name\" content=\"Club des Cent Cols\" \/>\n<meta property=\"article:publisher\" content=\"https:\/\/www.facebook.com\/groups\/5261880558\/?locale=fr_FR\" \/>\n<meta property=\"article:published_time\" content=\"2026-02-04T20:59:22+00:00\" \/>\n<meta property=\"article:modified_time\" content=\"2026-02-06T18:16:21+00:00\" \/>\n<meta property=\"og:image\" content=\"https:\/\/centcols.org\/wp-content\/uploads\/2026\/01\/roc_dorques-croix_de_mounis.jpg\" \/>\n\t<meta property=\"og:image:width\" content=\"750\" \/>\n\t<meta property=\"og:image:height\" content=\"497\" \/>\n\t<meta property=\"og:image:type\" content=\"image\/jpeg\" \/>\n<meta name=\"author\" content=\"Ren\u00e9 Mercier\" \/>\n<meta name=\"twitter:card\" content=\"summary_large_image\" \/>\n<meta name=\"twitter:label1\" content=\"Verfasst von\" \/>\n\t<meta name=\"twitter:data1\" content=\"Ren\u00e9 Mercier\" \/>\n\t<meta name=\"twitter:label2\" content=\"Gesch\u00e4tzte Lesezeit\" \/>\n\t<meta name=\"twitter:data2\" content=\"4\u00a0Minuten\" \/>\n<script type=\"application\/ld+json\" class=\"yoast-schema-graph\">{\"@context\":\"https:\/\/schema.org\",\"@graph\":[{\"@type\":\"Article\",\"@id\":\"https:\/\/centcols.org\/en\/55-passes-on-the-roads-of-the-haut-languedoc\/#article\",\"isPartOf\":{\"@id\":\"https:\/\/centcols.org\/en\/55-passes-on-the-roads-of-the-haut-languedoc\/\"},\"author\":{\"name\":\"Ren\u00e9 Mercier\",\"@id\":\"https:\/\/centcols.org\/#\/schema\/person\/0cc8f723679c98f3fb7798df5a50c018\"},\"headline\":\"55 cols sur les routes du Haut-Languedoc\",\"datePublished\":\"2026-02-04T20:59:22+00:00\",\"dateModified\":\"2026-02-06T18:16:21+00:00\",\"mainEntityOfPage\":{\"@id\":\"https:\/\/centcols.org\/en\/55-passes-on-the-roads-of-the-haut-languedoc\/\"},\"wordCount\":574,\"publisher\":{\"@id\":\"https:\/\/centcols.org\/#organization\"},\"image\":{\"@id\":\"https:\/\/centcols.org\/en\/55-passes-on-the-roads-of-the-haut-languedoc\/#primaryimage\"},\"thumbnailUrl\":\"https:\/\/centcols.org\/wp-content\/uploads\/2026\/01\/roc_dorques-croix_de_mounis.jpg\",\"articleSection\":[\"Cols en vrac\"],\"inLanguage\":\"de\"},{\"@type\":\"WebPage\",\"@id\":\"https:\/\/centcols.org\/en\/55-passes-on-the-roads-of-the-haut-languedoc\/\",\"url\":\"https:\/\/centcols.org\/en\/55-passes-on-the-roads-of-the-haut-languedoc\/\",\"name\":\"55 cols sur les routes du Haut-Languedoc - Club des Cent Cols\",\"isPartOf\":{\"@id\":\"https:\/\/centcols.org\/#website\"},\"primaryImageOfPage\":{\"@id\":\"https:\/\/centcols.org\/en\/55-passes-on-the-roads-of-the-haut-languedoc\/#primaryimage\"},\"image\":{\"@id\":\"https:\/\/centcols.org\/en\/55-passes-on-the-roads-of-the-haut-languedoc\/#primaryimage\"},\"thumbnailUrl\":\"https:\/\/centcols.org\/wp-content\/uploads\/2026\/01\/roc_dorques-croix_de_mounis.jpg\",\"datePublished\":\"2026-02-04T20:59:22+00:00\",\"dateModified\":\"2026-02-06T18:16:21+00:00\",\"breadcrumb\":{\"@id\":\"https:\/\/centcols.org\/en\/55-passes-on-the-roads-of-the-haut-languedoc\/#breadcrumb\"},\"inLanguage\":\"de\",\"potentialAction\":[{\"@type\":\"ReadAction\",\"target\":[\"https:\/\/centcols.org\/en\/55-passes-on-the-roads-of-the-haut-languedoc\/\"]}]},{\"@type\":\"ImageObject\",\"inLanguage\":\"de\",\"@id\":\"https:\/\/centcols.org\/en\/55-passes-on-the-roads-of-the-haut-languedoc\/#primaryimage\",\"url\":\"https:\/\/centcols.org\/wp-content\/uploads\/2026\/01\/roc_dorques-croix_de_mounis.jpg\",\"contentUrl\":\"https:\/\/centcols.org\/wp-content\/uploads\/2026\/01\/roc_dorques-croix_de_mounis.jpg\",\"width\":750,\"height\":497},{\"@type\":\"BreadcrumbList\",\"@id\":\"https:\/\/centcols.org\/en\/55-passes-on-the-roads-of-the-haut-languedoc\/#breadcrumb\",\"itemListElement\":[{\"@type\":\"ListItem\",\"position\":1,\"name\":\"Accueil\",\"item\":\"https:\/\/centcols.org\/\"},{\"@type\":\"ListItem\",\"position\":2,\"name\":\"Cols en vrac\",\"item\":\"https:\/\/centcols.org\/rubrique\/cols-en-vrac\/\"},{\"@type\":\"ListItem\",\"position\":3,\"name\":\"55 cols sur les routes du Haut-Languedoc\"}]},{\"@type\":\"WebSite\",\"@id\":\"https:\/\/centcols.org\/#website\",\"url\":\"https:\/\/centcols.org\/\",\"name\":\"Club des Cent Cols\",\"description\":\"\",\"publisher\":{\"@id\":\"https:\/\/centcols.org\/#organization\"},\"potentialAction\":[{\"@type\":\"SearchAction\",\"target\":{\"@type\":\"EntryPoint\",\"urlTemplate\":\"https:\/\/centcols.org\/?s={search_term_string}\"},\"query-input\":{\"@type\":\"PropertyValueSpecification\",\"valueRequired\":true,\"valueName\":\"search_term_string\"}}],\"inLanguage\":\"de\"},{\"@type\":\"Organization\",\"@id\":\"https:\/\/centcols.org\/#organization\",\"name\":\"Club des Cent Cols\",\"url\":\"https:\/\/centcols.org\/\",\"logo\":{\"@type\":\"ImageObject\",\"inLanguage\":\"de\",\"@id\":\"https:\/\/centcols.org\/#\/schema\/logo\/image\/\",\"url\":\"https:\/\/centcols.org\/wp-content\/uploads\/2025\/01\/carte-icone.png\",\"contentUrl\":\"https:\/\/centcols.org\/wp-content\/uploads\/2025\/01\/carte-icone.png\",\"width\":250,\"height\":250,\"caption\":\"Club des Cent Cols\"},\"image\":{\"@id\":\"https:\/\/centcols.org\/#\/schema\/logo\/image\/\"},\"sameAs\":[\"https:\/\/www.facebook.com\/groups\/5261880558\/?locale=fr_FR\"]},{\"@type\":\"Person\",\"@id\":\"https:\/\/centcols.org\/#\/schema\/person\/0cc8f723679c98f3fb7798df5a50c018\",\"name\":\"Ren\u00e9 Mercier\",\"image\":{\"@type\":\"ImageObject\",\"inLanguage\":\"de\",\"@id\":\"https:\/\/centcols.org\/wp-content\/litespeed\/avatar\/c2275eeaf79d4f7456274de381abeeab.jpg?ver=1777347562\",\"url\":\"https:\/\/centcols.org\/wp-content\/litespeed\/avatar\/c2275eeaf79d4f7456274de381abeeab.jpg?ver=1777347562\",\"contentUrl\":\"https:\/\/centcols.org\/wp-content\/litespeed\/avatar\/c2275eeaf79d4f7456274de381abeeab.jpg?ver=1777347562\",\"caption\":\"Ren\u00e9 Mercier\"},\"url\":\"https:\/\/centcols.org\/de\/author\/7552\/\"}]}<\/script>\n<!-- \/ Yoast SEO plugin. -->","yoast_head_json":{"title":"55 P\u00e4sse auf den Stra\u00dfen des Haut-Languedoc - Club des Cent Cols","robots":{"index":"index","follow":"follow","max-snippet":"max-snippet:-1","max-image-preview":"max-image-preview:large","max-video-preview":"max-video-preview:-1"},"canonical":"https:\/\/centcols.org\/de\/55-passe-auf-den-strasen-des-haut-languedoc\/","og_locale":"de_DE","og_type":"article","og_title":"55 cols sur les routes du Haut-Languedoc - Club des Cent Cols","og_description":"Pierre Gasc* nous propose une superbe balade dans la r\u00e9gion du Haut-Languedoc. Cinquante-cinq cols agr\u00e9mentent le circuit d&rsquo;environ 300km se d\u00e9roulant sur des routes tr\u00e8s tranquilles, loin de l&rsquo;agitation motoris\u00e9e. Le circuit peut \u00eatre effectu\u00e9 en deux boucles (ou plus) pour d\u00e9couvrir une r\u00e9gion magnifique, tr\u00e8s contrast\u00e9e depuis les hauteurs de l&rsquo;Espinouse et du Somail [&hellip;]","og_url":"https:\/\/centcols.org\/de\/55-passe-auf-den-strasen-des-haut-languedoc\/","og_site_name":"Club des Cent Cols","article_publisher":"https:\/\/www.facebook.com\/groups\/5261880558\/?locale=fr_FR","article_published_time":"2026-02-04T20:59:22+00:00","article_modified_time":"2026-02-06T18:16:21+00:00","og_image":[{"width":750,"height":497,"url":"https:\/\/centcols.org\/wp-content\/uploads\/2026\/01\/roc_dorques-croix_de_mounis.jpg","type":"image\/jpeg"}],"author":"Ren\u00e9 Mercier","twitter_card":"summary_large_image","twitter_misc":{"Verfasst von":"Ren\u00e9 Mercier","Gesch\u00e4tzte Lesezeit":"4\u00a0Minuten"},"schema":{"@context":"https:\/\/schema.org","@graph":[{"@type":"Article","@id":"https:\/\/centcols.org\/en\/55-passes-on-the-roads-of-the-haut-languedoc\/#article","isPartOf":{"@id":"https:\/\/centcols.org\/en\/55-passes-on-the-roads-of-the-haut-languedoc\/"},"author":{"name":"Ren\u00e9 Mercier","@id":"https:\/\/centcols.org\/#\/schema\/person\/0cc8f723679c98f3fb7798df5a50c018"},"headline":"55 cols sur les routes du Haut-Languedoc","datePublished":"2026-02-04T20:59:22+00:00","dateModified":"2026-02-06T18:16:21+00:00","mainEntityOfPage":{"@id":"https:\/\/centcols.org\/en\/55-passes-on-the-roads-of-the-haut-languedoc\/"},"wordCount":574,"publisher":{"@id":"https:\/\/centcols.org\/#organization"},"image":{"@id":"https:\/\/centcols.org\/en\/55-passes-on-the-roads-of-the-haut-languedoc\/#primaryimage"},"thumbnailUrl":"https:\/\/centcols.org\/wp-content\/uploads\/2026\/01\/roc_dorques-croix_de_mounis.jpg","articleSection":["Cols en vrac"],"inLanguage":"de"},{"@type":"WebPage","@id":"https:\/\/centcols.org\/en\/55-passes-on-the-roads-of-the-haut-languedoc\/","url":"https:\/\/centcols.org\/en\/55-passes-on-the-roads-of-the-haut-languedoc\/","name":"55 P\u00e4sse auf den Stra\u00dfen des Haut-Languedoc - Club des Cent Cols","isPartOf":{"@id":"https:\/\/centcols.org\/#website"},"primaryImageOfPage":{"@id":"https:\/\/centcols.org\/en\/55-passes-on-the-roads-of-the-haut-languedoc\/#primaryimage"},"image":{"@id":"https:\/\/centcols.org\/en\/55-passes-on-the-roads-of-the-haut-languedoc\/#primaryimage"},"thumbnailUrl":"https:\/\/centcols.org\/wp-content\/uploads\/2026\/01\/roc_dorques-croix_de_mounis.jpg","datePublished":"2026-02-04T20:59:22+00:00","dateModified":"2026-02-06T18:16:21+00:00","breadcrumb":{"@id":"https:\/\/centcols.org\/en\/55-passes-on-the-roads-of-the-haut-languedoc\/#breadcrumb"},"inLanguage":"de","potentialAction":[{"@type":"ReadAction","target":["https:\/\/centcols.org\/en\/55-passes-on-the-roads-of-the-haut-languedoc\/"]}]},{"@type":"ImageObject","inLanguage":"de","@id":"https:\/\/centcols.org\/en\/55-passes-on-the-roads-of-the-haut-languedoc\/#primaryimage","url":"https:\/\/centcols.org\/wp-content\/uploads\/2026\/01\/roc_dorques-croix_de_mounis.jpg","contentUrl":"https:\/\/centcols.org\/wp-content\/uploads\/2026\/01\/roc_dorques-croix_de_mounis.jpg","width":750,"height":497},{"@type":"BreadcrumbList","@id":"https:\/\/centcols.org\/en\/55-passes-on-the-roads-of-the-haut-languedoc\/#breadcrumb","itemListElement":[{"@type":"ListItem","position":1,"name":"Accueil","item":"https:\/\/centcols.org\/"},{"@type":"ListItem","position":2,"name":"Cols en vrac","item":"https:\/\/centcols.org\/rubrique\/cols-en-vrac\/"},{"@type":"ListItem","position":3,"name":"55 cols sur les routes du Haut-Languedoc"}]},{"@type":"WebSite","@id":"https:\/\/centcols.org\/#website","url":"https:\/\/centcols.org\/","name":"Club des Cent Cols","description":"","publisher":{"@id":"https:\/\/centcols.org\/#organization"},"potentialAction":[{"@type":"SearchAction","target":{"@type":"EntryPoint","urlTemplate":"https:\/\/centcols.org\/?s={search_term_string}"},"query-input":{"@type":"PropertyValueSpecification","valueRequired":true,"valueName":"search_term_string"}}],"inLanguage":"de"},{"@type":"Organization","@id":"https:\/\/centcols.org\/#organization","name":"Club des Cent Cols","url":"https:\/\/centcols.org\/","logo":{"@type":"ImageObject","inLanguage":"de","@id":"https:\/\/centcols.org\/#\/schema\/logo\/image\/","url":"https:\/\/centcols.org\/wp-content\/uploads\/2025\/01\/carte-icone.png","contentUrl":"https:\/\/centcols.org\/wp-content\/uploads\/2025\/01\/carte-icone.png","width":250,"height":250,"caption":"Club des Cent Cols"},"image":{"@id":"https:\/\/centcols.org\/#\/schema\/logo\/image\/"},"sameAs":["https:\/\/www.facebook.com\/groups\/5261880558\/?locale=fr_FR"]},{"@type":"Person","@id":"https:\/\/centcols.org\/#\/schema\/person\/0cc8f723679c98f3fb7798df5a50c018","name":"Ren\u00e9 Mercier","image":{"@type":"ImageObject","inLanguage":"de","@id":"https:\/\/centcols.org\/wp-content\/litespeed\/avatar\/c2275eeaf79d4f7456274de381abeeab.jpg?ver=1777347562","url":"https:\/\/centcols.org\/wp-content\/litespeed\/avatar\/c2275eeaf79d4f7456274de381abeeab.jpg?ver=1777347562","contentUrl":"https:\/\/centcols.org\/wp-content\/litespeed\/avatar\/c2275eeaf79d4f7456274de381abeeab.jpg?ver=1777347562","caption":"Ren\u00e9 Mercier"},"url":"https:\/\/centcols.org\/de\/author\/7552\/"}]}},"_links":{"self":[{"href":"https:\/\/centcols.org\/de\/wp-json\/wp\/v2\/posts\/92842","targetHints":{"allow":["GET"]}}],"collection":[{"href":"https:\/\/centcols.org\/de\/wp-json\/wp\/v2\/posts"}],"about":[{"href":"https:\/\/centcols.org\/de\/wp-json\/wp\/v2\/types\/post"}],"author":[{"embeddable":true,"href":"https:\/\/centcols.org\/de\/wp-json\/wp\/v2\/users\/1726"}],"replies":[{"embeddable":true,"href":"https:\/\/centcols.org\/de\/wp-json\/wp\/v2\/comments?post=92842"}],"version-history":[{"count":0,"href":"https:\/\/centcols.org\/de\/wp-json\/wp\/v2\/posts\/92842\/revisions"}],"wp:featuredmedia":[{"embeddable":true,"href":"https:\/\/centcols.org\/de\/wp-json\/wp\/v2\/media\/92860"}],"wp:attachment":[{"href":"https:\/\/centcols.org\/de\/wp-json\/wp\/v2\/media?parent=92842"}],"wp:term":[{"taxonomy":"category","embeddable":true,"href":"https:\/\/centcols.org\/de\/wp-json\/wp\/v2\/categories?post=92842"},{"taxonomy":"post_tag","embeddable":true,"href":"https:\/\/centcols.org\/de\/wp-json\/wp\/v2\/tags?post=92842"}],"curies":[{"name":"wp","href":"https:\/\/api.w.org\/{rel}","templated":true}]}}