{"id":92875,"date":"2026-01-28T16:30:37","date_gmt":"2026-01-28T14:30:37","guid":{"rendered":"https:\/\/centcols.org\/?p=92875"},"modified":"2026-04-14T09:35:46","modified_gmt":"2026-04-14T07:35:46","slug":"grand-est-haag-2026","status":"publish","type":"post","link":"https:\/\/centcols.org\/de\/grand-est-haag-2026\/","title":{"rendered":"Grand-Est, Col du Haag, Samstag, 2. Mai 2026"},"content":{"rendered":"\n<p>Col du haag (<a href=\"https:\/\/centcols.org\/util\/geo\/visu.php?code=FR-68-1233\" target=\"_blank\" rel=\"noreferrer noopener\">FR-68-1233<\/a>) par Geishouse<\/p>\n\n\n<div class=\"wp-block-image\">\n<figure class=\"aligncenter size-full\"><img loading=\"lazy\" decoding=\"async\" width=\"800\" height=\"600\" src=\"https:\/\/centcols.org\/wp-content\/uploads\/2026\/01\/haag1.jpg\" alt=\"\" class=\"wp-image-92884\" srcset=\"https:\/\/centcols.org\/wp-content\/uploads\/2026\/01\/haag1.jpg 800w, https:\/\/centcols.org\/wp-content\/uploads\/2026\/01\/haag1-768x576.jpg 768w, https:\/\/centcols.org\/wp-content\/uploads\/2026\/01\/haag1-16x12.jpg 16w\" sizes=\"auto, (max-width: 800px) 100vw, 800px\" \/><figcaption class=\"wp-element-caption\">Panneau sommital<\/figcaption><\/figure>\n<\/div>\n\n\n<p>Rendez-vous au parking des Diables bleus \u00e0 Saint-Amarin (68) \u00e0 partir de 8 h 30<\/p>\n\n\n\n<h2 class=\"wp-block-heading\">Circuits :<\/h2>\n\n\n\n<p><a href=\"https:\/\/centcols.org\/membres\/cctours\/tours.php?lieu=St-Amarin&amp;an=2026\" target=\"_blank\" rel=\"noreferrer noopener\">Traces gpx<\/a><\/p>\n\n\n\n<figure class=\"wp-block-gallery has-nested-images columns-default is-cropped wp-block-gallery-1 is-layout-flex wp-block-gallery-is-layout-flex\">\n<figure class=\"wp-block-image size-large\"><img loading=\"lazy\" decoding=\"async\" width=\"800\" height=\"552\" data-id=\"92885\" src=\"https:\/\/centcols.org\/wp-content\/uploads\/2026\/01\/haag2.jpg\" alt=\"\" class=\"wp-image-92885\" srcset=\"https:\/\/centcols.org\/wp-content\/uploads\/2026\/01\/haag2.jpg 800w, https:\/\/centcols.org\/wp-content\/uploads\/2026\/01\/haag2-768x530.jpg 768w, https:\/\/centcols.org\/wp-content\/uploads\/2026\/01\/haag2-18x12.jpg 18w\" sizes=\"auto, (max-width: 800px) 100vw, 800px\" \/><\/figure>\n\n\n\n<figure class=\"wp-block-image size-large\"><img loading=\"lazy\" decoding=\"async\" width=\"800\" height=\"600\" data-id=\"92886\" src=\"https:\/\/centcols.org\/wp-content\/uploads\/2026\/01\/haag3.jpg\" alt=\"\" class=\"wp-image-92886\" srcset=\"https:\/\/centcols.org\/wp-content\/uploads\/2026\/01\/haag3.jpg 800w, https:\/\/centcols.org\/wp-content\/uploads\/2026\/01\/haag3-768x576.jpg 768w, https:\/\/centcols.org\/wp-content\/uploads\/2026\/01\/haag3-16x12.jpg 16w\" sizes=\"auto, (max-width: 800px) 100vw, 800px\" \/><\/figure>\n<\/figure>\n\n\n\n<h2 class=\"wp-block-heading\">Contact<\/h2>\n\n\n\n<p>Joann Masuyer<br>+33 6 34 99 24 43<br><a href=\"&#109;&#x61;&#x69;l&#116;&#x6f;:&#106;&#x6f;a&#110;&#x6e;&#46;&#109;&#x61;&#x73;&#117;&#x79;&#x65;r&#64;&#x67;m&#120;&#x2e;f&#114;\">[email]&#x6a;&#x6f;&#97;&#110;n&#46;&#x6d;&#x61;&#x73;&#117;ye&#x72;&#x40;&#x67;&#109;&#120;&#46;&#x66;&#x72;[\/email]<\/a><\/p>\n\n\n\n<p><\/p>\n","protected":false},"excerpt":{"rendered":"<p>Col du haag (FR-68-1233) par Geishouse Rendez-vous au parking des Diables bleus \u00e0 Saint-Amarin (68) \u00e0 partir de 8 h 30 Circuits : Traces gpx Contact Joann Masuyer+33 6 34 99 24 43[email]j&#111;&#97;&#110;&#x6e;&#x2e;&#x6d;as&#117;&#121;&#x65;&#x72;&#x40;&#x67;mx&#46;&#102;&#x72;[\/email]<\/p>\n","protected":false},"author":136,"featured_media":92884,"comment_status":"open","ping_status":"open","sticky":false,"template":"","format":"standard","meta":{"_acf_changed":false,"footnotes":""},"categories":[465,135,216],"tags":[],"class_list":["post-92875","post","type-post","status-publish","format-standard","has-post-thumbnail","hentry","category-les-rassemblements-de-2026","category-calendrier","category-rencontres-regionales"],"acf":[],"yoast_head":"<!-- This site is optimized with the Yoast SEO plugin v27.2 - https:\/\/yoast.com\/product\/yoast-seo-wordpress\/ -->\n<title>Grand-Est, Col du Haag, samedi 2 mai 2026 - Club des Cent Cols<\/title>\n<meta name=\"robots\" content=\"index, follow, max-snippet:-1, max-image-preview:large, max-video-preview:-1\" \/>\n<link rel=\"canonical\" href=\"https:\/\/centcols.org\/de\/grand-est-haag-2026\/\" \/>\n<meta property=\"og:locale\" content=\"de_DE\" \/>\n<meta property=\"og:type\" content=\"article\" \/>\n<meta property=\"og:title\" content=\"Grand-Est, Col du Haag, samedi 2 mai 2026 - Club des Cent Cols\" \/>\n<meta property=\"og:description\" content=\"Col du haag (FR-68-1233) par Geishouse Rendez-vous au parking des Diables bleus \u00e0 Saint-Amarin (68) \u00e0 partir de 8 h 30 Circuits : Traces gpx Contact Joann Masuyer+33 6 34 99 24 43[email]joann&#046;masuye&#114;&#064;&#103;&#109;&#120;&#046;&#102;&#114;[\/email]\" \/>\n<meta property=\"og:url\" content=\"https:\/\/centcols.org\/de\/grand-est-haag-2026\/\" \/>\n<meta property=\"og:site_name\" content=\"Club des Cent Cols\" \/>\n<meta property=\"article:publisher\" content=\"https:\/\/www.facebook.com\/groups\/5261880558\/?locale=fr_FR\" \/>\n<meta property=\"article:published_time\" content=\"2026-01-28T14:30:37+00:00\" \/>\n<meta property=\"article:modified_time\" content=\"2026-04-14T07:35:46+00:00\" \/>\n<meta property=\"og:image\" content=\"https:\/\/centcols.org\/wp-content\/uploads\/2026\/01\/haag1.jpg\" \/>\n\t<meta property=\"og:image:width\" content=\"800\" \/>\n\t<meta property=\"og:image:height\" content=\"600\" \/>\n\t<meta property=\"og:image:type\" content=\"image\/jpeg\" \/>\n<meta name=\"author\" content=\"Guy Harl\u00e9\" \/>\n<meta name=\"twitter:card\" content=\"summary_large_image\" \/>\n<meta name=\"twitter:label1\" content=\"Verfasst von\" \/>\n\t<meta name=\"twitter:data1\" content=\"Guy Harl\u00e9\" \/>\n\t<meta name=\"twitter:label2\" content=\"Gesch\u00e4tzte Lesezeit\" \/>\n\t<meta name=\"twitter:data2\" content=\"1\u00a0Minute\" \/>\n<script type=\"application\/ld+json\" class=\"yoast-schema-graph\">{\"@context\":\"https:\/\/schema.org\",\"@graph\":[{\"@type\":\"Article\",\"@id\":\"https:\/\/centcols.org\/grand-est-haag-2026\/#article\",\"isPartOf\":{\"@id\":\"https:\/\/centcols.org\/grand-est-haag-2026\/\"},\"author\":{\"name\":\"Guy Harl\u00e9\",\"@id\":\"https:\/\/centcols.org\/#\/schema\/person\/377f00da2793c0363246869bb3a344d0\"},\"headline\":\"Grand-Est, Col du Haag, samedi 2 mai 2026\",\"datePublished\":\"2026-01-28T14:30:37+00:00\",\"dateModified\":\"2026-04-14T07:35:46+00:00\",\"mainEntityOfPage\":{\"@id\":\"https:\/\/centcols.org\/grand-est-haag-2026\/\"},\"wordCount\":37,\"commentCount\":4,\"publisher\":{\"@id\":\"https:\/\/centcols.org\/#organization\"},\"image\":{\"@id\":\"https:\/\/centcols.org\/grand-est-haag-2026\/#primaryimage\"},\"thumbnailUrl\":\"https:\/\/centcols.org\/wp-content\/uploads\/2026\/01\/haag1.jpg\",\"articleSection\":[\"2026-rassemblements\",\"Calendrier\",\"Rencontres r\u00e9gionales\"],\"inLanguage\":\"de\",\"potentialAction\":[{\"@type\":\"CommentAction\",\"name\":\"Comment\",\"target\":[\"https:\/\/centcols.org\/grand-est-haag-2026\/#respond\"]}]},{\"@type\":\"WebPage\",\"@id\":\"https:\/\/centcols.org\/grand-est-haag-2026\/\",\"url\":\"https:\/\/centcols.org\/grand-est-haag-2026\/\",\"name\":\"Grand-Est, Col du Haag, samedi 2 mai 2026 - Club des Cent Cols\",\"isPartOf\":{\"@id\":\"https:\/\/centcols.org\/#website\"},\"primaryImageOfPage\":{\"@id\":\"https:\/\/centcols.org\/grand-est-haag-2026\/#primaryimage\"},\"image\":{\"@id\":\"https:\/\/centcols.org\/grand-est-haag-2026\/#primaryimage\"},\"thumbnailUrl\":\"https:\/\/centcols.org\/wp-content\/uploads\/2026\/01\/haag1.jpg\",\"datePublished\":\"2026-01-28T14:30:37+00:00\",\"dateModified\":\"2026-04-14T07:35:46+00:00\",\"breadcrumb\":{\"@id\":\"https:\/\/centcols.org\/grand-est-haag-2026\/#breadcrumb\"},\"inLanguage\":\"de\",\"potentialAction\":[{\"@type\":\"ReadAction\",\"target\":[\"https:\/\/centcols.org\/grand-est-haag-2026\/\"]}]},{\"@type\":\"ImageObject\",\"inLanguage\":\"de\",\"@id\":\"https:\/\/centcols.org\/grand-est-haag-2026\/#primaryimage\",\"url\":\"https:\/\/centcols.org\/wp-content\/uploads\/2026\/01\/haag1.jpg\",\"contentUrl\":\"https:\/\/centcols.org\/wp-content\/uploads\/2026\/01\/haag1.jpg\",\"width\":800,\"height\":600,\"caption\":\"LE PANNEAU SOMMITAL\"},{\"@type\":\"BreadcrumbList\",\"@id\":\"https:\/\/centcols.org\/grand-est-haag-2026\/#breadcrumb\",\"itemListElement\":[{\"@type\":\"ListItem\",\"position\":1,\"name\":\"Accueil\",\"item\":\"https:\/\/centcols.org\/\"},{\"@type\":\"ListItem\",\"position\":2,\"name\":\"Rencontres r\u00e9gionales\",\"item\":\"https:\/\/centcols.org\/rubrique\/rencontres-regionales\/\"},{\"@type\":\"ListItem\",\"position\":3,\"name\":\"Grand-Est, Col du Haag, samedi 2 mai 2026\"}]},{\"@type\":\"WebSite\",\"@id\":\"https:\/\/centcols.org\/#website\",\"url\":\"https:\/\/centcols.org\/\",\"name\":\"Club des Cent Cols\",\"description\":\"\",\"publisher\":{\"@id\":\"https:\/\/centcols.org\/#organization\"},\"potentialAction\":[{\"@type\":\"SearchAction\",\"target\":{\"@type\":\"EntryPoint\",\"urlTemplate\":\"https:\/\/centcols.org\/?s={search_term_string}\"},\"query-input\":{\"@type\":\"PropertyValueSpecification\",\"valueRequired\":true,\"valueName\":\"search_term_string\"}}],\"inLanguage\":\"de\"},{\"@type\":\"Organization\",\"@id\":\"https:\/\/centcols.org\/#organization\",\"name\":\"Club des Cent Cols\",\"url\":\"https:\/\/centcols.org\/\",\"logo\":{\"@type\":\"ImageObject\",\"inLanguage\":\"de\",\"@id\":\"https:\/\/centcols.org\/#\/schema\/logo\/image\/\",\"url\":\"https:\/\/centcols.org\/wp-content\/uploads\/2025\/01\/carte-icone.png\",\"contentUrl\":\"https:\/\/centcols.org\/wp-content\/uploads\/2025\/01\/carte-icone.png\",\"width\":250,\"height\":250,\"caption\":\"Club des Cent Cols\"},\"image\":{\"@id\":\"https:\/\/centcols.org\/#\/schema\/logo\/image\/\"},\"sameAs\":[\"https:\/\/www.facebook.com\/groups\/5261880558\/?locale=fr_FR\"]},{\"@type\":\"Person\",\"@id\":\"https:\/\/centcols.org\/#\/schema\/person\/377f00da2793c0363246869bb3a344d0\",\"name\":\"Guy Harl\u00e9\",\"image\":{\"@type\":\"ImageObject\",\"inLanguage\":\"de\",\"@id\":\"https:\/\/centcols.org\/wp-content\/litespeed\/avatar\/94c4de37e46cf090f296d42ab3e8d6a6.jpg?ver=1777238144\",\"url\":\"https:\/\/centcols.org\/wp-content\/litespeed\/avatar\/94c4de37e46cf090f296d42ab3e8d6a6.jpg?ver=1777238144\",\"contentUrl\":\"https:\/\/centcols.org\/wp-content\/litespeed\/avatar\/94c4de37e46cf090f296d42ab3e8d6a6.jpg?ver=1777238144\",\"caption\":\"Guy Harl\u00e9\"},\"url\":\"https:\/\/centcols.org\/de\/author\/5193\/\"}]}<\/script>\n<!-- \/ Yoast SEO plugin. -->","yoast_head_json":{"title":"Grand-Est, Col du Haag, Samstag, 2. Mai 2026 - Club des Cent Cols","robots":{"index":"index","follow":"follow","max-snippet":"max-snippet:-1","max-image-preview":"max-image-preview:large","max-video-preview":"max-video-preview:-1"},"canonical":"https:\/\/centcols.org\/de\/grand-est-haag-2026\/","og_locale":"de_DE","og_type":"article","og_title":"Grand-Est, Col du Haag, samedi 2 mai 2026 - Club des Cent Cols","og_description":"Col du haag (FR-68-1233) par Geishouse Rendez-vous au parking des Diables bleus \u00e0 Saint-Amarin (68) \u00e0 partir de 8 h 30 Circuits : Traces gpx Contact Joann Masuyer+33 6 34 99 24 43[email]joann&#46;masuye&#114;&#64;&#103;&#109;&#120;&#46;&#102;&#114;[\/email]","og_url":"https:\/\/centcols.org\/de\/grand-est-haag-2026\/","og_site_name":"Club des Cent Cols","article_publisher":"https:\/\/www.facebook.com\/groups\/5261880558\/?locale=fr_FR","article_published_time":"2026-01-28T14:30:37+00:00","article_modified_time":"2026-04-14T07:35:46+00:00","og_image":[{"width":800,"height":600,"url":"https:\/\/centcols.org\/wp-content\/uploads\/2026\/01\/haag1.jpg","type":"image\/jpeg"}],"author":"Guy Harl\u00e9","twitter_card":"summary_large_image","twitter_misc":{"Verfasst von":"Guy Harl\u00e9","Gesch\u00e4tzte Lesezeit":"1\u00a0Minute"},"schema":{"@context":"https:\/\/schema.org","@graph":[{"@type":"Article","@id":"https:\/\/centcols.org\/grand-est-haag-2026\/#article","isPartOf":{"@id":"https:\/\/centcols.org\/grand-est-haag-2026\/"},"author":{"name":"Guy Harl\u00e9","@id":"https:\/\/centcols.org\/#\/schema\/person\/377f00da2793c0363246869bb3a344d0"},"headline":"Grand-Est, Col du Haag, samedi 2 mai 2026","datePublished":"2026-01-28T14:30:37+00:00","dateModified":"2026-04-14T07:35:46+00:00","mainEntityOfPage":{"@id":"https:\/\/centcols.org\/grand-est-haag-2026\/"},"wordCount":37,"commentCount":4,"publisher":{"@id":"https:\/\/centcols.org\/#organization"},"image":{"@id":"https:\/\/centcols.org\/grand-est-haag-2026\/#primaryimage"},"thumbnailUrl":"https:\/\/centcols.org\/wp-content\/uploads\/2026\/01\/haag1.jpg","articleSection":["2026-rassemblements","Calendrier","Rencontres r\u00e9gionales"],"inLanguage":"de","potentialAction":[{"@type":"CommentAction","name":"Comment","target":["https:\/\/centcols.org\/grand-est-haag-2026\/#respond"]}]},{"@type":"WebPage","@id":"https:\/\/centcols.org\/grand-est-haag-2026\/","url":"https:\/\/centcols.org\/grand-est-haag-2026\/","name":"Grand-Est, Col du Haag, Samstag, 2. Mai 2026 - Club des Cent Cols","isPartOf":{"@id":"https:\/\/centcols.org\/#website"},"primaryImageOfPage":{"@id":"https:\/\/centcols.org\/grand-est-haag-2026\/#primaryimage"},"image":{"@id":"https:\/\/centcols.org\/grand-est-haag-2026\/#primaryimage"},"thumbnailUrl":"https:\/\/centcols.org\/wp-content\/uploads\/2026\/01\/haag1.jpg","datePublished":"2026-01-28T14:30:37+00:00","dateModified":"2026-04-14T07:35:46+00:00","breadcrumb":{"@id":"https:\/\/centcols.org\/grand-est-haag-2026\/#breadcrumb"},"inLanguage":"de","potentialAction":[{"@type":"ReadAction","target":["https:\/\/centcols.org\/grand-est-haag-2026\/"]}]},{"@type":"ImageObject","inLanguage":"de","@id":"https:\/\/centcols.org\/grand-est-haag-2026\/#primaryimage","url":"https:\/\/centcols.org\/wp-content\/uploads\/2026\/01\/haag1.jpg","contentUrl":"https:\/\/centcols.org\/wp-content\/uploads\/2026\/01\/haag1.jpg","width":800,"height":600,"caption":"LE PANNEAU SOMMITAL"},{"@type":"BreadcrumbList","@id":"https:\/\/centcols.org\/grand-est-haag-2026\/#breadcrumb","itemListElement":[{"@type":"ListItem","position":1,"name":"Accueil","item":"https:\/\/centcols.org\/"},{"@type":"ListItem","position":2,"name":"Rencontres r\u00e9gionales","item":"https:\/\/centcols.org\/rubrique\/rencontres-regionales\/"},{"@type":"ListItem","position":3,"name":"Grand-Est, Col du Haag, samedi 2 mai 2026"}]},{"@type":"WebSite","@id":"https:\/\/centcols.org\/#website","url":"https:\/\/centcols.org\/","name":"Club des Cent Cols","description":"","publisher":{"@id":"https:\/\/centcols.org\/#organization"},"potentialAction":[{"@type":"SearchAction","target":{"@type":"EntryPoint","urlTemplate":"https:\/\/centcols.org\/?s={search_term_string}"},"query-input":{"@type":"PropertyValueSpecification","valueRequired":true,"valueName":"search_term_string"}}],"inLanguage":"de"},{"@type":"Organization","@id":"https:\/\/centcols.org\/#organization","name":"Club des Cent Cols","url":"https:\/\/centcols.org\/","logo":{"@type":"ImageObject","inLanguage":"de","@id":"https:\/\/centcols.org\/#\/schema\/logo\/image\/","url":"https:\/\/centcols.org\/wp-content\/uploads\/2025\/01\/carte-icone.png","contentUrl":"https:\/\/centcols.org\/wp-content\/uploads\/2025\/01\/carte-icone.png","width":250,"height":250,"caption":"Club des Cent Cols"},"image":{"@id":"https:\/\/centcols.org\/#\/schema\/logo\/image\/"},"sameAs":["https:\/\/www.facebook.com\/groups\/5261880558\/?locale=fr_FR"]},{"@type":"Person","@id":"https:\/\/centcols.org\/#\/schema\/person\/377f00da2793c0363246869bb3a344d0","name":"Guy Harl\u00e9","image":{"@type":"ImageObject","inLanguage":"de","@id":"https:\/\/centcols.org\/wp-content\/litespeed\/avatar\/94c4de37e46cf090f296d42ab3e8d6a6.jpg?ver=1777238144","url":"https:\/\/centcols.org\/wp-content\/litespeed\/avatar\/94c4de37e46cf090f296d42ab3e8d6a6.jpg?ver=1777238144","contentUrl":"https:\/\/centcols.org\/wp-content\/litespeed\/avatar\/94c4de37e46cf090f296d42ab3e8d6a6.jpg?ver=1777238144","caption":"Guy Harl\u00e9"},"url":"https:\/\/centcols.org\/de\/author\/5193\/"}]}},"_links":{"self":[{"href":"https:\/\/centcols.org\/de\/wp-json\/wp\/v2\/posts\/92875","targetHints":{"allow":["GET"]}}],"collection":[{"href":"https:\/\/centcols.org\/de\/wp-json\/wp\/v2\/posts"}],"about":[{"href":"https:\/\/centcols.org\/de\/wp-json\/wp\/v2\/types\/post"}],"author":[{"embeddable":true,"href":"https:\/\/centcols.org\/de\/wp-json\/wp\/v2\/users\/136"}],"replies":[{"embeddable":true,"href":"https:\/\/centcols.org\/de\/wp-json\/wp\/v2\/comments?post=92875"}],"version-history":[{"count":0,"href":"https:\/\/centcols.org\/de\/wp-json\/wp\/v2\/posts\/92875\/revisions"}],"wp:featuredmedia":[{"embeddable":true,"href":"https:\/\/centcols.org\/de\/wp-json\/wp\/v2\/media\/92884"}],"wp:attachment":[{"href":"https:\/\/centcols.org\/de\/wp-json\/wp\/v2\/media?parent=92875"}],"wp:term":[{"taxonomy":"category","embeddable":true,"href":"https:\/\/centcols.org\/de\/wp-json\/wp\/v2\/categories?post=92875"},{"taxonomy":"post_tag","embeddable":true,"href":"https:\/\/centcols.org\/de\/wp-json\/wp\/v2\/tags?post=92875"}],"curies":[{"name":"wp","href":"https:\/\/api.w.org\/{rel}","templated":true}]}}