{"id":92897,"date":"2026-01-27T19:41:11","date_gmt":"2026-01-27T17:41:11","guid":{"rendered":"https:\/\/centcols.org\/?p=92897"},"modified":"2026-02-18T12:21:06","modified_gmt":"2026-02-18T10:21:06","slug":"cols-de-redondet-und-cols-des-champs","status":"publish","type":"post","link":"https:\/\/centcols.org\/de\/cols-de-redondet-et-cols-des-champs\/","title":{"rendered":"Cols de Redondet und Cols des Champs"},"content":{"rendered":"<p>Frage: Im Chauvot tauchen P\u00e4sse mit demselben Namen auf. Handelt es sich dabei um ein und denselben Pass oder um zwei verschiedene P\u00e4sse, die auf unseren Jahreslisten gef\u00fchrt werden k\u00f6nnen?<\/p>\n\n\n\n<p>Beispiele:<br>- die P\u00e4sse von Redondet (FR-15-1531 und FR-15-1640)<br>- die Cols des Champs (FR-04-2093 und FR-04-2040)<\/p>\n\n\n\n<p>Antwort :<\/p>\n\n\n\n<p><strong>1) Gibt es einen oder zwei Redondet-P\u00e4sse?<\/strong><br>Die Referenzen: Keiner dieser beiden P\u00e4sse tr\u00e4gt ein Gipfelschild (im Jahr 2002...).<\/p>\n\n\n\n<p><strong>Was sagt Michelin?<\/strong><\/p>\n\n\n\n<figure class=\"wp-block-image size-full\"><img loading=\"lazy\" decoding=\"async\" width=\"393\" height=\"243\" src=\"https:\/\/centcols.org\/wp-content\/uploads\/2026\/01\/col-de-redondet_michelin.jpg\" alt=\"\" class=\"wp-image-92899\" srcset=\"https:\/\/centcols.org\/wp-content\/uploads\/2026\/01\/col-de-redondet_michelin.jpg 393w, https:\/\/centcols.org\/wp-content\/uploads\/2026\/01\/col-de-redondet_michelin-18x12.jpg 18w\" sizes=\"auto, (max-width: 393px) 100vw, 393px\" \/><\/figure>\n\n\n\n<p>Der Col de Redondet ist auf der Stra\u00dfe (D17) auf 1531 m H\u00f6he mit &gt;.&lt; symbolisiert. Dieser Pass ist auf der Karte benannt.<\/p>\n\n\n\n<p><strong>Was sagt das IGN?<\/strong><\/p>\n\n\n\n<figure class=\"wp-block-image size-full\"><img loading=\"lazy\" decoding=\"async\" width=\"397\" height=\"209\" src=\"https:\/\/centcols.org\/wp-content\/uploads\/2026\/01\/col-de-redondet_ign.jpg\" alt=\"\" class=\"wp-image-92900\" srcset=\"https:\/\/centcols.org\/wp-content\/uploads\/2026\/01\/col-de-redondet_ign.jpg 397w, https:\/\/centcols.org\/wp-content\/uploads\/2026\/01\/col-de-redondet_ign-18x9.jpg 18w\" sizes=\"auto, (max-width: 397px) 100vw, 397px\" \/><\/figure>\n\n\n\n<p>Der Col de Redondet ist ein Pass <strong><em>Maultiertreiber<\/em><\/strong> auf 1640 m H\u00f6he gelegen, 700 m Luftlinie vom Stra\u00dfenpass von Chez Michelin entfernt.<\/p>\n\n\n\n<p>- Kann man davon ausgehen, dass es sich um denselben Pass handelt, aber mit zwei unterschiedlichen H\u00f6henlagen, wie im Fall eines Kamm-Passes mit einem Tunnel, der darunter verl\u00e4uft? Ich glaube nicht, denn der erste Pass (Stra\u00dfenpass) liegt auf einem Kamm in Ost-West-Richtung und verbindet ein Tal im Norden (Cirque du Falgoux) mit einem Tal im S\u00fcden, w\u00e4hrend der zweite Redondet-Pass (Saumpass) auf einem Kamm in Nord-S\u00fcd-Richtung liegt und ein Tal im Westen mit einem anderen im Osten verbindet. \u00abGeografisch\u00bb gibt es sehr wohl <strong>ZWEI<\/strong> verschiedene Kragen.<\/p>\n\n\n\n<p>- Aber wer hat Recht zwischen Michelin und dem IGN?<br>Ich w\u00fcrde dazu neigen, IGN zu antworten... und doch, wenn man sich die Websites ansieht (und es sind viele), die den Col de Redondet erw\u00e4hnen, beziehen sich ALLE auf den Stra\u00dfenpass. Dieser hat sich eingeb\u00fcrgert, und die Streichung dieses Passes in seiner Stra\u00dfenversion im Namen der IGN-Karte w\u00fcrde auf Unverst\u00e4ndnis sto\u00dfen.<\/p>\n\n\n\n<p class=\"has-black-color has-text-color has-link-color wp-elements-ac1695946044046a9ae09f889a5a97a2\"><strong>Schlussfolgerung<\/strong> : Es werden zwei Redondet-P\u00e4sse im Chauvot aufbewahrt und die Mitglieder der Bruderschaft k\u00f6nnen zwei P\u00e4sse dieses Namens in ihren Listen angeben, da es tats\u00e4chlich zwei verschiedene \u00dcberg\u00e4nge gibt.<\/p>\n\n\n\n<p><strong>2) Der Col des Champs.<\/strong><\/p>\n\n\n\n<p><strong>Was sagt Michelin?<\/strong><\/p>\n\n\n\n<figure class=\"wp-block-image size-full\"><img loading=\"lazy\" decoding=\"async\" width=\"336\" height=\"227\" src=\"https:\/\/centcols.org\/wp-content\/uploads\/2026\/01\/col-des-champs_michelin.jpg\" alt=\"\" class=\"wp-image-92901\" srcset=\"https:\/\/centcols.org\/wp-content\/uploads\/2026\/01\/col-des-champs_michelin.jpg 336w, https:\/\/centcols.org\/wp-content\/uploads\/2026\/01\/col-des-champs_michelin-18x12.jpg 18w\" sizes=\"auto, (max-width: 336px) 100vw, 336px\" \/><\/figure>\n\n\n\n<p>Der Col des Champs ist perfekt symbolisiert AUSSERHALB der Stra\u00dfe auf einer Piste weiter n\u00f6rdlich.<\/p>\n\n\n\n<p><strong>Was sagt das IGN?<\/strong><\/p>\n\n\n\n<figure class=\"wp-block-image size-full\"><img loading=\"lazy\" decoding=\"async\" width=\"411\" height=\"430\" src=\"https:\/\/centcols.org\/wp-content\/uploads\/2026\/01\/col-des-champs_ign.jpg\" alt=\"\" class=\"wp-image-92902\" srcset=\"https:\/\/centcols.org\/wp-content\/uploads\/2026\/01\/col-des-champs_ign.jpg 411w, https:\/\/centcols.org\/wp-content\/uploads\/2026\/01\/col-des-champs_ign-11x12.jpg 11w\" sizes=\"auto, (max-width: 411px) 100vw, 411px\" \/><\/figure>\n\n\n\n<p>Der Col des Champs ist in 2045 m H\u00f6he auf einer Piste unterhalb der Stra\u00dfe sehr deutlich ausgeschildert. Auf dieser Stra\u00dfe ist kein Pass angegeben.<\/p>\n\n\n\n<p>Warum gibt es einen Col des Champs \u00abStra\u00dfe\u00bb (FR-04-2093)? Nur weil ein DDE-Schild auf der Stra\u00dfe an der Stelle, an der auf der obigen Karte \u00abP\u00bb steht, auf diesen Pass hinweist.<\/p>\n\n\n\n<figure class=\"wp-block-image size-full\"><img loading=\"lazy\" decoding=\"async\" width=\"604\" height=\"174\" src=\"https:\/\/centcols.org\/wp-content\/uploads\/2026\/01\/cols-des-champs_elargi.jpg\" alt=\"\" class=\"wp-image-92903\" srcset=\"https:\/\/centcols.org\/wp-content\/uploads\/2026\/01\/cols-des-champs_elargi.jpg 604w, https:\/\/centcols.org\/wp-content\/uploads\/2026\/01\/cols-des-champs_elargi-18x5.jpg 18w\" sizes=\"auto, (max-width: 604px) 100vw, 604px\" \/><figcaption class=\"wp-element-caption\">Stra\u00dfenpass (Schild). Rechts, Col des Champs \u00abgeographisch\u00bb IGN 2045m<\/figcaption><\/figure>\n\n\n\n<figure class=\"wp-block-image size-full\"><img loading=\"lazy\" decoding=\"async\" width=\"320\" height=\"240\" src=\"https:\/\/centcols.org\/wp-content\/uploads\/2026\/01\/cols-des-champs_annotations.jpg\" alt=\"\" class=\"wp-image-92904\" srcset=\"https:\/\/centcols.org\/wp-content\/uploads\/2026\/01\/cols-des-champs_annotations.jpg 320w, https:\/\/centcols.org\/wp-content\/uploads\/2026\/01\/cols-des-champs_annotations-16x12.jpg 16w\" sizes=\"auto, (max-width: 320px) 100vw, 320px\" \/><\/figure>\n\n\n\n<p>Gibt es in der Topografie des Ortes ZWEI Cols des Champs?<\/p>\n\n\n\n<p>Nein, denn der \u00abStra\u00dfen-\u00bb und der \u00abMaultierpfad\u00bb lassen die gleichen T\u00e4ler miteinander in Verbindung stehen (Var im Osten, Verdon im Westen). Wir befinden uns nicht in der gleichen Situation wie die Redondet-P\u00e4sse.<br>Es handelt sich also um den <em><strong>gleiche Passage<\/strong><\/em>.<br>Wir haben also drei Referenzen:<br>- Schild (auf der Stra\u00dfe)<br>- Michelin-Karte (Col des Champs muletier n\u00f6rdlich der Stra\u00dfe)<br>- IGN-Karte (Col des Champs muletier n\u00f6rdlich der Stra\u00dfe)<br>Ich w\u00fcrde dazu neigen, zu sagen, dass das Schild eine \u00abMinderheit\u00bb ist und missbr\u00e4uchlich auf der Stra\u00dfe platziert wurde...<br>Aber auch hier ist es Tradition, den Col des Champs auf der Stra\u00dfe zu \u00fcberqueren, und niemand w\u00fcrde verstehen, wenn man nur den Saumpass in Chauvot beibehalten w\u00fcrde.<\/p>\n\n\n\n<p class=\"has-black-color has-text-color has-link-color wp-elements-e7f6ba817c52029436a16c71e208e805\">Sollte man zwei Cols des Champs in seine Jahresliste aufnehmen? Ich denke nicht, da es sich um denselben Pass handelt.<\/p>\n\n\n\n<p>Gute P\u00e4sse f\u00fcr alle.<\/p>\n\n\n\n<p>Ren\u00e9 Poty<\/p>\n\n\n\n<p>NDLR: Dieser Artikel stammt aus den fr\u00fchen 2000er Jahren. Im Jahr 2026 hat die Arbeitsgruppe der P\u00e4sse Frankreichs die Frage des Col des Champs entschieden. Es gibt nur einen Pass, den er auf seiner Liste anmelden muss, wahlweise den einen oder den anderen. Wie bei den Tunnelp\u00e4ssen, die zwei \u00dcberg\u00e4nge desselben Passes sind.<\/p>","protected":false},"excerpt":{"rendered":"<p>Question : le Chauvot fait appara\u00eetre des cols portant le m\u00eame nom. S&rsquo;agit-il d&rsquo;un seul et m\u00eame col ou bien de deux cols diff\u00e9rents pouvant \u00eatre port\u00e9s sur nos listes annuelles ? Exemples :&#8211; les cols de Redondet (FR-15-1531 et FR-15-1640)&#8211; les cols des Champs (FR-04-2093 et FR-04-2040) R\u00e9ponse : 1) Existe-t-il un ou deux [&hellip;]<\/p>\n","protected":false},"author":1726,"featured_media":93256,"comment_status":"closed","ping_status":"closed","sticky":false,"template":"","format":"standard","meta":{"_acf_changed":false,"footnotes":""},"categories":[308],"tags":[],"class_list":["post-92897","post","type-post","status-publish","format-standard","has-post-thumbnail","hentry","category-cols-en-vrac"],"acf":[],"yoast_head":"<!-- This site is optimized with the Yoast SEO plugin v27.2 - https:\/\/yoast.com\/product\/yoast-seo-wordpress\/ -->\n<title>Cols de Redondet et cols des Champs - Club des Cent Cols<\/title>\n<meta name=\"robots\" content=\"index, follow, max-snippet:-1, max-image-preview:large, max-video-preview:-1\" \/>\n<link rel=\"canonical\" href=\"https:\/\/centcols.org\/de\/cols-de-redondet-und-cols-des-champs\/\" \/>\n<meta property=\"og:locale\" content=\"de_DE\" \/>\n<meta property=\"og:type\" content=\"article\" \/>\n<meta property=\"og:title\" content=\"Cols de Redondet et cols des Champs - Club des Cent Cols\" \/>\n<meta property=\"og:description\" content=\"Question : le Chauvot fait appara\u00eetre des cols portant le m\u00eame nom. S&rsquo;agit-il d&rsquo;un seul et m\u00eame col ou bien de deux cols diff\u00e9rents pouvant \u00eatre port\u00e9s sur nos listes annuelles ? Exemples :&#8211; les cols de Redondet (FR-15-1531 et FR-15-1640)&#8211; les cols des Champs (FR-04-2093 et FR-04-2040) R\u00e9ponse : 1) Existe-t-il un ou deux [&hellip;]\" \/>\n<meta property=\"og:url\" content=\"https:\/\/centcols.org\/de\/cols-de-redondet-und-cols-des-champs\/\" \/>\n<meta property=\"og:site_name\" content=\"Club des Cent Cols\" \/>\n<meta property=\"article:publisher\" content=\"https:\/\/www.facebook.com\/groups\/5261880558\/?locale=fr_FR\" \/>\n<meta property=\"article:published_time\" content=\"2026-01-27T17:41:11+00:00\" \/>\n<meta property=\"article:modified_time\" content=\"2026-02-18T10:21:06+00:00\" \/>\n<meta property=\"og:image\" content=\"https:\/\/centcols.org\/wp-content\/uploads\/2026\/01\/coldeschamps.jpg\" \/>\n\t<meta property=\"og:image:width\" content=\"800\" \/>\n\t<meta property=\"og:image:height\" content=\"450\" \/>\n\t<meta property=\"og:image:type\" content=\"image\/jpeg\" \/>\n<meta name=\"author\" content=\"Ren\u00e9 Mercier\" \/>\n<meta name=\"twitter:card\" content=\"summary_large_image\" \/>\n<meta name=\"twitter:label1\" content=\"Verfasst von\" \/>\n\t<meta name=\"twitter:data1\" content=\"Ren\u00e9 Mercier\" \/>\n\t<meta name=\"twitter:label2\" content=\"Gesch\u00e4tzte Lesezeit\" \/>\n\t<meta name=\"twitter:data2\" content=\"5\u00a0Minuten\" \/>\n<script type=\"application\/ld+json\" class=\"yoast-schema-graph\">{\"@context\":\"https:\/\/schema.org\",\"@graph\":[{\"@type\":\"Article\",\"@id\":\"https:\/\/centcols.org\/it\/cols-de-redondet-e-cols-des-champs\/#article\",\"isPartOf\":{\"@id\":\"https:\/\/centcols.org\/it\/cols-de-redondet-e-cols-des-champs\/\"},\"author\":{\"name\":\"Ren\u00e9 Mercier\",\"@id\":\"https:\/\/centcols.org\/#\/schema\/person\/0cc8f723679c98f3fb7798df5a50c018\"},\"headline\":\"Cols de Redondet et cols des Champs\",\"datePublished\":\"2026-01-27T17:41:11+00:00\",\"dateModified\":\"2026-02-18T10:21:06+00:00\",\"mainEntityOfPage\":{\"@id\":\"https:\/\/centcols.org\/it\/cols-de-redondet-e-cols-des-champs\/\"},\"wordCount\":687,\"publisher\":{\"@id\":\"https:\/\/centcols.org\/#organization\"},\"image\":{\"@id\":\"https:\/\/centcols.org\/it\/cols-de-redondet-e-cols-des-champs\/#primaryimage\"},\"thumbnailUrl\":\"https:\/\/centcols.org\/wp-content\/uploads\/2026\/01\/coldeschamps.jpg\",\"articleSection\":[\"Cols en vrac\"],\"inLanguage\":\"de\"},{\"@type\":\"WebPage\",\"@id\":\"https:\/\/centcols.org\/it\/cols-de-redondet-e-cols-des-champs\/\",\"url\":\"https:\/\/centcols.org\/it\/cols-de-redondet-e-cols-des-champs\/\",\"name\":\"Cols de Redondet et cols des Champs - Club des Cent Cols\",\"isPartOf\":{\"@id\":\"https:\/\/centcols.org\/#website\"},\"primaryImageOfPage\":{\"@id\":\"https:\/\/centcols.org\/it\/cols-de-redondet-e-cols-des-champs\/#primaryimage\"},\"image\":{\"@id\":\"https:\/\/centcols.org\/it\/cols-de-redondet-e-cols-des-champs\/#primaryimage\"},\"thumbnailUrl\":\"https:\/\/centcols.org\/wp-content\/uploads\/2026\/01\/coldeschamps.jpg\",\"datePublished\":\"2026-01-27T17:41:11+00:00\",\"dateModified\":\"2026-02-18T10:21:06+00:00\",\"breadcrumb\":{\"@id\":\"https:\/\/centcols.org\/it\/cols-de-redondet-e-cols-des-champs\/#breadcrumb\"},\"inLanguage\":\"de\",\"potentialAction\":[{\"@type\":\"ReadAction\",\"target\":[\"https:\/\/centcols.org\/it\/cols-de-redondet-e-cols-des-champs\/\"]}]},{\"@type\":\"ImageObject\",\"inLanguage\":\"de\",\"@id\":\"https:\/\/centcols.org\/it\/cols-de-redondet-e-cols-des-champs\/#primaryimage\",\"url\":\"https:\/\/centcols.org\/wp-content\/uploads\/2026\/01\/coldeschamps.jpg\",\"contentUrl\":\"https:\/\/centcols.org\/wp-content\/uploads\/2026\/01\/coldeschamps.jpg\",\"width\":800,\"height\":450},{\"@type\":\"BreadcrumbList\",\"@id\":\"https:\/\/centcols.org\/it\/cols-de-redondet-e-cols-des-champs\/#breadcrumb\",\"itemListElement\":[{\"@type\":\"ListItem\",\"position\":1,\"name\":\"Accueil\",\"item\":\"https:\/\/centcols.org\/\"},{\"@type\":\"ListItem\",\"position\":2,\"name\":\"Cols en vrac\",\"item\":\"https:\/\/centcols.org\/rubrique\/cols-en-vrac\/\"},{\"@type\":\"ListItem\",\"position\":3,\"name\":\"Cols de Redondet et cols des Champs\"}]},{\"@type\":\"WebSite\",\"@id\":\"https:\/\/centcols.org\/#website\",\"url\":\"https:\/\/centcols.org\/\",\"name\":\"Club des Cent Cols\",\"description\":\"\",\"publisher\":{\"@id\":\"https:\/\/centcols.org\/#organization\"},\"potentialAction\":[{\"@type\":\"SearchAction\",\"target\":{\"@type\":\"EntryPoint\",\"urlTemplate\":\"https:\/\/centcols.org\/?s={search_term_string}\"},\"query-input\":{\"@type\":\"PropertyValueSpecification\",\"valueRequired\":true,\"valueName\":\"search_term_string\"}}],\"inLanguage\":\"de\"},{\"@type\":\"Organization\",\"@id\":\"https:\/\/centcols.org\/#organization\",\"name\":\"Club des Cent Cols\",\"url\":\"https:\/\/centcols.org\/\",\"logo\":{\"@type\":\"ImageObject\",\"inLanguage\":\"de\",\"@id\":\"https:\/\/centcols.org\/#\/schema\/logo\/image\/\",\"url\":\"https:\/\/centcols.org\/wp-content\/uploads\/2025\/01\/carte-icone.png\",\"contentUrl\":\"https:\/\/centcols.org\/wp-content\/uploads\/2025\/01\/carte-icone.png\",\"width\":250,\"height\":250,\"caption\":\"Club des Cent Cols\"},\"image\":{\"@id\":\"https:\/\/centcols.org\/#\/schema\/logo\/image\/\"},\"sameAs\":[\"https:\/\/www.facebook.com\/groups\/5261880558\/?locale=fr_FR\"]},{\"@type\":\"Person\",\"@id\":\"https:\/\/centcols.org\/#\/schema\/person\/0cc8f723679c98f3fb7798df5a50c018\",\"name\":\"Ren\u00e9 Mercier\",\"image\":{\"@type\":\"ImageObject\",\"inLanguage\":\"de\",\"@id\":\"https:\/\/centcols.org\/wp-content\/litespeed\/avatar\/c2275eeaf79d4f7456274de381abeeab.jpg?ver=1777347562\",\"url\":\"https:\/\/centcols.org\/wp-content\/litespeed\/avatar\/c2275eeaf79d4f7456274de381abeeab.jpg?ver=1777347562\",\"contentUrl\":\"https:\/\/centcols.org\/wp-content\/litespeed\/avatar\/c2275eeaf79d4f7456274de381abeeab.jpg?ver=1777347562\",\"caption\":\"Ren\u00e9 Mercier\"},\"url\":\"https:\/\/centcols.org\/de\/author\/7552\/\"}]}<\/script>\n<!-- \/ Yoast SEO plugin. -->","yoast_head_json":{"title":"Cols de Redondet und Cols des Champs - Club des Cent Cols","robots":{"index":"index","follow":"follow","max-snippet":"max-snippet:-1","max-image-preview":"max-image-preview:large","max-video-preview":"max-video-preview:-1"},"canonical":"https:\/\/centcols.org\/de\/cols-de-redondet-und-cols-des-champs\/","og_locale":"de_DE","og_type":"article","og_title":"Cols de Redondet et cols des Champs - Club des Cent Cols","og_description":"Question : le Chauvot fait appara\u00eetre des cols portant le m\u00eame nom. S&rsquo;agit-il d&rsquo;un seul et m\u00eame col ou bien de deux cols diff\u00e9rents pouvant \u00eatre port\u00e9s sur nos listes annuelles ? Exemples :&#8211; les cols de Redondet (FR-15-1531 et FR-15-1640)&#8211; les cols des Champs (FR-04-2093 et FR-04-2040) R\u00e9ponse : 1) Existe-t-il un ou deux [&hellip;]","og_url":"https:\/\/centcols.org\/de\/cols-de-redondet-und-cols-des-champs\/","og_site_name":"Club des Cent Cols","article_publisher":"https:\/\/www.facebook.com\/groups\/5261880558\/?locale=fr_FR","article_published_time":"2026-01-27T17:41:11+00:00","article_modified_time":"2026-02-18T10:21:06+00:00","og_image":[{"width":800,"height":450,"url":"https:\/\/centcols.org\/wp-content\/uploads\/2026\/01\/coldeschamps.jpg","type":"image\/jpeg"}],"author":"Ren\u00e9 Mercier","twitter_card":"summary_large_image","twitter_misc":{"Verfasst von":"Ren\u00e9 Mercier","Gesch\u00e4tzte Lesezeit":"5\u00a0Minuten"},"schema":{"@context":"https:\/\/schema.org","@graph":[{"@type":"Article","@id":"https:\/\/centcols.org\/it\/cols-de-redondet-e-cols-des-champs\/#article","isPartOf":{"@id":"https:\/\/centcols.org\/it\/cols-de-redondet-e-cols-des-champs\/"},"author":{"name":"Ren\u00e9 Mercier","@id":"https:\/\/centcols.org\/#\/schema\/person\/0cc8f723679c98f3fb7798df5a50c018"},"headline":"Cols de Redondet et cols des Champs","datePublished":"2026-01-27T17:41:11+00:00","dateModified":"2026-02-18T10:21:06+00:00","mainEntityOfPage":{"@id":"https:\/\/centcols.org\/it\/cols-de-redondet-e-cols-des-champs\/"},"wordCount":687,"publisher":{"@id":"https:\/\/centcols.org\/#organization"},"image":{"@id":"https:\/\/centcols.org\/it\/cols-de-redondet-e-cols-des-champs\/#primaryimage"},"thumbnailUrl":"https:\/\/centcols.org\/wp-content\/uploads\/2026\/01\/coldeschamps.jpg","articleSection":["Cols en vrac"],"inLanguage":"de"},{"@type":"WebPage","@id":"https:\/\/centcols.org\/it\/cols-de-redondet-e-cols-des-champs\/","url":"https:\/\/centcols.org\/it\/cols-de-redondet-e-cols-des-champs\/","name":"Cols de Redondet und Cols des Champs - Club des Cent Cols","isPartOf":{"@id":"https:\/\/centcols.org\/#website"},"primaryImageOfPage":{"@id":"https:\/\/centcols.org\/it\/cols-de-redondet-e-cols-des-champs\/#primaryimage"},"image":{"@id":"https:\/\/centcols.org\/it\/cols-de-redondet-e-cols-des-champs\/#primaryimage"},"thumbnailUrl":"https:\/\/centcols.org\/wp-content\/uploads\/2026\/01\/coldeschamps.jpg","datePublished":"2026-01-27T17:41:11+00:00","dateModified":"2026-02-18T10:21:06+00:00","breadcrumb":{"@id":"https:\/\/centcols.org\/it\/cols-de-redondet-e-cols-des-champs\/#breadcrumb"},"inLanguage":"de","potentialAction":[{"@type":"ReadAction","target":["https:\/\/centcols.org\/it\/cols-de-redondet-e-cols-des-champs\/"]}]},{"@type":"ImageObject","inLanguage":"de","@id":"https:\/\/centcols.org\/it\/cols-de-redondet-e-cols-des-champs\/#primaryimage","url":"https:\/\/centcols.org\/wp-content\/uploads\/2026\/01\/coldeschamps.jpg","contentUrl":"https:\/\/centcols.org\/wp-content\/uploads\/2026\/01\/coldeschamps.jpg","width":800,"height":450},{"@type":"BreadcrumbList","@id":"https:\/\/centcols.org\/it\/cols-de-redondet-e-cols-des-champs\/#breadcrumb","itemListElement":[{"@type":"ListItem","position":1,"name":"Accueil","item":"https:\/\/centcols.org\/"},{"@type":"ListItem","position":2,"name":"Cols en vrac","item":"https:\/\/centcols.org\/rubrique\/cols-en-vrac\/"},{"@type":"ListItem","position":3,"name":"Cols de Redondet et cols des Champs"}]},{"@type":"WebSite","@id":"https:\/\/centcols.org\/#website","url":"https:\/\/centcols.org\/","name":"Club des Cent Cols","description":"","publisher":{"@id":"https:\/\/centcols.org\/#organization"},"potentialAction":[{"@type":"SearchAction","target":{"@type":"EntryPoint","urlTemplate":"https:\/\/centcols.org\/?s={search_term_string}"},"query-input":{"@type":"PropertyValueSpecification","valueRequired":true,"valueName":"search_term_string"}}],"inLanguage":"de"},{"@type":"Organization","@id":"https:\/\/centcols.org\/#organization","name":"Club des Cent Cols","url":"https:\/\/centcols.org\/","logo":{"@type":"ImageObject","inLanguage":"de","@id":"https:\/\/centcols.org\/#\/schema\/logo\/image\/","url":"https:\/\/centcols.org\/wp-content\/uploads\/2025\/01\/carte-icone.png","contentUrl":"https:\/\/centcols.org\/wp-content\/uploads\/2025\/01\/carte-icone.png","width":250,"height":250,"caption":"Club des Cent Cols"},"image":{"@id":"https:\/\/centcols.org\/#\/schema\/logo\/image\/"},"sameAs":["https:\/\/www.facebook.com\/groups\/5261880558\/?locale=fr_FR"]},{"@type":"Person","@id":"https:\/\/centcols.org\/#\/schema\/person\/0cc8f723679c98f3fb7798df5a50c018","name":"Ren\u00e9 Mercier","image":{"@type":"ImageObject","inLanguage":"de","@id":"https:\/\/centcols.org\/wp-content\/litespeed\/avatar\/c2275eeaf79d4f7456274de381abeeab.jpg?ver=1777347562","url":"https:\/\/centcols.org\/wp-content\/litespeed\/avatar\/c2275eeaf79d4f7456274de381abeeab.jpg?ver=1777347562","contentUrl":"https:\/\/centcols.org\/wp-content\/litespeed\/avatar\/c2275eeaf79d4f7456274de381abeeab.jpg?ver=1777347562","caption":"Ren\u00e9 Mercier"},"url":"https:\/\/centcols.org\/de\/author\/7552\/"}]}},"_links":{"self":[{"href":"https:\/\/centcols.org\/de\/wp-json\/wp\/v2\/posts\/92897","targetHints":{"allow":["GET"]}}],"collection":[{"href":"https:\/\/centcols.org\/de\/wp-json\/wp\/v2\/posts"}],"about":[{"href":"https:\/\/centcols.org\/de\/wp-json\/wp\/v2\/types\/post"}],"author":[{"embeddable":true,"href":"https:\/\/centcols.org\/de\/wp-json\/wp\/v2\/users\/1726"}],"replies":[{"embeddable":true,"href":"https:\/\/centcols.org\/de\/wp-json\/wp\/v2\/comments?post=92897"}],"version-history":[{"count":0,"href":"https:\/\/centcols.org\/de\/wp-json\/wp\/v2\/posts\/92897\/revisions"}],"wp:featuredmedia":[{"embeddable":true,"href":"https:\/\/centcols.org\/de\/wp-json\/wp\/v2\/media\/93256"}],"wp:attachment":[{"href":"https:\/\/centcols.org\/de\/wp-json\/wp\/v2\/media?parent=92897"}],"wp:term":[{"taxonomy":"category","embeddable":true,"href":"https:\/\/centcols.org\/de\/wp-json\/wp\/v2\/categories?post=92897"},{"taxonomy":"post_tag","embeddable":true,"href":"https:\/\/centcols.org\/de\/wp-json\/wp\/v2\/tags?post=92897"}],"curies":[{"name":"wp","href":"https:\/\/api.w.org\/{rel}","templated":true}]}}