{"id":92916,"date":"2026-01-30T19:18:10","date_gmt":"2026-01-30T17:18:10","guid":{"rendered":"https:\/\/centcols.org\/?p=92916"},"modified":"2026-01-31T18:18:02","modified_gmt":"2026-01-31T16:18:02","slug":"colle-dei-morti","status":"publish","type":"post","link":"https:\/\/centcols.org\/de\/colle-dei-morti\/","title":{"rendered":"Colle dei Morti"},"content":{"rendered":"<p>Colle dei MORTI oder Colle FAUNIERA (Piemont) 2480m <a href=\"\/de\/util\/geo\/visu.php\/?code=IT-CN-2480a\" type=\"link\" id=\"https:\/\/www.centcols.org\/util\/geo\/visu.php?code=IT-CN-2480a\">IT-CN-2480a<\/a> <\/p>\n\n\n\n<p>OSTSEITE :<br>Der Colle dei MORTI, der zum ersten Mal von den Fahrern des Giro 99 unter der Bezeichnung \u00abColle FAUNIERA\u00bb befahren wurde, ist praktisch unbekannt, aber dennoch ein sehr gro\u00dfer Pass, sowohl aufgrund seines betr\u00e4chtlichen H\u00f6henunterschieds, seiner H\u00f6he und vor allem seiner starken und anhaltenden Prozente, die sich \u00fcber 15 km erstrecken. Der Pass bietet eine durchschnittliche Steigung von 9,2%! <br>Der Colle dei Morti scheint in seiner kargen Umgebung, die aus Felsen, Felsriegeln und weitl\u00e4ufigen Almen besteht, auf denen einige Schafe weiden, von der Welt abgeschnitten zu sein. An diesem Ort ist der Eindruck von Abgeschiedenheit vollkommen! Wenn man diesen Pass zum ersten Mal erklimmt, ist man von der Sch\u00f6nheit der Landschaft \u00fcberw\u00e4ltigt, die sich im Laufe des Aufstiegs st\u00e4ndig erneuert, zu anderen Horizonten, immer h\u00f6her, und man hat das Gef\u00fchl, nie das Ende dieses Aufstiegs zu sehen, \u00abin den Himmel zu steigen\u00bb, wie es einer der Organisatoren des Giro formulierte. <br>Die Klettertour beginnt friedlich in Monteroso Grana. Am Ausgang von Pradleves steigt man durch tief eingeschnittene Schluchten entlang des Grana-Baches auf. Nach Campomolino wird der Hang steiler und Sie erreichen die Wallfahrtskirche San Magno, die einem Himalaya-Tempel gleicht! (durchschnittliche Steigung: 10% auf 6 km, maximal 12 bis 13%). Nach dem Heiligtum wird die Stra\u00dfe sehr schmal und nach einer kurzen Abflachung steigt die Steigung auf 12% an, w\u00e4hrend die Landschaft immer wilder und grandioser wird! Die Trofarello-H\u00fctte k\u00fcndigt die letzten zwei Kilometer an, auf denen die Steigung auf 7,4% abflacht bis zur Abzweigung nach rechts zum Esischie-Sattel (2366m <a href=\"\/de\/util\/geo\/visu.php\/?code=IT-CN-2366b\" type=\"link\" id=\"https:\/\/www.centcols.org\/util\/geo\/visu.php?code=IT-CN-2366b\">IT-CN-2366b<\/a>), \u00fcber den man nach 20,3 km Ponte Marmora auf der Nordseite erreichen kann. Der Colle Vallonetto (2439m <a href=\"\/de\/util\/geo\/visu.php\/?code=IT-CN-2438\" type=\"link\" id=\"https:\/\/www.centcols.org\/util\/geo\/visu.php?code=IT-CN-2438\">IT-CN-2438<\/a>) vor der Ankunft am Col dei Morti, dem Ende des Aufstiegs, am Fu\u00dfe der Cima Fauniera (2515m) auf der linken Seite, die \u00fcber einen Pfad erreichbar ist.<br><br>S\u00dcDOSTHANG :<br>Der Colle dei Morti, der von der S\u00fcdostseite angegangen wird, bietet ebenfalls eine herrliche Kletterpartie, die fast genauso hart ist wie die Pradleves-Seite und eine ebenso sch\u00f6ne und wilde Landschaft bietet. Obwohl die Route von einer etwas h\u00f6heren H\u00f6he ausgeht, ist der H\u00f6henunterschied aufgrund des leichten Abstiegs nach Fedio sehr \u00e4hnlich wie auf der Ostseite. Daraus ergibt sich eine durchschnittliche Steigung von 7,1% f\u00fcr die 24,2 km des Aufstiegs. <br>Von Demonte aus beginnt der Anstieg sofort und ist ziemlich unregelm\u00e4\u00dfig (maximal 10,5% vor Fedio). Es folgt ein kurzer Abstieg bis zu einer Br\u00fccke \u00fcber einen Fluss, dann geht es wieder bergauf, unterbrochen von zahlreichen Steilh\u00e4ngen (H\u00f6chstwert 14% vor Trinit\u00e0). Bis San Giacomo f\u00fchrt die Stra\u00dfe durch zahlreiche D\u00f6rfer, und die Landschaft ist erholsam und eher bewaldet. Nach San Giacomo verengt sich die Stra\u00dfe, w\u00e4hrend sie den oberen Teil des Arma-Tals hinauff\u00fchrt. Nach dem 12<sup>sten<\/sup> Kilometer beginnt der schwierigste Teil, ein 9,9 km langer Abschnitt mit 9,2% und vielen Passagen mit 11% und mehr. Er f\u00fchrt zum Colle di Valcavera (2416m <a href=\"\/de\/util\/geo\/visu.php\/?code=IT-CN-2429\" type=\"link\" id=\"\/util\/geo\/visu.php?code=IT-CN-2429\">IT-CN-2429<\/a>), einige Meter links von der Stra\u00dfe. <br>Auch hier ist die Kargheit und Sch\u00f6nheit der Landschaft atemberaubend, vor allem nach der Abzweigung zum Colle di Valcavera, wo man in das Tal der Morti einbiegt und durch eine \u00fcberraschende Mineralienwelt f\u00e4hrt! Zun\u00e4chst ist die Stra\u00dfe flach, dann wird sie abrupt steiler (fast 14%), um eine sehr enge, in den Fels gehauene Schlucht zu \u00fcberwinden, die in den Colle dei Morti m\u00fcndet, der rechts von der Cima Fauniera mit einem Kreuz \u00fcberragt wird.<br><br>Thierry PERRET<br><\/p>\n\n\n\n<figure class=\"wp-block-image size-full\"><img loading=\"lazy\" decoding=\"async\" width=\"651\" height=\"373\" src=\"https:\/\/centcols.org\/wp-content\/uploads\/2026\/01\/ColleMulo-1.jpg\" alt=\"\" class=\"wp-image-92931\" srcset=\"https:\/\/centcols.org\/wp-content\/uploads\/2026\/01\/ColleMulo-1.jpg 651w, https:\/\/centcols.org\/wp-content\/uploads\/2026\/01\/ColleMulo-1-18x10.jpg 18w\" sizes=\"auto, (max-width: 651px) 100vw, 651px\" \/><figcaption class=\"wp-element-caption\">Panorama vom Colle del Mulo (2517m) <a href=\"\/de\/util\/geo\/visu.php\/?code=IT-CN-2517\">IT-CN-2517<\/a>)<br>Links der Valcavera-Kollektiv, von dem der Weg zur Gardetta-H\u00fctte abzweigt.<br>Ganz rechts: der Colle della Bandia (2403m <a href=\"\/de\/util\/geo\/visu.php\/?code=IT-CN-2408\">IT-CN-2408<\/a>)<br><\/figcaption><\/figure>\n\n\n\n<p><\/p>\n\n\n\n<figure class=\"wp-block-image size-full is-resized\"><img loading=\"lazy\" decoding=\"async\" width=\"1404\" height=\"871\" src=\"https:\/\/centcols.org\/wp-content\/uploads\/2026\/01\/Morti_profil1-2.jpg\" alt=\"\" class=\"wp-image-92932\" style=\"width:800px\" srcset=\"https:\/\/centcols.org\/wp-content\/uploads\/2026\/01\/Morti_profil1-2.jpg 1404w, https:\/\/centcols.org\/wp-content\/uploads\/2026\/01\/Morti_profil1-2-1200x744.jpg 1200w, https:\/\/centcols.org\/wp-content\/uploads\/2026\/01\/Morti_profil1-2-768x476.jpg 768w, https:\/\/centcols.org\/wp-content\/uploads\/2026\/01\/Morti_profil1-2-18x12.jpg 18w\" sizes=\"auto, (max-width: 1404px) 100vw, 1404px\" \/><figcaption class=\"wp-element-caption\">Profil Osthang<\/figcaption><\/figure>\n\n\n\n<p><br><\/p>\n\n\n\n<figure class=\"wp-block-image size-large is-resized\"><img loading=\"lazy\" decoding=\"async\" width=\"1920\" height=\"1243\" src=\"https:\/\/centcols.org\/wp-content\/uploads\/2026\/01\/image-1-1920x1243.png\" alt=\"\" class=\"wp-image-92933\" style=\"width:800px\" srcset=\"https:\/\/centcols.org\/wp-content\/uploads\/2026\/01\/image-1-1920x1243.png 1920w, https:\/\/centcols.org\/wp-content\/uploads\/2026\/01\/image-1-1200x777.png 1200w, https:\/\/centcols.org\/wp-content\/uploads\/2026\/01\/image-1-768x497.png 768w, https:\/\/centcols.org\/wp-content\/uploads\/2026\/01\/image-1-1536x994.png 1536w, https:\/\/centcols.org\/wp-content\/uploads\/2026\/01\/image-1-2048x1326.png 2048w, https:\/\/centcols.org\/wp-content\/uploads\/2026\/01\/image-1-18x12.png 18w\" sizes=\"auto, (max-width: 1920px) 100vw, 1920px\" \/><figcaption class=\"wp-element-caption\">Profil S\u00fcdosthang<\/figcaption><\/figure>\n\n\n\n<p><br><\/p>\n\n\n\n<figure class=\"wp-block-image size-full\"><img loading=\"lazy\" decoding=\"async\" width=\"410\" height=\"280\" src=\"https:\/\/centcols.org\/wp-content\/uploads\/2026\/01\/image-2.png\" alt=\"\" class=\"wp-image-92934\" srcset=\"https:\/\/centcols.org\/wp-content\/uploads\/2026\/01\/image-2.png 410w, https:\/\/centcols.org\/wp-content\/uploads\/2026\/01\/image-2-18x12.png 18w\" sizes=\"auto, (max-width: 410px) 100vw, 410px\" \/><figcaption class=\"wp-element-caption\">Karte Istituto Geografico Centrale-Torino n\u00b07 VALLI MAIRA-GRANA-STURA 1\/50 000\u00b0.<\/figcaption><\/figure>\n\n\n\n<p><br><\/p>","protected":false},"excerpt":{"rendered":"<p>Colle dei MORTI ou colle FAUNIERA (Pi\u00e9mont) 2480m IT-CN-2480a VERSANT EST :Emprunt\u00e9 pour la premi\u00e8re fois par les coureurs du Giro 99, sous l&rsquo;appellation \u00ab\u00a0colle FAUNIERA\u00a0\u00bb, le colle dei MORTI, pratiquement inconnu, est cependant un tr\u00e8s grand col, tant par sa d\u00e9nivellation importante, son altitude et surtout ses forts pourcentages soutenus, \u00e9tal\u00e9s sur 15 km. [&hellip;]<\/p>\n","protected":false},"author":682,"featured_media":93001,"comment_status":"closed","ping_status":"closed","sticky":false,"template":"","format":"standard","meta":{"_acf_changed":false,"footnotes":""},"categories":[308],"tags":[],"class_list":["post-92916","post","type-post","status-publish","format-standard","has-post-thumbnail","hentry","category-cols-en-vrac"],"acf":[],"yoast_head":"<!-- This site is optimized with the Yoast SEO plugin v27.2 - https:\/\/yoast.com\/product\/yoast-seo-wordpress\/ -->\n<title>Colle dei Morti - Club des Cent Cols<\/title>\n<meta name=\"robots\" content=\"index, follow, max-snippet:-1, max-image-preview:large, max-video-preview:-1\" \/>\n<link rel=\"canonical\" href=\"https:\/\/centcols.org\/de\/colle-dei-morti\/\" \/>\n<meta property=\"og:locale\" content=\"de_DE\" \/>\n<meta property=\"og:type\" content=\"article\" \/>\n<meta property=\"og:title\" content=\"Colle dei Morti - Club des Cent Cols\" \/>\n<meta property=\"og:description\" content=\"Colle dei MORTI ou colle FAUNIERA (Pi\u00e9mont) 2480m IT-CN-2480a VERSANT EST :Emprunt\u00e9 pour la premi\u00e8re fois par les coureurs du Giro 99, sous l&rsquo;appellation \u00ab\u00a0colle FAUNIERA\u00a0\u00bb, le colle dei MORTI, pratiquement inconnu, est cependant un tr\u00e8s grand col, tant par sa d\u00e9nivellation importante, son altitude et surtout ses forts pourcentages soutenus, \u00e9tal\u00e9s sur 15 km. [&hellip;]\" \/>\n<meta property=\"og:url\" content=\"https:\/\/centcols.org\/de\/colle-dei-morti\/\" \/>\n<meta property=\"og:site_name\" content=\"Club des Cent Cols\" \/>\n<meta property=\"article:publisher\" content=\"https:\/\/www.facebook.com\/groups\/5261880558\/?locale=fr_FR\" \/>\n<meta property=\"article:published_time\" content=\"2026-01-30T17:18:10+00:00\" \/>\n<meta property=\"article:modified_time\" content=\"2026-01-31T16:18:02+00:00\" \/>\n<meta property=\"og:image\" content=\"https:\/\/centcols.org\/wp-content\/uploads\/2026\/01\/Morti_miseen-avant.webp\" \/>\n\t<meta property=\"og:image:width\" content=\"474\" \/>\n\t<meta property=\"og:image:height\" content=\"266\" \/>\n\t<meta property=\"og:image:type\" content=\"image\/webp\" \/>\n<meta name=\"author\" content=\"Paul Levart\" \/>\n<meta name=\"twitter:card\" content=\"summary_large_image\" \/>\n<meta name=\"twitter:label1\" content=\"Verfasst von\" \/>\n\t<meta name=\"twitter:data1\" content=\"Paul Levart\" \/>\n\t<meta name=\"twitter:label2\" content=\"Gesch\u00e4tzte Lesezeit\" \/>\n\t<meta name=\"twitter:data2\" content=\"5\u00a0Minuten\" \/>\n<script type=\"application\/ld+json\" class=\"yoast-schema-graph\">{\"@context\":\"https:\/\/schema.org\",\"@graph\":[{\"@type\":\"Article\",\"@id\":\"https:\/\/centcols.org\/de\/colle-dei-morti\/#article\",\"isPartOf\":{\"@id\":\"https:\/\/centcols.org\/de\/colle-dei-morti\/\"},\"author\":{\"name\":\"Paul Levart\",\"@id\":\"https:\/\/centcols.org\/#\/schema\/person\/f69e64d42a30af00fb46d8cf7a1d9945\"},\"headline\":\"Colle dei Morti\",\"datePublished\":\"2026-01-30T17:18:10+00:00\",\"dateModified\":\"2026-01-31T16:18:02+00:00\",\"mainEntityOfPage\":{\"@id\":\"https:\/\/centcols.org\/de\/colle-dei-morti\/\"},\"wordCount\":652,\"publisher\":{\"@id\":\"https:\/\/centcols.org\/#organization\"},\"image\":{\"@id\":\"https:\/\/centcols.org\/de\/colle-dei-morti\/#primaryimage\"},\"thumbnailUrl\":\"https:\/\/centcols.org\/wp-content\/uploads\/2026\/01\/Morti_miseen-avant.webp\",\"articleSection\":[\"Cols en vrac\"],\"inLanguage\":\"de\"},{\"@type\":\"WebPage\",\"@id\":\"https:\/\/centcols.org\/de\/colle-dei-morti\/\",\"url\":\"https:\/\/centcols.org\/de\/colle-dei-morti\/\",\"name\":\"Colle dei Morti - Club des Cent Cols\",\"isPartOf\":{\"@id\":\"https:\/\/centcols.org\/#website\"},\"primaryImageOfPage\":{\"@id\":\"https:\/\/centcols.org\/de\/colle-dei-morti\/#primaryimage\"},\"image\":{\"@id\":\"https:\/\/centcols.org\/de\/colle-dei-morti\/#primaryimage\"},\"thumbnailUrl\":\"https:\/\/centcols.org\/wp-content\/uploads\/2026\/01\/Morti_miseen-avant.webp\",\"datePublished\":\"2026-01-30T17:18:10+00:00\",\"dateModified\":\"2026-01-31T16:18:02+00:00\",\"breadcrumb\":{\"@id\":\"https:\/\/centcols.org\/de\/colle-dei-morti\/#breadcrumb\"},\"inLanguage\":\"de\",\"potentialAction\":[{\"@type\":\"ReadAction\",\"target\":[\"https:\/\/centcols.org\/de\/colle-dei-morti\/\"]}]},{\"@type\":\"ImageObject\",\"inLanguage\":\"de\",\"@id\":\"https:\/\/centcols.org\/de\/colle-dei-morti\/#primaryimage\",\"url\":\"https:\/\/centcols.org\/wp-content\/uploads\/2026\/01\/Morti_miseen-avant.webp\",\"contentUrl\":\"https:\/\/centcols.org\/wp-content\/uploads\/2026\/01\/Morti_miseen-avant.webp\",\"width\":474,\"height\":266},{\"@type\":\"BreadcrumbList\",\"@id\":\"https:\/\/centcols.org\/de\/colle-dei-morti\/#breadcrumb\",\"itemListElement\":[{\"@type\":\"ListItem\",\"position\":1,\"name\":\"Accueil\",\"item\":\"https:\/\/centcols.org\/\"},{\"@type\":\"ListItem\",\"position\":2,\"name\":\"Cols en vrac\",\"item\":\"https:\/\/centcols.org\/rubrique\/cols-en-vrac\/\"},{\"@type\":\"ListItem\",\"position\":3,\"name\":\"Colle dei Morti\"}]},{\"@type\":\"WebSite\",\"@id\":\"https:\/\/centcols.org\/#website\",\"url\":\"https:\/\/centcols.org\/\",\"name\":\"Club des Cent Cols\",\"description\":\"\",\"publisher\":{\"@id\":\"https:\/\/centcols.org\/#organization\"},\"potentialAction\":[{\"@type\":\"SearchAction\",\"target\":{\"@type\":\"EntryPoint\",\"urlTemplate\":\"https:\/\/centcols.org\/?s={search_term_string}\"},\"query-input\":{\"@type\":\"PropertyValueSpecification\",\"valueRequired\":true,\"valueName\":\"search_term_string\"}}],\"inLanguage\":\"de\"},{\"@type\":\"Organization\",\"@id\":\"https:\/\/centcols.org\/#organization\",\"name\":\"Club des Cent Cols\",\"url\":\"https:\/\/centcols.org\/\",\"logo\":{\"@type\":\"ImageObject\",\"inLanguage\":\"de\",\"@id\":\"https:\/\/centcols.org\/#\/schema\/logo\/image\/\",\"url\":\"https:\/\/centcols.org\/wp-content\/uploads\/2025\/01\/carte-icone.png\",\"contentUrl\":\"https:\/\/centcols.org\/wp-content\/uploads\/2025\/01\/carte-icone.png\",\"width\":250,\"height\":250,\"caption\":\"Club des Cent Cols\"},\"image\":{\"@id\":\"https:\/\/centcols.org\/#\/schema\/logo\/image\/\"},\"sameAs\":[\"https:\/\/www.facebook.com\/groups\/5261880558\/?locale=fr_FR\"]},{\"@type\":\"Person\",\"@id\":\"https:\/\/centcols.org\/#\/schema\/person\/f69e64d42a30af00fb46d8cf7a1d9945\",\"name\":\"Paul Levart\",\"image\":{\"@type\":\"ImageObject\",\"inLanguage\":\"de\",\"@id\":\"https:\/\/centcols.org\/wp-content\/litespeed\/avatar\/b81f27ef11f03e8b6b3b3019b1b2b4d7.jpg?ver=1777205446\",\"url\":\"https:\/\/centcols.org\/wp-content\/litespeed\/avatar\/b81f27ef11f03e8b6b3b3019b1b2b4d7.jpg?ver=1777205446\",\"contentUrl\":\"https:\/\/centcols.org\/wp-content\/litespeed\/avatar\/b81f27ef11f03e8b6b3b3019b1b2b4d7.jpg?ver=1777205446\",\"caption\":\"Paul Levart\"},\"url\":\"https:\/\/centcols.org\/de\/author\/4953\/\"}]}<\/script>\n<!-- \/ Yoast SEO plugin. -->","yoast_head_json":{"title":"Colle dei Morti - Club des Cent Cols","robots":{"index":"index","follow":"follow","max-snippet":"max-snippet:-1","max-image-preview":"max-image-preview:large","max-video-preview":"max-video-preview:-1"},"canonical":"https:\/\/centcols.org\/de\/colle-dei-morti\/","og_locale":"de_DE","og_type":"article","og_title":"Colle dei Morti - Club des Cent Cols","og_description":"Colle dei MORTI ou colle FAUNIERA (Pi\u00e9mont) 2480m IT-CN-2480a VERSANT EST :Emprunt\u00e9 pour la premi\u00e8re fois par les coureurs du Giro 99, sous l&rsquo;appellation \u00ab\u00a0colle FAUNIERA\u00a0\u00bb, le colle dei MORTI, pratiquement inconnu, est cependant un tr\u00e8s grand col, tant par sa d\u00e9nivellation importante, son altitude et surtout ses forts pourcentages soutenus, \u00e9tal\u00e9s sur 15 km. [&hellip;]","og_url":"https:\/\/centcols.org\/de\/colle-dei-morti\/","og_site_name":"Club des Cent Cols","article_publisher":"https:\/\/www.facebook.com\/groups\/5261880558\/?locale=fr_FR","article_published_time":"2026-01-30T17:18:10+00:00","article_modified_time":"2026-01-31T16:18:02+00:00","og_image":[{"width":474,"height":266,"url":"https:\/\/centcols.org\/wp-content\/uploads\/2026\/01\/Morti_miseen-avant.webp","type":"image\/webp"}],"author":"Paul Levart","twitter_card":"summary_large_image","twitter_misc":{"Verfasst von":"Paul Levart","Gesch\u00e4tzte Lesezeit":"5\u00a0Minuten"},"schema":{"@context":"https:\/\/schema.org","@graph":[{"@type":"Article","@id":"https:\/\/centcols.org\/de\/colle-dei-morti\/#article","isPartOf":{"@id":"https:\/\/centcols.org\/de\/colle-dei-morti\/"},"author":{"name":"Paul Levart","@id":"https:\/\/centcols.org\/#\/schema\/person\/f69e64d42a30af00fb46d8cf7a1d9945"},"headline":"Colle dei Morti","datePublished":"2026-01-30T17:18:10+00:00","dateModified":"2026-01-31T16:18:02+00:00","mainEntityOfPage":{"@id":"https:\/\/centcols.org\/de\/colle-dei-morti\/"},"wordCount":652,"publisher":{"@id":"https:\/\/centcols.org\/#organization"},"image":{"@id":"https:\/\/centcols.org\/de\/colle-dei-morti\/#primaryimage"},"thumbnailUrl":"https:\/\/centcols.org\/wp-content\/uploads\/2026\/01\/Morti_miseen-avant.webp","articleSection":["Cols en vrac"],"inLanguage":"de"},{"@type":"WebPage","@id":"https:\/\/centcols.org\/de\/colle-dei-morti\/","url":"https:\/\/centcols.org\/de\/colle-dei-morti\/","name":"Colle dei Morti - Club des Cent Cols","isPartOf":{"@id":"https:\/\/centcols.org\/#website"},"primaryImageOfPage":{"@id":"https:\/\/centcols.org\/de\/colle-dei-morti\/#primaryimage"},"image":{"@id":"https:\/\/centcols.org\/de\/colle-dei-morti\/#primaryimage"},"thumbnailUrl":"https:\/\/centcols.org\/wp-content\/uploads\/2026\/01\/Morti_miseen-avant.webp","datePublished":"2026-01-30T17:18:10+00:00","dateModified":"2026-01-31T16:18:02+00:00","breadcrumb":{"@id":"https:\/\/centcols.org\/de\/colle-dei-morti\/#breadcrumb"},"inLanguage":"de","potentialAction":[{"@type":"ReadAction","target":["https:\/\/centcols.org\/de\/colle-dei-morti\/"]}]},{"@type":"ImageObject","inLanguage":"de","@id":"https:\/\/centcols.org\/de\/colle-dei-morti\/#primaryimage","url":"https:\/\/centcols.org\/wp-content\/uploads\/2026\/01\/Morti_miseen-avant.webp","contentUrl":"https:\/\/centcols.org\/wp-content\/uploads\/2026\/01\/Morti_miseen-avant.webp","width":474,"height":266},{"@type":"BreadcrumbList","@id":"https:\/\/centcols.org\/de\/colle-dei-morti\/#breadcrumb","itemListElement":[{"@type":"ListItem","position":1,"name":"Accueil","item":"https:\/\/centcols.org\/"},{"@type":"ListItem","position":2,"name":"Cols en vrac","item":"https:\/\/centcols.org\/rubrique\/cols-en-vrac\/"},{"@type":"ListItem","position":3,"name":"Colle dei Morti"}]},{"@type":"WebSite","@id":"https:\/\/centcols.org\/#website","url":"https:\/\/centcols.org\/","name":"Club des Cent Cols","description":"","publisher":{"@id":"https:\/\/centcols.org\/#organization"},"potentialAction":[{"@type":"SearchAction","target":{"@type":"EntryPoint","urlTemplate":"https:\/\/centcols.org\/?s={search_term_string}"},"query-input":{"@type":"PropertyValueSpecification","valueRequired":true,"valueName":"search_term_string"}}],"inLanguage":"de"},{"@type":"Organization","@id":"https:\/\/centcols.org\/#organization","name":"Club des Cent Cols","url":"https:\/\/centcols.org\/","logo":{"@type":"ImageObject","inLanguage":"de","@id":"https:\/\/centcols.org\/#\/schema\/logo\/image\/","url":"https:\/\/centcols.org\/wp-content\/uploads\/2025\/01\/carte-icone.png","contentUrl":"https:\/\/centcols.org\/wp-content\/uploads\/2025\/01\/carte-icone.png","width":250,"height":250,"caption":"Club des Cent Cols"},"image":{"@id":"https:\/\/centcols.org\/#\/schema\/logo\/image\/"},"sameAs":["https:\/\/www.facebook.com\/groups\/5261880558\/?locale=fr_FR"]},{"@type":"Person","@id":"https:\/\/centcols.org\/#\/schema\/person\/f69e64d42a30af00fb46d8cf7a1d9945","name":"Paul Levart","image":{"@type":"ImageObject","inLanguage":"de","@id":"https:\/\/centcols.org\/wp-content\/litespeed\/avatar\/b81f27ef11f03e8b6b3b3019b1b2b4d7.jpg?ver=1777205446","url":"https:\/\/centcols.org\/wp-content\/litespeed\/avatar\/b81f27ef11f03e8b6b3b3019b1b2b4d7.jpg?ver=1777205446","contentUrl":"https:\/\/centcols.org\/wp-content\/litespeed\/avatar\/b81f27ef11f03e8b6b3b3019b1b2b4d7.jpg?ver=1777205446","caption":"Paul Levart"},"url":"https:\/\/centcols.org\/de\/author\/4953\/"}]}},"_links":{"self":[{"href":"https:\/\/centcols.org\/de\/wp-json\/wp\/v2\/posts\/92916","targetHints":{"allow":["GET"]}}],"collection":[{"href":"https:\/\/centcols.org\/de\/wp-json\/wp\/v2\/posts"}],"about":[{"href":"https:\/\/centcols.org\/de\/wp-json\/wp\/v2\/types\/post"}],"author":[{"embeddable":true,"href":"https:\/\/centcols.org\/de\/wp-json\/wp\/v2\/users\/682"}],"replies":[{"embeddable":true,"href":"https:\/\/centcols.org\/de\/wp-json\/wp\/v2\/comments?post=92916"}],"version-history":[{"count":0,"href":"https:\/\/centcols.org\/de\/wp-json\/wp\/v2\/posts\/92916\/revisions"}],"wp:featuredmedia":[{"embeddable":true,"href":"https:\/\/centcols.org\/de\/wp-json\/wp\/v2\/media\/93001"}],"wp:attachment":[{"href":"https:\/\/centcols.org\/de\/wp-json\/wp\/v2\/media?parent=92916"}],"wp:term":[{"taxonomy":"category","embeddable":true,"href":"https:\/\/centcols.org\/de\/wp-json\/wp\/v2\/categories?post=92916"},{"taxonomy":"post_tag","embeddable":true,"href":"https:\/\/centcols.org\/de\/wp-json\/wp\/v2\/tags?post=92916"}],"curies":[{"name":"wp","href":"https:\/\/api.w.org\/{rel}","templated":true}]}}