{"id":92968,"date":"2026-01-30T17:01:04","date_gmt":"2026-01-30T15:01:04","guid":{"rendered":"https:\/\/centcols.org\/?p=92968"},"modified":"2026-02-03T18:30:12","modified_gmt":"2026-02-03T16:30:12","slug":"col-de-la-bonette","status":"publish","type":"post","link":"https:\/\/centcols.org\/de\/col-de-la-bonette\/","title":{"rendered":"Col de la Bonette"},"content":{"rendered":"<p><strong>Frage: Ich tr\u00e4ume davon, den Col de la Bonette zu besteigen. Welche P\u00e4sse sind in der Gegend dieses legend\u00e4ren Passes zug\u00e4nglich?<\/strong><\/p>\n\n\n\n<p>Antwort :<br>Es gibt sechs P\u00e4sse, die alle \u00fcber 2000 m hoch sind und an einem Tag \u00fcberquert werden k\u00f6nnen. Die obige Frage taucht immer wieder auf, weil entweder durch ungenaue Karten (aufgrund ihres Ma\u00dfstabs) oder durch verlockende Schilder, die nichts mit der Realit\u00e4t zu tun haben, eine gewisse Verwirrung gestiftet wird. Das Schild, das am Ortsausgang von Jausiers am Fu\u00dfe des Anstiegs zum Col de la Bonette aufgestellt wurde, ist ein Musterbeispiel dieser Art.<\/p>\n\n\n<div class=\"wp-block-image is-style-rounded\">\n<figure class=\"aligncenter size-thumbnail\"><a href=\"https:\/\/centcols.org\/wp-content\/uploads\/2026\/01\/Bonette1_Jausiers.jpg\" target=\"_blank\" rel=\" noreferrer noopener\"><img loading=\"lazy\" decoding=\"async\" width=\"150\" height=\"150\" src=\"https:\/\/centcols.org\/wp-content\/uploads\/2026\/01\/Bonette1_Jausiers-150x150.jpg\" alt=\"\" class=\"wp-image-92971\"\/><\/a><\/figure>\n<\/div>\n\n\n<p>Dort werden drei Fehler gefunden:<br>- Der Col de la Bonette ist nicht mit dem Col de Restefond zu verwechseln, da es sich um zwei verschiedene P\u00e4sse handelt.<br>- Der Col de la Bonette erreicht seinen h\u00f6chsten Punkt nicht auf 2802m, sondern auf 2715m.<br>- Es handelt sich nicht um die h\u00f6chste Stra\u00dfe Europas, da sich diese in der Sierra Nevada in Spanien befindet (Anm. d. \u00dc.: 2026 ist die Stra\u00dfe f\u00fcr Autos gesperrt).<\/p>\n\n\n\n<p>Was steht auf der IGN TOP25-Karte Nr. 3639OT?<\/p>\n\n\n<div class=\"wp-block-image is-style-rounded\">\n<figure class=\"aligncenter size-thumbnail\"><a href=\"https:\/\/centcols.org\/wp-content\/uploads\/2026\/01\/Bonette2_IGN-Top25.jpg\" target=\"_blank\" rel=\" noreferrer noopener\"><img loading=\"lazy\" decoding=\"async\" width=\"150\" height=\"150\" src=\"https:\/\/centcols.org\/wp-content\/uploads\/2026\/01\/Bonette2_IGN-Top25-150x150.jpg\" alt=\"\" class=\"wp-image-92973\"\/><\/a><\/figure>\n<\/div>\n\n\n<p>Wenn man vom Ubaye-Tal (Jausiers) aus startet, f\u00fchrt die Departementstra\u00dfe 64 in der N\u00e4he des \u00abFaux col de Restefond\u00bb (FR-04-2639) vorbei. In der N\u00e4he, weil sich der Pass etwas unterhalb der asphaltierten Stra\u00dfe befindet, auf einer Piste R1, die zum Col de la Mouti\u00e8re f\u00fchrt.<\/p>\n\n\n<div class=\"wp-block-image is-style-rounded\">\n<figure class=\"aligncenter size-thumbnail\"><a href=\"https:\/\/centcols.org\/wp-content\/uploads\/2026\/01\/Bonette3_FxCol_Restefond.jpg\" target=\"_blank\" rel=\" noreferrer noopener\"><img loading=\"lazy\" decoding=\"async\" width=\"150\" height=\"150\" src=\"https:\/\/centcols.org\/wp-content\/uploads\/2026\/01\/Bonette3_FxCol_Restefond-150x150.jpg\" alt=\"\" class=\"wp-image-92975\"\/><\/a><\/figure>\n<\/div>\n\n\n<p>300 m hinter der Abzweigung der Piste, die zum Col de la Mouti\u00e8re f\u00fchrt, \u00f6ffnet sich links eine Piste R1-2, \u00fcber die man den Col de Restefond (FR-04-2692b) auf 2680 m H\u00f6he erreicht. Dieser Pass liegt etwas oberhalb der D64. Der Name des Passes wird durch ein Gipfelschild angezeigt. In der Umgebung sind noch \u00dcberreste der K\u00e4mpfe des Zweiten Weltkriegs zu sehen.<br>Der Weg f\u00fchrt weiter auf der Nordseite der Cime des Trois Serri\u00e8res und erreicht den Col de Raspaillon. Hierbei handelt es sich um die alte Milit\u00e4rstra\u00dfe, die vor der \u00d6ffnung der Bonette-Schleife\u00ab existierte.<br>ACHTUNG: Der Col de Restefond ist nur zug\u00e4nglich, wenn Sie den Nationalpark Mercantour betreten (auf 250 m!). Ein Zugang, der f\u00fcr Fahrr\u00e4der strengstens verboten ist...<\/p>\n\n\n<div class=\"wp-block-image is-style-rounded\">\n<figure class=\"aligncenter size-thumbnail\"><a href=\"https:\/\/centcols.org\/wp-content\/uploads\/2026\/01\/Bonette4_Restefond.jpg\" target=\"_blank\" rel=\" noreferrer noopener\"><img loading=\"lazy\" decoding=\"async\" width=\"150\" height=\"150\" src=\"https:\/\/centcols.org\/wp-content\/uploads\/2026\/01\/Bonette4_Restefond-150x150.jpg\" alt=\"\" class=\"wp-image-92976\"\/><\/a><\/figure>\n<\/div>\n\n\n<p>Kehren Sie auf die D64 zur\u00fcck. Der Col de la Bonette (FR-04-2715) \u00f6ffnet sich wie eine L\u00fccke auf der linken Seite. Er erm\u00f6glicht es, direkt in das Tal der Tin\u00e9e zu wechseln.<\/p>\n\n\n<div class=\"wp-block-image is-style-rounded\">\n<figure class=\"aligncenter size-thumbnail\"><a href=\"https:\/\/centcols.org\/wp-content\/uploads\/2026\/01\/Bonette5_CentCols-1.jpg\" target=\"_blank\" rel=\" noreferrer noopener\"><img loading=\"lazy\" decoding=\"async\" width=\"150\" height=\"150\" src=\"https:\/\/centcols.org\/wp-content\/uploads\/2026\/01\/Bonette5_CentCols-1-150x150.jpg\" alt=\"\" class=\"wp-image-92987\"\/><\/a><\/figure>\n<\/div>\n\n<div class=\"wp-block-image is-style-rounded\">\n<figure class=\"aligncenter size-thumbnail\"><a href=\"https:\/\/centcols.org\/wp-content\/uploads\/2026\/01\/Bonette6_LaCime-1.jpg\" target=\"_blank\" rel=\" noreferrer noopener\"><img loading=\"lazy\" decoding=\"async\" width=\"150\" height=\"150\" src=\"https:\/\/centcols.org\/wp-content\/uploads\/2026\/01\/Bonette6_LaCime-1-150x150.jpg\" alt=\"\" class=\"wp-image-92988\"\/><\/a><\/figure>\n<\/div>\n\n\n<p>Wenn man den Bonette-Pass nicht \u00fcberquert, steigt die Stra\u00dfe weiter stark an, um den Bonette-Gipfel zu umrunden und dabei den h\u00f6chsten Punkt zu passieren: 2802m, der oft mit dem Pass selbst verwechselt wird. Ein Denkmal markiert den Scheitelpunkt der Stra\u00dfe und ein kurzer Fu\u00dfmarsch f\u00fchrt zum Orientierungstisch auf 2860 m, von dem aus man einen atemberaubenden Ausblick hat.<br>Die D64 nimmt dann den S\u00fcdhang in Angriff.<\/p>\n\n\n<div class=\"wp-block-image is-style-rounded\">\n<figure class=\"aligncenter size-thumbnail\"><a href=\"https:\/\/centcols.org\/wp-content\/uploads\/2026\/01\/Bonette7_VersantSud.jpg\" target=\"_blank\" rel=\" noreferrer noopener\"><img loading=\"lazy\" decoding=\"async\" width=\"150\" height=\"150\" src=\"https:\/\/centcols.org\/wp-content\/uploads\/2026\/01\/Bonette7_VersantSud-150x150.jpg\" alt=\"\" class=\"wp-image-92979\"\/><\/a><\/figure>\n<\/div>\n\n\n<p>Diesmal \u00f6ffnet sich der Col de la Bonette nach links, und auf der Abfahrt \u00fcberquert man den Col de Raspaillon oder den Col des Granges Communes (FR-04-2513). Schlie\u00dflich f\u00fchrt vier Kilometer weiter, kurz nach den Ruinen des Camp des Fourches, ein Pfad R1 nach links, der Sie ohne Schwierigkeiten zum Col des Fourches (FR-06-2261b) f\u00fchrt, der 200 m vom Asphalt entfernt ist.<br>ACHTUNG: Der Col des Fourches befindet sich im Nationalpark Mercantour!<\/p>\n\n\n<div class=\"wp-block-image is-style-rounded\">\n<figure class=\"aligncenter size-thumbnail\"><a href=\"https:\/\/centcols.org\/wp-content\/uploads\/2026\/01\/Bonette8_VersantSud-1.jpg\" target=\"_blank\" rel=\" noreferrer noopener\"><img loading=\"lazy\" decoding=\"async\" width=\"150\" height=\"150\" src=\"https:\/\/centcols.org\/wp-content\/uploads\/2026\/01\/Bonette8_VersantSud-1-150x150.jpg\" alt=\"\" class=\"wp-image-92982\"\/><\/a><\/figure>\n<\/div>\n\n\n<p>Um eine Rundwanderung zu machen und wieder ins Ubaye-Tal zu gelangen, kann man \u00fcber den Col de la Mouti\u00e8re zur\u00fcckkehren, dessen Stra\u00dfe ab Saint-Dalmas-le-Selvage nun asphaltiert ist. Die Nordseite ist nicht asphaltiert und man hat die Wahl, \u00fcber R1-Pisten entweder auf die D64 am Faux col de Restefond zu gelangen oder nach Bayasse (beim Aufstieg zum Col de la Cayolle) abzusteigen und \u00fcber die D902 nach Barcelonnette zur\u00fcckzukehren.<\/p>\n\n\n\n<p>Gute Fahrt.<\/p>\n\n\n\n<p>Ren\u00e9 Poty<\/p>\n\n\n\n<p><\/p>","protected":false},"excerpt":{"rendered":"<p>Question : je r\u00eave de gravir le col de la Bonette, quels sont les cols accessibles dans le secteur de ce col mythique ? R\u00e9ponse :On compte six cols, tous \u00e0 plus de 2000m, qui peuvent \u00eatre franchis dans une journ\u00e9e. Si la question ci-dessus revient souvent, c&rsquo;est qu&rsquo;une certaine confusion est entretenue soit par [&hellip;]<\/p>\n","protected":false},"author":1726,"featured_media":92971,"comment_status":"closed","ping_status":"closed","sticky":false,"template":"","format":"standard","meta":{"_acf_changed":false,"footnotes":""},"categories":[308],"tags":[],"class_list":["post-92968","post","type-post","status-publish","format-standard","has-post-thumbnail","hentry","category-cols-en-vrac"],"acf":[],"yoast_head":"<!-- This site is optimized with the Yoast SEO plugin v27.2 - https:\/\/yoast.com\/product\/yoast-seo-wordpress\/ -->\n<title>Col de la Bonette - Club des Cent Cols<\/title>\n<meta name=\"robots\" content=\"index, follow, max-snippet:-1, max-image-preview:large, max-video-preview:-1\" \/>\n<link rel=\"canonical\" href=\"https:\/\/centcols.org\/de\/col-de-la-bonette\/\" \/>\n<meta property=\"og:locale\" content=\"de_DE\" \/>\n<meta property=\"og:type\" content=\"article\" \/>\n<meta property=\"og:title\" content=\"Col de la Bonette - Club des Cent Cols\" \/>\n<meta property=\"og:description\" content=\"Question : je r\u00eave de gravir le col de la Bonette, quels sont les cols accessibles dans le secteur de ce col mythique ? R\u00e9ponse :On compte six cols, tous \u00e0 plus de 2000m, qui peuvent \u00eatre franchis dans une journ\u00e9e. Si la question ci-dessus revient souvent, c&rsquo;est qu&rsquo;une certaine confusion est entretenue soit par [&hellip;]\" \/>\n<meta property=\"og:url\" content=\"https:\/\/centcols.org\/de\/col-de-la-bonette\/\" \/>\n<meta property=\"og:site_name\" content=\"Club des Cent Cols\" \/>\n<meta property=\"article:publisher\" content=\"https:\/\/www.facebook.com\/groups\/5261880558\/?locale=fr_FR\" \/>\n<meta property=\"article:published_time\" content=\"2026-01-30T15:01:04+00:00\" \/>\n<meta property=\"article:modified_time\" content=\"2026-02-03T16:30:12+00:00\" \/>\n<meta property=\"og:image\" content=\"https:\/\/centcols.org\/wp-content\/uploads\/2026\/01\/Bonette1_Jausiers.jpg\" \/>\n\t<meta property=\"og:image:width\" content=\"380\" \/>\n\t<meta property=\"og:image:height\" content=\"580\" \/>\n\t<meta property=\"og:image:type\" content=\"image\/jpeg\" \/>\n<meta name=\"author\" content=\"Ren\u00e9 Mercier\" \/>\n<meta name=\"twitter:card\" content=\"summary_large_image\" \/>\n<meta name=\"twitter:label1\" content=\"Verfasst von\" \/>\n\t<meta name=\"twitter:data1\" content=\"Ren\u00e9 Mercier\" \/>\n\t<meta name=\"twitter:label2\" content=\"Gesch\u00e4tzte Lesezeit\" \/>\n\t<meta name=\"twitter:data2\" content=\"5\u00a0Minuten\" \/>\n<script type=\"application\/ld+json\" class=\"yoast-schema-graph\">{\"@context\":\"https:\/\/schema.org\",\"@graph\":[{\"@type\":\"Article\",\"@id\":\"https:\/\/centcols.org\/es\/col-de-la-bonette\/#article\",\"isPartOf\":{\"@id\":\"https:\/\/centcols.org\/es\/col-de-la-bonette\/\"},\"author\":{\"name\":\"Ren\u00e9 Mercier\",\"@id\":\"https:\/\/centcols.org\/#\/schema\/person\/0cc8f723679c98f3fb7798df5a50c018\"},\"headline\":\"Col de la Bonette\",\"datePublished\":\"2026-01-30T15:01:04+00:00\",\"dateModified\":\"2026-02-03T16:30:12+00:00\",\"mainEntityOfPage\":{\"@id\":\"https:\/\/centcols.org\/es\/col-de-la-bonette\/\"},\"wordCount\":644,\"publisher\":{\"@id\":\"https:\/\/centcols.org\/#organization\"},\"image\":{\"@id\":\"https:\/\/centcols.org\/es\/col-de-la-bonette\/#primaryimage\"},\"thumbnailUrl\":\"https:\/\/centcols.org\/wp-content\/uploads\/2026\/01\/Bonette1_Jausiers.jpg\",\"articleSection\":[\"Cols en vrac\"],\"inLanguage\":\"de\"},{\"@type\":\"WebPage\",\"@id\":\"https:\/\/centcols.org\/es\/col-de-la-bonette\/\",\"url\":\"https:\/\/centcols.org\/es\/col-de-la-bonette\/\",\"name\":\"Col de la Bonette - Club des Cent Cols\",\"isPartOf\":{\"@id\":\"https:\/\/centcols.org\/#website\"},\"primaryImageOfPage\":{\"@id\":\"https:\/\/centcols.org\/es\/col-de-la-bonette\/#primaryimage\"},\"image\":{\"@id\":\"https:\/\/centcols.org\/es\/col-de-la-bonette\/#primaryimage\"},\"thumbnailUrl\":\"https:\/\/centcols.org\/wp-content\/uploads\/2026\/01\/Bonette1_Jausiers.jpg\",\"datePublished\":\"2026-01-30T15:01:04+00:00\",\"dateModified\":\"2026-02-03T16:30:12+00:00\",\"breadcrumb\":{\"@id\":\"https:\/\/centcols.org\/es\/col-de-la-bonette\/#breadcrumb\"},\"inLanguage\":\"de\",\"potentialAction\":[{\"@type\":\"ReadAction\",\"target\":[\"https:\/\/centcols.org\/es\/col-de-la-bonette\/\"]}]},{\"@type\":\"ImageObject\",\"inLanguage\":\"de\",\"@id\":\"https:\/\/centcols.org\/es\/col-de-la-bonette\/#primaryimage\",\"url\":\"https:\/\/centcols.org\/wp-content\/uploads\/2026\/01\/Bonette1_Jausiers.jpg\",\"contentUrl\":\"https:\/\/centcols.org\/wp-content\/uploads\/2026\/01\/Bonette1_Jausiers.jpg\",\"width\":380,\"height\":580,\"caption\":\"Bonette Restefond Cent cols\"},{\"@type\":\"BreadcrumbList\",\"@id\":\"https:\/\/centcols.org\/es\/col-de-la-bonette\/#breadcrumb\",\"itemListElement\":[{\"@type\":\"ListItem\",\"position\":1,\"name\":\"Accueil\",\"item\":\"https:\/\/centcols.org\/\"},{\"@type\":\"ListItem\",\"position\":2,\"name\":\"Cols en vrac\",\"item\":\"https:\/\/centcols.org\/rubrique\/cols-en-vrac\/\"},{\"@type\":\"ListItem\",\"position\":3,\"name\":\"Col de la Bonette\"}]},{\"@type\":\"WebSite\",\"@id\":\"https:\/\/centcols.org\/#website\",\"url\":\"https:\/\/centcols.org\/\",\"name\":\"Club des Cent Cols\",\"description\":\"\",\"publisher\":{\"@id\":\"https:\/\/centcols.org\/#organization\"},\"potentialAction\":[{\"@type\":\"SearchAction\",\"target\":{\"@type\":\"EntryPoint\",\"urlTemplate\":\"https:\/\/centcols.org\/?s={search_term_string}\"},\"query-input\":{\"@type\":\"PropertyValueSpecification\",\"valueRequired\":true,\"valueName\":\"search_term_string\"}}],\"inLanguage\":\"de\"},{\"@type\":\"Organization\",\"@id\":\"https:\/\/centcols.org\/#organization\",\"name\":\"Club des Cent Cols\",\"url\":\"https:\/\/centcols.org\/\",\"logo\":{\"@type\":\"ImageObject\",\"inLanguage\":\"de\",\"@id\":\"https:\/\/centcols.org\/#\/schema\/logo\/image\/\",\"url\":\"https:\/\/centcols.org\/wp-content\/uploads\/2025\/01\/carte-icone.png\",\"contentUrl\":\"https:\/\/centcols.org\/wp-content\/uploads\/2025\/01\/carte-icone.png\",\"width\":250,\"height\":250,\"caption\":\"Club des Cent Cols\"},\"image\":{\"@id\":\"https:\/\/centcols.org\/#\/schema\/logo\/image\/\"},\"sameAs\":[\"https:\/\/www.facebook.com\/groups\/5261880558\/?locale=fr_FR\"]},{\"@type\":\"Person\",\"@id\":\"https:\/\/centcols.org\/#\/schema\/person\/0cc8f723679c98f3fb7798df5a50c018\",\"name\":\"Ren\u00e9 Mercier\",\"image\":{\"@type\":\"ImageObject\",\"inLanguage\":\"de\",\"@id\":\"https:\/\/centcols.org\/wp-content\/litespeed\/avatar\/c2275eeaf79d4f7456274de381abeeab.jpg?ver=1777347562\",\"url\":\"https:\/\/centcols.org\/wp-content\/litespeed\/avatar\/c2275eeaf79d4f7456274de381abeeab.jpg?ver=1777347562\",\"contentUrl\":\"https:\/\/centcols.org\/wp-content\/litespeed\/avatar\/c2275eeaf79d4f7456274de381abeeab.jpg?ver=1777347562\",\"caption\":\"Ren\u00e9 Mercier\"},\"url\":\"https:\/\/centcols.org\/de\/author\/7552\/\"}]}<\/script>\n<!-- \/ Yoast SEO plugin. -->","yoast_head_json":{"title":"Col de la Bonette - Club des Cent Cols","robots":{"index":"index","follow":"follow","max-snippet":"max-snippet:-1","max-image-preview":"max-image-preview:large","max-video-preview":"max-video-preview:-1"},"canonical":"https:\/\/centcols.org\/de\/col-de-la-bonette\/","og_locale":"de_DE","og_type":"article","og_title":"Col de la Bonette - Club des Cent Cols","og_description":"Question : je r\u00eave de gravir le col de la Bonette, quels sont les cols accessibles dans le secteur de ce col mythique ? R\u00e9ponse :On compte six cols, tous \u00e0 plus de 2000m, qui peuvent \u00eatre franchis dans une journ\u00e9e. Si la question ci-dessus revient souvent, c&rsquo;est qu&rsquo;une certaine confusion est entretenue soit par [&hellip;]","og_url":"https:\/\/centcols.org\/de\/col-de-la-bonette\/","og_site_name":"Club des Cent Cols","article_publisher":"https:\/\/www.facebook.com\/groups\/5261880558\/?locale=fr_FR","article_published_time":"2026-01-30T15:01:04+00:00","article_modified_time":"2026-02-03T16:30:12+00:00","og_image":[{"width":380,"height":580,"url":"https:\/\/centcols.org\/wp-content\/uploads\/2026\/01\/Bonette1_Jausiers.jpg","type":"image\/jpeg"}],"author":"Ren\u00e9 Mercier","twitter_card":"summary_large_image","twitter_misc":{"Verfasst von":"Ren\u00e9 Mercier","Gesch\u00e4tzte Lesezeit":"5\u00a0Minuten"},"schema":{"@context":"https:\/\/schema.org","@graph":[{"@type":"Article","@id":"https:\/\/centcols.org\/es\/col-de-la-bonette\/#article","isPartOf":{"@id":"https:\/\/centcols.org\/es\/col-de-la-bonette\/"},"author":{"name":"Ren\u00e9 Mercier","@id":"https:\/\/centcols.org\/#\/schema\/person\/0cc8f723679c98f3fb7798df5a50c018"},"headline":"Col de la Bonette","datePublished":"2026-01-30T15:01:04+00:00","dateModified":"2026-02-03T16:30:12+00:00","mainEntityOfPage":{"@id":"https:\/\/centcols.org\/es\/col-de-la-bonette\/"},"wordCount":644,"publisher":{"@id":"https:\/\/centcols.org\/#organization"},"image":{"@id":"https:\/\/centcols.org\/es\/col-de-la-bonette\/#primaryimage"},"thumbnailUrl":"https:\/\/centcols.org\/wp-content\/uploads\/2026\/01\/Bonette1_Jausiers.jpg","articleSection":["Cols en vrac"],"inLanguage":"de"},{"@type":"WebPage","@id":"https:\/\/centcols.org\/es\/col-de-la-bonette\/","url":"https:\/\/centcols.org\/es\/col-de-la-bonette\/","name":"Col de la Bonette - Club des Cent Cols","isPartOf":{"@id":"https:\/\/centcols.org\/#website"},"primaryImageOfPage":{"@id":"https:\/\/centcols.org\/es\/col-de-la-bonette\/#primaryimage"},"image":{"@id":"https:\/\/centcols.org\/es\/col-de-la-bonette\/#primaryimage"},"thumbnailUrl":"https:\/\/centcols.org\/wp-content\/uploads\/2026\/01\/Bonette1_Jausiers.jpg","datePublished":"2026-01-30T15:01:04+00:00","dateModified":"2026-02-03T16:30:12+00:00","breadcrumb":{"@id":"https:\/\/centcols.org\/es\/col-de-la-bonette\/#breadcrumb"},"inLanguage":"de","potentialAction":[{"@type":"ReadAction","target":["https:\/\/centcols.org\/es\/col-de-la-bonette\/"]}]},{"@type":"ImageObject","inLanguage":"de","@id":"https:\/\/centcols.org\/es\/col-de-la-bonette\/#primaryimage","url":"https:\/\/centcols.org\/wp-content\/uploads\/2026\/01\/Bonette1_Jausiers.jpg","contentUrl":"https:\/\/centcols.org\/wp-content\/uploads\/2026\/01\/Bonette1_Jausiers.jpg","width":380,"height":580,"caption":"Bonette Restefond Cent cols"},{"@type":"BreadcrumbList","@id":"https:\/\/centcols.org\/es\/col-de-la-bonette\/#breadcrumb","itemListElement":[{"@type":"ListItem","position":1,"name":"Accueil","item":"https:\/\/centcols.org\/"},{"@type":"ListItem","position":2,"name":"Cols en vrac","item":"https:\/\/centcols.org\/rubrique\/cols-en-vrac\/"},{"@type":"ListItem","position":3,"name":"Col de la Bonette"}]},{"@type":"WebSite","@id":"https:\/\/centcols.org\/#website","url":"https:\/\/centcols.org\/","name":"Club des Cent Cols","description":"","publisher":{"@id":"https:\/\/centcols.org\/#organization"},"potentialAction":[{"@type":"SearchAction","target":{"@type":"EntryPoint","urlTemplate":"https:\/\/centcols.org\/?s={search_term_string}"},"query-input":{"@type":"PropertyValueSpecification","valueRequired":true,"valueName":"search_term_string"}}],"inLanguage":"de"},{"@type":"Organization","@id":"https:\/\/centcols.org\/#organization","name":"Club des Cent Cols","url":"https:\/\/centcols.org\/","logo":{"@type":"ImageObject","inLanguage":"de","@id":"https:\/\/centcols.org\/#\/schema\/logo\/image\/","url":"https:\/\/centcols.org\/wp-content\/uploads\/2025\/01\/carte-icone.png","contentUrl":"https:\/\/centcols.org\/wp-content\/uploads\/2025\/01\/carte-icone.png","width":250,"height":250,"caption":"Club des Cent Cols"},"image":{"@id":"https:\/\/centcols.org\/#\/schema\/logo\/image\/"},"sameAs":["https:\/\/www.facebook.com\/groups\/5261880558\/?locale=fr_FR"]},{"@type":"Person","@id":"https:\/\/centcols.org\/#\/schema\/person\/0cc8f723679c98f3fb7798df5a50c018","name":"Ren\u00e9 Mercier","image":{"@type":"ImageObject","inLanguage":"de","@id":"https:\/\/centcols.org\/wp-content\/litespeed\/avatar\/c2275eeaf79d4f7456274de381abeeab.jpg?ver=1777347562","url":"https:\/\/centcols.org\/wp-content\/litespeed\/avatar\/c2275eeaf79d4f7456274de381abeeab.jpg?ver=1777347562","contentUrl":"https:\/\/centcols.org\/wp-content\/litespeed\/avatar\/c2275eeaf79d4f7456274de381abeeab.jpg?ver=1777347562","caption":"Ren\u00e9 Mercier"},"url":"https:\/\/centcols.org\/de\/author\/7552\/"}]}},"_links":{"self":[{"href":"https:\/\/centcols.org\/de\/wp-json\/wp\/v2\/posts\/92968","targetHints":{"allow":["GET"]}}],"collection":[{"href":"https:\/\/centcols.org\/de\/wp-json\/wp\/v2\/posts"}],"about":[{"href":"https:\/\/centcols.org\/de\/wp-json\/wp\/v2\/types\/post"}],"author":[{"embeddable":true,"href":"https:\/\/centcols.org\/de\/wp-json\/wp\/v2\/users\/1726"}],"replies":[{"embeddable":true,"href":"https:\/\/centcols.org\/de\/wp-json\/wp\/v2\/comments?post=92968"}],"version-history":[{"count":0,"href":"https:\/\/centcols.org\/de\/wp-json\/wp\/v2\/posts\/92968\/revisions"}],"wp:featuredmedia":[{"embeddable":true,"href":"https:\/\/centcols.org\/de\/wp-json\/wp\/v2\/media\/92971"}],"wp:attachment":[{"href":"https:\/\/centcols.org\/de\/wp-json\/wp\/v2\/media?parent=92968"}],"wp:term":[{"taxonomy":"category","embeddable":true,"href":"https:\/\/centcols.org\/de\/wp-json\/wp\/v2\/categories?post=92968"},{"taxonomy":"post_tag","embeddable":true,"href":"https:\/\/centcols.org\/de\/wp-json\/wp\/v2\/tags?post=92968"}],"curies":[{"name":"wp","href":"https:\/\/api.w.org\/{rel}","templated":true}]}}