{"id":93006,"date":"2026-01-30T18:36:34","date_gmt":"2026-01-30T16:36:34","guid":{"rendered":"https:\/\/centcols.org\/?p=93006"},"modified":"2026-01-31T18:19:34","modified_gmt":"2026-01-31T16:19:34","slug":"tende-pass","status":"publish","type":"post","link":"https:\/\/centcols.org\/de\/col-de-tende\/","title":{"rendered":"Der Col de Tende oder Colle di Tenda"},"content":{"rendered":"<p>Der Col de Tende (<a href=\"\/de\/util\/geo\/visu.php\/?code=FR-06-1871\" type=\"link\" id=\"\/util\/geo\/visu.php?code=FR-06-1871\">DE-06-1871<\/a> oder <a href=\"\/de\/util\/geo\/visu.php\/?code=IT-CN-1871\" type=\"link\" id=\"\/util\/geo\/visu.php?code=IT-CN-1871\">IT-CN-1871<\/a>), der auf dem franz\u00f6sisch-italienischen Grat liegt, erm\u00f6glicht den \u00dcbergang vom Roya-Tal im S\u00fcden in das piemontesische Vermenagna-Tal im Norden. Es handelt sich um den niedrigsten \u00dcbergang zwischen Frankreich und Italien. Die franz\u00f6sische Seite ist im Gegensatz zur italienischen Seite, von der nur die letzten 600 Meter unbefestigt sind, mit Maultieren begehbar. <br>Die Piste beginnt ganz in der N\u00e4he der Zufahrt zum Stra\u00dfentunnel und entwickelt ihre 46 Serpentinen auf spektakul\u00e4re Weise \u00fcber dem oberen Roya-Tal, das Ganze \u00fcber etwa 7,5 km. Auf dem Gipfel ist die Aussicht gro\u00dfartig, aber achten Sie auf die im Sommer h\u00e4ufig auftretenden Gewitter.<\/p>\n\n\n\n<figure class=\"wp-block-image size-full\"><img loading=\"lazy\" decoding=\"async\" width=\"486\" height=\"372\" src=\"https:\/\/centcols.org\/wp-content\/uploads\/2026\/01\/col_de_tende_1-1.jpg\" alt=\"\" class=\"wp-image-93080\" srcset=\"https:\/\/centcols.org\/wp-content\/uploads\/2026\/01\/col_de_tende_1-1.jpg 486w, https:\/\/centcols.org\/wp-content\/uploads\/2026\/01\/col_de_tende_1-1-16x12.jpg 16w\" sizes=\"auto, (max-width: 486px) 100vw, 486px\" \/><figcaption class=\"wp-element-caption\">Foto vom Fort de la Marguerie, westlich des Col de Tende, aufgenommen.<br>In der N\u00e4he des Gipfels auf dem Kamm sieht man die imposante Masse des Forts<br>zentral. Dahinter beginnt die lange strategische Piste \u00fcber die K\u00e4mme von Tende-Est.<\/figcaption><\/figure>\n\n\n\n<p><\/p>\n\n\n\n<figure class=\"wp-block-image size-full\"><img loading=\"lazy\" decoding=\"async\" width=\"494\" height=\"340\" src=\"https:\/\/centcols.org\/wp-content\/uploads\/2026\/01\/col_de_tende_2-1.jpg\" alt=\"\" class=\"wp-image-93081\" srcset=\"https:\/\/centcols.org\/wp-content\/uploads\/2026\/01\/col_de_tende_2-1.jpg 494w, https:\/\/centcols.org\/wp-content\/uploads\/2026\/01\/col_de_tende_2-1-18x12.jpg 18w\" sizes=\"auto, (max-width: 494px) 100vw, 494px\" \/><figcaption class=\"wp-element-caption\"><br>Am Ende des Roya-Tals: die moderne Stra\u00dfe, die durch den Tende-Tunnel f\u00fchrt.<br>Auf halbem Hang: das gro\u00dfe Geb\u00e4ude des ehemaligen Wachpostens.<\/figcaption><\/figure>\n\n\n\n<p><br>Von beiden Seiten des Gipfels gehen strategische Pisten ab, die es erm\u00f6glichen, eine gro\u00dfe Anzahl von P\u00e4ssen auf den Schleifen \u00abWest und Ost von Tende\u00bb zu erreichen (siehe TOPO 3).<\/p>\n\n\n\n<figure class=\"wp-block-image size-full\"><img loading=\"lazy\" decoding=\"async\" width=\"467\" height=\"300\" src=\"https:\/\/centcols.org\/wp-content\/uploads\/2026\/01\/col_de_tende_profil-3.gif\" alt=\"\" class=\"wp-image-93111\"\/><\/figure>\n\n\n\n<p>Das Erklimmen von P\u00e4ssen schlie\u00dft jedoch nicht aus, dass man sich auch f\u00fcr ihre Geschichte interessiert, und die des Col de Tende ist besonders reich. Die erste Erw\u00e4hnung einer unterhaltenen Stra\u00dfe zwischen Ventimiglia und Borgo San Dalmazzo stammt aus dem Jahr 1178! W\u00e4hrend des gesamten Mittelalters passierten den Pass Karawanenfahrer, die Salz in die Po-Ebene lieferten. Das Roya-Tal bereicherte sich \u00fcbrigens an diesem lukrativen Handel, der von den Herren von Tende reichlich mit L\u00f6segeld belegt wurde... 16.000 Maultiere \u00fcberquerten das Hindernis jedes Jahr!<br><br>Der Pass hat schon viele Invasoren gesehen, darunter den ber\u00fchmtesten, Karl V. im Jahr 1536, aber auch Reisende, die einen umst\u00e4ndlichen Weg nehmen und dabei von einer ganzen Zunft von \u00abF\u00e4hrm\u00e4nnern\u00bb unterst\u00fctzt werden, die hier \u00abcollants\u00bb oder \u00abcoulants\u00bb (von col...) genannt werden. Man kann die Dienste von Tr\u00e4gern mieten, die abwechselnd f\u00fcr ein kleines Verm\u00f6gen den Pass in f\u00fcnf Stunden \u00fcberqueren. Bereits im 16. Jahrhundert wurde ein Tunnelprojekt gestartet, die Bauarbeiten begannen sogar (man kann den Eingang dieses alten Tunnels auf der italienischen Seite auf etwa 1750 m H\u00f6he sehen). Aufgrund fehlender finanzieller Mittel kam es jedoch zu keinem Ergebnis. Erst 1780 finanzierte K\u00f6nig Viktor Emanuel III. (Piemont-Sardinien) die Arbeiten an der heutigen Piste, die nach vierj\u00e4hriger Anstrengung gebaut wurde. Kurz vor der H\u00e4lfte des Anstiegs wird ein Wachhaus errichtet, das 30 M\u00e4nner beherbergt. Sie sollen die Sicherheit der Stra\u00dfe gew\u00e4hrleisten und den Reisenden vor allem im Winter Hilfe leisten. Dieses Wachhaus existiert noch heute.<\/p>\n\n\n\n<figure class=\"wp-block-image size-full\"><img loading=\"lazy\" decoding=\"async\" width=\"549\" height=\"358\" src=\"https:\/\/centcols.org\/wp-content\/uploads\/2026\/01\/col_de_tende_3-6.jpg\" alt=\"\" class=\"wp-image-93117\" srcset=\"https:\/\/centcols.org\/wp-content\/uploads\/2026\/01\/col_de_tende_3-6.jpg 549w, https:\/\/centcols.org\/wp-content\/uploads\/2026\/01\/col_de_tende_3-6-18x12.jpg 18w\" sizes=\"auto, (max-width: 549px) 100vw, 549px\" \/><figcaption class=\"wp-element-caption\">Der Wachposten, wie er im 18. Jahrhundert aussah. Der noch heute begangene Weg wurde durch Bauarbeiten zwischen 1780 und 1784 er\u00f6ffnet.<\/figcaption><\/figure>\n\n\n\n<p>Die Stra\u00dfe diente nicht nur dem Handel: 1794 \u00fcberquerten Revolutionstruppen den Pass und fielen in das K\u00f6nigreich Piemont-Sardinien ein, w\u00e4hrend am 25. April 1945 die erste FFL-Division den Pass \u00fcberquerte, nachdem sie La Roya von den letzten deutschen Besatzern befreit hatte. Diese strategische Bedeutung wird durch die Pr\u00e4senz imposanter milit\u00e4rischer Forts auf dem Gipfel und zu beiden Seiten des Passes belegt.<br><br>Viel Spa\u00df beim Klettern!<br>Ren\u00e9 POTY<\/p>\n\n\n\n<p><\/p>\n\n\n\n<figure class=\"wp-block-gallery has-nested-images columns-default is-cropped wp-block-gallery-1 is-layout-flex wp-block-gallery-is-layout-flex\">\n<figure class=\"wp-block-image size-large\"><img loading=\"lazy\" decoding=\"async\" width=\"288\" height=\"400\" data-id=\"93084\" src=\"https:\/\/centcols.org\/wp-content\/uploads\/2026\/01\/col_de_tende_4-1.jpg\" alt=\"\" class=\"wp-image-93084\" srcset=\"https:\/\/centcols.org\/wp-content\/uploads\/2026\/01\/col_de_tende_4-1.jpg 288w, https:\/\/centcols.org\/wp-content\/uploads\/2026\/01\/col_de_tende_4-1-9x12.jpg 9w\" sizes=\"auto, (max-width: 288px) 100vw, 288px\" \/><\/figure>\n\n\n\n<figure class=\"wp-block-image size-large\"><img loading=\"lazy\" decoding=\"async\" width=\"400\" height=\"240\" data-id=\"93085\" src=\"https:\/\/centcols.org\/wp-content\/uploads\/2026\/01\/col_de_tende_5.jpg\" alt=\"\" class=\"wp-image-93085\" srcset=\"https:\/\/centcols.org\/wp-content\/uploads\/2026\/01\/col_de_tende_5.jpg 400w, https:\/\/centcols.org\/wp-content\/uploads\/2026\/01\/col_de_tende_5-18x12.jpg 18w\" sizes=\"auto, (max-width: 400px) 100vw, 400px\" \/><\/figure>\n<\/figure>\n\n\n\n<p><\/p>\n\n\n\n<p><\/p>","protected":false},"excerpt":{"rendered":"<p>Le col de Tende (FR-06-1871 ou IT-CN-1871), situ\u00e9 sur la cr\u00eate franco-italienne, permet de passer de la vall\u00e9e de la Roya au sud dans la vall\u00e9e pi\u00e9montaise de Vermenagna au nord. Il s&rsquo;agit du passage le plus bas entre la France et l&rsquo;Italie. Le versant fran\u00e7ais est muletier contrairement au versant italien, dont seulement les [&hellip;]<\/p>\n","protected":false},"author":682,"featured_media":93049,"comment_status":"closed","ping_status":"closed","sticky":false,"template":"","format":"standard","meta":{"_acf_changed":false,"footnotes":""},"categories":[308],"tags":[],"class_list":["post-93006","post","type-post","status-publish","format-standard","has-post-thumbnail","hentry","category-cols-en-vrac"],"acf":[],"yoast_head":"<!-- This site is optimized with the Yoast SEO plugin v27.2 - https:\/\/yoast.com\/product\/yoast-seo-wordpress\/ -->\n<title>Le col de Tende ou colle di Tenda - Club des Cent Cols<\/title>\n<meta name=\"robots\" content=\"index, follow, max-snippet:-1, max-image-preview:large, max-video-preview:-1\" \/>\n<link rel=\"canonical\" href=\"https:\/\/centcols.org\/de\/tende-pass\/\" \/>\n<meta property=\"og:locale\" content=\"de_DE\" \/>\n<meta property=\"og:type\" content=\"article\" \/>\n<meta property=\"og:title\" content=\"Le col de Tende ou colle di Tenda - Club des Cent Cols\" \/>\n<meta property=\"og:description\" content=\"Le col de Tende (FR-06-1871 ou IT-CN-1871), situ\u00e9 sur la cr\u00eate franco-italienne, permet de passer de la vall\u00e9e de la Roya au sud dans la vall\u00e9e pi\u00e9montaise de Vermenagna au nord. Il s&rsquo;agit du passage le plus bas entre la France et l&rsquo;Italie. Le versant fran\u00e7ais est muletier contrairement au versant italien, dont seulement les [&hellip;]\" \/>\n<meta property=\"og:url\" content=\"https:\/\/centcols.org\/de\/tende-pass\/\" \/>\n<meta property=\"og:site_name\" content=\"Club des Cent Cols\" \/>\n<meta property=\"article:publisher\" content=\"https:\/\/www.facebook.com\/groups\/5261880558\/?locale=fr_FR\" \/>\n<meta property=\"article:published_time\" content=\"2026-01-30T16:36:34+00:00\" \/>\n<meta property=\"article:modified_time\" content=\"2026-01-31T16:19:34+00:00\" \/>\n<meta property=\"og:image\" content=\"https:\/\/centcols.org\/wp-content\/uploads\/2026\/01\/col_de_tende_carte.jpg\" \/>\n\t<meta property=\"og:image:width\" content=\"276\" \/>\n\t<meta property=\"og:image:height\" content=\"558\" \/>\n\t<meta property=\"og:image:type\" content=\"image\/jpeg\" \/>\n<meta name=\"author\" content=\"Paul Levart\" \/>\n<meta name=\"twitter:card\" content=\"summary_large_image\" \/>\n<meta name=\"twitter:label1\" content=\"Verfasst von\" \/>\n\t<meta name=\"twitter:data1\" content=\"Paul Levart\" \/>\n\t<meta name=\"twitter:label2\" content=\"Gesch\u00e4tzte Lesezeit\" \/>\n\t<meta name=\"twitter:data2\" content=\"5\u00a0Minuten\" \/>\n<script type=\"application\/ld+json\" class=\"yoast-schema-graph\">{\"@context\":\"https:\/\/schema.org\",\"@graph\":[{\"@type\":\"Article\",\"@id\":\"https:\/\/centcols.org\/it\/col-de-tende\/#article\",\"isPartOf\":{\"@id\":\"https:\/\/centcols.org\/it\/col-de-tende\/\"},\"author\":{\"name\":\"Paul Levart\",\"@id\":\"https:\/\/centcols.org\/#\/schema\/person\/f69e64d42a30af00fb46d8cf7a1d9945\"},\"headline\":\"Le col de Tende ou colle di Tenda\",\"datePublished\":\"2026-01-30T16:36:34+00:00\",\"dateModified\":\"2026-01-31T16:19:34+00:00\",\"mainEntityOfPage\":{\"@id\":\"https:\/\/centcols.org\/it\/col-de-tende\/\"},\"wordCount\":607,\"publisher\":{\"@id\":\"https:\/\/centcols.org\/#organization\"},\"image\":{\"@id\":\"https:\/\/centcols.org\/it\/col-de-tende\/#primaryimage\"},\"thumbnailUrl\":\"https:\/\/centcols.org\/wp-content\/uploads\/2026\/01\/col_de_tende_carte.jpg\",\"articleSection\":[\"Cols en vrac\"],\"inLanguage\":\"de\"},{\"@type\":\"WebPage\",\"@id\":\"https:\/\/centcols.org\/it\/col-de-tende\/\",\"url\":\"https:\/\/centcols.org\/it\/col-de-tende\/\",\"name\":\"Le col de Tende ou colle di Tenda - Club des Cent Cols\",\"isPartOf\":{\"@id\":\"https:\/\/centcols.org\/#website\"},\"primaryImageOfPage\":{\"@id\":\"https:\/\/centcols.org\/it\/col-de-tende\/#primaryimage\"},\"image\":{\"@id\":\"https:\/\/centcols.org\/it\/col-de-tende\/#primaryimage\"},\"thumbnailUrl\":\"https:\/\/centcols.org\/wp-content\/uploads\/2026\/01\/col_de_tende_carte.jpg\",\"datePublished\":\"2026-01-30T16:36:34+00:00\",\"dateModified\":\"2026-01-31T16:19:34+00:00\",\"breadcrumb\":{\"@id\":\"https:\/\/centcols.org\/it\/col-de-tende\/#breadcrumb\"},\"inLanguage\":\"de\",\"potentialAction\":[{\"@type\":\"ReadAction\",\"target\":[\"https:\/\/centcols.org\/it\/col-de-tende\/\"]}]},{\"@type\":\"ImageObject\",\"inLanguage\":\"de\",\"@id\":\"https:\/\/centcols.org\/it\/col-de-tende\/#primaryimage\",\"url\":\"https:\/\/centcols.org\/wp-content\/uploads\/2026\/01\/col_de_tende_carte.jpg\",\"contentUrl\":\"https:\/\/centcols.org\/wp-content\/uploads\/2026\/01\/col_de_tende_carte.jpg\",\"width\":276,\"height\":558},{\"@type\":\"BreadcrumbList\",\"@id\":\"https:\/\/centcols.org\/it\/col-de-tende\/#breadcrumb\",\"itemListElement\":[{\"@type\":\"ListItem\",\"position\":1,\"name\":\"Accueil\",\"item\":\"https:\/\/centcols.org\/\"},{\"@type\":\"ListItem\",\"position\":2,\"name\":\"Cols en vrac\",\"item\":\"https:\/\/centcols.org\/rubrique\/cols-en-vrac\/\"},{\"@type\":\"ListItem\",\"position\":3,\"name\":\"Le col de Tende ou colle di Tenda\"}]},{\"@type\":\"WebSite\",\"@id\":\"https:\/\/centcols.org\/#website\",\"url\":\"https:\/\/centcols.org\/\",\"name\":\"Club des Cent Cols\",\"description\":\"\",\"publisher\":{\"@id\":\"https:\/\/centcols.org\/#organization\"},\"potentialAction\":[{\"@type\":\"SearchAction\",\"target\":{\"@type\":\"EntryPoint\",\"urlTemplate\":\"https:\/\/centcols.org\/?s={search_term_string}\"},\"query-input\":{\"@type\":\"PropertyValueSpecification\",\"valueRequired\":true,\"valueName\":\"search_term_string\"}}],\"inLanguage\":\"de\"},{\"@type\":\"Organization\",\"@id\":\"https:\/\/centcols.org\/#organization\",\"name\":\"Club des Cent Cols\",\"url\":\"https:\/\/centcols.org\/\",\"logo\":{\"@type\":\"ImageObject\",\"inLanguage\":\"de\",\"@id\":\"https:\/\/centcols.org\/#\/schema\/logo\/image\/\",\"url\":\"https:\/\/centcols.org\/wp-content\/uploads\/2025\/01\/carte-icone.png\",\"contentUrl\":\"https:\/\/centcols.org\/wp-content\/uploads\/2025\/01\/carte-icone.png\",\"width\":250,\"height\":250,\"caption\":\"Club des Cent Cols\"},\"image\":{\"@id\":\"https:\/\/centcols.org\/#\/schema\/logo\/image\/\"},\"sameAs\":[\"https:\/\/www.facebook.com\/groups\/5261880558\/?locale=fr_FR\"]},{\"@type\":\"Person\",\"@id\":\"https:\/\/centcols.org\/#\/schema\/person\/f69e64d42a30af00fb46d8cf7a1d9945\",\"name\":\"Paul Levart\",\"image\":{\"@type\":\"ImageObject\",\"inLanguage\":\"de\",\"@id\":\"https:\/\/centcols.org\/wp-content\/litespeed\/avatar\/b81f27ef11f03e8b6b3b3019b1b2b4d7.jpg?ver=1777205446\",\"url\":\"https:\/\/centcols.org\/wp-content\/litespeed\/avatar\/b81f27ef11f03e8b6b3b3019b1b2b4d7.jpg?ver=1777205446\",\"contentUrl\":\"https:\/\/centcols.org\/wp-content\/litespeed\/avatar\/b81f27ef11f03e8b6b3b3019b1b2b4d7.jpg?ver=1777205446\",\"caption\":\"Paul Levart\"},\"url\":\"https:\/\/centcols.org\/de\/author\/4953\/\"}]}<\/script>\n<!-- \/ Yoast SEO plugin. -->","yoast_head_json":{"title":"Der Col de Tende oder Colle di Tenda - Club des Cent Cols","robots":{"index":"index","follow":"follow","max-snippet":"max-snippet:-1","max-image-preview":"max-image-preview:large","max-video-preview":"max-video-preview:-1"},"canonical":"https:\/\/centcols.org\/de\/tende-pass\/","og_locale":"de_DE","og_type":"article","og_title":"Le col de Tende ou colle di Tenda - Club des Cent Cols","og_description":"Le col de Tende (FR-06-1871 ou IT-CN-1871), situ\u00e9 sur la cr\u00eate franco-italienne, permet de passer de la vall\u00e9e de la Roya au sud dans la vall\u00e9e pi\u00e9montaise de Vermenagna au nord. Il s&rsquo;agit du passage le plus bas entre la France et l&rsquo;Italie. Le versant fran\u00e7ais est muletier contrairement au versant italien, dont seulement les [&hellip;]","og_url":"https:\/\/centcols.org\/de\/tende-pass\/","og_site_name":"Club des Cent Cols","article_publisher":"https:\/\/www.facebook.com\/groups\/5261880558\/?locale=fr_FR","article_published_time":"2026-01-30T16:36:34+00:00","article_modified_time":"2026-01-31T16:19:34+00:00","og_image":[{"width":276,"height":558,"url":"https:\/\/centcols.org\/wp-content\/uploads\/2026\/01\/col_de_tende_carte.jpg","type":"image\/jpeg"}],"author":"Paul Levart","twitter_card":"summary_large_image","twitter_misc":{"Verfasst von":"Paul Levart","Gesch\u00e4tzte Lesezeit":"5\u00a0Minuten"},"schema":{"@context":"https:\/\/schema.org","@graph":[{"@type":"Article","@id":"https:\/\/centcols.org\/it\/col-de-tende\/#article","isPartOf":{"@id":"https:\/\/centcols.org\/it\/col-de-tende\/"},"author":{"name":"Paul Levart","@id":"https:\/\/centcols.org\/#\/schema\/person\/f69e64d42a30af00fb46d8cf7a1d9945"},"headline":"Le col de Tende ou colle di Tenda","datePublished":"2026-01-30T16:36:34+00:00","dateModified":"2026-01-31T16:19:34+00:00","mainEntityOfPage":{"@id":"https:\/\/centcols.org\/it\/col-de-tende\/"},"wordCount":607,"publisher":{"@id":"https:\/\/centcols.org\/#organization"},"image":{"@id":"https:\/\/centcols.org\/it\/col-de-tende\/#primaryimage"},"thumbnailUrl":"https:\/\/centcols.org\/wp-content\/uploads\/2026\/01\/col_de_tende_carte.jpg","articleSection":["Cols en vrac"],"inLanguage":"de"},{"@type":"WebPage","@id":"https:\/\/centcols.org\/it\/col-de-tende\/","url":"https:\/\/centcols.org\/it\/col-de-tende\/","name":"Der Col de Tende oder Colle di Tenda - Club des Cent Cols","isPartOf":{"@id":"https:\/\/centcols.org\/#website"},"primaryImageOfPage":{"@id":"https:\/\/centcols.org\/it\/col-de-tende\/#primaryimage"},"image":{"@id":"https:\/\/centcols.org\/it\/col-de-tende\/#primaryimage"},"thumbnailUrl":"https:\/\/centcols.org\/wp-content\/uploads\/2026\/01\/col_de_tende_carte.jpg","datePublished":"2026-01-30T16:36:34+00:00","dateModified":"2026-01-31T16:19:34+00:00","breadcrumb":{"@id":"https:\/\/centcols.org\/it\/col-de-tende\/#breadcrumb"},"inLanguage":"de","potentialAction":[{"@type":"ReadAction","target":["https:\/\/centcols.org\/it\/col-de-tende\/"]}]},{"@type":"ImageObject","inLanguage":"de","@id":"https:\/\/centcols.org\/it\/col-de-tende\/#primaryimage","url":"https:\/\/centcols.org\/wp-content\/uploads\/2026\/01\/col_de_tende_carte.jpg","contentUrl":"https:\/\/centcols.org\/wp-content\/uploads\/2026\/01\/col_de_tende_carte.jpg","width":276,"height":558},{"@type":"BreadcrumbList","@id":"https:\/\/centcols.org\/it\/col-de-tende\/#breadcrumb","itemListElement":[{"@type":"ListItem","position":1,"name":"Accueil","item":"https:\/\/centcols.org\/"},{"@type":"ListItem","position":2,"name":"Cols en vrac","item":"https:\/\/centcols.org\/rubrique\/cols-en-vrac\/"},{"@type":"ListItem","position":3,"name":"Le col de Tende ou colle di Tenda"}]},{"@type":"WebSite","@id":"https:\/\/centcols.org\/#website","url":"https:\/\/centcols.org\/","name":"Club des Cent Cols","description":"","publisher":{"@id":"https:\/\/centcols.org\/#organization"},"potentialAction":[{"@type":"SearchAction","target":{"@type":"EntryPoint","urlTemplate":"https:\/\/centcols.org\/?s={search_term_string}"},"query-input":{"@type":"PropertyValueSpecification","valueRequired":true,"valueName":"search_term_string"}}],"inLanguage":"de"},{"@type":"Organization","@id":"https:\/\/centcols.org\/#organization","name":"Club des Cent Cols","url":"https:\/\/centcols.org\/","logo":{"@type":"ImageObject","inLanguage":"de","@id":"https:\/\/centcols.org\/#\/schema\/logo\/image\/","url":"https:\/\/centcols.org\/wp-content\/uploads\/2025\/01\/carte-icone.png","contentUrl":"https:\/\/centcols.org\/wp-content\/uploads\/2025\/01\/carte-icone.png","width":250,"height":250,"caption":"Club des Cent Cols"},"image":{"@id":"https:\/\/centcols.org\/#\/schema\/logo\/image\/"},"sameAs":["https:\/\/www.facebook.com\/groups\/5261880558\/?locale=fr_FR"]},{"@type":"Person","@id":"https:\/\/centcols.org\/#\/schema\/person\/f69e64d42a30af00fb46d8cf7a1d9945","name":"Paul Levart","image":{"@type":"ImageObject","inLanguage":"de","@id":"https:\/\/centcols.org\/wp-content\/litespeed\/avatar\/b81f27ef11f03e8b6b3b3019b1b2b4d7.jpg?ver=1777205446","url":"https:\/\/centcols.org\/wp-content\/litespeed\/avatar\/b81f27ef11f03e8b6b3b3019b1b2b4d7.jpg?ver=1777205446","contentUrl":"https:\/\/centcols.org\/wp-content\/litespeed\/avatar\/b81f27ef11f03e8b6b3b3019b1b2b4d7.jpg?ver=1777205446","caption":"Paul Levart"},"url":"https:\/\/centcols.org\/de\/author\/4953\/"}]}},"_links":{"self":[{"href":"https:\/\/centcols.org\/de\/wp-json\/wp\/v2\/posts\/93006","targetHints":{"allow":["GET"]}}],"collection":[{"href":"https:\/\/centcols.org\/de\/wp-json\/wp\/v2\/posts"}],"about":[{"href":"https:\/\/centcols.org\/de\/wp-json\/wp\/v2\/types\/post"}],"author":[{"embeddable":true,"href":"https:\/\/centcols.org\/de\/wp-json\/wp\/v2\/users\/682"}],"replies":[{"embeddable":true,"href":"https:\/\/centcols.org\/de\/wp-json\/wp\/v2\/comments?post=93006"}],"version-history":[{"count":0,"href":"https:\/\/centcols.org\/de\/wp-json\/wp\/v2\/posts\/93006\/revisions"}],"wp:featuredmedia":[{"embeddable":true,"href":"https:\/\/centcols.org\/de\/wp-json\/wp\/v2\/media\/93049"}],"wp:attachment":[{"href":"https:\/\/centcols.org\/de\/wp-json\/wp\/v2\/media?parent=93006"}],"wp:term":[{"taxonomy":"category","embeddable":true,"href":"https:\/\/centcols.org\/de\/wp-json\/wp\/v2\/categories?post=93006"},{"taxonomy":"post_tag","embeddable":true,"href":"https:\/\/centcols.org\/de\/wp-json\/wp\/v2\/tags?post=93006"}],"curies":[{"name":"wp","href":"https:\/\/api.w.org\/{rel}","templated":true}]}}