{"id":93008,"date":"2026-01-29T16:50:29","date_gmt":"2026-01-29T14:50:29","guid":{"rendered":"https:\/\/centcols.org\/?p=93008"},"modified":"2026-04-19T08:56:07","modified_gmt":"2026-04-19T06:56:07","slug":"raduno-italiano-2026","status":"publish","type":"post","link":"https:\/\/centcols.org\/de\/raduno-italiano-2026\/","title":{"rendered":"\"Raduno Italiano\" - Samstag und Sonntag, 30.-31. Mai 2026"},"content":{"rendered":"<p>Die italienische Versammlung findet in Albera Ligure im Borbera-Tal (Alexandria) an folgender Adresse statt:<br>Albergo \u2018\u2019Da Bruno\u2019\u2019 (Gasthaus)\u2019<br>Frazione San Nazzaro, 11<br>15060 ALBERA LIGURE (AL)<br>Mail : &#x68;&#111;&#116;&#x65;&#x6c;&#95;&#114;&#x69;&#x73;&#116;&#111;&#x72;&#x61;&#110;&#116;&#x65;&#x5f;&#100;&#97;&#x5f;&#x62;&#114;&#117;&#x6e;&#x6f;&#64;&#104;&#x6f;&#x74;&#109;&#97;&#x69;&#x6c;&#46;&#99;&#x6f;&#x6d;<\/p>\n\n\n\n<p>Die Teilnehmer des Raduno nehmen die Buchungen zu den folgenden mit dem Club des Cent Cols vereinbarten Bedingungen vor (bei der Buchung anzugeben) :<br>- Halbpension (Zimmer, Abendessen, Fr\u00fchst\u00fcck) 70,00\u20ac.<br>- Einzelzimmer 50,00\u20ac<br>- Doppelzimmer 90,00\u20ac<br>- Dreibettzimmer 110,00\u20ac<br>Die Preise verstehen sich pro Nacht und Zimmer und beinhalten das Fr\u00fchst\u00fcck.<br>Ein Fahrradraum wird kostenlos zur Verf\u00fcgung gestellt.<\/p>\n\n\n\n<p>Am Samstag, den 30. Mai, ist ein geselliges Abendessen geplant. Es werden zwei Optionen angeboten:<br>- Ein Festpreismen\u00fc ab 15 \u20ac pro Person, bestehend aus einer Vorspeise, einem Hauptgericht, einer Beilage, Obst und Kaffee (Wasser und Wein inklusive)<br>- Oder \u00e0 la carte. Letztere bietet eine gro\u00dfe Auswahl an traditionellen und lokalen Produkten, wie Tr\u00fcffel und Steinpilze, und der Preis variiert je nach gew\u00e4hltem Gericht.<\/p>\n\n\n\n<h2 class=\"wp-block-heading\">Gravel Circuit, Samstag 30<\/h2>\n\n\n\n<p>66 km, 1670 m H\u00f6henunterschied, 8 P\u00e4sse: Sella di Avi (<a href=\"https:\/\/centcols.org\/de\/util\/geo\/visu.php\/?code=IT-AL-0732\" target=\"_blank\" rel=\"noreferrer noopener\">IT-AL-0732<\/a>), Selletta di M. Cravasana (<a href=\"https:\/\/centcols.org\/de\/util\/geo\/visu.php\/?code=IT-AL-0806\" target=\"_blank\" rel=\"noreferrer noopener\">IT-AL-0806<\/a>), Colle delle Forche (<a href=\"https:\/\/centcols.org\/de\/util\/geo\/visu.php\/?code=IT-AL-0790\" target=\"_blank\" rel=\"noreferrer noopener\">IT-AL-0790<\/a>), Colle della Guardia (<a href=\"https:\/\/centcols.org\/de\/util\/geo\/visu.php\/?code=IT-GE-0390\" target=\"_blank\" rel=\"noreferrer noopener\">IT-GE-0390<\/a>), Colle della Serra (<a href=\"https:\/\/centcols.org\/de\/util\/geo\/visu.php\/?code=IT-GE-0661a\" target=\"_blank\" rel=\"noreferrer noopener\">IT-GE-0661a<\/a>), Valico dell'Incisa (<a href=\"https:\/\/centcols.org\/de\/util\/geo\/visu.php\/?code=IT-GE-0753\" target=\"_blank\" rel=\"noreferrer noopener\">IT-GE-0753<\/a>), Sella di Monte Bossola (IT-AL-1096, Validierung l\u00e4uft), Colle dell'Alpicella (<a href=\"https:\/\/centcols.org\/de\/util\/geo\/visu.php\/?code=IT-GE-0833\" target=\"_blank\" rel=\"noreferrer noopener\">IT-GE-0833<\/a>)<\/p>\n\n\n\n<figure class=\"wp-block-gallery has-nested-images columns-default is-cropped wp-block-gallery-1 is-layout-flex wp-block-gallery-is-layout-flex\">\n<figure class=\"wp-block-image size-large\"><img loading=\"lazy\" decoding=\"async\" width=\"800\" height=\"452\" data-id=\"94240\" src=\"https:\/\/centcols.org\/wp-content\/uploads\/2026\/01\/it-al-0795.jpg\" alt=\"\" class=\"wp-image-94240\" srcset=\"https:\/\/centcols.org\/wp-content\/uploads\/2026\/01\/it-al-0795.jpg 800w, https:\/\/centcols.org\/wp-content\/uploads\/2026\/01\/it-al-0795-768x434.jpg 768w, https:\/\/centcols.org\/wp-content\/uploads\/2026\/01\/it-al-0795-18x10.jpg 18w\" sizes=\"auto, (max-width: 800px) 100vw, 800px\" \/><figcaption class=\"wp-element-caption\">Passo di Costa Salata<\/figcaption><\/figure>\n\n\n\n<figure class=\"wp-block-image size-large\"><img loading=\"lazy\" decoding=\"async\" width=\"800\" height=\"468\" data-id=\"94239\" src=\"https:\/\/centcols.org\/wp-content\/uploads\/2026\/01\/it-al-1538.jpg\" alt=\"\" class=\"wp-image-94239\" srcset=\"https:\/\/centcols.org\/wp-content\/uploads\/2026\/01\/it-al-1538.jpg 800w, https:\/\/centcols.org\/wp-content\/uploads\/2026\/01\/it-al-1538-768x449.jpg 768w, https:\/\/centcols.org\/wp-content\/uploads\/2026\/01\/it-al-1538-18x12.jpg 18w\" sizes=\"auto, (max-width: 800px) 100vw, 800px\" \/><figcaption class=\"wp-element-caption\">Sella Monte Roncasso<\/figcaption><\/figure>\n<\/figure>\n\n\n\n<h2 class=\"wp-block-heading\">Rundkurs Stra\u00dfe, Sonntag 31<\/h2>\n\n\n\n<p>91 km, 2130 m H\u00f6henunterschied, 9 P\u00e4sse: Colle della Serra (<a href=\"https:\/\/centcols.org\/de\/util\/geo\/visu.php\/?code=IT-GE-0661a\" target=\"_blank\" rel=\"noreferrer noopener\">IT-GE-0661a<\/a>), Passo Tanadorso (<a href=\"https:\/\/centcols.org\/de\/util\/geo\/visu.php\/?code=IT-GE-0758\" target=\"_blank\" rel=\"noreferrer noopener\">IT-GE-0758<\/a>), Gola della Castagnola (<a href=\"https:\/\/centcols.org\/de\/util\/geo\/visu.php\/?code=IT-AL-0575\" target=\"_blank\" rel=\"noreferrer noopener\">IT-AL-0575<\/a>), Passo dei Giovi (<a href=\"https:\/\/centcols.org\/de\/util\/geo\/visu.php\/?code=IT-GE-0472\" target=\"_blank\" rel=\"noreferrer noopener\">IT-GE-0472<\/a>), Passo del Pertuso (<a href=\"https:\/\/centcols.org\/de\/util\/geo\/visu.php\/?code=IT-GE-0577a\" target=\"_blank\" rel=\"noreferrer noopener\">IT-GE-0577a<\/a>), Passo del Cornaro (<a href=\"https:\/\/centcols.org\/de\/util\/geo\/visu.php\/?code=IT-GE-0565\" target=\"_blank\" rel=\"noreferrer noopener\">IT-GE-0565<\/a>), Passo Crocetta di Orero (<a href=\"https:\/\/centcols.org\/de\/util\/geo\/visu.php\/?code=IT-GE-0468\" target=\"_blank\" rel=\"noreferrer noopener\">IT-GE-0468<\/a>), Colle di Martellone (<a href=\"https:\/\/centcols.org\/de\/util\/geo\/visu.php\/?code=IT-GE-0768\" target=\"_blank\" rel=\"noreferrer noopener\">IT-GE-0768<\/a>), Passo di Costa Salata (<a href=\"https:\/\/centcols.org\/de\/util\/geo\/visu.php\/?code=IT-AL-0795\" target=\"_blank\" rel=\"noreferrer noopener\">IT-AL-0795<\/a>)<\/p>\n\n\n\n<figure class=\"wp-block-gallery has-nested-images columns-default is-cropped wp-block-gallery-2 is-layout-flex wp-block-gallery-is-layout-flex\">\n<figure class=\"wp-block-image size-large\"><img loading=\"lazy\" decoding=\"async\" width=\"800\" height=\"572\" data-id=\"94241\" src=\"https:\/\/centcols.org\/wp-content\/uploads\/2026\/01\/it-ge-0575.jpg\" alt=\"\" class=\"wp-image-94241\" srcset=\"https:\/\/centcols.org\/wp-content\/uploads\/2026\/01\/it-ge-0575.jpg 800w, https:\/\/centcols.org\/wp-content\/uploads\/2026\/01\/it-ge-0575-768x549.jpg 768w, https:\/\/centcols.org\/wp-content\/uploads\/2026\/01\/it-ge-0575-18x12.jpg 18w\" sizes=\"auto, (max-width: 800px) 100vw, 800px\" \/><figcaption class=\"wp-element-caption\">Gola della Castagnola<\/figcaption><\/figure>\n\n\n\n<figure class=\"wp-block-image size-large\"><img loading=\"lazy\" decoding=\"async\" width=\"800\" height=\"600\" data-id=\"94242\" src=\"https:\/\/centcols.org\/wp-content\/uploads\/2026\/01\/it-ge-0661a.jpg\" alt=\"\" class=\"wp-image-94242\" srcset=\"https:\/\/centcols.org\/wp-content\/uploads\/2026\/01\/it-ge-0661a.jpg 800w, https:\/\/centcols.org\/wp-content\/uploads\/2026\/01\/it-ge-0661a-768x576.jpg 768w, https:\/\/centcols.org\/wp-content\/uploads\/2026\/01\/it-ge-0661a-16x12.jpg 16w\" sizes=\"auto, (max-width: 800px) 100vw, 800px\" \/><figcaption class=\"wp-element-caption\">Colle della Serra<\/figcaption><\/figure>\n\n\n\n<figure class=\"wp-block-image size-large\"><img loading=\"lazy\" decoding=\"async\" width=\"800\" height=\"600\" data-id=\"94243\" src=\"https:\/\/centcols.org\/wp-content\/uploads\/2026\/01\/it-ge-0758.jpg\" alt=\"\" class=\"wp-image-94243\" srcset=\"https:\/\/centcols.org\/wp-content\/uploads\/2026\/01\/it-ge-0758.jpg 800w, https:\/\/centcols.org\/wp-content\/uploads\/2026\/01\/it-ge-0758-768x576.jpg 768w, https:\/\/centcols.org\/wp-content\/uploads\/2026\/01\/it-ge-0758-16x12.jpg 16w\" sizes=\"auto, (max-width: 800px) 100vw, 800px\" \/><figcaption class=\"wp-element-caption\">Passo Tanadorso<\/figcaption><\/figure>\n<\/figure>\n\n\n\n<h2 class=\"wp-block-heading\">Option Mountainbike, Albera Ligure<\/h2>\n\n\n\n<p>36 km, 694 m H\u00f6henunterschied, 5 P\u00e4sse: Colle Trappola (IT-AL-1291), Sella Monte Roncasso (IT-AL-1538), Passo Pan\u00e0 (IT-AL-1546), Passo Bruciamonica (IT-AL-1394), Bocca del Giarolo (IT-AL-1399)<\/p>\n\n\n\n<h2 class=\"wp-block-heading\">Option Stra\u00dfe, Varzi<\/h2>\n\n\n\n<p>59 km, 1270 m H\u00f6henunterschied, 6 P\u00e4sse: Passo di Pietragavina (IT-PV-0729), Colle della Crocetta (IT-PV-0815), Tre Passi Passo delle Tre Strade (IT-PV-1103), Passo del Penice (IT-PC-1149), Passo Scaparina (IT-PC-1108), Passo del Brallo (IT-PV-0952)<\/p>\n\n\n\n<h2 class=\"wp-block-heading\">Option gravel, Albera Ligure<\/h2>\n\n\n\n<p>78 km, 1720 m H\u00f6henunterschied, 6 P\u00e4sse: Bocca del Lupo (IT-AL-0391), Bocchetta di Albarasca (IT-AL-0545), Passo dei Groppi (IT-AL-0461), Bocchetta di Barilaro (IT-AL-0628), Forcella del Barilaro (IT-AL-0765a), Passo dei Pratini (IT-AL-0721)<\/p>\n\n\n\n<p><a href=\"https:\/\/centcols.org\/de\/membres\/cctours\/tours.php\/?lieu=Albera&amp;an=2026\" target=\"_blank\" rel=\"noreferrer noopener\">Spuren gp<\/a><a href=\"https:\/\/centcols.org\/de\/membres\/cctours\/tours.php\/?lieu=Albera&amp;an=2026\">x<\/a><\/p>\n\n\n\n<h2 class=\"wp-block-heading\">Kontakt aufnehmen<\/h2>\n\n\n\n<p class=\"has-medium-font-size\">Luigi Spina +39 349 416 31 74 <br><a href=\"\/de\/&\/#109;&#x61;&#x69;l&#116;&#x6f;:&#108;&#x75;&#x69;g&#105;&#x2e;s&#112;&#x69;&#x6e;a&#64;&#x67;m&#120;&#x2e;&#x64;&#101;\" rel=\"nofollow\">luigi.spina@gmx.de<\/a><\/p>\n\n\n\n<p><\/p>","protected":false},"excerpt":{"rendered":"<p>Le rassemblement italien aura lieu \u00e0 Albera Ligure dans le Val Borbera (Alexandrie) \u00e0 l&rsquo;adresse suivante :Albergo \u2018\u2019Da Bruno\u2019\u2019Frazione San Nazzaro, 1115060 ALBERA LIGURE (AL)Mail : &#x68;&#111;t&#x65;&#x6c;&#95;r&#x69;&#115;t&#x6f;&#x72;&#97;n&#x74;&#101;_&#x64;&#x61;&#95;b&#x72;&#x75;&#110;&#x6f;&#x40;&#104;o&#x74;&#x6d;&#97;i&#x6c;&#46;c&#x6f;&#x6d; Les participants au Raduno effectueront les r\u00e9servations aux conditions suivantes convenues avec le Club des Cent Cols (\u00e0 mentionner lors de la r\u00e9servation) :&#8211; Demi-pension (chambre, d\u00eener du [&hellip;]<\/p>\n","protected":false},"author":136,"featured_media":94242,"comment_status":"open","ping_status":"open","sticky":false,"template":"","format":"standard","meta":{"_acf_changed":false,"footnotes":""},"categories":[465,135,216],"tags":[],"class_list":["post-93008","post","type-post","status-publish","format-standard","has-post-thumbnail","hentry","category-les-rassemblements-de-2026","category-calendrier","category-rencontres-regionales"],"acf":[],"yoast_head":"<!-- This site is optimized with the Yoast SEO plugin v27.2 - https:\/\/yoast.com\/product\/yoast-seo-wordpress\/ -->\n<title>Raduno Italiano - samedi et dimanche 30 &amp; 31 mai 2026 - Club des Cent Cols<\/title>\n<meta name=\"robots\" content=\"index, follow, max-snippet:-1, max-image-preview:large, max-video-preview:-1\" \/>\n<link rel=\"canonical\" href=\"https:\/\/centcols.org\/de\/raduno-italiano-2026\/\" \/>\n<meta property=\"og:locale\" content=\"de_DE\" \/>\n<meta property=\"og:type\" content=\"article\" \/>\n<meta property=\"og:title\" content=\"Raduno Italiano - samedi et dimanche 30 &amp; 31 mai 2026 - Club des Cent Cols\" \/>\n<meta property=\"og:description\" content=\"Le rassemblement italien aura lieu \u00e0 Albera Ligure dans le Val Borbera (Alexandrie) \u00e0 l&rsquo;adresse suivante :Albergo \u2018\u2019Da Bruno\u2019\u2019Frazione San Nazzaro, 1115060 ALBERA LIGURE (AL)Mail : &#x68;&#111;&#116;&#x65;&#x6c;&#095;&#114;&#x69;&#x73;&#116;&#111;&#x72;&#x61;&#110;&#116;&#x65;&#x5f;&#100;&#097;&#x5f;&#x62;&#114;&#117;&#x6e;&#x6f;&#064;&#104;&#x6f;&#x74;&#109;&#097;&#x69;&#x6c;&#046;&#099;&#x6f;&#x6d; Les participants au Raduno effectueront les r\u00e9servations aux conditions suivantes convenues avec le Club des Cent Cols (\u00e0 mentionner lors de la r\u00e9servation) :&#8211; Demi-pension (chambre, d\u00eener du [&hellip;]\" \/>\n<meta property=\"og:url\" content=\"https:\/\/centcols.org\/de\/raduno-italiano-2026\/\" \/>\n<meta property=\"og:site_name\" content=\"Club des Cent Cols\" \/>\n<meta property=\"article:publisher\" content=\"https:\/\/www.facebook.com\/groups\/5261880558\/?locale=fr_FR\" \/>\n<meta property=\"article:published_time\" content=\"2026-01-29T14:50:29+00:00\" \/>\n<meta property=\"article:modified_time\" content=\"2026-04-19T06:56:07+00:00\" \/>\n<meta property=\"og:image\" content=\"https:\/\/centcols.org\/wp-content\/uploads\/2026\/01\/it-ge-0661a.jpg\" \/>\n\t<meta property=\"og:image:width\" content=\"800\" \/>\n\t<meta property=\"og:image:height\" content=\"600\" \/>\n\t<meta property=\"og:image:type\" content=\"image\/jpeg\" \/>\n<meta name=\"author\" content=\"Guy Harl\u00e9\" \/>\n<meta name=\"twitter:card\" content=\"summary_large_image\" \/>\n<meta name=\"twitter:label1\" content=\"Verfasst von\" \/>\n\t<meta name=\"twitter:data1\" content=\"Guy Harl\u00e9\" \/>\n\t<meta name=\"twitter:label2\" content=\"Gesch\u00e4tzte Lesezeit\" \/>\n\t<meta name=\"twitter:data2\" content=\"4\u00a0Minuten\" \/>\n<script type=\"application\/ld+json\" class=\"yoast-schema-graph\">{\"@context\":\"https:\/\/schema.org\",\"@graph\":[{\"@type\":\"Article\",\"@id\":\"https:\/\/centcols.org\/en\/raduno-italiano-2026\/#article\",\"isPartOf\":{\"@id\":\"https:\/\/centcols.org\/en\/raduno-italiano-2026\/\"},\"author\":{\"name\":\"Guy Harl\u00e9\",\"@id\":\"https:\/\/centcols.org\/#\/schema\/person\/377f00da2793c0363246869bb3a344d0\"},\"headline\":\"Raduno Italiano &#8211; samedi et dimanche 30 &amp; 31 mai 2026\",\"datePublished\":\"2026-01-29T14:50:29+00:00\",\"dateModified\":\"2026-04-19T06:56:07+00:00\",\"mainEntityOfPage\":{\"@id\":\"https:\/\/centcols.org\/en\/raduno-italiano-2026\/\"},\"wordCount\":395,\"commentCount\":0,\"publisher\":{\"@id\":\"https:\/\/centcols.org\/#organization\"},\"image\":{\"@id\":\"https:\/\/centcols.org\/en\/raduno-italiano-2026\/#primaryimage\"},\"thumbnailUrl\":\"https:\/\/centcols.org\/wp-content\/uploads\/2026\/01\/it-ge-0661a.jpg\",\"articleSection\":[\"2026-rassemblements\",\"Calendrier\",\"Rencontres r\u00e9gionales\"],\"inLanguage\":\"de\",\"potentialAction\":[{\"@type\":\"CommentAction\",\"name\":\"Comment\",\"target\":[\"https:\/\/centcols.org\/en\/raduno-italiano-2026\/#respond\"]}]},{\"@type\":\"WebPage\",\"@id\":\"https:\/\/centcols.org\/en\/raduno-italiano-2026\/\",\"url\":\"https:\/\/centcols.org\/en\/raduno-italiano-2026\/\",\"name\":\"Raduno Italiano - samedi et dimanche 30 &amp; 31 mai 2026 - Club des Cent Cols\",\"isPartOf\":{\"@id\":\"https:\/\/centcols.org\/#website\"},\"primaryImageOfPage\":{\"@id\":\"https:\/\/centcols.org\/en\/raduno-italiano-2026\/#primaryimage\"},\"image\":{\"@id\":\"https:\/\/centcols.org\/en\/raduno-italiano-2026\/#primaryimage\"},\"thumbnailUrl\":\"https:\/\/centcols.org\/wp-content\/uploads\/2026\/01\/it-ge-0661a.jpg\",\"datePublished\":\"2026-01-29T14:50:29+00:00\",\"dateModified\":\"2026-04-19T06:56:07+00:00\",\"breadcrumb\":{\"@id\":\"https:\/\/centcols.org\/en\/raduno-italiano-2026\/#breadcrumb\"},\"inLanguage\":\"de\",\"potentialAction\":[{\"@type\":\"ReadAction\",\"target\":[\"https:\/\/centcols.org\/en\/raduno-italiano-2026\/\"]}]},{\"@type\":\"ImageObject\",\"inLanguage\":\"de\",\"@id\":\"https:\/\/centcols.org\/en\/raduno-italiano-2026\/#primaryimage\",\"url\":\"https:\/\/centcols.org\/wp-content\/uploads\/2026\/01\/it-ge-0661a.jpg\",\"contentUrl\":\"https:\/\/centcols.org\/wp-content\/uploads\/2026\/01\/it-ge-0661a.jpg\",\"width\":800,\"height\":600,\"caption\":\"Colle della Serra\"},{\"@type\":\"BreadcrumbList\",\"@id\":\"https:\/\/centcols.org\/en\/raduno-italiano-2026\/#breadcrumb\",\"itemListElement\":[{\"@type\":\"ListItem\",\"position\":1,\"name\":\"Accueil\",\"item\":\"https:\/\/centcols.org\/\"},{\"@type\":\"ListItem\",\"position\":2,\"name\":\"Rencontres r\u00e9gionales\",\"item\":\"https:\/\/centcols.org\/rubrique\/rencontres-regionales\/\"},{\"@type\":\"ListItem\",\"position\":3,\"name\":\"Raduno Italiano &#8211; samedi et dimanche 30 &amp; 31 mai 2026\"}]},{\"@type\":\"WebSite\",\"@id\":\"https:\/\/centcols.org\/#website\",\"url\":\"https:\/\/centcols.org\/\",\"name\":\"Club des Cent Cols\",\"description\":\"\",\"publisher\":{\"@id\":\"https:\/\/centcols.org\/#organization\"},\"potentialAction\":[{\"@type\":\"SearchAction\",\"target\":{\"@type\":\"EntryPoint\",\"urlTemplate\":\"https:\/\/centcols.org\/?s={search_term_string}\"},\"query-input\":{\"@type\":\"PropertyValueSpecification\",\"valueRequired\":true,\"valueName\":\"search_term_string\"}}],\"inLanguage\":\"de\"},{\"@type\":\"Organization\",\"@id\":\"https:\/\/centcols.org\/#organization\",\"name\":\"Club des Cent Cols\",\"url\":\"https:\/\/centcols.org\/\",\"logo\":{\"@type\":\"ImageObject\",\"inLanguage\":\"de\",\"@id\":\"https:\/\/centcols.org\/#\/schema\/logo\/image\/\",\"url\":\"https:\/\/centcols.org\/wp-content\/uploads\/2025\/01\/carte-icone.png\",\"contentUrl\":\"https:\/\/centcols.org\/wp-content\/uploads\/2025\/01\/carte-icone.png\",\"width\":250,\"height\":250,\"caption\":\"Club des Cent Cols\"},\"image\":{\"@id\":\"https:\/\/centcols.org\/#\/schema\/logo\/image\/\"},\"sameAs\":[\"https:\/\/www.facebook.com\/groups\/5261880558\/?locale=fr_FR\"]},{\"@type\":\"Person\",\"@id\":\"https:\/\/centcols.org\/#\/schema\/person\/377f00da2793c0363246869bb3a344d0\",\"name\":\"Guy Harl\u00e9\",\"image\":{\"@type\":\"ImageObject\",\"inLanguage\":\"de\",\"@id\":\"https:\/\/centcols.org\/wp-content\/litespeed\/avatar\/94c4de37e46cf090f296d42ab3e8d6a6.jpg?ver=1777238144\",\"url\":\"https:\/\/centcols.org\/wp-content\/litespeed\/avatar\/94c4de37e46cf090f296d42ab3e8d6a6.jpg?ver=1777238144\",\"contentUrl\":\"https:\/\/centcols.org\/wp-content\/litespeed\/avatar\/94c4de37e46cf090f296d42ab3e8d6a6.jpg?ver=1777238144\",\"caption\":\"Guy Harl\u00e9\"},\"url\":\"https:\/\/centcols.org\/de\/author\/5193\/\"}]}<\/script>\n<!-- \/ Yoast SEO plugin. -->","yoast_head_json":{"title":"Raduno Italiano - Samstag und Sonntag, 30. &amp; 31. Mai 2026 - Club des Cent Cols","robots":{"index":"index","follow":"follow","max-snippet":"max-snippet:-1","max-image-preview":"max-image-preview:large","max-video-preview":"max-video-preview:-1"},"canonical":"https:\/\/centcols.org\/de\/raduno-italiano-2026\/","og_locale":"de_DE","og_type":"article","og_title":"Raduno Italiano - samedi et dimanche 30 &amp; 31 mai 2026 - Club des Cent Cols","og_description":"Le rassemblement italien aura lieu \u00e0 Albera Ligure dans le Val Borbera (Alexandrie) \u00e0 l&rsquo;adresse suivante :Albergo \u2018\u2019Da Bruno\u2019\u2019Frazione San Nazzaro, 1115060 ALBERA LIGURE (AL)Mail : &#x68;&#111;&#116;&#x65;&#x6c;&#95;&#114;&#x69;&#x73;&#116;&#111;&#x72;&#x61;&#110;&#116;&#x65;&#x5f;&#100;&#97;&#x5f;&#x62;&#114;&#117;&#x6e;&#x6f;&#64;&#104;&#x6f;&#x74;&#109;&#97;&#x69;&#x6c;&#46;&#99;&#x6f;&#x6d; Les participants au Raduno effectueront les r\u00e9servations aux conditions suivantes convenues avec le Club des Cent Cols (\u00e0 mentionner lors de la r\u00e9servation) :&#8211; Demi-pension (chambre, d\u00eener du [&hellip;]","og_url":"https:\/\/centcols.org\/de\/raduno-italiano-2026\/","og_site_name":"Club des Cent Cols","article_publisher":"https:\/\/www.facebook.com\/groups\/5261880558\/?locale=fr_FR","article_published_time":"2026-01-29T14:50:29+00:00","article_modified_time":"2026-04-19T06:56:07+00:00","og_image":[{"width":800,"height":600,"url":"https:\/\/centcols.org\/wp-content\/uploads\/2026\/01\/it-ge-0661a.jpg","type":"image\/jpeg"}],"author":"Guy Harl\u00e9","twitter_card":"summary_large_image","twitter_misc":{"Verfasst von":"Guy Harl\u00e9","Gesch\u00e4tzte Lesezeit":"4\u00a0Minuten"},"schema":{"@context":"https:\/\/schema.org","@graph":[{"@type":"Article","@id":"https:\/\/centcols.org\/en\/raduno-italiano-2026\/#article","isPartOf":{"@id":"https:\/\/centcols.org\/en\/raduno-italiano-2026\/"},"author":{"name":"Guy Harl\u00e9","@id":"https:\/\/centcols.org\/#\/schema\/person\/377f00da2793c0363246869bb3a344d0"},"headline":"Raduno Italiano &#8211; samedi et dimanche 30 &amp; 31 mai 2026","datePublished":"2026-01-29T14:50:29+00:00","dateModified":"2026-04-19T06:56:07+00:00","mainEntityOfPage":{"@id":"https:\/\/centcols.org\/en\/raduno-italiano-2026\/"},"wordCount":395,"commentCount":0,"publisher":{"@id":"https:\/\/centcols.org\/#organization"},"image":{"@id":"https:\/\/centcols.org\/en\/raduno-italiano-2026\/#primaryimage"},"thumbnailUrl":"https:\/\/centcols.org\/wp-content\/uploads\/2026\/01\/it-ge-0661a.jpg","articleSection":["2026-rassemblements","Calendrier","Rencontres r\u00e9gionales"],"inLanguage":"de","potentialAction":[{"@type":"CommentAction","name":"Comment","target":["https:\/\/centcols.org\/en\/raduno-italiano-2026\/#respond"]}]},{"@type":"WebPage","@id":"https:\/\/centcols.org\/en\/raduno-italiano-2026\/","url":"https:\/\/centcols.org\/en\/raduno-italiano-2026\/","name":"Raduno Italiano - Samstag und Sonntag, 30. &amp; 31. Mai 2026 - Club des Cent Cols","isPartOf":{"@id":"https:\/\/centcols.org\/#website"},"primaryImageOfPage":{"@id":"https:\/\/centcols.org\/en\/raduno-italiano-2026\/#primaryimage"},"image":{"@id":"https:\/\/centcols.org\/en\/raduno-italiano-2026\/#primaryimage"},"thumbnailUrl":"https:\/\/centcols.org\/wp-content\/uploads\/2026\/01\/it-ge-0661a.jpg","datePublished":"2026-01-29T14:50:29+00:00","dateModified":"2026-04-19T06:56:07+00:00","breadcrumb":{"@id":"https:\/\/centcols.org\/en\/raduno-italiano-2026\/#breadcrumb"},"inLanguage":"de","potentialAction":[{"@type":"ReadAction","target":["https:\/\/centcols.org\/en\/raduno-italiano-2026\/"]}]},{"@type":"ImageObject","inLanguage":"de","@id":"https:\/\/centcols.org\/en\/raduno-italiano-2026\/#primaryimage","url":"https:\/\/centcols.org\/wp-content\/uploads\/2026\/01\/it-ge-0661a.jpg","contentUrl":"https:\/\/centcols.org\/wp-content\/uploads\/2026\/01\/it-ge-0661a.jpg","width":800,"height":600,"caption":"Colle della Serra"},{"@type":"BreadcrumbList","@id":"https:\/\/centcols.org\/en\/raduno-italiano-2026\/#breadcrumb","itemListElement":[{"@type":"ListItem","position":1,"name":"Accueil","item":"https:\/\/centcols.org\/"},{"@type":"ListItem","position":2,"name":"Rencontres r\u00e9gionales","item":"https:\/\/centcols.org\/rubrique\/rencontres-regionales\/"},{"@type":"ListItem","position":3,"name":"Raduno Italiano &#8211; samedi et dimanche 30 &amp; 31 mai 2026"}]},{"@type":"WebSite","@id":"https:\/\/centcols.org\/#website","url":"https:\/\/centcols.org\/","name":"Club des Cent Cols","description":"","publisher":{"@id":"https:\/\/centcols.org\/#organization"},"potentialAction":[{"@type":"SearchAction","target":{"@type":"EntryPoint","urlTemplate":"https:\/\/centcols.org\/?s={search_term_string}"},"query-input":{"@type":"PropertyValueSpecification","valueRequired":true,"valueName":"search_term_string"}}],"inLanguage":"de"},{"@type":"Organization","@id":"https:\/\/centcols.org\/#organization","name":"Club des Cent Cols","url":"https:\/\/centcols.org\/","logo":{"@type":"ImageObject","inLanguage":"de","@id":"https:\/\/centcols.org\/#\/schema\/logo\/image\/","url":"https:\/\/centcols.org\/wp-content\/uploads\/2025\/01\/carte-icone.png","contentUrl":"https:\/\/centcols.org\/wp-content\/uploads\/2025\/01\/carte-icone.png","width":250,"height":250,"caption":"Club des Cent Cols"},"image":{"@id":"https:\/\/centcols.org\/#\/schema\/logo\/image\/"},"sameAs":["https:\/\/www.facebook.com\/groups\/5261880558\/?locale=fr_FR"]},{"@type":"Person","@id":"https:\/\/centcols.org\/#\/schema\/person\/377f00da2793c0363246869bb3a344d0","name":"Guy Harl\u00e9","image":{"@type":"ImageObject","inLanguage":"de","@id":"https:\/\/centcols.org\/wp-content\/litespeed\/avatar\/94c4de37e46cf090f296d42ab3e8d6a6.jpg?ver=1777238144","url":"https:\/\/centcols.org\/wp-content\/litespeed\/avatar\/94c4de37e46cf090f296d42ab3e8d6a6.jpg?ver=1777238144","contentUrl":"https:\/\/centcols.org\/wp-content\/litespeed\/avatar\/94c4de37e46cf090f296d42ab3e8d6a6.jpg?ver=1777238144","caption":"Guy Harl\u00e9"},"url":"https:\/\/centcols.org\/de\/author\/5193\/"}]}},"_links":{"self":[{"href":"https:\/\/centcols.org\/de\/wp-json\/wp\/v2\/posts\/93008","targetHints":{"allow":["GET"]}}],"collection":[{"href":"https:\/\/centcols.org\/de\/wp-json\/wp\/v2\/posts"}],"about":[{"href":"https:\/\/centcols.org\/de\/wp-json\/wp\/v2\/types\/post"}],"author":[{"embeddable":true,"href":"https:\/\/centcols.org\/de\/wp-json\/wp\/v2\/users\/136"}],"replies":[{"embeddable":true,"href":"https:\/\/centcols.org\/de\/wp-json\/wp\/v2\/comments?post=93008"}],"version-history":[{"count":0,"href":"https:\/\/centcols.org\/de\/wp-json\/wp\/v2\/posts\/93008\/revisions"}],"wp:featuredmedia":[{"embeddable":true,"href":"https:\/\/centcols.org\/de\/wp-json\/wp\/v2\/media\/94242"}],"wp:attachment":[{"href":"https:\/\/centcols.org\/de\/wp-json\/wp\/v2\/media?parent=93008"}],"wp:term":[{"taxonomy":"category","embeddable":true,"href":"https:\/\/centcols.org\/de\/wp-json\/wp\/v2\/categories?post=93008"},{"taxonomy":"post_tag","embeddable":true,"href":"https:\/\/centcols.org\/de\/wp-json\/wp\/v2\/tags?post=93008"}],"curies":[{"name":"wp","href":"https:\/\/api.w.org\/{rel}","templated":true}]}}