{"id":93044,"date":"2026-01-29T17:39:50","date_gmt":"2026-01-29T15:39:50","guid":{"rendered":"https:\/\/centcols.org\/?p=93044"},"modified":"2026-03-09T19:09:23","modified_gmt":"2026-03-09T17:09:23","slug":"schweizer-fondue-2026","status":"publish","type":"post","link":"https:\/\/centcols.org\/de\/suisse-fondue-2026\/","title":{"rendered":"Schweiz, Fondue, Samstag, 28. Februar 2026"},"content":{"rendered":"<div style=\"height:40px\" aria-hidden=\"true\" class=\"wp-block-spacer\"><\/div>\n\n\n\n<h2 class=\"wp-block-heading\">Bericht<\/h2>\n\n\n\n<p>Anwesend waren: 10 franz\u00f6sische Mitglieder, darunter der Pr\u00e4sident Christophe, und 22 Schweizer Mitglieder, darunter die stellvertretende Sekret\u00e4rin Pascale. Die Teilnehmerzahl bewies, dass es nicht nur um die Anzahl der P\u00e4sse ging, die wir an diesem Tag \u00fcberqueren w\u00fcrden. Es war auch die Lust, einen Moment unter Freunden bei einem guten Essen zu verbringen, in Geselligkeit und guter Laune.<\/p>\n\n\n\n<p class=\"has-medium-font-size\"><strong>Ein paar Infos:<\/strong><\/p>\n\n\n\n<p>In der Arbeitsgruppe (AG) des Schweizer Katalogs gibt es eine Ver\u00e4nderung. Bernard Besson zieht sich nach vielen Jahren der Zusammenarbeit zur\u00fcck, herzlichen Dank f\u00fcr die geleistete Arbeit. Er wird durch Andr\u00e9 Rudaz ersetzt, so dass wir mit Christian und mir weiterhin zu dritt in der AG CH sind.<\/p>\n\n\n\n<p>Ein Nachtrag ist Anfang Januar erschienen und der n\u00e4chste ist f\u00fcr Ende M\u00e4rz, Anfang April geplant und wird der letzte bis zum Herbst sein. Darin finden Sie viele neue P\u00e4sse in den Kantonen Tessin und Glarus.<\/p>\n\n\n\n<p class=\"has-medium-font-size\"><strong>Einige Fotos : <\/strong><\/p>\n\n\n\n<p><a href=\"https:\/\/photos.app.goo.gl\/8nwDFGze2QN3V8XGA\">https:\/\/photos.app.goo.gl\/8nwDFGze2QN3V8XGA<\/a><\/p>\n\n\n\n<p>Fondue im Caf\u00e9 Tivoli, Place d'Armes 18, 1618 Ch\u00e2tel-Saint-Denis. Treffpunkt um 11.30 Uhr<\/p>\n\n\n\n<p>Traditionelles Fondue zu Beginn der Saison, organisiert von Jacques Bezzola<\/p>\n\n\n\n<p>Reservierung: Jacques Bezzola<\/p>\n\n\n\n<h2 class=\"wp-block-heading\">Kontakt aufnehmen<\/h2>\n\n\n\n<p>Jacques Bezzola<br><a href=\"\/de\/&\/#109;&#x61;i&#x6c;t&#111;&#x3a;&#98;&#x6f;u&#115;&#x73;&#111;&#x6c;e&#x40;&#x62;&#108;&#x75;e&#x77;i&#110;&#x2e;&#99;&#x68;\">boussole@bluewin.ch<\/a><br>Tel: +41 26 411 36 30<br>Natel: +41 79 598 92 20<\/p>\n\n\n\n<p><\/p>","protected":false},"excerpt":{"rendered":"<p>Compte-rendu \u00c9taient pr\u00e9sents\u00a0: 10 membres fran\u00e7ais dont le pr\u00e9sident Christophe et 22 membres suisses dont la secr\u00e9taire adjointe Pascale. Preuve par le nombre de participants que ce n\u2019\u00e9tait pas uniquement le nombre de cols que nous allions franchir ce jour qui comptait. Il y avait aussi l\u2019envie de passer un moment entre amis autour d\u2019un [&hellip;]<\/p>\n","protected":false},"author":136,"featured_media":83745,"comment_status":"open","ping_status":"open","sticky":false,"template":"","format":"standard","meta":{"_acf_changed":false,"footnotes":""},"categories":[465,135,216],"tags":[],"class_list":["post-93044","post","type-post","status-publish","format-standard","has-post-thumbnail","hentry","category-les-rassemblements-de-2026","category-calendrier","category-rencontres-regionales"],"acf":[],"yoast_head":"<!-- This site is optimized with the Yoast SEO plugin v27.2 - https:\/\/yoast.com\/product\/yoast-seo-wordpress\/ -->\n<title>Suisse, Fondue, samedi 28 f\u00e9vrier 2026 - Club des Cent Cols<\/title>\n<meta name=\"robots\" content=\"index, follow, max-snippet:-1, max-image-preview:large, max-video-preview:-1\" \/>\n<link rel=\"canonical\" href=\"https:\/\/centcols.org\/de\/schweizer-fondue-2026\/\" \/>\n<meta property=\"og:locale\" content=\"de_DE\" \/>\n<meta property=\"og:type\" content=\"article\" \/>\n<meta property=\"og:title\" content=\"Suisse, Fondue, samedi 28 f\u00e9vrier 2026 - Club des Cent Cols\" \/>\n<meta property=\"og:description\" content=\"Compte-rendu \u00c9taient pr\u00e9sents\u00a0: 10 membres fran\u00e7ais dont le pr\u00e9sident Christophe et 22 membres suisses dont la secr\u00e9taire adjointe Pascale. Preuve par le nombre de participants que ce n\u2019\u00e9tait pas uniquement le nombre de cols que nous allions franchir ce jour qui comptait. Il y avait aussi l\u2019envie de passer un moment entre amis autour d\u2019un [&hellip;]\" \/>\n<meta property=\"og:url\" content=\"https:\/\/centcols.org\/de\/schweizer-fondue-2026\/\" \/>\n<meta property=\"og:site_name\" content=\"Club des Cent Cols\" \/>\n<meta property=\"article:publisher\" content=\"https:\/\/www.facebook.com\/groups\/5261880558\/?locale=fr_FR\" \/>\n<meta property=\"article:published_time\" content=\"2026-01-29T15:39:50+00:00\" \/>\n<meta property=\"article:modified_time\" content=\"2026-03-09T17:09:23+00:00\" \/>\n<meta property=\"og:image\" content=\"https:\/\/centcols.org\/wp-content\/uploads\/2025\/01\/fondue.jpg\" \/>\n\t<meta property=\"og:image:width\" content=\"800\" \/>\n\t<meta property=\"og:image:height\" content=\"533\" \/>\n\t<meta property=\"og:image:type\" content=\"image\/jpeg\" \/>\n<meta name=\"author\" content=\"Guy Harl\u00e9\" \/>\n<meta name=\"twitter:card\" content=\"summary_large_image\" \/>\n<meta name=\"twitter:label1\" content=\"Verfasst von\" \/>\n\t<meta name=\"twitter:data1\" content=\"Guy Harl\u00e9\" \/>\n\t<meta name=\"twitter:label2\" content=\"Gesch\u00e4tzte Lesezeit\" \/>\n\t<meta name=\"twitter:data2\" content=\"2\u00a0Minuten\" \/>\n<script type=\"application\/ld+json\" class=\"yoast-schema-graph\">{\"@context\":\"https:\/\/schema.org\",\"@graph\":[{\"@type\":\"Article\",\"@id\":\"https:\/\/centcols.org\/it\/fonduta-svizzera-2026\/#article\",\"isPartOf\":{\"@id\":\"https:\/\/centcols.org\/it\/fonduta-svizzera-2026\/\"},\"author\":{\"name\":\"Guy Harl\u00e9\",\"@id\":\"https:\/\/centcols.org\/#\/schema\/person\/377f00da2793c0363246869bb3a344d0\"},\"headline\":\"Suisse, Fondue, samedi 28 f\u00e9vrier 2026\",\"datePublished\":\"2026-01-29T15:39:50+00:00\",\"dateModified\":\"2026-03-09T17:09:23+00:00\",\"mainEntityOfPage\":{\"@id\":\"https:\/\/centcols.org\/it\/fonduta-svizzera-2026\/\"},\"wordCount\":212,\"commentCount\":0,\"publisher\":{\"@id\":\"https:\/\/centcols.org\/#organization\"},\"image\":{\"@id\":\"https:\/\/centcols.org\/it\/fonduta-svizzera-2026\/#primaryimage\"},\"thumbnailUrl\":\"https:\/\/centcols.org\/wp-content\/uploads\/2025\/01\/fondue.jpg\",\"articleSection\":[\"2026-rassemblements\",\"Calendrier\",\"Rencontres r\u00e9gionales\"],\"inLanguage\":\"de\",\"potentialAction\":[{\"@type\":\"CommentAction\",\"name\":\"Comment\",\"target\":[\"https:\/\/centcols.org\/it\/fonduta-svizzera-2026\/#respond\"]}]},{\"@type\":\"WebPage\",\"@id\":\"https:\/\/centcols.org\/it\/fonduta-svizzera-2026\/\",\"url\":\"https:\/\/centcols.org\/it\/fonduta-svizzera-2026\/\",\"name\":\"Suisse, Fondue, samedi 28 f\u00e9vrier 2026 - Club des Cent Cols\",\"isPartOf\":{\"@id\":\"https:\/\/centcols.org\/#website\"},\"primaryImageOfPage\":{\"@id\":\"https:\/\/centcols.org\/it\/fonduta-svizzera-2026\/#primaryimage\"},\"image\":{\"@id\":\"https:\/\/centcols.org\/it\/fonduta-svizzera-2026\/#primaryimage\"},\"thumbnailUrl\":\"https:\/\/centcols.org\/wp-content\/uploads\/2025\/01\/fondue.jpg\",\"datePublished\":\"2026-01-29T15:39:50+00:00\",\"dateModified\":\"2026-03-09T17:09:23+00:00\",\"breadcrumb\":{\"@id\":\"https:\/\/centcols.org\/it\/fonduta-svizzera-2026\/#breadcrumb\"},\"inLanguage\":\"de\",\"potentialAction\":[{\"@type\":\"ReadAction\",\"target\":[\"https:\/\/centcols.org\/it\/fonduta-svizzera-2026\/\"]}]},{\"@type\":\"ImageObject\",\"inLanguage\":\"de\",\"@id\":\"https:\/\/centcols.org\/it\/fonduta-svizzera-2026\/#primaryimage\",\"url\":\"https:\/\/centcols.org\/wp-content\/uploads\/2025\/01\/fondue.jpg\",\"contentUrl\":\"https:\/\/centcols.org\/wp-content\/uploads\/2025\/01\/fondue.jpg\",\"width\":800,\"height\":533},{\"@type\":\"BreadcrumbList\",\"@id\":\"https:\/\/centcols.org\/it\/fonduta-svizzera-2026\/#breadcrumb\",\"itemListElement\":[{\"@type\":\"ListItem\",\"position\":1,\"name\":\"Accueil\",\"item\":\"https:\/\/centcols.org\/\"},{\"@type\":\"ListItem\",\"position\":2,\"name\":\"Rencontres r\u00e9gionales\",\"item\":\"https:\/\/centcols.org\/rubrique\/rencontres-regionales\/\"},{\"@type\":\"ListItem\",\"position\":3,\"name\":\"Suisse, Fondue, samedi 28 f\u00e9vrier 2026\"}]},{\"@type\":\"WebSite\",\"@id\":\"https:\/\/centcols.org\/#website\",\"url\":\"https:\/\/centcols.org\/\",\"name\":\"Club des Cent Cols\",\"description\":\"\",\"publisher\":{\"@id\":\"https:\/\/centcols.org\/#organization\"},\"potentialAction\":[{\"@type\":\"SearchAction\",\"target\":{\"@type\":\"EntryPoint\",\"urlTemplate\":\"https:\/\/centcols.org\/?s={search_term_string}\"},\"query-input\":{\"@type\":\"PropertyValueSpecification\",\"valueRequired\":true,\"valueName\":\"search_term_string\"}}],\"inLanguage\":\"de\"},{\"@type\":\"Organization\",\"@id\":\"https:\/\/centcols.org\/#organization\",\"name\":\"Club des Cent Cols\",\"url\":\"https:\/\/centcols.org\/\",\"logo\":{\"@type\":\"ImageObject\",\"inLanguage\":\"de\",\"@id\":\"https:\/\/centcols.org\/#\/schema\/logo\/image\/\",\"url\":\"https:\/\/centcols.org\/wp-content\/uploads\/2025\/01\/carte-icone.png\",\"contentUrl\":\"https:\/\/centcols.org\/wp-content\/uploads\/2025\/01\/carte-icone.png\",\"width\":250,\"height\":250,\"caption\":\"Club des Cent Cols\"},\"image\":{\"@id\":\"https:\/\/centcols.org\/#\/schema\/logo\/image\/\"},\"sameAs\":[\"https:\/\/www.facebook.com\/groups\/5261880558\/?locale=fr_FR\"]},{\"@type\":\"Person\",\"@id\":\"https:\/\/centcols.org\/#\/schema\/person\/377f00da2793c0363246869bb3a344d0\",\"name\":\"Guy Harl\u00e9\",\"image\":{\"@type\":\"ImageObject\",\"inLanguage\":\"de\",\"@id\":\"https:\/\/centcols.org\/wp-content\/litespeed\/avatar\/94c4de37e46cf090f296d42ab3e8d6a6.jpg?ver=1777238144\",\"url\":\"https:\/\/centcols.org\/wp-content\/litespeed\/avatar\/94c4de37e46cf090f296d42ab3e8d6a6.jpg?ver=1777238144\",\"contentUrl\":\"https:\/\/centcols.org\/wp-content\/litespeed\/avatar\/94c4de37e46cf090f296d42ab3e8d6a6.jpg?ver=1777238144\",\"caption\":\"Guy Harl\u00e9\"},\"url\":\"https:\/\/centcols.org\/de\/author\/5193\/\"}]}<\/script>\n<!-- \/ Yoast SEO plugin. -->","yoast_head_json":{"title":"Schweiz, Fondue, Samstag, 28. Februar 2026 - Club des Cent Cols","robots":{"index":"index","follow":"follow","max-snippet":"max-snippet:-1","max-image-preview":"max-image-preview:large","max-video-preview":"max-video-preview:-1"},"canonical":"https:\/\/centcols.org\/de\/schweizer-fondue-2026\/","og_locale":"de_DE","og_type":"article","og_title":"Suisse, Fondue, samedi 28 f\u00e9vrier 2026 - Club des Cent Cols","og_description":"Compte-rendu \u00c9taient pr\u00e9sents\u00a0: 10 membres fran\u00e7ais dont le pr\u00e9sident Christophe et 22 membres suisses dont la secr\u00e9taire adjointe Pascale. Preuve par le nombre de participants que ce n\u2019\u00e9tait pas uniquement le nombre de cols que nous allions franchir ce jour qui comptait. Il y avait aussi l\u2019envie de passer un moment entre amis autour d\u2019un [&hellip;]","og_url":"https:\/\/centcols.org\/de\/schweizer-fondue-2026\/","og_site_name":"Club des Cent Cols","article_publisher":"https:\/\/www.facebook.com\/groups\/5261880558\/?locale=fr_FR","article_published_time":"2026-01-29T15:39:50+00:00","article_modified_time":"2026-03-09T17:09:23+00:00","og_image":[{"width":800,"height":533,"url":"https:\/\/centcols.org\/wp-content\/uploads\/2025\/01\/fondue.jpg","type":"image\/jpeg"}],"author":"Guy Harl\u00e9","twitter_card":"summary_large_image","twitter_misc":{"Verfasst von":"Guy Harl\u00e9","Gesch\u00e4tzte Lesezeit":"2\u00a0Minuten"},"schema":{"@context":"https:\/\/schema.org","@graph":[{"@type":"Article","@id":"https:\/\/centcols.org\/it\/fonduta-svizzera-2026\/#article","isPartOf":{"@id":"https:\/\/centcols.org\/it\/fonduta-svizzera-2026\/"},"author":{"name":"Guy Harl\u00e9","@id":"https:\/\/centcols.org\/#\/schema\/person\/377f00da2793c0363246869bb3a344d0"},"headline":"Suisse, Fondue, samedi 28 f\u00e9vrier 2026","datePublished":"2026-01-29T15:39:50+00:00","dateModified":"2026-03-09T17:09:23+00:00","mainEntityOfPage":{"@id":"https:\/\/centcols.org\/it\/fonduta-svizzera-2026\/"},"wordCount":212,"commentCount":0,"publisher":{"@id":"https:\/\/centcols.org\/#organization"},"image":{"@id":"https:\/\/centcols.org\/it\/fonduta-svizzera-2026\/#primaryimage"},"thumbnailUrl":"https:\/\/centcols.org\/wp-content\/uploads\/2025\/01\/fondue.jpg","articleSection":["2026-rassemblements","Calendrier","Rencontres r\u00e9gionales"],"inLanguage":"de","potentialAction":[{"@type":"CommentAction","name":"Comment","target":["https:\/\/centcols.org\/it\/fonduta-svizzera-2026\/#respond"]}]},{"@type":"WebPage","@id":"https:\/\/centcols.org\/it\/fonduta-svizzera-2026\/","url":"https:\/\/centcols.org\/it\/fonduta-svizzera-2026\/","name":"Schweiz, Fondue, Samstag, 28. Februar 2026 - Club des Cent Cols","isPartOf":{"@id":"https:\/\/centcols.org\/#website"},"primaryImageOfPage":{"@id":"https:\/\/centcols.org\/it\/fonduta-svizzera-2026\/#primaryimage"},"image":{"@id":"https:\/\/centcols.org\/it\/fonduta-svizzera-2026\/#primaryimage"},"thumbnailUrl":"https:\/\/centcols.org\/wp-content\/uploads\/2025\/01\/fondue.jpg","datePublished":"2026-01-29T15:39:50+00:00","dateModified":"2026-03-09T17:09:23+00:00","breadcrumb":{"@id":"https:\/\/centcols.org\/it\/fonduta-svizzera-2026\/#breadcrumb"},"inLanguage":"de","potentialAction":[{"@type":"ReadAction","target":["https:\/\/centcols.org\/it\/fonduta-svizzera-2026\/"]}]},{"@type":"ImageObject","inLanguage":"de","@id":"https:\/\/centcols.org\/it\/fonduta-svizzera-2026\/#primaryimage","url":"https:\/\/centcols.org\/wp-content\/uploads\/2025\/01\/fondue.jpg","contentUrl":"https:\/\/centcols.org\/wp-content\/uploads\/2025\/01\/fondue.jpg","width":800,"height":533},{"@type":"BreadcrumbList","@id":"https:\/\/centcols.org\/it\/fonduta-svizzera-2026\/#breadcrumb","itemListElement":[{"@type":"ListItem","position":1,"name":"Accueil","item":"https:\/\/centcols.org\/"},{"@type":"ListItem","position":2,"name":"Rencontres r\u00e9gionales","item":"https:\/\/centcols.org\/rubrique\/rencontres-regionales\/"},{"@type":"ListItem","position":3,"name":"Suisse, Fondue, samedi 28 f\u00e9vrier 2026"}]},{"@type":"WebSite","@id":"https:\/\/centcols.org\/#website","url":"https:\/\/centcols.org\/","name":"Club des Cent Cols","description":"","publisher":{"@id":"https:\/\/centcols.org\/#organization"},"potentialAction":[{"@type":"SearchAction","target":{"@type":"EntryPoint","urlTemplate":"https:\/\/centcols.org\/?s={search_term_string}"},"query-input":{"@type":"PropertyValueSpecification","valueRequired":true,"valueName":"search_term_string"}}],"inLanguage":"de"},{"@type":"Organization","@id":"https:\/\/centcols.org\/#organization","name":"Club des Cent Cols","url":"https:\/\/centcols.org\/","logo":{"@type":"ImageObject","inLanguage":"de","@id":"https:\/\/centcols.org\/#\/schema\/logo\/image\/","url":"https:\/\/centcols.org\/wp-content\/uploads\/2025\/01\/carte-icone.png","contentUrl":"https:\/\/centcols.org\/wp-content\/uploads\/2025\/01\/carte-icone.png","width":250,"height":250,"caption":"Club des Cent Cols"},"image":{"@id":"https:\/\/centcols.org\/#\/schema\/logo\/image\/"},"sameAs":["https:\/\/www.facebook.com\/groups\/5261880558\/?locale=fr_FR"]},{"@type":"Person","@id":"https:\/\/centcols.org\/#\/schema\/person\/377f00da2793c0363246869bb3a344d0","name":"Guy Harl\u00e9","image":{"@type":"ImageObject","inLanguage":"de","@id":"https:\/\/centcols.org\/wp-content\/litespeed\/avatar\/94c4de37e46cf090f296d42ab3e8d6a6.jpg?ver=1777238144","url":"https:\/\/centcols.org\/wp-content\/litespeed\/avatar\/94c4de37e46cf090f296d42ab3e8d6a6.jpg?ver=1777238144","contentUrl":"https:\/\/centcols.org\/wp-content\/litespeed\/avatar\/94c4de37e46cf090f296d42ab3e8d6a6.jpg?ver=1777238144","caption":"Guy Harl\u00e9"},"url":"https:\/\/centcols.org\/de\/author\/5193\/"}]}},"_links":{"self":[{"href":"https:\/\/centcols.org\/de\/wp-json\/wp\/v2\/posts\/93044","targetHints":{"allow":["GET"]}}],"collection":[{"href":"https:\/\/centcols.org\/de\/wp-json\/wp\/v2\/posts"}],"about":[{"href":"https:\/\/centcols.org\/de\/wp-json\/wp\/v2\/types\/post"}],"author":[{"embeddable":true,"href":"https:\/\/centcols.org\/de\/wp-json\/wp\/v2\/users\/136"}],"replies":[{"embeddable":true,"href":"https:\/\/centcols.org\/de\/wp-json\/wp\/v2\/comments?post=93044"}],"version-history":[{"count":0,"href":"https:\/\/centcols.org\/de\/wp-json\/wp\/v2\/posts\/93044\/revisions"}],"wp:featuredmedia":[{"embeddable":true,"href":"https:\/\/centcols.org\/de\/wp-json\/wp\/v2\/media\/83745"}],"wp:attachment":[{"href":"https:\/\/centcols.org\/de\/wp-json\/wp\/v2\/media?parent=93044"}],"wp:term":[{"taxonomy":"category","embeddable":true,"href":"https:\/\/centcols.org\/de\/wp-json\/wp\/v2\/categories?post=93044"},{"taxonomy":"post_tag","embeddable":true,"href":"https:\/\/centcols.org\/de\/wp-json\/wp\/v2\/tags?post=93044"}],"curies":[{"name":"wp","href":"https:\/\/api.w.org\/{rel}","templated":true}]}}