{"id":93121,"date":"2026-01-30T18:48:11","date_gmt":"2026-01-30T16:48:11","guid":{"rendered":"https:\/\/centcols.org\/?p=93121"},"modified":"2026-02-02T10:24:29","modified_gmt":"2026-02-02T08:24:29","slug":"parpaillon-pass","status":"publish","type":"post","link":"https:\/\/centcols.org\/de\/col-du-parpaillon\/","title":{"rendered":"Parpaillon-Pass"},"content":{"rendered":"<p>Der PARPAILLON-Pass (<a href=\"\/de\/util\/geo\/visu.php\/?code=FR-04-2637\" type=\"link\" id=\"\/util\/geo\/visu.php?code=FR-04-2637\">DE-04-2637<\/a>) 54 3538-O 133-031<\/p>\n\n\n\n<p>Wenn es einen legend\u00e4ren Pass gibt, dann ist es der Parpaillon! Er liegt an der Grenze zwischen den Alpes de Haute-Provence und den Hautes-Alpes und erreicht eine H\u00f6he von 2637 m auf einem Kamm, der das Durance- und das Ubaye-Tal voneinander trennt. Dieser Pass wurde wie viele andere \u00dcberg\u00e4nge entlang der Grande Travers\u00e9e des Alpes zwischen Thonon und Nizza von den Truppen des Milit\u00e4ringenieurwesens er\u00f6ffnet.<\/p>\n\n\n\n<p>Das \u00abGl\u00fcck\u00bb des Parpaillon bestand darin, dass er mit dem Col de Vars konkurrierte, der die gleichen T\u00e4ler miteinander verband, aber 500 m tiefer lag. Als der Teer aufkam, war es ganz nat\u00fcrlich, dass der Col de Vars damit begl\u00fcckt wurde! Der Col du Parpaillon ist somit einer der letzten Zeugen daf\u00fcr, wie ein gro\u00dfer Alpenpass vor dem Zeitalter der Autos und des Teers ausgesehen haben k\u00f6nnte.<\/p>\n\n\n\n<p>Auch heute noch zieht der Parpaillon all jene an, die einen unber\u00fchrten, reinen und wilden Berg wiederfinden m\u00f6chten, um sich als Gast in ihn hineinzuschleichen. Der S\u00fcdhang bietet von Condamine-Ch\u00e2telard aus einen H\u00f6henunterschied von etwa 1400 m auf 18 km. Nur die ersten 6 km sind asphaltiert, der Rest besteht aus einer guten Piste R1, die zun\u00e4chst unter L\u00e4rchen aufsteigt und dann in ein breites Tal m\u00fcndet, in dem sich die \u00abCabane du Grand Parpaillon\u00bb auf 2031 m H\u00f6he befindet. Hier herrscht Hochgebirgsstimmung: Almwiesen, Felsen, breite Schuttkegel und keine menschliche Besiedlung. Der Weg steigt in majest\u00e4tischen Serpentinen bis zum ber\u00fchmten Gipfeltunnel an... Ein Tunnel mit Holzt\u00fcren (die manchmal vom Schnee blockiert werden, wenn man zu fr\u00fch in der Saison angekommen ist). Ein dunkler, eisiger Tunnel, den man durchquert, w\u00e4hrend man auf das winzige Lichtloch am Ausgang schaut, was einem erlaubt, durch einige dunkle Pf\u00fctzen zu waten, w\u00e4hrend man sein Fahrrad schiebt...<br>Puristen k\u00f6nnen den \u00abechten\u00bb Pass (<a href=\"\/de\/util\/geo\/visu.php\/?code=FR-04-2783\" type=\"link\" id=\"\/util\/geo\/visu.php?code=FR-04-2783\">DE-04-2783<\/a>), indem Sie sich auf einen S3-4-Pfad begeben, der den Kamm oberhalb des Tunnels auf einer H\u00f6he von etwa 2780 m \u00fcberquert. Von dort aus hat man einen herrlichen Ausblick.<\/p>\n\n\n\n<p>Auf der Nordseite trifft man vor dem kleinen Dorf La Chalp keine Menschenseele mehr an, wo der Asphalt wieder auftaucht.<\/p>\n\n\n\n<p>Der Col du Parpaillon kann auf einer wundersch\u00f6nen Route bestiegen werden, die in Condamine beginnt und den Col du Parpaillon, den Col de la Coche (<a href=\"\/de\/util\/geo\/visu.php\/?code=FR-05-1791\" type=\"link\" id=\"\/util\/geo\/visu.php?code=FR-05-1791\">DE-05-1791<\/a>), Col de Valbelle (<a href=\"\/de\/util\/geo\/visu.php\/?code=FR-05-2372\" type=\"link\" id=\"\/util\/geo\/visu.php?code=FR-05-2372\">DE-05-2372<\/a>), Col de Ch\u00e9rine (<a href=\"\/de\/util\/geo\/visu.php\/?code=FR-05-2270\" type=\"link\" id=\"\/util\/geo\/visu.php?code=FR-05-2270\">DE-05-2270<\/a>) und Col de Vars (<a href=\"\/de\/util\/geo\/visu.php\/?code=FR-04-2108\" type=\"link\" id=\"\/util\/geo\/visu.php?code=FR-04-2108\">DE-04-2108<\/a>). Die Hartgesottenen k\u00f6nnen sogar den Col de Girabeau (<a href=\"\/de\/util\/geo\/visu.php\/?code=FR-05-2488b\" type=\"link\" id=\"\/util\/geo\/visu.php?code=FR-05-2488b\">DE-05-2488b<\/a>), der Col du Vallon (<a href=\"\/de\/util\/geo\/visu.php\/?code=FR-05-2466b\" type=\"link\" id=\"\/util\/geo\/visu.php?code=FR-05-2466b\">DE-05-2466b<\/a>) und der Saluces-Pass (<a href=\"\/de\/util\/geo\/visu.php\/?code=FR-05-2444\" type=\"link\" id=\"\/util\/geo\/visu.php?code=FR-05-2444\">DE-05-2444<\/a>), aber daf\u00fcr musst du einen gro\u00dfen Tag auf dem Fahrrad einplanen!!!<\/p>\n\n\n\n<p>Artikel von Ren\u00e9 Poty<\/p>\n\n\n<div class=\"wp-block-image\">\n<figure class=\"aligncenter size-full\"><img loading=\"lazy\" decoding=\"async\" width=\"931\" height=\"627\" src=\"https:\/\/centcols.org\/wp-content\/uploads\/2026\/01\/parpaillon_carte.jpg\" alt=\"\" class=\"wp-image-93122\" srcset=\"https:\/\/centcols.org\/wp-content\/uploads\/2026\/01\/parpaillon_carte.jpg 931w, https:\/\/centcols.org\/wp-content\/uploads\/2026\/01\/parpaillon_carte-768x517.jpg 768w, https:\/\/centcols.org\/wp-content\/uploads\/2026\/01\/parpaillon_carte-18x12.jpg 18w\" sizes=\"auto, (max-width: 931px) 100vw, 931px\" \/><\/figure>\n<\/div>\n\n<div class=\"wp-block-image\">\n<figure class=\"aligncenter size-full\"><img loading=\"lazy\" decoding=\"async\" width=\"570\" height=\"356\" src=\"https:\/\/centcols.org\/wp-content\/uploads\/2026\/01\/parpaillon_1.jpg\" alt=\"\" class=\"wp-image-93125\" srcset=\"https:\/\/centcols.org\/wp-content\/uploads\/2026\/01\/parpaillon_1.jpg 570w, https:\/\/centcols.org\/wp-content\/uploads\/2026\/01\/parpaillon_1-18x12.jpg 18w\" sizes=\"auto, (max-width: 570px) 100vw, 570px\" \/><figcaption class=\"wp-element-caption\">Treffen in den Serpentinen oberhalb der Grand Parpaillon-H\u00fctte.<br>In der Ferne: die Einbuchtung des Col de la Pare (2655m) Foto von Caty.<\/figcaption><\/figure>\n<\/div>\n\n\n<div class=\"wp-block-columns is-layout-flex wp-container-core-columns-is-layout-9d6595d7 wp-block-columns-is-layout-flex\">\n<div class=\"wp-block-column is-layout-flow wp-block-column-is-layout-flow\"><div class=\"wp-block-image\">\n<figure class=\"alignright size-full\"><img loading=\"lazy\" decoding=\"async\" width=\"336\" height=\"485\" src=\"https:\/\/centcols.org\/wp-content\/uploads\/2026\/01\/parpaillon_2.jpg\" alt=\"\" class=\"wp-image-93128\" srcset=\"https:\/\/centcols.org\/wp-content\/uploads\/2026\/01\/parpaillon_2.jpg 336w, https:\/\/centcols.org\/wp-content\/uploads\/2026\/01\/parpaillon_2-8x12.jpg 8w\" sizes=\"auto, (max-width: 336px) 100vw, 336px\" \/><figcaption class=\"wp-element-caption\">Licht- und Schattenspiel beim Abstieg zur Grand Parpaillon-H\u00fctte<\/figcaption><\/figure>\n<\/div><\/div>\n\n\n\n<div class=\"wp-block-column is-layout-flow wp-block-column-is-layout-flow\"><div class=\"wp-block-image\">\n<figure class=\"alignleft size-full is-resized\"><img loading=\"lazy\" decoding=\"async\" width=\"394\" height=\"549\" src=\"https:\/\/centcols.org\/wp-content\/uploads\/2026\/01\/parpaillon_3.jpg\" alt=\"\" class=\"wp-image-93129\" style=\"aspect-ratio:0.7176807900605289;width:348px;height:auto\" srcset=\"https:\/\/centcols.org\/wp-content\/uploads\/2026\/01\/parpaillon_3.jpg 394w, https:\/\/centcols.org\/wp-content\/uploads\/2026\/01\/parpaillon_3-9x12.jpg 9w\" sizes=\"auto, (max-width: 394px) 100vw, 394px\" \/><figcaption class=\"wp-element-caption\">Blick in der N\u00e4he des Gipfels: die Serpentinen auf dem S\u00fcdhang. Foto von Jean Huez.<\/figcaption><\/figure>\n<\/div><\/div>\n<\/div>\n\n\n\n<div class=\"wp-block-columns is-layout-flex wp-container-core-columns-is-layout-9d6595d7 wp-block-columns-is-layout-flex\">\n<div class=\"wp-block-column is-layout-flow wp-block-column-is-layout-flow\"><div class=\"wp-block-image\">\n<figure class=\"alignright size-full is-resized\"><img loading=\"lazy\" decoding=\"async\" width=\"371\" height=\"564\" src=\"https:\/\/centcols.org\/wp-content\/uploads\/2026\/01\/parpaillon_4.jpg\" alt=\"\" class=\"wp-image-93130\" style=\"aspect-ratio:0.6578038067349927;width:349px;height:auto\" srcset=\"https:\/\/centcols.org\/wp-content\/uploads\/2026\/01\/parpaillon_4.jpg 371w, https:\/\/centcols.org\/wp-content\/uploads\/2026\/01\/parpaillon_4-8x12.jpg 8w\" sizes=\"auto, (max-width: 371px) 100vw, 371px\" \/><figcaption class=\"wp-element-caption\">Die letzten Hektometer... am Fu\u00dfe des letzten Bergkamms sieht man die \u00d6ffnung des Tunnels! Foto von M. Lerouge.<\/figcaption><\/figure>\n<\/div><\/div>\n\n\n\n<div class=\"wp-block-column is-layout-flow wp-block-column-is-layout-flow\"><div class=\"wp-block-image\">\n<figure class=\"alignleft size-full is-resized\"><img loading=\"lazy\" decoding=\"async\" width=\"368\" height=\"521\" src=\"https:\/\/centcols.org\/wp-content\/uploads\/2026\/01\/parpaillon_5.jpg\" alt=\"\" class=\"wp-image-93131\" style=\"width:373px;height:auto\" srcset=\"https:\/\/centcols.org\/wp-content\/uploads\/2026\/01\/parpaillon_5.jpg 368w, https:\/\/centcols.org\/wp-content\/uploads\/2026\/01\/parpaillon_5-8x12.jpg 8w\" sizes=\"auto, (max-width: 368px) 100vw, 368px\" \/><figcaption class=\"wp-element-caption\">Auf dem Gipfel des Parpaillon: die schwarze Schlucht des Tunnels... Foto von P. Larue.<\/figcaption><\/figure>\n<\/div><\/div>\n<\/div>\n\n\n<div class=\"wp-block-image\">\n<figure class=\"aligncenter size-full\"><img loading=\"lazy\" decoding=\"async\" width=\"445\" height=\"337\" src=\"https:\/\/centcols.org\/wp-content\/uploads\/2026\/01\/parpaillon_profil.jpg\" alt=\"\" class=\"wp-image-93132\" srcset=\"https:\/\/centcols.org\/wp-content\/uploads\/2026\/01\/parpaillon_profil.jpg 445w, https:\/\/centcols.org\/wp-content\/uploads\/2026\/01\/parpaillon_profil-16x12.jpg 16w\" sizes=\"auto, (max-width: 445px) 100vw, 445px\" \/><\/figure>\n<\/div>","protected":false},"excerpt":{"rendered":"<p>Le col du PARPAILLON (FR-04-2637) 54 3538-O 133-031 S&rsquo;il est un col de l\u00e9gende c&rsquo;est bien le Parpaillon ! Situ\u00e9 \u00e0 la limite des Alpes de Haute-Provence et des Hautes-Alpes, il culmine \u00e0 2637m sur une cr\u00eate s\u00e9parant la vall\u00e9e de la Durance et celle de l&rsquo;Ubaye. Ce col a \u00e9t\u00e9 ouvert par les troupes [&hellip;]<\/p>\n","protected":false},"author":136,"featured_media":93131,"comment_status":"closed","ping_status":"open","sticky":false,"template":"","format":"standard","meta":{"_acf_changed":false,"footnotes":""},"categories":[308],"tags":[],"class_list":["post-93121","post","type-post","status-publish","format-standard","has-post-thumbnail","hentry","category-cols-en-vrac"],"acf":[],"yoast_head":"<!-- This site is optimized with the Yoast SEO plugin v27.2 - https:\/\/yoast.com\/product\/yoast-seo-wordpress\/ -->\n<title>Col du Parpaillon - Club des Cent Cols<\/title>\n<meta name=\"robots\" content=\"index, follow, max-snippet:-1, max-image-preview:large, max-video-preview:-1\" \/>\n<link rel=\"canonical\" href=\"https:\/\/centcols.org\/de\/parpaillon-pass\/\" \/>\n<meta property=\"og:locale\" content=\"de_DE\" \/>\n<meta property=\"og:type\" content=\"article\" \/>\n<meta property=\"og:title\" content=\"Col du Parpaillon - Club des Cent Cols\" \/>\n<meta property=\"og:description\" content=\"Le col du PARPAILLON (FR-04-2637) 54 3538-O 133-031 S&rsquo;il est un col de l\u00e9gende c&rsquo;est bien le Parpaillon ! Situ\u00e9 \u00e0 la limite des Alpes de Haute-Provence et des Hautes-Alpes, il culmine \u00e0 2637m sur une cr\u00eate s\u00e9parant la vall\u00e9e de la Durance et celle de l&rsquo;Ubaye. Ce col a \u00e9t\u00e9 ouvert par les troupes [&hellip;]\" \/>\n<meta property=\"og:url\" content=\"https:\/\/centcols.org\/de\/parpaillon-pass\/\" \/>\n<meta property=\"og:site_name\" content=\"Club des Cent Cols\" \/>\n<meta property=\"article:publisher\" content=\"https:\/\/www.facebook.com\/groups\/5261880558\/?locale=fr_FR\" \/>\n<meta property=\"article:published_time\" content=\"2026-01-30T16:48:11+00:00\" \/>\n<meta property=\"article:modified_time\" content=\"2026-02-02T08:24:29+00:00\" \/>\n<meta property=\"og:image\" content=\"https:\/\/centcols.org\/wp-content\/uploads\/2026\/01\/parpaillon_5.jpg\" \/>\n\t<meta property=\"og:image:width\" content=\"368\" \/>\n\t<meta property=\"og:image:height\" content=\"521\" \/>\n\t<meta property=\"og:image:type\" content=\"image\/jpeg\" \/>\n<meta name=\"author\" content=\"Guy Harl\u00e9\" \/>\n<meta name=\"twitter:card\" content=\"summary_large_image\" \/>\n<meta name=\"twitter:label1\" content=\"Verfasst von\" \/>\n\t<meta name=\"twitter:data1\" content=\"Guy Harl\u00e9\" \/>\n\t<meta name=\"twitter:label2\" content=\"Gesch\u00e4tzte Lesezeit\" \/>\n\t<meta name=\"twitter:data2\" content=\"5\u00a0Minuten\" \/>\n<script type=\"application\/ld+json\" class=\"yoast-schema-graph\">{\"@context\":\"https:\/\/schema.org\",\"@graph\":[{\"@type\":\"Article\",\"@id\":\"https:\/\/centcols.org\/de\/col-du-parpaillon\/#article\",\"isPartOf\":{\"@id\":\"https:\/\/centcols.org\/de\/col-du-parpaillon\/\"},\"author\":{\"name\":\"Guy Harl\u00e9\",\"@id\":\"https:\/\/centcols.org\/#\/schema\/person\/377f00da2793c0363246869bb3a344d0\"},\"headline\":\"Col du Parpaillon\",\"datePublished\":\"2026-01-30T16:48:11+00:00\",\"dateModified\":\"2026-02-02T08:24:29+00:00\",\"mainEntityOfPage\":{\"@id\":\"https:\/\/centcols.org\/de\/col-du-parpaillon\/\"},\"wordCount\":592,\"publisher\":{\"@id\":\"https:\/\/centcols.org\/#organization\"},\"image\":{\"@id\":\"https:\/\/centcols.org\/de\/col-du-parpaillon\/#primaryimage\"},\"thumbnailUrl\":\"https:\/\/centcols.org\/wp-content\/uploads\/2026\/01\/parpaillon_5.jpg\",\"articleSection\":[\"Cols en vrac\"],\"inLanguage\":\"de\"},{\"@type\":\"WebPage\",\"@id\":\"https:\/\/centcols.org\/de\/col-du-parpaillon\/\",\"url\":\"https:\/\/centcols.org\/de\/col-du-parpaillon\/\",\"name\":\"Col du Parpaillon - Club des Cent Cols\",\"isPartOf\":{\"@id\":\"https:\/\/centcols.org\/#website\"},\"primaryImageOfPage\":{\"@id\":\"https:\/\/centcols.org\/de\/col-du-parpaillon\/#primaryimage\"},\"image\":{\"@id\":\"https:\/\/centcols.org\/de\/col-du-parpaillon\/#primaryimage\"},\"thumbnailUrl\":\"https:\/\/centcols.org\/wp-content\/uploads\/2026\/01\/parpaillon_5.jpg\",\"datePublished\":\"2026-01-30T16:48:11+00:00\",\"dateModified\":\"2026-02-02T08:24:29+00:00\",\"breadcrumb\":{\"@id\":\"https:\/\/centcols.org\/de\/col-du-parpaillon\/#breadcrumb\"},\"inLanguage\":\"de\",\"potentialAction\":[{\"@type\":\"ReadAction\",\"target\":[\"https:\/\/centcols.org\/de\/col-du-parpaillon\/\"]}]},{\"@type\":\"ImageObject\",\"inLanguage\":\"de\",\"@id\":\"https:\/\/centcols.org\/de\/col-du-parpaillon\/#primaryimage\",\"url\":\"https:\/\/centcols.org\/wp-content\/uploads\/2026\/01\/parpaillon_5.jpg\",\"contentUrl\":\"https:\/\/centcols.org\/wp-content\/uploads\/2026\/01\/parpaillon_5.jpg\",\"width\":368,\"height\":521,\"caption\":\"Au sommet du Parpaillon : le goulet noir du tunnel... Photo de P. Larue.\"},{\"@type\":\"BreadcrumbList\",\"@id\":\"https:\/\/centcols.org\/de\/col-du-parpaillon\/#breadcrumb\",\"itemListElement\":[{\"@type\":\"ListItem\",\"position\":1,\"name\":\"Accueil\",\"item\":\"https:\/\/centcols.org\/\"},{\"@type\":\"ListItem\",\"position\":2,\"name\":\"Cols en vrac\",\"item\":\"https:\/\/centcols.org\/rubrique\/cols-en-vrac\/\"},{\"@type\":\"ListItem\",\"position\":3,\"name\":\"Col du Parpaillon\"}]},{\"@type\":\"WebSite\",\"@id\":\"https:\/\/centcols.org\/#website\",\"url\":\"https:\/\/centcols.org\/\",\"name\":\"Club des Cent Cols\",\"description\":\"\",\"publisher\":{\"@id\":\"https:\/\/centcols.org\/#organization\"},\"potentialAction\":[{\"@type\":\"SearchAction\",\"target\":{\"@type\":\"EntryPoint\",\"urlTemplate\":\"https:\/\/centcols.org\/?s={search_term_string}\"},\"query-input\":{\"@type\":\"PropertyValueSpecification\",\"valueRequired\":true,\"valueName\":\"search_term_string\"}}],\"inLanguage\":\"de\"},{\"@type\":\"Organization\",\"@id\":\"https:\/\/centcols.org\/#organization\",\"name\":\"Club des Cent Cols\",\"url\":\"https:\/\/centcols.org\/\",\"logo\":{\"@type\":\"ImageObject\",\"inLanguage\":\"de\",\"@id\":\"https:\/\/centcols.org\/#\/schema\/logo\/image\/\",\"url\":\"https:\/\/centcols.org\/wp-content\/uploads\/2025\/01\/carte-icone.png\",\"contentUrl\":\"https:\/\/centcols.org\/wp-content\/uploads\/2025\/01\/carte-icone.png\",\"width\":250,\"height\":250,\"caption\":\"Club des Cent Cols\"},\"image\":{\"@id\":\"https:\/\/centcols.org\/#\/schema\/logo\/image\/\"},\"sameAs\":[\"https:\/\/www.facebook.com\/groups\/5261880558\/?locale=fr_FR\"]},{\"@type\":\"Person\",\"@id\":\"https:\/\/centcols.org\/#\/schema\/person\/377f00da2793c0363246869bb3a344d0\",\"name\":\"Guy Harl\u00e9\",\"image\":{\"@type\":\"ImageObject\",\"inLanguage\":\"de\",\"@id\":\"https:\/\/centcols.org\/wp-content\/litespeed\/avatar\/94c4de37e46cf090f296d42ab3e8d6a6.jpg?ver=1777238144\",\"url\":\"https:\/\/centcols.org\/wp-content\/litespeed\/avatar\/94c4de37e46cf090f296d42ab3e8d6a6.jpg?ver=1777238144\",\"contentUrl\":\"https:\/\/centcols.org\/wp-content\/litespeed\/avatar\/94c4de37e46cf090f296d42ab3e8d6a6.jpg?ver=1777238144\",\"caption\":\"Guy Harl\u00e9\"},\"url\":\"https:\/\/centcols.org\/de\/author\/5193\/\"}]}<\/script>\n<!-- \/ Yoast SEO plugin. -->","yoast_head_json":{"title":"Col du Parpaillon - Club des Cent Cols","robots":{"index":"index","follow":"follow","max-snippet":"max-snippet:-1","max-image-preview":"max-image-preview:large","max-video-preview":"max-video-preview:-1"},"canonical":"https:\/\/centcols.org\/de\/parpaillon-pass\/","og_locale":"de_DE","og_type":"article","og_title":"Col du Parpaillon - Club des Cent Cols","og_description":"Le col du PARPAILLON (FR-04-2637) 54 3538-O 133-031 S&rsquo;il est un col de l\u00e9gende c&rsquo;est bien le Parpaillon ! Situ\u00e9 \u00e0 la limite des Alpes de Haute-Provence et des Hautes-Alpes, il culmine \u00e0 2637m sur une cr\u00eate s\u00e9parant la vall\u00e9e de la Durance et celle de l&rsquo;Ubaye. Ce col a \u00e9t\u00e9 ouvert par les troupes [&hellip;]","og_url":"https:\/\/centcols.org\/de\/parpaillon-pass\/","og_site_name":"Club des Cent Cols","article_publisher":"https:\/\/www.facebook.com\/groups\/5261880558\/?locale=fr_FR","article_published_time":"2026-01-30T16:48:11+00:00","article_modified_time":"2026-02-02T08:24:29+00:00","og_image":[{"width":368,"height":521,"url":"https:\/\/centcols.org\/wp-content\/uploads\/2026\/01\/parpaillon_5.jpg","type":"image\/jpeg"}],"author":"Guy Harl\u00e9","twitter_card":"summary_large_image","twitter_misc":{"Verfasst von":"Guy Harl\u00e9","Gesch\u00e4tzte Lesezeit":"5\u00a0Minuten"},"schema":{"@context":"https:\/\/schema.org","@graph":[{"@type":"Article","@id":"https:\/\/centcols.org\/de\/col-du-parpaillon\/#article","isPartOf":{"@id":"https:\/\/centcols.org\/de\/col-du-parpaillon\/"},"author":{"name":"Guy Harl\u00e9","@id":"https:\/\/centcols.org\/#\/schema\/person\/377f00da2793c0363246869bb3a344d0"},"headline":"Col du Parpaillon","datePublished":"2026-01-30T16:48:11+00:00","dateModified":"2026-02-02T08:24:29+00:00","mainEntityOfPage":{"@id":"https:\/\/centcols.org\/de\/col-du-parpaillon\/"},"wordCount":592,"publisher":{"@id":"https:\/\/centcols.org\/#organization"},"image":{"@id":"https:\/\/centcols.org\/de\/col-du-parpaillon\/#primaryimage"},"thumbnailUrl":"https:\/\/centcols.org\/wp-content\/uploads\/2026\/01\/parpaillon_5.jpg","articleSection":["Cols en vrac"],"inLanguage":"de"},{"@type":"WebPage","@id":"https:\/\/centcols.org\/de\/col-du-parpaillon\/","url":"https:\/\/centcols.org\/de\/col-du-parpaillon\/","name":"Col du Parpaillon - Club des Cent Cols","isPartOf":{"@id":"https:\/\/centcols.org\/#website"},"primaryImageOfPage":{"@id":"https:\/\/centcols.org\/de\/col-du-parpaillon\/#primaryimage"},"image":{"@id":"https:\/\/centcols.org\/de\/col-du-parpaillon\/#primaryimage"},"thumbnailUrl":"https:\/\/centcols.org\/wp-content\/uploads\/2026\/01\/parpaillon_5.jpg","datePublished":"2026-01-30T16:48:11+00:00","dateModified":"2026-02-02T08:24:29+00:00","breadcrumb":{"@id":"https:\/\/centcols.org\/de\/col-du-parpaillon\/#breadcrumb"},"inLanguage":"de","potentialAction":[{"@type":"ReadAction","target":["https:\/\/centcols.org\/de\/col-du-parpaillon\/"]}]},{"@type":"ImageObject","inLanguage":"de","@id":"https:\/\/centcols.org\/de\/col-du-parpaillon\/#primaryimage","url":"https:\/\/centcols.org\/wp-content\/uploads\/2026\/01\/parpaillon_5.jpg","contentUrl":"https:\/\/centcols.org\/wp-content\/uploads\/2026\/01\/parpaillon_5.jpg","width":368,"height":521,"caption":"Au sommet du Parpaillon : le goulet noir du tunnel... Photo de P. Larue."},{"@type":"BreadcrumbList","@id":"https:\/\/centcols.org\/de\/col-du-parpaillon\/#breadcrumb","itemListElement":[{"@type":"ListItem","position":1,"name":"Accueil","item":"https:\/\/centcols.org\/"},{"@type":"ListItem","position":2,"name":"Cols en vrac","item":"https:\/\/centcols.org\/rubrique\/cols-en-vrac\/"},{"@type":"ListItem","position":3,"name":"Col du Parpaillon"}]},{"@type":"WebSite","@id":"https:\/\/centcols.org\/#website","url":"https:\/\/centcols.org\/","name":"Club des Cent Cols","description":"","publisher":{"@id":"https:\/\/centcols.org\/#organization"},"potentialAction":[{"@type":"SearchAction","target":{"@type":"EntryPoint","urlTemplate":"https:\/\/centcols.org\/?s={search_term_string}"},"query-input":{"@type":"PropertyValueSpecification","valueRequired":true,"valueName":"search_term_string"}}],"inLanguage":"de"},{"@type":"Organization","@id":"https:\/\/centcols.org\/#organization","name":"Club des Cent Cols","url":"https:\/\/centcols.org\/","logo":{"@type":"ImageObject","inLanguage":"de","@id":"https:\/\/centcols.org\/#\/schema\/logo\/image\/","url":"https:\/\/centcols.org\/wp-content\/uploads\/2025\/01\/carte-icone.png","contentUrl":"https:\/\/centcols.org\/wp-content\/uploads\/2025\/01\/carte-icone.png","width":250,"height":250,"caption":"Club des Cent Cols"},"image":{"@id":"https:\/\/centcols.org\/#\/schema\/logo\/image\/"},"sameAs":["https:\/\/www.facebook.com\/groups\/5261880558\/?locale=fr_FR"]},{"@type":"Person","@id":"https:\/\/centcols.org\/#\/schema\/person\/377f00da2793c0363246869bb3a344d0","name":"Guy Harl\u00e9","image":{"@type":"ImageObject","inLanguage":"de","@id":"https:\/\/centcols.org\/wp-content\/litespeed\/avatar\/94c4de37e46cf090f296d42ab3e8d6a6.jpg?ver=1777238144","url":"https:\/\/centcols.org\/wp-content\/litespeed\/avatar\/94c4de37e46cf090f296d42ab3e8d6a6.jpg?ver=1777238144","contentUrl":"https:\/\/centcols.org\/wp-content\/litespeed\/avatar\/94c4de37e46cf090f296d42ab3e8d6a6.jpg?ver=1777238144","caption":"Guy Harl\u00e9"},"url":"https:\/\/centcols.org\/de\/author\/5193\/"}]}},"_links":{"self":[{"href":"https:\/\/centcols.org\/de\/wp-json\/wp\/v2\/posts\/93121","targetHints":{"allow":["GET"]}}],"collection":[{"href":"https:\/\/centcols.org\/de\/wp-json\/wp\/v2\/posts"}],"about":[{"href":"https:\/\/centcols.org\/de\/wp-json\/wp\/v2\/types\/post"}],"author":[{"embeddable":true,"href":"https:\/\/centcols.org\/de\/wp-json\/wp\/v2\/users\/136"}],"replies":[{"embeddable":true,"href":"https:\/\/centcols.org\/de\/wp-json\/wp\/v2\/comments?post=93121"}],"version-history":[{"count":0,"href":"https:\/\/centcols.org\/de\/wp-json\/wp\/v2\/posts\/93121\/revisions"}],"wp:featuredmedia":[{"embeddable":true,"href":"https:\/\/centcols.org\/de\/wp-json\/wp\/v2\/media\/93131"}],"wp:attachment":[{"href":"https:\/\/centcols.org\/de\/wp-json\/wp\/v2\/media?parent=93121"}],"wp:term":[{"taxonomy":"category","embeddable":true,"href":"https:\/\/centcols.org\/de\/wp-json\/wp\/v2\/categories?post=93121"},{"taxonomy":"post_tag","embeddable":true,"href":"https:\/\/centcols.org\/de\/wp-json\/wp\/v2\/tags?post=93121"}],"curies":[{"name":"wp","href":"https:\/\/api.w.org\/{rel}","templated":true}]}}