{"id":93153,"date":"2026-01-31T16:31:24","date_gmt":"2026-01-31T14:31:24","guid":{"rendered":"https:\/\/centcols.org\/?p=93153"},"modified":"2026-01-31T19:14:43","modified_gmt":"2026-01-31T17:14:43","slug":"passage-de-la-charmette","status":"publish","type":"post","link":"https:\/\/centcols.org\/de\/passage-de-la-charmette\/","title":{"rendered":"Die Passage de la Charmette"},"content":{"rendered":"<p>Im Herzen des Beaufortin-Massivs in Savoyen befindet sich die Passage de la Charmette (<a href=\"\/de\/util\/geo\/visu.php\/?code=FR-73-2058\" type=\"link\" id=\"\/util\/geo\/visu.php?code=FR-73-2058\">DE-73-2058<\/a>) ist ein wundersch\u00f6ner Pass, der w\u00e4hrend seines gesamten Aufstiegs au\u00dfergew\u00f6hnliche Aussichtspunkte bietet. Vom Dorf Ar\u00eaches aus steigt man in 12,6 km um 1026 m an, zun\u00e4chst auf Asphalt bis zum Col du Pr\u00e9 (<a href=\"\/de\/util\/geo\/visu.php\/?code=FR-73-1703\" type=\"link\" id=\"\/util\/geo\/visu.php?code=FR-73-1703\">DE-73-1703<\/a>), dann auf einem Pfad (R1) bis zum Gipfel.<\/p>\n\n\n<div class=\"wp-block-image\">\n<figure class=\"aligncenter size-full is-resized\"><img loading=\"lazy\" decoding=\"async\" width=\"446\" height=\"192\" src=\"https:\/\/centcols.org\/wp-content\/uploads\/2026\/01\/col_de_charmette_carte_1.jpg\" alt=\"\" class=\"wp-image-93155\" style=\"width:591px;height:auto\" srcset=\"https:\/\/centcols.org\/wp-content\/uploads\/2026\/01\/col_de_charmette_carte_1.jpg 446w, https:\/\/centcols.org\/wp-content\/uploads\/2026\/01\/col_de_charmette_carte_1-18x8.jpg 18w\" sizes=\"auto, (max-width: 446px) 100vw, 446px\" \/><figcaption class=\"wp-element-caption\">IGN<\/figcaption><\/figure>\n<\/div>\n\n<div class=\"wp-block-image\">\n<figure class=\"aligncenter size-full is-resized\"><img loading=\"lazy\" decoding=\"async\" width=\"252\" height=\"546\" src=\"https:\/\/centcols.org\/wp-content\/uploads\/2026\/01\/col_de_charmette_carte_2.jpg\" alt=\"\" class=\"wp-image-93157\" style=\"width:280px;height:auto\" srcset=\"https:\/\/centcols.org\/wp-content\/uploads\/2026\/01\/col_de_charmette_carte_2.jpg 252w, https:\/\/centcols.org\/wp-content\/uploads\/2026\/01\/col_de_charmette_carte_2-6x12.jpg 6w\" sizes=\"auto, (max-width: 252px) 100vw, 252px\" \/><figcaption class=\"wp-element-caption\">IGN<\/figcaption><\/figure>\n<\/div>\n\n\n<p>Sie k\u00f6nnen einen kurzen Besuch in Ar\u00eaches einplanen - ein h\u00fcbsches Dorf, das vom Wintersport profitiert - bevor Sie den harten Anstieg zum Col du Pr\u00e9 (9,2% auf 7,3 km) in Angriff nehmen. Die Stra\u00dfe ist sehr gut ausgebaut und verl\u00e4uft in Serpentinen, die einem das Gef\u00fchl geben, \u00fcber Ar\u00eaches zu schweben. Nach etwa 3 km erreichen Sie das Dorf Boudin, das zu den sch\u00f6nsten D\u00f6rfern Frankreichs z\u00e4hlt. Die typischen Chalets, in denen kein unpassendes Geb\u00e4ude den Charme unterbricht, reihen sich an den mit Heuwiesen bedeckten Hang.<\/p>\n\n\n\n<figure class=\"wp-block-image size-full\"><img loading=\"lazy\" decoding=\"async\" width=\"446\" height=\"308\" src=\"https:\/\/centcols.org\/wp-content\/uploads\/2026\/01\/col_de_charmette_1.jpg\" alt=\"\" class=\"wp-image-93158\" srcset=\"https:\/\/centcols.org\/wp-content\/uploads\/2026\/01\/col_de_charmette_1.jpg 446w, https:\/\/centcols.org\/wp-content\/uploads\/2026\/01\/col_de_charmette_1-18x12.jpg 18w\" sizes=\"auto, (max-width: 446px) 100vw, 446px\" \/><figcaption class=\"wp-element-caption\">Das Dorf BOUDIN, das zu den sch\u00f6nsten D\u00f6rfern Frankreichs z\u00e4hlt.<br>Die typischen H\u00e4user der Region Beaufortin staffeln sich am Hang unterhalb des Col du Pr\u00e9.<\/figcaption><\/figure>\n\n\n\n<p>Auf der Passh\u00f6he kippt man nicht auf die andere Seite, sondern die Stra\u00dfe verl\u00e4uft weiterhin flach. Nach etwa 700 m biegt man rechts auf einen breiten Weg ab (ein altes Holzschild weist auf die Passage de la Charmette hin). Nun beginnt ein herrlicher Aufstieg, bei dem Sie das blaue Wasser des Stausees von Roselend sehen k\u00f6nnen, das von den zackigen Gipfeln des Beaufortin \u00fcberragt wird, darunter die ber\u00fchmte Pierra Menta.<\/p>\n\n\n<div class=\"wp-block-image\">\n<figure class=\"aligncenter size-full is-resized\"><img loading=\"lazy\" decoding=\"async\" width=\"482\" height=\"376\" src=\"https:\/\/centcols.org\/wp-content\/uploads\/2026\/01\/col_de_charmette_2-2.jpg\" alt=\"\" class=\"wp-image-93173\" style=\"width:543px;height:auto\" srcset=\"https:\/\/centcols.org\/wp-content\/uploads\/2026\/01\/col_de_charmette_2-2.jpg 482w, https:\/\/centcols.org\/wp-content\/uploads\/2026\/01\/col_de_charmette_2-2-15x12.jpg 15w\" sizes=\"auto, (max-width: 482px) 100vw, 482px\" \/><figcaption class=\"wp-element-caption\">Der See des Roselend-Staudamms von der Charmette-Piste aus gesehen<\/figcaption><\/figure>\n<\/div>\n\n\n<p>Nach 4,6 km erreicht man einen Kamm inmitten von Almwiesen, das ist der Gipfel der Passage de la Charmette. Auf der Westseite entdeckt man das Tal, in dessen Grund sich der Staudamm von Saint-Gu\u00e9rin eingenistet hat. Jenseits davon f\u00fchrt die Piste zum Gipfel des Cormet d'Ar\u00eaches (<a href=\"\/de\/util\/geo\/visu.php\/?code=FR-73-2109\" type=\"link\" id=\"\/util\/geo\/visu.php?code=FR-73-2109\">DE-73-2109<\/a>). Der Abstieg auf diesem Hang erfolgt auf einem schmalen Pfad (S2-3), auf dem die K\u00fche der Rasse Tarine Sie ein wenig herumf\u00fchren werden. Man kann auch auf die Stra\u00dfe zum Col du Pr\u00e9 zur\u00fcckkehren und die Mauer des Staudamms \u00fcberqueren, um auf der anderen Seite den Col de M\u00e9raillet zu finden (<a href=\"\/de\/util\/geo\/visu.php\/?code=FR-73-1605\" type=\"link\" id=\"\/util\/geo\/visu.php?code=FR-73-1605\">DE-73-1605<\/a>) . Am Rande der D217, die nach Le Cormet de Roselend f\u00fchrt (<a href=\"\/de\/util\/geo\/visu.php\/?code=FR-73-1968\" type=\"link\" id=\"\/util\/geo\/visu.php?code=FR-73-1968\">DE-73-1968<\/a>) , entdeckt man die sehr fotogene Kapelle von Roselend.<\/p>\n\n\n\n<figure class=\"wp-block-gallery has-nested-images columns-default is-cropped wp-block-gallery-1 is-layout-flex wp-block-gallery-is-layout-flex\">\n<figure class=\"wp-block-image size-full\"><img loading=\"lazy\" decoding=\"async\" width=\"1199\" height=\"675\" data-id=\"93267\" src=\"https:\/\/centcols.org\/wp-content\/uploads\/2026\/01\/chapelle-roselend-1.jpg\" alt=\"\" class=\"wp-image-93267\" srcset=\"https:\/\/centcols.org\/wp-content\/uploads\/2026\/01\/chapelle-roselend-1.jpg 1199w, https:\/\/centcols.org\/wp-content\/uploads\/2026\/01\/chapelle-roselend-1-768x432.jpg 768w, https:\/\/centcols.org\/wp-content\/uploads\/2026\/01\/chapelle-roselend-1-18x10.jpg 18w\" sizes=\"auto, (max-width: 1199px) 100vw, 1199px\" \/><figcaption class=\"wp-element-caption\">Die Kapelle von Roselend \u00a9 Herv\u00e9 Peyre<\/figcaption><\/figure>\n\n\n\n<figure class=\"wp-block-image size-large\"><img loading=\"lazy\" decoding=\"async\" width=\"318\" height=\"366\" data-id=\"93161\" src=\"https:\/\/centcols.org\/wp-content\/uploads\/2026\/01\/col_de_charmette_3.jpg\" alt=\"\" class=\"wp-image-93161\" srcset=\"https:\/\/centcols.org\/wp-content\/uploads\/2026\/01\/col_de_charmette_3.jpg 318w, https:\/\/centcols.org\/wp-content\/uploads\/2026\/01\/col_de_charmette_3-10x12.jpg 10w\" sizes=\"auto, (max-width: 318px) 100vw, 318px\" \/><figcaption class=\"wp-element-caption\"><small>Almh\u00fctten in der N\u00e4he des Lac de Roselend<\/small><\/figcaption><\/figure>\n<\/figure>\n\n\n\n<p>Kurz vor der Kapelle f\u00fchrt auf der linken Seite ein Pfad (R1-2) zum Col de Sur Fr\u00eates (<a href=\"\/de\/util\/geo\/visu.php\/?code=FR-73-1792\" type=\"link\" id=\"\/util\/geo\/visu.php?code=FR-73-1792\">FR-73-1792<\/a>). Die R\u00fcckkehr nach Ar\u00eaches kann entweder \u00fcber den Col du Pr\u00e9 erfolgen (aber das ist ein echtes Vergn\u00fcgen) oder \u00fcber den Gipfel des Col de M\u00e9raillet (<a href=\"\/de\/util\/geo\/visu.php\/?code=FR-73-1605\" type=\"link\" id=\"\/util\/geo\/visu.php?code=FR-73-1605\">DE-73-1605<\/a>) die Richtung nach Beaufort. Dieses Dorf hat den Bergen, die Sie bewundert haben, und dem K\u00e4se, mit dem Sie Ihre Satteltaschen f\u00fcllen k\u00f6nnen, seinen Namen gegeben, wenn Sie \u00fcber die D218 nach Ar\u00eaches hinaufsteigen.<\/p>\n\n\n\n<p>Ren\u00e9 Poty<\/p>\n\n\n<div class=\"wp-block-image\">\n<figure class=\"aligncenter size-full\"><img loading=\"lazy\" decoding=\"async\" width=\"443\" height=\"338\" src=\"https:\/\/centcols.org\/wp-content\/uploads\/2026\/01\/col_de_charmette_profil.gif\" alt=\"\" class=\"wp-image-93163\"\/><\/figure>\n<\/div>","protected":false},"excerpt":{"rendered":"<p>Au c\u0153ur du massif du Beaufortin, en Savoie, le passage de la Charmette (FR-73-2058) est un col magnifique offrant des points de vue exceptionnels tout au long de son ascension. Depuis le village d\u2019Ar\u00eaches, on s\u2019\u00e9l\u00e8ve de 1026 m en 12,6 km, d\u2019abord sur le goudron jusqu\u2019au col du Pr\u00e9 (FR-73-1703), puis sur une piste [&hellip;]<\/p>\n","protected":false},"author":682,"featured_media":93269,"comment_status":"closed","ping_status":"closed","sticky":false,"template":"","format":"standard","meta":{"_acf_changed":false,"footnotes":""},"categories":[308],"tags":[],"class_list":["post-93153","post","type-post","status-publish","format-standard","has-post-thumbnail","hentry","category-cols-en-vrac"],"acf":[],"yoast_head":"<!-- This site is optimized with the Yoast SEO plugin v27.2 - https:\/\/yoast.com\/product\/yoast-seo-wordpress\/ -->\n<title>Le Passage de la Charmette - Club des Cent Cols<\/title>\n<meta name=\"robots\" content=\"index, follow, max-snippet:-1, max-image-preview:large, max-video-preview:-1\" \/>\n<link rel=\"canonical\" href=\"https:\/\/centcols.org\/de\/passage-de-la-charmette\/\" \/>\n<meta property=\"og:locale\" content=\"de_DE\" \/>\n<meta property=\"og:type\" content=\"article\" \/>\n<meta property=\"og:title\" content=\"Le Passage de la Charmette - Club des Cent Cols\" \/>\n<meta property=\"og:description\" content=\"Au c\u0153ur du massif du Beaufortin, en Savoie, le passage de la Charmette (FR-73-2058) est un col magnifique offrant des points de vue exceptionnels tout au long de son ascension. Depuis le village d\u2019Ar\u00eaches, on s\u2019\u00e9l\u00e8ve de 1026 m en 12,6 km, d\u2019abord sur le goudron jusqu\u2019au col du Pr\u00e9 (FR-73-1703), puis sur une piste [&hellip;]\" \/>\n<meta property=\"og:url\" content=\"https:\/\/centcols.org\/de\/passage-de-la-charmette\/\" \/>\n<meta property=\"og:site_name\" content=\"Club des Cent Cols\" \/>\n<meta property=\"article:publisher\" content=\"https:\/\/www.facebook.com\/groups\/5261880558\/?locale=fr_FR\" \/>\n<meta property=\"article:published_time\" content=\"2026-01-31T14:31:24+00:00\" \/>\n<meta property=\"article:modified_time\" content=\"2026-01-31T17:14:43+00:00\" \/>\n<meta property=\"og:image\" content=\"https:\/\/centcols.org\/wp-content\/uploads\/2026\/01\/Charmette_mise_en_avant.webp\" \/>\n\t<meta property=\"og:image:width\" content=\"474\" \/>\n\t<meta property=\"og:image:height\" content=\"266\" \/>\n\t<meta property=\"og:image:type\" content=\"image\/webp\" \/>\n<meta name=\"author\" content=\"Paul Levart\" \/>\n<meta name=\"twitter:card\" content=\"summary_large_image\" \/>\n<meta name=\"twitter:label1\" content=\"Verfasst von\" \/>\n\t<meta name=\"twitter:data1\" content=\"Paul Levart\" \/>\n\t<meta name=\"twitter:label2\" content=\"Gesch\u00e4tzte Lesezeit\" \/>\n\t<meta name=\"twitter:data2\" content=\"5\u00a0Minuten\" \/>\n<script type=\"application\/ld+json\" class=\"yoast-schema-graph\">{\"@context\":\"https:\/\/schema.org\",\"@graph\":[{\"@type\":\"Article\",\"@id\":\"https:\/\/centcols.org\/it\/passaggio-della-charmette\/#article\",\"isPartOf\":{\"@id\":\"https:\/\/centcols.org\/it\/passaggio-della-charmette\/\"},\"author\":{\"name\":\"Paul Levart\",\"@id\":\"https:\/\/centcols.org\/#\/schema\/person\/f69e64d42a30af00fb46d8cf7a1d9945\"},\"headline\":\"Le Passage de la Charmette\",\"datePublished\":\"2026-01-31T14:31:24+00:00\",\"dateModified\":\"2026-01-31T17:14:43+00:00\",\"mainEntityOfPage\":{\"@id\":\"https:\/\/centcols.org\/it\/passaggio-della-charmette\/\"},\"wordCount\":525,\"publisher\":{\"@id\":\"https:\/\/centcols.org\/#organization\"},\"image\":{\"@id\":\"https:\/\/centcols.org\/it\/passaggio-della-charmette\/#primaryimage\"},\"thumbnailUrl\":\"https:\/\/centcols.org\/wp-content\/uploads\/2026\/01\/Charmette_mise_en_avant.webp\",\"articleSection\":[\"Cols en vrac\"],\"inLanguage\":\"de\"},{\"@type\":\"WebPage\",\"@id\":\"https:\/\/centcols.org\/it\/passaggio-della-charmette\/\",\"url\":\"https:\/\/centcols.org\/it\/passaggio-della-charmette\/\",\"name\":\"Le Passage de la Charmette - Club des Cent Cols\",\"isPartOf\":{\"@id\":\"https:\/\/centcols.org\/#website\"},\"primaryImageOfPage\":{\"@id\":\"https:\/\/centcols.org\/it\/passaggio-della-charmette\/#primaryimage\"},\"image\":{\"@id\":\"https:\/\/centcols.org\/it\/passaggio-della-charmette\/#primaryimage\"},\"thumbnailUrl\":\"https:\/\/centcols.org\/wp-content\/uploads\/2026\/01\/Charmette_mise_en_avant.webp\",\"datePublished\":\"2026-01-31T14:31:24+00:00\",\"dateModified\":\"2026-01-31T17:14:43+00:00\",\"breadcrumb\":{\"@id\":\"https:\/\/centcols.org\/it\/passaggio-della-charmette\/#breadcrumb\"},\"inLanguage\":\"de\",\"potentialAction\":[{\"@type\":\"ReadAction\",\"target\":[\"https:\/\/centcols.org\/it\/passaggio-della-charmette\/\"]}]},{\"@type\":\"ImageObject\",\"inLanguage\":\"de\",\"@id\":\"https:\/\/centcols.org\/it\/passaggio-della-charmette\/#primaryimage\",\"url\":\"https:\/\/centcols.org\/wp-content\/uploads\/2026\/01\/Charmette_mise_en_avant.webp\",\"contentUrl\":\"https:\/\/centcols.org\/wp-content\/uploads\/2026\/01\/Charmette_mise_en_avant.webp\",\"width\":474,\"height\":266},{\"@type\":\"BreadcrumbList\",\"@id\":\"https:\/\/centcols.org\/it\/passaggio-della-charmette\/#breadcrumb\",\"itemListElement\":[{\"@type\":\"ListItem\",\"position\":1,\"name\":\"Accueil\",\"item\":\"https:\/\/centcols.org\/\"},{\"@type\":\"ListItem\",\"position\":2,\"name\":\"Cols en vrac\",\"item\":\"https:\/\/centcols.org\/rubrique\/cols-en-vrac\/\"},{\"@type\":\"ListItem\",\"position\":3,\"name\":\"Le Passage de la Charmette\"}]},{\"@type\":\"WebSite\",\"@id\":\"https:\/\/centcols.org\/#website\",\"url\":\"https:\/\/centcols.org\/\",\"name\":\"Club des Cent Cols\",\"description\":\"\",\"publisher\":{\"@id\":\"https:\/\/centcols.org\/#organization\"},\"potentialAction\":[{\"@type\":\"SearchAction\",\"target\":{\"@type\":\"EntryPoint\",\"urlTemplate\":\"https:\/\/centcols.org\/?s={search_term_string}\"},\"query-input\":{\"@type\":\"PropertyValueSpecification\",\"valueRequired\":true,\"valueName\":\"search_term_string\"}}],\"inLanguage\":\"de\"},{\"@type\":\"Organization\",\"@id\":\"https:\/\/centcols.org\/#organization\",\"name\":\"Club des Cent Cols\",\"url\":\"https:\/\/centcols.org\/\",\"logo\":{\"@type\":\"ImageObject\",\"inLanguage\":\"de\",\"@id\":\"https:\/\/centcols.org\/#\/schema\/logo\/image\/\",\"url\":\"https:\/\/centcols.org\/wp-content\/uploads\/2025\/01\/carte-icone.png\",\"contentUrl\":\"https:\/\/centcols.org\/wp-content\/uploads\/2025\/01\/carte-icone.png\",\"width\":250,\"height\":250,\"caption\":\"Club des Cent Cols\"},\"image\":{\"@id\":\"https:\/\/centcols.org\/#\/schema\/logo\/image\/\"},\"sameAs\":[\"https:\/\/www.facebook.com\/groups\/5261880558\/?locale=fr_FR\"]},{\"@type\":\"Person\",\"@id\":\"https:\/\/centcols.org\/#\/schema\/person\/f69e64d42a30af00fb46d8cf7a1d9945\",\"name\":\"Paul Levart\",\"image\":{\"@type\":\"ImageObject\",\"inLanguage\":\"de\",\"@id\":\"https:\/\/centcols.org\/wp-content\/litespeed\/avatar\/b81f27ef11f03e8b6b3b3019b1b2b4d7.jpg?ver=1777205446\",\"url\":\"https:\/\/centcols.org\/wp-content\/litespeed\/avatar\/b81f27ef11f03e8b6b3b3019b1b2b4d7.jpg?ver=1777205446\",\"contentUrl\":\"https:\/\/centcols.org\/wp-content\/litespeed\/avatar\/b81f27ef11f03e8b6b3b3019b1b2b4d7.jpg?ver=1777205446\",\"caption\":\"Paul Levart\"},\"url\":\"https:\/\/centcols.org\/de\/author\/4953\/\"}]}<\/script>\n<!-- \/ Yoast SEO plugin. -->","yoast_head_json":{"title":"Le Passage de la Charmette - Club des Cent Cols","robots":{"index":"index","follow":"follow","max-snippet":"max-snippet:-1","max-image-preview":"max-image-preview:large","max-video-preview":"max-video-preview:-1"},"canonical":"https:\/\/centcols.org\/de\/passage-de-la-charmette\/","og_locale":"de_DE","og_type":"article","og_title":"Le Passage de la Charmette - Club des Cent Cols","og_description":"Au c\u0153ur du massif du Beaufortin, en Savoie, le passage de la Charmette (FR-73-2058) est un col magnifique offrant des points de vue exceptionnels tout au long de son ascension. Depuis le village d\u2019Ar\u00eaches, on s\u2019\u00e9l\u00e8ve de 1026 m en 12,6 km, d\u2019abord sur le goudron jusqu\u2019au col du Pr\u00e9 (FR-73-1703), puis sur une piste [&hellip;]","og_url":"https:\/\/centcols.org\/de\/passage-de-la-charmette\/","og_site_name":"Club des Cent Cols","article_publisher":"https:\/\/www.facebook.com\/groups\/5261880558\/?locale=fr_FR","article_published_time":"2026-01-31T14:31:24+00:00","article_modified_time":"2026-01-31T17:14:43+00:00","og_image":[{"width":474,"height":266,"url":"https:\/\/centcols.org\/wp-content\/uploads\/2026\/01\/Charmette_mise_en_avant.webp","type":"image\/webp"}],"author":"Paul Levart","twitter_card":"summary_large_image","twitter_misc":{"Verfasst von":"Paul Levart","Gesch\u00e4tzte Lesezeit":"5\u00a0Minuten"},"schema":{"@context":"https:\/\/schema.org","@graph":[{"@type":"Article","@id":"https:\/\/centcols.org\/it\/passaggio-della-charmette\/#article","isPartOf":{"@id":"https:\/\/centcols.org\/it\/passaggio-della-charmette\/"},"author":{"name":"Paul Levart","@id":"https:\/\/centcols.org\/#\/schema\/person\/f69e64d42a30af00fb46d8cf7a1d9945"},"headline":"Le Passage de la Charmette","datePublished":"2026-01-31T14:31:24+00:00","dateModified":"2026-01-31T17:14:43+00:00","mainEntityOfPage":{"@id":"https:\/\/centcols.org\/it\/passaggio-della-charmette\/"},"wordCount":525,"publisher":{"@id":"https:\/\/centcols.org\/#organization"},"image":{"@id":"https:\/\/centcols.org\/it\/passaggio-della-charmette\/#primaryimage"},"thumbnailUrl":"https:\/\/centcols.org\/wp-content\/uploads\/2026\/01\/Charmette_mise_en_avant.webp","articleSection":["Cols en vrac"],"inLanguage":"de"},{"@type":"WebPage","@id":"https:\/\/centcols.org\/it\/passaggio-della-charmette\/","url":"https:\/\/centcols.org\/it\/passaggio-della-charmette\/","name":"Le Passage de la Charmette - Club des Cent Cols","isPartOf":{"@id":"https:\/\/centcols.org\/#website"},"primaryImageOfPage":{"@id":"https:\/\/centcols.org\/it\/passaggio-della-charmette\/#primaryimage"},"image":{"@id":"https:\/\/centcols.org\/it\/passaggio-della-charmette\/#primaryimage"},"thumbnailUrl":"https:\/\/centcols.org\/wp-content\/uploads\/2026\/01\/Charmette_mise_en_avant.webp","datePublished":"2026-01-31T14:31:24+00:00","dateModified":"2026-01-31T17:14:43+00:00","breadcrumb":{"@id":"https:\/\/centcols.org\/it\/passaggio-della-charmette\/#breadcrumb"},"inLanguage":"de","potentialAction":[{"@type":"ReadAction","target":["https:\/\/centcols.org\/it\/passaggio-della-charmette\/"]}]},{"@type":"ImageObject","inLanguage":"de","@id":"https:\/\/centcols.org\/it\/passaggio-della-charmette\/#primaryimage","url":"https:\/\/centcols.org\/wp-content\/uploads\/2026\/01\/Charmette_mise_en_avant.webp","contentUrl":"https:\/\/centcols.org\/wp-content\/uploads\/2026\/01\/Charmette_mise_en_avant.webp","width":474,"height":266},{"@type":"BreadcrumbList","@id":"https:\/\/centcols.org\/it\/passaggio-della-charmette\/#breadcrumb","itemListElement":[{"@type":"ListItem","position":1,"name":"Accueil","item":"https:\/\/centcols.org\/"},{"@type":"ListItem","position":2,"name":"Cols en vrac","item":"https:\/\/centcols.org\/rubrique\/cols-en-vrac\/"},{"@type":"ListItem","position":3,"name":"Le Passage de la Charmette"}]},{"@type":"WebSite","@id":"https:\/\/centcols.org\/#website","url":"https:\/\/centcols.org\/","name":"Club des Cent Cols","description":"","publisher":{"@id":"https:\/\/centcols.org\/#organization"},"potentialAction":[{"@type":"SearchAction","target":{"@type":"EntryPoint","urlTemplate":"https:\/\/centcols.org\/?s={search_term_string}"},"query-input":{"@type":"PropertyValueSpecification","valueRequired":true,"valueName":"search_term_string"}}],"inLanguage":"de"},{"@type":"Organization","@id":"https:\/\/centcols.org\/#organization","name":"Club des Cent Cols","url":"https:\/\/centcols.org\/","logo":{"@type":"ImageObject","inLanguage":"de","@id":"https:\/\/centcols.org\/#\/schema\/logo\/image\/","url":"https:\/\/centcols.org\/wp-content\/uploads\/2025\/01\/carte-icone.png","contentUrl":"https:\/\/centcols.org\/wp-content\/uploads\/2025\/01\/carte-icone.png","width":250,"height":250,"caption":"Club des Cent Cols"},"image":{"@id":"https:\/\/centcols.org\/#\/schema\/logo\/image\/"},"sameAs":["https:\/\/www.facebook.com\/groups\/5261880558\/?locale=fr_FR"]},{"@type":"Person","@id":"https:\/\/centcols.org\/#\/schema\/person\/f69e64d42a30af00fb46d8cf7a1d9945","name":"Paul Levart","image":{"@type":"ImageObject","inLanguage":"de","@id":"https:\/\/centcols.org\/wp-content\/litespeed\/avatar\/b81f27ef11f03e8b6b3b3019b1b2b4d7.jpg?ver=1777205446","url":"https:\/\/centcols.org\/wp-content\/litespeed\/avatar\/b81f27ef11f03e8b6b3b3019b1b2b4d7.jpg?ver=1777205446","contentUrl":"https:\/\/centcols.org\/wp-content\/litespeed\/avatar\/b81f27ef11f03e8b6b3b3019b1b2b4d7.jpg?ver=1777205446","caption":"Paul Levart"},"url":"https:\/\/centcols.org\/de\/author\/4953\/"}]}},"_links":{"self":[{"href":"https:\/\/centcols.org\/de\/wp-json\/wp\/v2\/posts\/93153","targetHints":{"allow":["GET"]}}],"collection":[{"href":"https:\/\/centcols.org\/de\/wp-json\/wp\/v2\/posts"}],"about":[{"href":"https:\/\/centcols.org\/de\/wp-json\/wp\/v2\/types\/post"}],"author":[{"embeddable":true,"href":"https:\/\/centcols.org\/de\/wp-json\/wp\/v2\/users\/682"}],"replies":[{"embeddable":true,"href":"https:\/\/centcols.org\/de\/wp-json\/wp\/v2\/comments?post=93153"}],"version-history":[{"count":0,"href":"https:\/\/centcols.org\/de\/wp-json\/wp\/v2\/posts\/93153\/revisions"}],"wp:featuredmedia":[{"embeddable":true,"href":"https:\/\/centcols.org\/de\/wp-json\/wp\/v2\/media\/93269"}],"wp:attachment":[{"href":"https:\/\/centcols.org\/de\/wp-json\/wp\/v2\/media?parent=93153"}],"wp:term":[{"taxonomy":"category","embeddable":true,"href":"https:\/\/centcols.org\/de\/wp-json\/wp\/v2\/categories?post=93153"},{"taxonomy":"post_tag","embeddable":true,"href":"https:\/\/centcols.org\/de\/wp-json\/wp\/v2\/tags?post=93153"}],"curies":[{"name":"wp","href":"https:\/\/api.w.org\/{rel}","templated":true}]}}