{"id":93200,"date":"2026-01-31T16:54:09","date_gmt":"2026-01-31T14:54:09","guid":{"rendered":"https:\/\/centcols.org\/?p=93200"},"modified":"2026-03-15T14:31:54","modified_gmt":"2026-03-15T12:31:54","slug":"der-jandri-pass","status":"publish","type":"post","link":"https:\/\/centcols.org\/de\/le-col-du-jandri\/","title":{"rendered":"Der Jandri-Pass"},"content":{"rendered":"<p>Text und Bildnachweis von Ren\u00e9 Poty<\/p>\n\n\n<div class=\"wp-block-image\">\n<figure class=\"aligncenter size-full\"><img loading=\"lazy\" decoding=\"async\" width=\"450\" height=\"413\" src=\"https:\/\/centcols.org\/wp-content\/uploads\/2026\/01\/col_du_jandri_carte_1.jpg\" alt=\"\" class=\"wp-image-93206\" srcset=\"https:\/\/centcols.org\/wp-content\/uploads\/2026\/01\/col_du_jandri_carte_1.jpg 450w, https:\/\/centcols.org\/wp-content\/uploads\/2026\/01\/col_du_jandri_carte_1-13x12.jpg 13w\" sizes=\"auto, (max-width: 450px) 100vw, 450px\" \/><\/figure>\n<\/div>\n\n<div class=\"wp-block-image\">\n<figure class=\"aligncenter size-full\"><img loading=\"lazy\" decoding=\"async\" width=\"641\" height=\"296\" src=\"https:\/\/centcols.org\/wp-content\/uploads\/2026\/01\/col_du_jandri_carte_2.jpg\" alt=\"\" class=\"wp-image-93207\" srcset=\"https:\/\/centcols.org\/wp-content\/uploads\/2026\/01\/col_du_jandri_carte_2.jpg 641w, https:\/\/centcols.org\/wp-content\/uploads\/2026\/01\/col_du_jandri_carte_2-18x8.jpg 18w\" sizes=\"auto, (max-width: 641px) 100vw, 641px\" \/><\/figure>\n<\/div>\n\n\n<p>Der Jandri-Pass (3150 m <a href=\"\/de\/util\/geo\/visu.php\/?code=FR-38-3151\" type=\"link\" id=\"\/util\/geo\/visu.php?code=FR-38-3151\">DE-38-3151<\/a>) ist einer der wenigen Alpenp\u00e4sse \u00fcber 3000 m H\u00f6he, der mit dem Fahrrad \u00fcber eine breite R1-2-Piste erreicht werden kann. Er liegt im Skigebiet des Ortes Les Deux-Alpes, sodass man sich mit den zahlreichen Skiliften, die die Landschaft durchziehen, arrangieren und die herrliche Aussicht in der Ferne genie\u00dfen muss.<br>Und schlie\u00dflich ist es ein Vergn\u00fcgen, sich auf 3150 m H\u00f6he zu begeben, um den Gletscher von Mont-de-Lans zu sehen, das Sie sich nicht entgehen lassen sollten. Achten Sie auf den H\u00f6henunterschied!<\/p>\n\n\n\n<ul class=\"wp-block-list\">\n<li>Von Le Bourg-d'Oisans: 2734 m (ein Rekord f\u00fcr eine Besteigung in den Alpen?)<\/li>\n\n\n\n<li>Vom Chambon-See: 2107 m<\/li>\n\n\n\n<li>Von Les Deux-Alpes (Col de l'Alpe <a href=\"\/de\/util\/geo\/visu.php\/?code=FR-38-1652\" type=\"link\" id=\"\/util\/geo\/visu.php?code=FR-38-1652\">DE-38-1652<\/a>): 1500 m<\/li>\n<\/ul>\n\n\n\n<p>Der Aufstieg auf der Piste (R1) beginnt in der Alpe du Mont-de-Lans (Foto 1). In weiten Serpentinen erreicht man einen Bergr\u00fccken auf 2189 m H\u00f6he (Restaurant und Seilbahnstation). W\u00e4hrend des gesamten Aufstiegs haben Sie einen herrlichen Blick auf Les Deux-Alpes und im Hintergrund die Gipfel des Oisans mit ihren glitzernden Gletschern.<\/p>\n\n\n<div class=\"wp-block-image\">\n<figure class=\"aligncenter size-full\"><img loading=\"lazy\" decoding=\"async\" width=\"530\" height=\"340\" src=\"https:\/\/centcols.org\/wp-content\/uploads\/2026\/01\/Jandri-1.jpg\" alt=\"\" class=\"wp-image-93209\" srcset=\"https:\/\/centcols.org\/wp-content\/uploads\/2026\/01\/Jandri-1.jpg 530w, https:\/\/centcols.org\/wp-content\/uploads\/2026\/01\/Jandri-1-18x12.jpg 18w\" sizes=\"auto, (max-width: 530px) 100vw, 530px\" \/><\/figure>\n<\/div>\n\n\n<h6 class=\"wp-block-heading has-text-align-center\">Foto 1: Les Deux-Alpes mit den Gipfeln des Oisans im Hintergrund, gesehen von<br>die Jandri-Piste (man sieht diese Piste in der unteren linken Ecke des Bildes)<\/h6>\n\n\n\n<p>In der Combe du Thuit wird der Hang etwas weniger steil. Die Piste f\u00fchrt am kleinen Plan-See vorbei, und dank sieben Serpentinen (Foto 2) gelangt man auf 2578 m an die Station des \u00abJandri Express\u00bb, der Seilbahn, die Sommerskifahrer auf die Passh\u00f6he bringt. Ein kurzes St\u00fcck nach links und zur\u00fcck f\u00fchrt zum fast ebenen Col des Gourses (<a href=\"\/de\/util\/geo\/visu.php\/?code=FR-38-2550b\" type=\"link\" id=\"\/util\/geo\/visu.php?code=FR-38-2550b\">FR-38-2550b<\/a>).<\/p>\n\n\n<div class=\"wp-block-image\">\n<figure class=\"aligncenter size-full\"><img loading=\"lazy\" decoding=\"async\" width=\"498\" height=\"344\" src=\"https:\/\/centcols.org\/wp-content\/uploads\/2026\/01\/jandri-2.jpg\" alt=\"\" class=\"wp-image-93210\" srcset=\"https:\/\/centcols.org\/wp-content\/uploads\/2026\/01\/jandri-2.jpg 498w, https:\/\/centcols.org\/wp-content\/uploads\/2026\/01\/jandri-2-18x12.jpg 18w\" sizes=\"auto, (max-width: 498px) 100vw, 498px\" \/><\/figure>\n<\/div>\n\n\n<h6 class=\"wp-block-heading has-text-align-center\">Foto 2: Die Jandri-Piste: Serpentinen oberhalb des \u00abGrand Plan du Sautet\u00bb.<br>Rechts im Hintergrund sieht man die Piste, die auf das Plateau hinaufsteigt.<br>d'Emparis von Besse aus. Links: Die Gletscher von Grandes Rousses.<\/h6>\n\n\n\n<p>Der Jandri-Pfad steigt weiter in Serpentinen an. Er ist oft steinig, staubig und steil und zwingt manchmal zum Gehen. Man betritt wirklich eine Welt des Hochgebirges, sehr mineralisch, mit von der Gletschererosion zerkl\u00fcfteten Felsen (Fotos 3-4). Einige kleine Seen gl\u00e4nzen in der Sonne, bevor Sie die letzten Serpentinen in Angriff nehmen, die Ihnen den Atem stocken lassen (H\u00f6he verpflichtet!). .<\/p>\n\n\n<div class=\"wp-block-image\">\n<figure class=\"aligncenter size-full\"><img loading=\"lazy\" decoding=\"async\" width=\"486\" height=\"356\" src=\"https:\/\/centcols.org\/wp-content\/uploads\/2026\/01\/jandri-3.jpg\" alt=\"\" class=\"wp-image-93213\" srcset=\"https:\/\/centcols.org\/wp-content\/uploads\/2026\/01\/jandri-3.jpg 486w, https:\/\/centcols.org\/wp-content\/uploads\/2026\/01\/jandri-3-16x12.jpg 16w\" sizes=\"auto, (max-width: 486px) 100vw, 486px\" \/><\/figure>\n<\/div>\n\n\n<h6 class=\"wp-block-heading has-text-align-center\">Foto 3: Die letzten Serpentinen des Jandri bei 3000m H\u00f6he.<br>Im Hintergrund die Gipfel des Nationalparks Les Ecrins.<\/h6>\n\n\n<div class=\"wp-block-image\">\n<figure class=\"aligncenter size-full\"><img loading=\"lazy\" decoding=\"async\" width=\"312\" height=\"368\" src=\"https:\/\/centcols.org\/wp-content\/uploads\/2026\/01\/jandri-4-1.jpg\" alt=\"\" class=\"wp-image-93215\" srcset=\"https:\/\/centcols.org\/wp-content\/uploads\/2026\/01\/jandri-4-1.jpg 312w, https:\/\/centcols.org\/wp-content\/uploads\/2026\/01\/jandri-4-1-10x12.jpg 10w\" sizes=\"auto, (max-width: 312px) 100vw, 312px\" \/><\/figure>\n<\/div>\n\n\n<h6 class=\"wp-block-heading has-text-align-center\">Foto 4: H\u00f6he 3170m, der Weg bleibt noch fahrradtauglich (R1-2)<br>w\u00e4hrend die TOP25 3336ET einen Pfad anzeigt.<\/h6>\n\n\n\n<p>Der Weg \u00fcberquert zweihundert Meter weiter die 3170 m hohe K\u00fcste (Foto 5). Unterhalb davon befindet sich der Jandri-Pass. Der Ort ist nicht verlassen! Die Seilbahn entl\u00e4dt hier ihre Skifahrer, die mitten im August auf dem Gletscher von Mont-de-Lans die Freuden des Schnees genie\u00dfen wollen, und ein Bergrestaurant verteilt wie am Flie\u00dfband seine Essenstabletts...<\/p>\n\n\n<div class=\"wp-block-image\">\n<figure class=\"aligncenter size-full\"><img loading=\"lazy\" decoding=\"async\" width=\"490\" height=\"360\" src=\"https:\/\/centcols.org\/wp-content\/uploads\/2026\/01\/jandri-5.jpg\" alt=\"\" class=\"wp-image-93219\" srcset=\"https:\/\/centcols.org\/wp-content\/uploads\/2026\/01\/jandri-5.jpg 490w, https:\/\/centcols.org\/wp-content\/uploads\/2026\/01\/jandri-5-16x12.jpg 16w\" sizes=\"auto, (max-width: 490px) 100vw, 490px\" \/><\/figure>\n<\/div>\n\n\n<h6 class=\"wp-block-heading has-text-align-center\">Foto 5: Jenseits davon gibt es nur eine Hoffnung ... den Hubschrauber!<\/h6>\n\n\n\n<p>Auf dem R\u00fcckweg (vollst\u00e4ndig mit dem Fahrrad) kann man die Piste am See von Serre-Palas verlassen und auf Sichtweite eine felsige Zone (HS 3) \u00fcberqueren, um die Scharte des Grand Creux (2804m) zu erreichen. <a href=\"\/de\/util\/geo\/visu.php\/?code=FR-38-2810b\" type=\"link\" id=\"\/util\/geo\/visu.php?code=FR-38-2810b\">FR-38-2810b<\/a>) unter einem Skilift. Dann geht es unter dem Skilift (HS 2-3) hinunter, um links eine breite Piste (R1-2) zu nehmen und ohne Schwierigkeiten den Col d'Entre les T\u00eates (2696 m <a href=\"\/de\/util\/geo\/visu.php\/?code=FR-38-2680\" type=\"link\" id=\"\/util\/geo\/visu.php?code=FR-38-2680\">DE-38-2680<\/a>). Insgesamt vier P\u00e4sse auf \u00fcber 2000 m. Diese Tour wird in TOPO 1 auf Seite 28 beschrieben.<\/p>\n\n\n<div class=\"wp-block-image\">\n<figure class=\"aligncenter size-full\"><img loading=\"lazy\" decoding=\"async\" width=\"488\" height=\"303\" src=\"https:\/\/centcols.org\/wp-content\/uploads\/2026\/01\/col_du_jandri_profil.gif\" alt=\"\" class=\"wp-image-93220\"\/><\/figure>\n<\/div>","protected":false},"excerpt":{"rendered":"<p>Texte et cr\u00e9dit photos de Ren\u00e9 Poty Le col du Jandri (3150\u00a0m FR-38-3151) est un des rares cols des Alpes d\u00e9passant 3000\u00a0m d&rsquo;altitude qui peut \u00eatre atteint \u00e0 v\u00e9lo par une large piste R1-2. Il est situ\u00e9 dans le domaine skiable de la station des Deux-Alpes, il faut donc s&rsquo;accommoder des nombreuses remont\u00e9es m\u00e9caniques qui [&hellip;]<\/p>\n","protected":false},"author":1993,"featured_media":93219,"comment_status":"closed","ping_status":"closed","sticky":false,"template":"","format":"standard","meta":{"_acf_changed":false,"footnotes":""},"categories":[308],"tags":[],"class_list":["post-93200","post","type-post","status-publish","format-standard","has-post-thumbnail","hentry","category-cols-en-vrac"],"acf":[],"yoast_head":"<!-- This site is optimized with the Yoast SEO plugin v27.2 - https:\/\/yoast.com\/product\/yoast-seo-wordpress\/ -->\n<title>Le Col du Jandri - Club des Cent Cols<\/title>\n<meta name=\"robots\" content=\"index, follow, max-snippet:-1, max-image-preview:large, max-video-preview:-1\" \/>\n<link rel=\"canonical\" href=\"https:\/\/centcols.org\/de\/der-jandri-pass\/\" \/>\n<meta property=\"og:locale\" content=\"de_DE\" \/>\n<meta property=\"og:type\" content=\"article\" \/>\n<meta property=\"og:title\" content=\"Le Col du Jandri - Club des Cent Cols\" \/>\n<meta property=\"og:description\" content=\"Texte et cr\u00e9dit photos de Ren\u00e9 Poty Le col du Jandri (3150\u00a0m FR-38-3151) est un des rares cols des Alpes d\u00e9passant 3000\u00a0m d&rsquo;altitude qui peut \u00eatre atteint \u00e0 v\u00e9lo par une large piste R1-2. Il est situ\u00e9 dans le domaine skiable de la station des Deux-Alpes, il faut donc s&rsquo;accommoder des nombreuses remont\u00e9es m\u00e9caniques qui [&hellip;]\" \/>\n<meta property=\"og:url\" content=\"https:\/\/centcols.org\/de\/der-jandri-pass\/\" \/>\n<meta property=\"og:site_name\" content=\"Club des Cent Cols\" \/>\n<meta property=\"article:publisher\" content=\"https:\/\/www.facebook.com\/groups\/5261880558\/?locale=fr_FR\" \/>\n<meta property=\"article:published_time\" content=\"2026-01-31T14:54:09+00:00\" \/>\n<meta property=\"article:modified_time\" content=\"2026-03-15T12:31:54+00:00\" \/>\n<meta property=\"og:image\" content=\"https:\/\/centcols.org\/wp-content\/uploads\/2026\/01\/jandri-5.jpg\" \/>\n\t<meta property=\"og:image:width\" content=\"490\" \/>\n\t<meta property=\"og:image:height\" content=\"360\" \/>\n\t<meta property=\"og:image:type\" content=\"image\/jpeg\" \/>\n<meta name=\"author\" content=\"Jo\u00eblle Mingat\" \/>\n<meta name=\"twitter:card\" content=\"summary_large_image\" \/>\n<meta name=\"twitter:label1\" content=\"Verfasst von\" \/>\n\t<meta name=\"twitter:data1\" content=\"Jo\u00eblle Mingat\" \/>\n\t<meta name=\"twitter:label2\" content=\"Gesch\u00e4tzte Lesezeit\" \/>\n\t<meta name=\"twitter:data2\" content=\"5\u00a0Minuten\" \/>\n<script type=\"application\/ld+json\" class=\"yoast-schema-graph\">{\"@context\":\"https:\/\/schema.org\",\"@graph\":[{\"@type\":\"Article\",\"@id\":\"https:\/\/centcols.org\/le-col-du-jandri\/#article\",\"isPartOf\":{\"@id\":\"https:\/\/centcols.org\/le-col-du-jandri\/\"},\"author\":{\"name\":\"Jo\u00eblle Mingat\",\"@id\":\"https:\/\/centcols.org\/#\/schema\/person\/0afae1c765c3b4675d37457765e3e383\"},\"headline\":\"Le Col du Jandri\",\"datePublished\":\"2026-01-31T14:54:09+00:00\",\"dateModified\":\"2026-03-15T12:31:54+00:00\",\"mainEntityOfPage\":{\"@id\":\"https:\/\/centcols.org\/le-col-du-jandri\/\"},\"wordCount\":607,\"publisher\":{\"@id\":\"https:\/\/centcols.org\/#organization\"},\"image\":{\"@id\":\"https:\/\/centcols.org\/le-col-du-jandri\/#primaryimage\"},\"thumbnailUrl\":\"https:\/\/centcols.org\/wp-content\/uploads\/2026\/01\/jandri-5.jpg\",\"articleSection\":[\"Cols en vrac\"],\"inLanguage\":\"de\"},{\"@type\":\"WebPage\",\"@id\":\"https:\/\/centcols.org\/le-col-du-jandri\/\",\"url\":\"https:\/\/centcols.org\/le-col-du-jandri\/\",\"name\":\"Le Col du Jandri - Club des Cent Cols\",\"isPartOf\":{\"@id\":\"https:\/\/centcols.org\/#website\"},\"primaryImageOfPage\":{\"@id\":\"https:\/\/centcols.org\/le-col-du-jandri\/#primaryimage\"},\"image\":{\"@id\":\"https:\/\/centcols.org\/le-col-du-jandri\/#primaryimage\"},\"thumbnailUrl\":\"https:\/\/centcols.org\/wp-content\/uploads\/2026\/01\/jandri-5.jpg\",\"datePublished\":\"2026-01-31T14:54:09+00:00\",\"dateModified\":\"2026-03-15T12:31:54+00:00\",\"breadcrumb\":{\"@id\":\"https:\/\/centcols.org\/le-col-du-jandri\/#breadcrumb\"},\"inLanguage\":\"de\",\"potentialAction\":[{\"@type\":\"ReadAction\",\"target\":[\"https:\/\/centcols.org\/le-col-du-jandri\/\"]}]},{\"@type\":\"ImageObject\",\"inLanguage\":\"de\",\"@id\":\"https:\/\/centcols.org\/le-col-du-jandri\/#primaryimage\",\"url\":\"https:\/\/centcols.org\/wp-content\/uploads\/2026\/01\/jandri-5.jpg\",\"contentUrl\":\"https:\/\/centcols.org\/wp-content\/uploads\/2026\/01\/jandri-5.jpg\",\"width\":490,\"height\":360},{\"@type\":\"BreadcrumbList\",\"@id\":\"https:\/\/centcols.org\/le-col-du-jandri\/#breadcrumb\",\"itemListElement\":[{\"@type\":\"ListItem\",\"position\":1,\"name\":\"Accueil\",\"item\":\"https:\/\/centcols.org\/\"},{\"@type\":\"ListItem\",\"position\":2,\"name\":\"Cols en vrac\",\"item\":\"https:\/\/centcols.org\/rubrique\/cols-en-vrac\/\"},{\"@type\":\"ListItem\",\"position\":3,\"name\":\"Le Col du Jandri\"}]},{\"@type\":\"WebSite\",\"@id\":\"https:\/\/centcols.org\/#website\",\"url\":\"https:\/\/centcols.org\/\",\"name\":\"Club des Cent Cols\",\"description\":\"\",\"publisher\":{\"@id\":\"https:\/\/centcols.org\/#organization\"},\"potentialAction\":[{\"@type\":\"SearchAction\",\"target\":{\"@type\":\"EntryPoint\",\"urlTemplate\":\"https:\/\/centcols.org\/?s={search_term_string}\"},\"query-input\":{\"@type\":\"PropertyValueSpecification\",\"valueRequired\":true,\"valueName\":\"search_term_string\"}}],\"inLanguage\":\"de\"},{\"@type\":\"Organization\",\"@id\":\"https:\/\/centcols.org\/#organization\",\"name\":\"Club des Cent Cols\",\"url\":\"https:\/\/centcols.org\/\",\"logo\":{\"@type\":\"ImageObject\",\"inLanguage\":\"de\",\"@id\":\"https:\/\/centcols.org\/#\/schema\/logo\/image\/\",\"url\":\"https:\/\/centcols.org\/wp-content\/uploads\/2025\/01\/carte-icone.png\",\"contentUrl\":\"https:\/\/centcols.org\/wp-content\/uploads\/2025\/01\/carte-icone.png\",\"width\":250,\"height\":250,\"caption\":\"Club des Cent Cols\"},\"image\":{\"@id\":\"https:\/\/centcols.org\/#\/schema\/logo\/image\/\"},\"sameAs\":[\"https:\/\/www.facebook.com\/groups\/5261880558\/?locale=fr_FR\"]},{\"@type\":\"Person\",\"@id\":\"https:\/\/centcols.org\/#\/schema\/person\/0afae1c765c3b4675d37457765e3e383\",\"name\":\"Jo\u00eblle Mingat\",\"image\":{\"@type\":\"ImageObject\",\"inLanguage\":\"de\",\"@id\":\"https:\/\/centcols.org\/wp-content\/litespeed\/avatar\/8ace1c0eaf9dcc23c49d76c12a17902f.jpg?ver=1777261681\",\"url\":\"https:\/\/centcols.org\/wp-content\/litespeed\/avatar\/8ace1c0eaf9dcc23c49d76c12a17902f.jpg?ver=1777261681\",\"contentUrl\":\"https:\/\/centcols.org\/wp-content\/litespeed\/avatar\/8ace1c0eaf9dcc23c49d76c12a17902f.jpg?ver=1777261681\",\"caption\":\"Jo\u00eblle Mingat\"},\"url\":\"https:\/\/centcols.org\/de\/author\/5345\/\"}]}<\/script>\n<!-- \/ Yoast SEO plugin. -->","yoast_head_json":{"title":"Der Jandri-Pass - Club des Cent Cols","robots":{"index":"index","follow":"follow","max-snippet":"max-snippet:-1","max-image-preview":"max-image-preview:large","max-video-preview":"max-video-preview:-1"},"canonical":"https:\/\/centcols.org\/de\/der-jandri-pass\/","og_locale":"de_DE","og_type":"article","og_title":"Le Col du Jandri - Club des Cent Cols","og_description":"Texte et cr\u00e9dit photos de Ren\u00e9 Poty Le col du Jandri (3150\u00a0m FR-38-3151) est un des rares cols des Alpes d\u00e9passant 3000\u00a0m d&rsquo;altitude qui peut \u00eatre atteint \u00e0 v\u00e9lo par une large piste R1-2. Il est situ\u00e9 dans le domaine skiable de la station des Deux-Alpes, il faut donc s&rsquo;accommoder des nombreuses remont\u00e9es m\u00e9caniques qui [&hellip;]","og_url":"https:\/\/centcols.org\/de\/der-jandri-pass\/","og_site_name":"Club des Cent Cols","article_publisher":"https:\/\/www.facebook.com\/groups\/5261880558\/?locale=fr_FR","article_published_time":"2026-01-31T14:54:09+00:00","article_modified_time":"2026-03-15T12:31:54+00:00","og_image":[{"width":490,"height":360,"url":"https:\/\/centcols.org\/wp-content\/uploads\/2026\/01\/jandri-5.jpg","type":"image\/jpeg"}],"author":"Jo\u00eblle Mingat","twitter_card":"summary_large_image","twitter_misc":{"Verfasst von":"Jo\u00eblle Mingat","Gesch\u00e4tzte Lesezeit":"5\u00a0Minuten"},"schema":{"@context":"https:\/\/schema.org","@graph":[{"@type":"Article","@id":"https:\/\/centcols.org\/le-col-du-jandri\/#article","isPartOf":{"@id":"https:\/\/centcols.org\/le-col-du-jandri\/"},"author":{"name":"Jo\u00eblle Mingat","@id":"https:\/\/centcols.org\/#\/schema\/person\/0afae1c765c3b4675d37457765e3e383"},"headline":"Le Col du Jandri","datePublished":"2026-01-31T14:54:09+00:00","dateModified":"2026-03-15T12:31:54+00:00","mainEntityOfPage":{"@id":"https:\/\/centcols.org\/le-col-du-jandri\/"},"wordCount":607,"publisher":{"@id":"https:\/\/centcols.org\/#organization"},"image":{"@id":"https:\/\/centcols.org\/le-col-du-jandri\/#primaryimage"},"thumbnailUrl":"https:\/\/centcols.org\/wp-content\/uploads\/2026\/01\/jandri-5.jpg","articleSection":["Cols en vrac"],"inLanguage":"de"},{"@type":"WebPage","@id":"https:\/\/centcols.org\/le-col-du-jandri\/","url":"https:\/\/centcols.org\/le-col-du-jandri\/","name":"Der Jandri-Pass - Club des Cent Cols","isPartOf":{"@id":"https:\/\/centcols.org\/#website"},"primaryImageOfPage":{"@id":"https:\/\/centcols.org\/le-col-du-jandri\/#primaryimage"},"image":{"@id":"https:\/\/centcols.org\/le-col-du-jandri\/#primaryimage"},"thumbnailUrl":"https:\/\/centcols.org\/wp-content\/uploads\/2026\/01\/jandri-5.jpg","datePublished":"2026-01-31T14:54:09+00:00","dateModified":"2026-03-15T12:31:54+00:00","breadcrumb":{"@id":"https:\/\/centcols.org\/le-col-du-jandri\/#breadcrumb"},"inLanguage":"de","potentialAction":[{"@type":"ReadAction","target":["https:\/\/centcols.org\/le-col-du-jandri\/"]}]},{"@type":"ImageObject","inLanguage":"de","@id":"https:\/\/centcols.org\/le-col-du-jandri\/#primaryimage","url":"https:\/\/centcols.org\/wp-content\/uploads\/2026\/01\/jandri-5.jpg","contentUrl":"https:\/\/centcols.org\/wp-content\/uploads\/2026\/01\/jandri-5.jpg","width":490,"height":360},{"@type":"BreadcrumbList","@id":"https:\/\/centcols.org\/le-col-du-jandri\/#breadcrumb","itemListElement":[{"@type":"ListItem","position":1,"name":"Accueil","item":"https:\/\/centcols.org\/"},{"@type":"ListItem","position":2,"name":"Cols en vrac","item":"https:\/\/centcols.org\/rubrique\/cols-en-vrac\/"},{"@type":"ListItem","position":3,"name":"Le Col du Jandri"}]},{"@type":"WebSite","@id":"https:\/\/centcols.org\/#website","url":"https:\/\/centcols.org\/","name":"Club des Cent Cols","description":"","publisher":{"@id":"https:\/\/centcols.org\/#organization"},"potentialAction":[{"@type":"SearchAction","target":{"@type":"EntryPoint","urlTemplate":"https:\/\/centcols.org\/?s={search_term_string}"},"query-input":{"@type":"PropertyValueSpecification","valueRequired":true,"valueName":"search_term_string"}}],"inLanguage":"de"},{"@type":"Organization","@id":"https:\/\/centcols.org\/#organization","name":"Club des Cent Cols","url":"https:\/\/centcols.org\/","logo":{"@type":"ImageObject","inLanguage":"de","@id":"https:\/\/centcols.org\/#\/schema\/logo\/image\/","url":"https:\/\/centcols.org\/wp-content\/uploads\/2025\/01\/carte-icone.png","contentUrl":"https:\/\/centcols.org\/wp-content\/uploads\/2025\/01\/carte-icone.png","width":250,"height":250,"caption":"Club des Cent Cols"},"image":{"@id":"https:\/\/centcols.org\/#\/schema\/logo\/image\/"},"sameAs":["https:\/\/www.facebook.com\/groups\/5261880558\/?locale=fr_FR"]},{"@type":"Person","@id":"https:\/\/centcols.org\/#\/schema\/person\/0afae1c765c3b4675d37457765e3e383","name":"Jo\u00eblle Mingat","image":{"@type":"ImageObject","inLanguage":"de","@id":"https:\/\/centcols.org\/wp-content\/litespeed\/avatar\/8ace1c0eaf9dcc23c49d76c12a17902f.jpg?ver=1777261681","url":"https:\/\/centcols.org\/wp-content\/litespeed\/avatar\/8ace1c0eaf9dcc23c49d76c12a17902f.jpg?ver=1777261681","contentUrl":"https:\/\/centcols.org\/wp-content\/litespeed\/avatar\/8ace1c0eaf9dcc23c49d76c12a17902f.jpg?ver=1777261681","caption":"Jo\u00eblle Mingat"},"url":"https:\/\/centcols.org\/de\/author\/5345\/"}]}},"_links":{"self":[{"href":"https:\/\/centcols.org\/de\/wp-json\/wp\/v2\/posts\/93200","targetHints":{"allow":["GET"]}}],"collection":[{"href":"https:\/\/centcols.org\/de\/wp-json\/wp\/v2\/posts"}],"about":[{"href":"https:\/\/centcols.org\/de\/wp-json\/wp\/v2\/types\/post"}],"author":[{"embeddable":true,"href":"https:\/\/centcols.org\/de\/wp-json\/wp\/v2\/users\/1993"}],"replies":[{"embeddable":true,"href":"https:\/\/centcols.org\/de\/wp-json\/wp\/v2\/comments?post=93200"}],"version-history":[{"count":0,"href":"https:\/\/centcols.org\/de\/wp-json\/wp\/v2\/posts\/93200\/revisions"}],"wp:featuredmedia":[{"embeddable":true,"href":"https:\/\/centcols.org\/de\/wp-json\/wp\/v2\/media\/93219"}],"wp:attachment":[{"href":"https:\/\/centcols.org\/de\/wp-json\/wp\/v2\/media?parent=93200"}],"wp:term":[{"taxonomy":"category","embeddable":true,"href":"https:\/\/centcols.org\/de\/wp-json\/wp\/v2\/categories?post=93200"},{"taxonomy":"post_tag","embeddable":true,"href":"https:\/\/centcols.org\/de\/wp-json\/wp\/v2\/tags?post=93200"}],"curies":[{"name":"wp","href":"https:\/\/api.w.org\/{rel}","templated":true}]}}