{"id":93232,"date":"2026-01-31T17:28:08","date_gmt":"2026-01-31T15:28:08","guid":{"rendered":"https:\/\/centcols.org\/?p=93232"},"modified":"2026-03-15T12:32:09","modified_gmt":"2026-03-15T10:32:09","slug":"lammhals","status":"publish","type":"post","link":"https:\/\/centcols.org\/de\/col-agnel\/","title":{"rendered":"Agnel-Pass"},"content":{"rendered":"<p>COL AGNEL \/ VALICO DELL'AGNELO: 2744M (S\u00fcdosthang)<br>IGN-Koordinaten: 54 3637-O 113-048. Michelin: 77-19-078-139<\/p>\n\n\n\n<p>Thierry PERRET, Cent Cols n\u00b02664 - 71700 TOURNUS.<\/p>\n\n\n\n<p>Der Col Agnel f\u00fchrt vom Regionalpark Queyras in den Hautes-Alpes ins Val Varaita im italienischen Piemont. Genau auf dieser piemontesischen Seite findet zweifellos einer der strengsten alpinen Anstiege in der Kategorie der gro\u00dfen P\u00e4sse \u00fcber 2000 m statt. Dieser unbekannte Riese mit einer H\u00f6he von 2744 m wird nur um wenige Meter vom Col de l'Iseran (2764 m), dem Stilfser Joch (2757 m) und dem Gipfel der Bonette (2802 m) \u00fcbertroffen.<\/p>\n\n\n\n<p>Aber mehr als die H\u00f6he beeindrucken die hohen Prozents\u00e4tze, insbesondere auf den letzten neun Kilometern nach der Br\u00fccke \u00fcber den Fluss Varaita, wo der Radfahrer eine gewaltige Mauer mit einer durchschnittlichen Steigung von 10% vor sich hat, aber oft schwankt die Steigung zwischen 11 und 12%. Der H\u00f6hepunkt findet bei Kilometer 17,5 nach einer Rechtskurve statt, wo eine 300 m lange Rampe mit einer Steigung von \u00fcber 14% die Costa Ciais, den Ausl\u00e4ufer des Pic d'Asti, \u00fcberwindet, der in nord\u00f6stlicher Richtung gut sichtbar ist, w\u00e4hrend die Stra\u00dfe in langen geraden Abschnitten das Agnel-Tal hinauff\u00fchrt. Nach 20 Kilometern folgt eine Reihe von acht Serpentinen mit einer kurzen Abflachung (3% auf 300 m). Dies ist der einzige Ort, an dem Sie ein wenig verschnaufen k\u00f6nnen, bevor Sie sich auf 3,3 sehr schwierige Kilometer begeben, die zwischen 11 und 12% schwanken! Die letzten 300 Meter vor dem Pass werden mit nur 6,6% gefahren. Diese neun Kilometer lange Mauer befindet sich auf einer H\u00f6he zwischen 1840 m und 2744 m, was die Anstrengung, die Sie aufbringen m\u00fcssen, um voranzukommen, noch erh\u00f6ht...<\/p>\n\n\n\n<p>Der Start des Col Agnel wurde in Torette auf 1143 m H\u00f6he festgelegt, da ab diesem Weiler der eigentliche Anstieg beginnt. Bis Chianale erm\u00f6glicht die variable Steigung, die mit einigen Steilst\u00fccken von 9 bis 11% geschm\u00fcckt ist, ein gutes Aufw\u00e4rmen, bevor der letzte Abschnitt in Angriff genommen wird. In diesem ersten Abschnitt ist die Landschaft erholsam und sehr angenehm, wenn man am Ufer des Lago di Castello entlangf\u00e4hrt. Nach dem alten Zollhaus wird die Szenerie immer mineralischer, wenn man sich dem Pass n\u00e4hert, der im Nordosten vom Pain de Sucre (3208 m) und dem Pic d'Asti (3220 m) dominiert wird, w\u00e4hrend im Hintergrund in Richtung Osten der Mont Viso mit seinen 3841 m zu herrschen scheint!<\/p>\n\n\n\n<p>Diese grandiose Landschaft ist eine sch\u00f6ne Belohnung und kr\u00f6nt 1:38 Stunden Anstrengung (Zeit, die der Autor beim Start in Torette erreicht hat).<\/p>\n\n\n<div class=\"wp-block-image\">\n<figure class=\"aligncenter size-full\"><img loading=\"lazy\" decoding=\"async\" width=\"279\" height=\"418\" src=\"https:\/\/centcols.org\/wp-content\/uploads\/2026\/01\/col_agnel_1.jpg\" alt=\"\" class=\"wp-image-93233\" srcset=\"https:\/\/centcols.org\/wp-content\/uploads\/2026\/01\/col_agnel_1.jpg 279w, https:\/\/centcols.org\/wp-content\/uploads\/2026\/01\/col_agnel_1-8x12.jpg 8w\" sizes=\"auto, (max-width: 279px) 100vw, 279px\" \/><\/figure>\n<\/div>\n\n\n<h6 class=\"wp-block-heading has-text-align-center\">Foto von S\u00fcden nach Norden aufgenommen. Blick auf den Agnel-Pass mit dem Pain de Sucre (3208m) und dem Pic d'Asti (3220m) im Hintergrund. Man kann auch den Pfad beobachten, der vom Agnel-Sattel zum \u00abCol Vieux d'Agnel\u00bb f\u00fchrt, einem sehr sch\u00f6nen Maultierpfad auf 2770m.<\/h6>\n\n\n<div class=\"wp-block-image\">\n<figure class=\"aligncenter size-full\"><img loading=\"lazy\" decoding=\"async\" width=\"420\" height=\"276\" src=\"https:\/\/centcols.org\/wp-content\/uploads\/2026\/01\/col_agnel_2.jpg\" alt=\"\" class=\"wp-image-93234\" srcset=\"https:\/\/centcols.org\/wp-content\/uploads\/2026\/01\/col_agnel_2.jpg 420w, https:\/\/centcols.org\/wp-content\/uploads\/2026\/01\/col_agnel_2-18x12.jpg 18w\" sizes=\"auto, (max-width: 420px) 100vw, 420px\" \/><\/figure>\n<\/div>\n\n\n<h6 class=\"wp-block-heading has-text-align-center\">Blick auf die italienische Seite (die im Profil dargestellte)<br>Im Val Varaita sind das Dorf Chianale und der Lago di Castello zu erkennen.<\/h6>\n\n\n<div class=\"wp-block-image\">\n<figure class=\"aligncenter size-full\"><img loading=\"lazy\" decoding=\"async\" width=\"416\" height=\"274\" src=\"https:\/\/centcols.org\/wp-content\/uploads\/2026\/01\/col_agnel_3.jpg\" alt=\"\" class=\"wp-image-93235\" srcset=\"https:\/\/centcols.org\/wp-content\/uploads\/2026\/01\/col_agnel_3.jpg 416w, https:\/\/centcols.org\/wp-content\/uploads\/2026\/01\/col_agnel_3-18x12.jpg 18w\" sizes=\"auto, (max-width: 416px) 100vw, 416px\" \/><\/figure>\n<\/div>\n\n\n<h6 class=\"wp-block-heading has-text-align-center\">Italienische Seite, im Hintergrund: der Mont Viso 3841m.<\/h6>\n\n\n<div class=\"wp-block-image\">\n<figure class=\"aligncenter size-full\"><img loading=\"lazy\" decoding=\"async\" width=\"284\" height=\"402\" src=\"https:\/\/centcols.org\/wp-content\/uploads\/2026\/01\/col_agnel_carte.jpg\" alt=\"\" class=\"wp-image-93236\" srcset=\"https:\/\/centcols.org\/wp-content\/uploads\/2026\/01\/col_agnel_carte.jpg 284w, https:\/\/centcols.org\/wp-content\/uploads\/2026\/01\/col_agnel_carte-8x12.jpg 8w\" sizes=\"auto, (max-width: 284px) 100vw, 284px\" \/><\/figure>\n<\/div>\n\n\n<h6 class=\"wp-block-heading has-text-align-center\">Ausschnitt aus der Karte TOP25 3637OT col Agnel<\/h6>\n\n\n\n<p><\/p>\n\n\n<div class=\"wp-block-image\">\n<figure class=\"aligncenter size-full\"><img loading=\"lazy\" decoding=\"async\" width=\"1076\" height=\"770\" src=\"https:\/\/centcols.org\/wp-content\/uploads\/2026\/01\/Col-Agnel-Profil.jpg\" alt=\"\" class=\"wp-image-94463\" style=\"aspect-ratio:4\/3;object-fit:cover\" srcset=\"https:\/\/centcols.org\/wp-content\/uploads\/2026\/01\/Col-Agnel-Profil.jpg 1076w, https:\/\/centcols.org\/wp-content\/uploads\/2026\/01\/Col-Agnel-Profil-768x550.jpg 768w, https:\/\/centcols.org\/wp-content\/uploads\/2026\/01\/Col-Agnel-Profil-18x12.jpg 18w\" sizes=\"auto, (max-width: 1076px) 100vw, 1076px\" \/><\/figure>\n<\/div>\n\n\n<p><\/p>","protected":false},"excerpt":{"rendered":"<p>COL AGNEL \/ VALICO DELL&rsquo;AGNELO : 2744M (versant sud-est)Coordonn\u00e9es IGN : 54 3637-O 113-048. Michelin : 77-19-078-139 Thierry PERRET, Cent Cols n\u00b02664 &#8211; 71700 TOURNUS. Le col Agnel permet de passer du Parc R\u00e9gional du Queyras, dans les Hautes-Alpes, au Val Varaita, dans le Pi\u00e9mont italien. C&rsquo;est pr\u00e9cis\u00e9ment sur ce versant pi\u00e9montais que se d\u00e9roule [&hellip;]<\/p>\n","protected":false},"author":1993,"featured_media":93242,"comment_status":"closed","ping_status":"closed","sticky":false,"template":"","format":"standard","meta":{"_acf_changed":false,"footnotes":""},"categories":[308],"tags":[473],"class_list":["post-93232","post","type-post","status-publish","format-standard","has-post-thumbnail","hentry","category-cols-en-vrac","tag-col-agnel"],"acf":[],"yoast_head":"<!-- This site is optimized with the Yoast SEO plugin v27.2 - https:\/\/yoast.com\/product\/yoast-seo-wordpress\/ -->\n<title>Col Agnel - Club des Cent Cols<\/title>\n<meta name=\"robots\" content=\"index, follow, max-snippet:-1, max-image-preview:large, max-video-preview:-1\" \/>\n<link rel=\"canonical\" href=\"https:\/\/centcols.org\/de\/lammhals\/\" \/>\n<meta property=\"og:locale\" content=\"de_DE\" \/>\n<meta property=\"og:type\" content=\"article\" \/>\n<meta property=\"og:title\" content=\"Col Agnel - Club des Cent Cols\" \/>\n<meta property=\"og:description\" content=\"COL AGNEL \/ VALICO DELL&rsquo;AGNELO : 2744M (versant sud-est)Coordonn\u00e9es IGN : 54 3637-O 113-048. Michelin : 77-19-078-139 Thierry PERRET, Cent Cols n\u00b02664 &#8211; 71700 TOURNUS. Le col Agnel permet de passer du Parc R\u00e9gional du Queyras, dans les Hautes-Alpes, au Val Varaita, dans le Pi\u00e9mont italien. C&rsquo;est pr\u00e9cis\u00e9ment sur ce versant pi\u00e9montais que se d\u00e9roule [&hellip;]\" \/>\n<meta property=\"og:url\" content=\"https:\/\/centcols.org\/de\/lammhals\/\" \/>\n<meta property=\"og:site_name\" content=\"Club des Cent Cols\" \/>\n<meta property=\"article:publisher\" content=\"https:\/\/www.facebook.com\/groups\/5261880558\/?locale=fr_FR\" \/>\n<meta property=\"article:published_time\" content=\"2026-01-31T15:28:08+00:00\" \/>\n<meta property=\"article:modified_time\" content=\"2026-03-15T10:32:09+00:00\" \/>\n<meta property=\"og:image\" content=\"https:\/\/centcols.org\/wp-content\/uploads\/2026\/01\/col_agnel_2-1.jpg\" \/>\n\t<meta property=\"og:image:width\" content=\"420\" \/>\n\t<meta property=\"og:image:height\" content=\"276\" \/>\n\t<meta property=\"og:image:type\" content=\"image\/jpeg\" \/>\n<meta name=\"author\" content=\"Jo\u00eblle Mingat\" \/>\n<meta name=\"twitter:card\" content=\"summary_large_image\" \/>\n<meta name=\"twitter:label1\" content=\"Verfasst von\" \/>\n\t<meta name=\"twitter:data1\" content=\"Jo\u00eblle Mingat\" \/>\n\t<meta name=\"twitter:label2\" content=\"Gesch\u00e4tzte Lesezeit\" \/>\n\t<meta name=\"twitter:data2\" content=\"4\u00a0Minuten\" \/>\n<script type=\"application\/ld+json\" class=\"yoast-schema-graph\">{\"@context\":\"https:\/\/schema.org\",\"@graph\":[{\"@type\":\"Article\",\"@id\":\"https:\/\/centcols.org\/col-agnel\/#article\",\"isPartOf\":{\"@id\":\"https:\/\/centcols.org\/col-agnel\/\"},\"author\":{\"name\":\"Jo\u00eblle Mingat\",\"@id\":\"https:\/\/centcols.org\/#\/schema\/person\/0afae1c765c3b4675d37457765e3e383\"},\"headline\":\"Col Agnel\",\"datePublished\":\"2026-01-31T15:28:08+00:00\",\"dateModified\":\"2026-03-15T10:32:09+00:00\",\"mainEntityOfPage\":{\"@id\":\"https:\/\/centcols.org\/col-agnel\/\"},\"wordCount\":558,\"publisher\":{\"@id\":\"https:\/\/centcols.org\/#organization\"},\"image\":{\"@id\":\"https:\/\/centcols.org\/col-agnel\/#primaryimage\"},\"thumbnailUrl\":\"https:\/\/centcols.org\/wp-content\/uploads\/2026\/01\/col_agnel_2-1.jpg\",\"keywords\":[\"col agnel\"],\"articleSection\":[\"Cols en vrac\"],\"inLanguage\":\"de\"},{\"@type\":\"WebPage\",\"@id\":\"https:\/\/centcols.org\/col-agnel\/\",\"url\":\"https:\/\/centcols.org\/col-agnel\/\",\"name\":\"Col Agnel - Club des Cent Cols\",\"isPartOf\":{\"@id\":\"https:\/\/centcols.org\/#website\"},\"primaryImageOfPage\":{\"@id\":\"https:\/\/centcols.org\/col-agnel\/#primaryimage\"},\"image\":{\"@id\":\"https:\/\/centcols.org\/col-agnel\/#primaryimage\"},\"thumbnailUrl\":\"https:\/\/centcols.org\/wp-content\/uploads\/2026\/01\/col_agnel_2-1.jpg\",\"datePublished\":\"2026-01-31T15:28:08+00:00\",\"dateModified\":\"2026-03-15T10:32:09+00:00\",\"breadcrumb\":{\"@id\":\"https:\/\/centcols.org\/col-agnel\/#breadcrumb\"},\"inLanguage\":\"de\",\"potentialAction\":[{\"@type\":\"ReadAction\",\"target\":[\"https:\/\/centcols.org\/col-agnel\/\"]}]},{\"@type\":\"ImageObject\",\"inLanguage\":\"de\",\"@id\":\"https:\/\/centcols.org\/col-agnel\/#primaryimage\",\"url\":\"https:\/\/centcols.org\/wp-content\/uploads\/2026\/01\/col_agnel_2-1.jpg\",\"contentUrl\":\"https:\/\/centcols.org\/wp-content\/uploads\/2026\/01\/col_agnel_2-1.jpg\",\"width\":420,\"height\":276},{\"@type\":\"BreadcrumbList\",\"@id\":\"https:\/\/centcols.org\/col-agnel\/#breadcrumb\",\"itemListElement\":[{\"@type\":\"ListItem\",\"position\":1,\"name\":\"Accueil\",\"item\":\"https:\/\/centcols.org\/\"},{\"@type\":\"ListItem\",\"position\":2,\"name\":\"Cols en vrac\",\"item\":\"https:\/\/centcols.org\/rubrique\/cols-en-vrac\/\"},{\"@type\":\"ListItem\",\"position\":3,\"name\":\"Col Agnel\"}]},{\"@type\":\"WebSite\",\"@id\":\"https:\/\/centcols.org\/#website\",\"url\":\"https:\/\/centcols.org\/\",\"name\":\"Club des Cent Cols\",\"description\":\"\",\"publisher\":{\"@id\":\"https:\/\/centcols.org\/#organization\"},\"potentialAction\":[{\"@type\":\"SearchAction\",\"target\":{\"@type\":\"EntryPoint\",\"urlTemplate\":\"https:\/\/centcols.org\/?s={search_term_string}\"},\"query-input\":{\"@type\":\"PropertyValueSpecification\",\"valueRequired\":true,\"valueName\":\"search_term_string\"}}],\"inLanguage\":\"de\"},{\"@type\":\"Organization\",\"@id\":\"https:\/\/centcols.org\/#organization\",\"name\":\"Club des Cent Cols\",\"url\":\"https:\/\/centcols.org\/\",\"logo\":{\"@type\":\"ImageObject\",\"inLanguage\":\"de\",\"@id\":\"https:\/\/centcols.org\/#\/schema\/logo\/image\/\",\"url\":\"https:\/\/centcols.org\/wp-content\/uploads\/2025\/01\/carte-icone.png\",\"contentUrl\":\"https:\/\/centcols.org\/wp-content\/uploads\/2025\/01\/carte-icone.png\",\"width\":250,\"height\":250,\"caption\":\"Club des Cent Cols\"},\"image\":{\"@id\":\"https:\/\/centcols.org\/#\/schema\/logo\/image\/\"},\"sameAs\":[\"https:\/\/www.facebook.com\/groups\/5261880558\/?locale=fr_FR\"]},{\"@type\":\"Person\",\"@id\":\"https:\/\/centcols.org\/#\/schema\/person\/0afae1c765c3b4675d37457765e3e383\",\"name\":\"Jo\u00eblle Mingat\",\"image\":{\"@type\":\"ImageObject\",\"inLanguage\":\"de\",\"@id\":\"https:\/\/centcols.org\/wp-content\/litespeed\/avatar\/8ace1c0eaf9dcc23c49d76c12a17902f.jpg?ver=1777261681\",\"url\":\"https:\/\/centcols.org\/wp-content\/litespeed\/avatar\/8ace1c0eaf9dcc23c49d76c12a17902f.jpg?ver=1777261681\",\"contentUrl\":\"https:\/\/centcols.org\/wp-content\/litespeed\/avatar\/8ace1c0eaf9dcc23c49d76c12a17902f.jpg?ver=1777261681\",\"caption\":\"Jo\u00eblle Mingat\"},\"url\":\"https:\/\/centcols.org\/de\/author\/5345\/\"}]}<\/script>\n<!-- \/ Yoast SEO plugin. -->","yoast_head_json":{"title":"Col Agnel - Club des Cent Cols","robots":{"index":"index","follow":"follow","max-snippet":"max-snippet:-1","max-image-preview":"max-image-preview:large","max-video-preview":"max-video-preview:-1"},"canonical":"https:\/\/centcols.org\/de\/lammhals\/","og_locale":"de_DE","og_type":"article","og_title":"Col Agnel - Club des Cent Cols","og_description":"COL AGNEL \/ VALICO DELL&rsquo;AGNELO : 2744M (versant sud-est)Coordonn\u00e9es IGN : 54 3637-O 113-048. Michelin : 77-19-078-139 Thierry PERRET, Cent Cols n\u00b02664 &#8211; 71700 TOURNUS. Le col Agnel permet de passer du Parc R\u00e9gional du Queyras, dans les Hautes-Alpes, au Val Varaita, dans le Pi\u00e9mont italien. C&rsquo;est pr\u00e9cis\u00e9ment sur ce versant pi\u00e9montais que se d\u00e9roule [&hellip;]","og_url":"https:\/\/centcols.org\/de\/lammhals\/","og_site_name":"Club des Cent Cols","article_publisher":"https:\/\/www.facebook.com\/groups\/5261880558\/?locale=fr_FR","article_published_time":"2026-01-31T15:28:08+00:00","article_modified_time":"2026-03-15T10:32:09+00:00","og_image":[{"width":420,"height":276,"url":"https:\/\/centcols.org\/wp-content\/uploads\/2026\/01\/col_agnel_2-1.jpg","type":"image\/jpeg"}],"author":"Jo\u00eblle Mingat","twitter_card":"summary_large_image","twitter_misc":{"Verfasst von":"Jo\u00eblle Mingat","Gesch\u00e4tzte Lesezeit":"4\u00a0Minuten"},"schema":{"@context":"https:\/\/schema.org","@graph":[{"@type":"Article","@id":"https:\/\/centcols.org\/col-agnel\/#article","isPartOf":{"@id":"https:\/\/centcols.org\/col-agnel\/"},"author":{"name":"Jo\u00eblle Mingat","@id":"https:\/\/centcols.org\/#\/schema\/person\/0afae1c765c3b4675d37457765e3e383"},"headline":"Col Agnel","datePublished":"2026-01-31T15:28:08+00:00","dateModified":"2026-03-15T10:32:09+00:00","mainEntityOfPage":{"@id":"https:\/\/centcols.org\/col-agnel\/"},"wordCount":558,"publisher":{"@id":"https:\/\/centcols.org\/#organization"},"image":{"@id":"https:\/\/centcols.org\/col-agnel\/#primaryimage"},"thumbnailUrl":"https:\/\/centcols.org\/wp-content\/uploads\/2026\/01\/col_agnel_2-1.jpg","keywords":["col agnel"],"articleSection":["Cols en vrac"],"inLanguage":"de"},{"@type":"WebPage","@id":"https:\/\/centcols.org\/col-agnel\/","url":"https:\/\/centcols.org\/col-agnel\/","name":"Col Agnel - Club des Cent Cols","isPartOf":{"@id":"https:\/\/centcols.org\/#website"},"primaryImageOfPage":{"@id":"https:\/\/centcols.org\/col-agnel\/#primaryimage"},"image":{"@id":"https:\/\/centcols.org\/col-agnel\/#primaryimage"},"thumbnailUrl":"https:\/\/centcols.org\/wp-content\/uploads\/2026\/01\/col_agnel_2-1.jpg","datePublished":"2026-01-31T15:28:08+00:00","dateModified":"2026-03-15T10:32:09+00:00","breadcrumb":{"@id":"https:\/\/centcols.org\/col-agnel\/#breadcrumb"},"inLanguage":"de","potentialAction":[{"@type":"ReadAction","target":["https:\/\/centcols.org\/col-agnel\/"]}]},{"@type":"ImageObject","inLanguage":"de","@id":"https:\/\/centcols.org\/col-agnel\/#primaryimage","url":"https:\/\/centcols.org\/wp-content\/uploads\/2026\/01\/col_agnel_2-1.jpg","contentUrl":"https:\/\/centcols.org\/wp-content\/uploads\/2026\/01\/col_agnel_2-1.jpg","width":420,"height":276},{"@type":"BreadcrumbList","@id":"https:\/\/centcols.org\/col-agnel\/#breadcrumb","itemListElement":[{"@type":"ListItem","position":1,"name":"Accueil","item":"https:\/\/centcols.org\/"},{"@type":"ListItem","position":2,"name":"Cols en vrac","item":"https:\/\/centcols.org\/rubrique\/cols-en-vrac\/"},{"@type":"ListItem","position":3,"name":"Col Agnel"}]},{"@type":"WebSite","@id":"https:\/\/centcols.org\/#website","url":"https:\/\/centcols.org\/","name":"Club des Cent Cols","description":"","publisher":{"@id":"https:\/\/centcols.org\/#organization"},"potentialAction":[{"@type":"SearchAction","target":{"@type":"EntryPoint","urlTemplate":"https:\/\/centcols.org\/?s={search_term_string}"},"query-input":{"@type":"PropertyValueSpecification","valueRequired":true,"valueName":"search_term_string"}}],"inLanguage":"de"},{"@type":"Organization","@id":"https:\/\/centcols.org\/#organization","name":"Club des Cent Cols","url":"https:\/\/centcols.org\/","logo":{"@type":"ImageObject","inLanguage":"de","@id":"https:\/\/centcols.org\/#\/schema\/logo\/image\/","url":"https:\/\/centcols.org\/wp-content\/uploads\/2025\/01\/carte-icone.png","contentUrl":"https:\/\/centcols.org\/wp-content\/uploads\/2025\/01\/carte-icone.png","width":250,"height":250,"caption":"Club des Cent Cols"},"image":{"@id":"https:\/\/centcols.org\/#\/schema\/logo\/image\/"},"sameAs":["https:\/\/www.facebook.com\/groups\/5261880558\/?locale=fr_FR"]},{"@type":"Person","@id":"https:\/\/centcols.org\/#\/schema\/person\/0afae1c765c3b4675d37457765e3e383","name":"Jo\u00eblle Mingat","image":{"@type":"ImageObject","inLanguage":"de","@id":"https:\/\/centcols.org\/wp-content\/litespeed\/avatar\/8ace1c0eaf9dcc23c49d76c12a17902f.jpg?ver=1777261681","url":"https:\/\/centcols.org\/wp-content\/litespeed\/avatar\/8ace1c0eaf9dcc23c49d76c12a17902f.jpg?ver=1777261681","contentUrl":"https:\/\/centcols.org\/wp-content\/litespeed\/avatar\/8ace1c0eaf9dcc23c49d76c12a17902f.jpg?ver=1777261681","caption":"Jo\u00eblle Mingat"},"url":"https:\/\/centcols.org\/de\/author\/5345\/"}]}},"_links":{"self":[{"href":"https:\/\/centcols.org\/de\/wp-json\/wp\/v2\/posts\/93232","targetHints":{"allow":["GET"]}}],"collection":[{"href":"https:\/\/centcols.org\/de\/wp-json\/wp\/v2\/posts"}],"about":[{"href":"https:\/\/centcols.org\/de\/wp-json\/wp\/v2\/types\/post"}],"author":[{"embeddable":true,"href":"https:\/\/centcols.org\/de\/wp-json\/wp\/v2\/users\/1993"}],"replies":[{"embeddable":true,"href":"https:\/\/centcols.org\/de\/wp-json\/wp\/v2\/comments?post=93232"}],"version-history":[{"count":0,"href":"https:\/\/centcols.org\/de\/wp-json\/wp\/v2\/posts\/93232\/revisions"}],"wp:featuredmedia":[{"embeddable":true,"href":"https:\/\/centcols.org\/de\/wp-json\/wp\/v2\/media\/93242"}],"wp:attachment":[{"href":"https:\/\/centcols.org\/de\/wp-json\/wp\/v2\/media?parent=93232"}],"wp:term":[{"taxonomy":"category","embeddable":true,"href":"https:\/\/centcols.org\/de\/wp-json\/wp\/v2\/categories?post=93232"},{"taxonomy":"post_tag","embeddable":true,"href":"https:\/\/centcols.org\/de\/wp-json\/wp\/v2\/tags?post=93232"}],"curies":[{"name":"wp","href":"https:\/\/api.w.org\/{rel}","templated":true}]}}