{"id":93274,"date":"2026-02-01T17:53:37","date_gmt":"2026-02-01T15:53:37","guid":{"rendered":"https:\/\/centcols.org\/?p=93274"},"modified":"2026-02-13T22:39:23","modified_gmt":"2026-02-13T20:39:23","slug":"erdmandelhals","status":"publish","type":"post","link":"https:\/\/centcols.org\/de\/col-du-souchet\/","title":{"rendered":"Souchet-Pass"},"content":{"rendered":"<p>In \u00e4sthetischer Hinsicht ist der Col du Souchet (<a href=\"\/de\/util\/geo\/visu.php\/?code=FR-05-2365\">DE-05-2365)<\/a> ist zweifellos einer der sch\u00f6nsten, die sich unserem Appetit in den Nordalpen bieten. Er liegt auf dem Plateau d\u2019 Emparis (oder de Paris) und blickt auf das Meije-Massiv und seine Gletscher. Man kann ihn in eine Rundtour vom Lac du Chambon aus einbeziehen oder, was noch spektakul\u00e4rer ist, in eine \u00dcberquerung bis nach Chazelet und La Grave.<\/p>\n\n\n<div class=\"wp-block-image\">\n<figure class=\"aligncenter size-full is-resized\"><img loading=\"lazy\" decoding=\"async\" width=\"1200\" height=\"640\" src=\"https:\/\/centcols.org\/wp-content\/uploads\/2026\/02\/col-du-souchet.jpg\" alt=\"\" class=\"wp-image-93312\" style=\"width:1000px\" srcset=\"https:\/\/centcols.org\/wp-content\/uploads\/2026\/02\/col-du-souchet.jpg 1200w, https:\/\/centcols.org\/wp-content\/uploads\/2026\/02\/col-du-souchet-768x410.jpg 768w, https:\/\/centcols.org\/wp-content\/uploads\/2026\/02\/col-du-souchet-18x10.jpg 18w\" sizes=\"auto, (max-width: 1200px) 100vw, 1200px\" \/><figcaption class=\"wp-element-caption\">Karte Col du Souchet aus dem Katalog Centscols \u00aeIGN<\/figcaption><\/figure>\n<\/div>\n\n<div class=\"wp-block-image\">\n<figure class=\"aligncenter size-full is-resized\"><img loading=\"lazy\" decoding=\"async\" width=\"1200\" height=\"713\" src=\"https:\/\/centcols.org\/wp-content\/uploads\/2026\/01\/souchet-3.jpg\" alt=\"\" class=\"wp-image-93294\" style=\"width:1000px\" srcset=\"https:\/\/centcols.org\/wp-content\/uploads\/2026\/01\/souchet-3.jpg 1200w, https:\/\/centcols.org\/wp-content\/uploads\/2026\/01\/souchet-3-768x456.jpg 768w, https:\/\/centcols.org\/wp-content\/uploads\/2026\/01\/souchet-3-18x12.jpg 18w\" sizes=\"auto, (max-width: 1200px) 100vw, 1200px\" \/><figcaption class=\"wp-element-caption\">Karte Col du Souchet aus dem Katalog Centscols \u00aeIGN<\/figcaption><\/figure>\n<\/div>\n\n\n<p>Man kann den Aufstieg von Le Bourg-d'Oisans (34 km mit 1641 m H\u00f6henunterschied) oder von der Staumauer des Lac du Chambon (20 km mit 1320 m H\u00f6henunterschied) aus beginnen. Nachdem Sie die Mauer des Staudamms \u00fcberquert haben, nehmen Sie die Stra\u00dfe, die im Dorf Mizo\u00ebn steil ansteigt und weiter in Richtung Col de Sarenne (<a href=\"\/de\/util\/geo\/visu.php\/?code=FR-38-1999\">FR-38-1999<\/a>). Auf der rechten Seite erreicht die D25 Besse, eines der sch\u00f6nsten Bergd\u00f6rfer mit seinen H\u00e4usern, die sich auf einem fr\u00fcher erschlossenen Adret dicht an dicht dr\u00e4ngen.<\/p>\n\n\n<div class=\"wp-block-image\">\n<figure class=\"aligncenter size-full\"><img loading=\"lazy\" decoding=\"async\" width=\"526\" height=\"328\" src=\"https:\/\/centcols.org\/wp-content\/uploads\/2026\/01\/vue-du-village-de-Besse.jpg\" alt=\"\" class=\"wp-image-93295\" srcset=\"https:\/\/centcols.org\/wp-content\/uploads\/2026\/01\/vue-du-village-de-Besse.jpg 526w, https:\/\/centcols.org\/wp-content\/uploads\/2026\/01\/vue-du-village-de-Besse-18x12.jpg 18w\" sizes=\"auto, (max-width: 526px) 100vw, 526px\" \/><figcaption class=\"wp-element-caption\">Das Dorf Besse von den Serpentinen der Piste aus gesehen, die zum Ortsteil Les Collets hinaufsteigt.<\/figcaption><\/figure>\n<\/div>\n\n\n<p>In Besse kann man, wenn man Lust hat, auf dem Hin- und R\u00fcckweg Les Collets gewinnen (<a href=\"\/de\/util\/geo\/visu.php\/?code=FR-38-2044\">DE-38-2044)<\/a> auf einer R1-Piste mit herrlichen Ausblicken auf die Serpentinen des Col de Sarenne <a href=\"\/de\/util\/geo\/visu.php\/?code=FR-38-1999\">(FR-38-1999<\/a>) im Westen oder auf dem Mont-de-Lans-Gletscher und der Meije im S\u00fcden.<\/p>\n\n\n<div class=\"wp-block-image\">\n<figure class=\"aligncenter size-full\"><img loading=\"lazy\" decoding=\"async\" width=\"800\" height=\"512\" src=\"https:\/\/centcols.org\/wp-content\/uploads\/2026\/02\/col_du_souchet_1-1.jpg\" alt=\"\" class=\"wp-image-93301\" srcset=\"https:\/\/centcols.org\/wp-content\/uploads\/2026\/02\/col_du_souchet_1-1.jpg 800w, https:\/\/centcols.org\/wp-content\/uploads\/2026\/02\/col_du_souchet_1-1-768x492.jpg 768w, https:\/\/centcols.org\/wp-content\/uploads\/2026\/02\/col_du_souchet_1-1-18x12.jpg 18w\" sizes=\"auto, (max-width: 800px) 100vw, 800px\" \/><figcaption class=\"wp-element-caption\">M\u00fctterliche Z\u00e4rtlichkeit in Les Collets (<a href=\"\/de\/util\/geo\/visu.php\/?code=FR-38-2044\">DE-38-2044<\/a>).<br>Im Hintergrund die dunkle Masse des Plateaus von Emparis.<br>In der Ferne: der Mont-de-Lans-Gletscher in Richtung des Jandri-Passes (<a href=\"\/de\/util\/geo\/visu.php\/?code=FR-38-3151\">DE-38-3151<\/a>).<\/figcaption><\/figure>\n<\/div>\n\n\n<p>Zur\u00fcck in Besse fahren Sie auf der asphaltierten Stra\u00dfe weiter bis zu den Granges du Gay. Dort beginnt ein breiter Weg R1, der in Serpentinen ansteigt. Eine Absenkung des Bergkamms weist auf den Col Nazi\u00e9 hin. <a href=\"\/de\/util\/geo\/visu.php\/?code=FR-38-1902b\">(FR-38-1902b<\/a>).<\/p>\n\n\n<div class=\"wp-block-image\">\n<figure class=\"aligncenter size-full\"><img loading=\"lazy\" decoding=\"async\" width=\"800\" height=\"463\" src=\"https:\/\/centcols.org\/wp-content\/uploads\/2026\/02\/col_du_souchet_3.jpg\" alt=\"\" class=\"wp-image-93302\" srcset=\"https:\/\/centcols.org\/wp-content\/uploads\/2026\/02\/col_du_souchet_3.jpg 800w, https:\/\/centcols.org\/wp-content\/uploads\/2026\/02\/col_du_souchet_3-768x444.jpg 768w, https:\/\/centcols.org\/wp-content\/uploads\/2026\/02\/col_du_souchet_3-18x10.jpg 18w\" sizes=\"auto, (max-width: 800px) 100vw, 800px\" \/><figcaption class=\"wp-element-caption\">Auf der linken Seite des Bildes entspricht die Absenkung der Kammlinie dem Col Nazi\u00e9 (<a href=\"\/de\/util\/geo\/visu.php\/?code=FR-38-1902b\">DE-38-1902b<\/a>), verl\u00e4uft die Piste etwas unterhalb des Passes. Am Ende der Serpentinenpiste erreichen Sie das Chalet Josserand auf 2245 m H\u00f6he, das den Beginn des Plateaus von Emparis markiert.<\/figcaption><\/figure>\n<\/div>\n\n\n<p>Sie m\u00fcssen das Fahrrad 150 m \u00fcber die Alm schieben, um den Beginn des Plateaus zu erreichen. Der Weg steigt weiter in Serpentinen an, um den Col de Saint-Georges (<a href=\"\/de\/util\/geo\/visu.php\/?code=FR-38-2245a\">DE-38-2245a<\/a>) ganz in der N\u00e4he der Josserand-H\u00fctte. Rechts f\u00fchrt die Piste R1 weiter zur Mouterres-H\u00fctte (Mahlzeit). Sie kann auf dem R\u00fcckweg benutzt werden, um nach einer Balkonabfahrt oberhalb des Stausees des Lac du Chambon nach Mizo\u00ebn zur\u00fcckzukehren, wundersch\u00f6n! Um den Col du Souchet zu erreichen (<a href=\"\/de\/util\/geo\/visu.php\/?code=FR-05-2365\">DE-05-2365<\/a>), lassen Sie diesen Weg rechts liegen und tauchen Sie in das breite Tal des Rif Tort (S1-2) ein, \u00fcberqueren Sie den Bach und steigen Sie auf der anderen Seite auf, indem Sie dem markierten Weg folgen (S2). Am h\u00f6chsten Punkt gelangt man auf den Col du Souchet (<a href=\"\/de\/util\/geo\/visu.php\/?code=FR-05-2365\">DE-05-2365<\/a>). Die Aussicht auf die Meije, den R\u00e2teau, die Gletscher... ist gro\u00dfartig.<\/p>\n\n\n<div class=\"wp-block-image\">\n<figure class=\"aligncenter size-full\"><img loading=\"lazy\" decoding=\"async\" width=\"800\" height=\"477\" src=\"https:\/\/centcols.org\/wp-content\/uploads\/2026\/02\/col_du_souchet_4.jpg\" alt=\"\" class=\"wp-image-93308\" srcset=\"https:\/\/centcols.org\/wp-content\/uploads\/2026\/02\/col_du_souchet_4.jpg 800w, https:\/\/centcols.org\/wp-content\/uploads\/2026\/02\/col_du_souchet_4-768x458.jpg 768w, https:\/\/centcols.org\/wp-content\/uploads\/2026\/02\/col_du_souchet_4-18x12.jpg 18w\" sizes=\"auto, (max-width: 800px) 100vw, 800px\" \/><figcaption class=\"wp-element-caption\">Gipfel des Col du Souchet.<br>Ein unvergleichlicher Balkon auf das Meije-Massiv 3982m (der spitze Gipfel auf der linken Seite).<br> Weiter rechts: Le R\u00e2teau 3809m.<\/figcaption><\/figure>\n<\/div>\n\n\n<p>Wenn man sich f\u00fcr die \u00dcberquerung nach Le Chazelet entscheidet, geht man geradeaus weiter. Der Weg ist zum Teil mit dem Fahrrad befahrbar (S1-2), erfordert aber das Schieben (S3) f\u00fcr den letzten Abstieg zur D33, die nach La Grave f\u00fchrt.<\/p>\n\n\n<div class=\"wp-block-image\">\n<figure class=\"aligncenter size-full\"><img loading=\"lazy\" decoding=\"async\" width=\"800\" height=\"458\" src=\"https:\/\/centcols.org\/wp-content\/uploads\/2026\/02\/col_du_souchet_profil.gif\" alt=\"\" class=\"wp-image-93309\"\/><figcaption class=\"wp-element-caption\">Profil des Col du Souchet von der Staumauer des Lac du Chambon aus.<\/figcaption><\/figure>\n<\/div>\n\n\n<p>Text und Bildnachweis von Ren\u00e9 POTY.<\/p>\n\n\n\n<p>NDLR: Unter den Mitgliedsstrecken finden Sie eine Strecke, die den Col du Souchet \u00fcberquert. Es handelt sich nicht um die oben von Ren\u00e9 vorgeschlagene Strecke. Sie verl\u00e4uft in die andere Richtung, was Ihnen w\u00e4hrend des gesamten Aufstiegs herrliche Ausblicke auf die Meije erm\u00f6glicht.<\/p>\n\n\n\n<p class=\"has-text-align-center\"><a href=\"\/de\/le-plateau-demparis-vtt\/\">Siehe die Tour<\/a><\/p>","protected":false},"excerpt":{"rendered":"<p>Sur le plan esth\u00e9tique, le col du Souchet (FR-05-2365) est, sans doute, un des plus beaux qui s&rsquo;offre \u00e0 nos app\u00e9tits dans les Alpes du nord. Il se niche sur le plateau d&rsquo; Emparis (ou de Paris) et fait face au massif de la Meije et ses glaciers. On peut l&rsquo;inclure dans un circuit en [&hellip;]<\/p>\n","protected":false},"author":485,"featured_media":93442,"comment_status":"closed","ping_status":"closed","sticky":false,"template":"","format":"standard","meta":{"_acf_changed":false,"footnotes":""},"categories":[308],"tags":[],"class_list":["post-93274","post","type-post","status-publish","format-standard","has-post-thumbnail","hentry","category-cols-en-vrac"],"acf":[],"yoast_head":"<!-- This site is optimized with the Yoast SEO plugin v27.2 - https:\/\/yoast.com\/product\/yoast-seo-wordpress\/ -->\n<title>Col du Souchet - Club des Cent Cols<\/title>\n<meta name=\"robots\" content=\"index, follow, max-snippet:-1, max-image-preview:large, max-video-preview:-1\" \/>\n<link rel=\"canonical\" href=\"https:\/\/centcols.org\/de\/erdmandelhals\/\" \/>\n<meta property=\"og:locale\" content=\"de_DE\" \/>\n<meta property=\"og:type\" content=\"article\" \/>\n<meta property=\"og:title\" content=\"Col du Souchet - Club des Cent Cols\" \/>\n<meta property=\"og:description\" content=\"Sur le plan esth\u00e9tique, le col du Souchet (FR-05-2365) est, sans doute, un des plus beaux qui s&rsquo;offre \u00e0 nos app\u00e9tits dans les Alpes du nord. Il se niche sur le plateau d&rsquo; Emparis (ou de Paris) et fait face au massif de la Meije et ses glaciers. On peut l&rsquo;inclure dans un circuit en [&hellip;]\" \/>\n<meta property=\"og:url\" content=\"https:\/\/centcols.org\/de\/erdmandelhals\/\" \/>\n<meta property=\"og:site_name\" content=\"Club des Cent Cols\" \/>\n<meta property=\"article:publisher\" content=\"https:\/\/www.facebook.com\/groups\/5261880558\/?locale=fr_FR\" \/>\n<meta property=\"article:published_time\" content=\"2026-02-01T15:53:37+00:00\" \/>\n<meta property=\"article:modified_time\" content=\"2026-02-13T20:39:23+00:00\" \/>\n<meta property=\"og:image\" content=\"https:\/\/centcols.org\/wp-content\/uploads\/2026\/02\/4301.jpg\" \/>\n\t<meta property=\"og:image:width\" content=\"800\" \/>\n\t<meta property=\"og:image:height\" content=\"600\" \/>\n\t<meta property=\"og:image:type\" content=\"image\/jpeg\" \/>\n<meta name=\"author\" content=\"Jean-No\u00ebl Jagoda\" \/>\n<meta name=\"twitter:card\" content=\"summary_large_image\" \/>\n<meta name=\"twitter:label1\" content=\"Verfasst von\" \/>\n\t<meta name=\"twitter:data1\" content=\"Jean-No\u00ebl Jagoda\" \/>\n\t<meta name=\"twitter:label2\" content=\"Gesch\u00e4tzte Lesezeit\" \/>\n\t<meta name=\"twitter:data2\" content=\"5\u00a0Minuten\" \/>\n<script type=\"application\/ld+json\" class=\"yoast-schema-graph\">{\"@context\":\"https:\/\/schema.org\",\"@graph\":[{\"@type\":\"Article\",\"@id\":\"https:\/\/centcols.org\/de\/erdmandelhals\/#article\",\"isPartOf\":{\"@id\":\"https:\/\/centcols.org\/de\/erdmandelhals\/\"},\"author\":{\"name\":\"Jean-No\u00ebl Jagoda\",\"@id\":\"https:\/\/centcols.org\/#\/schema\/person\/30f4299f11521fed498f98ecf9d71664\"},\"headline\":\"Col du Souchet\",\"datePublished\":\"2026-02-01T15:53:37+00:00\",\"dateModified\":\"2026-02-13T20:39:23+00:00\",\"mainEntityOfPage\":{\"@id\":\"https:\/\/centcols.org\/de\/erdmandelhals\/\"},\"wordCount\":669,\"publisher\":{\"@id\":\"https:\/\/centcols.org\/#organization\"},\"image\":{\"@id\":\"https:\/\/centcols.org\/de\/erdmandelhals\/#primaryimage\"},\"thumbnailUrl\":\"https:\/\/centcols.org\/wp-content\/uploads\/2026\/02\/4301.jpg\",\"articleSection\":[\"Cols en vrac\"],\"inLanguage\":\"de\"},{\"@type\":\"WebPage\",\"@id\":\"https:\/\/centcols.org\/de\/erdmandelhals\/\",\"url\":\"https:\/\/centcols.org\/de\/erdmandelhals\/\",\"name\":\"Col du Souchet - Club des Cent Cols\",\"isPartOf\":{\"@id\":\"https:\/\/centcols.org\/#website\"},\"primaryImageOfPage\":{\"@id\":\"https:\/\/centcols.org\/de\/erdmandelhals\/#primaryimage\"},\"image\":{\"@id\":\"https:\/\/centcols.org\/de\/erdmandelhals\/#primaryimage\"},\"thumbnailUrl\":\"https:\/\/centcols.org\/wp-content\/uploads\/2026\/02\/4301.jpg\",\"datePublished\":\"2026-02-01T15:53:37+00:00\",\"dateModified\":\"2026-02-13T20:39:23+00:00\",\"breadcrumb\":{\"@id\":\"https:\/\/centcols.org\/de\/erdmandelhals\/#breadcrumb\"},\"inLanguage\":\"de\",\"potentialAction\":[{\"@type\":\"ReadAction\",\"target\":[\"https:\/\/centcols.org\/de\/erdmandelhals\/\"]}]},{\"@type\":\"ImageObject\",\"inLanguage\":\"de\",\"@id\":\"https:\/\/centcols.org\/de\/erdmandelhals\/#primaryimage\",\"url\":\"https:\/\/centcols.org\/wp-content\/uploads\/2026\/02\/4301.jpg\",\"contentUrl\":\"https:\/\/centcols.org\/wp-content\/uploads\/2026\/02\/4301.jpg\",\"width\":800,\"height\":600,\"caption\":\"La Meije et le R\u00e2teau vus du Col du souchet 2356m\"},{\"@type\":\"BreadcrumbList\",\"@id\":\"https:\/\/centcols.org\/de\/erdmandelhals\/#breadcrumb\",\"itemListElement\":[{\"@type\":\"ListItem\",\"position\":1,\"name\":\"Accueil\",\"item\":\"https:\/\/centcols.org\/\"},{\"@type\":\"ListItem\",\"position\":2,\"name\":\"Cols en vrac\",\"item\":\"https:\/\/centcols.org\/rubrique\/cols-en-vrac\/\"},{\"@type\":\"ListItem\",\"position\":3,\"name\":\"Col du Souchet\"}]},{\"@type\":\"WebSite\",\"@id\":\"https:\/\/centcols.org\/#website\",\"url\":\"https:\/\/centcols.org\/\",\"name\":\"Club des Cent Cols\",\"description\":\"\",\"publisher\":{\"@id\":\"https:\/\/centcols.org\/#organization\"},\"potentialAction\":[{\"@type\":\"SearchAction\",\"target\":{\"@type\":\"EntryPoint\",\"urlTemplate\":\"https:\/\/centcols.org\/?s={search_term_string}\"},\"query-input\":{\"@type\":\"PropertyValueSpecification\",\"valueRequired\":true,\"valueName\":\"search_term_string\"}}],\"inLanguage\":\"de\"},{\"@type\":\"Organization\",\"@id\":\"https:\/\/centcols.org\/#organization\",\"name\":\"Club des Cent Cols\",\"url\":\"https:\/\/centcols.org\/\",\"logo\":{\"@type\":\"ImageObject\",\"inLanguage\":\"de\",\"@id\":\"https:\/\/centcols.org\/#\/schema\/logo\/image\/\",\"url\":\"https:\/\/centcols.org\/wp-content\/uploads\/2025\/01\/carte-icone.png\",\"contentUrl\":\"https:\/\/centcols.org\/wp-content\/uploads\/2025\/01\/carte-icone.png\",\"width\":250,\"height\":250,\"caption\":\"Club des Cent Cols\"},\"image\":{\"@id\":\"https:\/\/centcols.org\/#\/schema\/logo\/image\/\"},\"sameAs\":[\"https:\/\/www.facebook.com\/groups\/5261880558\/?locale=fr_FR\"]},{\"@type\":\"Person\",\"@id\":\"https:\/\/centcols.org\/#\/schema\/person\/30f4299f11521fed498f98ecf9d71664\",\"name\":\"Jean-No\u00ebl Jagoda\",\"image\":{\"@type\":\"ImageObject\",\"inLanguage\":\"de\",\"@id\":\"https:\/\/centcols.org\/wp-content\/litespeed\/avatar\/4a9472068cd97156227754c35cd56ded.jpg?ver=1777248804\",\"url\":\"https:\/\/centcols.org\/wp-content\/litespeed\/avatar\/4a9472068cd97156227754c35cd56ded.jpg?ver=1777248804\",\"contentUrl\":\"https:\/\/centcols.org\/wp-content\/litespeed\/avatar\/4a9472068cd97156227754c35cd56ded.jpg?ver=1777248804\",\"caption\":\"Jean-No\u00ebl Jagoda\"},\"url\":\"https:\/\/centcols.org\/de\/author\/7270\/\"}]}<\/script>\n<!-- \/ Yoast SEO plugin. -->","yoast_head_json":{"title":"Col du Souchet - Club des Cent Cols","robots":{"index":"index","follow":"follow","max-snippet":"max-snippet:-1","max-image-preview":"max-image-preview:large","max-video-preview":"max-video-preview:-1"},"canonical":"https:\/\/centcols.org\/de\/erdmandelhals\/","og_locale":"de_DE","og_type":"article","og_title":"Col du Souchet - Club des Cent Cols","og_description":"Sur le plan esth\u00e9tique, le col du Souchet (FR-05-2365) est, sans doute, un des plus beaux qui s&rsquo;offre \u00e0 nos app\u00e9tits dans les Alpes du nord. Il se niche sur le plateau d&rsquo; Emparis (ou de Paris) et fait face au massif de la Meije et ses glaciers. On peut l&rsquo;inclure dans un circuit en [&hellip;]","og_url":"https:\/\/centcols.org\/de\/erdmandelhals\/","og_site_name":"Club des Cent Cols","article_publisher":"https:\/\/www.facebook.com\/groups\/5261880558\/?locale=fr_FR","article_published_time":"2026-02-01T15:53:37+00:00","article_modified_time":"2026-02-13T20:39:23+00:00","og_image":[{"width":800,"height":600,"url":"https:\/\/centcols.org\/wp-content\/uploads\/2026\/02\/4301.jpg","type":"image\/jpeg"}],"author":"Jean-No\u00ebl Jagoda","twitter_card":"summary_large_image","twitter_misc":{"Verfasst von":"Jean-No\u00ebl Jagoda","Gesch\u00e4tzte Lesezeit":"5\u00a0Minuten"},"schema":{"@context":"https:\/\/schema.org","@graph":[{"@type":"Article","@id":"https:\/\/centcols.org\/de\/erdmandelhals\/#article","isPartOf":{"@id":"https:\/\/centcols.org\/de\/erdmandelhals\/"},"author":{"name":"Jean-No\u00ebl Jagoda","@id":"https:\/\/centcols.org\/#\/schema\/person\/30f4299f11521fed498f98ecf9d71664"},"headline":"Col du Souchet","datePublished":"2026-02-01T15:53:37+00:00","dateModified":"2026-02-13T20:39:23+00:00","mainEntityOfPage":{"@id":"https:\/\/centcols.org\/de\/erdmandelhals\/"},"wordCount":669,"publisher":{"@id":"https:\/\/centcols.org\/#organization"},"image":{"@id":"https:\/\/centcols.org\/de\/erdmandelhals\/#primaryimage"},"thumbnailUrl":"https:\/\/centcols.org\/wp-content\/uploads\/2026\/02\/4301.jpg","articleSection":["Cols en vrac"],"inLanguage":"de"},{"@type":"WebPage","@id":"https:\/\/centcols.org\/de\/erdmandelhals\/","url":"https:\/\/centcols.org\/de\/erdmandelhals\/","name":"Col du Souchet - Club des Cent Cols","isPartOf":{"@id":"https:\/\/centcols.org\/#website"},"primaryImageOfPage":{"@id":"https:\/\/centcols.org\/de\/erdmandelhals\/#primaryimage"},"image":{"@id":"https:\/\/centcols.org\/de\/erdmandelhals\/#primaryimage"},"thumbnailUrl":"https:\/\/centcols.org\/wp-content\/uploads\/2026\/02\/4301.jpg","datePublished":"2026-02-01T15:53:37+00:00","dateModified":"2026-02-13T20:39:23+00:00","breadcrumb":{"@id":"https:\/\/centcols.org\/de\/erdmandelhals\/#breadcrumb"},"inLanguage":"de","potentialAction":[{"@type":"ReadAction","target":["https:\/\/centcols.org\/de\/erdmandelhals\/"]}]},{"@type":"ImageObject","inLanguage":"de","@id":"https:\/\/centcols.org\/de\/erdmandelhals\/#primaryimage","url":"https:\/\/centcols.org\/wp-content\/uploads\/2026\/02\/4301.jpg","contentUrl":"https:\/\/centcols.org\/wp-content\/uploads\/2026\/02\/4301.jpg","width":800,"height":600,"caption":"La Meije et le R\u00e2teau vus du Col du souchet 2356m"},{"@type":"BreadcrumbList","@id":"https:\/\/centcols.org\/de\/erdmandelhals\/#breadcrumb","itemListElement":[{"@type":"ListItem","position":1,"name":"Accueil","item":"https:\/\/centcols.org\/"},{"@type":"ListItem","position":2,"name":"Cols en vrac","item":"https:\/\/centcols.org\/rubrique\/cols-en-vrac\/"},{"@type":"ListItem","position":3,"name":"Col du Souchet"}]},{"@type":"WebSite","@id":"https:\/\/centcols.org\/#website","url":"https:\/\/centcols.org\/","name":"Club des Cent Cols","description":"","publisher":{"@id":"https:\/\/centcols.org\/#organization"},"potentialAction":[{"@type":"SearchAction","target":{"@type":"EntryPoint","urlTemplate":"https:\/\/centcols.org\/?s={search_term_string}"},"query-input":{"@type":"PropertyValueSpecification","valueRequired":true,"valueName":"search_term_string"}}],"inLanguage":"de"},{"@type":"Organization","@id":"https:\/\/centcols.org\/#organization","name":"Club des Cent Cols","url":"https:\/\/centcols.org\/","logo":{"@type":"ImageObject","inLanguage":"de","@id":"https:\/\/centcols.org\/#\/schema\/logo\/image\/","url":"https:\/\/centcols.org\/wp-content\/uploads\/2025\/01\/carte-icone.png","contentUrl":"https:\/\/centcols.org\/wp-content\/uploads\/2025\/01\/carte-icone.png","width":250,"height":250,"caption":"Club des Cent Cols"},"image":{"@id":"https:\/\/centcols.org\/#\/schema\/logo\/image\/"},"sameAs":["https:\/\/www.facebook.com\/groups\/5261880558\/?locale=fr_FR"]},{"@type":"Person","@id":"https:\/\/centcols.org\/#\/schema\/person\/30f4299f11521fed498f98ecf9d71664","name":"Jean-No\u00ebl Jagoda","image":{"@type":"ImageObject","inLanguage":"de","@id":"https:\/\/centcols.org\/wp-content\/litespeed\/avatar\/4a9472068cd97156227754c35cd56ded.jpg?ver=1777248804","url":"https:\/\/centcols.org\/wp-content\/litespeed\/avatar\/4a9472068cd97156227754c35cd56ded.jpg?ver=1777248804","contentUrl":"https:\/\/centcols.org\/wp-content\/litespeed\/avatar\/4a9472068cd97156227754c35cd56ded.jpg?ver=1777248804","caption":"Jean-No\u00ebl Jagoda"},"url":"https:\/\/centcols.org\/de\/author\/7270\/"}]}},"_links":{"self":[{"href":"https:\/\/centcols.org\/de\/wp-json\/wp\/v2\/posts\/93274","targetHints":{"allow":["GET"]}}],"collection":[{"href":"https:\/\/centcols.org\/de\/wp-json\/wp\/v2\/posts"}],"about":[{"href":"https:\/\/centcols.org\/de\/wp-json\/wp\/v2\/types\/post"}],"author":[{"embeddable":true,"href":"https:\/\/centcols.org\/de\/wp-json\/wp\/v2\/users\/485"}],"replies":[{"embeddable":true,"href":"https:\/\/centcols.org\/de\/wp-json\/wp\/v2\/comments?post=93274"}],"version-history":[{"count":0,"href":"https:\/\/centcols.org\/de\/wp-json\/wp\/v2\/posts\/93274\/revisions"}],"wp:featuredmedia":[{"embeddable":true,"href":"https:\/\/centcols.org\/de\/wp-json\/wp\/v2\/media\/93442"}],"wp:attachment":[{"href":"https:\/\/centcols.org\/de\/wp-json\/wp\/v2\/media?parent=93274"}],"wp:term":[{"taxonomy":"category","embeddable":true,"href":"https:\/\/centcols.org\/de\/wp-json\/wp\/v2\/categories?post=93274"},{"taxonomy":"post_tag","embeddable":true,"href":"https:\/\/centcols.org\/de\/wp-json\/wp\/v2\/tags?post=93274"}],"curies":[{"name":"wp","href":"https:\/\/api.w.org\/{rel}","templated":true}]}}