{"id":93280,"date":"2026-02-01T19:57:03","date_gmt":"2026-02-01T17:57:03","guid":{"rendered":"https:\/\/centcols.org\/?p=93280"},"modified":"2026-02-03T11:49:23","modified_gmt":"2026-02-03T09:49:23","slug":"drome-ardeche-vaucluse-kessel-2026","status":"publish","type":"post","link":"https:\/\/centcols.org\/de\/drome-ardeche-vaucluse-chaudiere-2026\/","title":{"rendered":"Dr\u00f4me, Ard\u00e8che, Vaucluse, La Chaudi\u00e8re, Sonntag, 30. August 2026"},"content":{"rendered":"\n<p>Le col de la Chaudi\u00e8re <a href=\"https:\/\/centcols.org\/util\/geo\/visu.php?code=FR-26-1047\" target=\"_blank\" rel=\"noreferrer noopener\">(FR-26-1047)<\/a>, entre la vall\u00e9e de la Dr\u00f4me et la vall\u00e9e du Roubion, se trouve au pied du massif des Trois Becs, \u00e0 l\u2019est de la for\u00eat de Sao\u00fb et \u00e0 l\u2019ouest de la Montagne de Couspeau.<br>Pour plus de convivialit\u00e9 et de tranquillit\u00e9, l\u2019accueil se fera au village de la Chaudi\u00e8re, 2 km en aval du col, c\u00f4t\u00e9 Saillans.<br>Entre 11h et 15h30, les organisateurs vous proposeront un moment de convivialit\u00e9 et d\u2019\u00e9change autour d\u2019un ravitaillement \u00e0 base de produits r\u00e9gionaux.<\/p>\n\n\n\n<figure class=\"wp-block-gallery has-nested-images columns-default is-cropped wp-block-gallery-1 is-layout-flex wp-block-gallery-is-layout-flex\">\n<figure data-wp-context=\"{&quot;imageId&quot;:&quot;69f381b1667d7&quot;}\" data-wp-interactive=\"core\/image\" data-wp-key=\"69f381b1667d7\" class=\"wp-block-image size-large wp-lightbox-container\"><img loading=\"lazy\" decoding=\"async\" width=\"448\" height=\"259\" data-wp-class--hide=\"state.isContentHidden\" data-wp-class--show=\"state.isContentVisible\" data-wp-init=\"callbacks.setButtonStyles\" data-wp-on--click=\"actions.showLightbox\" data-wp-on--load=\"callbacks.setButtonStyles\" data-wp-on-window--resize=\"callbacks.setButtonStyles\" data-id=\"93381\" src=\"https:\/\/centcols.org\/wp-content\/uploads\/2026\/01\/fr-26-1047.jpg\" alt=\"\" class=\"wp-image-93381\" srcset=\"https:\/\/centcols.org\/wp-content\/uploads\/2026\/01\/fr-26-1047.jpg 448w, https:\/\/centcols.org\/wp-content\/uploads\/2026\/01\/fr-26-1047-18x10.jpg 18w\" sizes=\"auto, (max-width: 448px) 100vw, 448px\" \/><button\n\t\t\tclass=\"lightbox-trigger\"\n\t\t\ttype=\"button\"\n\t\t\taria-haspopup=\"dialog\"\n\t\t\taria-label=\"Vergr\u00f6\u00dfern\"\n\t\t\tdata-wp-init=\"callbacks.initTriggerButton\"\n\t\t\tdata-wp-on--click=\"actions.showLightbox\"\n\t\t\tdata-wp-style--right=\"state.imageButtonRight\"\n\t\t\tdata-wp-style--top=\"state.imageButtonTop\"\n\t\t>\n\t\t\t<svg xmlns=\"http:\/\/www.w3.org\/2000\/svg\" width=\"12\" height=\"12\" fill=\"none\" viewBox=\"0 0 12 12\">\n\t\t\t\t<path fill=\"#fff\" d=\"M2 0a2 2 0 0 0-2 2v2h1.5V2a.5.5 0 0 1 .5-.5h2V0H2Zm2 10.5H2a.5.5 0 0 1-.5-.5V8H0v2a2 2 0 0 0 2 2h2v-1.5ZM8 12v-1.5h2a.5.5 0 0 0 .5-.5V8H12v2a2 2 0 0 1-2 2H8Zm2-12a2 2 0 0 1 2 2v2h-1.5V2a.5.5 0 0 0-.5-.5H8V0h2Z\" \/>\n\t\t\t<\/svg>\n\t\t<\/button><\/figure>\n\n\n\n<figure data-wp-context=\"{&quot;imageId&quot;:&quot;69f381b166e32&quot;}\" data-wp-interactive=\"core\/image\" data-wp-key=\"69f381b166e32\" class=\"wp-block-image size-large wp-lightbox-container\"><img loading=\"lazy\" decoding=\"async\" width=\"800\" height=\"600\" data-wp-class--hide=\"state.isContentHidden\" data-wp-class--show=\"state.isContentVisible\" data-wp-init=\"callbacks.setButtonStyles\" data-wp-on--click=\"actions.showLightbox\" data-wp-on--load=\"callbacks.setButtonStyles\" data-wp-on-window--resize=\"callbacks.setButtonStyles\" data-id=\"93382\" src=\"https:\/\/centcols.org\/wp-content\/uploads\/2026\/01\/fr-26-1047a.jpg\" alt=\"\" class=\"wp-image-93382\" srcset=\"https:\/\/centcols.org\/wp-content\/uploads\/2026\/01\/fr-26-1047a.jpg 800w, https:\/\/centcols.org\/wp-content\/uploads\/2026\/01\/fr-26-1047a-768x576.jpg 768w, https:\/\/centcols.org\/wp-content\/uploads\/2026\/01\/fr-26-1047a-16x12.jpg 16w\" sizes=\"auto, (max-width: 800px) 100vw, 800px\" \/><button\n\t\t\tclass=\"lightbox-trigger\"\n\t\t\ttype=\"button\"\n\t\t\taria-haspopup=\"dialog\"\n\t\t\taria-label=\"Vergr\u00f6\u00dfern\"\n\t\t\tdata-wp-init=\"callbacks.initTriggerButton\"\n\t\t\tdata-wp-on--click=\"actions.showLightbox\"\n\t\t\tdata-wp-style--right=\"state.imageButtonRight\"\n\t\t\tdata-wp-style--top=\"state.imageButtonTop\"\n\t\t>\n\t\t\t<svg xmlns=\"http:\/\/www.w3.org\/2000\/svg\" width=\"12\" height=\"12\" fill=\"none\" viewBox=\"0 0 12 12\">\n\t\t\t\t<path fill=\"#fff\" d=\"M2 0a2 2 0 0 0-2 2v2h1.5V2a.5.5 0 0 1 .5-.5h2V0H2Zm2 10.5H2a.5.5 0 0 1-.5-.5V8H0v2a2 2 0 0 0 2 2h2v-1.5ZM8 12v-1.5h2a.5.5 0 0 0 .5-.5V8H12v2a2 2 0 0 1-2 2H8Zm2-12a2 2 0 0 1 2 2v2h-1.5V2a.5.5 0 0 0-.5-.5H8V0h2Z\" \/>\n\t\t\t<\/svg>\n\t\t<\/button><figcaption class=\"wp-element-caption\">Arriv\u00e9e au col<\/figcaption><\/figure>\n<\/figure>\n\n\n\n<h2 class=\"wp-block-heading\">Circuit VTT ou Gravel :<\/h2>\n\n\n\n<p>Circuit au d\u00e9part du village de la Chaudi\u00e8re \u00e0 8h30, qui peut tr\u00e8s facilement \u00eatre all\u00e9g\u00e9 en supprimant 1 ou 2 allers-retours : 27km, d\u00e9nivel\u00e9 950m, 8 cols.<\/p>\n\n\n\n<h2 class=\"wp-block-heading\">Circuit route :<\/h2>\n\n\n\n<p>2 parcours sont propos\u00e9s<br> &#8211; Par le nord, au d\u00e9part du parking de la gare \u00e0 Saillans vers 8h30 : 29km d\u00e9nivel\u00e9 820m 2 cols<br> &#8211; Par le sud, au d\u00e9part de l\u2019aire de repos proche du cimeti\u00e8re de Bourdeaux vers 8h30 : 33km d\u00e9nivel\u00e9 880 m, 2 cols<\/p>\n\n\n\n<p>Pour une bonne organisation, merci de pr\u00e9venir quelques jours avant de votre pr\u00e9sence<\/p>\n\n\n\n<p>Traces gpx \u00e0 venir<\/p>\n\n\n\n<h2 class=\"wp-block-heading\">Contacts :<\/h2>\n\n\n\n<p>&nbsp;&#8211; Alain Benoist&nbsp; &nbsp; &nbsp; &nbsp; &nbsp; &nbsp; &nbsp; &nbsp; &nbsp;T\u00e9l : + 33 6 76 96 23 94&nbsp; &nbsp;Mail : [email]&#x61;l&#x61;&#105;n&#x2e;&#98;&#x65;&#x6e;o&#x69;&#115;t&#x2e;&#100;&#x74;&#48;4&#x73;&#119;&#64;&#x67;&#109;&#x61;&#105;l&#x2e;&#99;&#x6f;&#x6d;[\/email]<br>&nbsp;&#8211; Alain Thibon&nbsp; &nbsp; &nbsp; &nbsp; &nbsp; &nbsp; &nbsp; &nbsp; &nbsp; T\u00e9l : + 3 6 37 31 54 76&nbsp; &nbsp; Mail : [email]&#x74;&#104;&#x69;&#x62;&#111;&#x6e;&#x61;&#64;&#x77;&#x61;&#110;&#x61;&#x64;o&#x6f;&#x2e;f&#x72;[\/email]<\/p>\n","protected":false},"excerpt":{"rendered":"<p>Le col de la Chaudi\u00e8re (FR-26-1047), entre la vall\u00e9e de la Dr\u00f4me et la vall\u00e9e du Roubion, se trouve au pied du massif des Trois Becs, \u00e0 l\u2019est de la for\u00eat de Sao\u00fb et \u00e0 l\u2019ouest de la Montagne de Couspeau.Pour plus de convivialit\u00e9 et de tranquillit\u00e9, l\u2019accueil se fera au village de la Chaudi\u00e8re, [&hellip;]<\/p>\n","protected":false},"author":136,"featured_media":93381,"comment_status":"open","ping_status":"closed","sticky":false,"template":"","format":"standard","meta":{"_acf_changed":false,"footnotes":""},"categories":[465,135,216],"tags":[],"class_list":["post-93280","post","type-post","status-publish","format-standard","has-post-thumbnail","hentry","category-les-rassemblements-de-2026","category-calendrier","category-rencontres-regionales"],"acf":[],"yoast_head":"<!-- This site is optimized with the Yoast SEO plugin v27.2 - https:\/\/yoast.com\/product\/yoast-seo-wordpress\/ -->\n<title>Dr\u00f4me, Ard\u00e8che, Vaucluse, la Chaudi\u00e8re, dimanche 30 ao\u00fbt 2026 - Club des Cent Cols<\/title>\n<meta name=\"robots\" content=\"index, follow, max-snippet:-1, max-image-preview:large, max-video-preview:-1\" \/>\n<link rel=\"canonical\" href=\"https:\/\/centcols.org\/de\/drome-ardeche-vaucluse-kessel-2026\/\" \/>\n<meta property=\"og:locale\" content=\"de_DE\" \/>\n<meta property=\"og:type\" content=\"article\" \/>\n<meta property=\"og:title\" content=\"Dr\u00f4me, Ard\u00e8che, Vaucluse, la Chaudi\u00e8re, dimanche 30 ao\u00fbt 2026 - Club des Cent Cols\" \/>\n<meta property=\"og:description\" content=\"Le col de la Chaudi\u00e8re (FR-26-1047), entre la vall\u00e9e de la Dr\u00f4me et la vall\u00e9e du Roubion, se trouve au pied du massif des Trois Becs, \u00e0 l\u2019est de la for\u00eat de Sao\u00fb et \u00e0 l\u2019ouest de la Montagne de Couspeau.Pour plus de convivialit\u00e9 et de tranquillit\u00e9, l\u2019accueil se fera au village de la Chaudi\u00e8re, [&hellip;]\" \/>\n<meta property=\"og:url\" content=\"https:\/\/centcols.org\/de\/drome-ardeche-vaucluse-kessel-2026\/\" \/>\n<meta property=\"og:site_name\" content=\"Club des Cent Cols\" \/>\n<meta property=\"article:publisher\" content=\"https:\/\/www.facebook.com\/groups\/5261880558\/?locale=fr_FR\" \/>\n<meta property=\"article:published_time\" content=\"2026-02-01T17:57:03+00:00\" \/>\n<meta property=\"article:modified_time\" content=\"2026-02-03T09:49:23+00:00\" \/>\n<meta property=\"og:image\" content=\"https:\/\/centcols.org\/wp-content\/uploads\/2026\/01\/fr-26-1047.jpg\" \/>\n\t<meta property=\"og:image:width\" content=\"448\" \/>\n\t<meta property=\"og:image:height\" content=\"259\" \/>\n\t<meta property=\"og:image:type\" content=\"image\/jpeg\" \/>\n<meta name=\"author\" content=\"Guy Harl\u00e9\" \/>\n<meta name=\"twitter:card\" content=\"summary_large_image\" \/>\n<meta name=\"twitter:label1\" content=\"Verfasst von\" \/>\n\t<meta name=\"twitter:data1\" content=\"Guy Harl\u00e9\" \/>\n\t<meta name=\"twitter:label2\" content=\"Gesch\u00e4tzte Lesezeit\" \/>\n\t<meta name=\"twitter:data2\" content=\"2\u00a0Minuten\" \/>\n<script type=\"application\/ld+json\" class=\"yoast-schema-graph\">{\"@context\":\"https:\/\/schema.org\",\"@graph\":[{\"@type\":\"Article\",\"@id\":\"https:\/\/centcols.org\/de\/drome-ardeche-vaucluse-chaudiere-2026\/#article\",\"isPartOf\":{\"@id\":\"https:\/\/centcols.org\/de\/drome-ardeche-vaucluse-chaudiere-2026\/\"},\"author\":{\"name\":\"Guy Harl\u00e9\",\"@id\":\"https:\/\/centcols.org\/#\/schema\/person\/377f00da2793c0363246869bb3a344d0\"},\"headline\":\"Dr\u00f4me, Ard\u00e8che, Vaucluse, la Chaudi\u00e8re, dimanche 30 ao\u00fbt 2026\",\"datePublished\":\"2026-02-01T17:57:03+00:00\",\"dateModified\":\"2026-02-03T09:49:23+00:00\",\"mainEntityOfPage\":{\"@id\":\"https:\/\/centcols.org\/de\/drome-ardeche-vaucluse-chaudiere-2026\/\"},\"wordCount\":262,\"commentCount\":0,\"publisher\":{\"@id\":\"https:\/\/centcols.org\/#organization\"},\"image\":{\"@id\":\"https:\/\/centcols.org\/de\/drome-ardeche-vaucluse-chaudiere-2026\/#primaryimage\"},\"thumbnailUrl\":\"https:\/\/centcols.org\/wp-content\/uploads\/2026\/01\/fr-26-1047.jpg\",\"articleSection\":[\"2026-rassemblements\",\"Calendrier\",\"Rencontres r\u00e9gionales\"],\"inLanguage\":\"de\",\"potentialAction\":[{\"@type\":\"CommentAction\",\"name\":\"Comment\",\"target\":[\"https:\/\/centcols.org\/de\/drome-ardeche-vaucluse-chaudiere-2026\/#respond\"]}]},{\"@type\":\"WebPage\",\"@id\":\"https:\/\/centcols.org\/de\/drome-ardeche-vaucluse-chaudiere-2026\/\",\"url\":\"https:\/\/centcols.org\/de\/drome-ardeche-vaucluse-chaudiere-2026\/\",\"name\":\"Dr\u00f4me, Ard\u00e8che, Vaucluse, la Chaudi\u00e8re, dimanche 30 ao\u00fbt 2026 - Club des Cent Cols\",\"isPartOf\":{\"@id\":\"https:\/\/centcols.org\/#website\"},\"primaryImageOfPage\":{\"@id\":\"https:\/\/centcols.org\/de\/drome-ardeche-vaucluse-chaudiere-2026\/#primaryimage\"},\"image\":{\"@id\":\"https:\/\/centcols.org\/de\/drome-ardeche-vaucluse-chaudiere-2026\/#primaryimage\"},\"thumbnailUrl\":\"https:\/\/centcols.org\/wp-content\/uploads\/2026\/01\/fr-26-1047.jpg\",\"datePublished\":\"2026-02-01T17:57:03+00:00\",\"dateModified\":\"2026-02-03T09:49:23+00:00\",\"breadcrumb\":{\"@id\":\"https:\/\/centcols.org\/de\/drome-ardeche-vaucluse-chaudiere-2026\/#breadcrumb\"},\"inLanguage\":\"de\",\"potentialAction\":[{\"@type\":\"ReadAction\",\"target\":[\"https:\/\/centcols.org\/de\/drome-ardeche-vaucluse-chaudiere-2026\/\"]}]},{\"@type\":\"ImageObject\",\"inLanguage\":\"de\",\"@id\":\"https:\/\/centcols.org\/de\/drome-ardeche-vaucluse-chaudiere-2026\/#primaryimage\",\"url\":\"https:\/\/centcols.org\/wp-content\/uploads\/2026\/01\/fr-26-1047.jpg\",\"contentUrl\":\"https:\/\/centcols.org\/wp-content\/uploads\/2026\/01\/fr-26-1047.jpg\",\"width\":448,\"height\":259,\"caption\":\"Col de la Chaudi\u00e8re\"},{\"@type\":\"BreadcrumbList\",\"@id\":\"https:\/\/centcols.org\/de\/drome-ardeche-vaucluse-chaudiere-2026\/#breadcrumb\",\"itemListElement\":[{\"@type\":\"ListItem\",\"position\":1,\"name\":\"Accueil\",\"item\":\"https:\/\/centcols.org\/\"},{\"@type\":\"ListItem\",\"position\":2,\"name\":\"Rencontres r\u00e9gionales\",\"item\":\"https:\/\/centcols.org\/rubrique\/rencontres-regionales\/\"},{\"@type\":\"ListItem\",\"position\":3,\"name\":\"Dr\u00f4me, Ard\u00e8che, Vaucluse, la Chaudi\u00e8re, dimanche 30 ao\u00fbt 2026\"}]},{\"@type\":\"WebSite\",\"@id\":\"https:\/\/centcols.org\/#website\",\"url\":\"https:\/\/centcols.org\/\",\"name\":\"Club des Cent Cols\",\"description\":\"\",\"publisher\":{\"@id\":\"https:\/\/centcols.org\/#organization\"},\"potentialAction\":[{\"@type\":\"SearchAction\",\"target\":{\"@type\":\"EntryPoint\",\"urlTemplate\":\"https:\/\/centcols.org\/?s={search_term_string}\"},\"query-input\":{\"@type\":\"PropertyValueSpecification\",\"valueRequired\":true,\"valueName\":\"search_term_string\"}}],\"inLanguage\":\"de\"},{\"@type\":\"Organization\",\"@id\":\"https:\/\/centcols.org\/#organization\",\"name\":\"Club des Cent Cols\",\"url\":\"https:\/\/centcols.org\/\",\"logo\":{\"@type\":\"ImageObject\",\"inLanguage\":\"de\",\"@id\":\"https:\/\/centcols.org\/#\/schema\/logo\/image\/\",\"url\":\"https:\/\/centcols.org\/wp-content\/uploads\/2025\/01\/carte-icone.png\",\"contentUrl\":\"https:\/\/centcols.org\/wp-content\/uploads\/2025\/01\/carte-icone.png\",\"width\":250,\"height\":250,\"caption\":\"Club des Cent Cols\"},\"image\":{\"@id\":\"https:\/\/centcols.org\/#\/schema\/logo\/image\/\"},\"sameAs\":[\"https:\/\/www.facebook.com\/groups\/5261880558\/?locale=fr_FR\"]},{\"@type\":\"Person\",\"@id\":\"https:\/\/centcols.org\/#\/schema\/person\/377f00da2793c0363246869bb3a344d0\",\"name\":\"Guy Harl\u00e9\",\"image\":{\"@type\":\"ImageObject\",\"inLanguage\":\"de\",\"@id\":\"https:\/\/centcols.org\/wp-content\/litespeed\/avatar\/94c4de37e46cf090f296d42ab3e8d6a6.jpg?ver=1777238144\",\"url\":\"https:\/\/centcols.org\/wp-content\/litespeed\/avatar\/94c4de37e46cf090f296d42ab3e8d6a6.jpg?ver=1777238144\",\"contentUrl\":\"https:\/\/centcols.org\/wp-content\/litespeed\/avatar\/94c4de37e46cf090f296d42ab3e8d6a6.jpg?ver=1777238144\",\"caption\":\"Guy Harl\u00e9\"},\"url\":\"https:\/\/centcols.org\/de\/author\/5193\/\"}]}<\/script>\n<!-- \/ Yoast SEO plugin. -->","yoast_head_json":{"title":"Dr\u00f4me, Ard\u00e8che, Vaucluse, la Chaudi\u00e8re, Sonntag, 30. August 2026 - Club des Cent Cols","robots":{"index":"index","follow":"follow","max-snippet":"max-snippet:-1","max-image-preview":"max-image-preview:large","max-video-preview":"max-video-preview:-1"},"canonical":"https:\/\/centcols.org\/de\/drome-ardeche-vaucluse-kessel-2026\/","og_locale":"de_DE","og_type":"article","og_title":"Dr\u00f4me, Ard\u00e8che, Vaucluse, la Chaudi\u00e8re, dimanche 30 ao\u00fbt 2026 - Club des Cent Cols","og_description":"Le col de la Chaudi\u00e8re (FR-26-1047), entre la vall\u00e9e de la Dr\u00f4me et la vall\u00e9e du Roubion, se trouve au pied du massif des Trois Becs, \u00e0 l\u2019est de la for\u00eat de Sao\u00fb et \u00e0 l\u2019ouest de la Montagne de Couspeau.Pour plus de convivialit\u00e9 et de tranquillit\u00e9, l\u2019accueil se fera au village de la Chaudi\u00e8re, [&hellip;]","og_url":"https:\/\/centcols.org\/de\/drome-ardeche-vaucluse-kessel-2026\/","og_site_name":"Club des Cent Cols","article_publisher":"https:\/\/www.facebook.com\/groups\/5261880558\/?locale=fr_FR","article_published_time":"2026-02-01T17:57:03+00:00","article_modified_time":"2026-02-03T09:49:23+00:00","og_image":[{"width":448,"height":259,"url":"https:\/\/centcols.org\/wp-content\/uploads\/2026\/01\/fr-26-1047.jpg","type":"image\/jpeg"}],"author":"Guy Harl\u00e9","twitter_card":"summary_large_image","twitter_misc":{"Verfasst von":"Guy Harl\u00e9","Gesch\u00e4tzte Lesezeit":"2\u00a0Minuten"},"schema":{"@context":"https:\/\/schema.org","@graph":[{"@type":"Article","@id":"https:\/\/centcols.org\/de\/drome-ardeche-vaucluse-chaudiere-2026\/#article","isPartOf":{"@id":"https:\/\/centcols.org\/de\/drome-ardeche-vaucluse-chaudiere-2026\/"},"author":{"name":"Guy Harl\u00e9","@id":"https:\/\/centcols.org\/#\/schema\/person\/377f00da2793c0363246869bb3a344d0"},"headline":"Dr\u00f4me, Ard\u00e8che, Vaucluse, la Chaudi\u00e8re, dimanche 30 ao\u00fbt 2026","datePublished":"2026-02-01T17:57:03+00:00","dateModified":"2026-02-03T09:49:23+00:00","mainEntityOfPage":{"@id":"https:\/\/centcols.org\/de\/drome-ardeche-vaucluse-chaudiere-2026\/"},"wordCount":262,"commentCount":0,"publisher":{"@id":"https:\/\/centcols.org\/#organization"},"image":{"@id":"https:\/\/centcols.org\/de\/drome-ardeche-vaucluse-chaudiere-2026\/#primaryimage"},"thumbnailUrl":"https:\/\/centcols.org\/wp-content\/uploads\/2026\/01\/fr-26-1047.jpg","articleSection":["2026-rassemblements","Calendrier","Rencontres r\u00e9gionales"],"inLanguage":"de","potentialAction":[{"@type":"CommentAction","name":"Comment","target":["https:\/\/centcols.org\/de\/drome-ardeche-vaucluse-chaudiere-2026\/#respond"]}]},{"@type":"WebPage","@id":"https:\/\/centcols.org\/de\/drome-ardeche-vaucluse-chaudiere-2026\/","url":"https:\/\/centcols.org\/de\/drome-ardeche-vaucluse-chaudiere-2026\/","name":"Dr\u00f4me, Ard\u00e8che, Vaucluse, la Chaudi\u00e8re, Sonntag, 30. August 2026 - Club des Cent Cols","isPartOf":{"@id":"https:\/\/centcols.org\/#website"},"primaryImageOfPage":{"@id":"https:\/\/centcols.org\/de\/drome-ardeche-vaucluse-chaudiere-2026\/#primaryimage"},"image":{"@id":"https:\/\/centcols.org\/de\/drome-ardeche-vaucluse-chaudiere-2026\/#primaryimage"},"thumbnailUrl":"https:\/\/centcols.org\/wp-content\/uploads\/2026\/01\/fr-26-1047.jpg","datePublished":"2026-02-01T17:57:03+00:00","dateModified":"2026-02-03T09:49:23+00:00","breadcrumb":{"@id":"https:\/\/centcols.org\/de\/drome-ardeche-vaucluse-chaudiere-2026\/#breadcrumb"},"inLanguage":"de","potentialAction":[{"@type":"ReadAction","target":["https:\/\/centcols.org\/de\/drome-ardeche-vaucluse-chaudiere-2026\/"]}]},{"@type":"ImageObject","inLanguage":"de","@id":"https:\/\/centcols.org\/de\/drome-ardeche-vaucluse-chaudiere-2026\/#primaryimage","url":"https:\/\/centcols.org\/wp-content\/uploads\/2026\/01\/fr-26-1047.jpg","contentUrl":"https:\/\/centcols.org\/wp-content\/uploads\/2026\/01\/fr-26-1047.jpg","width":448,"height":259,"caption":"Col de la Chaudi\u00e8re"},{"@type":"BreadcrumbList","@id":"https:\/\/centcols.org\/de\/drome-ardeche-vaucluse-chaudiere-2026\/#breadcrumb","itemListElement":[{"@type":"ListItem","position":1,"name":"Accueil","item":"https:\/\/centcols.org\/"},{"@type":"ListItem","position":2,"name":"Rencontres r\u00e9gionales","item":"https:\/\/centcols.org\/rubrique\/rencontres-regionales\/"},{"@type":"ListItem","position":3,"name":"Dr\u00f4me, Ard\u00e8che, Vaucluse, la Chaudi\u00e8re, dimanche 30 ao\u00fbt 2026"}]},{"@type":"WebSite","@id":"https:\/\/centcols.org\/#website","url":"https:\/\/centcols.org\/","name":"Club des Cent Cols","description":"","publisher":{"@id":"https:\/\/centcols.org\/#organization"},"potentialAction":[{"@type":"SearchAction","target":{"@type":"EntryPoint","urlTemplate":"https:\/\/centcols.org\/?s={search_term_string}"},"query-input":{"@type":"PropertyValueSpecification","valueRequired":true,"valueName":"search_term_string"}}],"inLanguage":"de"},{"@type":"Organization","@id":"https:\/\/centcols.org\/#organization","name":"Club des Cent Cols","url":"https:\/\/centcols.org\/","logo":{"@type":"ImageObject","inLanguage":"de","@id":"https:\/\/centcols.org\/#\/schema\/logo\/image\/","url":"https:\/\/centcols.org\/wp-content\/uploads\/2025\/01\/carte-icone.png","contentUrl":"https:\/\/centcols.org\/wp-content\/uploads\/2025\/01\/carte-icone.png","width":250,"height":250,"caption":"Club des Cent Cols"},"image":{"@id":"https:\/\/centcols.org\/#\/schema\/logo\/image\/"},"sameAs":["https:\/\/www.facebook.com\/groups\/5261880558\/?locale=fr_FR"]},{"@type":"Person","@id":"https:\/\/centcols.org\/#\/schema\/person\/377f00da2793c0363246869bb3a344d0","name":"Guy Harl\u00e9","image":{"@type":"ImageObject","inLanguage":"de","@id":"https:\/\/centcols.org\/wp-content\/litespeed\/avatar\/94c4de37e46cf090f296d42ab3e8d6a6.jpg?ver=1777238144","url":"https:\/\/centcols.org\/wp-content\/litespeed\/avatar\/94c4de37e46cf090f296d42ab3e8d6a6.jpg?ver=1777238144","contentUrl":"https:\/\/centcols.org\/wp-content\/litespeed\/avatar\/94c4de37e46cf090f296d42ab3e8d6a6.jpg?ver=1777238144","caption":"Guy Harl\u00e9"},"url":"https:\/\/centcols.org\/de\/author\/5193\/"}]}},"_links":{"self":[{"href":"https:\/\/centcols.org\/de\/wp-json\/wp\/v2\/posts\/93280","targetHints":{"allow":["GET"]}}],"collection":[{"href":"https:\/\/centcols.org\/de\/wp-json\/wp\/v2\/posts"}],"about":[{"href":"https:\/\/centcols.org\/de\/wp-json\/wp\/v2\/types\/post"}],"author":[{"embeddable":true,"href":"https:\/\/centcols.org\/de\/wp-json\/wp\/v2\/users\/136"}],"replies":[{"embeddable":true,"href":"https:\/\/centcols.org\/de\/wp-json\/wp\/v2\/comments?post=93280"}],"version-history":[{"count":0,"href":"https:\/\/centcols.org\/de\/wp-json\/wp\/v2\/posts\/93280\/revisions"}],"wp:featuredmedia":[{"embeddable":true,"href":"https:\/\/centcols.org\/de\/wp-json\/wp\/v2\/media\/93381"}],"wp:attachment":[{"href":"https:\/\/centcols.org\/de\/wp-json\/wp\/v2\/media?parent=93280"}],"wp:term":[{"taxonomy":"category","embeddable":true,"href":"https:\/\/centcols.org\/de\/wp-json\/wp\/v2\/categories?post=93280"},{"taxonomy":"post_tag","embeddable":true,"href":"https:\/\/centcols.org\/de\/wp-json\/wp\/v2\/tags?post=93280"}],"curies":[{"name":"wp","href":"https:\/\/api.w.org\/{rel}","templated":true}]}}