{"id":93373,"date":"2026-03-21T09:08:19","date_gmt":"2026-03-21T07:08:19","guid":{"rendered":"https:\/\/centcols.org\/?p=93373"},"modified":"2026-03-21T09:08:24","modified_gmt":"2026-03-21T07:08:24","slug":"der-berg-chaberton","status":"publish","type":"post","link":"https:\/\/centcols.org\/de\/le-mont-chaberton\/","title":{"rendered":"Chaberton-Berg"},"content":{"rendered":"<p><em>Text und Bildnachweis Philippe Girardin<\/em><\/p>\n\n\n\n<p>Der 3131 m hohe Mont Chaberton ist ein echtes \u00abMuss\u00bb, das mit dem Mountainbike erreichbar ist.<\/p>\n\n\n\n<p>Der Berg Chaberton sowie der Chaberton-Pass <a href=\"http:\/\/FR-05-2674\">(<\/a><a href=\"\/de\/util\/geo\/visu.php\/?code=FR-05-2674\">DE-05-2674<\/a><a href=\"http:\/\/FR-05-2674\">)<\/a> sind trotz der 1900 m H\u00f6henunterschied, die den Zugang von der italienischen Seite her versperren, mit dem Mountainbike einigerma\u00dfen gut zu bew\u00e4ltigen. Die Piste wurde bis Kilometer 10 sorgf\u00e4ltig erneuert. Der elfte und letzte Kilometer zum Pass wird vielleicht bald fertiggestellt. Vom Pass aus sind es noch drei Kilometer bis zum Gipfel des Mont Chaberton, die Sie zu Fu\u00df bew\u00e4ltigen k\u00f6nnen. Die Abfahrt kann mit dem Fahrrad bew\u00e4ltigt werden, ist aber nur erfahrenen Abfahrern zu empfehlen. In Montgen\u00e8vre wird gemunkelt, dass in Zukunft ein Skilift den Zugang erm\u00f6glichen k\u00f6nnte. Machen Sie sich also auf den Weg, bevor der Charme der Abgeschiedenheit und der Duft des Abenteuers, die diese Strecke noch ausstrahlt, endg\u00fcltig verloren gehen. Es ist schade, nur den Pass mit seinen 2674 m anzustreben. Zeigen Sie Offenheit und Selbstlosigkeit, um sich bis zum Gipfel auf 3131 m hochzuarbeiten, Sie werden es nicht bereuen!<\/p>\n\n\n<div class=\"wp-block-image\">\n<figure class=\"aligncenter size-full\"><img loading=\"lazy\" decoding=\"async\" width=\"800\" height=\"475\" src=\"https:\/\/centcols.org\/wp-content\/uploads\/2026\/02\/col-et-mont-Chaberton-1.jpg\" alt=\"\" class=\"wp-image-93629\" srcset=\"https:\/\/centcols.org\/wp-content\/uploads\/2026\/02\/col-et-mont-Chaberton-1.jpg 800w, https:\/\/centcols.org\/wp-content\/uploads\/2026\/02\/col-et-mont-Chaberton-1-768x456.jpg 768w, https:\/\/centcols.org\/wp-content\/uploads\/2026\/02\/col-et-mont-Chaberton-1-18x12.jpg 18w\" sizes=\"auto, (max-width: 800px) 100vw, 800px\" \/><figcaption class=\"wp-element-caption\">Der Pass und der Berg Chaberton \u00a9IGN<\/figcaption><\/figure>\n<\/div>\n\n<div class=\"wp-block-image\">\n<figure class=\"aligncenter size-full\"><img loading=\"lazy\" decoding=\"async\" width=\"800\" height=\"542\" src=\"https:\/\/centcols.org\/wp-content\/uploads\/2026\/02\/Chaberton-plan-large-1.jpg\" alt=\"\" class=\"wp-image-93628\" srcset=\"https:\/\/centcols.org\/wp-content\/uploads\/2026\/02\/Chaberton-plan-large-1.jpg 800w, https:\/\/centcols.org\/wp-content\/uploads\/2026\/02\/Chaberton-plan-large-1-768x520.jpg 768w, https:\/\/centcols.org\/wp-content\/uploads\/2026\/02\/Chaberton-plan-large-1-18x12.jpg 18w\" sizes=\"auto, (max-width: 800px) 100vw, 800px\" \/><figcaption class=\"wp-element-caption\">Der Berg Chaberton allgemeine Situation \u00a9IGN<\/figcaption><\/figure>\n<\/div>\n\n\n<h2 class=\"wp-block-heading\">Ein wenig Geschichte<\/h2>\n\n\n\n<p>Der Mont Chaberton ist ein bemerkenswerter Gipfel. Nahe der italienischen Grenze \u00fcberragt er stolz die St\u00e4dte Montgen\u00e8vre auf franz\u00f6sischer Seite und Cesana-Torinese auf italienischer Seite und ist schon von weitem zu sehen. Seine S\u00fcdseite erscheint unzug\u00e4nglich, wie aus einem Guss \u00fcber 1500 Meter. Vor dem Zweiten Weltkrieg war der Mont Chaberton italienisch und seine Nordseite \u00fcber einen sanften Hang relativ leicht zug\u00e4nglich. Diese strategische Lage hatte die italienische Armee auf die Idee gebracht, den Gipfel mit einem Fort auszustatten, das mit m\u00e4chtigen Kanonen bewaffnet war.<\/p>\n\n\n<div class=\"wp-block-image\">\n<figure class=\"aligncenter size-full\"><img loading=\"lazy\" decoding=\"async\" width=\"800\" height=\"600\" src=\"https:\/\/centcols.org\/wp-content\/uploads\/2026\/02\/upscaled-modified-21.jpg\" alt=\"\" class=\"wp-image-94267\" srcset=\"https:\/\/centcols.org\/wp-content\/uploads\/2026\/02\/upscaled-modified-21.jpg 800w, https:\/\/centcols.org\/wp-content\/uploads\/2026\/02\/upscaled-modified-21-768x576.jpg 768w, https:\/\/centcols.org\/wp-content\/uploads\/2026\/02\/upscaled-modified-21-16x12.jpg 16w\" sizes=\"auto, (max-width: 800px) 100vw, 800px\" \/><figcaption class=\"wp-element-caption\">Montgen\u00e8vre, das vom Mont Chaberton dominiert wird.<\/figcaption><\/figure>\n<\/div>\n\n<div class=\"wp-block-image\">\n<figure class=\"aligncenter size-full\"><img loading=\"lazy\" decoding=\"async\" width=\"1280\" height=\"960\" src=\"https:\/\/centcols.org\/wp-content\/uploads\/2026\/02\/upscaled-modified-20-1.jpg\" alt=\"\" class=\"wp-image-94268\" srcset=\"https:\/\/centcols.org\/wp-content\/uploads\/2026\/02\/upscaled-modified-20-1.jpg 1280w, https:\/\/centcols.org\/wp-content\/uploads\/2026\/02\/upscaled-modified-20-1-1200x900.jpg 1200w, https:\/\/centcols.org\/wp-content\/uploads\/2026\/02\/upscaled-modified-20-1-768x576.jpg 768w, https:\/\/centcols.org\/wp-content\/uploads\/2026\/02\/upscaled-modified-20-1-16x12.jpg 16w\" sizes=\"auto, (max-width: 1280px) 100vw, 1280px\" \/><figcaption class=\"wp-element-caption\">S\u00fcdhang oberhalb von Clavi\u00e8re.<\/figcaption><\/figure>\n<\/div>\n\n<div class=\"wp-block-image\">\n<figure class=\"aligncenter size-full is-resized\"><img loading=\"lazy\" decoding=\"async\" width=\"800\" height=\"600\" src=\"https:\/\/centcols.org\/wp-content\/uploads\/2026\/02\/upscaled-modified-19.jpg\" alt=\"\" class=\"wp-image-93965\" style=\"width:800px\" srcset=\"https:\/\/centcols.org\/wp-content\/uploads\/2026\/02\/upscaled-modified-19.jpg 800w, https:\/\/centcols.org\/wp-content\/uploads\/2026\/02\/upscaled-modified-19-768x576.jpg 768w, https:\/\/centcols.org\/wp-content\/uploads\/2026\/02\/upscaled-modified-19-16x12.jpg 16w\" sizes=\"auto, (max-width: 800px) 100vw, 800px\" \/><figcaption class=\"wp-element-caption\">Blick vom Col des Trois Fr\u00e8res Mineurs (Pass der drei Minderbr\u00fcder).<\/figcaption><\/figure>\n<\/div>\n\n\n<h3 class=\"wp-block-heading\">Zitieren wir Wikipedia<\/h3>\n\n\n\n<blockquote class=\"wp-block-quote is-layout-flow wp-block-quote-is-layout-flow\">\n<blockquote class=\"wp-block-quote is-layout-flow wp-block-quote-is-layout-flow\">\n<p>Vor dem Zweiten Weltkrieg errichteten die italienischen Truppen hier eine Batterie mit acht T\u00fcrmen, auf denen Kanonen standen, die nach Frankreich und die Stadt <a href=\"https:\/\/fr.wikipedia.org\/wiki\/Brian%C3%A7on\">Brian\u00e7on<\/a>. Damit verteidigten sie den \u00dcbergang \u00fcber den Col de Montgen\u00e8vre (<a href=\"\/de\/util\/geo\/visu.php\/?code=FR-05-1850\">FR-05-1850<\/a>). Dazu legten die Soldaten und Ingenieure eine Stra\u00dfe vom Dorf Fenils (<a href=\"http:\/\/fr.wikipedia.org\/wiki\/Val_de_Suse\">Susa-Tal<\/a>). Sie schliffen den Gipfel des Mont Chaberton ab, um ein Glacis zur Verteidigung der Gesch\u00fctzt\u00fcrme zu schaffen. Das Fort, das manchmal auch als \u00abWolkenfort\u00bb bezeichnet wurde, war der Stolz des italienischen Milit\u00e4rs. Damals galt das Fort als das h\u00f6chste und st\u00e4rkste der Welt. Wenige Tage nach dem Kriegseintritt Italiens im Juni 1940 wurde die Festung von den Beobachtern des <a href=\"https:\/\/fr.wikipedia.org\/wiki\/Ouvrage_du_Janus\">Janus Fort<\/a>, Die italienische Batterie wurde durch das Feuer der 154 zerst\u00f6rt.<sup>sten<\/sup> Regiment der Artillerie de Position der franz\u00f6sischen Armee. Nach Kriegsende wurden das Vallon des Baisses, der Gipfel des Mont Chaberton und die Batterie von Frankreich annektiert. Infolgedessen wurde die franz\u00f6sisch-italienische Grenze bis zum Eingang des italienischen Dorfes <a href=\"https:\/\/fr.wikipedia.org\/wiki\/Clavi%C3%A8res_(Italie)\">Clavi\u00e8re<\/a>.<br>Das Fort wurde ab 1891 mithilfe einer gro\u00dfen Anstrengung von Arbeitskr\u00e4ften gebaut. Die heutige Piste wurde wahrscheinlich in dieser Zeit er\u00f6ffnet. Sie wurde genutzt, um M\u00e4nner und Material f\u00fcr den Bau einer Seilbahn hochzuziehen. Insgesamt 8 149-mm-Kanonen, die alle auf acht gemauerten T\u00fcrmen standen, \u00fcberragten eine 113 m lange Kaserne auf 18....<br>Zu Beginn des Zweiten Weltkriegs war diese feindliche italienische Festung eine der Hauptsorgen des franz\u00f6sischen Kommandos. Dieses stellte maskierte 280-mm-M\u00f6rser am Gegenhang zu den italienischen Beobachtern unter dem Col des Gondrans (<a href=\"\/de\/util\/geo\/visu.php\/?code=FR-05-2347a\">DE-05-2347a<\/a>), und Observatorien (auf dem Janus). Als die Feindseligkeiten begannen, gelang der franz\u00f6sischen Artillerie das Kunstst\u00fcck, am 21. Juni 1940 die Batterien des Mont Chaberton und sein Munitionslager zu zerst\u00f6ren. Dieses Kunstst\u00fcck gelang dank einer perfekt entwickelten ballistischen Wissenschaft (parabolischer Schuss aus 10 km Entfernung auf ein Ziel, das nur wenige Dutzend Meter entfernt war!) Dieser Angriff dauerte dreieinhalb Stunden mit 57 Treffern, was die jahrelangen Bem\u00fchungen augenblicklich zunichte machte. Die Batterien auf dem Mont Chaberton verstummten f\u00fcr immer. Man kann sich vorstellen, dass diese Tat der Grund f\u00fcr die Annexion des Berges durch Frankreich im Jahr 1945 war.<br>Wir haben aus dieser Geschichte gelernt, dass die Zugangsstra\u00dfe auf der italienischen Seite liegt. Auf der franz\u00f6sischen Seite gibt es nur einen Pfad \u00abS3-S4\u00bb, der ab der H\u00f6he 2177 nach einer guten Piste, die von Montgen\u00e8vre hinauf f\u00fchrt, den Zugang erm\u00f6glicht.<\/p>\n<\/blockquote>\n<\/blockquote>\n\n\n\n<h2 class=\"wp-block-heading\">Der Aufstieg zum Pass auf 2674 m und zum Berg auf 3131 m<\/h2>\n\n\n\n<p>Einige Kilometer n\u00f6rdlich von Cesana-Torinese verl\u00e4sst man die Nationalstra\u00dfe und biegt auf die kleine asphaltierte Stra\u00dfe nach Fenils ein. Wenn man aus Frankreich kommt, muss man die 8 km lange Abfahrt vom Montgen\u00e8vre-Pass bew\u00e4ltigen, die aufgrund des Autoverkehrs nicht sehr angenehm und gef\u00e4hrlich ist, aber auch von zahlreichen langen Tunneln ges\u00e4umt wird.<br>Eine Br\u00fccke kurz vor Fenils markiert den Beginn des Aufstiegs. Wir befinden uns auf 1230 m H\u00f6he. Von Anfang an ist die Steigung pr\u00e4sent. Auf den 11 km bis zum Pass gibt es keine Verschnaufpause (da der durchschnittliche Prozentsatz auf diesen 11 km 13% betr\u00e4gt, sollten Sie nicht mit Stellen unter 8 oder 9% rechnen). Sie m\u00fcssen sich also mit Entschlossenheit wappnen.<br>Am Ortsausgang von Fenils wird eine H\u00f6he von 1276 m erreicht. An dieser Stelle weicht die asphaltierte Stra\u00dfe einem unbefestigten, aber fahrradtauglichen Weg. Auf diesem Weg wird man steinigere Passagen vorfinden, die die Haftung des Hinterrads bedrohen werden. Es ist daher vorteilhaft und sicher, diese schwierigen Passagen zu Fu\u00df zu \u00fcberqueren.<br>Nach 2,5 km durchquert man den Weiler Pra Claud auf 1589 m H\u00f6he. Am Eingang des Weilers befindet sich ein gro\u00dfes Schild, das darauf hinweist, dass der Weg f\u00fcr alle Fahrzeuge gesperrt ist.<\/p>\n\n\n<div class=\"wp-block-image\">\n<figure class=\"aligncenter size-full\"><img loading=\"lazy\" decoding=\"async\" width=\"800\" height=\"600\" src=\"https:\/\/centcols.org\/wp-content\/uploads\/2026\/02\/upscaled-modified-1.jpg\" alt=\"\" class=\"wp-image-93966\" style=\"object-fit:cover\" srcset=\"https:\/\/centcols.org\/wp-content\/uploads\/2026\/02\/upscaled-modified-1.jpg 800w, https:\/\/centcols.org\/wp-content\/uploads\/2026\/02\/upscaled-modified-1-768x576.jpg 768w, https:\/\/centcols.org\/wp-content\/uploads\/2026\/02\/upscaled-modified-1-16x12.jpg 16w\" sizes=\"auto, (max-width: 800px) 100vw, 800px\" \/><figcaption class=\"wp-element-caption\">Pra Claud.<\/figcaption><\/figure>\n<\/div>\n\n\n<p>Danach kommen wir zu einem ersten gro\u00dfen Stapel von Serpentinen, die noch in der Vegetation liegen. Am Rand des Weges finden wir regelm\u00e4\u00dfig Holzb\u00e4nke, auf denen wir uns ausruhen k\u00f6nnen! Dies f\u00fchrt uns in Richtung 2000 m und zur \u00dcberquerung eines Gebirgsbachs. Die Steigung l\u00e4sst nicht nach und bringt uns schnell auf die H\u00f6he von 2099 m, wo sich eine neue Reihe von Serpentinen auftut. Auf der linken Seite beginnt eine weitere Piste, die an der Bergflanke verl\u00e4uft und die Cresta Nera und den Colletto di Cresta Nera erreicht (<a href=\"\/de\/util\/geo\/visu.php\/?code=IT-TO-2201\">IT-TO-2201<\/a>).<\/p>\n\n\n<div class=\"wp-block-image\">\n<figure class=\"aligncenter size-full\"><img loading=\"lazy\" decoding=\"async\" width=\"800\" height=\"600\" src=\"https:\/\/centcols.org\/wp-content\/uploads\/2026\/02\/upscaled-modified-2-1.jpg\" alt=\"\" class=\"wp-image-94271\" srcset=\"https:\/\/centcols.org\/wp-content\/uploads\/2026\/02\/upscaled-modified-2-1.jpg 800w, https:\/\/centcols.org\/wp-content\/uploads\/2026\/02\/upscaled-modified-2-1-768x576.jpg 768w, https:\/\/centcols.org\/wp-content\/uploads\/2026\/02\/upscaled-modified-2-1-16x12.jpg 16w\" sizes=\"auto, (max-width: 800px) 100vw, 800px\" \/><figcaption class=\"wp-element-caption\">H\u00f6he 2000 m, der Berg an der Nordseite.<\/figcaption><\/figure>\n<\/div>\n\n<div class=\"wp-block-image\">\n<figure class=\"aligncenter size-full\"><img loading=\"lazy\" decoding=\"async\" width=\"800\" height=\"600\" src=\"https:\/\/centcols.org\/wp-content\/uploads\/2026\/02\/upscaled-modified-3.jpg\" alt=\"\" class=\"wp-image-94272\" srcset=\"https:\/\/centcols.org\/wp-content\/uploads\/2026\/02\/upscaled-modified-3.jpg 800w, https:\/\/centcols.org\/wp-content\/uploads\/2026\/02\/upscaled-modified-3-768x576.jpg 768w, https:\/\/centcols.org\/wp-content\/uploads\/2026\/02\/upscaled-modified-3-16x12.jpg 16w\" sizes=\"auto, (max-width: 800px) 100vw, 800px\" \/><figcaption class=\"wp-element-caption\">H\u00f6he 2070 m.<\/figcaption><\/figure>\n<\/div>\n\n\n<p>Ab hier wird die Welt v\u00f6llig mineralisch. Das Gef\u00e4lle und die Steine auf dem Weg verhindern ein leichtes Vorankommen. Wir ziehen uns allm\u00e4hlich hoch, die Anstrengung ist anhaltend, bis wir den Eingang zum Tal des Passes erreichen. Die Einm\u00fcndung in das Tal bietet uns eine beeindruckende Aussicht inmitten von Ger\u00f6ll und Felsmassen. Man kann auch sehen, dass die Piste durch einige St\u00fctzmauern oder -plattformen saniert wird. Der Hang wird etwas flacher, aber die Steine auf der Piste nehmen zu und machen das Vorankommen schwierig.<\/p>\n\n\n\n<p>Der letzte Kilometer unterhalb des Passes. Es f\u00e4llt uns schwer, den tats\u00e4chlichen Verlauf der Piste zu finden, da sie an dieser Stelle so zerkl\u00fcftet ist. Das Gehen wird zur Pflicht. Auf den letzten Metern ist die Piste verschwunden und hat einem Pfad Platz gemacht. Oben auf dem Pass empf\u00e4ngt Sie ein starker Wind. Ein Schild weist uns die Richtung zum Gipfel. Man hat bereits einen sch\u00f6nen Blick auf Oisans, mit dem ziemlich schwindelerregenden Abstieg des Pfades auf der franz\u00f6sischen Seite im Vordergrund.<\/p>\n\n\n<div class=\"wp-block-image\">\n<figure class=\"aligncenter size-full\"><img loading=\"lazy\" decoding=\"async\" width=\"800\" height=\"600\" src=\"https:\/\/centcols.org\/wp-content\/uploads\/2026\/02\/upscaled-modified-5.jpg\" alt=\"\" class=\"wp-image-94275\" srcset=\"https:\/\/centcols.org\/wp-content\/uploads\/2026\/02\/upscaled-modified-5.jpg 800w, https:\/\/centcols.org\/wp-content\/uploads\/2026\/02\/upscaled-modified-5-768x576.jpg 768w, https:\/\/centcols.org\/wp-content\/uploads\/2026\/02\/upscaled-modified-5-16x12.jpg 16w\" sizes=\"auto, (max-width: 800px) 100vw, 800px\" \/><figcaption class=\"wp-element-caption\">Blick vom Pass auf die Ostseite.<\/figcaption><\/figure>\n<\/div>\n\n<div class=\"wp-block-image\">\n<figure class=\"aligncenter size-full\"><img loading=\"lazy\" decoding=\"async\" width=\"800\" height=\"600\" src=\"https:\/\/centcols.org\/wp-content\/uploads\/2026\/02\/upscaled-modified-7.jpg\" alt=\"\" class=\"wp-image-94276\" srcset=\"https:\/\/centcols.org\/wp-content\/uploads\/2026\/02\/upscaled-modified-7.jpg 800w, https:\/\/centcols.org\/wp-content\/uploads\/2026\/02\/upscaled-modified-7-768x576.jpg 768w, https:\/\/centcols.org\/wp-content\/uploads\/2026\/02\/upscaled-modified-7-16x12.jpg 16w\" sizes=\"auto, (max-width: 800px) 100vw, 800px\" \/><figcaption class=\"wp-element-caption\">Auf dem Pass haben Sie einen Blick auf das Susa-Tal.<\/figcaption><\/figure>\n<\/div>\n\n<div class=\"wp-block-image\">\n<figure class=\"aligncenter size-full\"><img loading=\"lazy\" decoding=\"async\" width=\"800\" height=\"600\" src=\"https:\/\/centcols.org\/wp-content\/uploads\/2026\/02\/upscaled-modified-6.jpg\" alt=\"\" class=\"wp-image-94277\" srcset=\"https:\/\/centcols.org\/wp-content\/uploads\/2026\/02\/upscaled-modified-6.jpg 800w, https:\/\/centcols.org\/wp-content\/uploads\/2026\/02\/upscaled-modified-6-768x576.jpg 768w, https:\/\/centcols.org\/wp-content\/uploads\/2026\/02\/upscaled-modified-6-16x12.jpg 16w\" sizes=\"auto, (max-width: 800px) 100vw, 800px\" \/><figcaption class=\"wp-element-caption\">Blick vom Pass auf die Westseite. Oisans und der Col de la Lauze.<\/figcaption><\/figure>\n<\/div>\n\n\n<p>Nur Mut, nur noch 450 H\u00f6henmeter auf 3 Kilometern, d. h. ein guter 15%-Durchschnitt zum Abschluss. Es sieht aus wie eine riesige, kahle, schiefe Ebene, die man (sehr) teilweise mit dem Mountainbike erklimmen kann, indem man den gut markierten Zickzacklinien des Weges folgt. Wir bewegen uns durch eine komplett mineralische Landschaft. Auf dem Boden finden wir \u00dcberbleibsel aus den Bereichen der Forts, n\u00e4mlich Metallpf\u00e4hle und Stacheldraht. Ein riesiges Drahtseil, das \u00fcber Hunderte von Metern auf dem Boden liegt, hinterl\u00e4sst uns vielleicht ein Zeugnis der Seilbahn? Atemberaubend: Die Aussicht nat\u00fcrlich, der Osten, aber auch der Wind darf nicht vergessen werden. Sp\u00e4ter wird es unm\u00f6glich sein, mit dem Fahrrad abzusteigen, weil man Angst hat, mit einer Seite gegen die Wand oder mit der anderen Seite den Hang hinuntergeschleudert zu werden.<\/p>\n\n\n<div class=\"wp-block-image\">\n<figure class=\"aligncenter size-full\"><img loading=\"lazy\" decoding=\"async\" width=\"800\" height=\"600\" src=\"https:\/\/centcols.org\/wp-content\/uploads\/2026\/02\/upscaled-modified-9.jpg\" alt=\"\" class=\"wp-image-94279\" srcset=\"https:\/\/centcols.org\/wp-content\/uploads\/2026\/02\/upscaled-modified-9.jpg 800w, https:\/\/centcols.org\/wp-content\/uploads\/2026\/02\/upscaled-modified-9-768x576.jpg 768w, https:\/\/centcols.org\/wp-content\/uploads\/2026\/02\/upscaled-modified-9-16x12.jpg 16w\" sizes=\"auto, (max-width: 800px) 100vw, 800px\" \/><figcaption class=\"wp-element-caption\">Vom Aufstieg zum Berg, dem Col du Chaberton.<\/figcaption><\/figure>\n<\/div>\n\n<div class=\"wp-block-image\">\n<figure class=\"aligncenter size-full\"><img loading=\"lazy\" decoding=\"async\" width=\"800\" height=\"600\" src=\"https:\/\/centcols.org\/wp-content\/uploads\/2026\/02\/upscaled-modified-14.jpg\" alt=\"\" class=\"wp-image-94280\" srcset=\"https:\/\/centcols.org\/wp-content\/uploads\/2026\/02\/upscaled-modified-14.jpg 800w, https:\/\/centcols.org\/wp-content\/uploads\/2026\/02\/upscaled-modified-14-768x576.jpg 768w, https:\/\/centcols.org\/wp-content\/uploads\/2026\/02\/upscaled-modified-14-16x12.jpg 16w\" sizes=\"auto, (max-width: 800px) 100vw, 800px\" \/><figcaption class=\"wp-element-caption\">H\u00f6he 3000 m, die letzten Rampen.<\/figcaption><\/figure>\n<\/div>\n\n\n<p>Nach vierzig Minuten kommt man fast \u00fcberrascht auf dem Endglacis heraus und fragt sich, ob der Aufstieg schon zu Ende ist. Die Plattform, die \u00fcberraschend flach, horizontal und ohne einen einzigen Grashalm ist, hat nur eine Seitenl\u00e4nge von einigen Dutzend Metern. Um sie herum befinden sich mehr als 1500 Meter Leere, was sehr beeindruckend ist. Gut verdeckt durch das Glacis auf der franz\u00f6sischen Seite, entdeckt man die acht gemauerten T\u00fcrme, die als Lafetten f\u00fcr die Kanonen dienten.<\/p>\n\n\n\n<p>Sie scheinen fast unversehrt zu sein. Das Fort selbst zeigt gew\u00f6lbte Galerien in gutem Zustand und \u00dcberreste des letzten Schnees. Eine Gruppe von Italienern picknickt im Schutzraum. Die Unterk\u00fcnfte und Lebensr\u00e4ume liegen deutlich tiefer, auf einer gut versteckten Plattform im Nordosten.<br>Da das Wetter bedrohlich ist, bleibt keine Zeit zum Verweilen. Ein Gewitter an diesen kahlen H\u00e4ngen muss eine ziemlich unangenehme Pr\u00fcfung sein.<\/p>\n\n\n<div class=\"wp-block-image\">\n<figure class=\"aligncenter size-full\"><img loading=\"lazy\" decoding=\"async\" width=\"800\" height=\"600\" src=\"https:\/\/centcols.org\/wp-content\/uploads\/2026\/02\/upscaled-modified-11.jpg\" alt=\"\" class=\"wp-image-94281\" srcset=\"https:\/\/centcols.org\/wp-content\/uploads\/2026\/02\/upscaled-modified-11.jpg 800w, https:\/\/centcols.org\/wp-content\/uploads\/2026\/02\/upscaled-modified-11-768x576.jpg 768w, https:\/\/centcols.org\/wp-content\/uploads\/2026\/02\/upscaled-modified-11-16x12.jpg 16w\" sizes=\"auto, (max-width: 800px) 100vw, 800px\" \/><figcaption class=\"wp-element-caption\">Die T\u00fcrmchen und das Glacis.<\/figcaption><\/figure>\n<\/div>\n\n<div class=\"wp-block-image\">\n<figure class=\"aligncenter size-full\"><img loading=\"lazy\" decoding=\"async\" width=\"800\" height=\"600\" src=\"https:\/\/centcols.org\/wp-content\/uploads\/2026\/02\/upscaled-modified-12.jpg\" alt=\"\" class=\"wp-image-94282\" srcset=\"https:\/\/centcols.org\/wp-content\/uploads\/2026\/02\/upscaled-modified-12.jpg 800w, https:\/\/centcols.org\/wp-content\/uploads\/2026\/02\/upscaled-modified-12-768x576.jpg 768w, https:\/\/centcols.org\/wp-content\/uploads\/2026\/02\/upscaled-modified-12-16x12.jpg 16w\" sizes=\"auto, (max-width: 800px) 100vw, 800px\" \/><figcaption class=\"wp-element-caption\">Der Berg Frait\u00e8ve und die Bergk\u00e4mme von Sestriere.<\/figcaption><\/figure>\n<\/div>\n\n<div class=\"wp-block-image\">\n<figure class=\"aligncenter size-full\"><img loading=\"lazy\" decoding=\"async\" width=\"800\" height=\"600\" src=\"https:\/\/centcols.org\/wp-content\/uploads\/2026\/02\/upscaled-modified-13.jpg\" alt=\"\" class=\"wp-image-94283\" srcset=\"https:\/\/centcols.org\/wp-content\/uploads\/2026\/02\/upscaled-modified-13.jpg 800w, https:\/\/centcols.org\/wp-content\/uploads\/2026\/02\/upscaled-modified-13-768x576.jpg 768w, https:\/\/centcols.org\/wp-content\/uploads\/2026\/02\/upscaled-modified-13-16x12.jpg 16w\" sizes=\"auto, (max-width: 800px) 100vw, 800px\" \/><figcaption class=\"wp-element-caption\">Das Innere des Forts.<\/figcaption><\/figure>\n<\/div>\n\n\n<h2 class=\"wp-block-heading\">Der Abstieg<\/h2>\n\n\n\n<p>Vorsicht und Gehen sind auf den ersten Kilometern des Abstiegs geboten, auch wenn ein guter Mountainbiker und bei gutem Wetter keine Schwierigkeiten haben sollte. Der leichte Regen, der jetzt waagerecht f\u00e4llt, f\u00e4rbt die Kieselsteine in h\u00fcbsche helle und dunkle T\u00f6ne. Die st\u00e4ndigen Windspr\u00fcnge halten uns davon ab, uns auf das Fahrrad schwingen zu wollen.<\/p>\n\n\n<div class=\"wp-block-image\">\n<figure class=\"aligncenter size-full\"><img loading=\"lazy\" decoding=\"async\" width=\"800\" height=\"600\" src=\"https:\/\/centcols.org\/wp-content\/uploads\/2026\/02\/upscaled-modified-10.jpg\" alt=\"\" class=\"wp-image-94284\" srcset=\"https:\/\/centcols.org\/wp-content\/uploads\/2026\/02\/upscaled-modified-10.jpg 800w, https:\/\/centcols.org\/wp-content\/uploads\/2026\/02\/upscaled-modified-10-768x576.jpg 768w, https:\/\/centcols.org\/wp-content\/uploads\/2026\/02\/upscaled-modified-10-16x12.jpg 16w\" sizes=\"auto, (max-width: 800px) 100vw, 800px\" \/><figcaption class=\"wp-element-caption\">Der Pass vom Gipfel aus gesehen. Links der Col des Trois Fr\u00e8res Mineurs (Pass der drei Minderbr\u00fcder).<\/figcaption><\/figure>\n<\/div>\n\n<div class=\"wp-block-image\">\n<figure class=\"aligncenter size-full\"><img loading=\"lazy\" decoding=\"async\" width=\"448\" height=\"600\" src=\"https:\/\/centcols.org\/wp-content\/uploads\/2026\/02\/upscaled-modified-8.jpg\" alt=\"\" class=\"wp-image-94285\" srcset=\"https:\/\/centcols.org\/wp-content\/uploads\/2026\/02\/upscaled-modified-8.jpg 448w, https:\/\/centcols.org\/wp-content\/uploads\/2026\/02\/upscaled-modified-8-9x12.jpg 9w\" sizes=\"auto, (max-width: 448px) 100vw, 448px\" \/><figcaption class=\"wp-element-caption\">Im Pass.<\/figcaption><\/figure>\n<\/div>\n\n\n<p>Erleichterung, als wir den Pass erreichen, und Eintauchen auf der gut gesch\u00fctzten italienischen Seite. Wir treffen auf einige Mountainbiker, die ebenfalls aufsteigen. Insgesamt z\u00e4hle ich an diesem Augusttag 18 Mountainbiker. Als ich sie beobachte, denke ich, dass nicht alle von ihnen f\u00fcr den Gipfel ger\u00fcstet sind. Es gibt Deutsche, Schweizer und Italiener, aber keine Franzosen an diesem Tag. Aber was f\u00fcr ein Erfolg dieser Mont Chaberton trotzdem ist!<br>Wir haben keine Probleme, die H\u00f6he 2099 zu finden. An diesem Punkt nehmen wir den Waldweg, der \u00fcber W\u00e4lder und Wiesen nach S\u00fcden f\u00fchrt. Das Ziel ist es, den Colletto di Cresta Nera (<a href=\"\/de\/util\/geo\/visu.php\/?code=IT-TO-2201\">IT-TO-2201<\/a>), indem wir 1,5 km lang einer einfachen S3 folgen. Es kommt jedoch zu einem f\u00fcr diese Gegend des italienischen Piemonts typischen Zwischenfall, denn wir werden alarmiert und schnell neugierig durch ein Bellen, das immer lauter wird, je mehr Hunde sich uns n\u00e4hern. Wir sehen zwei gro\u00dfe Patous vor uns auftauchen, die aus ihrem tiefer gelegenen H\u00fctebereich kommen. Auf der gesamten Strecke wurden wir durch Schilder auf die Anwesenheit dieser Wachhunde aufmerksam gemacht. Angesichts dieser Herdenschutzhunde d\u00fcrfen wir keine Fehler machen, sie nicht provozieren und keine Tapferkeit zeigen. Ich entschied mich daf\u00fcr, mich ganz klein zu machen und mich hinter meinem Fahrrad zu sch\u00fctzen. Die Patous kommen n\u00e4her und beschnuppern mich. Um eine Vorstellung von ihrer Gr\u00f6\u00dfe zu vermitteln, sehe ich, dass ihr Kopf bis zur Sattelst\u00fctze reicht. Nachdem sie mich einige Sekunden lang beschn\u00fcffelt haben, beschlie\u00dfen die Hunde, mich zur\u00fcckzulassen, da sie wahrscheinlich der Meinung sind, dass ich keine echte Bedrohung f\u00fcr ihre Herde darstelle. Zum Gl\u00fcck wussten sie nichts von meiner Vorliebe f\u00fcr Lammkeule. Bevor sie sich entfernten, pinkelte einer der Hunde noch an mein Hinterrad. Puh! Sie haben sich entfernt und ich kann meine Fahrt fortsetzen. Sie sind nett und sch\u00f6n, diese Tiere, aber \u00abnicht fein\u00bb, wie die Einheimischen sagen. Man muss also vor allem vorsichtig sein.<\/p>\n\n\n<div class=\"wp-block-image\">\n<figure class=\"aligncenter size-full\"><img loading=\"lazy\" decoding=\"async\" width=\"800\" height=\"600\" src=\"https:\/\/centcols.org\/wp-content\/uploads\/2026\/02\/upscaled-modified-15.jpg\" alt=\"\" class=\"wp-image-94286\" srcset=\"https:\/\/centcols.org\/wp-content\/uploads\/2026\/02\/upscaled-modified-15.jpg 800w, https:\/\/centcols.org\/wp-content\/uploads\/2026\/02\/upscaled-modified-15-768x576.jpg 768w, https:\/\/centcols.org\/wp-content\/uploads\/2026\/02\/upscaled-modified-15-16x12.jpg 16w\" sizes=\"auto, (max-width: 800px) 100vw, 800px\" \/><figcaption class=\"wp-element-caption\">Der Besuch der Patous.<\/figcaption><\/figure>\n<\/div>\n\n<div class=\"wp-block-image\">\n<figure class=\"aligncenter size-full\"><img loading=\"lazy\" decoding=\"async\" width=\"800\" height=\"600\" src=\"https:\/\/centcols.org\/wp-content\/uploads\/2026\/02\/upscaled-modified-16.jpg\" alt=\"\" class=\"wp-image-94287\" srcset=\"https:\/\/centcols.org\/wp-content\/uploads\/2026\/02\/upscaled-modified-16.jpg 800w, https:\/\/centcols.org\/wp-content\/uploads\/2026\/02\/upscaled-modified-16-768x576.jpg 768w, https:\/\/centcols.org\/wp-content\/uploads\/2026\/02\/upscaled-modified-16-16x12.jpg 16w\" sizes=\"auto, (max-width: 800px) 100vw, 800px\" \/><figcaption class=\"wp-element-caption\">Zum Colletto di Cresta Nera.<\/figcaption><\/figure>\n<\/div>\n\n\n<p>Der R\u00fcckweg vom Colletto di Cresta Nera verl\u00e4uft ohne Zwischenf\u00e4lle, und das trotz einiger bellender Hunde in der Ferne. Die Bremsen werden auf dieser Abfahrt stark beansprucht. Zur\u00fcck auf der Stra\u00dfe nach Cesana finde ich zum Abschluss noch einen kleinen Anstieg. Eine sch\u00f6ne Erfahrung f\u00fcr alle, die die Berge und ihre grandiose Einsamkeit lieben.<\/p>\n\n\n<div class=\"wp-block-image\">\n<figure class=\"aligncenter size-full\"><img loading=\"lazy\" decoding=\"async\" width=\"800\" height=\"600\" src=\"https:\/\/centcols.org\/wp-content\/uploads\/2026\/02\/upscaled-modified-18.jpg\" alt=\"\" class=\"wp-image-94288\" srcset=\"https:\/\/centcols.org\/wp-content\/uploads\/2026\/02\/upscaled-modified-18.jpg 800w, https:\/\/centcols.org\/wp-content\/uploads\/2026\/02\/upscaled-modified-18-768x576.jpg 768w, https:\/\/centcols.org\/wp-content\/uploads\/2026\/02\/upscaled-modified-18-16x12.jpg 16w\" sizes=\"auto, (max-width: 800px) 100vw, 800px\" \/><figcaption class=\"wp-element-caption\">Die Ostwand des Monte Chaberton, vom Colletto di Cresta Nera aus gesehen.<\/figcaption><\/figure>\n<\/div>\n\n<div class=\"wp-block-image\">\n<figure class=\"aligncenter size-full\"><img loading=\"lazy\" decoding=\"async\" width=\"800\" height=\"600\" src=\"https:\/\/centcols.org\/wp-content\/uploads\/2026\/02\/upscaled-modified-17.jpg\" alt=\"\" class=\"wp-image-94289\" srcset=\"https:\/\/centcols.org\/wp-content\/uploads\/2026\/02\/upscaled-modified-17.jpg 800w, https:\/\/centcols.org\/wp-content\/uploads\/2026\/02\/upscaled-modified-17-768x576.jpg 768w, https:\/\/centcols.org\/wp-content\/uploads\/2026\/02\/upscaled-modified-17-16x12.jpg 16w\" sizes=\"auto, (max-width: 800px) 100vw, 800px\" \/><figcaption class=\"wp-element-caption\">Das Stapeln der Schn\u00fcrsenkel zwischen 2000 und 2200 m.<\/figcaption><\/figure>\n<\/div>\n\n\n<p>Es war der 7. August 2008 f\u00fcr meine P\u00e4sse mit den Nummern 2972 und 2973 und f\u00fcr mich bedeutete es meine Olympischen Spiele.<\/p>","protected":false},"excerpt":{"rendered":"<p>Texte et cr\u00e9dits photos Philippe Girardin Le mont Chaberton, qui culmine \u00e0 3131&nbsp;m, est un v\u00e9ritable \u00ab\u00a0must\u00a0\u00bb accessible \u00e0 VTT. Le mont Chaberton ainsi que le col du Chaberton (FR-05-2674) sont raisonnablement accessibles \u00e0 VTT en d\u00e9pit des 1900\u00a0m de d\u00e9nivel\u00e9 qui en d\u00e9fendent l\u2019acc\u00e8s du c\u00f4t\u00e9 italien. La piste a \u00e9t\u00e9 refaite avec soin [&hellip;]<\/p>\n","protected":false},"author":485,"featured_media":94294,"comment_status":"closed","ping_status":"closed","sticky":false,"template":"","format":"standard","meta":{"_acf_changed":false,"footnotes":""},"categories":[308],"tags":[],"class_list":["post-93373","post","type-post","status-publish","format-standard","has-post-thumbnail","hentry","category-cols-en-vrac"],"acf":[],"yoast_head":"<!-- This site is optimized with the Yoast SEO plugin v27.2 - https:\/\/yoast.com\/product\/yoast-seo-wordpress\/ -->\n<title>Le mont Chaberton - Club des Cent Cols<\/title>\n<meta name=\"robots\" content=\"index, follow, max-snippet:-1, max-image-preview:large, max-video-preview:-1\" \/>\n<link rel=\"canonical\" href=\"https:\/\/centcols.org\/de\/der-berg-chaberton\/\" \/>\n<meta property=\"og:locale\" content=\"de_DE\" \/>\n<meta property=\"og:type\" content=\"article\" \/>\n<meta property=\"og:title\" content=\"Le mont Chaberton - Club des Cent Cols\" \/>\n<meta property=\"og:description\" content=\"Texte et cr\u00e9dits photos Philippe Girardin Le mont Chaberton, qui culmine \u00e0 3131&nbsp;m, est un v\u00e9ritable \u00ab\u00a0must\u00a0\u00bb accessible \u00e0 VTT. Le mont Chaberton ainsi que le col du Chaberton (FR-05-2674) sont raisonnablement accessibles \u00e0 VTT en d\u00e9pit des 1900\u00a0m de d\u00e9nivel\u00e9 qui en d\u00e9fendent l\u2019acc\u00e8s du c\u00f4t\u00e9 italien. La piste a \u00e9t\u00e9 refaite avec soin [&hellip;]\" \/>\n<meta property=\"og:url\" content=\"https:\/\/centcols.org\/de\/der-berg-chaberton\/\" \/>\n<meta property=\"og:site_name\" content=\"Club des Cent Cols\" \/>\n<meta property=\"article:publisher\" content=\"https:\/\/www.facebook.com\/groups\/5261880558\/?locale=fr_FR\" \/>\n<meta property=\"article:published_time\" content=\"2026-03-21T07:08:19+00:00\" \/>\n<meta property=\"article:modified_time\" content=\"2026-03-21T07:08:24+00:00\" \/>\n<meta property=\"og:image\" content=\"https:\/\/centcols.org\/wp-content\/uploads\/2026\/02\/8908-3.jpg\" \/>\n\t<meta property=\"og:image:width\" content=\"800\" \/>\n\t<meta property=\"og:image:height\" content=\"600\" \/>\n\t<meta property=\"og:image:type\" content=\"image\/jpeg\" \/>\n<meta name=\"author\" content=\"Jean-No\u00ebl Jagoda\" \/>\n<meta name=\"twitter:card\" content=\"summary_large_image\" \/>\n<meta name=\"twitter:label1\" content=\"Verfasst von\" \/>\n\t<meta name=\"twitter:data1\" content=\"Jean-No\u00ebl Jagoda\" \/>\n\t<meta name=\"twitter:label2\" content=\"Gesch\u00e4tzte Lesezeit\" \/>\n\t<meta name=\"twitter:data2\" content=\"14\u00a0Minuten\" \/>\n<script type=\"application\/ld+json\" class=\"yoast-schema-graph\">{\"@context\":\"https:\/\/schema.org\",\"@graph\":[{\"@type\":\"Article\",\"@id\":\"https:\/\/centcols.org\/de\/le-mont-chaberton\/#article\",\"isPartOf\":{\"@id\":\"https:\/\/centcols.org\/de\/le-mont-chaberton\/\"},\"author\":{\"name\":\"Jean-No\u00ebl Jagoda\",\"@id\":\"https:\/\/centcols.org\/#\/schema\/person\/30f4299f11521fed498f98ecf9d71664\"},\"headline\":\"Le mont Chaberton\",\"datePublished\":\"2026-03-21T07:08:19+00:00\",\"dateModified\":\"2026-03-21T07:08:24+00:00\",\"mainEntityOfPage\":{\"@id\":\"https:\/\/centcols.org\/de\/le-mont-chaberton\/\"},\"wordCount\":2308,\"publisher\":{\"@id\":\"https:\/\/centcols.org\/#organization\"},\"image\":{\"@id\":\"https:\/\/centcols.org\/de\/le-mont-chaberton\/#primaryimage\"},\"thumbnailUrl\":\"https:\/\/centcols.org\/wp-content\/uploads\/2026\/02\/8908-3.jpg\",\"articleSection\":[\"Cols en vrac\"],\"inLanguage\":\"de\"},{\"@type\":\"WebPage\",\"@id\":\"https:\/\/centcols.org\/de\/le-mont-chaberton\/\",\"url\":\"https:\/\/centcols.org\/de\/le-mont-chaberton\/\",\"name\":\"Le mont Chaberton - Club des Cent Cols\",\"isPartOf\":{\"@id\":\"https:\/\/centcols.org\/#website\"},\"primaryImageOfPage\":{\"@id\":\"https:\/\/centcols.org\/de\/le-mont-chaberton\/#primaryimage\"},\"image\":{\"@id\":\"https:\/\/centcols.org\/de\/le-mont-chaberton\/#primaryimage\"},\"thumbnailUrl\":\"https:\/\/centcols.org\/wp-content\/uploads\/2026\/02\/8908-3.jpg\",\"datePublished\":\"2026-03-21T07:08:19+00:00\",\"dateModified\":\"2026-03-21T07:08:24+00:00\",\"breadcrumb\":{\"@id\":\"https:\/\/centcols.org\/de\/le-mont-chaberton\/#breadcrumb\"},\"inLanguage\":\"de\",\"potentialAction\":[{\"@type\":\"ReadAction\",\"target\":[\"https:\/\/centcols.org\/de\/le-mont-chaberton\/\"]}]},{\"@type\":\"ImageObject\",\"inLanguage\":\"de\",\"@id\":\"https:\/\/centcols.org\/de\/le-mont-chaberton\/#primaryimage\",\"url\":\"https:\/\/centcols.org\/wp-content\/uploads\/2026\/02\/8908-3.jpg\",\"contentUrl\":\"https:\/\/centcols.org\/wp-content\/uploads\/2026\/02\/8908-3.jpg\",\"width\":800,\"height\":600},{\"@type\":\"BreadcrumbList\",\"@id\":\"https:\/\/centcols.org\/de\/le-mont-chaberton\/#breadcrumb\",\"itemListElement\":[{\"@type\":\"ListItem\",\"position\":1,\"name\":\"Accueil\",\"item\":\"https:\/\/centcols.org\/\"},{\"@type\":\"ListItem\",\"position\":2,\"name\":\"Cols en vrac\",\"item\":\"https:\/\/centcols.org\/rubrique\/cols-en-vrac\/\"},{\"@type\":\"ListItem\",\"position\":3,\"name\":\"Le mont Chaberton\"}]},{\"@type\":\"WebSite\",\"@id\":\"https:\/\/centcols.org\/#website\",\"url\":\"https:\/\/centcols.org\/\",\"name\":\"Club des Cent Cols\",\"description\":\"\",\"publisher\":{\"@id\":\"https:\/\/centcols.org\/#organization\"},\"potentialAction\":[{\"@type\":\"SearchAction\",\"target\":{\"@type\":\"EntryPoint\",\"urlTemplate\":\"https:\/\/centcols.org\/?s={search_term_string}\"},\"query-input\":{\"@type\":\"PropertyValueSpecification\",\"valueRequired\":true,\"valueName\":\"search_term_string\"}}],\"inLanguage\":\"de\"},{\"@type\":\"Organization\",\"@id\":\"https:\/\/centcols.org\/#organization\",\"name\":\"Club des Cent Cols\",\"url\":\"https:\/\/centcols.org\/\",\"logo\":{\"@type\":\"ImageObject\",\"inLanguage\":\"de\",\"@id\":\"https:\/\/centcols.org\/#\/schema\/logo\/image\/\",\"url\":\"https:\/\/centcols.org\/wp-content\/uploads\/2025\/01\/carte-icone.png\",\"contentUrl\":\"https:\/\/centcols.org\/wp-content\/uploads\/2025\/01\/carte-icone.png\",\"width\":250,\"height\":250,\"caption\":\"Club des Cent Cols\"},\"image\":{\"@id\":\"https:\/\/centcols.org\/#\/schema\/logo\/image\/\"},\"sameAs\":[\"https:\/\/www.facebook.com\/groups\/5261880558\/?locale=fr_FR\"]},{\"@type\":\"Person\",\"@id\":\"https:\/\/centcols.org\/#\/schema\/person\/30f4299f11521fed498f98ecf9d71664\",\"name\":\"Jean-No\u00ebl Jagoda\",\"image\":{\"@type\":\"ImageObject\",\"inLanguage\":\"de\",\"@id\":\"https:\/\/centcols.org\/wp-content\/litespeed\/avatar\/4a9472068cd97156227754c35cd56ded.jpg?ver=1777248804\",\"url\":\"https:\/\/centcols.org\/wp-content\/litespeed\/avatar\/4a9472068cd97156227754c35cd56ded.jpg?ver=1777248804\",\"contentUrl\":\"https:\/\/centcols.org\/wp-content\/litespeed\/avatar\/4a9472068cd97156227754c35cd56ded.jpg?ver=1777248804\",\"caption\":\"Jean-No\u00ebl Jagoda\"},\"url\":\"https:\/\/centcols.org\/de\/author\/7270\/\"}]}<\/script>\n<!-- \/ Yoast SEO plugin. -->","yoast_head_json":{"title":"Der Berg Chaberton - Club des Cent Cols","robots":{"index":"index","follow":"follow","max-snippet":"max-snippet:-1","max-image-preview":"max-image-preview:large","max-video-preview":"max-video-preview:-1"},"canonical":"https:\/\/centcols.org\/de\/der-berg-chaberton\/","og_locale":"de_DE","og_type":"article","og_title":"Le mont Chaberton - Club des Cent Cols","og_description":"Texte et cr\u00e9dits photos Philippe Girardin Le mont Chaberton, qui culmine \u00e0 3131&nbsp;m, est un v\u00e9ritable \u00ab\u00a0must\u00a0\u00bb accessible \u00e0 VTT. Le mont Chaberton ainsi que le col du Chaberton (FR-05-2674) sont raisonnablement accessibles \u00e0 VTT en d\u00e9pit des 1900\u00a0m de d\u00e9nivel\u00e9 qui en d\u00e9fendent l\u2019acc\u00e8s du c\u00f4t\u00e9 italien. La piste a \u00e9t\u00e9 refaite avec soin [&hellip;]","og_url":"https:\/\/centcols.org\/de\/der-berg-chaberton\/","og_site_name":"Club des Cent Cols","article_publisher":"https:\/\/www.facebook.com\/groups\/5261880558\/?locale=fr_FR","article_published_time":"2026-03-21T07:08:19+00:00","article_modified_time":"2026-03-21T07:08:24+00:00","og_image":[{"width":800,"height":600,"url":"https:\/\/centcols.org\/wp-content\/uploads\/2026\/02\/8908-3.jpg","type":"image\/jpeg"}],"author":"Jean-No\u00ebl Jagoda","twitter_card":"summary_large_image","twitter_misc":{"Verfasst von":"Jean-No\u00ebl Jagoda","Gesch\u00e4tzte Lesezeit":"14\u00a0Minuten"},"schema":{"@context":"https:\/\/schema.org","@graph":[{"@type":"Article","@id":"https:\/\/centcols.org\/de\/le-mont-chaberton\/#article","isPartOf":{"@id":"https:\/\/centcols.org\/de\/le-mont-chaberton\/"},"author":{"name":"Jean-No\u00ebl Jagoda","@id":"https:\/\/centcols.org\/#\/schema\/person\/30f4299f11521fed498f98ecf9d71664"},"headline":"Le mont Chaberton","datePublished":"2026-03-21T07:08:19+00:00","dateModified":"2026-03-21T07:08:24+00:00","mainEntityOfPage":{"@id":"https:\/\/centcols.org\/de\/le-mont-chaberton\/"},"wordCount":2308,"publisher":{"@id":"https:\/\/centcols.org\/#organization"},"image":{"@id":"https:\/\/centcols.org\/de\/le-mont-chaberton\/#primaryimage"},"thumbnailUrl":"https:\/\/centcols.org\/wp-content\/uploads\/2026\/02\/8908-3.jpg","articleSection":["Cols en vrac"],"inLanguage":"de"},{"@type":"WebPage","@id":"https:\/\/centcols.org\/de\/le-mont-chaberton\/","url":"https:\/\/centcols.org\/de\/le-mont-chaberton\/","name":"Der Berg Chaberton - Club des Cent Cols","isPartOf":{"@id":"https:\/\/centcols.org\/#website"},"primaryImageOfPage":{"@id":"https:\/\/centcols.org\/de\/le-mont-chaberton\/#primaryimage"},"image":{"@id":"https:\/\/centcols.org\/de\/le-mont-chaberton\/#primaryimage"},"thumbnailUrl":"https:\/\/centcols.org\/wp-content\/uploads\/2026\/02\/8908-3.jpg","datePublished":"2026-03-21T07:08:19+00:00","dateModified":"2026-03-21T07:08:24+00:00","breadcrumb":{"@id":"https:\/\/centcols.org\/de\/le-mont-chaberton\/#breadcrumb"},"inLanguage":"de","potentialAction":[{"@type":"ReadAction","target":["https:\/\/centcols.org\/de\/le-mont-chaberton\/"]}]},{"@type":"ImageObject","inLanguage":"de","@id":"https:\/\/centcols.org\/de\/le-mont-chaberton\/#primaryimage","url":"https:\/\/centcols.org\/wp-content\/uploads\/2026\/02\/8908-3.jpg","contentUrl":"https:\/\/centcols.org\/wp-content\/uploads\/2026\/02\/8908-3.jpg","width":800,"height":600},{"@type":"BreadcrumbList","@id":"https:\/\/centcols.org\/de\/le-mont-chaberton\/#breadcrumb","itemListElement":[{"@type":"ListItem","position":1,"name":"Accueil","item":"https:\/\/centcols.org\/"},{"@type":"ListItem","position":2,"name":"Cols en vrac","item":"https:\/\/centcols.org\/rubrique\/cols-en-vrac\/"},{"@type":"ListItem","position":3,"name":"Le mont Chaberton"}]},{"@type":"WebSite","@id":"https:\/\/centcols.org\/#website","url":"https:\/\/centcols.org\/","name":"Club des Cent Cols","description":"","publisher":{"@id":"https:\/\/centcols.org\/#organization"},"potentialAction":[{"@type":"SearchAction","target":{"@type":"EntryPoint","urlTemplate":"https:\/\/centcols.org\/?s={search_term_string}"},"query-input":{"@type":"PropertyValueSpecification","valueRequired":true,"valueName":"search_term_string"}}],"inLanguage":"de"},{"@type":"Organization","@id":"https:\/\/centcols.org\/#organization","name":"Club des Cent Cols","url":"https:\/\/centcols.org\/","logo":{"@type":"ImageObject","inLanguage":"de","@id":"https:\/\/centcols.org\/#\/schema\/logo\/image\/","url":"https:\/\/centcols.org\/wp-content\/uploads\/2025\/01\/carte-icone.png","contentUrl":"https:\/\/centcols.org\/wp-content\/uploads\/2025\/01\/carte-icone.png","width":250,"height":250,"caption":"Club des Cent Cols"},"image":{"@id":"https:\/\/centcols.org\/#\/schema\/logo\/image\/"},"sameAs":["https:\/\/www.facebook.com\/groups\/5261880558\/?locale=fr_FR"]},{"@type":"Person","@id":"https:\/\/centcols.org\/#\/schema\/person\/30f4299f11521fed498f98ecf9d71664","name":"Jean-No\u00ebl Jagoda","image":{"@type":"ImageObject","inLanguage":"de","@id":"https:\/\/centcols.org\/wp-content\/litespeed\/avatar\/4a9472068cd97156227754c35cd56ded.jpg?ver=1777248804","url":"https:\/\/centcols.org\/wp-content\/litespeed\/avatar\/4a9472068cd97156227754c35cd56ded.jpg?ver=1777248804","contentUrl":"https:\/\/centcols.org\/wp-content\/litespeed\/avatar\/4a9472068cd97156227754c35cd56ded.jpg?ver=1777248804","caption":"Jean-No\u00ebl Jagoda"},"url":"https:\/\/centcols.org\/de\/author\/7270\/"}]}},"_links":{"self":[{"href":"https:\/\/centcols.org\/de\/wp-json\/wp\/v2\/posts\/93373","targetHints":{"allow":["GET"]}}],"collection":[{"href":"https:\/\/centcols.org\/de\/wp-json\/wp\/v2\/posts"}],"about":[{"href":"https:\/\/centcols.org\/de\/wp-json\/wp\/v2\/types\/post"}],"author":[{"embeddable":true,"href":"https:\/\/centcols.org\/de\/wp-json\/wp\/v2\/users\/485"}],"replies":[{"embeddable":true,"href":"https:\/\/centcols.org\/de\/wp-json\/wp\/v2\/comments?post=93373"}],"version-history":[{"count":0,"href":"https:\/\/centcols.org\/de\/wp-json\/wp\/v2\/posts\/93373\/revisions"}],"wp:featuredmedia":[{"embeddable":true,"href":"https:\/\/centcols.org\/de\/wp-json\/wp\/v2\/media\/94294"}],"wp:attachment":[{"href":"https:\/\/centcols.org\/de\/wp-json\/wp\/v2\/media?parent=93373"}],"wp:term":[{"taxonomy":"category","embeddable":true,"href":"https:\/\/centcols.org\/de\/wp-json\/wp\/v2\/categories?post=93373"},{"taxonomy":"post_tag","embeddable":true,"href":"https:\/\/centcols.org\/de\/wp-json\/wp\/v2\/tags?post=93373"}],"curies":[{"name":"wp","href":"https:\/\/api.w.org\/{rel}","templated":true}]}}