{"id":93469,"date":"2026-03-14T14:14:14","date_gmt":"2026-03-14T12:14:14","guid":{"rendered":"https:\/\/centcols.org\/?p=93469"},"modified":"2026-04-03T10:44:16","modified_gmt":"2026-04-03T08:44:16","slug":"der-col-des-rochilles","status":"publish","type":"post","link":"https:\/\/centcols.org\/de\/le-col-des-rochilles\/","title":{"rendered":"\"Col des Rochilles\""},"content":{"rendered":"<p><\/p>\n\n\n\n<p>Der Col des Rochilles, verl\u00e4ngert durch die Schwelle des Rochilles, ist ein sehr alter Alpen\u00fcbergang, der das Maurienne-Tal und das Clar\u00e9e-Tal mit Brian\u00e7on verbindet. Dieser \u00dcbergang ist leichter als der Col du Galibier, da er 150 m tiefer liegt. Da die asphaltierte Stra\u00dfe jedoch die Oberhand gewann, blieb der Col des Rochilles die Dom\u00e4ne des Milit\u00e4rs und wird heute von Wanderern genutzt. Das Gebiet der Rochilles eignet sich gut f\u00fcr eine Entdeckung der Berge abseits des Asphalts: ein Radweg mit 95%, eine grandiose Landschaft ohne jegliche touristische Erschlie\u00dfung, wundersch\u00f6ne smaragdgr\u00fcne Bergseen und.... f\u00fcnf P\u00e4sse auf \u00fcber 2000 m H\u00f6he: ein unumg\u00e4nglicher Pass, um in die Bruderschaft aufgenommen zu werden.<\/p>\n\n\n\n<p>Von Valloire aus f\u00e4hrt man auf der D902 in Richtung Galibier. In Plan Lachat biegen Sie links auf einen breiten Weg (R1) ab. Dieser Weg f\u00fchrt durch das Tal, in dem die Valloirette flie\u00dft, bis zu einer Sch\u00e4ferei: \u00abLes Mottets\u00bb. Nun beginnt eine Reihe von gut ausgebauten Serpentinen, die es Ihnen erm\u00f6glichen, in der Ferne den Galibier und die wundersch\u00f6nen Nadeln der Arve zu sehen. Auf einer flachen Piste \u00f6ffnet sich der Col de la PLATE an einem kleinen Geb\u00e4ude, das urspr\u00fcnglich aus dem Milit\u00e4r stammt. Man entdeckt ein gro\u00dfes Tal, das in seiner Mitte von mehr oder weniger verlassenen Baracken besetzt ist, es handelt sich um das Lager Rochilles. Es bleibt nichts anderes \u00fcbrig, als den letzten Angriff auf einer Piste zu starten, auf der man schieben muss, um den Col des ROCHILLES zu erreichen. Der Ort ist wundersch\u00f6n. Auf der anderen Seite glitzern zwei h\u00fcbsche Seen, die von zerkl\u00fcfteten Gipfeln \u00fcberragt werden, w\u00e4hrend sich in der Ferne das Tal der Clar\u00e9e \u00f6ffnet. Auf der Passh\u00f6he kann man rechts einen S2-Pfad (seltene S1-Passagen) nehmen, der zum Col des CERCES f\u00fchrt. Der R\u00fcckweg nach Les Mottets ist m\u00f6glich, indem man diesen Pass \u00fcberquert und dann am Lac des Cerces entlang geht. Ansonsten, zur\u00fcck auf dem Col des Rochilles, taucht man \u00fcber die Piste R1 zum Nordufer des Lac du Grand Ban ab. Dort f\u00fchrt ein Pfad S2 ohne Probleme zum Col de la PLAGNETTE. Zur\u00fcck zum Ufer des Sees. Die Piste R1 f\u00fchrt am Lac Rond entlang, an dessen Ende sich die SEUIL des ROCHILLES (alte Grenzsteine) befindet. Jenseits davon gibt es nur noch einen Pfad S2-3, kurze Abschnitte S4, bis zur H\u00fctte von Dray\u00e8res im Clar\u00e9e-Tal. Der Aufstieg auf diesem Osthang ist also viel schwieriger, es ist besser, wenn Sie ihn absteigen m\u00fcssen! Hinter der H\u00fctte trifft die Piste R1 auf die asphaltierte Stra\u00dfe, die \u00fcber N\u00e9vache nach Brian\u00e7on f\u00fchrt. Auf dem Weg dorthin k\u00f6nnen Sie eines der letzten wilden T\u00e4ler der Alpen bewundern: das erhabene Clar\u00e9e-Tal.<\/p>\n\n\n\n<p>Ren\u00e9 Poty<\/p>\n\n\n\n<p>73-2496 col des Rochilles 54 3435-E 277-095<\/p>\n\n\n<div class=\"wp-block-image\">\n<figure class=\"alignleft size-full\"><img loading=\"lazy\" decoding=\"async\" width=\"717\" height=\"434\" src=\"https:\/\/centcols.org\/wp-content\/uploads\/2026\/02\/col_des_rochilles_carte.jpg\" alt=\"\" class=\"wp-image-93470\" srcset=\"https:\/\/centcols.org\/wp-content\/uploads\/2026\/02\/col_des_rochilles_carte.jpg 717w, https:\/\/centcols.org\/wp-content\/uploads\/2026\/02\/col_des_rochilles_carte-18x12.jpg 18w\" sizes=\"auto, (max-width: 717px) 100vw, 717px\" \/><\/figure>\n<\/div>\n\n<div class=\"wp-block-image\">\n<figure class=\"alignright size-full\"><img loading=\"lazy\" decoding=\"async\" width=\"706\" height=\"545\" src=\"https:\/\/centcols.org\/wp-content\/uploads\/2026\/02\/col_des_rochilles_profil.gif\" alt=\"\" class=\"wp-image-94443\"\/><\/figure>\n<\/div>\n\n<div class=\"wp-block-image\">\n<figure class=\"aligncenter size-full\"><img loading=\"lazy\" decoding=\"async\" width=\"356\" height=\"550\" src=\"https:\/\/centcols.org\/wp-content\/uploads\/2026\/03\/col_des_rochilles_1-ArriveePiste-Col-de-la-Pare2412m.jpg\" alt=\"\" class=\"wp-image-94444\" srcset=\"https:\/\/centcols.org\/wp-content\/uploads\/2026\/03\/col_des_rochilles_1-ArriveePiste-Col-de-la-Pare2412m.jpg 356w, https:\/\/centcols.org\/wp-content\/uploads\/2026\/03\/col_des_rochilles_1-ArriveePiste-Col-de-la-Pare2412m-8x12.jpg 8w\" sizes=\"auto, (max-width: 356px) 100vw, 356px\" \/><figcaption class=\"wp-element-caption\">Ankunft der Rochilles-Piste am Col de la Pare (2412m) unterhalb des Pic de l'Aigle<\/figcaption><\/figure>\n<\/div>\n\n\n<p><\/p>\n\n\n\n<p><\/p>\n\n\n\n<figure class=\"wp-block-gallery has-nested-images columns-default is-cropped wp-block-gallery-1 is-layout-flex wp-block-gallery-is-layout-flex\">\n<figure class=\"wp-block-image size-large is-style-default\"><img loading=\"lazy\" decoding=\"async\" width=\"360\" height=\"550\" data-id=\"94448\" src=\"https:\/\/centcols.org\/wp-content\/uploads\/2026\/03\/col_des_rochilles_3-Vue-du-lac-Grand-Ban-1.jpg\" alt=\"\" class=\"wp-image-94448\" srcset=\"https:\/\/centcols.org\/wp-content\/uploads\/2026\/03\/col_des_rochilles_3-Vue-du-lac-Grand-Ban-1.jpg 360w, https:\/\/centcols.org\/wp-content\/uploads\/2026\/03\/col_des_rochilles_3-Vue-du-lac-Grand-Ban-1-8x12.jpg 8w\" sizes=\"auto, (max-width: 360px) 100vw, 360px\" \/><figcaption class=\"wp-element-caption\">Col des Rochilles und seine Zufahrtspiste - Blick auf den Lac du Grand Ban - Osthang<\/figcaption><\/figure>\n\n\n\n<figure class=\"wp-block-image size-large is-style-default\"><img loading=\"lazy\" decoding=\"async\" width=\"550\" height=\"360\" data-id=\"94449\" src=\"https:\/\/centcols.org\/wp-content\/uploads\/2026\/03\/col_des_rochilles_4-Col-des-Cerces2574m-VueLacGrandBan.jpg\" alt=\"\" class=\"wp-image-94449\" srcset=\"https:\/\/centcols.org\/wp-content\/uploads\/2026\/03\/col_des_rochilles_4-Col-des-Cerces2574m-VueLacGrandBan.jpg 550w, https:\/\/centcols.org\/wp-content\/uploads\/2026\/03\/col_des_rochilles_4-Col-des-Cerces2574m-VueLacGrandBan-18x12.jpg 18w\" sizes=\"auto, (max-width: 550px) 100vw, 550px\" \/><figcaption class=\"wp-element-caption\">Col des Cerces (2574m) - Blick auf den Lac du Grand Ban<\/figcaption><\/figure>\n\n\n\n<figure class=\"wp-block-image size-large\"><img loading=\"lazy\" decoding=\"async\" width=\"550\" height=\"368\" data-id=\"94450\" src=\"https:\/\/centcols.org\/wp-content\/uploads\/2026\/03\/col_des_rochilles_5-Col-de-la-Plagnette-VueSentierColDesCerces.jpg\" alt=\"\" class=\"wp-image-94450\" srcset=\"https:\/\/centcols.org\/wp-content\/uploads\/2026\/03\/col_des_rochilles_5-Col-de-la-Plagnette-VueSentierColDesCerces.jpg 550w, https:\/\/centcols.org\/wp-content\/uploads\/2026\/03\/col_des_rochilles_5-Col-de-la-Plagnette-VueSentierColDesCerces-18x12.jpg 18w\" sizes=\"auto, (max-width: 550px) 100vw, 550px\" \/><figcaption class=\"wp-element-caption\">Col de la Plagnette (2510m) - Blick auf den Pfad des Col des Cerces - Im Hintergrund: Pfad des Col de la Plagnette<\/figcaption><\/figure>\n\n\n\n<figure class=\"wp-block-image size-large\"><img loading=\"lazy\" decoding=\"async\" width=\"550\" height=\"364\" data-id=\"94451\" src=\"https:\/\/centcols.org\/wp-content\/uploads\/2026\/03\/col_des_rochilles_6-Seuil-des-Rochilles-LacRond.jpg\" alt=\"\" class=\"wp-image-94451\" srcset=\"https:\/\/centcols.org\/wp-content\/uploads\/2026\/03\/col_des_rochilles_6-Seuil-des-Rochilles-LacRond.jpg 550w, https:\/\/centcols.org\/wp-content\/uploads\/2026\/03\/col_des_rochilles_6-Seuil-des-Rochilles-LacRond-18x12.jpg 18w\" sizes=\"auto, (max-width: 550px) 100vw, 550px\" \/><figcaption class=\"wp-element-caption\">Seuil des Rochilles (2459m) - Blick auf den Lac Rond (Ostende)<\/figcaption><\/figure>\n\n\n\n<figure class=\"wp-block-image size-large\"><img loading=\"lazy\" decoding=\"async\" width=\"590\" height=\"332\" data-id=\"94452\" src=\"https:\/\/centcols.org\/wp-content\/uploads\/2026\/03\/col_des_rochilles_7-BorneFrontiere92.jpg\" alt=\"\" class=\"wp-image-94452\" srcset=\"https:\/\/centcols.org\/wp-content\/uploads\/2026\/03\/col_des_rochilles_7-BorneFrontiere92.jpg 590w, https:\/\/centcols.org\/wp-content\/uploads\/2026\/03\/col_des_rochilles_7-BorneFrontiere92-18x10.jpg 18w\" sizes=\"auto, (max-width: 590px) 100vw, 590px\" \/><figcaption class=\"wp-element-caption\">Grenzstein 92 (Seuil des Rochilles): ehemalige Grenze zwischen dem K\u00f6nigreich Piemont (Kreuz) und dem K\u00f6nigreich Frankreich (Fleur de Lys)<\/figcaption><\/figure>\n<\/figure>\n\n\n\n<p><\/p>","protected":false},"excerpt":{"rendered":"<p>Le col des Rochilles, prolong\u00e9 par le seuil des Rochilles, est un tr\u00e8s ancien passage alpin reliant la vall\u00e9e de la Maurienne et la vall\u00e9e de la Clar\u00e9e vers Brian\u00e7on. Un passage tout compte fait plus ais\u00e9 que le col du Galibier puisque situ\u00e9 \u00e0 une altitude inf\u00e9rieure de 150 m. Mais la route goudronn\u00e9e [&hellip;]<\/p>\n","protected":false},"author":1993,"featured_media":94445,"comment_status":"closed","ping_status":"closed","sticky":false,"template":"","format":"standard","meta":{"_acf_changed":false,"footnotes":""},"categories":[308],"tags":[],"class_list":["post-93469","post","type-post","status-publish","format-standard","has-post-thumbnail","hentry","category-cols-en-vrac"],"acf":[],"yoast_head":"<!-- This site is optimized with the Yoast SEO plugin v27.2 - https:\/\/yoast.com\/product\/yoast-seo-wordpress\/ -->\n<title>Le Col des Rochilles - Club des Cent Cols<\/title>\n<meta name=\"robots\" content=\"index, follow, max-snippet:-1, max-image-preview:large, max-video-preview:-1\" \/>\n<link rel=\"canonical\" href=\"https:\/\/centcols.org\/de\/der-col-des-rochilles\/\" \/>\n<meta property=\"og:locale\" content=\"de_DE\" \/>\n<meta property=\"og:type\" content=\"article\" \/>\n<meta property=\"og:title\" content=\"Le Col des Rochilles - Club des Cent Cols\" \/>\n<meta property=\"og:description\" content=\"Le col des Rochilles, prolong\u00e9 par le seuil des Rochilles, est un tr\u00e8s ancien passage alpin reliant la vall\u00e9e de la Maurienne et la vall\u00e9e de la Clar\u00e9e vers Brian\u00e7on. Un passage tout compte fait plus ais\u00e9 que le col du Galibier puisque situ\u00e9 \u00e0 une altitude inf\u00e9rieure de 150 m. Mais la route goudronn\u00e9e [&hellip;]\" \/>\n<meta property=\"og:url\" content=\"https:\/\/centcols.org\/de\/der-col-des-rochilles\/\" \/>\n<meta property=\"og:site_name\" content=\"Club des Cent Cols\" \/>\n<meta property=\"article:publisher\" content=\"https:\/\/www.facebook.com\/groups\/5261880558\/?locale=fr_FR\" \/>\n<meta property=\"article:published_time\" content=\"2026-03-14T12:14:14+00:00\" \/>\n<meta property=\"article:modified_time\" content=\"2026-04-03T08:44:16+00:00\" \/>\n<meta property=\"og:image\" content=\"https:\/\/centcols.org\/wp-content\/uploads\/2026\/03\/col_des_rochilles_2-CampDesRochillesvueDuColDesRochilles.jpg\" \/>\n\t<meta property=\"og:image:width\" content=\"546\" \/>\n\t<meta property=\"og:image:height\" content=\"360\" \/>\n\t<meta property=\"og:image:type\" content=\"image\/jpeg\" \/>\n<meta name=\"author\" content=\"Jo\u00eblle Mingat\" \/>\n<meta name=\"twitter:card\" content=\"summary_large_image\" \/>\n<meta name=\"twitter:label1\" content=\"Verfasst von\" \/>\n\t<meta name=\"twitter:data1\" content=\"Jo\u00eblle Mingat\" \/>\n\t<meta name=\"twitter:label2\" content=\"Gesch\u00e4tzte Lesezeit\" \/>\n\t<meta name=\"twitter:data2\" content=\"5\u00a0Minuten\" \/>\n<script type=\"application\/ld+json\" class=\"yoast-schema-graph\">{\"@context\":\"https:\/\/schema.org\",\"@graph\":[{\"@type\":\"Article\",\"@id\":\"https:\/\/centcols.org\/de\/le-col-des-rochilles\/#article\",\"isPartOf\":{\"@id\":\"https:\/\/centcols.org\/de\/le-col-des-rochilles\/\"},\"author\":{\"name\":\"Jo\u00eblle Mingat\",\"@id\":\"https:\/\/centcols.org\/#\/schema\/person\/0afae1c765c3b4675d37457765e3e383\"},\"headline\":\"Le Col des Rochilles\",\"datePublished\":\"2026-03-14T12:14:14+00:00\",\"dateModified\":\"2026-04-03T08:44:16+00:00\",\"mainEntityOfPage\":{\"@id\":\"https:\/\/centcols.org\/de\/le-col-des-rochilles\/\"},\"wordCount\":606,\"publisher\":{\"@id\":\"https:\/\/centcols.org\/#organization\"},\"image\":{\"@id\":\"https:\/\/centcols.org\/de\/le-col-des-rochilles\/#primaryimage\"},\"thumbnailUrl\":\"https:\/\/centcols.org\/wp-content\/uploads\/2026\/03\/col_des_rochilles_2-CampDesRochillesvueDuColDesRochilles.jpg\",\"articleSection\":[\"Cols en vrac\"],\"inLanguage\":\"de\"},{\"@type\":\"WebPage\",\"@id\":\"https:\/\/centcols.org\/de\/le-col-des-rochilles\/\",\"url\":\"https:\/\/centcols.org\/de\/le-col-des-rochilles\/\",\"name\":\"Le Col des Rochilles - Club des Cent Cols\",\"isPartOf\":{\"@id\":\"https:\/\/centcols.org\/#website\"},\"primaryImageOfPage\":{\"@id\":\"https:\/\/centcols.org\/de\/le-col-des-rochilles\/#primaryimage\"},\"image\":{\"@id\":\"https:\/\/centcols.org\/de\/le-col-des-rochilles\/#primaryimage\"},\"thumbnailUrl\":\"https:\/\/centcols.org\/wp-content\/uploads\/2026\/03\/col_des_rochilles_2-CampDesRochillesvueDuColDesRochilles.jpg\",\"datePublished\":\"2026-03-14T12:14:14+00:00\",\"dateModified\":\"2026-04-03T08:44:16+00:00\",\"breadcrumb\":{\"@id\":\"https:\/\/centcols.org\/de\/le-col-des-rochilles\/#breadcrumb\"},\"inLanguage\":\"de\",\"potentialAction\":[{\"@type\":\"ReadAction\",\"target\":[\"https:\/\/centcols.org\/de\/le-col-des-rochilles\/\"]}]},{\"@type\":\"ImageObject\",\"inLanguage\":\"de\",\"@id\":\"https:\/\/centcols.org\/de\/le-col-des-rochilles\/#primaryimage\",\"url\":\"https:\/\/centcols.org\/wp-content\/uploads\/2026\/03\/col_des_rochilles_2-CampDesRochillesvueDuColDesRochilles.jpg\",\"contentUrl\":\"https:\/\/centcols.org\/wp-content\/uploads\/2026\/03\/col_des_rochilles_2-CampDesRochillesvueDuColDesRochilles.jpg\",\"width\":546,\"height\":360,\"caption\":\"Camp des Rochilles (Vue du Col des Rochilles)\"},{\"@type\":\"BreadcrumbList\",\"@id\":\"https:\/\/centcols.org\/de\/le-col-des-rochilles\/#breadcrumb\",\"itemListElement\":[{\"@type\":\"ListItem\",\"position\":1,\"name\":\"Accueil\",\"item\":\"https:\/\/centcols.org\/\"},{\"@type\":\"ListItem\",\"position\":2,\"name\":\"Cols en vrac\",\"item\":\"https:\/\/centcols.org\/rubrique\/cols-en-vrac\/\"},{\"@type\":\"ListItem\",\"position\":3,\"name\":\"Le Col des Rochilles\"}]},{\"@type\":\"WebSite\",\"@id\":\"https:\/\/centcols.org\/#website\",\"url\":\"https:\/\/centcols.org\/\",\"name\":\"Club des Cent Cols\",\"description\":\"\",\"publisher\":{\"@id\":\"https:\/\/centcols.org\/#organization\"},\"potentialAction\":[{\"@type\":\"SearchAction\",\"target\":{\"@type\":\"EntryPoint\",\"urlTemplate\":\"https:\/\/centcols.org\/?s={search_term_string}\"},\"query-input\":{\"@type\":\"PropertyValueSpecification\",\"valueRequired\":true,\"valueName\":\"search_term_string\"}}],\"inLanguage\":\"de\"},{\"@type\":\"Organization\",\"@id\":\"https:\/\/centcols.org\/#organization\",\"name\":\"Club des Cent Cols\",\"url\":\"https:\/\/centcols.org\/\",\"logo\":{\"@type\":\"ImageObject\",\"inLanguage\":\"de\",\"@id\":\"https:\/\/centcols.org\/#\/schema\/logo\/image\/\",\"url\":\"https:\/\/centcols.org\/wp-content\/uploads\/2025\/01\/carte-icone.png\",\"contentUrl\":\"https:\/\/centcols.org\/wp-content\/uploads\/2025\/01\/carte-icone.png\",\"width\":250,\"height\":250,\"caption\":\"Club des Cent Cols\"},\"image\":{\"@id\":\"https:\/\/centcols.org\/#\/schema\/logo\/image\/\"},\"sameAs\":[\"https:\/\/www.facebook.com\/groups\/5261880558\/?locale=fr_FR\"]},{\"@type\":\"Person\",\"@id\":\"https:\/\/centcols.org\/#\/schema\/person\/0afae1c765c3b4675d37457765e3e383\",\"name\":\"Jo\u00eblle Mingat\",\"image\":{\"@type\":\"ImageObject\",\"inLanguage\":\"de\",\"@id\":\"https:\/\/centcols.org\/wp-content\/litespeed\/avatar\/8ace1c0eaf9dcc23c49d76c12a17902f.jpg?ver=1777261681\",\"url\":\"https:\/\/centcols.org\/wp-content\/litespeed\/avatar\/8ace1c0eaf9dcc23c49d76c12a17902f.jpg?ver=1777261681\",\"contentUrl\":\"https:\/\/centcols.org\/wp-content\/litespeed\/avatar\/8ace1c0eaf9dcc23c49d76c12a17902f.jpg?ver=1777261681\",\"caption\":\"Jo\u00eblle Mingat\"},\"url\":\"https:\/\/centcols.org\/de\/author\/5345\/\"}]}<\/script>\n<!-- \/ Yoast SEO plugin. -->","yoast_head_json":{"title":"Der Col des Rochilles - Club des Cent Cols","robots":{"index":"index","follow":"follow","max-snippet":"max-snippet:-1","max-image-preview":"max-image-preview:large","max-video-preview":"max-video-preview:-1"},"canonical":"https:\/\/centcols.org\/de\/der-col-des-rochilles\/","og_locale":"de_DE","og_type":"article","og_title":"Le Col des Rochilles - Club des Cent Cols","og_description":"Le col des Rochilles, prolong\u00e9 par le seuil des Rochilles, est un tr\u00e8s ancien passage alpin reliant la vall\u00e9e de la Maurienne et la vall\u00e9e de la Clar\u00e9e vers Brian\u00e7on. Un passage tout compte fait plus ais\u00e9 que le col du Galibier puisque situ\u00e9 \u00e0 une altitude inf\u00e9rieure de 150 m. Mais la route goudronn\u00e9e [&hellip;]","og_url":"https:\/\/centcols.org\/de\/der-col-des-rochilles\/","og_site_name":"Club des Cent Cols","article_publisher":"https:\/\/www.facebook.com\/groups\/5261880558\/?locale=fr_FR","article_published_time":"2026-03-14T12:14:14+00:00","article_modified_time":"2026-04-03T08:44:16+00:00","og_image":[{"width":546,"height":360,"url":"https:\/\/centcols.org\/wp-content\/uploads\/2026\/03\/col_des_rochilles_2-CampDesRochillesvueDuColDesRochilles.jpg","type":"image\/jpeg"}],"author":"Jo\u00eblle Mingat","twitter_card":"summary_large_image","twitter_misc":{"Verfasst von":"Jo\u00eblle Mingat","Gesch\u00e4tzte Lesezeit":"5\u00a0Minuten"},"schema":{"@context":"https:\/\/schema.org","@graph":[{"@type":"Article","@id":"https:\/\/centcols.org\/de\/le-col-des-rochilles\/#article","isPartOf":{"@id":"https:\/\/centcols.org\/de\/le-col-des-rochilles\/"},"author":{"name":"Jo\u00eblle Mingat","@id":"https:\/\/centcols.org\/#\/schema\/person\/0afae1c765c3b4675d37457765e3e383"},"headline":"Le Col des Rochilles","datePublished":"2026-03-14T12:14:14+00:00","dateModified":"2026-04-03T08:44:16+00:00","mainEntityOfPage":{"@id":"https:\/\/centcols.org\/de\/le-col-des-rochilles\/"},"wordCount":606,"publisher":{"@id":"https:\/\/centcols.org\/#organization"},"image":{"@id":"https:\/\/centcols.org\/de\/le-col-des-rochilles\/#primaryimage"},"thumbnailUrl":"https:\/\/centcols.org\/wp-content\/uploads\/2026\/03\/col_des_rochilles_2-CampDesRochillesvueDuColDesRochilles.jpg","articleSection":["Cols en vrac"],"inLanguage":"de"},{"@type":"WebPage","@id":"https:\/\/centcols.org\/de\/le-col-des-rochilles\/","url":"https:\/\/centcols.org\/de\/le-col-des-rochilles\/","name":"Der Col des Rochilles - Club des Cent Cols","isPartOf":{"@id":"https:\/\/centcols.org\/#website"},"primaryImageOfPage":{"@id":"https:\/\/centcols.org\/de\/le-col-des-rochilles\/#primaryimage"},"image":{"@id":"https:\/\/centcols.org\/de\/le-col-des-rochilles\/#primaryimage"},"thumbnailUrl":"https:\/\/centcols.org\/wp-content\/uploads\/2026\/03\/col_des_rochilles_2-CampDesRochillesvueDuColDesRochilles.jpg","datePublished":"2026-03-14T12:14:14+00:00","dateModified":"2026-04-03T08:44:16+00:00","breadcrumb":{"@id":"https:\/\/centcols.org\/de\/le-col-des-rochilles\/#breadcrumb"},"inLanguage":"de","potentialAction":[{"@type":"ReadAction","target":["https:\/\/centcols.org\/de\/le-col-des-rochilles\/"]}]},{"@type":"ImageObject","inLanguage":"de","@id":"https:\/\/centcols.org\/de\/le-col-des-rochilles\/#primaryimage","url":"https:\/\/centcols.org\/wp-content\/uploads\/2026\/03\/col_des_rochilles_2-CampDesRochillesvueDuColDesRochilles.jpg","contentUrl":"https:\/\/centcols.org\/wp-content\/uploads\/2026\/03\/col_des_rochilles_2-CampDesRochillesvueDuColDesRochilles.jpg","width":546,"height":360,"caption":"Camp des Rochilles (Vue du Col des Rochilles)"},{"@type":"BreadcrumbList","@id":"https:\/\/centcols.org\/de\/le-col-des-rochilles\/#breadcrumb","itemListElement":[{"@type":"ListItem","position":1,"name":"Accueil","item":"https:\/\/centcols.org\/"},{"@type":"ListItem","position":2,"name":"Cols en vrac","item":"https:\/\/centcols.org\/rubrique\/cols-en-vrac\/"},{"@type":"ListItem","position":3,"name":"Le Col des Rochilles"}]},{"@type":"WebSite","@id":"https:\/\/centcols.org\/#website","url":"https:\/\/centcols.org\/","name":"Club des Cent Cols","description":"","publisher":{"@id":"https:\/\/centcols.org\/#organization"},"potentialAction":[{"@type":"SearchAction","target":{"@type":"EntryPoint","urlTemplate":"https:\/\/centcols.org\/?s={search_term_string}"},"query-input":{"@type":"PropertyValueSpecification","valueRequired":true,"valueName":"search_term_string"}}],"inLanguage":"de"},{"@type":"Organization","@id":"https:\/\/centcols.org\/#organization","name":"Club des Cent Cols","url":"https:\/\/centcols.org\/","logo":{"@type":"ImageObject","inLanguage":"de","@id":"https:\/\/centcols.org\/#\/schema\/logo\/image\/","url":"https:\/\/centcols.org\/wp-content\/uploads\/2025\/01\/carte-icone.png","contentUrl":"https:\/\/centcols.org\/wp-content\/uploads\/2025\/01\/carte-icone.png","width":250,"height":250,"caption":"Club des Cent Cols"},"image":{"@id":"https:\/\/centcols.org\/#\/schema\/logo\/image\/"},"sameAs":["https:\/\/www.facebook.com\/groups\/5261880558\/?locale=fr_FR"]},{"@type":"Person","@id":"https:\/\/centcols.org\/#\/schema\/person\/0afae1c765c3b4675d37457765e3e383","name":"Jo\u00eblle Mingat","image":{"@type":"ImageObject","inLanguage":"de","@id":"https:\/\/centcols.org\/wp-content\/litespeed\/avatar\/8ace1c0eaf9dcc23c49d76c12a17902f.jpg?ver=1777261681","url":"https:\/\/centcols.org\/wp-content\/litespeed\/avatar\/8ace1c0eaf9dcc23c49d76c12a17902f.jpg?ver=1777261681","contentUrl":"https:\/\/centcols.org\/wp-content\/litespeed\/avatar\/8ace1c0eaf9dcc23c49d76c12a17902f.jpg?ver=1777261681","caption":"Jo\u00eblle Mingat"},"url":"https:\/\/centcols.org\/de\/author\/5345\/"}]}},"_links":{"self":[{"href":"https:\/\/centcols.org\/de\/wp-json\/wp\/v2\/posts\/93469","targetHints":{"allow":["GET"]}}],"collection":[{"href":"https:\/\/centcols.org\/de\/wp-json\/wp\/v2\/posts"}],"about":[{"href":"https:\/\/centcols.org\/de\/wp-json\/wp\/v2\/types\/post"}],"author":[{"embeddable":true,"href":"https:\/\/centcols.org\/de\/wp-json\/wp\/v2\/users\/1993"}],"replies":[{"embeddable":true,"href":"https:\/\/centcols.org\/de\/wp-json\/wp\/v2\/comments?post=93469"}],"version-history":[{"count":0,"href":"https:\/\/centcols.org\/de\/wp-json\/wp\/v2\/posts\/93469\/revisions"}],"wp:featuredmedia":[{"embeddable":true,"href":"https:\/\/centcols.org\/de\/wp-json\/wp\/v2\/media\/94445"}],"wp:attachment":[{"href":"https:\/\/centcols.org\/de\/wp-json\/wp\/v2\/media?parent=93469"}],"wp:term":[{"taxonomy":"category","embeddable":true,"href":"https:\/\/centcols.org\/de\/wp-json\/wp\/v2\/categories?post=93469"},{"taxonomy":"post_tag","embeddable":true,"href":"https:\/\/centcols.org\/de\/wp-json\/wp\/v2\/tags?post=93469"}],"curies":[{"name":"wp","href":"https:\/\/api.w.org\/{rel}","templated":true}]}}