{"id":95257,"date":"2026-04-18T06:26:58","date_gmt":"2026-04-18T04:26:58","guid":{"rendered":"https:\/\/centcols.org\/?p=95257"},"modified":"2026-04-18T06:56:09","modified_gmt":"2026-04-18T04:56:09","slug":"pressespiegel-radio-videos-archiv","status":"publish","type":"post","link":"https:\/\/centcols.org\/de\/revue-de-presse-radio-videos-archives\/","title":{"rendered":"Presse-, Radio- &amp; Videospiegel - Archiv"},"content":{"rendered":"<p>Hier finden Sie alle Presseartikel, Radiosendungen und Videos, die zwischen 1990 und 2022 \u00fcber den Club des Cent Cols berichtet wurden.<\/p>\n\n\n\n<details class=\"wp-block-details has-medium-font-size is-layout-flow wp-block-details-is-layout-flow\"><summary>Vor 2010<\/summary>\n<div style=\"height:20px\" aria-hidden=\"true\" class=\"wp-block-spacer\"><\/div>\n\n\n\n<div class=\"wp-block-query is-layout-flow wp-block-query-is-layout-flow\"><ul class=\"wp-block-post-template is-layout-flow wp-block-post-template-is-layout-flow\"><li class=\"wp-block-post post-79304 post type-post status-publish format-standard has-post-thumbnail hentry category-articles-de-presse-et-videos category-476\">\n\n<div style=\"height:15px\" aria-hidden=\"true\" class=\"wp-block-spacer\"><\/div>\n\n\n<h5 class=\"wp-block-post-title\"><a href=\"https:\/\/centcols.org\/de\/le-cycle-juin-1990\/\" target=\"_self\" >Der Zyklus Juni 1990<\/a><\/h5>\n<\/li><li class=\"wp-block-post post-95273 post type-post status-publish format-standard hentry category-476\">\n\n<div style=\"height:15px\" aria-hidden=\"true\" class=\"wp-block-spacer\"><\/div>\n\n\n<h5 class=\"wp-block-post-title\"><a href=\"https:\/\/centcols.org\/de\/disparition-de-louis-nucera-2\/\" target=\"_self\" >13\/08\/00: Louis Nucera verschwindet. Michel de Br\u00e9bisson wollte den Artikel aus Le Monde abdrucken lassen, der von einem von Louis' Freunden geschrieben wurde<\/a><\/h5>\n<\/li><li class=\"wp-block-post post-95275 post type-post status-publish format-standard hentry category-476\">\n\n<div style=\"height:15px\" aria-hidden=\"true\" class=\"wp-block-spacer\"><\/div>\n\n\n<h5 class=\"wp-block-post-title\"><a href=\"https:\/\/centcols.org\/de\/louis-nucera-article-monde\/\" target=\"_self\" >23\/09\/00: Michel de Br\u00e9bisson \u00fcbermittelt uns einen Artikel, der in Le Monde vom 13\/09\/2000 erschienen ist.<\/a><\/h5>\n<\/li><li class=\"wp-block-post post-95277 post type-post status-publish format-standard has-post-thumbnail hentry category-477\">\n\n<div style=\"height:15px\" aria-hidden=\"true\" class=\"wp-block-spacer\"><\/div>\n\n\n<h5 class=\"wp-block-post-title\"><a href=\"https:\/\/centcols.org\/de\/27-12-02-un-article-consacre-au-professeur-claude-got-n1861-paru-dans-le-panorama-du-medecin-du-10-10-02-2\/\" target=\"_self\" >27\/12\/02: Ein Artikel \u00fcber Professor Claude Got (Nr. 1861), erschienen im \u00abPanorama du m\u00e9decin\u00bb vom 10\/10\/02.<\/a><\/h5>\n<\/li><li class=\"wp-block-post post-95280 post type-post status-publish format-standard hentry category-475\">\n\n<div style=\"height:15px\" aria-hidden=\"true\" class=\"wp-block-spacer\"><\/div>\n\n\n<h5 class=\"wp-block-post-title\"><a href=\"https:\/\/centcols.org\/de\/article-de-presse-cyclotourisme-juin-2004\/\" target=\"_self\" >21\/06\/04: Presseartikel aus Cyclotourisme vom Juni 2004<\/a><\/h5>\n<\/li><li class=\"wp-block-post post-95282 post type-post status-publish format-standard has-post-thumbnail hentry category-475\">\n\n<div style=\"height:15px\" aria-hidden=\"true\" class=\"wp-block-spacer\"><\/div>\n\n\n<h5 class=\"wp-block-post-title\"><a href=\"https:\/\/centcols.org\/de\/sept-cols-en-24-heures\/\" target=\"_self\" >27\/08\/04: Alle sieben P\u00e4sse in 24 Stunden!<\/a><\/h5>\n<\/li><li class=\"wp-block-post post-95285 post type-post status-publish format-standard has-post-thumbnail hentry category-475\">\n\n<div style=\"height:15px\" aria-hidden=\"true\" class=\"wp-block-spacer\"><\/div>\n\n\n<h5 class=\"wp-block-post-title\"><a href=\"https:\/\/centcols.org\/de\/26-10-04-article-de-presse-paru-dans-cyclo-passion-de-juillet-2004-2\/\" target=\"_self\" >26\/10\/04: Presseartikel in Cyclo-passion vom Juli 2004<\/a><\/h5>\n<\/li><li class=\"wp-block-post post-95288 post type-post status-publish format-standard has-post-thumbnail hentry category-479\">\n\n<div style=\"height:15px\" aria-hidden=\"true\" class=\"wp-block-spacer\"><\/div>\n\n\n<h5 class=\"wp-block-post-title\"><a href=\"https:\/\/centcols.org\/de\/article-du-dauphine-libere-avril-2005\/\" target=\"_self\" >16\/05\/05: Artikel in der Dauphin\u00e9 Lib\u00e9r\u00e9 vom 27. April 2005: Passionierte Passj\u00e4ger<\/a><\/h5>\n<\/li><li class=\"wp-block-post post-95291 post type-post status-publish format-standard has-post-thumbnail hentry category-479\">\n\n<div style=\"height:15px\" aria-hidden=\"true\" class=\"wp-block-spacer\"><\/div>\n\n\n<h5 class=\"wp-block-post-title\"><a href=\"https:\/\/centcols.org\/de\/22-05-05-article-de-lhebdo-des-savoies-du-22-avril-2005-le-club-des-cent-cols-2\/\" target=\"_self\" >22\/05\/05: Artikel aus dem Hebdo des Savoies vom 22. April 2005: Der Club des Cent Cols<\/a><\/h5>\n<\/li><li class=\"wp-block-post post-95294 post type-post status-publish format-standard has-post-thumbnail hentry category-479\">\n\n<div style=\"height:15px\" aria-hidden=\"true\" class=\"wp-block-spacer\"><\/div>\n\n\n<h5 class=\"wp-block-post-title\"><a href=\"https:\/\/centcols.org\/de\/rticle-du-dauphine-libere-juin-2005\/\" target=\"_self\" >22\/06\/05: Artikel in der Dauphin\u00e9-Lib\u00e9r\u00e9 vom 18. Juni 2005: Der 1000. Pass von Jean Perdoux<\/a><\/h5>\n<\/li><li class=\"wp-block-post post-95297 post type-post status-publish format-standard has-post-thumbnail hentry category-479\">\n\n<div style=\"height:15px\" aria-hidden=\"true\" class=\"wp-block-spacer\"><\/div>\n\n\n<h5 class=\"wp-block-post-title\"><a href=\"https:\/\/centcols.org\/de\/article-du-midi-libre-juillet-2005\/\" target=\"_self\" >15\/07\/05: Artikel aus Midi-Libre vom 4. Juli 2005<\/a><\/h5>\n<\/li><li class=\"wp-block-post post-95300 post type-post status-publish format-standard hentry category-479\">\n\n<div style=\"height:15px\" aria-hidden=\"true\" class=\"wp-block-spacer\"><\/div>\n\n\n<h5 class=\"wp-block-post-title\"><a href=\"https:\/\/centcols.org\/de\/chronique-de-philippe-reltienr-france-inter\/\" target=\"_self\" >22\/07\/05: Hier finden Sie die Kolumne von Philippe Reltien vom 19. Juli 2005 auf France-Inter<\/a><\/h5>\n<\/li><li class=\"wp-block-post post-95303 post type-post status-publish format-standard has-post-thumbnail hentry category-479\">\n\n<div style=\"height:15px\" aria-hidden=\"true\" class=\"wp-block-spacer\"><\/div>\n\n\n<h5 class=\"wp-block-post-title\"><a href=\"https:\/\/centcols.org\/de\/blif-bulletin-de-la-ligue-ile-de-france\/\" target=\"_self\" >28\/07\/05: Auszug aus dem BLIF (Bulletin der Liga Ile de France)<\/a><\/h5>\n<\/li><li class=\"wp-block-post post-95306 post type-post status-publish format-standard hentry category-479\">\n\n<div style=\"height:15px\" aria-hidden=\"true\" class=\"wp-block-spacer\"><\/div>\n\n\n<h5 class=\"wp-block-post-title\"><a href=\"https:\/\/centcols.org\/de\/extrait-de-lemission-de-radio-de-stephane-conchon\/\" target=\"_self\" >27\/08\/05: Einen Auszug aus St\u00e9phane Conchons Radiosendung \u00abLassen Sie sich transportieren\u00bb anh\u00f6ren\u00bb<\/a><\/h5>\n<\/li><li class=\"wp-block-post post-95309 post type-post status-publish format-standard has-post-thumbnail hentry category-479\">\n\n<div style=\"height:15px\" aria-hidden=\"true\" class=\"wp-block-spacer\"><\/div>\n\n\n<h5 class=\"wp-block-post-title\"><a href=\"https:\/\/centcols.org\/de\/dominique-bonnemain-ardent-defenseur-du-cyclisme\/\" target=\"_self\" >12\/11\/05: Presseartikel in der Zeitschrift \u00abV\u00e9lo Romand\u00bb Herbst 2005: Dominique Bonnemain, gl\u00fchender Verfechter des Radsports<\/a><\/h5>\n<\/li><li class=\"wp-block-post post-95312 post type-post status-publish format-standard has-post-thumbnail hentry category-479\">\n\n<div style=\"height:15px\" aria-hidden=\"true\" class=\"wp-block-spacer\"><\/div>\n\n\n<h5 class=\"wp-block-post-title\"><a href=\"https:\/\/centcols.org\/de\/tijd-du-2-juillet-2005\/\" target=\"_self\" >28\/12\/05: Presseartikel in De TIJD vom 2. Juli 2005<\/a><\/h5>\n<\/li><li class=\"wp-block-post post-95320 post type-post status-publish format-standard has-post-thumbnail hentry category-480\">\n\n<div style=\"height:15px\" aria-hidden=\"true\" class=\"wp-block-spacer\"><\/div>\n\n\n<h5 class=\"wp-block-post-title\"><a href=\"https:\/\/centcols.org\/de\/depeche-du-midi-du-9-janvier-2006\/\" target=\"_self\" >11\/01\/06: Presseartikel in der D\u00e9p\u00eache du Midi vom 9. Januar 2006<\/a><\/h5>\n<\/li><li class=\"wp-block-post post-95323 post type-post status-publish format-standard has-post-thumbnail hentry category-480\">\n\n<div style=\"height:15px\" aria-hidden=\"true\" class=\"wp-block-spacer\"><\/div>\n\n\n<h5 class=\"wp-block-post-title\"><a href=\"https:\/\/centcols.org\/de\/nord-eclair-du-3-novembre-2005\/\" target=\"_self\" >02\/02\/06: Presseartikel in Nord-Eclair vom 3. November 2005<\/a><\/h5>\n<\/li><li class=\"wp-block-post post-95326 post type-post status-publish format-standard has-post-thumbnail hentry category-480\">\n\n<div style=\"height:15px\" aria-hidden=\"true\" class=\"wp-block-spacer\"><\/div>\n\n\n<h5 class=\"wp-block-post-title\"><a href=\"https:\/\/centcols.org\/de\/gazette-des-sports21\/\" target=\"_self\" >11\/02\/06: Presseartikel in der Gazette des Sports N\u00b021<\/a><\/h5>\n<\/li><li class=\"wp-block-post post-95327 post type-post status-publish format-standard has-post-thumbnail hentry category-480\">\n\n<div style=\"height:15px\" aria-hidden=\"true\" class=\"wp-block-spacer\"><\/div>\n\n\n<h5 class=\"wp-block-post-title\"><a href=\"https:\/\/centcols.org\/de\/cycle-mag-fevrier-2006\/\" target=\"_self\" >02\/03\/06: Presseartikel aus dem Cycle-mag vom Februar 2006<\/a><\/h5>\n<\/li><li class=\"wp-block-post post-95328 post type-post status-publish format-standard has-post-thumbnail hentry category-480\">\n\n<div style=\"height:15px\" aria-hidden=\"true\" class=\"wp-block-spacer\"><\/div>\n\n\n<h5 class=\"wp-block-post-title\"><a href=\"https:\/\/centcols.org\/de\/republicain-lorrain-18-mars-2006\/\" target=\"_self\" >26\/03\/06: Presseartikel in Le R\u00e9publicain Lorrain vom 18. M\u00e4rz 2006<\/a><\/h5>\n<\/li><li class=\"wp-block-post post-95330 post type-post status-publish format-standard has-post-thumbnail hentry category-480\">\n\n<div style=\"height:15px\" aria-hidden=\"true\" class=\"wp-block-spacer\"><\/div>\n\n\n<h5 class=\"wp-block-post-title\"><a href=\"https:\/\/centcols.org\/de\/le-cycle-de-juin-2006\/\" target=\"_self\" >30\/05\/06: Zwei Presseartikel in Le Cycle vom Juni 2006<\/a><\/h5>\n<\/li><li class=\"wp-block-post post-95329 post type-post status-publish format-standard has-post-thumbnail hentry category-480\">\n\n<div style=\"height:15px\" aria-hidden=\"true\" class=\"wp-block-spacer\"><\/div>\n\n\n<h5 class=\"wp-block-post-title\"><a href=\"https:\/\/centcols.org\/de\/christophe-riviere\/\" target=\"_self\" >15\/05\/06: Presseartikel aus der Dauphin\u00e9-Lib\u00e9r\u00e9 vom 3. Mai 2006. Christophe Rivi\u00e8re ist Priester und Mitglied des \"Club des cent Cols\".<\/a><\/h5>\n<\/li><li class=\"wp-block-post post-95331 post type-post status-publish format-standard has-post-thumbnail hentry category-480\">\n\n<div style=\"height:15px\" aria-hidden=\"true\" class=\"wp-block-spacer\"><\/div>\n\n\n<h5 class=\"wp-block-post-title\"><a href=\"https:\/\/centcols.org\/de\/nouveau-col-pyrenees\/\" target=\"_self\" >14\/09\/06: Presseartikel: Ein neuer Pass in den Pyren\u00e4en<\/a><\/h5>\n<\/li><li class=\"wp-block-post post-81186 post type-post status-publish format-standard hentry category-250\">\n\n<div style=\"height:15px\" aria-hidden=\"true\" class=\"wp-block-spacer\"><\/div>\n\n\n<h5 class=\"wp-block-post-title\"><a href=\"https:\/\/centcols.org\/de\/extrait-du-bulletin-municipal-de-mollans\/\" target=\"_self\" >29\/03\/2007 Auszug aus dem Gemeindeblatt von Mollans.<\/a><\/h5>\n<\/li><li class=\"wp-block-post post-81182 post type-post status-publish format-standard has-post-thumbnail hentry category-250\">\n\n<div style=\"height:15px\" aria-hidden=\"true\" class=\"wp-block-spacer\"><\/div>\n\n\n<h5 class=\"wp-block-post-title\"><a href=\"https:\/\/centcols.org\/de\/extrait-magazine-entreprises-rhone-alpes-pierre-brivet\/\" target=\"_self\" >26\/04\/2007 Auszug aus dem Magazin Entreprises Rh\u00f4ne-Alpes : Pierre Brivet, der Mann mit den 6000 Gipfeln.<\/a><\/h5>\n<\/li><li class=\"wp-block-post post-95347 post type-post status-publish format-standard has-post-thumbnail hentry category-250\">\n\n<div style=\"height:15px\" aria-hidden=\"true\" class=\"wp-block-spacer\"><\/div>\n\n\n<h5 class=\"wp-block-post-title\"><a href=\"https:\/\/centcols.org\/de\/dauphine-libere-mai-2007\/\" target=\"_self\" >18\/04\/2007 Presseartikel, der am 15. Mai 2007 in der Zeitung Le Dauphin\u00e9-Lib\u00e9r\u00e9 erschien. (Christophe Rivi\u00e8re ist Priester und Mitglied des \"Club des Cent Cols\").<\/a><\/h5>\n<\/li><li class=\"wp-block-post post-95348 post type-post status-publish format-standard hentry category-250\">\n\n<div style=\"height:15px\" aria-hidden=\"true\" class=\"wp-block-spacer\"><\/div>\n\n\n<h5 class=\"wp-block-post-title\"><a href=\"https:\/\/centcols.org\/de\/interview-jp-adam\/\" target=\"_self\" >29\/07\/2007 Interview mit Jean-Pierre Adam w\u00e4hrend der legend\u00e4ren Etappe der Tour de France<\/a><\/h5>\n<\/li><li class=\"wp-block-post post-95350 post type-post status-publish format-standard has-post-thumbnail hentry category-250\">\n\n<div style=\"height:15px\" aria-hidden=\"true\" class=\"wp-block-spacer\"><\/div>\n\n\n<h5 class=\"wp-block-post-title\"><a href=\"https:\/\/centcols.org\/de\/cyclotourisme-octobre-2007\/\" target=\"_self\" >21\/10\/2007 Artikel aus der Zeitschrift Cyclotourisme vom Oktober 2007<\/a><\/h5>\n<\/li><li class=\"wp-block-post post-95351 post type-post status-publish format-standard hentry category-250\">\n\n<div style=\"height:15px\" aria-hidden=\"true\" class=\"wp-block-spacer\"><\/div>\n\n\n<h5 class=\"wp-block-post-title\"><a href=\"https:\/\/centcols.org\/de\/voyage-gerard-gruffat-2007\/\" target=\"_self\" >19\/12\/2007 Zwei Presseartikel \u00fcber die Reise von G\u00e9rard Gruffat (Nr. 5987) nach Nordeuropa<\/a><\/h5>\n<\/li><li class=\"wp-block-post post-81230 post type-post status-publish format-standard has-post-thumbnail hentry category-249\">\n\n<div style=\"height:15px\" aria-hidden=\"true\" class=\"wp-block-spacer\"><\/div>\n\n\n<h5 class=\"wp-block-post-title\"><a href=\"https:\/\/centcols.org\/de\/articles-de-la-revue-cyclotourisme\/\" target=\"_self\" >14\/01\/2008 Artikel aus der Zeitschrift Cyclotourisme<\/a><\/h5>\n<\/li><li class=\"wp-block-post post-81229 post type-post status-publish format-standard hentry category-249\">\n\n<div style=\"height:15px\" aria-hidden=\"true\" class=\"wp-block-spacer\"><\/div>\n\n\n<h5 class=\"wp-block-post-title\"><a href=\"https:\/\/centcols.org\/de\/article-de-presse-des-nouvelles-caledonniennes-du-30-janvier-2008\/\" target=\"_self\" >16\/02\/2008 Presseartikel aus den Nouvelles Cal\u00e9donniennes vom 30. Januar 2008<\/a><\/h5>\n<\/li><li class=\"wp-block-post post-81227 post type-post status-publish format-standard has-post-thumbnail hentry category-249\">\n\n<div style=\"height:15px\" aria-hidden=\"true\" class=\"wp-block-spacer\"><\/div>\n\n\n<h5 class=\"wp-block-post-title\"><a href=\"https:\/\/centcols.org\/de\/article-de-presse-de-sud-ouest-du-08-mars-2008\/\" target=\"_self\" >08\/03\/2008 Presseartikel aus Sud-Ouest vom 08. M\u00e4rz 2008<\/a><\/h5>\n<\/li><li class=\"wp-block-post post-95475 post type-post status-publish format-standard has-post-thumbnail hentry category-249\">\n\n<div style=\"height:15px\" aria-hidden=\"true\" class=\"wp-block-spacer\"><\/div>\n\n\n<h5 class=\"wp-block-post-title\"><a href=\"https:\/\/centcols.org\/de\/au-depart-du-paris-pekin\/\" target=\"_self\" >20\/03\/2008 Les Cent-Cols am Start von Paris-Peking<\/a><\/h5>\n<\/li><li class=\"wp-block-post post-81184 post type-post status-publish format-standard has-post-thumbnail hentry category-249\">\n\n<div style=\"height:15px\" aria-hidden=\"true\" class=\"wp-block-spacer\"><\/div>\n\n\n<h5 class=\"wp-block-post-title\"><a href=\"https:\/\/centcols.org\/de\/article-de-presse-de-cyclotourisme-de-mai-2008\/\" target=\"_self\" >13\/05\/2008 Presseartikel aus Cyclotourisme vom Mai 2008<\/a><\/h5>\n<\/li><li class=\"wp-block-post post-81180 post type-post status-publish format-standard has-post-thumbnail hentry category-249\">\n\n<div style=\"height:15px\" aria-hidden=\"true\" class=\"wp-block-spacer\"><\/div>\n\n\n<h5 class=\"wp-block-post-title\"><a href=\"https:\/\/centcols.org\/de\/26-05-08-article-de-presse-de-la-provence-du-17-mai-2008\/\" target=\"_self\" >26\/05\/08 Presseartikel aus La Provence vom 17. Mai 2008<\/a><\/h5>\n<\/li><li class=\"wp-block-post post-81176 post type-post status-publish format-standard has-post-thumbnail hentry category-249\">\n\n<div style=\"height:15px\" aria-hidden=\"true\" class=\"wp-block-spacer\"><\/div>\n\n\n<h5 class=\"wp-block-post-title\"><a href=\"https:\/\/centcols.org\/de\/article-de-presse-du-dauphine-libere-de-mai-2008\/\" target=\"_self\" >02\/06\/2008 Presseartikel aus Dauphin\u00e9-Lib\u00e9r\u00e9<\/a><\/h5>\n<\/li><li class=\"wp-block-post post-81153 post type-post status-publish format-standard has-post-thumbnail hentry category-249\">\n\n<div style=\"height:15px\" aria-hidden=\"true\" class=\"wp-block-spacer\"><\/div>\n\n\n<h5 class=\"wp-block-post-title\"><a href=\"https:\/\/centcols.org\/de\/article-de-presse-de-lhebdo-des-savoie-de-sept-2008\/\" target=\"_self\" >12\/09\/2008 Presseartikel aus dem Hebdo des Savoie<\/a><\/h5>\n<\/li><li class=\"wp-block-post post-81137 post type-post status-publish format-standard has-post-thumbnail hentry category-249\">\n\n<div style=\"height:15px\" aria-hidden=\"true\" class=\"wp-block-spacer\"><\/div>\n\n\n<h5 class=\"wp-block-post-title\"><a href=\"https:\/\/centcols.org\/de\/article-de-presse-du-midi-libre-du-28-septembre-2008\/\" target=\"_self\" >30\/09\/2008 Zeitungsartikel aus Midi-Libre<\/a><\/h5>\n<\/li><li class=\"wp-block-post post-81143 post type-post status-publish format-standard has-post-thumbnail hentry category-249\">\n\n<div style=\"height:15px\" aria-hidden=\"true\" class=\"wp-block-spacer\"><\/div>\n\n\n<h5 class=\"wp-block-post-title\"><a href=\"https:\/\/centcols.org\/de\/article-de-presse-de-cyclotourisme-doctobre-2008\/\" target=\"_self\" >13\/10\/2008 Presseartikel aus Cyclotourisme vom Oktober 2008<\/a><\/h5>\n<\/li><li class=\"wp-block-post post-81141 post type-post status-publish format-standard has-post-thumbnail hentry category-249\">\n\n<div style=\"height:15px\" aria-hidden=\"true\" class=\"wp-block-spacer\"><\/div>\n\n\n<h5 class=\"wp-block-post-title\"><a href=\"https:\/\/centcols.org\/de\/article-de-presse-de-la-provence-du-28-octobre-2008\/\" target=\"_self\" >29\/10\/2008 Presseartikel aus La Provence<\/a><\/h5>\n<\/li><li class=\"wp-block-post post-81129 post type-post status-publish format-standard has-post-thumbnail hentry category-249\">\n\n<div style=\"height:15px\" aria-hidden=\"true\" class=\"wp-block-spacer\"><\/div>\n\n\n<h5 class=\"wp-block-post-title\"><a href=\"https:\/\/centcols.org\/de\/article-de-presse-de-lhebdo-des-savoie-du-6-novembre-2008\/\" target=\"_self\" >06\/11\/2008 Presseartikel aus L'Hebdo des Savoie<\/a><\/h5>\n<\/li><li class=\"wp-block-post post-81133 post type-post status-publish format-standard has-post-thumbnail hentry category-249\">\n\n<div style=\"height:15px\" aria-hidden=\"true\" class=\"wp-block-spacer\"><\/div>\n\n\n<h5 class=\"wp-block-post-title\"><a href=\"https:\/\/centcols.org\/de\/trois-articles-de-presse-sur-jean-claude-hiram\/\" target=\"_self\" >20\/11\/2008 Drei Presseartikel \u00fcber Jean-Claude Hiram<\/a><\/h5>\n<\/li><li class=\"wp-block-post post-81131 post type-post status-publish format-standard has-post-thumbnail hentry category-249\">\n\n<div style=\"height:15px\" aria-hidden=\"true\" class=\"wp-block-spacer\"><\/div>\n\n\n<h5 class=\"wp-block-post-title\"><a href=\"https:\/\/centcols.org\/de\/article-de-presse-de-la-provence-du-23-novembre-2008\/\" target=\"_self\" >24\/11\/2008 Zeitungsartikel aus La Provence<\/a><\/h5>\n<\/li><li class=\"wp-block-post post-81127 post type-post status-publish format-standard has-post-thumbnail hentry category-249\">\n\n<div style=\"height:15px\" aria-hidden=\"true\" class=\"wp-block-spacer\"><\/div>\n\n\n<h5 class=\"wp-block-post-title\"><a href=\"https:\/\/centcols.org\/de\/le-club-des-cent-cols-honore\/\" target=\"_self\" >11\/12\/2008 Der Club des Cent Cols geehrt<\/a><\/h5>\n<\/li><li class=\"wp-block-post post-81125 post type-post status-publish format-standard has-post-thumbnail hentry category-249\">\n\n<div style=\"height:15px\" aria-hidden=\"true\" class=\"wp-block-spacer\"><\/div>\n\n\n<h5 class=\"wp-block-post-title\"><a href=\"https:\/\/centcols.org\/de\/article-de-presse-de-cyclotourisme-de-decembre-2008\/\" target=\"_self\" >28\/12\/2008 Presseartikel aus Cyclotourisme vom Dezember 2008<\/a><\/h5>\n<\/li><li class=\"wp-block-post post-81149 post type-post status-publish format-standard has-post-thumbnail hentry category-247\">\n\n<div style=\"height:15px\" aria-hidden=\"true\" class=\"wp-block-spacer\"><\/div>\n\n\n<h5 class=\"wp-block-post-title\"><a href=\"https:\/\/centcols.org\/de\/article-de-presse-du-republicain-lorrain-du-03-janvier-2009\/\" target=\"_self\" >13\/01\/2009 Presseartikel aus dem R\u00e9publicain-Lorrain vom 03. Januar 2009<\/a><\/h5>\n<\/li><li class=\"wp-block-post post-81151 post type-post status-publish format-standard has-post-thumbnail hentry category-247\">\n\n<div style=\"height:15px\" aria-hidden=\"true\" class=\"wp-block-spacer\"><\/div>\n\n\n<h5 class=\"wp-block-post-title\"><a href=\"https:\/\/centcols.org\/de\/article-de-presse-du-dauphine-libere-du-05-janvier-2009\/\" target=\"_self\" >14\/01\/2009 Presseartikel aus Dauphin\u00e9-Lib\u00e9r\u00e9<\/a><\/h5>\n<\/li><li class=\"wp-block-post post-81147 post type-post status-publish format-standard has-post-thumbnail hentry category-247\">\n\n<div style=\"height:15px\" aria-hidden=\"true\" class=\"wp-block-spacer\"><\/div>\n\n\n<h5 class=\"wp-block-post-title\"><a href=\"https:\/\/centcols.org\/de\/03-06-09-interview-du-professeur-got-parue-dans-la-revue-tandem-de-mai-2009\/\" target=\"_self\" >03\/06\/09: Interview mit Professor Got, erschienen in der Zeitschrift Tandem im Mai 2009<\/a><\/h5>\n<\/li><li class=\"wp-block-post post-81145 post type-post status-publish format-standard has-post-thumbnail hentry category-247\">\n\n<div style=\"height:15px\" aria-hidden=\"true\" class=\"wp-block-spacer\"><\/div>\n\n\n<h5 class=\"wp-block-post-title\"><a href=\"https:\/\/centcols.org\/de\/couverture-de-la-revue-cyclotourisme-de-juin-2009-photo-de-francis-touzeau\/\" target=\"_self\" >10\/06\/2009 Titelbild der Zeitschrift Cyclotourisme vom Juni 2009 (Foto von Francis Touzeau)<\/a><\/h5>\n<\/li><li class=\"wp-block-post post-81117 post type-post status-publish format-standard has-post-thumbnail hentry category-247\">\n\n<div style=\"height:15px\" aria-hidden=\"true\" class=\"wp-block-spacer\"><\/div>\n\n\n<h5 class=\"wp-block-post-title\"><a href=\"https:\/\/centcols.org\/de\/2000eme-col-de-luigi-spina-sella-cercevesa-m-1870\/\" target=\"_self\" >14\/07\/2009 2000. Pass von Luigi Spina: Sella Cercevesa - m.1870<\/a><\/h5>\n<\/li><li class=\"wp-block-post post-81113 post type-post status-publish format-standard has-post-thumbnail hentry category-247\">\n\n<div style=\"height:15px\" aria-hidden=\"true\" class=\"wp-block-spacer\"><\/div>\n\n\n<h5 class=\"wp-block-post-title\"><a href=\"https:\/\/centcols.org\/de\/article-de-presse-du-dauphine-libere-du-20-aout-2009\/\" target=\"_self\" >20\/08\/2009 Presseartikel aus Dauphin\u00e9-Lib\u00e9r\u00e9<\/a><\/h5>\n<\/li><li class=\"wp-block-post post-81052 post type-post status-publish format-standard has-post-thumbnail hentry category-247\">\n\n<div style=\"height:15px\" aria-hidden=\"true\" class=\"wp-block-spacer\"><\/div>\n\n\n<h5 class=\"wp-block-post-title\"><a href=\"https:\/\/centcols.org\/de\/article-de-presse-du-dauphine-libere-du-28-septembre-2009\/\" target=\"_self\" >28\/09\/2009 Presseartikel aus Dauphin\u00e9-Lib\u00e9r\u00e9<\/a><\/h5>\n<\/li><li class=\"wp-block-post post-81051 post type-post status-publish format-standard hentry category-247\">\n\n<div style=\"height:15px\" aria-hidden=\"true\" class=\"wp-block-spacer\"><\/div>\n\n\n<h5 class=\"wp-block-post-title\"><a href=\"https:\/\/centcols.org\/de\/concentration-velocio-au-col-de-pavezin-le-27-septembre-2009\/\" target=\"_self\" >28\/09\/2009 Velocio-Konzentration auf dem Col de Pavezin am 27. September 2009<\/a><\/h5>\n<\/li><li class=\"wp-block-post post-81049 post type-post status-publish format-standard has-post-thumbnail hentry category-247\">\n\n<div style=\"height:15px\" aria-hidden=\"true\" class=\"wp-block-spacer\"><\/div>\n\n\n<h5 class=\"wp-block-post-title\"><a href=\"https:\/\/centcols.org\/de\/article-de-presse-de-tour-magazine-doctobre-2009\/\" target=\"_self\" >13\/10\/2009 Presseartikel aus dem Tour-Magazin vom Oktober 2009<\/a><\/h5>\n<\/li><\/ul>\n\n<\/div>\n<\/details>\n\n\n\n<details class=\"wp-block-details has-medium-font-size is-layout-flow wp-block-details-is-layout-flow\"><summary>Jahre 2010<\/summary>\n<div style=\"height:20px\" aria-hidden=\"true\" class=\"wp-block-spacer\"><\/div>\n\n\n\n<div class=\"wp-block-query is-layout-flow wp-block-query-is-layout-flow\"><ul class=\"wp-block-post-template is-layout-flow wp-block-post-template-is-layout-flow\"><li class=\"wp-block-post post-81036 post type-post status-publish format-standard has-post-thumbnail hentry category-articles-de-presse-et-videos category-240\">\n\n<div style=\"height:15px\" aria-hidden=\"true\" class=\"wp-block-spacer\"><\/div>\n\n\n<h5 class=\"wp-block-post-title\"><a href=\"https:\/\/centcols.org\/de\/article-de-presse-du-republicain-lorrain-du-24-janvier-2010\/\" target=\"_self\" >Presseartikel aus dem R\u00e9publicain-Lorrain vom 24. Januar 2010<\/a><\/h5>\n<\/li><li class=\"wp-block-post post-81028 post type-post status-publish format-standard has-post-thumbnail hentry category-articles-de-presse-et-videos category-240\">\n\n<div style=\"height:15px\" aria-hidden=\"true\" class=\"wp-block-spacer\"><\/div>\n\n\n<h5 class=\"wp-block-post-title\"><a href=\"https:\/\/centcols.org\/de\/article-de-presse-de-cyclotourisme-de-mars-2010\/\" target=\"_self\" >Presseartikel aus Cyclotourisme vom M\u00e4rz 2010<\/a><\/h5>\n<\/li><li class=\"wp-block-post post-81019 post type-post status-publish format-standard hentry category-articles-de-presse-et-videos category-240\">\n\n<div style=\"height:15px\" aria-hidden=\"true\" class=\"wp-block-spacer\"><\/div>\n\n\n<h5 class=\"wp-block-post-title\"><a href=\"https:\/\/centcols.org\/de\/article-de-presse-de-tour-spezial-alpen-2010\/\" target=\"_self\" >Presseartikel von TOUR Spezial Alpen 2010<\/a><\/h5>\n<\/li><li class=\"wp-block-post post-81015 post type-post status-publish format-standard has-post-thumbnail hentry category-articles-de-presse-et-videos category-240\">\n\n<div style=\"height:15px\" aria-hidden=\"true\" class=\"wp-block-spacer\"><\/div>\n\n\n<h5 class=\"wp-block-post-title\"><a href=\"https:\/\/centcols.org\/de\/article-de-presse-de-ouest-france-du-29-mai-2010\/\" target=\"_self\" >Presseartikel aus Ouest-France vom 29. Mai 2010<\/a><\/h5>\n<\/li><li class=\"wp-block-post post-80988 post type-post status-publish format-standard has-post-thumbnail hentry category-articles-de-presse-et-videos category-240\">\n\n<div style=\"height:15px\" aria-hidden=\"true\" class=\"wp-block-spacer\"><\/div>\n\n\n<h5 class=\"wp-block-post-title\"><a href=\"https:\/\/centcols.org\/de\/article-de-presse-de-haute-savoie-mag-magazine-du-conseil-general-n129-juillet-aout-2010\/\" target=\"_self\" >Presseartikel aus \u00abHaute-Savoie MAG\u00bb, Magazin des Generalrats Nr. 129 Juli-August 2010<\/a><\/h5>\n<\/li><li class=\"wp-block-post post-80985 post type-post status-publish format-standard has-post-thumbnail hentry category-articles-de-presse-et-videos category-240\">\n\n<div style=\"height:15px\" aria-hidden=\"true\" class=\"wp-block-spacer\"><\/div>\n\n\n<h5 class=\"wp-block-post-title\"><a href=\"https:\/\/centcols.org\/de\/article-de-presse-de-mag-savoie-mont-blanc-n7-printemps-ete-2010\/\" target=\"_self\" >Presseartikel aus \u00abMAG Savoie-Mont-Blanc\u00bb Nr. 7 Fr\u00fchjahr\/Sommer 2010<\/a><\/h5>\n<\/li><li class=\"wp-block-post post-80979 post type-post status-publish format-standard has-post-thumbnail hentry category-articles-de-presse-et-videos category-240\">\n\n<div style=\"height:15px\" aria-hidden=\"true\" class=\"wp-block-spacer\"><\/div>\n\n\n<h5 class=\"wp-block-post-title\"><a href=\"https:\/\/centcols.org\/de\/article-de-presse-du-parisien-du-28-aout-2010\/\" target=\"_self\" >Presseartikel aus Le Parisien vom 28. August 2010<\/a><\/h5>\n<\/li><li class=\"wp-block-post post-80976 post type-post status-publish format-standard has-post-thumbnail hentry category-articles-de-presse-et-videos category-240\">\n\n<div style=\"height:15px\" aria-hidden=\"true\" class=\"wp-block-spacer\"><\/div>\n\n\n<h5 class=\"wp-block-post-title\"><a href=\"https:\/\/centcols.org\/de\/articles-de-presse-de-cyclotourisme-doctobre-2010\/\" target=\"_self\" >Presseartikel aus Cyclotourisme vom Oktober 2010<\/a><\/h5>\n<\/li><li class=\"wp-block-post post-80952 post type-post status-publish format-standard has-post-thumbnail hentry category-articles-de-presse-et-videos category-240\">\n\n<div style=\"height:15px\" aria-hidden=\"true\" class=\"wp-block-spacer\"><\/div>\n\n\n<h5 class=\"wp-block-post-title\"><a href=\"https:\/\/centcols.org\/de\/article-de-presse-du-dauphine-libere-du-7-decembre-2010\/\" target=\"_self\" >Presseartikel aus der Dauphin\u00e9-Lib\u00e9r\u00e9 vom 7. Dezember 2010<\/a><\/h5>\n<\/li><li class=\"wp-block-post post-80950 post type-post status-publish format-standard has-post-thumbnail hentry category-articles-de-presse-et-videos category-239\">\n\n<div style=\"height:15px\" aria-hidden=\"true\" class=\"wp-block-spacer\"><\/div>\n\n\n<h5 class=\"wp-block-post-title\"><a href=\"https:\/\/centcols.org\/de\/article-de-presse-de-lessor-savoyard-du-16-juin-2011\/\" target=\"_self\" >Presseartikel aus L'Essor Savoyard vom 16. Juni 2011<\/a><\/h5>\n<\/li><li class=\"wp-block-post post-80946 post type-post status-publish format-standard has-post-thumbnail hentry category-articles-de-presse-et-videos category-239\">\n\n<div style=\"height:15px\" aria-hidden=\"true\" class=\"wp-block-spacer\"><\/div>\n\n\n<h5 class=\"wp-block-post-title\"><a href=\"https:\/\/centcols.org\/de\/article-de-presse-du-dauphine-libere-du-24-juillet-2011\/\" target=\"_self\" >Presseartikel aus Le Dauphin\u00e9-Lib\u00e9r\u00e9 vom 24. Juli 2011<\/a><\/h5>\n<\/li><li class=\"wp-block-post post-80938 post type-post status-publish format-standard has-post-thumbnail hentry category-articles-de-presse-et-videos category-239\">\n\n<div style=\"height:15px\" aria-hidden=\"true\" class=\"wp-block-spacer\"><\/div>\n\n\n<h5 class=\"wp-block-post-title\"><a href=\"https:\/\/centcols.org\/de\/article-de-presse-du-dauphine-libere-du-24-aout-2011\/\" target=\"_self\" >Presseartikel aus dem Dauphin\u00e9-Lib\u00e9r\u00e9 vom 24. August 2011<\/a><\/h5>\n<\/li><li class=\"wp-block-post post-80936 post type-post status-publish format-standard has-post-thumbnail hentry category-revue-de-presse category-articles-de-presse-et-videos category-239\">\n\n<div style=\"height:15px\" aria-hidden=\"true\" class=\"wp-block-spacer\"><\/div>\n\n\n<h5 class=\"wp-block-post-title\"><a href=\"https:\/\/centcols.org\/de\/renato-baccanelli-a-escalade-le-galibier-a-velo-et-tenue-depoque-1910\/\" target=\"_self\" >Renato Baccanelli radelt mit Fahrradmode aus dem Jahr 1910 auf den Galibier<\/a><\/h5>\n<\/li><li class=\"wp-block-post post-85109 post type-post status-publish format-standard has-post-thumbnail hentry category-revue-de-presse category-articles-de-presse-et-videos category-237\">\n\n<div style=\"height:15px\" aria-hidden=\"true\" class=\"wp-block-spacer\"><\/div>\n\n\n<h5 class=\"wp-block-post-title\"><a href=\"https:\/\/centcols.org\/de\/interview-de-regis-paraz-sur-france-bleu-pays-de-savoie\/\" target=\"_self\" >Interview mit R\u00e9gis Paraz auf Radio \"France Bleu Pays de Savoie\"<\/a><\/h5>\n<\/li><li class=\"wp-block-post post-80927 post type-post status-publish format-standard has-post-thumbnail hentry category-articles-de-presse-et-videos category-237\">\n\n<div style=\"height:15px\" aria-hidden=\"true\" class=\"wp-block-spacer\"><\/div>\n\n\n<h5 class=\"wp-block-post-title\"><a href=\"https:\/\/centcols.org\/de\/article-de-presse-de-lessor-savoyard-du-9-fevrier-2012\/\" target=\"_self\" >Presseartikel aus L'Essor Savoyard vom 9. Februar 2012<\/a><\/h5>\n<\/li><li class=\"wp-block-post post-80925 post type-post status-publish format-standard has-post-thumbnail hentry category-articles-de-presse-et-videos category-237\">\n\n<div style=\"height:15px\" aria-hidden=\"true\" class=\"wp-block-spacer\"><\/div>\n\n\n<h5 class=\"wp-block-post-title\"><a href=\"https:\/\/centcols.org\/de\/article-de-presse-de-velo-magazine-de-mars-2012\/\" target=\"_self\" >Presseartikel aus V\u00e9lo Magazine vom M\u00e4rz 2012<\/a><\/h5>\n<\/li><li class=\"wp-block-post post-80918 post type-post status-publish format-standard has-post-thumbnail hentry category-articles-de-presse-et-videos category-237\">\n\n<div style=\"height:15px\" aria-hidden=\"true\" class=\"wp-block-spacer\"><\/div>\n\n\n<h5 class=\"wp-block-post-title\"><a href=\"https:\/\/centcols.org\/de\/article-de-presse-du-progres-fr-du-12-mai-2012\/\" target=\"_self\" >Presseartikel aus Progr\u00e8s.fr vom 12. Mai 2012<\/a><\/h5>\n<\/li><li class=\"wp-block-post post-80920 post type-post status-publish format-standard has-post-thumbnail hentry category-articles-de-presse-et-videos category-237\">\n\n<div style=\"height:15px\" aria-hidden=\"true\" class=\"wp-block-spacer\"><\/div>\n\n\n<h5 class=\"wp-block-post-title\"><a href=\"https:\/\/centcols.org\/de\/article-de-presse-de-alpes-magazine-de-juin-juillet-2012\/\" target=\"_self\" >Presseartikel aus Alpes Magazine von Juni\/Juli 2012<\/a><\/h5>\n<\/li><li class=\"wp-block-post post-80916 post type-post status-publish format-standard has-post-thumbnail hentry category-articles-de-presse-et-videos category-237\">\n\n<div style=\"height:15px\" aria-hidden=\"true\" class=\"wp-block-spacer\"><\/div>\n\n\n<h5 class=\"wp-block-post-title\"><a href=\"https:\/\/centcols.org\/de\/article-de-presse-du-dauphine-libere-du-2-juillet-2012\/\" target=\"_self\" >Presseartikel aus Dauphin\u00e9-Lib\u00e9r\u00e9 vom 2. Juli 2012<\/a><\/h5>\n<\/li><li class=\"wp-block-post post-80914 post type-post status-publish format-standard has-post-thumbnail hentry category-articles-de-presse-et-videos category-237\">\n\n<div style=\"height:15px\" aria-hidden=\"true\" class=\"wp-block-spacer\"><\/div>\n\n\n<h5 class=\"wp-block-post-title\"><a href=\"https:\/\/centcols.org\/de\/article-de-presse-du-cycle-de-juillet-2012\/\" target=\"_self\" >Cycle-Presseartikel vom Juli 2012<\/a><\/h5>\n<\/li><li class=\"wp-block-post post-80908 post type-post status-publish format-standard has-post-thumbnail hentry category-articles-de-presse-et-videos category-237\">\n\n<div style=\"height:15px\" aria-hidden=\"true\" class=\"wp-block-spacer\"><\/div>\n\n\n<h5 class=\"wp-block-post-title\"><a href=\"https:\/\/centcols.org\/de\/article-de-presse-du-dauphine-libere-du-3-aout-2012\/\" target=\"_self\" >Presseartikel aus Dauphin\u00e9-Lib\u00e9r\u00e9 vom 3. August 2012<\/a><\/h5>\n<\/li><li class=\"wp-block-post post-80895 post type-post status-publish format-standard has-post-thumbnail hentry category-articles-de-presse-et-videos category-237\">\n\n<div style=\"height:15px\" aria-hidden=\"true\" class=\"wp-block-spacer\"><\/div>\n\n\n<h5 class=\"wp-block-post-title\"><a href=\"https:\/\/centcols.org\/de\/article-de-presse-de-cyclo-passion-de-septembre-2012\/\" target=\"_self\" >Presseartikel aus Cyclo Passion vom September 2012<\/a><\/h5>\n<\/li><li class=\"wp-block-post post-80893 post type-post status-publish format-standard has-post-thumbnail hentry category-articles-de-presse-et-videos category-237\">\n\n<div style=\"height:15px\" aria-hidden=\"true\" class=\"wp-block-spacer\"><\/div>\n\n\n<h5 class=\"wp-block-post-title\"><a href=\"https:\/\/centcols.org\/de\/article-de-presse-de-cyclotourisme-de-octobre-2012\/\" target=\"_self\" >Presseartikel aus Cyclotourisme vom Oktober 2012<\/a><\/h5>\n<\/li><li class=\"wp-block-post post-80891 post type-post status-publish format-standard has-post-thumbnail hentry category-articles-de-presse-et-videos category-237\">\n\n<div style=\"height:15px\" aria-hidden=\"true\" class=\"wp-block-spacer\"><\/div>\n\n\n<h5 class=\"wp-block-post-title\"><a href=\"https:\/\/centcols.org\/de\/article-de-presse-de-cyclotourisme-de-decembre-2012\/\" target=\"_self\" >Presseartikel aus Cyclotourisme vom Dezember 2012<\/a><\/h5>\n<\/li><li class=\"wp-block-post post-80848 post type-post status-publish format-standard has-post-thumbnail hentry category-articles-de-presse-et-videos category-236\">\n\n<div style=\"height:15px\" aria-hidden=\"true\" class=\"wp-block-spacer\"><\/div>\n\n\n<h5 class=\"wp-block-post-title\"><a href=\"https:\/\/centcols.org\/de\/henri-dusseau-fete-ses-80-ans-au-col-du-galibier-le-25-07-13\/\" target=\"_self\" >Henri Dusseau feiert seinen 80. Geburtstag am Col du Galibier am 25\/07\/13<\/a><\/h5>\n<\/li><li class=\"wp-block-post post-80846 post type-post status-publish format-standard has-post-thumbnail hentry category-236\">\n\n<div style=\"height:15px\" aria-hidden=\"true\" class=\"wp-block-spacer\"><\/div>\n\n\n<h5 class=\"wp-block-post-title\"><a href=\"https:\/\/centcols.org\/de\/article-de-presse-de-cyclotourisme-de-septembre-2013\/\" target=\"_self\" >Presseartikel aus Cyclotourisme vom September 2013<\/a><\/h5>\n<\/li><li class=\"wp-block-post post-80841 post type-post status-publish format-standard has-post-thumbnail hentry category-236\">\n\n<div style=\"height:15px\" aria-hidden=\"true\" class=\"wp-block-spacer\"><\/div>\n\n\n<h5 class=\"wp-block-post-title\"><a href=\"https:\/\/centcols.org\/de\/articles-dans-cyclotourisme-de-decembre-2013\/\" target=\"_self\" >Artikel in \u00abCyclotourisme\u00bb vom Dezember 2013<\/a><\/h5>\n<\/li><li class=\"wp-block-post post-81378 post type-post status-publish format-standard has-post-thumbnail hentry category-articles-de-presse-et-videos category-258\">\n\n<div style=\"height:15px\" aria-hidden=\"true\" class=\"wp-block-spacer\"><\/div>\n\n\n<h5 class=\"wp-block-post-title\"><a href=\"https:\/\/centcols.org\/de\/article-de-presse-du-cycle-de-juin-2015\/\" target=\"_self\" >Cycle-Presseartikel vom Juni 2015<\/a><\/h5>\n<\/li><li class=\"wp-block-post post-81861 post type-post status-publish format-standard has-post-thumbnail hentry category-articles-de-presse-et-videos category-277\">\n\n<div style=\"height:15px\" aria-hidden=\"true\" class=\"wp-block-spacer\"><\/div>\n\n\n<h5 class=\"wp-block-post-title\"><a href=\"https:\/\/centcols.org\/de\/article-revue-cyclotourisme-doctobre-2016\/\" target=\"_self\" >Artikel Zeitschrift cyclotourisme vom Oktober 2016<\/a><\/h5>\n<\/li><li class=\"wp-block-post post-81870 post type-post status-publish format-standard has-post-thumbnail hentry category-articles-de-presse-et-videos category-277\">\n\n<div style=\"height:15px\" aria-hidden=\"true\" class=\"wp-block-spacer\"><\/div>\n\n\n<h5 class=\"wp-block-post-title\"><a href=\"https:\/\/centcols.org\/de\/article-paru-dans-la-gazette-du-vercors\/\" target=\"_self\" >Artikel, der in der Gazette du Vercors erschienen ist<\/a><\/h5>\n<\/li><li class=\"wp-block-post post-81872 post type-post status-publish format-standard has-post-thumbnail hentry category-revue-de-presse category-articles-de-presse-et-videos category-277\">\n\n<div style=\"height:15px\" aria-hidden=\"true\" class=\"wp-block-spacer\"><\/div>\n\n\n<h5 class=\"wp-block-post-title\"><a href=\"https:\/\/centcols.org\/de\/henri-dusseau-recompense\/\" target=\"_self\" >Goldmedaille \"Jugend &amp; Sport\" an Henri Dusseau !<\/a><\/h5>\n<\/li><li class=\"wp-block-post post-81881 post type-post status-publish format-standard has-post-thumbnail hentry category-articles-de-presse-et-videos category-278\">\n\n<div style=\"height:15px\" aria-hidden=\"true\" class=\"wp-block-spacer\"><\/div>\n\n\n<h5 class=\"wp-block-post-title\"><a href=\"https:\/\/centcols.org\/de\/article-paru-dans-la-revue-cyclotourisme-de-janvier-2017\/\" target=\"_self\" >Artikel erschienen in der Zeitschrift cyclotourisme vom Januar 2017.<\/a><\/h5>\n<\/li><li class=\"wp-block-post post-82028 post type-post status-publish format-standard has-post-thumbnail hentry category-283 category-articles-de-presse-et-videos\">\n\n<div style=\"height:15px\" aria-hidden=\"true\" class=\"wp-block-spacer\"><\/div>\n\n\n<h5 class=\"wp-block-post-title\"><a href=\"https:\/\/centcols.org\/de\/sejour-dargeles-article-de-lindependant-du-18-avril-2018\/\" target=\"_self\" >Aufenthalt in Argel\u00e8s: Artikel aus dem L'Ind\u00e9pendant vom 18. April 2018<\/a><\/h5>\n<\/li><li class=\"wp-block-post post-82166 post type-post status-publish format-standard hentry category-283 category-articles-de-presse-et-videos\">\n\n<div style=\"height:15px\" aria-hidden=\"true\" class=\"wp-block-spacer\"><\/div>\n\n\n<h5 class=\"wp-block-post-title\"><a href=\"https:\/\/centcols.org\/de\/sejour-de-st-maurice-video-de-la-rts-du-2-septembre-2018\/\" target=\"_self\" >Aufenthalt in St-Maurice: Video der RTS vom 2. September 2018.<\/a><\/h5>\n<\/li><li class=\"wp-block-post post-82164 post type-post status-publish format-standard hentry category-285 category-articles-de-presse-et-videos\">\n\n<div style=\"height:15px\" aria-hidden=\"true\" class=\"wp-block-spacer\"><\/div>\n\n\n<h5 class=\"wp-block-post-title\"><a href=\"https:\/\/centcols.org\/de\/sejour-de-st-die-video-de-viavosges-du-23-juillet-2019\/\" target=\"_self\" >Aufenthalt in St-Di\u00e9: Video von vi\u00e0Vosges vom 23. Juli 2019<\/a><\/h5>\n<\/li><\/ul>\n\n<\/div>\n\n\n\n<p><\/p>\n<\/details>\n\n\n\n<details class=\"wp-block-details has-medium-font-size is-layout-flow wp-block-details-is-layout-flow\"><summary>Jahre 2020<\/summary>\n<div style=\"height:20px\" aria-hidden=\"true\" class=\"wp-block-spacer\"><\/div>\n\n\n\n<div class=\"wp-block-query is-layout-flow wp-block-query-is-layout-flow\"><ul class=\"wp-block-post-template is-layout-flow wp-block-post-template-is-layout-flow\"><li class=\"wp-block-post post-82222 post type-post status-publish format-standard has-post-thumbnail hentry category-revue-de-presse category-287 category-articles-de-presse-et-videos\">\n\n<div style=\"height:15px\" aria-hidden=\"true\" class=\"wp-block-spacer\"><\/div>\n\n\n<h5 class=\"wp-block-post-title\"><a href=\"https:\/\/centcols.org\/de\/felicien-missilier-cc-n-800-100-ans\/\" target=\"_self\" >Zum 100. Geburtstag von F\u00e9licien Missilier (Mitglied Nr. 800) - Dauphin\u00e9 Lib\u00e9r\u00e9 vom 23. Februar 2020<\/a><\/h5>\n<\/li><li class=\"wp-block-post post-82204 post type-post status-publish format-standard hentry category-287 category-articles-de-presse-et-videos\">\n\n<div style=\"height:15px\" aria-hidden=\"true\" class=\"wp-block-spacer\"><\/div>\n\n\n<h5 class=\"wp-block-post-title\"><a href=\"https:\/\/centcols.org\/de\/revue-le-cycle-mars-2020\/\" target=\"_self\" >Zeitschrift \u00abLe Cycle\u00bb M\u00e4rz 2020<\/a><\/h5>\n<\/li><li class=\"wp-block-post post-82205 post type-post status-publish format-standard hentry category-287 category-articles-de-presse-et-videos\">\n\n<div style=\"height:15px\" aria-hidden=\"true\" class=\"wp-block-spacer\"><\/div>\n\n\n<h5 class=\"wp-block-post-title\"><a href=\"https:\/\/centcols.org\/de\/revue-anglaise-cycle-magazine-taster-avril-mai-2020\/\" target=\"_self\" >Englische Zeitschrift \u00abCycle Magazine Taster\u00bb - April \/ Mai 2020<\/a><\/h5>\n<\/li><li class=\"wp-block-post post-82221 post type-post status-publish format-standard hentry category-287 category-articles-de-presse-et-videos\">\n\n<div style=\"height:15px\" aria-hidden=\"true\" class=\"wp-block-spacer\"><\/div>\n\n\n<h5 class=\"wp-block-post-title\"><a href=\"https:\/\/centcols.org\/de\/magazine-velo-vert-avril-2020\/\" target=\"_self\" >Magazin V\u00e9lo Vert - April 2020<\/a><\/h5>\n<\/li><li class=\"wp-block-post post-82236 post type-post status-publish format-standard hentry category-287 category-articles-de-presse-et-videos\">\n\n<div style=\"height:15px\" aria-hidden=\"true\" class=\"wp-block-spacer\"><\/div>\n\n\n<h5 class=\"wp-block-post-title\"><a href=\"https:\/\/centcols.org\/de\/cyclomag-aout-2020\/\" target=\"_self\" >Cyclomag - August 2020<\/a><\/h5>\n<\/li><li class=\"wp-block-post post-82237 post type-post status-publish format-standard has-post-thumbnail hentry category-287 category-articles-de-presse-et-videos\">\n\n<div style=\"height:15px\" aria-hidden=\"true\" class=\"wp-block-spacer\"><\/div>\n\n\n<h5 class=\"wp-block-post-title\"><a href=\"https:\/\/centcols.org\/de\/sejour-de-chessy-les-mines-article-du-pays-roannais\/\" target=\"_self\" >Aufenthalt in Chessy-les-Mines - Artikel aus dem Pays Roannais<\/a><\/h5>\n<\/li><li class=\"wp-block-post post-82269 post type-post status-publish format-standard has-post-thumbnail hentry category-292 category-carnet-noir category-articles-de-presse-et-videos\">\n\n<div style=\"height:15px\" aria-hidden=\"true\" class=\"wp-block-spacer\"><\/div>\n\n\n<h5 class=\"wp-block-post-title\"><a href=\"https:\/\/centcols.org\/de\/jean-dejean-cc-n-1043\/\" target=\"_self\" >Jean D\u00e9jean CC Nr. 1043<\/a><\/h5>\n<\/li><li class=\"wp-block-post post-82288 post type-post status-publish format-standard has-post-thumbnail hentry category-292 category-articles-de-presse-et-videos\">\n\n<div style=\"height:15px\" aria-hidden=\"true\" class=\"wp-block-spacer\"><\/div>\n\n\n<h5 class=\"wp-block-post-title\"><a href=\"https:\/\/centcols.org\/de\/rassemblement-du-26-juin-2021-au-col-du-tra-article-du-dauphine-libere\/\" target=\"_self\" >Kundgebung am 26. Juni 2021 auf dem Col du Tra, Artikel aus Dauphin\u00e9 Lib\u00e9r\u00e9<\/a><\/h5>\n<\/li><li class=\"wp-block-post post-82303 post type-post status-publish format-standard has-post-thumbnail hentry category-292 category-articles-de-presse-et-videos\">\n\n<div style=\"height:15px\" aria-hidden=\"true\" class=\"wp-block-spacer\"><\/div>\n\n\n<h5 class=\"wp-block-post-title\"><a href=\"https:\/\/centcols.org\/de\/dauphine-libere-article-du-9-aout-2021\/\" target=\"_self\" >Dauphin\u00e9 Lib\u00e9r\u00e9, Artikel vom 9. August 2021<\/a><\/h5>\n<\/li><li class=\"wp-block-post post-82346 post type-post status-publish format-standard has-post-thumbnail hentry category-296 category-revue-de-presse category-articles-de-presse-et-videos\">\n\n<div style=\"height:15px\" aria-hidden=\"true\" class=\"wp-block-spacer\"><\/div>\n\n\n<h5 class=\"wp-block-post-title\"><a href=\"https:\/\/centcols.org\/de\/des-nouvelles-de-la-bretagne-et-de-michel-fouville-qui-fait-la-une-dans-ouest-france-dimanche-3-7-2022\/\" target=\"_self\" >Neuigkeiten von Michel Fouville aus der Bretagne auf der Sonntags-Titelseite von \"Ouest-France\" vom 3. Juli 2022<\/a><\/h5>\n<\/li><li class=\"wp-block-post post-82347 post type-post status-publish format-standard hentry category-296 category-articles-de-presse-et-videos\">\n\n<div style=\"height:15px\" aria-hidden=\"true\" class=\"wp-block-spacer\"><\/div>\n\n\n<h5 class=\"wp-block-post-title\"><a href=\"https:\/\/centcols.org\/de\/anniversaire-des-50-ans-article-sur-dauphine-libere-edition-grenoble-du-30-6-2022\/\" target=\"_self\" >50-j\u00e4hriges Jubil\u00e4um, Artikel in Dauphin\u00e9 Lib\u00e9r\u00e9 (Ausgabe Grenoble) vom 30\/6\/2022<\/a><\/h5>\n<\/li><li class=\"wp-block-post post-82348 post type-post status-publish format-standard hentry category-296 category-articles-de-presse-et-videos\">\n\n<div style=\"height:15px\" aria-hidden=\"true\" class=\"wp-block-spacer\"><\/div>\n\n\n<h5 class=\"wp-block-post-title\"><a href=\"https:\/\/centcols.org\/de\/les-cent-cols-ont-defie-ceux-du-pays-basque\/\" target=\"_self\" >Die \u00abHundert P\u00e4sse\u00bb haben die des Baskenlandes herausgefordert<\/a><\/h5>\n<\/li><li class=\"wp-block-post post-82401 post type-post status-publish format-standard hentry category-292 category-articles-de-presse-et-videos\">\n\n<div style=\"height:15px\" aria-hidden=\"true\" class=\"wp-block-spacer\"><\/div>\n\n\n<h5 class=\"wp-block-post-title\"><a href=\"https:\/\/centcols.org\/de\/article-paru-sur-la-gazzetta-dello-sport-du-08-11-2021\/\" target=\"_self\" >Artikel erschienen in der Gazzetta dello Sport vom 08.11.2021<\/a><\/h5>\n<\/li><li class=\"wp-block-post post-82402 post type-post status-publish format-standard hentry category-296 category-articles-de-presse-et-videos\">\n\n<div style=\"height:15px\" aria-hidden=\"true\" class=\"wp-block-spacer\"><\/div>\n\n\n<h5 class=\"wp-block-post-title\"><a href=\"https:\/\/centcols.org\/de\/article-paru-sur-le-dauphine-libere-du-08-11-2022\/\" target=\"_self\" >Artikel erschienen in Le Dauphin\u00e9 Liber\u00e9 vom 08.11.2022<\/a><\/h5>\n<\/li><li class=\"wp-block-post post-82403 post type-post status-publish format-standard hentry category-296 category-articles-de-presse-et-videos\">\n\n<div style=\"height:15px\" aria-hidden=\"true\" class=\"wp-block-spacer\"><\/div>\n\n\n<h5 class=\"wp-block-post-title\"><a href=\"https:\/\/centcols.org\/de\/article-sur-cyclomag-du-09-11-2022\/\" target=\"_self\" >Artikel auf Cyclomag vom 09.11.2022<\/a><\/h5>\n<\/li><\/ul>\n\n<\/div>\n\n\n\n<p><\/p>\n<\/details>","protected":false},"excerpt":{"rendered":"<p>Hier finden Sie alle Presseartikel, Radiosendungen und Videos, die zwischen 1990 und 2022 \u00fcber den Club des Cent Cols berichtet wurden.<\/p>","protected":false},"author":5112,"featured_media":95409,"comment_status":"closed","ping_status":"closed","sticky":false,"template":"","format":"standard","meta":{"_acf_changed":false,"footnotes":""},"categories":[133],"tags":[],"class_list":["post-95257","post","type-post","status-publish","format-standard","has-post-thumbnail","hentry","category-revue-de-presse"],"acf":[],"yoast_head":"<!-- This site is optimized with the Yoast SEO plugin v27.2 - https:\/\/yoast.com\/product\/yoast-seo-wordpress\/ -->\n<title>Revue de presse, radio &amp; vid\u00e9os \u2014 Archives - Club des Cent Cols<\/title>\n<meta name=\"robots\" content=\"index, follow, max-snippet:-1, max-image-preview:large, max-video-preview:-1\" \/>\n<link rel=\"canonical\" href=\"https:\/\/centcols.org\/de\/pressespiegel-radio-videos-archiv\/\" \/>\n<meta property=\"og:locale\" content=\"de_DE\" \/>\n<meta property=\"og:type\" content=\"article\" \/>\n<meta property=\"og:title\" content=\"Revue de presse, radio &amp; vid\u00e9os \u2014 Archives - Club des Cent Cols\" \/>\n<meta property=\"og:description\" content=\"Retrouvez ici l&rsquo;ensemble des articles de presse, \u00e9missions de radio et vid\u00e9os consacr\u00e9s au Club des Cent Cols entre 1990 et 2022.\" \/>\n<meta property=\"og:url\" content=\"https:\/\/centcols.org\/de\/pressespiegel-radio-videos-archiv\/\" \/>\n<meta property=\"og:site_name\" content=\"Club des Cent Cols\" \/>\n<meta property=\"article:publisher\" content=\"https:\/\/www.facebook.com\/groups\/5261880558\/?locale=fr_FR\" \/>\n<meta property=\"article:published_time\" content=\"2026-04-18T04:26:58+00:00\" \/>\n<meta property=\"article:modified_time\" content=\"2026-04-18T04:56:09+00:00\" \/>\n<meta property=\"og:image\" content=\"https:\/\/centcols.org\/wp-content\/uploads\/2026\/04\/media1.jpg\" \/>\n\t<meta property=\"og:image:width\" content=\"1000\" \/>\n\t<meta property=\"og:image:height\" content=\"667\" \/>\n\t<meta property=\"og:image:type\" content=\"image\/jpeg\" \/>\n<meta name=\"author\" content=\"R\u00e9gis Paraz\" \/>\n<meta name=\"twitter:card\" content=\"summary_large_image\" \/>\n<meta name=\"twitter:label1\" content=\"Verfasst von\" \/>\n\t<meta name=\"twitter:data1\" content=\"R\u00e9gis Paraz\" \/>\n\t<meta name=\"twitter:label2\" content=\"Gesch\u00e4tzte Lesezeit\" \/>\n\t<meta name=\"twitter:data2\" content=\"1\u00a0Minute\" \/>\n<script type=\"application\/ld+json\" class=\"yoast-schema-graph\">{\"@context\":\"https:\/\/schema.org\",\"@graph\":[{\"@type\":\"Article\",\"@id\":\"https:\/\/centcols.org\/de\/revue-de-presse-radio-videos-archives\/#article\",\"isPartOf\":{\"@id\":\"https:\/\/centcols.org\/de\/revue-de-presse-radio-videos-archives\/\"},\"author\":{\"name\":\"R\u00e9gis Paraz\",\"@id\":\"https:\/\/centcols.org\/#\/schema\/person\/6733615a03fdc98c0aef104567c81e13\"},\"headline\":\"Revue de presse, radio &amp; vid\u00e9os \u2014 Archives\",\"datePublished\":\"2026-04-18T04:26:58+00:00\",\"dateModified\":\"2026-04-18T04:56:09+00:00\",\"mainEntityOfPage\":{\"@id\":\"https:\/\/centcols.org\/de\/revue-de-presse-radio-videos-archives\/\"},\"wordCount\":36,\"publisher\":{\"@id\":\"https:\/\/centcols.org\/#organization\"},\"image\":{\"@id\":\"https:\/\/centcols.org\/de\/revue-de-presse-radio-videos-archives\/#primaryimage\"},\"thumbnailUrl\":\"https:\/\/centcols.org\/wp-content\/uploads\/2026\/04\/media1.jpg\",\"articleSection\":[\"Revue de presse\"],\"inLanguage\":\"de\"},{\"@type\":\"WebPage\",\"@id\":\"https:\/\/centcols.org\/de\/revue-de-presse-radio-videos-archives\/\",\"url\":\"https:\/\/centcols.org\/de\/revue-de-presse-radio-videos-archives\/\",\"name\":\"Revue de presse, radio &amp; vid\u00e9os \u2014 Archives - Club des Cent Cols\",\"isPartOf\":{\"@id\":\"https:\/\/centcols.org\/#website\"},\"primaryImageOfPage\":{\"@id\":\"https:\/\/centcols.org\/de\/revue-de-presse-radio-videos-archives\/#primaryimage\"},\"image\":{\"@id\":\"https:\/\/centcols.org\/de\/revue-de-presse-radio-videos-archives\/#primaryimage\"},\"thumbnailUrl\":\"https:\/\/centcols.org\/wp-content\/uploads\/2026\/04\/media1.jpg\",\"datePublished\":\"2026-04-18T04:26:58+00:00\",\"dateModified\":\"2026-04-18T04:56:09+00:00\",\"breadcrumb\":{\"@id\":\"https:\/\/centcols.org\/de\/revue-de-presse-radio-videos-archives\/#breadcrumb\"},\"inLanguage\":\"de\",\"potentialAction\":[{\"@type\":\"ReadAction\",\"target\":[\"https:\/\/centcols.org\/de\/revue-de-presse-radio-videos-archives\/\"]}]},{\"@type\":\"ImageObject\",\"inLanguage\":\"de\",\"@id\":\"https:\/\/centcols.org\/de\/revue-de-presse-radio-videos-archives\/#primaryimage\",\"url\":\"https:\/\/centcols.org\/wp-content\/uploads\/2026\/04\/media1.jpg\",\"contentUrl\":\"https:\/\/centcols.org\/wp-content\/uploads\/2026\/04\/media1.jpg\",\"width\":1000,\"height\":667},{\"@type\":\"BreadcrumbList\",\"@id\":\"https:\/\/centcols.org\/de\/revue-de-presse-radio-videos-archives\/#breadcrumb\",\"itemListElement\":[{\"@type\":\"ListItem\",\"position\":1,\"name\":\"Accueil\",\"item\":\"https:\/\/centcols.org\/\"},{\"@type\":\"ListItem\",\"position\":2,\"name\":\"Gazette\",\"item\":\"https:\/\/centcols.org\/rubrique\/gazette\/\"},{\"@type\":\"ListItem\",\"position\":3,\"name\":\"Revue de presse\",\"item\":\"https:\/\/centcols.org\/rubrique\/gazette\/revue-de-presse\/\"},{\"@type\":\"ListItem\",\"position\":4,\"name\":\"Revue de presse, radio &amp; vid\u00e9os \u2014 Archives\"}]},{\"@type\":\"WebSite\",\"@id\":\"https:\/\/centcols.org\/#website\",\"url\":\"https:\/\/centcols.org\/\",\"name\":\"Club des Cent Cols\",\"description\":\"\",\"publisher\":{\"@id\":\"https:\/\/centcols.org\/#organization\"},\"potentialAction\":[{\"@type\":\"SearchAction\",\"target\":{\"@type\":\"EntryPoint\",\"urlTemplate\":\"https:\/\/centcols.org\/?s={search_term_string}\"},\"query-input\":{\"@type\":\"PropertyValueSpecification\",\"valueRequired\":true,\"valueName\":\"search_term_string\"}}],\"inLanguage\":\"de\"},{\"@type\":\"Organization\",\"@id\":\"https:\/\/centcols.org\/#organization\",\"name\":\"Club des Cent Cols\",\"url\":\"https:\/\/centcols.org\/\",\"logo\":{\"@type\":\"ImageObject\",\"inLanguage\":\"de\",\"@id\":\"https:\/\/centcols.org\/#\/schema\/logo\/image\/\",\"url\":\"https:\/\/centcols.org\/wp-content\/uploads\/2025\/01\/carte-icone.png\",\"contentUrl\":\"https:\/\/centcols.org\/wp-content\/uploads\/2025\/01\/carte-icone.png\",\"width\":250,\"height\":250,\"caption\":\"Club des Cent Cols\"},\"image\":{\"@id\":\"https:\/\/centcols.org\/#\/schema\/logo\/image\/\"},\"sameAs\":[\"https:\/\/www.facebook.com\/groups\/5261880558\/?locale=fr_FR\"]},{\"@type\":\"Person\",\"@id\":\"https:\/\/centcols.org\/#\/schema\/person\/6733615a03fdc98c0aef104567c81e13\",\"name\":\"R\u00e9gis Paraz\",\"image\":{\"@type\":\"ImageObject\",\"inLanguage\":\"de\",\"@id\":\"https:\/\/centcols.org\/wp-content\/litespeed\/avatar\/e5679bd124a28f7319d109cd5c2c0dd7.jpg?ver=1777239746\",\"url\":\"https:\/\/centcols.org\/wp-content\/litespeed\/avatar\/e5679bd124a28f7319d109cd5c2c0dd7.jpg?ver=1777239746\",\"contentUrl\":\"https:\/\/centcols.org\/wp-content\/litespeed\/avatar\/e5679bd124a28f7319d109cd5c2c0dd7.jpg?ver=1777239746\",\"caption\":\"R\u00e9gis Paraz\"},\"url\":\"https:\/\/centcols.org\/de\/author\/3225\/\"}]}<\/script>\n<!-- \/ Yoast SEO plugin. -->","yoast_head_json":{"title":"Presse, Radio &amp; Videos - Archiv - Club des Cent Cols","robots":{"index":"index","follow":"follow","max-snippet":"max-snippet:-1","max-image-preview":"max-image-preview:large","max-video-preview":"max-video-preview:-1"},"canonical":"https:\/\/centcols.org\/de\/pressespiegel-radio-videos-archiv\/","og_locale":"de_DE","og_type":"article","og_title":"Revue de presse, radio &amp; vid\u00e9os \u2014 Archives - Club des Cent Cols","og_description":"Retrouvez ici l&rsquo;ensemble des articles de presse, \u00e9missions de radio et vid\u00e9os consacr\u00e9s au Club des Cent Cols entre 1990 et 2022.","og_url":"https:\/\/centcols.org\/de\/pressespiegel-radio-videos-archiv\/","og_site_name":"Club des Cent Cols","article_publisher":"https:\/\/www.facebook.com\/groups\/5261880558\/?locale=fr_FR","article_published_time":"2026-04-18T04:26:58+00:00","article_modified_time":"2026-04-18T04:56:09+00:00","og_image":[{"width":1000,"height":667,"url":"https:\/\/centcols.org\/wp-content\/uploads\/2026\/04\/media1.jpg","type":"image\/jpeg"}],"author":"R\u00e9gis Paraz","twitter_card":"summary_large_image","twitter_misc":{"Verfasst von":"R\u00e9gis Paraz","Gesch\u00e4tzte Lesezeit":"1\u00a0Minute"},"schema":{"@context":"https:\/\/schema.org","@graph":[{"@type":"Article","@id":"https:\/\/centcols.org\/de\/revue-de-presse-radio-videos-archives\/#article","isPartOf":{"@id":"https:\/\/centcols.org\/de\/revue-de-presse-radio-videos-archives\/"},"author":{"name":"R\u00e9gis Paraz","@id":"https:\/\/centcols.org\/#\/schema\/person\/6733615a03fdc98c0aef104567c81e13"},"headline":"Revue de presse, radio &amp; vid\u00e9os \u2014 Archives","datePublished":"2026-04-18T04:26:58+00:00","dateModified":"2026-04-18T04:56:09+00:00","mainEntityOfPage":{"@id":"https:\/\/centcols.org\/de\/revue-de-presse-radio-videos-archives\/"},"wordCount":36,"publisher":{"@id":"https:\/\/centcols.org\/#organization"},"image":{"@id":"https:\/\/centcols.org\/de\/revue-de-presse-radio-videos-archives\/#primaryimage"},"thumbnailUrl":"https:\/\/centcols.org\/wp-content\/uploads\/2026\/04\/media1.jpg","articleSection":["Revue de presse"],"inLanguage":"de"},{"@type":"WebPage","@id":"https:\/\/centcols.org\/de\/revue-de-presse-radio-videos-archives\/","url":"https:\/\/centcols.org\/de\/revue-de-presse-radio-videos-archives\/","name":"Presse, Radio &amp; Videos - Archiv - Club des Cent Cols","isPartOf":{"@id":"https:\/\/centcols.org\/#website"},"primaryImageOfPage":{"@id":"https:\/\/centcols.org\/de\/revue-de-presse-radio-videos-archives\/#primaryimage"},"image":{"@id":"https:\/\/centcols.org\/de\/revue-de-presse-radio-videos-archives\/#primaryimage"},"thumbnailUrl":"https:\/\/centcols.org\/wp-content\/uploads\/2026\/04\/media1.jpg","datePublished":"2026-04-18T04:26:58+00:00","dateModified":"2026-04-18T04:56:09+00:00","breadcrumb":{"@id":"https:\/\/centcols.org\/de\/revue-de-presse-radio-videos-archives\/#breadcrumb"},"inLanguage":"de","potentialAction":[{"@type":"ReadAction","target":["https:\/\/centcols.org\/de\/revue-de-presse-radio-videos-archives\/"]}]},{"@type":"ImageObject","inLanguage":"de","@id":"https:\/\/centcols.org\/de\/revue-de-presse-radio-videos-archives\/#primaryimage","url":"https:\/\/centcols.org\/wp-content\/uploads\/2026\/04\/media1.jpg","contentUrl":"https:\/\/centcols.org\/wp-content\/uploads\/2026\/04\/media1.jpg","width":1000,"height":667},{"@type":"BreadcrumbList","@id":"https:\/\/centcols.org\/de\/revue-de-presse-radio-videos-archives\/#breadcrumb","itemListElement":[{"@type":"ListItem","position":1,"name":"Accueil","item":"https:\/\/centcols.org\/"},{"@type":"ListItem","position":2,"name":"Gazette","item":"https:\/\/centcols.org\/rubrique\/gazette\/"},{"@type":"ListItem","position":3,"name":"Revue de presse","item":"https:\/\/centcols.org\/rubrique\/gazette\/revue-de-presse\/"},{"@type":"ListItem","position":4,"name":"Revue de presse, radio &amp; vid\u00e9os \u2014 Archives"}]},{"@type":"WebSite","@id":"https:\/\/centcols.org\/#website","url":"https:\/\/centcols.org\/","name":"Club des Cent Cols","description":"","publisher":{"@id":"https:\/\/centcols.org\/#organization"},"potentialAction":[{"@type":"SearchAction","target":{"@type":"EntryPoint","urlTemplate":"https:\/\/centcols.org\/?s={search_term_string}"},"query-input":{"@type":"PropertyValueSpecification","valueRequired":true,"valueName":"search_term_string"}}],"inLanguage":"de"},{"@type":"Organization","@id":"https:\/\/centcols.org\/#organization","name":"Club des Cent Cols","url":"https:\/\/centcols.org\/","logo":{"@type":"ImageObject","inLanguage":"de","@id":"https:\/\/centcols.org\/#\/schema\/logo\/image\/","url":"https:\/\/centcols.org\/wp-content\/uploads\/2025\/01\/carte-icone.png","contentUrl":"https:\/\/centcols.org\/wp-content\/uploads\/2025\/01\/carte-icone.png","width":250,"height":250,"caption":"Club des Cent Cols"},"image":{"@id":"https:\/\/centcols.org\/#\/schema\/logo\/image\/"},"sameAs":["https:\/\/www.facebook.com\/groups\/5261880558\/?locale=fr_FR"]},{"@type":"Person","@id":"https:\/\/centcols.org\/#\/schema\/person\/6733615a03fdc98c0aef104567c81e13","name":"R\u00e9gis Paraz","image":{"@type":"ImageObject","inLanguage":"de","@id":"https:\/\/centcols.org\/wp-content\/litespeed\/avatar\/e5679bd124a28f7319d109cd5c2c0dd7.jpg?ver=1777239746","url":"https:\/\/centcols.org\/wp-content\/litespeed\/avatar\/e5679bd124a28f7319d109cd5c2c0dd7.jpg?ver=1777239746","contentUrl":"https:\/\/centcols.org\/wp-content\/litespeed\/avatar\/e5679bd124a28f7319d109cd5c2c0dd7.jpg?ver=1777239746","caption":"R\u00e9gis Paraz"},"url":"https:\/\/centcols.org\/de\/author\/3225\/"}]}},"_links":{"self":[{"href":"https:\/\/centcols.org\/de\/wp-json\/wp\/v2\/posts\/95257","targetHints":{"allow":["GET"]}}],"collection":[{"href":"https:\/\/centcols.org\/de\/wp-json\/wp\/v2\/posts"}],"about":[{"href":"https:\/\/centcols.org\/de\/wp-json\/wp\/v2\/types\/post"}],"author":[{"embeddable":true,"href":"https:\/\/centcols.org\/de\/wp-json\/wp\/v2\/users\/5112"}],"replies":[{"embeddable":true,"href":"https:\/\/centcols.org\/de\/wp-json\/wp\/v2\/comments?post=95257"}],"version-history":[{"count":0,"href":"https:\/\/centcols.org\/de\/wp-json\/wp\/v2\/posts\/95257\/revisions"}],"wp:featuredmedia":[{"embeddable":true,"href":"https:\/\/centcols.org\/de\/wp-json\/wp\/v2\/media\/95409"}],"wp:attachment":[{"href":"https:\/\/centcols.org\/de\/wp-json\/wp\/v2\/media?parent=95257"}],"wp:term":[{"taxonomy":"category","embeddable":true,"href":"https:\/\/centcols.org\/de\/wp-json\/wp\/v2\/categories?post=95257"},{"taxonomy":"post_tag","embeddable":true,"href":"https:\/\/centcols.org\/de\/wp-json\/wp\/v2\/tags?post=95257"}],"curies":[{"name":"wp","href":"https:\/\/api.w.org\/{rel}","templated":true}]}}