{"id":95273,"date":"2000-08-13T22:25:00","date_gmt":"2000-08-13T20:25:00","guid":{"rendered":"https:\/\/centcols.org\/?p=95273"},"modified":"2026-04-17T22:26:58","modified_gmt":"2026-04-17T20:26:58","slug":"verschwinden-von-louis-nucera-2","status":"publish","type":"post","link":"https:\/\/centcols.org\/de\/disparition-de-louis-nucera-2\/","title":{"rendered":"13\/08\/00: Louis Nucera verschwindet. Michel de Br\u00e9bisson wollte den Artikel aus Le Monde abdrucken lassen, der von einem von Louis' Freunden geschrieben wurde"},"content":{"rendered":"<h2 class=\"wp-block-heading\">Louis Nucera<\/h2>\n\n\n\n<h3 class=\"wp-block-heading\">Die Leidenschaft f\u00fcr Literatur, Freundschaft und Fahrradfahren<\/h3>\n\n\n\n<p><strong>MITTWOCH, 9. August<\/strong>, Louis Nucera starb auf dem Fahrrad, als er von einem Autofahrer in Carros (Alpes-Maritimes) im Hinterland von Nizza, das er so oft durchquert hatte, \u00fcberfahren wurde. Das Radfahren war neben der Literatur und der Freundschaft eine seiner Leidenschaften. Seine Freunde f\u00fchlten sich sehr einsam und verlassen. Eines seiner besten B\u00fccher, Le Roi Ren\u00e9, zeichnete die Karriere von Ren\u00e9 Vietto nach. Er war eines von Louis\u00ab Vorbildern, weil er den Stil und den Mut liebte. Am Ende eines jeden Sommers fragte ich ihn: \u00bbBist du gut gefahren? Wie viele Kilometer?\u00ab Und die zweite Frage kam sofort: \u00bbWie viele Seiten?\u00ab Die beiden waren untrennbar miteinander verbunden, die Leistung des \u00bbChampions\" und die des Schriftstellers...<\/p>\n\n\n\n<p>Louis Nucera wurde am 17. Juli 1928 in Nizza geboren. In seiner Jugend wurde er von den Erinnerungen an den Ersten Weltkrieg gen\u00e4hrt. Er h\u00f6rte religi\u00f6s den Geschichten zu, die seine Onkel beim Abendessen erz\u00e4hlten. Das f\u00fchrte zu sehr nachdenklichen und vertr\u00e4umten Kindern. Nuceras Vater starb 1933 und seine Mutter wurde \u00abpl\u00f6tzlich durch das Unwiederbringliche gealtert\u00ab . Diese Art von Satz fasst Louis' Art zusammen: Er war ein sehr klassischer Schriftsteller, der es verstand, das Komplott aus Grammatik und Emotionen zu organisieren.<\/p>\n\n\n\n<p>Nach dem Tod seines Vaters war Louis Nucera gezwungen, seinen Lebensunterhalt zu verdienen, und wurde \u00abTelefonist\u00bb in einer Bank. Jean Giono hatte selbst in einer Filiale dieses Instituts gearbeitet. Das war ein gutes Omen. Nucera arbeitete sp\u00e4ter als Journalist. Dadurch lernte er Joseph Kessel, Georges Brassens und Jean Cocteau kennen. Seine Lehrer oder Paten in der Literatur. Magische Paten. Der erste \u00fcberzeugte Louis Nucera davon, dass die franz\u00f6sische Sprache eine Art \u00abKloster\u00bb sei und dass man sie nur mit gro\u00dfer Vorsicht betreten d\u00fcrfe. Der zweite gab Lektionen in Bescheidenheit und der dritte Lektionen in H\u00f6flichkeit. Cocteau sagte n\u00e4mlich, dass man die M\u00fche, die man sich beim Schreiben gemacht hatte, aus seinen Texten ausradieren m\u00fcsse. Louis Nucera nahm alle drei Lehren mit. In seinen Romanen (L'Ami, 1974; Avenue des Diables-Bleus, 1979; Chemin de la Lanterne, 1981; Le Kiosque \u00e0 musique, 1984; La Chanson de Maria, 1989; Le Ruban rouge, 1991...) schilderte er mit Feingef\u00fchl die kleinen Leute seiner Stadt, die kleinen Leute, deren Erbe er war. Doch er fragte sich: Warum \u00abkleine Leute\u00bb?<\/p>\n\n\n\n<h3 class=\"wp-block-heading\">DIE H\u00d6FLICHKEIT DER VERZWEIFLUNG<\/h3>\n\n\n\n<p>Sein vielleicht sch\u00f6nstes Buch ist Mes Ports d'attache aus dem Jahr 1994. Darin macht er gewisserma\u00dfen eine Tour der verstorbenen Freunde. Man entdeckt darin zwei Liebhaber von Fahrradtouren, die Henry Miller und Vladimir Nabokov hei\u00dfen. Nat\u00fcrlich trifft man auch Cocteau, Brassens und Kessel. Louis Nucera war ein Meister in der Kunst des Portr\u00e4tierens. Er sagte zum Beispiel: \u00abKessels Gesicht interpretierte die Bewegungen seines Herzens, so wie der Himmel und das Meer die Kapriolen des Wetters zeichnen\u00ab. Das ist gro\u00dfartig.<\/p>\n\n\n\n<p>Im vergangenen Winter hatte Louis Nucera seine Kolumnen aus den Jahren 1994 bis 1999 unter dem Titel Une bouff\u00e9e d'air frais (Ein Hauch frischer Luft, Le Cherche Midi, 2000) zusammengefasst. Man sah einen Mann, der von der Sorge um die Bewunderung geleitet wurde, von dem Wunsch, der Sch\u00f6nheit der Dinge und der Sch\u00f6nheit bestimmter Menschen gerecht zu werden. Er verfolgte eine Bestandsaufnahme seiner Leidenschaften und Vorlieben. Er liebte zarte Menschen, die H\u00f6flichkeit der Verzweiflung, das Malen von Gem\u00fctszust\u00e4nden, den Tango, die Alchemie der Gef\u00fchle, das 18. Arrondissement, die alten Viertel von Nizza, die franz\u00f6sischen Landschaften ... und die Lehrer, die ihren Sch\u00fclern aus dem hinteren Teil des Klassenzimmers, neben der Heizung, die Lust am Lesen vermitteln. Louis Nucera vermischte in seinen Schw\u00e4rmereien die Sieger der Tour de France und die Champions der Literatur. Er hatte viel gelesen, aber er stellte seine Gelehrsamkeit nicht zur Schau. Sie blieb eine Herzensangelegenheit.<\/p>\n\n\n\n<p>Die Epochen sind dazu da, um verunglimpft zu werden, schnurrte Flaubert, wenn er in schlechter Stimmung war. Louis Nucera h\u00e4tte diesen Pessimismus gerne widerlegt, aber er betrachtete unsere Welt mit den Augen eines Moralisten. Und was er beobachtete, machte ihn allzu oft traurig. Wie kann man nicht w\u00fctend werden, wenn die Reden eines Rockers oder eines Fernsehmoderators wichtiger sind als die Worte von Schriftstellern? Dabei waren diese f\u00fcr Nucera \u00abdie Gesandten der Sch\u00f6nheit auf Erden\u00bb. Doch selbst wenn er den Jahrmarkt der Eitelkeiten anprangert, atmen seine Seiten die Freude am Schreiben. Als Verteidiger und Diener der franz\u00f6sischen Sprache hatte Louis Nucera das, was man Stil nennt, sowohl in seinen Lobpreisungen als auch in seinen Vorw\u00fcrfen. In unserer Zeit ist das nicht allzu h\u00e4ufig der Fall.<\/p>\n\n\n\n<p><strong>Fran\u00e7ois Bott<\/strong><\/p>\n\n\n\n<blockquote class=\"wp-block-quote is-layout-flow wp-block-quote-is-layout-flow\">\n<p>Louis Nucera ver\u00f6ffentlichte seinen ersten Roman, L'Obstin\u00e9, 1970 bei Julliard. Der Gro\u00dfteil seines Werks wurde sp\u00e4ter bei Grasset ver\u00f6ffentlicht. Seit Anfang der 1980er Jahre schrieb er zahlreiche Artikel f\u00fcr \u00abLe monde des livres\u00bb. Seine Werke wurden mehrfach ausgezeichnet: 1975 erhielt er den Prix litt\u00e9raire de la R\u00e9sistance f\u00fcr Dora (Latt\u00e8s), 1981 den Prix Interalli\u00e9 f\u00fcr Chemin de la Lanterne, 1987 den Grand Prix de litt\u00e9rature sportive f\u00fcr Mes rayons de soleil und 1991 den Prix Jacques Chardonne f\u00fcr Le Ruban rouge. Schlie\u00dflich w\u00fcrdigte die Acad\u00e9mie fran\u00e7aise 1993 mit ihrem Grand Prix de Litt\u00e9rature sein Gesamtwerk.<\/p>\n<\/blockquote>","protected":false},"excerpt":{"rendered":"<p>Louis Nucera La passion de la litt\u00e9rature, de l&rsquo;amiti\u00e9 et du v\u00e9lo MERCREDI 9 ao\u00fbt, Louis Nucera est mort \u00e0 bicyclette, renvers\u00e9 par un automobiliste, \u00e0 Carros (Alpes-Maritimes), dans cette arri\u00e8re-pays ni\u00e7ois qu&rsquo;il avait si souvent parcouru. Le v\u00e9lo \u00e9tait une de ses passions avec la litt\u00e9rature et l&rsquo;amiti\u00e9. Ses amis se sentent tr\u00e8s seuls [&hellip;]<\/p>\n","protected":false},"author":3,"featured_media":0,"comment_status":"closed","ping_status":"closed","sticky":false,"template":"","format":"standard","meta":{"_acf_changed":false,"footnotes":""},"categories":[476],"tags":[],"class_list":["post-95273","post","type-post","status-publish","format-standard","hentry","category-476"],"acf":[],"yoast_head":"<!-- This site is optimized with the Yoast SEO plugin v27.2 - https:\/\/yoast.com\/product\/yoast-seo-wordpress\/ -->\n<title>13\/08\/00 : disparition de Louis Nucera. Michel de Br\u00e9bisson a souhait\u00e9 faire reproduire le papier du Monde \u00e9crit par un des amis de Louis - Club des Cent Cols<\/title>\n<meta name=\"robots\" content=\"index, follow, max-snippet:-1, max-image-preview:large, max-video-preview:-1\" \/>\n<link rel=\"canonical\" href=\"https:\/\/centcols.org\/de\/verschwinden-von-louis-nucera-2\/\" \/>\n<meta property=\"og:locale\" content=\"de_DE\" \/>\n<meta property=\"og:type\" content=\"article\" \/>\n<meta property=\"og:title\" content=\"13\/08\/00 : disparition de Louis Nucera. Michel de Br\u00e9bisson a souhait\u00e9 faire reproduire le papier du Monde \u00e9crit par un des amis de Louis - Club des Cent Cols\" \/>\n<meta property=\"og:description\" content=\"Louis Nucera La passion de la litt\u00e9rature, de l&rsquo;amiti\u00e9 et du v\u00e9lo MERCREDI 9 ao\u00fbt, Louis Nucera est mort \u00e0 bicyclette, renvers\u00e9 par un automobiliste, \u00e0 Carros (Alpes-Maritimes), dans cette arri\u00e8re-pays ni\u00e7ois qu&rsquo;il avait si souvent parcouru. Le v\u00e9lo \u00e9tait une de ses passions avec la litt\u00e9rature et l&rsquo;amiti\u00e9. Ses amis se sentent tr\u00e8s seuls [&hellip;]\" \/>\n<meta property=\"og:url\" content=\"https:\/\/centcols.org\/de\/verschwinden-von-louis-nucera-2\/\" \/>\n<meta property=\"og:site_name\" content=\"Club des Cent Cols\" \/>\n<meta property=\"article:publisher\" content=\"https:\/\/www.facebook.com\/groups\/5261880558\/?locale=fr_FR\" \/>\n<meta property=\"article:published_time\" content=\"2000-08-13T20:25:00+00:00\" \/>\n<meta property=\"article:modified_time\" content=\"2026-04-17T20:26:58+00:00\" \/>\n<meta name=\"author\" content=\"Webmestre\" \/>\n<meta name=\"twitter:card\" content=\"summary_large_image\" \/>\n<meta name=\"twitter:label1\" content=\"Verfasst von\" \/>\n\t<meta name=\"twitter:data1\" content=\"Webmestre\" \/>\n\t<meta name=\"twitter:label2\" content=\"Gesch\u00e4tzte Lesezeit\" \/>\n\t<meta name=\"twitter:data2\" content=\"4\u00a0Minuten\" \/>\n<script type=\"application\/ld+json\" class=\"yoast-schema-graph\">{\"@context\":\"https:\/\/schema.org\",\"@graph\":[{\"@type\":\"Article\",\"@id\":\"https:\/\/centcols.org\/es\/disparition-de-louis-nucera-2\/#article\",\"isPartOf\":{\"@id\":\"https:\/\/centcols.org\/es\/disparition-de-louis-nucera-2\/\"},\"author\":{\"name\":\"Webmestre\",\"@id\":\"https:\/\/centcols.org\/#\/schema\/person\/911b404fb133d8c913dd27cdcf71c8e5\"},\"headline\":\"13\/08\/00 : disparition de Louis Nucera. Michel de Br\u00e9bisson a souhait\u00e9 faire reproduire le papier du Monde \u00e9crit par un des amis de Louis\",\"datePublished\":\"2000-08-13T20:25:00+00:00\",\"dateModified\":\"2026-04-17T20:26:58+00:00\",\"mainEntityOfPage\":{\"@id\":\"https:\/\/centcols.org\/es\/disparition-de-louis-nucera-2\/\"},\"wordCount\":966,\"publisher\":{\"@id\":\"https:\/\/centcols.org\/#organization\"},\"articleSection\":[\"2000\"],\"inLanguage\":\"de\"},{\"@type\":\"WebPage\",\"@id\":\"https:\/\/centcols.org\/es\/disparition-de-louis-nucera-2\/\",\"url\":\"https:\/\/centcols.org\/es\/disparition-de-louis-nucera-2\/\",\"name\":\"13\/08\/00 : disparition de Louis Nucera. Michel de Br\u00e9bisson a souhait\u00e9 faire reproduire le papier du Monde \u00e9crit par un des amis de Louis - Club des Cent Cols\",\"isPartOf\":{\"@id\":\"https:\/\/centcols.org\/#website\"},\"datePublished\":\"2000-08-13T20:25:00+00:00\",\"dateModified\":\"2026-04-17T20:26:58+00:00\",\"breadcrumb\":{\"@id\":\"https:\/\/centcols.org\/es\/disparition-de-louis-nucera-2\/#breadcrumb\"},\"inLanguage\":\"de\",\"potentialAction\":[{\"@type\":\"ReadAction\",\"target\":[\"https:\/\/centcols.org\/es\/disparition-de-louis-nucera-2\/\"]}]},{\"@type\":\"BreadcrumbList\",\"@id\":\"https:\/\/centcols.org\/es\/disparition-de-louis-nucera-2\/#breadcrumb\",\"itemListElement\":[{\"@type\":\"ListItem\",\"position\":1,\"name\":\"Accueil\",\"item\":\"https:\/\/centcols.org\/\"},{\"@type\":\"ListItem\",\"position\":2,\"name\":\"Articles de presse et vid\u00e9os\",\"item\":\"https:\/\/centcols.org\/rubrique\/articles-de-presse-et-videos\/\"},{\"@type\":\"ListItem\",\"position\":3,\"name\":\"2000\",\"item\":\"https:\/\/centcols.org\/es\/rubrique\/articles-de-presse-et-videos\/2000\/\"},{\"@type\":\"ListItem\",\"position\":4,\"name\":\"13\/08\/00 : disparition de Louis Nucera. Michel de Br\u00e9bisson a souhait\u00e9 faire reproduire le papier du Monde \u00e9crit par un des amis de Louis\"}]},{\"@type\":\"WebSite\",\"@id\":\"https:\/\/centcols.org\/#website\",\"url\":\"https:\/\/centcols.org\/\",\"name\":\"Club des Cent Cols\",\"description\":\"\",\"publisher\":{\"@id\":\"https:\/\/centcols.org\/#organization\"},\"potentialAction\":[{\"@type\":\"SearchAction\",\"target\":{\"@type\":\"EntryPoint\",\"urlTemplate\":\"https:\/\/centcols.org\/?s={search_term_string}\"},\"query-input\":{\"@type\":\"PropertyValueSpecification\",\"valueRequired\":true,\"valueName\":\"search_term_string\"}}],\"inLanguage\":\"de\"},{\"@type\":\"Organization\",\"@id\":\"https:\/\/centcols.org\/#organization\",\"name\":\"Club des Cent Cols\",\"url\":\"https:\/\/centcols.org\/\",\"logo\":{\"@type\":\"ImageObject\",\"inLanguage\":\"de\",\"@id\":\"https:\/\/centcols.org\/#\/schema\/logo\/image\/\",\"url\":\"https:\/\/centcols.org\/wp-content\/uploads\/2025\/01\/carte-icone.png\",\"contentUrl\":\"https:\/\/centcols.org\/wp-content\/uploads\/2025\/01\/carte-icone.png\",\"width\":250,\"height\":250,\"caption\":\"Club des Cent Cols\"},\"image\":{\"@id\":\"https:\/\/centcols.org\/#\/schema\/logo\/image\/\"},\"sameAs\":[\"https:\/\/www.facebook.com\/groups\/5261880558\/?locale=fr_FR\"]},{\"@type\":\"Person\",\"@id\":\"https:\/\/centcols.org\/#\/schema\/person\/911b404fb133d8c913dd27cdcf71c8e5\",\"name\":\"Webmestre\",\"image\":{\"@type\":\"ImageObject\",\"inLanguage\":\"de\",\"@id\":\"https:\/\/centcols.org\/wp-content\/litespeed\/avatar\/2d246e4b6b4f773e08515e1ffc53690b.jpg?ver=1777222892\",\"url\":\"https:\/\/centcols.org\/wp-content\/litespeed\/avatar\/2d246e4b6b4f773e08515e1ffc53690b.jpg?ver=1777222892\",\"contentUrl\":\"https:\/\/centcols.org\/wp-content\/litespeed\/avatar\/2d246e4b6b4f773e08515e1ffc53690b.jpg?ver=1777222892\",\"caption\":\"Webmestre\"},\"url\":\"https:\/\/centcols.org\/de\/author\/webmestre\/\"}]}<\/script>\n<!-- \/ Yoast SEO plugin. -->","yoast_head_json":{"title":"13\/08\/00: Louis Nucera verschwindet. Michel de Br\u00e9bisson wollte den Artikel aus Le Monde abdrucken lassen, der von einem von Louis' Freunden geschrieben wurde - Club des Cent Cols","robots":{"index":"index","follow":"follow","max-snippet":"max-snippet:-1","max-image-preview":"max-image-preview:large","max-video-preview":"max-video-preview:-1"},"canonical":"https:\/\/centcols.org\/de\/verschwinden-von-louis-nucera-2\/","og_locale":"de_DE","og_type":"article","og_title":"13\/08\/00 : disparition de Louis Nucera. Michel de Br\u00e9bisson a souhait\u00e9 faire reproduire le papier du Monde \u00e9crit par un des amis de Louis - Club des Cent Cols","og_description":"Louis Nucera La passion de la litt\u00e9rature, de l&rsquo;amiti\u00e9 et du v\u00e9lo MERCREDI 9 ao\u00fbt, Louis Nucera est mort \u00e0 bicyclette, renvers\u00e9 par un automobiliste, \u00e0 Carros (Alpes-Maritimes), dans cette arri\u00e8re-pays ni\u00e7ois qu&rsquo;il avait si souvent parcouru. Le v\u00e9lo \u00e9tait une de ses passions avec la litt\u00e9rature et l&rsquo;amiti\u00e9. Ses amis se sentent tr\u00e8s seuls [&hellip;]","og_url":"https:\/\/centcols.org\/de\/verschwinden-von-louis-nucera-2\/","og_site_name":"Club des Cent Cols","article_publisher":"https:\/\/www.facebook.com\/groups\/5261880558\/?locale=fr_FR","article_published_time":"2000-08-13T20:25:00+00:00","article_modified_time":"2026-04-17T20:26:58+00:00","author":"Webmestre","twitter_card":"summary_large_image","twitter_misc":{"Verfasst von":"Webmestre","Gesch\u00e4tzte Lesezeit":"4\u00a0Minuten"},"schema":{"@context":"https:\/\/schema.org","@graph":[{"@type":"Article","@id":"https:\/\/centcols.org\/es\/disparition-de-louis-nucera-2\/#article","isPartOf":{"@id":"https:\/\/centcols.org\/es\/disparition-de-louis-nucera-2\/"},"author":{"name":"Webmestre","@id":"https:\/\/centcols.org\/#\/schema\/person\/911b404fb133d8c913dd27cdcf71c8e5"},"headline":"13\/08\/00 : disparition de Louis Nucera. Michel de Br\u00e9bisson a souhait\u00e9 faire reproduire le papier du Monde \u00e9crit par un des amis de Louis","datePublished":"2000-08-13T20:25:00+00:00","dateModified":"2026-04-17T20:26:58+00:00","mainEntityOfPage":{"@id":"https:\/\/centcols.org\/es\/disparition-de-louis-nucera-2\/"},"wordCount":966,"publisher":{"@id":"https:\/\/centcols.org\/#organization"},"articleSection":["2000"],"inLanguage":"de"},{"@type":"WebPage","@id":"https:\/\/centcols.org\/es\/disparition-de-louis-nucera-2\/","url":"https:\/\/centcols.org\/es\/disparition-de-louis-nucera-2\/","name":"13\/08\/00: Louis Nucera verschwindet. Michel de Br\u00e9bisson wollte den Artikel aus Le Monde abdrucken lassen, der von einem von Louis' Freunden geschrieben wurde - Club des Cent Cols","isPartOf":{"@id":"https:\/\/centcols.org\/#website"},"datePublished":"2000-08-13T20:25:00+00:00","dateModified":"2026-04-17T20:26:58+00:00","breadcrumb":{"@id":"https:\/\/centcols.org\/es\/disparition-de-louis-nucera-2\/#breadcrumb"},"inLanguage":"de","potentialAction":[{"@type":"ReadAction","target":["https:\/\/centcols.org\/es\/disparition-de-louis-nucera-2\/"]}]},{"@type":"BreadcrumbList","@id":"https:\/\/centcols.org\/es\/disparition-de-louis-nucera-2\/#breadcrumb","itemListElement":[{"@type":"ListItem","position":1,"name":"Accueil","item":"https:\/\/centcols.org\/"},{"@type":"ListItem","position":2,"name":"Articles de presse et vid\u00e9os","item":"https:\/\/centcols.org\/rubrique\/articles-de-presse-et-videos\/"},{"@type":"ListItem","position":3,"name":"2000","item":"https:\/\/centcols.org\/es\/rubrique\/articles-de-presse-et-videos\/2000\/"},{"@type":"ListItem","position":4,"name":"13\/08\/00 : disparition de Louis Nucera. Michel de Br\u00e9bisson a souhait\u00e9 faire reproduire le papier du Monde \u00e9crit par un des amis de Louis"}]},{"@type":"WebSite","@id":"https:\/\/centcols.org\/#website","url":"https:\/\/centcols.org\/","name":"Club des Cent Cols","description":"","publisher":{"@id":"https:\/\/centcols.org\/#organization"},"potentialAction":[{"@type":"SearchAction","target":{"@type":"EntryPoint","urlTemplate":"https:\/\/centcols.org\/?s={search_term_string}"},"query-input":{"@type":"PropertyValueSpecification","valueRequired":true,"valueName":"search_term_string"}}],"inLanguage":"de"},{"@type":"Organization","@id":"https:\/\/centcols.org\/#organization","name":"Club des Cent Cols","url":"https:\/\/centcols.org\/","logo":{"@type":"ImageObject","inLanguage":"de","@id":"https:\/\/centcols.org\/#\/schema\/logo\/image\/","url":"https:\/\/centcols.org\/wp-content\/uploads\/2025\/01\/carte-icone.png","contentUrl":"https:\/\/centcols.org\/wp-content\/uploads\/2025\/01\/carte-icone.png","width":250,"height":250,"caption":"Club des Cent Cols"},"image":{"@id":"https:\/\/centcols.org\/#\/schema\/logo\/image\/"},"sameAs":["https:\/\/www.facebook.com\/groups\/5261880558\/?locale=fr_FR"]},{"@type":"Person","@id":"https:\/\/centcols.org\/#\/schema\/person\/911b404fb133d8c913dd27cdcf71c8e5","name":"Webmaster","image":{"@type":"ImageObject","inLanguage":"de","@id":"https:\/\/centcols.org\/wp-content\/litespeed\/avatar\/2d246e4b6b4f773e08515e1ffc53690b.jpg?ver=1777222892","url":"https:\/\/centcols.org\/wp-content\/litespeed\/avatar\/2d246e4b6b4f773e08515e1ffc53690b.jpg?ver=1777222892","contentUrl":"https:\/\/centcols.org\/wp-content\/litespeed\/avatar\/2d246e4b6b4f773e08515e1ffc53690b.jpg?ver=1777222892","caption":"Webmestre"},"url":"https:\/\/centcols.org\/de\/author\/webmestre\/"}]}},"_links":{"self":[{"href":"https:\/\/centcols.org\/de\/wp-json\/wp\/v2\/posts\/95273","targetHints":{"allow":["GET"]}}],"collection":[{"href":"https:\/\/centcols.org\/de\/wp-json\/wp\/v2\/posts"}],"about":[{"href":"https:\/\/centcols.org\/de\/wp-json\/wp\/v2\/types\/post"}],"author":[{"embeddable":true,"href":"https:\/\/centcols.org\/de\/wp-json\/wp\/v2\/users\/3"}],"replies":[{"embeddable":true,"href":"https:\/\/centcols.org\/de\/wp-json\/wp\/v2\/comments?post=95273"}],"version-history":[{"count":0,"href":"https:\/\/centcols.org\/de\/wp-json\/wp\/v2\/posts\/95273\/revisions"}],"wp:attachment":[{"href":"https:\/\/centcols.org\/de\/wp-json\/wp\/v2\/media?parent=95273"}],"wp:term":[{"taxonomy":"category","embeddable":true,"href":"https:\/\/centcols.org\/de\/wp-json\/wp\/v2\/categories?post=95273"},{"taxonomy":"post_tag","embeddable":true,"href":"https:\/\/centcols.org\/de\/wp-json\/wp\/v2\/tags?post=95273"}],"curies":[{"name":"wp","href":"https:\/\/api.w.org\/{rel}","templated":true}]}}