{"id":95475,"date":"2008-03-20T20:24:00","date_gmt":"2008-03-20T18:24:00","guid":{"rendered":"https:\/\/centcols.org\/?p=95475"},"modified":"2026-04-19T20:26:11","modified_gmt":"2026-04-19T18:26:11","slug":"ab-paris-peking","status":"publish","type":"post","link":"https:\/\/centcols.org\/de\/au-depart-du-paris-pekin\/","title":{"rendered":"20\/03\/2008 Les Cent-Cols am Start von Paris-Peking"},"content":{"rendered":"<p><a class=\"iframe-fancybox\" href=\"https:\/\/centcols.org\/voyages\/parispekin\/blog.php\" target=\"_blank\" rel=\"noopener\">Die Textnachrichten der Teilnehmer<\/a><\/p>\n\n\n\n<p><a class=\"iframe-fancybox\" href=\"http:\/\/centcols.org\/de\/quoi_de_neuf\/2008\/paris-pekin\/participants.htm\/\" target=\"_blank\" rel=\"noopener\">Liste der Teilnehmer<\/a><\/p>\n\n\n\n<p>Weiter im S\u00fcden ging der Aufenthalt in Agay zu Ende. Am Sonntag, den 16. M\u00e4rz 2008, kamen 100 Bergsteiger aus der Ile-de-France, um sich zu verabschieden und die 19 Br\u00fcder unter den 105 Radfahrern und Organisatoren aus verschiedenen L\u00e4ndern zu unterst\u00fctzen.<br>Sie sind zwischen 19 und 76 Jahre alt und begeben sich auf ein gro\u00dfes Abenteuer \u00fcber 12 000 km von Paris nach Peking.<\/p>\n\n\n\n<p>Bei tr\u00fcbem Wetter, das aber manchmal ein paar Sonnenstrahlen durchlie\u00df, herrschte im Startdorf schon beim ersten Licht der Morgend\u00e4mmerung reges Treiben.<br>Unsere Mitglieder, die alle auf ihren neuen Fahrr\u00e4dern, die jedem von ihnen vor einem Monat zugeteilt worden waren, gesch\u00e4rft waren, zeigten mal ein L\u00e4cheln, mal ein wenig die Nervosit\u00e4t, die oft die letzten Minuten vor gro\u00dfen Patenten kennzeichnet.<\/p>\n\n\n\n<p>Nach einem offiziellen Foto vor dem Eiffelturm (das n\u00e4chste wird vor der Gro\u00dfen Mauer sein) war es schwierig, alle Mitglieder wie geplant f\u00fcr das Gruppenfoto 100 P\u00e4sse zu versammeln, zumal sich die meisten nicht kannten. In den f\u00fcnf Monaten ihres Zusammenlebens werden sie sicherlich Zeit haben, dies zu \u00e4ndern.<br>Hier sind einige Portr\u00e4ts derjenigen, die unsere Farben vielleicht auf den gro\u00dfen P\u00e4ssen in Kirgisistan oder China tragen werden.<\/p>\n\n\n\n<p>W\u00fcnschen wir ihnen eine gute Reise und viel Mut, um in diese so weit entfernten L\u00e4nder zu reisen.<\/p>\n\n\n\n<p>Didier REMOND - DT01<\/p>\n\n\n\n<p>Vielen Dank an die verschiedenen Fotografen, die mir ihre Fotos weitergeleitet haben: B.Mareuil, C.Proponet, Marie-Lou Cauchon.<\/p>\n\n\n\n<figure class=\"wp-block-gallery has-nested-images columns-3 is-cropped wp-block-gallery-1 is-layout-flex wp-block-gallery-is-layout-flex\">\n<figure class=\"wp-block-image size-full\"><img loading=\"lazy\" decoding=\"async\" width=\"375\" height=\"500\" data-id=\"81199\" src=\"https:\/\/centcols.org\/wp-content\/uploads\/2025\/05\/paris-pekin-23.jpg\" alt=\"\" class=\"wp-image-81199\"\/><\/figure>\n\n\n\n<figure class=\"wp-block-image size-full\"><img loading=\"lazy\" decoding=\"async\" width=\"640\" height=\"480\" data-id=\"81200\" src=\"https:\/\/centcols.org\/wp-content\/uploads\/2025\/05\/paris-pekin-24.jpg\" alt=\"\" class=\"wp-image-81200\"\/><\/figure>\n\n\n\n<figure class=\"wp-block-image size-full\"><img loading=\"lazy\" decoding=\"async\" width=\"640\" height=\"480\" data-id=\"81201\" src=\"https:\/\/centcols.org\/wp-content\/uploads\/2025\/05\/paris-pekin-25.jpg\" alt=\"\" class=\"wp-image-81201\"\/><\/figure>\n\n\n\n<figure class=\"wp-block-image size-large\"><img decoding=\"async\" src=\"https:\/\/centcols.org\/wp-content\/uploads\/2025\/05\/paris-pekin-26.jpg\" alt=\"\"\/><\/figure>\n\n\n\n<figure class=\"wp-block-image size-large\"><img decoding=\"async\" src=\"https:\/\/centcols.org\/wp-content\/uploads\/2025\/05\/paris-pekin-27.jpg\" alt=\"\"\/><\/figure>\n\n\n\n<figure class=\"wp-block-image size-full\"><img loading=\"lazy\" decoding=\"async\" width=\"640\" height=\"480\" data-id=\"81204\" src=\"https:\/\/centcols.org\/wp-content\/uploads\/2025\/05\/paris-pekin-28.jpg\" alt=\"\" class=\"wp-image-81204\"\/><\/figure>\n\n\n\n<figure class=\"wp-block-image size-full\"><img loading=\"lazy\" decoding=\"async\" width=\"640\" height=\"480\" data-id=\"81205\" src=\"https:\/\/centcols.org\/wp-content\/uploads\/2025\/05\/paris-pekin-01.jpg\" alt=\"\" class=\"wp-image-81205\"\/><\/figure>\n\n\n\n<figure class=\"wp-block-image size-large\"><img decoding=\"async\" src=\"https:\/\/centcols.org\/wp-content\/uploads\/2025\/05\/paris-pekin-02.jpg\" alt=\"\"\/><\/figure>\n\n\n\n<figure class=\"wp-block-image size-large\"><img decoding=\"async\" src=\"https:\/\/centcols.org\/wp-content\/uploads\/2025\/05\/paris-pekin-03.jpg\" alt=\"\"\/><\/figure>\n\n\n\n<figure class=\"wp-block-image size-large\"><img decoding=\"async\" src=\"https:\/\/centcols.org\/wp-content\/uploads\/2025\/05\/paris-pekin-04.jpg\" alt=\"\"\/><\/figure>\n\n\n\n<figure class=\"wp-block-image size-full\"><img decoding=\"async\" data-id=\"81211\" src=\"https:\/\/centcols.org\/wp-content\/uploads\/2025\/05\/paris-pekin-05.jpg\" alt=\"\" class=\"wp-image-81211\"\/><\/figure>\n\n\n\n<figure class=\"wp-block-image size-full\"><img decoding=\"async\" data-id=\"81212\" src=\"https:\/\/centcols.org\/wp-content\/uploads\/2025\/05\/paris-pekin-06.jpg\" alt=\"\" class=\"wp-image-81212\"\/><\/figure>\n\n\n\n<figure class=\"wp-block-image size-full\"><img decoding=\"async\" data-id=\"81213\" src=\"https:\/\/centcols.org\/wp-content\/uploads\/2025\/05\/paris-pekin-07.jpg\" alt=\"\" class=\"wp-image-81213\"\/><\/figure>\n\n\n\n<figure class=\"wp-block-image size-full\"><img decoding=\"async\" data-id=\"81214\" src=\"https:\/\/centcols.org\/wp-content\/uploads\/2025\/05\/paris-pekin-08.jpg\" alt=\"\" class=\"wp-image-81214\"\/><\/figure>\n\n\n\n<figure class=\"wp-block-image size-full\"><img decoding=\"async\" data-id=\"81215\" src=\"https:\/\/centcols.org\/wp-content\/uploads\/2025\/05\/paris-pekin-09.jpg\" alt=\"\" class=\"wp-image-81215\"\/><\/figure>\n\n\n\n<figure class=\"wp-block-image size-full\"><img decoding=\"async\" data-id=\"81216\" src=\"https:\/\/centcols.org\/wp-content\/uploads\/2025\/05\/paris-pekin-10.jpg\" alt=\"\" class=\"wp-image-81216\"\/><\/figure>\n\n\n\n<figure class=\"wp-block-image size-full\"><img decoding=\"async\" data-id=\"81217\" src=\"https:\/\/centcols.org\/wp-content\/uploads\/2025\/05\/paris-pekin-11.jpg\" alt=\"\" class=\"wp-image-81217\"\/><\/figure>\n\n\n\n<figure class=\"wp-block-image size-full\"><img decoding=\"async\" data-id=\"81218\" src=\"https:\/\/centcols.org\/wp-content\/uploads\/2025\/05\/paris-pekin-12.jpg\" alt=\"\" class=\"wp-image-81218\"\/><\/figure>\n\n\n\n<figure class=\"wp-block-image size-full\"><img decoding=\"async\" data-id=\"81219\" src=\"https:\/\/centcols.org\/wp-content\/uploads\/2025\/05\/paris-pekin-13.jpg\" alt=\"\" class=\"wp-image-81219\"\/><\/figure>\n\n\n\n<figure class=\"wp-block-image size-full\"><img decoding=\"async\" data-id=\"81220\" src=\"https:\/\/centcols.org\/wp-content\/uploads\/2025\/05\/paris-pekin-14.jpg\" alt=\"\" class=\"wp-image-81220\"\/><\/figure>\n\n\n\n<figure class=\"wp-block-image size-full\"><img decoding=\"async\" data-id=\"81221\" src=\"https:\/\/centcols.org\/wp-content\/uploads\/2025\/05\/paris-pekin-15.jpg\" alt=\"\" class=\"wp-image-81221\"\/><\/figure>\n\n\n\n<figure class=\"wp-block-image size-full\"><img decoding=\"async\" data-id=\"81222\" src=\"https:\/\/centcols.org\/wp-content\/uploads\/2025\/05\/paris-pekin-16.jpg\" alt=\"\" class=\"wp-image-81222\"\/><\/figure>\n\n\n\n<figure class=\"wp-block-image size-full\"><img decoding=\"async\" data-id=\"81223\" src=\"https:\/\/centcols.org\/wp-content\/uploads\/2025\/05\/paris-pekin-17.jpg\" alt=\"\" class=\"wp-image-81223\"\/><\/figure>\n\n\n\n<figure class=\"wp-block-image size-full\"><img decoding=\"async\" data-id=\"81224\" src=\"https:\/\/centcols.org\/wp-content\/uploads\/2025\/05\/paris-pekin-18.jpg\" alt=\"\" class=\"wp-image-81224\"\/><\/figure>\n\n\n\n<figure class=\"wp-block-image size-full\"><img decoding=\"async\" data-id=\"81225\" src=\"https:\/\/centcols.org\/wp-content\/uploads\/2025\/05\/paris-pekin-19.jpg\" alt=\"\" class=\"wp-image-81225\"\/><\/figure>\n\n\n\n<figure class=\"wp-block-image size-full\"><img decoding=\"async\" data-id=\"81226\" src=\"https:\/\/centcols.org\/wp-content\/uploads\/2025\/05\/paris-pekin-20.jpg\" alt=\"\" class=\"wp-image-81226\"\/><\/figure>\n\n\n\n<figure class=\"wp-block-image size-full\"><img decoding=\"async\" data-id=\"81199\" src=\"https:\/\/centcols.org\/wp-content\/uploads\/2025\/05\/paris-pekin-21.jpg\" alt=\"\" class=\"wp-image-81199\"\/><\/figure>\n\n\n\n<figure class=\"wp-block-image size-full\"><img decoding=\"async\" data-id=\"81200\" src=\"https:\/\/centcols.org\/wp-content\/uploads\/2025\/05\/paris-pekin-22.jpg\" alt=\"\" class=\"wp-image-81200\"\/><\/figure>\n<\/figure>","protected":false},"excerpt":{"rendered":"<p>Les texto des participants Liste des participants Alors que plus au sud le s\u00e9jour d\u2019Agay se terminait. Le dimanche 16 mars 2008, quelques 100 cols franciliens sont venir dire un au revoir et apporter leur soutien aux 19 confr\u00e8res parmi les 105 cyclos et organisateurs de diff\u00e9rents pays.\u00c2g\u00e9s de 19 \u00e0 76 ans, ils partent [&hellip;]<\/p>\n","protected":false},"author":5112,"featured_media":81212,"comment_status":"closed","ping_status":"closed","sticky":false,"template":"","format":"standard","meta":{"_acf_changed":false,"footnotes":""},"categories":[249],"tags":[],"class_list":["post-95475","post","type-post","status-publish","format-standard","has-post-thumbnail","hentry","category-249"],"acf":[],"yoast_head":"<!-- This site is optimized with the Yoast SEO plugin v27.2 - https:\/\/yoast.com\/product\/yoast-seo-wordpress\/ -->\n<title>20\/03\/2008 Les Cent-Cols au d\u00e9part du Paris-P\u00e9kin - Club des Cent Cols<\/title>\n<meta name=\"robots\" content=\"index, follow, max-snippet:-1, max-image-preview:large, max-video-preview:-1\" \/>\n<link rel=\"canonical\" href=\"https:\/\/centcols.org\/de\/ab-paris-peking\/\" \/>\n<meta property=\"og:locale\" content=\"de_DE\" \/>\n<meta property=\"og:type\" content=\"article\" \/>\n<meta property=\"og:title\" content=\"20\/03\/2008 Les Cent-Cols au d\u00e9part du Paris-P\u00e9kin - Club des Cent Cols\" \/>\n<meta property=\"og:description\" content=\"Les texto des participants Liste des participants Alors que plus au sud le s\u00e9jour d\u2019Agay se terminait. Le dimanche 16 mars 2008, quelques 100 cols franciliens sont venir dire un au revoir et apporter leur soutien aux 19 confr\u00e8res parmi les 105 cyclos et organisateurs de diff\u00e9rents pays.\u00c2g\u00e9s de 19 \u00e0 76 ans, ils partent [&hellip;]\" \/>\n<meta property=\"og:url\" content=\"https:\/\/centcols.org\/de\/ab-paris-peking\/\" \/>\n<meta property=\"og:site_name\" content=\"Club des Cent Cols\" \/>\n<meta property=\"article:publisher\" content=\"https:\/\/www.facebook.com\/groups\/5261880558\/?locale=fr_FR\" \/>\n<meta property=\"article:published_time\" content=\"2008-03-20T18:24:00+00:00\" \/>\n<meta property=\"article:modified_time\" content=\"2026-04-19T18:26:11+00:00\" \/>\n<meta property=\"og:image\" content=\"https:\/\/centcols.org\/wp-content\/uploads\/2025\/05\/paris-pekin-08.jpg\" \/>\n\t<meta property=\"og:image:width\" content=\"640\" \/>\n\t<meta property=\"og:image:height\" content=\"480\" \/>\n\t<meta property=\"og:image:type\" content=\"image\/jpeg\" \/>\n<meta name=\"author\" content=\"R\u00e9gis Paraz\" \/>\n<meta name=\"twitter:card\" content=\"summary_large_image\" \/>\n<meta name=\"twitter:label1\" content=\"Verfasst von\" \/>\n\t<meta name=\"twitter:data1\" content=\"R\u00e9gis Paraz\" \/>\n\t<meta name=\"twitter:label2\" content=\"Gesch\u00e4tzte Lesezeit\" \/>\n\t<meta name=\"twitter:data2\" content=\"8\u00a0Minuten\" \/>\n<script type=\"application\/ld+json\" class=\"yoast-schema-graph\">{\"@context\":\"https:\/\/schema.org\",\"@graph\":[{\"@type\":\"Article\",\"@id\":\"https:\/\/centcols.org\/it\/au-depart-du-paris-pekin\/#article\",\"isPartOf\":{\"@id\":\"https:\/\/centcols.org\/it\/au-depart-du-paris-pekin\/\"},\"author\":{\"name\":\"R\u00e9gis Paraz\",\"@id\":\"https:\/\/centcols.org\/#\/schema\/person\/6733615a03fdc98c0aef104567c81e13\"},\"headline\":\"20\/03\/2008 Les Cent-Cols au d\u00e9part du Paris-P\u00e9kin\",\"datePublished\":\"2008-03-20T18:24:00+00:00\",\"dateModified\":\"2026-04-19T18:26:11+00:00\",\"mainEntityOfPage\":{\"@id\":\"https:\/\/centcols.org\/it\/au-depart-du-paris-pekin\/\"},\"wordCount\":278,\"publisher\":{\"@id\":\"https:\/\/centcols.org\/#organization\"},\"image\":{\"@id\":\"https:\/\/centcols.org\/it\/au-depart-du-paris-pekin\/#primaryimage\"},\"thumbnailUrl\":\"https:\/\/centcols.org\/wp-content\/uploads\/2025\/05\/paris-pekin-08.jpg\",\"articleSection\":[\"2008\"],\"inLanguage\":\"de\"},{\"@type\":\"WebPage\",\"@id\":\"https:\/\/centcols.org\/it\/au-depart-du-paris-pekin\/\",\"url\":\"https:\/\/centcols.org\/it\/au-depart-du-paris-pekin\/\",\"name\":\"20\/03\/2008 Les Cent-Cols au d\u00e9part du Paris-P\u00e9kin - Club des Cent Cols\",\"isPartOf\":{\"@id\":\"https:\/\/centcols.org\/#website\"},\"primaryImageOfPage\":{\"@id\":\"https:\/\/centcols.org\/it\/au-depart-du-paris-pekin\/#primaryimage\"},\"image\":{\"@id\":\"https:\/\/centcols.org\/it\/au-depart-du-paris-pekin\/#primaryimage\"},\"thumbnailUrl\":\"https:\/\/centcols.org\/wp-content\/uploads\/2025\/05\/paris-pekin-08.jpg\",\"datePublished\":\"2008-03-20T18:24:00+00:00\",\"dateModified\":\"2026-04-19T18:26:11+00:00\",\"breadcrumb\":{\"@id\":\"https:\/\/centcols.org\/it\/au-depart-du-paris-pekin\/#breadcrumb\"},\"inLanguage\":\"de\",\"potentialAction\":[{\"@type\":\"ReadAction\",\"target\":[\"https:\/\/centcols.org\/it\/au-depart-du-paris-pekin\/\"]}]},{\"@type\":\"ImageObject\",\"inLanguage\":\"de\",\"@id\":\"https:\/\/centcols.org\/it\/au-depart-du-paris-pekin\/#primaryimage\",\"url\":\"https:\/\/centcols.org\/wp-content\/uploads\/2025\/05\/paris-pekin-08.jpg\",\"contentUrl\":\"https:\/\/centcols.org\/wp-content\/uploads\/2025\/05\/paris-pekin-08.jpg\",\"width\":640,\"height\":480},{\"@type\":\"BreadcrumbList\",\"@id\":\"https:\/\/centcols.org\/it\/au-depart-du-paris-pekin\/#breadcrumb\",\"itemListElement\":[{\"@type\":\"ListItem\",\"position\":1,\"name\":\"Accueil\",\"item\":\"https:\/\/centcols.org\/\"},{\"@type\":\"ListItem\",\"position\":2,\"name\":\"Articles de presse et vid\u00e9os\",\"item\":\"https:\/\/centcols.org\/rubrique\/articles-de-presse-et-videos\/\"},{\"@type\":\"ListItem\",\"position\":3,\"name\":\"2008\",\"item\":\"https:\/\/centcols.org\/rubrique\/articles-de-presse-et-videos\/2008\/\"},{\"@type\":\"ListItem\",\"position\":4,\"name\":\"20\/03\/2008 Les Cent-Cols au d\u00e9part du Paris-P\u00e9kin\"}]},{\"@type\":\"WebSite\",\"@id\":\"https:\/\/centcols.org\/#website\",\"url\":\"https:\/\/centcols.org\/\",\"name\":\"Club des Cent Cols\",\"description\":\"\",\"publisher\":{\"@id\":\"https:\/\/centcols.org\/#organization\"},\"potentialAction\":[{\"@type\":\"SearchAction\",\"target\":{\"@type\":\"EntryPoint\",\"urlTemplate\":\"https:\/\/centcols.org\/?s={search_term_string}\"},\"query-input\":{\"@type\":\"PropertyValueSpecification\",\"valueRequired\":true,\"valueName\":\"search_term_string\"}}],\"inLanguage\":\"de\"},{\"@type\":\"Organization\",\"@id\":\"https:\/\/centcols.org\/#organization\",\"name\":\"Club des Cent Cols\",\"url\":\"https:\/\/centcols.org\/\",\"logo\":{\"@type\":\"ImageObject\",\"inLanguage\":\"de\",\"@id\":\"https:\/\/centcols.org\/#\/schema\/logo\/image\/\",\"url\":\"https:\/\/centcols.org\/wp-content\/uploads\/2025\/01\/carte-icone.png\",\"contentUrl\":\"https:\/\/centcols.org\/wp-content\/uploads\/2025\/01\/carte-icone.png\",\"width\":250,\"height\":250,\"caption\":\"Club des Cent Cols\"},\"image\":{\"@id\":\"https:\/\/centcols.org\/#\/schema\/logo\/image\/\"},\"sameAs\":[\"https:\/\/www.facebook.com\/groups\/5261880558\/?locale=fr_FR\"]},{\"@type\":\"Person\",\"@id\":\"https:\/\/centcols.org\/#\/schema\/person\/6733615a03fdc98c0aef104567c81e13\",\"name\":\"R\u00e9gis Paraz\",\"image\":{\"@type\":\"ImageObject\",\"inLanguage\":\"de\",\"@id\":\"https:\/\/centcols.org\/wp-content\/litespeed\/avatar\/e5679bd124a28f7319d109cd5c2c0dd7.jpg?ver=1777239746\",\"url\":\"https:\/\/centcols.org\/wp-content\/litespeed\/avatar\/e5679bd124a28f7319d109cd5c2c0dd7.jpg?ver=1777239746\",\"contentUrl\":\"https:\/\/centcols.org\/wp-content\/litespeed\/avatar\/e5679bd124a28f7319d109cd5c2c0dd7.jpg?ver=1777239746\",\"caption\":\"R\u00e9gis Paraz\"},\"url\":\"https:\/\/centcols.org\/de\/author\/3225\/\"}]}<\/script>\n<!-- \/ Yoast SEO plugin. -->","yoast_head_json":{"title":"20\/03\/2008 Die Cent-Cols am Start von Paris-Peking - Club des Cent Cols","robots":{"index":"index","follow":"follow","max-snippet":"max-snippet:-1","max-image-preview":"max-image-preview:large","max-video-preview":"max-video-preview:-1"},"canonical":"https:\/\/centcols.org\/de\/ab-paris-peking\/","og_locale":"de_DE","og_type":"article","og_title":"20\/03\/2008 Les Cent-Cols au d\u00e9part du Paris-P\u00e9kin - Club des Cent Cols","og_description":"Les texto des participants Liste des participants Alors que plus au sud le s\u00e9jour d\u2019Agay se terminait. Le dimanche 16 mars 2008, quelques 100 cols franciliens sont venir dire un au revoir et apporter leur soutien aux 19 confr\u00e8res parmi les 105 cyclos et organisateurs de diff\u00e9rents pays.\u00c2g\u00e9s de 19 \u00e0 76 ans, ils partent [&hellip;]","og_url":"https:\/\/centcols.org\/de\/ab-paris-peking\/","og_site_name":"Club des Cent Cols","article_publisher":"https:\/\/www.facebook.com\/groups\/5261880558\/?locale=fr_FR","article_published_time":"2008-03-20T18:24:00+00:00","article_modified_time":"2026-04-19T18:26:11+00:00","og_image":[{"width":640,"height":480,"url":"https:\/\/centcols.org\/wp-content\/uploads\/2025\/05\/paris-pekin-08.jpg","type":"image\/jpeg"}],"author":"R\u00e9gis Paraz","twitter_card":"summary_large_image","twitter_misc":{"Verfasst von":"R\u00e9gis Paraz","Gesch\u00e4tzte Lesezeit":"8\u00a0Minuten"},"schema":{"@context":"https:\/\/schema.org","@graph":[{"@type":"Article","@id":"https:\/\/centcols.org\/it\/au-depart-du-paris-pekin\/#article","isPartOf":{"@id":"https:\/\/centcols.org\/it\/au-depart-du-paris-pekin\/"},"author":{"name":"R\u00e9gis Paraz","@id":"https:\/\/centcols.org\/#\/schema\/person\/6733615a03fdc98c0aef104567c81e13"},"headline":"20\/03\/2008 Les Cent-Cols au d\u00e9part du Paris-P\u00e9kin","datePublished":"2008-03-20T18:24:00+00:00","dateModified":"2026-04-19T18:26:11+00:00","mainEntityOfPage":{"@id":"https:\/\/centcols.org\/it\/au-depart-du-paris-pekin\/"},"wordCount":278,"publisher":{"@id":"https:\/\/centcols.org\/#organization"},"image":{"@id":"https:\/\/centcols.org\/it\/au-depart-du-paris-pekin\/#primaryimage"},"thumbnailUrl":"https:\/\/centcols.org\/wp-content\/uploads\/2025\/05\/paris-pekin-08.jpg","articleSection":["2008"],"inLanguage":"de"},{"@type":"WebPage","@id":"https:\/\/centcols.org\/it\/au-depart-du-paris-pekin\/","url":"https:\/\/centcols.org\/it\/au-depart-du-paris-pekin\/","name":"20\/03\/2008 Die Cent-Cols am Start von Paris-Peking - Club des Cent Cols","isPartOf":{"@id":"https:\/\/centcols.org\/#website"},"primaryImageOfPage":{"@id":"https:\/\/centcols.org\/it\/au-depart-du-paris-pekin\/#primaryimage"},"image":{"@id":"https:\/\/centcols.org\/it\/au-depart-du-paris-pekin\/#primaryimage"},"thumbnailUrl":"https:\/\/centcols.org\/wp-content\/uploads\/2025\/05\/paris-pekin-08.jpg","datePublished":"2008-03-20T18:24:00+00:00","dateModified":"2026-04-19T18:26:11+00:00","breadcrumb":{"@id":"https:\/\/centcols.org\/it\/au-depart-du-paris-pekin\/#breadcrumb"},"inLanguage":"de","potentialAction":[{"@type":"ReadAction","target":["https:\/\/centcols.org\/it\/au-depart-du-paris-pekin\/"]}]},{"@type":"ImageObject","inLanguage":"de","@id":"https:\/\/centcols.org\/it\/au-depart-du-paris-pekin\/#primaryimage","url":"https:\/\/centcols.org\/wp-content\/uploads\/2025\/05\/paris-pekin-08.jpg","contentUrl":"https:\/\/centcols.org\/wp-content\/uploads\/2025\/05\/paris-pekin-08.jpg","width":640,"height":480},{"@type":"BreadcrumbList","@id":"https:\/\/centcols.org\/it\/au-depart-du-paris-pekin\/#breadcrumb","itemListElement":[{"@type":"ListItem","position":1,"name":"Accueil","item":"https:\/\/centcols.org\/"},{"@type":"ListItem","position":2,"name":"Articles de presse et vid\u00e9os","item":"https:\/\/centcols.org\/rubrique\/articles-de-presse-et-videos\/"},{"@type":"ListItem","position":3,"name":"2008","item":"https:\/\/centcols.org\/rubrique\/articles-de-presse-et-videos\/2008\/"},{"@type":"ListItem","position":4,"name":"20\/03\/2008 Les Cent-Cols au d\u00e9part du Paris-P\u00e9kin"}]},{"@type":"WebSite","@id":"https:\/\/centcols.org\/#website","url":"https:\/\/centcols.org\/","name":"Club des Cent Cols","description":"","publisher":{"@id":"https:\/\/centcols.org\/#organization"},"potentialAction":[{"@type":"SearchAction","target":{"@type":"EntryPoint","urlTemplate":"https:\/\/centcols.org\/?s={search_term_string}"},"query-input":{"@type":"PropertyValueSpecification","valueRequired":true,"valueName":"search_term_string"}}],"inLanguage":"de"},{"@type":"Organization","@id":"https:\/\/centcols.org\/#organization","name":"Club des Cent Cols","url":"https:\/\/centcols.org\/","logo":{"@type":"ImageObject","inLanguage":"de","@id":"https:\/\/centcols.org\/#\/schema\/logo\/image\/","url":"https:\/\/centcols.org\/wp-content\/uploads\/2025\/01\/carte-icone.png","contentUrl":"https:\/\/centcols.org\/wp-content\/uploads\/2025\/01\/carte-icone.png","width":250,"height":250,"caption":"Club des Cent Cols"},"image":{"@id":"https:\/\/centcols.org\/#\/schema\/logo\/image\/"},"sameAs":["https:\/\/www.facebook.com\/groups\/5261880558\/?locale=fr_FR"]},{"@type":"Person","@id":"https:\/\/centcols.org\/#\/schema\/person\/6733615a03fdc98c0aef104567c81e13","name":"R\u00e9gis Paraz","image":{"@type":"ImageObject","inLanguage":"de","@id":"https:\/\/centcols.org\/wp-content\/litespeed\/avatar\/e5679bd124a28f7319d109cd5c2c0dd7.jpg?ver=1777239746","url":"https:\/\/centcols.org\/wp-content\/litespeed\/avatar\/e5679bd124a28f7319d109cd5c2c0dd7.jpg?ver=1777239746","contentUrl":"https:\/\/centcols.org\/wp-content\/litespeed\/avatar\/e5679bd124a28f7319d109cd5c2c0dd7.jpg?ver=1777239746","caption":"R\u00e9gis Paraz"},"url":"https:\/\/centcols.org\/de\/author\/3225\/"}]}},"_links":{"self":[{"href":"https:\/\/centcols.org\/de\/wp-json\/wp\/v2\/posts\/95475","targetHints":{"allow":["GET"]}}],"collection":[{"href":"https:\/\/centcols.org\/de\/wp-json\/wp\/v2\/posts"}],"about":[{"href":"https:\/\/centcols.org\/de\/wp-json\/wp\/v2\/types\/post"}],"author":[{"embeddable":true,"href":"https:\/\/centcols.org\/de\/wp-json\/wp\/v2\/users\/5112"}],"replies":[{"embeddable":true,"href":"https:\/\/centcols.org\/de\/wp-json\/wp\/v2\/comments?post=95475"}],"version-history":[{"count":0,"href":"https:\/\/centcols.org\/de\/wp-json\/wp\/v2\/posts\/95475\/revisions"}],"wp:featuredmedia":[{"embeddable":true,"href":"https:\/\/centcols.org\/de\/wp-json\/wp\/v2\/media\/81212"}],"wp:attachment":[{"href":"https:\/\/centcols.org\/de\/wp-json\/wp\/v2\/media?parent=95475"}],"wp:term":[{"taxonomy":"category","embeddable":true,"href":"https:\/\/centcols.org\/de\/wp-json\/wp\/v2\/categories?post=95475"},{"taxonomy":"post_tag","embeddable":true,"href":"https:\/\/centcols.org\/de\/wp-json\/wp\/v2\/tags?post=95475"}],"curies":[{"name":"wp","href":"https:\/\/api.w.org\/{rel}","templated":true}]}}