{"id":97903,"date":"2026-08-09T15:55:59","date_gmt":"2026-08-09T13:55:59","guid":{"rendered":"https:\/\/centcols.org\/?p=97903"},"modified":"2026-08-09T17:11:11","modified_gmt":"2026-08-09T15:11:11","slug":"philippe-garcia-cc-609","status":"publish","type":"post","link":"https:\/\/centcols.org\/de\/philippe-garcia-cc-609\/","title":{"rendered":"Philippe Garcia CC 609"},"content":{"rendered":"<div style=\"height:30px\" aria-hidden=\"true\" class=\"wp-block-spacer\"><\/div>\n\n\n\n<div class=\"wp-block-media-text is-stacked-on-mobile\"><figure class=\"wp-block-media-text__media\"><img loading=\"lazy\" decoding=\"async\" width=\"1600\" height=\"1152\" src=\"https:\/\/centcols.org\/wp-content\/uploads\/2026\/08\/philippe_garcia01.jpg\" alt=\"\" class=\"wp-image-97911 size-full\" srcset=\"https:\/\/centcols.org\/wp-content\/uploads\/2026\/08\/philippe_garcia01.jpg 1600w, https:\/\/centcols.org\/wp-content\/uploads\/2026\/08\/philippe_garcia01-1200x864.jpg 1200w, https:\/\/centcols.org\/wp-content\/uploads\/2026\/08\/philippe_garcia01-768x553.jpg 768w, https:\/\/centcols.org\/wp-content\/uploads\/2026\/08\/philippe_garcia01-1536x1106.jpg 1536w, https:\/\/centcols.org\/wp-content\/uploads\/2026\/08\/philippe_garcia01-18x12.jpg 18w\" sizes=\"auto, (max-width: 1600px) 100vw, 1600px\" \/><\/figure><div class=\"wp-block-media-text__content\">\n<p class=\"wp-block-paragraph\">Liebe Freundinnen und Freunde,<\/p>\n\n\n\n<p class=\"wp-block-paragraph\">Philippe ist losgeradelt, um andere himmlische Wolken zu erkunden \u2026 Er muss Wege zu ewigen Bergen eingeschlagen haben, so wie jene Maultierpfade, die er fr\u00fcher auf seiner Jagd nach cols oft genommen hat.<\/p>\n\n\n\n<p class=\"wp-block-paragraph\">Er hat zwar vergessen, seine Kamera mitzunehmen, aber zweifellos wird er von all den Wundern, die er entdecken wird, \u00fcberw\u00e4ltigt sein.<\/p>\n\n\n\n<p class=\"wp-block-paragraph\">Er hat sich nun all seinen Freunden angeschlossen \u2013 Radfahrern, Wanderern und Fotografen \u2013, die schon vor ihm aufgebrochen sind und ihn bei seiner Ankunft mit der \u201eOla\u201c begr\u00fc\u00dfen werden.<\/p>\n\n\n\n<p class=\"wp-block-paragraph\">M\u00f6ge er in Frieden ruhen nach all den Jahren k\u00f6rperlichen und seelischen Leidens aufgrund seiner Krankheiten. In den letzten Jahren war er so sehr geschw\u00e4cht, dass es einem das Herz brach, ihn so zu sehen.<\/p>\n\n\n\n<p class=\"wp-block-paragraph\">Macht\u2019s gut. Genie\u00dft das Leben!<\/p>\n\n\n\n<p class=\"wp-block-paragraph\">Liebe Gr\u00fc\u00dfe an alle,<\/p>\n\n\n\n<p class=\"wp-block-paragraph\">Anne Coponet-Garcia<\/p>\n\n\n\n<p class=\"wp-block-paragraph\"><\/p>\n<\/div><\/div>\n\n\n\n<div style=\"height:40px\" aria-hidden=\"true\" class=\"wp-block-spacer\"><\/div>\n\n\n\n<p class=\"wp-block-paragraph\">Nach vielen Jahren der Krankheit sowie k\u00f6rperlicher und seelischer Leiden ist unser Freund Philippe Garcia (Mitgliedsnummer 609) im Alter von 74 Jahren von uns gegangen. Als Mitglied der \u00abGroupe Cyclotouriste Rouennais\u00bb war Philippe ein au\u00dfergew\u00f6hnlicher Radtourist und gro\u00dfer Liebhaber von Bergtouren; nat\u00fcrlich war er auch Mitglied im Verein \u00abLes Cent Cols\u00bb. Der Alpenbogen von Wien bis Menton barg f\u00fcr ihn keine Geheimnisse, ebenso wenig wie die Pyren\u00e4en und zahlreiche Ausfl\u00fcge ins Ausland. Als begnadeter Fotograf zierten seine Aufnahmen oft die Titelseite der Verbandszeitschrift \u00abCyclotourisme\u00bb, ganz zu schweigen von seiner Website \u201eLe Pignon Voyageur\u201c.<\/p>\n\n\n\n<p class=\"wp-block-paragraph\">Ein renommierter Autor, der 1999 f\u00fcr seinen Bericht \u00fcber die Radrennfahrt Venedig\u2013Thonon mit dem Titel \u00abLe Roux et le Combaluzier\u00bb mit dem Charles-Antonin-Preis ausgezeichnet wurde. Dieses bemerkenswerte Werk, bestehend aus Text und Fotos, erschien in dem hervorragenden, von der FFCT herausgegebenen Band \u00abLe guidon et la plume\u00bb; \u00fcbrigens zierte eines seiner Fotos (eine Landschaft aus den Dolomiten) den Einband dieses Buches, das die Arbeiten der Preistr\u00e4ger eines ganzen Jahrzehnts zusammenfasste.<\/p>\n\n\n\n<p class=\"wp-block-paragraph\">Die christliche Trauerfeier findet am Dienstag, dem 18. August 2026, um 10 Uhr in der Kirche Saint-Pierre in D\u00e9ville-l\u00e8s-Rouen statt. Seine Asche wird im col der Aravis in der N\u00e4he der Kapelle Sainte-Anne verstreut.<\/p>\n\n\n\n<p class=\"wp-block-paragraph\">Nun f\u00e4hrt unser Freund auf den Stra\u00dfen der Ewigkeit, und ganz sicher wird er an einer Wegkreuzung Micheline und Pierre begegnen.<\/p>\n\n\n\n<p class=\"wp-block-paragraph\">Unsere tief bewegten und traurigen Gedanken gelten Anne, ihren Kindern und Enkelkindern. Die centcol-Gemeinschaft spricht ihr Beileid aus und dankt f\u00fcr all das Gro\u00dfartige, das Philippe uns in unserem Leben als Radtouristen geschenkt hat.<\/p>\n\n\n\n<p class=\"wp-block-paragraph\">Mit freundlichen Gr\u00fc\u00dfen an alle. Guy Camb\u00e9ss\u00e8des (cc Nr. 1420).<\/p>\n\n\n\n<figure class=\"wp-block-image aligncenter size-full\"><img loading=\"lazy\" decoding=\"async\" width=\"1231\" height=\"860\" src=\"https:\/\/centcols.org\/wp-content\/uploads\/2026\/08\/philippe-garcia02.jpg\" alt=\"\" class=\"wp-image-97912\" srcset=\"https:\/\/centcols.org\/wp-content\/uploads\/2026\/08\/philippe-garcia02.jpg 1231w, https:\/\/centcols.org\/wp-content\/uploads\/2026\/08\/philippe-garcia02-1200x838.jpg 1200w, https:\/\/centcols.org\/wp-content\/uploads\/2026\/08\/philippe-garcia02-768x537.jpg 768w, https:\/\/centcols.org\/wp-content\/uploads\/2026\/08\/philippe-garcia02-18x12.jpg 18w\" sizes=\"auto, (max-width: 1231px) 100vw, 1231px\" \/><figcaption class=\"wp-element-caption\">Philippe mit Micheline und Pierre Roques<\/figcaption><\/figure>","protected":false},"excerpt":{"rendered":"<p>Chers amies et amis, Philippe est parti p\u00e9daler vers d&rsquo;autres nuages c\u00e9lestes\u2026 Il a d\u00fb emprunter des chemins vers des montagnes \u00e9ternelles genre des sentiers muletiers qu&rsquo;il avait l&rsquo;habitude de prendre lors de sa chasse aux cols. Il a oubli\u00e9 de prendre son appareil photo mais nul doute, il va \u00eatre \u00e9bloui par toutes les [&hellip;]<\/p>\n","protected":false},"author":5112,"featured_media":97911,"comment_status":"open","ping_status":"closed","sticky":false,"template":"","format":"standard","meta":{"_acf_changed":false,"footnotes":"","_members_access_role":[],"_members_access_error":""},"categories":[130],"tags":[],"class_list":["post-97903","post","type-post","status-publish","format-standard","has-post-thumbnail","hentry","category-carnet-noir"],"acf":[],"yoast_head":"<!-- This site is optimized with the Yoast SEO plugin v28.3 - https:\/\/yoast.com\/product\/yoast-seo-wordpress\/ -->\n<title>Philippe Garcia CC 609 - Club des Cent Cols<\/title>\n<meta name=\"robots\" content=\"index, follow, max-snippet:-1, max-image-preview:large, max-video-preview:-1\" \/>\n<link rel=\"canonical\" href=\"https:\/\/centcols.org\/de\/philippe-garcia-cc-609\/\" \/>\n<meta property=\"og:locale\" content=\"de_DE\" \/>\n<meta property=\"og:type\" content=\"article\" \/>\n<meta property=\"og:title\" content=\"Philippe Garcia CC 609 - Club des Cent Cols\" \/>\n<meta property=\"og:description\" content=\"Chers amies et amis, Philippe est parti p\u00e9daler vers d&rsquo;autres nuages c\u00e9lestes\u2026 Il a d\u00fb emprunter des chemins vers des montagnes \u00e9ternelles genre des sentiers muletiers qu&rsquo;il avait l&rsquo;habitude de prendre lors de sa chasse aux cols. Il a oubli\u00e9 de prendre son appareil photo mais nul doute, il va \u00eatre \u00e9bloui par toutes les [&hellip;]\" \/>\n<meta property=\"og:url\" content=\"https:\/\/centcols.org\/de\/philippe-garcia-cc-609\/\" \/>\n<meta property=\"og:site_name\" content=\"Club des Cent Cols\" \/>\n<meta property=\"article:publisher\" content=\"https:\/\/www.facebook.com\/groups\/5261880558\/?locale=fr_FR\" \/>\n<meta property=\"article:published_time\" content=\"2026-08-09T13:55:59+00:00\" \/>\n<meta property=\"article:modified_time\" content=\"2026-08-09T15:11:11+00:00\" \/>\n<meta property=\"og:image\" content=\"https:\/\/centcols.org\/wp-content\/uploads\/2026\/08\/philippe_garcia01.jpg\" \/>\n\t<meta property=\"og:image:width\" content=\"1600\" \/>\n\t<meta property=\"og:image:height\" content=\"1152\" \/>\n\t<meta property=\"og:image:type\" content=\"image\/jpeg\" \/>\n<meta name=\"author\" content=\"R\u00e9gis Paraz\" \/>\n<meta name=\"twitter:card\" content=\"summary_large_image\" \/>\n<meta name=\"twitter:label1\" content=\"Verfasst von\" \/>\n\t<meta name=\"twitter:data1\" content=\"R\u00e9gis Paraz\" \/>\n\t<meta name=\"twitter:label2\" content=\"Gesch\u00e4tzte Lesezeit\" \/>\n\t<meta name=\"twitter:data2\" content=\"3\u00a0Minuten\" \/>\n<script type=\"application\/ld+json\" class=\"yoast-schema-graph\">{\"@context\":\"https:\\\/\\\/schema.org\",\"@graph\":[{\"@type\":\"Article\",\"@id\":\"https:\\\/\\\/centcols.org\\\/philippe-garcia-cc-609\\\/#article\",\"isPartOf\":{\"@id\":\"https:\\\/\\\/centcols.org\\\/philippe-garcia-cc-609\\\/\"},\"author\":{\"name\":\"R\u00e9gis Paraz\",\"@id\":\"https:\\\/\\\/centcols.org\\\/#\\\/schema\\\/person\\\/6733615a03fdc98c0aef104567c81e13\"},\"headline\":\"Philippe Garcia CC 609\",\"datePublished\":\"2026-08-09T13:55:59+00:00\",\"dateModified\":\"2026-08-09T15:11:11+00:00\",\"mainEntityOfPage\":{\"@id\":\"https:\\\/\\\/centcols.org\\\/philippe-garcia-cc-609\\\/\"},\"wordCount\":435,\"commentCount\":10,\"publisher\":{\"@id\":\"https:\\\/\\\/centcols.org\\\/#organization\"},\"image\":{\"@id\":\"https:\\\/\\\/centcols.org\\\/philippe-garcia-cc-609\\\/#primaryimage\"},\"thumbnailUrl\":\"https:\\\/\\\/centcols.org\\\/wp-content\\\/uploads\\\/2026\\\/08\\\/philippe_garcia01.jpg\",\"articleSection\":[\"Carnet noir\"],\"inLanguage\":\"de\",\"potentialAction\":[{\"@type\":\"CommentAction\",\"name\":\"Comment\",\"target\":[\"https:\\\/\\\/centcols.org\\\/philippe-garcia-cc-609\\\/#respond\"]}]},{\"@type\":\"WebPage\",\"@id\":\"https:\\\/\\\/centcols.org\\\/philippe-garcia-cc-609\\\/\",\"url\":\"https:\\\/\\\/centcols.org\\\/philippe-garcia-cc-609\\\/\",\"name\":\"Philippe Garcia CC 609 - Club des Cent Cols\",\"isPartOf\":{\"@id\":\"https:\\\/\\\/centcols.org\\\/#website\"},\"primaryImageOfPage\":{\"@id\":\"https:\\\/\\\/centcols.org\\\/philippe-garcia-cc-609\\\/#primaryimage\"},\"image\":{\"@id\":\"https:\\\/\\\/centcols.org\\\/philippe-garcia-cc-609\\\/#primaryimage\"},\"thumbnailUrl\":\"https:\\\/\\\/centcols.org\\\/wp-content\\\/uploads\\\/2026\\\/08\\\/philippe_garcia01.jpg\",\"datePublished\":\"2026-08-09T13:55:59+00:00\",\"dateModified\":\"2026-08-09T15:11:11+00:00\",\"breadcrumb\":{\"@id\":\"https:\\\/\\\/centcols.org\\\/philippe-garcia-cc-609\\\/#breadcrumb\"},\"inLanguage\":\"de\",\"potentialAction\":[{\"@type\":\"ReadAction\",\"target\":[\"https:\\\/\\\/centcols.org\\\/philippe-garcia-cc-609\\\/\"]}]},{\"@type\":\"ImageObject\",\"inLanguage\":\"de\",\"@id\":\"https:\\\/\\\/centcols.org\\\/philippe-garcia-cc-609\\\/#primaryimage\",\"url\":\"https:\\\/\\\/centcols.org\\\/wp-content\\\/uploads\\\/2026\\\/08\\\/philippe_garcia01.jpg\",\"contentUrl\":\"https:\\\/\\\/centcols.org\\\/wp-content\\\/uploads\\\/2026\\\/08\\\/philippe_garcia01.jpg\",\"width\":1600,\"height\":1152},{\"@type\":\"BreadcrumbList\",\"@id\":\"https:\\\/\\\/centcols.org\\\/philippe-garcia-cc-609\\\/#breadcrumb\",\"itemListElement\":[{\"@type\":\"ListItem\",\"position\":1,\"name\":\"Accueil\",\"item\":\"https:\\\/\\\/centcols.org\\\/\"},{\"@type\":\"ListItem\",\"position\":2,\"name\":\"Gazette\",\"item\":\"https:\\\/\\\/centcols.org\\\/rubrique\\\/gazette\\\/\"},{\"@type\":\"ListItem\",\"position\":3,\"name\":\"Carnet noir\",\"item\":\"https:\\\/\\\/centcols.org\\\/rubrique\\\/gazette\\\/carnet-noir\\\/\"},{\"@type\":\"ListItem\",\"position\":4,\"name\":\"Philippe Garcia CC 609\"}]},{\"@type\":\"WebSite\",\"@id\":\"https:\\\/\\\/centcols.org\\\/#website\",\"url\":\"https:\\\/\\\/centcols.org\\\/\",\"name\":\"Club des Cent Cols\",\"description\":\"\",\"publisher\":{\"@id\":\"https:\\\/\\\/centcols.org\\\/#organization\"},\"potentialAction\":[{\"@type\":\"SearchAction\",\"target\":{\"@type\":\"EntryPoint\",\"urlTemplate\":\"https:\\\/\\\/centcols.org\\\/?s={search_term_string}\"},\"query-input\":{\"@type\":\"PropertyValueSpecification\",\"valueRequired\":true,\"valueName\":\"search_term_string\"}}],\"inLanguage\":\"de\"},{\"@type\":\"Organization\",\"@id\":\"https:\\\/\\\/centcols.org\\\/#organization\",\"name\":\"Club des Cent Cols\",\"url\":\"https:\\\/\\\/centcols.org\\\/\",\"logo\":{\"@type\":\"ImageObject\",\"inLanguage\":\"de\",\"@id\":\"https:\\\/\\\/centcols.org\\\/#\\\/schema\\\/logo\\\/image\\\/\",\"url\":\"https:\\\/\\\/centcols.org\\\/wp-content\\\/uploads\\\/2025\\\/01\\\/carte-icone.png\",\"contentUrl\":\"https:\\\/\\\/centcols.org\\\/wp-content\\\/uploads\\\/2025\\\/01\\\/carte-icone.png\",\"width\":250,\"height\":250,\"caption\":\"Club des Cent Cols\"},\"image\":{\"@id\":\"https:\\\/\\\/centcols.org\\\/#\\\/schema\\\/logo\\\/image\\\/\"},\"sameAs\":[\"https:\\\/\\\/www.facebook.com\\\/groups\\\/5261880558\\\/?locale=fr_FR\"]},{\"@type\":\"Person\",\"@id\":\"https:\\\/\\\/centcols.org\\\/#\\\/schema\\\/person\\\/6733615a03fdc98c0aef104567c81e13\",\"name\":\"R\u00e9gis Paraz\",\"image\":{\"@type\":\"ImageObject\",\"inLanguage\":\"de\",\"@id\":\"https:\\\/\\\/centcols.org\\\/wp-content\\\/litespeed\\\/avatar\\\/e5679bd124a28f7319d109cd5c2c0dd7.jpg?ver=1787695711\",\"url\":\"https:\\\/\\\/centcols.org\\\/wp-content\\\/litespeed\\\/avatar\\\/e5679bd124a28f7319d109cd5c2c0dd7.jpg?ver=1787695711\",\"contentUrl\":\"https:\\\/\\\/centcols.org\\\/wp-content\\\/litespeed\\\/avatar\\\/e5679bd124a28f7319d109cd5c2c0dd7.jpg?ver=1787695711\",\"caption\":\"R\u00e9gis Paraz\"},\"url\":\"https:\\\/\\\/centcols.org\\\/de\\\/author\\\/3225\\\/\"}]}<\/script>\n<!-- \/ Yoast SEO plugin. -->","yoast_head_json":{"title":"Philippe Garcia CC 609 \u2013 Club des Cent Cols","robots":{"index":"index","follow":"follow","max-snippet":"max-snippet:-1","max-image-preview":"max-image-preview:large","max-video-preview":"max-video-preview:-1"},"canonical":"https:\/\/centcols.org\/de\/philippe-garcia-cc-609\/","og_locale":"de_DE","og_type":"article","og_title":"Philippe Garcia CC 609 - Club des Cent Cols","og_description":"Chers amies et amis, Philippe est parti p\u00e9daler vers d&rsquo;autres nuages c\u00e9lestes\u2026 Il a d\u00fb emprunter des chemins vers des montagnes \u00e9ternelles genre des sentiers muletiers qu&rsquo;il avait l&rsquo;habitude de prendre lors de sa chasse aux cols. Il a oubli\u00e9 de prendre son appareil photo mais nul doute, il va \u00eatre \u00e9bloui par toutes les [&hellip;]","og_url":"https:\/\/centcols.org\/de\/philippe-garcia-cc-609\/","og_site_name":"Club des Cent Cols","article_publisher":"https:\/\/www.facebook.com\/groups\/5261880558\/?locale=fr_FR","article_published_time":"2026-08-09T13:55:59+00:00","article_modified_time":"2026-08-09T15:11:11+00:00","og_image":[{"width":1600,"height":1152,"url":"https:\/\/centcols.org\/wp-content\/uploads\/2026\/08\/philippe_garcia01.jpg","type":"image\/jpeg"}],"author":"R\u00e9gis Paraz","twitter_card":"summary_large_image","twitter_misc":{"Verfasst von":"R\u00e9gis Paraz","Gesch\u00e4tzte Lesezeit":"3\u00a0Minuten"},"schema":{"@context":"https:\/\/schema.org","@graph":[{"@type":"Article","@id":"https:\/\/centcols.org\/philippe-garcia-cc-609\/#article","isPartOf":{"@id":"https:\/\/centcols.org\/philippe-garcia-cc-609\/"},"author":{"name":"R\u00e9gis Paraz","@id":"https:\/\/centcols.org\/#\/schema\/person\/6733615a03fdc98c0aef104567c81e13"},"headline":"Philippe Garcia CC 609","datePublished":"2026-08-09T13:55:59+00:00","dateModified":"2026-08-09T15:11:11+00:00","mainEntityOfPage":{"@id":"https:\/\/centcols.org\/philippe-garcia-cc-609\/"},"wordCount":435,"commentCount":10,"publisher":{"@id":"https:\/\/centcols.org\/#organization"},"image":{"@id":"https:\/\/centcols.org\/philippe-garcia-cc-609\/#primaryimage"},"thumbnailUrl":"https:\/\/centcols.org\/wp-content\/uploads\/2026\/08\/philippe_garcia01.jpg","articleSection":["Carnet noir"],"inLanguage":"de","potentialAction":[{"@type":"CommentAction","name":"Comment","target":["https:\/\/centcols.org\/philippe-garcia-cc-609\/#respond"]}]},{"@type":"WebPage","@id":"https:\/\/centcols.org\/philippe-garcia-cc-609\/","url":"https:\/\/centcols.org\/philippe-garcia-cc-609\/","name":"Philippe Garcia CC 609 \u2013 Club des Cent Cols","isPartOf":{"@id":"https:\/\/centcols.org\/#website"},"primaryImageOfPage":{"@id":"https:\/\/centcols.org\/philippe-garcia-cc-609\/#primaryimage"},"image":{"@id":"https:\/\/centcols.org\/philippe-garcia-cc-609\/#primaryimage"},"thumbnailUrl":"https:\/\/centcols.org\/wp-content\/uploads\/2026\/08\/philippe_garcia01.jpg","datePublished":"2026-08-09T13:55:59+00:00","dateModified":"2026-08-09T15:11:11+00:00","breadcrumb":{"@id":"https:\/\/centcols.org\/philippe-garcia-cc-609\/#breadcrumb"},"inLanguage":"de","potentialAction":[{"@type":"ReadAction","target":["https:\/\/centcols.org\/philippe-garcia-cc-609\/"]}]},{"@type":"ImageObject","inLanguage":"de","@id":"https:\/\/centcols.org\/philippe-garcia-cc-609\/#primaryimage","url":"https:\/\/centcols.org\/wp-content\/uploads\/2026\/08\/philippe_garcia01.jpg","contentUrl":"https:\/\/centcols.org\/wp-content\/uploads\/2026\/08\/philippe_garcia01.jpg","width":1600,"height":1152},{"@type":"BreadcrumbList","@id":"https:\/\/centcols.org\/philippe-garcia-cc-609\/#breadcrumb","itemListElement":[{"@type":"ListItem","position":1,"name":"Accueil","item":"https:\/\/centcols.org\/"},{"@type":"ListItem","position":2,"name":"Gazette","item":"https:\/\/centcols.org\/rubrique\/gazette\/"},{"@type":"ListItem","position":3,"name":"Carnet noir","item":"https:\/\/centcols.org\/rubrique\/gazette\/carnet-noir\/"},{"@type":"ListItem","position":4,"name":"Philippe Garcia CC 609"}]},{"@type":"WebSite","@id":"https:\/\/centcols.org\/#website","url":"https:\/\/centcols.org\/","name":"Club des Cent Cols","description":"","publisher":{"@id":"https:\/\/centcols.org\/#organization"},"potentialAction":[{"@type":"SearchAction","target":{"@type":"EntryPoint","urlTemplate":"https:\/\/centcols.org\/?s={search_term_string}"},"query-input":{"@type":"PropertyValueSpecification","valueRequired":true,"valueName":"search_term_string"}}],"inLanguage":"de"},{"@type":"Organization","@id":"https:\/\/centcols.org\/#organization","name":"Club des Cent Cols","url":"https:\/\/centcols.org\/","logo":{"@type":"ImageObject","inLanguage":"de","@id":"https:\/\/centcols.org\/#\/schema\/logo\/image\/","url":"https:\/\/centcols.org\/wp-content\/uploads\/2025\/01\/carte-icone.png","contentUrl":"https:\/\/centcols.org\/wp-content\/uploads\/2025\/01\/carte-icone.png","width":250,"height":250,"caption":"Club des Cent Cols"},"image":{"@id":"https:\/\/centcols.org\/#\/schema\/logo\/image\/"},"sameAs":["https:\/\/www.facebook.com\/groups\/5261880558\/?locale=fr_FR"]},{"@type":"Person","@id":"https:\/\/centcols.org\/#\/schema\/person\/6733615a03fdc98c0aef104567c81e13","name":"R\u00e9gis Paraz","image":{"@type":"ImageObject","inLanguage":"de","@id":"https:\/\/centcols.org\/wp-content\/litespeed\/avatar\/e5679bd124a28f7319d109cd5c2c0dd7.jpg?ver=1787695711","url":"https:\/\/centcols.org\/wp-content\/litespeed\/avatar\/e5679bd124a28f7319d109cd5c2c0dd7.jpg?ver=1787695711","contentUrl":"https:\/\/centcols.org\/wp-content\/litespeed\/avatar\/e5679bd124a28f7319d109cd5c2c0dd7.jpg?ver=1787695711","caption":"R\u00e9gis Paraz"},"url":"https:\/\/centcols.org\/de\/author\/3225\/"}]}},"_links":{"self":[{"href":"https:\/\/centcols.org\/de\/wp-json\/wp\/v2\/posts\/97903","targetHints":{"allow":["GET"]}}],"collection":[{"href":"https:\/\/centcols.org\/de\/wp-json\/wp\/v2\/posts"}],"about":[{"href":"https:\/\/centcols.org\/de\/wp-json\/wp\/v2\/types\/post"}],"author":[{"embeddable":true,"href":"https:\/\/centcols.org\/de\/wp-json\/wp\/v2\/users\/5112"}],"replies":[{"embeddable":true,"href":"https:\/\/centcols.org\/de\/wp-json\/wp\/v2\/comments?post=97903"}],"version-history":[{"count":5,"href":"https:\/\/centcols.org\/de\/wp-json\/wp\/v2\/posts\/97903\/revisions"}],"predecessor-version":[{"id":97916,"href":"https:\/\/centcols.org\/de\/wp-json\/wp\/v2\/posts\/97903\/revisions\/97916"}],"wp:featuredmedia":[{"embeddable":true,"href":"https:\/\/centcols.org\/de\/wp-json\/wp\/v2\/media\/97911"}],"wp:attachment":[{"href":"https:\/\/centcols.org\/de\/wp-json\/wp\/v2\/media?parent=97903"}],"wp:term":[{"taxonomy":"category","embeddable":true,"href":"https:\/\/centcols.org\/de\/wp-json\/wp\/v2\/categories?post=97903"},{"taxonomy":"post_tag","embeddable":true,"href":"https:\/\/centcols.org\/de\/wp-json\/wp\/v2\/tags?post=97903"}],"curies":[{"name":"wp","href":"https:\/\/api.w.org\/{rel}","templated":true}]}}