{"id":79455,"date":"2025-02-05T10:05:39","date_gmt":"2025-02-05T08:05:39","guid":{"rendered":"https:\/\/centcols.org\/le-coreg-corse-se-presente\/"},"modified":"2025-09-09T13:05:30","modified_gmt":"2025-09-09T11:05:30","slug":"the-corsican-coreg-presents-itself","status":"publish","type":"post","link":"https:\/\/centcols.org\/en\/le-coreg-corse-se-presente\/","title":{"rendered":"Coreg Corse presents itself"},"content":{"rendered":"<h3 class=\"wp-block-heading\">Main activity and stays<\/h3>\n\n\n\n<p class=\"has-medium-font-size\">The FFCT's development in Corsica, which has been almost confidential, has never been significant, and the number of affiliated clubs has always been counted on the fingers of one hand.<\/p>\n\n\n\n<p class=\"has-medium-font-size\">Numerous trips have been organised by the FFCT Tourism Commission and by the various continental Codeps, but the seed has not been sown.<\/p>\n\n\n\n<p class=\"has-medium-font-size\">Even two stages of the FFCT Tour Cyclo did not generate any new entries. <\/p>\n\n\n\n<p class=\"has-medium-font-size\">In contrast to this rather gloomy picture, the number of people taking part in cycling holidays is still at a record high, particularly for Coreg Corse's touring and star-organised tours. You might say that this is normal, as all organisers work hard to help people discover and appreciate their region.<\/p>\n\n\n\n<p class=\"has-medium-font-size\">A land of contrasts, a veritable mountain in the sea, baptized \"Kallist\u00e9\" the most beautiful by the Greeks, Corsica captivates visitors with the splendour of its wild and varied landscapes. Touring cyclists will appreciate the charms of the island of beauty, with \"mare y monti\" routes that take in the back roads of deepest Corsica, with stops in Propriano, Porto-Vecchio, Corte, Piedicroce, Saint Florent, Cap Corse, Algajola, Porto and Ajaccio.<\/p>\n\n\n\n<p class=\"has-medium-font-size\">The inexhaustible charms of Corsica have prompted one keen cyclist to take part in his twenty-third Tour de Corse! The tour includes maritime escapades, with visits to the Bonifacio sea caves, the Lavezzi islands and the Scandola nature reserve.<\/p>\n\n\n\n<p class=\"has-medium-font-size\">Non-pedallants are provided with hire vehicles and play a full part in the friendly atmosphere. The main asset of the Coreg Corse organisations is Corsica with Corsicans. One year, for example, 7 bicycles were stolen from the garage of the H\u00f4tel de la 2<sup>th<\/sup> stage; the tour continued with vehicle hire for the victims until the 4<sup>th<\/sup> At this stage, 7 carbon bikes with pedals to match their shoes were waiting for them, hired from a bike shop in Bastia and transported to Zicavo by a friend from Ajaccio!<\/p>\n\n\n\n<p class=\"has-medium-font-size\">Tour de Corse and Tour de Force...! After several months of legal battles, Coreg won out over the hotel's insurance company and obtained full compensation for the victims of the theft.<\/p>\n\n\n\n<p class=\"has-medium-font-size\">A fundamental rule of the FFCT is always applied: we leave together and we arrive together.<\/p>\n\n\n\n<p class=\"has-medium-font-size\"><strong>Francis PIETRA : <\/strong>President of the Corsica COREG for the FFCT - Tel: 06 60 81 82 26<\/p>\n\n\n<div class=\"wp-block-image\">\n<figure class=\"aligncenter size-full\"><img loading=\"lazy\" decoding=\"async\" width=\"177\" height=\"155\" src=\"https:\/\/centcols.org\/wp-content\/uploads\/2025\/02\/Image1-1.jpg\" alt=\"\" class=\"wp-image-89302\" srcset=\"https:\/\/centcols.org\/wp-content\/uploads\/2025\/02\/Image1-1.jpg 177w, https:\/\/centcols.org\/wp-content\/uploads\/2025\/02\/Image1-1-14x12.jpg 14w\" sizes=\"auto, (max-width: 177px) 100vw, 177px\" \/><\/figure>\n<\/div>\n\n\n<p><\/p>","protected":false},"excerpt":{"rendered":"<p>Activit\u00e9 principale et s\u00e9jours Le d\u00e9veloppement de la FFCT en Corse, presque confidentiel, n\u2019a jamais \u00e9t\u00e9 notable et le nombre de clubs affili\u00e9s s\u2019est toujours compt\u00e9 sur les doigts d\u2019une seule main. Nombreux ont \u00e9t\u00e9 les s\u00e9jours organis\u00e9s aussi bien par la Commission Tourisme FFCT que par les diff\u00e9rents Codep continentaux, mais la graine n\u2019a [&hellip;]<\/p>\n","protected":false},"author":2,"featured_media":79456,"comment_status":"open","ping_status":"closed","sticky":false,"template":"","format":"standard","meta":{"_acf_changed":false,"footnotes":""},"categories":[422],"tags":[],"class_list":["post-79455","post","type-post","status-publish","format-standard","has-post-thumbnail","hentry","category-partenaires"],"acf":[],"yoast_head":"<!-- This site is optimized with the Yoast SEO plugin v27.2 - https:\/\/yoast.com\/product\/yoast-seo-wordpress\/ -->\n<title>Le Coreg Corse se pr\u00e9sente - Club des Cent Cols<\/title>\n<meta name=\"robots\" content=\"index, follow, max-snippet:-1, max-image-preview:large, max-video-preview:-1\" \/>\n<link rel=\"canonical\" href=\"https:\/\/centcols.org\/en\/the-corsican-coreg-presents-itself\/\" \/>\n<meta property=\"og:locale\" content=\"en_GB\" \/>\n<meta property=\"og:type\" content=\"article\" \/>\n<meta property=\"og:title\" content=\"Le Coreg Corse se pr\u00e9sente - Club des Cent Cols\" \/>\n<meta property=\"og:description\" content=\"Activit\u00e9 principale et s\u00e9jours Le d\u00e9veloppement de la FFCT en Corse, presque confidentiel, n\u2019a jamais \u00e9t\u00e9 notable et le nombre de clubs affili\u00e9s s\u2019est toujours compt\u00e9 sur les doigts d\u2019une seule main. Nombreux ont \u00e9t\u00e9 les s\u00e9jours organis\u00e9s aussi bien par la Commission Tourisme FFCT que par les diff\u00e9rents Codep continentaux, mais la graine n\u2019a [&hellip;]\" \/>\n<meta property=\"og:url\" content=\"https:\/\/centcols.org\/en\/the-corsican-coreg-presents-itself\/\" \/>\n<meta property=\"og:site_name\" content=\"Club des Cent Cols\" \/>\n<meta property=\"article:publisher\" content=\"https:\/\/www.facebook.com\/groups\/5261880558\/?locale=fr_FR\" \/>\n<meta property=\"article:published_time\" content=\"2025-02-05T08:05:39+00:00\" \/>\n<meta property=\"article:modified_time\" content=\"2025-09-09T11:05:30+00:00\" \/>\n<meta property=\"og:image\" content=\"https:\/\/centcols.org\/wp-content\/uploads\/2025\/02\/Image1.jpg\" \/>\n\t<meta property=\"og:image:width\" content=\"177\" \/>\n\t<meta property=\"og:image:height\" content=\"155\" \/>\n\t<meta property=\"og:image:type\" content=\"image\/jpeg\" \/>\n<meta name=\"author\" content=\"fabien\" \/>\n<meta name=\"twitter:card\" content=\"summary_large_image\" \/>\n<meta name=\"twitter:label1\" content=\"Written by\" \/>\n\t<meta name=\"twitter:data1\" content=\"fabien\" \/>\n\t<meta name=\"twitter:label2\" content=\"Estimated reading time\" \/>\n\t<meta name=\"twitter:data2\" content=\"3 minutes\" \/>\n<script type=\"application\/ld+json\" class=\"yoast-schema-graph\">{\"@context\":\"https:\/\/schema.org\",\"@graph\":[{\"@type\":\"Article\",\"@id\":\"https:\/\/centcols.org\/le-coreg-corse-se-presente\/#article\",\"isPartOf\":{\"@id\":\"https:\/\/centcols.org\/le-coreg-corse-se-presente\/\"},\"author\":{\"name\":\"fabien\",\"@id\":\"https:\/\/centcols.org\/#\/schema\/person\/fcdb31e57ffa95295c9683ffdda82afa\"},\"headline\":\"Le Coreg Corse se pr\u00e9sente\",\"datePublished\":\"2025-02-05T08:05:39+00:00\",\"dateModified\":\"2025-09-09T11:05:30+00:00\",\"mainEntityOfPage\":{\"@id\":\"https:\/\/centcols.org\/le-coreg-corse-se-presente\/\"},\"wordCount\":425,\"commentCount\":0,\"publisher\":{\"@id\":\"https:\/\/centcols.org\/#organization\"},\"image\":{\"@id\":\"https:\/\/centcols.org\/le-coreg-corse-se-presente\/#primaryimage\"},\"thumbnailUrl\":\"https:\/\/centcols.org\/wp-content\/uploads\/2025\/02\/Image1.jpg\",\"articleSection\":[\"Partenaires\"],\"inLanguage\":\"en-GB\",\"potentialAction\":[{\"@type\":\"CommentAction\",\"name\":\"Comment\",\"target\":[\"https:\/\/centcols.org\/le-coreg-corse-se-presente\/#respond\"]}]},{\"@type\":\"WebPage\",\"@id\":\"https:\/\/centcols.org\/le-coreg-corse-se-presente\/\",\"url\":\"https:\/\/centcols.org\/le-coreg-corse-se-presente\/\",\"name\":\"Le Coreg Corse se pr\u00e9sente - Club des Cent Cols\",\"isPartOf\":{\"@id\":\"https:\/\/centcols.org\/#website\"},\"primaryImageOfPage\":{\"@id\":\"https:\/\/centcols.org\/le-coreg-corse-se-presente\/#primaryimage\"},\"image\":{\"@id\":\"https:\/\/centcols.org\/le-coreg-corse-se-presente\/#primaryimage\"},\"thumbnailUrl\":\"https:\/\/centcols.org\/wp-content\/uploads\/2025\/02\/Image1.jpg\",\"datePublished\":\"2025-02-05T08:05:39+00:00\",\"dateModified\":\"2025-09-09T11:05:30+00:00\",\"breadcrumb\":{\"@id\":\"https:\/\/centcols.org\/le-coreg-corse-se-presente\/#breadcrumb\"},\"inLanguage\":\"en-GB\",\"potentialAction\":[{\"@type\":\"ReadAction\",\"target\":[\"https:\/\/centcols.org\/le-coreg-corse-se-presente\/\"]}]},{\"@type\":\"ImageObject\",\"inLanguage\":\"en-GB\",\"@id\":\"https:\/\/centcols.org\/le-coreg-corse-se-presente\/#primaryimage\",\"url\":\"https:\/\/centcols.org\/wp-content\/uploads\/2025\/02\/Image1.jpg\",\"contentUrl\":\"https:\/\/centcols.org\/wp-content\/uploads\/2025\/02\/Image1.jpg\",\"width\":177,\"height\":155},{\"@type\":\"BreadcrumbList\",\"@id\":\"https:\/\/centcols.org\/le-coreg-corse-se-presente\/#breadcrumb\",\"itemListElement\":[{\"@type\":\"ListItem\",\"position\":1,\"name\":\"Accueil\",\"item\":\"https:\/\/centcols.org\/\"},{\"@type\":\"ListItem\",\"position\":2,\"name\":\"Partenaires\",\"item\":\"https:\/\/centcols.org\/rubrique\/partenaires\/\"},{\"@type\":\"ListItem\",\"position\":3,\"name\":\"Le Coreg Corse se pr\u00e9sente\"}]},{\"@type\":\"WebSite\",\"@id\":\"https:\/\/centcols.org\/#website\",\"url\":\"https:\/\/centcols.org\/\",\"name\":\"Club des Cent Cols\",\"description\":\"\",\"publisher\":{\"@id\":\"https:\/\/centcols.org\/#organization\"},\"potentialAction\":[{\"@type\":\"SearchAction\",\"target\":{\"@type\":\"EntryPoint\",\"urlTemplate\":\"https:\/\/centcols.org\/?s={search_term_string}\"},\"query-input\":{\"@type\":\"PropertyValueSpecification\",\"valueRequired\":true,\"valueName\":\"search_term_string\"}}],\"inLanguage\":\"en-GB\"},{\"@type\":\"Organization\",\"@id\":\"https:\/\/centcols.org\/#organization\",\"name\":\"Club des Cent Cols\",\"url\":\"https:\/\/centcols.org\/\",\"logo\":{\"@type\":\"ImageObject\",\"inLanguage\":\"en-GB\",\"@id\":\"https:\/\/centcols.org\/#\/schema\/logo\/image\/\",\"url\":\"https:\/\/centcols.org\/wp-content\/uploads\/2025\/01\/carte-icone.png\",\"contentUrl\":\"https:\/\/centcols.org\/wp-content\/uploads\/2025\/01\/carte-icone.png\",\"width\":250,\"height\":250,\"caption\":\"Club des Cent Cols\"},\"image\":{\"@id\":\"https:\/\/centcols.org\/#\/schema\/logo\/image\/\"},\"sameAs\":[\"https:\/\/www.facebook.com\/groups\/5261880558\/?locale=fr_FR\"]},{\"@type\":\"Person\",\"@id\":\"https:\/\/centcols.org\/#\/schema\/person\/fcdb31e57ffa95295c9683ffdda82afa\",\"name\":\"fabien\",\"image\":{\"@type\":\"ImageObject\",\"inLanguage\":\"en-GB\",\"@id\":\"https:\/\/centcols.org\/wp-content\/litespeed\/avatar\/9065528d4c1ba02f0faf2b7616b2a195.jpg?ver=1777225983\",\"url\":\"https:\/\/centcols.org\/wp-content\/litespeed\/avatar\/9065528d4c1ba02f0faf2b7616b2a195.jpg?ver=1777225983\",\"contentUrl\":\"https:\/\/centcols.org\/wp-content\/litespeed\/avatar\/9065528d4c1ba02f0faf2b7616b2a195.jpg?ver=1777225983\",\"caption\":\"fabien\"},\"url\":\"https:\/\/centcols.org\/en\/author\/fabien\/\"}]}<\/script>\n<!-- \/ Yoast SEO plugin. -->","yoast_head_json":{"title":"Coreg Corse presents itself - Club des Cent Cols","robots":{"index":"index","follow":"follow","max-snippet":"max-snippet:-1","max-image-preview":"max-image-preview:large","max-video-preview":"max-video-preview:-1"},"canonical":"https:\/\/centcols.org\/en\/the-corsican-coreg-presents-itself\/","og_locale":"en_GB","og_type":"article","og_title":"Le Coreg Corse se pr\u00e9sente - Club des Cent Cols","og_description":"Activit\u00e9 principale et s\u00e9jours Le d\u00e9veloppement de la FFCT en Corse, presque confidentiel, n\u2019a jamais \u00e9t\u00e9 notable et le nombre de clubs affili\u00e9s s\u2019est toujours compt\u00e9 sur les doigts d\u2019une seule main. Nombreux ont \u00e9t\u00e9 les s\u00e9jours organis\u00e9s aussi bien par la Commission Tourisme FFCT que par les diff\u00e9rents Codep continentaux, mais la graine n\u2019a [&hellip;]","og_url":"https:\/\/centcols.org\/en\/the-corsican-coreg-presents-itself\/","og_site_name":"Club des Cent Cols","article_publisher":"https:\/\/www.facebook.com\/groups\/5261880558\/?locale=fr_FR","article_published_time":"2025-02-05T08:05:39+00:00","article_modified_time":"2025-09-09T11:05:30+00:00","og_image":[{"width":177,"height":155,"url":"https:\/\/centcols.org\/wp-content\/uploads\/2025\/02\/Image1.jpg","type":"image\/jpeg"}],"author":"fabien","twitter_card":"summary_large_image","twitter_misc":{"Written by":"fabien","Estimated reading time":"3 minutes"},"schema":{"@context":"https:\/\/schema.org","@graph":[{"@type":"Article","@id":"https:\/\/centcols.org\/le-coreg-corse-se-presente\/#article","isPartOf":{"@id":"https:\/\/centcols.org\/le-coreg-corse-se-presente\/"},"author":{"name":"fabien","@id":"https:\/\/centcols.org\/#\/schema\/person\/fcdb31e57ffa95295c9683ffdda82afa"},"headline":"Le Coreg Corse se pr\u00e9sente","datePublished":"2025-02-05T08:05:39+00:00","dateModified":"2025-09-09T11:05:30+00:00","mainEntityOfPage":{"@id":"https:\/\/centcols.org\/le-coreg-corse-se-presente\/"},"wordCount":425,"commentCount":0,"publisher":{"@id":"https:\/\/centcols.org\/#organization"},"image":{"@id":"https:\/\/centcols.org\/le-coreg-corse-se-presente\/#primaryimage"},"thumbnailUrl":"https:\/\/centcols.org\/wp-content\/uploads\/2025\/02\/Image1.jpg","articleSection":["Partenaires"],"inLanguage":"en-GB","potentialAction":[{"@type":"CommentAction","name":"Comment","target":["https:\/\/centcols.org\/le-coreg-corse-se-presente\/#respond"]}]},{"@type":"WebPage","@id":"https:\/\/centcols.org\/le-coreg-corse-se-presente\/","url":"https:\/\/centcols.org\/le-coreg-corse-se-presente\/","name":"Coreg Corse presents itself - Club des Cent Cols","isPartOf":{"@id":"https:\/\/centcols.org\/#website"},"primaryImageOfPage":{"@id":"https:\/\/centcols.org\/le-coreg-corse-se-presente\/#primaryimage"},"image":{"@id":"https:\/\/centcols.org\/le-coreg-corse-se-presente\/#primaryimage"},"thumbnailUrl":"https:\/\/centcols.org\/wp-content\/uploads\/2025\/02\/Image1.jpg","datePublished":"2025-02-05T08:05:39+00:00","dateModified":"2025-09-09T11:05:30+00:00","breadcrumb":{"@id":"https:\/\/centcols.org\/le-coreg-corse-se-presente\/#breadcrumb"},"inLanguage":"en-GB","potentialAction":[{"@type":"ReadAction","target":["https:\/\/centcols.org\/le-coreg-corse-se-presente\/"]}]},{"@type":"ImageObject","inLanguage":"en-GB","@id":"https:\/\/centcols.org\/le-coreg-corse-se-presente\/#primaryimage","url":"https:\/\/centcols.org\/wp-content\/uploads\/2025\/02\/Image1.jpg","contentUrl":"https:\/\/centcols.org\/wp-content\/uploads\/2025\/02\/Image1.jpg","width":177,"height":155},{"@type":"BreadcrumbList","@id":"https:\/\/centcols.org\/le-coreg-corse-se-presente\/#breadcrumb","itemListElement":[{"@type":"ListItem","position":1,"name":"Accueil","item":"https:\/\/centcols.org\/"},{"@type":"ListItem","position":2,"name":"Partenaires","item":"https:\/\/centcols.org\/rubrique\/partenaires\/"},{"@type":"ListItem","position":3,"name":"Le Coreg Corse se pr\u00e9sente"}]},{"@type":"WebSite","@id":"https:\/\/centcols.org\/#website","url":"https:\/\/centcols.org\/","name":"Club des Cent Cols","description":"","publisher":{"@id":"https:\/\/centcols.org\/#organization"},"potentialAction":[{"@type":"SearchAction","target":{"@type":"EntryPoint","urlTemplate":"https:\/\/centcols.org\/?s={search_term_string}"},"query-input":{"@type":"PropertyValueSpecification","valueRequired":true,"valueName":"search_term_string"}}],"inLanguage":"en-GB"},{"@type":"Organization","@id":"https:\/\/centcols.org\/#organization","name":"Club des Cent Cols","url":"https:\/\/centcols.org\/","logo":{"@type":"ImageObject","inLanguage":"en-GB","@id":"https:\/\/centcols.org\/#\/schema\/logo\/image\/","url":"https:\/\/centcols.org\/wp-content\/uploads\/2025\/01\/carte-icone.png","contentUrl":"https:\/\/centcols.org\/wp-content\/uploads\/2025\/01\/carte-icone.png","width":250,"height":250,"caption":"Club des Cent Cols"},"image":{"@id":"https:\/\/centcols.org\/#\/schema\/logo\/image\/"},"sameAs":["https:\/\/www.facebook.com\/groups\/5261880558\/?locale=fr_FR"]},{"@type":"Person","@id":"https:\/\/centcols.org\/#\/schema\/person\/fcdb31e57ffa95295c9683ffdda82afa","name":"fabien","image":{"@type":"ImageObject","inLanguage":"en-GB","@id":"https:\/\/centcols.org\/wp-content\/litespeed\/avatar\/9065528d4c1ba02f0faf2b7616b2a195.jpg?ver=1777225983","url":"https:\/\/centcols.org\/wp-content\/litespeed\/avatar\/9065528d4c1ba02f0faf2b7616b2a195.jpg?ver=1777225983","contentUrl":"https:\/\/centcols.org\/wp-content\/litespeed\/avatar\/9065528d4c1ba02f0faf2b7616b2a195.jpg?ver=1777225983","caption":"fabien"},"url":"https:\/\/centcols.org\/en\/author\/fabien\/"}]}},"_links":{"self":[{"href":"https:\/\/centcols.org\/en\/wp-json\/wp\/v2\/posts\/79455","targetHints":{"allow":["GET"]}}],"collection":[{"href":"https:\/\/centcols.org\/en\/wp-json\/wp\/v2\/posts"}],"about":[{"href":"https:\/\/centcols.org\/en\/wp-json\/wp\/v2\/types\/post"}],"author":[{"embeddable":true,"href":"https:\/\/centcols.org\/en\/wp-json\/wp\/v2\/users\/2"}],"replies":[{"embeddable":true,"href":"https:\/\/centcols.org\/en\/wp-json\/wp\/v2\/comments?post=79455"}],"version-history":[{"count":0,"href":"https:\/\/centcols.org\/en\/wp-json\/wp\/v2\/posts\/79455\/revisions"}],"wp:featuredmedia":[{"embeddable":true,"href":"https:\/\/centcols.org\/en\/wp-json\/wp\/v2\/media\/79456"}],"wp:attachment":[{"href":"https:\/\/centcols.org\/en\/wp-json\/wp\/v2\/media?parent=79455"}],"wp:term":[{"taxonomy":"category","embeddable":true,"href":"https:\/\/centcols.org\/en\/wp-json\/wp\/v2\/categories?post=79455"},{"taxonomy":"post_tag","embeddable":true,"href":"https:\/\/centcols.org\/en\/wp-json\/wp\/v2\/tags?post=79455"}],"curies":[{"name":"wp","href":"https:\/\/api.w.org\/{rel}","templated":true}]}}