{"id":79495,"date":"2025-02-05T10:07:17","date_gmt":"2025-02-05T08:07:17","guid":{"rendered":"https:\/\/centcols.org\/lunion-europeenne-de-cyclotourisme-uect\/"},"modified":"2025-05-19T13:36:56","modified_gmt":"2025-05-19T11:36:56","slug":"european-cycling-union-uect","status":"publish","type":"post","link":"https:\/\/centcols.org\/en\/lunion-europeenne-de-cyclotourisme-uect\/","title":{"rendered":"The European Cycling Union - UECT"},"content":{"rendered":"<p class=\"has-medium-font-size\">An association whose aim is to promote cycle tourism in Europe is bound to arouse the curiosity of the President of the Club des Cent Cols.<\/p>\n\n\n\n<p class=\"has-medium-font-size\">An association with a large number of members from several European countries has also attracted the attention of the President of the European Cycling Union.<\/p>\n\n\n\n<p class=\"has-medium-font-size\">One thing led to another and through meetings between Patrice Godart, president of the UECT, who is also a member of the CCC, and Bernard Giraudeau, then president of the CCC, the benefits of collaboration between our two associations became apparent.<\/p>\n\n\n\n<p class=\"has-medium-font-size\">This tacit agreement is based on an obvious observation. We share the same desire to raise our profile among European cycle tourists, using different but complementary means and communication channels.<\/p>\n\n\n\n<p class=\"has-medium-font-size\"><strong>UECT <\/strong>has a network of partners made up of <strong>8 national federations <\/strong>bringing together more than <strong>200,000 cycle tourists<\/strong>.  The UECT offers rides between European capitals on <a href=\"https:\/\/centcols.org\/en\/european-dunions-kill\/\" target=\"_blank\" rel=\"noreferrer noopener\"><strong>European Traits d'Unions<\/strong><\/a>and organises an annual meeting, the <a href=\"https:\/\/centcols.org\/en\/semaine-europeenne-a-plasencia-espagne-1er-au-8-juillet-2023\/\" target=\"_blank\" rel=\"noreferrer noopener\"><strong>European Week<\/strong>,<\/a> in a different country each year.<\/p>\n\n\n\n<p class=\"has-medium-font-size\">Le <strong>CCC <\/strong>is familiar with the terrain throughout Europe thanks to its <strong>national collar catalogues<\/strong> and can therefore complement these UECT organisations. Whenever possible, we will help to promote the achievements of the European Cycling Union, in which we participate indirectly by providing data from our mountain passes. These will be our best ambassadors for promoting the <strong>Club des Cent Cols<\/strong>.<\/p>\n\n\n\n<p class=\"has-medium-font-size\">To find out more about the UECT : <a href=\"https:\/\/uect.org\/fr\/\" target=\"_blank\" rel=\"noreferrer noopener\"><strong>https:\/\/uect.org\/fr\/<\/strong><\/a><\/p>\n\n\n\n<p><\/p>","protected":false},"excerpt":{"rendered":"<p>Une association qui a pour vocation de promouvoir la pratique du cyclotourisme en Europe ne peut qu\u2019\u00e9veiller la curiosit\u00e9 du pr\u00e9sident du Club des Cent Cols. Une association qui compte dans ses rangs de nombreux membres issus de plusieurs pays europ\u00e9ens a suscit\u00e9 \u00e9galement &nbsp;l\u2019attention du pr\u00e9sident de l\u2019Union Europ\u00e9enne de Cyclotourisme. De fil en [&hellip;]<\/p>\n","protected":false},"author":2,"featured_media":0,"comment_status":"open","ping_status":"closed","sticky":false,"template":"","format":"standard","meta":{"_acf_changed":false,"footnotes":""},"categories":[422],"tags":[],"class_list":["post-79495","post","type-post","status-publish","format-standard","hentry","category-partenaires"],"acf":[],"yoast_head":"<!-- This site is optimized with the Yoast SEO plugin v27.2 - https:\/\/yoast.com\/product\/yoast-seo-wordpress\/ -->\n<title>L\u2019union europ\u00e9enne de cyclotourisme - UECT - Club des Cent Cols<\/title>\n<meta name=\"robots\" content=\"index, follow, max-snippet:-1, max-image-preview:large, max-video-preview:-1\" \/>\n<link rel=\"canonical\" href=\"https:\/\/centcols.org\/en\/european-cycling-union-uect\/\" \/>\n<meta property=\"og:locale\" content=\"en_GB\" \/>\n<meta property=\"og:type\" content=\"article\" \/>\n<meta property=\"og:title\" content=\"L\u2019union europ\u00e9enne de cyclotourisme - UECT - Club des Cent Cols\" \/>\n<meta property=\"og:description\" content=\"Une association qui a pour vocation de promouvoir la pratique du cyclotourisme en Europe ne peut qu\u2019\u00e9veiller la curiosit\u00e9 du pr\u00e9sident du Club des Cent Cols. Une association qui compte dans ses rangs de nombreux membres issus de plusieurs pays europ\u00e9ens a suscit\u00e9 \u00e9galement &nbsp;l\u2019attention du pr\u00e9sident de l\u2019Union Europ\u00e9enne de Cyclotourisme. De fil en [&hellip;]\" \/>\n<meta property=\"og:url\" content=\"https:\/\/centcols.org\/en\/european-cycling-union-uect\/\" \/>\n<meta property=\"og:site_name\" content=\"Club des Cent Cols\" \/>\n<meta property=\"article:publisher\" content=\"https:\/\/www.facebook.com\/groups\/5261880558\/?locale=fr_FR\" \/>\n<meta property=\"article:published_time\" content=\"2025-02-05T08:07:17+00:00\" \/>\n<meta property=\"article:modified_time\" content=\"2025-05-19T11:36:56+00:00\" \/>\n<meta name=\"author\" content=\"fabien\" \/>\n<meta name=\"twitter:card\" content=\"summary_large_image\" \/>\n<meta name=\"twitter:label1\" content=\"Written by\" \/>\n\t<meta name=\"twitter:data1\" content=\"fabien\" \/>\n\t<meta name=\"twitter:label2\" content=\"Estimated reading time\" \/>\n\t<meta name=\"twitter:data2\" content=\"2 minutes\" \/>\n<script type=\"application\/ld+json\" class=\"yoast-schema-graph\">{\"@context\":\"https:\/\/schema.org\",\"@graph\":[{\"@type\":\"Article\",\"@id\":\"https:\/\/centcols.org\/lunion-europeenne-de-cyclotourisme-uect\/#article\",\"isPartOf\":{\"@id\":\"https:\/\/centcols.org\/lunion-europeenne-de-cyclotourisme-uect\/\"},\"author\":{\"name\":\"fabien\",\"@id\":\"https:\/\/centcols.org\/#\/schema\/person\/fcdb31e57ffa95295c9683ffdda82afa\"},\"headline\":\"L\u2019union europ\u00e9enne de cyclotourisme &#8211; UECT\",\"datePublished\":\"2025-02-05T08:07:17+00:00\",\"dateModified\":\"2025-05-19T11:36:56+00:00\",\"mainEntityOfPage\":{\"@id\":\"https:\/\/centcols.org\/lunion-europeenne-de-cyclotourisme-uect\/\"},\"wordCount\":286,\"commentCount\":0,\"publisher\":{\"@id\":\"https:\/\/centcols.org\/#organization\"},\"articleSection\":[\"Partenaires\"],\"inLanguage\":\"en-GB\",\"potentialAction\":[{\"@type\":\"CommentAction\",\"name\":\"Comment\",\"target\":[\"https:\/\/centcols.org\/lunion-europeenne-de-cyclotourisme-uect\/#respond\"]}]},{\"@type\":\"WebPage\",\"@id\":\"https:\/\/centcols.org\/lunion-europeenne-de-cyclotourisme-uect\/\",\"url\":\"https:\/\/centcols.org\/lunion-europeenne-de-cyclotourisme-uect\/\",\"name\":\"L\u2019union europ\u00e9enne de cyclotourisme - UECT - Club des Cent Cols\",\"isPartOf\":{\"@id\":\"https:\/\/centcols.org\/#website\"},\"datePublished\":\"2025-02-05T08:07:17+00:00\",\"dateModified\":\"2025-05-19T11:36:56+00:00\",\"breadcrumb\":{\"@id\":\"https:\/\/centcols.org\/lunion-europeenne-de-cyclotourisme-uect\/#breadcrumb\"},\"inLanguage\":\"en-GB\",\"potentialAction\":[{\"@type\":\"ReadAction\",\"target\":[\"https:\/\/centcols.org\/lunion-europeenne-de-cyclotourisme-uect\/\"]}]},{\"@type\":\"BreadcrumbList\",\"@id\":\"https:\/\/centcols.org\/lunion-europeenne-de-cyclotourisme-uect\/#breadcrumb\",\"itemListElement\":[{\"@type\":\"ListItem\",\"position\":1,\"name\":\"Accueil\",\"item\":\"https:\/\/centcols.org\/\"},{\"@type\":\"ListItem\",\"position\":2,\"name\":\"Partenaires\",\"item\":\"https:\/\/centcols.org\/rubrique\/partenaires\/\"},{\"@type\":\"ListItem\",\"position\":3,\"name\":\"L\u2019union europ\u00e9enne de cyclotourisme &#8211; UECT\"}]},{\"@type\":\"WebSite\",\"@id\":\"https:\/\/centcols.org\/#website\",\"url\":\"https:\/\/centcols.org\/\",\"name\":\"Club des Cent Cols\",\"description\":\"\",\"publisher\":{\"@id\":\"https:\/\/centcols.org\/#organization\"},\"potentialAction\":[{\"@type\":\"SearchAction\",\"target\":{\"@type\":\"EntryPoint\",\"urlTemplate\":\"https:\/\/centcols.org\/?s={search_term_string}\"},\"query-input\":{\"@type\":\"PropertyValueSpecification\",\"valueRequired\":true,\"valueName\":\"search_term_string\"}}],\"inLanguage\":\"en-GB\"},{\"@type\":\"Organization\",\"@id\":\"https:\/\/centcols.org\/#organization\",\"name\":\"Club des Cent Cols\",\"url\":\"https:\/\/centcols.org\/\",\"logo\":{\"@type\":\"ImageObject\",\"inLanguage\":\"en-GB\",\"@id\":\"https:\/\/centcols.org\/#\/schema\/logo\/image\/\",\"url\":\"https:\/\/centcols.org\/wp-content\/uploads\/2025\/01\/carte-icone.png\",\"contentUrl\":\"https:\/\/centcols.org\/wp-content\/uploads\/2025\/01\/carte-icone.png\",\"width\":250,\"height\":250,\"caption\":\"Club des Cent Cols\"},\"image\":{\"@id\":\"https:\/\/centcols.org\/#\/schema\/logo\/image\/\"},\"sameAs\":[\"https:\/\/www.facebook.com\/groups\/5261880558\/?locale=fr_FR\"]},{\"@type\":\"Person\",\"@id\":\"https:\/\/centcols.org\/#\/schema\/person\/fcdb31e57ffa95295c9683ffdda82afa\",\"name\":\"fabien\",\"image\":{\"@type\":\"ImageObject\",\"inLanguage\":\"en-GB\",\"@id\":\"https:\/\/centcols.org\/wp-content\/litespeed\/avatar\/9065528d4c1ba02f0faf2b7616b2a195.jpg?ver=1777225983\",\"url\":\"https:\/\/centcols.org\/wp-content\/litespeed\/avatar\/9065528d4c1ba02f0faf2b7616b2a195.jpg?ver=1777225983\",\"contentUrl\":\"https:\/\/centcols.org\/wp-content\/litespeed\/avatar\/9065528d4c1ba02f0faf2b7616b2a195.jpg?ver=1777225983\",\"caption\":\"fabien\"},\"url\":\"https:\/\/centcols.org\/en\/author\/fabien\/\"}]}<\/script>\n<!-- \/ Yoast SEO plugin. -->","yoast_head_json":{"title":"European Cycling Union - UECT - Club des Cent Cols","robots":{"index":"index","follow":"follow","max-snippet":"max-snippet:-1","max-image-preview":"max-image-preview:large","max-video-preview":"max-video-preview:-1"},"canonical":"https:\/\/centcols.org\/en\/european-cycling-union-uect\/","og_locale":"en_GB","og_type":"article","og_title":"L\u2019union europ\u00e9enne de cyclotourisme - UECT - Club des Cent Cols","og_description":"Une association qui a pour vocation de promouvoir la pratique du cyclotourisme en Europe ne peut qu\u2019\u00e9veiller la curiosit\u00e9 du pr\u00e9sident du Club des Cent Cols. Une association qui compte dans ses rangs de nombreux membres issus de plusieurs pays europ\u00e9ens a suscit\u00e9 \u00e9galement &nbsp;l\u2019attention du pr\u00e9sident de l\u2019Union Europ\u00e9enne de Cyclotourisme. De fil en [&hellip;]","og_url":"https:\/\/centcols.org\/en\/european-cycling-union-uect\/","og_site_name":"Club des Cent Cols","article_publisher":"https:\/\/www.facebook.com\/groups\/5261880558\/?locale=fr_FR","article_published_time":"2025-02-05T08:07:17+00:00","article_modified_time":"2025-05-19T11:36:56+00:00","author":"fabien","twitter_card":"summary_large_image","twitter_misc":{"Written by":"fabien","Estimated reading time":"2 minutes"},"schema":{"@context":"https:\/\/schema.org","@graph":[{"@type":"Article","@id":"https:\/\/centcols.org\/lunion-europeenne-de-cyclotourisme-uect\/#article","isPartOf":{"@id":"https:\/\/centcols.org\/lunion-europeenne-de-cyclotourisme-uect\/"},"author":{"name":"fabien","@id":"https:\/\/centcols.org\/#\/schema\/person\/fcdb31e57ffa95295c9683ffdda82afa"},"headline":"L\u2019union europ\u00e9enne de cyclotourisme &#8211; UECT","datePublished":"2025-02-05T08:07:17+00:00","dateModified":"2025-05-19T11:36:56+00:00","mainEntityOfPage":{"@id":"https:\/\/centcols.org\/lunion-europeenne-de-cyclotourisme-uect\/"},"wordCount":286,"commentCount":0,"publisher":{"@id":"https:\/\/centcols.org\/#organization"},"articleSection":["Partenaires"],"inLanguage":"en-GB","potentialAction":[{"@type":"CommentAction","name":"Comment","target":["https:\/\/centcols.org\/lunion-europeenne-de-cyclotourisme-uect\/#respond"]}]},{"@type":"WebPage","@id":"https:\/\/centcols.org\/lunion-europeenne-de-cyclotourisme-uect\/","url":"https:\/\/centcols.org\/lunion-europeenne-de-cyclotourisme-uect\/","name":"European Cycling Union - UECT - Club des Cent Cols","isPartOf":{"@id":"https:\/\/centcols.org\/#website"},"datePublished":"2025-02-05T08:07:17+00:00","dateModified":"2025-05-19T11:36:56+00:00","breadcrumb":{"@id":"https:\/\/centcols.org\/lunion-europeenne-de-cyclotourisme-uect\/#breadcrumb"},"inLanguage":"en-GB","potentialAction":[{"@type":"ReadAction","target":["https:\/\/centcols.org\/lunion-europeenne-de-cyclotourisme-uect\/"]}]},{"@type":"BreadcrumbList","@id":"https:\/\/centcols.org\/lunion-europeenne-de-cyclotourisme-uect\/#breadcrumb","itemListElement":[{"@type":"ListItem","position":1,"name":"Accueil","item":"https:\/\/centcols.org\/"},{"@type":"ListItem","position":2,"name":"Partenaires","item":"https:\/\/centcols.org\/rubrique\/partenaires\/"},{"@type":"ListItem","position":3,"name":"L\u2019union europ\u00e9enne de cyclotourisme &#8211; UECT"}]},{"@type":"WebSite","@id":"https:\/\/centcols.org\/#website","url":"https:\/\/centcols.org\/","name":"Club des Cent Cols","description":"","publisher":{"@id":"https:\/\/centcols.org\/#organization"},"potentialAction":[{"@type":"SearchAction","target":{"@type":"EntryPoint","urlTemplate":"https:\/\/centcols.org\/?s={search_term_string}"},"query-input":{"@type":"PropertyValueSpecification","valueRequired":true,"valueName":"search_term_string"}}],"inLanguage":"en-GB"},{"@type":"Organization","@id":"https:\/\/centcols.org\/#organization","name":"Club des Cent Cols","url":"https:\/\/centcols.org\/","logo":{"@type":"ImageObject","inLanguage":"en-GB","@id":"https:\/\/centcols.org\/#\/schema\/logo\/image\/","url":"https:\/\/centcols.org\/wp-content\/uploads\/2025\/01\/carte-icone.png","contentUrl":"https:\/\/centcols.org\/wp-content\/uploads\/2025\/01\/carte-icone.png","width":250,"height":250,"caption":"Club des Cent Cols"},"image":{"@id":"https:\/\/centcols.org\/#\/schema\/logo\/image\/"},"sameAs":["https:\/\/www.facebook.com\/groups\/5261880558\/?locale=fr_FR"]},{"@type":"Person","@id":"https:\/\/centcols.org\/#\/schema\/person\/fcdb31e57ffa95295c9683ffdda82afa","name":"fabien","image":{"@type":"ImageObject","inLanguage":"en-GB","@id":"https:\/\/centcols.org\/wp-content\/litespeed\/avatar\/9065528d4c1ba02f0faf2b7616b2a195.jpg?ver=1777225983","url":"https:\/\/centcols.org\/wp-content\/litespeed\/avatar\/9065528d4c1ba02f0faf2b7616b2a195.jpg?ver=1777225983","contentUrl":"https:\/\/centcols.org\/wp-content\/litespeed\/avatar\/9065528d4c1ba02f0faf2b7616b2a195.jpg?ver=1777225983","caption":"fabien"},"url":"https:\/\/centcols.org\/en\/author\/fabien\/"}]}},"_links":{"self":[{"href":"https:\/\/centcols.org\/en\/wp-json\/wp\/v2\/posts\/79495","targetHints":{"allow":["GET"]}}],"collection":[{"href":"https:\/\/centcols.org\/en\/wp-json\/wp\/v2\/posts"}],"about":[{"href":"https:\/\/centcols.org\/en\/wp-json\/wp\/v2\/types\/post"}],"author":[{"embeddable":true,"href":"https:\/\/centcols.org\/en\/wp-json\/wp\/v2\/users\/2"}],"replies":[{"embeddable":true,"href":"https:\/\/centcols.org\/en\/wp-json\/wp\/v2\/comments?post=79495"}],"version-history":[{"count":0,"href":"https:\/\/centcols.org\/en\/wp-json\/wp\/v2\/posts\/79495\/revisions"}],"wp:attachment":[{"href":"https:\/\/centcols.org\/en\/wp-json\/wp\/v2\/media?parent=79495"}],"wp:term":[{"taxonomy":"category","embeddable":true,"href":"https:\/\/centcols.org\/en\/wp-json\/wp\/v2\/categories?post=79495"},{"taxonomy":"post_tag","embeddable":true,"href":"https:\/\/centcols.org\/en\/wp-json\/wp\/v2\/tags?post=79495"}],"curies":[{"name":"wp","href":"https:\/\/api.w.org\/{rel}","templated":true}]}}