{"id":79571,"date":"2022-12-21T09:39:26","date_gmt":"2022-12-21T07:39:26","guid":{"rendered":"https:\/\/centcols.org\/michel-minard\/"},"modified":"2025-05-13T13:59:24","modified_gmt":"2025-05-13T11:59:24","slug":"michel-minard","status":"publish","type":"post","link":"https:\/\/centcols.org\/en\/michel-minard\/","title":{"rendered":"Michel Minard"},"content":{"rendered":"<p id=\"block-b1046b76-0cd5-4d51-a3d9-d92b537dcfbd\">Before we got to know Michel (N\u00b01361), we often rode with his son Philippe in the 1990s. Philippe was also an active member of the Cent Cols at the time.<\/p>\n\n\n\n<p id=\"block-9f1afa02-14e2-458c-bd6d-0d1e1d8aaa27\">The first time we met Michel was during our stay in Gilette in April 2015. Having climbed just over 1300 passes at the time, he told us that his goal was to reach 1500. We thought that was a very ambitious goal, given Michel's imposing physique and age.<\/p>\n\n\n\n<p id=\"block-4e0b2f08-12ee-4675-bd9b-7dde50c05090\">But that was without counting on his obstinacy and perseverance, because he was going to go far beyond this objective. He embodied <em>the quiet force<\/em>We met up with him again on each of our trips with the CCC. He categorically refused to switch to the VAE, and kept telling us: \"This is the last time I'll be taking part...\".<\/p>\n\n\n\n<p id=\"block-777925d0-2b48-4740-9350-2fbd50742ff3\">The loss of his wife Colette in 2008 affected him greatly, and he often spoke of her memory.<\/p>\n\n\n\n<p id=\"block-5f9eaa21-2959-468a-ac31-b31d3e812061\">At the age of 85, he has gone quietly, as he always had, and we won't see the little camper van that was his only vehicle arriving at our next get-togethers.<\/p>\n\n\n\n<h4 class=\"wp-block-heading has-vivid-cyan-blue-color has-text-color has-medium-font-size\">Claude and Michel RABUTEAU<\/h4>\n\n\n\n<hr class=\"wp-block-separator has-alpha-channel-opacity\" id=\"block-1ea2c44e-7c28-43bf-b7d1-97344c6277a9\"\/>\n\n\n\n<p id=\"block-69210167-fc25-414a-b492-941afe0fb013\">Michel was a very endearing man, particularly because of the glitches he had during his stays, of which I'll mention 2.<\/p>\n\n\n\n<p id=\"block-2527cb47-1f9f-4135-b452-cf8a11a3ba40\">In 2014, during his stay in Bussang, he went to watch the Tour as it climbed the Col des Croix. A policeman forbade him to cross back over to pick up his picnic left on the bike on the other side of the road, leaving him hungry.<\/p>\n\n\n\n<p id=\"block-bb6df826-7445-4b9d-80f9-a933bdf2d745\">At Gilette Guy Moreau and Laurent Cornet had concocted a shorter route for him and had taken him to the starting point of the circuit with instructions to meet at the same place. On his return, Michel was nowhere to be found, and after a long wait, they decided to return to the centre, thinking that he had gone back on his own.<\/p>\n\n\n\n<p id=\"block-15bd0152-dbca-4e9b-89d4-d0911c91c900\">When it was time for the evening meal, Michel was still missing. Calls to the police, to his sister... but what a relief when we saw him arrive at the centre.<\/p>\n\n\n\n<p id=\"block-b57c75b8-eb1d-4c99-ac98-34856ac477d7\">Michel was always a little lost, but so friendly.<\/p>\n\n\n\n<h4 class=\"wp-block-heading has-vivid-cyan-blue-color has-text-color has-medium-font-size\">Alain Brault<\/h4>\n\n\n\n<hr class=\"wp-block-separator has-alpha-channel-opacity\" id=\"block-d309d582-4a22-480b-b13d-c6e314ee2c5b\"\/>\n\n\n\n<p id=\"block-ea6e9b43-d884-4b42-8b06-cfc16c80f60d\">Alain, you're forgetting to mention that at Gillette it was the pizza lady who brought him back to the centre, the lucky man!<\/p>\n\n\n\n<h4 class=\"wp-block-heading has-vivid-cyan-blue-color has-text-color has-medium-font-size\">Guy Harl\u00e9<\/h4>\n\n\n\n<hr class=\"wp-block-separator has-alpha-channel-opacity\" id=\"block-a19bdfb8-b4f7-4f17-a4b9-351e33a5653a\"\/>\n\n\n\n<p id=\"block-82002d06-7773-42a6-b21d-149739d3db32\">Michel never left anyone indifferent. We had a natural sympathy for him because he was often out of sync with our schedules when we were away. His routes were often improvised. In Lozari, in 2013, there was a mishap: he left with his bike to get money from an ATM. When he returned to his camper van, he had lost his wallet and all his papers... as well as the money he had just withdrawn. The other members all chipped in to ensure his return to mainland France. The loss of his wife had affected him greatly. He was a good friend.<\/p>\n\n\n\n<h4 class=\"wp-block-heading has-vivid-cyan-blue-color has-text-color has-medium-font-size\">Max Tissot<\/h4>\n\n\n\n<hr class=\"wp-block-separator has-alpha-channel-opacity\" id=\"block-3401b557-b182-4541-8ed6-11135a0f538b\"\/>\n\n\n\n<p id=\"block-cd2f0cbf-2d58-4beb-8789-a235448ec1c0\">Michel Minard is my childhood and my school years,<br>Every morning, when I went to school, I'd see him in Dijon, on his bike, on Boulevard Kennedy on his way to work...<br>Then, when I took up cycle touring, he was at the TCF club in Dijon.<br>Then, when we met at a rally...I was the FEE son.<br>A lot of grief and emotion...<\/p>\n\n\n\n<h4 class=\"wp-block-heading has-vivid-cyan-blue-color has-text-color has-medium-font-size\">Philippe Fee<\/h4>\n\n\n\n<hr class=\"wp-block-separator has-alpha-channel-opacity\" id=\"block-4f6256f3-0dd1-44d4-aa84-a6d0a1c5b654\"\/>\n\n\n\n<p id=\"block-0e4d49c1-a5d3-4292-b337-25788703a5dd\">Like all of you, I've met Michel on a number of different trips and measured his willpower on, or next to, his bike. I appreciated his zenitude at Ghysonnaccia, where we shared a bungalow.<\/p>\n\n\n\n<h4 class=\"wp-block-heading has-vivid-cyan-blue-color has-text-color has-medium-font-size\">Guy Chaurin<\/h4>\n\n\n\n<hr class=\"wp-block-separator has-alpha-channel-opacity\" id=\"block-4eb02aa6-84d6-43de-872a-af0ebf98fdbf\"\/>\n\n\n\n<p id=\"block-61b9b76a-d519-47af-9748-29e682689082\">I can still see him looking for the passes with a 200,000 Michelin map, persevering to the end!<br>So much for being late for supper ...<\/p>\n\n\n\n<h4 class=\"wp-block-heading has-vivid-cyan-blue-color has-text-color has-medium-font-size\">Bernard Chinal<\/h4>\n\n\n\n<hr class=\"wp-block-separator has-alpha-channel-opacity\" id=\"block-24330a19-19ed-467c-b2b8-558d7d65b14e\"\/>\n\n\n\n<p id=\"block-073b2542-8065-47b0-aaa4-26169821dd6b\">I loved talking to him. I did so again at the AGM. When you're in good health and still alert, you think you'll live forever, that everything will go on. Seeing your family and friends leave you makes you realise that you're just passing through.<\/p>\n\n\n\n<h4 class=\"wp-block-heading has-vivid-cyan-blue-color has-text-color has-medium-font-size\">Alain Schoebel<\/h4>\n\n\n\n<hr class=\"wp-block-separator has-alpha-channel-opacity\" id=\"block-35c4a003-4a3f-4d49-bf70-cc564ff57aa1\"\/>\n\n\n\n<p id=\"block-95409a9e-9fe9-493c-b8ca-6fc5ebae9cc3\">A thought for his family. Maurice and I sometimes went hiking with him. I'm very sad to see him go, he was such a nice man.<\/p>\n\n\n\n<h4 class=\"wp-block-heading has-vivid-cyan-blue-color has-text-color has-medium-font-size\">Marie-Th\u00e9r\u00e8se Frumy<\/h4>","protected":false},"excerpt":{"rendered":"<p>Avant de conna\u00eetre Michel (N\u00b01361), nous avions souvent roul\u00e9 en compagnie de son fils Philippe dans les ann\u00e9es 90. Ce dernier \u00e9tait \u00e9galement \u00e0 l\u2019\u00e9poque un membre actif aux Cent Cols. La premi\u00e8re rencontre avec Michel se fit au cours du s\u00e9jour de Gilette en avril 2015. Comptant \u00e0 peine plus de 1300 cols \u00e0 [&hellip;]<\/p>\n","protected":false},"author":58,"featured_media":0,"comment_status":"open","ping_status":"open","sticky":false,"template":"","format":"standard","meta":{"_acf_changed":false,"footnotes":""},"categories":[130,129],"tags":[],"class_list":["post-79571","post","type-post","status-publish","format-standard","hentry","category-carnet-noir","category-gazette"],"acf":[],"yoast_head":"<!-- This site is optimized with the Yoast SEO plugin v27.2 - https:\/\/yoast.com\/product\/yoast-seo-wordpress\/ -->\n<title>Michel Minard - Club des Cent Cols<\/title>\n<meta name=\"robots\" content=\"index, follow, max-snippet:-1, max-image-preview:large, max-video-preview:-1\" \/>\n<link rel=\"canonical\" href=\"https:\/\/centcols.org\/en\/michel-minard\/\" \/>\n<meta property=\"og:locale\" content=\"en_GB\" \/>\n<meta property=\"og:type\" content=\"article\" \/>\n<meta property=\"og:title\" content=\"Michel Minard - Club des Cent Cols\" \/>\n<meta property=\"og:description\" content=\"Avant de conna\u00eetre Michel (N\u00b01361), nous avions souvent roul\u00e9 en compagnie de son fils Philippe dans les ann\u00e9es 90. Ce dernier \u00e9tait \u00e9galement \u00e0 l\u2019\u00e9poque un membre actif aux Cent Cols. La premi\u00e8re rencontre avec Michel se fit au cours du s\u00e9jour de Gilette en avril 2015. Comptant \u00e0 peine plus de 1300 cols \u00e0 [&hellip;]\" \/>\n<meta property=\"og:url\" content=\"https:\/\/centcols.org\/en\/michel-minard\/\" \/>\n<meta property=\"og:site_name\" content=\"Club des Cent Cols\" \/>\n<meta property=\"article:publisher\" content=\"https:\/\/www.facebook.com\/groups\/5261880558\/?locale=fr_FR\" \/>\n<meta property=\"article:published_time\" content=\"2022-12-21T07:39:26+00:00\" \/>\n<meta property=\"article:modified_time\" content=\"2025-05-13T11:59:24+00:00\" \/>\n<meta name=\"author\" content=\"Enrico Alberini\" \/>\n<meta name=\"twitter:card\" content=\"summary_large_image\" \/>\n<meta name=\"twitter:label1\" content=\"Written by\" \/>\n\t<meta name=\"twitter:data1\" content=\"Enrico Alberini\" \/>\n\t<meta name=\"twitter:label2\" content=\"Estimated reading time\" \/>\n\t<meta name=\"twitter:data2\" content=\"4 minutes\" \/>\n<script type=\"application\/ld+json\" class=\"yoast-schema-graph\">{\"@context\":\"https:\/\/schema.org\",\"@graph\":[{\"@type\":\"Article\",\"@id\":\"https:\/\/centcols.org\/michel-minard\/#article\",\"isPartOf\":{\"@id\":\"https:\/\/centcols.org\/michel-minard\/\"},\"author\":{\"name\":\"Enrico Alberini\",\"@id\":\"https:\/\/centcols.org\/#\/schema\/person\/86c3ec6889d88501a29fccac614bebf8\"},\"headline\":\"Michel Minard\",\"datePublished\":\"2022-12-21T07:39:26+00:00\",\"dateModified\":\"2025-05-13T11:59:24+00:00\",\"mainEntityOfPage\":{\"@id\":\"https:\/\/centcols.org\/michel-minard\/\"},\"wordCount\":761,\"commentCount\":0,\"publisher\":{\"@id\":\"https:\/\/centcols.org\/#organization\"},\"articleSection\":[\"Carnet noir\",\"Gazette\"],\"inLanguage\":\"en-GB\",\"potentialAction\":[{\"@type\":\"CommentAction\",\"name\":\"Comment\",\"target\":[\"https:\/\/centcols.org\/michel-minard\/#respond\"]}]},{\"@type\":\"WebPage\",\"@id\":\"https:\/\/centcols.org\/michel-minard\/\",\"url\":\"https:\/\/centcols.org\/michel-minard\/\",\"name\":\"Michel Minard - Club des Cent Cols\",\"isPartOf\":{\"@id\":\"https:\/\/centcols.org\/#website\"},\"datePublished\":\"2022-12-21T07:39:26+00:00\",\"dateModified\":\"2025-05-13T11:59:24+00:00\",\"breadcrumb\":{\"@id\":\"https:\/\/centcols.org\/michel-minard\/#breadcrumb\"},\"inLanguage\":\"en-GB\",\"potentialAction\":[{\"@type\":\"ReadAction\",\"target\":[\"https:\/\/centcols.org\/michel-minard\/\"]}]},{\"@type\":\"BreadcrumbList\",\"@id\":\"https:\/\/centcols.org\/michel-minard\/#breadcrumb\",\"itemListElement\":[{\"@type\":\"ListItem\",\"position\":1,\"name\":\"Accueil\",\"item\":\"https:\/\/centcols.org\/\"},{\"@type\":\"ListItem\",\"position\":2,\"name\":\"Gazette\",\"item\":\"https:\/\/centcols.org\/rubrique\/gazette\/\"},{\"@type\":\"ListItem\",\"position\":3,\"name\":\"Michel Minard\"}]},{\"@type\":\"WebSite\",\"@id\":\"https:\/\/centcols.org\/#website\",\"url\":\"https:\/\/centcols.org\/\",\"name\":\"Club des Cent Cols\",\"description\":\"\",\"publisher\":{\"@id\":\"https:\/\/centcols.org\/#organization\"},\"potentialAction\":[{\"@type\":\"SearchAction\",\"target\":{\"@type\":\"EntryPoint\",\"urlTemplate\":\"https:\/\/centcols.org\/?s={search_term_string}\"},\"query-input\":{\"@type\":\"PropertyValueSpecification\",\"valueRequired\":true,\"valueName\":\"search_term_string\"}}],\"inLanguage\":\"en-GB\"},{\"@type\":\"Organization\",\"@id\":\"https:\/\/centcols.org\/#organization\",\"name\":\"Club des Cent Cols\",\"url\":\"https:\/\/centcols.org\/\",\"logo\":{\"@type\":\"ImageObject\",\"inLanguage\":\"en-GB\",\"@id\":\"https:\/\/centcols.org\/#\/schema\/logo\/image\/\",\"url\":\"https:\/\/centcols.org\/wp-content\/uploads\/2025\/01\/carte-icone.png\",\"contentUrl\":\"https:\/\/centcols.org\/wp-content\/uploads\/2025\/01\/carte-icone.png\",\"width\":250,\"height\":250,\"caption\":\"Club des Cent Cols\"},\"image\":{\"@id\":\"https:\/\/centcols.org\/#\/schema\/logo\/image\/\"},\"sameAs\":[\"https:\/\/www.facebook.com\/groups\/5261880558\/?locale=fr_FR\"]},{\"@type\":\"Person\",\"@id\":\"https:\/\/centcols.org\/#\/schema\/person\/86c3ec6889d88501a29fccac614bebf8\",\"name\":\"Enrico Alberini\",\"image\":{\"@type\":\"ImageObject\",\"inLanguage\":\"en-GB\",\"@id\":\"https:\/\/centcols.org\/wp-content\/litespeed\/avatar\/1b26e36a18d85acc8b0f860f9628213f.jpg?ver=1777240766\",\"url\":\"https:\/\/centcols.org\/wp-content\/litespeed\/avatar\/1b26e36a18d85acc8b0f860f9628213f.jpg?ver=1777240766\",\"contentUrl\":\"https:\/\/centcols.org\/wp-content\/litespeed\/avatar\/1b26e36a18d85acc8b0f860f9628213f.jpg?ver=1777240766\",\"caption\":\"Enrico Alberini\"},\"url\":\"https:\/\/centcols.org\/en\/author\/5065\/\"}]}<\/script>\n<!-- \/ Yoast SEO plugin. -->","yoast_head_json":{"title":"Michel Minard - Club des Cent Cols","robots":{"index":"index","follow":"follow","max-snippet":"max-snippet:-1","max-image-preview":"max-image-preview:large","max-video-preview":"max-video-preview:-1"},"canonical":"https:\/\/centcols.org\/en\/michel-minard\/","og_locale":"en_GB","og_type":"article","og_title":"Michel Minard - Club des Cent Cols","og_description":"Avant de conna\u00eetre Michel (N\u00b01361), nous avions souvent roul\u00e9 en compagnie de son fils Philippe dans les ann\u00e9es 90. Ce dernier \u00e9tait \u00e9galement \u00e0 l\u2019\u00e9poque un membre actif aux Cent Cols. La premi\u00e8re rencontre avec Michel se fit au cours du s\u00e9jour de Gilette en avril 2015. Comptant \u00e0 peine plus de 1300 cols \u00e0 [&hellip;]","og_url":"https:\/\/centcols.org\/en\/michel-minard\/","og_site_name":"Club des Cent Cols","article_publisher":"https:\/\/www.facebook.com\/groups\/5261880558\/?locale=fr_FR","article_published_time":"2022-12-21T07:39:26+00:00","article_modified_time":"2025-05-13T11:59:24+00:00","author":"Enrico Alberini","twitter_card":"summary_large_image","twitter_misc":{"Written by":"Enrico Alberini","Estimated reading time":"4 minutes"},"schema":{"@context":"https:\/\/schema.org","@graph":[{"@type":"Article","@id":"https:\/\/centcols.org\/michel-minard\/#article","isPartOf":{"@id":"https:\/\/centcols.org\/michel-minard\/"},"author":{"name":"Enrico Alberini","@id":"https:\/\/centcols.org\/#\/schema\/person\/86c3ec6889d88501a29fccac614bebf8"},"headline":"Michel Minard","datePublished":"2022-12-21T07:39:26+00:00","dateModified":"2025-05-13T11:59:24+00:00","mainEntityOfPage":{"@id":"https:\/\/centcols.org\/michel-minard\/"},"wordCount":761,"commentCount":0,"publisher":{"@id":"https:\/\/centcols.org\/#organization"},"articleSection":["Carnet noir","Gazette"],"inLanguage":"en-GB","potentialAction":[{"@type":"CommentAction","name":"Comment","target":["https:\/\/centcols.org\/michel-minard\/#respond"]}]},{"@type":"WebPage","@id":"https:\/\/centcols.org\/michel-minard\/","url":"https:\/\/centcols.org\/michel-minard\/","name":"Michel Minard - Club des Cent Cols","isPartOf":{"@id":"https:\/\/centcols.org\/#website"},"datePublished":"2022-12-21T07:39:26+00:00","dateModified":"2025-05-13T11:59:24+00:00","breadcrumb":{"@id":"https:\/\/centcols.org\/michel-minard\/#breadcrumb"},"inLanguage":"en-GB","potentialAction":[{"@type":"ReadAction","target":["https:\/\/centcols.org\/michel-minard\/"]}]},{"@type":"BreadcrumbList","@id":"https:\/\/centcols.org\/michel-minard\/#breadcrumb","itemListElement":[{"@type":"ListItem","position":1,"name":"Accueil","item":"https:\/\/centcols.org\/"},{"@type":"ListItem","position":2,"name":"Gazette","item":"https:\/\/centcols.org\/rubrique\/gazette\/"},{"@type":"ListItem","position":3,"name":"Michel Minard"}]},{"@type":"WebSite","@id":"https:\/\/centcols.org\/#website","url":"https:\/\/centcols.org\/","name":"Club des Cent Cols","description":"","publisher":{"@id":"https:\/\/centcols.org\/#organization"},"potentialAction":[{"@type":"SearchAction","target":{"@type":"EntryPoint","urlTemplate":"https:\/\/centcols.org\/?s={search_term_string}"},"query-input":{"@type":"PropertyValueSpecification","valueRequired":true,"valueName":"search_term_string"}}],"inLanguage":"en-GB"},{"@type":"Organization","@id":"https:\/\/centcols.org\/#organization","name":"Club des Cent Cols","url":"https:\/\/centcols.org\/","logo":{"@type":"ImageObject","inLanguage":"en-GB","@id":"https:\/\/centcols.org\/#\/schema\/logo\/image\/","url":"https:\/\/centcols.org\/wp-content\/uploads\/2025\/01\/carte-icone.png","contentUrl":"https:\/\/centcols.org\/wp-content\/uploads\/2025\/01\/carte-icone.png","width":250,"height":250,"caption":"Club des Cent Cols"},"image":{"@id":"https:\/\/centcols.org\/#\/schema\/logo\/image\/"},"sameAs":["https:\/\/www.facebook.com\/groups\/5261880558\/?locale=fr_FR"]},{"@type":"Person","@id":"https:\/\/centcols.org\/#\/schema\/person\/86c3ec6889d88501a29fccac614bebf8","name":"Enrico Alberini","image":{"@type":"ImageObject","inLanguage":"en-GB","@id":"https:\/\/centcols.org\/wp-content\/litespeed\/avatar\/1b26e36a18d85acc8b0f860f9628213f.jpg?ver=1777240766","url":"https:\/\/centcols.org\/wp-content\/litespeed\/avatar\/1b26e36a18d85acc8b0f860f9628213f.jpg?ver=1777240766","contentUrl":"https:\/\/centcols.org\/wp-content\/litespeed\/avatar\/1b26e36a18d85acc8b0f860f9628213f.jpg?ver=1777240766","caption":"Enrico Alberini"},"url":"https:\/\/centcols.org\/en\/author\/5065\/"}]}},"_links":{"self":[{"href":"https:\/\/centcols.org\/en\/wp-json\/wp\/v2\/posts\/79571","targetHints":{"allow":["GET"]}}],"collection":[{"href":"https:\/\/centcols.org\/en\/wp-json\/wp\/v2\/posts"}],"about":[{"href":"https:\/\/centcols.org\/en\/wp-json\/wp\/v2\/types\/post"}],"author":[{"embeddable":true,"href":"https:\/\/centcols.org\/en\/wp-json\/wp\/v2\/users\/58"}],"replies":[{"embeddable":true,"href":"https:\/\/centcols.org\/en\/wp-json\/wp\/v2\/comments?post=79571"}],"version-history":[{"count":0,"href":"https:\/\/centcols.org\/en\/wp-json\/wp\/v2\/posts\/79571\/revisions"}],"wp:attachment":[{"href":"https:\/\/centcols.org\/en\/wp-json\/wp\/v2\/media?parent=79571"}],"wp:term":[{"taxonomy":"category","embeddable":true,"href":"https:\/\/centcols.org\/en\/wp-json\/wp\/v2\/categories?post=79571"},{"taxonomy":"post_tag","embeddable":true,"href":"https:\/\/centcols.org\/en\/wp-json\/wp\/v2\/tags?post=79571"}],"curies":[{"name":"wp","href":"https:\/\/api.w.org\/{rel}","templated":true}]}}