{"id":79586,"date":"2023-05-01T10:57:26","date_gmt":"2023-05-01T08:57:26","guid":{"rendered":"https:\/\/centcols.org\/alain-balalas\/"},"modified":"2025-09-12T21:27:52","modified_gmt":"2025-09-12T19:27:52","slug":"alain-balalas","status":"publish","type":"post","link":"https:\/\/centcols.org\/en\/alain-balalas\/","title":{"rendered":"Alain Balalas"},"content":{"rendered":"<div class=\"wp-block-image\">\n<figure class=\"aligncenter size-full is-resized\"><img loading=\"lazy\" decoding=\"async\" width=\"1024\" height=\"768\" src=\"https:\/\/centcols.org\/wp-content\/uploads\/2025\/02\/Alain-Balalas3.jpg\" alt=\"\" class=\"wp-image-79587\" style=\"width:800px\" srcset=\"https:\/\/centcols.org\/wp-content\/uploads\/2025\/02\/Alain-Balalas3.jpg 1024w, https:\/\/centcols.org\/wp-content\/uploads\/2025\/02\/Alain-Balalas3-768x576.jpg 768w, https:\/\/centcols.org\/wp-content\/uploads\/2025\/02\/Alain-Balalas3-600x450.jpg 600w\" sizes=\"auto, (max-width: 1024px) 100vw, 1024px\" \/><\/figure>\n<\/div>\n\n\n<p class=\"has-medium-font-size\">Our colleague <strong>Alain Balalas <\/strong>passed away on 20 April at the age of 86.<\/p>\n\n\n\n<p class=\"has-medium-font-size\">Alain was originally a teacher and headmaster, passionate about his job; but he was also, and even more so since his retirement, a great scholar, a history buff (with a book on the history of Ukraine) and a specialist in Proven\u00e7al heritage. The author of numerous articles and books about his village, he also led discovery expeditions, conferences and archaeological and historical exhibitions. A medallist of the town of Peyrolles, he was also Commandeur des Palmes Acad\u00e9miques and Correspondent of the Acad\u00e9mie des Sciences, Arts &amp; Lettres de Marseille.<\/p>\n\n\n\n<p class=\"has-medium-font-size\">He was a regional reference, and took part in a Midi M\u00e9diterran\u00e9e programme about his home town of Peyrolles in the 1990s.<\/p>\n\n\n\n<figure class=\"wp-block-embed is-type-video is-provider-youtube wp-block-embed-youtube wp-embed-aspect-4-3 wp-has-aspect-ratio\"><div class=\"wp-block-embed__wrapper\">\n<iframe loading=\"lazy\" title=\"Peyrolles en Provence with Alain Balalas\" width=\"500\" height=\"375\" src=\"https:\/\/www.youtube.com\/embed\/_h0z0c5EIos?feature=oembed\" frameborder=\"0\" allow=\"accelerometer; autoplay; clipboard-write; encrypted-media; gyroscope; picture-in-picture; web-share\" referrerpolicy=\"strict-origin-when-cross-origin\" allowfullscreen><\/iframe>\n<\/div><\/figure>\n\n\n\n<p class=\"has-medium-font-size\">But he was also a great cyclist, a long-distance hiker, a mountain climber and a member of our brotherhood for over 40 years. Although he had not climbed any new cols for 4 years, he continued to be loyal to us.<\/p>\n\n\n\n<p class=\"has-medium-font-size\">With more than 300 different mountain passes to his name, he had covered more than 500,000 km of trails in 650.<\/p>\n\n\n\n<p class=\"has-medium-font-size\">In 2001, he completed a \"tour of France\" (not a \"Tour de France\" as he liked to call it) in total autonomy on a 650 randonneur bike, with 15 kg of luggage: 4,546 km in one month and eight days, 45 d\u00e9partements, 16 regions, 56 rivers crossed, 880 towns crossed. He also took part in Paris-Brest-Paris 1979, numerous randonneur and FFCT brevets, the Federation's randonneur 5000, and cyclo-montagnard brevets.<\/p>\n\n\n\n<p class=\"has-medium-font-size\">His funeral took place on 26 April.<\/p>\n\n\n\n<h4 class=\"kt-adv-heading72161_f95ade-91 wp-block-kadence-advancedheading has-vivid-cyan-blue-color has-text-color\" data-kb-block=\"kb-adv-heading72161_f95ade-91\">Jean-Yves Jamin - DT 04S<\/h4>\n\n\n\n<hr class=\"wp-block-separator has-css-opacity\"\/>\n\n\n\n<figure class=\"wp-block-gallery aligncenter has-nested-images columns-default is-cropped wp-block-gallery-1 is-layout-flex wp-block-gallery-is-layout-flex\">\n<figure class=\"wp-block-image size-full\"><img loading=\"lazy\" decoding=\"async\" width=\"1280\" height=\"1872\" data-id=\"89979\" src=\"https:\/\/centcols.org\/wp-content\/uploads\/2023\/05\/Alain-Balalas1-1400x2048-1.jpg\" alt=\"\" class=\"wp-image-89979\" srcset=\"https:\/\/centcols.org\/wp-content\/uploads\/2023\/05\/Alain-Balalas1-1400x2048-1.jpg 1280w, https:\/\/centcols.org\/wp-content\/uploads\/2023\/05\/Alain-Balalas1-1400x2048-1-821x1200.jpg 821w, https:\/\/centcols.org\/wp-content\/uploads\/2023\/05\/Alain-Balalas1-1400x2048-1-768x1123.jpg 768w, https:\/\/centcols.org\/wp-content\/uploads\/2023\/05\/Alain-Balalas1-1400x2048-1-1050x1536.jpg 1050w, https:\/\/centcols.org\/wp-content\/uploads\/2023\/05\/Alain-Balalas1-1400x2048-1-8x12.jpg 8w\" sizes=\"auto, (max-width: 1280px) 100vw, 1280px\" \/><\/figure>\n\n\n\n<figure class=\"wp-block-image size-full\"><img loading=\"lazy\" decoding=\"async\" width=\"1365\" height=\"1024\" data-id=\"89980\" src=\"https:\/\/centcols.org\/wp-content\/uploads\/2023\/05\/Alain-Balalas2-1536x1152-1.jpg\" alt=\"\" class=\"wp-image-89980\" srcset=\"https:\/\/centcols.org\/wp-content\/uploads\/2023\/05\/Alain-Balalas2-1536x1152-1.jpg 1365w, https:\/\/centcols.org\/wp-content\/uploads\/2023\/05\/Alain-Balalas2-1536x1152-1-1200x900.jpg 1200w, https:\/\/centcols.org\/wp-content\/uploads\/2023\/05\/Alain-Balalas2-1536x1152-1-768x576.jpg 768w, https:\/\/centcols.org\/wp-content\/uploads\/2023\/05\/Alain-Balalas2-1536x1152-1-16x12.jpg 16w\" sizes=\"auto, (max-width: 1365px) 100vw, 1365px\" \/><\/figure>\n<\/figure>\n\n\n\n<hr class=\"wp-block-separator has-css-opacity\"\/>\n\n\n\n<p class=\"has-medium-font-size\">Hello Jean-Yves,<\/p>\n\n\n\n<p class=\"has-medium-font-size\">We learned of Alain's death yesterday from a phone call from G\u00e9rard Fillon, who knew him well.<\/p>\n\n\n\n<p class=\"has-medium-font-size\">Your text is an excellent summary of this extraordinary character. It says it all. He was a fervent supporter of Ukraine and we discussed this at length on the telephone when the war broke out.&nbsp;<\/p>\n\n\n\n<p class=\"has-medium-font-size\">He had also mentioned his health problems, but refused to admit the diagnosis. He was approachable, welcoming and ... proud to show off, talking about his career and his 'panoply' of diplomas.<\/p>\n\n\n\n<p class=\"has-medium-font-size\">He didn't go unnoticed, which I'm sure helped us to strike up a conversation during our walks in Provence in the 90s.<\/p>\n\n\n\n<p class=\"has-medium-font-size\">We won't forget it. That's for sure.&nbsp;<\/p>\n\n\n\n<p class=\"has-medium-font-size\">An article about him had already appeared in the magazine, and that had 'reassured' him! He needed recognition.<\/p>\n\n\n\n<p class=\"has-medium-font-size\">All the best,&nbsp;<\/p>\n\n\n\n<h4 class=\"kt-adv-heading72161_aa4dce-20 wp-block-kadence-advancedheading has-vivid-cyan-blue-color has-text-color\" data-kb-block=\"kb-adv-heading72161_aa4dce-20\">Martine and Michel Medina&nbsp;<\/h4>\n\n\n\n<hr class=\"wp-block-separator has-css-opacity\"\/>\n\n\n\n<figure class=\"wp-block-image size-full\"><img loading=\"lazy\" decoding=\"async\" width=\"1128\" height=\"747\" src=\"https:\/\/centcols.org\/wp-content\/uploads\/2025\/02\/Alain-Balalas4.jpg\" alt=\"\" class=\"wp-image-79588\" srcset=\"https:\/\/centcols.org\/wp-content\/uploads\/2025\/02\/Alain-Balalas4.jpg 1128w, https:\/\/centcols.org\/wp-content\/uploads\/2025\/02\/Alain-Balalas4-768x509.jpg 768w, https:\/\/centcols.org\/wp-content\/uploads\/2025\/02\/Alain-Balalas4-600x397.jpg 600w\" sizes=\"auto, (max-width: 1128px) 100vw, 1128px\" \/><figcaption class=\"wp-element-caption\"><strong>Extract from the Revue 2019 - n\u00b047<\/strong><\/figcaption><\/figure>\n\n\n\n<hr class=\"wp-block-separator has-css-opacity\"\/>","protected":false},"excerpt":{"rendered":"<p>Notre confr\u00e8re Alain Balalas nous a quitt\u00e9 le 20 avril, \u00e0 l\u2019\u00e2ge de 86 ans. Alain \u00e9tait \u00e0 l\u2019origine instituteur et directeur d\u2019\u00e9cole, passionn\u00e9 par son m\u00e9tier&nbsp;; mais il \u00e9tait aussi, et encore plus depuis sa retraite, un grand \u00e9rudit, f\u00e9ru d\u2019histoire (avec un ouvrage sur l\u2019histoire de l\u2019Ukraine) et un sp\u00e9cialiste du patrimoine proven\u00e7al. [&hellip;]<\/p>\n","protected":false},"author":3,"featured_media":79587,"comment_status":"open","ping_status":"open","sticky":false,"template":"","format":"standard","meta":{"_acf_changed":false,"footnotes":""},"categories":[130,129],"tags":[],"class_list":["post-79586","post","type-post","status-publish","format-standard","has-post-thumbnail","hentry","category-carnet-noir","category-gazette"],"acf":[],"yoast_head":"<!-- This site is optimized with the Yoast SEO plugin v27.2 - https:\/\/yoast.com\/product\/yoast-seo-wordpress\/ -->\n<title>Alain Balalas - Club des Cent Cols<\/title>\n<meta name=\"robots\" content=\"index, follow, max-snippet:-1, max-image-preview:large, max-video-preview:-1\" \/>\n<link rel=\"canonical\" href=\"https:\/\/centcols.org\/en\/alain-balalas\/\" \/>\n<meta property=\"og:locale\" content=\"en_GB\" \/>\n<meta property=\"og:type\" content=\"article\" \/>\n<meta property=\"og:title\" content=\"Alain Balalas - Club des Cent Cols\" \/>\n<meta property=\"og:description\" content=\"Notre confr\u00e8re Alain Balalas nous a quitt\u00e9 le 20 avril, \u00e0 l\u2019\u00e2ge de 86 ans. Alain \u00e9tait \u00e0 l\u2019origine instituteur et directeur d\u2019\u00e9cole, passionn\u00e9 par son m\u00e9tier&nbsp;; mais il \u00e9tait aussi, et encore plus depuis sa retraite, un grand \u00e9rudit, f\u00e9ru d\u2019histoire (avec un ouvrage sur l\u2019histoire de l\u2019Ukraine) et un sp\u00e9cialiste du patrimoine proven\u00e7al. [&hellip;]\" \/>\n<meta property=\"og:url\" content=\"https:\/\/centcols.org\/en\/alain-balalas\/\" \/>\n<meta property=\"og:site_name\" content=\"Club des Cent Cols\" \/>\n<meta property=\"article:publisher\" content=\"https:\/\/www.facebook.com\/groups\/5261880558\/?locale=fr_FR\" \/>\n<meta property=\"article:published_time\" content=\"2023-05-01T08:57:26+00:00\" \/>\n<meta property=\"article:modified_time\" content=\"2025-09-12T19:27:52+00:00\" \/>\n<meta property=\"og:image\" content=\"https:\/\/centcols.org\/wp-content\/uploads\/2025\/02\/Alain-Balalas3.jpg\" \/>\n\t<meta property=\"og:image:width\" content=\"1024\" \/>\n\t<meta property=\"og:image:height\" content=\"768\" \/>\n\t<meta property=\"og:image:type\" content=\"image\/jpeg\" \/>\n<meta name=\"author\" content=\"Webmestre\" \/>\n<meta name=\"twitter:card\" content=\"summary_large_image\" \/>\n<meta name=\"twitter:label1\" content=\"Written by\" \/>\n\t<meta name=\"twitter:data1\" content=\"Webmestre\" \/>\n\t<meta name=\"twitter:label2\" content=\"Estimated reading time\" \/>\n\t<meta name=\"twitter:data2\" content=\"4 minutes\" \/>\n<script type=\"application\/ld+json\" class=\"yoast-schema-graph\">{\"@context\":\"https:\/\/schema.org\",\"@graph\":[{\"@type\":\"Article\",\"@id\":\"https:\/\/centcols.org\/alain-balalas\/#article\",\"isPartOf\":{\"@id\":\"https:\/\/centcols.org\/alain-balalas\/\"},\"author\":{\"name\":\"Webmestre\",\"@id\":\"https:\/\/centcols.org\/#\/schema\/person\/911b404fb133d8c913dd27cdcf71c8e5\"},\"headline\":\"Alain Balalas\",\"datePublished\":\"2023-05-01T08:57:26+00:00\",\"dateModified\":\"2025-09-12T19:27:52+00:00\",\"mainEntityOfPage\":{\"@id\":\"https:\/\/centcols.org\/alain-balalas\/\"},\"wordCount\":493,\"commentCount\":0,\"publisher\":{\"@id\":\"https:\/\/centcols.org\/#organization\"},\"image\":{\"@id\":\"https:\/\/centcols.org\/alain-balalas\/#primaryimage\"},\"thumbnailUrl\":\"https:\/\/centcols.org\/wp-content\/uploads\/2025\/02\/Alain-Balalas3.jpg\",\"articleSection\":[\"Carnet noir\",\"Gazette\"],\"inLanguage\":\"en-GB\",\"potentialAction\":[{\"@type\":\"CommentAction\",\"name\":\"Comment\",\"target\":[\"https:\/\/centcols.org\/alain-balalas\/#respond\"]}]},{\"@type\":\"WebPage\",\"@id\":\"https:\/\/centcols.org\/alain-balalas\/\",\"url\":\"https:\/\/centcols.org\/alain-balalas\/\",\"name\":\"Alain Balalas - Club des Cent Cols\",\"isPartOf\":{\"@id\":\"https:\/\/centcols.org\/#website\"},\"primaryImageOfPage\":{\"@id\":\"https:\/\/centcols.org\/alain-balalas\/#primaryimage\"},\"image\":{\"@id\":\"https:\/\/centcols.org\/alain-balalas\/#primaryimage\"},\"thumbnailUrl\":\"https:\/\/centcols.org\/wp-content\/uploads\/2025\/02\/Alain-Balalas3.jpg\",\"datePublished\":\"2023-05-01T08:57:26+00:00\",\"dateModified\":\"2025-09-12T19:27:52+00:00\",\"breadcrumb\":{\"@id\":\"https:\/\/centcols.org\/alain-balalas\/#breadcrumb\"},\"inLanguage\":\"en-GB\",\"potentialAction\":[{\"@type\":\"ReadAction\",\"target\":[\"https:\/\/centcols.org\/alain-balalas\/\"]}]},{\"@type\":\"ImageObject\",\"inLanguage\":\"en-GB\",\"@id\":\"https:\/\/centcols.org\/alain-balalas\/#primaryimage\",\"url\":\"https:\/\/centcols.org\/wp-content\/uploads\/2025\/02\/Alain-Balalas3.jpg\",\"contentUrl\":\"https:\/\/centcols.org\/wp-content\/uploads\/2025\/02\/Alain-Balalas3.jpg\",\"width\":1024,\"height\":768},{\"@type\":\"BreadcrumbList\",\"@id\":\"https:\/\/centcols.org\/alain-balalas\/#breadcrumb\",\"itemListElement\":[{\"@type\":\"ListItem\",\"position\":1,\"name\":\"Accueil\",\"item\":\"https:\/\/centcols.org\/\"},{\"@type\":\"ListItem\",\"position\":2,\"name\":\"Gazette\",\"item\":\"https:\/\/centcols.org\/rubrique\/gazette\/\"},{\"@type\":\"ListItem\",\"position\":3,\"name\":\"Alain Balalas\"}]},{\"@type\":\"WebSite\",\"@id\":\"https:\/\/centcols.org\/#website\",\"url\":\"https:\/\/centcols.org\/\",\"name\":\"Club des Cent Cols\",\"description\":\"\",\"publisher\":{\"@id\":\"https:\/\/centcols.org\/#organization\"},\"potentialAction\":[{\"@type\":\"SearchAction\",\"target\":{\"@type\":\"EntryPoint\",\"urlTemplate\":\"https:\/\/centcols.org\/?s={search_term_string}\"},\"query-input\":{\"@type\":\"PropertyValueSpecification\",\"valueRequired\":true,\"valueName\":\"search_term_string\"}}],\"inLanguage\":\"en-GB\"},{\"@type\":\"Organization\",\"@id\":\"https:\/\/centcols.org\/#organization\",\"name\":\"Club des Cent Cols\",\"url\":\"https:\/\/centcols.org\/\",\"logo\":{\"@type\":\"ImageObject\",\"inLanguage\":\"en-GB\",\"@id\":\"https:\/\/centcols.org\/#\/schema\/logo\/image\/\",\"url\":\"https:\/\/centcols.org\/wp-content\/uploads\/2025\/01\/carte-icone.png\",\"contentUrl\":\"https:\/\/centcols.org\/wp-content\/uploads\/2025\/01\/carte-icone.png\",\"width\":250,\"height\":250,\"caption\":\"Club des Cent Cols\"},\"image\":{\"@id\":\"https:\/\/centcols.org\/#\/schema\/logo\/image\/\"},\"sameAs\":[\"https:\/\/www.facebook.com\/groups\/5261880558\/?locale=fr_FR\"]},{\"@type\":\"Person\",\"@id\":\"https:\/\/centcols.org\/#\/schema\/person\/911b404fb133d8c913dd27cdcf71c8e5\",\"name\":\"Webmestre\",\"image\":{\"@type\":\"ImageObject\",\"inLanguage\":\"en-GB\",\"@id\":\"https:\/\/centcols.org\/wp-content\/litespeed\/avatar\/2d246e4b6b4f773e08515e1ffc53690b.jpg?ver=1777222892\",\"url\":\"https:\/\/centcols.org\/wp-content\/litespeed\/avatar\/2d246e4b6b4f773e08515e1ffc53690b.jpg?ver=1777222892\",\"contentUrl\":\"https:\/\/centcols.org\/wp-content\/litespeed\/avatar\/2d246e4b6b4f773e08515e1ffc53690b.jpg?ver=1777222892\",\"caption\":\"Webmestre\"},\"url\":\"https:\/\/centcols.org\/en\/author\/webmestre\/\"}]}<\/script>\n<!-- \/ Yoast SEO plugin. -->","yoast_head_json":{"title":"Alain Balalas - Club des Cent Cols","robots":{"index":"index","follow":"follow","max-snippet":"max-snippet:-1","max-image-preview":"max-image-preview:large","max-video-preview":"max-video-preview:-1"},"canonical":"https:\/\/centcols.org\/en\/alain-balalas\/","og_locale":"en_GB","og_type":"article","og_title":"Alain Balalas - Club des Cent Cols","og_description":"Notre confr\u00e8re Alain Balalas nous a quitt\u00e9 le 20 avril, \u00e0 l\u2019\u00e2ge de 86 ans. Alain \u00e9tait \u00e0 l\u2019origine instituteur et directeur d\u2019\u00e9cole, passionn\u00e9 par son m\u00e9tier&nbsp;; mais il \u00e9tait aussi, et encore plus depuis sa retraite, un grand \u00e9rudit, f\u00e9ru d\u2019histoire (avec un ouvrage sur l\u2019histoire de l\u2019Ukraine) et un sp\u00e9cialiste du patrimoine proven\u00e7al. [&hellip;]","og_url":"https:\/\/centcols.org\/en\/alain-balalas\/","og_site_name":"Club des Cent Cols","article_publisher":"https:\/\/www.facebook.com\/groups\/5261880558\/?locale=fr_FR","article_published_time":"2023-05-01T08:57:26+00:00","article_modified_time":"2025-09-12T19:27:52+00:00","og_image":[{"width":1024,"height":768,"url":"https:\/\/centcols.org\/wp-content\/uploads\/2025\/02\/Alain-Balalas3.jpg","type":"image\/jpeg"}],"author":"Webmestre","twitter_card":"summary_large_image","twitter_misc":{"Written by":"Webmestre","Estimated reading time":"4 minutes"},"schema":{"@context":"https:\/\/schema.org","@graph":[{"@type":"Article","@id":"https:\/\/centcols.org\/alain-balalas\/#article","isPartOf":{"@id":"https:\/\/centcols.org\/alain-balalas\/"},"author":{"name":"Webmestre","@id":"https:\/\/centcols.org\/#\/schema\/person\/911b404fb133d8c913dd27cdcf71c8e5"},"headline":"Alain Balalas","datePublished":"2023-05-01T08:57:26+00:00","dateModified":"2025-09-12T19:27:52+00:00","mainEntityOfPage":{"@id":"https:\/\/centcols.org\/alain-balalas\/"},"wordCount":493,"commentCount":0,"publisher":{"@id":"https:\/\/centcols.org\/#organization"},"image":{"@id":"https:\/\/centcols.org\/alain-balalas\/#primaryimage"},"thumbnailUrl":"https:\/\/centcols.org\/wp-content\/uploads\/2025\/02\/Alain-Balalas3.jpg","articleSection":["Carnet noir","Gazette"],"inLanguage":"en-GB","potentialAction":[{"@type":"CommentAction","name":"Comment","target":["https:\/\/centcols.org\/alain-balalas\/#respond"]}]},{"@type":"WebPage","@id":"https:\/\/centcols.org\/alain-balalas\/","url":"https:\/\/centcols.org\/alain-balalas\/","name":"Alain Balalas - Club des Cent Cols","isPartOf":{"@id":"https:\/\/centcols.org\/#website"},"primaryImageOfPage":{"@id":"https:\/\/centcols.org\/alain-balalas\/#primaryimage"},"image":{"@id":"https:\/\/centcols.org\/alain-balalas\/#primaryimage"},"thumbnailUrl":"https:\/\/centcols.org\/wp-content\/uploads\/2025\/02\/Alain-Balalas3.jpg","datePublished":"2023-05-01T08:57:26+00:00","dateModified":"2025-09-12T19:27:52+00:00","breadcrumb":{"@id":"https:\/\/centcols.org\/alain-balalas\/#breadcrumb"},"inLanguage":"en-GB","potentialAction":[{"@type":"ReadAction","target":["https:\/\/centcols.org\/alain-balalas\/"]}]},{"@type":"ImageObject","inLanguage":"en-GB","@id":"https:\/\/centcols.org\/alain-balalas\/#primaryimage","url":"https:\/\/centcols.org\/wp-content\/uploads\/2025\/02\/Alain-Balalas3.jpg","contentUrl":"https:\/\/centcols.org\/wp-content\/uploads\/2025\/02\/Alain-Balalas3.jpg","width":1024,"height":768},{"@type":"BreadcrumbList","@id":"https:\/\/centcols.org\/alain-balalas\/#breadcrumb","itemListElement":[{"@type":"ListItem","position":1,"name":"Accueil","item":"https:\/\/centcols.org\/"},{"@type":"ListItem","position":2,"name":"Gazette","item":"https:\/\/centcols.org\/rubrique\/gazette\/"},{"@type":"ListItem","position":3,"name":"Alain Balalas"}]},{"@type":"WebSite","@id":"https:\/\/centcols.org\/#website","url":"https:\/\/centcols.org\/","name":"Club des Cent Cols","description":"","publisher":{"@id":"https:\/\/centcols.org\/#organization"},"potentialAction":[{"@type":"SearchAction","target":{"@type":"EntryPoint","urlTemplate":"https:\/\/centcols.org\/?s={search_term_string}"},"query-input":{"@type":"PropertyValueSpecification","valueRequired":true,"valueName":"search_term_string"}}],"inLanguage":"en-GB"},{"@type":"Organization","@id":"https:\/\/centcols.org\/#organization","name":"Club des Cent Cols","url":"https:\/\/centcols.org\/","logo":{"@type":"ImageObject","inLanguage":"en-GB","@id":"https:\/\/centcols.org\/#\/schema\/logo\/image\/","url":"https:\/\/centcols.org\/wp-content\/uploads\/2025\/01\/carte-icone.png","contentUrl":"https:\/\/centcols.org\/wp-content\/uploads\/2025\/01\/carte-icone.png","width":250,"height":250,"caption":"Club des Cent Cols"},"image":{"@id":"https:\/\/centcols.org\/#\/schema\/logo\/image\/"},"sameAs":["https:\/\/www.facebook.com\/groups\/5261880558\/?locale=fr_FR"]},{"@type":"Person","@id":"https:\/\/centcols.org\/#\/schema\/person\/911b404fb133d8c913dd27cdcf71c8e5","name":"Webmaster","image":{"@type":"ImageObject","inLanguage":"en-GB","@id":"https:\/\/centcols.org\/wp-content\/litespeed\/avatar\/2d246e4b6b4f773e08515e1ffc53690b.jpg?ver=1777222892","url":"https:\/\/centcols.org\/wp-content\/litespeed\/avatar\/2d246e4b6b4f773e08515e1ffc53690b.jpg?ver=1777222892","contentUrl":"https:\/\/centcols.org\/wp-content\/litespeed\/avatar\/2d246e4b6b4f773e08515e1ffc53690b.jpg?ver=1777222892","caption":"Webmestre"},"url":"https:\/\/centcols.org\/en\/author\/webmestre\/"}]}},"_links":{"self":[{"href":"https:\/\/centcols.org\/en\/wp-json\/wp\/v2\/posts\/79586","targetHints":{"allow":["GET"]}}],"collection":[{"href":"https:\/\/centcols.org\/en\/wp-json\/wp\/v2\/posts"}],"about":[{"href":"https:\/\/centcols.org\/en\/wp-json\/wp\/v2\/types\/post"}],"author":[{"embeddable":true,"href":"https:\/\/centcols.org\/en\/wp-json\/wp\/v2\/users\/3"}],"replies":[{"embeddable":true,"href":"https:\/\/centcols.org\/en\/wp-json\/wp\/v2\/comments?post=79586"}],"version-history":[{"count":0,"href":"https:\/\/centcols.org\/en\/wp-json\/wp\/v2\/posts\/79586\/revisions"}],"wp:featuredmedia":[{"embeddable":true,"href":"https:\/\/centcols.org\/en\/wp-json\/wp\/v2\/media\/79587"}],"wp:attachment":[{"href":"https:\/\/centcols.org\/en\/wp-json\/wp\/v2\/media?parent=79586"}],"wp:term":[{"taxonomy":"category","embeddable":true,"href":"https:\/\/centcols.org\/en\/wp-json\/wp\/v2\/categories?post=79586"},{"taxonomy":"post_tag","embeddable":true,"href":"https:\/\/centcols.org\/en\/wp-json\/wp\/v2\/tags?post=79586"}],"curies":[{"name":"wp","href":"https:\/\/api.w.org\/{rel}","templated":true}]}}