{"id":79589,"date":"2023-06-14T10:57:26","date_gmt":"2023-06-14T08:57:26","guid":{"rendered":"https:\/\/centcols.org\/bernard-migaud\/"},"modified":"2025-09-27T02:47:52","modified_gmt":"2025-09-27T00:47:52","slug":"bernard-migaud","status":"publish","type":"post","link":"https:\/\/centcols.org\/en\/bernard-migaud\/","title":{"rendered":"Bernard Migaud"},"content":{"rendered":"<p class=\"has-medium-font-size\">At the end of May, I read in my regional daily newspaper (Le R\u00e9publicain Lorrain) the death notice for Bernard Migaud, aged 95.<\/p>\n\n\n\n<figure class=\"wp-block-image size-full is-resized\"><img loading=\"lazy\" decoding=\"async\" width=\"1600\" height=\"1070\" src=\"https:\/\/centcols.org\/wp-content\/uploads\/2025\/02\/avec-son-pilon-de-la-guerre-de-1914-18-bernard-a-grimpe-le-col-du-pilon-photo-dr-1518360631.jpg\" alt=\"\" class=\"wp-image-79590\" style=\"width:800px\" srcset=\"https:\/\/centcols.org\/wp-content\/uploads\/2025\/02\/avec-son-pilon-de-la-guerre-de-1914-18-bernard-a-grimpe-le-col-du-pilon-photo-dr-1518360631.jpg 1600w, https:\/\/centcols.org\/wp-content\/uploads\/2025\/02\/avec-son-pilon-de-la-guerre-de-1914-18-bernard-a-grimpe-le-col-du-pilon-photo-dr-1518360631-1200x803.jpg 1200w, https:\/\/centcols.org\/wp-content\/uploads\/2025\/02\/avec-son-pilon-de-la-guerre-de-1914-18-bernard-a-grimpe-le-col-du-pilon-photo-dr-1518360631-768x514.jpg 768w, https:\/\/centcols.org\/wp-content\/uploads\/2025\/02\/avec-son-pilon-de-la-guerre-de-1914-18-bernard-a-grimpe-le-col-du-pilon-photo-dr-1518360631-1536x1027.jpg 1536w, https:\/\/centcols.org\/wp-content\/uploads\/2025\/02\/avec-son-pilon-de-la-guerre-de-1914-18-bernard-a-grimpe-le-col-du-pilon-photo-dr-1518360631-600x401.jpg 600w\" sizes=\"auto, (max-width: 1600px) 100vw, 1600px\" \/><\/figure>\n\n\n\n<p class=\"has-medium-font-size\">The older among us may remember this member of our brotherhood, a valiant and courageous cyclotourist who climbed the most famous French road passes with the strength of his single leg, with his \"pilon\" as a prosthesis, and his mount that he nicknamed his \"Noire\". As a young cyclist, I used to read about his exploits in the articles in the magazine Cyclotourisme.<\/p>\n\n\n\n<p class=\"has-medium-font-size\">He must certainly have confided in the columns of our club's magazine. I'd like to be able to collect memories and testimonials about him for the \"Carnet de la revue Cyclotourisme\" for which I'm the regional correspondent.<br>Thank you for your research.<br><\/p>\n\n\n\n<h5 class=\"wp-block-heading has-text-align-right\"><strong>Fran\u00e7ois Dietrich - CCC no. 7494<\/strong><\/h5>\n\n\n\n<hr class=\"wp-block-separator has-css-opacity\"\/>\n\n\n\n<p class=\"has-medium-font-size\">See also: <\/p>\n\n\n\n<p class=\"has-medium-font-size\"><a href=\"https:\/\/www.republicain-lorrain.fr\/edition-de-metz-ville\/2018\/02\/11\/bernard-migaud-l-incroyable-cycliste-de-metz-mille-cols-deux-roues-et-une-seule-jambe\" target=\"_blank\" rel=\"noopener\" title=\"\">https:\/\/www.republicain-lorrain.fr\/edition-de-metz-ville\/2018\/02\/11\/bernard-migaud-l-incroyable-cycliste-de-metz-mille-cols-deux-roues-et-une-seule-jambe<\/a><\/p>\n\n\n\n<figure class=\"wp-block-image size-full\"><img loading=\"lazy\" decoding=\"async\" width=\"1318\" height=\"1210\" src=\"https:\/\/centcols.org\/wp-content\/uploads\/2025\/02\/Capture-decran-2023-06-07-a-21.18.32.png\" alt=\"\" class=\"wp-image-79591\" srcset=\"https:\/\/centcols.org\/wp-content\/uploads\/2025\/02\/Capture-decran-2023-06-07-a-21.18.32.png 1318w, https:\/\/centcols.org\/wp-content\/uploads\/2025\/02\/Capture-decran-2023-06-07-a-21.18.32-1200x1102.png 1200w, https:\/\/centcols.org\/wp-content\/uploads\/2025\/02\/Capture-decran-2023-06-07-a-21.18.32-768x705.png 768w, https:\/\/centcols.org\/wp-content\/uploads\/2025\/02\/Capture-decran-2023-06-07-a-21.18.32-600x551.png 600w\" sizes=\"auto, (max-width: 1318px) 100vw, 1318px\" \/><\/figure>\n\n\n\n<p><\/p>","protected":false},"excerpt":{"rendered":"<p>J\u2019ai d\u00e9couvert fin mai dans mon quotidien r\u00e9gional (Le R\u00e9publicain Lorrain) l\u2019avis de d\u00e9c\u00e8s de Bernard&nbsp;Migaud, \u00e0 l\u2019\u00e2ge de 95 ans. Les plus anciens d\u2019entre nous se souviennent&nbsp;peut-\u00eatre de ce membre de notre confr\u00e9rie,&nbsp;valeureux et courageux cyclotouriste qui a gravi les plus c\u00e9l\u00e8bres cols routiers fran\u00e7ais \u00e0 la force de son unique jambe, avec comme [&hellip;]<\/p>\n","protected":false},"author":3,"featured_media":79590,"comment_status":"open","ping_status":"open","sticky":false,"template":"","format":"standard","meta":{"_acf_changed":false,"footnotes":""},"categories":[130,129],"tags":[],"class_list":["post-79589","post","type-post","status-publish","format-standard","has-post-thumbnail","hentry","category-carnet-noir","category-gazette"],"acf":[],"yoast_head":"<!-- This site is optimized with the Yoast SEO plugin v27.2 - https:\/\/yoast.com\/product\/yoast-seo-wordpress\/ -->\n<title>Bernard Migaud - Club des Cent Cols<\/title>\n<meta name=\"robots\" content=\"index, follow, max-snippet:-1, max-image-preview:large, max-video-preview:-1\" \/>\n<link rel=\"canonical\" href=\"https:\/\/centcols.org\/en\/bernard-migaud\/\" \/>\n<meta property=\"og:locale\" content=\"en_GB\" \/>\n<meta property=\"og:type\" content=\"article\" \/>\n<meta property=\"og:title\" content=\"Bernard Migaud - Club des Cent Cols\" \/>\n<meta property=\"og:description\" content=\"J\u2019ai d\u00e9couvert fin mai dans mon quotidien r\u00e9gional (Le R\u00e9publicain Lorrain) l\u2019avis de d\u00e9c\u00e8s de Bernard&nbsp;Migaud, \u00e0 l\u2019\u00e2ge de 95 ans. Les plus anciens d\u2019entre nous se souviennent&nbsp;peut-\u00eatre de ce membre de notre confr\u00e9rie,&nbsp;valeureux et courageux cyclotouriste qui a gravi les plus c\u00e9l\u00e8bres cols routiers fran\u00e7ais \u00e0 la force de son unique jambe, avec comme [&hellip;]\" \/>\n<meta property=\"og:url\" content=\"https:\/\/centcols.org\/en\/bernard-migaud\/\" \/>\n<meta property=\"og:site_name\" content=\"Club des Cent Cols\" \/>\n<meta property=\"article:publisher\" content=\"https:\/\/www.facebook.com\/groups\/5261880558\/?locale=fr_FR\" \/>\n<meta property=\"article:published_time\" content=\"2023-06-14T08:57:26+00:00\" \/>\n<meta property=\"article:modified_time\" content=\"2025-09-27T00:47:52+00:00\" \/>\n<meta property=\"og:image\" content=\"https:\/\/centcols.org\/wp-content\/uploads\/2025\/02\/avec-son-pilon-de-la-guerre-de-1914-18-bernard-a-grimpe-le-col-du-pilon-photo-dr-1518360631.jpg\" \/>\n\t<meta property=\"og:image:width\" content=\"1600\" \/>\n\t<meta property=\"og:image:height\" content=\"1070\" \/>\n\t<meta property=\"og:image:type\" content=\"image\/jpeg\" \/>\n<meta name=\"author\" content=\"Webmestre\" \/>\n<meta name=\"twitter:card\" content=\"summary_large_image\" \/>\n<meta name=\"twitter:label1\" content=\"Written by\" \/>\n\t<meta name=\"twitter:data1\" content=\"Webmestre\" \/>\n\t<meta name=\"twitter:label2\" content=\"Estimated reading time\" \/>\n\t<meta name=\"twitter:data2\" content=\"2 minutes\" \/>\n<script type=\"application\/ld+json\" class=\"yoast-schema-graph\">{\"@context\":\"https:\/\/schema.org\",\"@graph\":[{\"@type\":\"Article\",\"@id\":\"https:\/\/centcols.org\/bernard-migaud\/#article\",\"isPartOf\":{\"@id\":\"https:\/\/centcols.org\/bernard-migaud\/\"},\"author\":{\"name\":\"Webmestre\",\"@id\":\"https:\/\/centcols.org\/#\/schema\/person\/911b404fb133d8c913dd27cdcf71c8e5\"},\"headline\":\"Bernard Migaud\",\"datePublished\":\"2023-06-14T08:57:26+00:00\",\"dateModified\":\"2025-09-27T00:47:52+00:00\",\"mainEntityOfPage\":{\"@id\":\"https:\/\/centcols.org\/bernard-migaud\/\"},\"wordCount\":170,\"commentCount\":0,\"publisher\":{\"@id\":\"https:\/\/centcols.org\/#organization\"},\"image\":{\"@id\":\"https:\/\/centcols.org\/bernard-migaud\/#primaryimage\"},\"thumbnailUrl\":\"https:\/\/centcols.org\/wp-content\/uploads\/2025\/02\/avec-son-pilon-de-la-guerre-de-1914-18-bernard-a-grimpe-le-col-du-pilon-photo-dr-1518360631.jpg\",\"articleSection\":[\"Carnet noir\",\"Gazette\"],\"inLanguage\":\"en-GB\",\"potentialAction\":[{\"@type\":\"CommentAction\",\"name\":\"Comment\",\"target\":[\"https:\/\/centcols.org\/bernard-migaud\/#respond\"]}]},{\"@type\":\"WebPage\",\"@id\":\"https:\/\/centcols.org\/bernard-migaud\/\",\"url\":\"https:\/\/centcols.org\/bernard-migaud\/\",\"name\":\"Bernard Migaud - Club des Cent Cols\",\"isPartOf\":{\"@id\":\"https:\/\/centcols.org\/#website\"},\"primaryImageOfPage\":{\"@id\":\"https:\/\/centcols.org\/bernard-migaud\/#primaryimage\"},\"image\":{\"@id\":\"https:\/\/centcols.org\/bernard-migaud\/#primaryimage\"},\"thumbnailUrl\":\"https:\/\/centcols.org\/wp-content\/uploads\/2025\/02\/avec-son-pilon-de-la-guerre-de-1914-18-bernard-a-grimpe-le-col-du-pilon-photo-dr-1518360631.jpg\",\"datePublished\":\"2023-06-14T08:57:26+00:00\",\"dateModified\":\"2025-09-27T00:47:52+00:00\",\"breadcrumb\":{\"@id\":\"https:\/\/centcols.org\/bernard-migaud\/#breadcrumb\"},\"inLanguage\":\"en-GB\",\"potentialAction\":[{\"@type\":\"ReadAction\",\"target\":[\"https:\/\/centcols.org\/bernard-migaud\/\"]}]},{\"@type\":\"ImageObject\",\"inLanguage\":\"en-GB\",\"@id\":\"https:\/\/centcols.org\/bernard-migaud\/#primaryimage\",\"url\":\"https:\/\/centcols.org\/wp-content\/uploads\/2025\/02\/avec-son-pilon-de-la-guerre-de-1914-18-bernard-a-grimpe-le-col-du-pilon-photo-dr-1518360631.jpg\",\"contentUrl\":\"https:\/\/centcols.org\/wp-content\/uploads\/2025\/02\/avec-son-pilon-de-la-guerre-de-1914-18-bernard-a-grimpe-le-col-du-pilon-photo-dr-1518360631.jpg\",\"width\":1600,\"height\":1070},{\"@type\":\"BreadcrumbList\",\"@id\":\"https:\/\/centcols.org\/bernard-migaud\/#breadcrumb\",\"itemListElement\":[{\"@type\":\"ListItem\",\"position\":1,\"name\":\"Accueil\",\"item\":\"https:\/\/centcols.org\/\"},{\"@type\":\"ListItem\",\"position\":2,\"name\":\"Gazette\",\"item\":\"https:\/\/centcols.org\/rubrique\/gazette\/\"},{\"@type\":\"ListItem\",\"position\":3,\"name\":\"Bernard Migaud\"}]},{\"@type\":\"WebSite\",\"@id\":\"https:\/\/centcols.org\/#website\",\"url\":\"https:\/\/centcols.org\/\",\"name\":\"Club des Cent Cols\",\"description\":\"\",\"publisher\":{\"@id\":\"https:\/\/centcols.org\/#organization\"},\"potentialAction\":[{\"@type\":\"SearchAction\",\"target\":{\"@type\":\"EntryPoint\",\"urlTemplate\":\"https:\/\/centcols.org\/?s={search_term_string}\"},\"query-input\":{\"@type\":\"PropertyValueSpecification\",\"valueRequired\":true,\"valueName\":\"search_term_string\"}}],\"inLanguage\":\"en-GB\"},{\"@type\":\"Organization\",\"@id\":\"https:\/\/centcols.org\/#organization\",\"name\":\"Club des Cent Cols\",\"url\":\"https:\/\/centcols.org\/\",\"logo\":{\"@type\":\"ImageObject\",\"inLanguage\":\"en-GB\",\"@id\":\"https:\/\/centcols.org\/#\/schema\/logo\/image\/\",\"url\":\"https:\/\/centcols.org\/wp-content\/uploads\/2025\/01\/carte-icone.png\",\"contentUrl\":\"https:\/\/centcols.org\/wp-content\/uploads\/2025\/01\/carte-icone.png\",\"width\":250,\"height\":250,\"caption\":\"Club des Cent Cols\"},\"image\":{\"@id\":\"https:\/\/centcols.org\/#\/schema\/logo\/image\/\"},\"sameAs\":[\"https:\/\/www.facebook.com\/groups\/5261880558\/?locale=fr_FR\"]},{\"@type\":\"Person\",\"@id\":\"https:\/\/centcols.org\/#\/schema\/person\/911b404fb133d8c913dd27cdcf71c8e5\",\"name\":\"Webmestre\",\"image\":{\"@type\":\"ImageObject\",\"inLanguage\":\"en-GB\",\"@id\":\"https:\/\/centcols.org\/wp-content\/litespeed\/avatar\/2d246e4b6b4f773e08515e1ffc53690b.jpg?ver=1777222892\",\"url\":\"https:\/\/centcols.org\/wp-content\/litespeed\/avatar\/2d246e4b6b4f773e08515e1ffc53690b.jpg?ver=1777222892\",\"contentUrl\":\"https:\/\/centcols.org\/wp-content\/litespeed\/avatar\/2d246e4b6b4f773e08515e1ffc53690b.jpg?ver=1777222892\",\"caption\":\"Webmestre\"},\"url\":\"https:\/\/centcols.org\/en\/author\/webmestre\/\"}]}<\/script>\n<!-- \/ Yoast SEO plugin. -->","yoast_head_json":{"title":"Bernard Migaud - Club des Cent Cols","robots":{"index":"index","follow":"follow","max-snippet":"max-snippet:-1","max-image-preview":"max-image-preview:large","max-video-preview":"max-video-preview:-1"},"canonical":"https:\/\/centcols.org\/en\/bernard-migaud\/","og_locale":"en_GB","og_type":"article","og_title":"Bernard Migaud - Club des Cent Cols","og_description":"J\u2019ai d\u00e9couvert fin mai dans mon quotidien r\u00e9gional (Le R\u00e9publicain Lorrain) l\u2019avis de d\u00e9c\u00e8s de Bernard&nbsp;Migaud, \u00e0 l\u2019\u00e2ge de 95 ans. Les plus anciens d\u2019entre nous se souviennent&nbsp;peut-\u00eatre de ce membre de notre confr\u00e9rie,&nbsp;valeureux et courageux cyclotouriste qui a gravi les plus c\u00e9l\u00e8bres cols routiers fran\u00e7ais \u00e0 la force de son unique jambe, avec comme [&hellip;]","og_url":"https:\/\/centcols.org\/en\/bernard-migaud\/","og_site_name":"Club des Cent Cols","article_publisher":"https:\/\/www.facebook.com\/groups\/5261880558\/?locale=fr_FR","article_published_time":"2023-06-14T08:57:26+00:00","article_modified_time":"2025-09-27T00:47:52+00:00","og_image":[{"width":1600,"height":1070,"url":"https:\/\/centcols.org\/wp-content\/uploads\/2025\/02\/avec-son-pilon-de-la-guerre-de-1914-18-bernard-a-grimpe-le-col-du-pilon-photo-dr-1518360631.jpg","type":"image\/jpeg"}],"author":"Webmestre","twitter_card":"summary_large_image","twitter_misc":{"Written by":"Webmestre","Estimated reading time":"2 minutes"},"schema":{"@context":"https:\/\/schema.org","@graph":[{"@type":"Article","@id":"https:\/\/centcols.org\/bernard-migaud\/#article","isPartOf":{"@id":"https:\/\/centcols.org\/bernard-migaud\/"},"author":{"name":"Webmestre","@id":"https:\/\/centcols.org\/#\/schema\/person\/911b404fb133d8c913dd27cdcf71c8e5"},"headline":"Bernard Migaud","datePublished":"2023-06-14T08:57:26+00:00","dateModified":"2025-09-27T00:47:52+00:00","mainEntityOfPage":{"@id":"https:\/\/centcols.org\/bernard-migaud\/"},"wordCount":170,"commentCount":0,"publisher":{"@id":"https:\/\/centcols.org\/#organization"},"image":{"@id":"https:\/\/centcols.org\/bernard-migaud\/#primaryimage"},"thumbnailUrl":"https:\/\/centcols.org\/wp-content\/uploads\/2025\/02\/avec-son-pilon-de-la-guerre-de-1914-18-bernard-a-grimpe-le-col-du-pilon-photo-dr-1518360631.jpg","articleSection":["Carnet noir","Gazette"],"inLanguage":"en-GB","potentialAction":[{"@type":"CommentAction","name":"Comment","target":["https:\/\/centcols.org\/bernard-migaud\/#respond"]}]},{"@type":"WebPage","@id":"https:\/\/centcols.org\/bernard-migaud\/","url":"https:\/\/centcols.org\/bernard-migaud\/","name":"Bernard Migaud - Club des Cent Cols","isPartOf":{"@id":"https:\/\/centcols.org\/#website"},"primaryImageOfPage":{"@id":"https:\/\/centcols.org\/bernard-migaud\/#primaryimage"},"image":{"@id":"https:\/\/centcols.org\/bernard-migaud\/#primaryimage"},"thumbnailUrl":"https:\/\/centcols.org\/wp-content\/uploads\/2025\/02\/avec-son-pilon-de-la-guerre-de-1914-18-bernard-a-grimpe-le-col-du-pilon-photo-dr-1518360631.jpg","datePublished":"2023-06-14T08:57:26+00:00","dateModified":"2025-09-27T00:47:52+00:00","breadcrumb":{"@id":"https:\/\/centcols.org\/bernard-migaud\/#breadcrumb"},"inLanguage":"en-GB","potentialAction":[{"@type":"ReadAction","target":["https:\/\/centcols.org\/bernard-migaud\/"]}]},{"@type":"ImageObject","inLanguage":"en-GB","@id":"https:\/\/centcols.org\/bernard-migaud\/#primaryimage","url":"https:\/\/centcols.org\/wp-content\/uploads\/2025\/02\/avec-son-pilon-de-la-guerre-de-1914-18-bernard-a-grimpe-le-col-du-pilon-photo-dr-1518360631.jpg","contentUrl":"https:\/\/centcols.org\/wp-content\/uploads\/2025\/02\/avec-son-pilon-de-la-guerre-de-1914-18-bernard-a-grimpe-le-col-du-pilon-photo-dr-1518360631.jpg","width":1600,"height":1070},{"@type":"BreadcrumbList","@id":"https:\/\/centcols.org\/bernard-migaud\/#breadcrumb","itemListElement":[{"@type":"ListItem","position":1,"name":"Accueil","item":"https:\/\/centcols.org\/"},{"@type":"ListItem","position":2,"name":"Gazette","item":"https:\/\/centcols.org\/rubrique\/gazette\/"},{"@type":"ListItem","position":3,"name":"Bernard Migaud"}]},{"@type":"WebSite","@id":"https:\/\/centcols.org\/#website","url":"https:\/\/centcols.org\/","name":"Club des Cent Cols","description":"","publisher":{"@id":"https:\/\/centcols.org\/#organization"},"potentialAction":[{"@type":"SearchAction","target":{"@type":"EntryPoint","urlTemplate":"https:\/\/centcols.org\/?s={search_term_string}"},"query-input":{"@type":"PropertyValueSpecification","valueRequired":true,"valueName":"search_term_string"}}],"inLanguage":"en-GB"},{"@type":"Organization","@id":"https:\/\/centcols.org\/#organization","name":"Club des Cent Cols","url":"https:\/\/centcols.org\/","logo":{"@type":"ImageObject","inLanguage":"en-GB","@id":"https:\/\/centcols.org\/#\/schema\/logo\/image\/","url":"https:\/\/centcols.org\/wp-content\/uploads\/2025\/01\/carte-icone.png","contentUrl":"https:\/\/centcols.org\/wp-content\/uploads\/2025\/01\/carte-icone.png","width":250,"height":250,"caption":"Club des Cent Cols"},"image":{"@id":"https:\/\/centcols.org\/#\/schema\/logo\/image\/"},"sameAs":["https:\/\/www.facebook.com\/groups\/5261880558\/?locale=fr_FR"]},{"@type":"Person","@id":"https:\/\/centcols.org\/#\/schema\/person\/911b404fb133d8c913dd27cdcf71c8e5","name":"Webmaster","image":{"@type":"ImageObject","inLanguage":"en-GB","@id":"https:\/\/centcols.org\/wp-content\/litespeed\/avatar\/2d246e4b6b4f773e08515e1ffc53690b.jpg?ver=1777222892","url":"https:\/\/centcols.org\/wp-content\/litespeed\/avatar\/2d246e4b6b4f773e08515e1ffc53690b.jpg?ver=1777222892","contentUrl":"https:\/\/centcols.org\/wp-content\/litespeed\/avatar\/2d246e4b6b4f773e08515e1ffc53690b.jpg?ver=1777222892","caption":"Webmestre"},"url":"https:\/\/centcols.org\/en\/author\/webmestre\/"}]}},"_links":{"self":[{"href":"https:\/\/centcols.org\/en\/wp-json\/wp\/v2\/posts\/79589","targetHints":{"allow":["GET"]}}],"collection":[{"href":"https:\/\/centcols.org\/en\/wp-json\/wp\/v2\/posts"}],"about":[{"href":"https:\/\/centcols.org\/en\/wp-json\/wp\/v2\/types\/post"}],"author":[{"embeddable":true,"href":"https:\/\/centcols.org\/en\/wp-json\/wp\/v2\/users\/3"}],"replies":[{"embeddable":true,"href":"https:\/\/centcols.org\/en\/wp-json\/wp\/v2\/comments?post=79589"}],"version-history":[{"count":0,"href":"https:\/\/centcols.org\/en\/wp-json\/wp\/v2\/posts\/79589\/revisions"}],"wp:featuredmedia":[{"embeddable":true,"href":"https:\/\/centcols.org\/en\/wp-json\/wp\/v2\/media\/79590"}],"wp:attachment":[{"href":"https:\/\/centcols.org\/en\/wp-json\/wp\/v2\/media?parent=79589"}],"wp:term":[{"taxonomy":"category","embeddable":true,"href":"https:\/\/centcols.org\/en\/wp-json\/wp\/v2\/categories?post=79589"},{"taxonomy":"post_tag","embeddable":true,"href":"https:\/\/centcols.org\/en\/wp-json\/wp\/v2\/tags?post=79589"}],"curies":[{"name":"wp","href":"https:\/\/api.w.org\/{rel}","templated":true}]}}