{"id":80109,"date":"2025-03-27T21:25:22","date_gmt":"2025-03-27T19:25:22","guid":{"rendered":"https:\/\/centcols.org\/?p=80109"},"modified":"2025-09-01T16:34:29","modified_gmt":"2025-09-01T14:34:29","slug":"cent-cols-en-foret-noire-mountain-bike","status":"publish","type":"post","link":"https:\/\/centcols.org\/en\/cent-cols-en-foret-noire-vtt\/","title":{"rendered":"One hundred passes in the Black Forest (MTB)"},"content":{"rendered":"\n<h2 class=\"wp-block-heading\">Pr\u00e9sentation<\/h2>\n\n\n\n<p>Parcours VTT de 470 km entre Pforzheim et Bad S\u00e4ckingen, en For\u00eat-Noire (Allemagne), pour une d\u00e9nivell\u00e9e d&rsquo;au moins 13 000 m et comprenant 100 cols.<br>Trac\u00e9 par Ludger Vorberg (Cent Cols n\u00b0 4898).<\/p>\n\n\n\n<p><a href=\"https:\/\/centcols.org\/rando_perm\/inscription.php?rando=fnv\">Bulletin d&rsquo;inscription<\/a><\/p>\n\n\n\n<h2 class=\"wp-block-heading\">Parcours<\/h2>\n\n\n\n<p><iframe loading=\"lazy\" src=\"https:\/\/centcols.org\/rando_perm\/carto\/mbtrp.php?rp=fnv\" width=\"800\" height=\"600\"><\/iframe><\/p>\n\n\n\n<p>Des fichiers de g\u00e9olocalisation (GPX ou KMZ) sont mis \u00e0 disposition des inscrits.<\/p>\n\n\n\n<p><a href=\"https:\/\/centcols.org\/rando_perm\/foret\/profil.htm\" target=\"_blank\" rel=\"noreferrer noopener\">Profil<\/a><\/p>\n\n\n\n<h2 class=\"wp-block-heading\">Th\u00e8me<\/h2>\n\n\n\n<p>Le Club des Cent Cols, fond\u00e9 en 1972, affili\u00e9 \u00e0 la <a href=\"http:\/\/www.ffct.org\/\" target=\"_blank\" rel=\"noopener noreferrer\">F\u00e9d\u00e9ration Fran\u00e7aise de Cyclotourisme<\/a> sous le N\u00b06384, vous propose cette randonn\u00e9e permanente bas\u00e9e sur un th\u00e8me simple : \u00a0\u00bb Cent cols \u00ab\u00a0.<\/p>\n\n\n\n<p>Cent cols, soit pour vous permettre d&rsquo;int\u00e9grer la Confr\u00e9rie du Club des Cent Cols, soit pour vous permettre de progresser dans le \u00ab\u00a0Tableau d&rsquo;Honneur\u00a0\u00bb de la Confr\u00e9rie, de toute fa\u00e7on pour vous faire d\u00e9couvrir ou red\u00e9couvrir la For\u00eat-Noire et les plaisirs du VTT en moyenne montagne.<\/p>\n\n\n\n<p>Cent cols qui vous permettront de r\u00e9aliser une randonn\u00e9e VTT exigeante et de partir \u00e0 la d\u00e9couverte de la For\u00eat-Noire depuis Pforzheim au nord jusqu&rsquo;\u00e0 Bad S\u00e4ckingen sur la fronti\u00e8re suisse. La d\u00e9couverte de paysages et de villages de charme, de lacs (Titisee, Feldsee) et de sommets (Kandel, Feldberg) de renom.<\/p>\n\n\n\n<h2 class=\"wp-block-heading\">Contr\u00f4les<\/h2>\n\n\n\n<p>Dix contr\u00f4les sont obligatoires; ils seront effectu\u00e9s en des points de parcours choisis par le randonneur lui-m\u00eame, un contr\u00f4le \u00e9tant effectu\u00e9 dans chaque section (les num\u00e9ros de section sont \u00e0 reporter sur la carte de route). Chaque section comprend une dizaine de cols.<\/p>\n\n\n\n<ol class=\"wp-block-list\">\n<li>Pforzheim &#8211; Buchwaldh\u00f6he<\/li>\n\n\n\n<li>Buchwaldh\u00f6he &#8211; St. Romaner H\u00f6he<\/li>\n\n\n\n<li>St. Romaner H\u00f6he &#8211; Auf der Grub<\/li>\n\n\n\n<li>Auf der Grub &#8211; Gr\u00fcndleh\u00f6he<\/li>\n\n\n\n<li>Gr\u00fcndleh\u00f6he &#8211; Haseneck<\/li>\n\n\n\n<li>Haseneck- Gummeneck<\/li>\n\n\n\n<li>Gummeneck &#8211; F\u00fcrsatzh\u00f6he<\/li>\n\n\n\n<li>F\u00fcrsatzh\u00f6he &#8211; Winkeleck<\/li>\n\n\n\n<li>Winkeleck &#8211; Passh\u00f6he Rotes Kreuz<\/li>\n\n\n\n<li>Passh\u00f6he Rotes Kreuz &#8211; Bad S\u00e4ckingen<\/li>\n<\/ol>\n\n\n\n<h2 class=\"wp-block-heading\">Principaux cols<\/h2>\n\n\n\n<ul class=\"wp-block-list\">\n<li>Schwarzmisssattel<\/li>\n\n\n\n<li>Seebensattel<\/li>\n\n\n\n<li>Happachsattel<\/li>\n\n\n\n<li>Passh\u00f6he Fohrenb\u00fchl<\/li>\n\n\n\n<li>Wei\u00dfenbacher H\u00f6he<\/li>\n\n\n\n<li>Kandelpass<\/li>\n\n\n\n<li>Hohwarth\u00f6he<\/li>\n\n\n\n<li>Feldbergpass<\/li>\n\n\n\n<li>Gr\u00fcblesattel<\/li>\n\n\n\n<li>Bl\u00f6\u00dflingsattel<\/li>\n\n\n\n<li>Wei\u00dfenbachsattel<\/li>\n\n\n\n<li>St. Ant\u00f6nipass<\/li>\n<\/ul>\n\n\n\n<h2 class=\"wp-block-heading\">R\u00e8gle du jeu des randonn\u00e9es permanentes<\/h2>\n\n\n\n<p>Tout participant \u00e0 cette randonn\u00e9e permanente s&rsquo;engage \u00e0 respecter la <a href=\"\/rdj-randonnees-permanentes\/\" target=\"_blank\" rel=\"noreferrer noopener\">r\u00e8gle du jeu<\/a> la r\u00e9gissant.<\/p>\n\n\n\n<h2 class=\"wp-block-heading\">Pour plus d&rsquo;information<\/h2>\n\n\n\n<h3 class=\"wp-block-heading\">S&rsquo;adresser au Responsable des randonn\u00e9es permanentes<\/h3>\n\n\n\n<p>Jean-Marc CLEMENT<br>10 rue de Normandie<br>31120 Portet sur Garonne<br>FRANCE<\/p>\n\n\n\n<p>T\u00e9l : +33 (0)5 61 76 30 12<br>E-mail : [email]randos&#64;centcols&#46;org [\/email]<\/p>\n\n\n\n<h6 class=\"wp-block-heading\"><strong>Attention : Veuillez envoyer vos cartes de route \u00e0 homologuer ainsi que vos cartes postales et vos r\u00e9cits de voyage uniquement au responsable actuel, quoi que vous trouviez comme ancienne information (donc ne pas \u00e9crire \u00e0 Roger Colombo, Bernard Pommel, Jean-Marc Lef\u00e8vre ou Roland Grimaud \u2020).<\/strong><\/h6>\n","protected":false},"excerpt":{"rendered":"<p>Pr\u00e9sentation Parcours VTT de 470 km entre Pforzheim et Bad S\u00e4ckingen, en For\u00eat-Noire (Allemagne), pour une d\u00e9nivell\u00e9e d&rsquo;au moins 13 000 m et comprenant 100 cols.Trac\u00e9 par Ludger Vorberg (Cent Cols n\u00b0 4898). Bulletin d&rsquo;inscription Parcours Des fichiers de g\u00e9olocalisation (GPX ou KMZ) sont mis \u00e0 disposition des inscrits. Profil Th\u00e8me Le Club des Cent [&hellip;]<\/p>\n","protected":false},"author":3,"featured_media":80273,"comment_status":"open","ping_status":"open","sticky":false,"template":"","format":"standard","meta":{"_acf_changed":false,"footnotes":""},"categories":[177,156,195,194,145],"tags":[],"class_list":["post-80109","post","type-post","status-publish","format-standard","has-post-thumbnail","hentry","category-vtt","category-allemagne","category-de-bw-baden-wurtenberg","category-foret-noire","category-randonnees-permanentes"],"acf":[],"yoast_head":"<!-- This site is optimized with the Yoast SEO plugin v27.2 - https:\/\/yoast.com\/product\/yoast-seo-wordpress\/ -->\n<title>Cent cols en For\u00eat-Noire (VTT) - Club des Cent Cols<\/title>\n<meta name=\"robots\" content=\"index, follow, max-snippet:-1, max-image-preview:large, max-video-preview:-1\" \/>\n<link rel=\"canonical\" href=\"https:\/\/centcols.org\/en\/cent-cols-en-foret-noire-mountain-bike\/\" \/>\n<meta property=\"og:locale\" content=\"en_GB\" \/>\n<meta property=\"og:type\" content=\"article\" \/>\n<meta property=\"og:title\" content=\"Cent cols en For\u00eat-Noire (VTT) - Club des Cent Cols\" \/>\n<meta property=\"og:description\" content=\"Pr\u00e9sentation Parcours VTT de 470 km entre Pforzheim et Bad S\u00e4ckingen, en For\u00eat-Noire (Allemagne), pour une d\u00e9nivell\u00e9e d&rsquo;au moins 13 000 m et comprenant 100 cols.Trac\u00e9 par Ludger Vorberg (Cent Cols n\u00b0 4898). Bulletin d&rsquo;inscription Parcours Des fichiers de g\u00e9olocalisation (GPX ou KMZ) sont mis \u00e0 disposition des inscrits. Profil Th\u00e8me Le Club des Cent [&hellip;]\" \/>\n<meta property=\"og:url\" content=\"https:\/\/centcols.org\/en\/cent-cols-en-foret-noire-mountain-bike\/\" \/>\n<meta property=\"og:site_name\" content=\"Club des Cent Cols\" \/>\n<meta property=\"article:publisher\" content=\"https:\/\/www.facebook.com\/groups\/5261880558\/?locale=fr_FR\" \/>\n<meta property=\"article:published_time\" content=\"2025-03-27T19:25:22+00:00\" \/>\n<meta property=\"article:modified_time\" content=\"2025-09-01T14:34:29+00:00\" \/>\n<meta property=\"og:image\" content=\"https:\/\/centcols.org\/wp-content\/uploads\/2025\/03\/ForetNoirevtt-r.jpg\" \/>\n\t<meta property=\"og:image:width\" content=\"960\" \/>\n\t<meta property=\"og:image:height\" content=\"540\" \/>\n\t<meta property=\"og:image:type\" content=\"image\/jpeg\" \/>\n<meta name=\"author\" content=\"Webmestre\" \/>\n<meta name=\"twitter:card\" content=\"summary_large_image\" \/>\n<meta name=\"twitter:label1\" content=\"Written by\" \/>\n\t<meta name=\"twitter:data1\" content=\"Webmestre\" \/>\n\t<meta name=\"twitter:label2\" content=\"Estimated reading time\" \/>\n\t<meta name=\"twitter:data2\" content=\"3 minutes\" \/>\n<script type=\"application\/ld+json\" class=\"yoast-schema-graph\">{\"@context\":\"https:\/\/schema.org\",\"@graph\":[{\"@type\":\"Article\",\"@id\":\"https:\/\/centcols.org\/cent-cols-en-foret-noire-vtt\/#article\",\"isPartOf\":{\"@id\":\"https:\/\/centcols.org\/cent-cols-en-foret-noire-vtt\/\"},\"author\":{\"name\":\"Webmestre\",\"@id\":\"https:\/\/centcols.org\/#\/schema\/person\/911b404fb133d8c913dd27cdcf71c8e5\"},\"headline\":\"Cent cols en For\u00eat-Noire (VTT)\",\"datePublished\":\"2025-03-27T19:25:22+00:00\",\"dateModified\":\"2025-09-01T14:34:29+00:00\",\"mainEntityOfPage\":{\"@id\":\"https:\/\/centcols.org\/cent-cols-en-foret-noire-vtt\/\"},\"wordCount\":436,\"commentCount\":0,\"publisher\":{\"@id\":\"https:\/\/centcols.org\/#organization\"},\"image\":{\"@id\":\"https:\/\/centcols.org\/cent-cols-en-foret-noire-vtt\/#primaryimage\"},\"thumbnailUrl\":\"https:\/\/centcols.org\/wp-content\/uploads\/2025\/03\/ForetNoirevtt-r.jpg\",\"articleSection\":[\"VTT\",\"Allemagne\",\"DE-BW : Baden-Wurtenberg\",\"For\u00eat-Noire\",\"Randonn\u00e9es permanentes\"],\"inLanguage\":\"en-GB\",\"potentialAction\":[{\"@type\":\"CommentAction\",\"name\":\"Comment\",\"target\":[\"https:\/\/centcols.org\/cent-cols-en-foret-noire-vtt\/#respond\"]}]},{\"@type\":\"WebPage\",\"@id\":\"https:\/\/centcols.org\/cent-cols-en-foret-noire-vtt\/\",\"url\":\"https:\/\/centcols.org\/cent-cols-en-foret-noire-vtt\/\",\"name\":\"Cent cols en For\u00eat-Noire (VTT) - Club des Cent Cols\",\"isPartOf\":{\"@id\":\"https:\/\/centcols.org\/#website\"},\"primaryImageOfPage\":{\"@id\":\"https:\/\/centcols.org\/cent-cols-en-foret-noire-vtt\/#primaryimage\"},\"image\":{\"@id\":\"https:\/\/centcols.org\/cent-cols-en-foret-noire-vtt\/#primaryimage\"},\"thumbnailUrl\":\"https:\/\/centcols.org\/wp-content\/uploads\/2025\/03\/ForetNoirevtt-r.jpg\",\"datePublished\":\"2025-03-27T19:25:22+00:00\",\"dateModified\":\"2025-09-01T14:34:29+00:00\",\"breadcrumb\":{\"@id\":\"https:\/\/centcols.org\/cent-cols-en-foret-noire-vtt\/#breadcrumb\"},\"inLanguage\":\"en-GB\",\"potentialAction\":[{\"@type\":\"ReadAction\",\"target\":[\"https:\/\/centcols.org\/cent-cols-en-foret-noire-vtt\/\"]}]},{\"@type\":\"ImageObject\",\"inLanguage\":\"en-GB\",\"@id\":\"https:\/\/centcols.org\/cent-cols-en-foret-noire-vtt\/#primaryimage\",\"url\":\"https:\/\/centcols.org\/wp-content\/uploads\/2025\/03\/ForetNoirevtt-r.jpg\",\"contentUrl\":\"https:\/\/centcols.org\/wp-content\/uploads\/2025\/03\/ForetNoirevtt-r.jpg\",\"width\":960,\"height\":540},{\"@type\":\"BreadcrumbList\",\"@id\":\"https:\/\/centcols.org\/cent-cols-en-foret-noire-vtt\/#breadcrumb\",\"itemListElement\":[{\"@type\":\"ListItem\",\"position\":1,\"name\":\"Accueil\",\"item\":\"https:\/\/centcols.org\/\"},{\"@type\":\"ListItem\",\"position\":2,\"name\":\"Randonn\u00e9es permanentes\",\"item\":\"https:\/\/centcols.org\/rubrique\/randonnees-permanentes\/\"},{\"@type\":\"ListItem\",\"position\":3,\"name\":\"Pays\",\"item\":\"https:\/\/centcols.org\/rubrique\/randonnees-permanentes\/pays\/\"},{\"@type\":\"ListItem\",\"position\":4,\"name\":\"Allemagne\",\"item\":\"https:\/\/centcols.org\/rubrique\/randonnees-permanentes\/pays\/allemagne\/\"},{\"@type\":\"ListItem\",\"position\":5,\"name\":\"Cent cols en For\u00eat-Noire (VTT)\"}]},{\"@type\":\"WebSite\",\"@id\":\"https:\/\/centcols.org\/#website\",\"url\":\"https:\/\/centcols.org\/\",\"name\":\"Club des Cent Cols\",\"description\":\"\",\"publisher\":{\"@id\":\"https:\/\/centcols.org\/#organization\"},\"potentialAction\":[{\"@type\":\"SearchAction\",\"target\":{\"@type\":\"EntryPoint\",\"urlTemplate\":\"https:\/\/centcols.org\/?s={search_term_string}\"},\"query-input\":{\"@type\":\"PropertyValueSpecification\",\"valueRequired\":true,\"valueName\":\"search_term_string\"}}],\"inLanguage\":\"en-GB\"},{\"@type\":\"Organization\",\"@id\":\"https:\/\/centcols.org\/#organization\",\"name\":\"Club des Cent Cols\",\"url\":\"https:\/\/centcols.org\/\",\"logo\":{\"@type\":\"ImageObject\",\"inLanguage\":\"en-GB\",\"@id\":\"https:\/\/centcols.org\/#\/schema\/logo\/image\/\",\"url\":\"https:\/\/centcols.org\/wp-content\/uploads\/2025\/01\/carte-icone.png\",\"contentUrl\":\"https:\/\/centcols.org\/wp-content\/uploads\/2025\/01\/carte-icone.png\",\"width\":250,\"height\":250,\"caption\":\"Club des Cent Cols\"},\"image\":{\"@id\":\"https:\/\/centcols.org\/#\/schema\/logo\/image\/\"},\"sameAs\":[\"https:\/\/www.facebook.com\/groups\/5261880558\/?locale=fr_FR\"]},{\"@type\":\"Person\",\"@id\":\"https:\/\/centcols.org\/#\/schema\/person\/911b404fb133d8c913dd27cdcf71c8e5\",\"name\":\"Webmestre\",\"image\":{\"@type\":\"ImageObject\",\"inLanguage\":\"en-GB\",\"@id\":\"https:\/\/centcols.org\/wp-content\/litespeed\/avatar\/2d246e4b6b4f773e08515e1ffc53690b.jpg?ver=1777222892\",\"url\":\"https:\/\/centcols.org\/wp-content\/litespeed\/avatar\/2d246e4b6b4f773e08515e1ffc53690b.jpg?ver=1777222892\",\"contentUrl\":\"https:\/\/centcols.org\/wp-content\/litespeed\/avatar\/2d246e4b6b4f773e08515e1ffc53690b.jpg?ver=1777222892\",\"caption\":\"Webmestre\"},\"url\":\"https:\/\/centcols.org\/en\/author\/webmestre\/\"}]}<\/script>\n<!-- \/ Yoast SEO plugin. -->","yoast_head_json":{"title":"One hundred passes in the Black Forest (MTB) - Club des Cent Cols","robots":{"index":"index","follow":"follow","max-snippet":"max-snippet:-1","max-image-preview":"max-image-preview:large","max-video-preview":"max-video-preview:-1"},"canonical":"https:\/\/centcols.org\/en\/cent-cols-en-foret-noire-mountain-bike\/","og_locale":"en_GB","og_type":"article","og_title":"Cent cols en For\u00eat-Noire (VTT) - Club des Cent Cols","og_description":"Pr\u00e9sentation Parcours VTT de 470 km entre Pforzheim et Bad S\u00e4ckingen, en For\u00eat-Noire (Allemagne), pour une d\u00e9nivell\u00e9e d&rsquo;au moins 13 000 m et comprenant 100 cols.Trac\u00e9 par Ludger Vorberg (Cent Cols n\u00b0 4898). Bulletin d&rsquo;inscription Parcours Des fichiers de g\u00e9olocalisation (GPX ou KMZ) sont mis \u00e0 disposition des inscrits. Profil Th\u00e8me Le Club des Cent [&hellip;]","og_url":"https:\/\/centcols.org\/en\/cent-cols-en-foret-noire-mountain-bike\/","og_site_name":"Club des Cent Cols","article_publisher":"https:\/\/www.facebook.com\/groups\/5261880558\/?locale=fr_FR","article_published_time":"2025-03-27T19:25:22+00:00","article_modified_time":"2025-09-01T14:34:29+00:00","og_image":[{"width":960,"height":540,"url":"https:\/\/centcols.org\/wp-content\/uploads\/2025\/03\/ForetNoirevtt-r.jpg","type":"image\/jpeg"}],"author":"Webmestre","twitter_card":"summary_large_image","twitter_misc":{"Written by":"Webmestre","Estimated reading time":"3 minutes"},"schema":{"@context":"https:\/\/schema.org","@graph":[{"@type":"Article","@id":"https:\/\/centcols.org\/cent-cols-en-foret-noire-vtt\/#article","isPartOf":{"@id":"https:\/\/centcols.org\/cent-cols-en-foret-noire-vtt\/"},"author":{"name":"Webmestre","@id":"https:\/\/centcols.org\/#\/schema\/person\/911b404fb133d8c913dd27cdcf71c8e5"},"headline":"Cent cols en For\u00eat-Noire (VTT)","datePublished":"2025-03-27T19:25:22+00:00","dateModified":"2025-09-01T14:34:29+00:00","mainEntityOfPage":{"@id":"https:\/\/centcols.org\/cent-cols-en-foret-noire-vtt\/"},"wordCount":436,"commentCount":0,"publisher":{"@id":"https:\/\/centcols.org\/#organization"},"image":{"@id":"https:\/\/centcols.org\/cent-cols-en-foret-noire-vtt\/#primaryimage"},"thumbnailUrl":"https:\/\/centcols.org\/wp-content\/uploads\/2025\/03\/ForetNoirevtt-r.jpg","articleSection":["VTT","Allemagne","DE-BW : Baden-Wurtenberg","For\u00eat-Noire","Randonn\u00e9es permanentes"],"inLanguage":"en-GB","potentialAction":[{"@type":"CommentAction","name":"Comment","target":["https:\/\/centcols.org\/cent-cols-en-foret-noire-vtt\/#respond"]}]},{"@type":"WebPage","@id":"https:\/\/centcols.org\/cent-cols-en-foret-noire-vtt\/","url":"https:\/\/centcols.org\/cent-cols-en-foret-noire-vtt\/","name":"One hundred passes in the Black Forest (MTB) - Club des Cent Cols","isPartOf":{"@id":"https:\/\/centcols.org\/#website"},"primaryImageOfPage":{"@id":"https:\/\/centcols.org\/cent-cols-en-foret-noire-vtt\/#primaryimage"},"image":{"@id":"https:\/\/centcols.org\/cent-cols-en-foret-noire-vtt\/#primaryimage"},"thumbnailUrl":"https:\/\/centcols.org\/wp-content\/uploads\/2025\/03\/ForetNoirevtt-r.jpg","datePublished":"2025-03-27T19:25:22+00:00","dateModified":"2025-09-01T14:34:29+00:00","breadcrumb":{"@id":"https:\/\/centcols.org\/cent-cols-en-foret-noire-vtt\/#breadcrumb"},"inLanguage":"en-GB","potentialAction":[{"@type":"ReadAction","target":["https:\/\/centcols.org\/cent-cols-en-foret-noire-vtt\/"]}]},{"@type":"ImageObject","inLanguage":"en-GB","@id":"https:\/\/centcols.org\/cent-cols-en-foret-noire-vtt\/#primaryimage","url":"https:\/\/centcols.org\/wp-content\/uploads\/2025\/03\/ForetNoirevtt-r.jpg","contentUrl":"https:\/\/centcols.org\/wp-content\/uploads\/2025\/03\/ForetNoirevtt-r.jpg","width":960,"height":540},{"@type":"BreadcrumbList","@id":"https:\/\/centcols.org\/cent-cols-en-foret-noire-vtt\/#breadcrumb","itemListElement":[{"@type":"ListItem","position":1,"name":"Accueil","item":"https:\/\/centcols.org\/"},{"@type":"ListItem","position":2,"name":"Randonn\u00e9es permanentes","item":"https:\/\/centcols.org\/rubrique\/randonnees-permanentes\/"},{"@type":"ListItem","position":3,"name":"Pays","item":"https:\/\/centcols.org\/rubrique\/randonnees-permanentes\/pays\/"},{"@type":"ListItem","position":4,"name":"Allemagne","item":"https:\/\/centcols.org\/rubrique\/randonnees-permanentes\/pays\/allemagne\/"},{"@type":"ListItem","position":5,"name":"Cent cols en For\u00eat-Noire (VTT)"}]},{"@type":"WebSite","@id":"https:\/\/centcols.org\/#website","url":"https:\/\/centcols.org\/","name":"Club des Cent Cols","description":"","publisher":{"@id":"https:\/\/centcols.org\/#organization"},"potentialAction":[{"@type":"SearchAction","target":{"@type":"EntryPoint","urlTemplate":"https:\/\/centcols.org\/?s={search_term_string}"},"query-input":{"@type":"PropertyValueSpecification","valueRequired":true,"valueName":"search_term_string"}}],"inLanguage":"en-GB"},{"@type":"Organization","@id":"https:\/\/centcols.org\/#organization","name":"Club des Cent Cols","url":"https:\/\/centcols.org\/","logo":{"@type":"ImageObject","inLanguage":"en-GB","@id":"https:\/\/centcols.org\/#\/schema\/logo\/image\/","url":"https:\/\/centcols.org\/wp-content\/uploads\/2025\/01\/carte-icone.png","contentUrl":"https:\/\/centcols.org\/wp-content\/uploads\/2025\/01\/carte-icone.png","width":250,"height":250,"caption":"Club des Cent Cols"},"image":{"@id":"https:\/\/centcols.org\/#\/schema\/logo\/image\/"},"sameAs":["https:\/\/www.facebook.com\/groups\/5261880558\/?locale=fr_FR"]},{"@type":"Person","@id":"https:\/\/centcols.org\/#\/schema\/person\/911b404fb133d8c913dd27cdcf71c8e5","name":"Webmaster","image":{"@type":"ImageObject","inLanguage":"en-GB","@id":"https:\/\/centcols.org\/wp-content\/litespeed\/avatar\/2d246e4b6b4f773e08515e1ffc53690b.jpg?ver=1777222892","url":"https:\/\/centcols.org\/wp-content\/litespeed\/avatar\/2d246e4b6b4f773e08515e1ffc53690b.jpg?ver=1777222892","contentUrl":"https:\/\/centcols.org\/wp-content\/litespeed\/avatar\/2d246e4b6b4f773e08515e1ffc53690b.jpg?ver=1777222892","caption":"Webmestre"},"url":"https:\/\/centcols.org\/en\/author\/webmestre\/"}]}},"_links":{"self":[{"href":"https:\/\/centcols.org\/en\/wp-json\/wp\/v2\/posts\/80109","targetHints":{"allow":["GET"]}}],"collection":[{"href":"https:\/\/centcols.org\/en\/wp-json\/wp\/v2\/posts"}],"about":[{"href":"https:\/\/centcols.org\/en\/wp-json\/wp\/v2\/types\/post"}],"author":[{"embeddable":true,"href":"https:\/\/centcols.org\/en\/wp-json\/wp\/v2\/users\/3"}],"replies":[{"embeddable":true,"href":"https:\/\/centcols.org\/en\/wp-json\/wp\/v2\/comments?post=80109"}],"version-history":[{"count":0,"href":"https:\/\/centcols.org\/en\/wp-json\/wp\/v2\/posts\/80109\/revisions"}],"wp:featuredmedia":[{"embeddable":true,"href":"https:\/\/centcols.org\/en\/wp-json\/wp\/v2\/media\/80273"}],"wp:attachment":[{"href":"https:\/\/centcols.org\/en\/wp-json\/wp\/v2\/media?parent=80109"}],"wp:term":[{"taxonomy":"category","embeddable":true,"href":"https:\/\/centcols.org\/en\/wp-json\/wp\/v2\/categories?post=80109"},{"taxonomy":"post_tag","embeddable":true,"href":"https:\/\/centcols.org\/en\/wp-json\/wp\/v2\/tags?post=80109"}],"curies":[{"name":"wp","href":"https:\/\/api.w.org\/{rel}","templated":true}]}}