{"id":80121,"date":"2025-03-27T20:10:00","date_gmt":"2025-03-27T18:10:00","guid":{"rendered":"https:\/\/centcols.org\/?p=80121"},"modified":"2025-09-01T16:40:39","modified_gmt":"2025-09-01T14:40:39","slug":"one-hundred-passes-in-the-pyrenees","status":"publish","type":"post","link":"https:\/\/centcols.org\/en\/cent-cols-en-pyrenees\/","title":{"rendered":"One hundred passes in the Pyrenees"},"content":{"rendered":"\n<h2 class=\"wp-block-heading\">Pr\u00e9sentation<\/h2>\n\n\n\n<p>Circuit de 1 490 km entre St-Jean-Pied-de-Port et Thuir, et retour.<\/p>\n\n\n\n<p>Comprenant 108 cols dont cinq ont une altitude sup\u00e9rieure \u00e0 2000 m\u00e8tres.<\/p>\n\n\n\n<p>Trac\u00e9 par Alain Gillodes (Cent Cols n\u00b0 722)<\/p>\n\n\n\n<p><a href=\"https:\/\/centcols.org\/wp-content\/uploads\/2025\/04\/cartepyr.jpg\">Parcours<\/a><\/p>\n\n\n\n<p><iframe loading=\"lazy\" src=\"https:\/\/centcols.org\/rando_perm\/carto\/mbtrp.php?rp=pyr\" width=\"800\" height=\"600\"><\/iframe><\/p>\n\n\n\n<p><a href=\"https:\/\/centcols.org\/rando_perm\/inscription.php?rando=pyr\">Bulletin d&rsquo;inscription<\/a><\/p>\n\n\n\n<p><a href=\"https:\/\/centcols.org\/rando_perm\/pyr\/commentaires.htm\">Additifs, corrections et commentaires des participants<\/a><\/p>\n\n\n\n<h2 class=\"wp-block-heading\">Th\u00e8me<\/h2>\n\n\n\n<p>Le Club des Cent Cols, fond\u00e9 en 1972, affili\u00e9 \u00e0 la <a href=\"http:\/\/www.ffct.org\/\" target=\"_blank\" rel=\"noopener noreferrer\"><b>F\u00e9d\u00e9ration Fran\u00e7aise de Cyclotourisme<\/b><\/a> sous le N\u00b06384, vous propose cette randonn\u00e9e permanente bas\u00e9e sur un th\u00e8me simple : \u00ab Cent cols \u00bb.<\/p>\n\n\n\n<p>Cent cols, soit pour vous permettre d&rsquo;int\u00e9grer la Confr\u00e9rie du Club des Cent Cols, soit pour vous permettre de progresser dans le \u00ab Tableau d&rsquo;Honneur \u00bb de la Confr\u00e9rie, de toute fa\u00e7on pour vous faire d\u00e9couvrir ou red\u00e9couvrir les Pyr\u00e9n\u00e9es sous tous leurs aspects.<\/p>\n\n\n\n<p>Cent cols, les principaux des Pyr\u00e9n\u00e9es, situ\u00e9s en France mais aussi en Espagne et en Andorre, cent cols qui vous permettront donc de r\u00e9aliser une \u00e9poustouflante randonn\u00e9e internationale.<\/p>\n\n\n\n<p>Cent huit cols (dont 5 \u00e0 plus \u00e0 2000 m d\u2019altitude) en 1 490 km (pour une d\u00e9nivel\u00e9e d\u2019au moins 27 000 m).<\/p>\n\n\n\n<h2 class=\"wp-block-heading\">Contr\u00f4les<\/h2>\n\n\n\n<p>Les huit contr\u00f4les seront effectu\u00e9s en des points de parcours choisis par le randonneur lui-m\u00eame, un contr\u00f4le \u00e9tant effectu\u00e9 dans chaque section (les num\u00e9ros de section sont \u00e0 reporter sur la carte de route).<\/p>\n\n\n\n<ol class=\"wp-block-list\">\n<li>St Jean Pied de Port \/ St Savin<\/li>\n\n\n\n<li>St Savin \/ Bossost (Portillon)<\/li>\n\n\n\n<li>Bossost \/ Col de Puymorens<\/li>\n\n\n\n<li>Col de Puymorens \/ Thuir<\/li>\n\n\n\n<li>Thuir \/ Axat<\/li>\n\n\n\n<li>Axat \/ Melles<\/li>\n\n\n\n<li>Melles \/ Argel\u00e8s Gazost<\/li>\n\n\n\n<li>Argel\u00e8s \/ St Jean Pied de Port<\/li>\n<\/ol>\n\n\n\n<h2 class=\"wp-block-heading\">Principaux cols<\/h2>\n\n\n\n<ul class=\"wp-block-list\">\n<li>Port d&rsquo;Envalira 2404 m<\/li>\n\n\n\n<li>Col des Tentes 2208 m<\/li>\n\n\n\n<li>Puerto de la Bonaigua 2072 m<\/li>\n\n\n\n<li>Port de Pailh\u00e8res 2001 m<\/li>\n\n\n\n<li>Col de Soulor<\/li>\n\n\n\n<li>Col de Burdincurutcheta<\/li>\n\n\n\n<li>Port de Larrau<\/li>\n\n\n\n<li>Col de Marie Blanque<\/li>\n\n\n\n<li>Col de Portet d&rsquo;Aspet<\/li>\n\n\n\n<li>Col de Peyresourde<\/li>\n\n\n\n<li>Col de Ment\u00e9<\/li>\n\n\n\n<li>Col de Spandelles etc.<\/li>\n<\/ul>\n\n\n\n<h2 class=\"wp-block-heading\">Sites BCN et BPF sur le parcours<\/h2>\n\n\n\n<ul class=\"wp-block-list\">\n<li>Col d&rsquo;Aubisque 1709 m<\/li>\n\n\n\n<li>Col du Tourmalet 2115 m<\/li>\n\n\n\n<li>Superbagn\u00e8res<\/li>\n\n\n\n<li>Port\u00e9 Puymorens<\/li>\n\n\n\n<li>Lac des Bouillouses<\/li>\n\n\n\n<li>Saint Martin du Canigou<\/li>\n\n\n\n<li>Duilhac sous Peyrepertuse<\/li>\n\n\n\n<li>La Fajolle<\/li>\n\n\n\n<li>Foix<\/li>\n\n\n\n<li>Saint Bertrand de Comminges<\/li>\n<\/ul>\n\n\n\n<h2 class=\"wp-block-heading\">R\u00e8gle du jeu des randonn\u00e9es permanentes<\/h2>\n\n\n\n<p>Tout participant \u00e0 cette randonn\u00e9e permanente s&rsquo;engage \u00e0 respecter<a href=\"\/rdj-randonnees-permanentes\/\"> la r\u00e8gle du jeu<\/a> la r\u00e9gissant.<\/p>\n\n\n\n<h2 class=\"wp-block-heading\">Pour plus d&rsquo;information<\/h2>\n\n\n\n<h3 class=\"wp-block-heading\">S&rsquo;adresser au responsable des randonn\u00e9es permanentes<\/h3>\n\n\n\n<p>Jean-Marc CLEMENT<br>10 rue de Normandie<br>31120 Portet sur Garonne<br>FRANCE<\/p>\n\n\n\n<p>T\u00e9l : +33 (0)5 61 76 30 12<br>E-mail : [email]&#x72;&#x61;&#110;d&#x6f;&#x73;&#64;ce&#x6e;&#x74;&#99;o&#x6c;&#x73;&#46;&#111;r&#x67; [\/email]<\/p>\n\n\n\n<h6 class=\"wp-block-heading\"><strong>Attention : Veuillez envoyer vos cartes de route \u00e0 homologuer ainsi que vos cartes postales et vos r\u00e9cits de voyage uniquement au responsable actuel, quoi que vous trouviez comme ancienne information (donc ne pas \u00e9crire \u00e0 Roger Colombo, Bernard Pommel, Jean-Marc Lef\u00e8vre ou Roland Grimaud \u2020).<\/strong><\/h6>\n","protected":false},"excerpt":{"rendered":"<p>Pr\u00e9sentation Circuit de 1 490 km entre St-Jean-Pied-de-Port et Thuir, et retour. Comprenant 108 cols dont cinq ont une altitude sup\u00e9rieure \u00e0 2000 m\u00e8tres. Trac\u00e9 par Alain Gillodes (Cent Cols n\u00b0 722) Parcours Bulletin d&rsquo;inscription Additifs, corrections et commentaires des participants Th\u00e8me Le Club des Cent Cols, fond\u00e9 en 1972, affili\u00e9 \u00e0 la F\u00e9d\u00e9ration Fran\u00e7aise [&hellip;]<\/p>\n","protected":false},"author":3,"featured_media":80123,"comment_status":"open","ping_status":"open","sticky":false,"template":"","format":"standard","meta":{"_acf_changed":false,"footnotes":""},"categories":[176,154,182,188,155,189,145],"tags":[],"class_list":["post-80121","post","type-post","status-publish","format-standard","has-post-thumbnail","hentry","category-route","category-massif","category-pyrenees","category-nouvelle-aquitaine","category-france","category-occitanie","category-randonnees-permanentes"],"acf":[],"yoast_head":"<!-- This site is optimized with the Yoast SEO plugin v27.2 - https:\/\/yoast.com\/product\/yoast-seo-wordpress\/ -->\n<title>Cent cols en Pyr\u00e9n\u00e9es - Club des Cent Cols<\/title>\n<meta name=\"robots\" content=\"index, follow, max-snippet:-1, max-image-preview:large, max-video-preview:-1\" \/>\n<link rel=\"canonical\" href=\"https:\/\/centcols.org\/en\/one-hundred-passes-in-the-pyrenees\/\" \/>\n<meta property=\"og:locale\" content=\"en_GB\" \/>\n<meta property=\"og:type\" content=\"article\" \/>\n<meta property=\"og:title\" content=\"Cent cols en Pyr\u00e9n\u00e9es - Club des Cent Cols\" \/>\n<meta property=\"og:description\" content=\"Pr\u00e9sentation Circuit de 1 490 km entre St-Jean-Pied-de-Port et Thuir, et retour. Comprenant 108 cols dont cinq ont une altitude sup\u00e9rieure \u00e0 2000 m\u00e8tres. Trac\u00e9 par Alain Gillodes (Cent Cols n\u00b0 722) Parcours Bulletin d&rsquo;inscription Additifs, corrections et commentaires des participants Th\u00e8me Le Club des Cent Cols, fond\u00e9 en 1972, affili\u00e9 \u00e0 la F\u00e9d\u00e9ration Fran\u00e7aise [&hellip;]\" \/>\n<meta property=\"og:url\" content=\"https:\/\/centcols.org\/en\/one-hundred-passes-in-the-pyrenees\/\" \/>\n<meta property=\"og:site_name\" content=\"Club des Cent Cols\" \/>\n<meta property=\"article:publisher\" content=\"https:\/\/www.facebook.com\/groups\/5261880558\/?locale=fr_FR\" \/>\n<meta property=\"article:published_time\" content=\"2025-03-27T18:10:00+00:00\" \/>\n<meta property=\"article:modified_time\" content=\"2025-09-01T14:40:39+00:00\" \/>\n<meta property=\"og:image\" content=\"https:\/\/centcols.org\/wp-content\/uploads\/2025\/03\/pyrenees01.jpg\" \/>\n\t<meta property=\"og:image:width\" content=\"1920\" \/>\n\t<meta property=\"og:image:height\" content=\"1440\" \/>\n\t<meta property=\"og:image:type\" content=\"image\/jpeg\" \/>\n<meta name=\"author\" content=\"Webmestre\" \/>\n<meta name=\"twitter:card\" content=\"summary_large_image\" \/>\n<meta name=\"twitter:label1\" content=\"Written by\" \/>\n\t<meta name=\"twitter:data1\" content=\"Webmestre\" \/>\n\t<meta name=\"twitter:label2\" content=\"Estimated reading time\" \/>\n\t<meta name=\"twitter:data2\" content=\"3 minutes\" \/>\n<script type=\"application\/ld+json\" class=\"yoast-schema-graph\">{\"@context\":\"https:\/\/schema.org\",\"@graph\":[{\"@type\":\"Article\",\"@id\":\"https:\/\/centcols.org\/cent-cols-en-pyrenees\/#article\",\"isPartOf\":{\"@id\":\"https:\/\/centcols.org\/cent-cols-en-pyrenees\/\"},\"author\":{\"name\":\"Webmestre\",\"@id\":\"https:\/\/centcols.org\/#\/schema\/person\/911b404fb133d8c913dd27cdcf71c8e5\"},\"headline\":\"Cent cols en Pyr\u00e9n\u00e9es\",\"datePublished\":\"2025-03-27T18:10:00+00:00\",\"dateModified\":\"2025-09-01T14:40:39+00:00\",\"mainEntityOfPage\":{\"@id\":\"https:\/\/centcols.org\/cent-cols-en-pyrenees\/\"},\"wordCount\":440,\"commentCount\":0,\"publisher\":{\"@id\":\"https:\/\/centcols.org\/#organization\"},\"image\":{\"@id\":\"https:\/\/centcols.org\/cent-cols-en-pyrenees\/#primaryimage\"},\"thumbnailUrl\":\"https:\/\/centcols.org\/wp-content\/uploads\/2025\/03\/pyrenees01.jpg\",\"articleSection\":[\"Route\",\"Massif\",\"Pyr\u00e9n\u00e9es\",\"Nouvelle-Aquitaine\",\"France\",\"Occitanie\",\"Randonn\u00e9es permanentes\"],\"inLanguage\":\"en-GB\",\"potentialAction\":[{\"@type\":\"CommentAction\",\"name\":\"Comment\",\"target\":[\"https:\/\/centcols.org\/cent-cols-en-pyrenees\/#respond\"]}]},{\"@type\":\"WebPage\",\"@id\":\"https:\/\/centcols.org\/cent-cols-en-pyrenees\/\",\"url\":\"https:\/\/centcols.org\/cent-cols-en-pyrenees\/\",\"name\":\"Cent cols en Pyr\u00e9n\u00e9es - Club des Cent Cols\",\"isPartOf\":{\"@id\":\"https:\/\/centcols.org\/#website\"},\"primaryImageOfPage\":{\"@id\":\"https:\/\/centcols.org\/cent-cols-en-pyrenees\/#primaryimage\"},\"image\":{\"@id\":\"https:\/\/centcols.org\/cent-cols-en-pyrenees\/#primaryimage\"},\"thumbnailUrl\":\"https:\/\/centcols.org\/wp-content\/uploads\/2025\/03\/pyrenees01.jpg\",\"datePublished\":\"2025-03-27T18:10:00+00:00\",\"dateModified\":\"2025-09-01T14:40:39+00:00\",\"breadcrumb\":{\"@id\":\"https:\/\/centcols.org\/cent-cols-en-pyrenees\/#breadcrumb\"},\"inLanguage\":\"en-GB\",\"potentialAction\":[{\"@type\":\"ReadAction\",\"target\":[\"https:\/\/centcols.org\/cent-cols-en-pyrenees\/\"]}]},{\"@type\":\"ImageObject\",\"inLanguage\":\"en-GB\",\"@id\":\"https:\/\/centcols.org\/cent-cols-en-pyrenees\/#primaryimage\",\"url\":\"https:\/\/centcols.org\/wp-content\/uploads\/2025\/03\/pyrenees01.jpg\",\"contentUrl\":\"https:\/\/centcols.org\/wp-content\/uploads\/2025\/03\/pyrenees01.jpg\",\"width\":1920,\"height\":1440},{\"@type\":\"BreadcrumbList\",\"@id\":\"https:\/\/centcols.org\/cent-cols-en-pyrenees\/#breadcrumb\",\"itemListElement\":[{\"@type\":\"ListItem\",\"position\":1,\"name\":\"Accueil\",\"item\":\"https:\/\/centcols.org\/\"},{\"@type\":\"ListItem\",\"position\":2,\"name\":\"Randonn\u00e9es permanentes\",\"item\":\"https:\/\/centcols.org\/rubrique\/randonnees-permanentes\/\"},{\"@type\":\"ListItem\",\"position\":3,\"name\":\"Pays\",\"item\":\"https:\/\/centcols.org\/rubrique\/randonnees-permanentes\/pays\/\"},{\"@type\":\"ListItem\",\"position\":4,\"name\":\"France\",\"item\":\"https:\/\/centcols.org\/rubrique\/randonnees-permanentes\/pays\/france\/\"},{\"@type\":\"ListItem\",\"position\":5,\"name\":\"Cent cols en Pyr\u00e9n\u00e9es\"}]},{\"@type\":\"WebSite\",\"@id\":\"https:\/\/centcols.org\/#website\",\"url\":\"https:\/\/centcols.org\/\",\"name\":\"Club des Cent Cols\",\"description\":\"\",\"publisher\":{\"@id\":\"https:\/\/centcols.org\/#organization\"},\"potentialAction\":[{\"@type\":\"SearchAction\",\"target\":{\"@type\":\"EntryPoint\",\"urlTemplate\":\"https:\/\/centcols.org\/?s={search_term_string}\"},\"query-input\":{\"@type\":\"PropertyValueSpecification\",\"valueRequired\":true,\"valueName\":\"search_term_string\"}}],\"inLanguage\":\"en-GB\"},{\"@type\":\"Organization\",\"@id\":\"https:\/\/centcols.org\/#organization\",\"name\":\"Club des Cent Cols\",\"url\":\"https:\/\/centcols.org\/\",\"logo\":{\"@type\":\"ImageObject\",\"inLanguage\":\"en-GB\",\"@id\":\"https:\/\/centcols.org\/#\/schema\/logo\/image\/\",\"url\":\"https:\/\/centcols.org\/wp-content\/uploads\/2025\/01\/carte-icone.png\",\"contentUrl\":\"https:\/\/centcols.org\/wp-content\/uploads\/2025\/01\/carte-icone.png\",\"width\":250,\"height\":250,\"caption\":\"Club des Cent Cols\"},\"image\":{\"@id\":\"https:\/\/centcols.org\/#\/schema\/logo\/image\/\"},\"sameAs\":[\"https:\/\/www.facebook.com\/groups\/5261880558\/?locale=fr_FR\"]},{\"@type\":\"Person\",\"@id\":\"https:\/\/centcols.org\/#\/schema\/person\/911b404fb133d8c913dd27cdcf71c8e5\",\"name\":\"Webmestre\",\"image\":{\"@type\":\"ImageObject\",\"inLanguage\":\"en-GB\",\"@id\":\"https:\/\/centcols.org\/wp-content\/litespeed\/avatar\/2d246e4b6b4f773e08515e1ffc53690b.jpg?ver=1777222892\",\"url\":\"https:\/\/centcols.org\/wp-content\/litespeed\/avatar\/2d246e4b6b4f773e08515e1ffc53690b.jpg?ver=1777222892\",\"contentUrl\":\"https:\/\/centcols.org\/wp-content\/litespeed\/avatar\/2d246e4b6b4f773e08515e1ffc53690b.jpg?ver=1777222892\",\"caption\":\"Webmestre\"},\"url\":\"https:\/\/centcols.org\/en\/author\/webmestre\/\"}]}<\/script>\n<!-- \/ Yoast SEO plugin. -->","yoast_head_json":{"title":"One hundred passes in the Pyrenees - Club des Cent Cols","robots":{"index":"index","follow":"follow","max-snippet":"max-snippet:-1","max-image-preview":"max-image-preview:large","max-video-preview":"max-video-preview:-1"},"canonical":"https:\/\/centcols.org\/en\/one-hundred-passes-in-the-pyrenees\/","og_locale":"en_GB","og_type":"article","og_title":"Cent cols en Pyr\u00e9n\u00e9es - Club des Cent Cols","og_description":"Pr\u00e9sentation Circuit de 1 490 km entre St-Jean-Pied-de-Port et Thuir, et retour. Comprenant 108 cols dont cinq ont une altitude sup\u00e9rieure \u00e0 2000 m\u00e8tres. Trac\u00e9 par Alain Gillodes (Cent Cols n\u00b0 722) Parcours Bulletin d&rsquo;inscription Additifs, corrections et commentaires des participants Th\u00e8me Le Club des Cent Cols, fond\u00e9 en 1972, affili\u00e9 \u00e0 la F\u00e9d\u00e9ration Fran\u00e7aise [&hellip;]","og_url":"https:\/\/centcols.org\/en\/one-hundred-passes-in-the-pyrenees\/","og_site_name":"Club des Cent Cols","article_publisher":"https:\/\/www.facebook.com\/groups\/5261880558\/?locale=fr_FR","article_published_time":"2025-03-27T18:10:00+00:00","article_modified_time":"2025-09-01T14:40:39+00:00","og_image":[{"width":1920,"height":1440,"url":"https:\/\/centcols.org\/wp-content\/uploads\/2025\/03\/pyrenees01.jpg","type":"image\/jpeg"}],"author":"Webmestre","twitter_card":"summary_large_image","twitter_misc":{"Written by":"Webmestre","Estimated reading time":"3 minutes"},"schema":{"@context":"https:\/\/schema.org","@graph":[{"@type":"Article","@id":"https:\/\/centcols.org\/cent-cols-en-pyrenees\/#article","isPartOf":{"@id":"https:\/\/centcols.org\/cent-cols-en-pyrenees\/"},"author":{"name":"Webmestre","@id":"https:\/\/centcols.org\/#\/schema\/person\/911b404fb133d8c913dd27cdcf71c8e5"},"headline":"Cent cols en Pyr\u00e9n\u00e9es","datePublished":"2025-03-27T18:10:00+00:00","dateModified":"2025-09-01T14:40:39+00:00","mainEntityOfPage":{"@id":"https:\/\/centcols.org\/cent-cols-en-pyrenees\/"},"wordCount":440,"commentCount":0,"publisher":{"@id":"https:\/\/centcols.org\/#organization"},"image":{"@id":"https:\/\/centcols.org\/cent-cols-en-pyrenees\/#primaryimage"},"thumbnailUrl":"https:\/\/centcols.org\/wp-content\/uploads\/2025\/03\/pyrenees01.jpg","articleSection":["Route","Massif","Pyr\u00e9n\u00e9es","Nouvelle-Aquitaine","France","Occitanie","Randonn\u00e9es permanentes"],"inLanguage":"en-GB","potentialAction":[{"@type":"CommentAction","name":"Comment","target":["https:\/\/centcols.org\/cent-cols-en-pyrenees\/#respond"]}]},{"@type":"WebPage","@id":"https:\/\/centcols.org\/cent-cols-en-pyrenees\/","url":"https:\/\/centcols.org\/cent-cols-en-pyrenees\/","name":"One hundred passes in the Pyrenees - Club des Cent Cols","isPartOf":{"@id":"https:\/\/centcols.org\/#website"},"primaryImageOfPage":{"@id":"https:\/\/centcols.org\/cent-cols-en-pyrenees\/#primaryimage"},"image":{"@id":"https:\/\/centcols.org\/cent-cols-en-pyrenees\/#primaryimage"},"thumbnailUrl":"https:\/\/centcols.org\/wp-content\/uploads\/2025\/03\/pyrenees01.jpg","datePublished":"2025-03-27T18:10:00+00:00","dateModified":"2025-09-01T14:40:39+00:00","breadcrumb":{"@id":"https:\/\/centcols.org\/cent-cols-en-pyrenees\/#breadcrumb"},"inLanguage":"en-GB","potentialAction":[{"@type":"ReadAction","target":["https:\/\/centcols.org\/cent-cols-en-pyrenees\/"]}]},{"@type":"ImageObject","inLanguage":"en-GB","@id":"https:\/\/centcols.org\/cent-cols-en-pyrenees\/#primaryimage","url":"https:\/\/centcols.org\/wp-content\/uploads\/2025\/03\/pyrenees01.jpg","contentUrl":"https:\/\/centcols.org\/wp-content\/uploads\/2025\/03\/pyrenees01.jpg","width":1920,"height":1440},{"@type":"BreadcrumbList","@id":"https:\/\/centcols.org\/cent-cols-en-pyrenees\/#breadcrumb","itemListElement":[{"@type":"ListItem","position":1,"name":"Accueil","item":"https:\/\/centcols.org\/"},{"@type":"ListItem","position":2,"name":"Randonn\u00e9es permanentes","item":"https:\/\/centcols.org\/rubrique\/randonnees-permanentes\/"},{"@type":"ListItem","position":3,"name":"Pays","item":"https:\/\/centcols.org\/rubrique\/randonnees-permanentes\/pays\/"},{"@type":"ListItem","position":4,"name":"France","item":"https:\/\/centcols.org\/rubrique\/randonnees-permanentes\/pays\/france\/"},{"@type":"ListItem","position":5,"name":"Cent cols en Pyr\u00e9n\u00e9es"}]},{"@type":"WebSite","@id":"https:\/\/centcols.org\/#website","url":"https:\/\/centcols.org\/","name":"Club des Cent Cols","description":"","publisher":{"@id":"https:\/\/centcols.org\/#organization"},"potentialAction":[{"@type":"SearchAction","target":{"@type":"EntryPoint","urlTemplate":"https:\/\/centcols.org\/?s={search_term_string}"},"query-input":{"@type":"PropertyValueSpecification","valueRequired":true,"valueName":"search_term_string"}}],"inLanguage":"en-GB"},{"@type":"Organization","@id":"https:\/\/centcols.org\/#organization","name":"Club des Cent Cols","url":"https:\/\/centcols.org\/","logo":{"@type":"ImageObject","inLanguage":"en-GB","@id":"https:\/\/centcols.org\/#\/schema\/logo\/image\/","url":"https:\/\/centcols.org\/wp-content\/uploads\/2025\/01\/carte-icone.png","contentUrl":"https:\/\/centcols.org\/wp-content\/uploads\/2025\/01\/carte-icone.png","width":250,"height":250,"caption":"Club des Cent Cols"},"image":{"@id":"https:\/\/centcols.org\/#\/schema\/logo\/image\/"},"sameAs":["https:\/\/www.facebook.com\/groups\/5261880558\/?locale=fr_FR"]},{"@type":"Person","@id":"https:\/\/centcols.org\/#\/schema\/person\/911b404fb133d8c913dd27cdcf71c8e5","name":"Webmaster","image":{"@type":"ImageObject","inLanguage":"en-GB","@id":"https:\/\/centcols.org\/wp-content\/litespeed\/avatar\/2d246e4b6b4f773e08515e1ffc53690b.jpg?ver=1777222892","url":"https:\/\/centcols.org\/wp-content\/litespeed\/avatar\/2d246e4b6b4f773e08515e1ffc53690b.jpg?ver=1777222892","contentUrl":"https:\/\/centcols.org\/wp-content\/litespeed\/avatar\/2d246e4b6b4f773e08515e1ffc53690b.jpg?ver=1777222892","caption":"Webmestre"},"url":"https:\/\/centcols.org\/en\/author\/webmestre\/"}]}},"_links":{"self":[{"href":"https:\/\/centcols.org\/en\/wp-json\/wp\/v2\/posts\/80121","targetHints":{"allow":["GET"]}}],"collection":[{"href":"https:\/\/centcols.org\/en\/wp-json\/wp\/v2\/posts"}],"about":[{"href":"https:\/\/centcols.org\/en\/wp-json\/wp\/v2\/types\/post"}],"author":[{"embeddable":true,"href":"https:\/\/centcols.org\/en\/wp-json\/wp\/v2\/users\/3"}],"replies":[{"embeddable":true,"href":"https:\/\/centcols.org\/en\/wp-json\/wp\/v2\/comments?post=80121"}],"version-history":[{"count":0,"href":"https:\/\/centcols.org\/en\/wp-json\/wp\/v2\/posts\/80121\/revisions"}],"wp:featuredmedia":[{"embeddable":true,"href":"https:\/\/centcols.org\/en\/wp-json\/wp\/v2\/media\/80123"}],"wp:attachment":[{"href":"https:\/\/centcols.org\/en\/wp-json\/wp\/v2\/media?parent=80121"}],"wp:term":[{"taxonomy":"category","embeddable":true,"href":"https:\/\/centcols.org\/en\/wp-json\/wp\/v2\/categories?post=80121"},{"taxonomy":"post_tag","embeddable":true,"href":"https:\/\/centcols.org\/en\/wp-json\/wp\/v2\/tags?post=80121"}],"curies":[{"name":"wp","href":"https:\/\/api.w.org\/{rel}","templated":true}]}}