{"id":80157,"date":"2025-03-27T21:00:28","date_gmt":"2025-03-27T19:00:28","guid":{"rendered":"https:\/\/centcols.org\/?p=80157"},"modified":"2025-09-01T16:38:15","modified_gmt":"2025-09-01T14:38:15","slug":"one-hundred-passes-on-the-atlantic-mediterranean-watershed","status":"publish","type":"post","link":"https:\/\/centcols.org\/en\/cent-cols-sur-la-ligne-de-partage-des-eaux-atlantique-mediterranee\/","title":{"rendered":"One hundred passes on the Atlantic-Mediterranean watershed"},"content":{"rendered":"\n<h2 class=\"wp-block-heading\">Pr\u00e9sentation<\/h2>\n\n\n\n<p>Circuit de 1 130 km comprenant 112 cols, 24 cols en option et un d\u00e9nivel\u00e9 d&rsquo;environ 23800 m.<\/p>\n\n\n\n<p>Cette randonn\u00e9e a \u00e9t\u00e9 trac\u00e9e par Bernard Pommel de la Confr\u00e9rie des Cent Cols (n\u00b0 3094).<\/p>\n\n\n\n<p><a class=\"fancybox\" href=\"https:\/\/centcols.org\/wp-content\/uploads\/2025\/04\/cartelpe.jpg\" rel=\"noopener noreferrer\">Parcours<\/a><\/p>\n\n\n\n<p><iframe loading=\"lazy\" src=\"https:\/\/centcols.org\/rando_perm\/carto\/mbtrp.php?rp=lpe\" width=\"800\" height=\"600\"><\/iframe><\/p>\n\n\n\n<p><a href=\"https:\/\/centcols.org\/rando_perm\/inscription.php?rando=lpe\">Bulletin d&rsquo;inscription<\/a><\/p>\n\n\n\n<h2 class=\"wp-block-heading\">Th\u00e8me<\/h2>\n\n\n\n<p>Les \u00ab\u00a0chasseurs de cols\u00a0\u00bb sont attir\u00e9s par ce gibier d&rsquo;un genre sp\u00e9cial. Parmi les cols, il en est d&rsquo;encore plus particuliers, puisqu&rsquo;ils divisent les eaux en deux destinations finales tr\u00e8s \u00e9loign\u00e9es : ils sont situ\u00e9s sur une \u00ab\u00a0ligne de partage des eaux\u00a0\u00bb. Nous vous proposons une balade comportant 100 cols sur la ligne de partage des eaux Atlantique \/ M\u00e9diterran\u00e9e, de Cluny au Port de Pailh\u00e8res. Cent cols pour d\u00e9couvrir la diversit\u00e9 des massifs et r\u00e9gions travers\u00e9s par la ligne de partage des eaux, cent cols sur cet itin\u00e9raire serrant d&rsquo;au plus pr\u00e8s cette limite g\u00e9ographique remarquable.<\/p>\n\n\n\n<h2 class=\"wp-block-heading\">Contr\u00f4les<\/h2>\n\n\n\n<p>Sept contr\u00f4les sont obligatoires; ils seront effectu\u00e9s en des points de parcours choisis par le randonneur lui-m\u00eame, un contr\u00f4le \u00e9tant effectu\u00e9 dans chaque section (les num\u00e9ros de section sont \u00e0 reporter sur la carte de route).<\/p>\n\n\n\n<ol class=\"wp-block-list\">\n<li>Cluny &#8211; St Etienne<\/li>\n\n\n\n<li>St Etienne &#8211; Mont Gerbier de Jonc<\/li>\n\n\n\n<li>Mont Gerbier de Joncs &#8211; Mont Loz\u00e8re<\/li>\n\n\n\n<li>Mont Loz\u00e8re &#8211; Mont Aigoual<\/li>\n\n\n\n<li>Mont Aigoual &#8211; Ceilhes et Rocozels<\/li>\n\n\n\n<li>Ceilhes et Rocozels &#8211; Pic de Nore<\/li>\n\n\n\n<li>Pic de Nore &#8211; Port de Pailh\u00e8res<\/li>\n<\/ol>\n\n\n\n<h2 class=\"wp-block-heading\">Principaux cols<\/h2>\n\n\n\n<ul class=\"wp-block-list\">\n<li>Col de la Crie<\/li>\n\n\n\n<li>Col de la Croix Nicelle<\/li>\n\n\n\n<li>Col de la Croix de Chaubouret<\/li>\n\n\n\n<li>Col de la Croix des Bouti\u00e8res<\/li>\n\n\n\n<li>Col du Bez<\/li>\n\n\n\n<li>Col de Finiels<\/li>\n\n\n\n<li>Col de Prat Peirot<\/li>\n\n\n\n<li>Col des Usclat<\/li>\n\n\n\n<li>et, pour finir: le Port de Pailh\u00e8res \u00e0 2001m d&rsquo;altitude<\/li>\n<\/ul>\n\n\n\n<h2 class=\"wp-block-heading\">Sites BCN et BPF sur le parcours<\/h2>\n\n\n\n<ul class=\"wp-block-list\">\n<li>Col des Sauvages (69)<\/li>\n\n\n\n<li>Col du Grand Bois (42)<\/li>\n\n\n\n<li>Gerbier de Jonc (07)<\/li>\n\n\n\n<li>Loubaresse (07)<\/li>\n\n\n\n<li>Saint Agr\u00e8ve (07)<\/li>\n\n\n\n<li>Barre des C\u00e9vennes (48)<\/li>\n\n\n\n<li>Le Pont de Montvert (48)<\/li>\n\n\n\n<li>Le Mont Aigoual (30)<\/li>\n\n\n\n<li>Le Caylar (34)<\/li>\n\n\n\n<li>Fra\u00efsse sur Agout (34)<\/li>\n\n\n\n<li>La Fajolle (11)<\/li>\n<\/ul>\n\n\n\n<h2 class=\"wp-block-heading\">R\u00e8gle du jeu des randonn\u00e9es permanentes<\/h2>\n\n\n\n<p>Tout participant \u00e0 cette randonn\u00e9e permanente s&rsquo;engage \u00e0 respecter<a href=\"\/rdj-randonnees-permanentes\/\"> la r\u00e8gle du jeu<\/a> la r\u00e9gissant.<\/p>\n\n\n\n<h2 class=\"wp-block-heading\">Pour plus d&rsquo;information<\/h2>\n\n\n\n<h3 class=\"wp-block-heading\">S&rsquo;adresser au responsable des randonn\u00e9es permanentes<\/h3>\n\n\n\n<p>Jean-Marc CLEMENT<br>10 rue de Normandie<br>31120 Portet sur Garonne<br>FRANCE<\/p>\n\n\n\n<p>T\u00e9l : +33 (0)5 61 76 30 12<br>E-mail : [email]&#x72;&#x61;&#x6e;&#x64;&#x6f;&#x73;&#x40;&#x63;&#x65;&#x6e;&#x74;&#x63;&#x6f;&#x6c;&#x73;&#x2e;&#x6f;&#x72;&#x67; [\/email]<\/p>\n\n\n\n<h6 class=\"wp-block-heading\"><strong>Attention : Veuillez envoyer vos cartes de route \u00e0 homologuer ainsi que vos cartes postales et vos r\u00e9cits de voyage uniquement au responsable actuel, quoi que vous trouviez comme ancienne information (donc ne pas \u00e9crire \u00e0 Roger Colombo, Bernard Pommel, Jean-Marc Lef\u00e8vre ou Roland Grimaud \u2020).<\/strong><\/h6>\n","protected":false},"excerpt":{"rendered":"<p>Pr\u00e9sentation Circuit de 1 130 km comprenant 112 cols, 24 cols en option et un d\u00e9nivel\u00e9 d&rsquo;environ 23800 m. Cette randonn\u00e9e a \u00e9t\u00e9 trac\u00e9e par Bernard Pommel de la Confr\u00e9rie des Cent Cols (n\u00b0 3094). Parcours Bulletin d&rsquo;inscription Th\u00e8me Les \u00ab\u00a0chasseurs de cols\u00a0\u00bb sont attir\u00e9s par ce gibier d&rsquo;un genre sp\u00e9cial. Parmi les cols, il [&hellip;]<\/p>\n","protected":false},"author":3,"featured_media":80252,"comment_status":"open","ping_status":"open","sticky":false,"template":"","format":"standard","meta":{"_acf_changed":false,"footnotes":""},"categories":[184,185,176,163,161,189,155,162,145],"tags":[],"class_list":["post-80157","post","type-post","status-publish","format-standard","has-post-thumbnail","hentry","category-auvergne-rhone-alpes","category-bourgogne-franche-comte","category-route","category-prealpes","category-massif-central","category-occitanie","category-france","category-cevennes","category-randonnees-permanentes"],"acf":[],"yoast_head":"<!-- This site is optimized with the Yoast SEO plugin v27.2 - https:\/\/yoast.com\/product\/yoast-seo-wordpress\/ -->\n<title>Cent cols sur la Ligne de Partage des Eaux Atlantique-M\u00e9diterran\u00e9e - Club des Cent Cols<\/title>\n<meta name=\"robots\" content=\"index, follow, max-snippet:-1, max-image-preview:large, max-video-preview:-1\" \/>\n<link rel=\"canonical\" href=\"https:\/\/centcols.org\/en\/one-hundred-passes-on-the-atlantic-mediterranean-watershed\/\" \/>\n<meta property=\"og:locale\" content=\"en_GB\" \/>\n<meta property=\"og:type\" content=\"article\" \/>\n<meta property=\"og:title\" content=\"Cent cols sur la Ligne de Partage des Eaux Atlantique-M\u00e9diterran\u00e9e - Club des Cent Cols\" \/>\n<meta property=\"og:description\" content=\"Pr\u00e9sentation Circuit de 1 130 km comprenant 112 cols, 24 cols en option et un d\u00e9nivel\u00e9 d&rsquo;environ 23800 m. Cette randonn\u00e9e a \u00e9t\u00e9 trac\u00e9e par Bernard Pommel de la Confr\u00e9rie des Cent Cols (n\u00b0 3094). Parcours Bulletin d&rsquo;inscription Th\u00e8me Les \u00ab\u00a0chasseurs de cols\u00a0\u00bb sont attir\u00e9s par ce gibier d&rsquo;un genre sp\u00e9cial. Parmi les cols, il [&hellip;]\" \/>\n<meta property=\"og:url\" content=\"https:\/\/centcols.org\/en\/one-hundred-passes-on-the-atlantic-mediterranean-watershed\/\" \/>\n<meta property=\"og:site_name\" content=\"Club des Cent Cols\" \/>\n<meta property=\"article:publisher\" content=\"https:\/\/www.facebook.com\/groups\/5261880558\/?locale=fr_FR\" \/>\n<meta property=\"article:published_time\" content=\"2025-03-27T19:00:28+00:00\" \/>\n<meta property=\"article:modified_time\" content=\"2025-09-01T14:38:15+00:00\" \/>\n<meta property=\"og:image\" content=\"https:\/\/centcols.org\/wp-content\/uploads\/2025\/03\/lpe-chazottier-r.jpg\" \/>\n\t<meta property=\"og:image:width\" content=\"959\" \/>\n\t<meta property=\"og:image:height\" content=\"490\" \/>\n\t<meta property=\"og:image:type\" content=\"image\/jpeg\" \/>\n<meta name=\"author\" content=\"Webmestre\" \/>\n<meta name=\"twitter:card\" content=\"summary_large_image\" \/>\n<meta name=\"twitter:label1\" content=\"Written by\" \/>\n\t<meta name=\"twitter:data1\" content=\"Webmestre\" \/>\n\t<meta name=\"twitter:label2\" content=\"Estimated reading time\" \/>\n\t<meta name=\"twitter:data2\" content=\"3 minutes\" \/>\n<script type=\"application\/ld+json\" class=\"yoast-schema-graph\">{\"@context\":\"https:\/\/schema.org\",\"@graph\":[{\"@type\":\"Article\",\"@id\":\"https:\/\/centcols.org\/cent-cols-sur-la-ligne-de-partage-des-eaux-atlantique-mediterranee\/#article\",\"isPartOf\":{\"@id\":\"https:\/\/centcols.org\/cent-cols-sur-la-ligne-de-partage-des-eaux-atlantique-mediterranee\/\"},\"author\":{\"name\":\"Webmestre\",\"@id\":\"https:\/\/centcols.org\/#\/schema\/person\/911b404fb133d8c913dd27cdcf71c8e5\"},\"headline\":\"Cent cols sur la Ligne de Partage des Eaux Atlantique-M\u00e9diterran\u00e9e\",\"datePublished\":\"2025-03-27T19:00:28+00:00\",\"dateModified\":\"2025-09-01T14:38:15+00:00\",\"mainEntityOfPage\":{\"@id\":\"https:\/\/centcols.org\/cent-cols-sur-la-ligne-de-partage-des-eaux-atlantique-mediterranee\/\"},\"wordCount\":438,\"commentCount\":0,\"publisher\":{\"@id\":\"https:\/\/centcols.org\/#organization\"},\"image\":{\"@id\":\"https:\/\/centcols.org\/cent-cols-sur-la-ligne-de-partage-des-eaux-atlantique-mediterranee\/#primaryimage\"},\"thumbnailUrl\":\"https:\/\/centcols.org\/wp-content\/uploads\/2025\/03\/lpe-chazottier-r.jpg\",\"articleSection\":[\"Auvergne-Rh\u00f4ne-Alpes\",\"Bourgogne-Franche-Comt\u00e9\",\"Route\",\"Pr\u00e9alpes\",\"Massif Central\",\"Occitanie\",\"France\",\"C\u00e9vennes\",\"Randonn\u00e9es permanentes\"],\"inLanguage\":\"en-GB\",\"potentialAction\":[{\"@type\":\"CommentAction\",\"name\":\"Comment\",\"target\":[\"https:\/\/centcols.org\/cent-cols-sur-la-ligne-de-partage-des-eaux-atlantique-mediterranee\/#respond\"]}]},{\"@type\":\"WebPage\",\"@id\":\"https:\/\/centcols.org\/cent-cols-sur-la-ligne-de-partage-des-eaux-atlantique-mediterranee\/\",\"url\":\"https:\/\/centcols.org\/cent-cols-sur-la-ligne-de-partage-des-eaux-atlantique-mediterranee\/\",\"name\":\"Cent cols sur la Ligne de Partage des Eaux Atlantique-M\u00e9diterran\u00e9e - Club des Cent Cols\",\"isPartOf\":{\"@id\":\"https:\/\/centcols.org\/#website\"},\"primaryImageOfPage\":{\"@id\":\"https:\/\/centcols.org\/cent-cols-sur-la-ligne-de-partage-des-eaux-atlantique-mediterranee\/#primaryimage\"},\"image\":{\"@id\":\"https:\/\/centcols.org\/cent-cols-sur-la-ligne-de-partage-des-eaux-atlantique-mediterranee\/#primaryimage\"},\"thumbnailUrl\":\"https:\/\/centcols.org\/wp-content\/uploads\/2025\/03\/lpe-chazottier-r.jpg\",\"datePublished\":\"2025-03-27T19:00:28+00:00\",\"dateModified\":\"2025-09-01T14:38:15+00:00\",\"breadcrumb\":{\"@id\":\"https:\/\/centcols.org\/cent-cols-sur-la-ligne-de-partage-des-eaux-atlantique-mediterranee\/#breadcrumb\"},\"inLanguage\":\"en-GB\",\"potentialAction\":[{\"@type\":\"ReadAction\",\"target\":[\"https:\/\/centcols.org\/cent-cols-sur-la-ligne-de-partage-des-eaux-atlantique-mediterranee\/\"]}]},{\"@type\":\"ImageObject\",\"inLanguage\":\"en-GB\",\"@id\":\"https:\/\/centcols.org\/cent-cols-sur-la-ligne-de-partage-des-eaux-atlantique-mediterranee\/#primaryimage\",\"url\":\"https:\/\/centcols.org\/wp-content\/uploads\/2025\/03\/lpe-chazottier-r.jpg\",\"contentUrl\":\"https:\/\/centcols.org\/wp-content\/uploads\/2025\/03\/lpe-chazottier-r.jpg\",\"width\":959,\"height\":490},{\"@type\":\"BreadcrumbList\",\"@id\":\"https:\/\/centcols.org\/cent-cols-sur-la-ligne-de-partage-des-eaux-atlantique-mediterranee\/#breadcrumb\",\"itemListElement\":[{\"@type\":\"ListItem\",\"position\":1,\"name\":\"Accueil\",\"item\":\"https:\/\/centcols.org\/\"},{\"@type\":\"ListItem\",\"position\":2,\"name\":\"Randonn\u00e9es permanentes\",\"item\":\"https:\/\/centcols.org\/rubrique\/randonnees-permanentes\/\"},{\"@type\":\"ListItem\",\"position\":3,\"name\":\"Pays\",\"item\":\"https:\/\/centcols.org\/rubrique\/randonnees-permanentes\/pays\/\"},{\"@type\":\"ListItem\",\"position\":4,\"name\":\"France\",\"item\":\"https:\/\/centcols.org\/rubrique\/randonnees-permanentes\/pays\/france\/\"},{\"@type\":\"ListItem\",\"position\":5,\"name\":\"Cent cols sur la Ligne de Partage des Eaux Atlantique-M\u00e9diterran\u00e9e\"}]},{\"@type\":\"WebSite\",\"@id\":\"https:\/\/centcols.org\/#website\",\"url\":\"https:\/\/centcols.org\/\",\"name\":\"Club des Cent Cols\",\"description\":\"\",\"publisher\":{\"@id\":\"https:\/\/centcols.org\/#organization\"},\"potentialAction\":[{\"@type\":\"SearchAction\",\"target\":{\"@type\":\"EntryPoint\",\"urlTemplate\":\"https:\/\/centcols.org\/?s={search_term_string}\"},\"query-input\":{\"@type\":\"PropertyValueSpecification\",\"valueRequired\":true,\"valueName\":\"search_term_string\"}}],\"inLanguage\":\"en-GB\"},{\"@type\":\"Organization\",\"@id\":\"https:\/\/centcols.org\/#organization\",\"name\":\"Club des Cent Cols\",\"url\":\"https:\/\/centcols.org\/\",\"logo\":{\"@type\":\"ImageObject\",\"inLanguage\":\"en-GB\",\"@id\":\"https:\/\/centcols.org\/#\/schema\/logo\/image\/\",\"url\":\"https:\/\/centcols.org\/wp-content\/uploads\/2025\/01\/carte-icone.png\",\"contentUrl\":\"https:\/\/centcols.org\/wp-content\/uploads\/2025\/01\/carte-icone.png\",\"width\":250,\"height\":250,\"caption\":\"Club des Cent Cols\"},\"image\":{\"@id\":\"https:\/\/centcols.org\/#\/schema\/logo\/image\/\"},\"sameAs\":[\"https:\/\/www.facebook.com\/groups\/5261880558\/?locale=fr_FR\"]},{\"@type\":\"Person\",\"@id\":\"https:\/\/centcols.org\/#\/schema\/person\/911b404fb133d8c913dd27cdcf71c8e5\",\"name\":\"Webmestre\",\"image\":{\"@type\":\"ImageObject\",\"inLanguage\":\"en-GB\",\"@id\":\"https:\/\/centcols.org\/wp-content\/litespeed\/avatar\/2d246e4b6b4f773e08515e1ffc53690b.jpg?ver=1777222892\",\"url\":\"https:\/\/centcols.org\/wp-content\/litespeed\/avatar\/2d246e4b6b4f773e08515e1ffc53690b.jpg?ver=1777222892\",\"contentUrl\":\"https:\/\/centcols.org\/wp-content\/litespeed\/avatar\/2d246e4b6b4f773e08515e1ffc53690b.jpg?ver=1777222892\",\"caption\":\"Webmestre\"},\"url\":\"https:\/\/centcols.org\/en\/author\/webmestre\/\"}]}<\/script>\n<!-- \/ Yoast SEO plugin. -->","yoast_head_json":{"title":"One hundred passes on the Atlantic-Mediterranean watershed - Club des Cent Cols","robots":{"index":"index","follow":"follow","max-snippet":"max-snippet:-1","max-image-preview":"max-image-preview:large","max-video-preview":"max-video-preview:-1"},"canonical":"https:\/\/centcols.org\/en\/one-hundred-passes-on-the-atlantic-mediterranean-watershed\/","og_locale":"en_GB","og_type":"article","og_title":"Cent cols sur la Ligne de Partage des Eaux Atlantique-M\u00e9diterran\u00e9e - Club des Cent Cols","og_description":"Pr\u00e9sentation Circuit de 1 130 km comprenant 112 cols, 24 cols en option et un d\u00e9nivel\u00e9 d&rsquo;environ 23800 m. Cette randonn\u00e9e a \u00e9t\u00e9 trac\u00e9e par Bernard Pommel de la Confr\u00e9rie des Cent Cols (n\u00b0 3094). Parcours Bulletin d&rsquo;inscription Th\u00e8me Les \u00ab\u00a0chasseurs de cols\u00a0\u00bb sont attir\u00e9s par ce gibier d&rsquo;un genre sp\u00e9cial. Parmi les cols, il [&hellip;]","og_url":"https:\/\/centcols.org\/en\/one-hundred-passes-on-the-atlantic-mediterranean-watershed\/","og_site_name":"Club des Cent Cols","article_publisher":"https:\/\/www.facebook.com\/groups\/5261880558\/?locale=fr_FR","article_published_time":"2025-03-27T19:00:28+00:00","article_modified_time":"2025-09-01T14:38:15+00:00","og_image":[{"width":959,"height":490,"url":"https:\/\/centcols.org\/wp-content\/uploads\/2025\/03\/lpe-chazottier-r.jpg","type":"image\/jpeg"}],"author":"Webmestre","twitter_card":"summary_large_image","twitter_misc":{"Written by":"Webmestre","Estimated reading time":"3 minutes"},"schema":{"@context":"https:\/\/schema.org","@graph":[{"@type":"Article","@id":"https:\/\/centcols.org\/cent-cols-sur-la-ligne-de-partage-des-eaux-atlantique-mediterranee\/#article","isPartOf":{"@id":"https:\/\/centcols.org\/cent-cols-sur-la-ligne-de-partage-des-eaux-atlantique-mediterranee\/"},"author":{"name":"Webmestre","@id":"https:\/\/centcols.org\/#\/schema\/person\/911b404fb133d8c913dd27cdcf71c8e5"},"headline":"Cent cols sur la Ligne de Partage des Eaux Atlantique-M\u00e9diterran\u00e9e","datePublished":"2025-03-27T19:00:28+00:00","dateModified":"2025-09-01T14:38:15+00:00","mainEntityOfPage":{"@id":"https:\/\/centcols.org\/cent-cols-sur-la-ligne-de-partage-des-eaux-atlantique-mediterranee\/"},"wordCount":438,"commentCount":0,"publisher":{"@id":"https:\/\/centcols.org\/#organization"},"image":{"@id":"https:\/\/centcols.org\/cent-cols-sur-la-ligne-de-partage-des-eaux-atlantique-mediterranee\/#primaryimage"},"thumbnailUrl":"https:\/\/centcols.org\/wp-content\/uploads\/2025\/03\/lpe-chazottier-r.jpg","articleSection":["Auvergne-Rh\u00f4ne-Alpes","Bourgogne-Franche-Comt\u00e9","Route","Pr\u00e9alpes","Massif Central","Occitanie","France","C\u00e9vennes","Randonn\u00e9es permanentes"],"inLanguage":"en-GB","potentialAction":[{"@type":"CommentAction","name":"Comment","target":["https:\/\/centcols.org\/cent-cols-sur-la-ligne-de-partage-des-eaux-atlantique-mediterranee\/#respond"]}]},{"@type":"WebPage","@id":"https:\/\/centcols.org\/cent-cols-sur-la-ligne-de-partage-des-eaux-atlantique-mediterranee\/","url":"https:\/\/centcols.org\/cent-cols-sur-la-ligne-de-partage-des-eaux-atlantique-mediterranee\/","name":"One hundred passes on the Atlantic-Mediterranean watershed - Club des Cent Cols","isPartOf":{"@id":"https:\/\/centcols.org\/#website"},"primaryImageOfPage":{"@id":"https:\/\/centcols.org\/cent-cols-sur-la-ligne-de-partage-des-eaux-atlantique-mediterranee\/#primaryimage"},"image":{"@id":"https:\/\/centcols.org\/cent-cols-sur-la-ligne-de-partage-des-eaux-atlantique-mediterranee\/#primaryimage"},"thumbnailUrl":"https:\/\/centcols.org\/wp-content\/uploads\/2025\/03\/lpe-chazottier-r.jpg","datePublished":"2025-03-27T19:00:28+00:00","dateModified":"2025-09-01T14:38:15+00:00","breadcrumb":{"@id":"https:\/\/centcols.org\/cent-cols-sur-la-ligne-de-partage-des-eaux-atlantique-mediterranee\/#breadcrumb"},"inLanguage":"en-GB","potentialAction":[{"@type":"ReadAction","target":["https:\/\/centcols.org\/cent-cols-sur-la-ligne-de-partage-des-eaux-atlantique-mediterranee\/"]}]},{"@type":"ImageObject","inLanguage":"en-GB","@id":"https:\/\/centcols.org\/cent-cols-sur-la-ligne-de-partage-des-eaux-atlantique-mediterranee\/#primaryimage","url":"https:\/\/centcols.org\/wp-content\/uploads\/2025\/03\/lpe-chazottier-r.jpg","contentUrl":"https:\/\/centcols.org\/wp-content\/uploads\/2025\/03\/lpe-chazottier-r.jpg","width":959,"height":490},{"@type":"BreadcrumbList","@id":"https:\/\/centcols.org\/cent-cols-sur-la-ligne-de-partage-des-eaux-atlantique-mediterranee\/#breadcrumb","itemListElement":[{"@type":"ListItem","position":1,"name":"Accueil","item":"https:\/\/centcols.org\/"},{"@type":"ListItem","position":2,"name":"Randonn\u00e9es permanentes","item":"https:\/\/centcols.org\/rubrique\/randonnees-permanentes\/"},{"@type":"ListItem","position":3,"name":"Pays","item":"https:\/\/centcols.org\/rubrique\/randonnees-permanentes\/pays\/"},{"@type":"ListItem","position":4,"name":"France","item":"https:\/\/centcols.org\/rubrique\/randonnees-permanentes\/pays\/france\/"},{"@type":"ListItem","position":5,"name":"Cent cols sur la Ligne de Partage des Eaux Atlantique-M\u00e9diterran\u00e9e"}]},{"@type":"WebSite","@id":"https:\/\/centcols.org\/#website","url":"https:\/\/centcols.org\/","name":"Club des Cent Cols","description":"","publisher":{"@id":"https:\/\/centcols.org\/#organization"},"potentialAction":[{"@type":"SearchAction","target":{"@type":"EntryPoint","urlTemplate":"https:\/\/centcols.org\/?s={search_term_string}"},"query-input":{"@type":"PropertyValueSpecification","valueRequired":true,"valueName":"search_term_string"}}],"inLanguage":"en-GB"},{"@type":"Organization","@id":"https:\/\/centcols.org\/#organization","name":"Club des Cent Cols","url":"https:\/\/centcols.org\/","logo":{"@type":"ImageObject","inLanguage":"en-GB","@id":"https:\/\/centcols.org\/#\/schema\/logo\/image\/","url":"https:\/\/centcols.org\/wp-content\/uploads\/2025\/01\/carte-icone.png","contentUrl":"https:\/\/centcols.org\/wp-content\/uploads\/2025\/01\/carte-icone.png","width":250,"height":250,"caption":"Club des Cent Cols"},"image":{"@id":"https:\/\/centcols.org\/#\/schema\/logo\/image\/"},"sameAs":["https:\/\/www.facebook.com\/groups\/5261880558\/?locale=fr_FR"]},{"@type":"Person","@id":"https:\/\/centcols.org\/#\/schema\/person\/911b404fb133d8c913dd27cdcf71c8e5","name":"Webmaster","image":{"@type":"ImageObject","inLanguage":"en-GB","@id":"https:\/\/centcols.org\/wp-content\/litespeed\/avatar\/2d246e4b6b4f773e08515e1ffc53690b.jpg?ver=1777222892","url":"https:\/\/centcols.org\/wp-content\/litespeed\/avatar\/2d246e4b6b4f773e08515e1ffc53690b.jpg?ver=1777222892","contentUrl":"https:\/\/centcols.org\/wp-content\/litespeed\/avatar\/2d246e4b6b4f773e08515e1ffc53690b.jpg?ver=1777222892","caption":"Webmestre"},"url":"https:\/\/centcols.org\/en\/author\/webmestre\/"}]}},"_links":{"self":[{"href":"https:\/\/centcols.org\/en\/wp-json\/wp\/v2\/posts\/80157","targetHints":{"allow":["GET"]}}],"collection":[{"href":"https:\/\/centcols.org\/en\/wp-json\/wp\/v2\/posts"}],"about":[{"href":"https:\/\/centcols.org\/en\/wp-json\/wp\/v2\/types\/post"}],"author":[{"embeddable":true,"href":"https:\/\/centcols.org\/en\/wp-json\/wp\/v2\/users\/3"}],"replies":[{"embeddable":true,"href":"https:\/\/centcols.org\/en\/wp-json\/wp\/v2\/comments?post=80157"}],"version-history":[{"count":0,"href":"https:\/\/centcols.org\/en\/wp-json\/wp\/v2\/posts\/80157\/revisions"}],"wp:featuredmedia":[{"embeddable":true,"href":"https:\/\/centcols.org\/en\/wp-json\/wp\/v2\/media\/80252"}],"wp:attachment":[{"href":"https:\/\/centcols.org\/en\/wp-json\/wp\/v2\/media?parent=80157"}],"wp:term":[{"taxonomy":"category","embeddable":true,"href":"https:\/\/centcols.org\/en\/wp-json\/wp\/v2\/categories?post=80157"},{"taxonomy":"post_tag","embeddable":true,"href":"https:\/\/centcols.org\/en\/wp-json\/wp\/v2\/tags?post=80157"}],"curies":[{"name":"wp","href":"https:\/\/api.w.org\/{rel}","templated":true}]}}