{"id":80516,"date":"2012-04-23T10:11:11","date_gmt":"2012-04-23T08:11:11","guid":{"rendered":"https:\/\/centcols.org\/concentration-internationale-et-40eme-anniversaire-de-la-confrerie-au-col-de-plainpalais-le-4-aout-rassemblement-a-lescheraines-73-du-29-juillet-au-5-aout-2012\/"},"modified":"2025-09-02T09:43:27","modified_gmt":"2025-09-02T07:43:27","slug":"stay-2012-lescheraines","status":"publish","type":"post","link":"https:\/\/centcols.org\/en\/sejour-2012-lescheraines\/","title":{"rendered":"International concentration and 40th anniversary of the Confr\u00e9rie at Col de Plainpalais on 4 August Gathering at Lescheraines (73) from 29 July to 5 August 2012"},"content":{"rendered":"<h2 class=\"wp-block-heading\">The videos<\/h2>\n\n\n\n<p><a class=\"iframe-fancybox\" title=\"video of the event\" href=\"https:\/\/www.youtube.com\/watch?v=0LwGBLENvqs&amp;feature=youtu.be\" target=\"_blank\" rel=\"noopener\">See the short version (12\u2032)<\/a><\/p>\n\n\n\n<p><a class=\"iframe-fancybox\" title=\"video of the event\" href=\"https:\/\/www.youtube.com\/watch?v=l5lfqbRaV5o\" target=\"_blank\" rel=\"noopener\">See the long version (33\u2032)<\/a><\/p>\n\n\n\n<h2 class=\"wp-block-heading\">The photos<\/h2>\n\n\n\n<p><a href=\"#album\">See the albums at the bottom of the page<\/a><\/p>\n\n\n\n<h2 class=\"wp-block-heading\">Presentation<\/h2>\n\n\n\n<p>The Bauges massif, located in Savoie and Haute-Savoie in the birthplace of the Club des Cent Cols, will welcome us this summer.<\/p>\n\n\n\n<p>A presentation of the tours will be available at a later date on the website and in the annual review.<\/p>\n\n\n\n<p>This meeting will be a bit special, as we will be celebrating the fortieth anniversary of the Club des Cent Cols with dignity (before celebrating again at the Annual General Meeting in Annecy on December 1). A festive meal is planned for 4 August after the meeting.<\/p>\n\n\n\n<p>Following a situation beyond our control (unavailable accommodation), the Club apologises to our members who would have preferred a meeting earlier in July or further away from the date of the federal week.<\/p>\n\n\n\n<h2 class=\"wp-block-heading\">Brochure and slideshow<\/h2>\n\n\n\n<p>You can now download <a href=\"https:\/\/centcols.org\/wp-content\/uploads\/2025\/09\/plaquette_A5.pdf\" target=\"_blank\" rel=\"noreferrer noopener\">the holiday brochure<\/a> (1.7 Mio) which will be distributed to each participant thanks to the financial participation of the tourism agency for the two Savoie regions, Savoie Mont Blanc Tourisme. This brochure is in A5 format, with 2 A5 portrait pages on an A4 sheet to be printed in landscape orientation on both sides and folded in the centre. To read the brochure online, use this link <a href=\"https:\/\/centcols.org\/wp-content\/uploads\/2025\/09\/plaquette_A4_seq.pdf\" target=\"_blank\" rel=\"noreferrer noopener\">A4 version<\/a> (one page per sheet) (1.8 Mio).<\/p>\n\n\n\n<p>To discover the Bauges and the Chartreuse before you set down your wheels, try this <a class=\"iframe-fancybox\" title=\"Bauges and Chartreuse\" href=\"https:\/\/centcols.org\/en\/util\/visuAlbum.php\/?album=3225-7\" target=\"_blank\" rel=\"noopener\">slideshow<\/a> by R\u00e9gis Paraz.<\/p>\n\n\n\n<h2 class=\"wp-block-heading\">Accommodation and registration<\/h2>\n\n\n\n<p>To ensure maximum capacity, two types of accommodation will be offered on the same site:<\/p>\n\n\n\n<p>To ensure maximum capacity, two types of accommodation will be offered on the same site:<\/p>\n\n\n\n<ul class=\"wp-block-list\">\n<li>Eau Vive\" holiday centre, from Sunday 29 July to Sunday 5 August (<a href=\"https:\/\/www.ternelia-lm.com\/hotel\/eau-vive\/\" target=\"_blank\" rel=\"noreferrer noopener\">http:\/\/bauges-l-eau-vive.ternelia.com<\/a>) The holiday centre is fully booked.<\/li>\n\n\n\n<li>The mobile homes at the campsite, available to us from Saturday 28 July to Saturday 4 August (to comply with the Saturday-to-Saturday rental rule and not to interfere with the following week's rentals) (<a title=\"The Ch\u00e9ran Islands\" href=\"http:\/\/www.savoie-camping.com\/\" target=\"_blank\" rel=\"noopener\">http:\/\/www.savoie-camping.com<\/a>). The mobile homes are fully booked.<\/li>\n<\/ul>\n\n\n\n<p>The two accommodations are located side by side on the \"Les Iles du Ch\u00e9ran\" leisure park. We have therefore reserved all the available places (80) at the \"Eau Vive\" centre on the banks of the Lescheraines lake and the 12 comfortable mobile homes at the municipal campsite adjacent to \"Eau Vive\".<\/p>\n\n\n\n<p>Accommodation at l'Eau Vive will be in rooms of 2 or 3 (no single rooms available) and each mobile home will sleep 3 people (2 bedrooms and a living room with a convertible bed can accommodate one person per room) or 4 if there is a family.<\/p>\n\n\n\n<p>See map : <a title=\"The Ch\u00e9ran Islands\" href=\"http:\/\/www.savoie-camping.com\/fr\/locations\/mobilhome.html\" target=\"_blank\" rel=\"noopener\">http:\/\/www.savoie-camping.com\/fr\/locations\/mobilhome.html<\/a><\/p>\n\n\n\n<p>Meals will be served at Eau Vive for all.<br>For those wishing to use the mobile homes, board (meals and breakfast) will start on 28 July and a tour will be available on the 29th. <\/p>\n\n\n\n<p>Please note: The mobile homes and the holiday centre are fully booked and no longer available. However, you can still book the festive meal or meals. It is imperative that the last reservations reach the person in charge by Wednesday 11 July at the latest. Please only complete the meal section of the registration form.<\/p>\n\n\n\n<p>The cost of board will be the same whether you stay at the centre or in a mobile home. This accommodation is just as comfortable as that offered at \"l'Eau Vive\", and just as friendly, as the campsite is next to the centre and many other members will be taking part in the camping trip.<\/p>\n\n\n\n<p>Registration for accommodation at the l'Eau Vive centre has been open since the magazine was sent out. Registrations will be processed on a first-come, first-served basis, as evidenced by the postmark. A waiting list will be set up if necessary.<\/p>\n\n\n\n<p>For members not taking part in the holiday, don't delay in registering for the festive meal on 4 August (use the holiday registration form and fill in only this section). You can do so now, before the magazine is published, by sending in the \"Mobile Homes\" registration form linked above.<br>Access to the dead-end road leading to the \"Les Iles du Ch\u00e9ran\" leisure centre<br>Note from the Board of Directors: If you are arranging accommodation elsewhere than at the \"l'Eau Vive\" centre or in the mobile homes, please let us know that you will be attending the event, for 3 main reasons:<\/p>\n\n\n\n<p>On the one hand, because if 15 or 20 people are added without our being informed, we won't be able to properly size the welcome and farewell drinks (no, it's not vital, but we're concerned to welcome all the participants properly and we're bound to be criticised even for this type of festivity) or the size of a room for conferences...<br>On the other hand, because the number of cyclists increases and, as was the case at Ripoll, the total number of participants may lead us to divide them into several groups for your safety on the road and better navigation on the mountain bike,<br>And lastly, because the preparation of such a gathering represents a major investment for the organisers, who will have more peace of mind if they can accurately assess all the participants.<\/p>\n\n\n\n<h2 class=\"wp-block-heading\">Programme details<\/h2>\n\n\n\n<p>The list of all <a href=\"\/en\/membres\/cctours\/tours.php\/?lieu=Lescheraines&amp;an=2012\">circuits<\/a> is available, as well as separate lists for <a href=\"\/en\/membres\/cctours\/tours.php\/?lieu=Lescheraines&amp;an=2012&amp;genre=R\">road routes<\/a> and <a href=\"\/en\/membres\/cctours\/tours.php\/?lieu=Lescheraines&amp;an=2012&amp;genre=V\">mountain bike trails<\/a>. From these lists, interactive maps, route sheets and altitude profiles are also available for each route.<\/p>\n\n\n\n<p>For those who use GPS or mapping software on their computer, the <a class=\"iframe-fancybox\" title=\"geolocation\" href=\"\/en\/membres\/cctours\/tours.php\/?lieu=Lescheraines&amp;an=2012\" target=\"_blank\" rel=\"noopener\">geolocation files<\/a> can be downloaded. Depending on the weather, dates may be changed at short notice.<\/p>\n\n\n\n<h2 class=\"wp-block-heading\">Introduction to the Bauges massif<\/h2>\n\n\n\n<p>by Annabelle POTY (3663)<\/p>\n\n\n\n<p>The Bauges massif is one of the pre-alpine massifs along with the Bornes, Chartreuse and Vercors. It is undoubtedly the least well-known of them all. At its foot are the towns of Chamb\u00e9ry, Aix-les-Bains, Annecy, Albertville and the natural lakes of Le Bourget and Annecy. It straddles the Savoie and Haute Savoie regions.<\/p>\n\n\n\n<p>Topographically, the heart of the massif is well defined, notably by the Leschaux, Ch\u00e9rel, Fr\u00eane, Pr\u00e9s and Plainpalais passes. It is drained by the torrential Ch\u00e9ran, which flows out of the massif through a cluse between the Semnoz and the Bange mountain to join the Fier in the Albanais plain.<\/p>\n\n\n\n<p>In 1996, the massif was recognised as a Regional Nature Park (64 communes). Preservation of the flora and fauna is a long-standing commitment, as a national game and wildlife reserve has existed since 1955. This was designed in particular to protect the chamois. Today, the black grouse and the Venus hoof are also emblematic of the Bauges. The wolf is also present. (Certain parts of the reserve are strictly forbidden to traffic, even on foot. See mapped regulations available from the Maison du Parc in Le Ch\u00e2telard).<\/p>\n\n\n\n<p>Perhaps because of its average altitude (max. 2217 m) and difficult access, this is an area that has remained untouched by the major tourist developments in the Alps. As a result, the Bauges massif is particularly well preserved. Tourism here is \"gentle\". There are no imposing ski resorts, but rather snow stadiums with little or no tourist accommodation (Marg\u00e9riaz, Semnoz). The Revard is best known for its cross-country skiing. In summer, the main activities are hiking, cycling, fishing and hang-gliding.<\/p>\n\n\n\n<p>The Baujue identity is strongest in the canton of Le Ch\u00e2telard through its built heritage. When the monks settled in the Bauges in the 11th and 12th centuries, they shaped the landscape and left some of the most imposing monuments, such as the Benedictine priory at Bellevaux and the Charterhouse at Aillon. The latter is home to the Park's heritage centre. Discover the tavalans, typical architectural elements that make up the Baujues barns or, in the Comp\u00f4te valley, the line of barns.<\/p>\n\n\n\n<p>Today, tourism, agriculture and forestry are the main resources. Farms are mainly focused on dairy farming. This production is promoted by an AOC Tome des Bauges (not Tomme de Savoie). The Aillons cheese dairy organises visits to its production facilities.<\/p>\n\n\n\n<p>The latest news from the massif is that it has been awarded the UNESCO \"Geopark\" label. The Bauges is now France's 3rd Geopark out of 87 worldwide, including 49 in Europe. This label highlights the richness of the region's emblematic geological heritage, including the Arclusaz, a highly aesthetic perched syncline. Less well known because less visible, the subsoil represents a precious resource both for the water it stores and for the development of tourism. The Revard karst contains the longest and largest caves in Savoie.<\/p>\n\n\n\n<p>To celebrate its fortieth anniversary, the club invites you to explore a region rich in mountain passes, in an unspoilt environment with varied landscapes.<\/p>\n\n\n\n<h2 class=\"wp-block-heading\"><a id=\"album\"><\/a>Photo albums<\/h2>\n\n\n\n<figure class=\"wp-block-gallery has-nested-images columns-4 is-cropped wp-block-gallery-1 is-layout-flex wp-block-gallery-is-layout-flex\">\n<figure class=\"wp-block-image size-full\"><a href=\"https:\/\/centcols.org\/en\/util\/visuAlbum.php\/?album=06785-001\" target=\"_blank\" rel=\"noreferrer noopener\"><img loading=\"lazy\" decoding=\"async\" width=\"1200\" height=\"900\" data-id=\"88862\" src=\"https:\/\/centcols.org\/wp-content\/uploads\/2012\/04\/L04117-1.jpg\" alt=\"\" class=\"wp-image-88862\" srcset=\"https:\/\/centcols.org\/wp-content\/uploads\/2012\/04\/L04117-1.jpg 1200w, https:\/\/centcols.org\/wp-content\/uploads\/2012\/04\/L04117-1-768x576.jpg 768w\" sizes=\"auto, (max-width: 1200px) 100vw, 1200px\" \/><\/a><figcaption class=\"wp-element-caption\">Album by Max Tissot<\/figcaption><\/figure>\n\n\n\n<figure class=\"wp-block-image size-full\"><a href=\"https:\/\/centcols.org\/en\/util\/visuAlbum.php\/?album=05650-009\" target=\"_blank\" rel=\"noreferrer noopener\"><img loading=\"lazy\" decoding=\"async\" width=\"1200\" height=\"900\" data-id=\"88864\" src=\"https:\/\/centcols.org\/wp-content\/uploads\/2012\/04\/L0921.jpg\" alt=\"\" class=\"wp-image-88864\" srcset=\"https:\/\/centcols.org\/wp-content\/uploads\/2012\/04\/L0921.jpg 1200w, https:\/\/centcols.org\/wp-content\/uploads\/2012\/04\/L0921-768x576.jpg 768w\" sizes=\"auto, (max-width: 1200px) 100vw, 1200px\" \/><\/a><figcaption class=\"wp-element-caption\">Alf\u00e9o Lotto album<\/figcaption><\/figure>\n\n\n\n<figure class=\"wp-block-image size-full\"><a href=\"https:\/\/centcols.org\/en\/util\/visuAlbum.php\/?album=4889-1\" target=\"_blank\" rel=\"noreferrer noopener\"><img loading=\"lazy\" decoding=\"async\" width=\"1200\" height=\"900\" data-id=\"88865\" src=\"https:\/\/centcols.org\/wp-content\/uploads\/2012\/04\/L01814.jpg\" alt=\"\" class=\"wp-image-88865\" srcset=\"https:\/\/centcols.org\/wp-content\/uploads\/2012\/04\/L01814.jpg 1200w, https:\/\/centcols.org\/wp-content\/uploads\/2012\/04\/L01814-768x576.jpg 768w\" sizes=\"auto, (max-width: 1200px) 100vw, 1200px\" \/><\/a><figcaption class=\"wp-element-caption\">Album by Mario Labelle<\/figcaption><\/figure>\n\n\n\n<figure class=\"wp-block-image size-full\"><a href=\"https:\/\/centcols.org\/en\/util\/visuAlbum.php\/?album=3662-1\" target=\"_blank\" rel=\"noreferrer noopener\"><img loading=\"lazy\" decoding=\"async\" width=\"1200\" height=\"888\" data-id=\"88867\" src=\"https:\/\/centcols.org\/wp-content\/uploads\/2012\/04\/L00115.jpg\" alt=\"\" class=\"wp-image-88867\" srcset=\"https:\/\/centcols.org\/wp-content\/uploads\/2012\/04\/L00115.jpg 1200w, https:\/\/centcols.org\/wp-content\/uploads\/2012\/04\/L00115-768x568.jpg 768w\" sizes=\"auto, (max-width: 1200px) 100vw, 1200px\" \/><\/a><figcaption class=\"wp-element-caption\">Album by Jacques Collaudin<\/figcaption><\/figure>\n\n\n\n<figure class=\"wp-block-image size-full\"><a href=\"https:\/\/centcols.org\/en\/util\/visuAlbum.php\/?album=6028-7\" target=\"_blank\" rel=\"noreferrer noopener\"><img loading=\"lazy\" decoding=\"async\" width=\"1024\" height=\"576\" data-id=\"88869\" src=\"https:\/\/centcols.org\/wp-content\/uploads\/2012\/04\/L0765.jpg\" alt=\"\" class=\"wp-image-88869\" srcset=\"https:\/\/centcols.org\/wp-content\/uploads\/2012\/04\/L0765.jpg 1024w, https:\/\/centcols.org\/wp-content\/uploads\/2012\/04\/L0765-768x432.jpg 768w\" sizes=\"auto, (max-width: 1024px) 100vw, 1024px\" \/><\/a><figcaption class=\"wp-element-caption\">Village of la Comp\u00f4te<\/figcaption><\/figure>\n\n\n\n<figure class=\"wp-block-image size-full\"><a href=\"https:\/\/centcols.org\/en\/util\/visuAlbum.php\/?album=00289-002\" target=\"_blank\" rel=\"noreferrer noopener\"><img loading=\"lazy\" decoding=\"async\" width=\"1200\" height=\"900\" data-id=\"88870\" src=\"https:\/\/centcols.org\/wp-content\/uploads\/2012\/04\/L02925.jpg\" alt=\"\" class=\"wp-image-88870\" srcset=\"https:\/\/centcols.org\/wp-content\/uploads\/2012\/04\/L02925.jpg 1200w, https:\/\/centcols.org\/wp-content\/uploads\/2012\/04\/L02925-768x576.jpg 768w\" sizes=\"auto, (max-width: 1200px) 100vw, 1200px\" \/><\/a><figcaption class=\"wp-element-caption\">Album by Marc Liaudon<\/figcaption><\/figure>\n\n\n\n<figure class=\"wp-block-image size-full\"><a href=\"https:\/\/centcols.org\/en\/util\/visuAlbum.php\/?album=5065-1\" target=\"_blank\" rel=\"noreferrer noopener\"><img loading=\"lazy\" decoding=\"async\" width=\"1094\" height=\"821\" data-id=\"88872\" src=\"https:\/\/centcols.org\/wp-content\/uploads\/2012\/04\/L01614.jpg\" alt=\"\" class=\"wp-image-88872\" srcset=\"https:\/\/centcols.org\/wp-content\/uploads\/2012\/04\/L01614.jpg 1094w, https:\/\/centcols.org\/wp-content\/uploads\/2012\/04\/L01614-768x576.jpg 768w\" sizes=\"auto, (max-width: 1094px) 100vw, 1094px\" \/><\/a><figcaption class=\"wp-element-caption\">Album by Enrico Alberini<\/figcaption><\/figure>\n\n\n\n<figure class=\"wp-block-image size-full\"><a href=\"https:\/\/centcols.org\/en\/util\/visuAlbum.php\/?album=3693-3\" target=\"_blank\" rel=\"noreferrer noopener\"><img loading=\"lazy\" decoding=\"async\" width=\"1200\" height=\"900\" data-id=\"88873\" src=\"https:\/\/centcols.org\/wp-content\/uploads\/2012\/04\/L01931.jpg\" alt=\"\" class=\"wp-image-88873\" srcset=\"https:\/\/centcols.org\/wp-content\/uploads\/2012\/04\/L01931.jpg 1200w, https:\/\/centcols.org\/wp-content\/uploads\/2012\/04\/L01931-768x576.jpg 768w\" sizes=\"auto, (max-width: 1200px) 100vw, 1200px\" \/><\/a><figcaption class=\"wp-element-caption\">Album by Alain Brault<\/figcaption><\/figure>\n\n\n\n<figure class=\"wp-block-image size-full\"><a href=\"https:\/\/centcols.org\/en\/util\/visuAlbum.php\/?album=03092-006\" target=\"_blank\" rel=\"noreferrer noopener\"><img loading=\"lazy\" decoding=\"async\" width=\"1200\" height=\"900\" data-id=\"88875\" src=\"https:\/\/centcols.org\/wp-content\/uploads\/2012\/04\/L00615.jpg\" alt=\"\" class=\"wp-image-88875\" srcset=\"https:\/\/centcols.org\/wp-content\/uploads\/2012\/04\/L00615.jpg 1200w, https:\/\/centcols.org\/wp-content\/uploads\/2012\/04\/L00615-768x576.jpg 768w\" sizes=\"auto, (max-width: 1200px) 100vw, 1200px\" \/><\/a><figcaption class=\"wp-element-caption\">Album by Philippe Carrez<\/figcaption><\/figure>\n\n\n\n<figure class=\"wp-block-image size-full\"><a href=\"https:\/\/centcols.org\/en\/util\/visuAlbum.php\/?album=03848-003\" target=\"_blank\" rel=\"noreferrer noopener\"><img loading=\"lazy\" decoding=\"async\" width=\"1200\" height=\"900\" data-id=\"88876\" src=\"https:\/\/centcols.org\/wp-content\/uploads\/2012\/04\/L03922.jpg\" alt=\"\" class=\"wp-image-88876\" srcset=\"https:\/\/centcols.org\/wp-content\/uploads\/2012\/04\/L03922.jpg 1200w, https:\/\/centcols.org\/wp-content\/uploads\/2012\/04\/L03922-768x576.jpg 768w\" sizes=\"auto, (max-width: 1200px) 100vw, 1200px\" \/><\/a><figcaption class=\"wp-element-caption\">Album by Michel Boni<\/figcaption><\/figure>\n\n\n\n<figure class=\"wp-block-image size-full\"><a href=\"https:\/\/centcols.org\/en\/util\/visuAlbum.php\/?album=02880-006\" target=\"_blank\" rel=\"noreferrer noopener\"><img loading=\"lazy\" decoding=\"async\" width=\"1095\" height=\"1200\" data-id=\"88878\" src=\"https:\/\/centcols.org\/wp-content\/uploads\/2012\/04\/L02314-1095x1200-1.jpg\" alt=\"\" class=\"wp-image-88878\" srcset=\"https:\/\/centcols.org\/wp-content\/uploads\/2012\/04\/L02314-1095x1200-1.jpg 1095w, https:\/\/centcols.org\/wp-content\/uploads\/2012\/04\/L02314-1095x1200-1-768x842.jpg 768w\" sizes=\"auto, (max-width: 1095px) 100vw, 1095px\" \/><\/a><figcaption class=\"wp-element-caption\">Album by Guy Garcin<\/figcaption><\/figure>\n\n\n\n<figure class=\"wp-block-image size-full\"><a href=\"https:\/\/centcols.org\/les_rendez-vous\/2012\/Lescheraines\/H-Becker\/ph_lescheraines.htm\" target=\"_blank\" rel=\"noreferrer noopener\"><img loading=\"lazy\" decoding=\"async\" width=\"640\" height=\"426\" data-id=\"88879\" src=\"https:\/\/centcols.org\/wp-content\/uploads\/2012\/04\/Lescheraines.jpg\" alt=\"\" class=\"wp-image-88879\"\/><\/a><figcaption class=\"wp-element-caption\">Album by Hubert Becker<\/figcaption><\/figure>\n\n\n\n<figure class=\"wp-block-image size-full\"><a href=\"https:\/\/centcols.org\/en\/util\/visuAlbum.php\/?album=814-100\" target=\"_blank\" rel=\"noreferrer noopener\"><img loading=\"lazy\" decoding=\"async\" width=\"1500\" height=\"1125\" data-id=\"88881\" src=\"https:\/\/centcols.org\/wp-content\/uploads\/2012\/04\/L1701.jpg\" alt=\"\" class=\"wp-image-88881\" srcset=\"https:\/\/centcols.org\/wp-content\/uploads\/2012\/04\/L1701.jpg 1500w, https:\/\/centcols.org\/wp-content\/uploads\/2012\/04\/L1701-1200x900.jpg 1200w, https:\/\/centcols.org\/wp-content\/uploads\/2012\/04\/L1701-768x576.jpg 768w\" sizes=\"auto, (max-width: 1500px) 100vw, 1500px\" \/><\/a><figcaption class=\"wp-element-caption\">Album by Andr\u00e9 Rudaz<\/figcaption><\/figure>\n\n\n\n<figure class=\"wp-block-image size-full\"><a href=\"https:\/\/centcols.org\/en\/util\/visuAlbum.php\/?album=00396-002\" target=\"_blank\" rel=\"noreferrer noopener\"><img loading=\"lazy\" decoding=\"async\" width=\"1024\" height=\"768\" data-id=\"88882\" src=\"https:\/\/centcols.org\/wp-content\/uploads\/2012\/04\/L01033.jpg\" alt=\"\" class=\"wp-image-88882\" srcset=\"https:\/\/centcols.org\/wp-content\/uploads\/2012\/04\/L01033.jpg 1024w, https:\/\/centcols.org\/wp-content\/uploads\/2012\/04\/L01033-768x576.jpg 768w\" sizes=\"auto, (max-width: 1024px) 100vw, 1024px\" \/><\/a><figcaption class=\"wp-element-caption\">Album by Daniel Beaujoin<\/figcaption><\/figure>\n\n\n\n<figure class=\"wp-block-image size-full\"><a href=\"https:\/\/centcols.org\/en\/util\/visuAlbum.php\/?album=01420-006\" target=\"_blank\" rel=\"noreferrer noopener\"><img loading=\"lazy\" decoding=\"async\" width=\"800\" height=\"600\" data-id=\"88883\" src=\"https:\/\/centcols.org\/wp-content\/uploads\/2012\/04\/LM204.jpg\" alt=\"\" class=\"wp-image-88883\" srcset=\"https:\/\/centcols.org\/wp-content\/uploads\/2012\/04\/LM204.jpg 800w, https:\/\/centcols.org\/wp-content\/uploads\/2012\/04\/LM204-768x576.jpg 768w\" sizes=\"auto, (max-width: 800px) 100vw, 800px\" \/><\/a><figcaption class=\"wp-element-caption\">Album by Guy Cambess\u00e8d\u00e8s<\/figcaption><\/figure>\n\n\n\n<figure class=\"wp-block-image size-full\"><a href=\"https:\/\/centcols.org\/en\/util\/visuAlbum.php\/?album=05193-004\" target=\"_blank\" rel=\"noreferrer noopener\"><img loading=\"lazy\" decoding=\"async\" width=\"1200\" height=\"675\" data-id=\"88884\" src=\"https:\/\/centcols.org\/wp-content\/uploads\/2012\/04\/L02028.jpg\" alt=\"\" class=\"wp-image-88884\" srcset=\"https:\/\/centcols.org\/wp-content\/uploads\/2012\/04\/L02028.jpg 1200w, https:\/\/centcols.org\/wp-content\/uploads\/2012\/04\/L02028-768x432.jpg 768w\" sizes=\"auto, (max-width: 1200px) 100vw, 1200px\" \/><\/a><figcaption class=\"wp-element-caption\">Album by Guy Harl\u00e9<\/figcaption><\/figure>\n\n\n\n<figure class=\"wp-block-image size-full\"><a href=\"https:\/\/centcols.org\/en\/util\/visuAlbum.php\/?album=676-1\" target=\"_blank\" rel=\"noreferrer noopener\"><img loading=\"lazy\" decoding=\"async\" width=\"600\" height=\"450\" data-id=\"88886\" src=\"https:\/\/centcols.org\/wp-content\/uploads\/2012\/04\/LM010.jpg\" alt=\"\" class=\"wp-image-88886\"\/><\/a><figcaption class=\"wp-element-caption\">Album by Alain S\u00e9venier<\/figcaption><\/figure>\n\n\n\n<figure class=\"wp-block-image size-full\"><a href=\"https:\/\/centcols.org\/en\/util\/visuAlbum.php\/?album=06862-004\" target=\"_blank\" rel=\"noreferrer noopener\"><img loading=\"lazy\" decoding=\"async\" width=\"640\" height=\"480\" data-id=\"88887\" src=\"https:\/\/centcols.org\/wp-content\/uploads\/2012\/04\/L03723-1.jpg\" alt=\"\" class=\"wp-image-88887\"\/><\/a><figcaption class=\"wp-element-caption\">Album by Philippe Marquet<\/figcaption><\/figure>\n\n\n\n<figure class=\"wp-block-image size-full\"><a href=\"https:\/\/centcols.org\/en\/util\/visuAlbum.php\/?album=06382-001\" target=\"_blank\" rel=\"noreferrer noopener\"><img loading=\"lazy\" decoding=\"async\" width=\"1200\" height=\"900\" data-id=\"88889\" src=\"https:\/\/centcols.org\/wp-content\/uploads\/2012\/04\/L03424-1.jpg\" alt=\"\" class=\"wp-image-88889\" srcset=\"https:\/\/centcols.org\/wp-content\/uploads\/2012\/04\/L03424-1.jpg 1200w, https:\/\/centcols.org\/wp-content\/uploads\/2012\/04\/L03424-1-768x576.jpg 768w\" sizes=\"auto, (max-width: 1200px) 100vw, 1200px\" \/><\/a><figcaption class=\"wp-element-caption\">Album by Marie-France Martin<\/figcaption><\/figure>\n\n\n\n<figure class=\"wp-block-image size-full\"><a href=\"https:\/\/centcols.org\/en\/util\/visuAlbum.php\/?album=06441-002\" target=\"_blank\" rel=\"noreferrer noopener\"><img loading=\"lazy\" decoding=\"async\" width=\"1200\" height=\"900\" data-id=\"88891\" src=\"https:\/\/centcols.org\/wp-content\/uploads\/2012\/04\/L020-2.jpg\" alt=\"\" class=\"wp-image-88891\" srcset=\"https:\/\/centcols.org\/wp-content\/uploads\/2012\/04\/L020-2.jpg 1200w, https:\/\/centcols.org\/wp-content\/uploads\/2012\/04\/L020-2-768x576.jpg 768w\" sizes=\"auto, (max-width: 1200px) 100vw, 1200px\" \/><\/a><figcaption class=\"wp-element-caption\">Album by Maryse Renaud<\/figcaption><\/figure>\n\n\n\n<figure class=\"wp-block-image size-full\"><a href=\"https:\/\/centcols.org\/en\/util\/visuAlbum.php\/?album=0-2\" target=\"_blank\" rel=\"noreferrer noopener\"><img loading=\"lazy\" decoding=\"async\" width=\"1200\" height=\"900\" data-id=\"88893\" src=\"https:\/\/centcols.org\/wp-content\/uploads\/2012\/04\/L00416-1.jpg\" alt=\"\" class=\"wp-image-88893\" srcset=\"https:\/\/centcols.org\/wp-content\/uploads\/2012\/04\/L00416-1.jpg 1200w, https:\/\/centcols.org\/wp-content\/uploads\/2012\/04\/L00416-1-768x576.jpg 768w\" sizes=\"auto, (max-width: 1200px) 100vw, 1200px\" \/><\/a><figcaption class=\"wp-element-caption\">Album by Maria Geenens-Vanderstraeten<\/figcaption><\/figure>\n\n\n\n<figure class=\"wp-block-image size-full\"><a href=\"https:\/\/centcols.org\/en\/util\/visuAlbum.php\/?album=0-1\" target=\"_blank\" rel=\"noreferrer noopener\"><img loading=\"lazy\" decoding=\"async\" width=\"1200\" height=\"797\" data-id=\"88894\" src=\"https:\/\/centcols.org\/wp-content\/uploads\/2012\/04\/L02827-1.jpg\" alt=\"\" class=\"wp-image-88894\" srcset=\"https:\/\/centcols.org\/wp-content\/uploads\/2012\/04\/L02827-1.jpg 1200w, https:\/\/centcols.org\/wp-content\/uploads\/2012\/04\/L02827-1-768x510.jpg 768w\" sizes=\"auto, (max-width: 1200px) 100vw, 1200px\" \/><\/a><figcaption class=\"wp-element-caption\">Christine Labour album<\/figcaption><\/figure>\n\n\n\n<figure class=\"wp-block-image size-full\"><a href=\"https:\/\/centcols.org\/en\/util\/visuAlbum.php\/?album=01202-002\" target=\"_blank\" rel=\"noreferrer noopener\"><img loading=\"lazy\" decoding=\"async\" width=\"1200\" height=\"800\" data-id=\"88896\" src=\"https:\/\/centcols.org\/wp-content\/uploads\/2012\/04\/L019-1-1.jpg\" alt=\"\" class=\"wp-image-88896\" srcset=\"https:\/\/centcols.org\/wp-content\/uploads\/2012\/04\/L019-1-1.jpg 1200w, https:\/\/centcols.org\/wp-content\/uploads\/2012\/04\/L019-1-1-768x512.jpg 768w\" sizes=\"auto, (max-width: 1200px) 100vw, 1200px\" \/><\/a><figcaption class=\"wp-element-caption\">Album by Didier Remond<\/figcaption><\/figure>\n<\/figure>\n\n\n\n<p><\/p>","protected":false},"excerpt":{"rendered":"<p>Les vid\u00e9os Voir la version courte (12&prime;) Voir la version longue (33&prime;) Les photos Voir les albums en bas de page Pr\u00e9sentation Ce sera le massif des Bauges, situ\u00e9 en Savoie et Haute-Savoie dans le berceau du Club des Cent Cols, qui nous accueillera cet \u00e9t\u00e9. Une pr\u00e9sentation des circuits sera disponible ult\u00e9rieurement sur le [&hellip;]<\/p>\n","protected":false},"author":3,"featured_media":80517,"comment_status":"closed","ping_status":"closed","sticky":false,"template":"","format":"standard","meta":{"_acf_changed":false,"footnotes":""},"categories":[349,367,373,135,419,231],"tags":[],"class_list":["post-80516","post","type-post","status-publish","format-standard","has-post-thumbnail","hentry","category-france-pays-sejours","category-auvergne-rhone-alpes-region-sejours","category-alpes-francaises-du-nord-massif-sejours","category-calendrier","category-73-savoie","category-sejours"],"acf":[],"yoast_head":"<!-- This site is optimized with the Yoast SEO plugin v27.2 - https:\/\/yoast.com\/product\/yoast-seo-wordpress\/ -->\n<title>Concentration internationale et 40\u00e8me anniversaire de la Confr\u00e9rie au col de Plainpalais le 4 ao\u00fbt Rassemblement \u00e0 Lescheraines (73) du 29 juillet au 5 ao\u00fbt 2012 - Club des Cent Cols<\/title>\n<meta name=\"robots\" content=\"index, follow, max-snippet:-1, max-image-preview:large, max-video-preview:-1\" \/>\n<link rel=\"canonical\" href=\"https:\/\/centcols.org\/en\/stay-2012-lescheraines\/\" \/>\n<meta property=\"og:locale\" content=\"en_GB\" \/>\n<meta property=\"og:type\" content=\"article\" \/>\n<meta property=\"og:title\" content=\"Concentration internationale et 40\u00e8me anniversaire de la Confr\u00e9rie au col de Plainpalais le 4 ao\u00fbt Rassemblement \u00e0 Lescheraines (73) du 29 juillet au 5 ao\u00fbt 2012 - Club des Cent Cols\" \/>\n<meta property=\"og:description\" content=\"Les vid\u00e9os Voir la version courte (12&prime;) Voir la version longue (33&prime;) Les photos Voir les albums en bas de page Pr\u00e9sentation Ce sera le massif des Bauges, situ\u00e9 en Savoie et Haute-Savoie dans le berceau du Club des Cent Cols, qui nous accueillera cet \u00e9t\u00e9. Une pr\u00e9sentation des circuits sera disponible ult\u00e9rieurement sur le [&hellip;]\" \/>\n<meta property=\"og:url\" content=\"https:\/\/centcols.org\/en\/stay-2012-lescheraines\/\" \/>\n<meta property=\"og:site_name\" content=\"Club des Cent Cols\" \/>\n<meta property=\"article:publisher\" content=\"https:\/\/www.facebook.com\/groups\/5261880558\/?locale=fr_FR\" \/>\n<meta property=\"article:published_time\" content=\"2012-04-23T08:11:11+00:00\" \/>\n<meta property=\"article:modified_time\" content=\"2025-09-02T07:43:27+00:00\" \/>\n<meta property=\"og:image\" content=\"https:\/\/centcols.org\/wp-content\/uploads\/2025\/05\/L04117-e1443708157118.jpg\" \/>\n\t<meta property=\"og:image:width\" content=\"640\" \/>\n\t<meta property=\"og:image:height\" content=\"480\" \/>\n\t<meta property=\"og:image:type\" content=\"image\/jpeg\" \/>\n<meta name=\"author\" content=\"Webmestre\" \/>\n<meta name=\"twitter:card\" content=\"summary_large_image\" \/>\n<meta name=\"twitter:label1\" content=\"Written by\" \/>\n\t<meta name=\"twitter:data1\" content=\"Webmestre\" \/>\n\t<meta name=\"twitter:label2\" content=\"Estimated reading time\" \/>\n\t<meta name=\"twitter:data2\" content=\"13 minutes\" \/>\n<script type=\"application\/ld+json\" class=\"yoast-schema-graph\">{\"@context\":\"https:\/\/schema.org\",\"@graph\":[{\"@type\":\"Article\",\"@id\":\"https:\/\/centcols.org\/sejour-2012-lescheraines\/#article\",\"isPartOf\":{\"@id\":\"https:\/\/centcols.org\/sejour-2012-lescheraines\/\"},\"author\":{\"name\":\"Webmestre\",\"@id\":\"https:\/\/centcols.org\/#\/schema\/person\/911b404fb133d8c913dd27cdcf71c8e5\"},\"headline\":\"Concentration internationale et 40\u00e8me anniversaire de la Confr\u00e9rie au col de Plainpalais le 4 ao\u00fbt Rassemblement \u00e0 Lescheraines (73) du 29 juillet au 5 ao\u00fbt 2012\",\"datePublished\":\"2012-04-23T08:11:11+00:00\",\"dateModified\":\"2025-09-02T07:43:27+00:00\",\"mainEntityOfPage\":{\"@id\":\"https:\/\/centcols.org\/sejour-2012-lescheraines\/\"},\"wordCount\":1821,\"publisher\":{\"@id\":\"https:\/\/centcols.org\/#organization\"},\"image\":{\"@id\":\"https:\/\/centcols.org\/sejour-2012-lescheraines\/#primaryimage\"},\"thumbnailUrl\":\"https:\/\/centcols.org\/wp-content\/uploads\/2025\/05\/L04117-e1443708157118.jpg\",\"articleSection\":[\"France\",\"Auvergne-Rh\u00f4ne-Alpes\",\"Alpes fran\u00e7aises du Nord\",\"Calendrier\",\"73-Savoie\",\"S\u00e9jours du Club des Cent Cols\"],\"inLanguage\":\"en-GB\"},{\"@type\":\"WebPage\",\"@id\":\"https:\/\/centcols.org\/sejour-2012-lescheraines\/\",\"url\":\"https:\/\/centcols.org\/sejour-2012-lescheraines\/\",\"name\":\"Concentration internationale et 40\u00e8me anniversaire de la Confr\u00e9rie au col de Plainpalais le 4 ao\u00fbt Rassemblement \u00e0 Lescheraines (73) du 29 juillet au 5 ao\u00fbt 2012 - Club des Cent Cols\",\"isPartOf\":{\"@id\":\"https:\/\/centcols.org\/#website\"},\"primaryImageOfPage\":{\"@id\":\"https:\/\/centcols.org\/sejour-2012-lescheraines\/#primaryimage\"},\"image\":{\"@id\":\"https:\/\/centcols.org\/sejour-2012-lescheraines\/#primaryimage\"},\"thumbnailUrl\":\"https:\/\/centcols.org\/wp-content\/uploads\/2025\/05\/L04117-e1443708157118.jpg\",\"datePublished\":\"2012-04-23T08:11:11+00:00\",\"dateModified\":\"2025-09-02T07:43:27+00:00\",\"breadcrumb\":{\"@id\":\"https:\/\/centcols.org\/sejour-2012-lescheraines\/#breadcrumb\"},\"inLanguage\":\"en-GB\",\"potentialAction\":[{\"@type\":\"ReadAction\",\"target\":[\"https:\/\/centcols.org\/sejour-2012-lescheraines\/\"]}]},{\"@type\":\"ImageObject\",\"inLanguage\":\"en-GB\",\"@id\":\"https:\/\/centcols.org\/sejour-2012-lescheraines\/#primaryimage\",\"url\":\"https:\/\/centcols.org\/wp-content\/uploads\/2025\/05\/L04117-e1443708157118.jpg\",\"contentUrl\":\"https:\/\/centcols.org\/wp-content\/uploads\/2025\/05\/L04117-e1443708157118.jpg\",\"width\":640,\"height\":480},{\"@type\":\"BreadcrumbList\",\"@id\":\"https:\/\/centcols.org\/sejour-2012-lescheraines\/#breadcrumb\",\"itemListElement\":[{\"@type\":\"ListItem\",\"position\":1,\"name\":\"Accueil\",\"item\":\"https:\/\/centcols.org\/\"},{\"@type\":\"ListItem\",\"position\":2,\"name\":\"S\u00e9jours du Club des Cent Cols\",\"item\":\"https:\/\/centcols.org\/rubrique\/sejours\/\"},{\"@type\":\"ListItem\",\"position\":3,\"name\":\"Pays\",\"item\":\"https:\/\/centcols.org\/rubrique\/sejours\/pays-sejours\/\"},{\"@type\":\"ListItem\",\"position\":4,\"name\":\"France\",\"item\":\"https:\/\/centcols.org\/rubrique\/sejours\/pays-sejours\/france-pays-sejours\/\"},{\"@type\":\"ListItem\",\"position\":5,\"name\":\"Concentration internationale et 40\u00e8me anniversaire de la Confr\u00e9rie au col de Plainpalais le 4 ao\u00fbt Rassemblement \u00e0 Lescheraines (73) du 29 juillet au 5 ao\u00fbt 2012\"}]},{\"@type\":\"WebSite\",\"@id\":\"https:\/\/centcols.org\/#website\",\"url\":\"https:\/\/centcols.org\/\",\"name\":\"Club des Cent Cols\",\"description\":\"\",\"publisher\":{\"@id\":\"https:\/\/centcols.org\/#organization\"},\"potentialAction\":[{\"@type\":\"SearchAction\",\"target\":{\"@type\":\"EntryPoint\",\"urlTemplate\":\"https:\/\/centcols.org\/?s={search_term_string}\"},\"query-input\":{\"@type\":\"PropertyValueSpecification\",\"valueRequired\":true,\"valueName\":\"search_term_string\"}}],\"inLanguage\":\"en-GB\"},{\"@type\":\"Organization\",\"@id\":\"https:\/\/centcols.org\/#organization\",\"name\":\"Club des Cent Cols\",\"url\":\"https:\/\/centcols.org\/\",\"logo\":{\"@type\":\"ImageObject\",\"inLanguage\":\"en-GB\",\"@id\":\"https:\/\/centcols.org\/#\/schema\/logo\/image\/\",\"url\":\"https:\/\/centcols.org\/wp-content\/uploads\/2025\/01\/carte-icone.png\",\"contentUrl\":\"https:\/\/centcols.org\/wp-content\/uploads\/2025\/01\/carte-icone.png\",\"width\":250,\"height\":250,\"caption\":\"Club des Cent Cols\"},\"image\":{\"@id\":\"https:\/\/centcols.org\/#\/schema\/logo\/image\/\"},\"sameAs\":[\"https:\/\/www.facebook.com\/groups\/5261880558\/?locale=fr_FR\"]},{\"@type\":\"Person\",\"@id\":\"https:\/\/centcols.org\/#\/schema\/person\/911b404fb133d8c913dd27cdcf71c8e5\",\"name\":\"Webmestre\",\"image\":{\"@type\":\"ImageObject\",\"inLanguage\":\"en-GB\",\"@id\":\"https:\/\/centcols.org\/wp-content\/litespeed\/avatar\/2d246e4b6b4f773e08515e1ffc53690b.jpg?ver=1777222892\",\"url\":\"https:\/\/centcols.org\/wp-content\/litespeed\/avatar\/2d246e4b6b4f773e08515e1ffc53690b.jpg?ver=1777222892\",\"contentUrl\":\"https:\/\/centcols.org\/wp-content\/litespeed\/avatar\/2d246e4b6b4f773e08515e1ffc53690b.jpg?ver=1777222892\",\"caption\":\"Webmestre\"},\"url\":\"https:\/\/centcols.org\/en\/author\/webmestre\/\"}]}<\/script>\n<!-- \/ Yoast SEO plugin. -->","yoast_head_json":{"title":"International concentration and 40th anniversary of the Confr\u00e9rie at the Col de Plainpalais on 4 August Gathering at Lescheraines (73) from 29 July to 5 August 2012 - Club des Cent Cols","robots":{"index":"index","follow":"follow","max-snippet":"max-snippet:-1","max-image-preview":"max-image-preview:large","max-video-preview":"max-video-preview:-1"},"canonical":"https:\/\/centcols.org\/en\/stay-2012-lescheraines\/","og_locale":"en_GB","og_type":"article","og_title":"Concentration internationale et 40\u00e8me anniversaire de la Confr\u00e9rie au col de Plainpalais le 4 ao\u00fbt Rassemblement \u00e0 Lescheraines (73) du 29 juillet au 5 ao\u00fbt 2012 - Club des Cent Cols","og_description":"Les vid\u00e9os Voir la version courte (12&prime;) Voir la version longue (33&prime;) Les photos Voir les albums en bas de page Pr\u00e9sentation Ce sera le massif des Bauges, situ\u00e9 en Savoie et Haute-Savoie dans le berceau du Club des Cent Cols, qui nous accueillera cet \u00e9t\u00e9. Une pr\u00e9sentation des circuits sera disponible ult\u00e9rieurement sur le [&hellip;]","og_url":"https:\/\/centcols.org\/en\/stay-2012-lescheraines\/","og_site_name":"Club des Cent Cols","article_publisher":"https:\/\/www.facebook.com\/groups\/5261880558\/?locale=fr_FR","article_published_time":"2012-04-23T08:11:11+00:00","article_modified_time":"2025-09-02T07:43:27+00:00","og_image":[{"width":640,"height":480,"url":"https:\/\/centcols.org\/wp-content\/uploads\/2025\/05\/L04117-e1443708157118.jpg","type":"image\/jpeg"}],"author":"Webmestre","twitter_card":"summary_large_image","twitter_misc":{"Written by":"Webmestre","Estimated reading time":"13 minutes"},"schema":{"@context":"https:\/\/schema.org","@graph":[{"@type":"Article","@id":"https:\/\/centcols.org\/sejour-2012-lescheraines\/#article","isPartOf":{"@id":"https:\/\/centcols.org\/sejour-2012-lescheraines\/"},"author":{"name":"Webmestre","@id":"https:\/\/centcols.org\/#\/schema\/person\/911b404fb133d8c913dd27cdcf71c8e5"},"headline":"Concentration internationale et 40\u00e8me anniversaire de la Confr\u00e9rie au col de Plainpalais le 4 ao\u00fbt Rassemblement \u00e0 Lescheraines (73) du 29 juillet au 5 ao\u00fbt 2012","datePublished":"2012-04-23T08:11:11+00:00","dateModified":"2025-09-02T07:43:27+00:00","mainEntityOfPage":{"@id":"https:\/\/centcols.org\/sejour-2012-lescheraines\/"},"wordCount":1821,"publisher":{"@id":"https:\/\/centcols.org\/#organization"},"image":{"@id":"https:\/\/centcols.org\/sejour-2012-lescheraines\/#primaryimage"},"thumbnailUrl":"https:\/\/centcols.org\/wp-content\/uploads\/2025\/05\/L04117-e1443708157118.jpg","articleSection":["France","Auvergne-Rh\u00f4ne-Alpes","Alpes fran\u00e7aises du Nord","Calendrier","73-Savoie","S\u00e9jours du Club des Cent Cols"],"inLanguage":"en-GB"},{"@type":"WebPage","@id":"https:\/\/centcols.org\/sejour-2012-lescheraines\/","url":"https:\/\/centcols.org\/sejour-2012-lescheraines\/","name":"International concentration and 40th anniversary of the Confr\u00e9rie at the Col de Plainpalais on 4 August Gathering at Lescheraines (73) from 29 July to 5 August 2012 - Club des Cent Cols","isPartOf":{"@id":"https:\/\/centcols.org\/#website"},"primaryImageOfPage":{"@id":"https:\/\/centcols.org\/sejour-2012-lescheraines\/#primaryimage"},"image":{"@id":"https:\/\/centcols.org\/sejour-2012-lescheraines\/#primaryimage"},"thumbnailUrl":"https:\/\/centcols.org\/wp-content\/uploads\/2025\/05\/L04117-e1443708157118.jpg","datePublished":"2012-04-23T08:11:11+00:00","dateModified":"2025-09-02T07:43:27+00:00","breadcrumb":{"@id":"https:\/\/centcols.org\/sejour-2012-lescheraines\/#breadcrumb"},"inLanguage":"en-GB","potentialAction":[{"@type":"ReadAction","target":["https:\/\/centcols.org\/sejour-2012-lescheraines\/"]}]},{"@type":"ImageObject","inLanguage":"en-GB","@id":"https:\/\/centcols.org\/sejour-2012-lescheraines\/#primaryimage","url":"https:\/\/centcols.org\/wp-content\/uploads\/2025\/05\/L04117-e1443708157118.jpg","contentUrl":"https:\/\/centcols.org\/wp-content\/uploads\/2025\/05\/L04117-e1443708157118.jpg","width":640,"height":480},{"@type":"BreadcrumbList","@id":"https:\/\/centcols.org\/sejour-2012-lescheraines\/#breadcrumb","itemListElement":[{"@type":"ListItem","position":1,"name":"Accueil","item":"https:\/\/centcols.org\/"},{"@type":"ListItem","position":2,"name":"S\u00e9jours du Club des Cent Cols","item":"https:\/\/centcols.org\/rubrique\/sejours\/"},{"@type":"ListItem","position":3,"name":"Pays","item":"https:\/\/centcols.org\/rubrique\/sejours\/pays-sejours\/"},{"@type":"ListItem","position":4,"name":"France","item":"https:\/\/centcols.org\/rubrique\/sejours\/pays-sejours\/france-pays-sejours\/"},{"@type":"ListItem","position":5,"name":"Concentration internationale et 40\u00e8me anniversaire de la Confr\u00e9rie au col de Plainpalais le 4 ao\u00fbt Rassemblement \u00e0 Lescheraines (73) du 29 juillet au 5 ao\u00fbt 2012"}]},{"@type":"WebSite","@id":"https:\/\/centcols.org\/#website","url":"https:\/\/centcols.org\/","name":"Club des Cent Cols","description":"","publisher":{"@id":"https:\/\/centcols.org\/#organization"},"potentialAction":[{"@type":"SearchAction","target":{"@type":"EntryPoint","urlTemplate":"https:\/\/centcols.org\/?s={search_term_string}"},"query-input":{"@type":"PropertyValueSpecification","valueRequired":true,"valueName":"search_term_string"}}],"inLanguage":"en-GB"},{"@type":"Organization","@id":"https:\/\/centcols.org\/#organization","name":"Club des Cent Cols","url":"https:\/\/centcols.org\/","logo":{"@type":"ImageObject","inLanguage":"en-GB","@id":"https:\/\/centcols.org\/#\/schema\/logo\/image\/","url":"https:\/\/centcols.org\/wp-content\/uploads\/2025\/01\/carte-icone.png","contentUrl":"https:\/\/centcols.org\/wp-content\/uploads\/2025\/01\/carte-icone.png","width":250,"height":250,"caption":"Club des Cent Cols"},"image":{"@id":"https:\/\/centcols.org\/#\/schema\/logo\/image\/"},"sameAs":["https:\/\/www.facebook.com\/groups\/5261880558\/?locale=fr_FR"]},{"@type":"Person","@id":"https:\/\/centcols.org\/#\/schema\/person\/911b404fb133d8c913dd27cdcf71c8e5","name":"Webmaster","image":{"@type":"ImageObject","inLanguage":"en-GB","@id":"https:\/\/centcols.org\/wp-content\/litespeed\/avatar\/2d246e4b6b4f773e08515e1ffc53690b.jpg?ver=1777222892","url":"https:\/\/centcols.org\/wp-content\/litespeed\/avatar\/2d246e4b6b4f773e08515e1ffc53690b.jpg?ver=1777222892","contentUrl":"https:\/\/centcols.org\/wp-content\/litespeed\/avatar\/2d246e4b6b4f773e08515e1ffc53690b.jpg?ver=1777222892","caption":"Webmestre"},"url":"https:\/\/centcols.org\/en\/author\/webmestre\/"}]}},"_links":{"self":[{"href":"https:\/\/centcols.org\/en\/wp-json\/wp\/v2\/posts\/80516","targetHints":{"allow":["GET"]}}],"collection":[{"href":"https:\/\/centcols.org\/en\/wp-json\/wp\/v2\/posts"}],"about":[{"href":"https:\/\/centcols.org\/en\/wp-json\/wp\/v2\/types\/post"}],"author":[{"embeddable":true,"href":"https:\/\/centcols.org\/en\/wp-json\/wp\/v2\/users\/3"}],"replies":[{"embeddable":true,"href":"https:\/\/centcols.org\/en\/wp-json\/wp\/v2\/comments?post=80516"}],"version-history":[{"count":0,"href":"https:\/\/centcols.org\/en\/wp-json\/wp\/v2\/posts\/80516\/revisions"}],"wp:featuredmedia":[{"embeddable":true,"href":"https:\/\/centcols.org\/en\/wp-json\/wp\/v2\/media\/80517"}],"wp:attachment":[{"href":"https:\/\/centcols.org\/en\/wp-json\/wp\/v2\/media?parent=80516"}],"wp:term":[{"taxonomy":"category","embeddable":true,"href":"https:\/\/centcols.org\/en\/wp-json\/wp\/v2\/categories?post=80516"},{"taxonomy":"post_tag","embeddable":true,"href":"https:\/\/centcols.org\/en\/wp-json\/wp\/v2\/tags?post=80516"}],"curies":[{"name":"wp","href":"https:\/\/api.w.org\/{rel}","templated":true}]}}