{"id":81248,"date":"2015-04-02T07:46:01","date_gmt":"2015-04-02T05:46:01","guid":{"rendered":"https:\/\/centcols.org\/raduno-italien-a-villafeletto-province-de-cuneo-du-31-mai-au-2-juin-2015\/"},"modified":"2025-06-05T16:23:00","modified_gmt":"2025-06-05T14:23:00","slug":"italian-raduno-in-villafeletto-province-of-cuneo-from-31-may-to-2-june-2015","status":"publish","type":"post","link":"https:\/\/centcols.org\/en\/raduno-italien-a-villafeletto-province-de-cuneo-du-31-mai-au-2-juin-2015\/","title":{"rendered":"Raduno Italiano in Villafeletto Province of Cuneo from 31 May to 2 June 2015"},"content":{"rendered":"<h2>Raduno Italiano domenica 31 maggio al 2 giugno 2015<\/h2>\n<p>Il raduno annuale del Club Cento Colli, sezione italiana, avr\u00e0 luogo a Villafalletto<br \/>\nLa cittadina \u00e8 situata al centro della provincia di Cuneo nella fertile pianura che si estende tra il capoluogo provinciale e gli importanti centri storico-culturali di Saluzzo, Fossano e Savigliano ed \u00e8 organizzato da Carlo Centanni\u00a0 [email]c&#46;&#x63;&#x65;n&#116;&#97;&#x6e;&#x6e;i&#64;&#x6c;&#x69;b&#101;&#114;&#x6f;&#x2e;i&#116;[\/email]<br \/>\nAi piedi del Monviso, splendida piramide di roccia chiamata localmente \u201cRe di Pietra\u201d, numerosi itinerari ciclabili solcano e scavalcano i fianchi delle selvagge valli poste ai confini dell\u2019Alta Provenza francese<br \/>\nIl raduno sar\u00e0 articolato nei giorni dal 31 maggio al 2 giugno del 2015. Per i tre giorni dell\u2019appuntamento saranno previsti itinerari in MTB e bici da strada.<br \/>\nPer gli accompagnatori non ciclisti sono previste, su richiesta, visite nei siti medioevali dei dintorni.Sar\u00e0 inoltre possibile, sempre per gli accompagnatori, il noleggio di city-bike.<\/p>\n<h3>Hotel AGLI ALTENI<\/h3>\n<p>L&rsquo;indirizzo dell&rsquo;Hotel AGLI ALTENI che ci ospiter\u00e0 \u00e8\u00a0 Via Circonvallazione Est 18\/b &#8211; 12020 Villafalletto (CN) &#8211; Italia (circa 19 km da Cuneo)<\/p>\n<ul>\n<li>Telefono :003901711825165<\/li>\n<li>sito Web <a href=\"http:\/\/www.aglialteni.com\/\" target=\"_blank\">www.aglialteni.com<\/a><\/li>\n<li>indirizzo mail : [email]ho&#116;&#101;&#x6c;&#x72;&#x69;&#x73;to&#114;&#97;&#x6e;&#x74;&#x65;&#x40;ag&#108;&#105;&#97;&#x6c;&#x74;&#x65;&#x6e;i&#46;&#99;&#111;&#x6d;[\/email]<\/li>\n<\/ul>\n<p>E&rsquo; prevista una sala chiusa per le biciclette con possibilit\u00e0 di lavaggio delle stesse<br \/>\nL&rsquo;Hotel dispone di un ampio parcheggio esterno che potr\u00e0 essere usato anche dai camper<br \/>\nLa proposta per la mezza pensione \u00e8 di 55 euro a persona in camera singola, 45 euro a persona in camera doppia e 40 euro a persona in camera tripla<br \/>\nIl solo pernottamento con colazione \u00e8 di 40 euro in camera singola, 30 euro in camera doppia e 25 euro in camera tripla<br \/>\nIl ristorante oltre che alla carta propone men\u00f9 a prezzo fisso di 15 e 20 euro. E&rsquo; possibile avere un packet lunch a 12 euro<br \/>\nL&rsquo;Hotel dispone di connessione internet ADSL via cavo e WiFi. Una postazione internet point \u00e8 disponibile nella Hall.<br \/>\n<strong>Una cena di gruppo \u00e8 prevista per la domenica sera, ore 20 circa<\/strong><\/p>\n<p><strong>Le prenotazioni per il soggiorno si fanno direttamente all&rsquo;albergo con la preghiera di comunicare la propria partecipazione al soggiorno e alla cenza per mail a Carlo Centanni<\/strong><\/p>\n<p>Per ulteriori informazioni contattare Carlo Centanni all&rsquo;indirizzo mail : [email]&#99;&#x2e;&#x63;&#101;&#x6e;&#x74;a&#x6e;&#x6e;i&#64;&#x6c;i&#98;&#x65;r&#111;&#x2e;i&#116;[\/email]<\/p>\n<h2>Raduno Cent Cols Italie, du 31 mai au 2 juin 2015 (version fran\u00e7aise)<\/h2>\n<p>Le Raduno 2015 est organis\u00e9 par Carlo Centanni &#8211; CC 6313 &#8211; [email]&#x63;&#x2e;&#x63;&#x65;&#110;&#116;ann&#x69;&#x40;&#x6c;&#x69;&#98;&#101;ro&#46;&#x69;&#x74;[\/email] et\u00a0 aura lieu \u00e0 Villafelletto (CN)<br \/>\nLa petite ville est situ\u00e9e au centre de la province de Cuneo (Coni), dans la plaine fertile qui s\u2019\u00e9tend entre le chef-lieu et d\u2019importants centres culturels et historiques comme Saluzzo, Fossano et Savigliano.<br \/>\nAu pied du mont Viso, belle pyramide de roche appel\u00e9e \u00ab Re di pietra \u00bb, existent de nombreuses pistes cyclables qui parcourent les flancs des vall\u00e9es sauvages situ\u00e9es \u00e0 la fronti\u00e8re avec la Haute Provence fran\u00e7aise<br \/>\nLe Raduno aura lieu trois jours durant, du 31 mai au 2 juin 2015.<br \/>\nDes parcours VTT et routiers seront propos\u00e9s.<br \/>\nPour les accompagnateurs \u2018\u2019non-p\u00e9dalants\u2019\u2019, et sur demande, des visites peuvent \u00eatre organis\u00e9es sur les sites m\u00e9di\u00e9vaux et dans la r\u00e9gion environnante. Il est possible, \u00e9galement, de louer des \u00ab city-bikes \u00bb.<\/p>\n<h3>H\u00f4tel AGLI ALTENI<\/h3>\n<p>Via Circonvallazione Est 18\/b<br \/>\n12020 Villafelletto (CN) Italia (environ 19 km de Cuneo)<\/p>\n<ul>\n<li>Num\u00e9ro de t\u00e9l\u00e9phone : 003901711825165<\/li>\n<li>Site Web : <a href=\"http:\/\/www.aglialteni.com\/\" target=\"_blank\">www.aglialteni.com<\/a><\/li>\n<li>Adresse e-mail : [email]h&#111;&#116;&#x65;&#x6c;r&#105;&#115;&#x74;&#x6f;&#x72;a&#110;&#116;&#x65;&#x40;ag&#108;&#x69;&#x61;&#x6c;t&#101;&#110;&#x69;&#x2e;co&#109;[\/email]<\/li>\n<\/ul>\n<p>L&rsquo;H\u00f4tel dispose d&rsquo;une salle ferm\u00e9e pour les v\u00e9los avec la possibilit\u00e9 de les laver et d&rsquo;un grand parking pour garer les voitures ainsi que les camping-cars<br \/>\nDans les chambres il y a une connexion internet par c\u00e2ble et WiFi<br \/>\nL&rsquo;H\u00f4tel offre aussi une borne internet<\/p>\n<h3>Tarifs<\/h3>\n<p>Demi-pension : 55 euros par personne, en chambre individuelle, 45 euros en chambre double et 40 euros en chambre triple.<br \/>\nPour les personnes qui ne souhaitent seulement que la chambre avec petit-d\u00e9jeuner le prix par personne est 40 euros en chambre individuelle, 30 euros en chambre double et 25 euros en chambre triple.<br \/>\nLe restaurant propose des menus \u00e0 15 et 20 euros et \u00e0 la carte.<br \/>\nIl est possible demander un panier pique-nique \u00e0 12 euros.<br \/>\nUn d\u00eener pour l\u2019ensemble des particpants est pr\u00e9vu dimanche soir vers 20h<br \/>\nPour r\u00e9server vous pouvez t\u00e9l\u00e9phoner ou \u00e9crire directement \u00e0 l&rsquo;h\u00f4tel<\/p>\n<p><strong>Ne manquez pas d\u2019informer Carlo Centanni de votre participation<\/strong><\/p>\n<p>Pour tout renseignement compl\u00e9mentaire, vous pouvez vous adresser \u00e0 Carlo Centanni :\u00a0 [email]c&#46;centanni&#64;libero&#46;it[\/email]<\/p>\n","protected":false},"excerpt":{"rendered":"<p>Raduno Italiano domenica 31 maggio al 2 giugno 2015 Il raduno annuale del Club Cento Colli, sezione italiana, avr\u00e0 luogo a Villafalletto La cittadina \u00e8 situata al centro della provincia di Cuneo nella fertile pianura che si estende tra il capoluogo provinciale e gli importanti centri storico-culturali di Saluzzo, Fossano e Savigliano ed \u00e8 organizzato [&hellip;]<\/p>\n","protected":false},"author":2,"featured_media":81249,"comment_status":"closed","ping_status":"open","sticky":false,"template":"","format":"standard","meta":{"_acf_changed":false,"footnotes":""},"categories":[135,234,216],"tags":[],"class_list":["post-81248","post","type-post","status-publish","format-standard","has-post-thumbnail","hentry","category-calendrier","category-les-rassemblements-de-2015","category-rencontres-regionales"],"acf":[],"yoast_head":"<!-- This site is optimized with the Yoast SEO plugin v27.2 - https:\/\/yoast.com\/product\/yoast-seo-wordpress\/ -->\n<title>Raduno Italien \u00e0 Villafeletto Province de Cun\u00e9o du 31 mai au 2 juin 2015 - Club des Cent Cols<\/title>\n<meta name=\"robots\" content=\"index, follow, max-snippet:-1, max-image-preview:large, max-video-preview:-1\" \/>\n<link rel=\"canonical\" href=\"https:\/\/centcols.org\/en\/italian-raduno-in-villafeletto-province-of-cuneo-from-31-may-to-2-june-2015\/\" \/>\n<meta property=\"og:locale\" content=\"en_GB\" \/>\n<meta property=\"og:type\" content=\"article\" \/>\n<meta property=\"og:title\" content=\"Raduno Italien \u00e0 Villafeletto Province de Cun\u00e9o du 31 mai au 2 juin 2015 - Club des Cent Cols\" \/>\n<meta property=\"og:description\" content=\"Raduno Italiano domenica 31 maggio al 2 giugno 2015 Il raduno annuale del Club Cento Colli, sezione italiana, avr\u00e0 luogo a Villafalletto La cittadina \u00e8 situata al centro della provincia di Cuneo nella fertile pianura che si estende tra il capoluogo provinciale e gli importanti centri storico-culturali di Saluzzo, Fossano e Savigliano ed \u00e8 organizzato [&hellip;]\" \/>\n<meta property=\"og:url\" content=\"https:\/\/centcols.org\/en\/italian-raduno-in-villafeletto-province-of-cuneo-from-31-may-to-2-june-2015\/\" \/>\n<meta property=\"og:site_name\" content=\"Club des Cent Cols\" \/>\n<meta property=\"article:publisher\" content=\"https:\/\/www.facebook.com\/groups\/5261880558\/?locale=fr_FR\" \/>\n<meta property=\"article:published_time\" content=\"2015-04-02T05:46:01+00:00\" \/>\n<meta property=\"article:modified_time\" content=\"2025-06-05T14:23:00+00:00\" \/>\n<meta property=\"og:image\" content=\"https:\/\/centcols.org\/wp-content\/uploads\/2025\/05\/MTB-31-Maggio-Tab.jpg\" \/>\n\t<meta property=\"og:image:width\" content=\"615\" \/>\n\t<meta property=\"og:image:height\" content=\"513\" \/>\n\t<meta property=\"og:image:type\" content=\"image\/jpeg\" \/>\n<meta name=\"author\" content=\"fabien\" \/>\n<meta name=\"twitter:card\" content=\"summary_large_image\" \/>\n<meta name=\"twitter:label1\" content=\"Written by\" \/>\n\t<meta name=\"twitter:data1\" content=\"fabien\" \/>\n\t<meta name=\"twitter:label2\" content=\"Estimated reading time\" \/>\n\t<meta name=\"twitter:data2\" content=\"4 minutes\" \/>\n<script type=\"application\/ld+json\" class=\"yoast-schema-graph\">{\"@context\":\"https:\/\/schema.org\",\"@graph\":[{\"@type\":\"Article\",\"@id\":\"https:\/\/centcols.org\/raduno-italien-a-villafeletto-province-de-cuneo-du-31-mai-au-2-juin-2015\/#article\",\"isPartOf\":{\"@id\":\"https:\/\/centcols.org\/raduno-italien-a-villafeletto-province-de-cuneo-du-31-mai-au-2-juin-2015\/\"},\"author\":{\"name\":\"fabien\",\"@id\":\"https:\/\/centcols.org\/#\/schema\/person\/fcdb31e57ffa95295c9683ffdda82afa\"},\"headline\":\"Raduno Italien \u00e0 Villafeletto Province de Cun\u00e9o du 31 mai au 2 juin 2015\",\"datePublished\":\"2015-04-02T05:46:01+00:00\",\"dateModified\":\"2025-06-05T14:23:00+00:00\",\"mainEntityOfPage\":{\"@id\":\"https:\/\/centcols.org\/raduno-italien-a-villafeletto-province-de-cuneo-du-31-mai-au-2-juin-2015\/\"},\"wordCount\":727,\"publisher\":{\"@id\":\"https:\/\/centcols.org\/#organization\"},\"image\":{\"@id\":\"https:\/\/centcols.org\/raduno-italien-a-villafeletto-province-de-cuneo-du-31-mai-au-2-juin-2015\/#primaryimage\"},\"thumbnailUrl\":\"https:\/\/centcols.org\/wp-content\/uploads\/2025\/05\/MTB-31-Maggio-Tab.jpg\",\"articleSection\":[\"Calendrier\",\"2015-rassemblements\",\"Rencontres r\u00e9gionales\"],\"inLanguage\":\"en-GB\"},{\"@type\":\"WebPage\",\"@id\":\"https:\/\/centcols.org\/raduno-italien-a-villafeletto-province-de-cuneo-du-31-mai-au-2-juin-2015\/\",\"url\":\"https:\/\/centcols.org\/raduno-italien-a-villafeletto-province-de-cuneo-du-31-mai-au-2-juin-2015\/\",\"name\":\"Raduno Italien \u00e0 Villafeletto Province de Cun\u00e9o du 31 mai au 2 juin 2015 - Club des Cent Cols\",\"isPartOf\":{\"@id\":\"https:\/\/centcols.org\/#website\"},\"primaryImageOfPage\":{\"@id\":\"https:\/\/centcols.org\/raduno-italien-a-villafeletto-province-de-cuneo-du-31-mai-au-2-juin-2015\/#primaryimage\"},\"image\":{\"@id\":\"https:\/\/centcols.org\/raduno-italien-a-villafeletto-province-de-cuneo-du-31-mai-au-2-juin-2015\/#primaryimage\"},\"thumbnailUrl\":\"https:\/\/centcols.org\/wp-content\/uploads\/2025\/05\/MTB-31-Maggio-Tab.jpg\",\"datePublished\":\"2015-04-02T05:46:01+00:00\",\"dateModified\":\"2025-06-05T14:23:00+00:00\",\"breadcrumb\":{\"@id\":\"https:\/\/centcols.org\/raduno-italien-a-villafeletto-province-de-cuneo-du-31-mai-au-2-juin-2015\/#breadcrumb\"},\"inLanguage\":\"en-GB\",\"potentialAction\":[{\"@type\":\"ReadAction\",\"target\":[\"https:\/\/centcols.org\/raduno-italien-a-villafeletto-province-de-cuneo-du-31-mai-au-2-juin-2015\/\"]}]},{\"@type\":\"ImageObject\",\"inLanguage\":\"en-GB\",\"@id\":\"https:\/\/centcols.org\/raduno-italien-a-villafeletto-province-de-cuneo-du-31-mai-au-2-juin-2015\/#primaryimage\",\"url\":\"https:\/\/centcols.org\/wp-content\/uploads\/2025\/05\/MTB-31-Maggio-Tab.jpg\",\"contentUrl\":\"https:\/\/centcols.org\/wp-content\/uploads\/2025\/05\/MTB-31-Maggio-Tab.jpg\",\"width\":615,\"height\":513},{\"@type\":\"BreadcrumbList\",\"@id\":\"https:\/\/centcols.org\/raduno-italien-a-villafeletto-province-de-cuneo-du-31-mai-au-2-juin-2015\/#breadcrumb\",\"itemListElement\":[{\"@type\":\"ListItem\",\"position\":1,\"name\":\"Accueil\",\"item\":\"https:\/\/centcols.org\/\"},{\"@type\":\"ListItem\",\"position\":2,\"name\":\"Calendrier\",\"item\":\"https:\/\/centcols.org\/rubrique\/calendrier\/\"},{\"@type\":\"ListItem\",\"position\":3,\"name\":\"Raduno Italien \u00e0 Villafeletto Province de Cun\u00e9o du 31 mai au 2 juin 2015\"}]},{\"@type\":\"WebSite\",\"@id\":\"https:\/\/centcols.org\/#website\",\"url\":\"https:\/\/centcols.org\/\",\"name\":\"Club des Cent Cols\",\"description\":\"\",\"publisher\":{\"@id\":\"https:\/\/centcols.org\/#organization\"},\"potentialAction\":[{\"@type\":\"SearchAction\",\"target\":{\"@type\":\"EntryPoint\",\"urlTemplate\":\"https:\/\/centcols.org\/?s={search_term_string}\"},\"query-input\":{\"@type\":\"PropertyValueSpecification\",\"valueRequired\":true,\"valueName\":\"search_term_string\"}}],\"inLanguage\":\"en-GB\"},{\"@type\":\"Organization\",\"@id\":\"https:\/\/centcols.org\/#organization\",\"name\":\"Club des Cent Cols\",\"url\":\"https:\/\/centcols.org\/\",\"logo\":{\"@type\":\"ImageObject\",\"inLanguage\":\"en-GB\",\"@id\":\"https:\/\/centcols.org\/#\/schema\/logo\/image\/\",\"url\":\"https:\/\/centcols.org\/wp-content\/uploads\/2025\/01\/carte-icone.png\",\"contentUrl\":\"https:\/\/centcols.org\/wp-content\/uploads\/2025\/01\/carte-icone.png\",\"width\":250,\"height\":250,\"caption\":\"Club des Cent Cols\"},\"image\":{\"@id\":\"https:\/\/centcols.org\/#\/schema\/logo\/image\/\"},\"sameAs\":[\"https:\/\/www.facebook.com\/groups\/5261880558\/?locale=fr_FR\"]},{\"@type\":\"Person\",\"@id\":\"https:\/\/centcols.org\/#\/schema\/person\/fcdb31e57ffa95295c9683ffdda82afa\",\"name\":\"fabien\",\"image\":{\"@type\":\"ImageObject\",\"inLanguage\":\"en-GB\",\"@id\":\"https:\/\/centcols.org\/wp-content\/litespeed\/avatar\/9065528d4c1ba02f0faf2b7616b2a195.jpg?ver=1777225983\",\"url\":\"https:\/\/centcols.org\/wp-content\/litespeed\/avatar\/9065528d4c1ba02f0faf2b7616b2a195.jpg?ver=1777225983\",\"contentUrl\":\"https:\/\/centcols.org\/wp-content\/litespeed\/avatar\/9065528d4c1ba02f0faf2b7616b2a195.jpg?ver=1777225983\",\"caption\":\"fabien\"},\"url\":\"https:\/\/centcols.org\/en\/author\/fabien\/\"}]}<\/script>\n<!-- \/ Yoast SEO plugin. -->","yoast_head_json":{"title":"Italian Raduno in Villafeletto Province of Cuneo from 31 May to 2 June 2015 - Club des Cent Cols","robots":{"index":"index","follow":"follow","max-snippet":"max-snippet:-1","max-image-preview":"max-image-preview:large","max-video-preview":"max-video-preview:-1"},"canonical":"https:\/\/centcols.org\/en\/italian-raduno-in-villafeletto-province-of-cuneo-from-31-may-to-2-june-2015\/","og_locale":"en_GB","og_type":"article","og_title":"Raduno Italien \u00e0 Villafeletto Province de Cun\u00e9o du 31 mai au 2 juin 2015 - Club des Cent Cols","og_description":"Raduno Italiano domenica 31 maggio al 2 giugno 2015 Il raduno annuale del Club Cento Colli, sezione italiana, avr\u00e0 luogo a Villafalletto La cittadina \u00e8 situata al centro della provincia di Cuneo nella fertile pianura che si estende tra il capoluogo provinciale e gli importanti centri storico-culturali di Saluzzo, Fossano e Savigliano ed \u00e8 organizzato [&hellip;]","og_url":"https:\/\/centcols.org\/en\/italian-raduno-in-villafeletto-province-of-cuneo-from-31-may-to-2-june-2015\/","og_site_name":"Club des Cent Cols","article_publisher":"https:\/\/www.facebook.com\/groups\/5261880558\/?locale=fr_FR","article_published_time":"2015-04-02T05:46:01+00:00","article_modified_time":"2025-06-05T14:23:00+00:00","og_image":[{"width":615,"height":513,"url":"https:\/\/centcols.org\/wp-content\/uploads\/2025\/05\/MTB-31-Maggio-Tab.jpg","type":"image\/jpeg"}],"author":"fabien","twitter_card":"summary_large_image","twitter_misc":{"Written by":"fabien","Estimated reading time":"4 minutes"},"schema":{"@context":"https:\/\/schema.org","@graph":[{"@type":"Article","@id":"https:\/\/centcols.org\/raduno-italien-a-villafeletto-province-de-cuneo-du-31-mai-au-2-juin-2015\/#article","isPartOf":{"@id":"https:\/\/centcols.org\/raduno-italien-a-villafeletto-province-de-cuneo-du-31-mai-au-2-juin-2015\/"},"author":{"name":"fabien","@id":"https:\/\/centcols.org\/#\/schema\/person\/fcdb31e57ffa95295c9683ffdda82afa"},"headline":"Raduno Italien \u00e0 Villafeletto Province de Cun\u00e9o du 31 mai au 2 juin 2015","datePublished":"2015-04-02T05:46:01+00:00","dateModified":"2025-06-05T14:23:00+00:00","mainEntityOfPage":{"@id":"https:\/\/centcols.org\/raduno-italien-a-villafeletto-province-de-cuneo-du-31-mai-au-2-juin-2015\/"},"wordCount":727,"publisher":{"@id":"https:\/\/centcols.org\/#organization"},"image":{"@id":"https:\/\/centcols.org\/raduno-italien-a-villafeletto-province-de-cuneo-du-31-mai-au-2-juin-2015\/#primaryimage"},"thumbnailUrl":"https:\/\/centcols.org\/wp-content\/uploads\/2025\/05\/MTB-31-Maggio-Tab.jpg","articleSection":["Calendrier","2015-rassemblements","Rencontres r\u00e9gionales"],"inLanguage":"en-GB"},{"@type":"WebPage","@id":"https:\/\/centcols.org\/raduno-italien-a-villafeletto-province-de-cuneo-du-31-mai-au-2-juin-2015\/","url":"https:\/\/centcols.org\/raduno-italien-a-villafeletto-province-de-cuneo-du-31-mai-au-2-juin-2015\/","name":"Italian Raduno in Villafeletto Province of Cuneo from 31 May to 2 June 2015 - Club des Cent Cols","isPartOf":{"@id":"https:\/\/centcols.org\/#website"},"primaryImageOfPage":{"@id":"https:\/\/centcols.org\/raduno-italien-a-villafeletto-province-de-cuneo-du-31-mai-au-2-juin-2015\/#primaryimage"},"image":{"@id":"https:\/\/centcols.org\/raduno-italien-a-villafeletto-province-de-cuneo-du-31-mai-au-2-juin-2015\/#primaryimage"},"thumbnailUrl":"https:\/\/centcols.org\/wp-content\/uploads\/2025\/05\/MTB-31-Maggio-Tab.jpg","datePublished":"2015-04-02T05:46:01+00:00","dateModified":"2025-06-05T14:23:00+00:00","breadcrumb":{"@id":"https:\/\/centcols.org\/raduno-italien-a-villafeletto-province-de-cuneo-du-31-mai-au-2-juin-2015\/#breadcrumb"},"inLanguage":"en-GB","potentialAction":[{"@type":"ReadAction","target":["https:\/\/centcols.org\/raduno-italien-a-villafeletto-province-de-cuneo-du-31-mai-au-2-juin-2015\/"]}]},{"@type":"ImageObject","inLanguage":"en-GB","@id":"https:\/\/centcols.org\/raduno-italien-a-villafeletto-province-de-cuneo-du-31-mai-au-2-juin-2015\/#primaryimage","url":"https:\/\/centcols.org\/wp-content\/uploads\/2025\/05\/MTB-31-Maggio-Tab.jpg","contentUrl":"https:\/\/centcols.org\/wp-content\/uploads\/2025\/05\/MTB-31-Maggio-Tab.jpg","width":615,"height":513},{"@type":"BreadcrumbList","@id":"https:\/\/centcols.org\/raduno-italien-a-villafeletto-province-de-cuneo-du-31-mai-au-2-juin-2015\/#breadcrumb","itemListElement":[{"@type":"ListItem","position":1,"name":"Accueil","item":"https:\/\/centcols.org\/"},{"@type":"ListItem","position":2,"name":"Calendrier","item":"https:\/\/centcols.org\/rubrique\/calendrier\/"},{"@type":"ListItem","position":3,"name":"Raduno Italien \u00e0 Villafeletto Province de Cun\u00e9o du 31 mai au 2 juin 2015"}]},{"@type":"WebSite","@id":"https:\/\/centcols.org\/#website","url":"https:\/\/centcols.org\/","name":"Club des Cent Cols","description":"","publisher":{"@id":"https:\/\/centcols.org\/#organization"},"potentialAction":[{"@type":"SearchAction","target":{"@type":"EntryPoint","urlTemplate":"https:\/\/centcols.org\/?s={search_term_string}"},"query-input":{"@type":"PropertyValueSpecification","valueRequired":true,"valueName":"search_term_string"}}],"inLanguage":"en-GB"},{"@type":"Organization","@id":"https:\/\/centcols.org\/#organization","name":"Club des Cent Cols","url":"https:\/\/centcols.org\/","logo":{"@type":"ImageObject","inLanguage":"en-GB","@id":"https:\/\/centcols.org\/#\/schema\/logo\/image\/","url":"https:\/\/centcols.org\/wp-content\/uploads\/2025\/01\/carte-icone.png","contentUrl":"https:\/\/centcols.org\/wp-content\/uploads\/2025\/01\/carte-icone.png","width":250,"height":250,"caption":"Club des Cent Cols"},"image":{"@id":"https:\/\/centcols.org\/#\/schema\/logo\/image\/"},"sameAs":["https:\/\/www.facebook.com\/groups\/5261880558\/?locale=fr_FR"]},{"@type":"Person","@id":"https:\/\/centcols.org\/#\/schema\/person\/fcdb31e57ffa95295c9683ffdda82afa","name":"fabien","image":{"@type":"ImageObject","inLanguage":"en-GB","@id":"https:\/\/centcols.org\/wp-content\/litespeed\/avatar\/9065528d4c1ba02f0faf2b7616b2a195.jpg?ver=1777225983","url":"https:\/\/centcols.org\/wp-content\/litespeed\/avatar\/9065528d4c1ba02f0faf2b7616b2a195.jpg?ver=1777225983","contentUrl":"https:\/\/centcols.org\/wp-content\/litespeed\/avatar\/9065528d4c1ba02f0faf2b7616b2a195.jpg?ver=1777225983","caption":"fabien"},"url":"https:\/\/centcols.org\/en\/author\/fabien\/"}]}},"_links":{"self":[{"href":"https:\/\/centcols.org\/en\/wp-json\/wp\/v2\/posts\/81248","targetHints":{"allow":["GET"]}}],"collection":[{"href":"https:\/\/centcols.org\/en\/wp-json\/wp\/v2\/posts"}],"about":[{"href":"https:\/\/centcols.org\/en\/wp-json\/wp\/v2\/types\/post"}],"author":[{"embeddable":true,"href":"https:\/\/centcols.org\/en\/wp-json\/wp\/v2\/users\/2"}],"replies":[{"embeddable":true,"href":"https:\/\/centcols.org\/en\/wp-json\/wp\/v2\/comments?post=81248"}],"version-history":[{"count":0,"href":"https:\/\/centcols.org\/en\/wp-json\/wp\/v2\/posts\/81248\/revisions"}],"wp:featuredmedia":[{"embeddable":true,"href":"https:\/\/centcols.org\/en\/wp-json\/wp\/v2\/media\/81249"}],"wp:attachment":[{"href":"https:\/\/centcols.org\/en\/wp-json\/wp\/v2\/media?parent=81248"}],"wp:term":[{"taxonomy":"category","embeddable":true,"href":"https:\/\/centcols.org\/en\/wp-json\/wp\/v2\/categories?post=81248"},{"taxonomy":"post_tag","embeddable":true,"href":"https:\/\/centcols.org\/en\/wp-json\/wp\/v2\/tags?post=81248"}],"curies":[{"name":"wp","href":"https:\/\/api.w.org\/{rel}","templated":true}]}}